{"id":4473,"date":"2010-04-13T12:05:50","date_gmt":"2010-04-13T09:05:50","guid":{"rendered":"http:\/\/localhost\/wordpress\/2010\/04\/13\/etnik-jazz-formunda-sarkilarin-basarili-yorumcusu-senem-diyici-ve-sarkilari\/"},"modified":"2010-04-13T12:05:50","modified_gmt":"2010-04-13T09:05:50","slug":"etnik-jazz-formunda-sarkilarin-basarili-yorumcusu-senem-diyici-ve-sarkilari","status":"publish","type":"post","link":"https:\/\/narteks.net\/index.php\/2010\/04\/13\/etnik-jazz-formunda-sarkilarin-basarili-yorumcusu-senem-diyici-ve-sarkilari\/","title":{"rendered":"Etnik-jazz formunda \u015fark\u0131lar\u0131n ba\u015far\u0131l\u0131 yorumcusu | Senem Diyici ve \u015fark\u0131lar\u0131"},"content":{"rendered":"<p style=\"text-align: justify;\"><img loading=\"lazy\" decoding=\"async\" src=\"images\/stories\/senemdiyici.jpg\" border=\"0\" width=\"155\" height=\"205\" style=\"float: left;\" \/>Senem Diyici, 1953 istanbul do\u011fumlu. m\u00fczi\u011fe 6 ya\u015f\u0131nda, trt \u00e7ocuk korosu&#8217;nda ba\u015flad\u0131. emin ongan ve feridun darbaz&#8217;dan t\u00fcrk m\u00fczi\u011fi dersleri ald\u0131. 1981&#8217;te fransa&#8217;ya yerle\u015fti. suluboya resimler yaparak hayat\u0131n\u0131 kazand\u0131, bu arada m\u00fczik \u00e7al\u0131\u015fmalar\u0131na ba\u015flad\u0131. hollandal\u0131 gitarc\u0131 alain blesing&#8217;le ya\u015fam\u0131n\u0131 birle\u015ftirip, senem diyici quartet&#8217;i kurdu. grubun 1990&#8217;da yay\u0131mlanan ilk alb\u00fcm\u00fc &#8216;takalar&#8217; fransa&#8217;da b\u00fcy\u00fck ilgi g\u00f6rd\u00fc. &#8216;jest&#8217; ve &#8216;divan&#8217;la dinleyici kitlesini geni\u015fleten diyici&#8217;nin cd&#8217;leri, france soir, liberation, nouvel observateur gibi yay\u0131nlar\u0131n ele\u015ftirmenlerince \u00f6vg\u00fcyle kar\u015f\u0131land\u0131. \u015fark\u0131c\u0131, avrupa&#8217;da y\u0131lda ortalama 40 konser veriyor.<br \/>1992 y\u0131l\u0131nda bir caz festivali s\u0131ras\u0131nda ellerinde opera d\u00fcrb\u00fcn\u00fc ile kendisini s\u00fczen bir grup protokol konu\u011funun, kendisine: \u2018\u2018bunlar\u0131 biliyoruz, bize ba\u015fka \u015feyler s\u00f6yle\u2019\u2019 \u015feklinde seslenmesine \u2018\u2018rahats\u0131zsan\u0131z kap\u0131 bu tarafta, \u00e7\u0131kabilirsiniz\u2019\u2019 c\u00fcmlesiyle cevap verdi\u011fi i\u00e7in 2001 y\u0131l\u0131na kadar t\u00fcrkiye&#8217;deki t\u00fcm organizasyonlardan d\u0131\u015flanm\u0131\u015f m\u00fcthi\u015f bir sese sahip ve sesini enstruman gibiymi\u015f\u00e7esine kullanabilen bir m\u00fczisyendir.<\/p>\n<p>Alb\u00fcmleri :<\/p>\n<p style=\"text-align: justify;\">\u201c Takalar \u201d (1989), \u201c Jest \u201d (1992), \u201c Divan \u201d (1995), \u201c Tell me Trabizon \u201d (1998), \u201c Morceaux Choisis\u201d (2000), \u201cZ\u0131p \u00c7\u0131kt\u0131 \u201c (2003), \u201c Live! \u201d (2005). DVD 4 Tet Paris (07)\u2019d\u0131r.<\/p>\n<p><!--more--><\/p>\n<p>\u00a0<\/p>\n<p>\n<object width=\"400\" height=\"300\" data=\"http:\/\/www.humyo.com\/E\/10422871-281475396095371\/10422871-281475396095987\/10422871-281475396096861\/10422871-281475396097791\/10422871-281475396098657\/10422871-281475396099931\/10422871-281475396099105\/10422871-281475396100069\/10422871-281475396100523\/10422871-281475396101177\/10422871-281475396102021\/10422871-281475396103125\/10422871-281475396104383\/10422871-281475396105863\/10422871-281475396106381\/10422871-281475396106645\/10422871-281475396108235\/10422871-281475396109135?a=SfH4D_Sg-Xo%2C9RtQ89y8Sng%2Ce8rPwRTWwoo%2CMN4xkpw-FE0%2CXnVutmjbaNg%2CjUA8Ic9i8Ek%2CkhgI8AJXQFI%2CjUgZz_NDiDE%2CV5jInY-02rY%2CgYtwB3jv6Ng%2C42cKrcYYBKo%2CCDPz6Y8bLX4%2CKCGbrVn3j4k%2CALR5Ih6DwG4%2C-YLy_AZg_zY%2CyiUG8J_tEvA%2COcd-6xzye6M%2CBirmHGtMFQc\" type=\"application\/x-shockwave-flash\"><param name=\"flashvars\" value=\"autostart=true&amp;usefullscreen=true&amp;\" \/><param name=\"src\" value=\"http:\/\/www.humyo.com\/E\/10422871-281475396095371\/10422871-281475396095987\/10422871-281475396096861\/10422871-281475396097791\/10422871-281475396098657\/10422871-281475396099931\/10422871-281475396099105\/10422871-281475396100069\/10422871-281475396100523\/10422871-281475396101177\/10422871-281475396102021\/10422871-281475396103125\/10422871-281475396104383\/10422871-281475396105863\/10422871-281475396106381\/10422871-281475396106645\/10422871-281475396108235\/10422871-281475396109135?a=SfH4D_Sg-Xo%2C9RtQ89y8Sng%2Ce8rPwRTWwoo%2CMN4xkpw-FE0%2CXnVutmjbaNg%2CjUA8Ic9i8Ek%2CkhgI8AJXQFI%2CjUgZz_NDiDE%2CV5jInY-02rY%2CgYtwB3jv6Ng%2C42cKrcYYBKo%2CCDPz6Y8bLX4%2CKCGbrVn3j4k%2CALR5Ih6DwG4%2C-YLy_AZg_zY%2CyiUG8J_tEvA%2COcd-6xzye6M%2CBirmHGtMFQc\" \/><param name=\"allowfullscreen\" value=\"true\" \/><\/object><\/p>\n","protected":false},"excerpt":{"rendered":"<p>Senem Diyici, 1953 istanbul do\u011fumlu. m\u00fczi\u011fe 6 ya\u015f\u0131nda, trt \u00e7ocuk korosu&#8217;nda ba\u015flad\u0131. emin ongan ve feridun darbaz&#8217;dan t\u00fcrk m\u00fczi\u011fi dersleri ald\u0131. 1981&#8217;te fransa&#8217;ya yerle\u015fti. suluboya resimler yaparak hayat\u0131n\u0131 kazand\u0131, bu arada m\u00fczik \u00e7al\u0131\u015fmalar\u0131na ba\u015flad\u0131. hollandal\u0131 gitarc\u0131 alain blesing&#8217;le ya\u015fam\u0131n\u0131 birle\u015ftirip, senem diyici quartet&#8217;i kurdu. grubun 1990&#8217;da yay\u0131mlanan ilk alb\u00fcm\u00fc &#8216;takalar&#8217; fransa&#8217;da b\u00fcy\u00fck ilgi g\u00f6rd\u00fc. &#8216;jest&#8217; [&hellip;]<\/p>\n","protected":false},"author":1,"featured_media":0,"comment_status":"open","ping_status":"open","sticky":false,"template":"","format":"standard","meta":{"footnotes":""},"categories":[100],"tags":[],"class_list":{"0":"post-4473","1":"post","2":"type-post","3":"status-publish","4":"format-standard","6":"category-muzisyenler"},"yoast_head":"<!-- This site is optimized with the Yoast SEO Premium plugin v24.9 (Yoast SEO v24.9) - https:\/\/yoast.com\/wordpress\/plugins\/seo\/ -->\n<title>Etnik-jazz formunda \u015fark\u0131lar\u0131n ba\u015far\u0131l\u0131 yorumcusu | Senem Diyici ve \u015fark\u0131lar\u0131 - narteks.net<\/title>\n<meta name=\"robots\" content=\"index, follow, max-snippet:-1, max-image-preview:large, max-video-preview:-1\" \/>\n<link rel=\"canonical\" href=\"https:\/\/narteks.net\/index.php\/2010\/04\/13\/etnik-jazz-formunda-sarkilarin-basarili-yorumcusu-senem-diyici-ve-sarkilari\/\" \/>\n<meta property=\"og:locale\" content=\"tr_TR\" \/>\n<meta property=\"og:type\" content=\"article\" \/>\n<meta property=\"og:title\" content=\"Etnik-jazz formunda \u015fark\u0131lar\u0131n ba\u015far\u0131l\u0131 yorumcusu | Senem Diyici ve \u015fark\u0131lar\u0131\" \/>\n<meta property=\"og:description\" content=\"Senem Diyici, 1953 istanbul do\u011fumlu. m\u00fczi\u011fe 6 ya\u015f\u0131nda, trt \u00e7ocuk korosu&#8217;nda ba\u015flad\u0131. emin ongan ve feridun darbaz&#8217;dan t\u00fcrk m\u00fczi\u011fi dersleri ald\u0131. 1981&#8217;te fransa&#8217;ya yerle\u015fti. suluboya resimler yaparak hayat\u0131n\u0131 kazand\u0131, bu arada m\u00fczik \u00e7al\u0131\u015fmalar\u0131na ba\u015flad\u0131. hollandal\u0131 gitarc\u0131 alain blesing&#8217;le ya\u015fam\u0131n\u0131 birle\u015ftirip, senem diyici quartet&#8217;i kurdu. grubun 1990&#8217;da yay\u0131mlanan ilk alb\u00fcm\u00fc &#8216;takalar&#8217; fransa&#8217;da b\u00fcy\u00fck ilgi g\u00f6rd\u00fc. &#8216;jest&#8217; [&hellip;]\" \/>\n<meta property=\"og:url\" content=\"https:\/\/narteks.net\/index.php\/2010\/04\/13\/etnik-jazz-formunda-sarkilarin-basarili-yorumcusu-senem-diyici-ve-sarkilari\/\" \/>\n<meta property=\"og:site_name\" content=\"narteks.net\" \/>\n<meta property=\"article:published_time\" content=\"2010-04-13T09:05:50+00:00\" \/>\n<meta property=\"og:image\" content=\"https:\/\/narteks.net\/wp-content\/uploads\/narteks.png\" \/>\n\t<meta property=\"og:image:width\" content=\"300\" \/>\n\t<meta property=\"og:image:height\" content=\"90\" \/>\n\t<meta property=\"og:image:type\" content=\"image\/png\" \/>\n<meta name=\"author\" content=\"Tar\u0131k\" \/>\n<meta name=\"twitter:card\" content=\"summary_large_image\" \/>\n<meta name=\"twitter:creator\" content=\"@narteks\" \/>\n<meta name=\"twitter:site\" content=\"@narteks\" \/>\n<meta name=\"twitter:label1\" content=\"Yazan:\" \/>\n\t<meta name=\"twitter:data1\" content=\"Tar\u0131k\" \/>\n\t<meta name=\"twitter:label2\" content=\"Tahmini okuma s\u00fcresi\" \/>\n\t<meta name=\"twitter:data2\" content=\"1 dakika\" \/>\n<script type=\"application\/ld+json\" class=\"yoast-schema-graph\">{\"@context\":\"https:\/\/schema.org\",\"@graph\":[{\"@type\":\"Article\",\"@id\":\"https:\/\/narteks.net\/index.php\/2010\/04\/13\/etnik-jazz-formunda-sarkilarin-basarili-yorumcusu-senem-diyici-ve-sarkilari\/#article\",\"isPartOf\":{\"@id\":\"https:\/\/narteks.net\/index.php\/2010\/04\/13\/etnik-jazz-formunda-sarkilarin-basarili-yorumcusu-senem-diyici-ve-sarkilari\/\"},\"author\":{\"name\":\"Tar\u0131k\",\"@id\":\"https:\/\/narteks.net\/#\/schema\/person\/61f37d9834294b72d31d274e7ed79bca\"},\"headline\":\"Etnik-jazz formunda \u015fark\u0131lar\u0131n ba\u015far\u0131l\u0131 yorumcusu | Senem Diyici ve \u015fark\u0131lar\u0131\",\"datePublished\":\"2010-04-13T09:05:50+00:00\",\"mainEntityOfPage\":{\"@id\":\"https:\/\/narteks.net\/index.php\/2010\/04\/13\/etnik-jazz-formunda-sarkilarin-basarili-yorumcusu-senem-diyici-ve-sarkilari\/\"},\"wordCount\":212,\"commentCount\":0,\"publisher\":{\"@id\":\"https:\/\/narteks.net\/#organization\"},\"articleSection\":[\"M\u00fczisyenler\"],\"inLanguage\":\"tr\",\"potentialAction\":[{\"@type\":\"CommentAction\",\"name\":\"Comment\",\"target\":[\"https:\/\/narteks.net\/index.php\/2010\/04\/13\/etnik-jazz-formunda-sarkilarin-basarili-yorumcusu-senem-diyici-ve-sarkilari\/#respond\"]}]},{\"@type\":\"WebPage\",\"@id\":\"https:\/\/narteks.net\/index.php\/2010\/04\/13\/etnik-jazz-formunda-sarkilarin-basarili-yorumcusu-senem-diyici-ve-sarkilari\/\",\"url\":\"https:\/\/narteks.net\/index.php\/2010\/04\/13\/etnik-jazz-formunda-sarkilarin-basarili-yorumcusu-senem-diyici-ve-sarkilari\/\",\"name\":\"Etnik-jazz formunda \u015fark\u0131lar\u0131n ba\u015far\u0131l\u0131 yorumcusu | Senem Diyici ve \u015fark\u0131lar\u0131 - narteks.net\",\"isPartOf\":{\"@id\":\"https:\/\/narteks.net\/#website\"},\"datePublished\":\"2010-04-13T09:05:50+00:00\",\"breadcrumb\":{\"@id\":\"https:\/\/narteks.net\/index.php\/2010\/04\/13\/etnik-jazz-formunda-sarkilarin-basarili-yorumcusu-senem-diyici-ve-sarkilari\/#breadcrumb\"},\"inLanguage\":\"tr\",\"potentialAction\":[{\"@type\":\"ReadAction\",\"target\":[\"https:\/\/narteks.net\/index.php\/2010\/04\/13\/etnik-jazz-formunda-sarkilarin-basarili-yorumcusu-senem-diyici-ve-sarkilari\/\"]}]},{\"@type\":\"BreadcrumbList\",\"@id\":\"https:\/\/narteks.net\/index.php\/2010\/04\/13\/etnik-jazz-formunda-sarkilarin-basarili-yorumcusu-senem-diyici-ve-sarkilari\/#breadcrumb\",\"itemListElement\":[{\"@type\":\"ListItem\",\"position\":1,\"name\":\"Anasayfa\",\"item\":\"https:\/\/narteks.net\/\"},{\"@type\":\"ListItem\",\"position\":2,\"name\":\"Etnik-jazz formunda \u015fark\u0131lar\u0131n ba\u015far\u0131l\u0131 yorumcusu | Senem Diyici ve \u015fark\u0131lar\u0131\"}]},{\"@type\":\"WebSite\",\"@id\":\"https:\/\/narteks.net\/#website\",\"url\":\"https:\/\/narteks.net\/\",\"name\":\"narteks.net\",\"description\":\"K\u00fclt\u00fcr Sanat Edebiyat Felsefe\",\"publisher\":{\"@id\":\"https:\/\/narteks.net\/#organization\"},\"alternateName\":\"K\u00fclt\u00fcr Sanat Edebiyat Felsefe\",\"potentialAction\":[{\"@type\":\"SearchAction\",\"target\":{\"@type\":\"EntryPoint\",\"urlTemplate\":\"https:\/\/narteks.net\/?s={search_term_string}\"},\"query-input\":{\"@type\":\"PropertyValueSpecification\",\"valueRequired\":true,\"valueName\":\"search_term_string\"}}],\"inLanguage\":\"tr\"},{\"@type\":\"Organization\",\"@id\":\"https:\/\/narteks.net\/#organization\",\"name\":\"narteks.net\",\"url\":\"https:\/\/narteks.net\/\",\"logo\":{\"@type\":\"ImageObject\",\"inLanguage\":\"tr\",\"@id\":\"https:\/\/narteks.net\/#\/schema\/logo\/image\/\",\"url\":\"https:\/\/narteks.net\/wp-content\/uploads\/narteks.png\",\"contentUrl\":\"https:\/\/narteks.net\/wp-content\/uploads\/narteks.png\",\"width\":300,\"height\":90,\"caption\":\"narteks.net\"},\"image\":{\"@id\":\"https:\/\/narteks.net\/#\/schema\/logo\/image\/\"},\"sameAs\":[\"https:\/\/x.com\/narteks\",\"https:\/\/instagram.com\/narteksnet\"]},{\"@type\":\"Person\",\"@id\":\"https:\/\/narteks.net\/#\/schema\/person\/61f37d9834294b72d31d274e7ed79bca\",\"name\":\"Tar\u0131k\",\"image\":{\"@type\":\"ImageObject\",\"inLanguage\":\"tr\",\"@id\":\"https:\/\/narteks.net\/#\/schema\/person\/image\/\",\"url\":\"https:\/\/secure.gravatar.com\/avatar\/50865afb55632c4ae467e0af0930f6510aa2297d8014be502a55b14f3b7550cf?s=96&d=mm&r=g\",\"contentUrl\":\"https:\/\/secure.gravatar.com\/avatar\/50865afb55632c4ae467e0af0930f6510aa2297d8014be502a55b14f3b7550cf?s=96&d=mm&r=g\",\"caption\":\"Tar\u0131k\"},\"sameAs\":[\"http:\/\/narteks.net\"],\"url\":\"https:\/\/narteks.net\/index.php\/author\/narbak\/\"}]}<\/script>\n<!-- \/ Yoast SEO Premium plugin. -->","yoast_head_json":{"title":"Etnik-jazz formunda \u015fark\u0131lar\u0131n ba\u015far\u0131l\u0131 yorumcusu | Senem Diyici ve \u015fark\u0131lar\u0131 - narteks.net","robots":{"index":"index","follow":"follow","max-snippet":"max-snippet:-1","max-image-preview":"max-image-preview:large","max-video-preview":"max-video-preview:-1"},"canonical":"https:\/\/narteks.net\/index.php\/2010\/04\/13\/etnik-jazz-formunda-sarkilarin-basarili-yorumcusu-senem-diyici-ve-sarkilari\/","og_locale":"tr_TR","og_type":"article","og_title":"Etnik-jazz formunda \u015fark\u0131lar\u0131n ba\u015far\u0131l\u0131 yorumcusu | Senem Diyici ve \u015fark\u0131lar\u0131","og_description":"Senem Diyici, 1953 istanbul do\u011fumlu. m\u00fczi\u011fe 6 ya\u015f\u0131nda, trt \u00e7ocuk korosu&#8217;nda ba\u015flad\u0131. emin ongan ve feridun darbaz&#8217;dan t\u00fcrk m\u00fczi\u011fi dersleri ald\u0131. 1981&#8217;te fransa&#8217;ya yerle\u015fti. suluboya resimler yaparak hayat\u0131n\u0131 kazand\u0131, bu arada m\u00fczik \u00e7al\u0131\u015fmalar\u0131na ba\u015flad\u0131. hollandal\u0131 gitarc\u0131 alain blesing&#8217;le ya\u015fam\u0131n\u0131 birle\u015ftirip, senem diyici quartet&#8217;i kurdu. grubun 1990&#8217;da yay\u0131mlanan ilk alb\u00fcm\u00fc &#8216;takalar&#8217; fransa&#8217;da b\u00fcy\u00fck ilgi g\u00f6rd\u00fc. &#8216;jest&#8217; [&hellip;]","og_url":"https:\/\/narteks.net\/index.php\/2010\/04\/13\/etnik-jazz-formunda-sarkilarin-basarili-yorumcusu-senem-diyici-ve-sarkilari\/","og_site_name":"narteks.net","article_published_time":"2010-04-13T09:05:50+00:00","og_image":[{"width":300,"height":90,"url":"https:\/\/narteks.net\/wp-content\/uploads\/narteks.png","type":"image\/png"}],"author":"Tar\u0131k","twitter_card":"summary_large_image","twitter_creator":"@narteks","twitter_site":"@narteks","twitter_misc":{"Yazan:":"Tar\u0131k","Tahmini okuma s\u00fcresi":"1 dakika"},"schema":{"@context":"https:\/\/schema.org","@graph":[{"@type":"Article","@id":"https:\/\/narteks.net\/index.php\/2010\/04\/13\/etnik-jazz-formunda-sarkilarin-basarili-yorumcusu-senem-diyici-ve-sarkilari\/#article","isPartOf":{"@id":"https:\/\/narteks.net\/index.php\/2010\/04\/13\/etnik-jazz-formunda-sarkilarin-basarili-yorumcusu-senem-diyici-ve-sarkilari\/"},"author":{"name":"Tar\u0131k","@id":"https:\/\/narteks.net\/#\/schema\/person\/61f37d9834294b72d31d274e7ed79bca"},"headline":"Etnik-jazz formunda \u015fark\u0131lar\u0131n ba\u015far\u0131l\u0131 yorumcusu | Senem Diyici ve \u015fark\u0131lar\u0131","datePublished":"2010-04-13T09:05:50+00:00","mainEntityOfPage":{"@id":"https:\/\/narteks.net\/index.php\/2010\/04\/13\/etnik-jazz-formunda-sarkilarin-basarili-yorumcusu-senem-diyici-ve-sarkilari\/"},"wordCount":212,"commentCount":0,"publisher":{"@id":"https:\/\/narteks.net\/#organization"},"articleSection":["M\u00fczisyenler"],"inLanguage":"tr","potentialAction":[{"@type":"CommentAction","name":"Comment","target":["https:\/\/narteks.net\/index.php\/2010\/04\/13\/etnik-jazz-formunda-sarkilarin-basarili-yorumcusu-senem-diyici-ve-sarkilari\/#respond"]}]},{"@type":"WebPage","@id":"https:\/\/narteks.net\/index.php\/2010\/04\/13\/etnik-jazz-formunda-sarkilarin-basarili-yorumcusu-senem-diyici-ve-sarkilari\/","url":"https:\/\/narteks.net\/index.php\/2010\/04\/13\/etnik-jazz-formunda-sarkilarin-basarili-yorumcusu-senem-diyici-ve-sarkilari\/","name":"Etnik-jazz formunda \u015fark\u0131lar\u0131n ba\u015far\u0131l\u0131 yorumcusu | Senem Diyici ve \u015fark\u0131lar\u0131 - narteks.net","isPartOf":{"@id":"https:\/\/narteks.net\/#website"},"datePublished":"2010-04-13T09:05:50+00:00","breadcrumb":{"@id":"https:\/\/narteks.net\/index.php\/2010\/04\/13\/etnik-jazz-formunda-sarkilarin-basarili-yorumcusu-senem-diyici-ve-sarkilari\/#breadcrumb"},"inLanguage":"tr","potentialAction":[{"@type":"ReadAction","target":["https:\/\/narteks.net\/index.php\/2010\/04\/13\/etnik-jazz-formunda-sarkilarin-basarili-yorumcusu-senem-diyici-ve-sarkilari\/"]}]},{"@type":"BreadcrumbList","@id":"https:\/\/narteks.net\/index.php\/2010\/04\/13\/etnik-jazz-formunda-sarkilarin-basarili-yorumcusu-senem-diyici-ve-sarkilari\/#breadcrumb","itemListElement":[{"@type":"ListItem","position":1,"name":"Anasayfa","item":"https:\/\/narteks.net\/"},{"@type":"ListItem","position":2,"name":"Etnik-jazz formunda \u015fark\u0131lar\u0131n ba\u015far\u0131l\u0131 yorumcusu | Senem Diyici ve \u015fark\u0131lar\u0131"}]},{"@type":"WebSite","@id":"https:\/\/narteks.net\/#website","url":"https:\/\/narteks.net\/","name":"narteks.net","description":"K\u00fclt\u00fcr Sanat Edebiyat Felsefe","publisher":{"@id":"https:\/\/narteks.net\/#organization"},"alternateName":"K\u00fclt\u00fcr Sanat Edebiyat Felsefe","potentialAction":[{"@type":"SearchAction","target":{"@type":"EntryPoint","urlTemplate":"https:\/\/narteks.net\/?s={search_term_string}"},"query-input":{"@type":"PropertyValueSpecification","valueRequired":true,"valueName":"search_term_string"}}],"inLanguage":"tr"},{"@type":"Organization","@id":"https:\/\/narteks.net\/#organization","name":"narteks.net","url":"https:\/\/narteks.net\/","logo":{"@type":"ImageObject","inLanguage":"tr","@id":"https:\/\/narteks.net\/#\/schema\/logo\/image\/","url":"https:\/\/narteks.net\/wp-content\/uploads\/narteks.png","contentUrl":"https:\/\/narteks.net\/wp-content\/uploads\/narteks.png","width":300,"height":90,"caption":"narteks.net"},"image":{"@id":"https:\/\/narteks.net\/#\/schema\/logo\/image\/"},"sameAs":["https:\/\/x.com\/narteks","https:\/\/instagram.com\/narteksnet"]},{"@type":"Person","@id":"https:\/\/narteks.net\/#\/schema\/person\/61f37d9834294b72d31d274e7ed79bca","name":"Tar\u0131k","image":{"@type":"ImageObject","inLanguage":"tr","@id":"https:\/\/narteks.net\/#\/schema\/person\/image\/","url":"https:\/\/secure.gravatar.com\/avatar\/50865afb55632c4ae467e0af0930f6510aa2297d8014be502a55b14f3b7550cf?s=96&d=mm&r=g","contentUrl":"https:\/\/secure.gravatar.com\/avatar\/50865afb55632c4ae467e0af0930f6510aa2297d8014be502a55b14f3b7550cf?s=96&d=mm&r=g","caption":"Tar\u0131k"},"sameAs":["http:\/\/narteks.net"],"url":"https:\/\/narteks.net\/index.php\/author\/narbak\/"}]}},"_links":{"self":[{"href":"https:\/\/narteks.net\/index.php\/wp-json\/wp\/v2\/posts\/4473","targetHints":{"allow":["GET"]}}],"collection":[{"href":"https:\/\/narteks.net\/index.php\/wp-json\/wp\/v2\/posts"}],"about":[{"href":"https:\/\/narteks.net\/index.php\/wp-json\/wp\/v2\/types\/post"}],"author":[{"embeddable":true,"href":"https:\/\/narteks.net\/index.php\/wp-json\/wp\/v2\/users\/1"}],"replies":[{"embeddable":true,"href":"https:\/\/narteks.net\/index.php\/wp-json\/wp\/v2\/comments?post=4473"}],"version-history":[{"count":0,"href":"https:\/\/narteks.net\/index.php\/wp-json\/wp\/v2\/posts\/4473\/revisions"}],"wp:attachment":[{"href":"https:\/\/narteks.net\/index.php\/wp-json\/wp\/v2\/media?parent=4473"}],"wp:term":[{"taxonomy":"category","embeddable":true,"href":"https:\/\/narteks.net\/index.php\/wp-json\/wp\/v2\/categories?post=4473"},{"taxonomy":"post_tag","embeddable":true,"href":"https:\/\/narteks.net\/index.php\/wp-json\/wp\/v2\/tags?post=4473"}],"curies":[{"name":"wp","href":"https:\/\/api.w.org\/{rel}","templated":true}]}}