{"id":4475,"date":"2010-04-14T10:59:56","date_gmt":"2010-04-14T07:59:56","guid":{"rendered":"http:\/\/localhost\/wordpress\/2010\/04\/14\/ali-riza-binboga-ve-qyaramaz-cocukq1979-albumu-narteksnette\/"},"modified":"2010-04-14T10:59:56","modified_gmt":"2010-04-14T07:59:56","slug":"ali-riza-binboga-ve-qyaramaz-cocukq1979-albumu-narteksnette","status":"publish","type":"post","link":"https:\/\/narteks.net\/index.php\/2010\/04\/14\/ali-riza-binboga-ve-qyaramaz-cocukq1979-albumu-narteksnette\/","title":{"rendered":"Ali R\u0131za Binbo\u011fa ve &#8220;Yaramaz \u00c7ocuk&#8221;(1979) Alb\u00fcm\u00fc narteks.net&#8217;te"},"content":{"rendered":"<p style=\"text-align: justify;\"><img loading=\"lazy\" decoding=\"async\" src=\"images\/stories\/ali_riza_binboga.jpg\" border=\"0\" width=\"155\" height=\"205\" style=\"float: left;\" \/>Ali R\u0131za Binbo\u011fa, 1950 y\u0131l\u0131nda Kayseri\u2019de do\u011fdu. \u0130lkokul e\u011fitimini \u00d6rdekli K\u00f6y\u00fc\u2019nde tamamlad\u0131ktan sonra, orta e\u011fitimine paras\u0131z yat\u0131l\u0131 olarak Mimar Sinan \u0130lk \u00f6\u011fretmen Okulu\u2019nda devam etti. 3. s\u0131n\u0131ftan sonra Ankara \u0130lk\u00f6\u011fretmen Okulu M\u00fczik Semineri\u2019ne devam etti. \u0130stanbul Y\u00fcksek \u00d6\u011fretmen Okulu haz\u0131rl\u0131k s\u0131n\u0131f\u0131n\u0131 okudu. Y\u00fcksek \u00f6\u011frenimini, \u0130stanbul Teknik \u00dcniversitesi Elektrik Fak\u00fcltesi\u2019nde 1973\u2019te Elektronik Y\u00fcksek M\u00fchendisi olarak tamamlad\u0131.<\/p>\n<p>1975&#8217;deki ilk eurovision \u015farki yar\u0131\u015fmas\u0131 T\u00fcrkiye finaline hi\u00e7 bilinmeyen bir \u015fark\u0131c\u0131 olarak kat\u0131lm\u0131\u015f (elektrik muhendisi olarak \u00e7al\u0131\u015fmaktayd\u0131 o zamanlar), yar\u0131nlar ile halk oylamas\u0131nda birinci olmas\u0131na ra\u011fmen, jurinin oylar\u0131n\u0131n semiha yank\u0131&#8217;n\u0131n seninle bir dakika \u015fark\u0131s\u0131na gitmesi ile isve\u00e7&#8217;te yar\u0131\u015fma \u015fans\u0131 bulamam\u0131\u015ft\u0131r. 1987 y\u0131l\u0131nda MESAM\u2019a \u00fcye oldu. Bug\u00fcne kadar 5 alb\u00fcm, 6 adet 45\u2019lik plak \u00e7\u0131kard\u0131. 1999 y\u0131l\u0131ndan beri MESAM Y\u00f6netim Kurulu \u00dcyesi olan sanat\u00e7\u0131, evli ve 3 \u00e7ocuk babas\u0131d\u0131r.<\/p>\n<p><!--more--><\/p>\n<p>\u00a0<\/p>\n<p>\u00a0<\/p>\n<p><embed type=\"application\/x-shockwave-flash\" width=\"400\" height=\"300\" src=\"http:\/\/www.humyo.com\/E\/10422871-281475389585929\/10422871-281475389587433\/10422871-281475389589161\/10422871-281475389590569\/10422871-281475389591711\/10422871-281475389593141\/10422871-281475389594361\/10422871-281475389595169\/10422871-281475389596083\/10422871-281475389597389?a=ClFZ2OeAk0w%2CDXs_QiQV-To%2CxujJo1GntJc%2ClYlY7gYiS7c%2CYD3kou4SeOs%2CMnRqxAutdIM%2CAlXuAgmE4Fs%2COF8lxWNkpvs%2CF6Gu-jCpCyw%2CxpdygSR5Tag\" flashvars=\"autostart=true&amp;\"><\/embed><\/p>\n","protected":false},"excerpt":{"rendered":"<p>Ali R\u0131za Binbo\u011fa, 1950 y\u0131l\u0131nda Kayseri\u2019de do\u011fdu. \u0130lkokul e\u011fitimini \u00d6rdekli K\u00f6y\u00fc\u2019nde tamamlad\u0131ktan sonra, orta e\u011fitimine paras\u0131z yat\u0131l\u0131 olarak Mimar Sinan \u0130lk \u00f6\u011fretmen Okulu\u2019nda devam etti. 3. s\u0131n\u0131ftan sonra Ankara \u0130lk\u00f6\u011fretmen Okulu M\u00fczik Semineri\u2019ne devam etti. \u0130stanbul Y\u00fcksek \u00d6\u011fretmen Okulu haz\u0131rl\u0131k s\u0131n\u0131f\u0131n\u0131 okudu. Y\u00fcksek \u00f6\u011frenimini, \u0130stanbul Teknik \u00dcniversitesi Elektrik Fak\u00fcltesi\u2019nde 1973\u2019te Elektronik Y\u00fcksek M\u00fchendisi olarak tamamlad\u0131. [&hellip;]<\/p>\n","protected":false},"author":1,"featured_media":0,"comment_status":"open","ping_status":"open","sticky":false,"template":"","format":"standard","meta":{"footnotes":""},"categories":[100],"tags":[],"class_list":{"0":"post-4475","1":"post","2":"type-post","3":"status-publish","4":"format-standard","6":"category-muzisyenler"},"yoast_head":"<!-- This site is optimized with the Yoast SEO Premium plugin v24.9 (Yoast SEO v24.9) - https:\/\/yoast.com\/wordpress\/plugins\/seo\/ -->\n<title>Ali R\u0131za Binbo\u011fa ve &quot;Yaramaz \u00c7ocuk&quot;(1979) Alb\u00fcm\u00fc narteks.net&#039;te - narteks.net<\/title>\n<meta name=\"robots\" content=\"index, follow, max-snippet:-1, max-image-preview:large, max-video-preview:-1\" \/>\n<link rel=\"canonical\" href=\"https:\/\/narteks.net\/index.php\/2010\/04\/14\/ali-riza-binboga-ve-qyaramaz-cocukq1979-albumu-narteksnette\/\" \/>\n<meta property=\"og:locale\" content=\"tr_TR\" \/>\n<meta property=\"og:type\" content=\"article\" \/>\n<meta property=\"og:title\" content=\"Ali R\u0131za Binbo\u011fa ve &quot;Yaramaz \u00c7ocuk&quot;(1979) Alb\u00fcm\u00fc narteks.net&#039;te\" \/>\n<meta property=\"og:description\" content=\"Ali R\u0131za Binbo\u011fa, 1950 y\u0131l\u0131nda Kayseri\u2019de do\u011fdu. \u0130lkokul e\u011fitimini \u00d6rdekli K\u00f6y\u00fc\u2019nde tamamlad\u0131ktan sonra, orta e\u011fitimine paras\u0131z yat\u0131l\u0131 olarak Mimar Sinan \u0130lk \u00f6\u011fretmen Okulu\u2019nda devam etti. 3. s\u0131n\u0131ftan sonra Ankara \u0130lk\u00f6\u011fretmen Okulu M\u00fczik Semineri\u2019ne devam etti. \u0130stanbul Y\u00fcksek \u00d6\u011fretmen Okulu haz\u0131rl\u0131k s\u0131n\u0131f\u0131n\u0131 okudu. Y\u00fcksek \u00f6\u011frenimini, \u0130stanbul Teknik \u00dcniversitesi Elektrik Fak\u00fcltesi\u2019nde 1973\u2019te Elektronik Y\u00fcksek M\u00fchendisi olarak tamamlad\u0131. [&hellip;]\" \/>\n<meta property=\"og:url\" content=\"https:\/\/narteks.net\/index.php\/2010\/04\/14\/ali-riza-binboga-ve-qyaramaz-cocukq1979-albumu-narteksnette\/\" \/>\n<meta property=\"og:site_name\" content=\"narteks.net\" \/>\n<meta property=\"article:published_time\" content=\"2010-04-14T07:59:56+00:00\" \/>\n<meta property=\"og:image\" content=\"https:\/\/narteks.net\/wp-content\/uploads\/narteks.png\" \/>\n\t<meta property=\"og:image:width\" content=\"300\" \/>\n\t<meta property=\"og:image:height\" content=\"90\" \/>\n\t<meta property=\"og:image:type\" content=\"image\/png\" \/>\n<meta name=\"author\" content=\"Tar\u0131k\" \/>\n<meta name=\"twitter:card\" content=\"summary_large_image\" \/>\n<meta name=\"twitter:creator\" content=\"@narteks\" \/>\n<meta name=\"twitter:site\" content=\"@narteks\" \/>\n<meta name=\"twitter:label1\" content=\"Yazan:\" \/>\n\t<meta name=\"twitter:data1\" content=\"Tar\u0131k\" \/>\n\t<meta name=\"twitter:label2\" content=\"Tahmini okuma s\u00fcresi\" \/>\n\t<meta name=\"twitter:data2\" content=\"1 dakika\" \/>\n<script type=\"application\/ld+json\" class=\"yoast-schema-graph\">{\"@context\":\"https:\/\/schema.org\",\"@graph\":[{\"@type\":\"Article\",\"@id\":\"https:\/\/narteks.net\/index.php\/2010\/04\/14\/ali-riza-binboga-ve-qyaramaz-cocukq1979-albumu-narteksnette\/#article\",\"isPartOf\":{\"@id\":\"https:\/\/narteks.net\/index.php\/2010\/04\/14\/ali-riza-binboga-ve-qyaramaz-cocukq1979-albumu-narteksnette\/\"},\"author\":{\"name\":\"Tar\u0131k\",\"@id\":\"https:\/\/narteks.net\/#\/schema\/person\/61f37d9834294b72d31d274e7ed79bca\"},\"headline\":\"Ali R\u0131za Binbo\u011fa ve &#8220;Yaramaz \u00c7ocuk&#8221;(1979) Alb\u00fcm\u00fc narteks.net&#8217;te\",\"datePublished\":\"2010-04-14T07:59:56+00:00\",\"mainEntityOfPage\":{\"@id\":\"https:\/\/narteks.net\/index.php\/2010\/04\/14\/ali-riza-binboga-ve-qyaramaz-cocukq1979-albumu-narteksnette\/\"},\"wordCount\":187,\"commentCount\":0,\"publisher\":{\"@id\":\"https:\/\/narteks.net\/#organization\"},\"articleSection\":[\"M\u00fczisyenler\"],\"inLanguage\":\"tr\",\"potentialAction\":[{\"@type\":\"CommentAction\",\"name\":\"Comment\",\"target\":[\"https:\/\/narteks.net\/index.php\/2010\/04\/14\/ali-riza-binboga-ve-qyaramaz-cocukq1979-albumu-narteksnette\/#respond\"]}]},{\"@type\":\"WebPage\",\"@id\":\"https:\/\/narteks.net\/index.php\/2010\/04\/14\/ali-riza-binboga-ve-qyaramaz-cocukq1979-albumu-narteksnette\/\",\"url\":\"https:\/\/narteks.net\/index.php\/2010\/04\/14\/ali-riza-binboga-ve-qyaramaz-cocukq1979-albumu-narteksnette\/\",\"name\":\"Ali R\u0131za Binbo\u011fa ve \\\"Yaramaz \u00c7ocuk\\\"(1979) Alb\u00fcm\u00fc narteks.net'te - narteks.net\",\"isPartOf\":{\"@id\":\"https:\/\/narteks.net\/#website\"},\"datePublished\":\"2010-04-14T07:59:56+00:00\",\"breadcrumb\":{\"@id\":\"https:\/\/narteks.net\/index.php\/2010\/04\/14\/ali-riza-binboga-ve-qyaramaz-cocukq1979-albumu-narteksnette\/#breadcrumb\"},\"inLanguage\":\"tr\",\"potentialAction\":[{\"@type\":\"ReadAction\",\"target\":[\"https:\/\/narteks.net\/index.php\/2010\/04\/14\/ali-riza-binboga-ve-qyaramaz-cocukq1979-albumu-narteksnette\/\"]}]},{\"@type\":\"BreadcrumbList\",\"@id\":\"https:\/\/narteks.net\/index.php\/2010\/04\/14\/ali-riza-binboga-ve-qyaramaz-cocukq1979-albumu-narteksnette\/#breadcrumb\",\"itemListElement\":[{\"@type\":\"ListItem\",\"position\":1,\"name\":\"Anasayfa\",\"item\":\"https:\/\/narteks.net\/\"},{\"@type\":\"ListItem\",\"position\":2,\"name\":\"Ali R\u0131za Binbo\u011fa ve &#8220;Yaramaz \u00c7ocuk&#8221;(1979) Alb\u00fcm\u00fc narteks.net&#8217;te\"}]},{\"@type\":\"WebSite\",\"@id\":\"https:\/\/narteks.net\/#website\",\"url\":\"https:\/\/narteks.net\/\",\"name\":\"narteks.net\",\"description\":\"K\u00fclt\u00fcr Sanat Edebiyat Felsefe\",\"publisher\":{\"@id\":\"https:\/\/narteks.net\/#organization\"},\"alternateName\":\"K\u00fclt\u00fcr Sanat Edebiyat Felsefe\",\"potentialAction\":[{\"@type\":\"SearchAction\",\"target\":{\"@type\":\"EntryPoint\",\"urlTemplate\":\"https:\/\/narteks.net\/?s={search_term_string}\"},\"query-input\":{\"@type\":\"PropertyValueSpecification\",\"valueRequired\":true,\"valueName\":\"search_term_string\"}}],\"inLanguage\":\"tr\"},{\"@type\":\"Organization\",\"@id\":\"https:\/\/narteks.net\/#organization\",\"name\":\"narteks.net\",\"url\":\"https:\/\/narteks.net\/\",\"logo\":{\"@type\":\"ImageObject\",\"inLanguage\":\"tr\",\"@id\":\"https:\/\/narteks.net\/#\/schema\/logo\/image\/\",\"url\":\"https:\/\/narteks.net\/wp-content\/uploads\/narteks.png\",\"contentUrl\":\"https:\/\/narteks.net\/wp-content\/uploads\/narteks.png\",\"width\":300,\"height\":90,\"caption\":\"narteks.net\"},\"image\":{\"@id\":\"https:\/\/narteks.net\/#\/schema\/logo\/image\/\"},\"sameAs\":[\"https:\/\/x.com\/narteks\",\"https:\/\/instagram.com\/narteksnet\"]},{\"@type\":\"Person\",\"@id\":\"https:\/\/narteks.net\/#\/schema\/person\/61f37d9834294b72d31d274e7ed79bca\",\"name\":\"Tar\u0131k\",\"image\":{\"@type\":\"ImageObject\",\"inLanguage\":\"tr\",\"@id\":\"https:\/\/narteks.net\/#\/schema\/person\/image\/\",\"url\":\"https:\/\/secure.gravatar.com\/avatar\/50865afb55632c4ae467e0af0930f6510aa2297d8014be502a55b14f3b7550cf?s=96&d=mm&r=g\",\"contentUrl\":\"https:\/\/secure.gravatar.com\/avatar\/50865afb55632c4ae467e0af0930f6510aa2297d8014be502a55b14f3b7550cf?s=96&d=mm&r=g\",\"caption\":\"Tar\u0131k\"},\"sameAs\":[\"http:\/\/narteks.net\"],\"url\":\"https:\/\/narteks.net\/index.php\/author\/narbak\/\"}]}<\/script>\n<!-- \/ Yoast SEO Premium plugin. -->","yoast_head_json":{"title":"Ali R\u0131za Binbo\u011fa ve \"Yaramaz \u00c7ocuk\"(1979) Alb\u00fcm\u00fc narteks.net'te - narteks.net","robots":{"index":"index","follow":"follow","max-snippet":"max-snippet:-1","max-image-preview":"max-image-preview:large","max-video-preview":"max-video-preview:-1"},"canonical":"https:\/\/narteks.net\/index.php\/2010\/04\/14\/ali-riza-binboga-ve-qyaramaz-cocukq1979-albumu-narteksnette\/","og_locale":"tr_TR","og_type":"article","og_title":"Ali R\u0131za Binbo\u011fa ve \"Yaramaz \u00c7ocuk\"(1979) Alb\u00fcm\u00fc narteks.net'te","og_description":"Ali R\u0131za Binbo\u011fa, 1950 y\u0131l\u0131nda Kayseri\u2019de do\u011fdu. \u0130lkokul e\u011fitimini \u00d6rdekli K\u00f6y\u00fc\u2019nde tamamlad\u0131ktan sonra, orta e\u011fitimine paras\u0131z yat\u0131l\u0131 olarak Mimar Sinan \u0130lk \u00f6\u011fretmen Okulu\u2019nda devam etti. 3. s\u0131n\u0131ftan sonra Ankara \u0130lk\u00f6\u011fretmen Okulu M\u00fczik Semineri\u2019ne devam etti. \u0130stanbul Y\u00fcksek \u00d6\u011fretmen Okulu haz\u0131rl\u0131k s\u0131n\u0131f\u0131n\u0131 okudu. Y\u00fcksek \u00f6\u011frenimini, \u0130stanbul Teknik \u00dcniversitesi Elektrik Fak\u00fcltesi\u2019nde 1973\u2019te Elektronik Y\u00fcksek M\u00fchendisi olarak tamamlad\u0131. [&hellip;]","og_url":"https:\/\/narteks.net\/index.php\/2010\/04\/14\/ali-riza-binboga-ve-qyaramaz-cocukq1979-albumu-narteksnette\/","og_site_name":"narteks.net","article_published_time":"2010-04-14T07:59:56+00:00","og_image":[{"width":300,"height":90,"url":"https:\/\/narteks.net\/wp-content\/uploads\/narteks.png","type":"image\/png"}],"author":"Tar\u0131k","twitter_card":"summary_large_image","twitter_creator":"@narteks","twitter_site":"@narteks","twitter_misc":{"Yazan:":"Tar\u0131k","Tahmini okuma s\u00fcresi":"1 dakika"},"schema":{"@context":"https:\/\/schema.org","@graph":[{"@type":"Article","@id":"https:\/\/narteks.net\/index.php\/2010\/04\/14\/ali-riza-binboga-ve-qyaramaz-cocukq1979-albumu-narteksnette\/#article","isPartOf":{"@id":"https:\/\/narteks.net\/index.php\/2010\/04\/14\/ali-riza-binboga-ve-qyaramaz-cocukq1979-albumu-narteksnette\/"},"author":{"name":"Tar\u0131k","@id":"https:\/\/narteks.net\/#\/schema\/person\/61f37d9834294b72d31d274e7ed79bca"},"headline":"Ali R\u0131za Binbo\u011fa ve &#8220;Yaramaz \u00c7ocuk&#8221;(1979) Alb\u00fcm\u00fc narteks.net&#8217;te","datePublished":"2010-04-14T07:59:56+00:00","mainEntityOfPage":{"@id":"https:\/\/narteks.net\/index.php\/2010\/04\/14\/ali-riza-binboga-ve-qyaramaz-cocukq1979-albumu-narteksnette\/"},"wordCount":187,"commentCount":0,"publisher":{"@id":"https:\/\/narteks.net\/#organization"},"articleSection":["M\u00fczisyenler"],"inLanguage":"tr","potentialAction":[{"@type":"CommentAction","name":"Comment","target":["https:\/\/narteks.net\/index.php\/2010\/04\/14\/ali-riza-binboga-ve-qyaramaz-cocukq1979-albumu-narteksnette\/#respond"]}]},{"@type":"WebPage","@id":"https:\/\/narteks.net\/index.php\/2010\/04\/14\/ali-riza-binboga-ve-qyaramaz-cocukq1979-albumu-narteksnette\/","url":"https:\/\/narteks.net\/index.php\/2010\/04\/14\/ali-riza-binboga-ve-qyaramaz-cocukq1979-albumu-narteksnette\/","name":"Ali R\u0131za Binbo\u011fa ve \"Yaramaz \u00c7ocuk\"(1979) Alb\u00fcm\u00fc narteks.net'te - narteks.net","isPartOf":{"@id":"https:\/\/narteks.net\/#website"},"datePublished":"2010-04-14T07:59:56+00:00","breadcrumb":{"@id":"https:\/\/narteks.net\/index.php\/2010\/04\/14\/ali-riza-binboga-ve-qyaramaz-cocukq1979-albumu-narteksnette\/#breadcrumb"},"inLanguage":"tr","potentialAction":[{"@type":"ReadAction","target":["https:\/\/narteks.net\/index.php\/2010\/04\/14\/ali-riza-binboga-ve-qyaramaz-cocukq1979-albumu-narteksnette\/"]}]},{"@type":"BreadcrumbList","@id":"https:\/\/narteks.net\/index.php\/2010\/04\/14\/ali-riza-binboga-ve-qyaramaz-cocukq1979-albumu-narteksnette\/#breadcrumb","itemListElement":[{"@type":"ListItem","position":1,"name":"Anasayfa","item":"https:\/\/narteks.net\/"},{"@type":"ListItem","position":2,"name":"Ali R\u0131za Binbo\u011fa ve &#8220;Yaramaz \u00c7ocuk&#8221;(1979) Alb\u00fcm\u00fc narteks.net&#8217;te"}]},{"@type":"WebSite","@id":"https:\/\/narteks.net\/#website","url":"https:\/\/narteks.net\/","name":"narteks.net","description":"K\u00fclt\u00fcr Sanat Edebiyat Felsefe","publisher":{"@id":"https:\/\/narteks.net\/#organization"},"alternateName":"K\u00fclt\u00fcr Sanat Edebiyat Felsefe","potentialAction":[{"@type":"SearchAction","target":{"@type":"EntryPoint","urlTemplate":"https:\/\/narteks.net\/?s={search_term_string}"},"query-input":{"@type":"PropertyValueSpecification","valueRequired":true,"valueName":"search_term_string"}}],"inLanguage":"tr"},{"@type":"Organization","@id":"https:\/\/narteks.net\/#organization","name":"narteks.net","url":"https:\/\/narteks.net\/","logo":{"@type":"ImageObject","inLanguage":"tr","@id":"https:\/\/narteks.net\/#\/schema\/logo\/image\/","url":"https:\/\/narteks.net\/wp-content\/uploads\/narteks.png","contentUrl":"https:\/\/narteks.net\/wp-content\/uploads\/narteks.png","width":300,"height":90,"caption":"narteks.net"},"image":{"@id":"https:\/\/narteks.net\/#\/schema\/logo\/image\/"},"sameAs":["https:\/\/x.com\/narteks","https:\/\/instagram.com\/narteksnet"]},{"@type":"Person","@id":"https:\/\/narteks.net\/#\/schema\/person\/61f37d9834294b72d31d274e7ed79bca","name":"Tar\u0131k","image":{"@type":"ImageObject","inLanguage":"tr","@id":"https:\/\/narteks.net\/#\/schema\/person\/image\/","url":"https:\/\/secure.gravatar.com\/avatar\/50865afb55632c4ae467e0af0930f6510aa2297d8014be502a55b14f3b7550cf?s=96&d=mm&r=g","contentUrl":"https:\/\/secure.gravatar.com\/avatar\/50865afb55632c4ae467e0af0930f6510aa2297d8014be502a55b14f3b7550cf?s=96&d=mm&r=g","caption":"Tar\u0131k"},"sameAs":["http:\/\/narteks.net"],"url":"https:\/\/narteks.net\/index.php\/author\/narbak\/"}]}},"_links":{"self":[{"href":"https:\/\/narteks.net\/index.php\/wp-json\/wp\/v2\/posts\/4475","targetHints":{"allow":["GET"]}}],"collection":[{"href":"https:\/\/narteks.net\/index.php\/wp-json\/wp\/v2\/posts"}],"about":[{"href":"https:\/\/narteks.net\/index.php\/wp-json\/wp\/v2\/types\/post"}],"author":[{"embeddable":true,"href":"https:\/\/narteks.net\/index.php\/wp-json\/wp\/v2\/users\/1"}],"replies":[{"embeddable":true,"href":"https:\/\/narteks.net\/index.php\/wp-json\/wp\/v2\/comments?post=4475"}],"version-history":[{"count":0,"href":"https:\/\/narteks.net\/index.php\/wp-json\/wp\/v2\/posts\/4475\/revisions"}],"wp:attachment":[{"href":"https:\/\/narteks.net\/index.php\/wp-json\/wp\/v2\/media?parent=4475"}],"wp:term":[{"taxonomy":"category","embeddable":true,"href":"https:\/\/narteks.net\/index.php\/wp-json\/wp\/v2\/categories?post=4475"},{"taxonomy":"post_tag","embeddable":true,"href":"https:\/\/narteks.net\/index.php\/wp-json\/wp\/v2\/tags?post=4475"}],"curies":[{"name":"wp","href":"https:\/\/api.w.org\/{rel}","templated":true}]}}