{"id":4476,"date":"2010-04-14T14:37:28","date_gmt":"2010-04-14T11:37:28","guid":{"rendered":"http:\/\/localhost\/wordpress\/2010\/04\/14\/z-livaneli-bestelerinin-yunanca-yorumu-maria-farantouri\/"},"modified":"2010-04-14T14:37:28","modified_gmt":"2010-04-14T11:37:28","slug":"z-livaneli-bestelerinin-yunanca-yorumu-maria-farantouri","status":"publish","type":"post","link":"https:\/\/narteks.net\/index.php\/2010\/04\/14\/z-livaneli-bestelerinin-yunanca-yorumu-maria-farantouri\/","title":{"rendered":"Z. Livaneli bestelerinin yunanca yorumu | Maria Farantouri (\u039c\u03b1\u03c1\u03af\u03b1 \u03a6\u03b1\u03c1\u03b1\u03bd\u03c4\u03bf\u03cd\u03c1\u03b7)"},"content":{"rendered":"<p style=\"text-align: justify;\"><img loading=\"lazy\" decoding=\"async\" src=\"images\/stories\/mariaf.jpg\" border=\"0\" width=\"155\" height=\"205\" style=\"float: left;\" \/>Maria Farantouri (\u039c\u03b1\u03c1\u03af\u03b1 \u03a6\u03b1\u03c1\u03b1\u03bd\u03c4\u03bf\u03cd\u03c1\u03b7) 28 kas\u0131m 1947 de Atina&#8217;da do\u011fdu.M\u00fczisyenli\u011finin yan\u0131nda siyasi ve k\u00fclt\u00fcrel bir aktivisttir.Yunan askeri cuntas\u0131na kar\u015f\u0131 (1967-1974) Mikis Theodorakis ile\u00a0 Avrupa&#8217;da protesto konserleri d\u00fczenledi.Maria Farantouri Yunan Parlamentosu da 1989-1993 d\u00f6nemlerinde Panhelenik Sosyalist Hareket (PASOK) da milletvekilli\u011fi yapt\u0131.<\/p>\n<p><!--more--><\/p>\n<p>\u00a0<\/p>\n<p>\u00a0<\/p>\n<p><embed type=\"application\/x-shockwave-flash\" width=\"400\" height=\"300\" src=\"http:\/\/www.humyo.com\/E\/10422871-281475396051537\/10422871-281475396052021\/10422871-281475396052633\/10422871-281475396053305\/10422871-281475396053817\/10422871-281475396054301\/10422871-281475396054711\/10422871-281475396055109\/10422871-281475396055463\/10422871-281475396055905\/10422871-281475396056259\/10422871-281475396056755\/10422871-281475396057103\/10422871-281475396057457?a=j0GTiwxKAkI%2C-uKwfOhu-w0%2C2d2EsZ_Kkzo%2Cefw-YD8aXws%2Cvu0eFLVYWo4%2CL1Wmk5WEqOU%2Cf_RDbqpbmHA%2CyW1bzKjC0Fg%2C7ZftsSyv_-k%2CUb695Yr3YxQ%2CK6lYJTBHP2I%2CesLBq28j4ME%2CqMFa7_SMcC8%2Cq6bTZ-h05Nk\" flashvars=\"autostart=true&amp;usefullscreen=true&amp;\" allowfullscreen=\"true\"><\/embed><\/p>\n","protected":false},"excerpt":{"rendered":"<p>Maria Farantouri (\u039c\u03b1\u03c1\u03af\u03b1 \u03a6\u03b1\u03c1\u03b1\u03bd\u03c4\u03bf\u03cd\u03c1\u03b7) 28 kas\u0131m 1947 de Atina&#8217;da do\u011fdu.M\u00fczisyenli\u011finin yan\u0131nda siyasi ve k\u00fclt\u00fcrel bir aktivisttir.Yunan askeri cuntas\u0131na kar\u015f\u0131 (1967-1974) Mikis Theodorakis ile\u00a0 Avrupa&#8217;da protesto konserleri d\u00fczenledi.Maria Farantouri Yunan Parlamentosu da 1989-1993 d\u00f6nemlerinde Panhelenik Sosyalist Hareket (PASOK) da milletvekilli\u011fi yapt\u0131.<\/p>\n","protected":false},"author":1,"featured_media":0,"comment_status":"open","ping_status":"open","sticky":false,"template":"","format":"standard","meta":{"footnotes":""},"categories":[125],"tags":[],"class_list":{"0":"post-4476","1":"post","2":"type-post","3":"status-publish","4":"format-standard","6":"category-dunya-dan-muzik"},"yoast_head":"<!-- This site is optimized with the Yoast SEO Premium plugin v24.9 (Yoast SEO v24.9) - https:\/\/yoast.com\/wordpress\/plugins\/seo\/ -->\n<title>Z. Livaneli bestelerinin yunanca yorumu | Maria Farantouri (\u039c\u03b1\u03c1\u03af\u03b1 \u03a6\u03b1\u03c1\u03b1\u03bd\u03c4\u03bf\u03cd\u03c1\u03b7) - narteks.net<\/title>\n<meta name=\"robots\" content=\"index, follow, max-snippet:-1, max-image-preview:large, max-video-preview:-1\" \/>\n<link rel=\"canonical\" href=\"https:\/\/narteks.net\/index.php\/2010\/04\/14\/z-livaneli-bestelerinin-yunanca-yorumu-maria-farantouri\/\" \/>\n<meta property=\"og:locale\" content=\"tr_TR\" \/>\n<meta property=\"og:type\" content=\"article\" \/>\n<meta property=\"og:title\" content=\"Z. Livaneli bestelerinin yunanca yorumu | Maria Farantouri (\u039c\u03b1\u03c1\u03af\u03b1 \u03a6\u03b1\u03c1\u03b1\u03bd\u03c4\u03bf\u03cd\u03c1\u03b7)\" \/>\n<meta property=\"og:description\" content=\"Maria Farantouri (\u039c\u03b1\u03c1\u03af\u03b1 \u03a6\u03b1\u03c1\u03b1\u03bd\u03c4\u03bf\u03cd\u03c1\u03b7) 28 kas\u0131m 1947 de Atina&#8217;da do\u011fdu.M\u00fczisyenli\u011finin yan\u0131nda siyasi ve k\u00fclt\u00fcrel bir aktivisttir.Yunan askeri cuntas\u0131na kar\u015f\u0131 (1967-1974) Mikis Theodorakis ile\u00a0 Avrupa&#8217;da protesto konserleri d\u00fczenledi.Maria Farantouri Yunan Parlamentosu da 1989-1993 d\u00f6nemlerinde Panhelenik Sosyalist Hareket (PASOK) da milletvekilli\u011fi yapt\u0131.\" \/>\n<meta property=\"og:url\" content=\"https:\/\/narteks.net\/index.php\/2010\/04\/14\/z-livaneli-bestelerinin-yunanca-yorumu-maria-farantouri\/\" \/>\n<meta property=\"og:site_name\" content=\"narteks.net\" \/>\n<meta property=\"article:published_time\" content=\"2010-04-14T11:37:28+00:00\" \/>\n<meta property=\"og:image\" content=\"https:\/\/narteks.net\/wp-content\/uploads\/narteks.png\" \/>\n\t<meta property=\"og:image:width\" content=\"300\" \/>\n\t<meta property=\"og:image:height\" content=\"90\" \/>\n\t<meta property=\"og:image:type\" content=\"image\/png\" \/>\n<meta name=\"author\" content=\"Tar\u0131k\" \/>\n<meta name=\"twitter:card\" content=\"summary_large_image\" \/>\n<meta name=\"twitter:creator\" content=\"@narteks\" \/>\n<meta name=\"twitter:site\" content=\"@narteks\" \/>\n<meta name=\"twitter:label1\" content=\"Yazan:\" \/>\n\t<meta name=\"twitter:data1\" content=\"Tar\u0131k\" \/>\n<script type=\"application\/ld+json\" class=\"yoast-schema-graph\">{\"@context\":\"https:\/\/schema.org\",\"@graph\":[{\"@type\":\"Article\",\"@id\":\"https:\/\/narteks.net\/index.php\/2010\/04\/14\/z-livaneli-bestelerinin-yunanca-yorumu-maria-farantouri\/#article\",\"isPartOf\":{\"@id\":\"https:\/\/narteks.net\/index.php\/2010\/04\/14\/z-livaneli-bestelerinin-yunanca-yorumu-maria-farantouri\/\"},\"author\":{\"name\":\"Tar\u0131k\",\"@id\":\"https:\/\/narteks.net\/#\/schema\/person\/61f37d9834294b72d31d274e7ed79bca\"},\"headline\":\"Z. Livaneli bestelerinin yunanca yorumu | Maria Farantouri (\u039c\u03b1\u03c1\u03af\u03b1 \u03a6\u03b1\u03c1\u03b1\u03bd\u03c4\u03bf\u03cd\u03c1\u03b7)\",\"datePublished\":\"2010-04-14T11:37:28+00:00\",\"mainEntityOfPage\":{\"@id\":\"https:\/\/narteks.net\/index.php\/2010\/04\/14\/z-livaneli-bestelerinin-yunanca-yorumu-maria-farantouri\/\"},\"wordCount\":57,\"commentCount\":0,\"publisher\":{\"@id\":\"https:\/\/narteks.net\/#organization\"},\"articleSection\":[\"D\u00fcnya'dan M\u00fczik\"],\"inLanguage\":\"tr\",\"potentialAction\":[{\"@type\":\"CommentAction\",\"name\":\"Comment\",\"target\":[\"https:\/\/narteks.net\/index.php\/2010\/04\/14\/z-livaneli-bestelerinin-yunanca-yorumu-maria-farantouri\/#respond\"]}]},{\"@type\":\"WebPage\",\"@id\":\"https:\/\/narteks.net\/index.php\/2010\/04\/14\/z-livaneli-bestelerinin-yunanca-yorumu-maria-farantouri\/\",\"url\":\"https:\/\/narteks.net\/index.php\/2010\/04\/14\/z-livaneli-bestelerinin-yunanca-yorumu-maria-farantouri\/\",\"name\":\"Z. Livaneli bestelerinin yunanca yorumu | Maria Farantouri (\u039c\u03b1\u03c1\u03af\u03b1 \u03a6\u03b1\u03c1\u03b1\u03bd\u03c4\u03bf\u03cd\u03c1\u03b7) - narteks.net\",\"isPartOf\":{\"@id\":\"https:\/\/narteks.net\/#website\"},\"datePublished\":\"2010-04-14T11:37:28+00:00\",\"breadcrumb\":{\"@id\":\"https:\/\/narteks.net\/index.php\/2010\/04\/14\/z-livaneli-bestelerinin-yunanca-yorumu-maria-farantouri\/#breadcrumb\"},\"inLanguage\":\"tr\",\"potentialAction\":[{\"@type\":\"ReadAction\",\"target\":[\"https:\/\/narteks.net\/index.php\/2010\/04\/14\/z-livaneli-bestelerinin-yunanca-yorumu-maria-farantouri\/\"]}]},{\"@type\":\"BreadcrumbList\",\"@id\":\"https:\/\/narteks.net\/index.php\/2010\/04\/14\/z-livaneli-bestelerinin-yunanca-yorumu-maria-farantouri\/#breadcrumb\",\"itemListElement\":[{\"@type\":\"ListItem\",\"position\":1,\"name\":\"Anasayfa\",\"item\":\"https:\/\/narteks.net\/\"},{\"@type\":\"ListItem\",\"position\":2,\"name\":\"Z. Livaneli bestelerinin yunanca yorumu | Maria Farantouri (\u039c\u03b1\u03c1\u03af\u03b1 \u03a6\u03b1\u03c1\u03b1\u03bd\u03c4\u03bf\u03cd\u03c1\u03b7)\"}]},{\"@type\":\"WebSite\",\"@id\":\"https:\/\/narteks.net\/#website\",\"url\":\"https:\/\/narteks.net\/\",\"name\":\"narteks.net\",\"description\":\"K\u00fclt\u00fcr Sanat Edebiyat Felsefe\",\"publisher\":{\"@id\":\"https:\/\/narteks.net\/#organization\"},\"alternateName\":\"K\u00fclt\u00fcr Sanat Edebiyat Felsefe\",\"potentialAction\":[{\"@type\":\"SearchAction\",\"target\":{\"@type\":\"EntryPoint\",\"urlTemplate\":\"https:\/\/narteks.net\/?s={search_term_string}\"},\"query-input\":{\"@type\":\"PropertyValueSpecification\",\"valueRequired\":true,\"valueName\":\"search_term_string\"}}],\"inLanguage\":\"tr\"},{\"@type\":\"Organization\",\"@id\":\"https:\/\/narteks.net\/#organization\",\"name\":\"narteks.net\",\"url\":\"https:\/\/narteks.net\/\",\"logo\":{\"@type\":\"ImageObject\",\"inLanguage\":\"tr\",\"@id\":\"https:\/\/narteks.net\/#\/schema\/logo\/image\/\",\"url\":\"https:\/\/narteks.net\/wp-content\/uploads\/narteks.png\",\"contentUrl\":\"https:\/\/narteks.net\/wp-content\/uploads\/narteks.png\",\"width\":300,\"height\":90,\"caption\":\"narteks.net\"},\"image\":{\"@id\":\"https:\/\/narteks.net\/#\/schema\/logo\/image\/\"},\"sameAs\":[\"https:\/\/x.com\/narteks\",\"https:\/\/instagram.com\/narteksnet\"]},{\"@type\":\"Person\",\"@id\":\"https:\/\/narteks.net\/#\/schema\/person\/61f37d9834294b72d31d274e7ed79bca\",\"name\":\"Tar\u0131k\",\"image\":{\"@type\":\"ImageObject\",\"inLanguage\":\"tr\",\"@id\":\"https:\/\/narteks.net\/#\/schema\/person\/image\/\",\"url\":\"https:\/\/secure.gravatar.com\/avatar\/50865afb55632c4ae467e0af0930f6510aa2297d8014be502a55b14f3b7550cf?s=96&d=mm&r=g\",\"contentUrl\":\"https:\/\/secure.gravatar.com\/avatar\/50865afb55632c4ae467e0af0930f6510aa2297d8014be502a55b14f3b7550cf?s=96&d=mm&r=g\",\"caption\":\"Tar\u0131k\"},\"sameAs\":[\"http:\/\/narteks.net\"],\"url\":\"https:\/\/narteks.net\/index.php\/author\/narbak\/\"}]}<\/script>\n<!-- \/ Yoast SEO Premium plugin. -->","yoast_head_json":{"title":"Z. Livaneli bestelerinin yunanca yorumu | Maria Farantouri (\u039c\u03b1\u03c1\u03af\u03b1 \u03a6\u03b1\u03c1\u03b1\u03bd\u03c4\u03bf\u03cd\u03c1\u03b7) - narteks.net","robots":{"index":"index","follow":"follow","max-snippet":"max-snippet:-1","max-image-preview":"max-image-preview:large","max-video-preview":"max-video-preview:-1"},"canonical":"https:\/\/narteks.net\/index.php\/2010\/04\/14\/z-livaneli-bestelerinin-yunanca-yorumu-maria-farantouri\/","og_locale":"tr_TR","og_type":"article","og_title":"Z. Livaneli bestelerinin yunanca yorumu | Maria Farantouri (\u039c\u03b1\u03c1\u03af\u03b1 \u03a6\u03b1\u03c1\u03b1\u03bd\u03c4\u03bf\u03cd\u03c1\u03b7)","og_description":"Maria Farantouri (\u039c\u03b1\u03c1\u03af\u03b1 \u03a6\u03b1\u03c1\u03b1\u03bd\u03c4\u03bf\u03cd\u03c1\u03b7) 28 kas\u0131m 1947 de Atina&#8217;da do\u011fdu.M\u00fczisyenli\u011finin yan\u0131nda siyasi ve k\u00fclt\u00fcrel bir aktivisttir.Yunan askeri cuntas\u0131na kar\u015f\u0131 (1967-1974) Mikis Theodorakis ile\u00a0 Avrupa&#8217;da protesto konserleri d\u00fczenledi.Maria Farantouri Yunan Parlamentosu da 1989-1993 d\u00f6nemlerinde Panhelenik Sosyalist Hareket (PASOK) da milletvekilli\u011fi yapt\u0131.","og_url":"https:\/\/narteks.net\/index.php\/2010\/04\/14\/z-livaneli-bestelerinin-yunanca-yorumu-maria-farantouri\/","og_site_name":"narteks.net","article_published_time":"2010-04-14T11:37:28+00:00","og_image":[{"width":300,"height":90,"url":"https:\/\/narteks.net\/wp-content\/uploads\/narteks.png","type":"image\/png"}],"author":"Tar\u0131k","twitter_card":"summary_large_image","twitter_creator":"@narteks","twitter_site":"@narteks","twitter_misc":{"Yazan:":"Tar\u0131k"},"schema":{"@context":"https:\/\/schema.org","@graph":[{"@type":"Article","@id":"https:\/\/narteks.net\/index.php\/2010\/04\/14\/z-livaneli-bestelerinin-yunanca-yorumu-maria-farantouri\/#article","isPartOf":{"@id":"https:\/\/narteks.net\/index.php\/2010\/04\/14\/z-livaneli-bestelerinin-yunanca-yorumu-maria-farantouri\/"},"author":{"name":"Tar\u0131k","@id":"https:\/\/narteks.net\/#\/schema\/person\/61f37d9834294b72d31d274e7ed79bca"},"headline":"Z. Livaneli bestelerinin yunanca yorumu | Maria Farantouri (\u039c\u03b1\u03c1\u03af\u03b1 \u03a6\u03b1\u03c1\u03b1\u03bd\u03c4\u03bf\u03cd\u03c1\u03b7)","datePublished":"2010-04-14T11:37:28+00:00","mainEntityOfPage":{"@id":"https:\/\/narteks.net\/index.php\/2010\/04\/14\/z-livaneli-bestelerinin-yunanca-yorumu-maria-farantouri\/"},"wordCount":57,"commentCount":0,"publisher":{"@id":"https:\/\/narteks.net\/#organization"},"articleSection":["D\u00fcnya'dan M\u00fczik"],"inLanguage":"tr","potentialAction":[{"@type":"CommentAction","name":"Comment","target":["https:\/\/narteks.net\/index.php\/2010\/04\/14\/z-livaneli-bestelerinin-yunanca-yorumu-maria-farantouri\/#respond"]}]},{"@type":"WebPage","@id":"https:\/\/narteks.net\/index.php\/2010\/04\/14\/z-livaneli-bestelerinin-yunanca-yorumu-maria-farantouri\/","url":"https:\/\/narteks.net\/index.php\/2010\/04\/14\/z-livaneli-bestelerinin-yunanca-yorumu-maria-farantouri\/","name":"Z. Livaneli bestelerinin yunanca yorumu | Maria Farantouri (\u039c\u03b1\u03c1\u03af\u03b1 \u03a6\u03b1\u03c1\u03b1\u03bd\u03c4\u03bf\u03cd\u03c1\u03b7) - narteks.net","isPartOf":{"@id":"https:\/\/narteks.net\/#website"},"datePublished":"2010-04-14T11:37:28+00:00","breadcrumb":{"@id":"https:\/\/narteks.net\/index.php\/2010\/04\/14\/z-livaneli-bestelerinin-yunanca-yorumu-maria-farantouri\/#breadcrumb"},"inLanguage":"tr","potentialAction":[{"@type":"ReadAction","target":["https:\/\/narteks.net\/index.php\/2010\/04\/14\/z-livaneli-bestelerinin-yunanca-yorumu-maria-farantouri\/"]}]},{"@type":"BreadcrumbList","@id":"https:\/\/narteks.net\/index.php\/2010\/04\/14\/z-livaneli-bestelerinin-yunanca-yorumu-maria-farantouri\/#breadcrumb","itemListElement":[{"@type":"ListItem","position":1,"name":"Anasayfa","item":"https:\/\/narteks.net\/"},{"@type":"ListItem","position":2,"name":"Z. Livaneli bestelerinin yunanca yorumu | Maria Farantouri (\u039c\u03b1\u03c1\u03af\u03b1 \u03a6\u03b1\u03c1\u03b1\u03bd\u03c4\u03bf\u03cd\u03c1\u03b7)"}]},{"@type":"WebSite","@id":"https:\/\/narteks.net\/#website","url":"https:\/\/narteks.net\/","name":"narteks.net","description":"K\u00fclt\u00fcr Sanat Edebiyat Felsefe","publisher":{"@id":"https:\/\/narteks.net\/#organization"},"alternateName":"K\u00fclt\u00fcr Sanat Edebiyat Felsefe","potentialAction":[{"@type":"SearchAction","target":{"@type":"EntryPoint","urlTemplate":"https:\/\/narteks.net\/?s={search_term_string}"},"query-input":{"@type":"PropertyValueSpecification","valueRequired":true,"valueName":"search_term_string"}}],"inLanguage":"tr"},{"@type":"Organization","@id":"https:\/\/narteks.net\/#organization","name":"narteks.net","url":"https:\/\/narteks.net\/","logo":{"@type":"ImageObject","inLanguage":"tr","@id":"https:\/\/narteks.net\/#\/schema\/logo\/image\/","url":"https:\/\/narteks.net\/wp-content\/uploads\/narteks.png","contentUrl":"https:\/\/narteks.net\/wp-content\/uploads\/narteks.png","width":300,"height":90,"caption":"narteks.net"},"image":{"@id":"https:\/\/narteks.net\/#\/schema\/logo\/image\/"},"sameAs":["https:\/\/x.com\/narteks","https:\/\/instagram.com\/narteksnet"]},{"@type":"Person","@id":"https:\/\/narteks.net\/#\/schema\/person\/61f37d9834294b72d31d274e7ed79bca","name":"Tar\u0131k","image":{"@type":"ImageObject","inLanguage":"tr","@id":"https:\/\/narteks.net\/#\/schema\/person\/image\/","url":"https:\/\/secure.gravatar.com\/avatar\/50865afb55632c4ae467e0af0930f6510aa2297d8014be502a55b14f3b7550cf?s=96&d=mm&r=g","contentUrl":"https:\/\/secure.gravatar.com\/avatar\/50865afb55632c4ae467e0af0930f6510aa2297d8014be502a55b14f3b7550cf?s=96&d=mm&r=g","caption":"Tar\u0131k"},"sameAs":["http:\/\/narteks.net"],"url":"https:\/\/narteks.net\/index.php\/author\/narbak\/"}]}},"_links":{"self":[{"href":"https:\/\/narteks.net\/index.php\/wp-json\/wp\/v2\/posts\/4476","targetHints":{"allow":["GET"]}}],"collection":[{"href":"https:\/\/narteks.net\/index.php\/wp-json\/wp\/v2\/posts"}],"about":[{"href":"https:\/\/narteks.net\/index.php\/wp-json\/wp\/v2\/types\/post"}],"author":[{"embeddable":true,"href":"https:\/\/narteks.net\/index.php\/wp-json\/wp\/v2\/users\/1"}],"replies":[{"embeddable":true,"href":"https:\/\/narteks.net\/index.php\/wp-json\/wp\/v2\/comments?post=4476"}],"version-history":[{"count":0,"href":"https:\/\/narteks.net\/index.php\/wp-json\/wp\/v2\/posts\/4476\/revisions"}],"wp:attachment":[{"href":"https:\/\/narteks.net\/index.php\/wp-json\/wp\/v2\/media?parent=4476"}],"wp:term":[{"taxonomy":"category","embeddable":true,"href":"https:\/\/narteks.net\/index.php\/wp-json\/wp\/v2\/categories?post=4476"},{"taxonomy":"post_tag","embeddable":true,"href":"https:\/\/narteks.net\/index.php\/wp-json\/wp\/v2\/tags?post=4476"}],"curies":[{"name":"wp","href":"https:\/\/api.w.org\/{rel}","templated":true}]}}