{"id":4477,"date":"2010-04-15T09:16:17","date_gmt":"2010-04-15T06:16:17","guid":{"rendered":"http:\/\/localhost\/wordpress\/2010\/04\/15\/olurken-gorulen-isik-gazdanmis\/"},"modified":"2010-04-15T09:16:17","modified_gmt":"2010-04-15T06:16:17","slug":"olurken-gorulen-isik-gazdanmis","status":"publish","type":"post","link":"https:\/\/narteks.net\/index.php\/2010\/04\/15\/olurken-gorulen-isik-gazdanmis\/","title":{"rendered":"\u00d6l\u00fcrken g\u00f6r\u00fclen \u0131\u015f\u0131k gazdanm\u0131\u015f !"},"content":{"rendered":"<p style=\"text-align: justify;\"><img loading=\"lazy\" decoding=\"async\" src=\"http:\/\/i.radikal.com.tr\/644x385\/2010\/04\/10\/fft5_mf407568.Jpeg\" border=\"0\" width=\"155\" height=\"205\" style=\"float: left;\" \/>Slovenyal\u0131 bilim insanlar\u0131 \u00f6l\u00fcm\u00fcn e\u015fi\u011finden d\u00f6n\u00fcp &#8216;Bir \u0131\u015f\u0131k g\u00f6rd\u00fcm&#8217; diyenleri inceledi. Nedenin san\u0131ld\u0131\u011f\u0131 gibi ilahi de\u011fil son derece d\u00fcnyevi oldu\u011fu anla\u015f\u0131ld\u0131: Bu ki\u015filerin kan \u00f6rneklerinde kayda de\u011fer miktarda daha fazla karbondioksite rastland\u0131!<\/p>\n<p>LONDRA &#8211; \u00d6l\u00fcm\u00fcn e\u015fi\u011finden d\u00f6nenlerin \u0131\u015f\u0131k par\u0131lt\u0131lar\u0131 g\u00f6rd\u00fcklerini ya da hayatlar\u0131n\u0131n bir sinema \u015feridi gibi akt\u0131\u011f\u0131n\u0131 s\u00f6ylemesi, san\u0131ld\u0131\u011f\u0131ndan \u00e7ok daha d\u00fcnyevi sebeplere dayan\u0131yor olabilir. Slovenyal\u0131 bilim insanlar\u0131, kalp krizi ge\u00e7iren hastalar\u0131n s\u0131k s\u0131k benzer deneyimleri anlatmas\u0131n\u0131n nedenini ara\u015ft\u0131rd\u0131. 52 hastayla yap\u0131lan ara\u015ft\u0131rmada, \u0131\u015f\u0131kl\u0131 g\u00f6r\u00fcnt\u00fcler g\u00f6rd\u00fc\u011f\u00fcn\u00fc anlatan 11 hastada v\u00fccudun sald\u0131\u011f\u0131 at\u0131k gaz oran\u0131n\u0131n daha y\u00fcksek oldu\u011fu saptand\u0131.<\/p>\n<p>Sonu\u00e7lar, hastalar\u0131n anlatt\u0131\u011f\u0131 gizemli deneyimin karbondioksit gaz\u0131ndan kaynaklan\u0131yor olabilece\u011fine i\u015faret ediyor. Bug\u00fcne dek ya\u015fama d\u00f6nen hastalar\u0131n anlatt\u0131klar\u0131, al\u0131nan ila\u00e7lar veya dini sebeplerle a\u00e7\u0131klan\u0131yordu. \u00d6l\u00fcmden d\u00f6nenler bir t\u00fcnelden ge\u00e7tiklerini, parlak bir \u0131\u015f\u0131k g\u00f6rd\u00fcklerini, gizemli bir varl\u0131\u011f\u0131 hissettiklerini, ya da ruhlar\u0131n\u0131n y\u00fckselip v\u00fccutlar\u0131na yukar\u0131dan bakt\u0131klar\u0131n\u0131 anlat\u0131yor. Kalp krizi ge\u00e7iren \u00e7ok say\u0131da ki\u015fi benzer deneyimlerden bahsediyor.<\/p>\n<p><strong>Hal\u00fcsinasyon etkisi<\/strong><\/p>\n<p style=\"text-align: justify;\">Maribor \u00dcniversitesi uzmanlar\u0131 bu 52 hastan\u0131n cinsiyet, din, \u00f6l\u00fcm korkusu, ya\u015fama d\u00f6n\u00fc\u015f s\u00fcresi ya da acilen ald\u0131klar\u0131 ila\u00e7lar gibi konularda farkl\u0131 farkl\u0131 ki\u015filer olmalar\u0131na dikkat etti. Hastalar\u0131n anlatt\u0131klar\u0131na oksijen eksikli\u011fi nedeniyle beyin h\u00fccrelerinin \u00f6l\u00fcm\u00fcn\u00fcn neden oldu\u011fu teorisi yayg\u0131n bi\u00e7imde dile getirilse de ara\u015ft\u0131rmada bunu destekleyecek bir bulgu saptanmad\u0131.<\/p>\n<p>Ancak ekip, \u00f6l\u00fcme yakla\u015fma deneyimini benzer bi\u00e7imde anlatan 11 ki\u015fiyle b\u00f6yle bir deneyimden hi\u00e7 bahsetmeyen di\u011ferleri aras\u0131nda \u00f6nemli bir farkbuldu: \u0130lk gruptakilerin kan \u00f6rneklerinde kayda de\u011fer miktarda daha fazla karbondioksit vard\u0131. Karbondioksit gaz\u0131n\u0131 i\u00e7ine \u00e7ekenlerin hal\u00fcsinasyon g\u00f6rd\u00fc\u011f\u00fcne i\u015faret eden daha \u00f6nceki ara\u015ft\u0131rmalar da bu bulgular\u0131 destekliyor.<br \/>S\u00f6z konusu 11 ki\u015finin kan\u0131ndaki karbondioksit oran\u0131n\u0131n y\u00fcksekli\u011fi, kalp krizinden dolay\u0131 m\u0131 yoksa \u00f6nceden var olan bir durumdan m\u0131 kaynaklan\u0131yor, hen\u00fcz bilinmiyor. Ara\u015ft\u0131rmay\u0131 yapan ekibin ba\u015fkan\u0131 Zalika Klemenc-Ketis, \u2018\u2019\u00d6l\u00fcmden d\u00f6nenlerin deneyimlerini ara\u015ft\u0131rmak, insan bilincini daha iyi tan\u0131mam\u0131za yard\u0131mc\u0131 oluyor, bu y\u00fczden \u00e7ok \u00f6nemli\u2019\u2019 diye konu\u015fuyor.<\/p>\n<p><strong>\u0130ngiltere\u2019de de bir ara\u015ft\u0131rma var<\/strong><\/p>\n<p style=\"text-align: justify;\">Kalp krizi ge\u00e7iren hastalar \u00fczerinde \u0130ngiltere\u2019de de halihaz\u0131rda bir ara\u015ft\u0131rma y\u00fcr\u00fct\u00fcl\u00fcyor: Ruhlar\u0131n\u0131n v\u00fccutlar\u0131ndan ayr\u0131l\u0131p tavana y\u00fckseldi\u011fini anlatanlar, ger\u00e7ekten v\u00fccut d\u0131\u015f\u0131 bir deneyim ge\u00e7iriyor mu?<\/p>\n<p>Southampton \u00dcniversitesi\u2019nde yap\u0131lan deney \u00e7er\u00e7evesinde hastalar\u0131n \u00e7evresindeki raflara, sadece tepeden bak\u0131ld\u0131\u011f\u0131nda g\u00f6r\u00fclen \u00e7e\u015fitli resimler yerle\u015ftirildi. 1500 hastan\u0131n beyin faaliyetleri incelenerek resimleri hat\u0131rlay\u0131p hat\u0131rlamad\u0131klar\u0131 ara\u015ft\u0131r\u0131l\u0131yor.<\/p>\n<p style=\"text-align: justify;\">(bbc)<\/p>\n","protected":false},"excerpt":{"rendered":"<p>Slovenyal\u0131 bilim insanlar\u0131 \u00f6l\u00fcm\u00fcn e\u015fi\u011finden d\u00f6n\u00fcp &#8216;Bir \u0131\u015f\u0131k g\u00f6rd\u00fcm&#8217; diyenleri inceledi. Nedenin san\u0131ld\u0131\u011f\u0131 gibi ilahi de\u011fil son derece d\u00fcnyevi oldu\u011fu anla\u015f\u0131ld\u0131: Bu ki\u015filerin kan \u00f6rneklerinde kayda de\u011fer miktarda daha fazla karbondioksite rastland\u0131! LONDRA &#8211; \u00d6l\u00fcm\u00fcn e\u015fi\u011finden d\u00f6nenlerin \u0131\u015f\u0131k par\u0131lt\u0131lar\u0131 g\u00f6rd\u00fcklerini ya da hayatlar\u0131n\u0131n bir sinema \u015feridi gibi akt\u0131\u011f\u0131n\u0131 s\u00f6ylemesi, san\u0131ld\u0131\u011f\u0131ndan \u00e7ok daha d\u00fcnyevi sebeplere dayan\u0131yor [&hellip;]<\/p>\n","protected":false},"author":1,"featured_media":0,"comment_status":"open","ping_status":"open","sticky":false,"template":"","format":"standard","meta":{"footnotes":""},"categories":[177],"tags":[],"class_list":{"0":"post-4477","1":"post","2":"type-post","3":"status-publish","4":"format-standard","6":"category-bilim-genel"},"yoast_head":"<!-- This site is optimized with the Yoast SEO Premium plugin v24.9 (Yoast SEO v24.9) - https:\/\/yoast.com\/wordpress\/plugins\/seo\/ -->\n<title>\u00d6l\u00fcrken g\u00f6r\u00fclen \u0131\u015f\u0131k gazdanm\u0131\u015f ! - narteks.net<\/title>\n<meta name=\"robots\" content=\"index, follow, max-snippet:-1, max-image-preview:large, max-video-preview:-1\" \/>\n<link rel=\"canonical\" href=\"https:\/\/narteks.net\/index.php\/2010\/04\/15\/olurken-gorulen-isik-gazdanmis\/\" \/>\n<meta property=\"og:locale\" content=\"tr_TR\" \/>\n<meta property=\"og:type\" content=\"article\" \/>\n<meta property=\"og:title\" content=\"\u00d6l\u00fcrken g\u00f6r\u00fclen \u0131\u015f\u0131k gazdanm\u0131\u015f !\" \/>\n<meta property=\"og:description\" content=\"Slovenyal\u0131 bilim insanlar\u0131 \u00f6l\u00fcm\u00fcn e\u015fi\u011finden d\u00f6n\u00fcp &#8216;Bir \u0131\u015f\u0131k g\u00f6rd\u00fcm&#8217; diyenleri inceledi. Nedenin san\u0131ld\u0131\u011f\u0131 gibi ilahi de\u011fil son derece d\u00fcnyevi oldu\u011fu anla\u015f\u0131ld\u0131: Bu ki\u015filerin kan \u00f6rneklerinde kayda de\u011fer miktarda daha fazla karbondioksite rastland\u0131! LONDRA &#8211; \u00d6l\u00fcm\u00fcn e\u015fi\u011finden d\u00f6nenlerin \u0131\u015f\u0131k par\u0131lt\u0131lar\u0131 g\u00f6rd\u00fcklerini ya da hayatlar\u0131n\u0131n bir sinema \u015feridi gibi akt\u0131\u011f\u0131n\u0131 s\u00f6ylemesi, san\u0131ld\u0131\u011f\u0131ndan \u00e7ok daha d\u00fcnyevi sebeplere dayan\u0131yor [&hellip;]\" \/>\n<meta property=\"og:url\" content=\"https:\/\/narteks.net\/index.php\/2010\/04\/15\/olurken-gorulen-isik-gazdanmis\/\" \/>\n<meta property=\"og:site_name\" content=\"narteks.net\" \/>\n<meta property=\"article:published_time\" content=\"2010-04-15T06:16:17+00:00\" \/>\n<meta property=\"og:image\" content=\"http:\/\/i.radikal.com.tr\/644x385\/2010\/04\/10\/fft5_mf407568.Jpeg\" \/>\n<meta name=\"author\" content=\"Tar\u0131k\" \/>\n<meta name=\"twitter:card\" content=\"summary_large_image\" \/>\n<meta name=\"twitter:creator\" content=\"@narteks\" \/>\n<meta name=\"twitter:site\" content=\"@narteks\" \/>\n<meta name=\"twitter:label1\" content=\"Yazan:\" \/>\n\t<meta name=\"twitter:data1\" content=\"Tar\u0131k\" \/>\n\t<meta name=\"twitter:label2\" content=\"Tahmini okuma s\u00fcresi\" \/>\n\t<meta name=\"twitter:data2\" content=\"3 dakika\" \/>\n<script type=\"application\/ld+json\" class=\"yoast-schema-graph\">{\"@context\":\"https:\/\/schema.org\",\"@graph\":[{\"@type\":\"Article\",\"@id\":\"https:\/\/narteks.net\/index.php\/2010\/04\/15\/olurken-gorulen-isik-gazdanmis\/#article\",\"isPartOf\":{\"@id\":\"https:\/\/narteks.net\/index.php\/2010\/04\/15\/olurken-gorulen-isik-gazdanmis\/\"},\"author\":{\"name\":\"Tar\u0131k\",\"@id\":\"https:\/\/narteks.net\/#\/schema\/person\/61f37d9834294b72d31d274e7ed79bca\"},\"headline\":\"\u00d6l\u00fcrken g\u00f6r\u00fclen \u0131\u015f\u0131k gazdanm\u0131\u015f !\",\"datePublished\":\"2010-04-15T06:16:17+00:00\",\"mainEntityOfPage\":{\"@id\":\"https:\/\/narteks.net\/index.php\/2010\/04\/15\/olurken-gorulen-isik-gazdanmis\/\"},\"wordCount\":527,\"commentCount\":0,\"publisher\":{\"@id\":\"https:\/\/narteks.net\/#organization\"},\"image\":{\"@id\":\"https:\/\/narteks.net\/index.php\/2010\/04\/15\/olurken-gorulen-isik-gazdanmis\/#primaryimage\"},\"thumbnailUrl\":\"http:\/\/i.radikal.com.tr\/644x385\/2010\/04\/10\/fft5_mf407568.Jpeg\",\"articleSection\":[\"Bilim ( Genel )\"],\"inLanguage\":\"tr\",\"potentialAction\":[{\"@type\":\"CommentAction\",\"name\":\"Comment\",\"target\":[\"https:\/\/narteks.net\/index.php\/2010\/04\/15\/olurken-gorulen-isik-gazdanmis\/#respond\"]}]},{\"@type\":\"WebPage\",\"@id\":\"https:\/\/narteks.net\/index.php\/2010\/04\/15\/olurken-gorulen-isik-gazdanmis\/\",\"url\":\"https:\/\/narteks.net\/index.php\/2010\/04\/15\/olurken-gorulen-isik-gazdanmis\/\",\"name\":\"\u00d6l\u00fcrken g\u00f6r\u00fclen \u0131\u015f\u0131k gazdanm\u0131\u015f ! - narteks.net\",\"isPartOf\":{\"@id\":\"https:\/\/narteks.net\/#website\"},\"primaryImageOfPage\":{\"@id\":\"https:\/\/narteks.net\/index.php\/2010\/04\/15\/olurken-gorulen-isik-gazdanmis\/#primaryimage\"},\"image\":{\"@id\":\"https:\/\/narteks.net\/index.php\/2010\/04\/15\/olurken-gorulen-isik-gazdanmis\/#primaryimage\"},\"thumbnailUrl\":\"http:\/\/i.radikal.com.tr\/644x385\/2010\/04\/10\/fft5_mf407568.Jpeg\",\"datePublished\":\"2010-04-15T06:16:17+00:00\",\"breadcrumb\":{\"@id\":\"https:\/\/narteks.net\/index.php\/2010\/04\/15\/olurken-gorulen-isik-gazdanmis\/#breadcrumb\"},\"inLanguage\":\"tr\",\"potentialAction\":[{\"@type\":\"ReadAction\",\"target\":[\"https:\/\/narteks.net\/index.php\/2010\/04\/15\/olurken-gorulen-isik-gazdanmis\/\"]}]},{\"@type\":\"ImageObject\",\"inLanguage\":\"tr\",\"@id\":\"https:\/\/narteks.net\/index.php\/2010\/04\/15\/olurken-gorulen-isik-gazdanmis\/#primaryimage\",\"url\":\"http:\/\/i.radikal.com.tr\/644x385\/2010\/04\/10\/fft5_mf407568.Jpeg\",\"contentUrl\":\"http:\/\/i.radikal.com.tr\/644x385\/2010\/04\/10\/fft5_mf407568.Jpeg\"},{\"@type\":\"BreadcrumbList\",\"@id\":\"https:\/\/narteks.net\/index.php\/2010\/04\/15\/olurken-gorulen-isik-gazdanmis\/#breadcrumb\",\"itemListElement\":[{\"@type\":\"ListItem\",\"position\":1,\"name\":\"Anasayfa\",\"item\":\"https:\/\/narteks.net\/\"},{\"@type\":\"ListItem\",\"position\":2,\"name\":\"\u00d6l\u00fcrken g\u00f6r\u00fclen \u0131\u015f\u0131k gazdanm\u0131\u015f !\"}]},{\"@type\":\"WebSite\",\"@id\":\"https:\/\/narteks.net\/#website\",\"url\":\"https:\/\/narteks.net\/\",\"name\":\"narteks.net\",\"description\":\"K\u00fclt\u00fcr Sanat Edebiyat Felsefe\",\"publisher\":{\"@id\":\"https:\/\/narteks.net\/#organization\"},\"alternateName\":\"K\u00fclt\u00fcr Sanat Edebiyat Felsefe\",\"potentialAction\":[{\"@type\":\"SearchAction\",\"target\":{\"@type\":\"EntryPoint\",\"urlTemplate\":\"https:\/\/narteks.net\/?s={search_term_string}\"},\"query-input\":{\"@type\":\"PropertyValueSpecification\",\"valueRequired\":true,\"valueName\":\"search_term_string\"}}],\"inLanguage\":\"tr\"},{\"@type\":\"Organization\",\"@id\":\"https:\/\/narteks.net\/#organization\",\"name\":\"narteks.net\",\"url\":\"https:\/\/narteks.net\/\",\"logo\":{\"@type\":\"ImageObject\",\"inLanguage\":\"tr\",\"@id\":\"https:\/\/narteks.net\/#\/schema\/logo\/image\/\",\"url\":\"https:\/\/narteks.net\/wp-content\/uploads\/narteks.png\",\"contentUrl\":\"https:\/\/narteks.net\/wp-content\/uploads\/narteks.png\",\"width\":300,\"height\":90,\"caption\":\"narteks.net\"},\"image\":{\"@id\":\"https:\/\/narteks.net\/#\/schema\/logo\/image\/\"},\"sameAs\":[\"https:\/\/x.com\/narteks\",\"https:\/\/instagram.com\/narteksnet\"]},{\"@type\":\"Person\",\"@id\":\"https:\/\/narteks.net\/#\/schema\/person\/61f37d9834294b72d31d274e7ed79bca\",\"name\":\"Tar\u0131k\",\"image\":{\"@type\":\"ImageObject\",\"inLanguage\":\"tr\",\"@id\":\"https:\/\/narteks.net\/#\/schema\/person\/image\/\",\"url\":\"https:\/\/secure.gravatar.com\/avatar\/50865afb55632c4ae467e0af0930f6510aa2297d8014be502a55b14f3b7550cf?s=96&d=mm&r=g\",\"contentUrl\":\"https:\/\/secure.gravatar.com\/avatar\/50865afb55632c4ae467e0af0930f6510aa2297d8014be502a55b14f3b7550cf?s=96&d=mm&r=g\",\"caption\":\"Tar\u0131k\"},\"sameAs\":[\"http:\/\/narteks.net\"],\"url\":\"https:\/\/narteks.net\/index.php\/author\/narbak\/\"}]}<\/script>\n<!-- \/ Yoast SEO Premium plugin. -->","yoast_head_json":{"title":"\u00d6l\u00fcrken g\u00f6r\u00fclen \u0131\u015f\u0131k gazdanm\u0131\u015f ! - narteks.net","robots":{"index":"index","follow":"follow","max-snippet":"max-snippet:-1","max-image-preview":"max-image-preview:large","max-video-preview":"max-video-preview:-1"},"canonical":"https:\/\/narteks.net\/index.php\/2010\/04\/15\/olurken-gorulen-isik-gazdanmis\/","og_locale":"tr_TR","og_type":"article","og_title":"\u00d6l\u00fcrken g\u00f6r\u00fclen \u0131\u015f\u0131k gazdanm\u0131\u015f !","og_description":"Slovenyal\u0131 bilim insanlar\u0131 \u00f6l\u00fcm\u00fcn e\u015fi\u011finden d\u00f6n\u00fcp &#8216;Bir \u0131\u015f\u0131k g\u00f6rd\u00fcm&#8217; diyenleri inceledi. Nedenin san\u0131ld\u0131\u011f\u0131 gibi ilahi de\u011fil son derece d\u00fcnyevi oldu\u011fu anla\u015f\u0131ld\u0131: Bu ki\u015filerin kan \u00f6rneklerinde kayda de\u011fer miktarda daha fazla karbondioksite rastland\u0131! LONDRA &#8211; \u00d6l\u00fcm\u00fcn e\u015fi\u011finden d\u00f6nenlerin \u0131\u015f\u0131k par\u0131lt\u0131lar\u0131 g\u00f6rd\u00fcklerini ya da hayatlar\u0131n\u0131n bir sinema \u015feridi gibi akt\u0131\u011f\u0131n\u0131 s\u00f6ylemesi, san\u0131ld\u0131\u011f\u0131ndan \u00e7ok daha d\u00fcnyevi sebeplere dayan\u0131yor [&hellip;]","og_url":"https:\/\/narteks.net\/index.php\/2010\/04\/15\/olurken-gorulen-isik-gazdanmis\/","og_site_name":"narteks.net","article_published_time":"2010-04-15T06:16:17+00:00","og_image":[{"url":"http:\/\/i.radikal.com.tr\/644x385\/2010\/04\/10\/fft5_mf407568.Jpeg","type":"","width":"","height":""}],"author":"Tar\u0131k","twitter_card":"summary_large_image","twitter_creator":"@narteks","twitter_site":"@narteks","twitter_misc":{"Yazan:":"Tar\u0131k","Tahmini okuma s\u00fcresi":"3 dakika"},"schema":{"@context":"https:\/\/schema.org","@graph":[{"@type":"Article","@id":"https:\/\/narteks.net\/index.php\/2010\/04\/15\/olurken-gorulen-isik-gazdanmis\/#article","isPartOf":{"@id":"https:\/\/narteks.net\/index.php\/2010\/04\/15\/olurken-gorulen-isik-gazdanmis\/"},"author":{"name":"Tar\u0131k","@id":"https:\/\/narteks.net\/#\/schema\/person\/61f37d9834294b72d31d274e7ed79bca"},"headline":"\u00d6l\u00fcrken g\u00f6r\u00fclen \u0131\u015f\u0131k gazdanm\u0131\u015f !","datePublished":"2010-04-15T06:16:17+00:00","mainEntityOfPage":{"@id":"https:\/\/narteks.net\/index.php\/2010\/04\/15\/olurken-gorulen-isik-gazdanmis\/"},"wordCount":527,"commentCount":0,"publisher":{"@id":"https:\/\/narteks.net\/#organization"},"image":{"@id":"https:\/\/narteks.net\/index.php\/2010\/04\/15\/olurken-gorulen-isik-gazdanmis\/#primaryimage"},"thumbnailUrl":"http:\/\/i.radikal.com.tr\/644x385\/2010\/04\/10\/fft5_mf407568.Jpeg","articleSection":["Bilim ( Genel )"],"inLanguage":"tr","potentialAction":[{"@type":"CommentAction","name":"Comment","target":["https:\/\/narteks.net\/index.php\/2010\/04\/15\/olurken-gorulen-isik-gazdanmis\/#respond"]}]},{"@type":"WebPage","@id":"https:\/\/narteks.net\/index.php\/2010\/04\/15\/olurken-gorulen-isik-gazdanmis\/","url":"https:\/\/narteks.net\/index.php\/2010\/04\/15\/olurken-gorulen-isik-gazdanmis\/","name":"\u00d6l\u00fcrken g\u00f6r\u00fclen \u0131\u015f\u0131k gazdanm\u0131\u015f ! - narteks.net","isPartOf":{"@id":"https:\/\/narteks.net\/#website"},"primaryImageOfPage":{"@id":"https:\/\/narteks.net\/index.php\/2010\/04\/15\/olurken-gorulen-isik-gazdanmis\/#primaryimage"},"image":{"@id":"https:\/\/narteks.net\/index.php\/2010\/04\/15\/olurken-gorulen-isik-gazdanmis\/#primaryimage"},"thumbnailUrl":"http:\/\/i.radikal.com.tr\/644x385\/2010\/04\/10\/fft5_mf407568.Jpeg","datePublished":"2010-04-15T06:16:17+00:00","breadcrumb":{"@id":"https:\/\/narteks.net\/index.php\/2010\/04\/15\/olurken-gorulen-isik-gazdanmis\/#breadcrumb"},"inLanguage":"tr","potentialAction":[{"@type":"ReadAction","target":["https:\/\/narteks.net\/index.php\/2010\/04\/15\/olurken-gorulen-isik-gazdanmis\/"]}]},{"@type":"ImageObject","inLanguage":"tr","@id":"https:\/\/narteks.net\/index.php\/2010\/04\/15\/olurken-gorulen-isik-gazdanmis\/#primaryimage","url":"http:\/\/i.radikal.com.tr\/644x385\/2010\/04\/10\/fft5_mf407568.Jpeg","contentUrl":"http:\/\/i.radikal.com.tr\/644x385\/2010\/04\/10\/fft5_mf407568.Jpeg"},{"@type":"BreadcrumbList","@id":"https:\/\/narteks.net\/index.php\/2010\/04\/15\/olurken-gorulen-isik-gazdanmis\/#breadcrumb","itemListElement":[{"@type":"ListItem","position":1,"name":"Anasayfa","item":"https:\/\/narteks.net\/"},{"@type":"ListItem","position":2,"name":"\u00d6l\u00fcrken g\u00f6r\u00fclen \u0131\u015f\u0131k gazdanm\u0131\u015f !"}]},{"@type":"WebSite","@id":"https:\/\/narteks.net\/#website","url":"https:\/\/narteks.net\/","name":"narteks.net","description":"K\u00fclt\u00fcr Sanat Edebiyat Felsefe","publisher":{"@id":"https:\/\/narteks.net\/#organization"},"alternateName":"K\u00fclt\u00fcr Sanat Edebiyat Felsefe","potentialAction":[{"@type":"SearchAction","target":{"@type":"EntryPoint","urlTemplate":"https:\/\/narteks.net\/?s={search_term_string}"},"query-input":{"@type":"PropertyValueSpecification","valueRequired":true,"valueName":"search_term_string"}}],"inLanguage":"tr"},{"@type":"Organization","@id":"https:\/\/narteks.net\/#organization","name":"narteks.net","url":"https:\/\/narteks.net\/","logo":{"@type":"ImageObject","inLanguage":"tr","@id":"https:\/\/narteks.net\/#\/schema\/logo\/image\/","url":"https:\/\/narteks.net\/wp-content\/uploads\/narteks.png","contentUrl":"https:\/\/narteks.net\/wp-content\/uploads\/narteks.png","width":300,"height":90,"caption":"narteks.net"},"image":{"@id":"https:\/\/narteks.net\/#\/schema\/logo\/image\/"},"sameAs":["https:\/\/x.com\/narteks","https:\/\/instagram.com\/narteksnet"]},{"@type":"Person","@id":"https:\/\/narteks.net\/#\/schema\/person\/61f37d9834294b72d31d274e7ed79bca","name":"Tar\u0131k","image":{"@type":"ImageObject","inLanguage":"tr","@id":"https:\/\/narteks.net\/#\/schema\/person\/image\/","url":"https:\/\/secure.gravatar.com\/avatar\/50865afb55632c4ae467e0af0930f6510aa2297d8014be502a55b14f3b7550cf?s=96&d=mm&r=g","contentUrl":"https:\/\/secure.gravatar.com\/avatar\/50865afb55632c4ae467e0af0930f6510aa2297d8014be502a55b14f3b7550cf?s=96&d=mm&r=g","caption":"Tar\u0131k"},"sameAs":["http:\/\/narteks.net"],"url":"https:\/\/narteks.net\/index.php\/author\/narbak\/"}]}},"_links":{"self":[{"href":"https:\/\/narteks.net\/index.php\/wp-json\/wp\/v2\/posts\/4477","targetHints":{"allow":["GET"]}}],"collection":[{"href":"https:\/\/narteks.net\/index.php\/wp-json\/wp\/v2\/posts"}],"about":[{"href":"https:\/\/narteks.net\/index.php\/wp-json\/wp\/v2\/types\/post"}],"author":[{"embeddable":true,"href":"https:\/\/narteks.net\/index.php\/wp-json\/wp\/v2\/users\/1"}],"replies":[{"embeddable":true,"href":"https:\/\/narteks.net\/index.php\/wp-json\/wp\/v2\/comments?post=4477"}],"version-history":[{"count":0,"href":"https:\/\/narteks.net\/index.php\/wp-json\/wp\/v2\/posts\/4477\/revisions"}],"wp:attachment":[{"href":"https:\/\/narteks.net\/index.php\/wp-json\/wp\/v2\/media?parent=4477"}],"wp:term":[{"taxonomy":"category","embeddable":true,"href":"https:\/\/narteks.net\/index.php\/wp-json\/wp\/v2\/categories?post=4477"},{"taxonomy":"post_tag","embeddable":true,"href":"https:\/\/narteks.net\/index.php\/wp-json\/wp\/v2\/tags?post=4477"}],"curies":[{"name":"wp","href":"https:\/\/api.w.org\/{rel}","templated":true}]}}