{"id":4480,"date":"2010-04-16T09:10:31","date_gmt":"2010-04-16T06:10:31","guid":{"rendered":"http:\/\/localhost\/wordpress\/2010\/04\/16\/kuskusuz-deli-bir-kral-tarafindan-yonetilemeyiz-bilge-kral-halil-cibran\/"},"modified":"2010-04-16T09:10:31","modified_gmt":"2010-04-16T06:10:31","slug":"kuskusuz-deli-bir-kral-tarafindan-yonetilemeyiz-bilge-kral-halil-cibran","status":"publish","type":"post","link":"https:\/\/narteks.net\/index.php\/2010\/04\/16\/kuskusuz-deli-bir-kral-tarafindan-yonetilemeyiz-bilge-kral-halil-cibran\/","title":{"rendered":"Ku\u015fkusuz deli bir kral taraf\u0131ndan y\u00f6netilemeyiz | Bilge Kral &#8211; Halil Cibran"},"content":{"rendered":"<p style=\"text-align: justify;\"><img decoding=\"async\" src=\"images\/stories\/halilcibran.jpg\" border=\"0\" style=\"float: left;\" \/>Bir zamanlar uzak Virani kentinde hem g\u00fc\u00e7l\u00fc, hem ak\u0131ll\u0131 bir kral h\u00fck\u00fcm s\u00fcr\u00fcyordu. Ve g\u00fcc\u00fcyle korkutuyor ve bilgeli\u011fiyle seviliyordu. Bu kentin ortas\u0131nda so\u011fuk ve berrak bir suyu olan bir kuyu vard\u0131, kral ve saray halk\u0131 da dahil olmak \u00fczere b\u00fct\u00fcn kent halk\u0131 oradan su i\u00e7erdi, \u00e7\u00fcnk\u00fc ba\u015fka kuyu yoktu. <\/p>\n<p>Bir gece herkes uyurken bir cad\u0131 kente girdi ve kuyuya garip bir s\u0131v\u0131dan yedi damla damlatt\u0131 ve dedi ki, &#8220;Bu saatten sonra bu sudan her kim i\u00e7erse delirecek.&#8221; Ertesi sabah kralla mabeyincisi d\u0131\u015f\u0131nda herkes kuyunun suyunu i\u00e7ti ve cad\u0131n\u0131n s\u00f6yledi\u011fi gibi delirdi. Ve o g\u00fcn boyunca insanlar dar sokaklarda ve pazar yerlerinde birbirlerine \u015fundan ba\u015fka bir \u015fey s\u00f6ylemediler, &#8220;Kral delirmi\u015f, kral\u0131m\u0131z ve mabeyincisi ak\u0131llar\u0131n\u0131 yitirmi\u015f. Ku\u015fkusuz deli bir kral taraf\u0131ndan y\u00f6netilemeyiz. Kral\u0131 tahttan indirmeliyiz.&#8221; Kral o ak\u015fam alt\u0131n bir kadehin kuyudan doldurulmas\u0131n\u0131 emretti. Ve kadehi getirdiklerinde sonuna kadar i\u00e7ti ve mabeyincisine de i\u00e7irdi. Ve o uzak Virani kentinde b\u00fcy\u00fck bir sevin\u00e7 ya\u015fand\u0131, \u00e7\u00fcnk\u00fc kralla mabeyincisinin ak\u0131llan ba\u015flar\u0131na gelmi\u015fti.<\/p>\n","protected":false},"excerpt":{"rendered":"<p>Bir zamanlar uzak Virani kentinde hem g\u00fc\u00e7l\u00fc, hem ak\u0131ll\u0131 bir kral h\u00fck\u00fcm s\u00fcr\u00fcyordu. Ve g\u00fcc\u00fcyle korkutuyor ve bilgeli\u011fiyle seviliyordu. Bu kentin ortas\u0131nda so\u011fuk ve berrak bir suyu olan bir kuyu vard\u0131, kral ve saray halk\u0131 da dahil olmak \u00fczere b\u00fct\u00fcn kent halk\u0131 oradan su i\u00e7erdi, \u00e7\u00fcnk\u00fc ba\u015fka kuyu yoktu. Bir gece herkes uyurken bir cad\u0131 [&hellip;]<\/p>\n","protected":false},"author":1,"featured_media":0,"comment_status":"open","ping_status":"open","sticky":false,"template":"","format":"standard","meta":{"footnotes":""},"categories":[115],"tags":[],"class_list":{"0":"post-4480","1":"post","2":"type-post","3":"status-publish","4":"format-standard","6":"category-ceviri-oykuler"},"yoast_head":"<!-- This site is optimized with the Yoast SEO Premium plugin v24.9 (Yoast SEO v24.9) - https:\/\/yoast.com\/wordpress\/plugins\/seo\/ -->\n<title>Ku\u015fkusuz deli bir kral taraf\u0131ndan y\u00f6netilemeyiz | Bilge Kral - Halil Cibran - narteks.net<\/title>\n<meta name=\"robots\" content=\"index, follow, max-snippet:-1, max-image-preview:large, max-video-preview:-1\" \/>\n<link rel=\"canonical\" href=\"https:\/\/narteks.net\/index.php\/2010\/04\/16\/kuskusuz-deli-bir-kral-tarafindan-yonetilemeyiz-bilge-kral-halil-cibran\/\" \/>\n<meta property=\"og:locale\" content=\"tr_TR\" \/>\n<meta property=\"og:type\" content=\"article\" \/>\n<meta property=\"og:title\" content=\"Ku\u015fkusuz deli bir kral taraf\u0131ndan y\u00f6netilemeyiz | Bilge Kral - Halil Cibran\" \/>\n<meta property=\"og:description\" content=\"Bir zamanlar uzak Virani kentinde hem g\u00fc\u00e7l\u00fc, hem ak\u0131ll\u0131 bir kral h\u00fck\u00fcm s\u00fcr\u00fcyordu. Ve g\u00fcc\u00fcyle korkutuyor ve bilgeli\u011fiyle seviliyordu. Bu kentin ortas\u0131nda so\u011fuk ve berrak bir suyu olan bir kuyu vard\u0131, kral ve saray halk\u0131 da dahil olmak \u00fczere b\u00fct\u00fcn kent halk\u0131 oradan su i\u00e7erdi, \u00e7\u00fcnk\u00fc ba\u015fka kuyu yoktu. Bir gece herkes uyurken bir cad\u0131 [&hellip;]\" \/>\n<meta property=\"og:url\" content=\"https:\/\/narteks.net\/index.php\/2010\/04\/16\/kuskusuz-deli-bir-kral-tarafindan-yonetilemeyiz-bilge-kral-halil-cibran\/\" \/>\n<meta property=\"og:site_name\" content=\"narteks.net\" \/>\n<meta property=\"article:published_time\" content=\"2010-04-16T06:10:31+00:00\" \/>\n<meta property=\"og:image\" content=\"https:\/\/narteks.net\/wp-content\/uploads\/narteks.png\" \/>\n\t<meta property=\"og:image:width\" content=\"300\" \/>\n\t<meta property=\"og:image:height\" content=\"90\" \/>\n\t<meta property=\"og:image:type\" content=\"image\/png\" \/>\n<meta name=\"author\" content=\"Tar\u0131k\" \/>\n<meta name=\"twitter:card\" content=\"summary_large_image\" \/>\n<meta name=\"twitter:creator\" content=\"@narteks\" \/>\n<meta name=\"twitter:site\" content=\"@narteks\" \/>\n<meta name=\"twitter:label1\" content=\"Yazan:\" \/>\n\t<meta name=\"twitter:data1\" content=\"Tar\u0131k\" \/>\n\t<meta name=\"twitter:label2\" content=\"Tahmini okuma s\u00fcresi\" \/>\n\t<meta name=\"twitter:data2\" content=\"1 dakika\" \/>\n<script type=\"application\/ld+json\" class=\"yoast-schema-graph\">{\"@context\":\"https:\/\/schema.org\",\"@graph\":[{\"@type\":\"Article\",\"@id\":\"https:\/\/narteks.net\/index.php\/2010\/04\/16\/kuskusuz-deli-bir-kral-tarafindan-yonetilemeyiz-bilge-kral-halil-cibran\/#article\",\"isPartOf\":{\"@id\":\"https:\/\/narteks.net\/index.php\/2010\/04\/16\/kuskusuz-deli-bir-kral-tarafindan-yonetilemeyiz-bilge-kral-halil-cibran\/\"},\"author\":{\"name\":\"Tar\u0131k\",\"@id\":\"https:\/\/narteks.net\/#\/schema\/person\/61f37d9834294b72d31d274e7ed79bca\"},\"headline\":\"Ku\u015fkusuz deli bir kral taraf\u0131ndan y\u00f6netilemeyiz | Bilge Kral &#8211; Halil Cibran\",\"datePublished\":\"2010-04-16T06:10:31+00:00\",\"mainEntityOfPage\":{\"@id\":\"https:\/\/narteks.net\/index.php\/2010\/04\/16\/kuskusuz-deli-bir-kral-tarafindan-yonetilemeyiz-bilge-kral-halil-cibran\/\"},\"wordCount\":217,\"commentCount\":0,\"publisher\":{\"@id\":\"https:\/\/narteks.net\/#organization\"},\"articleSection\":[\"\u00c7eviri \u00d6yk\u00fcler\"],\"inLanguage\":\"tr\",\"potentialAction\":[{\"@type\":\"CommentAction\",\"name\":\"Comment\",\"target\":[\"https:\/\/narteks.net\/index.php\/2010\/04\/16\/kuskusuz-deli-bir-kral-tarafindan-yonetilemeyiz-bilge-kral-halil-cibran\/#respond\"]}]},{\"@type\":\"WebPage\",\"@id\":\"https:\/\/narteks.net\/index.php\/2010\/04\/16\/kuskusuz-deli-bir-kral-tarafindan-yonetilemeyiz-bilge-kral-halil-cibran\/\",\"url\":\"https:\/\/narteks.net\/index.php\/2010\/04\/16\/kuskusuz-deli-bir-kral-tarafindan-yonetilemeyiz-bilge-kral-halil-cibran\/\",\"name\":\"Ku\u015fkusuz deli bir kral taraf\u0131ndan y\u00f6netilemeyiz | Bilge Kral - Halil Cibran - narteks.net\",\"isPartOf\":{\"@id\":\"https:\/\/narteks.net\/#website\"},\"datePublished\":\"2010-04-16T06:10:31+00:00\",\"breadcrumb\":{\"@id\":\"https:\/\/narteks.net\/index.php\/2010\/04\/16\/kuskusuz-deli-bir-kral-tarafindan-yonetilemeyiz-bilge-kral-halil-cibran\/#breadcrumb\"},\"inLanguage\":\"tr\",\"potentialAction\":[{\"@type\":\"ReadAction\",\"target\":[\"https:\/\/narteks.net\/index.php\/2010\/04\/16\/kuskusuz-deli-bir-kral-tarafindan-yonetilemeyiz-bilge-kral-halil-cibran\/\"]}]},{\"@type\":\"BreadcrumbList\",\"@id\":\"https:\/\/narteks.net\/index.php\/2010\/04\/16\/kuskusuz-deli-bir-kral-tarafindan-yonetilemeyiz-bilge-kral-halil-cibran\/#breadcrumb\",\"itemListElement\":[{\"@type\":\"ListItem\",\"position\":1,\"name\":\"Anasayfa\",\"item\":\"https:\/\/narteks.net\/\"},{\"@type\":\"ListItem\",\"position\":2,\"name\":\"Ku\u015fkusuz deli bir kral taraf\u0131ndan y\u00f6netilemeyiz | Bilge Kral &#8211; Halil Cibran\"}]},{\"@type\":\"WebSite\",\"@id\":\"https:\/\/narteks.net\/#website\",\"url\":\"https:\/\/narteks.net\/\",\"name\":\"narteks.net\",\"description\":\"K\u00fclt\u00fcr Sanat Edebiyat Felsefe\",\"publisher\":{\"@id\":\"https:\/\/narteks.net\/#organization\"},\"alternateName\":\"K\u00fclt\u00fcr Sanat Edebiyat Felsefe\",\"potentialAction\":[{\"@type\":\"SearchAction\",\"target\":{\"@type\":\"EntryPoint\",\"urlTemplate\":\"https:\/\/narteks.net\/?s={search_term_string}\"},\"query-input\":{\"@type\":\"PropertyValueSpecification\",\"valueRequired\":true,\"valueName\":\"search_term_string\"}}],\"inLanguage\":\"tr\"},{\"@type\":\"Organization\",\"@id\":\"https:\/\/narteks.net\/#organization\",\"name\":\"narteks.net\",\"url\":\"https:\/\/narteks.net\/\",\"logo\":{\"@type\":\"ImageObject\",\"inLanguage\":\"tr\",\"@id\":\"https:\/\/narteks.net\/#\/schema\/logo\/image\/\",\"url\":\"https:\/\/narteks.net\/wp-content\/uploads\/narteks.png\",\"contentUrl\":\"https:\/\/narteks.net\/wp-content\/uploads\/narteks.png\",\"width\":300,\"height\":90,\"caption\":\"narteks.net\"},\"image\":{\"@id\":\"https:\/\/narteks.net\/#\/schema\/logo\/image\/\"},\"sameAs\":[\"https:\/\/x.com\/narteks\",\"https:\/\/instagram.com\/narteksnet\"]},{\"@type\":\"Person\",\"@id\":\"https:\/\/narteks.net\/#\/schema\/person\/61f37d9834294b72d31d274e7ed79bca\",\"name\":\"Tar\u0131k\",\"image\":{\"@type\":\"ImageObject\",\"inLanguage\":\"tr\",\"@id\":\"https:\/\/narteks.net\/#\/schema\/person\/image\/\",\"url\":\"https:\/\/secure.gravatar.com\/avatar\/50865afb55632c4ae467e0af0930f6510aa2297d8014be502a55b14f3b7550cf?s=96&d=mm&r=g\",\"contentUrl\":\"https:\/\/secure.gravatar.com\/avatar\/50865afb55632c4ae467e0af0930f6510aa2297d8014be502a55b14f3b7550cf?s=96&d=mm&r=g\",\"caption\":\"Tar\u0131k\"},\"sameAs\":[\"http:\/\/narteks.net\"],\"url\":\"https:\/\/narteks.net\/index.php\/author\/narbak\/\"}]}<\/script>\n<!-- \/ Yoast SEO Premium plugin. -->","yoast_head_json":{"title":"Ku\u015fkusuz deli bir kral taraf\u0131ndan y\u00f6netilemeyiz | Bilge Kral - Halil Cibran - narteks.net","robots":{"index":"index","follow":"follow","max-snippet":"max-snippet:-1","max-image-preview":"max-image-preview:large","max-video-preview":"max-video-preview:-1"},"canonical":"https:\/\/narteks.net\/index.php\/2010\/04\/16\/kuskusuz-deli-bir-kral-tarafindan-yonetilemeyiz-bilge-kral-halil-cibran\/","og_locale":"tr_TR","og_type":"article","og_title":"Ku\u015fkusuz deli bir kral taraf\u0131ndan y\u00f6netilemeyiz | Bilge Kral - Halil Cibran","og_description":"Bir zamanlar uzak Virani kentinde hem g\u00fc\u00e7l\u00fc, hem ak\u0131ll\u0131 bir kral h\u00fck\u00fcm s\u00fcr\u00fcyordu. Ve g\u00fcc\u00fcyle korkutuyor ve bilgeli\u011fiyle seviliyordu. Bu kentin ortas\u0131nda so\u011fuk ve berrak bir suyu olan bir kuyu vard\u0131, kral ve saray halk\u0131 da dahil olmak \u00fczere b\u00fct\u00fcn kent halk\u0131 oradan su i\u00e7erdi, \u00e7\u00fcnk\u00fc ba\u015fka kuyu yoktu. Bir gece herkes uyurken bir cad\u0131 [&hellip;]","og_url":"https:\/\/narteks.net\/index.php\/2010\/04\/16\/kuskusuz-deli-bir-kral-tarafindan-yonetilemeyiz-bilge-kral-halil-cibran\/","og_site_name":"narteks.net","article_published_time":"2010-04-16T06:10:31+00:00","og_image":[{"width":300,"height":90,"url":"https:\/\/narteks.net\/wp-content\/uploads\/narteks.png","type":"image\/png"}],"author":"Tar\u0131k","twitter_card":"summary_large_image","twitter_creator":"@narteks","twitter_site":"@narteks","twitter_misc":{"Yazan:":"Tar\u0131k","Tahmini okuma s\u00fcresi":"1 dakika"},"schema":{"@context":"https:\/\/schema.org","@graph":[{"@type":"Article","@id":"https:\/\/narteks.net\/index.php\/2010\/04\/16\/kuskusuz-deli-bir-kral-tarafindan-yonetilemeyiz-bilge-kral-halil-cibran\/#article","isPartOf":{"@id":"https:\/\/narteks.net\/index.php\/2010\/04\/16\/kuskusuz-deli-bir-kral-tarafindan-yonetilemeyiz-bilge-kral-halil-cibran\/"},"author":{"name":"Tar\u0131k","@id":"https:\/\/narteks.net\/#\/schema\/person\/61f37d9834294b72d31d274e7ed79bca"},"headline":"Ku\u015fkusuz deli bir kral taraf\u0131ndan y\u00f6netilemeyiz | Bilge Kral &#8211; Halil Cibran","datePublished":"2010-04-16T06:10:31+00:00","mainEntityOfPage":{"@id":"https:\/\/narteks.net\/index.php\/2010\/04\/16\/kuskusuz-deli-bir-kral-tarafindan-yonetilemeyiz-bilge-kral-halil-cibran\/"},"wordCount":217,"commentCount":0,"publisher":{"@id":"https:\/\/narteks.net\/#organization"},"articleSection":["\u00c7eviri \u00d6yk\u00fcler"],"inLanguage":"tr","potentialAction":[{"@type":"CommentAction","name":"Comment","target":["https:\/\/narteks.net\/index.php\/2010\/04\/16\/kuskusuz-deli-bir-kral-tarafindan-yonetilemeyiz-bilge-kral-halil-cibran\/#respond"]}]},{"@type":"WebPage","@id":"https:\/\/narteks.net\/index.php\/2010\/04\/16\/kuskusuz-deli-bir-kral-tarafindan-yonetilemeyiz-bilge-kral-halil-cibran\/","url":"https:\/\/narteks.net\/index.php\/2010\/04\/16\/kuskusuz-deli-bir-kral-tarafindan-yonetilemeyiz-bilge-kral-halil-cibran\/","name":"Ku\u015fkusuz deli bir kral taraf\u0131ndan y\u00f6netilemeyiz | Bilge Kral - Halil Cibran - narteks.net","isPartOf":{"@id":"https:\/\/narteks.net\/#website"},"datePublished":"2010-04-16T06:10:31+00:00","breadcrumb":{"@id":"https:\/\/narteks.net\/index.php\/2010\/04\/16\/kuskusuz-deli-bir-kral-tarafindan-yonetilemeyiz-bilge-kral-halil-cibran\/#breadcrumb"},"inLanguage":"tr","potentialAction":[{"@type":"ReadAction","target":["https:\/\/narteks.net\/index.php\/2010\/04\/16\/kuskusuz-deli-bir-kral-tarafindan-yonetilemeyiz-bilge-kral-halil-cibran\/"]}]},{"@type":"BreadcrumbList","@id":"https:\/\/narteks.net\/index.php\/2010\/04\/16\/kuskusuz-deli-bir-kral-tarafindan-yonetilemeyiz-bilge-kral-halil-cibran\/#breadcrumb","itemListElement":[{"@type":"ListItem","position":1,"name":"Anasayfa","item":"https:\/\/narteks.net\/"},{"@type":"ListItem","position":2,"name":"Ku\u015fkusuz deli bir kral taraf\u0131ndan y\u00f6netilemeyiz | Bilge Kral &#8211; Halil Cibran"}]},{"@type":"WebSite","@id":"https:\/\/narteks.net\/#website","url":"https:\/\/narteks.net\/","name":"narteks.net","description":"K\u00fclt\u00fcr Sanat Edebiyat Felsefe","publisher":{"@id":"https:\/\/narteks.net\/#organization"},"alternateName":"K\u00fclt\u00fcr Sanat Edebiyat Felsefe","potentialAction":[{"@type":"SearchAction","target":{"@type":"EntryPoint","urlTemplate":"https:\/\/narteks.net\/?s={search_term_string}"},"query-input":{"@type":"PropertyValueSpecification","valueRequired":true,"valueName":"search_term_string"}}],"inLanguage":"tr"},{"@type":"Organization","@id":"https:\/\/narteks.net\/#organization","name":"narteks.net","url":"https:\/\/narteks.net\/","logo":{"@type":"ImageObject","inLanguage":"tr","@id":"https:\/\/narteks.net\/#\/schema\/logo\/image\/","url":"https:\/\/narteks.net\/wp-content\/uploads\/narteks.png","contentUrl":"https:\/\/narteks.net\/wp-content\/uploads\/narteks.png","width":300,"height":90,"caption":"narteks.net"},"image":{"@id":"https:\/\/narteks.net\/#\/schema\/logo\/image\/"},"sameAs":["https:\/\/x.com\/narteks","https:\/\/instagram.com\/narteksnet"]},{"@type":"Person","@id":"https:\/\/narteks.net\/#\/schema\/person\/61f37d9834294b72d31d274e7ed79bca","name":"Tar\u0131k","image":{"@type":"ImageObject","inLanguage":"tr","@id":"https:\/\/narteks.net\/#\/schema\/person\/image\/","url":"https:\/\/secure.gravatar.com\/avatar\/50865afb55632c4ae467e0af0930f6510aa2297d8014be502a55b14f3b7550cf?s=96&d=mm&r=g","contentUrl":"https:\/\/secure.gravatar.com\/avatar\/50865afb55632c4ae467e0af0930f6510aa2297d8014be502a55b14f3b7550cf?s=96&d=mm&r=g","caption":"Tar\u0131k"},"sameAs":["http:\/\/narteks.net"],"url":"https:\/\/narteks.net\/index.php\/author\/narbak\/"}]}},"_links":{"self":[{"href":"https:\/\/narteks.net\/index.php\/wp-json\/wp\/v2\/posts\/4480","targetHints":{"allow":["GET"]}}],"collection":[{"href":"https:\/\/narteks.net\/index.php\/wp-json\/wp\/v2\/posts"}],"about":[{"href":"https:\/\/narteks.net\/index.php\/wp-json\/wp\/v2\/types\/post"}],"author":[{"embeddable":true,"href":"https:\/\/narteks.net\/index.php\/wp-json\/wp\/v2\/users\/1"}],"replies":[{"embeddable":true,"href":"https:\/\/narteks.net\/index.php\/wp-json\/wp\/v2\/comments?post=4480"}],"version-history":[{"count":0,"href":"https:\/\/narteks.net\/index.php\/wp-json\/wp\/v2\/posts\/4480\/revisions"}],"wp:attachment":[{"href":"https:\/\/narteks.net\/index.php\/wp-json\/wp\/v2\/media?parent=4480"}],"wp:term":[{"taxonomy":"category","embeddable":true,"href":"https:\/\/narteks.net\/index.php\/wp-json\/wp\/v2\/categories?post=4480"},{"taxonomy":"post_tag","embeddable":true,"href":"https:\/\/narteks.net\/index.php\/wp-json\/wp\/v2\/tags?post=4480"}],"curies":[{"name":"wp","href":"https:\/\/api.w.org\/{rel}","templated":true}]}}