{"id":4484,"date":"2010-04-17T15:43:49","date_gmt":"2010-04-17T12:43:49","guid":{"rendered":"http:\/\/localhost\/wordpress\/2010\/04\/17\/min-dit-ve-sahipsizlik-evrim-alatas\/"},"modified":"2010-04-17T15:43:49","modified_gmt":"2010-04-17T12:43:49","slug":"min-dit-ve-sahipsizlik-evrim-alatas","status":"publish","type":"post","link":"https:\/\/narteks.net\/index.php\/2010\/04\/17\/min-dit-ve-sahipsizlik-evrim-alatas\/","title":{"rendered":"\u2018Min D\u00eet\u2019 ve sahipsizlik | Evrim Alata\u015f"},"content":{"rendered":"<p style=\"text-align: justify;\"><img loading=\"lazy\" decoding=\"async\" style=\"float: left;\" src=\"http:\/\/3.bp.blogspot.com\/-YWQfR6NZrwc\/UeQJc8BpbfI\/AAAAAAABBHQ\/0_fqmPS7Xy4\/s1600\/evrim+alata%C5%9F.jpg\" width=\"155\" height=\"205\" border=\"0\" \/>Balyozlar, darbe planlar\u0131, muvazzaf subaylar, yeni anayasa&#8230; Beynim elli alt\u0131. Bu meselelere girmek en az\u0131ndan \u015fimdilik zor geliyor bana. Daha sade, daha sakin konulara ihtiyac\u0131m var. Bu sebepten, yak\u0131n zamanda vizyona giren ve T\u00fcrkiye K\u00fcrtlerinin \u201cilk K\u00fcrt\u00e7e politik filmi\u201d olan Min D\u00eet\u2019ten bahsedece\u011fim.<\/p>\n<p style=\"text-align: justify;\">Hik\u00e2yesini Miraz Bezar\u2019la beraber yazm\u0131\u015ft\u0131k. Miraz, Almanya\u2019da b\u00fcy\u00fcm\u00fc\u015f bir y\u00f6netmen ve derdi tela\u015f\u0131 \u00e7at\u0131\u015fmal\u0131 d\u00f6neme ili\u015fkin bir film yapmakt\u0131. Yapt\u0131 da&#8230; Yerel oyuncular, k\u0131t kanaat ko\u015fullar, sava\u015f ma\u011fduru \u00e7ocuklarla. Bir J\u0130TEM hik\u00e2yesi&#8230; B\u00f6yle darbelerin, balyozlar\u0131n g\u00fcndemde olmad\u0131\u011f\u0131, J\u0130TEM\u2019i ancak ya\u015fayan\u0131n bildi\u011fi bir Diyarbak\u0131r hik\u00e2yesiydi. Enteresan bir s\u00fcre\u00e7ti. Olmad\u0131k yerlerden olmad\u0131k tepkiler alan, \u015fa\u015f\u0131rtan bir d\u00f6nem. Ve tabii K\u00fcrt sinemas\u0131n\u0131 da sorgulatacak bir d\u00f6nem. Her \u015fey yekpare g\u00f6r\u00fcnse de kendi i\u00e7ine d\u00f6nd\u00fc\u011f\u00fcnde, klasik K\u00fcrt atas\u00f6z\u00fc \u201cKap\u0131n\u0131n \u00f6n\u00fcndeki ot ac\u0131d\u0131r\u201d\u0131n m\u00fctemadiyen sa\u011flamas\u0131n\u0131n yap\u0131ld\u0131\u011f\u0131 bir d\u00f6nem.Tabii yer Diyarbak\u0131r olunca ve kentin t\u00fcm\u00fc bir bi\u00e7imde politik, tercihli olunca, ilgin\u00e7 sahneler de ya\u015fand\u0131. Kimi g\u00f6\u00e7 mahallelerinde yap\u0131lan \u00e7ekimlerde \u00e7ekim ekibi ta\u015fland\u0131, ara\u00e7lar yak\u0131lmaya \u00e7al\u0131\u015f\u0131ld\u0131 falan. \u00c7\u00fcnk\u00fc f\u0131s\u0131lt\u0131 gazetesi yanl\u0131\u015f enformasyon vermi\u015fti. Mahalleli, ekibin \u201cd\u0131\u015far\u0131dan\u201d oldu\u011funu san\u0131yordu. Sonra bir g\u00fcn Miraz\u2019la \u00f6zel arabaya binmi\u015f sete gidiyoruz, arkadan bir araba k\u00fc\u00fct! Ramazan ay\u0131, dolmu\u015f\u00e7ular sa\u011fa \u00e7ekip \u201cAbi m\u00fcbarek ayd\u0131r, bo\u015fverin polisi, aran\u0131zda halledin\u201d diyorlar. Arabadan \u00e7elimsiz, gen\u00e7, k\u0131sa boylu bir adam ile kuca\u011f\u0131nda bebe\u011fi bulunan gen\u00e7 ve ba\u015f\u00f6rt\u00fcl\u00fc bir kad\u0131n iniyor. Adam, \u201cBeni takip edin, sanayide ustalar\u0131m var, ne zarar\u0131 varsa tamir etsinler\u201d diyor. Pe\u015f pe\u015fe sanayiye gidiyoruz. Arabay\u0131 tamir olmu\u015f halde ertesi g\u00fcn almak \u00fczere anla\u015f\u0131yoruz.<\/p>\n<p>Ertesi g\u00fcn sanayideyiz. Her \u015fey tamam ama araban\u0131n bir yeri tamir edilmemi\u015f. Ustalara \u201cAma b\u00f6yle konu\u015fmam\u0131\u015ft\u0131k\u201d diyoruz. Adamlar da \u201cBiz, bize s\u00f6yleneni yapt\u0131k\u201d diyorlar. \u201cPeki, \u00e7arpan adam\u0131 nas\u0131l bulaca\u011f\u0131z, b\u00f6yle olmaz\u201d diyoruz. Usta, hemen yak\u0131ndaki askeriyeyi i\u015faret ederek \u201c\u015eurada, J\u0130TEM\u2019de \u00e7al\u0131\u015f\u0131yor\u201d diyor. \u201cHey ahali, J\u0130TEM denen bir \u015fey var, onun cinayetlerini filme \u00e7ekiyoruz\u201d diye debelenirken, hoop J\u0130TEM kar\u015f\u0131m\u0131zda.<\/p>\n<p>Film bu arada festivallere kat\u0131l\u0131yor, yar\u0131\u015f\u0131yor ve her festivalde bir \u00f6d\u00fcl al\u0131yor. San Sebastian, Gent, Hamburg, N\u00fcrnberg ve Prag\u2019dan \u00f6d\u00fcllerle d\u00f6n\u00fcyor. Toplam be\u015f \u00fclkede de vizyona girmeye haz\u0131rlan\u0131yor. Derken s\u0131ra geliyor T\u00fcrkiye\u2019deki festivallere. Antalya Film Festivali\u2019ne kabul edilmesini hem biz hem de medya hayretler i\u00e7inde kar\u015f\u0131l\u0131yor. \u00c7\u00fcnk\u00fc ilk defa K\u00fcrt\u00e7e ve politik bir film Antalya\u2019da kabul g\u00f6r\u00fcyor. Fazla umutlan\u0131yoruz. Antalya\u2019day\u0131z ve ortal\u0131k ziyadesiyle gergin. Kimileri bizi g\u00f6r\u00fcnce \u201cSevr\u2019i hortlat\u0131yorsunuz\u201d diyor. Berideki kad\u0131n \u201cT\u00fcrk askerine d\u00fc\u015fman bunlar, bunlar\u0131n hepsi yalan, PKK\u2019dan para alm\u0131\u015fs\u0131n\u0131z\u201d diye feryat ediyor. Anam bac\u0131m PKK nere para nere? Ke\u015fke verselerdi. Ortal\u0131\u011fa d\u00fc\u015f\u00fcp para aramazd\u0131k. Bu arada Antalya\u2019da kimileri de gelip \u201cBu filmi \u00e7ekmek g..t ister\u201d diyor kula\u011f\u0131m\u0131za. Neyse, bakal\u0131m bu da b\u00f6yle olsun.<\/p>\n<p>\u015eimdi gelelim \u201c\u00f6z topraklara\u201d ve Diyarbak\u0131r\u2019a&#8230; Kimseye yaranamamak diye bir \u015fey hakikaten varm\u0131\u015f. Hi\u00e7 de g\u00fczel bir \u015fey de\u011filmi\u015f. S\u0131n\u0131rl\u0131 ve k\u0131t imk\u00e2nlarla say\u0131l\u0131 kopyalanabiliyor film. \u00d6yle \u201cHeyyy vizyonday\u0131z, bizi izleyin anac\u0131\u011f\u0131m, gi\u015fe rekorlar\u0131 k\u0131raca\u011f\u0131z\u201d nereeee, biz nere! Filmde anne babas\u0131 J\u0130TEM taraf\u0131ndan \u00f6ld\u00fcr\u00fclen ve yaln\u0131z kalan, sokaklara d\u00fc\u015f\u00fcp kendi intikam\u0131n\u0131 alan, \u015fiddet ortam\u0131nda \u015fekillenip, en nihayetinde yolu \u0130stanbul\u2019daki h\u0131rs\u0131zl\u0131k \u00e7eteleriyle bulu\u015fan iki \u00e7ocuk&#8230; Demem o ki \u00e7\u00f6z\u00fclm\u00fc\u015f bir \u201cmutlu son\u201d yok. Kimseler gelip o \u00e7ocuklar\u0131 \u201cGel yavrum, senin annenle baban birer militand\u0131, art\u0131k benim \u015fefkatli kollar\u0131ma emanetsin\u201d demiyor. Ama biz ne yapal\u0131m, ger\u00e7ek bir hayat hik\u00e2yesinden esinlendi\u011fimizi kimseye anlatam\u0131yoruz. \u201cB\u00f6yle politik bir \u015fehirde nas\u0131l olur da iki \u00e7ocuk sahipsiz kal\u0131r, bu film bizi yans\u0131tm\u0131yor\u201d ele\u015ftirileri.<\/p>\n<p>Bir yerde ba\u015fka tepkiler, \u00f6b\u00fcr yerde ba\u015fka. Ne \u0130sa ne Musa dedikleri bu olsa gerek. \u0130ki halk ve tamamen kopmu\u015f iki dil. Gir bakal\u0131m araya, nereye buyur edileceksin. \u0130yi bir \u015fey mi yapt\u0131n, k\u00f6t\u00fc bir \u015fey mi? Sahi sen bunu niye yapt\u0131n? K\u00fcrt sinemas\u0131 nereye d\u00fc\u015fer abilerim ablalar\u0131m, emek nereye&#8230;<\/p>\n<p>\u00a0<\/p>\n","protected":false},"excerpt":{"rendered":"<p>Balyozlar, darbe planlar\u0131, muvazzaf subaylar, yeni anayasa&#8230; Beynim elli alt\u0131. Bu meselelere girmek en az\u0131ndan \u015fimdilik zor geliyor bana. Daha sade, daha sakin konulara ihtiyac\u0131m var. Bu sebepten, yak\u0131n zamanda vizyona giren ve T\u00fcrkiye K\u00fcrtlerinin \u201cilk K\u00fcrt\u00e7e politik filmi\u201d olan Min D\u00eet\u2019ten bahsedece\u011fim. Hik\u00e2yesini Miraz Bezar\u2019la beraber yazm\u0131\u015ft\u0131k. Miraz, Almanya\u2019da b\u00fcy\u00fcm\u00fc\u015f bir y\u00f6netmen ve derdi [&hellip;]<\/p>\n","protected":false},"author":1,"featured_media":0,"comment_status":"open","ping_status":"open","sticky":false,"template":"","format":"standard","meta":{"footnotes":""},"categories":[98],"tags":[],"class_list":{"0":"post-4484","1":"post","2":"type-post","3":"status-publish","4":"format-standard","6":"category-turkiye"},"yoast_head":"<!-- This site is optimized with the Yoast SEO Premium plugin v24.9 (Yoast SEO v24.9) - https:\/\/yoast.com\/wordpress\/plugins\/seo\/ -->\n<title>\u2018Min D\u00eet\u2019 ve sahipsizlik | Evrim Alata\u015f - narteks.net<\/title>\n<meta name=\"robots\" content=\"index, follow, max-snippet:-1, max-image-preview:large, max-video-preview:-1\" \/>\n<link rel=\"canonical\" href=\"https:\/\/narteks.net\/index.php\/2010\/04\/17\/min-dit-ve-sahipsizlik-evrim-alatas\/\" \/>\n<meta property=\"og:locale\" content=\"tr_TR\" \/>\n<meta property=\"og:type\" content=\"article\" \/>\n<meta property=\"og:title\" content=\"\u2018Min D\u00eet\u2019 ve sahipsizlik | Evrim Alata\u015f\" \/>\n<meta property=\"og:description\" content=\"Balyozlar, darbe planlar\u0131, muvazzaf subaylar, yeni anayasa&#8230; Beynim elli alt\u0131. Bu meselelere girmek en az\u0131ndan \u015fimdilik zor geliyor bana. Daha sade, daha sakin konulara ihtiyac\u0131m var. Bu sebepten, yak\u0131n zamanda vizyona giren ve T\u00fcrkiye K\u00fcrtlerinin \u201cilk K\u00fcrt\u00e7e politik filmi\u201d olan Min D\u00eet\u2019ten bahsedece\u011fim. Hik\u00e2yesini Miraz Bezar\u2019la beraber yazm\u0131\u015ft\u0131k. Miraz, Almanya\u2019da b\u00fcy\u00fcm\u00fc\u015f bir y\u00f6netmen ve derdi [&hellip;]\" \/>\n<meta property=\"og:url\" content=\"https:\/\/narteks.net\/index.php\/2010\/04\/17\/min-dit-ve-sahipsizlik-evrim-alatas\/\" \/>\n<meta property=\"og:site_name\" content=\"narteks.net\" \/>\n<meta property=\"article:published_time\" content=\"2010-04-17T12:43:49+00:00\" \/>\n<meta property=\"og:image\" content=\"http:\/\/3.bp.blogspot.com\/-YWQfR6NZrwc\/UeQJc8BpbfI\/AAAAAAABBHQ\/0_fqmPS7Xy4\/s1600\/evrim+alata%C5%9F.jpg\" \/>\n<meta name=\"author\" content=\"Tar\u0131k\" \/>\n<meta name=\"twitter:card\" content=\"summary_large_image\" \/>\n<meta name=\"twitter:creator\" content=\"@narteks\" \/>\n<meta name=\"twitter:site\" content=\"@narteks\" \/>\n<meta name=\"twitter:label1\" content=\"Yazan:\" \/>\n\t<meta name=\"twitter:data1\" content=\"Tar\u0131k\" \/>\n\t<meta name=\"twitter:label2\" content=\"Tahmini okuma s\u00fcresi\" \/>\n\t<meta name=\"twitter:data2\" content=\"4 dakika\" \/>\n<script type=\"application\/ld+json\" class=\"yoast-schema-graph\">{\"@context\":\"https:\/\/schema.org\",\"@graph\":[{\"@type\":\"Article\",\"@id\":\"https:\/\/narteks.net\/index.php\/2010\/04\/17\/min-dit-ve-sahipsizlik-evrim-alatas\/#article\",\"isPartOf\":{\"@id\":\"https:\/\/narteks.net\/index.php\/2010\/04\/17\/min-dit-ve-sahipsizlik-evrim-alatas\/\"},\"author\":{\"name\":\"Tar\u0131k\",\"@id\":\"https:\/\/narteks.net\/#\/schema\/person\/61f37d9834294b72d31d274e7ed79bca\"},\"headline\":\"\u2018Min D\u00eet\u2019 ve sahipsizlik | Evrim Alata\u015f\",\"datePublished\":\"2010-04-17T12:43:49+00:00\",\"mainEntityOfPage\":{\"@id\":\"https:\/\/narteks.net\/index.php\/2010\/04\/17\/min-dit-ve-sahipsizlik-evrim-alatas\/\"},\"wordCount\":802,\"commentCount\":0,\"publisher\":{\"@id\":\"https:\/\/narteks.net\/#organization\"},\"image\":{\"@id\":\"https:\/\/narteks.net\/index.php\/2010\/04\/17\/min-dit-ve-sahipsizlik-evrim-alatas\/#primaryimage\"},\"thumbnailUrl\":\"http:\/\/3.bp.blogspot.com\/-YWQfR6NZrwc\/UeQJc8BpbfI\/AAAAAAABBHQ\/0_fqmPS7Xy4\/s1600\/evrim+alata%C5%9F.jpg\",\"articleSection\":[\"T\u00fcrkiye\"],\"inLanguage\":\"tr\",\"potentialAction\":[{\"@type\":\"CommentAction\",\"name\":\"Comment\",\"target\":[\"https:\/\/narteks.net\/index.php\/2010\/04\/17\/min-dit-ve-sahipsizlik-evrim-alatas\/#respond\"]}]},{\"@type\":\"WebPage\",\"@id\":\"https:\/\/narteks.net\/index.php\/2010\/04\/17\/min-dit-ve-sahipsizlik-evrim-alatas\/\",\"url\":\"https:\/\/narteks.net\/index.php\/2010\/04\/17\/min-dit-ve-sahipsizlik-evrim-alatas\/\",\"name\":\"\u2018Min D\u00eet\u2019 ve sahipsizlik | Evrim Alata\u015f - narteks.net\",\"isPartOf\":{\"@id\":\"https:\/\/narteks.net\/#website\"},\"primaryImageOfPage\":{\"@id\":\"https:\/\/narteks.net\/index.php\/2010\/04\/17\/min-dit-ve-sahipsizlik-evrim-alatas\/#primaryimage\"},\"image\":{\"@id\":\"https:\/\/narteks.net\/index.php\/2010\/04\/17\/min-dit-ve-sahipsizlik-evrim-alatas\/#primaryimage\"},\"thumbnailUrl\":\"http:\/\/3.bp.blogspot.com\/-YWQfR6NZrwc\/UeQJc8BpbfI\/AAAAAAABBHQ\/0_fqmPS7Xy4\/s1600\/evrim+alata%C5%9F.jpg\",\"datePublished\":\"2010-04-17T12:43:49+00:00\",\"breadcrumb\":{\"@id\":\"https:\/\/narteks.net\/index.php\/2010\/04\/17\/min-dit-ve-sahipsizlik-evrim-alatas\/#breadcrumb\"},\"inLanguage\":\"tr\",\"potentialAction\":[{\"@type\":\"ReadAction\",\"target\":[\"https:\/\/narteks.net\/index.php\/2010\/04\/17\/min-dit-ve-sahipsizlik-evrim-alatas\/\"]}]},{\"@type\":\"ImageObject\",\"inLanguage\":\"tr\",\"@id\":\"https:\/\/narteks.net\/index.php\/2010\/04\/17\/min-dit-ve-sahipsizlik-evrim-alatas\/#primaryimage\",\"url\":\"http:\/\/3.bp.blogspot.com\/-YWQfR6NZrwc\/UeQJc8BpbfI\/AAAAAAABBHQ\/0_fqmPS7Xy4\/s1600\/evrim+alata%C5%9F.jpg\",\"contentUrl\":\"http:\/\/3.bp.blogspot.com\/-YWQfR6NZrwc\/UeQJc8BpbfI\/AAAAAAABBHQ\/0_fqmPS7Xy4\/s1600\/evrim+alata%C5%9F.jpg\"},{\"@type\":\"BreadcrumbList\",\"@id\":\"https:\/\/narteks.net\/index.php\/2010\/04\/17\/min-dit-ve-sahipsizlik-evrim-alatas\/#breadcrumb\",\"itemListElement\":[{\"@type\":\"ListItem\",\"position\":1,\"name\":\"Anasayfa\",\"item\":\"https:\/\/narteks.net\/\"},{\"@type\":\"ListItem\",\"position\":2,\"name\":\"\u2018Min D\u00eet\u2019 ve sahipsizlik | Evrim Alata\u015f\"}]},{\"@type\":\"WebSite\",\"@id\":\"https:\/\/narteks.net\/#website\",\"url\":\"https:\/\/narteks.net\/\",\"name\":\"narteks.net\",\"description\":\"K\u00fclt\u00fcr Sanat Edebiyat Felsefe\",\"publisher\":{\"@id\":\"https:\/\/narteks.net\/#organization\"},\"alternateName\":\"K\u00fclt\u00fcr Sanat Edebiyat Felsefe\",\"potentialAction\":[{\"@type\":\"SearchAction\",\"target\":{\"@type\":\"EntryPoint\",\"urlTemplate\":\"https:\/\/narteks.net\/?s={search_term_string}\"},\"query-input\":{\"@type\":\"PropertyValueSpecification\",\"valueRequired\":true,\"valueName\":\"search_term_string\"}}],\"inLanguage\":\"tr\"},{\"@type\":\"Organization\",\"@id\":\"https:\/\/narteks.net\/#organization\",\"name\":\"narteks.net\",\"url\":\"https:\/\/narteks.net\/\",\"logo\":{\"@type\":\"ImageObject\",\"inLanguage\":\"tr\",\"@id\":\"https:\/\/narteks.net\/#\/schema\/logo\/image\/\",\"url\":\"https:\/\/narteks.net\/wp-content\/uploads\/narteks.png\",\"contentUrl\":\"https:\/\/narteks.net\/wp-content\/uploads\/narteks.png\",\"width\":300,\"height\":90,\"caption\":\"narteks.net\"},\"image\":{\"@id\":\"https:\/\/narteks.net\/#\/schema\/logo\/image\/\"},\"sameAs\":[\"https:\/\/x.com\/narteks\",\"https:\/\/instagram.com\/narteksnet\"]},{\"@type\":\"Person\",\"@id\":\"https:\/\/narteks.net\/#\/schema\/person\/61f37d9834294b72d31d274e7ed79bca\",\"name\":\"Tar\u0131k\",\"image\":{\"@type\":\"ImageObject\",\"inLanguage\":\"tr\",\"@id\":\"https:\/\/narteks.net\/#\/schema\/person\/image\/\",\"url\":\"https:\/\/secure.gravatar.com\/avatar\/50865afb55632c4ae467e0af0930f6510aa2297d8014be502a55b14f3b7550cf?s=96&d=mm&r=g\",\"contentUrl\":\"https:\/\/secure.gravatar.com\/avatar\/50865afb55632c4ae467e0af0930f6510aa2297d8014be502a55b14f3b7550cf?s=96&d=mm&r=g\",\"caption\":\"Tar\u0131k\"},\"sameAs\":[\"http:\/\/narteks.net\"],\"url\":\"https:\/\/narteks.net\/index.php\/author\/narbak\/\"}]}<\/script>\n<!-- \/ Yoast SEO Premium plugin. -->","yoast_head_json":{"title":"\u2018Min D\u00eet\u2019 ve sahipsizlik | Evrim Alata\u015f - narteks.net","robots":{"index":"index","follow":"follow","max-snippet":"max-snippet:-1","max-image-preview":"max-image-preview:large","max-video-preview":"max-video-preview:-1"},"canonical":"https:\/\/narteks.net\/index.php\/2010\/04\/17\/min-dit-ve-sahipsizlik-evrim-alatas\/","og_locale":"tr_TR","og_type":"article","og_title":"\u2018Min D\u00eet\u2019 ve sahipsizlik | Evrim Alata\u015f","og_description":"Balyozlar, darbe planlar\u0131, muvazzaf subaylar, yeni anayasa&#8230; Beynim elli alt\u0131. Bu meselelere girmek en az\u0131ndan \u015fimdilik zor geliyor bana. Daha sade, daha sakin konulara ihtiyac\u0131m var. Bu sebepten, yak\u0131n zamanda vizyona giren ve T\u00fcrkiye K\u00fcrtlerinin \u201cilk K\u00fcrt\u00e7e politik filmi\u201d olan Min D\u00eet\u2019ten bahsedece\u011fim. Hik\u00e2yesini Miraz Bezar\u2019la beraber yazm\u0131\u015ft\u0131k. Miraz, Almanya\u2019da b\u00fcy\u00fcm\u00fc\u015f bir y\u00f6netmen ve derdi [&hellip;]","og_url":"https:\/\/narteks.net\/index.php\/2010\/04\/17\/min-dit-ve-sahipsizlik-evrim-alatas\/","og_site_name":"narteks.net","article_published_time":"2010-04-17T12:43:49+00:00","og_image":[{"url":"http:\/\/3.bp.blogspot.com\/-YWQfR6NZrwc\/UeQJc8BpbfI\/AAAAAAABBHQ\/0_fqmPS7Xy4\/s1600\/evrim+alata%C5%9F.jpg","type":"","width":"","height":""}],"author":"Tar\u0131k","twitter_card":"summary_large_image","twitter_creator":"@narteks","twitter_site":"@narteks","twitter_misc":{"Yazan:":"Tar\u0131k","Tahmini okuma s\u00fcresi":"4 dakika"},"schema":{"@context":"https:\/\/schema.org","@graph":[{"@type":"Article","@id":"https:\/\/narteks.net\/index.php\/2010\/04\/17\/min-dit-ve-sahipsizlik-evrim-alatas\/#article","isPartOf":{"@id":"https:\/\/narteks.net\/index.php\/2010\/04\/17\/min-dit-ve-sahipsizlik-evrim-alatas\/"},"author":{"name":"Tar\u0131k","@id":"https:\/\/narteks.net\/#\/schema\/person\/61f37d9834294b72d31d274e7ed79bca"},"headline":"\u2018Min D\u00eet\u2019 ve sahipsizlik | Evrim Alata\u015f","datePublished":"2010-04-17T12:43:49+00:00","mainEntityOfPage":{"@id":"https:\/\/narteks.net\/index.php\/2010\/04\/17\/min-dit-ve-sahipsizlik-evrim-alatas\/"},"wordCount":802,"commentCount":0,"publisher":{"@id":"https:\/\/narteks.net\/#organization"},"image":{"@id":"https:\/\/narteks.net\/index.php\/2010\/04\/17\/min-dit-ve-sahipsizlik-evrim-alatas\/#primaryimage"},"thumbnailUrl":"http:\/\/3.bp.blogspot.com\/-YWQfR6NZrwc\/UeQJc8BpbfI\/AAAAAAABBHQ\/0_fqmPS7Xy4\/s1600\/evrim+alata%C5%9F.jpg","articleSection":["T\u00fcrkiye"],"inLanguage":"tr","potentialAction":[{"@type":"CommentAction","name":"Comment","target":["https:\/\/narteks.net\/index.php\/2010\/04\/17\/min-dit-ve-sahipsizlik-evrim-alatas\/#respond"]}]},{"@type":"WebPage","@id":"https:\/\/narteks.net\/index.php\/2010\/04\/17\/min-dit-ve-sahipsizlik-evrim-alatas\/","url":"https:\/\/narteks.net\/index.php\/2010\/04\/17\/min-dit-ve-sahipsizlik-evrim-alatas\/","name":"\u2018Min D\u00eet\u2019 ve sahipsizlik | Evrim Alata\u015f - narteks.net","isPartOf":{"@id":"https:\/\/narteks.net\/#website"},"primaryImageOfPage":{"@id":"https:\/\/narteks.net\/index.php\/2010\/04\/17\/min-dit-ve-sahipsizlik-evrim-alatas\/#primaryimage"},"image":{"@id":"https:\/\/narteks.net\/index.php\/2010\/04\/17\/min-dit-ve-sahipsizlik-evrim-alatas\/#primaryimage"},"thumbnailUrl":"http:\/\/3.bp.blogspot.com\/-YWQfR6NZrwc\/UeQJc8BpbfI\/AAAAAAABBHQ\/0_fqmPS7Xy4\/s1600\/evrim+alata%C5%9F.jpg","datePublished":"2010-04-17T12:43:49+00:00","breadcrumb":{"@id":"https:\/\/narteks.net\/index.php\/2010\/04\/17\/min-dit-ve-sahipsizlik-evrim-alatas\/#breadcrumb"},"inLanguage":"tr","potentialAction":[{"@type":"ReadAction","target":["https:\/\/narteks.net\/index.php\/2010\/04\/17\/min-dit-ve-sahipsizlik-evrim-alatas\/"]}]},{"@type":"ImageObject","inLanguage":"tr","@id":"https:\/\/narteks.net\/index.php\/2010\/04\/17\/min-dit-ve-sahipsizlik-evrim-alatas\/#primaryimage","url":"http:\/\/3.bp.blogspot.com\/-YWQfR6NZrwc\/UeQJc8BpbfI\/AAAAAAABBHQ\/0_fqmPS7Xy4\/s1600\/evrim+alata%C5%9F.jpg","contentUrl":"http:\/\/3.bp.blogspot.com\/-YWQfR6NZrwc\/UeQJc8BpbfI\/AAAAAAABBHQ\/0_fqmPS7Xy4\/s1600\/evrim+alata%C5%9F.jpg"},{"@type":"BreadcrumbList","@id":"https:\/\/narteks.net\/index.php\/2010\/04\/17\/min-dit-ve-sahipsizlik-evrim-alatas\/#breadcrumb","itemListElement":[{"@type":"ListItem","position":1,"name":"Anasayfa","item":"https:\/\/narteks.net\/"},{"@type":"ListItem","position":2,"name":"\u2018Min D\u00eet\u2019 ve sahipsizlik | Evrim Alata\u015f"}]},{"@type":"WebSite","@id":"https:\/\/narteks.net\/#website","url":"https:\/\/narteks.net\/","name":"narteks.net","description":"K\u00fclt\u00fcr Sanat Edebiyat Felsefe","publisher":{"@id":"https:\/\/narteks.net\/#organization"},"alternateName":"K\u00fclt\u00fcr Sanat Edebiyat Felsefe","potentialAction":[{"@type":"SearchAction","target":{"@type":"EntryPoint","urlTemplate":"https:\/\/narteks.net\/?s={search_term_string}"},"query-input":{"@type":"PropertyValueSpecification","valueRequired":true,"valueName":"search_term_string"}}],"inLanguage":"tr"},{"@type":"Organization","@id":"https:\/\/narteks.net\/#organization","name":"narteks.net","url":"https:\/\/narteks.net\/","logo":{"@type":"ImageObject","inLanguage":"tr","@id":"https:\/\/narteks.net\/#\/schema\/logo\/image\/","url":"https:\/\/narteks.net\/wp-content\/uploads\/narteks.png","contentUrl":"https:\/\/narteks.net\/wp-content\/uploads\/narteks.png","width":300,"height":90,"caption":"narteks.net"},"image":{"@id":"https:\/\/narteks.net\/#\/schema\/logo\/image\/"},"sameAs":["https:\/\/x.com\/narteks","https:\/\/instagram.com\/narteksnet"]},{"@type":"Person","@id":"https:\/\/narteks.net\/#\/schema\/person\/61f37d9834294b72d31d274e7ed79bca","name":"Tar\u0131k","image":{"@type":"ImageObject","inLanguage":"tr","@id":"https:\/\/narteks.net\/#\/schema\/person\/image\/","url":"https:\/\/secure.gravatar.com\/avatar\/50865afb55632c4ae467e0af0930f6510aa2297d8014be502a55b14f3b7550cf?s=96&d=mm&r=g","contentUrl":"https:\/\/secure.gravatar.com\/avatar\/50865afb55632c4ae467e0af0930f6510aa2297d8014be502a55b14f3b7550cf?s=96&d=mm&r=g","caption":"Tar\u0131k"},"sameAs":["http:\/\/narteks.net"],"url":"https:\/\/narteks.net\/index.php\/author\/narbak\/"}]}},"_links":{"self":[{"href":"https:\/\/narteks.net\/index.php\/wp-json\/wp\/v2\/posts\/4484","targetHints":{"allow":["GET"]}}],"collection":[{"href":"https:\/\/narteks.net\/index.php\/wp-json\/wp\/v2\/posts"}],"about":[{"href":"https:\/\/narteks.net\/index.php\/wp-json\/wp\/v2\/types\/post"}],"author":[{"embeddable":true,"href":"https:\/\/narteks.net\/index.php\/wp-json\/wp\/v2\/users\/1"}],"replies":[{"embeddable":true,"href":"https:\/\/narteks.net\/index.php\/wp-json\/wp\/v2\/comments?post=4484"}],"version-history":[{"count":0,"href":"https:\/\/narteks.net\/index.php\/wp-json\/wp\/v2\/posts\/4484\/revisions"}],"wp:attachment":[{"href":"https:\/\/narteks.net\/index.php\/wp-json\/wp\/v2\/media?parent=4484"}],"wp:term":[{"taxonomy":"category","embeddable":true,"href":"https:\/\/narteks.net\/index.php\/wp-json\/wp\/v2\/categories?post=4484"},{"taxonomy":"post_tag","embeddable":true,"href":"https:\/\/narteks.net\/index.php\/wp-json\/wp\/v2\/tags?post=4484"}],"curies":[{"name":"wp","href":"https:\/\/api.w.org\/{rel}","templated":true}]}}