{"id":4486,"date":"2010-04-18T14:20:20","date_gmt":"2010-04-18T11:20:20","guid":{"rendered":"http:\/\/localhost\/wordpress\/2010\/04\/18\/basbakana-mektup-cozum-halklarimizin-oz-temsilcileriyle-birlikte-saglanabilir-vedat-turkali\/"},"modified":"2010-04-18T14:20:20","modified_gmt":"2010-04-18T11:20:20","slug":"basbakana-mektup-cozum-halklarimizin-oz-temsilcileriyle-birlikte-saglanabilir-vedat-turkali","status":"publish","type":"post","link":"https:\/\/narteks.net\/index.php\/2010\/04\/18\/basbakana-mektup-cozum-halklarimizin-oz-temsilcileriyle-birlikte-saglanabilir-vedat-turkali\/","title":{"rendered":"Ba\u015fbakana mektup: \u00c7\u00f6z\u00fcm halklar\u0131m\u0131z\u0131n \u00f6z temsilcileriyle birlikte sa\u011flanabilir | Vedat T\u00fcrkali"},"content":{"rendered":"<p style=\"text-align: justify;\"><img loading=\"lazy\" decoding=\"async\" style=\"float: left;\" src=\"http:\/\/img.haberler.com\/haber\/520\/vedat-turkali-okurlariyla-bulusuyor_o.jpg\" width=\"155\" height=\"205\" border=\"0\" \/> Ba\u015fbakan Tayyip Erdo\u011fan\u2019\u0131n yazarlar i\u00e7in verdi\u011fi kahvalt\u0131l\u0131 davete mazeret bildirerek kat\u0131lmayan Vedat T\u00fcrkali, Erdo\u011fan\u2019a hitaben bir mektup kaleme ald\u0131. \u201cK\u00fcrt sorunu \u00e7\u00f6z\u00fclmeden demokrasi sorunu \u00e7\u00f6z\u00fclmez, demokrasi sorunu \u00e7\u00f6z\u00fclmeden de K\u00fcrt sorunu \u00e7\u00f6z\u00fclmez\u201d diyen T\u00fcrkali, K\u00fcrt sorununda \u015fiddete ve inkara dayal\u0131 politikalar\u0131n s\u00fcrd\u00fcr\u00fclmesini ele\u015ftirdi. Ba\u015fbakan\u2019a \u201cBildi\u011fime g\u00f6re, eski bir \u201ckom\u00fcnizmle m\u00fccadele\u201d \u00f6rg\u00fct\u00fc militan\u0131s\u0131n\u0131z\u201d diye seslenen T\u00fcrkali, y\u00fczde 10 baraj\u0131n\u0131n korunmas\u0131ndan ve halklar\u0131n \u00f6z temsilcilerinin iradesinin d\u0131\u015flanmas\u0131ndan vazge\u00e7ilmesini istedi.<\/p>\n<p>\u201cSay\u0131n Ba\u015fbakan<\/p>\n<p>17 Nisan 2010 Cumartesi g\u00fcn\u00fc saat 10.00\u2019daki Kahvalt\u0131l\u0131 toplant\u0131 i\u00e7in g\u00f6nderdi\u011finiz incelikli \u00e7a\u011fr\u0131n\u0131za sa\u011f olun diyor, ya\u015f\u0131mdan do\u011fan sa\u011fl\u0131k engellerinden \u00f6t\u00fcr\u00fc kat\u0131lamayaca\u011f\u0131m\u0131 \u00f6z\u00fcr dileyerek bildiriyorum.<\/p>\n<p>Ge\u00e7erli, egemen politik s\u00f6ylemin, sol kanad\u0131 k\u0131r\u0131k ku\u015fa benzetildi\u011fi bir \u00fclkede var olan de\u011fi\u015fim potansiyelini de\u011ferlendirerek sorunlar\u0131 \u00e7\u00f6zmek, kolay ba\u015far\u0131labilecek i\u015f de\u011fildir. \u201cTam demokratik bir Anayasa\u201d, T\u00fcrkiye\u2019nin temel gereksinimidir. Bug\u00fcnk\u00fc ortamda b\u00f6yle bir anayasan\u0131n yap\u0131labilmesi de g\u00fc\u00e7 g\u00f6r\u00fcn\u00fcr. Ancak, bin bir kirli oyunla T\u00fcrkiye\u2019ye giydirilmi\u015f, \u201c\u201982 Anayasas\u0131\u201d adl\u0131 deli g\u00f6mle\u011finden bir bi\u00e7imde kurtulmam\u0131z\u0131n ku\u015fkusuz ki \u00f6nceli\u011fi var. Bu yolda at\u0131lacak her ad\u0131m\u0131n, elimden geldi\u011fince arkas\u0131nda olmay\u0131 yurtta\u015fl\u0131k borcu sayar\u0131m.<\/p>\n<p>Y\u0131llardan beri s\u00f6yleyip yazd\u0131\u011f\u0131m bir temel d\u00fc\u015f\u00fcncemi yineleyerek izninizle bir iki noktaya de\u011finmeye \u00e7al\u0131\u015faca\u011f\u0131m. \u201cK\u00fcrt sorunu\u201d \u00e7\u00f6z\u00fclmeden demokrasi Sorunu \u00e7\u00f6z\u00fclmez; \u201cDemokrasi Sorunu\u201d \u00e7\u00f6z\u00fclmeden de K\u00fcrt Sorunu \u00e7\u00f6z\u00fclmez.<\/p>\n<p>Say\u0131n Ba\u015fbakan,<\/p>\n<p>Sizden, \u00fclkemiz i\u00e7in ya\u015famsal \u00f6nemde oldu\u011funa inand\u0131\u011f\u0131m bu konuda, en acil i\u015f olarak \u00fclkede akan kan\u0131n, \u201chemen, \u015fu anda!\u201d durdurulmas\u0131n\u0131 bekledi\u011fimi s\u00f6ylememe izin veriniz! \u0130nsanlar\u0131m\u0131z\u0131n birbirlerine k\u0131rd\u0131r\u0131ld\u0131\u011f\u0131, ormanlar\u0131m\u0131z\u0131n yak\u0131l\u0131p k\u00fcl edildi\u011fi bu uygulama, emperyalist silah tekellerine trilyonlarca dolar kazand\u0131ran bu kanl\u0131 yol, yoksul \u00fclkemizi g\u0131rtla\u011f\u0131na kadar bor\u00e7 bata\u011f\u0131na s\u00fcr\u00fcklemi\u015f kurnaz bir emperyalist oyunun kanl\u0131 par\u00e7as\u0131d\u0131r; i\u00e7-d\u0131\u015f odaklardan kaynaklan\u0131r. Medyada bu g\u00fcnlerde, ma\u011faralar\u0131n i\u00e7indekileri de yakan tanklar\u0131n ordu i\u00e7in sat\u0131n al\u0131nd\u0131\u011f\u0131 duyuruluyor. Yak\u0131lacak o gen\u00e7ler bizim \u00e7ocuklar\u0131m\u0131z. B\u00f6yle bir insanl\u0131k d\u0131\u015f\u0131 at\u0131l\u0131m\u0131n sizi tarihe kar\u015f\u0131 ne duruma d\u00fc\u015f\u00fcrece\u011fini l\u00fctfen d\u00fc\u015f\u00fcnmenizi dilerim. Tarihimizdeki \u201cDersim facias\u0131\u201dna, benzerinin eklenmesine seyirci kalman\u0131n bir devlet y\u00f6neticisine nas\u0131l a\u011f\u0131r sorumluluk y\u00fckleyece\u011fini s\u00f6ylememize gerek var m\u0131? Ge\u00e7mi\u015fteki bir devlet ba\u015fkan\u0131m\u0131z\u0131n, bu temel sorunumuzu \u00e7\u00f6zme u\u011fra\u015f\u0131 verece\u011fine, yirmi sekiz kez ba\u015fkald\u0131rd\u0131klar\u0131n\u0131, yenildiklerini, nerdeyse \u00f6v\u00fcnerek a\u00e7\u0131klad\u0131\u011f\u0131, bin y\u0131ld\u0131r birlikte ya\u015fad\u0131\u011f\u0131m\u0131z karde\u015f bir halk\u0131n \u00e7ocuklar\u0131 olarak da\u011fa \u00e7\u0131kmak zorunda b\u0131rak\u0131lm\u0131\u015f gen\u00e7lere, \u201cter\u00f6rist\u201d damgas\u0131 vurmakla neyi \u00e7\u00f6zebildik? Tarihi yanl\u0131\u015f okuyarak \u00fcstlerine kanla gittik; \u00fcst\u00fcm\u00fcze kanla geldiler. \u0130\u015fin \u00f6z\u00fc, \u00f6zeti bu. Bar\u0131\u015f\u00e7\u0131l yolun tutulmas\u0131 gerekli\u011fine, olaylar\u0131n a\u00e7\u0131k bask\u0131s\u0131yla siz de inanm\u0131\u015f olmal\u0131s\u0131n\u0131z ki, sessiz politika yoluyla denemeye de kalkt\u0131n\u0131z. Bu yol herkese umutlar verdi. \u00dclkemizin talihsizli\u011fi \u015fu ki, yukarda da de\u011findi\u011fim gibi sa\u011fl\u0131kl\u0131 bir sol muhalefetle de\u011fil, \u201ckara\u00e7al\u0131\u201d bir muhalefetle \u00e7al\u0131\u015fmak zorundas\u0131n\u0131z. Kimi densizlikler abart\u0131larak hemen \u00fcst\u00fcn\u00fcze vard\u0131lar. Yaz\u0131k ki \u00fcrkt\u00fcn\u00fcz; devlet g\u00fcvencesiyle \u00fclkeye gelenleri, a\u011f\u0131r su\u00e7lamalarla yarg\u0131lama yolu a\u00e7\u0131ld\u0131. B\u00f6lge halklar\u0131n\u0131n, y\u00fczy\u0131llar boyu kafas\u0131ndaki \u201cKaypak Osmanl\u0131\u201d devlet anlay\u0131\u015f\u0131 yeniden canland\u0131. Oyuna getirildiniz Say\u0131n Ba\u015fbakan. Bu yaln\u0131z sizin de\u011fil t\u00fcm T\u00fcrkiye\u2019nin kayb\u0131d\u0131r. Ezilen bir halk\u0131n ger\u00e7ek temsilcilerini d\u0131\u015flayarak, tutuklayarak, sald\u0131rarak, da\u011fa \u00e7\u0131kmak zorunda b\u0131rak\u0131lm\u0131\u015f gen\u00e7lerini yakarak bu temel, ya\u015famsal sorunumuzu kimse \u00e7\u00f6zemez; \u00fclkeye demokrasi getiremez.<\/p>\n<p>Bug\u00fcn mafya yap\u0131s\u0131ndaki emperyalist \u00fclkeler, ter\u00f6re kar\u015f\u0131, s\u00f6zde bar\u0131\u015f-demokrasi i\u00e7in kutsal sava\u015f y\u00fcr\u00fct\u00fcyorlar! Irak, Afganistan, \u00e7evremizdeki en yak\u0131n kanl\u0131 \u00f6rnekleri. Bu, bar\u0131\u015fsever kurtar\u0131c\u0131(!) \u00fclkeler ekonomisinin y\u00fczde onunu silah sanayileri olu\u015fturur. D\u00fcnyada \u201cbar\u0131\u015f\u201d demek bu ekonomilerin \u00e7\u00f6k\u00fc\u015f\u00fc demektir. Yery\u00fcz\u00fcnde nerede sava\u015f varsa, iki yan\u0131n silahlar\u0131n\u0131 da, herkes bilir ki, bunlar satar. A\u00e7\u0131k ya da sinsice iki yanl\u0131 k\u0131\u015fk\u0131rtmalara dayal\u0131 \u00f6l\u00fcm ticareti bi\u00e7imindeki 3. D\u00fcnya sava\u015f\u0131 b\u00f6yle y\u00fcr\u00fct\u00fcl\u00fcyor. Yunanistan\u2019la \u00fclkemizin pahal\u0131 silahlanma yar\u0131\u015f\u0131yla nas\u0131l \u00e7\u0131kmaza sokuldu\u011funu, bu g\u00fcn g\u00f6rmeyen ki\u015fi kalmad\u0131. \u00dclkemiz sorunsal\u0131 i\u00e7inde \u00e7\u00f6z\u00fcms\u00fczl\u00fc\u011fe s\u00fcr\u00fcklenmi\u015f K\u00fcrt sorununun yoksul halklar\u0131m\u0131za nas\u0131l kanl\u0131 faturalar \u00f6detti\u011finin bilincine varm\u0131\u015f, K\u00fcrt-T\u00fcrk, \u00e7ok say\u0131da ki\u015fi var bug\u00fcn \u00fclkemizde. \u00d6zellikle K\u00fcrtler aras\u0131nda en do\u011fru \u00e7\u00f6z\u00fcm pe\u015finde olanlar\u0131n d\u0131\u015flanmas\u0131 i\u00e7in k\u00fc\u00e7\u00fck oyunlar oynan\u0131yor; s\u00f6z gelimi, apa\u00e7\u0131k \u201cantidemokratik \u201c% 10\u201d se\u00e7im baraj\u0131, dar parti \u00e7\u0131karlar\u0131 i\u00e7in s\u0131ms\u0131k\u0131 korunmaya \u00e7al\u0131\u015f\u0131l\u0131yor. Bu yolla nereye var\u0131labilir? Bu konuda en do\u011fru, en yerinde s\u00f6ylenmi\u015f bir s\u00f6z\u00fc, y\u0131llar\u0131n\u0131 halklar\u0131n karde\u015fli\u011fi yolunda \u00e7ileler \u00e7ekmeye adam\u0131\u015f Leyla Zana k\u0131z\u0131m\u0131z\u0131n bir s\u00f6z\u00fcn\u00fc yineleyece\u011fim: \u201cBu sorunu, Amerikan, \u0130ngiliz, Alman\u2026 de\u011fil, biz K\u00fcrtlerle T\u00fcrkler kendi aram\u0131zda \u00e7\u00f6zece\u011fiz.\u201d Tarih sizin \u00f6n\u00fcn\u00fcze b\u00f6yle bir \u00e7\u00f6z\u00fcm olana\u011f\u0131 koymu\u015ftur Say\u0131n Ba\u015fbakan. Onurlu \u00e7\u00f6z\u00fcm, Ortado\u011fu\u2019daki Amerikan oyunlar\u0131na d\u00fc\u015fmeden, oyuncular\u0131ndan da sak\u0131n\u0131larak, \u00fclkemizde, kendi halklar\u0131m\u0131z\u0131n \u00f6z temsilcileriyle birlikte sa\u011flanabilir. Bu tarihsel f\u0131rsat\u0131 do\u011fru de\u011ferlendirmemek \u00fclkemize \u00e7ok \u015fey kaybettirecektir.<\/p>\n<p>D\u00fcnya Bankas\u0131 ba\u015f\u0131ndaki Mc Namara\u2019n\u0131n, yapt\u0131\u011f\u0131 t\u00fcyler \u00fcrpertici a\u00e7\u0131klamas\u0131n\u0131 unutmam\u0131\u015fs\u0131n\u0131zd\u0131r: Vietnam\u2019da Amerikan sava\u015f u\u00e7aklar\u0131n\u0131n d\u00fc\u015fmesiyle ( Yani gen\u00e7lerin \u00f6lmesiyle) Amerikan ekonomisinin kurtuldu\u011funu \u201ctimsah!\u201d g\u00f6zya\u015flar\u0131yla a\u00e7\u0131klam\u0131\u015ft\u0131! Vietnam\u2019l\u0131, Amerikal\u0131 analar\u0131n d\u00f6kt\u00fc\u011f\u00fc g\u00f6zya\u015flar\u0131n\u0131 d\u00fc\u015f\u00fcnmeyenler bizim analar\u0131m\u0131z\u0131n ac\u0131s\u0131n\u0131 d\u00fc\u015f\u00fcn\u00fcr m\u00fc? Bug\u00fcn yery\u00fcz\u00fcne egemen \u201cTek di\u015fi kalm\u0131\u015f canavar\u201d\u0131n ha\u00e7l\u0131-ha\u00e7s\u0131z- e\u015fk\u0131yalar\u0131, o duruma d\u00fc\u015fecek bir T\u00fcrkiye\u2019ye, Yunanistan\u2019a g\u00f6sterdikleri duyarl\u0131\u011f\u0131n acaba ne kadar\u0131n\u0131 g\u00f6stereceklerdir? Bu ha\u00e7l\u0131-ha\u00e7s\u0131z e\u015fk\u0131yalar\u0131n \u201cvelevki\u201d el uzatacaklar\u0131n\u0131 var sayal\u0131m. Bu giri\u015fimin \u00fclkemiz i\u00e7in hay\u0131rl\u0131 olabilece\u011fine, bizim \u201c\u015feriat\u00e7\u0131\u201d, \u201clay\u0131k\u00e7\u0131\u201d e\u015fk\u0131yalar\u0131m\u0131zla i\u015fbirli\u011fi yapmaktan \u00f6te, hay\u0131rl\u0131 ad\u0131m atacaklar\u0131na inan\u0131yor musunuz? B\u00f6yle bir soruyu sormam, Siyonist canavarl\u0131\u011fa kar\u015f\u0131 sayg\u0131de\u011fer tutumunuza mutlulukla tan\u0131k olmamdan kaynaklan\u0131yor. \u0130slam\u2019a uygun davran\u0131\u015f budur; dolar k\u00f6lesi durumuna d\u00fc\u015fm\u00fc\u015f kimi \u0130slam y\u00f6netimlerinin, mal m\u00fclk sevdal\u0131s\u0131 Ebu S\u00fcfyan M\u00fcsl\u00fcmanl\u0131\u011f\u0131 de\u011fil. Kendini \u00e7\u0131kmazlardan kurtarmak i\u00e7in umutsuzca \u00e7\u0131rp\u0131n\u0131p duran finans oligar\u015fisinin pen\u00e7esindeki \u201cglobalist\u201d d\u00fcnya d\u00fczeni, bizi ancak soymaya gelir. Bir g\u00fcnler bizim ya\u015fad\u0131\u011f\u0131m\u0131z \u201claik\u00e7i devrimci!\u201d \u201cKara o\u011flan\u201d efsanesi hangi temel sorunumuzu \u00e7\u00f6zebildi? Bu g\u00fcn T\u00fcrkiye\u2019de \u201con milyon i\u015fsiz var. Obama\u2019yla, bir ba\u015fka bi\u00e7imde o efsaneyi, \u201celli milyon a\u00e7\u201d bulundu\u011fu medyaca duyurulan Amerika ya\u015f\u0131yor bu g\u00fcn. Onun da sonu g\u00f6r\u00fclecektir.<\/p>\n<p>Ben 91 ya\u015f\u0131nda, Marksist-Leninist bir roman yazar\u0131y\u0131m; y\u0131llar\u0131n yaz\u0131-sinema emek\u00e7isiyim. T\u00fcrkiye\u2019nin en eski proleter devrimci Partisinin, T\u00fcrkiye Kom\u00fcnist Partisi\u2019nin bug\u00fcne kalan birka\u00e7 \u00fcyesinden biriyim. Siz de, bildi\u011fime g\u00f6re, eski bir \u201ckom\u00fcnizmle m\u00fccadele\u201d \u00f6rg\u00fct\u00fc militan\u0131s\u0131n\u0131z. O tutumunuzun yanl\u0131\u015fl\u0131\u011f\u0131n\u0131, \u00fclkemizin yoksul emek\u00e7i halklar\u0131na de\u011fil, i\u00e7-d\u0131\u015f soygunculara yarar sa\u011flad\u0131\u011f\u0131n\u0131 bilirim. O oyunlarda kullan\u0131lan ki\u015filerin de bug\u00fcn bu ger\u00e7e\u011fi g\u00f6rd\u00fcklerini, bu bilince vard\u0131klar\u0131n\u0131 ummak isterim. Bu pro-fa\u015fist tutumun kom\u00fcnist olmamakla hi\u00e7bir ilgisi yoktur. Bu g\u00fcn siz \u201c\u015eeriat\u00e7\u0131\u201dl\u0131kla su\u00e7lan\u0131yorsunuz; att\u0131\u011f\u0131n\u0131z ad\u0131mlara ku\u015fkuyla bak\u0131l\u0131yor. Yukar\u0131da da de\u011findi\u011fim gibi, \u0130slam\u2019\u0131n temel ilkesinin, bu g\u00fcn yery\u00fcz\u00fcne egemen soygun d\u00fczeniyle ba\u011fda\u015fmayaca\u011f\u0131na inan\u0131r\u0131m. \u0130nan\u00e7 d\u00fcnyan\u0131za, \u00f6z\u00fcnde sayg\u0131l\u0131y\u0131m. Son roman\u0131mda da bu konuyu i\u015flemeye \u00e7al\u0131\u015ft\u0131m. \u201c\u015eahs\u0131n g\u00f6r\u00fcn\u00fcr r\u00fctbe-i akl\u0131 eserinde.\u201d Att\u0131\u011f\u0131n\u0131z\u0131 g\u00f6rd\u00fc\u011f\u00fcm her olumlu ad\u0131ma, \u00f6n yarg\u0131ya kap\u0131lmadan, g\u00fcc\u00fcm yetti\u011fince destek olmak isterim. \u0130nand\u0131\u011f\u0131m do\u011fru yol budur. Bir \u00fclkede demokrasi ortam\u0131 olu\u015fturulmas\u0131n\u0131n en ilkel ko\u015fulu da budur. Bu temel ilkenin bir ba\u015fbakanca \u00f6zenle, titizlikle korunmas\u0131 gerekir. E\u011fer demokrasiye inan\u0131yorsak, bir ba\u015fbakan\u0131n, bir g\u00fcnler T.K.P.\u2019de yer ald\u0131\u011f\u0131n\u0131 sand\u0131\u011f\u0131 ki\u015fiye, ge\u00e7mi\u015fine ili\u015fkin g\u00f6zda\u011f\u0131 verme\u011fe kalkmas\u0131, inand\u0131r\u0131c\u0131l\u0131\u011f\u0131n\u0131 tehlikeye sokar. Ne \u201csosyal\u201d, ne de \u201cdemokrat\u201d olmayan uyan\u0131klara, eski bir kom\u00fcnisti kolluyormu\u015f havas\u0131nda ucuzundan solcu yi\u011fitlenme olana\u011f\u0131 kazand\u0131r\u0131r. (Kemal Anadol, Deniz Baykal\u2019la aran\u0131zda ge\u00e7mi\u015f tart\u0131\u015fmay\u0131 umar\u0131m an\u0131msars\u0131n\u0131z). Bunun da \u00fclkemize hayr\u0131 olmaz.<\/p>\n<p>G\u00f6r\u00fcyorsunuz ki, kimse i\u00e7in \u00f6n yarg\u0131m yok Say\u0131n Ba\u015fbakan.<\/p>\n<p>Sizi, ge\u00e7mi\u015finizdeki olaylar, ya da kutsal inan\u00e7lar\u0131n\u0131z i\u00e7in su\u00e7lamak de\u011fil, yapacaklar\u0131n\u0131zdan \u00f6t\u00fcr\u00fc kutlamak isterim. D\u00fc\u015f\u00fcncelerimi a\u00e7\u0131klamak f\u0131rsat\u0131 verdi\u011finiz i\u00e7in iyi dileklerimle sa\u011f olun diyorum.<\/p>\n<p>Sayg\u0131yla.<br \/>Vedat T\u00fcrkali<br \/>16.04.2010\/Cihangir<\/p>\n<p style=\"text-align: justify;\">kaynak:\u00a0 sendika.org<\/p>\n","protected":false},"excerpt":{"rendered":"<p>Ba\u015fbakan Tayyip Erdo\u011fan\u2019\u0131n yazarlar i\u00e7in verdi\u011fi kahvalt\u0131l\u0131 davete mazeret bildirerek kat\u0131lmayan Vedat T\u00fcrkali, Erdo\u011fan\u2019a hitaben bir mektup kaleme ald\u0131. \u201cK\u00fcrt sorunu \u00e7\u00f6z\u00fclmeden demokrasi sorunu \u00e7\u00f6z\u00fclmez, demokrasi sorunu \u00e7\u00f6z\u00fclmeden de K\u00fcrt sorunu \u00e7\u00f6z\u00fclmez\u201d diyen T\u00fcrkali, K\u00fcrt sorununda \u015fiddete ve inkara dayal\u0131 politikalar\u0131n s\u00fcrd\u00fcr\u00fclmesini ele\u015ftirdi. Ba\u015fbakan\u2019a \u201cBildi\u011fime g\u00f6re, eski bir \u201ckom\u00fcnizmle m\u00fccadele\u201d \u00f6rg\u00fct\u00fc militan\u0131s\u0131n\u0131z\u201d diye seslenen T\u00fcrkali, [&hellip;]<\/p>\n","protected":false},"author":1,"featured_media":0,"comment_status":"open","ping_status":"open","sticky":false,"template":"","format":"standard","meta":{"footnotes":""},"categories":[98],"tags":[],"class_list":{"0":"post-4486","1":"post","2":"type-post","3":"status-publish","4":"format-standard","6":"category-turkiye"},"yoast_head":"<!-- This site is optimized with the Yoast SEO Premium plugin v24.9 (Yoast SEO v24.9) - https:\/\/yoast.com\/wordpress\/plugins\/seo\/ -->\n<title>Ba\u015fbakana mektup: \u00c7\u00f6z\u00fcm halklar\u0131m\u0131z\u0131n \u00f6z temsilcileriyle birlikte sa\u011flanabilir | Vedat T\u00fcrkali - narteks.net<\/title>\n<meta name=\"robots\" content=\"index, follow, max-snippet:-1, max-image-preview:large, max-video-preview:-1\" \/>\n<link rel=\"canonical\" href=\"https:\/\/narteks.net\/index.php\/2010\/04\/18\/basbakana-mektup-cozum-halklarimizin-oz-temsilcileriyle-birlikte-saglanabilir-vedat-turkali\/\" \/>\n<meta property=\"og:locale\" content=\"tr_TR\" \/>\n<meta property=\"og:type\" content=\"article\" \/>\n<meta property=\"og:title\" content=\"Ba\u015fbakana mektup: \u00c7\u00f6z\u00fcm halklar\u0131m\u0131z\u0131n \u00f6z temsilcileriyle birlikte sa\u011flanabilir | Vedat T\u00fcrkali\" \/>\n<meta property=\"og:description\" content=\"Ba\u015fbakan Tayyip Erdo\u011fan\u2019\u0131n yazarlar i\u00e7in verdi\u011fi kahvalt\u0131l\u0131 davete mazeret bildirerek kat\u0131lmayan Vedat T\u00fcrkali, Erdo\u011fan\u2019a hitaben bir mektup kaleme ald\u0131. \u201cK\u00fcrt sorunu \u00e7\u00f6z\u00fclmeden demokrasi sorunu \u00e7\u00f6z\u00fclmez, demokrasi sorunu \u00e7\u00f6z\u00fclmeden de K\u00fcrt sorunu \u00e7\u00f6z\u00fclmez\u201d diyen T\u00fcrkali, K\u00fcrt sorununda \u015fiddete ve inkara dayal\u0131 politikalar\u0131n s\u00fcrd\u00fcr\u00fclmesini ele\u015ftirdi. Ba\u015fbakan\u2019a \u201cBildi\u011fime g\u00f6re, eski bir \u201ckom\u00fcnizmle m\u00fccadele\u201d \u00f6rg\u00fct\u00fc militan\u0131s\u0131n\u0131z\u201d diye seslenen T\u00fcrkali, [&hellip;]\" \/>\n<meta property=\"og:url\" content=\"https:\/\/narteks.net\/index.php\/2010\/04\/18\/basbakana-mektup-cozum-halklarimizin-oz-temsilcileriyle-birlikte-saglanabilir-vedat-turkali\/\" \/>\n<meta property=\"og:site_name\" content=\"narteks.net\" \/>\n<meta property=\"article:published_time\" content=\"2010-04-18T11:20:20+00:00\" \/>\n<meta property=\"og:image\" content=\"http:\/\/img.haberler.com\/haber\/520\/vedat-turkali-okurlariyla-bulusuyor_o.jpg\" \/>\n<meta name=\"author\" content=\"Tar\u0131k\" \/>\n<meta name=\"twitter:card\" content=\"summary_large_image\" \/>\n<meta name=\"twitter:creator\" content=\"@narteks\" \/>\n<meta name=\"twitter:site\" content=\"@narteks\" \/>\n<meta name=\"twitter:label1\" content=\"Yazan:\" \/>\n\t<meta name=\"twitter:data1\" content=\"Tar\u0131k\" \/>\n\t<meta name=\"twitter:label2\" content=\"Tahmini okuma s\u00fcresi\" \/>\n\t<meta name=\"twitter:data2\" content=\"9 dakika\" \/>\n<script type=\"application\/ld+json\" class=\"yoast-schema-graph\">{\"@context\":\"https:\/\/schema.org\",\"@graph\":[{\"@type\":\"Article\",\"@id\":\"https:\/\/narteks.net\/index.php\/2010\/04\/18\/basbakana-mektup-cozum-halklarimizin-oz-temsilcileriyle-birlikte-saglanabilir-vedat-turkali\/#article\",\"isPartOf\":{\"@id\":\"https:\/\/narteks.net\/index.php\/2010\/04\/18\/basbakana-mektup-cozum-halklarimizin-oz-temsilcileriyle-birlikte-saglanabilir-vedat-turkali\/\"},\"author\":{\"name\":\"Tar\u0131k\",\"@id\":\"https:\/\/narteks.net\/#\/schema\/person\/61f37d9834294b72d31d274e7ed79bca\"},\"headline\":\"Ba\u015fbakana mektup: \u00c7\u00f6z\u00fcm halklar\u0131m\u0131z\u0131n \u00f6z temsilcileriyle birlikte sa\u011flanabilir | Vedat T\u00fcrkali\",\"datePublished\":\"2010-04-18T11:20:20+00:00\",\"mainEntityOfPage\":{\"@id\":\"https:\/\/narteks.net\/index.php\/2010\/04\/18\/basbakana-mektup-cozum-halklarimizin-oz-temsilcileriyle-birlikte-saglanabilir-vedat-turkali\/\"},\"wordCount\":1719,\"commentCount\":0,\"publisher\":{\"@id\":\"https:\/\/narteks.net\/#organization\"},\"image\":{\"@id\":\"https:\/\/narteks.net\/index.php\/2010\/04\/18\/basbakana-mektup-cozum-halklarimizin-oz-temsilcileriyle-birlikte-saglanabilir-vedat-turkali\/#primaryimage\"},\"thumbnailUrl\":\"http:\/\/img.haberler.com\/haber\/520\/vedat-turkali-okurlariyla-bulusuyor_o.jpg\",\"articleSection\":[\"T\u00fcrkiye\"],\"inLanguage\":\"tr\",\"potentialAction\":[{\"@type\":\"CommentAction\",\"name\":\"Comment\",\"target\":[\"https:\/\/narteks.net\/index.php\/2010\/04\/18\/basbakana-mektup-cozum-halklarimizin-oz-temsilcileriyle-birlikte-saglanabilir-vedat-turkali\/#respond\"]}]},{\"@type\":\"WebPage\",\"@id\":\"https:\/\/narteks.net\/index.php\/2010\/04\/18\/basbakana-mektup-cozum-halklarimizin-oz-temsilcileriyle-birlikte-saglanabilir-vedat-turkali\/\",\"url\":\"https:\/\/narteks.net\/index.php\/2010\/04\/18\/basbakana-mektup-cozum-halklarimizin-oz-temsilcileriyle-birlikte-saglanabilir-vedat-turkali\/\",\"name\":\"Ba\u015fbakana mektup: \u00c7\u00f6z\u00fcm halklar\u0131m\u0131z\u0131n \u00f6z temsilcileriyle birlikte sa\u011flanabilir | Vedat T\u00fcrkali - narteks.net\",\"isPartOf\":{\"@id\":\"https:\/\/narteks.net\/#website\"},\"primaryImageOfPage\":{\"@id\":\"https:\/\/narteks.net\/index.php\/2010\/04\/18\/basbakana-mektup-cozum-halklarimizin-oz-temsilcileriyle-birlikte-saglanabilir-vedat-turkali\/#primaryimage\"},\"image\":{\"@id\":\"https:\/\/narteks.net\/index.php\/2010\/04\/18\/basbakana-mektup-cozum-halklarimizin-oz-temsilcileriyle-birlikte-saglanabilir-vedat-turkali\/#primaryimage\"},\"thumbnailUrl\":\"http:\/\/img.haberler.com\/haber\/520\/vedat-turkali-okurlariyla-bulusuyor_o.jpg\",\"datePublished\":\"2010-04-18T11:20:20+00:00\",\"breadcrumb\":{\"@id\":\"https:\/\/narteks.net\/index.php\/2010\/04\/18\/basbakana-mektup-cozum-halklarimizin-oz-temsilcileriyle-birlikte-saglanabilir-vedat-turkali\/#breadcrumb\"},\"inLanguage\":\"tr\",\"potentialAction\":[{\"@type\":\"ReadAction\",\"target\":[\"https:\/\/narteks.net\/index.php\/2010\/04\/18\/basbakana-mektup-cozum-halklarimizin-oz-temsilcileriyle-birlikte-saglanabilir-vedat-turkali\/\"]}]},{\"@type\":\"ImageObject\",\"inLanguage\":\"tr\",\"@id\":\"https:\/\/narteks.net\/index.php\/2010\/04\/18\/basbakana-mektup-cozum-halklarimizin-oz-temsilcileriyle-birlikte-saglanabilir-vedat-turkali\/#primaryimage\",\"url\":\"http:\/\/img.haberler.com\/haber\/520\/vedat-turkali-okurlariyla-bulusuyor_o.jpg\",\"contentUrl\":\"http:\/\/img.haberler.com\/haber\/520\/vedat-turkali-okurlariyla-bulusuyor_o.jpg\"},{\"@type\":\"BreadcrumbList\",\"@id\":\"https:\/\/narteks.net\/index.php\/2010\/04\/18\/basbakana-mektup-cozum-halklarimizin-oz-temsilcileriyle-birlikte-saglanabilir-vedat-turkali\/#breadcrumb\",\"itemListElement\":[{\"@type\":\"ListItem\",\"position\":1,\"name\":\"Anasayfa\",\"item\":\"https:\/\/narteks.net\/\"},{\"@type\":\"ListItem\",\"position\":2,\"name\":\"Ba\u015fbakana mektup: \u00c7\u00f6z\u00fcm halklar\u0131m\u0131z\u0131n \u00f6z temsilcileriyle birlikte sa\u011flanabilir | Vedat T\u00fcrkali\"}]},{\"@type\":\"WebSite\",\"@id\":\"https:\/\/narteks.net\/#website\",\"url\":\"https:\/\/narteks.net\/\",\"name\":\"narteks.net\",\"description\":\"K\u00fclt\u00fcr Sanat Edebiyat Felsefe\",\"publisher\":{\"@id\":\"https:\/\/narteks.net\/#organization\"},\"alternateName\":\"K\u00fclt\u00fcr Sanat Edebiyat Felsefe\",\"potentialAction\":[{\"@type\":\"SearchAction\",\"target\":{\"@type\":\"EntryPoint\",\"urlTemplate\":\"https:\/\/narteks.net\/?s={search_term_string}\"},\"query-input\":{\"@type\":\"PropertyValueSpecification\",\"valueRequired\":true,\"valueName\":\"search_term_string\"}}],\"inLanguage\":\"tr\"},{\"@type\":\"Organization\",\"@id\":\"https:\/\/narteks.net\/#organization\",\"name\":\"narteks.net\",\"url\":\"https:\/\/narteks.net\/\",\"logo\":{\"@type\":\"ImageObject\",\"inLanguage\":\"tr\",\"@id\":\"https:\/\/narteks.net\/#\/schema\/logo\/image\/\",\"url\":\"https:\/\/narteks.net\/wp-content\/uploads\/narteks.png\",\"contentUrl\":\"https:\/\/narteks.net\/wp-content\/uploads\/narteks.png\",\"width\":300,\"height\":90,\"caption\":\"narteks.net\"},\"image\":{\"@id\":\"https:\/\/narteks.net\/#\/schema\/logo\/image\/\"},\"sameAs\":[\"https:\/\/x.com\/narteks\",\"https:\/\/instagram.com\/narteksnet\"]},{\"@type\":\"Person\",\"@id\":\"https:\/\/narteks.net\/#\/schema\/person\/61f37d9834294b72d31d274e7ed79bca\",\"name\":\"Tar\u0131k\",\"image\":{\"@type\":\"ImageObject\",\"inLanguage\":\"tr\",\"@id\":\"https:\/\/narteks.net\/#\/schema\/person\/image\/\",\"url\":\"https:\/\/secure.gravatar.com\/avatar\/50865afb55632c4ae467e0af0930f6510aa2297d8014be502a55b14f3b7550cf?s=96&d=mm&r=g\",\"contentUrl\":\"https:\/\/secure.gravatar.com\/avatar\/50865afb55632c4ae467e0af0930f6510aa2297d8014be502a55b14f3b7550cf?s=96&d=mm&r=g\",\"caption\":\"Tar\u0131k\"},\"sameAs\":[\"http:\/\/narteks.net\"],\"url\":\"https:\/\/narteks.net\/index.php\/author\/narbak\/\"}]}<\/script>\n<!-- \/ Yoast SEO Premium plugin. -->","yoast_head_json":{"title":"Ba\u015fbakana mektup: \u00c7\u00f6z\u00fcm halklar\u0131m\u0131z\u0131n \u00f6z temsilcileriyle birlikte sa\u011flanabilir | Vedat T\u00fcrkali - narteks.net","robots":{"index":"index","follow":"follow","max-snippet":"max-snippet:-1","max-image-preview":"max-image-preview:large","max-video-preview":"max-video-preview:-1"},"canonical":"https:\/\/narteks.net\/index.php\/2010\/04\/18\/basbakana-mektup-cozum-halklarimizin-oz-temsilcileriyle-birlikte-saglanabilir-vedat-turkali\/","og_locale":"tr_TR","og_type":"article","og_title":"Ba\u015fbakana mektup: \u00c7\u00f6z\u00fcm halklar\u0131m\u0131z\u0131n \u00f6z temsilcileriyle birlikte sa\u011flanabilir | Vedat T\u00fcrkali","og_description":"Ba\u015fbakan Tayyip Erdo\u011fan\u2019\u0131n yazarlar i\u00e7in verdi\u011fi kahvalt\u0131l\u0131 davete mazeret bildirerek kat\u0131lmayan Vedat T\u00fcrkali, Erdo\u011fan\u2019a hitaben bir mektup kaleme ald\u0131. \u201cK\u00fcrt sorunu \u00e7\u00f6z\u00fclmeden demokrasi sorunu \u00e7\u00f6z\u00fclmez, demokrasi sorunu \u00e7\u00f6z\u00fclmeden de K\u00fcrt sorunu \u00e7\u00f6z\u00fclmez\u201d diyen T\u00fcrkali, K\u00fcrt sorununda \u015fiddete ve inkara dayal\u0131 politikalar\u0131n s\u00fcrd\u00fcr\u00fclmesini ele\u015ftirdi. Ba\u015fbakan\u2019a \u201cBildi\u011fime g\u00f6re, eski bir \u201ckom\u00fcnizmle m\u00fccadele\u201d \u00f6rg\u00fct\u00fc militan\u0131s\u0131n\u0131z\u201d diye seslenen T\u00fcrkali, [&hellip;]","og_url":"https:\/\/narteks.net\/index.php\/2010\/04\/18\/basbakana-mektup-cozum-halklarimizin-oz-temsilcileriyle-birlikte-saglanabilir-vedat-turkali\/","og_site_name":"narteks.net","article_published_time":"2010-04-18T11:20:20+00:00","og_image":[{"url":"http:\/\/img.haberler.com\/haber\/520\/vedat-turkali-okurlariyla-bulusuyor_o.jpg","type":"","width":"","height":""}],"author":"Tar\u0131k","twitter_card":"summary_large_image","twitter_creator":"@narteks","twitter_site":"@narteks","twitter_misc":{"Yazan:":"Tar\u0131k","Tahmini okuma s\u00fcresi":"9 dakika"},"schema":{"@context":"https:\/\/schema.org","@graph":[{"@type":"Article","@id":"https:\/\/narteks.net\/index.php\/2010\/04\/18\/basbakana-mektup-cozum-halklarimizin-oz-temsilcileriyle-birlikte-saglanabilir-vedat-turkali\/#article","isPartOf":{"@id":"https:\/\/narteks.net\/index.php\/2010\/04\/18\/basbakana-mektup-cozum-halklarimizin-oz-temsilcileriyle-birlikte-saglanabilir-vedat-turkali\/"},"author":{"name":"Tar\u0131k","@id":"https:\/\/narteks.net\/#\/schema\/person\/61f37d9834294b72d31d274e7ed79bca"},"headline":"Ba\u015fbakana mektup: \u00c7\u00f6z\u00fcm halklar\u0131m\u0131z\u0131n \u00f6z temsilcileriyle birlikte sa\u011flanabilir | Vedat T\u00fcrkali","datePublished":"2010-04-18T11:20:20+00:00","mainEntityOfPage":{"@id":"https:\/\/narteks.net\/index.php\/2010\/04\/18\/basbakana-mektup-cozum-halklarimizin-oz-temsilcileriyle-birlikte-saglanabilir-vedat-turkali\/"},"wordCount":1719,"commentCount":0,"publisher":{"@id":"https:\/\/narteks.net\/#organization"},"image":{"@id":"https:\/\/narteks.net\/index.php\/2010\/04\/18\/basbakana-mektup-cozum-halklarimizin-oz-temsilcileriyle-birlikte-saglanabilir-vedat-turkali\/#primaryimage"},"thumbnailUrl":"http:\/\/img.haberler.com\/haber\/520\/vedat-turkali-okurlariyla-bulusuyor_o.jpg","articleSection":["T\u00fcrkiye"],"inLanguage":"tr","potentialAction":[{"@type":"CommentAction","name":"Comment","target":["https:\/\/narteks.net\/index.php\/2010\/04\/18\/basbakana-mektup-cozum-halklarimizin-oz-temsilcileriyle-birlikte-saglanabilir-vedat-turkali\/#respond"]}]},{"@type":"WebPage","@id":"https:\/\/narteks.net\/index.php\/2010\/04\/18\/basbakana-mektup-cozum-halklarimizin-oz-temsilcileriyle-birlikte-saglanabilir-vedat-turkali\/","url":"https:\/\/narteks.net\/index.php\/2010\/04\/18\/basbakana-mektup-cozum-halklarimizin-oz-temsilcileriyle-birlikte-saglanabilir-vedat-turkali\/","name":"Ba\u015fbakana mektup: \u00c7\u00f6z\u00fcm halklar\u0131m\u0131z\u0131n \u00f6z temsilcileriyle birlikte sa\u011flanabilir | Vedat T\u00fcrkali - narteks.net","isPartOf":{"@id":"https:\/\/narteks.net\/#website"},"primaryImageOfPage":{"@id":"https:\/\/narteks.net\/index.php\/2010\/04\/18\/basbakana-mektup-cozum-halklarimizin-oz-temsilcileriyle-birlikte-saglanabilir-vedat-turkali\/#primaryimage"},"image":{"@id":"https:\/\/narteks.net\/index.php\/2010\/04\/18\/basbakana-mektup-cozum-halklarimizin-oz-temsilcileriyle-birlikte-saglanabilir-vedat-turkali\/#primaryimage"},"thumbnailUrl":"http:\/\/img.haberler.com\/haber\/520\/vedat-turkali-okurlariyla-bulusuyor_o.jpg","datePublished":"2010-04-18T11:20:20+00:00","breadcrumb":{"@id":"https:\/\/narteks.net\/index.php\/2010\/04\/18\/basbakana-mektup-cozum-halklarimizin-oz-temsilcileriyle-birlikte-saglanabilir-vedat-turkali\/#breadcrumb"},"inLanguage":"tr","potentialAction":[{"@type":"ReadAction","target":["https:\/\/narteks.net\/index.php\/2010\/04\/18\/basbakana-mektup-cozum-halklarimizin-oz-temsilcileriyle-birlikte-saglanabilir-vedat-turkali\/"]}]},{"@type":"ImageObject","inLanguage":"tr","@id":"https:\/\/narteks.net\/index.php\/2010\/04\/18\/basbakana-mektup-cozum-halklarimizin-oz-temsilcileriyle-birlikte-saglanabilir-vedat-turkali\/#primaryimage","url":"http:\/\/img.haberler.com\/haber\/520\/vedat-turkali-okurlariyla-bulusuyor_o.jpg","contentUrl":"http:\/\/img.haberler.com\/haber\/520\/vedat-turkali-okurlariyla-bulusuyor_o.jpg"},{"@type":"BreadcrumbList","@id":"https:\/\/narteks.net\/index.php\/2010\/04\/18\/basbakana-mektup-cozum-halklarimizin-oz-temsilcileriyle-birlikte-saglanabilir-vedat-turkali\/#breadcrumb","itemListElement":[{"@type":"ListItem","position":1,"name":"Anasayfa","item":"https:\/\/narteks.net\/"},{"@type":"ListItem","position":2,"name":"Ba\u015fbakana mektup: \u00c7\u00f6z\u00fcm halklar\u0131m\u0131z\u0131n \u00f6z temsilcileriyle birlikte sa\u011flanabilir | Vedat T\u00fcrkali"}]},{"@type":"WebSite","@id":"https:\/\/narteks.net\/#website","url":"https:\/\/narteks.net\/","name":"narteks.net","description":"K\u00fclt\u00fcr Sanat Edebiyat Felsefe","publisher":{"@id":"https:\/\/narteks.net\/#organization"},"alternateName":"K\u00fclt\u00fcr Sanat Edebiyat Felsefe","potentialAction":[{"@type":"SearchAction","target":{"@type":"EntryPoint","urlTemplate":"https:\/\/narteks.net\/?s={search_term_string}"},"query-input":{"@type":"PropertyValueSpecification","valueRequired":true,"valueName":"search_term_string"}}],"inLanguage":"tr"},{"@type":"Organization","@id":"https:\/\/narteks.net\/#organization","name":"narteks.net","url":"https:\/\/narteks.net\/","logo":{"@type":"ImageObject","inLanguage":"tr","@id":"https:\/\/narteks.net\/#\/schema\/logo\/image\/","url":"https:\/\/narteks.net\/wp-content\/uploads\/narteks.png","contentUrl":"https:\/\/narteks.net\/wp-content\/uploads\/narteks.png","width":300,"height":90,"caption":"narteks.net"},"image":{"@id":"https:\/\/narteks.net\/#\/schema\/logo\/image\/"},"sameAs":["https:\/\/x.com\/narteks","https:\/\/instagram.com\/narteksnet"]},{"@type":"Person","@id":"https:\/\/narteks.net\/#\/schema\/person\/61f37d9834294b72d31d274e7ed79bca","name":"Tar\u0131k","image":{"@type":"ImageObject","inLanguage":"tr","@id":"https:\/\/narteks.net\/#\/schema\/person\/image\/","url":"https:\/\/secure.gravatar.com\/avatar\/50865afb55632c4ae467e0af0930f6510aa2297d8014be502a55b14f3b7550cf?s=96&d=mm&r=g","contentUrl":"https:\/\/secure.gravatar.com\/avatar\/50865afb55632c4ae467e0af0930f6510aa2297d8014be502a55b14f3b7550cf?s=96&d=mm&r=g","caption":"Tar\u0131k"},"sameAs":["http:\/\/narteks.net"],"url":"https:\/\/narteks.net\/index.php\/author\/narbak\/"}]}},"_links":{"self":[{"href":"https:\/\/narteks.net\/index.php\/wp-json\/wp\/v2\/posts\/4486","targetHints":{"allow":["GET"]}}],"collection":[{"href":"https:\/\/narteks.net\/index.php\/wp-json\/wp\/v2\/posts"}],"about":[{"href":"https:\/\/narteks.net\/index.php\/wp-json\/wp\/v2\/types\/post"}],"author":[{"embeddable":true,"href":"https:\/\/narteks.net\/index.php\/wp-json\/wp\/v2\/users\/1"}],"replies":[{"embeddable":true,"href":"https:\/\/narteks.net\/index.php\/wp-json\/wp\/v2\/comments?post=4486"}],"version-history":[{"count":0,"href":"https:\/\/narteks.net\/index.php\/wp-json\/wp\/v2\/posts\/4486\/revisions"}],"wp:attachment":[{"href":"https:\/\/narteks.net\/index.php\/wp-json\/wp\/v2\/media?parent=4486"}],"wp:term":[{"taxonomy":"category","embeddable":true,"href":"https:\/\/narteks.net\/index.php\/wp-json\/wp\/v2\/categories?post=4486"},{"taxonomy":"post_tag","embeddable":true,"href":"https:\/\/narteks.net\/index.php\/wp-json\/wp\/v2\/tags?post=4486"}],"curies":[{"name":"wp","href":"https:\/\/api.w.org\/{rel}","templated":true}]}}