{"id":4487,"date":"2010-04-18T15:50:38","date_gmt":"2010-04-18T12:50:38","guid":{"rendered":"http:\/\/localhost\/wordpress\/2010\/04\/18\/siyaset-ve-ahlak-m-can-yuce\/"},"modified":"2010-04-18T15:50:38","modified_gmt":"2010-04-18T12:50:38","slug":"siyaset-ve-ahlak-m-can-yuce","status":"publish","type":"post","link":"https:\/\/narteks.net\/index.php\/2010\/04\/18\/siyaset-ve-ahlak-m-can-yuce\/","title":{"rendered":"Siyaset ve ahlak | M. Can Y\u00fcce"},"content":{"rendered":"<p style=\"text-align: justify;\"><img loading=\"lazy\" decoding=\"async\" style=\"float: left; border: 0;\" src=\"http:\/\/www.eminimsi.com\/wp-content\/uploads\/2009\/06\/siyaset.jpg\" width=\"155\" height=\"205\" border=\"0\" \/>Siyaset ve ahlak; g\u00fcncel veya g\u00fcndelik kullan\u0131mda birbirine kar\u015f\u0131t iki kavram\u2026 Oysa tersi ge\u00e7erli olmamal\u0131 m\u0131? Yani siyaset ile ahlak aras\u0131nda zorunlu bir uyumluluk olmal\u0131d\u0131r.<br \/>Siyasal kirlilik, tam da an\u0131lan bu ili\u015fkinin tersten kurulmas\u0131yla ba\u015flar ve derinle\u015fir. Yani siyasetin ahlaks\u0131zla\u015fmas\u0131yla\u2026<\/p>\n<p>Peki, siyaset ni\u00e7in yap\u0131l\u0131yor? Siyaset nedir, siyasetin amac\u0131 nedir?<br \/>Bu konuda genel ge\u00e7er iddia; halka, hakka, devrime, gelecek \u00fctopyas\u0131na hizmet bi\u00e7iminde \u00f6zetleniyor. Bu \u201chizmet\u201d kavram\u0131, ku\u015fkusuz iktidar ger\u00e7e\u011fini \u00f6rten, me\u015frula\u015ft\u0131ran ve \u00f6z\u00fcmseten bir i\u015flev g\u00f6r\u00fcyor\u2026<br \/>Siyaset, onun en \u00f6rg\u00fctl\u00fc ve yo\u011funla\u015fm\u0131\u015f ifadesi olarak iktidar, kendine g\u00f6re bir siyaset k\u00fclt\u00fcr\u00fc ve ahlak\u0131 yarat\u0131yor; bunu hukuksal bir temele de oturtuyor. Ancak hemen vurgulamal\u0131y\u0131z ki, burada kurumla\u015ft\u0131r\u0131lan ahlak, ahlaks\u0131zl\u0131\u011f\u0131n ahlak\u0131 olmaktad\u0131r. Hedefe ve amaca varmada her yol ve y\u00f6ntem me\u015fru g\u00f6r\u00fcld\u00fc\u011f\u00fcnde ve bu, bir ideolojik temele oturtuldu\u011funda kurumla\u015fan ahlak, ahlaks\u0131zl\u0131\u011f\u0131n ahlak\u0131 de\u011filse nedir?<\/p>\n<p>Burjuva siyasetinin bir hedefi var ve bunu me\u015frula\u015ft\u0131rmak i\u00e7in her ara\u00e7 kullan\u0131l\u0131r; bunun ahlak\u0131 ve hukuku da geli\u015ftirilir. Ama bunun s\u0131n\u0131rlar\u0131n\u0131 ve \u015fiddetini, s\u0131n\u0131f ili\u015fkileri ve \u00e7eli\u015fkileri, d\u0131\u015f ve d\u0131\u015f dengeler belirler ve etkiler\u2026 Daha \u00f6nce kurumla\u015ft\u0131r\u0131lan ahlak ve hukuk, ayaklar\u0131na dolanan bir engel olarak alg\u0131land\u0131\u011f\u0131nda egemen s\u0131n\u0131flar ve onun devleti, bunlar\u0131 \u00e7i\u011fnemekte sak\u0131nca g\u00f6rmez\u2026<\/p>\n<p>Ancak ne yaz\u0131k, hen\u00fcz tam iktidar olmam\u0131\u015f sosyalist, devrimci iddial\u0131 gruplar\u0131n da bu siyaset tarz\u0131n\u0131 ve ahlak\u0131n\u0131 a\u015fmad\u0131klar\u0131n\u0131, dahas\u0131 kimi durumlarda onun k\u00f6t\u00fc bir karikat\u00fcr\u00fcn\u00fc oynad\u0131klar\u0131n\u0131 pratikleriyle sergilemektedirler&#8230; Konunun ayr\u0131nt\u0131lar\u0131na girmek bu yaz\u0131n\u0131n kapsam\u0131 d\u0131\u015f\u0131ndad\u0131r.<br \/>Bu genel \u00e7er\u00e7eveden \u015fu noktaya gelmek istiyoruz:<br \/>Daha \u00f6nce de yap\u0131lmakla birlikte, kimi itiraf\u00e7\u0131lar\u0131n if\u015faatlar\u0131 g\u00fcndem yap\u0131lmakta ve bunun \u00fczerinden taraflar birbirini vurmaya, etkisizle\u015ftirmeye \u00e7al\u0131\u015fmaktad\u0131rlar. Bundan daha \u00e7irkin, kirli ve en genel anlamda ahlaks\u0131z bir siyaset tarz\u0131 olabilir mi?<\/p>\n<p>\u0130tiraf\u00e7\u0131l\u0131k nedir, itiraf\u00e7\u0131 kimdir? G\u00fcndeme ta\u015f\u0131nan itiraf\u00e7\u0131lar\u0131n kimlikleri, pratikleri nelerdir ve \u015fimdi hangi hesaplar\u0131n i\u00e7indedirler?<br \/>Bu sorular yan\u0131tlanmadan bir J\u0130TEM \u201ceskisini\u201d, ya da bir M\u0130T \u201ceskisini\u201d g\u00fcndeme ta\u015f\u0131mak, bunlar\u0131n s\u00f6zlerini \u00e7ok \u00f6nemli bir de\u011fermi\u015f gibi sunmak ahlaks\u0131zl\u0131k zemininde, ahlaks\u0131zlar\u0131n s\u00f6zc\u00fcs\u00fc olmaktan ba\u015fka bir anlam ifade etmez\u2026<\/p>\n<p>\u0130tiraf\u00e7\u0131, \u00f6z\u00fc bo\u015falm\u0131\u015f, kendini kusmu\u015f, kusmaya devam eden ki\u015fidir! Tek sermayesi, kendini var etme ve varl\u0131\u011f\u0131n\u0131 s\u00fcrd\u00fcrme, kendini pazarlama silah\u0131, sadece ve sadece kusmu\u011fudur! Bir daha yazal\u0131m, gazete man\u015fetlerine ta\u015f\u0131nan, b\u00fcy\u00fck gazetecilik \u00f6rne\u011fi olarak sunulan, TV ekranlar\u0131nda milyonlar\u0131n beyin sofras\u0131na ta\u015f\u0131nanlar kusmuktan ba\u015fka bir \u015fey de\u011fildir.<\/p>\n<p>\u201cKusmuk\u201d, i\u011fren\u00e7 bir \u015fey, de\u011fil mi? Midemiz kald\u0131rm\u0131yor, kald\u0131rmakta son derece zorlan\u0131yor. Bu s\u00f6zler de benim \u00e7ok a\u011fr\u0131ma gidiyor, do\u011frusu midem bulan\u0131yor. Ama bunlar\u0131 bu kaba \u00e7\u0131plakl\u0131kta, ba\u015fka bir ifadeyle i\u011fren\u00e7 \u00e7\u0131plakl\u0131kta ortaya koymak durumunday\u0131z.<\/p>\n<p>Birka\u00e7 y\u0131ld\u0131r Aygan ad\u0131nda bir J\u0130TEM \u201ceskisi\u201d, itiraf\u00e7\u0131, kirli sava\u015f\u0131n kirini pas\u0131n\u0131 de\u015fifre ediyor, daha do\u011frusu itiraf ediyor diye zaman zaman ortal\u0131\u011fa \u00e7\u0131kar\u0131l\u0131yor. Kusmuklar\u0131 pazarlan\u0131yor, siyaset arac\u0131 olarak kullan\u0131l\u0131yor. Peki, bu adam bu kirli s\u00fcrecin eli kanl\u0131 bir piyonu de\u011fil mi? Her yan\u0131 kirli olan bu kusmuklu katilin s\u00f6zlerinde alt\u0131n arayanlar\u0131n ahlak\u0131ndan s\u00f6z edilebilir mi? Peki, bu adam ve bir piyon olarak hizmet etti\u011fi \u00f6zel sava\u015f\u0131n kendisine y\u00fckledi\u011fi esas mesle\u011fini hala icra ederek siz \u201cak\u0131ll\u0131lar\u0131\u201d parmaklar\u0131nda bir oyuncak gibi oynatm\u0131yor mu? \u00d6rne\u011fin, Tuncay G\u00fcney, Selim \u00c7\u00fcr\u00fckkaya hakk\u0131nda ipe sapa gelmez s\u00f6zler edince A. Aygan da bunun \u00fczerine bal\u0131klama atlad\u0131 ve bunlar\u0131 do\u011frular nitelikte imalarda bulundu. Sadece bir soru: Bu, bir rastlant\u0131 m\u0131? Yoksa \u00fcstlenilen rol\u00fcn ba\u015fka bir bi\u00e7imde ve zeminde devam\u0131 m\u0131? Bilemiyoruz, ama bu ki\u015filerin kusmuk pazarlay\u0131c\u0131lar\u0131 oldu\u011funu unutmamak, kirliliklerinin k\u00f6pr\u00fcs\u00fc olmamak gerekir. Bu itiraf\u00e7\u0131 ki\u015filer ve i\u00e7inde bulunduklar\u0131 ili\u015fkiler o kadar kirli ve g\u00fcvenilmez ki bunlar\u0131n \u201cif\u015faatlar\u0131na\u201d de\u011fer bi\u00e7mek ve bunlardan bir \u015feyler beklemek, sadece kendi kendini kand\u0131rmak de\u011fil, ahlaki ve politik kirlili\u011fin i\u00e7inde debelenmekten ba\u015fka bir \u015fey de\u011fildir!<\/p>\n<p>Bir toplum veya bir sistem kirinden pas\u0131ndan ar\u0131nmak i\u00e7in bu kirin icrac\u0131s\u0131 pisliklerinden medet umuyorsa, vay o toplum veya sistemin haline!<br \/>Temiz toplum iddias\u0131nda olanlar, \u00f6ncelikle y\u00f6ntemlerini, kulland\u0131klar\u0131 ara\u00e7lar\u0131 temiz tutmak, bunlar\u0131n temiz olmas\u0131na b\u00fcy\u00fck bir \u00f6zen g\u00f6stermek durumundad\u0131rlar. Yoksa \u015fimdi yapt\u0131klar\u0131 gibi kirli ortam\u0131n kirini daha da kirletir, karma\u015f\u0131k hale getirir, ipin ucunun ka\u00e7mas\u0131na yol a\u00e7arlar\u2026 \u015eimdi yap\u0131lan da budur.<\/p>\n<p>Devrimciler, gelece\u011fin \u00f6zg\u00fcr, e\u015fit ve temiz toplum d\u00fc\u015f\u00fcne sahip olanlar, siyaset ile ahlak\u0131, elbette bug\u00fcne kadar kurumla\u015fan ahlak\u0131 a\u015fan, kendi d\u00fc\u015flerini g\u00fcncelde yeniden \u00fcreten ahlak\u0131 mutlaka uyumlu ve birbirini b\u00fct\u00fcnleyen, besleyen kavramlar olarak alg\u0131lamak ve ya\u015fama ge\u00e7irmek durumundad\u0131rlar!<\/p>\n<p style=\"text-align: justify;\">kaynak:\u00a0 K\u0131z\u0131l Bayrak, Say\u0131: 2009\/07<\/p>\n","protected":false},"excerpt":{"rendered":"<p>Siyaset ve ahlak; g\u00fcncel veya g\u00fcndelik kullan\u0131mda birbirine kar\u015f\u0131t iki kavram\u2026 Oysa tersi ge\u00e7erli olmamal\u0131 m\u0131? Yani siyaset ile ahlak aras\u0131nda zorunlu bir uyumluluk olmal\u0131d\u0131r.Siyasal kirlilik, tam da an\u0131lan bu ili\u015fkinin tersten kurulmas\u0131yla ba\u015flar ve derinle\u015fir. Yani siyasetin ahlaks\u0131zla\u015fmas\u0131yla\u2026 Peki, siyaset ni\u00e7in yap\u0131l\u0131yor? Siyaset nedir, siyasetin amac\u0131 nedir?Bu konuda genel ge\u00e7er iddia; halka, hakka, devrime, [&hellip;]<\/p>\n","protected":false},"author":1,"featured_media":0,"comment_status":"open","ping_status":"open","sticky":false,"template":"","format":"standard","meta":{"footnotes":""},"categories":[178],"tags":[],"class_list":{"0":"post-4487","1":"post","2":"type-post","3":"status-publish","4":"format-standard","6":"category-marksizm"},"yoast_head":"<!-- This site is optimized with the Yoast SEO Premium plugin v24.9 (Yoast SEO v24.9) - https:\/\/yoast.com\/wordpress\/plugins\/seo\/ -->\n<title>Siyaset ve ahlak | M. Can Y\u00fcce - narteks.net<\/title>\n<meta name=\"robots\" content=\"index, follow, max-snippet:-1, max-image-preview:large, max-video-preview:-1\" \/>\n<link rel=\"canonical\" href=\"https:\/\/narteks.net\/index.php\/2010\/04\/18\/siyaset-ve-ahlak-m-can-yuce\/\" \/>\n<meta property=\"og:locale\" content=\"tr_TR\" \/>\n<meta property=\"og:type\" content=\"article\" \/>\n<meta property=\"og:title\" content=\"Siyaset ve ahlak | M. Can Y\u00fcce\" \/>\n<meta property=\"og:description\" content=\"Siyaset ve ahlak; g\u00fcncel veya g\u00fcndelik kullan\u0131mda birbirine kar\u015f\u0131t iki kavram\u2026 Oysa tersi ge\u00e7erli olmamal\u0131 m\u0131? Yani siyaset ile ahlak aras\u0131nda zorunlu bir uyumluluk olmal\u0131d\u0131r.Siyasal kirlilik, tam da an\u0131lan bu ili\u015fkinin tersten kurulmas\u0131yla ba\u015flar ve derinle\u015fir. Yani siyasetin ahlaks\u0131zla\u015fmas\u0131yla\u2026 Peki, siyaset ni\u00e7in yap\u0131l\u0131yor? Siyaset nedir, siyasetin amac\u0131 nedir?Bu konuda genel ge\u00e7er iddia; halka, hakka, devrime, [&hellip;]\" \/>\n<meta property=\"og:url\" content=\"https:\/\/narteks.net\/index.php\/2010\/04\/18\/siyaset-ve-ahlak-m-can-yuce\/\" \/>\n<meta property=\"og:site_name\" content=\"narteks.net\" \/>\n<meta property=\"article:published_time\" content=\"2010-04-18T12:50:38+00:00\" \/>\n<meta property=\"og:image\" content=\"http:\/\/www.eminimsi.com\/wp-content\/uploads\/2009\/06\/siyaset.jpg\" \/>\n<meta name=\"author\" content=\"Tar\u0131k\" \/>\n<meta name=\"twitter:card\" content=\"summary_large_image\" \/>\n<meta name=\"twitter:creator\" content=\"@narteks\" \/>\n<meta name=\"twitter:site\" content=\"@narteks\" \/>\n<meta name=\"twitter:label1\" content=\"Yazan:\" \/>\n\t<meta name=\"twitter:data1\" content=\"Tar\u0131k\" \/>\n\t<meta name=\"twitter:label2\" content=\"Tahmini okuma s\u00fcresi\" \/>\n\t<meta name=\"twitter:data2\" content=\"5 dakika\" \/>\n<script type=\"application\/ld+json\" class=\"yoast-schema-graph\">{\"@context\":\"https:\/\/schema.org\",\"@graph\":[{\"@type\":\"Article\",\"@id\":\"https:\/\/narteks.net\/index.php\/2010\/04\/18\/siyaset-ve-ahlak-m-can-yuce\/#article\",\"isPartOf\":{\"@id\":\"https:\/\/narteks.net\/index.php\/2010\/04\/18\/siyaset-ve-ahlak-m-can-yuce\/\"},\"author\":{\"name\":\"Tar\u0131k\",\"@id\":\"https:\/\/narteks.net\/#\/schema\/person\/61f37d9834294b72d31d274e7ed79bca\"},\"headline\":\"Siyaset ve ahlak | M. Can Y\u00fcce\",\"datePublished\":\"2010-04-18T12:50:38+00:00\",\"mainEntityOfPage\":{\"@id\":\"https:\/\/narteks.net\/index.php\/2010\/04\/18\/siyaset-ve-ahlak-m-can-yuce\/\"},\"wordCount\":936,\"commentCount\":0,\"publisher\":{\"@id\":\"https:\/\/narteks.net\/#organization\"},\"image\":{\"@id\":\"https:\/\/narteks.net\/index.php\/2010\/04\/18\/siyaset-ve-ahlak-m-can-yuce\/#primaryimage\"},\"thumbnailUrl\":\"http:\/\/www.eminimsi.com\/wp-content\/uploads\/2009\/06\/siyaset.jpg\",\"articleSection\":[\"Marksizm\"],\"inLanguage\":\"tr\",\"potentialAction\":[{\"@type\":\"CommentAction\",\"name\":\"Comment\",\"target\":[\"https:\/\/narteks.net\/index.php\/2010\/04\/18\/siyaset-ve-ahlak-m-can-yuce\/#respond\"]}]},{\"@type\":\"WebPage\",\"@id\":\"https:\/\/narteks.net\/index.php\/2010\/04\/18\/siyaset-ve-ahlak-m-can-yuce\/\",\"url\":\"https:\/\/narteks.net\/index.php\/2010\/04\/18\/siyaset-ve-ahlak-m-can-yuce\/\",\"name\":\"Siyaset ve ahlak | M. Can Y\u00fcce - narteks.net\",\"isPartOf\":{\"@id\":\"https:\/\/narteks.net\/#website\"},\"primaryImageOfPage\":{\"@id\":\"https:\/\/narteks.net\/index.php\/2010\/04\/18\/siyaset-ve-ahlak-m-can-yuce\/#primaryimage\"},\"image\":{\"@id\":\"https:\/\/narteks.net\/index.php\/2010\/04\/18\/siyaset-ve-ahlak-m-can-yuce\/#primaryimage\"},\"thumbnailUrl\":\"http:\/\/www.eminimsi.com\/wp-content\/uploads\/2009\/06\/siyaset.jpg\",\"datePublished\":\"2010-04-18T12:50:38+00:00\",\"breadcrumb\":{\"@id\":\"https:\/\/narteks.net\/index.php\/2010\/04\/18\/siyaset-ve-ahlak-m-can-yuce\/#breadcrumb\"},\"inLanguage\":\"tr\",\"potentialAction\":[{\"@type\":\"ReadAction\",\"target\":[\"https:\/\/narteks.net\/index.php\/2010\/04\/18\/siyaset-ve-ahlak-m-can-yuce\/\"]}]},{\"@type\":\"ImageObject\",\"inLanguage\":\"tr\",\"@id\":\"https:\/\/narteks.net\/index.php\/2010\/04\/18\/siyaset-ve-ahlak-m-can-yuce\/#primaryimage\",\"url\":\"http:\/\/www.eminimsi.com\/wp-content\/uploads\/2009\/06\/siyaset.jpg\",\"contentUrl\":\"http:\/\/www.eminimsi.com\/wp-content\/uploads\/2009\/06\/siyaset.jpg\"},{\"@type\":\"BreadcrumbList\",\"@id\":\"https:\/\/narteks.net\/index.php\/2010\/04\/18\/siyaset-ve-ahlak-m-can-yuce\/#breadcrumb\",\"itemListElement\":[{\"@type\":\"ListItem\",\"position\":1,\"name\":\"Anasayfa\",\"item\":\"https:\/\/narteks.net\/\"},{\"@type\":\"ListItem\",\"position\":2,\"name\":\"Siyaset ve ahlak | M. Can Y\u00fcce\"}]},{\"@type\":\"WebSite\",\"@id\":\"https:\/\/narteks.net\/#website\",\"url\":\"https:\/\/narteks.net\/\",\"name\":\"narteks.net\",\"description\":\"K\u00fclt\u00fcr Sanat Edebiyat Felsefe\",\"publisher\":{\"@id\":\"https:\/\/narteks.net\/#organization\"},\"alternateName\":\"K\u00fclt\u00fcr Sanat Edebiyat Felsefe\",\"potentialAction\":[{\"@type\":\"SearchAction\",\"target\":{\"@type\":\"EntryPoint\",\"urlTemplate\":\"https:\/\/narteks.net\/?s={search_term_string}\"},\"query-input\":{\"@type\":\"PropertyValueSpecification\",\"valueRequired\":true,\"valueName\":\"search_term_string\"}}],\"inLanguage\":\"tr\"},{\"@type\":\"Organization\",\"@id\":\"https:\/\/narteks.net\/#organization\",\"name\":\"narteks.net\",\"url\":\"https:\/\/narteks.net\/\",\"logo\":{\"@type\":\"ImageObject\",\"inLanguage\":\"tr\",\"@id\":\"https:\/\/narteks.net\/#\/schema\/logo\/image\/\",\"url\":\"https:\/\/narteks.net\/wp-content\/uploads\/narteks.png\",\"contentUrl\":\"https:\/\/narteks.net\/wp-content\/uploads\/narteks.png\",\"width\":300,\"height\":90,\"caption\":\"narteks.net\"},\"image\":{\"@id\":\"https:\/\/narteks.net\/#\/schema\/logo\/image\/\"},\"sameAs\":[\"https:\/\/x.com\/narteks\",\"https:\/\/instagram.com\/narteksnet\"]},{\"@type\":\"Person\",\"@id\":\"https:\/\/narteks.net\/#\/schema\/person\/61f37d9834294b72d31d274e7ed79bca\",\"name\":\"Tar\u0131k\",\"image\":{\"@type\":\"ImageObject\",\"inLanguage\":\"tr\",\"@id\":\"https:\/\/narteks.net\/#\/schema\/person\/image\/\",\"url\":\"https:\/\/secure.gravatar.com\/avatar\/50865afb55632c4ae467e0af0930f6510aa2297d8014be502a55b14f3b7550cf?s=96&d=mm&r=g\",\"contentUrl\":\"https:\/\/secure.gravatar.com\/avatar\/50865afb55632c4ae467e0af0930f6510aa2297d8014be502a55b14f3b7550cf?s=96&d=mm&r=g\",\"caption\":\"Tar\u0131k\"},\"sameAs\":[\"http:\/\/narteks.net\"],\"url\":\"https:\/\/narteks.net\/index.php\/author\/narbak\/\"}]}<\/script>\n<!-- \/ Yoast SEO Premium plugin. -->","yoast_head_json":{"title":"Siyaset ve ahlak | M. Can Y\u00fcce - narteks.net","robots":{"index":"index","follow":"follow","max-snippet":"max-snippet:-1","max-image-preview":"max-image-preview:large","max-video-preview":"max-video-preview:-1"},"canonical":"https:\/\/narteks.net\/index.php\/2010\/04\/18\/siyaset-ve-ahlak-m-can-yuce\/","og_locale":"tr_TR","og_type":"article","og_title":"Siyaset ve ahlak | M. Can Y\u00fcce","og_description":"Siyaset ve ahlak; g\u00fcncel veya g\u00fcndelik kullan\u0131mda birbirine kar\u015f\u0131t iki kavram\u2026 Oysa tersi ge\u00e7erli olmamal\u0131 m\u0131? Yani siyaset ile ahlak aras\u0131nda zorunlu bir uyumluluk olmal\u0131d\u0131r.Siyasal kirlilik, tam da an\u0131lan bu ili\u015fkinin tersten kurulmas\u0131yla ba\u015flar ve derinle\u015fir. Yani siyasetin ahlaks\u0131zla\u015fmas\u0131yla\u2026 Peki, siyaset ni\u00e7in yap\u0131l\u0131yor? Siyaset nedir, siyasetin amac\u0131 nedir?Bu konuda genel ge\u00e7er iddia; halka, hakka, devrime, [&hellip;]","og_url":"https:\/\/narteks.net\/index.php\/2010\/04\/18\/siyaset-ve-ahlak-m-can-yuce\/","og_site_name":"narteks.net","article_published_time":"2010-04-18T12:50:38+00:00","og_image":[{"url":"http:\/\/www.eminimsi.com\/wp-content\/uploads\/2009\/06\/siyaset.jpg","type":"","width":"","height":""}],"author":"Tar\u0131k","twitter_card":"summary_large_image","twitter_creator":"@narteks","twitter_site":"@narteks","twitter_misc":{"Yazan:":"Tar\u0131k","Tahmini okuma s\u00fcresi":"5 dakika"},"schema":{"@context":"https:\/\/schema.org","@graph":[{"@type":"Article","@id":"https:\/\/narteks.net\/index.php\/2010\/04\/18\/siyaset-ve-ahlak-m-can-yuce\/#article","isPartOf":{"@id":"https:\/\/narteks.net\/index.php\/2010\/04\/18\/siyaset-ve-ahlak-m-can-yuce\/"},"author":{"name":"Tar\u0131k","@id":"https:\/\/narteks.net\/#\/schema\/person\/61f37d9834294b72d31d274e7ed79bca"},"headline":"Siyaset ve ahlak | M. Can Y\u00fcce","datePublished":"2010-04-18T12:50:38+00:00","mainEntityOfPage":{"@id":"https:\/\/narteks.net\/index.php\/2010\/04\/18\/siyaset-ve-ahlak-m-can-yuce\/"},"wordCount":936,"commentCount":0,"publisher":{"@id":"https:\/\/narteks.net\/#organization"},"image":{"@id":"https:\/\/narteks.net\/index.php\/2010\/04\/18\/siyaset-ve-ahlak-m-can-yuce\/#primaryimage"},"thumbnailUrl":"http:\/\/www.eminimsi.com\/wp-content\/uploads\/2009\/06\/siyaset.jpg","articleSection":["Marksizm"],"inLanguage":"tr","potentialAction":[{"@type":"CommentAction","name":"Comment","target":["https:\/\/narteks.net\/index.php\/2010\/04\/18\/siyaset-ve-ahlak-m-can-yuce\/#respond"]}]},{"@type":"WebPage","@id":"https:\/\/narteks.net\/index.php\/2010\/04\/18\/siyaset-ve-ahlak-m-can-yuce\/","url":"https:\/\/narteks.net\/index.php\/2010\/04\/18\/siyaset-ve-ahlak-m-can-yuce\/","name":"Siyaset ve ahlak | M. Can Y\u00fcce - narteks.net","isPartOf":{"@id":"https:\/\/narteks.net\/#website"},"primaryImageOfPage":{"@id":"https:\/\/narteks.net\/index.php\/2010\/04\/18\/siyaset-ve-ahlak-m-can-yuce\/#primaryimage"},"image":{"@id":"https:\/\/narteks.net\/index.php\/2010\/04\/18\/siyaset-ve-ahlak-m-can-yuce\/#primaryimage"},"thumbnailUrl":"http:\/\/www.eminimsi.com\/wp-content\/uploads\/2009\/06\/siyaset.jpg","datePublished":"2010-04-18T12:50:38+00:00","breadcrumb":{"@id":"https:\/\/narteks.net\/index.php\/2010\/04\/18\/siyaset-ve-ahlak-m-can-yuce\/#breadcrumb"},"inLanguage":"tr","potentialAction":[{"@type":"ReadAction","target":["https:\/\/narteks.net\/index.php\/2010\/04\/18\/siyaset-ve-ahlak-m-can-yuce\/"]}]},{"@type":"ImageObject","inLanguage":"tr","@id":"https:\/\/narteks.net\/index.php\/2010\/04\/18\/siyaset-ve-ahlak-m-can-yuce\/#primaryimage","url":"http:\/\/www.eminimsi.com\/wp-content\/uploads\/2009\/06\/siyaset.jpg","contentUrl":"http:\/\/www.eminimsi.com\/wp-content\/uploads\/2009\/06\/siyaset.jpg"},{"@type":"BreadcrumbList","@id":"https:\/\/narteks.net\/index.php\/2010\/04\/18\/siyaset-ve-ahlak-m-can-yuce\/#breadcrumb","itemListElement":[{"@type":"ListItem","position":1,"name":"Anasayfa","item":"https:\/\/narteks.net\/"},{"@type":"ListItem","position":2,"name":"Siyaset ve ahlak | M. Can Y\u00fcce"}]},{"@type":"WebSite","@id":"https:\/\/narteks.net\/#website","url":"https:\/\/narteks.net\/","name":"narteks.net","description":"K\u00fclt\u00fcr Sanat Edebiyat Felsefe","publisher":{"@id":"https:\/\/narteks.net\/#organization"},"alternateName":"K\u00fclt\u00fcr Sanat Edebiyat Felsefe","potentialAction":[{"@type":"SearchAction","target":{"@type":"EntryPoint","urlTemplate":"https:\/\/narteks.net\/?s={search_term_string}"},"query-input":{"@type":"PropertyValueSpecification","valueRequired":true,"valueName":"search_term_string"}}],"inLanguage":"tr"},{"@type":"Organization","@id":"https:\/\/narteks.net\/#organization","name":"narteks.net","url":"https:\/\/narteks.net\/","logo":{"@type":"ImageObject","inLanguage":"tr","@id":"https:\/\/narteks.net\/#\/schema\/logo\/image\/","url":"https:\/\/narteks.net\/wp-content\/uploads\/narteks.png","contentUrl":"https:\/\/narteks.net\/wp-content\/uploads\/narteks.png","width":300,"height":90,"caption":"narteks.net"},"image":{"@id":"https:\/\/narteks.net\/#\/schema\/logo\/image\/"},"sameAs":["https:\/\/x.com\/narteks","https:\/\/instagram.com\/narteksnet"]},{"@type":"Person","@id":"https:\/\/narteks.net\/#\/schema\/person\/61f37d9834294b72d31d274e7ed79bca","name":"Tar\u0131k","image":{"@type":"ImageObject","inLanguage":"tr","@id":"https:\/\/narteks.net\/#\/schema\/person\/image\/","url":"https:\/\/secure.gravatar.com\/avatar\/50865afb55632c4ae467e0af0930f6510aa2297d8014be502a55b14f3b7550cf?s=96&d=mm&r=g","contentUrl":"https:\/\/secure.gravatar.com\/avatar\/50865afb55632c4ae467e0af0930f6510aa2297d8014be502a55b14f3b7550cf?s=96&d=mm&r=g","caption":"Tar\u0131k"},"sameAs":["http:\/\/narteks.net"],"url":"https:\/\/narteks.net\/index.php\/author\/narbak\/"}]}},"_links":{"self":[{"href":"https:\/\/narteks.net\/index.php\/wp-json\/wp\/v2\/posts\/4487","targetHints":{"allow":["GET"]}}],"collection":[{"href":"https:\/\/narteks.net\/index.php\/wp-json\/wp\/v2\/posts"}],"about":[{"href":"https:\/\/narteks.net\/index.php\/wp-json\/wp\/v2\/types\/post"}],"author":[{"embeddable":true,"href":"https:\/\/narteks.net\/index.php\/wp-json\/wp\/v2\/users\/1"}],"replies":[{"embeddable":true,"href":"https:\/\/narteks.net\/index.php\/wp-json\/wp\/v2\/comments?post=4487"}],"version-history":[{"count":0,"href":"https:\/\/narteks.net\/index.php\/wp-json\/wp\/v2\/posts\/4487\/revisions"}],"wp:attachment":[{"href":"https:\/\/narteks.net\/index.php\/wp-json\/wp\/v2\/media?parent=4487"}],"wp:term":[{"taxonomy":"category","embeddable":true,"href":"https:\/\/narteks.net\/index.php\/wp-json\/wp\/v2\/categories?post=4487"},{"taxonomy":"post_tag","embeddable":true,"href":"https:\/\/narteks.net\/index.php\/wp-json\/wp\/v2\/tags?post=4487"}],"curies":[{"name":"wp","href":"https:\/\/api.w.org\/{rel}","templated":true}]}}