{"id":449,"date":"2009-03-13T23:08:23","date_gmt":"2009-03-13T20:08:23","guid":{"rendered":"http:\/\/localhost\/wordpress\/2009\/03\/13\/penceremin-altinda-zerdali-dalimisin\/"},"modified":"2009-03-13T23:08:23","modified_gmt":"2009-03-13T20:08:23","slug":"penceremin-altinda-zerdali-dalimisin","status":"publish","type":"post","link":"https:\/\/narteks.net\/index.php\/2009\/03\/13\/penceremin-altinda-zerdali-dalimisin\/","title":{"rendered":"Penceremin Alt\u0131nda Zerdali Dal\u0131m\u0131s\u0131n"},"content":{"rendered":"<p style=\"text-align: justify;\"><strong> <span style=\"font-size: 14pt;\">Penceremin Alt\u0131nda Zerdali Dal\u0131m\u0131s\u0131n<\/span><\/strong><\/p>\n<p>Bu t\u00fcrk\u00fcn\u00fcn hikayesi \u00c7ank\u0131r\u0131&#8217;n\u0131n \u00c7erke\u015f kazas\u0131n\u0131n Hac\u0131 Bey k\u00f6y\u00fcnde ya\u015fanm\u0131\u015ft\u0131r. Alt\u0131 \u00e7ocu\u011fuyla beraber yoksul bir hayat s\u00fcren, b\u00fct\u00fcn umutlar\u0131 topra\u011fa ba\u011fl\u0131 bir aile vard\u0131r. Bu ailenin G\u00fclbahar isimli bir de g\u00fczel k\u0131zlar\u0131 vard\u0131r. Hen\u00fcz on be\u015f ya\u015f\u0131nda olan G\u00fclbahar&#8217;\u0131n g\u00f6nl\u00fcnde k\u00f6y\u00fcn zenginlerinden bir a\u011fan\u0131n o\u011flu Murat yatmaktad\u0131r. Murat bu sevgiden habersizdi.<\/p>\n<p>G\u00fclbahar her g\u00fcn testisini al\u0131r \u00e7e\u015fmeye gider.Gider ama d\u00fc\u015f\u00fcncesiyle Murat&#8217;\u0131 da beraberinde g\u00f6t\u00fcr\u00fcr. Testisini doldurur. Penceresinin \u00f6n\u00fcndeki zerdali a\u011fac\u0131n\u0131 sular,ama bu i\u015fleri yaparken hep Murat&#8217;\u0131 d\u00fc\u015f\u00fcnmektedir. Bir g\u00fcn \u00e7e\u015fme ba\u015f\u0131nda Murat&#8217;\u0131 g\u00f6rd\u00fc. Heyecan\u0131n\u0131 gizleyemedi G\u00fclbahar. Elleri titriyor, y\u00fcz\u00fc durmadan renk de\u011fi\u015ftiriyordu. Murat dayanamad\u0131 sordu.<\/p>\n<p>Beni sevdi\u011fini s\u00f6yl\u00fcyorlar k\u00f6yde do\u011frumu bu?<\/p>\n<p>G\u00fclbahar bu sefer daha da heyecanland\u0131, bir \u015fey diyemeden ka\u00e7amak bir bak\u0131\u015fla Murat&#8217;\u0131n y\u00fcz\u00fcne bakt\u0131, h\u0131zla oradan uzakla\u015ft\u0131. Bak\u0131\u015f o bak\u0131\u015f Murat&#8217;\u0131nda i\u00e7ine bir ate\u015f d\u00fc\u015fm\u00fc\u015ft\u00fcr. Her g\u00fcn \u00e7e\u015fme ba\u015f\u0131nda bulu\u015fmaya ba\u015flarlar. Murat&#8217;\u0131n babas\u0131 bunu duyar. O\u011flunun bir fakir k\u0131z\u0131yla ilgilenmesini istemiyordur. Kom\u015fu k\u00f6yden bir k\u0131zla Murat&#8217;\u0131n nikah\u0131n\u0131 k\u0131yd\u0131r\u0131r. B\u00fct\u00fcn umudunu yitiren G\u00fclbahar ekmekten a\u015ftan kesilir. G\u00fcnlerce a\u011fz\u0131na bir \u015fey koymaz. Art\u0131k her \u015feyin bitti\u011fine kanaat getirir ve kendisini, b\u00fcy\u00fck bir umutla besledi\u011fi zerdali a\u011fac\u0131na asar. \u00c7\u00fcnk\u00fc davul zurna sesleri k\u00f6y\u00fcn sessizli\u011fini y\u0131km\u0131\u015ft\u0131, gelin geliyordu. Her \u015feyden habersiz Murat pek d\u00fc\u015f\u00fcnceliydi. Haberi duyunca beyninden vurulmu\u015fa d\u00f6nd\u00fc. Kendisine ve insanlara d\u00fcnyaya lanet ediyordu. \u00c7ok ge\u00e7meden aklini kaybetti. Bir daha da eski haline gelemedi.<\/p>\n<p>PENCEREM\u0130N ALTINDA ZERDAL\u0130 DALIMISIN<\/p>\n<p>Penceremin alt\u0131nda da a beyim<br \/>Zerdali dal\u0131 m\u0131s\u0131n?<br \/>D\u00fc\u015fk\u00fcn d\u00fc\u015fk\u00fcn duruyonda a beyim<br \/>Benden sevdal\u0131m\u0131s\u0131n?<\/p>\n<p>Hep kara leylide bak\u0131\u015f\u0131r aman<br \/>Ka\u015flar\u0131 g\u00f6zlere yak\u0131\u015f\u0131r aman.<\/p>\n<p>Penceremin alt\u0131nda da a beyim<br \/>Kitap a\u00e7m\u0131\u015f okuyor.<br \/>Per\u00e7emine ya\u011f s\u00fcrm\u00fc\u015fte a beyim<br \/>Yel estikce kokuyor.<\/p>\n<p>Hep kara leylide bak\u0131\u015f\u0131r aman<br \/>Ka\u015flar\u0131 g\u00f6zlere yak\u0131\u015f\u0131r aman.<\/p>\n<p>Pencereden bak\u0131yor da a beyim<br \/>\u015eeker olmu\u015f ak\u0131yor.<br \/>Bu sevda nas\u0131l sevda a beyim<br \/>Beni candan yak\u0131yor.<\/p>\n<p>Hep kara leylide bak\u0131\u015f\u0131r aman<br \/>Ka\u015flar\u0131 g\u00f6zlere yak\u0131\u015f\u0131r aman.<\/p>\n<p>Kaynak:<br \/>Mehmet \u00d6ZBEK<br \/>Folklor ve T\u00fcrk\u00fclerimiz<br \/>\u00d6t\u00fcken Ne\u015friyat\u00a0 \u0130stanbul 1994<\/p>\n<p>Ay\u015feg\u00fcl G\u00f6ktepe (Radyo Program Yap\u0131mc\u0131s\u0131)<\/p>\n","protected":false},"excerpt":{"rendered":"<p>Penceremin Alt\u0131nda Zerdali Dal\u0131m\u0131s\u0131n Bu t\u00fcrk\u00fcn\u00fcn hikayesi \u00c7ank\u0131r\u0131&#8217;n\u0131n \u00c7erke\u015f kazas\u0131n\u0131n Hac\u0131 Bey k\u00f6y\u00fcnde ya\u015fanm\u0131\u015ft\u0131r. Alt\u0131 \u00e7ocu\u011fuyla beraber yoksul bir hayat s\u00fcren, b\u00fct\u00fcn umutlar\u0131 topra\u011fa ba\u011fl\u0131 bir aile vard\u0131r. Bu ailenin G\u00fclbahar isimli bir de g\u00fczel k\u0131zlar\u0131 vard\u0131r. Hen\u00fcz on be\u015f ya\u015f\u0131nda olan G\u00fclbahar&#8217;\u0131n g\u00f6nl\u00fcnde k\u00f6y\u00fcn zenginlerinden bir a\u011fan\u0131n o\u011flu Murat yatmaktad\u0131r. Murat bu sevgiden habersizdi. [&hellip;]<\/p>\n","protected":false},"author":1,"featured_media":0,"comment_status":"open","ping_status":"open","sticky":false,"template":"","format":"standard","meta":{"footnotes":""},"categories":[55],"tags":[],"class_list":{"0":"post-449","1":"post","2":"type-post","3":"status-publish","4":"format-standard","6":"category-oykuleriyle-turkuler"},"yoast_head":"<!-- This site is optimized with the Yoast SEO Premium plugin v24.9 (Yoast SEO v24.9) - https:\/\/yoast.com\/wordpress\/plugins\/seo\/ -->\n<title>Penceremin Alt\u0131nda Zerdali Dal\u0131m\u0131s\u0131n - narteks.net<\/title>\n<meta name=\"robots\" content=\"index, follow, max-snippet:-1, max-image-preview:large, max-video-preview:-1\" \/>\n<link rel=\"canonical\" href=\"https:\/\/narteks.net\/index.php\/2009\/03\/13\/penceremin-altinda-zerdali-dalimisin\/\" \/>\n<meta property=\"og:locale\" content=\"tr_TR\" \/>\n<meta property=\"og:type\" content=\"article\" \/>\n<meta property=\"og:title\" content=\"Penceremin Alt\u0131nda Zerdali Dal\u0131m\u0131s\u0131n\" \/>\n<meta property=\"og:description\" content=\"Penceremin Alt\u0131nda Zerdali Dal\u0131m\u0131s\u0131n Bu t\u00fcrk\u00fcn\u00fcn hikayesi \u00c7ank\u0131r\u0131&#8217;n\u0131n \u00c7erke\u015f kazas\u0131n\u0131n Hac\u0131 Bey k\u00f6y\u00fcnde ya\u015fanm\u0131\u015ft\u0131r. Alt\u0131 \u00e7ocu\u011fuyla beraber yoksul bir hayat s\u00fcren, b\u00fct\u00fcn umutlar\u0131 topra\u011fa ba\u011fl\u0131 bir aile vard\u0131r. Bu ailenin G\u00fclbahar isimli bir de g\u00fczel k\u0131zlar\u0131 vard\u0131r. Hen\u00fcz on be\u015f ya\u015f\u0131nda olan G\u00fclbahar&#8217;\u0131n g\u00f6nl\u00fcnde k\u00f6y\u00fcn zenginlerinden bir a\u011fan\u0131n o\u011flu Murat yatmaktad\u0131r. Murat bu sevgiden habersizdi. [&hellip;]\" \/>\n<meta property=\"og:url\" content=\"https:\/\/narteks.net\/index.php\/2009\/03\/13\/penceremin-altinda-zerdali-dalimisin\/\" \/>\n<meta property=\"og:site_name\" content=\"narteks.net\" \/>\n<meta property=\"article:published_time\" content=\"2009-03-13T20:08:23+00:00\" \/>\n<meta property=\"og:image\" content=\"https:\/\/narteks.net\/wp-content\/uploads\/narteks.png\" \/>\n\t<meta property=\"og:image:width\" content=\"300\" \/>\n\t<meta property=\"og:image:height\" content=\"90\" \/>\n\t<meta property=\"og:image:type\" content=\"image\/png\" \/>\n<meta name=\"author\" content=\"Tar\u0131k\" \/>\n<meta name=\"twitter:card\" content=\"summary_large_image\" \/>\n<meta name=\"twitter:creator\" content=\"@narteks\" \/>\n<meta name=\"twitter:site\" content=\"@narteks\" \/>\n<meta name=\"twitter:label1\" content=\"Yazan:\" \/>\n\t<meta name=\"twitter:data1\" content=\"Tar\u0131k\" \/>\n\t<meta name=\"twitter:label2\" content=\"Tahmini okuma s\u00fcresi\" \/>\n\t<meta name=\"twitter:data2\" content=\"2 dakika\" \/>\n<script type=\"application\/ld+json\" class=\"yoast-schema-graph\">{\"@context\":\"https:\/\/schema.org\",\"@graph\":[{\"@type\":\"Article\",\"@id\":\"https:\/\/narteks.net\/index.php\/2009\/03\/13\/penceremin-altinda-zerdali-dalimisin\/#article\",\"isPartOf\":{\"@id\":\"https:\/\/narteks.net\/index.php\/2009\/03\/13\/penceremin-altinda-zerdali-dalimisin\/\"},\"author\":{\"name\":\"Tar\u0131k\",\"@id\":\"https:\/\/narteks.net\/#\/schema\/person\/61f37d9834294b72d31d274e7ed79bca\"},\"headline\":\"Penceremin Alt\u0131nda Zerdali Dal\u0131m\u0131s\u0131n\",\"datePublished\":\"2009-03-13T20:08:23+00:00\",\"mainEntityOfPage\":{\"@id\":\"https:\/\/narteks.net\/index.php\/2009\/03\/13\/penceremin-altinda-zerdali-dalimisin\/\"},\"wordCount\":473,\"commentCount\":0,\"publisher\":{\"@id\":\"https:\/\/narteks.net\/#organization\"},\"articleSection\":[\"\u00d6yk\u00fcleriyle T\u00fcrk\u00fcler\"],\"inLanguage\":\"tr\",\"potentialAction\":[{\"@type\":\"CommentAction\",\"name\":\"Comment\",\"target\":[\"https:\/\/narteks.net\/index.php\/2009\/03\/13\/penceremin-altinda-zerdali-dalimisin\/#respond\"]}]},{\"@type\":\"WebPage\",\"@id\":\"https:\/\/narteks.net\/index.php\/2009\/03\/13\/penceremin-altinda-zerdali-dalimisin\/\",\"url\":\"https:\/\/narteks.net\/index.php\/2009\/03\/13\/penceremin-altinda-zerdali-dalimisin\/\",\"name\":\"Penceremin Alt\u0131nda Zerdali Dal\u0131m\u0131s\u0131n - narteks.net\",\"isPartOf\":{\"@id\":\"https:\/\/narteks.net\/#website\"},\"datePublished\":\"2009-03-13T20:08:23+00:00\",\"breadcrumb\":{\"@id\":\"https:\/\/narteks.net\/index.php\/2009\/03\/13\/penceremin-altinda-zerdali-dalimisin\/#breadcrumb\"},\"inLanguage\":\"tr\",\"potentialAction\":[{\"@type\":\"ReadAction\",\"target\":[\"https:\/\/narteks.net\/index.php\/2009\/03\/13\/penceremin-altinda-zerdali-dalimisin\/\"]}]},{\"@type\":\"BreadcrumbList\",\"@id\":\"https:\/\/narteks.net\/index.php\/2009\/03\/13\/penceremin-altinda-zerdali-dalimisin\/#breadcrumb\",\"itemListElement\":[{\"@type\":\"ListItem\",\"position\":1,\"name\":\"Anasayfa\",\"item\":\"https:\/\/narteks.net\/\"},{\"@type\":\"ListItem\",\"position\":2,\"name\":\"Penceremin Alt\u0131nda Zerdali Dal\u0131m\u0131s\u0131n\"}]},{\"@type\":\"WebSite\",\"@id\":\"https:\/\/narteks.net\/#website\",\"url\":\"https:\/\/narteks.net\/\",\"name\":\"narteks.net\",\"description\":\"K\u00fclt\u00fcr Sanat Edebiyat Felsefe\",\"publisher\":{\"@id\":\"https:\/\/narteks.net\/#organization\"},\"alternateName\":\"K\u00fclt\u00fcr Sanat Edebiyat Felsefe\",\"potentialAction\":[{\"@type\":\"SearchAction\",\"target\":{\"@type\":\"EntryPoint\",\"urlTemplate\":\"https:\/\/narteks.net\/?s={search_term_string}\"},\"query-input\":{\"@type\":\"PropertyValueSpecification\",\"valueRequired\":true,\"valueName\":\"search_term_string\"}}],\"inLanguage\":\"tr\"},{\"@type\":\"Organization\",\"@id\":\"https:\/\/narteks.net\/#organization\",\"name\":\"narteks.net\",\"url\":\"https:\/\/narteks.net\/\",\"logo\":{\"@type\":\"ImageObject\",\"inLanguage\":\"tr\",\"@id\":\"https:\/\/narteks.net\/#\/schema\/logo\/image\/\",\"url\":\"https:\/\/narteks.net\/wp-content\/uploads\/narteks.png\",\"contentUrl\":\"https:\/\/narteks.net\/wp-content\/uploads\/narteks.png\",\"width\":300,\"height\":90,\"caption\":\"narteks.net\"},\"image\":{\"@id\":\"https:\/\/narteks.net\/#\/schema\/logo\/image\/\"},\"sameAs\":[\"https:\/\/x.com\/narteks\",\"https:\/\/instagram.com\/narteksnet\"]},{\"@type\":\"Person\",\"@id\":\"https:\/\/narteks.net\/#\/schema\/person\/61f37d9834294b72d31d274e7ed79bca\",\"name\":\"Tar\u0131k\",\"image\":{\"@type\":\"ImageObject\",\"inLanguage\":\"tr\",\"@id\":\"https:\/\/narteks.net\/#\/schema\/person\/image\/\",\"url\":\"https:\/\/secure.gravatar.com\/avatar\/50865afb55632c4ae467e0af0930f6510aa2297d8014be502a55b14f3b7550cf?s=96&d=mm&r=g\",\"contentUrl\":\"https:\/\/secure.gravatar.com\/avatar\/50865afb55632c4ae467e0af0930f6510aa2297d8014be502a55b14f3b7550cf?s=96&d=mm&r=g\",\"caption\":\"Tar\u0131k\"},\"sameAs\":[\"http:\/\/narteks.net\"],\"url\":\"https:\/\/narteks.net\/index.php\/author\/narbak\/\"}]}<\/script>\n<!-- \/ Yoast SEO Premium plugin. -->","yoast_head_json":{"title":"Penceremin Alt\u0131nda Zerdali Dal\u0131m\u0131s\u0131n - narteks.net","robots":{"index":"index","follow":"follow","max-snippet":"max-snippet:-1","max-image-preview":"max-image-preview:large","max-video-preview":"max-video-preview:-1"},"canonical":"https:\/\/narteks.net\/index.php\/2009\/03\/13\/penceremin-altinda-zerdali-dalimisin\/","og_locale":"tr_TR","og_type":"article","og_title":"Penceremin Alt\u0131nda Zerdali Dal\u0131m\u0131s\u0131n","og_description":"Penceremin Alt\u0131nda Zerdali Dal\u0131m\u0131s\u0131n Bu t\u00fcrk\u00fcn\u00fcn hikayesi \u00c7ank\u0131r\u0131&#8217;n\u0131n \u00c7erke\u015f kazas\u0131n\u0131n Hac\u0131 Bey k\u00f6y\u00fcnde ya\u015fanm\u0131\u015ft\u0131r. Alt\u0131 \u00e7ocu\u011fuyla beraber yoksul bir hayat s\u00fcren, b\u00fct\u00fcn umutlar\u0131 topra\u011fa ba\u011fl\u0131 bir aile vard\u0131r. Bu ailenin G\u00fclbahar isimli bir de g\u00fczel k\u0131zlar\u0131 vard\u0131r. Hen\u00fcz on be\u015f ya\u015f\u0131nda olan G\u00fclbahar&#8217;\u0131n g\u00f6nl\u00fcnde k\u00f6y\u00fcn zenginlerinden bir a\u011fan\u0131n o\u011flu Murat yatmaktad\u0131r. Murat bu sevgiden habersizdi. [&hellip;]","og_url":"https:\/\/narteks.net\/index.php\/2009\/03\/13\/penceremin-altinda-zerdali-dalimisin\/","og_site_name":"narteks.net","article_published_time":"2009-03-13T20:08:23+00:00","og_image":[{"width":300,"height":90,"url":"https:\/\/narteks.net\/wp-content\/uploads\/narteks.png","type":"image\/png"}],"author":"Tar\u0131k","twitter_card":"summary_large_image","twitter_creator":"@narteks","twitter_site":"@narteks","twitter_misc":{"Yazan:":"Tar\u0131k","Tahmini okuma s\u00fcresi":"2 dakika"},"schema":{"@context":"https:\/\/schema.org","@graph":[{"@type":"Article","@id":"https:\/\/narteks.net\/index.php\/2009\/03\/13\/penceremin-altinda-zerdali-dalimisin\/#article","isPartOf":{"@id":"https:\/\/narteks.net\/index.php\/2009\/03\/13\/penceremin-altinda-zerdali-dalimisin\/"},"author":{"name":"Tar\u0131k","@id":"https:\/\/narteks.net\/#\/schema\/person\/61f37d9834294b72d31d274e7ed79bca"},"headline":"Penceremin Alt\u0131nda Zerdali Dal\u0131m\u0131s\u0131n","datePublished":"2009-03-13T20:08:23+00:00","mainEntityOfPage":{"@id":"https:\/\/narteks.net\/index.php\/2009\/03\/13\/penceremin-altinda-zerdali-dalimisin\/"},"wordCount":473,"commentCount":0,"publisher":{"@id":"https:\/\/narteks.net\/#organization"},"articleSection":["\u00d6yk\u00fcleriyle T\u00fcrk\u00fcler"],"inLanguage":"tr","potentialAction":[{"@type":"CommentAction","name":"Comment","target":["https:\/\/narteks.net\/index.php\/2009\/03\/13\/penceremin-altinda-zerdali-dalimisin\/#respond"]}]},{"@type":"WebPage","@id":"https:\/\/narteks.net\/index.php\/2009\/03\/13\/penceremin-altinda-zerdali-dalimisin\/","url":"https:\/\/narteks.net\/index.php\/2009\/03\/13\/penceremin-altinda-zerdali-dalimisin\/","name":"Penceremin Alt\u0131nda Zerdali Dal\u0131m\u0131s\u0131n - narteks.net","isPartOf":{"@id":"https:\/\/narteks.net\/#website"},"datePublished":"2009-03-13T20:08:23+00:00","breadcrumb":{"@id":"https:\/\/narteks.net\/index.php\/2009\/03\/13\/penceremin-altinda-zerdali-dalimisin\/#breadcrumb"},"inLanguage":"tr","potentialAction":[{"@type":"ReadAction","target":["https:\/\/narteks.net\/index.php\/2009\/03\/13\/penceremin-altinda-zerdali-dalimisin\/"]}]},{"@type":"BreadcrumbList","@id":"https:\/\/narteks.net\/index.php\/2009\/03\/13\/penceremin-altinda-zerdali-dalimisin\/#breadcrumb","itemListElement":[{"@type":"ListItem","position":1,"name":"Anasayfa","item":"https:\/\/narteks.net\/"},{"@type":"ListItem","position":2,"name":"Penceremin Alt\u0131nda Zerdali Dal\u0131m\u0131s\u0131n"}]},{"@type":"WebSite","@id":"https:\/\/narteks.net\/#website","url":"https:\/\/narteks.net\/","name":"narteks.net","description":"K\u00fclt\u00fcr Sanat Edebiyat Felsefe","publisher":{"@id":"https:\/\/narteks.net\/#organization"},"alternateName":"K\u00fclt\u00fcr Sanat Edebiyat Felsefe","potentialAction":[{"@type":"SearchAction","target":{"@type":"EntryPoint","urlTemplate":"https:\/\/narteks.net\/?s={search_term_string}"},"query-input":{"@type":"PropertyValueSpecification","valueRequired":true,"valueName":"search_term_string"}}],"inLanguage":"tr"},{"@type":"Organization","@id":"https:\/\/narteks.net\/#organization","name":"narteks.net","url":"https:\/\/narteks.net\/","logo":{"@type":"ImageObject","inLanguage":"tr","@id":"https:\/\/narteks.net\/#\/schema\/logo\/image\/","url":"https:\/\/narteks.net\/wp-content\/uploads\/narteks.png","contentUrl":"https:\/\/narteks.net\/wp-content\/uploads\/narteks.png","width":300,"height":90,"caption":"narteks.net"},"image":{"@id":"https:\/\/narteks.net\/#\/schema\/logo\/image\/"},"sameAs":["https:\/\/x.com\/narteks","https:\/\/instagram.com\/narteksnet"]},{"@type":"Person","@id":"https:\/\/narteks.net\/#\/schema\/person\/61f37d9834294b72d31d274e7ed79bca","name":"Tar\u0131k","image":{"@type":"ImageObject","inLanguage":"tr","@id":"https:\/\/narteks.net\/#\/schema\/person\/image\/","url":"https:\/\/secure.gravatar.com\/avatar\/50865afb55632c4ae467e0af0930f6510aa2297d8014be502a55b14f3b7550cf?s=96&d=mm&r=g","contentUrl":"https:\/\/secure.gravatar.com\/avatar\/50865afb55632c4ae467e0af0930f6510aa2297d8014be502a55b14f3b7550cf?s=96&d=mm&r=g","caption":"Tar\u0131k"},"sameAs":["http:\/\/narteks.net"],"url":"https:\/\/narteks.net\/index.php\/author\/narbak\/"}]}},"_links":{"self":[{"href":"https:\/\/narteks.net\/index.php\/wp-json\/wp\/v2\/posts\/449","targetHints":{"allow":["GET"]}}],"collection":[{"href":"https:\/\/narteks.net\/index.php\/wp-json\/wp\/v2\/posts"}],"about":[{"href":"https:\/\/narteks.net\/index.php\/wp-json\/wp\/v2\/types\/post"}],"author":[{"embeddable":true,"href":"https:\/\/narteks.net\/index.php\/wp-json\/wp\/v2\/users\/1"}],"replies":[{"embeddable":true,"href":"https:\/\/narteks.net\/index.php\/wp-json\/wp\/v2\/comments?post=449"}],"version-history":[{"count":0,"href":"https:\/\/narteks.net\/index.php\/wp-json\/wp\/v2\/posts\/449\/revisions"}],"wp:attachment":[{"href":"https:\/\/narteks.net\/index.php\/wp-json\/wp\/v2\/media?parent=449"}],"wp:term":[{"taxonomy":"category","embeddable":true,"href":"https:\/\/narteks.net\/index.php\/wp-json\/wp\/v2\/categories?post=449"},{"taxonomy":"post_tag","embeddable":true,"href":"https:\/\/narteks.net\/index.php\/wp-json\/wp\/v2\/tags?post=449"}],"curies":[{"name":"wp","href":"https:\/\/api.w.org\/{rel}","templated":true}]}}