{"id":4505,"date":"2010-04-21T09:04:54","date_gmt":"2010-04-21T06:04:54","guid":{"rendered":"http:\/\/localhost\/wordpress\/2010\/04\/21\/insan-ne-kadar-yuceyse-acisi-da-o-olcude-fazladir-hayatin-acilari-uzerine-arthur-schopenhauer\/"},"modified":"2010-04-21T09:04:54","modified_gmt":"2010-04-21T06:04:54","slug":"insan-ne-kadar-yuceyse-acisi-da-o-olcude-fazladir-hayatin-acilari-uzerine-arthur-schopenhauer","status":"publish","type":"post","link":"https:\/\/narteks.net\/index.php\/2010\/04\/21\/insan-ne-kadar-yuceyse-acisi-da-o-olcude-fazladir-hayatin-acilari-uzerine-arthur-schopenhauer\/","title":{"rendered":"\u0130nsan ne kadar y\u00fcceyse, ac\u0131s\u0131 da o \u00f6l\u00e7\u00fcde fazlad\u0131r | Hayat\u0131n Ac\u0131lar\u0131 \u00dczerine &#8211; Arthur Schopenhauer"},"content":{"rendered":"<p style=\"text-align: justify;\"><img loading=\"lazy\" decoding=\"async\" style=\"float: left;\" src=\"http:\/\/ebooks.adelaide.edu.au\/s\/schopenhauer\/arthur\/portrait.jpg\" alt=\"\" width=\"155\" height=\"205\" \/>Hayat\u0131n birinci yar\u0131s\u0131, mutlulu\u011fa kar\u015f\u0131 duyulan yorulmak bilmez bir \u00f6zlem oldu\u011fu halde, ikinci b\u00f6l\u00fcm\u00fc ac\u0131 dolu bir korku duygusuyla kapl\u0131d\u0131r.<\/p>\n<p>\u00c7\u00fcnk\u00fc, mutluluk denilen her \u015feyin kuruntu oldu\u011fu ve ac\u0131dan ba\u015fka ger\u00e7e\u011fin bulunmad\u0131\u011f\u0131 fark edilmi\u015ftir art\u0131k.Akl\u0131 ba\u015f\u0131nda insanlar\u0131n, yak\u0131c\u0131 zevklerden \u00e7ok ac\u0131s\u0131z bir hayata y\u00f6nelmeleri bundan \u00f6t\u00fcr\u00fcd\u00fcr. Gen\u00e7li\u011fimde, kap\u0131m\u0131n zilinin her \u00e7al\u0131n\u0131\u015f\u0131nda, g\u00f6nl\u00fcm sevin\u00e7le doluyor ve kendi kendime, &#8220;Oh ne iyi! \u0130\u015fte yeni bir olay!&#8221; diyordum.<\/p>\n<p>Ama y\u0131llar ge\u00e7ip de, olgunla\u015ft\u0131\u011f\u0131m zaman, her zil sesinden sonra \u015f\u00f6yle d\u00fc\u015f\u00fcnd\u00fcm: &#8220;Yine ne var?&#8221;<\/p>\n<p style=\"text-align: justify;\">\u0130nsan ya\u015fland\u0131k\u00e7a, tutkular\u0131n ve isteklerin nesnesi farks\u0131zla\u015ft\u0131k\u00e7a; bu isteklerin ve tutkular\u0131n bir bir ortadan kaybolduklar\u0131, duyarl\u0131\u011f\u0131n g\u00fcd\u00fckle\u015fti\u011fi, hayat g\u00fcc\u00fcn\u00fcn zay\u0131flad\u0131\u011f\u0131, g\u00f6r\u00fcnt\u00fclerin soldu\u011fu, izlenimlerin etki yapmadan gelip ge\u00e7ti\u011fi, g\u00fcnlerin gittik\u00e7e daha h\u0131zl\u0131 akt\u0131\u011f\u0131, olaylar\u0131n \u00f6nemlerini kaybetti\u011fi ve her \u015feyin renksizle\u015fti\u011fi g\u00f6r\u00fcl\u00fcr. G\u00fcnlerin y\u00fck\u00fc alt\u0131nda sallanarak y\u00fcr\u00fcr insan ya da bir k\u00f6\u015feye \u00e7ekilip dinlenir. Ge\u00e7mi\u015f varl\u0131\u011f\u0131n\u0131n g\u00f6lgesi ya da hayaleti haline girer. Kendinden ge\u00e7me, sonsuz uyku haline d\u00f6n\u00fc\u015f\u00fcr bir g\u00fcn.<\/p>\n<p>(&#8230;)<\/p>\n<p>Dante, dile getirdi\u011fi cehennemin \u00f6rne\u011fini ve konusunu, bizim ger\u00e7ek d\u00fcnyam\u0131zdan ba\u015fka nerede arayabilirdi? Nitekim, bize \u00e7ok eksiksiz bir cehennem g\u00f6r\u00fcnt\u00fcs\u00fc sundu. Ama cenneti ve cennetin mutlu hayat\u0131n\u0131 dile getirmesi gerekti\u011fi zaman, a\u015f\u0131lmas\u0131 olanaks\u0131z bir g\u00fc\u00e7l\u00fckle kar\u015f\u0131la\u015ft\u0131. \u00c7\u00fcnk\u00fc i\u00e7inde ya\u015fad\u0131\u011f\u0131m\u0131z \u015fu d\u00fcnya ile cennet aras\u0131nda, hi\u00e7bir benzerlik yoktu. Cennetteki mutlu hayat\u0131 anlataca\u011f\u0131 yerde, atalar\u0131n\u0131n, sevgilisi Beatrice&#8217;in ve \u00e7e\u015fitli ermi\u015flerin verdi\u011fi bilgileri iletti bize.<\/p>\n<p>\u0130\u00e7inde ya\u015fad\u0131\u011f\u0131m\u0131z d\u00fcnyan\u0131n, ne bi\u00e7im bir d\u00fcnya oldu\u011fu, b\u00f6ylece a\u00e7\u0131k bir \u015fekilde anla\u015f\u0131l\u0131yor, de\u011fil mi ?<\/p>\n<p>(&#8230;)<\/p>\n<p>\u015eu d\u00fcnyay\u0131 Tanr\u0131 yaratt\u0131ysa, onun yerinde olmak istemem do\u011frusu. \u00c7\u00fcnk\u00fc, d\u00fcnyan\u0131n sefaleti y\u00fcre\u011fimi par\u00e7alar. Yarat\u0131c\u0131 bir ruh d\u00fc\u015f\u00fcn\u00fcl\u00fcrse, yaratt\u0131\u011f\u0131 \u015feyi g\u00f6stererek ona \u015f\u00f6yle ba\u011f\u0131rmak hakk\u0131m\u0131zd\u0131r: &#8220;Bunca mutsuzlu\u011fu ve bo\u011funtuyu ortaya \u00e7\u0131karmak u\u011fruna, hi\u00e7li\u011fin sessizli\u011fini ve k\u0131p\u0131rdamazl\u0131\u011f\u0131n\u0131 bozmaya nas\u0131l kalk\u0131\u015ft\u0131n?&#8221;<\/p>\n<p>(&#8230;)<\/p>\n<p>\u0130stemek, temeli bak\u0131m\u0131ndan ac\u0131 \u00e7ekmektir ve ya\u015famak, istemekten ba\u015fka bir \u015fey olmad\u0131\u011f\u0131na g\u00f6re, hayat\u0131n t\u00fcm\u00fc, \u00f6z\u00fc bak\u0131m\u0131ndan ac\u0131dan ba\u015fka bir \u015fey de\u011fildir.<\/p>\n<p>\u0130nsan ne kadar y\u00fcceyse, ac\u0131s\u0131 da o \u00f6l\u00e7\u00fcde fazlad\u0131r. \u0130nsan\u0131n hayat\u0131, yenilece\u011finden hi\u00e7 \u015f\u00fcphe etmeksizin, var olmaya \u00e7al\u0131\u015fmak i\u00e7in harcanm\u0131\u015f bir \u00e7abad\u0131r.<\/p>\n<p><strong>Arthur Schopenhauer<\/strong><\/p>\n<p>\u00a0<\/p>\n","protected":false},"excerpt":{"rendered":"<p>Hayat\u0131n birinci yar\u0131s\u0131, mutlulu\u011fa kar\u015f\u0131 duyulan yorulmak bilmez bir \u00f6zlem oldu\u011fu halde, ikinci b\u00f6l\u00fcm\u00fc ac\u0131 dolu bir korku duygusuyla kapl\u0131d\u0131r. \u00c7\u00fcnk\u00fc, mutluluk denilen her \u015feyin kuruntu oldu\u011fu ve ac\u0131dan ba\u015fka ger\u00e7e\u011fin bulunmad\u0131\u011f\u0131 fark edilmi\u015ftir art\u0131k.Akl\u0131 ba\u015f\u0131nda insanlar\u0131n, yak\u0131c\u0131 zevklerden \u00e7ok ac\u0131s\u0131z bir hayata y\u00f6nelmeleri bundan \u00f6t\u00fcr\u00fcd\u00fcr. Gen\u00e7li\u011fimde, kap\u0131m\u0131n zilinin her \u00e7al\u0131n\u0131\u015f\u0131nda, g\u00f6nl\u00fcm sevin\u00e7le doluyor ve [&hellip;]<\/p>\n","protected":false},"author":1,"featured_media":0,"comment_status":"open","ping_status":"open","sticky":false,"template":"","format":"standard","meta":{"footnotes":""},"categories":[52],"tags":[],"class_list":{"0":"post-4505","1":"post","2":"type-post","3":"status-publish","4":"format-standard","6":"category-psikoloji"},"yoast_head":"<!-- This site is optimized with the Yoast SEO Premium plugin v24.9 (Yoast SEO v24.9) - https:\/\/yoast.com\/wordpress\/plugins\/seo\/ -->\n<title>\u0130nsan ne kadar y\u00fcceyse, ac\u0131s\u0131 da o \u00f6l\u00e7\u00fcde fazlad\u0131r | Hayat\u0131n Ac\u0131lar\u0131 \u00dczerine - Arthur Schopenhauer - narteks.net<\/title>\n<meta name=\"robots\" content=\"index, follow, max-snippet:-1, max-image-preview:large, max-video-preview:-1\" \/>\n<link rel=\"canonical\" href=\"https:\/\/narteks.net\/index.php\/2010\/04\/21\/insan-ne-kadar-yuceyse-acisi-da-o-olcude-fazladir-hayatin-acilari-uzerine-arthur-schopenhauer\/\" \/>\n<meta property=\"og:locale\" content=\"tr_TR\" \/>\n<meta property=\"og:type\" content=\"article\" \/>\n<meta property=\"og:title\" content=\"\u0130nsan ne kadar y\u00fcceyse, ac\u0131s\u0131 da o \u00f6l\u00e7\u00fcde fazlad\u0131r | Hayat\u0131n Ac\u0131lar\u0131 \u00dczerine - Arthur Schopenhauer\" \/>\n<meta property=\"og:description\" content=\"Hayat\u0131n birinci yar\u0131s\u0131, mutlulu\u011fa kar\u015f\u0131 duyulan yorulmak bilmez bir \u00f6zlem oldu\u011fu halde, ikinci b\u00f6l\u00fcm\u00fc ac\u0131 dolu bir korku duygusuyla kapl\u0131d\u0131r. \u00c7\u00fcnk\u00fc, mutluluk denilen her \u015feyin kuruntu oldu\u011fu ve ac\u0131dan ba\u015fka ger\u00e7e\u011fin bulunmad\u0131\u011f\u0131 fark edilmi\u015ftir art\u0131k.Akl\u0131 ba\u015f\u0131nda insanlar\u0131n, yak\u0131c\u0131 zevklerden \u00e7ok ac\u0131s\u0131z bir hayata y\u00f6nelmeleri bundan \u00f6t\u00fcr\u00fcd\u00fcr. Gen\u00e7li\u011fimde, kap\u0131m\u0131n zilinin her \u00e7al\u0131n\u0131\u015f\u0131nda, g\u00f6nl\u00fcm sevin\u00e7le doluyor ve [&hellip;]\" \/>\n<meta property=\"og:url\" content=\"https:\/\/narteks.net\/index.php\/2010\/04\/21\/insan-ne-kadar-yuceyse-acisi-da-o-olcude-fazladir-hayatin-acilari-uzerine-arthur-schopenhauer\/\" \/>\n<meta property=\"og:site_name\" content=\"narteks.net\" \/>\n<meta property=\"article:published_time\" content=\"2010-04-21T06:04:54+00:00\" \/>\n<meta property=\"og:image\" content=\"http:\/\/ebooks.adelaide.edu.au\/s\/schopenhauer\/arthur\/portrait.jpg\" \/>\n<meta name=\"author\" content=\"Tar\u0131k\" \/>\n<meta name=\"twitter:card\" content=\"summary_large_image\" \/>\n<meta name=\"twitter:creator\" content=\"@narteks\" \/>\n<meta name=\"twitter:site\" content=\"@narteks\" \/>\n<meta name=\"twitter:label1\" content=\"Yazan:\" \/>\n\t<meta name=\"twitter:data1\" content=\"Tar\u0131k\" \/>\n\t<meta name=\"twitter:label2\" content=\"Tahmini okuma s\u00fcresi\" \/>\n\t<meta name=\"twitter:data2\" content=\"2 dakika\" \/>\n<script type=\"application\/ld+json\" class=\"yoast-schema-graph\">{\"@context\":\"https:\/\/schema.org\",\"@graph\":[{\"@type\":\"Article\",\"@id\":\"https:\/\/narteks.net\/index.php\/2010\/04\/21\/insan-ne-kadar-yuceyse-acisi-da-o-olcude-fazladir-hayatin-acilari-uzerine-arthur-schopenhauer\/#article\",\"isPartOf\":{\"@id\":\"https:\/\/narteks.net\/index.php\/2010\/04\/21\/insan-ne-kadar-yuceyse-acisi-da-o-olcude-fazladir-hayatin-acilari-uzerine-arthur-schopenhauer\/\"},\"author\":{\"name\":\"Tar\u0131k\",\"@id\":\"https:\/\/narteks.net\/#\/schema\/person\/61f37d9834294b72d31d274e7ed79bca\"},\"headline\":\"\u0130nsan ne kadar y\u00fcceyse, ac\u0131s\u0131 da o \u00f6l\u00e7\u00fcde fazlad\u0131r | Hayat\u0131n Ac\u0131lar\u0131 \u00dczerine &#8211; Arthur Schopenhauer\",\"datePublished\":\"2010-04-21T06:04:54+00:00\",\"mainEntityOfPage\":{\"@id\":\"https:\/\/narteks.net\/index.php\/2010\/04\/21\/insan-ne-kadar-yuceyse-acisi-da-o-olcude-fazladir-hayatin-acilari-uzerine-arthur-schopenhauer\/\"},\"wordCount\":512,\"commentCount\":0,\"publisher\":{\"@id\":\"https:\/\/narteks.net\/#organization\"},\"image\":{\"@id\":\"https:\/\/narteks.net\/index.php\/2010\/04\/21\/insan-ne-kadar-yuceyse-acisi-da-o-olcude-fazladir-hayatin-acilari-uzerine-arthur-schopenhauer\/#primaryimage\"},\"thumbnailUrl\":\"http:\/\/ebooks.adelaide.edu.au\/s\/schopenhauer\/arthur\/portrait.jpg\",\"articleSection\":[\"Psikoloji\"],\"inLanguage\":\"tr\",\"potentialAction\":[{\"@type\":\"CommentAction\",\"name\":\"Comment\",\"target\":[\"https:\/\/narteks.net\/index.php\/2010\/04\/21\/insan-ne-kadar-yuceyse-acisi-da-o-olcude-fazladir-hayatin-acilari-uzerine-arthur-schopenhauer\/#respond\"]}]},{\"@type\":\"WebPage\",\"@id\":\"https:\/\/narteks.net\/index.php\/2010\/04\/21\/insan-ne-kadar-yuceyse-acisi-da-o-olcude-fazladir-hayatin-acilari-uzerine-arthur-schopenhauer\/\",\"url\":\"https:\/\/narteks.net\/index.php\/2010\/04\/21\/insan-ne-kadar-yuceyse-acisi-da-o-olcude-fazladir-hayatin-acilari-uzerine-arthur-schopenhauer\/\",\"name\":\"\u0130nsan ne kadar y\u00fcceyse, ac\u0131s\u0131 da o \u00f6l\u00e7\u00fcde fazlad\u0131r | Hayat\u0131n Ac\u0131lar\u0131 \u00dczerine - Arthur Schopenhauer - narteks.net\",\"isPartOf\":{\"@id\":\"https:\/\/narteks.net\/#website\"},\"primaryImageOfPage\":{\"@id\":\"https:\/\/narteks.net\/index.php\/2010\/04\/21\/insan-ne-kadar-yuceyse-acisi-da-o-olcude-fazladir-hayatin-acilari-uzerine-arthur-schopenhauer\/#primaryimage\"},\"image\":{\"@id\":\"https:\/\/narteks.net\/index.php\/2010\/04\/21\/insan-ne-kadar-yuceyse-acisi-da-o-olcude-fazladir-hayatin-acilari-uzerine-arthur-schopenhauer\/#primaryimage\"},\"thumbnailUrl\":\"http:\/\/ebooks.adelaide.edu.au\/s\/schopenhauer\/arthur\/portrait.jpg\",\"datePublished\":\"2010-04-21T06:04:54+00:00\",\"breadcrumb\":{\"@id\":\"https:\/\/narteks.net\/index.php\/2010\/04\/21\/insan-ne-kadar-yuceyse-acisi-da-o-olcude-fazladir-hayatin-acilari-uzerine-arthur-schopenhauer\/#breadcrumb\"},\"inLanguage\":\"tr\",\"potentialAction\":[{\"@type\":\"ReadAction\",\"target\":[\"https:\/\/narteks.net\/index.php\/2010\/04\/21\/insan-ne-kadar-yuceyse-acisi-da-o-olcude-fazladir-hayatin-acilari-uzerine-arthur-schopenhauer\/\"]}]},{\"@type\":\"ImageObject\",\"inLanguage\":\"tr\",\"@id\":\"https:\/\/narteks.net\/index.php\/2010\/04\/21\/insan-ne-kadar-yuceyse-acisi-da-o-olcude-fazladir-hayatin-acilari-uzerine-arthur-schopenhauer\/#primaryimage\",\"url\":\"http:\/\/ebooks.adelaide.edu.au\/s\/schopenhauer\/arthur\/portrait.jpg\",\"contentUrl\":\"http:\/\/ebooks.adelaide.edu.au\/s\/schopenhauer\/arthur\/portrait.jpg\"},{\"@type\":\"BreadcrumbList\",\"@id\":\"https:\/\/narteks.net\/index.php\/2010\/04\/21\/insan-ne-kadar-yuceyse-acisi-da-o-olcude-fazladir-hayatin-acilari-uzerine-arthur-schopenhauer\/#breadcrumb\",\"itemListElement\":[{\"@type\":\"ListItem\",\"position\":1,\"name\":\"Anasayfa\",\"item\":\"https:\/\/narteks.net\/\"},{\"@type\":\"ListItem\",\"position\":2,\"name\":\"\u0130nsan ne kadar y\u00fcceyse, ac\u0131s\u0131 da o \u00f6l\u00e7\u00fcde fazlad\u0131r | Hayat\u0131n Ac\u0131lar\u0131 \u00dczerine &#8211; Arthur Schopenhauer\"}]},{\"@type\":\"WebSite\",\"@id\":\"https:\/\/narteks.net\/#website\",\"url\":\"https:\/\/narteks.net\/\",\"name\":\"narteks.net\",\"description\":\"K\u00fclt\u00fcr Sanat Edebiyat Felsefe\",\"publisher\":{\"@id\":\"https:\/\/narteks.net\/#organization\"},\"alternateName\":\"K\u00fclt\u00fcr Sanat Edebiyat Felsefe\",\"potentialAction\":[{\"@type\":\"SearchAction\",\"target\":{\"@type\":\"EntryPoint\",\"urlTemplate\":\"https:\/\/narteks.net\/?s={search_term_string}\"},\"query-input\":{\"@type\":\"PropertyValueSpecification\",\"valueRequired\":true,\"valueName\":\"search_term_string\"}}],\"inLanguage\":\"tr\"},{\"@type\":\"Organization\",\"@id\":\"https:\/\/narteks.net\/#organization\",\"name\":\"narteks.net\",\"url\":\"https:\/\/narteks.net\/\",\"logo\":{\"@type\":\"ImageObject\",\"inLanguage\":\"tr\",\"@id\":\"https:\/\/narteks.net\/#\/schema\/logo\/image\/\",\"url\":\"https:\/\/narteks.net\/wp-content\/uploads\/narteks.png\",\"contentUrl\":\"https:\/\/narteks.net\/wp-content\/uploads\/narteks.png\",\"width\":300,\"height\":90,\"caption\":\"narteks.net\"},\"image\":{\"@id\":\"https:\/\/narteks.net\/#\/schema\/logo\/image\/\"},\"sameAs\":[\"https:\/\/x.com\/narteks\",\"https:\/\/instagram.com\/narteksnet\"]},{\"@type\":\"Person\",\"@id\":\"https:\/\/narteks.net\/#\/schema\/person\/61f37d9834294b72d31d274e7ed79bca\",\"name\":\"Tar\u0131k\",\"image\":{\"@type\":\"ImageObject\",\"inLanguage\":\"tr\",\"@id\":\"https:\/\/narteks.net\/#\/schema\/person\/image\/\",\"url\":\"https:\/\/secure.gravatar.com\/avatar\/50865afb55632c4ae467e0af0930f6510aa2297d8014be502a55b14f3b7550cf?s=96&d=mm&r=g\",\"contentUrl\":\"https:\/\/secure.gravatar.com\/avatar\/50865afb55632c4ae467e0af0930f6510aa2297d8014be502a55b14f3b7550cf?s=96&d=mm&r=g\",\"caption\":\"Tar\u0131k\"},\"sameAs\":[\"http:\/\/narteks.net\"],\"url\":\"https:\/\/narteks.net\/index.php\/author\/narbak\/\"}]}<\/script>\n<!-- \/ Yoast SEO Premium plugin. -->","yoast_head_json":{"title":"\u0130nsan ne kadar y\u00fcceyse, ac\u0131s\u0131 da o \u00f6l\u00e7\u00fcde fazlad\u0131r | Hayat\u0131n Ac\u0131lar\u0131 \u00dczerine - Arthur Schopenhauer - narteks.net","robots":{"index":"index","follow":"follow","max-snippet":"max-snippet:-1","max-image-preview":"max-image-preview:large","max-video-preview":"max-video-preview:-1"},"canonical":"https:\/\/narteks.net\/index.php\/2010\/04\/21\/insan-ne-kadar-yuceyse-acisi-da-o-olcude-fazladir-hayatin-acilari-uzerine-arthur-schopenhauer\/","og_locale":"tr_TR","og_type":"article","og_title":"\u0130nsan ne kadar y\u00fcceyse, ac\u0131s\u0131 da o \u00f6l\u00e7\u00fcde fazlad\u0131r | Hayat\u0131n Ac\u0131lar\u0131 \u00dczerine - Arthur Schopenhauer","og_description":"Hayat\u0131n birinci yar\u0131s\u0131, mutlulu\u011fa kar\u015f\u0131 duyulan yorulmak bilmez bir \u00f6zlem oldu\u011fu halde, ikinci b\u00f6l\u00fcm\u00fc ac\u0131 dolu bir korku duygusuyla kapl\u0131d\u0131r. \u00c7\u00fcnk\u00fc, mutluluk denilen her \u015feyin kuruntu oldu\u011fu ve ac\u0131dan ba\u015fka ger\u00e7e\u011fin bulunmad\u0131\u011f\u0131 fark edilmi\u015ftir art\u0131k.Akl\u0131 ba\u015f\u0131nda insanlar\u0131n, yak\u0131c\u0131 zevklerden \u00e7ok ac\u0131s\u0131z bir hayata y\u00f6nelmeleri bundan \u00f6t\u00fcr\u00fcd\u00fcr. Gen\u00e7li\u011fimde, kap\u0131m\u0131n zilinin her \u00e7al\u0131n\u0131\u015f\u0131nda, g\u00f6nl\u00fcm sevin\u00e7le doluyor ve [&hellip;]","og_url":"https:\/\/narteks.net\/index.php\/2010\/04\/21\/insan-ne-kadar-yuceyse-acisi-da-o-olcude-fazladir-hayatin-acilari-uzerine-arthur-schopenhauer\/","og_site_name":"narteks.net","article_published_time":"2010-04-21T06:04:54+00:00","og_image":[{"url":"http:\/\/ebooks.adelaide.edu.au\/s\/schopenhauer\/arthur\/portrait.jpg","type":"","width":"","height":""}],"author":"Tar\u0131k","twitter_card":"summary_large_image","twitter_creator":"@narteks","twitter_site":"@narteks","twitter_misc":{"Yazan:":"Tar\u0131k","Tahmini okuma s\u00fcresi":"2 dakika"},"schema":{"@context":"https:\/\/schema.org","@graph":[{"@type":"Article","@id":"https:\/\/narteks.net\/index.php\/2010\/04\/21\/insan-ne-kadar-yuceyse-acisi-da-o-olcude-fazladir-hayatin-acilari-uzerine-arthur-schopenhauer\/#article","isPartOf":{"@id":"https:\/\/narteks.net\/index.php\/2010\/04\/21\/insan-ne-kadar-yuceyse-acisi-da-o-olcude-fazladir-hayatin-acilari-uzerine-arthur-schopenhauer\/"},"author":{"name":"Tar\u0131k","@id":"https:\/\/narteks.net\/#\/schema\/person\/61f37d9834294b72d31d274e7ed79bca"},"headline":"\u0130nsan ne kadar y\u00fcceyse, ac\u0131s\u0131 da o \u00f6l\u00e7\u00fcde fazlad\u0131r | Hayat\u0131n Ac\u0131lar\u0131 \u00dczerine &#8211; Arthur Schopenhauer","datePublished":"2010-04-21T06:04:54+00:00","mainEntityOfPage":{"@id":"https:\/\/narteks.net\/index.php\/2010\/04\/21\/insan-ne-kadar-yuceyse-acisi-da-o-olcude-fazladir-hayatin-acilari-uzerine-arthur-schopenhauer\/"},"wordCount":512,"commentCount":0,"publisher":{"@id":"https:\/\/narteks.net\/#organization"},"image":{"@id":"https:\/\/narteks.net\/index.php\/2010\/04\/21\/insan-ne-kadar-yuceyse-acisi-da-o-olcude-fazladir-hayatin-acilari-uzerine-arthur-schopenhauer\/#primaryimage"},"thumbnailUrl":"http:\/\/ebooks.adelaide.edu.au\/s\/schopenhauer\/arthur\/portrait.jpg","articleSection":["Psikoloji"],"inLanguage":"tr","potentialAction":[{"@type":"CommentAction","name":"Comment","target":["https:\/\/narteks.net\/index.php\/2010\/04\/21\/insan-ne-kadar-yuceyse-acisi-da-o-olcude-fazladir-hayatin-acilari-uzerine-arthur-schopenhauer\/#respond"]}]},{"@type":"WebPage","@id":"https:\/\/narteks.net\/index.php\/2010\/04\/21\/insan-ne-kadar-yuceyse-acisi-da-o-olcude-fazladir-hayatin-acilari-uzerine-arthur-schopenhauer\/","url":"https:\/\/narteks.net\/index.php\/2010\/04\/21\/insan-ne-kadar-yuceyse-acisi-da-o-olcude-fazladir-hayatin-acilari-uzerine-arthur-schopenhauer\/","name":"\u0130nsan ne kadar y\u00fcceyse, ac\u0131s\u0131 da o \u00f6l\u00e7\u00fcde fazlad\u0131r | Hayat\u0131n Ac\u0131lar\u0131 \u00dczerine - Arthur Schopenhauer - narteks.net","isPartOf":{"@id":"https:\/\/narteks.net\/#website"},"primaryImageOfPage":{"@id":"https:\/\/narteks.net\/index.php\/2010\/04\/21\/insan-ne-kadar-yuceyse-acisi-da-o-olcude-fazladir-hayatin-acilari-uzerine-arthur-schopenhauer\/#primaryimage"},"image":{"@id":"https:\/\/narteks.net\/index.php\/2010\/04\/21\/insan-ne-kadar-yuceyse-acisi-da-o-olcude-fazladir-hayatin-acilari-uzerine-arthur-schopenhauer\/#primaryimage"},"thumbnailUrl":"http:\/\/ebooks.adelaide.edu.au\/s\/schopenhauer\/arthur\/portrait.jpg","datePublished":"2010-04-21T06:04:54+00:00","breadcrumb":{"@id":"https:\/\/narteks.net\/index.php\/2010\/04\/21\/insan-ne-kadar-yuceyse-acisi-da-o-olcude-fazladir-hayatin-acilari-uzerine-arthur-schopenhauer\/#breadcrumb"},"inLanguage":"tr","potentialAction":[{"@type":"ReadAction","target":["https:\/\/narteks.net\/index.php\/2010\/04\/21\/insan-ne-kadar-yuceyse-acisi-da-o-olcude-fazladir-hayatin-acilari-uzerine-arthur-schopenhauer\/"]}]},{"@type":"ImageObject","inLanguage":"tr","@id":"https:\/\/narteks.net\/index.php\/2010\/04\/21\/insan-ne-kadar-yuceyse-acisi-da-o-olcude-fazladir-hayatin-acilari-uzerine-arthur-schopenhauer\/#primaryimage","url":"http:\/\/ebooks.adelaide.edu.au\/s\/schopenhauer\/arthur\/portrait.jpg","contentUrl":"http:\/\/ebooks.adelaide.edu.au\/s\/schopenhauer\/arthur\/portrait.jpg"},{"@type":"BreadcrumbList","@id":"https:\/\/narteks.net\/index.php\/2010\/04\/21\/insan-ne-kadar-yuceyse-acisi-da-o-olcude-fazladir-hayatin-acilari-uzerine-arthur-schopenhauer\/#breadcrumb","itemListElement":[{"@type":"ListItem","position":1,"name":"Anasayfa","item":"https:\/\/narteks.net\/"},{"@type":"ListItem","position":2,"name":"\u0130nsan ne kadar y\u00fcceyse, ac\u0131s\u0131 da o \u00f6l\u00e7\u00fcde fazlad\u0131r | Hayat\u0131n Ac\u0131lar\u0131 \u00dczerine &#8211; Arthur Schopenhauer"}]},{"@type":"WebSite","@id":"https:\/\/narteks.net\/#website","url":"https:\/\/narteks.net\/","name":"narteks.net","description":"K\u00fclt\u00fcr Sanat Edebiyat Felsefe","publisher":{"@id":"https:\/\/narteks.net\/#organization"},"alternateName":"K\u00fclt\u00fcr Sanat Edebiyat Felsefe","potentialAction":[{"@type":"SearchAction","target":{"@type":"EntryPoint","urlTemplate":"https:\/\/narteks.net\/?s={search_term_string}"},"query-input":{"@type":"PropertyValueSpecification","valueRequired":true,"valueName":"search_term_string"}}],"inLanguage":"tr"},{"@type":"Organization","@id":"https:\/\/narteks.net\/#organization","name":"narteks.net","url":"https:\/\/narteks.net\/","logo":{"@type":"ImageObject","inLanguage":"tr","@id":"https:\/\/narteks.net\/#\/schema\/logo\/image\/","url":"https:\/\/narteks.net\/wp-content\/uploads\/narteks.png","contentUrl":"https:\/\/narteks.net\/wp-content\/uploads\/narteks.png","width":300,"height":90,"caption":"narteks.net"},"image":{"@id":"https:\/\/narteks.net\/#\/schema\/logo\/image\/"},"sameAs":["https:\/\/x.com\/narteks","https:\/\/instagram.com\/narteksnet"]},{"@type":"Person","@id":"https:\/\/narteks.net\/#\/schema\/person\/61f37d9834294b72d31d274e7ed79bca","name":"Tar\u0131k","image":{"@type":"ImageObject","inLanguage":"tr","@id":"https:\/\/narteks.net\/#\/schema\/person\/image\/","url":"https:\/\/secure.gravatar.com\/avatar\/50865afb55632c4ae467e0af0930f6510aa2297d8014be502a55b14f3b7550cf?s=96&d=mm&r=g","contentUrl":"https:\/\/secure.gravatar.com\/avatar\/50865afb55632c4ae467e0af0930f6510aa2297d8014be502a55b14f3b7550cf?s=96&d=mm&r=g","caption":"Tar\u0131k"},"sameAs":["http:\/\/narteks.net"],"url":"https:\/\/narteks.net\/index.php\/author\/narbak\/"}]}},"_links":{"self":[{"href":"https:\/\/narteks.net\/index.php\/wp-json\/wp\/v2\/posts\/4505","targetHints":{"allow":["GET"]}}],"collection":[{"href":"https:\/\/narteks.net\/index.php\/wp-json\/wp\/v2\/posts"}],"about":[{"href":"https:\/\/narteks.net\/index.php\/wp-json\/wp\/v2\/types\/post"}],"author":[{"embeddable":true,"href":"https:\/\/narteks.net\/index.php\/wp-json\/wp\/v2\/users\/1"}],"replies":[{"embeddable":true,"href":"https:\/\/narteks.net\/index.php\/wp-json\/wp\/v2\/comments?post=4505"}],"version-history":[{"count":0,"href":"https:\/\/narteks.net\/index.php\/wp-json\/wp\/v2\/posts\/4505\/revisions"}],"wp:attachment":[{"href":"https:\/\/narteks.net\/index.php\/wp-json\/wp\/v2\/media?parent=4505"}],"wp:term":[{"taxonomy":"category","embeddable":true,"href":"https:\/\/narteks.net\/index.php\/wp-json\/wp\/v2\/categories?post=4505"},{"taxonomy":"post_tag","embeddable":true,"href":"https:\/\/narteks.net\/index.php\/wp-json\/wp\/v2\/tags?post=4505"}],"curies":[{"name":"wp","href":"https:\/\/api.w.org\/{rel}","templated":true}]}}