{"id":4506,"date":"2010-04-21T12:09:12","date_gmt":"2010-04-21T09:09:12","guid":{"rendered":"http:\/\/localhost\/wordpress\/2010\/04\/21\/incelmis-bir-ulusalcilikla-iscilerin-yozlastirilmasi-vilenin\/"},"modified":"2010-04-21T12:09:12","modified_gmt":"2010-04-21T09:09:12","slug":"incelmis-bir-ulusalcilikla-iscilerin-yozlastirilmasi-vilenin","status":"publish","type":"post","link":"https:\/\/narteks.net\/index.php\/2010\/04\/21\/incelmis-bir-ulusalcilikla-iscilerin-yozlastirilmasi-vilenin\/","title":{"rendered":"\u0130ncelmi\u015f Bir Ulusalc\u0131l\u0131kla \u0130\u015f\u00e7ilerin Yozla\u015ft\u0131r\u0131lmas\u0131 | V.\u0130.Lenin"},"content":{"rendered":"<p style=\"text-align: justify;\"><img decoding=\"async\" style=\"float: left;\" src=\"images\/stories\/lenin2.jpg\" alt=\"lenin2\" border=\"0\" \/>\u0130\u015e\u00c7\u0130 s\u0131n\u0131f\u0131 hareketi g\u00fc\u00e7lendik\u00e7e, burjuvazinin ve feodallerin, o hareketi bast\u0131rma ya da par\u00e7alama \u00e7abalar\u0131 daha da \u00e7\u0131lg\u0131nla\u015f\u0131yor. Her iki y\u00f6ntem -kuvvete ba\u015fvurarak bast\u0131rma ve burjuva etkisiyle par\u00e7alama- t\u00fcm d\u00fcnyada, b\u00fct\u00fcn \u00fclkelerde s\u00fcrekli olarak uygulanmaktad\u0131r; egemen s\u0131n\u0131flar\u0131n \u00e7e\u015fitli partileri, bu y\u00f6ntemlerden zaman zaman birini, zaman zaman \u00f6tekini i\u015fletiyorlar.<\/p>\n<p style=\"text-align: justify;\">Rusya&#8217;da \u00f6zellikle 1905&#8217;ten sonra, burjuvazinin daha ak\u0131ll\u0131 mensuplar\u0131, salt kaba kuvvetin etkili olmad\u0131\u011f\u0131n\u0131 anlad\u0131klar\u0131 zaman, her boyadan &#8220;ilerici&#8221; burjuva partileriyle gruplar\u0131, i\u015f\u00e7i s\u0131n\u0131f\u0131n\u0131n sava\u015f\u0131m\u0131n\u0131 zay\u0131flatmak i\u00e7in d\u00fc\u015f\u00fcn\u00fclm\u00fc\u015f, farkl\u0131 burjuva g\u00f6r\u00fc\u015f ve \u00f6\u011fretilerini savunarak, i\u015f\u00e7ileri b\u00f6lme y\u00f6ntemine daha \u00e7ok ba\u015fvurmaya ba\u015flam\u0131\u015flard\u0131r. [sayfa 159]<\/p>\n<p style=\"text-align: justify;\">Bu g\u00f6r\u00fc\u015flerden biri incelmi\u015f (refined) ulusalc\u0131l\u0131kt\u0131r. Bu ulusalc\u0131l\u0131k en makul gibi g\u00f6r\u00fcnen sahte mazeretlerle, \u00f6rne\u011fin &#8220;ulusal k\u00fclt\u00fcr&#8221;\u00fcn, &#8220;ulusal \u00f6zerklik ya da ba\u011f\u0131ms\u0131zl\u0131\u011f\u0131n&#8221; gereklerini koruma bahanesiyle proletaryay\u0131 b\u00f6l\u00fcp par\u00e7alamay\u0131 savunur.<\/p>\n<p style=\"text-align: justify;\">S\u0131n\u0131f bilinci ta\u015f\u0131yan i\u015f\u00e7iler, hem kaba, vah\u015fi, kara-y\u00fczler ulusalc\u0131l\u0131\u011f\u0131yla, hem de i\u015f\u00e7i davas\u0131n\u0131, i\u015f\u00e7i \u00f6rg\u00fctlerini ve i\u015f\u00e7i s\u0131n\u0131f\u0131 hareketini ulusal-topluluklara g\u00f6re b\u00f6lmenin yan\u0131 s\u0131ra uluslar\u0131n e\u015fit oldu\u011fu vaaz\u0131m veren bu incelmi\u015f ulusalc\u0131l\u0131kla, ulusalc\u0131l\u0131\u011f\u0131n her t\u00fcr\u00fcyle en sert bi\u00e7imde sava\u015f\u0131rlar. Her t\u00fcr ulusalc\u0131 burjuvazinin tersine, s\u0131n\u0131f bilinci ta\u015f\u0131yan, i\u015f\u00e7iler, marksistlerin son (yaz 1913) kararlar\u0131 do\u011frultusunda davranarak, yaln\u0131zca uluslar\u0131n ve dillerin, A&#8217;dan Z&#8217;ye, tam ger\u00e7ekle\u015ftirilmi\u015f e\u015fitli\u011finden yana olmakla kalmam\u0131\u015flar, onun yan\u0131 s\u0131ra de\u011fi\u015fik ulusal-topluluklar i\u015f\u00e7ilerinin birle\u015fmi\u015f her t\u00fcrl\u00fc proletarya \u00f6rg\u00fct\u00fc i\u00e7inde kayna\u015fmas\u0131n\u0131 da savunmu\u015flard\u0131r.<\/p>\n<p style=\"text-align: justify;\">Marksizmin ulusal program\u0131yla, en &#8220;ileri&#8221; t\u00fcrden burjuva ulusal program\u0131 aras\u0131ndaki temel fark buradad\u0131r.<br \/> Uluslar\u0131n ve dillerin e\u015fitli\u011finin kabul\u00fc, marksistler i\u00e7in \u00f6nem ta\u015f\u0131yor. Ama bu, yaln\u0131zca, en tutarl\u0131 demokratlar marksistler oldu\u011fu i\u00e7in de\u011fil. \u0130\u015f\u00e7ilerin s\u0131n\u0131f sava\u015f\u0131m\u0131nda, proletarya dayan\u0131\u015fmas\u0131n\u0131n ve yolda\u015f\u00e7a birli\u011fin istemleri de, ulusalc\u0131 g\u00fcvensizli\u011fin b\u00fct\u00fcn izlerini, yabanc\u0131la\u015fmay\u0131, ku\u015fku ve d\u00fc\u015fmanl\u0131\u011f\u0131 ortadan kald\u0131rmak \u00fczere, ulusal-topluluklar\u0131n tam e\u015fitli\u011fini gerektiriyor. Tam e\u015fitlik, herhangi bir dil i\u00e7in her t\u00fcrl\u00fc ayr\u0131cal\u0131\u011f\u0131n reddini ve b\u00fct\u00fcn ulusal-topluluklar\u0131n kendi kaderlerini tayin hakk\u0131n\u0131 da i\u00e7eriyor.<\/p>\n<p style=\"text-align: justify;\">Ne var ki, uluslar\u0131n e\u015fitli\u011fi istemi, burjuvazi i\u00e7in pratikte ulusal \u00f6zg\u00fcnl\u00fc\u011f\u00fc (exclusiveness) ve \u015fovenizmi savunmaya var\u0131r; genellikle de buna, uluslar\u0131n b\u00f6l\u00fcnmesi ve birbirlerine yabanc\u0131la\u015fmas\u0131n\u0131n savunulmas\u0131 e\u015flik eder. Bu ise, yaln\u0131zca ulusal-topluluklar aras\u0131nda daha yak\u0131n ili\u015fkileri de\u011fil, ama onun yan\u0131 s\u0131ra, belli bir devlet i\u00e7indeki b\u00fct\u00fcn ulusal- topluluklar i\u015f\u00e7ilerinin birle\u015fmi\u015f proletarya \u00f6rg\u00fctlerinde bir araya gelmesini savunan proleter enternasyonalizmiyle kesinlikle ba\u011fda\u015fmaz. &#8220;K\u00fclt\u00fcrde ulusal \u00f6zerklik&#8221; denen \u015feyi, yani e\u011fitim i\u015flerinin devletin elinden al\u0131nmas\u0131 ve ayr\u0131 ayr\u0131 ulusal-topluluklara verilmesi d\u00fc\u015f\u00fcncesini marksistler i\u015fte bu nedenle sert bir bi\u00e7imde k\u0131narlar. Bu plan\u0131n anlam\u0131 [sayfa 160] \u015fudur: &#8220;Ulusal k\u00fclt\u00fcr&#8221; konular\u0131nda, e\u011fitim i\u015fleri, belli bir devlet federasyonu i\u00e7inde kendi ayr\u0131 diyeti, e\u011fitim b\u00fct\u00e7esi, okul y\u00f6netim kurullar\u0131 ve e\u011fitim kurumlar\u0131 bulunan ulusal- topluluklara g\u00f6re, ulusal birliklere b\u00f6l\u00fcnecektir.<\/p>\n<p style=\"text-align: justify;\">Bu, i\u015f\u00e7i s\u0131n\u0131f\u0131n\u0131 yozla\u015ft\u0131ran ve b\u00f6len bir incelmi\u015f ulusalc\u0131l\u0131k plan\u0131d\u0131r. (Bundculara, tasfiyecilere ve narodniklere, yani \u00e7e\u015fitli k\u00fc\u00e7\u00fck-burjuva gruplara ait olan) bu plan\u0131n kar\u015f\u0131s\u0131na, marksistler, uluslar\u0131n ve dillerin tam e\u015fitli\u011fi ilkesini koyarlar ve resmi bir dile gerek oldu\u011funu redde kadar giderler; ama ayn\u0131 zamanda uluslar aras\u0131nda olabildi\u011fi kadar yak\u0131n ili\u015fkileri, b\u00fct\u00fcn uluslar i\u00e7in bir \u00f6rnek devlet kurumlar\u0131n\u0131, bir \u00f6rnek okul y\u00f6netimlerini, bir \u00f6rnek e\u011fitim siyasetini (laik e\u011fitim), ve her ulusal burjuvazinin ulusalc\u0131l\u0131\u011f\u0131na, ahmaklar\u0131 kand\u0131rmak i\u00e7in &#8220;ulusal k\u00fclt\u00fcr&#8221; slogan\u0131 alt\u0131nda sunulan ulusalc\u0131l\u0131\u011fa kar\u015f\u0131 sava\u015f\u0131mda \u00e7e\u015fitli uluslar i\u015f\u00e7ilerinin birli\u011fini savunurlar.<br \/> B\u0131rakal\u0131m k\u00fc\u00e7\u00fck-burjuva ulusalc\u0131lar -bundcular, tasfiyeciler, narodnikler ve Dzvin &#8216;in yazarlar\u0131- incelmi\u015f burjuva ulusalc\u0131l\u0131\u011f\u0131 ilkelerini savunsunlar; bu onlar\u0131n hakk\u0131d\u0131r. Ama bayan V. O.&#8217;nun[74] Severnaya Rabo\u00e7aya Gazeta&#8217;n\u0131n 35. say\u0131s\u0131nda Za Pravdu&#8217;nun okullarda derslerin yerli dille okutulmas\u0131na kar\u015f\u0131 \u00e7\u0131kt\u0131\u011f\u0131na ili\u015fkin, okurlar\u0131na g\u00fcvence \u00fcst\u00fcne g\u00fcvence vererek yapt\u0131\u011f\u0131 gibi i\u015f\u00e7ileri aptal yerine koymaya kalk\u0131\u015fmas\u0131nlar.<br \/> Bu b\u00fcy\u00fck bir iftirad\u0131r. Pravdac\u0131lar yaln\u0131zca bu hakk\u0131 tan\u0131makla kalmazlar; bu hakk\u0131 tan\u0131makta herkesten daha tutarl\u0131d\u0131rlar. Rusya&#8217;da, yerel dilin kullan\u0131lmas\u0131 hakk\u0131n\u0131 tam olarak ilk tan\u0131yanlar, kendilerini zorunlu resmi bir dile gerek olmad\u0131\u011f\u0131n\u0131 ilan eden marksistlerin konferans\u0131yla \u00f6zde\u015fle\u015ftiren pravdac\u0131lar olmu\u015ftur.<\/p>\n<p style=\"text-align: justify;\">&#8220;E\u011fitim i\u015flerini tek bir devletin i\u00e7inde uluslara g\u00f6re b\u00f6lmeyi&#8221;, &#8220;k\u00fclt\u00fcrde ulusal \u00f6zerkli\u011fi&#8221;, &#8220;e\u011fitim i\u015flerini devletin elinden almay\u0131&#8221; derslerin yerli dilde okutulmas\u0131yla kar\u0131\u015ft\u0131rmak dangalak\u00e7a bir bilisizliktir.<br \/> D\u00fcnyan\u0131n hi\u00e7bir yerinde marksistler (hatta hatta demokratlar) derslerin yerel dilde okutulmas\u0131na kar\u015f\u0131 \u00e7\u0131km\u0131\u015f de\u011fillerdir. D\u00fcnyan\u0131n hi\u00e7 bir yerinde marksistler, &#8220;k\u00fclt\u00fcrde ulusal \u00f6zerklik&#8221; program\u0131n\u0131 benimsememi\u015flerdir. Bu program\u0131n \u00f6nerildi\u011fi tek \u00fclke Avusturya&#8217;d\u0131r.<br \/> Bayan V. O.&#8217;nun Finlandiya&#8217;y\u0131 \u00f6rnek, vermesi, asl\u0131nda [sayfa 161] onun kan\u0131t\u0131n\u0131 \u00e7\u00fcr\u00fct\u00fcr. \u00c7\u00fcnk\u00fc o \u00fclkede (bizim duraksamaks\u0131z\u0131n ve herkesten daha tutarl\u0131 bi\u00e7imde kabul etti\u011fimiz) ulusal-topluluklar\u0131n ve dillerin e\u015fitli\u011fi tan\u0131nm\u0131\u015f ve ger\u00e7ekle\u015ftirilmi\u015ftir. Ama orada, e\u011fitim i\u015flerini devletin elinden \u00e7ekip almak, e\u011fitim i\u015fleriyle u\u011fra\u015fmak \u00fczere ayr\u0131 ulusal kurulu\u015flar yaratmak, devletin okul sistemini ulusal engellerle b\u00f6lmek falan s\u00f6zkonusu de\u011fildir. [sayfa 162]<\/p>\n<p> Put Provdi, n\u00b0 82, 10 May\u0131s 1914,<br \/> Collected Works, vol. 20, s. 289-291<\/p>\n<p> V. \u0130.Lenin<\/p>\n","protected":false},"excerpt":{"rendered":"<p>\u0130\u015e\u00c7\u0130 s\u0131n\u0131f\u0131 hareketi g\u00fc\u00e7lendik\u00e7e, burjuvazinin ve feodallerin, o hareketi bast\u0131rma ya da par\u00e7alama \u00e7abalar\u0131 daha da \u00e7\u0131lg\u0131nla\u015f\u0131yor. Her iki y\u00f6ntem -kuvvete ba\u015fvurarak bast\u0131rma ve burjuva etkisiyle par\u00e7alama- t\u00fcm d\u00fcnyada, b\u00fct\u00fcn \u00fclkelerde s\u00fcrekli olarak uygulanmaktad\u0131r; egemen s\u0131n\u0131flar\u0131n \u00e7e\u015fitli partileri, bu y\u00f6ntemlerden zaman zaman birini, zaman zaman \u00f6tekini i\u015fletiyorlar. Rusya&#8217;da \u00f6zellikle 1905&#8217;ten sonra, burjuvazinin daha ak\u0131ll\u0131 mensuplar\u0131, [&hellip;]<\/p>\n","protected":false},"author":1,"featured_media":0,"comment_status":"open","ping_status":"open","sticky":false,"template":"","format":"standard","meta":{"footnotes":""},"categories":[53],"tags":[],"class_list":{"0":"post-4506","1":"post","2":"type-post","3":"status-publish","4":"format-standard","6":"category-milliyetcilik"},"yoast_head":"<!-- This site is optimized with the Yoast SEO Premium plugin v24.9 (Yoast SEO v24.9) - https:\/\/yoast.com\/wordpress\/plugins\/seo\/ -->\n<title>\u0130ncelmi\u015f Bir Ulusalc\u0131l\u0131kla \u0130\u015f\u00e7ilerin Yozla\u015ft\u0131r\u0131lmas\u0131 | V.\u0130.Lenin - narteks.net<\/title>\n<meta name=\"robots\" content=\"index, follow, max-snippet:-1, max-image-preview:large, max-video-preview:-1\" \/>\n<link rel=\"canonical\" href=\"https:\/\/narteks.net\/index.php\/2010\/04\/21\/incelmis-bir-ulusalcilikla-iscilerin-yozlastirilmasi-vilenin\/\" \/>\n<meta property=\"og:locale\" content=\"tr_TR\" \/>\n<meta property=\"og:type\" content=\"article\" \/>\n<meta property=\"og:title\" content=\"\u0130ncelmi\u015f Bir Ulusalc\u0131l\u0131kla \u0130\u015f\u00e7ilerin Yozla\u015ft\u0131r\u0131lmas\u0131 | V.\u0130.Lenin\" \/>\n<meta property=\"og:description\" content=\"\u0130\u015e\u00c7\u0130 s\u0131n\u0131f\u0131 hareketi g\u00fc\u00e7lendik\u00e7e, burjuvazinin ve feodallerin, o hareketi bast\u0131rma ya da par\u00e7alama \u00e7abalar\u0131 daha da \u00e7\u0131lg\u0131nla\u015f\u0131yor. Her iki y\u00f6ntem -kuvvete ba\u015fvurarak bast\u0131rma ve burjuva etkisiyle par\u00e7alama- t\u00fcm d\u00fcnyada, b\u00fct\u00fcn \u00fclkelerde s\u00fcrekli olarak uygulanmaktad\u0131r; egemen s\u0131n\u0131flar\u0131n \u00e7e\u015fitli partileri, bu y\u00f6ntemlerden zaman zaman birini, zaman zaman \u00f6tekini i\u015fletiyorlar. Rusya&#8217;da \u00f6zellikle 1905&#8217;ten sonra, burjuvazinin daha ak\u0131ll\u0131 mensuplar\u0131, [&hellip;]\" \/>\n<meta property=\"og:url\" content=\"https:\/\/narteks.net\/index.php\/2010\/04\/21\/incelmis-bir-ulusalcilikla-iscilerin-yozlastirilmasi-vilenin\/\" \/>\n<meta property=\"og:site_name\" content=\"narteks.net\" \/>\n<meta property=\"article:published_time\" content=\"2010-04-21T09:09:12+00:00\" \/>\n<meta property=\"og:image\" content=\"https:\/\/narteks.net\/wp-content\/uploads\/narteks.png\" \/>\n\t<meta property=\"og:image:width\" content=\"300\" \/>\n\t<meta property=\"og:image:height\" content=\"90\" \/>\n\t<meta property=\"og:image:type\" content=\"image\/png\" \/>\n<meta name=\"author\" content=\"Tar\u0131k\" \/>\n<meta name=\"twitter:card\" content=\"summary_large_image\" \/>\n<meta name=\"twitter:creator\" content=\"@narteks\" \/>\n<meta name=\"twitter:site\" content=\"@narteks\" \/>\n<meta name=\"twitter:label1\" content=\"Yazan:\" \/>\n\t<meta name=\"twitter:data1\" content=\"Tar\u0131k\" \/>\n\t<meta name=\"twitter:label2\" content=\"Tahmini okuma s\u00fcresi\" \/>\n\t<meta name=\"twitter:data2\" content=\"5 dakika\" \/>\n<script type=\"application\/ld+json\" class=\"yoast-schema-graph\">{\"@context\":\"https:\/\/schema.org\",\"@graph\":[{\"@type\":\"Article\",\"@id\":\"https:\/\/narteks.net\/index.php\/2010\/04\/21\/incelmis-bir-ulusalcilikla-iscilerin-yozlastirilmasi-vilenin\/#article\",\"isPartOf\":{\"@id\":\"https:\/\/narteks.net\/index.php\/2010\/04\/21\/incelmis-bir-ulusalcilikla-iscilerin-yozlastirilmasi-vilenin\/\"},\"author\":{\"name\":\"Tar\u0131k\",\"@id\":\"https:\/\/narteks.net\/#\/schema\/person\/61f37d9834294b72d31d274e7ed79bca\"},\"headline\":\"\u0130ncelmi\u015f Bir Ulusalc\u0131l\u0131kla \u0130\u015f\u00e7ilerin Yozla\u015ft\u0131r\u0131lmas\u0131 | V.\u0130.Lenin\",\"datePublished\":\"2010-04-21T09:09:12+00:00\",\"mainEntityOfPage\":{\"@id\":\"https:\/\/narteks.net\/index.php\/2010\/04\/21\/incelmis-bir-ulusalcilikla-iscilerin-yozlastirilmasi-vilenin\/\"},\"wordCount\":1056,\"commentCount\":0,\"publisher\":{\"@id\":\"https:\/\/narteks.net\/#organization\"},\"articleSection\":[\"Milliyet\u00e7ilik\"],\"inLanguage\":\"tr\",\"potentialAction\":[{\"@type\":\"CommentAction\",\"name\":\"Comment\",\"target\":[\"https:\/\/narteks.net\/index.php\/2010\/04\/21\/incelmis-bir-ulusalcilikla-iscilerin-yozlastirilmasi-vilenin\/#respond\"]}]},{\"@type\":\"WebPage\",\"@id\":\"https:\/\/narteks.net\/index.php\/2010\/04\/21\/incelmis-bir-ulusalcilikla-iscilerin-yozlastirilmasi-vilenin\/\",\"url\":\"https:\/\/narteks.net\/index.php\/2010\/04\/21\/incelmis-bir-ulusalcilikla-iscilerin-yozlastirilmasi-vilenin\/\",\"name\":\"\u0130ncelmi\u015f Bir Ulusalc\u0131l\u0131kla \u0130\u015f\u00e7ilerin Yozla\u015ft\u0131r\u0131lmas\u0131 | V.\u0130.Lenin - narteks.net\",\"isPartOf\":{\"@id\":\"https:\/\/narteks.net\/#website\"},\"datePublished\":\"2010-04-21T09:09:12+00:00\",\"breadcrumb\":{\"@id\":\"https:\/\/narteks.net\/index.php\/2010\/04\/21\/incelmis-bir-ulusalcilikla-iscilerin-yozlastirilmasi-vilenin\/#breadcrumb\"},\"inLanguage\":\"tr\",\"potentialAction\":[{\"@type\":\"ReadAction\",\"target\":[\"https:\/\/narteks.net\/index.php\/2010\/04\/21\/incelmis-bir-ulusalcilikla-iscilerin-yozlastirilmasi-vilenin\/\"]}]},{\"@type\":\"BreadcrumbList\",\"@id\":\"https:\/\/narteks.net\/index.php\/2010\/04\/21\/incelmis-bir-ulusalcilikla-iscilerin-yozlastirilmasi-vilenin\/#breadcrumb\",\"itemListElement\":[{\"@type\":\"ListItem\",\"position\":1,\"name\":\"Anasayfa\",\"item\":\"https:\/\/narteks.net\/\"},{\"@type\":\"ListItem\",\"position\":2,\"name\":\"\u0130ncelmi\u015f Bir Ulusalc\u0131l\u0131kla \u0130\u015f\u00e7ilerin Yozla\u015ft\u0131r\u0131lmas\u0131 | V.\u0130.Lenin\"}]},{\"@type\":\"WebSite\",\"@id\":\"https:\/\/narteks.net\/#website\",\"url\":\"https:\/\/narteks.net\/\",\"name\":\"narteks.net\",\"description\":\"K\u00fclt\u00fcr Sanat Edebiyat Felsefe\",\"publisher\":{\"@id\":\"https:\/\/narteks.net\/#organization\"},\"alternateName\":\"K\u00fclt\u00fcr Sanat Edebiyat Felsefe\",\"potentialAction\":[{\"@type\":\"SearchAction\",\"target\":{\"@type\":\"EntryPoint\",\"urlTemplate\":\"https:\/\/narteks.net\/?s={search_term_string}\"},\"query-input\":{\"@type\":\"PropertyValueSpecification\",\"valueRequired\":true,\"valueName\":\"search_term_string\"}}],\"inLanguage\":\"tr\"},{\"@type\":\"Organization\",\"@id\":\"https:\/\/narteks.net\/#organization\",\"name\":\"narteks.net\",\"url\":\"https:\/\/narteks.net\/\",\"logo\":{\"@type\":\"ImageObject\",\"inLanguage\":\"tr\",\"@id\":\"https:\/\/narteks.net\/#\/schema\/logo\/image\/\",\"url\":\"https:\/\/narteks.net\/wp-content\/uploads\/narteks.png\",\"contentUrl\":\"https:\/\/narteks.net\/wp-content\/uploads\/narteks.png\",\"width\":300,\"height\":90,\"caption\":\"narteks.net\"},\"image\":{\"@id\":\"https:\/\/narteks.net\/#\/schema\/logo\/image\/\"},\"sameAs\":[\"https:\/\/x.com\/narteks\",\"https:\/\/instagram.com\/narteksnet\"]},{\"@type\":\"Person\",\"@id\":\"https:\/\/narteks.net\/#\/schema\/person\/61f37d9834294b72d31d274e7ed79bca\",\"name\":\"Tar\u0131k\",\"image\":{\"@type\":\"ImageObject\",\"inLanguage\":\"tr\",\"@id\":\"https:\/\/narteks.net\/#\/schema\/person\/image\/\",\"url\":\"https:\/\/secure.gravatar.com\/avatar\/50865afb55632c4ae467e0af0930f6510aa2297d8014be502a55b14f3b7550cf?s=96&d=mm&r=g\",\"contentUrl\":\"https:\/\/secure.gravatar.com\/avatar\/50865afb55632c4ae467e0af0930f6510aa2297d8014be502a55b14f3b7550cf?s=96&d=mm&r=g\",\"caption\":\"Tar\u0131k\"},\"sameAs\":[\"http:\/\/narteks.net\"],\"url\":\"https:\/\/narteks.net\/index.php\/author\/narbak\/\"}]}<\/script>\n<!-- \/ Yoast SEO Premium plugin. -->","yoast_head_json":{"title":"\u0130ncelmi\u015f Bir Ulusalc\u0131l\u0131kla \u0130\u015f\u00e7ilerin Yozla\u015ft\u0131r\u0131lmas\u0131 | V.\u0130.Lenin - narteks.net","robots":{"index":"index","follow":"follow","max-snippet":"max-snippet:-1","max-image-preview":"max-image-preview:large","max-video-preview":"max-video-preview:-1"},"canonical":"https:\/\/narteks.net\/index.php\/2010\/04\/21\/incelmis-bir-ulusalcilikla-iscilerin-yozlastirilmasi-vilenin\/","og_locale":"tr_TR","og_type":"article","og_title":"\u0130ncelmi\u015f Bir Ulusalc\u0131l\u0131kla \u0130\u015f\u00e7ilerin Yozla\u015ft\u0131r\u0131lmas\u0131 | V.\u0130.Lenin","og_description":"\u0130\u015e\u00c7\u0130 s\u0131n\u0131f\u0131 hareketi g\u00fc\u00e7lendik\u00e7e, burjuvazinin ve feodallerin, o hareketi bast\u0131rma ya da par\u00e7alama \u00e7abalar\u0131 daha da \u00e7\u0131lg\u0131nla\u015f\u0131yor. Her iki y\u00f6ntem -kuvvete ba\u015fvurarak bast\u0131rma ve burjuva etkisiyle par\u00e7alama- t\u00fcm d\u00fcnyada, b\u00fct\u00fcn \u00fclkelerde s\u00fcrekli olarak uygulanmaktad\u0131r; egemen s\u0131n\u0131flar\u0131n \u00e7e\u015fitli partileri, bu y\u00f6ntemlerden zaman zaman birini, zaman zaman \u00f6tekini i\u015fletiyorlar. Rusya&#8217;da \u00f6zellikle 1905&#8217;ten sonra, burjuvazinin daha ak\u0131ll\u0131 mensuplar\u0131, [&hellip;]","og_url":"https:\/\/narteks.net\/index.php\/2010\/04\/21\/incelmis-bir-ulusalcilikla-iscilerin-yozlastirilmasi-vilenin\/","og_site_name":"narteks.net","article_published_time":"2010-04-21T09:09:12+00:00","og_image":[{"width":300,"height":90,"url":"https:\/\/narteks.net\/wp-content\/uploads\/narteks.png","type":"image\/png"}],"author":"Tar\u0131k","twitter_card":"summary_large_image","twitter_creator":"@narteks","twitter_site":"@narteks","twitter_misc":{"Yazan:":"Tar\u0131k","Tahmini okuma s\u00fcresi":"5 dakika"},"schema":{"@context":"https:\/\/schema.org","@graph":[{"@type":"Article","@id":"https:\/\/narteks.net\/index.php\/2010\/04\/21\/incelmis-bir-ulusalcilikla-iscilerin-yozlastirilmasi-vilenin\/#article","isPartOf":{"@id":"https:\/\/narteks.net\/index.php\/2010\/04\/21\/incelmis-bir-ulusalcilikla-iscilerin-yozlastirilmasi-vilenin\/"},"author":{"name":"Tar\u0131k","@id":"https:\/\/narteks.net\/#\/schema\/person\/61f37d9834294b72d31d274e7ed79bca"},"headline":"\u0130ncelmi\u015f Bir Ulusalc\u0131l\u0131kla \u0130\u015f\u00e7ilerin Yozla\u015ft\u0131r\u0131lmas\u0131 | V.\u0130.Lenin","datePublished":"2010-04-21T09:09:12+00:00","mainEntityOfPage":{"@id":"https:\/\/narteks.net\/index.php\/2010\/04\/21\/incelmis-bir-ulusalcilikla-iscilerin-yozlastirilmasi-vilenin\/"},"wordCount":1056,"commentCount":0,"publisher":{"@id":"https:\/\/narteks.net\/#organization"},"articleSection":["Milliyet\u00e7ilik"],"inLanguage":"tr","potentialAction":[{"@type":"CommentAction","name":"Comment","target":["https:\/\/narteks.net\/index.php\/2010\/04\/21\/incelmis-bir-ulusalcilikla-iscilerin-yozlastirilmasi-vilenin\/#respond"]}]},{"@type":"WebPage","@id":"https:\/\/narteks.net\/index.php\/2010\/04\/21\/incelmis-bir-ulusalcilikla-iscilerin-yozlastirilmasi-vilenin\/","url":"https:\/\/narteks.net\/index.php\/2010\/04\/21\/incelmis-bir-ulusalcilikla-iscilerin-yozlastirilmasi-vilenin\/","name":"\u0130ncelmi\u015f Bir Ulusalc\u0131l\u0131kla \u0130\u015f\u00e7ilerin Yozla\u015ft\u0131r\u0131lmas\u0131 | V.\u0130.Lenin - narteks.net","isPartOf":{"@id":"https:\/\/narteks.net\/#website"},"datePublished":"2010-04-21T09:09:12+00:00","breadcrumb":{"@id":"https:\/\/narteks.net\/index.php\/2010\/04\/21\/incelmis-bir-ulusalcilikla-iscilerin-yozlastirilmasi-vilenin\/#breadcrumb"},"inLanguage":"tr","potentialAction":[{"@type":"ReadAction","target":["https:\/\/narteks.net\/index.php\/2010\/04\/21\/incelmis-bir-ulusalcilikla-iscilerin-yozlastirilmasi-vilenin\/"]}]},{"@type":"BreadcrumbList","@id":"https:\/\/narteks.net\/index.php\/2010\/04\/21\/incelmis-bir-ulusalcilikla-iscilerin-yozlastirilmasi-vilenin\/#breadcrumb","itemListElement":[{"@type":"ListItem","position":1,"name":"Anasayfa","item":"https:\/\/narteks.net\/"},{"@type":"ListItem","position":2,"name":"\u0130ncelmi\u015f Bir Ulusalc\u0131l\u0131kla \u0130\u015f\u00e7ilerin Yozla\u015ft\u0131r\u0131lmas\u0131 | V.\u0130.Lenin"}]},{"@type":"WebSite","@id":"https:\/\/narteks.net\/#website","url":"https:\/\/narteks.net\/","name":"narteks.net","description":"K\u00fclt\u00fcr Sanat Edebiyat Felsefe","publisher":{"@id":"https:\/\/narteks.net\/#organization"},"alternateName":"K\u00fclt\u00fcr Sanat Edebiyat Felsefe","potentialAction":[{"@type":"SearchAction","target":{"@type":"EntryPoint","urlTemplate":"https:\/\/narteks.net\/?s={search_term_string}"},"query-input":{"@type":"PropertyValueSpecification","valueRequired":true,"valueName":"search_term_string"}}],"inLanguage":"tr"},{"@type":"Organization","@id":"https:\/\/narteks.net\/#organization","name":"narteks.net","url":"https:\/\/narteks.net\/","logo":{"@type":"ImageObject","inLanguage":"tr","@id":"https:\/\/narteks.net\/#\/schema\/logo\/image\/","url":"https:\/\/narteks.net\/wp-content\/uploads\/narteks.png","contentUrl":"https:\/\/narteks.net\/wp-content\/uploads\/narteks.png","width":300,"height":90,"caption":"narteks.net"},"image":{"@id":"https:\/\/narteks.net\/#\/schema\/logo\/image\/"},"sameAs":["https:\/\/x.com\/narteks","https:\/\/instagram.com\/narteksnet"]},{"@type":"Person","@id":"https:\/\/narteks.net\/#\/schema\/person\/61f37d9834294b72d31d274e7ed79bca","name":"Tar\u0131k","image":{"@type":"ImageObject","inLanguage":"tr","@id":"https:\/\/narteks.net\/#\/schema\/person\/image\/","url":"https:\/\/secure.gravatar.com\/avatar\/50865afb55632c4ae467e0af0930f6510aa2297d8014be502a55b14f3b7550cf?s=96&d=mm&r=g","contentUrl":"https:\/\/secure.gravatar.com\/avatar\/50865afb55632c4ae467e0af0930f6510aa2297d8014be502a55b14f3b7550cf?s=96&d=mm&r=g","caption":"Tar\u0131k"},"sameAs":["http:\/\/narteks.net"],"url":"https:\/\/narteks.net\/index.php\/author\/narbak\/"}]}},"_links":{"self":[{"href":"https:\/\/narteks.net\/index.php\/wp-json\/wp\/v2\/posts\/4506","targetHints":{"allow":["GET"]}}],"collection":[{"href":"https:\/\/narteks.net\/index.php\/wp-json\/wp\/v2\/posts"}],"about":[{"href":"https:\/\/narteks.net\/index.php\/wp-json\/wp\/v2\/types\/post"}],"author":[{"embeddable":true,"href":"https:\/\/narteks.net\/index.php\/wp-json\/wp\/v2\/users\/1"}],"replies":[{"embeddable":true,"href":"https:\/\/narteks.net\/index.php\/wp-json\/wp\/v2\/comments?post=4506"}],"version-history":[{"count":0,"href":"https:\/\/narteks.net\/index.php\/wp-json\/wp\/v2\/posts\/4506\/revisions"}],"wp:attachment":[{"href":"https:\/\/narteks.net\/index.php\/wp-json\/wp\/v2\/media?parent=4506"}],"wp:term":[{"taxonomy":"category","embeddable":true,"href":"https:\/\/narteks.net\/index.php\/wp-json\/wp\/v2\/categories?post=4506"},{"taxonomy":"post_tag","embeddable":true,"href":"https:\/\/narteks.net\/index.php\/wp-json\/wp\/v2\/tags?post=4506"}],"curies":[{"name":"wp","href":"https:\/\/api.w.org\/{rel}","templated":true}]}}