{"id":451,"date":"2009-03-13T23:09:55","date_gmt":"2009-03-13T20:09:55","guid":{"rendered":"http:\/\/localhost\/wordpress\/2009\/03\/13\/sari-yildiz-mavi-yildiz\/"},"modified":"2009-03-13T23:09:55","modified_gmt":"2009-03-13T20:09:55","slug":"sari-yildiz-mavi-yildiz","status":"publish","type":"post","link":"https:\/\/narteks.net\/index.php\/2009\/03\/13\/sari-yildiz-mavi-yildiz\/","title":{"rendered":"Sar\u0131 Y\u0131ld\u0131z Mavi Y\u0131ld\u0131z"},"content":{"rendered":"<p style=\"text-align: justify;\"><span style=\"font-size: 14pt;\"><strong>Sar\u0131 Y\u0131ld\u0131z Mavi Y\u0131ld\u0131z <\/strong><\/span><\/p>\n<p>\u015e\u00f6yle rivayet ederler kim: Evvel zamanda Sivas ilinden bir kervanc\u0131 Halep&#8217;ten mal getirir. Tam \u00fc\u00e7 y\u0131ld\u0131r kervanc\u0131lar yurtlar\u0131ndan, baba ocaklar\u0131ndan ayr\u0131 d\u00fc\u015fm\u00fc\u015flerdir. Gurbet ilin kahr\u0131, \u00fc\u00e7 y\u0131l\u0131n hasreti y\u00fcreklerinde. Kiminin yolunu anas\u0131-babas\u0131, kimininkini sevgilisi, kimininkini de \u00e7ocuklar\u0131 g\u00f6zl\u00fcyor. <\/p>\n<p>\u0130\u00e7lerinden en genci kara ya\u011f\u0131z, uzun boylu bir delikanl\u0131&#8230; ad\u0131 Veysel, Veysel&#8217;in b\u0131y\u0131klar\u0131 daha yeni terlemi\u015f&#8230; <\/p>\n<p>Bunlar Halep&#8217;ten aylarca yol ala ala, en sonunda, karl\u0131 f\u0131rt\u0131nal\u0131 bir k\u0131\u015f g\u00fcn\u00fc Sivas&#8217;la Kayseri aras\u0131 y\u0131k\u0131k bir Sel\u00e7uk han\u0131na kendilerini zor atarlar&#8230; Handa geceleme\u011fe karar verip, y\u00fcklerini \u00e7\u00f6zerler.. Bir insan \u00e7ok uzaktan g\u00fcnlerce, aylarca yol alarak yurduna yakla\u015f\u0131r. Yurduna yakla\u015ft\u0131\u011f\u0131 zamana kadar, i\u00e7inde o kadar rahats\u0131z edici, d\u00fcrten bi duygu olmaz.. Vakta ki memleket kokusu insan\u0131n burnuna gelir, i\u00e7indeki hat\u0131ralar depre\u015fir, i\u015fte o zaman i\u00e7inde k\u0131yamet kopar&#8230; Bir \u015fey durmadan seni oraya do\u011fru \u00e7eker&#8230; &#8220;Ya bir kanat verse, ya bir ku\u015f olsam&#8230;&#8221; dedirtir. <\/p>\n<p>Sivas \u00e7ok yak\u0131nd\u0131. Kervanc\u0131lar yerlerinde duram\u0131yorlard\u0131. Ak\u015fam oldu. Yataklar\u0131n\u0131 serip i\u00e7ine girdiler&#8230; Ama hi\u00e7 birini uyku tutmuyordu. Veysel&#8217;in ni\u015fanl\u0131s\u0131.. Ni\u015fanl\u0131 oldu\u011fu gibi Veysel&#8217;in g\u00f6z\u00fcn\u00fcn \u00f6n\u00fcnde.. &#8220;Yatam\u0131yorum, hayal meyal d\u00fc\u015flerden..&#8221; <\/p>\n<p>Veysel iki de bir yata\u011f\u0131ndan kalk\u0131p, \u0131\u015f\u0131d\u0131 m\u0131 diye, do\u011fudan yana bak\u0131yor.. Veysel bir t\u00fcrl\u00fc yatakta duram\u0131yor&#8230; Sabah, bir olsa! \u015eimdi, geceden yola \u00e7\u0131k\u0131lmaz m\u0131? diyor Veysel&#8230; Kar kar&#8230; Allah&#8217;\u0131n belas\u0131 bir f\u0131rt\u0131na var. <\/p>\n<p>G\u00fcn \u0131\u015f\u0131madan \u00f6nce, do\u011fuda, tam g\u00fcn\u00fcn do\u011faca\u011f\u0131 yerde bir y\u0131ld\u0131z g\u00f6z\u00fck\u00fcr. Sabah y\u0131ld\u0131z\u0131d\u0131r o.. Sabah y\u0131ld\u0131z\u0131 g\u00f6z\u00fck\u00fcnce yola \u00e7\u0131k\u0131l\u0131r.. Sabah y\u0131ld\u0131z\u0131 bir g\u00f6z\u00fckse.. Bu gece, bir gece de\u011fil; karanl\u0131k bir y\u0131ld\u0131r. <\/p>\n<p>Veysel sevin\u00e7le \u00e7oktan beri durup seyretti\u011fi do\u011fuda kocaman, yalp yalp \u0131\u015f\u0131yan bir y\u0131ld\u0131z g\u00f6r\u00fcyor.. Delicesine ba\u011f\u0131r\u0131yor: <\/p>\n<p>&#8220;Sar\u0131 y\u0131ld\u0131z&#8230; Mavi y\u0131ld\u0131z&#8230;&#8221; <\/p>\n<p>Tela\u015fla kervan\u0131 y\u00fckl\u00fcyorlar.. Kar savuruyor.. Geceye ve sar\u0131 y\u0131ld\u0131za kar ya\u011f\u0131yor.. Gece ve sar\u0131 y\u0131ld\u0131z \u00fc\u015f\u00fcm\u00fc\u015f. Kervan yola d\u00fc\u015f\u00fcyor.. Kervanc\u0131larsa sevin\u00e7.. Geceye, kara, sar\u0131 y\u0131ld\u0131za kar\u015f\u0131 \u015fark\u0131lar s\u00f6yl\u00fcyorlar.. &#8220;Bir bulut oynad\u0131 Sivas ilinden.. Ucu telli mektup geldi gelinden..&#8221; Yar\u0131n Sabah Sivas&#8217;ta olacaklar.. Veysel&#8217;i sorsan\u0131z, Veysel, kervandan belki be\u015f y\u00fcz metre ilerde.. At\u0131, a\u011fa\u00e7lar boyu y\u00fcklemi\u015f kar\u0131 g\u00f6\u011f\u00fcsl\u00fcyor.. At, bazan yorulup bazen yava\u015fl\u0131yor.. Veysel at\u0131 \u00f6ld\u00fcrecek gibi.. Veysel at\u0131 k\u0131rba\u00e7l\u0131yor.. Bir hayli yol al\u0131yorlar.. Kar, arada a\u00e7\u0131l\u0131p, ortal\u0131k s\u00fct liman oluyor ve Sar\u0131 y\u0131ld\u0131z oturmu\u015f oraya.. Sar\u0131 y\u0131ld\u0131z.. Sar\u0131 y\u0131ld\u0131z.. Sar\u0131 y\u0131ld\u0131z \u00e7oktan kaybolmal\u0131yd\u0131.. G\u00fcn do\u011fmal\u0131yd\u0131 \u00e7oktan da\u011flar\u0131n ard\u0131ndan. Tan y\u0131ld\u0131z\u0131 \u0131\u015f\u0131m\u0131\u015f, \u0131\u015f\u0131d\u0131 demek, biraz sonra g\u00fcn do\u011facak demektir&#8230; G\u00fcn nerelerde? <\/p>\n<p>Kar daha savuruyor&#8230; F\u0131rt\u0131na d\u00f6nd\u00fcr\u00fcyor.. Bir zaman geliyor ki kervan toptan kara g\u00f6m\u00fcl\u00fcyor. Zar-zor kervan\u0131 kar alt\u0131ndan \u00e7\u0131kar\u0131yorlar.. \u0130\u00e7lerinde kimisi &#8220;d\u00f6nelim!&#8221; diye ayak diriyor.. \u00d6tekiler dinlemiyorlar&#8230; &#8220;\u0130\u015fte sar\u0131 y\u0131ld\u0131z. Biraz sonra nas\u0131l olsa g\u00fcn do\u011far&#8230;&#8221; ve d\u00f6nm\u00fcyorlar. Git, git! Sar\u0131 y\u0131ld\u0131z\u0131n bir t\u00fcrl\u00fc kayboldu\u011fu, g\u00fcn\u00fcn do\u011fdu\u011fu yok. <\/p>\n<p>&#8220;-Biz uykuluyuz da onun i\u00e7in zaman bize \u00e7ok uzun geliyor. Nas\u0131l olsa biraz sonra g\u00fcn do\u011facak.&#8221; diyorlar. <\/p>\n<p>\u0130\u00e7lerinden hi\u00e7birinin akl\u0131na bu y\u0131ld\u0131z\u0131n tan y\u0131ld\u0131z\u0131 olmayaca\u011f\u0131 gelmedi.. G\u00f6zleri y\u0131ld\u0131zda.. Boyuna, kara bata \u00e7\u0131ka yol al\u0131yorlar.. Sivas ovas\u0131n\u0131n kar alt\u0131ndaki u\u00e7suz bucaks\u0131z d\u00fczl\u00fc\u011f\u00fc, gidiyorlar gidiyorlar bitmiyor&#8230; Akl\u0131 ba\u015f\u0131nda eski kervanc\u0131lar felaketi sezinliyorlar. Kervanc\u0131ba\u015f\u0131ya, Veysel&#8217;e, daha \u00f6teki gen\u00e7lere: &#8220;D\u00f6nemlim!&#8221; diye yalvar\u0131yorlar.. Kervanc\u0131ba\u015f\u0131 da gen\u00e7.. Veysel&#8217;in y\u00fcre\u011findeki a\u015fk da gittik\u00e7e ate\u015f al\u0131yor. <\/p>\n<p>Veysel, arkada\u015flar\u0131na y\u0131ld\u0131z\u0131 g\u00f6sterip: &#8220;Hepiniz bilirsiniz ki y\u0131ld\u0131z do\u011fduktan sonra g\u00fcn \u0131\u015f\u0131r&#8230;&#8221; <\/p>\n<p>Arkada\u015flar\u0131 ne desinler!.. Bu y\u0131ld\u0131z do\u011fduktan sonra g\u00fcn \u0131\u015f\u0131r. Ama y\u0131ld\u0131z ne zamandan beri orada \u00f6ylecene duruyor&#8230; Ne g\u00fcn \u0131\u015f\u0131yor, ne bir \u015fey.. Bir ka\u00e7 kere d\u00f6necek oluyorlar, d\u00f6nseler nereye d\u00f6necekler.. \u00c7arna\u00e7ar gidiyorlar&#8230; En sonunda gide gide \u015fimdiki &#8220;Kervank\u0131ran&#8221; dedikleri yere var\u0131yorlar. Ve orada bir tipi ba\u015fl\u0131yor; g\u00f6r\u00fclmedik. Kar tepeden tepeye savuruyor. Sar\u0131 y\u0131ld\u0131z tipinin arkas\u0131nda.. Ve neden sonra g\u00fcn usuldan usuldan kar\u015f\u0131 da\u011f\u0131n arkas\u0131ndan g\u00f6z\u00fck\u00fcyor. Kervan nerede? Kervan\u0131 koydunsa bul! <\/p>\n<p>Bahar geliyor.. Bahar gelip toprak kabar\u0131yor.. \u00c7imenler ye\u015ferip karlar eriyor.. Kervan k\u0131randan ge\u00e7en ilk yolcu , at\u0131, e\u015fe\u011fi, kat\u0131r\u0131, develeri, insanlar\u0131 ile bir kervan\u0131 orada, kara topra\u011fa \u00fcst \u00fcste y\u0131\u011f\u0131lm\u0131\u015f buluyor&#8230; B\u00fct\u00fcn kervan \u00fcst \u00fcste y\u0131\u011f\u0131lm\u0131\u015f.. Yaln\u0131z be\u015f y\u00fcz metre ileride, topra\u011fa boylu boyunca uzanm\u0131\u015f, at\u0131n dizginleri elinde, ileri do\u011fru u\u00e7ar gibi yat\u0131yor&#8230; \u00dcst\u00fcne de ye\u015fil sinekler inip kalk\u0131yor&#8230; Ve onlar\u0131 yerlerinden bir santim bile ay\u0131rmadan olduklar\u0131 yere at\u0131yla, kat\u0131r\u0131yla, e\u015fe\u011fiyle g\u00f6m\u00fcyorlar.. Kervank\u0131ran dedikleri yerden ge\u00e7erseniz, mezarlar\u0131 g\u00f6r\u00fcrs\u00fcn\u00fcz.. Veysel&#8217;in topluluktan ayr\u0131lm\u0131\u015f mezar\u0131, daha ileri do\u011fru u\u00e7ar gibidir.. <\/p>\n<p>Ve bu olay \u00fcst\u00fcne Anadolu insanlar\u0131, t\u00fcrl\u00fc t\u00fcrl\u00fc t\u00fcrk\u00fcler \u00e7\u0131karm\u0131\u015flard\u0131r. Bu t\u00fcrk\u00fcleri \u015fairler, \u015fair olmayanlar, olay\u0131 kim duyup ta y\u00fcre\u011fi yand\u0131ysa ver yans\u0131n etmi\u015f Kervank\u0131ran \u00fcst\u00fcne.. Az daha unutuyordum.. O yere Kervank\u0131ran dedikleri gibi, o y\u0131ld\u0131za da &#8220;Kervank\u0131ran y\u0131ld\u0131z\u0131&#8221; demi\u015flerdir.. Hangi Anadolu k\u00f6yl\u00fcs\u00fcne, &#8220;Bana Kervank\u0131ran y\u0131ld\u0131z\u0131n\u0131 g\u00f6ster&#8221; derseniz, hemencecik size g\u00f6sterir&#8230; <\/p>\n<p>Arkas\u0131ndan da bu olay\u0131 anlat\u0131r. <\/p>\n","protected":false},"excerpt":{"rendered":"<p>Sar\u0131 Y\u0131ld\u0131z Mavi Y\u0131ld\u0131z \u015e\u00f6yle rivayet ederler kim: Evvel zamanda Sivas ilinden bir kervanc\u0131 Halep&#8217;ten mal getirir. Tam \u00fc\u00e7 y\u0131ld\u0131r kervanc\u0131lar yurtlar\u0131ndan, baba ocaklar\u0131ndan ayr\u0131 d\u00fc\u015fm\u00fc\u015flerdir. Gurbet ilin kahr\u0131, \u00fc\u00e7 y\u0131l\u0131n hasreti y\u00fcreklerinde. Kiminin yolunu anas\u0131-babas\u0131, kimininkini sevgilisi, kimininkini de \u00e7ocuklar\u0131 g\u00f6zl\u00fcyor. \u0130\u00e7lerinden en genci kara ya\u011f\u0131z, uzun boylu bir delikanl\u0131&#8230; ad\u0131 Veysel, Veysel&#8217;in b\u0131y\u0131klar\u0131 [&hellip;]<\/p>\n","protected":false},"author":1,"featured_media":0,"comment_status":"open","ping_status":"open","sticky":false,"template":"","format":"standard","meta":{"footnotes":""},"categories":[55],"tags":[],"class_list":{"0":"post-451","1":"post","2":"type-post","3":"status-publish","4":"format-standard","6":"category-oykuleriyle-turkuler"},"yoast_head":"<!-- This site is optimized with the Yoast SEO Premium plugin v24.9 (Yoast SEO v24.9) - https:\/\/yoast.com\/wordpress\/plugins\/seo\/ -->\n<title>Sar\u0131 Y\u0131ld\u0131z Mavi Y\u0131ld\u0131z - narteks.net<\/title>\n<meta name=\"robots\" content=\"index, follow, max-snippet:-1, max-image-preview:large, max-video-preview:-1\" \/>\n<link rel=\"canonical\" href=\"https:\/\/narteks.net\/index.php\/2009\/03\/13\/sari-yildiz-mavi-yildiz\/\" \/>\n<meta property=\"og:locale\" content=\"tr_TR\" \/>\n<meta property=\"og:type\" content=\"article\" \/>\n<meta property=\"og:title\" content=\"Sar\u0131 Y\u0131ld\u0131z Mavi Y\u0131ld\u0131z\" \/>\n<meta property=\"og:description\" content=\"Sar\u0131 Y\u0131ld\u0131z Mavi Y\u0131ld\u0131z \u015e\u00f6yle rivayet ederler kim: Evvel zamanda Sivas ilinden bir kervanc\u0131 Halep&#8217;ten mal getirir. Tam \u00fc\u00e7 y\u0131ld\u0131r kervanc\u0131lar yurtlar\u0131ndan, baba ocaklar\u0131ndan ayr\u0131 d\u00fc\u015fm\u00fc\u015flerdir. Gurbet ilin kahr\u0131, \u00fc\u00e7 y\u0131l\u0131n hasreti y\u00fcreklerinde. Kiminin yolunu anas\u0131-babas\u0131, kimininkini sevgilisi, kimininkini de \u00e7ocuklar\u0131 g\u00f6zl\u00fcyor. \u0130\u00e7lerinden en genci kara ya\u011f\u0131z, uzun boylu bir delikanl\u0131&#8230; ad\u0131 Veysel, Veysel&#8217;in b\u0131y\u0131klar\u0131 [&hellip;]\" \/>\n<meta property=\"og:url\" content=\"https:\/\/narteks.net\/index.php\/2009\/03\/13\/sari-yildiz-mavi-yildiz\/\" \/>\n<meta property=\"og:site_name\" content=\"narteks.net\" \/>\n<meta property=\"article:published_time\" content=\"2009-03-13T20:09:55+00:00\" \/>\n<meta property=\"og:image\" content=\"https:\/\/narteks.net\/wp-content\/uploads\/narteks.png\" \/>\n\t<meta property=\"og:image:width\" content=\"300\" \/>\n\t<meta property=\"og:image:height\" content=\"90\" \/>\n\t<meta property=\"og:image:type\" content=\"image\/png\" \/>\n<meta name=\"author\" content=\"Tar\u0131k\" \/>\n<meta name=\"twitter:card\" content=\"summary_large_image\" \/>\n<meta name=\"twitter:creator\" content=\"@narteks\" \/>\n<meta name=\"twitter:site\" content=\"@narteks\" \/>\n<meta name=\"twitter:label1\" content=\"Yazan:\" \/>\n\t<meta name=\"twitter:data1\" content=\"Tar\u0131k\" \/>\n\t<meta name=\"twitter:label2\" content=\"Tahmini okuma s\u00fcresi\" \/>\n\t<meta name=\"twitter:data2\" content=\"5 dakika\" \/>\n<script type=\"application\/ld+json\" class=\"yoast-schema-graph\">{\"@context\":\"https:\/\/schema.org\",\"@graph\":[{\"@type\":\"Article\",\"@id\":\"https:\/\/narteks.net\/index.php\/2009\/03\/13\/sari-yildiz-mavi-yildiz\/#article\",\"isPartOf\":{\"@id\":\"https:\/\/narteks.net\/index.php\/2009\/03\/13\/sari-yildiz-mavi-yildiz\/\"},\"author\":{\"name\":\"Tar\u0131k\",\"@id\":\"https:\/\/narteks.net\/#\/schema\/person\/61f37d9834294b72d31d274e7ed79bca\"},\"headline\":\"Sar\u0131 Y\u0131ld\u0131z Mavi Y\u0131ld\u0131z\",\"datePublished\":\"2009-03-13T20:09:55+00:00\",\"mainEntityOfPage\":{\"@id\":\"https:\/\/narteks.net\/index.php\/2009\/03\/13\/sari-yildiz-mavi-yildiz\/\"},\"wordCount\":1046,\"commentCount\":0,\"publisher\":{\"@id\":\"https:\/\/narteks.net\/#organization\"},\"articleSection\":[\"\u00d6yk\u00fcleriyle T\u00fcrk\u00fcler\"],\"inLanguage\":\"tr\",\"potentialAction\":[{\"@type\":\"CommentAction\",\"name\":\"Comment\",\"target\":[\"https:\/\/narteks.net\/index.php\/2009\/03\/13\/sari-yildiz-mavi-yildiz\/#respond\"]}]},{\"@type\":\"WebPage\",\"@id\":\"https:\/\/narteks.net\/index.php\/2009\/03\/13\/sari-yildiz-mavi-yildiz\/\",\"url\":\"https:\/\/narteks.net\/index.php\/2009\/03\/13\/sari-yildiz-mavi-yildiz\/\",\"name\":\"Sar\u0131 Y\u0131ld\u0131z Mavi Y\u0131ld\u0131z - narteks.net\",\"isPartOf\":{\"@id\":\"https:\/\/narteks.net\/#website\"},\"datePublished\":\"2009-03-13T20:09:55+00:00\",\"breadcrumb\":{\"@id\":\"https:\/\/narteks.net\/index.php\/2009\/03\/13\/sari-yildiz-mavi-yildiz\/#breadcrumb\"},\"inLanguage\":\"tr\",\"potentialAction\":[{\"@type\":\"ReadAction\",\"target\":[\"https:\/\/narteks.net\/index.php\/2009\/03\/13\/sari-yildiz-mavi-yildiz\/\"]}]},{\"@type\":\"BreadcrumbList\",\"@id\":\"https:\/\/narteks.net\/index.php\/2009\/03\/13\/sari-yildiz-mavi-yildiz\/#breadcrumb\",\"itemListElement\":[{\"@type\":\"ListItem\",\"position\":1,\"name\":\"Anasayfa\",\"item\":\"https:\/\/narteks.net\/\"},{\"@type\":\"ListItem\",\"position\":2,\"name\":\"Sar\u0131 Y\u0131ld\u0131z Mavi Y\u0131ld\u0131z\"}]},{\"@type\":\"WebSite\",\"@id\":\"https:\/\/narteks.net\/#website\",\"url\":\"https:\/\/narteks.net\/\",\"name\":\"narteks.net\",\"description\":\"K\u00fclt\u00fcr Sanat Edebiyat Felsefe\",\"publisher\":{\"@id\":\"https:\/\/narteks.net\/#organization\"},\"alternateName\":\"K\u00fclt\u00fcr Sanat Edebiyat Felsefe\",\"potentialAction\":[{\"@type\":\"SearchAction\",\"target\":{\"@type\":\"EntryPoint\",\"urlTemplate\":\"https:\/\/narteks.net\/?s={search_term_string}\"},\"query-input\":{\"@type\":\"PropertyValueSpecification\",\"valueRequired\":true,\"valueName\":\"search_term_string\"}}],\"inLanguage\":\"tr\"},{\"@type\":\"Organization\",\"@id\":\"https:\/\/narteks.net\/#organization\",\"name\":\"narteks.net\",\"url\":\"https:\/\/narteks.net\/\",\"logo\":{\"@type\":\"ImageObject\",\"inLanguage\":\"tr\",\"@id\":\"https:\/\/narteks.net\/#\/schema\/logo\/image\/\",\"url\":\"https:\/\/narteks.net\/wp-content\/uploads\/narteks.png\",\"contentUrl\":\"https:\/\/narteks.net\/wp-content\/uploads\/narteks.png\",\"width\":300,\"height\":90,\"caption\":\"narteks.net\"},\"image\":{\"@id\":\"https:\/\/narteks.net\/#\/schema\/logo\/image\/\"},\"sameAs\":[\"https:\/\/x.com\/narteks\",\"https:\/\/instagram.com\/narteksnet\"]},{\"@type\":\"Person\",\"@id\":\"https:\/\/narteks.net\/#\/schema\/person\/61f37d9834294b72d31d274e7ed79bca\",\"name\":\"Tar\u0131k\",\"image\":{\"@type\":\"ImageObject\",\"inLanguage\":\"tr\",\"@id\":\"https:\/\/narteks.net\/#\/schema\/person\/image\/\",\"url\":\"https:\/\/secure.gravatar.com\/avatar\/50865afb55632c4ae467e0af0930f6510aa2297d8014be502a55b14f3b7550cf?s=96&d=mm&r=g\",\"contentUrl\":\"https:\/\/secure.gravatar.com\/avatar\/50865afb55632c4ae467e0af0930f6510aa2297d8014be502a55b14f3b7550cf?s=96&d=mm&r=g\",\"caption\":\"Tar\u0131k\"},\"sameAs\":[\"http:\/\/narteks.net\"],\"url\":\"https:\/\/narteks.net\/index.php\/author\/narbak\/\"}]}<\/script>\n<!-- \/ Yoast SEO Premium plugin. -->","yoast_head_json":{"title":"Sar\u0131 Y\u0131ld\u0131z Mavi Y\u0131ld\u0131z - narteks.net","robots":{"index":"index","follow":"follow","max-snippet":"max-snippet:-1","max-image-preview":"max-image-preview:large","max-video-preview":"max-video-preview:-1"},"canonical":"https:\/\/narteks.net\/index.php\/2009\/03\/13\/sari-yildiz-mavi-yildiz\/","og_locale":"tr_TR","og_type":"article","og_title":"Sar\u0131 Y\u0131ld\u0131z Mavi Y\u0131ld\u0131z","og_description":"Sar\u0131 Y\u0131ld\u0131z Mavi Y\u0131ld\u0131z \u015e\u00f6yle rivayet ederler kim: Evvel zamanda Sivas ilinden bir kervanc\u0131 Halep&#8217;ten mal getirir. Tam \u00fc\u00e7 y\u0131ld\u0131r kervanc\u0131lar yurtlar\u0131ndan, baba ocaklar\u0131ndan ayr\u0131 d\u00fc\u015fm\u00fc\u015flerdir. Gurbet ilin kahr\u0131, \u00fc\u00e7 y\u0131l\u0131n hasreti y\u00fcreklerinde. Kiminin yolunu anas\u0131-babas\u0131, kimininkini sevgilisi, kimininkini de \u00e7ocuklar\u0131 g\u00f6zl\u00fcyor. \u0130\u00e7lerinden en genci kara ya\u011f\u0131z, uzun boylu bir delikanl\u0131&#8230; ad\u0131 Veysel, Veysel&#8217;in b\u0131y\u0131klar\u0131 [&hellip;]","og_url":"https:\/\/narteks.net\/index.php\/2009\/03\/13\/sari-yildiz-mavi-yildiz\/","og_site_name":"narteks.net","article_published_time":"2009-03-13T20:09:55+00:00","og_image":[{"width":300,"height":90,"url":"https:\/\/narteks.net\/wp-content\/uploads\/narteks.png","type":"image\/png"}],"author":"Tar\u0131k","twitter_card":"summary_large_image","twitter_creator":"@narteks","twitter_site":"@narteks","twitter_misc":{"Yazan:":"Tar\u0131k","Tahmini okuma s\u00fcresi":"5 dakika"},"schema":{"@context":"https:\/\/schema.org","@graph":[{"@type":"Article","@id":"https:\/\/narteks.net\/index.php\/2009\/03\/13\/sari-yildiz-mavi-yildiz\/#article","isPartOf":{"@id":"https:\/\/narteks.net\/index.php\/2009\/03\/13\/sari-yildiz-mavi-yildiz\/"},"author":{"name":"Tar\u0131k","@id":"https:\/\/narteks.net\/#\/schema\/person\/61f37d9834294b72d31d274e7ed79bca"},"headline":"Sar\u0131 Y\u0131ld\u0131z Mavi Y\u0131ld\u0131z","datePublished":"2009-03-13T20:09:55+00:00","mainEntityOfPage":{"@id":"https:\/\/narteks.net\/index.php\/2009\/03\/13\/sari-yildiz-mavi-yildiz\/"},"wordCount":1046,"commentCount":0,"publisher":{"@id":"https:\/\/narteks.net\/#organization"},"articleSection":["\u00d6yk\u00fcleriyle T\u00fcrk\u00fcler"],"inLanguage":"tr","potentialAction":[{"@type":"CommentAction","name":"Comment","target":["https:\/\/narteks.net\/index.php\/2009\/03\/13\/sari-yildiz-mavi-yildiz\/#respond"]}]},{"@type":"WebPage","@id":"https:\/\/narteks.net\/index.php\/2009\/03\/13\/sari-yildiz-mavi-yildiz\/","url":"https:\/\/narteks.net\/index.php\/2009\/03\/13\/sari-yildiz-mavi-yildiz\/","name":"Sar\u0131 Y\u0131ld\u0131z Mavi Y\u0131ld\u0131z - narteks.net","isPartOf":{"@id":"https:\/\/narteks.net\/#website"},"datePublished":"2009-03-13T20:09:55+00:00","breadcrumb":{"@id":"https:\/\/narteks.net\/index.php\/2009\/03\/13\/sari-yildiz-mavi-yildiz\/#breadcrumb"},"inLanguage":"tr","potentialAction":[{"@type":"ReadAction","target":["https:\/\/narteks.net\/index.php\/2009\/03\/13\/sari-yildiz-mavi-yildiz\/"]}]},{"@type":"BreadcrumbList","@id":"https:\/\/narteks.net\/index.php\/2009\/03\/13\/sari-yildiz-mavi-yildiz\/#breadcrumb","itemListElement":[{"@type":"ListItem","position":1,"name":"Anasayfa","item":"https:\/\/narteks.net\/"},{"@type":"ListItem","position":2,"name":"Sar\u0131 Y\u0131ld\u0131z Mavi Y\u0131ld\u0131z"}]},{"@type":"WebSite","@id":"https:\/\/narteks.net\/#website","url":"https:\/\/narteks.net\/","name":"narteks.net","description":"K\u00fclt\u00fcr Sanat Edebiyat Felsefe","publisher":{"@id":"https:\/\/narteks.net\/#organization"},"alternateName":"K\u00fclt\u00fcr Sanat Edebiyat Felsefe","potentialAction":[{"@type":"SearchAction","target":{"@type":"EntryPoint","urlTemplate":"https:\/\/narteks.net\/?s={search_term_string}"},"query-input":{"@type":"PropertyValueSpecification","valueRequired":true,"valueName":"search_term_string"}}],"inLanguage":"tr"},{"@type":"Organization","@id":"https:\/\/narteks.net\/#organization","name":"narteks.net","url":"https:\/\/narteks.net\/","logo":{"@type":"ImageObject","inLanguage":"tr","@id":"https:\/\/narteks.net\/#\/schema\/logo\/image\/","url":"https:\/\/narteks.net\/wp-content\/uploads\/narteks.png","contentUrl":"https:\/\/narteks.net\/wp-content\/uploads\/narteks.png","width":300,"height":90,"caption":"narteks.net"},"image":{"@id":"https:\/\/narteks.net\/#\/schema\/logo\/image\/"},"sameAs":["https:\/\/x.com\/narteks","https:\/\/instagram.com\/narteksnet"]},{"@type":"Person","@id":"https:\/\/narteks.net\/#\/schema\/person\/61f37d9834294b72d31d274e7ed79bca","name":"Tar\u0131k","image":{"@type":"ImageObject","inLanguage":"tr","@id":"https:\/\/narteks.net\/#\/schema\/person\/image\/","url":"https:\/\/secure.gravatar.com\/avatar\/50865afb55632c4ae467e0af0930f6510aa2297d8014be502a55b14f3b7550cf?s=96&d=mm&r=g","contentUrl":"https:\/\/secure.gravatar.com\/avatar\/50865afb55632c4ae467e0af0930f6510aa2297d8014be502a55b14f3b7550cf?s=96&d=mm&r=g","caption":"Tar\u0131k"},"sameAs":["http:\/\/narteks.net"],"url":"https:\/\/narteks.net\/index.php\/author\/narbak\/"}]}},"_links":{"self":[{"href":"https:\/\/narteks.net\/index.php\/wp-json\/wp\/v2\/posts\/451","targetHints":{"allow":["GET"]}}],"collection":[{"href":"https:\/\/narteks.net\/index.php\/wp-json\/wp\/v2\/posts"}],"about":[{"href":"https:\/\/narteks.net\/index.php\/wp-json\/wp\/v2\/types\/post"}],"author":[{"embeddable":true,"href":"https:\/\/narteks.net\/index.php\/wp-json\/wp\/v2\/users\/1"}],"replies":[{"embeddable":true,"href":"https:\/\/narteks.net\/index.php\/wp-json\/wp\/v2\/comments?post=451"}],"version-history":[{"count":0,"href":"https:\/\/narteks.net\/index.php\/wp-json\/wp\/v2\/posts\/451\/revisions"}],"wp:attachment":[{"href":"https:\/\/narteks.net\/index.php\/wp-json\/wp\/v2\/media?parent=451"}],"wp:term":[{"taxonomy":"category","embeddable":true,"href":"https:\/\/narteks.net\/index.php\/wp-json\/wp\/v2\/categories?post=451"},{"taxonomy":"post_tag","embeddable":true,"href":"https:\/\/narteks.net\/index.php\/wp-json\/wp\/v2\/tags?post=451"}],"curies":[{"name":"wp","href":"https:\/\/api.w.org\/{rel}","templated":true}]}}