{"id":4515,"date":"2010-04-26T16:56:01","date_gmt":"2010-04-26T13:56:01","guid":{"rendered":"http:\/\/localhost\/wordpress\/2010\/04\/26\/mehmet-celal-firtinadan-once-albumuyle-narteksnet-sayfalarinda\/"},"modified":"2010-04-26T16:56:01","modified_gmt":"2010-04-26T13:56:01","slug":"mehmet-celal-firtinadan-once-albumuyle-narteksnet-sayfalarinda","status":"publish","type":"post","link":"https:\/\/narteks.net\/index.php\/2010\/04\/26\/mehmet-celal-firtinadan-once-albumuyle-narteksnet-sayfalarinda\/","title":{"rendered":"Mehmet Celal FIRTINADAN \u00d6NCE Alb\u00fcm\u00fcyle narteks.net sayfalar\u0131nda"},"content":{"rendered":"<p style=\"text-align: justify;\"><img loading=\"lazy\" decoding=\"async\" src=\"images\/stories\/m.celal.jpg\" border=\"0\" width=\"155\" height=\"205\" style=\"float: left; border: 0;\" \/>Biyografisi hakk\u0131nda fazlaca bir\u015feyin bilinmedi\u011fi Mehmet Celal&#8217;in dinleyicelere sundu\u011fu sadece bir alb\u00fcm\u00fc var.Yabanc\u0131 \u015fiirlerden ya da sloganlardan t\u00fcrk\u00e7ele\u015ftirdi\u011fi \u015fark\u0131lar\u0131 senelerdir dilden dile dola\u015fan ancak yurtd\u0131\u015f\u0131nda oldu\u011fu i\u00e7in \u00e7ok fazla bilinmeyen bir sanat\u00e7\u0131d\u0131r.Anadolu m\u00fczik &#8216;ten \u00e7\u0131karm\u0131\u015f oldu\u011fu &#8220;F\u0131rt\u0131nadan \u00f6nce&#8221; adl\u0131 alb\u00fcm\u00fcnde;<br \/>nicolas guillen\u2019in che guevara i\u00e7in yazm\u0131\u015f oldu\u011fu bolivyal\u0131 k\u00fc\u00e7\u00fck asker \u015fiirini,<br \/>el pueblo unido jamas sera vencido slogan\u0131n\u0131,<br \/>adnan y\u00fccel\u2019in yery\u00fcz\u00fc a\u015fk\u0131n y\u00fcz\u00fc oluncaya dek \u015fiirini,<br \/>\u015fark\u0131la\u015ft\u0131rm\u0131\u015ft\u0131r mehmet celal.<br \/>yine ispanya&#8217;n\u0131n \u00e7i\u00e7e\u011fi diye ba\u015flayan mar\u015f, bilinen \u015fark\u0131lar\u0131 aras\u0131ndad\u0131r.<\/p>\n<p><!--more--><\/p>\n<p>\u00a0<\/p>\n<p>\n<object width=\"400\" height=\"300\" data=\"http:\/\/www.humyo.com\/E\/10422871-281475389606169\/10422871-281475389604781\/10422871-281475389607525\/10422871-281475389608151\/10422871-281475389616785\/10422871-281475389609193\/10422871-281475389610049\/10422871-281475389616171\/10422871-281475389611331\/10422871-281475389612161\/10422871-281475389613795\/10422871-281475389614833?a=jrof3y5aq50%2CU8KGGWP6niM%2CBsRgWCXL6b4%2CFHUL03MM_Ko%2CBn24cVrW7vc%2CBQ9x4rxa2xw%2CXaTZd4OXvJI%2CNYcci4DaBdY%2CiXyc1KD2gRY%2CBJRSj_-DYZg%2Cz9ySj9FnHZs%2CCgxh0qgiPEM\" type=\"application\/x-shockwave-flash\"><param name=\"flashvars\" value=\"autostart=true&amp;\" \/><param name=\"src\" value=\"http:\/\/www.humyo.com\/E\/10422871-281475389606169\/10422871-281475389604781\/10422871-281475389607525\/10422871-281475389608151\/10422871-281475389616785\/10422871-281475389609193\/10422871-281475389610049\/10422871-281475389616171\/10422871-281475389611331\/10422871-281475389612161\/10422871-281475389613795\/10422871-281475389614833?a=jrof3y5aq50%2CU8KGGWP6niM%2CBsRgWCXL6b4%2CFHUL03MM_Ko%2CBn24cVrW7vc%2CBQ9x4rxa2xw%2CXaTZd4OXvJI%2CNYcci4DaBdY%2CiXyc1KD2gRY%2CBJRSj_-DYZg%2Cz9ySj9FnHZs%2CCgxh0qgiPEM\" \/><\/object><\/p>\n","protected":false},"excerpt":{"rendered":"<p>Biyografisi hakk\u0131nda fazlaca bir\u015feyin bilinmedi\u011fi Mehmet Celal&#8217;in dinleyicelere sundu\u011fu sadece bir alb\u00fcm\u00fc var.Yabanc\u0131 \u015fiirlerden ya da sloganlardan t\u00fcrk\u00e7ele\u015ftirdi\u011fi \u015fark\u0131lar\u0131 senelerdir dilden dile dola\u015fan ancak yurtd\u0131\u015f\u0131nda oldu\u011fu i\u00e7in \u00e7ok fazla bilinmeyen bir sanat\u00e7\u0131d\u0131r.Anadolu m\u00fczik &#8216;ten \u00e7\u0131karm\u0131\u015f oldu\u011fu &#8220;F\u0131rt\u0131nadan \u00f6nce&#8221; adl\u0131 alb\u00fcm\u00fcnde;nicolas guillen\u2019in che guevara i\u00e7in yazm\u0131\u015f oldu\u011fu bolivyal\u0131 k\u00fc\u00e7\u00fck asker \u015fiirini,el pueblo unido jamas sera vencido [&hellip;]<\/p>\n","protected":false},"author":1,"featured_media":0,"comment_status":"open","ping_status":"open","sticky":false,"template":"","format":"standard","meta":{"footnotes":""},"categories":[100],"tags":[],"class_list":{"0":"post-4515","1":"post","2":"type-post","3":"status-publish","4":"format-standard","6":"category-muzisyenler"},"yoast_head":"<!-- This site is optimized with the Yoast SEO Premium plugin v24.9 (Yoast SEO v24.9) - https:\/\/yoast.com\/wordpress\/plugins\/seo\/ -->\n<title>Mehmet Celal FIRTINADAN \u00d6NCE Alb\u00fcm\u00fcyle narteks.net sayfalar\u0131nda - narteks.net<\/title>\n<meta name=\"robots\" content=\"index, follow, max-snippet:-1, max-image-preview:large, max-video-preview:-1\" \/>\n<link rel=\"canonical\" href=\"https:\/\/narteks.net\/index.php\/2010\/04\/26\/mehmet-celal-firtinadan-once-albumuyle-narteksnet-sayfalarinda\/\" \/>\n<meta property=\"og:locale\" content=\"tr_TR\" \/>\n<meta property=\"og:type\" content=\"article\" \/>\n<meta property=\"og:title\" content=\"Mehmet Celal FIRTINADAN \u00d6NCE Alb\u00fcm\u00fcyle narteks.net sayfalar\u0131nda\" \/>\n<meta property=\"og:description\" content=\"Biyografisi hakk\u0131nda fazlaca bir\u015feyin bilinmedi\u011fi Mehmet Celal&#8217;in dinleyicelere sundu\u011fu sadece bir alb\u00fcm\u00fc var.Yabanc\u0131 \u015fiirlerden ya da sloganlardan t\u00fcrk\u00e7ele\u015ftirdi\u011fi \u015fark\u0131lar\u0131 senelerdir dilden dile dola\u015fan ancak yurtd\u0131\u015f\u0131nda oldu\u011fu i\u00e7in \u00e7ok fazla bilinmeyen bir sanat\u00e7\u0131d\u0131r.Anadolu m\u00fczik &#8216;ten \u00e7\u0131karm\u0131\u015f oldu\u011fu &#8220;F\u0131rt\u0131nadan \u00f6nce&#8221; adl\u0131 alb\u00fcm\u00fcnde;nicolas guillen\u2019in che guevara i\u00e7in yazm\u0131\u015f oldu\u011fu bolivyal\u0131 k\u00fc\u00e7\u00fck asker \u015fiirini,el pueblo unido jamas sera vencido [&hellip;]\" \/>\n<meta property=\"og:url\" content=\"https:\/\/narteks.net\/index.php\/2010\/04\/26\/mehmet-celal-firtinadan-once-albumuyle-narteksnet-sayfalarinda\/\" \/>\n<meta property=\"og:site_name\" content=\"narteks.net\" \/>\n<meta property=\"article:published_time\" content=\"2010-04-26T13:56:01+00:00\" \/>\n<meta property=\"og:image\" content=\"https:\/\/narteks.net\/wp-content\/uploads\/narteks.png\" \/>\n\t<meta property=\"og:image:width\" content=\"300\" \/>\n\t<meta property=\"og:image:height\" content=\"90\" \/>\n\t<meta property=\"og:image:type\" content=\"image\/png\" \/>\n<meta name=\"author\" content=\"Tar\u0131k\" \/>\n<meta name=\"twitter:card\" content=\"summary_large_image\" \/>\n<meta name=\"twitter:creator\" content=\"@narteks\" \/>\n<meta name=\"twitter:site\" content=\"@narteks\" \/>\n<meta name=\"twitter:label1\" content=\"Yazan:\" \/>\n\t<meta name=\"twitter:data1\" content=\"Tar\u0131k\" \/>\n\t<meta name=\"twitter:label2\" content=\"Tahmini okuma s\u00fcresi\" \/>\n\t<meta name=\"twitter:data2\" content=\"1 dakika\" \/>\n<script type=\"application\/ld+json\" class=\"yoast-schema-graph\">{\"@context\":\"https:\/\/schema.org\",\"@graph\":[{\"@type\":\"Article\",\"@id\":\"https:\/\/narteks.net\/index.php\/2010\/04\/26\/mehmet-celal-firtinadan-once-albumuyle-narteksnet-sayfalarinda\/#article\",\"isPartOf\":{\"@id\":\"https:\/\/narteks.net\/index.php\/2010\/04\/26\/mehmet-celal-firtinadan-once-albumuyle-narteksnet-sayfalarinda\/\"},\"author\":{\"name\":\"Tar\u0131k\",\"@id\":\"https:\/\/narteks.net\/#\/schema\/person\/61f37d9834294b72d31d274e7ed79bca\"},\"headline\":\"Mehmet Celal FIRTINADAN \u00d6NCE Alb\u00fcm\u00fcyle narteks.net sayfalar\u0131nda\",\"datePublished\":\"2010-04-26T13:56:01+00:00\",\"mainEntityOfPage\":{\"@id\":\"https:\/\/narteks.net\/index.php\/2010\/04\/26\/mehmet-celal-firtinadan-once-albumuyle-narteksnet-sayfalarinda\/\"},\"wordCount\":136,\"commentCount\":0,\"publisher\":{\"@id\":\"https:\/\/narteks.net\/#organization\"},\"articleSection\":[\"M\u00fczisyenler\"],\"inLanguage\":\"tr\",\"potentialAction\":[{\"@type\":\"CommentAction\",\"name\":\"Comment\",\"target\":[\"https:\/\/narteks.net\/index.php\/2010\/04\/26\/mehmet-celal-firtinadan-once-albumuyle-narteksnet-sayfalarinda\/#respond\"]}]},{\"@type\":\"WebPage\",\"@id\":\"https:\/\/narteks.net\/index.php\/2010\/04\/26\/mehmet-celal-firtinadan-once-albumuyle-narteksnet-sayfalarinda\/\",\"url\":\"https:\/\/narteks.net\/index.php\/2010\/04\/26\/mehmet-celal-firtinadan-once-albumuyle-narteksnet-sayfalarinda\/\",\"name\":\"Mehmet Celal FIRTINADAN \u00d6NCE Alb\u00fcm\u00fcyle narteks.net sayfalar\u0131nda - narteks.net\",\"isPartOf\":{\"@id\":\"https:\/\/narteks.net\/#website\"},\"datePublished\":\"2010-04-26T13:56:01+00:00\",\"breadcrumb\":{\"@id\":\"https:\/\/narteks.net\/index.php\/2010\/04\/26\/mehmet-celal-firtinadan-once-albumuyle-narteksnet-sayfalarinda\/#breadcrumb\"},\"inLanguage\":\"tr\",\"potentialAction\":[{\"@type\":\"ReadAction\",\"target\":[\"https:\/\/narteks.net\/index.php\/2010\/04\/26\/mehmet-celal-firtinadan-once-albumuyle-narteksnet-sayfalarinda\/\"]}]},{\"@type\":\"BreadcrumbList\",\"@id\":\"https:\/\/narteks.net\/index.php\/2010\/04\/26\/mehmet-celal-firtinadan-once-albumuyle-narteksnet-sayfalarinda\/#breadcrumb\",\"itemListElement\":[{\"@type\":\"ListItem\",\"position\":1,\"name\":\"Anasayfa\",\"item\":\"https:\/\/narteks.net\/\"},{\"@type\":\"ListItem\",\"position\":2,\"name\":\"Mehmet Celal FIRTINADAN \u00d6NCE Alb\u00fcm\u00fcyle narteks.net sayfalar\u0131nda\"}]},{\"@type\":\"WebSite\",\"@id\":\"https:\/\/narteks.net\/#website\",\"url\":\"https:\/\/narteks.net\/\",\"name\":\"narteks.net\",\"description\":\"K\u00fclt\u00fcr Sanat Edebiyat Felsefe\",\"publisher\":{\"@id\":\"https:\/\/narteks.net\/#organization\"},\"alternateName\":\"K\u00fclt\u00fcr Sanat Edebiyat Felsefe\",\"potentialAction\":[{\"@type\":\"SearchAction\",\"target\":{\"@type\":\"EntryPoint\",\"urlTemplate\":\"https:\/\/narteks.net\/?s={search_term_string}\"},\"query-input\":{\"@type\":\"PropertyValueSpecification\",\"valueRequired\":true,\"valueName\":\"search_term_string\"}}],\"inLanguage\":\"tr\"},{\"@type\":\"Organization\",\"@id\":\"https:\/\/narteks.net\/#organization\",\"name\":\"narteks.net\",\"url\":\"https:\/\/narteks.net\/\",\"logo\":{\"@type\":\"ImageObject\",\"inLanguage\":\"tr\",\"@id\":\"https:\/\/narteks.net\/#\/schema\/logo\/image\/\",\"url\":\"https:\/\/narteks.net\/wp-content\/uploads\/narteks.png\",\"contentUrl\":\"https:\/\/narteks.net\/wp-content\/uploads\/narteks.png\",\"width\":300,\"height\":90,\"caption\":\"narteks.net\"},\"image\":{\"@id\":\"https:\/\/narteks.net\/#\/schema\/logo\/image\/\"},\"sameAs\":[\"https:\/\/x.com\/narteks\",\"https:\/\/instagram.com\/narteksnet\"]},{\"@type\":\"Person\",\"@id\":\"https:\/\/narteks.net\/#\/schema\/person\/61f37d9834294b72d31d274e7ed79bca\",\"name\":\"Tar\u0131k\",\"image\":{\"@type\":\"ImageObject\",\"inLanguage\":\"tr\",\"@id\":\"https:\/\/narteks.net\/#\/schema\/person\/image\/\",\"url\":\"https:\/\/secure.gravatar.com\/avatar\/50865afb55632c4ae467e0af0930f6510aa2297d8014be502a55b14f3b7550cf?s=96&d=mm&r=g\",\"contentUrl\":\"https:\/\/secure.gravatar.com\/avatar\/50865afb55632c4ae467e0af0930f6510aa2297d8014be502a55b14f3b7550cf?s=96&d=mm&r=g\",\"caption\":\"Tar\u0131k\"},\"sameAs\":[\"http:\/\/narteks.net\"],\"url\":\"https:\/\/narteks.net\/index.php\/author\/narbak\/\"}]}<\/script>\n<!-- \/ Yoast SEO Premium plugin. -->","yoast_head_json":{"title":"Mehmet Celal FIRTINADAN \u00d6NCE Alb\u00fcm\u00fcyle narteks.net sayfalar\u0131nda - narteks.net","robots":{"index":"index","follow":"follow","max-snippet":"max-snippet:-1","max-image-preview":"max-image-preview:large","max-video-preview":"max-video-preview:-1"},"canonical":"https:\/\/narteks.net\/index.php\/2010\/04\/26\/mehmet-celal-firtinadan-once-albumuyle-narteksnet-sayfalarinda\/","og_locale":"tr_TR","og_type":"article","og_title":"Mehmet Celal FIRTINADAN \u00d6NCE Alb\u00fcm\u00fcyle narteks.net sayfalar\u0131nda","og_description":"Biyografisi hakk\u0131nda fazlaca bir\u015feyin bilinmedi\u011fi Mehmet Celal&#8217;in dinleyicelere sundu\u011fu sadece bir alb\u00fcm\u00fc var.Yabanc\u0131 \u015fiirlerden ya da sloganlardan t\u00fcrk\u00e7ele\u015ftirdi\u011fi \u015fark\u0131lar\u0131 senelerdir dilden dile dola\u015fan ancak yurtd\u0131\u015f\u0131nda oldu\u011fu i\u00e7in \u00e7ok fazla bilinmeyen bir sanat\u00e7\u0131d\u0131r.Anadolu m\u00fczik &#8216;ten \u00e7\u0131karm\u0131\u015f oldu\u011fu &#8220;F\u0131rt\u0131nadan \u00f6nce&#8221; adl\u0131 alb\u00fcm\u00fcnde;nicolas guillen\u2019in che guevara i\u00e7in yazm\u0131\u015f oldu\u011fu bolivyal\u0131 k\u00fc\u00e7\u00fck asker \u015fiirini,el pueblo unido jamas sera vencido [&hellip;]","og_url":"https:\/\/narteks.net\/index.php\/2010\/04\/26\/mehmet-celal-firtinadan-once-albumuyle-narteksnet-sayfalarinda\/","og_site_name":"narteks.net","article_published_time":"2010-04-26T13:56:01+00:00","og_image":[{"width":300,"height":90,"url":"https:\/\/narteks.net\/wp-content\/uploads\/narteks.png","type":"image\/png"}],"author":"Tar\u0131k","twitter_card":"summary_large_image","twitter_creator":"@narteks","twitter_site":"@narteks","twitter_misc":{"Yazan:":"Tar\u0131k","Tahmini okuma s\u00fcresi":"1 dakika"},"schema":{"@context":"https:\/\/schema.org","@graph":[{"@type":"Article","@id":"https:\/\/narteks.net\/index.php\/2010\/04\/26\/mehmet-celal-firtinadan-once-albumuyle-narteksnet-sayfalarinda\/#article","isPartOf":{"@id":"https:\/\/narteks.net\/index.php\/2010\/04\/26\/mehmet-celal-firtinadan-once-albumuyle-narteksnet-sayfalarinda\/"},"author":{"name":"Tar\u0131k","@id":"https:\/\/narteks.net\/#\/schema\/person\/61f37d9834294b72d31d274e7ed79bca"},"headline":"Mehmet Celal FIRTINADAN \u00d6NCE Alb\u00fcm\u00fcyle narteks.net sayfalar\u0131nda","datePublished":"2010-04-26T13:56:01+00:00","mainEntityOfPage":{"@id":"https:\/\/narteks.net\/index.php\/2010\/04\/26\/mehmet-celal-firtinadan-once-albumuyle-narteksnet-sayfalarinda\/"},"wordCount":136,"commentCount":0,"publisher":{"@id":"https:\/\/narteks.net\/#organization"},"articleSection":["M\u00fczisyenler"],"inLanguage":"tr","potentialAction":[{"@type":"CommentAction","name":"Comment","target":["https:\/\/narteks.net\/index.php\/2010\/04\/26\/mehmet-celal-firtinadan-once-albumuyle-narteksnet-sayfalarinda\/#respond"]}]},{"@type":"WebPage","@id":"https:\/\/narteks.net\/index.php\/2010\/04\/26\/mehmet-celal-firtinadan-once-albumuyle-narteksnet-sayfalarinda\/","url":"https:\/\/narteks.net\/index.php\/2010\/04\/26\/mehmet-celal-firtinadan-once-albumuyle-narteksnet-sayfalarinda\/","name":"Mehmet Celal FIRTINADAN \u00d6NCE Alb\u00fcm\u00fcyle narteks.net sayfalar\u0131nda - narteks.net","isPartOf":{"@id":"https:\/\/narteks.net\/#website"},"datePublished":"2010-04-26T13:56:01+00:00","breadcrumb":{"@id":"https:\/\/narteks.net\/index.php\/2010\/04\/26\/mehmet-celal-firtinadan-once-albumuyle-narteksnet-sayfalarinda\/#breadcrumb"},"inLanguage":"tr","potentialAction":[{"@type":"ReadAction","target":["https:\/\/narteks.net\/index.php\/2010\/04\/26\/mehmet-celal-firtinadan-once-albumuyle-narteksnet-sayfalarinda\/"]}]},{"@type":"BreadcrumbList","@id":"https:\/\/narteks.net\/index.php\/2010\/04\/26\/mehmet-celal-firtinadan-once-albumuyle-narteksnet-sayfalarinda\/#breadcrumb","itemListElement":[{"@type":"ListItem","position":1,"name":"Anasayfa","item":"https:\/\/narteks.net\/"},{"@type":"ListItem","position":2,"name":"Mehmet Celal FIRTINADAN \u00d6NCE Alb\u00fcm\u00fcyle narteks.net sayfalar\u0131nda"}]},{"@type":"WebSite","@id":"https:\/\/narteks.net\/#website","url":"https:\/\/narteks.net\/","name":"narteks.net","description":"K\u00fclt\u00fcr Sanat Edebiyat Felsefe","publisher":{"@id":"https:\/\/narteks.net\/#organization"},"alternateName":"K\u00fclt\u00fcr Sanat Edebiyat Felsefe","potentialAction":[{"@type":"SearchAction","target":{"@type":"EntryPoint","urlTemplate":"https:\/\/narteks.net\/?s={search_term_string}"},"query-input":{"@type":"PropertyValueSpecification","valueRequired":true,"valueName":"search_term_string"}}],"inLanguage":"tr"},{"@type":"Organization","@id":"https:\/\/narteks.net\/#organization","name":"narteks.net","url":"https:\/\/narteks.net\/","logo":{"@type":"ImageObject","inLanguage":"tr","@id":"https:\/\/narteks.net\/#\/schema\/logo\/image\/","url":"https:\/\/narteks.net\/wp-content\/uploads\/narteks.png","contentUrl":"https:\/\/narteks.net\/wp-content\/uploads\/narteks.png","width":300,"height":90,"caption":"narteks.net"},"image":{"@id":"https:\/\/narteks.net\/#\/schema\/logo\/image\/"},"sameAs":["https:\/\/x.com\/narteks","https:\/\/instagram.com\/narteksnet"]},{"@type":"Person","@id":"https:\/\/narteks.net\/#\/schema\/person\/61f37d9834294b72d31d274e7ed79bca","name":"Tar\u0131k","image":{"@type":"ImageObject","inLanguage":"tr","@id":"https:\/\/narteks.net\/#\/schema\/person\/image\/","url":"https:\/\/secure.gravatar.com\/avatar\/50865afb55632c4ae467e0af0930f6510aa2297d8014be502a55b14f3b7550cf?s=96&d=mm&r=g","contentUrl":"https:\/\/secure.gravatar.com\/avatar\/50865afb55632c4ae467e0af0930f6510aa2297d8014be502a55b14f3b7550cf?s=96&d=mm&r=g","caption":"Tar\u0131k"},"sameAs":["http:\/\/narteks.net"],"url":"https:\/\/narteks.net\/index.php\/author\/narbak\/"}]}},"_links":{"self":[{"href":"https:\/\/narteks.net\/index.php\/wp-json\/wp\/v2\/posts\/4515","targetHints":{"allow":["GET"]}}],"collection":[{"href":"https:\/\/narteks.net\/index.php\/wp-json\/wp\/v2\/posts"}],"about":[{"href":"https:\/\/narteks.net\/index.php\/wp-json\/wp\/v2\/types\/post"}],"author":[{"embeddable":true,"href":"https:\/\/narteks.net\/index.php\/wp-json\/wp\/v2\/users\/1"}],"replies":[{"embeddable":true,"href":"https:\/\/narteks.net\/index.php\/wp-json\/wp\/v2\/comments?post=4515"}],"version-history":[{"count":0,"href":"https:\/\/narteks.net\/index.php\/wp-json\/wp\/v2\/posts\/4515\/revisions"}],"wp:attachment":[{"href":"https:\/\/narteks.net\/index.php\/wp-json\/wp\/v2\/media?parent=4515"}],"wp:term":[{"taxonomy":"category","embeddable":true,"href":"https:\/\/narteks.net\/index.php\/wp-json\/wp\/v2\/categories?post=4515"},{"taxonomy":"post_tag","embeddable":true,"href":"https:\/\/narteks.net\/index.php\/wp-json\/wp\/v2\/tags?post=4515"}],"curies":[{"name":"wp","href":"https:\/\/api.w.org\/{rel}","templated":true}]}}