{"id":4521,"date":"2010-04-28T12:44:10","date_gmt":"2010-04-28T09:44:10","guid":{"rendered":"http:\/\/localhost\/wordpress\/2010\/04\/28\/tanrim-kim-boyle-bir-karisi-olsun-istemez-ki-ah-bir-karim-olsa-judy-brady\/"},"modified":"2010-04-28T12:44:10","modified_gmt":"2010-04-28T09:44:10","slug":"tanrim-kim-boyle-bir-karisi-olsun-istemez-ki-ah-bir-karim-olsa-judy-brady","status":"publish","type":"post","link":"https:\/\/narteks.net\/index.php\/2010\/04\/28\/tanrim-kim-boyle-bir-karisi-olsun-istemez-ki-ah-bir-karim-olsa-judy-brady\/","title":{"rendered":"Tanr\u0131m ! Kim b\u00f6yle bir kar\u0131s\u0131 olsun istemez ki ? | Ah Bir Kar\u0131m Olsa ! &#8211; Judy Brady"},"content":{"rendered":"<p style=\"text-align: justify;\"><img loading=\"lazy\" decoding=\"async\" style=\"float: left;\" src=\"http:\/\/t2.gstatic.com\/images?q=tbn:8zbO1t0ucqOTbM:http:\/\/expat21.files.wordpress.com\/2009\/03\/vermeer-kitchen-maid.jpg\" width=\"155\" height=\"205\" border=\"0\" \/>\u2018Evli kad\u0131nlar\u2019 olarak bilinen insan s\u0131n\u0131f\u0131na mensubum. Ben evli bir kad\u0131n\u0131m. Tahmin edilece\u011fi \u00fczere de bir anneyim.<\/p>\n<p>K\u0131sa s\u00fcre \u00f6nce e\u015finden yeni bo\u015fanm\u0131\u015f erkek bir arkada\u015f\u0131mla kar\u015f\u0131la\u015ft\u0131m. Bo\u015fand\u0131\u011f\u0131 i\u00e7in gayet rahatlam\u0131\u015f g\u00f6r\u00fcn\u00fcyordu. Bu arkada\u015f\u0131m\u0131n ayr\u0131lan her \u00e7ocuklu \u00e7iftte oldu\u011fu gibi eski kar\u0131s\u0131na postalad\u0131\u011f\u0131 bir de \u00e7ocu\u011fu var. \u015eimdilerde kendine yeni bir e\u015f arad\u0131\u011f\u0131 da apa\u00e7\u0131k ortada. Bir ak\u015fam \u00fct\u00fc yaparken b\u00fct\u00fcn bunlar\u0131 d\u00fc\u015f\u00fcn\u00fcrken birden fark ettim ki asl\u0131nda benim de bir kar\u0131m olsa hi\u00e7 fena olmazd\u0131. Peki bir kad\u0131n olarak neden b\u00f6yle bir \u015fey istiyorum dersiniz?<\/p>\n<p>Bir kere kar\u0131m olursa okuluma geri d\u00f6n\u00fcp ekonomik ba\u011f\u0131ms\u0131zl\u0131\u011f\u0131m\u0131 kazanabilecek, kendi ayaklar\u0131m\u0131n \u00fczerinde durabilecek, gerekirse bakmakla y\u00fck\u00fcml\u00fc olduklar\u0131ma da destek olabilece\u011fim. Nas\u0131l bir kar\u0131m olmas\u0131n\u0131 istedi\u011fime gelecek olursak, hem kendi \u00e7al\u0131\u015facak hem de beni okuluma g\u00f6nderecek biri olsun istiyorum. Ben okuluma devam ederken o da \u00e7ocuklarla benim doktor ve di\u015f\u00e7i randevular\u0131m\u0131z\u0131n \u00e7etelesini tutsun. \u00c7ocuklar\u0131n beslenmesi ve temizli\u011fini ihmal etmesin; k\u0131yafetlerini y\u0131kay\u0131p y\u0131rt\u0131k s\u00f6k\u00fck varsa tamir etsin. Kar\u0131m\u0131n bir de \u00e7ocuklar\u0131ma \u015fefkatle yakla\u015fan, onlar\u0131n okullar\u0131yla ilgilenen, ya\u015f\u0131tlar\u0131yla yeterli ve iyi vakit ge\u00e7irmelerini sa\u011flayan ve onlar\u0131 ara s\u0131ra parka, hayvanat bah\u00e7esine ve bilumum e\u011flence yerine g\u00f6t\u00fcrecek biri olmas\u0131n\u0131 istiyorum. Benim derslerimi ka\u00e7\u0131rmam gibi bir \u015fey s\u00f6z konusu olmayaca\u011f\u0131 i\u00e7in, \u00e7ocuklar hastaland\u0131klar\u0131nda onlarla ilgilenecek, \u00f6zel ilgi istediklerinde etraflar\u0131nda d\u00f6rt d\u00f6necek biri olmal\u0131. Bu arada kar\u0131m i\u015fini ihmal edip kaybetmeyecek \u015fekilde zaman zaman evine de vakit ay\u0131rmay\u0131 bilmeli. Elbette ki bu durum onun maa\u015f\u0131nda zaman zaman k\u00fc\u00e7\u00fck kesintilere neden olabilir, fakat bunu sorun edecek de\u011filim. S\u00f6ylememe gerek var m\u0131 bilmem ama \u00e7al\u0131\u015f\u0131rken \u00e7ocuklar\u0131n ihtiya\u00e7lar\u0131n\u0131 kontrol edip, bunlar i\u00e7in gerekli olan \u00f6demeleri yapacak olan da bizzat kar\u0131m.<\/p>\n<p>\u00c7ocuklar\u0131nkinin yan\u0131s\u0131ra elbette \u2018benim\u2019 de fiziksel ihtiya\u00e7lar\u0131ma cevap verecek bir kar\u0131m olsun istiyorum. Evimi temiz tutacak, arkam\u0131 toplayacak biri. Elbiselerimi temiz, \u00fct\u00fcl\u00fc, s\u00f6k\u00fckleri dikilmi\u015f olarak yerlerine kald\u0131racak, gerekti\u011finde eskileri yenileriyle de\u011fi\u015ftirecek, ki\u015fisel e\u015fyalar\u0131m\u0131 yerli yerinde tutacak ki onlara ihtiyac\u0131m oldu\u011funda elimin alt\u0131nda olsunlar. B\u00fct\u00fcn bunlar\u0131n yan\u0131nda, yemekleri de pi\u015firecek iyi bir a\u015f\u00e7\u0131 olun kar\u0131m. Yani ak\u015fam ne yiyece\u011fimizi \u00f6nceden planlas\u0131n, al\u0131\u015fveri\u015fini yaps\u0131n, yeme\u011fini haz\u0131rlas\u0131n ve g\u00fcler y\u00fczl\u00fc bir \u015fekilde \u00f6n\u00fcme koysun, sonra ben derslerimi yaparken de gidip bula\u015f\u0131klar\u0131n\u0131 y\u0131kas\u0131n. Demek istedi\u011fim \u015fu: Ben hasta oldu\u011fumda bana bakacak, derslerimden geri kalmama \u00fcz\u00fcl\u00fcp halimi anlayacak, biraz dinlenmeye ve hava de\u011fi\u015fikli\u011fine ihtiya\u00e7 duydu\u011fumda, ailece \u00e7\u0131kt\u0131\u011f\u0131m\u0131z seyahatte bize e\u015flik edecek, orada da benimle ve \u00e7ocuklar\u0131mla ilgilenmeye devam edecek bir kar\u0131m olsun istiyorum!\u00a0 <\/p>\n<p>\u00d6yle bir kar\u0131m olsun ki kad\u0131nlar\u0131n zaten g\u00f6revi olan \u015feyleri yapt\u0131\u011f\u0131 i\u00e7in d\u0131rd\u0131rlan\u0131p can\u0131m\u0131 s\u0131kmas\u0131n, ama i\u015f \u00e7al\u0131\u015fmalar\u0131m s\u0131ras\u0131nda kar\u015f\u0131la\u015ft\u0131\u011f\u0131m zor bir noktay\u0131 konu\u015fmaya gelince beni p\u00fcr dikkat dinlesin. Bu arada unutmadan s\u00f6yleyeyim, ben yazmay\u0131 bitirdi\u011fimde temize \u00e7ekmesi i\u00e7in \u00f6devlerim de m\u00fcstakbel kar\u0131m\u0131n ellerinden \u00f6per.<\/p>\n<p>Sosyal hayat\u0131m\u0131n detaylar\u0131yla da ilgilenecek bir kar\u0131m olsun istiyorum; arkada\u015flar\u0131m\u0131z davet etti\u011finde \u00e7ocuklara bak\u0131c\u0131 ayarlayacak, okul arkada\u015flar\u0131m\u0131 eve \u00e7a\u011f\u0131rd\u0131\u011f\u0131mdaysa evi p\u0131r\u0131l p\u0131r\u0131l yap\u0131p haz\u0131rlayacak, \u00f6zel bir yemek yap\u0131p arkada\u015flar\u0131ma sunacak, beni ve arkada\u015flar\u0131m\u0131 ilgilendiren \u015feyler hakk\u0131nda konu\u015furken de laf\u0131m\u0131 kesmeyecek bir kar\u0131m yani. Kar\u0131m misafirler gelmeden \u00e7ocuklar\u0131n kar\u0131nlar\u0131n\u0131 doyurup onlar\u0131 yat\u0131rmal\u0131 ki misafirler varken \u00e7ocuklar ayakalt\u0131nda dolanmas\u0131n. Misafirlerimin ihtiya\u00e7lar\u0131yla tek tek ilgilensin, onlar\u0131 rahat ettirsin. \u00d6yle bir kar\u0131m olsun ki b\u00f6yle bir davet verdi\u011fimizde kimsenin k\u00fcl tablas\u0131n\u0131, mezesini eksik etmeyip, yemekten ikinci bir tabak istiyorlar m\u0131 diye sorsun, bo\u015falan \u015farap bardaklar\u0131n\u0131 an\u0131nda doldurup, herkesin kahvesini arzuya g\u00f6re pi\u015firip ikram etsin.<\/p>\n<p>Ayr\u0131ca, ara s\u0131ra d\u0131\u015far\u0131da kendi ba\u015f\u0131ma bir gece ge\u00e7irmeye ihtiyac\u0131m oldu\u011funu da anlayacak bir kar\u0131m olsun istiyorum.<\/p>\n<p>Cinsel ihtiya\u00e7lar\u0131ma kar\u015f\u0131 duyarl\u0131 olacak bir kar\u0131m olsun istiyorum. \u00d6yle bir kad\u0131n ki can\u0131m istedi\u011finde benimle istekli ve tutkulu bir \u015fekilde sevi\u015fecek ve beni t\u00fcm\u00fcyle tatmin edebilecek, ama ben havamda olmad\u0131\u011f\u0131mda benden ilgi talep etmeyecek, bir de ben daha fazla \u00e7ocuk istemedi\u011fim i\u00e7in t\u00fcm do\u011fum kontrol\u00fc sorumlulu\u011funu \u00fcstlenecek biri. Kar\u0131m ayn\u0131 zamanda cinsel a\u00e7\u0131dan bana sad\u0131k kalmal\u0131 ki entellekt\u00fcel ya\u015fant\u0131m bu tip k\u0131skan\u00e7l\u0131klarla kesintiye u\u011framas\u0131n. Ayr\u0131ca kar\u0131m cinsel ihtiya\u00e7lar\u0131m\u0131n tek bir ki\u015fiye ba\u011fl\u0131 kalmaktan daha fazlas\u0131n\u0131 gerektirebilece\u011fini de anlamal\u0131. Sonu\u00e7 olarak di\u011fer insanlarla m\u00fcmk\u00fcn oldu\u011fu kadar fazla ili\u015fki kurabilmeliyim, de\u011fil mi?<\/p>\n<p>Olur da kendime daha m\u00fcnasip bir e\u015f bulursam, \u015fimdiki kar\u0131m\u0131 yenisiyle de\u011fi\u015ftirebilme \u00f6zg\u00fcrl\u00fc\u011f\u00fcm da olmal\u0131. Do\u011fal olarak yeni ve taze bir ba\u015flang\u0131\u00e7 isteyece\u011fimden, kar\u0131m \u00e7ocuklar\u0131 al\u0131p onlarla tek ba\u015f\u0131na ilgilenmeli ki ben de \u00f6zg\u00fcr kalabileyim.<\/p>\n<p>Unutmadan, ben okulumu bitirip i\u015fe girdi\u011fimde kar\u0131m i\u015fi b\u0131rak\u0131p evde otursun ki kad\u0131nl\u0131k g\u00f6revlerini daha iyi bir \u015fekilde ve tamamen yerine getirebilsin.<\/p>\n<p>Tanr\u0131m! Kim b\u00f6yle bir kar\u0131s\u0131 olsun istemez ki?<\/p>\n<p style=\"text-align: justify;\">Yaz\u0131n\u0131n orjinaline http:\/\/www.columbia.edu\/~sss31\/rainbow\/wife.html<\/p>\n","protected":false},"excerpt":{"rendered":"<p>\u2018Evli kad\u0131nlar\u2019 olarak bilinen insan s\u0131n\u0131f\u0131na mensubum. Ben evli bir kad\u0131n\u0131m. Tahmin edilece\u011fi \u00fczere de bir anneyim. K\u0131sa s\u00fcre \u00f6nce e\u015finden yeni bo\u015fanm\u0131\u015f erkek bir arkada\u015f\u0131mla kar\u015f\u0131la\u015ft\u0131m. Bo\u015fand\u0131\u011f\u0131 i\u00e7in gayet rahatlam\u0131\u015f g\u00f6r\u00fcn\u00fcyordu. Bu arkada\u015f\u0131m\u0131n ayr\u0131lan her \u00e7ocuklu \u00e7iftte oldu\u011fu gibi eski kar\u0131s\u0131na postalad\u0131\u011f\u0131 bir de \u00e7ocu\u011fu var. \u015eimdilerde kendine yeni bir e\u015f arad\u0131\u011f\u0131 da apa\u00e7\u0131k [&hellip;]<\/p>\n","protected":false},"author":1,"featured_media":0,"comment_status":"open","ping_status":"open","sticky":false,"template":"","format":"standard","meta":{"footnotes":""},"categories":[176],"tags":[],"class_list":{"0":"post-4521","1":"post","2":"type-post","3":"status-publish","4":"format-standard","6":"category-kadin-a-dair"},"yoast_head":"<!-- This site is optimized with the Yoast SEO Premium plugin v24.9 (Yoast SEO v24.9) - https:\/\/yoast.com\/wordpress\/plugins\/seo\/ -->\n<title>Tanr\u0131m ! Kim b\u00f6yle bir kar\u0131s\u0131 olsun istemez ki ? | Ah Bir Kar\u0131m Olsa ! - Judy Brady - narteks.net<\/title>\n<meta name=\"robots\" content=\"index, follow, max-snippet:-1, max-image-preview:large, max-video-preview:-1\" \/>\n<link rel=\"canonical\" href=\"https:\/\/narteks.net\/index.php\/2010\/04\/28\/tanrim-kim-boyle-bir-karisi-olsun-istemez-ki-ah-bir-karim-olsa-judy-brady\/\" \/>\n<meta property=\"og:locale\" content=\"tr_TR\" \/>\n<meta property=\"og:type\" content=\"article\" \/>\n<meta property=\"og:title\" content=\"Tanr\u0131m ! Kim b\u00f6yle bir kar\u0131s\u0131 olsun istemez ki ? | Ah Bir Kar\u0131m Olsa ! - Judy Brady\" \/>\n<meta property=\"og:description\" content=\"\u2018Evli kad\u0131nlar\u2019 olarak bilinen insan s\u0131n\u0131f\u0131na mensubum. Ben evli bir kad\u0131n\u0131m. Tahmin edilece\u011fi \u00fczere de bir anneyim. K\u0131sa s\u00fcre \u00f6nce e\u015finden yeni bo\u015fanm\u0131\u015f erkek bir arkada\u015f\u0131mla kar\u015f\u0131la\u015ft\u0131m. Bo\u015fand\u0131\u011f\u0131 i\u00e7in gayet rahatlam\u0131\u015f g\u00f6r\u00fcn\u00fcyordu. Bu arkada\u015f\u0131m\u0131n ayr\u0131lan her \u00e7ocuklu \u00e7iftte oldu\u011fu gibi eski kar\u0131s\u0131na postalad\u0131\u011f\u0131 bir de \u00e7ocu\u011fu var. \u015eimdilerde kendine yeni bir e\u015f arad\u0131\u011f\u0131 da apa\u00e7\u0131k [&hellip;]\" \/>\n<meta property=\"og:url\" content=\"https:\/\/narteks.net\/index.php\/2010\/04\/28\/tanrim-kim-boyle-bir-karisi-olsun-istemez-ki-ah-bir-karim-olsa-judy-brady\/\" \/>\n<meta property=\"og:site_name\" content=\"narteks.net\" \/>\n<meta property=\"article:published_time\" content=\"2010-04-28T09:44:10+00:00\" \/>\n<meta property=\"og:image\" content=\"http:\/\/t2.gstatic.com\/images?q=tbn:8zbO1t0ucqOTbM:http:\/\/expat21.files.wordpress.com\/2009\/03\/vermeer-kitchen-maid.jpg\" \/>\n<meta name=\"author\" content=\"Tar\u0131k\" \/>\n<meta name=\"twitter:card\" content=\"summary_large_image\" \/>\n<meta name=\"twitter:creator\" content=\"@narteks\" \/>\n<meta name=\"twitter:site\" content=\"@narteks\" \/>\n<meta name=\"twitter:label1\" content=\"Yazan:\" \/>\n\t<meta name=\"twitter:data1\" content=\"Tar\u0131k\" \/>\n\t<meta name=\"twitter:label2\" content=\"Tahmini okuma s\u00fcresi\" \/>\n\t<meta name=\"twitter:data2\" content=\"5 dakika\" \/>\n<script type=\"application\/ld+json\" class=\"yoast-schema-graph\">{\"@context\":\"https:\/\/schema.org\",\"@graph\":[{\"@type\":\"Article\",\"@id\":\"https:\/\/narteks.net\/index.php\/2010\/04\/28\/tanrim-kim-boyle-bir-karisi-olsun-istemez-ki-ah-bir-karim-olsa-judy-brady\/#article\",\"isPartOf\":{\"@id\":\"https:\/\/narteks.net\/index.php\/2010\/04\/28\/tanrim-kim-boyle-bir-karisi-olsun-istemez-ki-ah-bir-karim-olsa-judy-brady\/\"},\"author\":{\"name\":\"Tar\u0131k\",\"@id\":\"https:\/\/narteks.net\/#\/schema\/person\/61f37d9834294b72d31d274e7ed79bca\"},\"headline\":\"Tanr\u0131m ! Kim b\u00f6yle bir kar\u0131s\u0131 olsun istemez ki ? | Ah Bir Kar\u0131m Olsa ! &#8211; Judy Brady\",\"datePublished\":\"2010-04-28T09:44:10+00:00\",\"mainEntityOfPage\":{\"@id\":\"https:\/\/narteks.net\/index.php\/2010\/04\/28\/tanrim-kim-boyle-bir-karisi-olsun-istemez-ki-ah-bir-karim-olsa-judy-brady\/\"},\"wordCount\":1032,\"commentCount\":0,\"publisher\":{\"@id\":\"https:\/\/narteks.net\/#organization\"},\"image\":{\"@id\":\"https:\/\/narteks.net\/index.php\/2010\/04\/28\/tanrim-kim-boyle-bir-karisi-olsun-istemez-ki-ah-bir-karim-olsa-judy-brady\/#primaryimage\"},\"thumbnailUrl\":\"http:\/\/t2.gstatic.com\/images?q=tbn:8zbO1t0ucqOTbM:http:\/\/expat21.files.wordpress.com\/2009\/03\/vermeer-kitchen-maid.jpg\",\"articleSection\":[\"Kad\u0131na Dair\"],\"inLanguage\":\"tr\",\"potentialAction\":[{\"@type\":\"CommentAction\",\"name\":\"Comment\",\"target\":[\"https:\/\/narteks.net\/index.php\/2010\/04\/28\/tanrim-kim-boyle-bir-karisi-olsun-istemez-ki-ah-bir-karim-olsa-judy-brady\/#respond\"]}]},{\"@type\":\"WebPage\",\"@id\":\"https:\/\/narteks.net\/index.php\/2010\/04\/28\/tanrim-kim-boyle-bir-karisi-olsun-istemez-ki-ah-bir-karim-olsa-judy-brady\/\",\"url\":\"https:\/\/narteks.net\/index.php\/2010\/04\/28\/tanrim-kim-boyle-bir-karisi-olsun-istemez-ki-ah-bir-karim-olsa-judy-brady\/\",\"name\":\"Tanr\u0131m ! Kim b\u00f6yle bir kar\u0131s\u0131 olsun istemez ki ? | Ah Bir Kar\u0131m Olsa ! - Judy Brady - narteks.net\",\"isPartOf\":{\"@id\":\"https:\/\/narteks.net\/#website\"},\"primaryImageOfPage\":{\"@id\":\"https:\/\/narteks.net\/index.php\/2010\/04\/28\/tanrim-kim-boyle-bir-karisi-olsun-istemez-ki-ah-bir-karim-olsa-judy-brady\/#primaryimage\"},\"image\":{\"@id\":\"https:\/\/narteks.net\/index.php\/2010\/04\/28\/tanrim-kim-boyle-bir-karisi-olsun-istemez-ki-ah-bir-karim-olsa-judy-brady\/#primaryimage\"},\"thumbnailUrl\":\"http:\/\/t2.gstatic.com\/images?q=tbn:8zbO1t0ucqOTbM:http:\/\/expat21.files.wordpress.com\/2009\/03\/vermeer-kitchen-maid.jpg\",\"datePublished\":\"2010-04-28T09:44:10+00:00\",\"breadcrumb\":{\"@id\":\"https:\/\/narteks.net\/index.php\/2010\/04\/28\/tanrim-kim-boyle-bir-karisi-olsun-istemez-ki-ah-bir-karim-olsa-judy-brady\/#breadcrumb\"},\"inLanguage\":\"tr\",\"potentialAction\":[{\"@type\":\"ReadAction\",\"target\":[\"https:\/\/narteks.net\/index.php\/2010\/04\/28\/tanrim-kim-boyle-bir-karisi-olsun-istemez-ki-ah-bir-karim-olsa-judy-brady\/\"]}]},{\"@type\":\"ImageObject\",\"inLanguage\":\"tr\",\"@id\":\"https:\/\/narteks.net\/index.php\/2010\/04\/28\/tanrim-kim-boyle-bir-karisi-olsun-istemez-ki-ah-bir-karim-olsa-judy-brady\/#primaryimage\",\"url\":\"http:\/\/t2.gstatic.com\/images?q=tbn:8zbO1t0ucqOTbM:http:\/\/expat21.files.wordpress.com\/2009\/03\/vermeer-kitchen-maid.jpg\",\"contentUrl\":\"http:\/\/t2.gstatic.com\/images?q=tbn:8zbO1t0ucqOTbM:http:\/\/expat21.files.wordpress.com\/2009\/03\/vermeer-kitchen-maid.jpg\"},{\"@type\":\"BreadcrumbList\",\"@id\":\"https:\/\/narteks.net\/index.php\/2010\/04\/28\/tanrim-kim-boyle-bir-karisi-olsun-istemez-ki-ah-bir-karim-olsa-judy-brady\/#breadcrumb\",\"itemListElement\":[{\"@type\":\"ListItem\",\"position\":1,\"name\":\"Anasayfa\",\"item\":\"https:\/\/narteks.net\/\"},{\"@type\":\"ListItem\",\"position\":2,\"name\":\"Tanr\u0131m ! Kim b\u00f6yle bir kar\u0131s\u0131 olsun istemez ki ? | Ah Bir Kar\u0131m Olsa ! &#8211; Judy Brady\"}]},{\"@type\":\"WebSite\",\"@id\":\"https:\/\/narteks.net\/#website\",\"url\":\"https:\/\/narteks.net\/\",\"name\":\"narteks.net\",\"description\":\"K\u00fclt\u00fcr Sanat Edebiyat Felsefe\",\"publisher\":{\"@id\":\"https:\/\/narteks.net\/#organization\"},\"alternateName\":\"K\u00fclt\u00fcr Sanat Edebiyat Felsefe\",\"potentialAction\":[{\"@type\":\"SearchAction\",\"target\":{\"@type\":\"EntryPoint\",\"urlTemplate\":\"https:\/\/narteks.net\/?s={search_term_string}\"},\"query-input\":{\"@type\":\"PropertyValueSpecification\",\"valueRequired\":true,\"valueName\":\"search_term_string\"}}],\"inLanguage\":\"tr\"},{\"@type\":\"Organization\",\"@id\":\"https:\/\/narteks.net\/#organization\",\"name\":\"narteks.net\",\"url\":\"https:\/\/narteks.net\/\",\"logo\":{\"@type\":\"ImageObject\",\"inLanguage\":\"tr\",\"@id\":\"https:\/\/narteks.net\/#\/schema\/logo\/image\/\",\"url\":\"https:\/\/narteks.net\/wp-content\/uploads\/narteks.png\",\"contentUrl\":\"https:\/\/narteks.net\/wp-content\/uploads\/narteks.png\",\"width\":300,\"height\":90,\"caption\":\"narteks.net\"},\"image\":{\"@id\":\"https:\/\/narteks.net\/#\/schema\/logo\/image\/\"},\"sameAs\":[\"https:\/\/x.com\/narteks\",\"https:\/\/instagram.com\/narteksnet\"]},{\"@type\":\"Person\",\"@id\":\"https:\/\/narteks.net\/#\/schema\/person\/61f37d9834294b72d31d274e7ed79bca\",\"name\":\"Tar\u0131k\",\"image\":{\"@type\":\"ImageObject\",\"inLanguage\":\"tr\",\"@id\":\"https:\/\/narteks.net\/#\/schema\/person\/image\/\",\"url\":\"https:\/\/secure.gravatar.com\/avatar\/50865afb55632c4ae467e0af0930f6510aa2297d8014be502a55b14f3b7550cf?s=96&d=mm&r=g\",\"contentUrl\":\"https:\/\/secure.gravatar.com\/avatar\/50865afb55632c4ae467e0af0930f6510aa2297d8014be502a55b14f3b7550cf?s=96&d=mm&r=g\",\"caption\":\"Tar\u0131k\"},\"sameAs\":[\"http:\/\/narteks.net\"],\"url\":\"https:\/\/narteks.net\/index.php\/author\/narbak\/\"}]}<\/script>\n<!-- \/ Yoast SEO Premium plugin. -->","yoast_head_json":{"title":"Tanr\u0131m ! Kim b\u00f6yle bir kar\u0131s\u0131 olsun istemez ki ? | Ah Bir Kar\u0131m Olsa ! - Judy Brady - narteks.net","robots":{"index":"index","follow":"follow","max-snippet":"max-snippet:-1","max-image-preview":"max-image-preview:large","max-video-preview":"max-video-preview:-1"},"canonical":"https:\/\/narteks.net\/index.php\/2010\/04\/28\/tanrim-kim-boyle-bir-karisi-olsun-istemez-ki-ah-bir-karim-olsa-judy-brady\/","og_locale":"tr_TR","og_type":"article","og_title":"Tanr\u0131m ! Kim b\u00f6yle bir kar\u0131s\u0131 olsun istemez ki ? | Ah Bir Kar\u0131m Olsa ! - Judy Brady","og_description":"\u2018Evli kad\u0131nlar\u2019 olarak bilinen insan s\u0131n\u0131f\u0131na mensubum. Ben evli bir kad\u0131n\u0131m. Tahmin edilece\u011fi \u00fczere de bir anneyim. K\u0131sa s\u00fcre \u00f6nce e\u015finden yeni bo\u015fanm\u0131\u015f erkek bir arkada\u015f\u0131mla kar\u015f\u0131la\u015ft\u0131m. Bo\u015fand\u0131\u011f\u0131 i\u00e7in gayet rahatlam\u0131\u015f g\u00f6r\u00fcn\u00fcyordu. Bu arkada\u015f\u0131m\u0131n ayr\u0131lan her \u00e7ocuklu \u00e7iftte oldu\u011fu gibi eski kar\u0131s\u0131na postalad\u0131\u011f\u0131 bir de \u00e7ocu\u011fu var. \u015eimdilerde kendine yeni bir e\u015f arad\u0131\u011f\u0131 da apa\u00e7\u0131k [&hellip;]","og_url":"https:\/\/narteks.net\/index.php\/2010\/04\/28\/tanrim-kim-boyle-bir-karisi-olsun-istemez-ki-ah-bir-karim-olsa-judy-brady\/","og_site_name":"narteks.net","article_published_time":"2010-04-28T09:44:10+00:00","og_image":[{"url":"http:\/\/t2.gstatic.com\/images?q=tbn:8zbO1t0ucqOTbM:http:\/\/expat21.files.wordpress.com\/2009\/03\/vermeer-kitchen-maid.jpg","type":"","width":"","height":""}],"author":"Tar\u0131k","twitter_card":"summary_large_image","twitter_creator":"@narteks","twitter_site":"@narteks","twitter_misc":{"Yazan:":"Tar\u0131k","Tahmini okuma s\u00fcresi":"5 dakika"},"schema":{"@context":"https:\/\/schema.org","@graph":[{"@type":"Article","@id":"https:\/\/narteks.net\/index.php\/2010\/04\/28\/tanrim-kim-boyle-bir-karisi-olsun-istemez-ki-ah-bir-karim-olsa-judy-brady\/#article","isPartOf":{"@id":"https:\/\/narteks.net\/index.php\/2010\/04\/28\/tanrim-kim-boyle-bir-karisi-olsun-istemez-ki-ah-bir-karim-olsa-judy-brady\/"},"author":{"name":"Tar\u0131k","@id":"https:\/\/narteks.net\/#\/schema\/person\/61f37d9834294b72d31d274e7ed79bca"},"headline":"Tanr\u0131m ! Kim b\u00f6yle bir kar\u0131s\u0131 olsun istemez ki ? | Ah Bir Kar\u0131m Olsa ! &#8211; Judy Brady","datePublished":"2010-04-28T09:44:10+00:00","mainEntityOfPage":{"@id":"https:\/\/narteks.net\/index.php\/2010\/04\/28\/tanrim-kim-boyle-bir-karisi-olsun-istemez-ki-ah-bir-karim-olsa-judy-brady\/"},"wordCount":1032,"commentCount":0,"publisher":{"@id":"https:\/\/narteks.net\/#organization"},"image":{"@id":"https:\/\/narteks.net\/index.php\/2010\/04\/28\/tanrim-kim-boyle-bir-karisi-olsun-istemez-ki-ah-bir-karim-olsa-judy-brady\/#primaryimage"},"thumbnailUrl":"http:\/\/t2.gstatic.com\/images?q=tbn:8zbO1t0ucqOTbM:http:\/\/expat21.files.wordpress.com\/2009\/03\/vermeer-kitchen-maid.jpg","articleSection":["Kad\u0131na Dair"],"inLanguage":"tr","potentialAction":[{"@type":"CommentAction","name":"Comment","target":["https:\/\/narteks.net\/index.php\/2010\/04\/28\/tanrim-kim-boyle-bir-karisi-olsun-istemez-ki-ah-bir-karim-olsa-judy-brady\/#respond"]}]},{"@type":"WebPage","@id":"https:\/\/narteks.net\/index.php\/2010\/04\/28\/tanrim-kim-boyle-bir-karisi-olsun-istemez-ki-ah-bir-karim-olsa-judy-brady\/","url":"https:\/\/narteks.net\/index.php\/2010\/04\/28\/tanrim-kim-boyle-bir-karisi-olsun-istemez-ki-ah-bir-karim-olsa-judy-brady\/","name":"Tanr\u0131m ! Kim b\u00f6yle bir kar\u0131s\u0131 olsun istemez ki ? | Ah Bir Kar\u0131m Olsa ! - Judy Brady - narteks.net","isPartOf":{"@id":"https:\/\/narteks.net\/#website"},"primaryImageOfPage":{"@id":"https:\/\/narteks.net\/index.php\/2010\/04\/28\/tanrim-kim-boyle-bir-karisi-olsun-istemez-ki-ah-bir-karim-olsa-judy-brady\/#primaryimage"},"image":{"@id":"https:\/\/narteks.net\/index.php\/2010\/04\/28\/tanrim-kim-boyle-bir-karisi-olsun-istemez-ki-ah-bir-karim-olsa-judy-brady\/#primaryimage"},"thumbnailUrl":"http:\/\/t2.gstatic.com\/images?q=tbn:8zbO1t0ucqOTbM:http:\/\/expat21.files.wordpress.com\/2009\/03\/vermeer-kitchen-maid.jpg","datePublished":"2010-04-28T09:44:10+00:00","breadcrumb":{"@id":"https:\/\/narteks.net\/index.php\/2010\/04\/28\/tanrim-kim-boyle-bir-karisi-olsun-istemez-ki-ah-bir-karim-olsa-judy-brady\/#breadcrumb"},"inLanguage":"tr","potentialAction":[{"@type":"ReadAction","target":["https:\/\/narteks.net\/index.php\/2010\/04\/28\/tanrim-kim-boyle-bir-karisi-olsun-istemez-ki-ah-bir-karim-olsa-judy-brady\/"]}]},{"@type":"ImageObject","inLanguage":"tr","@id":"https:\/\/narteks.net\/index.php\/2010\/04\/28\/tanrim-kim-boyle-bir-karisi-olsun-istemez-ki-ah-bir-karim-olsa-judy-brady\/#primaryimage","url":"http:\/\/t2.gstatic.com\/images?q=tbn:8zbO1t0ucqOTbM:http:\/\/expat21.files.wordpress.com\/2009\/03\/vermeer-kitchen-maid.jpg","contentUrl":"http:\/\/t2.gstatic.com\/images?q=tbn:8zbO1t0ucqOTbM:http:\/\/expat21.files.wordpress.com\/2009\/03\/vermeer-kitchen-maid.jpg"},{"@type":"BreadcrumbList","@id":"https:\/\/narteks.net\/index.php\/2010\/04\/28\/tanrim-kim-boyle-bir-karisi-olsun-istemez-ki-ah-bir-karim-olsa-judy-brady\/#breadcrumb","itemListElement":[{"@type":"ListItem","position":1,"name":"Anasayfa","item":"https:\/\/narteks.net\/"},{"@type":"ListItem","position":2,"name":"Tanr\u0131m ! Kim b\u00f6yle bir kar\u0131s\u0131 olsun istemez ki ? | Ah Bir Kar\u0131m Olsa ! &#8211; Judy Brady"}]},{"@type":"WebSite","@id":"https:\/\/narteks.net\/#website","url":"https:\/\/narteks.net\/","name":"narteks.net","description":"K\u00fclt\u00fcr Sanat Edebiyat Felsefe","publisher":{"@id":"https:\/\/narteks.net\/#organization"},"alternateName":"K\u00fclt\u00fcr Sanat Edebiyat Felsefe","potentialAction":[{"@type":"SearchAction","target":{"@type":"EntryPoint","urlTemplate":"https:\/\/narteks.net\/?s={search_term_string}"},"query-input":{"@type":"PropertyValueSpecification","valueRequired":true,"valueName":"search_term_string"}}],"inLanguage":"tr"},{"@type":"Organization","@id":"https:\/\/narteks.net\/#organization","name":"narteks.net","url":"https:\/\/narteks.net\/","logo":{"@type":"ImageObject","inLanguage":"tr","@id":"https:\/\/narteks.net\/#\/schema\/logo\/image\/","url":"https:\/\/narteks.net\/wp-content\/uploads\/narteks.png","contentUrl":"https:\/\/narteks.net\/wp-content\/uploads\/narteks.png","width":300,"height":90,"caption":"narteks.net"},"image":{"@id":"https:\/\/narteks.net\/#\/schema\/logo\/image\/"},"sameAs":["https:\/\/x.com\/narteks","https:\/\/instagram.com\/narteksnet"]},{"@type":"Person","@id":"https:\/\/narteks.net\/#\/schema\/person\/61f37d9834294b72d31d274e7ed79bca","name":"Tar\u0131k","image":{"@type":"ImageObject","inLanguage":"tr","@id":"https:\/\/narteks.net\/#\/schema\/person\/image\/","url":"https:\/\/secure.gravatar.com\/avatar\/50865afb55632c4ae467e0af0930f6510aa2297d8014be502a55b14f3b7550cf?s=96&d=mm&r=g","contentUrl":"https:\/\/secure.gravatar.com\/avatar\/50865afb55632c4ae467e0af0930f6510aa2297d8014be502a55b14f3b7550cf?s=96&d=mm&r=g","caption":"Tar\u0131k"},"sameAs":["http:\/\/narteks.net"],"url":"https:\/\/narteks.net\/index.php\/author\/narbak\/"}]}},"_links":{"self":[{"href":"https:\/\/narteks.net\/index.php\/wp-json\/wp\/v2\/posts\/4521","targetHints":{"allow":["GET"]}}],"collection":[{"href":"https:\/\/narteks.net\/index.php\/wp-json\/wp\/v2\/posts"}],"about":[{"href":"https:\/\/narteks.net\/index.php\/wp-json\/wp\/v2\/types\/post"}],"author":[{"embeddable":true,"href":"https:\/\/narteks.net\/index.php\/wp-json\/wp\/v2\/users\/1"}],"replies":[{"embeddable":true,"href":"https:\/\/narteks.net\/index.php\/wp-json\/wp\/v2\/comments?post=4521"}],"version-history":[{"count":0,"href":"https:\/\/narteks.net\/index.php\/wp-json\/wp\/v2\/posts\/4521\/revisions"}],"wp:attachment":[{"href":"https:\/\/narteks.net\/index.php\/wp-json\/wp\/v2\/media?parent=4521"}],"wp:term":[{"taxonomy":"category","embeddable":true,"href":"https:\/\/narteks.net\/index.php\/wp-json\/wp\/v2\/categories?post=4521"},{"taxonomy":"post_tag","embeddable":true,"href":"https:\/\/narteks.net\/index.php\/wp-json\/wp\/v2\/tags?post=4521"}],"curies":[{"name":"wp","href":"https:\/\/api.w.org\/{rel}","templated":true}]}}