{"id":4527,"date":"2010-04-28T13:25:23","date_gmt":"2010-04-28T10:25:23","guid":{"rendered":"http:\/\/localhost\/wordpress\/2010\/04\/28\/taciz-ve-tecavuze-son-inisiyatifi\/"},"modified":"2010-04-28T13:25:23","modified_gmt":"2010-04-28T10:25:23","slug":"taciz-ve-tecavuze-son-inisiyatifi","status":"publish","type":"post","link":"https:\/\/narteks.net\/index.php\/2010\/04\/28\/taciz-ve-tecavuze-son-inisiyatifi\/","title":{"rendered":"Taciz ve Tecav\u00fcze SON ! inisiyatifi"},"content":{"rendered":"<p style=\"text-align: justify;\"><img loading=\"lazy\" decoding=\"async\" style=\"float: left;\" src=\"http:\/\/t2.gstatic.com\/images?q=tbn:N_nufYSlsujuyM:http:\/\/www.uzmanpsikoloji.com\/wp-content\/uploads\/2009\/10\/i%C5%9Fyerinde-taciz.jpg\" width=\"155\" height=\"205\" border=\"0\" \/>D\u00fcnya \u00fczerinde anlat\u0131lmayan ve ger\u00e7ekle\u015fti\u011fi ne kurban ne su\u00e7lu ne de toplum taraf\u0131ndan kabul edilmeyen ve g\u00f6rmezden gelinen bir su\u00e7 var; tecav\u00fcz. Bu \u00e7ok s\u0131k ger\u00e7ekle\u015fmedi\u011fi san\u0131lan ya da asl\u0131nda \u00f6yle oldu\u011fu d\u00fc\u015f\u00fcn\u00fclmek istenen su\u00e7 asl\u0131nda ne yaz\u0131k ki hepimizin hayat\u0131nda \u00f6yle ya da b\u00f6yle yer almakta. Her 6 dakikada bir ki\u015fi tecav\u00fcze u\u011fruyor. Her 4 kad\u0131ndan 1 tanesi hayat\u0131 boyunca en az bir defa tecav\u00fcze ya da cinsel istismara maruz kalmaktad\u0131r. Bu sadece ma\u011fduru etkileyen bir olay de\u011fildir. Ma\u011fdurun ili\u015fkide oldu\u011fu herkes b\u00f6yle bir olaydan etkilenmektedir. Hatta tecav\u00fcze u\u011fras\u0131n u\u011framas\u0131n b\u00fct\u00fcn kad\u0131nlar etkilenmektedir. Tecav\u00fcze u\u011framak neredeyse b\u00fct\u00fcn kad\u0131nlar\u0131n en b\u00fcy\u00fck korkusudur. Ve bu korku davran\u0131\u015f ve ya\u015fam pratiklerine \u015fekil vermektedir. Yani tecav\u00fcz g\u00f6revini lay\u0131\u011f\u0131 ile yerine getirmektedir. \u00c7\u00fcnk\u00fc tecav\u00fcz bir insana haddini bildirmek, aya\u011f\u0131n\u0131 denk almas\u0131n\u0131 sa\u011flamak i\u00e7in ya da tamamen kontrol alt\u0131nda tutulmas\u0131n\u0131 sa\u011flamak ama\u00e7l\u0131 yap\u0131lm\u0131\u015f \u00e7ok a\u00e7\u0131k bir uyar\u0131 ya da haddini fazlas\u0131yla a\u015fm\u0131\u015f bir insana bunu tekrarlamamas\u0131 ama\u00e7l\u0131 verilen bir cezad\u0131r. Bu cezaya lay\u0131k g\u00f6r\u00fclmek i\u00e7in kad\u0131n olmak, e\u015fcinsel olmak, \u00e7ocuk olmak, devrimci olmak, bek\u00e2r olmak, kocanla ya da sevgilinle seks yapmay\u0131 istememek, mini etek giymek, i\u015fveli g\u00fclmek ya da \u00e2\u015f\u0131k olmak yeterlidir. Tecav\u00fcz kad\u0131n\u0131 kad\u0131n oldu\u011fu i\u00e7in yok saymakt\u0131r. Bir yok etme eylemidir. Ama asla cinsel bir eylem de\u011fildir. Cinselli\u011fin silah olarak kullan\u0131ld\u0131\u011f\u0131 bir \u015fiddet su\u00e7udur.<\/p>\n<p>Tecav\u00fcz sadece kad\u0131nlar\u0131n ba\u015f\u0131na gelmez, her ya\u015f, her sosyal stat\u00fcden, her cinsel kimlikte insan\u0131n ba\u015f\u0131na gelir. Her 6 erkekten 1 tanesi 18 ya\u015f\u0131ndan \u00f6nce cinsel tacize maruz kalmaktad\u0131r. Tecav\u00fczc\u00fclerin %99&#8217;u erkektir. Erkekler tecav\u00fcz eder \u00e7\u00fcnk\u00fc tecav\u00fcz kar\u015f\u0131s\u0131ndaki ki\u015fiye nefretini kusmas\u0131n\u0131 ve insanlar\u0131 kontrol alt\u0131nda tutacak g\u00fcc\u00fc oldu\u011funu ifade eder. Tecav\u00fczc\u00fcler cinsel olarak uyar\u0131l\u0131p kendine h\u00e2kim olamam\u0131\u015f g\u00fcnahk\u00e2rlar de\u011fillerdir ya da ak\u0131l hastas\u0131, sokaklarda karanl\u0131k k\u00f6\u015fe ba\u015flar\u0131nda bekleyen aylaklar de\u011fildir. Tecav\u00fczc\u00fclerin %30&#8217;u evlidir. Ve d\u00fczenli bir cinsel ya\u015fant\u0131ya sahiptir. Ve hemen hemen tamam\u0131 toplum i\u00e7erisinde sayg\u0131n bir yere sahip. Meslek sahibi insanlard\u0131r. Polistir, askerdir, doktordur, \u00f6\u011fretmendir, m\u00fchendistir, devlet g\u00f6revlisidir, i\u015f adam\u0131d\u0131r v.b. Yani asl\u0131nda tan\u0131d\u0131\u011f\u0131m\u0131z biridir. Tecav\u00fcze u\u011frayan her 5 kad\u0131ndan 4 tanesi sald\u0131rgan\u0131 tan\u0131maktad\u0131r. Tecav\u00fczlerin %50&#8217;si planl\u0131d\u0131r. Tecav\u00fcz olaylar\u0131n\u0131n %33\u2019\u00fc ma\u011fdurun evinde, %50&#8217;si bir meskende ger\u00e7ekle\u015fmektedir. Yani insanlar tan\u0131d\u0131\u011f\u0131, g\u00fcvendi\u011fi, dost olup sevdi\u011fi, \u00e2\u015f\u0131k oldu\u011fu ve evine ald\u0131\u011f\u0131 ki\u015filerin tecav\u00fcz\u00fcne u\u011frar. \u0130\u015fte bu y\u00fczden bunu asla kabullenemez. Kendisinin bu eyleme sebep oldu\u011funu d\u00fc\u015f\u00fcn\u00fcr. Kendisini su\u00e7lar, utan\u0131r. \u0130nsanlar\u0131n ona inanmayaca\u011f\u0131n\u0131 d\u00fc\u015f\u00fcn\u00fcr. Bu y\u00fczden gizler. Susar. Ayn\u0131 benim gibi. Yani bizim gibi<\/p>\n<p> Tecav\u00fczc\u00fclerin hemen hemen tamam\u0131 bunu bir kere yapmaz. Yani bildirilmeyen her tecav\u00fcz, cezaland\u0131r\u0131lmayan her tecav\u00fczc\u00fc, yeni tecav\u00fcz olaylar\u0131n\u0131n ya\u015fanmas\u0131na izin verecektir. Dahas\u0131 tecav\u00fcz ya\u015fand\u0131\u011f\u0131 zamanda kalmaz, ma\u011fdurun b\u00fct\u00fcn \u00f6mr\u00fc boyunca ya\u015fayaca\u011f\u0131 b\u00fcy\u00fck bir y\u0131k\u0131m yarat\u0131r. Tecav\u00fcz kurbanda travmaya sebep olur. Bu travman\u0131n ard\u0131ndan ilk bir ay boyunca akut stres bozuklu\u011fu, bir aydan uzun zamanlarda ise travma sonras\u0131 stres bozuklu\u011funa sebep olur. Daha uzun s\u00fcrede ise depresif etkiler, kendine zarar verme e\u011filimi, madde ba\u011f\u0131ml\u0131l\u0131\u011f\u0131, agresif davran\u0131\u015flar, alg\u0131lama bozukluklar\u0131, anksiyete, ki\u015filik bozukluklar\u0131, insanlara g\u00fcvensizlik, \u00fcrkeklik, cinsel bozukluklar ve strese ba\u011fl\u0131 fiziksel rahats\u0131zl\u0131klar ya\u015far. Unutmu\u015f gibi yapmak, susmak ya da ka\u00e7mak tecav\u00fcz\u00fcn b\u00fct\u00fcn bu etkilerini yok etmez. Dahas\u0131 derinle\u015ftirir. \u00d6m\u00fcr boyu etkisi ya\u015fanacak bu b\u00fcy\u00fck incitilmi\u015flik ile ya\u015famak ancak yaralar\u0131n daha da derinle\u015fmesine sebep olur. Hi\u00e7 kimse tecav\u00fcze u\u011framay\u0131 istemez ve hi\u00e7 kimse tecav\u00fcze u\u011framay\u0131 hak etmez. Sen de, ben de.<\/p>\n<p>Unutma bedenimiz bize ait. Ya\u015fad\u0131\u011f\u0131n ac\u0131y\u0131 biz biliyoruz Ba\u015fkalar\u0131n\u0131n d\u00fc\u015f\u00fcncelerinden korkararak ya\u015famak bize ac\u0131 vermekten ba\u015fka bir i\u015fe yaramaz. Biz k\u00f6t\u00fc olan hi\u00e7bir \u015fey yapmad\u0131k, dahas\u0131 bize yap\u0131lan i\u011fren\u00e7likleri kabullenmek zorunda de\u011filiz.\u00a0 \u00c7\u00fcnk\u00fc biz insan oldu\u011fumuz i\u00e7in de\u011ferliyiz. Bu bir insanl\u0131k ay\u0131b\u0131d\u0131r ve art\u0131k insanlar bununla y\u00fczle\u015fmeli. Tecav\u00fczc\u00fcler ne pi\u015fmanlar ne de pi\u015fman olacaklar, hatta buna devem edecekler. Cezaland\u0131r\u0131lmalar\u0131 gerekli. Fakat biz susarsak bu asla olmaz, hatta daha fazla ki\u015finin incitilmesine izin vermi\u015f oluruz. Ve bu vah\u015fet asla bitmez. Gel bizi anlayan, benzer ac\u0131lar\u0131 ya\u015fam\u0131\u015f insanlarla tan\u0131\u015fal\u0131m. Beraber m\u00fccadele edelim. Senin i\u00e7in, benim i\u00e7in, insan olarak varl\u0131\u011f\u0131m\u0131z i\u00e7in, ba\u015fka insanlar tecav\u00fcze u\u011framas\u0131n diye. Bug\u00fcn kaybetsek bile emin ol yar\u0131n kazanaca\u011f\u0131z. Yeter ki susma, susmyal\u0131m. Yeter ki korkma, korkmayal\u0131m.<\/p>\n<p> \u0130leti\u015fim i\u00e7in: tacizvetecavuzudurdur@yahoogroups.com<\/p>\n<p>NOTLAR:<br \/>Bu grup bir dayan\u0131\u015fma gurubu olarak beraber politika \u00fcretece\u011fimiz herkesle ileti\u015fim kurmak ama\u00e7l\u0131 kullan\u0131lmaktad\u0131r. G\u00fcvenli\u011fniz i\u00e7in varsa dava detaylar\u0131n\u0131 ve olay detaylar\u0131n\u0131 grupla payla\u015fmay\u0131n\u0131z. Payla\u015fmak istedi\u011finiz ki\u015filer varsa o ki\u015filerin \u00f6zel mail adreslerinden payla\u015f\u0131n\u0131z.<\/p>\n<p>\u0130leti\u015fim a\u011f\u0131n\u0131n g\u00fcvenli\u011fini sa\u011flamak i\u00e7in tecav\u00fcze u\u011frayan kad\u0131nlar\u0131n olu\u015fturdu\u011fu gruba y\u00fczy\u00fcze g\u00f6r\u00fc\u015fmelerden sonra \u00fcye al\u0131nmaktad\u0131r.<\/p>\n","protected":false},"excerpt":{"rendered":"<p>D\u00fcnya \u00fczerinde anlat\u0131lmayan ve ger\u00e7ekle\u015fti\u011fi ne kurban ne su\u00e7lu ne de toplum taraf\u0131ndan kabul edilmeyen ve g\u00f6rmezden gelinen bir su\u00e7 var; tecav\u00fcz. Bu \u00e7ok s\u0131k ger\u00e7ekle\u015fmedi\u011fi san\u0131lan ya da asl\u0131nda \u00f6yle oldu\u011fu d\u00fc\u015f\u00fcn\u00fclmek istenen su\u00e7 asl\u0131nda ne yaz\u0131k ki hepimizin hayat\u0131nda \u00f6yle ya da b\u00f6yle yer almakta. Her 6 dakikada bir ki\u015fi tecav\u00fcze u\u011fruyor. Her [&hellip;]<\/p>\n","protected":false},"author":1,"featured_media":0,"comment_status":"open","ping_status":"open","sticky":false,"template":"","format":"standard","meta":{"footnotes":""},"categories":[176],"tags":[],"class_list":{"0":"post-4527","1":"post","2":"type-post","3":"status-publish","4":"format-standard","6":"category-kadin-a-dair"},"yoast_head":"<!-- This site is optimized with the Yoast SEO Premium plugin v24.9 (Yoast SEO v24.9) - https:\/\/yoast.com\/wordpress\/plugins\/seo\/ -->\n<title>Taciz ve Tecav\u00fcze SON ! inisiyatifi - narteks.net<\/title>\n<meta name=\"robots\" content=\"index, follow, max-snippet:-1, max-image-preview:large, max-video-preview:-1\" \/>\n<link rel=\"canonical\" href=\"https:\/\/narteks.net\/index.php\/2010\/04\/28\/taciz-ve-tecavuze-son-inisiyatifi\/\" \/>\n<meta property=\"og:locale\" content=\"tr_TR\" \/>\n<meta property=\"og:type\" content=\"article\" \/>\n<meta property=\"og:title\" content=\"Taciz ve Tecav\u00fcze SON ! inisiyatifi\" \/>\n<meta property=\"og:description\" content=\"D\u00fcnya \u00fczerinde anlat\u0131lmayan ve ger\u00e7ekle\u015fti\u011fi ne kurban ne su\u00e7lu ne de toplum taraf\u0131ndan kabul edilmeyen ve g\u00f6rmezden gelinen bir su\u00e7 var; tecav\u00fcz. Bu \u00e7ok s\u0131k ger\u00e7ekle\u015fmedi\u011fi san\u0131lan ya da asl\u0131nda \u00f6yle oldu\u011fu d\u00fc\u015f\u00fcn\u00fclmek istenen su\u00e7 asl\u0131nda ne yaz\u0131k ki hepimizin hayat\u0131nda \u00f6yle ya da b\u00f6yle yer almakta. Her 6 dakikada bir ki\u015fi tecav\u00fcze u\u011fruyor. Her [&hellip;]\" \/>\n<meta property=\"og:url\" content=\"https:\/\/narteks.net\/index.php\/2010\/04\/28\/taciz-ve-tecavuze-son-inisiyatifi\/\" \/>\n<meta property=\"og:site_name\" content=\"narteks.net\" \/>\n<meta property=\"article:published_time\" content=\"2010-04-28T10:25:23+00:00\" \/>\n<meta property=\"og:image\" content=\"http:\/\/t2.gstatic.com\/images?q=tbn:N_nufYSlsujuyM:http:\/\/www.uzmanpsikoloji.com\/wp-content\/uploads\/2009\/10\/i%C5%9Fyerinde-taciz.jpg\" \/>\n<meta name=\"author\" content=\"Tar\u0131k\" \/>\n<meta name=\"twitter:card\" content=\"summary_large_image\" \/>\n<meta name=\"twitter:creator\" content=\"@narteks\" \/>\n<meta name=\"twitter:site\" content=\"@narteks\" \/>\n<meta name=\"twitter:label1\" content=\"Yazan:\" \/>\n\t<meta name=\"twitter:data1\" content=\"Tar\u0131k\" \/>\n\t<meta name=\"twitter:label2\" content=\"Tahmini okuma s\u00fcresi\" \/>\n\t<meta name=\"twitter:data2\" content=\"5 dakika\" \/>\n<script type=\"application\/ld+json\" class=\"yoast-schema-graph\">{\"@context\":\"https:\/\/schema.org\",\"@graph\":[{\"@type\":\"Article\",\"@id\":\"https:\/\/narteks.net\/index.php\/2010\/04\/28\/taciz-ve-tecavuze-son-inisiyatifi\/#article\",\"isPartOf\":{\"@id\":\"https:\/\/narteks.net\/index.php\/2010\/04\/28\/taciz-ve-tecavuze-son-inisiyatifi\/\"},\"author\":{\"name\":\"Tar\u0131k\",\"@id\":\"https:\/\/narteks.net\/#\/schema\/person\/61f37d9834294b72d31d274e7ed79bca\"},\"headline\":\"Taciz ve Tecav\u00fcze SON ! inisiyatifi\",\"datePublished\":\"2010-04-28T10:25:23+00:00\",\"mainEntityOfPage\":{\"@id\":\"https:\/\/narteks.net\/index.php\/2010\/04\/28\/taciz-ve-tecavuze-son-inisiyatifi\/\"},\"wordCount\":1014,\"commentCount\":0,\"publisher\":{\"@id\":\"https:\/\/narteks.net\/#organization\"},\"image\":{\"@id\":\"https:\/\/narteks.net\/index.php\/2010\/04\/28\/taciz-ve-tecavuze-son-inisiyatifi\/#primaryimage\"},\"thumbnailUrl\":\"http:\/\/t2.gstatic.com\/images?q=tbn:N_nufYSlsujuyM:http:\/\/www.uzmanpsikoloji.com\/wp-content\/uploads\/2009\/10\/i%C5%9Fyerinde-taciz.jpg\",\"articleSection\":[\"Kad\u0131na Dair\"],\"inLanguage\":\"tr\",\"potentialAction\":[{\"@type\":\"CommentAction\",\"name\":\"Comment\",\"target\":[\"https:\/\/narteks.net\/index.php\/2010\/04\/28\/taciz-ve-tecavuze-son-inisiyatifi\/#respond\"]}]},{\"@type\":\"WebPage\",\"@id\":\"https:\/\/narteks.net\/index.php\/2010\/04\/28\/taciz-ve-tecavuze-son-inisiyatifi\/\",\"url\":\"https:\/\/narteks.net\/index.php\/2010\/04\/28\/taciz-ve-tecavuze-son-inisiyatifi\/\",\"name\":\"Taciz ve Tecav\u00fcze SON ! inisiyatifi - narteks.net\",\"isPartOf\":{\"@id\":\"https:\/\/narteks.net\/#website\"},\"primaryImageOfPage\":{\"@id\":\"https:\/\/narteks.net\/index.php\/2010\/04\/28\/taciz-ve-tecavuze-son-inisiyatifi\/#primaryimage\"},\"image\":{\"@id\":\"https:\/\/narteks.net\/index.php\/2010\/04\/28\/taciz-ve-tecavuze-son-inisiyatifi\/#primaryimage\"},\"thumbnailUrl\":\"http:\/\/t2.gstatic.com\/images?q=tbn:N_nufYSlsujuyM:http:\/\/www.uzmanpsikoloji.com\/wp-content\/uploads\/2009\/10\/i%C5%9Fyerinde-taciz.jpg\",\"datePublished\":\"2010-04-28T10:25:23+00:00\",\"breadcrumb\":{\"@id\":\"https:\/\/narteks.net\/index.php\/2010\/04\/28\/taciz-ve-tecavuze-son-inisiyatifi\/#breadcrumb\"},\"inLanguage\":\"tr\",\"potentialAction\":[{\"@type\":\"ReadAction\",\"target\":[\"https:\/\/narteks.net\/index.php\/2010\/04\/28\/taciz-ve-tecavuze-son-inisiyatifi\/\"]}]},{\"@type\":\"ImageObject\",\"inLanguage\":\"tr\",\"@id\":\"https:\/\/narteks.net\/index.php\/2010\/04\/28\/taciz-ve-tecavuze-son-inisiyatifi\/#primaryimage\",\"url\":\"http:\/\/t2.gstatic.com\/images?q=tbn:N_nufYSlsujuyM:http:\/\/www.uzmanpsikoloji.com\/wp-content\/uploads\/2009\/10\/i%C5%9Fyerinde-taciz.jpg\",\"contentUrl\":\"http:\/\/t2.gstatic.com\/images?q=tbn:N_nufYSlsujuyM:http:\/\/www.uzmanpsikoloji.com\/wp-content\/uploads\/2009\/10\/i%C5%9Fyerinde-taciz.jpg\"},{\"@type\":\"BreadcrumbList\",\"@id\":\"https:\/\/narteks.net\/index.php\/2010\/04\/28\/taciz-ve-tecavuze-son-inisiyatifi\/#breadcrumb\",\"itemListElement\":[{\"@type\":\"ListItem\",\"position\":1,\"name\":\"Anasayfa\",\"item\":\"https:\/\/narteks.net\/\"},{\"@type\":\"ListItem\",\"position\":2,\"name\":\"Taciz ve Tecav\u00fcze SON ! inisiyatifi\"}]},{\"@type\":\"WebSite\",\"@id\":\"https:\/\/narteks.net\/#website\",\"url\":\"https:\/\/narteks.net\/\",\"name\":\"narteks.net\",\"description\":\"K\u00fclt\u00fcr Sanat Edebiyat Felsefe\",\"publisher\":{\"@id\":\"https:\/\/narteks.net\/#organization\"},\"alternateName\":\"K\u00fclt\u00fcr Sanat Edebiyat Felsefe\",\"potentialAction\":[{\"@type\":\"SearchAction\",\"target\":{\"@type\":\"EntryPoint\",\"urlTemplate\":\"https:\/\/narteks.net\/?s={search_term_string}\"},\"query-input\":{\"@type\":\"PropertyValueSpecification\",\"valueRequired\":true,\"valueName\":\"search_term_string\"}}],\"inLanguage\":\"tr\"},{\"@type\":\"Organization\",\"@id\":\"https:\/\/narteks.net\/#organization\",\"name\":\"narteks.net\",\"url\":\"https:\/\/narteks.net\/\",\"logo\":{\"@type\":\"ImageObject\",\"inLanguage\":\"tr\",\"@id\":\"https:\/\/narteks.net\/#\/schema\/logo\/image\/\",\"url\":\"https:\/\/narteks.net\/wp-content\/uploads\/narteks.png\",\"contentUrl\":\"https:\/\/narteks.net\/wp-content\/uploads\/narteks.png\",\"width\":300,\"height\":90,\"caption\":\"narteks.net\"},\"image\":{\"@id\":\"https:\/\/narteks.net\/#\/schema\/logo\/image\/\"},\"sameAs\":[\"https:\/\/x.com\/narteks\",\"https:\/\/instagram.com\/narteksnet\"]},{\"@type\":\"Person\",\"@id\":\"https:\/\/narteks.net\/#\/schema\/person\/61f37d9834294b72d31d274e7ed79bca\",\"name\":\"Tar\u0131k\",\"image\":{\"@type\":\"ImageObject\",\"inLanguage\":\"tr\",\"@id\":\"https:\/\/narteks.net\/#\/schema\/person\/image\/\",\"url\":\"https:\/\/secure.gravatar.com\/avatar\/50865afb55632c4ae467e0af0930f6510aa2297d8014be502a55b14f3b7550cf?s=96&d=mm&r=g\",\"contentUrl\":\"https:\/\/secure.gravatar.com\/avatar\/50865afb55632c4ae467e0af0930f6510aa2297d8014be502a55b14f3b7550cf?s=96&d=mm&r=g\",\"caption\":\"Tar\u0131k\"},\"sameAs\":[\"http:\/\/narteks.net\"],\"url\":\"https:\/\/narteks.net\/index.php\/author\/narbak\/\"}]}<\/script>\n<!-- \/ Yoast SEO Premium plugin. -->","yoast_head_json":{"title":"Taciz ve Tecav\u00fcze SON ! inisiyatifi - narteks.net","robots":{"index":"index","follow":"follow","max-snippet":"max-snippet:-1","max-image-preview":"max-image-preview:large","max-video-preview":"max-video-preview:-1"},"canonical":"https:\/\/narteks.net\/index.php\/2010\/04\/28\/taciz-ve-tecavuze-son-inisiyatifi\/","og_locale":"tr_TR","og_type":"article","og_title":"Taciz ve Tecav\u00fcze SON ! inisiyatifi","og_description":"D\u00fcnya \u00fczerinde anlat\u0131lmayan ve ger\u00e7ekle\u015fti\u011fi ne kurban ne su\u00e7lu ne de toplum taraf\u0131ndan kabul edilmeyen ve g\u00f6rmezden gelinen bir su\u00e7 var; tecav\u00fcz. Bu \u00e7ok s\u0131k ger\u00e7ekle\u015fmedi\u011fi san\u0131lan ya da asl\u0131nda \u00f6yle oldu\u011fu d\u00fc\u015f\u00fcn\u00fclmek istenen su\u00e7 asl\u0131nda ne yaz\u0131k ki hepimizin hayat\u0131nda \u00f6yle ya da b\u00f6yle yer almakta. Her 6 dakikada bir ki\u015fi tecav\u00fcze u\u011fruyor. Her [&hellip;]","og_url":"https:\/\/narteks.net\/index.php\/2010\/04\/28\/taciz-ve-tecavuze-son-inisiyatifi\/","og_site_name":"narteks.net","article_published_time":"2010-04-28T10:25:23+00:00","og_image":[{"url":"http:\/\/t2.gstatic.com\/images?q=tbn:N_nufYSlsujuyM:http:\/\/www.uzmanpsikoloji.com\/wp-content\/uploads\/2009\/10\/i%C5%9Fyerinde-taciz.jpg","type":"","width":"","height":""}],"author":"Tar\u0131k","twitter_card":"summary_large_image","twitter_creator":"@narteks","twitter_site":"@narteks","twitter_misc":{"Yazan:":"Tar\u0131k","Tahmini okuma s\u00fcresi":"5 dakika"},"schema":{"@context":"https:\/\/schema.org","@graph":[{"@type":"Article","@id":"https:\/\/narteks.net\/index.php\/2010\/04\/28\/taciz-ve-tecavuze-son-inisiyatifi\/#article","isPartOf":{"@id":"https:\/\/narteks.net\/index.php\/2010\/04\/28\/taciz-ve-tecavuze-son-inisiyatifi\/"},"author":{"name":"Tar\u0131k","@id":"https:\/\/narteks.net\/#\/schema\/person\/61f37d9834294b72d31d274e7ed79bca"},"headline":"Taciz ve Tecav\u00fcze SON ! inisiyatifi","datePublished":"2010-04-28T10:25:23+00:00","mainEntityOfPage":{"@id":"https:\/\/narteks.net\/index.php\/2010\/04\/28\/taciz-ve-tecavuze-son-inisiyatifi\/"},"wordCount":1014,"commentCount":0,"publisher":{"@id":"https:\/\/narteks.net\/#organization"},"image":{"@id":"https:\/\/narteks.net\/index.php\/2010\/04\/28\/taciz-ve-tecavuze-son-inisiyatifi\/#primaryimage"},"thumbnailUrl":"http:\/\/t2.gstatic.com\/images?q=tbn:N_nufYSlsujuyM:http:\/\/www.uzmanpsikoloji.com\/wp-content\/uploads\/2009\/10\/i%C5%9Fyerinde-taciz.jpg","articleSection":["Kad\u0131na Dair"],"inLanguage":"tr","potentialAction":[{"@type":"CommentAction","name":"Comment","target":["https:\/\/narteks.net\/index.php\/2010\/04\/28\/taciz-ve-tecavuze-son-inisiyatifi\/#respond"]}]},{"@type":"WebPage","@id":"https:\/\/narteks.net\/index.php\/2010\/04\/28\/taciz-ve-tecavuze-son-inisiyatifi\/","url":"https:\/\/narteks.net\/index.php\/2010\/04\/28\/taciz-ve-tecavuze-son-inisiyatifi\/","name":"Taciz ve Tecav\u00fcze SON ! inisiyatifi - narteks.net","isPartOf":{"@id":"https:\/\/narteks.net\/#website"},"primaryImageOfPage":{"@id":"https:\/\/narteks.net\/index.php\/2010\/04\/28\/taciz-ve-tecavuze-son-inisiyatifi\/#primaryimage"},"image":{"@id":"https:\/\/narteks.net\/index.php\/2010\/04\/28\/taciz-ve-tecavuze-son-inisiyatifi\/#primaryimage"},"thumbnailUrl":"http:\/\/t2.gstatic.com\/images?q=tbn:N_nufYSlsujuyM:http:\/\/www.uzmanpsikoloji.com\/wp-content\/uploads\/2009\/10\/i%C5%9Fyerinde-taciz.jpg","datePublished":"2010-04-28T10:25:23+00:00","breadcrumb":{"@id":"https:\/\/narteks.net\/index.php\/2010\/04\/28\/taciz-ve-tecavuze-son-inisiyatifi\/#breadcrumb"},"inLanguage":"tr","potentialAction":[{"@type":"ReadAction","target":["https:\/\/narteks.net\/index.php\/2010\/04\/28\/taciz-ve-tecavuze-son-inisiyatifi\/"]}]},{"@type":"ImageObject","inLanguage":"tr","@id":"https:\/\/narteks.net\/index.php\/2010\/04\/28\/taciz-ve-tecavuze-son-inisiyatifi\/#primaryimage","url":"http:\/\/t2.gstatic.com\/images?q=tbn:N_nufYSlsujuyM:http:\/\/www.uzmanpsikoloji.com\/wp-content\/uploads\/2009\/10\/i%C5%9Fyerinde-taciz.jpg","contentUrl":"http:\/\/t2.gstatic.com\/images?q=tbn:N_nufYSlsujuyM:http:\/\/www.uzmanpsikoloji.com\/wp-content\/uploads\/2009\/10\/i%C5%9Fyerinde-taciz.jpg"},{"@type":"BreadcrumbList","@id":"https:\/\/narteks.net\/index.php\/2010\/04\/28\/taciz-ve-tecavuze-son-inisiyatifi\/#breadcrumb","itemListElement":[{"@type":"ListItem","position":1,"name":"Anasayfa","item":"https:\/\/narteks.net\/"},{"@type":"ListItem","position":2,"name":"Taciz ve Tecav\u00fcze SON ! inisiyatifi"}]},{"@type":"WebSite","@id":"https:\/\/narteks.net\/#website","url":"https:\/\/narteks.net\/","name":"narteks.net","description":"K\u00fclt\u00fcr Sanat Edebiyat Felsefe","publisher":{"@id":"https:\/\/narteks.net\/#organization"},"alternateName":"K\u00fclt\u00fcr Sanat Edebiyat Felsefe","potentialAction":[{"@type":"SearchAction","target":{"@type":"EntryPoint","urlTemplate":"https:\/\/narteks.net\/?s={search_term_string}"},"query-input":{"@type":"PropertyValueSpecification","valueRequired":true,"valueName":"search_term_string"}}],"inLanguage":"tr"},{"@type":"Organization","@id":"https:\/\/narteks.net\/#organization","name":"narteks.net","url":"https:\/\/narteks.net\/","logo":{"@type":"ImageObject","inLanguage":"tr","@id":"https:\/\/narteks.net\/#\/schema\/logo\/image\/","url":"https:\/\/narteks.net\/wp-content\/uploads\/narteks.png","contentUrl":"https:\/\/narteks.net\/wp-content\/uploads\/narteks.png","width":300,"height":90,"caption":"narteks.net"},"image":{"@id":"https:\/\/narteks.net\/#\/schema\/logo\/image\/"},"sameAs":["https:\/\/x.com\/narteks","https:\/\/instagram.com\/narteksnet"]},{"@type":"Person","@id":"https:\/\/narteks.net\/#\/schema\/person\/61f37d9834294b72d31d274e7ed79bca","name":"Tar\u0131k","image":{"@type":"ImageObject","inLanguage":"tr","@id":"https:\/\/narteks.net\/#\/schema\/person\/image\/","url":"https:\/\/secure.gravatar.com\/avatar\/50865afb55632c4ae467e0af0930f6510aa2297d8014be502a55b14f3b7550cf?s=96&d=mm&r=g","contentUrl":"https:\/\/secure.gravatar.com\/avatar\/50865afb55632c4ae467e0af0930f6510aa2297d8014be502a55b14f3b7550cf?s=96&d=mm&r=g","caption":"Tar\u0131k"},"sameAs":["http:\/\/narteks.net"],"url":"https:\/\/narteks.net\/index.php\/author\/narbak\/"}]}},"_links":{"self":[{"href":"https:\/\/narteks.net\/index.php\/wp-json\/wp\/v2\/posts\/4527","targetHints":{"allow":["GET"]}}],"collection":[{"href":"https:\/\/narteks.net\/index.php\/wp-json\/wp\/v2\/posts"}],"about":[{"href":"https:\/\/narteks.net\/index.php\/wp-json\/wp\/v2\/types\/post"}],"author":[{"embeddable":true,"href":"https:\/\/narteks.net\/index.php\/wp-json\/wp\/v2\/users\/1"}],"replies":[{"embeddable":true,"href":"https:\/\/narteks.net\/index.php\/wp-json\/wp\/v2\/comments?post=4527"}],"version-history":[{"count":0,"href":"https:\/\/narteks.net\/index.php\/wp-json\/wp\/v2\/posts\/4527\/revisions"}],"wp:attachment":[{"href":"https:\/\/narteks.net\/index.php\/wp-json\/wp\/v2\/media?parent=4527"}],"wp:term":[{"taxonomy":"category","embeddable":true,"href":"https:\/\/narteks.net\/index.php\/wp-json\/wp\/v2\/categories?post=4527"},{"taxonomy":"post_tag","embeddable":true,"href":"https:\/\/narteks.net\/index.php\/wp-json\/wp\/v2\/tags?post=4527"}],"curies":[{"name":"wp","href":"https:\/\/api.w.org\/{rel}","templated":true}]}}