{"id":453,"date":"2009-03-13T23:11:42","date_gmt":"2009-03-13T20:11:42","guid":{"rendered":"http:\/\/localhost\/wordpress\/2009\/03\/13\/sefil-baykus\/"},"modified":"2009-03-13T23:11:42","modified_gmt":"2009-03-13T20:11:42","slug":"sefil-baykus","status":"publish","type":"post","link":"https:\/\/narteks.net\/index.php\/2009\/03\/13\/sefil-baykus\/","title":{"rendered":"Sefil Bayku\u015f"},"content":{"rendered":"<p style=\"text-align: left;\"><span style=\"font-size: 14pt;\"><strong>Sefil Bayku\u015f <\/strong><\/span><\/p>\n<p>Sefil bayku\u015f ne yatars\u0131n bu yerde <br \/>Yok mudur vatan\u0131n illerin hani<\/p>\n<p>Hani ya! B\u00fclb\u00fcl gibi \u015fak\u0131yan; a\u015fk\u0131 g\u00f6zlerden okuyan dillerin hani?.. Hey gidi onbe\u015f ya\u015f\u0131n Suna&#8217;s\u0131 hey ! . Topra\u011fa girecek ya\u015f m\u0131 bu ! ..<\/p>\n<p>Var\u0131p t\u00fcrk\u00fcye sorsan &#8220;Ey t\u00fcrk\u00fc nedir bu Sefil Bayku\u015f \u00f6yk\u00fcs\u00fc&#8230; neyin nesi bu Suna k\u0131z&#8221;. T\u00fcrk\u00fc dillenir. \u00d6yk\u00fcler meseleyi.<\/p>\n<p>Recep derler bir gen\u00e7 vard\u0131, Kars&#8217;\u0131n Ka\u011f\u0131zman&#8217;\u0131nda Recep&#8217;in babas\u0131 A\u011fa Dede adl\u0131 bir ren\u00e7berdi. O\u011flunun okuma-yazma ya\u015f\u0131na gelince, Haf\u0131z L\u00fctfi Efendi&#8217;ye yollad\u0131 onu. Eskiden nerde \u015fimdiki okullar. Varsa yoksa medreseler. \u0130\u015fte Recep&#8217;te g\u00f6zlerini Haf\u0131z L\u00fctfi Efendi&#8217;nin medresesinde a\u00e7t\u0131 \u00e7evreye.. Sesi g\u00fczel oldu\u011fu i\u00e7in de hocas\u0131 onu \u00e7ok seviyordu. Recep oniki ya\u015f\u0131na gelince, medresede ders vermeye ba\u015flad\u0131. \u0130yi, ho\u015f ama, Ya\u015f\u0131n\u0131n da ergenli\u011fe ge\u00e7i\u015f d\u00f6nemi: \u00d6\u011frenciler aras\u0131nda k\u0131zlar da var. Hele bunlar aras\u0131nda emmisinin k\u0131z\u0131 Suna var ki, bir i\u00e7im su.. Suna da onun ya\u015flar\u0131nda, \u00e7ocuk daha. Ama, Recep&#8217;in ilgisini anl\u0131yor. \u0130\u00e7ten i\u00e7ten de bo\u015f de\u011fil Recep&#8217;e. Recep derseniz g\u00fcnden g\u00fcne tutuluyor Suna&#8217;ya. Uykular\u0131 ka\u00e7ar oluyor, rahat, huzur hak getire. Medreseyi terkedip, da\u011flara d\u00fc\u015f\u00fcyor. Elinde saz\u0131, \u00e7al\u0131p; s\u00f6yl\u00fcyor. Yakt\u0131\u011f\u0131 t\u00fcrk\u00fcler de hep Suna&#8217;n\u0131n \u00fcst\u00fcne. derken, mesele Recep&#8217;in babas\u0131n\u0131n kula\u011f\u0131na gidiyor. Babas\u0131 olgun adam..Var\u0131p Sun\u00e2 n\u0131n babas\u0131na a\u00e7\u0131yor konuyu. &#8220;Valla karde\u015f durum b\u00f6yleyken b\u00f6yle bizim o\u011flan deli divana. Da\u011flara d\u00fc\u015ft\u00fc. Suna der de ba\u015fka bir\u015fey demez&#8230;. Allah k\u0131smet etmi\u015fse, ba\u015f-g\u00f6z edelim \u00e7ocuklar\u0131. Elin ak\u0131ll\u0131s\u0131ndan, bizim delimiz iyidir&#8221; diyor.<\/p>\n<p>Suna&#8217;n\u0131n babas\u0131 dinliyor karde\u015fini. Sonra da: &#8220;\u0130yi ya karda\u015f\u0131m. An\u015fa evdeyken, Suna&#8217;y\u0131 nas\u0131l veririm. Elalem ne der. B\u00fcy\u00fc\u011f\u00fc dururken, k\u00fc\u00e7\u00fc\u011f\u00fcn\u00fc verdi. T\u00f6relere kar\u015f\u0131 geldi demezler mi? Suna olaca\u011f\u0131na, An\u015fa olsun&#8221; der. Recep&#8217;in babas\u0131 ilkin h\u0131k-m\u0131k eder, sonra da: &#8220;Gen\u00e7tir. \u00c7abuk unutur. EI k\u0131z\u0131 gelece\u011fine, An\u015fa olsun&#8221; der. Eee devir eski devir, t\u00f6reler bask\u0131r\u0131. Emmio\u011flu, emmik\u0131z\u0131yla evlenecek. Onunda ilkin b\u00fcy\u00fc\u011f\u00fc gelin olacak. Kim ne der. Haber Recep&#8217;in kula\u011f\u0131na gelince, vurulmu\u015fa d\u00f6ner&#8230; Ama, a\u011fz\u0131n\u0131 a\u00e7\u0131p da babas\u0131n\u0131n karar\u0131na kar\u015f\u0131 gelmek ne haddine, boynunu b\u00fck\u00fcp oturur. Suna derseniz, olanlardan habersiz. Ona kalsa, \u00f6m\u00fcr boyu bekleyecek Recep&#8217;i. &#8220;An\u015fa evlenir giderse s\u0131ra bana gelir. Bende Recep&#8217;e var\u0131r\u0131m&#8221; hesap ediyor Suna. Ama, i\u015f a\u00e7\u0131\u011fa \u00e7\u0131k\u0131p durumu \u00f6\u011frenince iki g\u00f6\u0131\u00fc, iki \u00e7e\u015fme Suna&#8217;n\u0131n. A\u011flamak i\u00e7in kenar k\u00f6\u015fe anyor. Sonra da iki elinin aras\u0131na al\u0131yor ba\u015f\u0131n\u0131. Hayk\u0131ra hayk\u0131ra a\u011fl\u0131yor. Ba\u015fka da bir\u015fey gelmiyor elinden. &#8220;Hay\u0131r Recep beni istiyor, ben de Recep&#8217;i&#8221; dese, kim dinler. \u00dcstelik elaleme rezil olur. Babas\u0131n\u0131n anas\u0131n\u0131n da y\u00fcz\u00fcne bakamaz. Boynunu b\u00fck\u00fcp bekliyor.<\/p>\n<p>Uzun s\u00f6z\u00fcn k\u0131sas\u0131, Recep&#8217;le An\u015fa&#8217;n\u0131n d\u00fc\u011f\u00fcn\u00fc yap\u0131l\u0131yor. Ba\u015fg\u00f6z olup \u00e7ekiliyorlar evlerine. Ama, nerde Suna; nerde An\u015fa. Recep&#8217;in g\u00f6nl\u00fc illaki Suna diyor. Kimseye belli etmek istemiyor. \u0130\u00e7ini t\u00fcrk\u00fclerle d\u00f6k\u00fcyor, dertli dertli \u00e7al\u0131p, t\u00fcrk\u00fcler yak\u0131yor Suna&#8217;ya. Gece g\u00fcnd\u00fcz demeyip, da\u011f-bay\u0131r; ova yayla dola\u015f\u0131p duruyor. Medreseyi de, haf\u0131zl\u0131\u011f\u0131 da b\u0131rak\u0131yor&#8230; Bir tek &#8220;H\u0131fz\u0131&#8221; takma ad\u0131 kal\u0131yor haf\u0131zl\u0131\u011f\u0131ndan. T\u00fcrk\u00fcleri de dilden dile dola\u015fmaya ba\u015fl\u0131yor. Duyan duymayana; bilen bilmeyene s\u00f6yl\u00fcyor.~Ka\u011f\u0131zman&#8217;l\u0131 H\u0131fz\u0131&#8217;n\u0131n t\u00fcrk\u00fclerini.<\/p>\n<p>Suna derseniz i\u00e7ine kapan\u0131k. Arada bir ablas\u0131na gitti\u011finde g\u00f6r\u00fcyor H\u0131fz\u0131&#8217;y\u0131. O kadar!.. Onda da dertlenip d\u00f6n\u00fcyor eve. \u0130\u00e7ine at\u0131yor hep. H\u0131fz\u0131, Suna&#8217;y\u0131 alsa ka\u00e7sa; t\u00f6reler! hl\u00e2ki babas\u0131n\u0131n, emmisinin \u015ferefi. Bak\u0131yor oluru yok, Sun\u00e2 s\u0131z ya\u015famak zor, \u00e7areyi gurbette anyor. &#8220;Al\u0131r ba\u015f\u0131m\u0131 giderim. Olaki unuturum. G\u00f6zden \u0131rak olan, g\u00f6n\u00fclden de olurmu\u015f&#8221; diye teselliyi gurbette aramaya \u00e7\u0131k\u0131yor. Babas\u0131na da ge\u00e7imi sebep g\u00f6steriyor. &#8220;Baba bu ge\u00e7imle iki ay ba\u015f edemez. Ben An\u015fa&#8217;y\u0131 al\u0131p gurbete gidiyorum. \u00dc\u00e7-be\u015f kuru\u015f biriktirir d\u00f6neriz&#8221; diyor. Babas\u0131 kar\u015f\u0131 koymak istiyorsa da H\u0131fz\u0131 kararl\u0131. \u00c7ok ge\u00e7meden de y\u00fck\u00fcn\u00fc s\u0131rtlay\u0131p, yollara d\u00fc\u015f\u00fcyor. \u015eura senin, bura benim. Vara vara \u00c7ukurova&#8217;ya var\u0131yorlar. Topra\u011f\u0131 bereketlidir \u00c7ukurova&#8217;n\u0131n diye duymu\u015ftur. Gidip bir \u00e7iftli\u011fe yerle\u015fiyorlar. Ufak tefek i\u015flerine bak\u0131yorlar \u00e7iftli\u011fin. Kendisi at arabas\u0131n\u0131 s\u00fcriiyor. Tarlaya gidip geliyor. Ekim dikimle u\u011fra\u015f\u0131yor. An\u015fa da, \u00e7iftlikte yemek yap\u0131yor, ortal\u0131\u011f\u0131 temizliyor. \u0130nek sa\u011f\u0131yor. Ge\u00e7inip gidiyorlar. \u0130yi. Ho\u015f. Ama, Suna akl\u0131ndan \u00e7\u0131km\u0131yor H\u0131fz\u0131&#8217;n\u0131n. Unuturum diye \u00e7\u0131kt\u0131\u011f\u0131 gurbet, daha \u00e7ok yak\u0131yor i\u00e7ini. R\u00fcyalar\u0131na giriyor Suna. Derdini bir tek kaval\u0131na anlat\u0131yor. An\u015fa hi\u00e7 bir \u015fey anlam\u0131yor. A\u011fz\u0131n\u0131 a\u00e7\u0131p iki \u00e7ift laf etmiyor zaten H\u0131fz\u0131&#8217;yla. \u0130ki yabanc\u0131 gibiler evde. Bunlar b\u00f6yleyken, acaba Suna ne yapar? Suna ne durumdad\u0131r? Haberi Suna&#8217;dan verek.<\/p>\n<p>H\u0131fz\u0131 Ka\u011f\u0131zman&#8217;dan \u00e7\u0131k\u0131p gurbet yoluna d\u00fc\u015f\u00fcnce, Suna&#8217;n\u0131n i\u00e7ini de kurt kemirmeye ba\u015flad\u0131. Eriyip akmaya ba\u015flad\u0131 Suna. Yanaklar\u0131ndaki on be\u015f ya\u015f\u0131n pembeli\u011fi, yerini, limon rengine b\u0131rakt\u0131 yava\u015f yava\u015f. Sarar\u0131p soldu Suna. \u0130la\u00e7t\u0131 yat\u0131rd\u0131 bo\u015f!. . Kimse \u00e7are olamad\u0131 Suna&#8217;n\u0131n derdine. Bir de \u015fu var; ya\u015fl\u0131lardan baz\u0131s\u0131 ancak evlenirse iyile\u015fir bu, diyor. \u0130steyeni de \u00e7ok Suna&#8217;n\u0131n. Babas\u0131 uygun birini kestirip, i\u015fini bitirdi. Kimse de Sun\u00e2 ya bir \u015fey sormad\u0131. Bir yandan, s\u0131rt\u0131 kesiliyor, d\u00fc\u011f\u00fcn haz\u0131rl\u0131\u011f\u0131 yap\u0131l\u0131yor; \u00f6teki yandan derdine \u00e7are aran\u0131yor Suna&#8217;n\u0131n. K\u00fct k\u00fct \u00f6ks\u00fcr\u00fcyor, so\u011fuk so\u011fuk terliyor Suna. Kimsenin olmad\u0131\u011f\u0131 yerlere \u00e7ekilip i\u00e7in i\u00e7in de a\u011fl\u0131yor. O kadar. Bir tek r\u00fcyalarda teselli buluyor. R\u00fcyalar\u0131nda H\u0131fz\u0131&#8217;y\u0131 g\u00f6r\u00fcyor hep. Ku\u015f olup u\u00e7uyor H\u0131fz\u0131. Gelip evin bah\u00e7esine konuyor. Sonra kocaman kanatlar\u0131n\u0131 vurup iniyor a\u015fa\u011f\u0131 kapt\u0131\u011f\u0131 gibi havalara u\u00e7uyor Suna&#8217;y\u0131. Suna da kollar\u0131n\u0131 kanat gibi \u00e7arp\u0131yor. O da H\u0131fz\u0131&#8217;yla u\u00e7uyor. Da\u011flar\u0131 ovalar\u0131 ge\u00e7ip, g\u00f6zden kayboluyorlar. Sonra \u0131l\u0131k bir ter bas\u0131yor yeniden. A\u00e7\u0131yor g\u00f6zlerini a\u011fl\u0131yor a\u011fl\u0131yor.<\/p>\n<p>Uzun s\u00f6z\u00fcn k\u0131sas\u0131; ince hastal\u0131k yak\u0131p kavuruyor Suna&#8217;y\u0131.. G\u00fcn g\u00fcne de eriyip ak\u0131yor. Bir deri, bir kemik kal\u0131yor&#8230; \u00d6te yandan d\u00fc\u011f\u00fcn g\u00fcn\u00fc de gelip \u00e7at\u0131yor&#8230; Bir yanda saz s\u00f6z; bir yanda davul zurna. Yeniyor i\u00e7iliyor. Buz gibi \u015ferbetler da\u011f\u0131t\u0131l\u0131yor&#8230; Gelinlik elbisesi de \u00e7ok yak\u0131\u015f\u0131yor Suna&#8217;ya. D\u00fc\u011f\u00fcn\u00fcn ikinci gecesinde Suna yataklarda.. Bak\u0131yorlar olacak gibi de\u011fil, erteliyorlar d\u00fc\u011f\u00fcn\u00fc. Suna&#8217;n\u0131n son yata\u011fa d\u00fc\u015f\u00fc\u015f\u00fc oluyor bu. Bir daha \u00e7\u0131kam\u0131yor yataktan. H\u0131fz\u0131&#8217;n\u0131n ad\u0131n\u0131 say\u0131klaya say\u0131klaya, son nefesini veriyor. Evin \u015fenli\u011fi, yasa d\u00f6n\u00fcyor. Gelinlik elbiseleriyle koyuyorlar mezara Suna&#8217;y\u0131. Ba\u015f\u0131na da &#8220;Murad almam\u0131\u015f gelin&#8221; diye yaz\u0131yorlar.<\/p>\n<p>Suna&#8217;n\u0131n son nefesini verdi\u011fi gece, H\u0131fz\u0131 sabaha kadar uyuyam\u0131yor. Kan ter i\u00e7inde d\u00f6n\u00fcp duruyor yata\u011f\u0131nda. G\u00f6zlerinde Suna&#8217;n\u0131n hayali. &#8220;tez gel&#8221; diye yalvar\u0131yor. G\u00f6zlerini kapasa, r\u00fcyas\u0131nda Suna. Sabah\u0131 iple \u00e7ekiyor H\u0131fz\u0131. Sabah\u0131n erkeninde kalk\u0131p, An\u015fa&#8217;ya: &#8220;Tez haz\u0131rlan memlekete d\u00f6nece\u011fiz. Zaten gurbetin hayr\u0131 yok. Elimiz g\u00f6r\u00fcyor, cebimiz g\u00f6rm\u00fcyor. Hasretlik de cabas\u0131&#8221;. Var\u0131p \u00e7iftlik sahibine anlat\u0131yor durumu. Tez elden yola \u00e7\u0131k\u0131yorlar. \u015eura senin; bura benim. G\u00fcnlerce yol tepip, ula\u015f\u0131yorlar Ka\u011f\u0131zman&#8217;a. Tez var\u0131p Suna&#8217;y\u0131 soruyor H\u0131fz\u0131. A\u011flayarak durumu anlat\u0131yorlar&#8230; Oldu\u011fu yere y\u0131k\u0131l\u0131yor H\u0131fz\u0131. Ba\u015f\u0131 ellerinin aras\u0131nda, saatlerce a\u011fl\u0131yor. Sonra saz\u0131n\u0131 al\u0131p, Suna&#8217;n\u0131n mezar\u0131na gidiyor. Mezar ta\u015f\u0131na bir bayku\u015f konmu\u015f, figan etmektedir. Bir kenara da H\u0131fz\u0131 \u00e7ekilir&#8230;. Vurur saz\u0131n tellerine.<\/p>\n<p>Sefil bayku\u015f ne gezersin bu yerde <br \/>Yok mudur vatan\u0131n illerin hani <br \/>K\u00fcsm\u00fc\u015f m\u00fcs\u00fcn selam\u0131m\u0131 almazs\u0131n <br \/>\u015eeyda b\u00fclb\u00fcl gibi dillerin hani<\/p>\n<p>Ecel tuza\u011f\u0131n\u0131 a\u00e7amaz m\u0131s\u0131n <br \/>A\u00e7\u0131p da i\u00e7inden ka\u00e7amaz m\u0131s\u0131n <br \/>Azat eyleseler u\u00e7amaz m\u0131s\u0131n <br \/>K\u0131r\u0131k m\u0131 kanad\u0131n kollar\u0131n hani<\/p>\n<p>A\u00e7 m\u0131s\u0131n, yok mudur ekme\u011fin a\u015f\u0131n <br \/>Odan ne karanl\u0131k, yok mu ata\u015f\u0131n <br \/>Hanidir g\u00fcveyin, hani yolda\u015f\u0131n <br \/>Hani kap\u0131n bacan, yollar\u0131n hani<\/p>\n<p>Kara yerde mor menev\u015fe biter mi <br \/>Yaz baharda ishak ku\u015fu \u00f6ter mi <br \/>Bah\u00e7ede al\u0131\u015fan, \u00e7\u00f6lde yatar m\u0131 <br \/>Uyan garip b\u00fclb\u00fcl g\u00fcllerin hani<\/p>\n<p>Burda yorgan d\u00f6\u015fek, yast\u0131k var m\u0131d\u0131r <br \/>Bu geni\u015f d\u00fcnyada yerin dar m\u0131d\u0131r <br \/>Dal\u0131n tahta duvar, \u00f6n\u00fcn yar m\u0131d\u0131r <br \/>Ye\u015fil ba\u015fl\u0131 Suna&#8217;m g\u00fcllerin hani<\/p>\n<p>K\u00f6rpe maral idin da\u011flar\u0131m\u0131zda <br \/>Dolan\u0131rd\u0131n solu sa\u011flar\u0131m\u0131zda <br \/>Taze fidan idin ba\u011flar\u0131m\u0131zda <br \/>Felek mi budad\u0131 dallar\u0131n hani<\/p>\n<p>D\u00fc\u011f\u00fcn\u00fcnde ac\u0131 \u015ferbet i\u00e7ildi <br \/>Gelinlik esvab\u0131n dar m\u0131 bi\u00e7ildi <br \/>\u0130likle d\u00fc\u011fmele g\u00f6\u011fs\u00fcn a\u00e7\u0131ld\u0131 <br \/>N&#8217;oldu kemer-beste belleri hani<\/p>\n<p>Al\u0131\u015fm\u0131\u015f ka\u015flar\u0131n var m\u0131 karas\u0131 <br \/>Ala idi g\u00f6zlerinin binas\u0131 <br \/>Kocald\u0131n m\u0131 on be\u015f ya\u015f\u0131n Suna&#8217;s\u0131 <br \/>Yok mudur takatin, hallerin hani<\/p>\n<p>A\u00e7 kap\u0131y\u0131 emmim k\u0131z\u0131 gireyim <br \/>Hasta m\u0131s\u0131n halin sual edeyim <br \/>Susuz de\u011fil misin bir su vereyim <br \/>\u00c7aylarda \u00e7alkanan seslerin hani<\/p>\n<p>Yatars\u0131n gaflette gams\u0131z kaygusuz <br \/>Ninni balam ninni kalma uykusuz<br \/>Hem garip hem \u00e7\u0131plak, hem a\u00e7 hem susuz <br \/>Felek fukaras\u0131 mallar\u0131n hani<\/p>\n<p>Her gelip ge\u00e7tik\u00e7e selam vereyim <br \/>Ni\u015fangah ta\u015f\u0131na y\u00fczler s\u00fcreyim <br \/>Kald\u0131r nikab\u0131n\u0131 y\u00fcz\u00fcn g\u00f6reyim <br \/>Ne \u00e7ok sararm\u0131\u015fs\u0131n allar\u0131n hani<\/p>\n<p>Civan da can\u0131na b\u00f6yle k\u0131yar m\u0131 <br \/>Hasta ba\u015f\u0131n ta\u015f yast\u0131\u011fa koyar m\u0131 <br \/>Ergen k\u0131za beyaz bezler uyar m\u0131 <br \/>Al giy all\u0131, balam \u015fallar\u0131n hani<\/p>\n<p>Daha seyrangaha \u00e7\u0131karmaz m\u0131s\u0131n <br \/>\u00c7\u0131k\u0131p da da\u011flara bakamaz m\u0131s\u0131n <br \/>Kald\u0131rsam aya\u011fa, kalkamaz m\u0131s\u0131n <br \/>Ver bana tutay\u0131m ellerin hani<\/p>\n<p>Bir kuzu koyundan, ayr\u0131 ki durdu <br \/>Yemez mi da\u011flar\u0131n ku\u015fiyle kurdu <br \/>Katardan ayr\u0131ld\u0131n, \u015fahin mi vurdu <br \/>Turnam, teleklerin tellerin hani<\/p>\n<p>Sen de H\u0131fz\u0131 gibi tezden uyand\u0131n <br \/>Uyand\u0131n da ta\u015f yast\u0131\u011fa dayand\u0131n <br \/>Asl\u0131 han\u0131m gibi kavruldun yand\u0131m <br \/>Yeller mi savurdu, k\u00fcllerin hani<\/p>\n<p>H\u0131fz\u0131 sorar da Suna durur mu? Suna&#8217;n\u0131n cevab\u0131n\u0131 da \u015f\u00f6yle dillendirir halk\u0131m\u0131z:<\/p>\n<p>Emmio\u011flu k\u00fcsmemi\u015fim ben senden <br \/>\u00d6l\u00fcm lal eyledi, dillerim yoktur <br \/>E\u011fdi kametimi, b\u00fckt\u00fc belimi <br \/>Kalkamam aya\u011fa hallerim yoktur<\/p>\n<p>Haber edin ku\u015flar \u00e7eksin yas\u0131m\u0131 <br \/>Yuva yaps\u0131n p\u00fcsk\u00fcl\u00fcm\u00fc gesimi <br \/>Koymad\u0131lar dolduray\u0131m tas\u0131m\u0131 <br \/>Havuzdan ayr\u0131ld\u0131m, sellerim yoktur<\/p>\n<p>Bende H\u0131fz\u0131 gibi tezden uyand\u0131m <br \/>Uyand\u0131m da ta\u015f yast\u0131\u011fa dayand\u0131m <br \/>Asl\u0131 Han\u0131m gibi, kavruldum yand\u0131m <br \/>Sam yeli savurdu, k\u00fcllerim yoktur<\/p>\n<p>Kaynak:<br \/>Ya\u015far \u00d6z\u00fcrk\u00fct <br \/>T\u00fcrk\u00fclerin Dili\u00a0 <br \/>Ankara K\u00fclt\u00fcr Kurumu Yay\u0131nlar\u0131<br \/>Stockholm 1987<\/p>\n","protected":false},"excerpt":{"rendered":"<p>Sefil Bayku\u015f Sefil bayku\u015f ne yatars\u0131n bu yerde Yok mudur vatan\u0131n illerin hani Hani ya! B\u00fclb\u00fcl gibi \u015fak\u0131yan; a\u015fk\u0131 g\u00f6zlerden okuyan dillerin hani?.. Hey gidi onbe\u015f ya\u015f\u0131n Suna&#8217;s\u0131 hey ! . Topra\u011fa girecek ya\u015f m\u0131 bu ! .. Var\u0131p t\u00fcrk\u00fcye sorsan &#8220;Ey t\u00fcrk\u00fc nedir bu Sefil Bayku\u015f \u00f6yk\u00fcs\u00fc&#8230; neyin nesi bu Suna k\u0131z&#8221;. T\u00fcrk\u00fc dillenir. [&hellip;]<\/p>\n","protected":false},"author":1,"featured_media":0,"comment_status":"open","ping_status":"open","sticky":false,"template":"","format":"standard","meta":{"footnotes":""},"categories":[55],"tags":[],"class_list":{"0":"post-453","1":"post","2":"type-post","3":"status-publish","4":"format-standard","6":"category-oykuleriyle-turkuler"},"yoast_head":"<!-- This site is optimized with the Yoast SEO Premium plugin v24.9 (Yoast SEO v24.9) - https:\/\/yoast.com\/wordpress\/plugins\/seo\/ -->\n<title>Sefil Bayku\u015f - narteks.net<\/title>\n<meta name=\"robots\" content=\"index, follow, max-snippet:-1, max-image-preview:large, max-video-preview:-1\" \/>\n<link rel=\"canonical\" href=\"https:\/\/narteks.net\/index.php\/2009\/03\/13\/sefil-baykus\/\" \/>\n<meta property=\"og:locale\" content=\"tr_TR\" \/>\n<meta property=\"og:type\" content=\"article\" \/>\n<meta property=\"og:title\" content=\"Sefil Bayku\u015f\" \/>\n<meta property=\"og:description\" content=\"Sefil Bayku\u015f Sefil bayku\u015f ne yatars\u0131n bu yerde Yok mudur vatan\u0131n illerin hani Hani ya! B\u00fclb\u00fcl gibi \u015fak\u0131yan; a\u015fk\u0131 g\u00f6zlerden okuyan dillerin hani?.. Hey gidi onbe\u015f ya\u015f\u0131n Suna&#8217;s\u0131 hey ! . Topra\u011fa girecek ya\u015f m\u0131 bu ! .. Var\u0131p t\u00fcrk\u00fcye sorsan &#8220;Ey t\u00fcrk\u00fc nedir bu Sefil Bayku\u015f \u00f6yk\u00fcs\u00fc&#8230; neyin nesi bu Suna k\u0131z&#8221;. T\u00fcrk\u00fc dillenir. [&hellip;]\" \/>\n<meta property=\"og:url\" content=\"https:\/\/narteks.net\/index.php\/2009\/03\/13\/sefil-baykus\/\" \/>\n<meta property=\"og:site_name\" content=\"narteks.net\" \/>\n<meta property=\"article:published_time\" content=\"2009-03-13T20:11:42+00:00\" \/>\n<meta property=\"og:image\" content=\"https:\/\/narteks.net\/wp-content\/uploads\/narteks.png\" \/>\n\t<meta property=\"og:image:width\" content=\"300\" \/>\n\t<meta property=\"og:image:height\" content=\"90\" \/>\n\t<meta property=\"og:image:type\" content=\"image\/png\" \/>\n<meta name=\"author\" content=\"Tar\u0131k\" \/>\n<meta name=\"twitter:card\" content=\"summary_large_image\" \/>\n<meta name=\"twitter:creator\" content=\"@narteks\" \/>\n<meta name=\"twitter:site\" content=\"@narteks\" \/>\n<meta name=\"twitter:label1\" content=\"Yazan:\" \/>\n\t<meta name=\"twitter:data1\" content=\"Tar\u0131k\" \/>\n\t<meta name=\"twitter:label2\" content=\"Tahmini okuma s\u00fcresi\" \/>\n\t<meta name=\"twitter:data2\" content=\"10 dakika\" \/>\n<script type=\"application\/ld+json\" class=\"yoast-schema-graph\">{\"@context\":\"https:\/\/schema.org\",\"@graph\":[{\"@type\":\"Article\",\"@id\":\"https:\/\/narteks.net\/index.php\/2009\/03\/13\/sefil-baykus\/#article\",\"isPartOf\":{\"@id\":\"https:\/\/narteks.net\/index.php\/2009\/03\/13\/sefil-baykus\/\"},\"author\":{\"name\":\"Tar\u0131k\",\"@id\":\"https:\/\/narteks.net\/#\/schema\/person\/61f37d9834294b72d31d274e7ed79bca\"},\"headline\":\"Sefil Bayku\u015f\",\"datePublished\":\"2009-03-13T20:11:42+00:00\",\"mainEntityOfPage\":{\"@id\":\"https:\/\/narteks.net\/index.php\/2009\/03\/13\/sefil-baykus\/\"},\"wordCount\":1947,\"commentCount\":0,\"publisher\":{\"@id\":\"https:\/\/narteks.net\/#organization\"},\"articleSection\":[\"\u00d6yk\u00fcleriyle T\u00fcrk\u00fcler\"],\"inLanguage\":\"tr\",\"potentialAction\":[{\"@type\":\"CommentAction\",\"name\":\"Comment\",\"target\":[\"https:\/\/narteks.net\/index.php\/2009\/03\/13\/sefil-baykus\/#respond\"]}]},{\"@type\":\"WebPage\",\"@id\":\"https:\/\/narteks.net\/index.php\/2009\/03\/13\/sefil-baykus\/\",\"url\":\"https:\/\/narteks.net\/index.php\/2009\/03\/13\/sefil-baykus\/\",\"name\":\"Sefil Bayku\u015f - narteks.net\",\"isPartOf\":{\"@id\":\"https:\/\/narteks.net\/#website\"},\"datePublished\":\"2009-03-13T20:11:42+00:00\",\"breadcrumb\":{\"@id\":\"https:\/\/narteks.net\/index.php\/2009\/03\/13\/sefil-baykus\/#breadcrumb\"},\"inLanguage\":\"tr\",\"potentialAction\":[{\"@type\":\"ReadAction\",\"target\":[\"https:\/\/narteks.net\/index.php\/2009\/03\/13\/sefil-baykus\/\"]}]},{\"@type\":\"BreadcrumbList\",\"@id\":\"https:\/\/narteks.net\/index.php\/2009\/03\/13\/sefil-baykus\/#breadcrumb\",\"itemListElement\":[{\"@type\":\"ListItem\",\"position\":1,\"name\":\"Anasayfa\",\"item\":\"https:\/\/narteks.net\/\"},{\"@type\":\"ListItem\",\"position\":2,\"name\":\"Sefil Bayku\u015f\"}]},{\"@type\":\"WebSite\",\"@id\":\"https:\/\/narteks.net\/#website\",\"url\":\"https:\/\/narteks.net\/\",\"name\":\"narteks.net\",\"description\":\"K\u00fclt\u00fcr Sanat Edebiyat Felsefe\",\"publisher\":{\"@id\":\"https:\/\/narteks.net\/#organization\"},\"alternateName\":\"K\u00fclt\u00fcr Sanat Edebiyat Felsefe\",\"potentialAction\":[{\"@type\":\"SearchAction\",\"target\":{\"@type\":\"EntryPoint\",\"urlTemplate\":\"https:\/\/narteks.net\/?s={search_term_string}\"},\"query-input\":{\"@type\":\"PropertyValueSpecification\",\"valueRequired\":true,\"valueName\":\"search_term_string\"}}],\"inLanguage\":\"tr\"},{\"@type\":\"Organization\",\"@id\":\"https:\/\/narteks.net\/#organization\",\"name\":\"narteks.net\",\"url\":\"https:\/\/narteks.net\/\",\"logo\":{\"@type\":\"ImageObject\",\"inLanguage\":\"tr\",\"@id\":\"https:\/\/narteks.net\/#\/schema\/logo\/image\/\",\"url\":\"https:\/\/narteks.net\/wp-content\/uploads\/narteks.png\",\"contentUrl\":\"https:\/\/narteks.net\/wp-content\/uploads\/narteks.png\",\"width\":300,\"height\":90,\"caption\":\"narteks.net\"},\"image\":{\"@id\":\"https:\/\/narteks.net\/#\/schema\/logo\/image\/\"},\"sameAs\":[\"https:\/\/x.com\/narteks\",\"https:\/\/instagram.com\/narteksnet\"]},{\"@type\":\"Person\",\"@id\":\"https:\/\/narteks.net\/#\/schema\/person\/61f37d9834294b72d31d274e7ed79bca\",\"name\":\"Tar\u0131k\",\"image\":{\"@type\":\"ImageObject\",\"inLanguage\":\"tr\",\"@id\":\"https:\/\/narteks.net\/#\/schema\/person\/image\/\",\"url\":\"https:\/\/secure.gravatar.com\/avatar\/50865afb55632c4ae467e0af0930f6510aa2297d8014be502a55b14f3b7550cf?s=96&d=mm&r=g\",\"contentUrl\":\"https:\/\/secure.gravatar.com\/avatar\/50865afb55632c4ae467e0af0930f6510aa2297d8014be502a55b14f3b7550cf?s=96&d=mm&r=g\",\"caption\":\"Tar\u0131k\"},\"sameAs\":[\"http:\/\/narteks.net\"],\"url\":\"https:\/\/narteks.net\/index.php\/author\/narbak\/\"}]}<\/script>\n<!-- \/ Yoast SEO Premium plugin. -->","yoast_head_json":{"title":"Sefil Bayku\u015f - narteks.net","robots":{"index":"index","follow":"follow","max-snippet":"max-snippet:-1","max-image-preview":"max-image-preview:large","max-video-preview":"max-video-preview:-1"},"canonical":"https:\/\/narteks.net\/index.php\/2009\/03\/13\/sefil-baykus\/","og_locale":"tr_TR","og_type":"article","og_title":"Sefil Bayku\u015f","og_description":"Sefil Bayku\u015f Sefil bayku\u015f ne yatars\u0131n bu yerde Yok mudur vatan\u0131n illerin hani Hani ya! B\u00fclb\u00fcl gibi \u015fak\u0131yan; a\u015fk\u0131 g\u00f6zlerden okuyan dillerin hani?.. Hey gidi onbe\u015f ya\u015f\u0131n Suna&#8217;s\u0131 hey ! . Topra\u011fa girecek ya\u015f m\u0131 bu ! .. Var\u0131p t\u00fcrk\u00fcye sorsan &#8220;Ey t\u00fcrk\u00fc nedir bu Sefil Bayku\u015f \u00f6yk\u00fcs\u00fc&#8230; neyin nesi bu Suna k\u0131z&#8221;. T\u00fcrk\u00fc dillenir. [&hellip;]","og_url":"https:\/\/narteks.net\/index.php\/2009\/03\/13\/sefil-baykus\/","og_site_name":"narteks.net","article_published_time":"2009-03-13T20:11:42+00:00","og_image":[{"width":300,"height":90,"url":"https:\/\/narteks.net\/wp-content\/uploads\/narteks.png","type":"image\/png"}],"author":"Tar\u0131k","twitter_card":"summary_large_image","twitter_creator":"@narteks","twitter_site":"@narteks","twitter_misc":{"Yazan:":"Tar\u0131k","Tahmini okuma s\u00fcresi":"10 dakika"},"schema":{"@context":"https:\/\/schema.org","@graph":[{"@type":"Article","@id":"https:\/\/narteks.net\/index.php\/2009\/03\/13\/sefil-baykus\/#article","isPartOf":{"@id":"https:\/\/narteks.net\/index.php\/2009\/03\/13\/sefil-baykus\/"},"author":{"name":"Tar\u0131k","@id":"https:\/\/narteks.net\/#\/schema\/person\/61f37d9834294b72d31d274e7ed79bca"},"headline":"Sefil Bayku\u015f","datePublished":"2009-03-13T20:11:42+00:00","mainEntityOfPage":{"@id":"https:\/\/narteks.net\/index.php\/2009\/03\/13\/sefil-baykus\/"},"wordCount":1947,"commentCount":0,"publisher":{"@id":"https:\/\/narteks.net\/#organization"},"articleSection":["\u00d6yk\u00fcleriyle T\u00fcrk\u00fcler"],"inLanguage":"tr","potentialAction":[{"@type":"CommentAction","name":"Comment","target":["https:\/\/narteks.net\/index.php\/2009\/03\/13\/sefil-baykus\/#respond"]}]},{"@type":"WebPage","@id":"https:\/\/narteks.net\/index.php\/2009\/03\/13\/sefil-baykus\/","url":"https:\/\/narteks.net\/index.php\/2009\/03\/13\/sefil-baykus\/","name":"Sefil Bayku\u015f - narteks.net","isPartOf":{"@id":"https:\/\/narteks.net\/#website"},"datePublished":"2009-03-13T20:11:42+00:00","breadcrumb":{"@id":"https:\/\/narteks.net\/index.php\/2009\/03\/13\/sefil-baykus\/#breadcrumb"},"inLanguage":"tr","potentialAction":[{"@type":"ReadAction","target":["https:\/\/narteks.net\/index.php\/2009\/03\/13\/sefil-baykus\/"]}]},{"@type":"BreadcrumbList","@id":"https:\/\/narteks.net\/index.php\/2009\/03\/13\/sefil-baykus\/#breadcrumb","itemListElement":[{"@type":"ListItem","position":1,"name":"Anasayfa","item":"https:\/\/narteks.net\/"},{"@type":"ListItem","position":2,"name":"Sefil Bayku\u015f"}]},{"@type":"WebSite","@id":"https:\/\/narteks.net\/#website","url":"https:\/\/narteks.net\/","name":"narteks.net","description":"K\u00fclt\u00fcr Sanat Edebiyat Felsefe","publisher":{"@id":"https:\/\/narteks.net\/#organization"},"alternateName":"K\u00fclt\u00fcr Sanat Edebiyat Felsefe","potentialAction":[{"@type":"SearchAction","target":{"@type":"EntryPoint","urlTemplate":"https:\/\/narteks.net\/?s={search_term_string}"},"query-input":{"@type":"PropertyValueSpecification","valueRequired":true,"valueName":"search_term_string"}}],"inLanguage":"tr"},{"@type":"Organization","@id":"https:\/\/narteks.net\/#organization","name":"narteks.net","url":"https:\/\/narteks.net\/","logo":{"@type":"ImageObject","inLanguage":"tr","@id":"https:\/\/narteks.net\/#\/schema\/logo\/image\/","url":"https:\/\/narteks.net\/wp-content\/uploads\/narteks.png","contentUrl":"https:\/\/narteks.net\/wp-content\/uploads\/narteks.png","width":300,"height":90,"caption":"narteks.net"},"image":{"@id":"https:\/\/narteks.net\/#\/schema\/logo\/image\/"},"sameAs":["https:\/\/x.com\/narteks","https:\/\/instagram.com\/narteksnet"]},{"@type":"Person","@id":"https:\/\/narteks.net\/#\/schema\/person\/61f37d9834294b72d31d274e7ed79bca","name":"Tar\u0131k","image":{"@type":"ImageObject","inLanguage":"tr","@id":"https:\/\/narteks.net\/#\/schema\/person\/image\/","url":"https:\/\/secure.gravatar.com\/avatar\/50865afb55632c4ae467e0af0930f6510aa2297d8014be502a55b14f3b7550cf?s=96&d=mm&r=g","contentUrl":"https:\/\/secure.gravatar.com\/avatar\/50865afb55632c4ae467e0af0930f6510aa2297d8014be502a55b14f3b7550cf?s=96&d=mm&r=g","caption":"Tar\u0131k"},"sameAs":["http:\/\/narteks.net"],"url":"https:\/\/narteks.net\/index.php\/author\/narbak\/"}]}},"_links":{"self":[{"href":"https:\/\/narteks.net\/index.php\/wp-json\/wp\/v2\/posts\/453","targetHints":{"allow":["GET"]}}],"collection":[{"href":"https:\/\/narteks.net\/index.php\/wp-json\/wp\/v2\/posts"}],"about":[{"href":"https:\/\/narteks.net\/index.php\/wp-json\/wp\/v2\/types\/post"}],"author":[{"embeddable":true,"href":"https:\/\/narteks.net\/index.php\/wp-json\/wp\/v2\/users\/1"}],"replies":[{"embeddable":true,"href":"https:\/\/narteks.net\/index.php\/wp-json\/wp\/v2\/comments?post=453"}],"version-history":[{"count":0,"href":"https:\/\/narteks.net\/index.php\/wp-json\/wp\/v2\/posts\/453\/revisions"}],"wp:attachment":[{"href":"https:\/\/narteks.net\/index.php\/wp-json\/wp\/v2\/media?parent=453"}],"wp:term":[{"taxonomy":"category","embeddable":true,"href":"https:\/\/narteks.net\/index.php\/wp-json\/wp\/v2\/categories?post=453"},{"taxonomy":"post_tag","embeddable":true,"href":"https:\/\/narteks.net\/index.php\/wp-json\/wp\/v2\/tags?post=453"}],"curies":[{"name":"wp","href":"https:\/\/api.w.org\/{rel}","templated":true}]}}