{"id":4536,"date":"2010-04-30T11:59:16","date_gmt":"2010-04-30T08:59:16","guid":{"rendered":"http:\/\/localhost\/wordpress\/2010\/04\/30\/agladim\/"},"modified":"2010-04-30T11:59:16","modified_gmt":"2010-04-30T08:59:16","slug":"agladim","status":"publish","type":"post","link":"https:\/\/narteks.net\/index.php\/2010\/04\/30\/agladim\/","title":{"rendered":"A\u011eLADIM"},"content":{"rendered":"<p>\u00a0<\/p>\n<p>Bir sabah\u00a0 uykudan uyand\u0131m erken,<br \/>G\u00fcllerle donanm\u0131\u015f bakt\u0131m ki g\u00fcl\u015fen,<\/p>\n<p>Ben m\u00fckedder idim, cihan idi \u015fen,<br \/>Hande\u2019\u00ee a\u011fyara bakt\u0131m a\u011flad\u0131m!<\/p>\n<p>B\u00fclb\u00fcl g\u00fcle kar\u015f\u0131 feryad ederdi,<br \/>Gaml\u0131 g\u00f6n\u00fclleri dil\u015fad ederdi,<\/p>\n<p>Benim mel\u00e2Iimi m\u00fczdad ederdi,<br \/>H\u00fcz\u00fcnle hezara bakt\u0131m a\u011flad\u0131m!<\/p>\n<p>A\u011fa\u00e7lar uyand\u0131, ku\u015flar uyand\u0131,<br \/>Tekbir sedalar\u0131 ar\u015fa dayand\u0131,<\/p>\n<p>Peri\u015fan halime ci\u011ferim yand\u0131,<br \/>Kalbi elemdare bakt\u0131m a\u011flad\u0131m!<\/p>\n<p>Bu tarif olunmaz ba\u015fka seherdi,<br \/>\u00c7imenler, \u00e7i\u00e7ekler, ku\u015flar g\u00fclerdi,<\/p>\n<p>Kuzular p\u00fcr ne\u015f\u2019e ko\u015far, melerdi,<br \/>Bu \u015fevki mesara bakt\u0131m a\u011flad\u0131m!<\/p>\n<p>Bahar\u0131n g\u00fclleri bana har oldu,<br \/>Sinem yaralardan lalezar oldu,<\/p>\n<p>Evvelki ne\u015f\u2019eler tarumar oldu,<br \/>Dilde ki ekd\u00e2ra bakt\u0131m a\u011flad\u0131m!<\/p>\n<p>Hazan gelir, kalmaz bahardan eser,<br \/>Payans\u0131z a\u015fklar da zevale erer,<\/p>\n<p>Aldan\u0131p gidiyor bu hale be\u015fer,<br \/>Bahara, ezhara bakt\u0131m a\u011flad\u0131m!<\/p>\n<p>Fele\u011fin kahrile g\u00fcl gibi soldum,<br \/>D\u00fcnyan\u0131n bedbaht\u0131 \u015fimdi ben oldum,<\/p>\n<p>Tahfifi mel\u00e2li giryede buldum,<br \/>G\u00fcllere, g\u00fclzara bakt\u0131m a\u011flad\u0131m!<\/p>\n<p>R\u00fczg\u00e2ra bakt\u0131m, g\u00f6zlerim doldu,<br \/>C\u00fby-i-bara bakt\u0131m g\u00f6zlerim doldu,<\/p>\n<p>K\u00fbh\u00eesr\u00e2 bakt\u0131m g\u00f6zlerim doldu,<br \/>K\u00e2h hayal-i yara bakt\u0131m a\u011flad\u0131m.<\/p>\n<p>A\u011flar\u0131m, a\u011flar\u0131m g\u00f6zya\u015f\u0131m dinmez,<br \/>G\u00f6kten s\u00fcrur ya\u011fsa g\u00f6nl\u00fcm sevinmez,<\/p>\n<p>Atide neler var, daha bilinmez,<br \/>Baht\u0131 zulmk\u00e2ra baktm\u0131 a\u011fladim!<\/p>\n<p>Kalmad\u0131 evvelki \u015fevki \u015fetaret,<br \/>G\u00fcl\u00fcm goncalar\u0131m soldu nihayet,<\/p>\n<p>Mazi bir r\u00fcyadan kald\u0131 ibaret,<br \/>Makberi dildara bakt\u0131m a\u011flad\u0131m!<\/p>\n<p>Ya\u015far Nezihe B\u00dcK\u00dcLMEZ<\/p>\n","protected":false},"excerpt":{"rendered":"<p>\u00a0 Bir sabah\u00a0 uykudan uyand\u0131m erken,G\u00fcllerle donanm\u0131\u015f bakt\u0131m ki g\u00fcl\u015fen, Ben m\u00fckedder idim, cihan idi \u015fen,Hande\u2019\u00ee a\u011fyara bakt\u0131m a\u011flad\u0131m! B\u00fclb\u00fcl g\u00fcle kar\u015f\u0131 feryad ederdi,Gaml\u0131 g\u00f6n\u00fclleri dil\u015fad ederdi, Benim mel\u00e2Iimi m\u00fczdad ederdi,H\u00fcz\u00fcnle hezara bakt\u0131m a\u011flad\u0131m! A\u011fa\u00e7lar uyand\u0131, ku\u015flar uyand\u0131,Tekbir sedalar\u0131 ar\u015fa dayand\u0131, Peri\u015fan halime ci\u011ferim yand\u0131,Kalbi elemdare bakt\u0131m a\u011flad\u0131m! Bu tarif olunmaz ba\u015fka seherdi,\u00c7imenler, \u00e7i\u00e7ekler, ku\u015flar [&hellip;]<\/p>\n","protected":false},"author":1,"featured_media":0,"comment_status":"open","ping_status":"open","sticky":false,"template":"","format":"standard","meta":{"footnotes":""},"categories":[146],"tags":[],"class_list":{"0":"post-4536","1":"post","2":"type-post","3":"status-publish","4":"format-standard","6":"category-yasar-nezihe-hanim"},"yoast_head":"<!-- This site is optimized with the Yoast SEO Premium plugin v24.9 (Yoast SEO v24.9) - https:\/\/yoast.com\/wordpress\/plugins\/seo\/ -->\n<title>A\u011eLADIM - narteks.net<\/title>\n<meta name=\"robots\" content=\"index, follow, max-snippet:-1, max-image-preview:large, max-video-preview:-1\" \/>\n<link rel=\"canonical\" href=\"https:\/\/narteks.net\/index.php\/2010\/04\/30\/agladim\/\" \/>\n<meta property=\"og:locale\" content=\"tr_TR\" \/>\n<meta property=\"og:type\" content=\"article\" \/>\n<meta property=\"og:title\" content=\"A\u011eLADIM\" \/>\n<meta property=\"og:description\" content=\"\u00a0 Bir sabah\u00a0 uykudan uyand\u0131m erken,G\u00fcllerle donanm\u0131\u015f bakt\u0131m ki g\u00fcl\u015fen, Ben m\u00fckedder idim, cihan idi \u015fen,Hande\u2019\u00ee a\u011fyara bakt\u0131m a\u011flad\u0131m! B\u00fclb\u00fcl g\u00fcle kar\u015f\u0131 feryad ederdi,Gaml\u0131 g\u00f6n\u00fclleri dil\u015fad ederdi, Benim mel\u00e2Iimi m\u00fczdad ederdi,H\u00fcz\u00fcnle hezara bakt\u0131m a\u011flad\u0131m! A\u011fa\u00e7lar uyand\u0131, ku\u015flar uyand\u0131,Tekbir sedalar\u0131 ar\u015fa dayand\u0131, Peri\u015fan halime ci\u011ferim yand\u0131,Kalbi elemdare bakt\u0131m a\u011flad\u0131m! Bu tarif olunmaz ba\u015fka seherdi,\u00c7imenler, \u00e7i\u00e7ekler, ku\u015flar [&hellip;]\" \/>\n<meta property=\"og:url\" content=\"https:\/\/narteks.net\/index.php\/2010\/04\/30\/agladim\/\" \/>\n<meta property=\"og:site_name\" content=\"narteks.net\" \/>\n<meta property=\"article:published_time\" content=\"2010-04-30T08:59:16+00:00\" \/>\n<meta property=\"og:image\" content=\"https:\/\/narteks.net\/wp-content\/uploads\/narteks.png\" \/>\n\t<meta property=\"og:image:width\" content=\"300\" \/>\n\t<meta property=\"og:image:height\" content=\"90\" \/>\n\t<meta property=\"og:image:type\" content=\"image\/png\" \/>\n<meta name=\"author\" content=\"Tar\u0131k\" \/>\n<meta name=\"twitter:card\" content=\"summary_large_image\" \/>\n<meta name=\"twitter:creator\" content=\"@narteks\" \/>\n<meta name=\"twitter:site\" content=\"@narteks\" \/>\n<meta name=\"twitter:label1\" content=\"Yazan:\" \/>\n\t<meta name=\"twitter:data1\" content=\"Tar\u0131k\" \/>\n\t<meta name=\"twitter:label2\" content=\"Tahmini okuma s\u00fcresi\" \/>\n\t<meta name=\"twitter:data2\" content=\"1 dakika\" \/>\n<script type=\"application\/ld+json\" class=\"yoast-schema-graph\">{\"@context\":\"https:\/\/schema.org\",\"@graph\":[{\"@type\":\"Article\",\"@id\":\"https:\/\/narteks.net\/index.php\/2010\/04\/30\/agladim\/#article\",\"isPartOf\":{\"@id\":\"https:\/\/narteks.net\/index.php\/2010\/04\/30\/agladim\/\"},\"author\":{\"name\":\"Tar\u0131k\",\"@id\":\"https:\/\/narteks.net\/#\/schema\/person\/61f37d9834294b72d31d274e7ed79bca\"},\"headline\":\"A\u011eLADIM\",\"datePublished\":\"2010-04-30T08:59:16+00:00\",\"mainEntityOfPage\":{\"@id\":\"https:\/\/narteks.net\/index.php\/2010\/04\/30\/agladim\/\"},\"wordCount\":288,\"commentCount\":0,\"publisher\":{\"@id\":\"https:\/\/narteks.net\/#organization\"},\"articleSection\":[\"Ya\u015far NEZ\u0130HE Han\u0131m\"],\"inLanguage\":\"tr\",\"potentialAction\":[{\"@type\":\"CommentAction\",\"name\":\"Comment\",\"target\":[\"https:\/\/narteks.net\/index.php\/2010\/04\/30\/agladim\/#respond\"]}]},{\"@type\":\"WebPage\",\"@id\":\"https:\/\/narteks.net\/index.php\/2010\/04\/30\/agladim\/\",\"url\":\"https:\/\/narteks.net\/index.php\/2010\/04\/30\/agladim\/\",\"name\":\"A\u011eLADIM - narteks.net\",\"isPartOf\":{\"@id\":\"https:\/\/narteks.net\/#website\"},\"datePublished\":\"2010-04-30T08:59:16+00:00\",\"breadcrumb\":{\"@id\":\"https:\/\/narteks.net\/index.php\/2010\/04\/30\/agladim\/#breadcrumb\"},\"inLanguage\":\"tr\",\"potentialAction\":[{\"@type\":\"ReadAction\",\"target\":[\"https:\/\/narteks.net\/index.php\/2010\/04\/30\/agladim\/\"]}]},{\"@type\":\"BreadcrumbList\",\"@id\":\"https:\/\/narteks.net\/index.php\/2010\/04\/30\/agladim\/#breadcrumb\",\"itemListElement\":[{\"@type\":\"ListItem\",\"position\":1,\"name\":\"Anasayfa\",\"item\":\"https:\/\/narteks.net\/\"},{\"@type\":\"ListItem\",\"position\":2,\"name\":\"A\u011eLADIM\"}]},{\"@type\":\"WebSite\",\"@id\":\"https:\/\/narteks.net\/#website\",\"url\":\"https:\/\/narteks.net\/\",\"name\":\"narteks.net\",\"description\":\"K\u00fclt\u00fcr Sanat Edebiyat Felsefe\",\"publisher\":{\"@id\":\"https:\/\/narteks.net\/#organization\"},\"alternateName\":\"K\u00fclt\u00fcr Sanat Edebiyat Felsefe\",\"potentialAction\":[{\"@type\":\"SearchAction\",\"target\":{\"@type\":\"EntryPoint\",\"urlTemplate\":\"https:\/\/narteks.net\/?s={search_term_string}\"},\"query-input\":{\"@type\":\"PropertyValueSpecification\",\"valueRequired\":true,\"valueName\":\"search_term_string\"}}],\"inLanguage\":\"tr\"},{\"@type\":\"Organization\",\"@id\":\"https:\/\/narteks.net\/#organization\",\"name\":\"narteks.net\",\"url\":\"https:\/\/narteks.net\/\",\"logo\":{\"@type\":\"ImageObject\",\"inLanguage\":\"tr\",\"@id\":\"https:\/\/narteks.net\/#\/schema\/logo\/image\/\",\"url\":\"https:\/\/narteks.net\/wp-content\/uploads\/narteks.png\",\"contentUrl\":\"https:\/\/narteks.net\/wp-content\/uploads\/narteks.png\",\"width\":300,\"height\":90,\"caption\":\"narteks.net\"},\"image\":{\"@id\":\"https:\/\/narteks.net\/#\/schema\/logo\/image\/\"},\"sameAs\":[\"https:\/\/x.com\/narteks\",\"https:\/\/instagram.com\/narteksnet\"]},{\"@type\":\"Person\",\"@id\":\"https:\/\/narteks.net\/#\/schema\/person\/61f37d9834294b72d31d274e7ed79bca\",\"name\":\"Tar\u0131k\",\"image\":{\"@type\":\"ImageObject\",\"inLanguage\":\"tr\",\"@id\":\"https:\/\/narteks.net\/#\/schema\/person\/image\/\",\"url\":\"https:\/\/secure.gravatar.com\/avatar\/50865afb55632c4ae467e0af0930f6510aa2297d8014be502a55b14f3b7550cf?s=96&d=mm&r=g\",\"contentUrl\":\"https:\/\/secure.gravatar.com\/avatar\/50865afb55632c4ae467e0af0930f6510aa2297d8014be502a55b14f3b7550cf?s=96&d=mm&r=g\",\"caption\":\"Tar\u0131k\"},\"sameAs\":[\"http:\/\/narteks.net\"],\"url\":\"https:\/\/narteks.net\/index.php\/author\/narbak\/\"}]}<\/script>\n<!-- \/ Yoast SEO Premium plugin. -->","yoast_head_json":{"title":"A\u011eLADIM - narteks.net","robots":{"index":"index","follow":"follow","max-snippet":"max-snippet:-1","max-image-preview":"max-image-preview:large","max-video-preview":"max-video-preview:-1"},"canonical":"https:\/\/narteks.net\/index.php\/2010\/04\/30\/agladim\/","og_locale":"tr_TR","og_type":"article","og_title":"A\u011eLADIM","og_description":"\u00a0 Bir sabah\u00a0 uykudan uyand\u0131m erken,G\u00fcllerle donanm\u0131\u015f bakt\u0131m ki g\u00fcl\u015fen, Ben m\u00fckedder idim, cihan idi \u015fen,Hande\u2019\u00ee a\u011fyara bakt\u0131m a\u011flad\u0131m! B\u00fclb\u00fcl g\u00fcle kar\u015f\u0131 feryad ederdi,Gaml\u0131 g\u00f6n\u00fclleri dil\u015fad ederdi, Benim mel\u00e2Iimi m\u00fczdad ederdi,H\u00fcz\u00fcnle hezara bakt\u0131m a\u011flad\u0131m! A\u011fa\u00e7lar uyand\u0131, ku\u015flar uyand\u0131,Tekbir sedalar\u0131 ar\u015fa dayand\u0131, Peri\u015fan halime ci\u011ferim yand\u0131,Kalbi elemdare bakt\u0131m a\u011flad\u0131m! Bu tarif olunmaz ba\u015fka seherdi,\u00c7imenler, \u00e7i\u00e7ekler, ku\u015flar [&hellip;]","og_url":"https:\/\/narteks.net\/index.php\/2010\/04\/30\/agladim\/","og_site_name":"narteks.net","article_published_time":"2010-04-30T08:59:16+00:00","og_image":[{"width":300,"height":90,"url":"https:\/\/narteks.net\/wp-content\/uploads\/narteks.png","type":"image\/png"}],"author":"Tar\u0131k","twitter_card":"summary_large_image","twitter_creator":"@narteks","twitter_site":"@narteks","twitter_misc":{"Yazan:":"Tar\u0131k","Tahmini okuma s\u00fcresi":"1 dakika"},"schema":{"@context":"https:\/\/schema.org","@graph":[{"@type":"Article","@id":"https:\/\/narteks.net\/index.php\/2010\/04\/30\/agladim\/#article","isPartOf":{"@id":"https:\/\/narteks.net\/index.php\/2010\/04\/30\/agladim\/"},"author":{"name":"Tar\u0131k","@id":"https:\/\/narteks.net\/#\/schema\/person\/61f37d9834294b72d31d274e7ed79bca"},"headline":"A\u011eLADIM","datePublished":"2010-04-30T08:59:16+00:00","mainEntityOfPage":{"@id":"https:\/\/narteks.net\/index.php\/2010\/04\/30\/agladim\/"},"wordCount":288,"commentCount":0,"publisher":{"@id":"https:\/\/narteks.net\/#organization"},"articleSection":["Ya\u015far NEZ\u0130HE Han\u0131m"],"inLanguage":"tr","potentialAction":[{"@type":"CommentAction","name":"Comment","target":["https:\/\/narteks.net\/index.php\/2010\/04\/30\/agladim\/#respond"]}]},{"@type":"WebPage","@id":"https:\/\/narteks.net\/index.php\/2010\/04\/30\/agladim\/","url":"https:\/\/narteks.net\/index.php\/2010\/04\/30\/agladim\/","name":"A\u011eLADIM - narteks.net","isPartOf":{"@id":"https:\/\/narteks.net\/#website"},"datePublished":"2010-04-30T08:59:16+00:00","breadcrumb":{"@id":"https:\/\/narteks.net\/index.php\/2010\/04\/30\/agladim\/#breadcrumb"},"inLanguage":"tr","potentialAction":[{"@type":"ReadAction","target":["https:\/\/narteks.net\/index.php\/2010\/04\/30\/agladim\/"]}]},{"@type":"BreadcrumbList","@id":"https:\/\/narteks.net\/index.php\/2010\/04\/30\/agladim\/#breadcrumb","itemListElement":[{"@type":"ListItem","position":1,"name":"Anasayfa","item":"https:\/\/narteks.net\/"},{"@type":"ListItem","position":2,"name":"A\u011eLADIM"}]},{"@type":"WebSite","@id":"https:\/\/narteks.net\/#website","url":"https:\/\/narteks.net\/","name":"narteks.net","description":"K\u00fclt\u00fcr Sanat Edebiyat Felsefe","publisher":{"@id":"https:\/\/narteks.net\/#organization"},"alternateName":"K\u00fclt\u00fcr Sanat Edebiyat Felsefe","potentialAction":[{"@type":"SearchAction","target":{"@type":"EntryPoint","urlTemplate":"https:\/\/narteks.net\/?s={search_term_string}"},"query-input":{"@type":"PropertyValueSpecification","valueRequired":true,"valueName":"search_term_string"}}],"inLanguage":"tr"},{"@type":"Organization","@id":"https:\/\/narteks.net\/#organization","name":"narteks.net","url":"https:\/\/narteks.net\/","logo":{"@type":"ImageObject","inLanguage":"tr","@id":"https:\/\/narteks.net\/#\/schema\/logo\/image\/","url":"https:\/\/narteks.net\/wp-content\/uploads\/narteks.png","contentUrl":"https:\/\/narteks.net\/wp-content\/uploads\/narteks.png","width":300,"height":90,"caption":"narteks.net"},"image":{"@id":"https:\/\/narteks.net\/#\/schema\/logo\/image\/"},"sameAs":["https:\/\/x.com\/narteks","https:\/\/instagram.com\/narteksnet"]},{"@type":"Person","@id":"https:\/\/narteks.net\/#\/schema\/person\/61f37d9834294b72d31d274e7ed79bca","name":"Tar\u0131k","image":{"@type":"ImageObject","inLanguage":"tr","@id":"https:\/\/narteks.net\/#\/schema\/person\/image\/","url":"https:\/\/secure.gravatar.com\/avatar\/50865afb55632c4ae467e0af0930f6510aa2297d8014be502a55b14f3b7550cf?s=96&d=mm&r=g","contentUrl":"https:\/\/secure.gravatar.com\/avatar\/50865afb55632c4ae467e0af0930f6510aa2297d8014be502a55b14f3b7550cf?s=96&d=mm&r=g","caption":"Tar\u0131k"},"sameAs":["http:\/\/narteks.net"],"url":"https:\/\/narteks.net\/index.php\/author\/narbak\/"}]}},"_links":{"self":[{"href":"https:\/\/narteks.net\/index.php\/wp-json\/wp\/v2\/posts\/4536","targetHints":{"allow":["GET"]}}],"collection":[{"href":"https:\/\/narteks.net\/index.php\/wp-json\/wp\/v2\/posts"}],"about":[{"href":"https:\/\/narteks.net\/index.php\/wp-json\/wp\/v2\/types\/post"}],"author":[{"embeddable":true,"href":"https:\/\/narteks.net\/index.php\/wp-json\/wp\/v2\/users\/1"}],"replies":[{"embeddable":true,"href":"https:\/\/narteks.net\/index.php\/wp-json\/wp\/v2\/comments?post=4536"}],"version-history":[{"count":0,"href":"https:\/\/narteks.net\/index.php\/wp-json\/wp\/v2\/posts\/4536\/revisions"}],"wp:attachment":[{"href":"https:\/\/narteks.net\/index.php\/wp-json\/wp\/v2\/media?parent=4536"}],"wp:term":[{"taxonomy":"category","embeddable":true,"href":"https:\/\/narteks.net\/index.php\/wp-json\/wp\/v2\/categories?post=4536"},{"taxonomy":"post_tag","embeddable":true,"href":"https:\/\/narteks.net\/index.php\/wp-json\/wp\/v2\/tags?post=4536"}],"curies":[{"name":"wp","href":"https:\/\/api.w.org\/{rel}","templated":true}]}}