{"id":4537,"date":"2010-04-30T11:59:42","date_gmt":"2010-04-30T08:59:42","guid":{"rendered":"http:\/\/localhost\/wordpress\/2010\/04\/30\/alami-hayat\/"},"modified":"2010-04-30T11:59:42","modified_gmt":"2010-04-30T08:59:42","slug":"alami-hayat","status":"publish","type":"post","link":"https:\/\/narteks.net\/index.php\/2010\/04\/30\/alami-hayat\/","title":{"rendered":"ALAM&#8217;I HAYAT"},"content":{"rendered":"<p>\u00a0<\/p>\n<p>Usand\u0131r\u0131r beni benden mel\u00e2l\u00fc ye\u2019s\u00fc keder,<br \/>Hayat\u0131m etmede bin t\u00fcrl\u00fc \u0131zt\u0131rabla g\u00fczer.<\/p>\n<p>Mel\u00e2l\u2019i kalbini s\u00f6yle nedir Vedat elemin,<br \/>Ni\u00e7in o vech-i hazininde yok s\u00fcrurdan eser?<\/p>\n<p>Ceb\u00een\u2019i p\u00e2kini h\u00fcrmetle yavrum \u00f6pt\u00fck\u00e7e,<br \/>G\u00f6z\u00fcn dolarda ni\u00e7in dudaklar\u0131n titrer?<\/p>\n<p>Nedir bu h\u00fczn\u00fc teess\u00fcr, bu ihtiyac\u0131 b\u00fck\u00e2<br \/>G\u00f6z\u00fcn \u00f6n\u00fcnde dola\u015fmakta m\u0131 hayal-i peder?<\/p>\n<p>Ya\u015far iken yuvam\u0131zda garik-\u00fc \u015fevk-\u00fc s\u00fcrur,<br \/>Bize zemin\u00fc semalar bile g\u00fclerdi g\u00fcler;<\/p>\n<p>Yan\u0131p yak\u0131ld\u0131\u011f\u0131n hissiz baban, zavall\u0131 \u00e7ocuk!<br \/>Bug\u00fcn o lane\u2019i mes\u2019udu etti z\u00eer-\u00fc zeber<\/p>\n<p>Sedat, Suad, o zavall\u0131 garip yavrular\u0131m!<br \/>Yaz\u0131k ki bir k\u0131z\u0131n a\u015fk\u0131 i\u00e7in edildi heder;<\/p>\n<p>Onun kalbni sevda tehaec\u00fcr ettirmi\u015f,<br \/>Seni, baban san\u0131yorsun benim kadar m\u0131 sever?<\/p>\n<p>Hayat\u0131m\u0131z bu harap hanede seninle benim,<br \/>Harabelerde ki bayku\u015f hayat\u0131na benzer;<\/p>\n<p>Senin i\u00e7in bu hayat zelil ve n\u00e2-gami.<br \/>S\u00fcr\u00fcklemekteyim ey murdide \u015fam\u0131 seher.<\/p>\n<p>Elemlerimle yine halka \u015fen g\u00f6r\u00fcnmedeyim,<br \/>Tehamm\u00fcl etmedir al\u00e2m\u0131 dehre \u00e7\u00fcnk\u00fc h\u00fcner;<\/p>\n<p>Tamam otuz iki y\u0131ld\u0131r bu \u00f6mr\u00fc makhurum,<br \/>Kederle, gamla, teess\u00fcrle giryelerle ge\u00e7er.<\/p>\n<p>Daha ne g\u00f6rd\u00fcn hayat\u0131nda ey zavall\u0131 yetim!<br \/>Dikenli bir yolu takibe benzer \u00f6mr\u00fc be\u015fer;<\/p>\n<p>D\u00fc\u015f\u00fcnme, a\u011flama bil kadrini sebavetinin,<br \/>\u00dcz\u00fclme sevgili yavrum \u00fcz\u00fclme, gayri yeter.<\/p>\n<p>Senin boynunu b\u00fckt\u00fcrmemek i\u00e7in bilsen,<br \/>Belay\u0131 kahr\u0131 mai\u015fetle maderin ne \u00e7eker;<\/p>\n<p>Carihadar ediyor i\u011fneler bak ellerimi,<br \/>Benim yerimde kim olsa bu \u00f6mre l\u00e2net eder.<\/p>\n<p>\u00c7al\u0131\u015f, didin, yorul, u\u011fra\u015f feday\u0131 h\u00e2b ederek,<br \/>Ve sonra yavrunu kar\u015f\u0131nda b\u00f6yle g\u00f6r mu\u011fber,<\/p>\n<p>Nas\u0131l tehamm\u00fcl eder sevgili melek \u00e7ocu\u011fum,<br \/>Seni g\u00fcr\u00fcrde m\u00fckedder, zavall\u0131 bir mader?<\/p>\n<p>G\u00f6r\u00fcn, g\u00f6r\u00fcn bana p\u00fcr ne\u015f\u2019e, p\u00fcr s\u00fcrur, p\u00fcr \u015fevk,<br \/>Enin-i kalbimi susdurmak istiyorsan e\u011fer:<\/p>\n<p>Senin bu giryelerinle, benim figan\u0131mla,<br \/>Tebedd\u00fcl etmeyecektir hayfa ki h\u00fckm\u00fc kader.<\/p>\n<p>Ya\u015far Nezihe B\u00dcK\u00dcLMEZ<\/p>\n","protected":false},"excerpt":{"rendered":"<p>\u00a0 Usand\u0131r\u0131r beni benden mel\u00e2l\u00fc ye\u2019s\u00fc keder,Hayat\u0131m etmede bin t\u00fcrl\u00fc \u0131zt\u0131rabla g\u00fczer. Mel\u00e2l\u2019i kalbini s\u00f6yle nedir Vedat elemin,Ni\u00e7in o vech-i hazininde yok s\u00fcrurdan eser? Ceb\u00een\u2019i p\u00e2kini h\u00fcrmetle yavrum \u00f6pt\u00fck\u00e7e,G\u00f6z\u00fcn dolarda ni\u00e7in dudaklar\u0131n titrer? Nedir bu h\u00fczn\u00fc teess\u00fcr, bu ihtiyac\u0131 b\u00fck\u00e2G\u00f6z\u00fcn \u00f6n\u00fcnde dola\u015fmakta m\u0131 hayal-i peder? Ya\u015far iken yuvam\u0131zda garik-\u00fc \u015fevk-\u00fc s\u00fcrur,Bize zemin\u00fc semalar bile g\u00fclerdi [&hellip;]<\/p>\n","protected":false},"author":1,"featured_media":0,"comment_status":"open","ping_status":"open","sticky":false,"template":"","format":"standard","meta":{"footnotes":""},"categories":[146],"tags":[],"class_list":{"0":"post-4537","1":"post","2":"type-post","3":"status-publish","4":"format-standard","6":"category-yasar-nezihe-hanim"},"yoast_head":"<!-- This site is optimized with the Yoast SEO Premium plugin v24.9 (Yoast SEO v24.9) - https:\/\/yoast.com\/wordpress\/plugins\/seo\/ -->\n<title>ALAM&#039;I HAYAT - narteks.net<\/title>\n<meta name=\"robots\" content=\"index, follow, max-snippet:-1, max-image-preview:large, max-video-preview:-1\" \/>\n<link rel=\"canonical\" href=\"https:\/\/narteks.net\/index.php\/2010\/04\/30\/alami-hayat\/\" \/>\n<meta property=\"og:locale\" content=\"tr_TR\" \/>\n<meta property=\"og:type\" content=\"article\" \/>\n<meta property=\"og:title\" content=\"ALAM&#039;I HAYAT\" \/>\n<meta property=\"og:description\" content=\"\u00a0 Usand\u0131r\u0131r beni benden mel\u00e2l\u00fc ye\u2019s\u00fc keder,Hayat\u0131m etmede bin t\u00fcrl\u00fc \u0131zt\u0131rabla g\u00fczer. Mel\u00e2l\u2019i kalbini s\u00f6yle nedir Vedat elemin,Ni\u00e7in o vech-i hazininde yok s\u00fcrurdan eser? Ceb\u00een\u2019i p\u00e2kini h\u00fcrmetle yavrum \u00f6pt\u00fck\u00e7e,G\u00f6z\u00fcn dolarda ni\u00e7in dudaklar\u0131n titrer? Nedir bu h\u00fczn\u00fc teess\u00fcr, bu ihtiyac\u0131 b\u00fck\u00e2G\u00f6z\u00fcn \u00f6n\u00fcnde dola\u015fmakta m\u0131 hayal-i peder? Ya\u015far iken yuvam\u0131zda garik-\u00fc \u015fevk-\u00fc s\u00fcrur,Bize zemin\u00fc semalar bile g\u00fclerdi [&hellip;]\" \/>\n<meta property=\"og:url\" content=\"https:\/\/narteks.net\/index.php\/2010\/04\/30\/alami-hayat\/\" \/>\n<meta property=\"og:site_name\" content=\"narteks.net\" \/>\n<meta property=\"article:published_time\" content=\"2010-04-30T08:59:42+00:00\" \/>\n<meta property=\"og:image\" content=\"https:\/\/narteks.net\/wp-content\/uploads\/narteks.png\" \/>\n\t<meta property=\"og:image:width\" content=\"300\" \/>\n\t<meta property=\"og:image:height\" content=\"90\" \/>\n\t<meta property=\"og:image:type\" content=\"image\/png\" \/>\n<meta name=\"author\" content=\"Tar\u0131k\" \/>\n<meta name=\"twitter:card\" content=\"summary_large_image\" \/>\n<meta name=\"twitter:creator\" content=\"@narteks\" \/>\n<meta name=\"twitter:site\" content=\"@narteks\" \/>\n<meta name=\"twitter:label1\" content=\"Yazan:\" \/>\n\t<meta name=\"twitter:data1\" content=\"Tar\u0131k\" \/>\n\t<meta name=\"twitter:label2\" content=\"Tahmini okuma s\u00fcresi\" \/>\n\t<meta name=\"twitter:data2\" content=\"2 dakika\" \/>\n<script type=\"application\/ld+json\" class=\"yoast-schema-graph\">{\"@context\":\"https:\/\/schema.org\",\"@graph\":[{\"@type\":\"Article\",\"@id\":\"https:\/\/narteks.net\/index.php\/2010\/04\/30\/alami-hayat\/#article\",\"isPartOf\":{\"@id\":\"https:\/\/narteks.net\/index.php\/2010\/04\/30\/alami-hayat\/\"},\"author\":{\"name\":\"Tar\u0131k\",\"@id\":\"https:\/\/narteks.net\/#\/schema\/person\/61f37d9834294b72d31d274e7ed79bca\"},\"headline\":\"ALAM&#8217;I HAYAT\",\"datePublished\":\"2010-04-30T08:59:42+00:00\",\"mainEntityOfPage\":{\"@id\":\"https:\/\/narteks.net\/index.php\/2010\/04\/30\/alami-hayat\/\"},\"wordCount\":358,\"commentCount\":0,\"publisher\":{\"@id\":\"https:\/\/narteks.net\/#organization\"},\"articleSection\":[\"Ya\u015far NEZ\u0130HE Han\u0131m\"],\"inLanguage\":\"tr\",\"potentialAction\":[{\"@type\":\"CommentAction\",\"name\":\"Comment\",\"target\":[\"https:\/\/narteks.net\/index.php\/2010\/04\/30\/alami-hayat\/#respond\"]}]},{\"@type\":\"WebPage\",\"@id\":\"https:\/\/narteks.net\/index.php\/2010\/04\/30\/alami-hayat\/\",\"url\":\"https:\/\/narteks.net\/index.php\/2010\/04\/30\/alami-hayat\/\",\"name\":\"ALAM'I HAYAT - narteks.net\",\"isPartOf\":{\"@id\":\"https:\/\/narteks.net\/#website\"},\"datePublished\":\"2010-04-30T08:59:42+00:00\",\"breadcrumb\":{\"@id\":\"https:\/\/narteks.net\/index.php\/2010\/04\/30\/alami-hayat\/#breadcrumb\"},\"inLanguage\":\"tr\",\"potentialAction\":[{\"@type\":\"ReadAction\",\"target\":[\"https:\/\/narteks.net\/index.php\/2010\/04\/30\/alami-hayat\/\"]}]},{\"@type\":\"BreadcrumbList\",\"@id\":\"https:\/\/narteks.net\/index.php\/2010\/04\/30\/alami-hayat\/#breadcrumb\",\"itemListElement\":[{\"@type\":\"ListItem\",\"position\":1,\"name\":\"Anasayfa\",\"item\":\"https:\/\/narteks.net\/\"},{\"@type\":\"ListItem\",\"position\":2,\"name\":\"ALAM&#8217;I HAYAT\"}]},{\"@type\":\"WebSite\",\"@id\":\"https:\/\/narteks.net\/#website\",\"url\":\"https:\/\/narteks.net\/\",\"name\":\"narteks.net\",\"description\":\"K\u00fclt\u00fcr Sanat Edebiyat Felsefe\",\"publisher\":{\"@id\":\"https:\/\/narteks.net\/#organization\"},\"alternateName\":\"K\u00fclt\u00fcr Sanat Edebiyat Felsefe\",\"potentialAction\":[{\"@type\":\"SearchAction\",\"target\":{\"@type\":\"EntryPoint\",\"urlTemplate\":\"https:\/\/narteks.net\/?s={search_term_string}\"},\"query-input\":{\"@type\":\"PropertyValueSpecification\",\"valueRequired\":true,\"valueName\":\"search_term_string\"}}],\"inLanguage\":\"tr\"},{\"@type\":\"Organization\",\"@id\":\"https:\/\/narteks.net\/#organization\",\"name\":\"narteks.net\",\"url\":\"https:\/\/narteks.net\/\",\"logo\":{\"@type\":\"ImageObject\",\"inLanguage\":\"tr\",\"@id\":\"https:\/\/narteks.net\/#\/schema\/logo\/image\/\",\"url\":\"https:\/\/narteks.net\/wp-content\/uploads\/narteks.png\",\"contentUrl\":\"https:\/\/narteks.net\/wp-content\/uploads\/narteks.png\",\"width\":300,\"height\":90,\"caption\":\"narteks.net\"},\"image\":{\"@id\":\"https:\/\/narteks.net\/#\/schema\/logo\/image\/\"},\"sameAs\":[\"https:\/\/x.com\/narteks\",\"https:\/\/instagram.com\/narteksnet\"]},{\"@type\":\"Person\",\"@id\":\"https:\/\/narteks.net\/#\/schema\/person\/61f37d9834294b72d31d274e7ed79bca\",\"name\":\"Tar\u0131k\",\"image\":{\"@type\":\"ImageObject\",\"inLanguage\":\"tr\",\"@id\":\"https:\/\/narteks.net\/#\/schema\/person\/image\/\",\"url\":\"https:\/\/secure.gravatar.com\/avatar\/50865afb55632c4ae467e0af0930f6510aa2297d8014be502a55b14f3b7550cf?s=96&d=mm&r=g\",\"contentUrl\":\"https:\/\/secure.gravatar.com\/avatar\/50865afb55632c4ae467e0af0930f6510aa2297d8014be502a55b14f3b7550cf?s=96&d=mm&r=g\",\"caption\":\"Tar\u0131k\"},\"sameAs\":[\"http:\/\/narteks.net\"],\"url\":\"https:\/\/narteks.net\/index.php\/author\/narbak\/\"}]}<\/script>\n<!-- \/ Yoast SEO Premium plugin. -->","yoast_head_json":{"title":"ALAM'I HAYAT - narteks.net","robots":{"index":"index","follow":"follow","max-snippet":"max-snippet:-1","max-image-preview":"max-image-preview:large","max-video-preview":"max-video-preview:-1"},"canonical":"https:\/\/narteks.net\/index.php\/2010\/04\/30\/alami-hayat\/","og_locale":"tr_TR","og_type":"article","og_title":"ALAM'I HAYAT","og_description":"\u00a0 Usand\u0131r\u0131r beni benden mel\u00e2l\u00fc ye\u2019s\u00fc keder,Hayat\u0131m etmede bin t\u00fcrl\u00fc \u0131zt\u0131rabla g\u00fczer. Mel\u00e2l\u2019i kalbini s\u00f6yle nedir Vedat elemin,Ni\u00e7in o vech-i hazininde yok s\u00fcrurdan eser? Ceb\u00een\u2019i p\u00e2kini h\u00fcrmetle yavrum \u00f6pt\u00fck\u00e7e,G\u00f6z\u00fcn dolarda ni\u00e7in dudaklar\u0131n titrer? Nedir bu h\u00fczn\u00fc teess\u00fcr, bu ihtiyac\u0131 b\u00fck\u00e2G\u00f6z\u00fcn \u00f6n\u00fcnde dola\u015fmakta m\u0131 hayal-i peder? Ya\u015far iken yuvam\u0131zda garik-\u00fc \u015fevk-\u00fc s\u00fcrur,Bize zemin\u00fc semalar bile g\u00fclerdi [&hellip;]","og_url":"https:\/\/narteks.net\/index.php\/2010\/04\/30\/alami-hayat\/","og_site_name":"narteks.net","article_published_time":"2010-04-30T08:59:42+00:00","og_image":[{"width":300,"height":90,"url":"https:\/\/narteks.net\/wp-content\/uploads\/narteks.png","type":"image\/png"}],"author":"Tar\u0131k","twitter_card":"summary_large_image","twitter_creator":"@narteks","twitter_site":"@narteks","twitter_misc":{"Yazan:":"Tar\u0131k","Tahmini okuma s\u00fcresi":"2 dakika"},"schema":{"@context":"https:\/\/schema.org","@graph":[{"@type":"Article","@id":"https:\/\/narteks.net\/index.php\/2010\/04\/30\/alami-hayat\/#article","isPartOf":{"@id":"https:\/\/narteks.net\/index.php\/2010\/04\/30\/alami-hayat\/"},"author":{"name":"Tar\u0131k","@id":"https:\/\/narteks.net\/#\/schema\/person\/61f37d9834294b72d31d274e7ed79bca"},"headline":"ALAM&#8217;I HAYAT","datePublished":"2010-04-30T08:59:42+00:00","mainEntityOfPage":{"@id":"https:\/\/narteks.net\/index.php\/2010\/04\/30\/alami-hayat\/"},"wordCount":358,"commentCount":0,"publisher":{"@id":"https:\/\/narteks.net\/#organization"},"articleSection":["Ya\u015far NEZ\u0130HE Han\u0131m"],"inLanguage":"tr","potentialAction":[{"@type":"CommentAction","name":"Comment","target":["https:\/\/narteks.net\/index.php\/2010\/04\/30\/alami-hayat\/#respond"]}]},{"@type":"WebPage","@id":"https:\/\/narteks.net\/index.php\/2010\/04\/30\/alami-hayat\/","url":"https:\/\/narteks.net\/index.php\/2010\/04\/30\/alami-hayat\/","name":"ALAM'I HAYAT - narteks.net","isPartOf":{"@id":"https:\/\/narteks.net\/#website"},"datePublished":"2010-04-30T08:59:42+00:00","breadcrumb":{"@id":"https:\/\/narteks.net\/index.php\/2010\/04\/30\/alami-hayat\/#breadcrumb"},"inLanguage":"tr","potentialAction":[{"@type":"ReadAction","target":["https:\/\/narteks.net\/index.php\/2010\/04\/30\/alami-hayat\/"]}]},{"@type":"BreadcrumbList","@id":"https:\/\/narteks.net\/index.php\/2010\/04\/30\/alami-hayat\/#breadcrumb","itemListElement":[{"@type":"ListItem","position":1,"name":"Anasayfa","item":"https:\/\/narteks.net\/"},{"@type":"ListItem","position":2,"name":"ALAM&#8217;I HAYAT"}]},{"@type":"WebSite","@id":"https:\/\/narteks.net\/#website","url":"https:\/\/narteks.net\/","name":"narteks.net","description":"K\u00fclt\u00fcr Sanat Edebiyat Felsefe","publisher":{"@id":"https:\/\/narteks.net\/#organization"},"alternateName":"K\u00fclt\u00fcr Sanat Edebiyat Felsefe","potentialAction":[{"@type":"SearchAction","target":{"@type":"EntryPoint","urlTemplate":"https:\/\/narteks.net\/?s={search_term_string}"},"query-input":{"@type":"PropertyValueSpecification","valueRequired":true,"valueName":"search_term_string"}}],"inLanguage":"tr"},{"@type":"Organization","@id":"https:\/\/narteks.net\/#organization","name":"narteks.net","url":"https:\/\/narteks.net\/","logo":{"@type":"ImageObject","inLanguage":"tr","@id":"https:\/\/narteks.net\/#\/schema\/logo\/image\/","url":"https:\/\/narteks.net\/wp-content\/uploads\/narteks.png","contentUrl":"https:\/\/narteks.net\/wp-content\/uploads\/narteks.png","width":300,"height":90,"caption":"narteks.net"},"image":{"@id":"https:\/\/narteks.net\/#\/schema\/logo\/image\/"},"sameAs":["https:\/\/x.com\/narteks","https:\/\/instagram.com\/narteksnet"]},{"@type":"Person","@id":"https:\/\/narteks.net\/#\/schema\/person\/61f37d9834294b72d31d274e7ed79bca","name":"Tar\u0131k","image":{"@type":"ImageObject","inLanguage":"tr","@id":"https:\/\/narteks.net\/#\/schema\/person\/image\/","url":"https:\/\/secure.gravatar.com\/avatar\/50865afb55632c4ae467e0af0930f6510aa2297d8014be502a55b14f3b7550cf?s=96&d=mm&r=g","contentUrl":"https:\/\/secure.gravatar.com\/avatar\/50865afb55632c4ae467e0af0930f6510aa2297d8014be502a55b14f3b7550cf?s=96&d=mm&r=g","caption":"Tar\u0131k"},"sameAs":["http:\/\/narteks.net"],"url":"https:\/\/narteks.net\/index.php\/author\/narbak\/"}]}},"_links":{"self":[{"href":"https:\/\/narteks.net\/index.php\/wp-json\/wp\/v2\/posts\/4537","targetHints":{"allow":["GET"]}}],"collection":[{"href":"https:\/\/narteks.net\/index.php\/wp-json\/wp\/v2\/posts"}],"about":[{"href":"https:\/\/narteks.net\/index.php\/wp-json\/wp\/v2\/types\/post"}],"author":[{"embeddable":true,"href":"https:\/\/narteks.net\/index.php\/wp-json\/wp\/v2\/users\/1"}],"replies":[{"embeddable":true,"href":"https:\/\/narteks.net\/index.php\/wp-json\/wp\/v2\/comments?post=4537"}],"version-history":[{"count":0,"href":"https:\/\/narteks.net\/index.php\/wp-json\/wp\/v2\/posts\/4537\/revisions"}],"wp:attachment":[{"href":"https:\/\/narteks.net\/index.php\/wp-json\/wp\/v2\/media?parent=4537"}],"wp:term":[{"taxonomy":"category","embeddable":true,"href":"https:\/\/narteks.net\/index.php\/wp-json\/wp\/v2\/categories?post=4537"},{"taxonomy":"post_tag","embeddable":true,"href":"https:\/\/narteks.net\/index.php\/wp-json\/wp\/v2\/tags?post=4537"}],"curies":[{"name":"wp","href":"https:\/\/api.w.org\/{rel}","templated":true}]}}