{"id":4539,"date":"2010-04-30T12:01:54","date_gmt":"2010-04-30T09:01:54","guid":{"rendered":"http:\/\/localhost\/wordpress\/2010\/04\/30\/askim-ebedidir\/"},"modified":"2010-04-30T12:01:54","modified_gmt":"2010-04-30T09:01:54","slug":"askim-ebedidir","status":"publish","type":"post","link":"https:\/\/narteks.net\/index.php\/2010\/04\/30\/askim-ebedidir\/","title":{"rendered":"A\u015eKIM EBED\u0130D\u0130R"},"content":{"rendered":"<p>\u00a0<\/p>\n<p>A\u015fk\u0131m ebedidir, erecek san\u0131na zevale,<br \/>D\u00f6nsem elem-i kahr-\u0131 firak\u0131nla hilale.<\/p>\n<p>Big\u00e2ne-i gamd\u0131m seni ben g\u00f6rmeden evvel<br \/>Ettin bug\u00fcn e\u011flencemi feryad ile nale,<\/p>\n<p>Sevdimse seni safveti vicdan ile sevdim:<br \/>Bir l\u00e2hza bile d\u00fc\u015fmedim \u00fcmm\u00eed-i visale,<\/p>\n<p>Etmez mi eser kalbine feryad\u0131 hazinim?<br \/>K\u00e2fir bile giryan oluyor \u015fimdi bu hale.<\/p>\n<p>Kim derdi kader d\u00fbr edecek birbirimizden<br \/>Eyyam\u0131 saadet d\u00f6necek b\u00f6yle hayale.<\/p>\n<p>Aylar, seneler b\u00f6yle firak\u0131nla ge\u00e7erde<br \/>H\u00e2la seni zalim, edemem Hakka havale!<\/p>\n<p>Feryad ederek a\u011flar ise \u00e7ok mu Nezihe,<br \/>D\u00fc\u015ft\u00fc yine bir sahili yok bahr-i mel\u00e2le!<\/p>\n<p>Ya\u015far Nezihe B\u00dcK\u00dcLMEZ<\/p>\n","protected":false},"excerpt":{"rendered":"<p>\u00a0 A\u015fk\u0131m ebedidir, erecek san\u0131na zevale,D\u00f6nsem elem-i kahr-\u0131 firak\u0131nla hilale. Big\u00e2ne-i gamd\u0131m seni ben g\u00f6rmeden evvelEttin bug\u00fcn e\u011flencemi feryad ile nale, Sevdimse seni safveti vicdan ile sevdim:Bir l\u00e2hza bile d\u00fc\u015fmedim \u00fcmm\u00eed-i visale, Etmez mi eser kalbine feryad\u0131 hazinim?K\u00e2fir bile giryan oluyor \u015fimdi bu hale. Kim derdi kader d\u00fbr edecek birbirimizdenEyyam\u0131 saadet d\u00f6necek b\u00f6yle hayale. Aylar, [&hellip;]<\/p>\n","protected":false},"author":1,"featured_media":0,"comment_status":"open","ping_status":"open","sticky":false,"template":"","format":"standard","meta":{"footnotes":""},"categories":[146],"tags":[],"class_list":{"0":"post-4539","1":"post","2":"type-post","3":"status-publish","4":"format-standard","6":"category-yasar-nezihe-hanim"},"yoast_head":"<!-- This site is optimized with the Yoast SEO Premium plugin v24.9 (Yoast SEO v24.9) - https:\/\/yoast.com\/wordpress\/plugins\/seo\/ -->\n<title>A\u015eKIM EBED\u0130D\u0130R - narteks.net<\/title>\n<meta name=\"robots\" content=\"index, follow, max-snippet:-1, max-image-preview:large, max-video-preview:-1\" \/>\n<link rel=\"canonical\" href=\"https:\/\/narteks.net\/index.php\/2010\/04\/30\/askim-ebedidir\/\" \/>\n<meta property=\"og:locale\" content=\"tr_TR\" \/>\n<meta property=\"og:type\" content=\"article\" \/>\n<meta property=\"og:title\" content=\"A\u015eKIM EBED\u0130D\u0130R\" \/>\n<meta property=\"og:description\" content=\"\u00a0 A\u015fk\u0131m ebedidir, erecek san\u0131na zevale,D\u00f6nsem elem-i kahr-\u0131 firak\u0131nla hilale. Big\u00e2ne-i gamd\u0131m seni ben g\u00f6rmeden evvelEttin bug\u00fcn e\u011flencemi feryad ile nale, Sevdimse seni safveti vicdan ile sevdim:Bir l\u00e2hza bile d\u00fc\u015fmedim \u00fcmm\u00eed-i visale, Etmez mi eser kalbine feryad\u0131 hazinim?K\u00e2fir bile giryan oluyor \u015fimdi bu hale. Kim derdi kader d\u00fbr edecek birbirimizdenEyyam\u0131 saadet d\u00f6necek b\u00f6yle hayale. Aylar, [&hellip;]\" \/>\n<meta property=\"og:url\" content=\"https:\/\/narteks.net\/index.php\/2010\/04\/30\/askim-ebedidir\/\" \/>\n<meta property=\"og:site_name\" content=\"narteks.net\" \/>\n<meta property=\"article:published_time\" content=\"2010-04-30T09:01:54+00:00\" \/>\n<meta property=\"og:image\" content=\"https:\/\/narteks.net\/wp-content\/uploads\/narteks.png\" \/>\n\t<meta property=\"og:image:width\" content=\"300\" \/>\n\t<meta property=\"og:image:height\" content=\"90\" \/>\n\t<meta property=\"og:image:type\" content=\"image\/png\" \/>\n<meta name=\"author\" content=\"Tar\u0131k\" \/>\n<meta name=\"twitter:card\" content=\"summary_large_image\" \/>\n<meta name=\"twitter:creator\" content=\"@narteks\" \/>\n<meta name=\"twitter:site\" content=\"@narteks\" \/>\n<meta name=\"twitter:label1\" content=\"Yazan:\" \/>\n\t<meta name=\"twitter:data1\" content=\"Tar\u0131k\" \/>\n\t<meta name=\"twitter:label2\" content=\"Tahmini okuma s\u00fcresi\" \/>\n\t<meta name=\"twitter:data2\" content=\"1 dakika\" \/>\n<script type=\"application\/ld+json\" class=\"yoast-schema-graph\">{\"@context\":\"https:\/\/schema.org\",\"@graph\":[{\"@type\":\"Article\",\"@id\":\"https:\/\/narteks.net\/index.php\/2010\/04\/30\/askim-ebedidir\/#article\",\"isPartOf\":{\"@id\":\"https:\/\/narteks.net\/index.php\/2010\/04\/30\/askim-ebedidir\/\"},\"author\":{\"name\":\"Tar\u0131k\",\"@id\":\"https:\/\/narteks.net\/#\/schema\/person\/61f37d9834294b72d31d274e7ed79bca\"},\"headline\":\"A\u015eKIM EBED\u0130D\u0130R\",\"datePublished\":\"2010-04-30T09:01:54+00:00\",\"mainEntityOfPage\":{\"@id\":\"https:\/\/narteks.net\/index.php\/2010\/04\/30\/askim-ebedidir\/\"},\"wordCount\":115,\"commentCount\":0,\"publisher\":{\"@id\":\"https:\/\/narteks.net\/#organization\"},\"articleSection\":[\"Ya\u015far NEZ\u0130HE Han\u0131m\"],\"inLanguage\":\"tr\",\"potentialAction\":[{\"@type\":\"CommentAction\",\"name\":\"Comment\",\"target\":[\"https:\/\/narteks.net\/index.php\/2010\/04\/30\/askim-ebedidir\/#respond\"]}]},{\"@type\":\"WebPage\",\"@id\":\"https:\/\/narteks.net\/index.php\/2010\/04\/30\/askim-ebedidir\/\",\"url\":\"https:\/\/narteks.net\/index.php\/2010\/04\/30\/askim-ebedidir\/\",\"name\":\"A\u015eKIM EBED\u0130D\u0130R - narteks.net\",\"isPartOf\":{\"@id\":\"https:\/\/narteks.net\/#website\"},\"datePublished\":\"2010-04-30T09:01:54+00:00\",\"breadcrumb\":{\"@id\":\"https:\/\/narteks.net\/index.php\/2010\/04\/30\/askim-ebedidir\/#breadcrumb\"},\"inLanguage\":\"tr\",\"potentialAction\":[{\"@type\":\"ReadAction\",\"target\":[\"https:\/\/narteks.net\/index.php\/2010\/04\/30\/askim-ebedidir\/\"]}]},{\"@type\":\"BreadcrumbList\",\"@id\":\"https:\/\/narteks.net\/index.php\/2010\/04\/30\/askim-ebedidir\/#breadcrumb\",\"itemListElement\":[{\"@type\":\"ListItem\",\"position\":1,\"name\":\"Anasayfa\",\"item\":\"https:\/\/narteks.net\/\"},{\"@type\":\"ListItem\",\"position\":2,\"name\":\"A\u015eKIM EBED\u0130D\u0130R\"}]},{\"@type\":\"WebSite\",\"@id\":\"https:\/\/narteks.net\/#website\",\"url\":\"https:\/\/narteks.net\/\",\"name\":\"narteks.net\",\"description\":\"K\u00fclt\u00fcr Sanat Edebiyat Felsefe\",\"publisher\":{\"@id\":\"https:\/\/narteks.net\/#organization\"},\"alternateName\":\"K\u00fclt\u00fcr Sanat Edebiyat Felsefe\",\"potentialAction\":[{\"@type\":\"SearchAction\",\"target\":{\"@type\":\"EntryPoint\",\"urlTemplate\":\"https:\/\/narteks.net\/?s={search_term_string}\"},\"query-input\":{\"@type\":\"PropertyValueSpecification\",\"valueRequired\":true,\"valueName\":\"search_term_string\"}}],\"inLanguage\":\"tr\"},{\"@type\":\"Organization\",\"@id\":\"https:\/\/narteks.net\/#organization\",\"name\":\"narteks.net\",\"url\":\"https:\/\/narteks.net\/\",\"logo\":{\"@type\":\"ImageObject\",\"inLanguage\":\"tr\",\"@id\":\"https:\/\/narteks.net\/#\/schema\/logo\/image\/\",\"url\":\"https:\/\/narteks.net\/wp-content\/uploads\/narteks.png\",\"contentUrl\":\"https:\/\/narteks.net\/wp-content\/uploads\/narteks.png\",\"width\":300,\"height\":90,\"caption\":\"narteks.net\"},\"image\":{\"@id\":\"https:\/\/narteks.net\/#\/schema\/logo\/image\/\"},\"sameAs\":[\"https:\/\/x.com\/narteks\",\"https:\/\/instagram.com\/narteksnet\"]},{\"@type\":\"Person\",\"@id\":\"https:\/\/narteks.net\/#\/schema\/person\/61f37d9834294b72d31d274e7ed79bca\",\"name\":\"Tar\u0131k\",\"image\":{\"@type\":\"ImageObject\",\"inLanguage\":\"tr\",\"@id\":\"https:\/\/narteks.net\/#\/schema\/person\/image\/\",\"url\":\"https:\/\/secure.gravatar.com\/avatar\/50865afb55632c4ae467e0af0930f6510aa2297d8014be502a55b14f3b7550cf?s=96&d=mm&r=g\",\"contentUrl\":\"https:\/\/secure.gravatar.com\/avatar\/50865afb55632c4ae467e0af0930f6510aa2297d8014be502a55b14f3b7550cf?s=96&d=mm&r=g\",\"caption\":\"Tar\u0131k\"},\"sameAs\":[\"http:\/\/narteks.net\"],\"url\":\"https:\/\/narteks.net\/index.php\/author\/narbak\/\"}]}<\/script>\n<!-- \/ Yoast SEO Premium plugin. -->","yoast_head_json":{"title":"A\u015eKIM EBED\u0130D\u0130R - narteks.net","robots":{"index":"index","follow":"follow","max-snippet":"max-snippet:-1","max-image-preview":"max-image-preview:large","max-video-preview":"max-video-preview:-1"},"canonical":"https:\/\/narteks.net\/index.php\/2010\/04\/30\/askim-ebedidir\/","og_locale":"tr_TR","og_type":"article","og_title":"A\u015eKIM EBED\u0130D\u0130R","og_description":"\u00a0 A\u015fk\u0131m ebedidir, erecek san\u0131na zevale,D\u00f6nsem elem-i kahr-\u0131 firak\u0131nla hilale. Big\u00e2ne-i gamd\u0131m seni ben g\u00f6rmeden evvelEttin bug\u00fcn e\u011flencemi feryad ile nale, Sevdimse seni safveti vicdan ile sevdim:Bir l\u00e2hza bile d\u00fc\u015fmedim \u00fcmm\u00eed-i visale, Etmez mi eser kalbine feryad\u0131 hazinim?K\u00e2fir bile giryan oluyor \u015fimdi bu hale. Kim derdi kader d\u00fbr edecek birbirimizdenEyyam\u0131 saadet d\u00f6necek b\u00f6yle hayale. Aylar, [&hellip;]","og_url":"https:\/\/narteks.net\/index.php\/2010\/04\/30\/askim-ebedidir\/","og_site_name":"narteks.net","article_published_time":"2010-04-30T09:01:54+00:00","og_image":[{"width":300,"height":90,"url":"https:\/\/narteks.net\/wp-content\/uploads\/narteks.png","type":"image\/png"}],"author":"Tar\u0131k","twitter_card":"summary_large_image","twitter_creator":"@narteks","twitter_site":"@narteks","twitter_misc":{"Yazan:":"Tar\u0131k","Tahmini okuma s\u00fcresi":"1 dakika"},"schema":{"@context":"https:\/\/schema.org","@graph":[{"@type":"Article","@id":"https:\/\/narteks.net\/index.php\/2010\/04\/30\/askim-ebedidir\/#article","isPartOf":{"@id":"https:\/\/narteks.net\/index.php\/2010\/04\/30\/askim-ebedidir\/"},"author":{"name":"Tar\u0131k","@id":"https:\/\/narteks.net\/#\/schema\/person\/61f37d9834294b72d31d274e7ed79bca"},"headline":"A\u015eKIM EBED\u0130D\u0130R","datePublished":"2010-04-30T09:01:54+00:00","mainEntityOfPage":{"@id":"https:\/\/narteks.net\/index.php\/2010\/04\/30\/askim-ebedidir\/"},"wordCount":115,"commentCount":0,"publisher":{"@id":"https:\/\/narteks.net\/#organization"},"articleSection":["Ya\u015far NEZ\u0130HE Han\u0131m"],"inLanguage":"tr","potentialAction":[{"@type":"CommentAction","name":"Comment","target":["https:\/\/narteks.net\/index.php\/2010\/04\/30\/askim-ebedidir\/#respond"]}]},{"@type":"WebPage","@id":"https:\/\/narteks.net\/index.php\/2010\/04\/30\/askim-ebedidir\/","url":"https:\/\/narteks.net\/index.php\/2010\/04\/30\/askim-ebedidir\/","name":"A\u015eKIM EBED\u0130D\u0130R - narteks.net","isPartOf":{"@id":"https:\/\/narteks.net\/#website"},"datePublished":"2010-04-30T09:01:54+00:00","breadcrumb":{"@id":"https:\/\/narteks.net\/index.php\/2010\/04\/30\/askim-ebedidir\/#breadcrumb"},"inLanguage":"tr","potentialAction":[{"@type":"ReadAction","target":["https:\/\/narteks.net\/index.php\/2010\/04\/30\/askim-ebedidir\/"]}]},{"@type":"BreadcrumbList","@id":"https:\/\/narteks.net\/index.php\/2010\/04\/30\/askim-ebedidir\/#breadcrumb","itemListElement":[{"@type":"ListItem","position":1,"name":"Anasayfa","item":"https:\/\/narteks.net\/"},{"@type":"ListItem","position":2,"name":"A\u015eKIM EBED\u0130D\u0130R"}]},{"@type":"WebSite","@id":"https:\/\/narteks.net\/#website","url":"https:\/\/narteks.net\/","name":"narteks.net","description":"K\u00fclt\u00fcr Sanat Edebiyat Felsefe","publisher":{"@id":"https:\/\/narteks.net\/#organization"},"alternateName":"K\u00fclt\u00fcr Sanat Edebiyat Felsefe","potentialAction":[{"@type":"SearchAction","target":{"@type":"EntryPoint","urlTemplate":"https:\/\/narteks.net\/?s={search_term_string}"},"query-input":{"@type":"PropertyValueSpecification","valueRequired":true,"valueName":"search_term_string"}}],"inLanguage":"tr"},{"@type":"Organization","@id":"https:\/\/narteks.net\/#organization","name":"narteks.net","url":"https:\/\/narteks.net\/","logo":{"@type":"ImageObject","inLanguage":"tr","@id":"https:\/\/narteks.net\/#\/schema\/logo\/image\/","url":"https:\/\/narteks.net\/wp-content\/uploads\/narteks.png","contentUrl":"https:\/\/narteks.net\/wp-content\/uploads\/narteks.png","width":300,"height":90,"caption":"narteks.net"},"image":{"@id":"https:\/\/narteks.net\/#\/schema\/logo\/image\/"},"sameAs":["https:\/\/x.com\/narteks","https:\/\/instagram.com\/narteksnet"]},{"@type":"Person","@id":"https:\/\/narteks.net\/#\/schema\/person\/61f37d9834294b72d31d274e7ed79bca","name":"Tar\u0131k","image":{"@type":"ImageObject","inLanguage":"tr","@id":"https:\/\/narteks.net\/#\/schema\/person\/image\/","url":"https:\/\/secure.gravatar.com\/avatar\/50865afb55632c4ae467e0af0930f6510aa2297d8014be502a55b14f3b7550cf?s=96&d=mm&r=g","contentUrl":"https:\/\/secure.gravatar.com\/avatar\/50865afb55632c4ae467e0af0930f6510aa2297d8014be502a55b14f3b7550cf?s=96&d=mm&r=g","caption":"Tar\u0131k"},"sameAs":["http:\/\/narteks.net"],"url":"https:\/\/narteks.net\/index.php\/author\/narbak\/"}]}},"_links":{"self":[{"href":"https:\/\/narteks.net\/index.php\/wp-json\/wp\/v2\/posts\/4539","targetHints":{"allow":["GET"]}}],"collection":[{"href":"https:\/\/narteks.net\/index.php\/wp-json\/wp\/v2\/posts"}],"about":[{"href":"https:\/\/narteks.net\/index.php\/wp-json\/wp\/v2\/types\/post"}],"author":[{"embeddable":true,"href":"https:\/\/narteks.net\/index.php\/wp-json\/wp\/v2\/users\/1"}],"replies":[{"embeddable":true,"href":"https:\/\/narteks.net\/index.php\/wp-json\/wp\/v2\/comments?post=4539"}],"version-history":[{"count":0,"href":"https:\/\/narteks.net\/index.php\/wp-json\/wp\/v2\/posts\/4539\/revisions"}],"wp:attachment":[{"href":"https:\/\/narteks.net\/index.php\/wp-json\/wp\/v2\/media?parent=4539"}],"wp:term":[{"taxonomy":"category","embeddable":true,"href":"https:\/\/narteks.net\/index.php\/wp-json\/wp\/v2\/categories?post=4539"},{"taxonomy":"post_tag","embeddable":true,"href":"https:\/\/narteks.net\/index.php\/wp-json\/wp\/v2\/tags?post=4539"}],"curies":[{"name":"wp","href":"https:\/\/api.w.org\/{rel}","templated":true}]}}