{"id":454,"date":"2009-03-13T23:12:38","date_gmt":"2009-03-13T20:12:38","guid":{"rendered":"http:\/\/localhost\/wordpress\/2009\/03\/13\/sen-olasin-urgup\/"},"modified":"2009-03-13T23:12:38","modified_gmt":"2009-03-13T20:12:38","slug":"sen-olasin-urgup","status":"publish","type":"post","link":"https:\/\/narteks.net\/index.php\/2009\/03\/13\/sen-olasin-urgup\/","title":{"rendered":"\u015een Olas\u0131n \u00dcrg\u00fcp"},"content":{"rendered":"<p style=\"text-align: justify;\"><span style=\"font-size: 14pt;\"><strong>\u015een Olas\u0131n \u00dcrg\u00fcp (Cemal&#8217;\u0131m)<\/strong><\/span><\/p>\n<p>T\u00fcrk\u00fc, \u00f6ld\u00fcr\u00fclen Cemal&#8217;e, kar\u0131s\u0131 \u015eerife taraf\u0131ndan yak\u0131lm\u0131\u015ft\u0131r. \u015eerife, 90 y\u0131ldan fazla ya\u015fam\u0131\u015f, 30 Kas\u0131m 1993 g\u00fcn\u00fc vefat etmi\u015ftir. 14-15 ya\u015flar\u0131nda Cemal&#8217;le evlenmi\u015f, mutlu ge\u00e7en birka\u00e7 y\u0131l\u0131 Cemal&#8217;in \u00f6ld\u00fcr\u00fclmesiyle sona ermi\u015f, bu hadiseden sonra bir o\u011flu ile ortada kalm\u0131\u015ft\u0131r. Bu hadisenin olu\u015f \u015fekli ve ona yak\u0131lan a\u011f\u0131t\u0131\/t\u00fcrk\u00fcy\u00fc bana, \u015eerife&#8217;nin daha sonra evlendi\u011fi Hayrullah&#8217;tan olan o\u011flu \u0130smet Aksoy g\u00f6ndermi\u015ftir.*Cemal&#8217;in \u00f6ld\u00fcr\u00fclme hadisesi ve t\u00fcrk\u00fcn\u00fcn tam metni \u015f\u00f6yledir:<\/p>\n<p>\u00dcrg\u00fcp&#8217;\u00fcn Karl\u0131k k\u00f6y\u00fcn\u00fcn e\u015fraf\u0131ndan ve varl\u0131kl\u0131 bir ailesinden olan Cemal, kalle\u015flikle \u00f6ld\u00fcr\u00fcl\u00fcr. Herkes\u00e7e sevip say\u0131lan Cemal&#8217;in \u00f6l\u00fcm\u00fcne yanmayan kalmaz. E\u015fi \u015eerife ac\u0131lar\u0131n\u0131 yakt\u0131\u011f\u0131 a\u011f\u0131tla hafifletmeye \u00e7al\u0131\u015f\u0131r. Yetim kalan o\u011flu Mustafa da, birka\u00e7 y\u0131l sonra hasat zaman\u0131 bir at\u0131n tepmesi sonucu \u00f6lm\u00fc\u015ft\u00fcr. <\/p>\n<p>A\u011f\u0131t, \u015eerife&#8217;nin ikinci kocas\u0131 Hayrullah&#8217;\u0131n sonraki y\u0131llar Refik Ba\u015faran&#8217;a &#8220;Herkese bir t\u00fcrk\u00fc okudun ama, bana okumad\u0131n.&#8221; diye sitem etmesi \u00fczerine Cemal t\u00fcrk\u00fcs\u00fcn\u00fc pla\u011fa okur. Cemal Hayrullah&#8217;\u0131n ayn\u0131 zamanda amcas\u0131d\u0131r. Onun \u00f6ld\u00fcr\u00fcl\u00fc\u015f\u00fc \u015eerife kadar Hayrullah&#8217;\u0131 da etkiler. \u015eerife&#8217;nin t\u00fcrk\u00fcn\u00fcn her \u00e7al\u0131n\u0131\u015f\u0131nda g\u00f6z\u00fcnden iplik iplik ya\u015flar ak\u0131tmas\u0131n\u0131, Cemal&#8217;i bir t\u00fcrl\u00fc unutamamas\u0131n\u0131 daima anlay\u0131\u015fla kar\u015f\u0131lam\u0131\u015ft\u0131r.<\/p>\n<p>T\u00fcrk\u00fcn\u00fcn as\u0131l metni \u015f\u00f6yledir:<\/p>\n<p>\u015een olas\u0131n \u00dcrg\u00fcp duman\u0131n gitmez<br \/>K\u0131rat\u0131n acemi kona\u011f\u0131 tutmaz<br \/>O\u011flun da \u00e7ok k\u00fc\u00e7\u00fck yerini tumaz<br \/> Cemal&#8217;\u0131m Cemal&#8217;\u0131m alg\u0131n Cemal&#8217;\u0131m<br \/> Al kanlar i\u00e7inde kald\u0131n Cemal&#8217;\u0131m<\/p>\n<p>\u00dcrg\u00fcp&#8217;ten de \u00e7\u0131kt\u0131\u011f\u0131n\u0131 g\u00f6rm\u00fc\u015fl\u00fcr<br \/>K\u0131rat\u0131n\u0131n sekisinden bilmi\u015fler<br \/>Seni \u00f6ld\u00fcrmeye karar vermi\u015fler<br \/> Cemal&#8217;\u0131m Cemal&#8217;\u0131m alg\u0131n Cemal&#8217;\u0131m<br \/> Al kanlar i\u00e7inde kald\u0131n Cemal&#8217;\u0131m<\/p>\n<p>Cemal&#8217;\u0131n giydi\u011fi ketenden yilek<br \/>Al kana boyanm\u0131\u015f don ile g\u00f6ynek<br \/>Sana nasip oldu ecelsiz \u00f6lmek<br \/> Cemal&#8217;\u0131m Cemal&#8217;\u0131m alg\u0131n Cemal&#8217;\u0131m<br \/> Al kanlar i\u00e7inde kald\u0131n Cemal&#8217;\u0131m<\/p>\n<p>\u00dcrg\u00fcp&#8217;ten de \u00e7\u0131kt\u0131n k\u0131rat ki\u015fnedi<br \/>\u00dczengiler aya\u011f\u0131n\u0131 bo\u015flad\u0131<br \/>Ya\u011fl\u0131 kur\u015fun ili\u011fine i\u015fledi<br \/> Cemal&#8217;\u0131m Cemal&#8217;\u0131m alg\u0131n Cemal&#8217;\u0131m<br \/> Al kanlar i\u00e7inde kald\u0131n Cemal&#8217;\u0131m<\/p>\n<p>Karl\u0131k ile ba\u015fkad\u0131n p\u0131nar aras\u0131<br \/>\u00c7ok mu imi\u015f Cemal&#8217;\u0131m\u0131n yaras\u0131<br \/>A\u011flay\u0131p geliyor garip anas\u0131<br \/> Cemal&#8217;\u0131m Cemal&#8217;\u0131m alg\u0131n Cemal&#8217;\u0131m<br \/> Al kanlar i\u00e7inde kald\u0131n Cemal&#8217;\u0131m<\/p>\n<p>Cemal&#8217;\u0131n giydi\u011fi kadife \u015falvar<br \/>D\u00fckk\u00e2n\u0131n kilidi cebinde parlar<br \/>O\u011flun da \u00e7ok k\u00fc\u00e7\u00fck be\u015fikte a\u011flar<br \/> Cemal&#8217;\u0131m Cemal&#8217;\u0131m alg\u0131n Cemal&#8217;\u0131m<br \/> Al kanlar i\u00e7inde kald\u0131n Cemal&#8217;\u0131m<\/p>\n<p>K\u0131rat\u0131n \u00fcst\u00fcnde bir uzun yayla<br \/>Ne desem a\u011flasam kaderim b\u00f6yle<br \/>Gidersen \u00dcrg\u00fcp&#8217;e sen sel\u00e2m s\u00f6yle<br \/> Cemal&#8217;\u0131m Cemal&#8217;\u0131m alg\u0131n Cemal&#8217;\u0131m<br \/> Al kanlar i\u00e7inde kald\u0131n Cemal&#8217;\u0131m<\/p>\n<p>K\u0131rat\u0131m ba\u015f\u0131mda oturmu\u015f a\u011flar<br \/>Cemal&#8217;a dayanmaz \u015fu karl\u0131 da\u011flar<br \/>\u00dcz\u00fcm vermez oldu Karl\u0131k&#8217;ta ba\u011flar<br \/> Cemal&#8217;\u0131m Cemal&#8217;\u0131m alg\u0131n Cemal&#8217;\u0131m<br \/> Al kanlar i\u00e7inde kald\u0131n Cemal&#8217;\u0131m<\/p>\n<p>Giden Cemal gelir mi de yerine<br \/>\u0130\u00e7erimde yaram indi derine<br \/>Cemal d\u00fc\u015fta kahpelerin \u015ferine<br \/> Cemal&#8217;\u0131m Cemal&#8217;\u0131m alg\u0131n Cemal&#8217;\u0131m<br \/> Al kanlar i\u00e7inde kald\u0131n Cemal&#8217;\u0131m<\/p>\n<p>(seki : at\u0131n t\u0131rnaklar\u0131n\u0131n \u00fcst k\u0131sm\u0131nda bulunan beyaz k\u0131llar)<\/p>\n<p>*Bana Cemal&#8217;\u0131m t\u00fcrk\u00fcs\u00fcn\u00fc ve t\u00fcrk\u00fcn\u00fcn hik\u00e2yesini g\u00f6ndermek lutfunda bulunan \u0130smet Aksoy&#8217;a \u015f\u00fckranlar\u0131m\u0131 sunar\u0131m.<\/p>\n<p>Yrd. Do\u00e7 Dr. Do\u011fan Kaya<\/p>\n","protected":false},"excerpt":{"rendered":"<p>\u015een Olas\u0131n \u00dcrg\u00fcp (Cemal&#8217;\u0131m) T\u00fcrk\u00fc, \u00f6ld\u00fcr\u00fclen Cemal&#8217;e, kar\u0131s\u0131 \u015eerife taraf\u0131ndan yak\u0131lm\u0131\u015ft\u0131r. \u015eerife, 90 y\u0131ldan fazla ya\u015fam\u0131\u015f, 30 Kas\u0131m 1993 g\u00fcn\u00fc vefat etmi\u015ftir. 14-15 ya\u015flar\u0131nda Cemal&#8217;le evlenmi\u015f, mutlu ge\u00e7en birka\u00e7 y\u0131l\u0131 Cemal&#8217;in \u00f6ld\u00fcr\u00fclmesiyle sona ermi\u015f, bu hadiseden sonra bir o\u011flu ile ortada kalm\u0131\u015ft\u0131r. Bu hadisenin olu\u015f \u015fekli ve ona yak\u0131lan a\u011f\u0131t\u0131\/t\u00fcrk\u00fcy\u00fc bana, \u015eerife&#8217;nin daha sonra evlendi\u011fi [&hellip;]<\/p>\n","protected":false},"author":1,"featured_media":0,"comment_status":"open","ping_status":"open","sticky":false,"template":"","format":"standard","meta":{"footnotes":""},"categories":[55],"tags":[],"class_list":{"0":"post-454","1":"post","2":"type-post","3":"status-publish","4":"format-standard","6":"category-oykuleriyle-turkuler"},"yoast_head":"<!-- This site is optimized with the Yoast SEO Premium plugin v24.9 (Yoast SEO v24.9) - https:\/\/yoast.com\/wordpress\/plugins\/seo\/ -->\n<title>\u015een Olas\u0131n \u00dcrg\u00fcp - narteks.net<\/title>\n<meta name=\"robots\" content=\"index, follow, max-snippet:-1, max-image-preview:large, max-video-preview:-1\" \/>\n<link rel=\"canonical\" href=\"https:\/\/narteks.net\/index.php\/2009\/03\/13\/sen-olasin-urgup\/\" \/>\n<meta property=\"og:locale\" content=\"tr_TR\" \/>\n<meta property=\"og:type\" content=\"article\" \/>\n<meta property=\"og:title\" content=\"\u015een Olas\u0131n \u00dcrg\u00fcp\" \/>\n<meta property=\"og:description\" content=\"\u015een Olas\u0131n \u00dcrg\u00fcp (Cemal&#8217;\u0131m) T\u00fcrk\u00fc, \u00f6ld\u00fcr\u00fclen Cemal&#8217;e, kar\u0131s\u0131 \u015eerife taraf\u0131ndan yak\u0131lm\u0131\u015ft\u0131r. \u015eerife, 90 y\u0131ldan fazla ya\u015fam\u0131\u015f, 30 Kas\u0131m 1993 g\u00fcn\u00fc vefat etmi\u015ftir. 14-15 ya\u015flar\u0131nda Cemal&#8217;le evlenmi\u015f, mutlu ge\u00e7en birka\u00e7 y\u0131l\u0131 Cemal&#8217;in \u00f6ld\u00fcr\u00fclmesiyle sona ermi\u015f, bu hadiseden sonra bir o\u011flu ile ortada kalm\u0131\u015ft\u0131r. Bu hadisenin olu\u015f \u015fekli ve ona yak\u0131lan a\u011f\u0131t\u0131\/t\u00fcrk\u00fcy\u00fc bana, \u015eerife&#8217;nin daha sonra evlendi\u011fi [&hellip;]\" \/>\n<meta property=\"og:url\" content=\"https:\/\/narteks.net\/index.php\/2009\/03\/13\/sen-olasin-urgup\/\" \/>\n<meta property=\"og:site_name\" content=\"narteks.net\" \/>\n<meta property=\"article:published_time\" content=\"2009-03-13T20:12:38+00:00\" \/>\n<meta property=\"og:image\" content=\"https:\/\/narteks.net\/wp-content\/uploads\/narteks.png\" \/>\n\t<meta property=\"og:image:width\" content=\"300\" \/>\n\t<meta property=\"og:image:height\" content=\"90\" \/>\n\t<meta property=\"og:image:type\" content=\"image\/png\" \/>\n<meta name=\"author\" content=\"Tar\u0131k\" \/>\n<meta name=\"twitter:card\" content=\"summary_large_image\" \/>\n<meta name=\"twitter:creator\" content=\"@narteks\" \/>\n<meta name=\"twitter:site\" content=\"@narteks\" \/>\n<meta name=\"twitter:label1\" content=\"Yazan:\" \/>\n\t<meta name=\"twitter:data1\" content=\"Tar\u0131k\" \/>\n\t<meta name=\"twitter:label2\" content=\"Tahmini okuma s\u00fcresi\" \/>\n\t<meta name=\"twitter:data2\" content=\"3 dakika\" \/>\n<script type=\"application\/ld+json\" class=\"yoast-schema-graph\">{\"@context\":\"https:\/\/schema.org\",\"@graph\":[{\"@type\":\"Article\",\"@id\":\"https:\/\/narteks.net\/index.php\/2009\/03\/13\/sen-olasin-urgup\/#article\",\"isPartOf\":{\"@id\":\"https:\/\/narteks.net\/index.php\/2009\/03\/13\/sen-olasin-urgup\/\"},\"author\":{\"name\":\"Tar\u0131k\",\"@id\":\"https:\/\/narteks.net\/#\/schema\/person\/61f37d9834294b72d31d274e7ed79bca\"},\"headline\":\"\u015een Olas\u0131n \u00dcrg\u00fcp\",\"datePublished\":\"2009-03-13T20:12:38+00:00\",\"mainEntityOfPage\":{\"@id\":\"https:\/\/narteks.net\/index.php\/2009\/03\/13\/sen-olasin-urgup\/\"},\"wordCount\":635,\"commentCount\":0,\"publisher\":{\"@id\":\"https:\/\/narteks.net\/#organization\"},\"articleSection\":[\"\u00d6yk\u00fcleriyle T\u00fcrk\u00fcler\"],\"inLanguage\":\"tr\",\"potentialAction\":[{\"@type\":\"CommentAction\",\"name\":\"Comment\",\"target\":[\"https:\/\/narteks.net\/index.php\/2009\/03\/13\/sen-olasin-urgup\/#respond\"]}]},{\"@type\":\"WebPage\",\"@id\":\"https:\/\/narteks.net\/index.php\/2009\/03\/13\/sen-olasin-urgup\/\",\"url\":\"https:\/\/narteks.net\/index.php\/2009\/03\/13\/sen-olasin-urgup\/\",\"name\":\"\u015een Olas\u0131n \u00dcrg\u00fcp - narteks.net\",\"isPartOf\":{\"@id\":\"https:\/\/narteks.net\/#website\"},\"datePublished\":\"2009-03-13T20:12:38+00:00\",\"breadcrumb\":{\"@id\":\"https:\/\/narteks.net\/index.php\/2009\/03\/13\/sen-olasin-urgup\/#breadcrumb\"},\"inLanguage\":\"tr\",\"potentialAction\":[{\"@type\":\"ReadAction\",\"target\":[\"https:\/\/narteks.net\/index.php\/2009\/03\/13\/sen-olasin-urgup\/\"]}]},{\"@type\":\"BreadcrumbList\",\"@id\":\"https:\/\/narteks.net\/index.php\/2009\/03\/13\/sen-olasin-urgup\/#breadcrumb\",\"itemListElement\":[{\"@type\":\"ListItem\",\"position\":1,\"name\":\"Anasayfa\",\"item\":\"https:\/\/narteks.net\/\"},{\"@type\":\"ListItem\",\"position\":2,\"name\":\"\u015een Olas\u0131n \u00dcrg\u00fcp\"}]},{\"@type\":\"WebSite\",\"@id\":\"https:\/\/narteks.net\/#website\",\"url\":\"https:\/\/narteks.net\/\",\"name\":\"narteks.net\",\"description\":\"K\u00fclt\u00fcr Sanat Edebiyat Felsefe\",\"publisher\":{\"@id\":\"https:\/\/narteks.net\/#organization\"},\"alternateName\":\"K\u00fclt\u00fcr Sanat Edebiyat Felsefe\",\"potentialAction\":[{\"@type\":\"SearchAction\",\"target\":{\"@type\":\"EntryPoint\",\"urlTemplate\":\"https:\/\/narteks.net\/?s={search_term_string}\"},\"query-input\":{\"@type\":\"PropertyValueSpecification\",\"valueRequired\":true,\"valueName\":\"search_term_string\"}}],\"inLanguage\":\"tr\"},{\"@type\":\"Organization\",\"@id\":\"https:\/\/narteks.net\/#organization\",\"name\":\"narteks.net\",\"url\":\"https:\/\/narteks.net\/\",\"logo\":{\"@type\":\"ImageObject\",\"inLanguage\":\"tr\",\"@id\":\"https:\/\/narteks.net\/#\/schema\/logo\/image\/\",\"url\":\"https:\/\/narteks.net\/wp-content\/uploads\/narteks.png\",\"contentUrl\":\"https:\/\/narteks.net\/wp-content\/uploads\/narteks.png\",\"width\":300,\"height\":90,\"caption\":\"narteks.net\"},\"image\":{\"@id\":\"https:\/\/narteks.net\/#\/schema\/logo\/image\/\"},\"sameAs\":[\"https:\/\/x.com\/narteks\",\"https:\/\/instagram.com\/narteksnet\"]},{\"@type\":\"Person\",\"@id\":\"https:\/\/narteks.net\/#\/schema\/person\/61f37d9834294b72d31d274e7ed79bca\",\"name\":\"Tar\u0131k\",\"image\":{\"@type\":\"ImageObject\",\"inLanguage\":\"tr\",\"@id\":\"https:\/\/narteks.net\/#\/schema\/person\/image\/\",\"url\":\"https:\/\/secure.gravatar.com\/avatar\/50865afb55632c4ae467e0af0930f6510aa2297d8014be502a55b14f3b7550cf?s=96&d=mm&r=g\",\"contentUrl\":\"https:\/\/secure.gravatar.com\/avatar\/50865afb55632c4ae467e0af0930f6510aa2297d8014be502a55b14f3b7550cf?s=96&d=mm&r=g\",\"caption\":\"Tar\u0131k\"},\"sameAs\":[\"http:\/\/narteks.net\"],\"url\":\"https:\/\/narteks.net\/index.php\/author\/narbak\/\"}]}<\/script>\n<!-- \/ Yoast SEO Premium plugin. -->","yoast_head_json":{"title":"\u015een Olas\u0131n \u00dcrg\u00fcp - narteks.net","robots":{"index":"index","follow":"follow","max-snippet":"max-snippet:-1","max-image-preview":"max-image-preview:large","max-video-preview":"max-video-preview:-1"},"canonical":"https:\/\/narteks.net\/index.php\/2009\/03\/13\/sen-olasin-urgup\/","og_locale":"tr_TR","og_type":"article","og_title":"\u015een Olas\u0131n \u00dcrg\u00fcp","og_description":"\u015een Olas\u0131n \u00dcrg\u00fcp (Cemal&#8217;\u0131m) T\u00fcrk\u00fc, \u00f6ld\u00fcr\u00fclen Cemal&#8217;e, kar\u0131s\u0131 \u015eerife taraf\u0131ndan yak\u0131lm\u0131\u015ft\u0131r. \u015eerife, 90 y\u0131ldan fazla ya\u015fam\u0131\u015f, 30 Kas\u0131m 1993 g\u00fcn\u00fc vefat etmi\u015ftir. 14-15 ya\u015flar\u0131nda Cemal&#8217;le evlenmi\u015f, mutlu ge\u00e7en birka\u00e7 y\u0131l\u0131 Cemal&#8217;in \u00f6ld\u00fcr\u00fclmesiyle sona ermi\u015f, bu hadiseden sonra bir o\u011flu ile ortada kalm\u0131\u015ft\u0131r. Bu hadisenin olu\u015f \u015fekli ve ona yak\u0131lan a\u011f\u0131t\u0131\/t\u00fcrk\u00fcy\u00fc bana, \u015eerife&#8217;nin daha sonra evlendi\u011fi [&hellip;]","og_url":"https:\/\/narteks.net\/index.php\/2009\/03\/13\/sen-olasin-urgup\/","og_site_name":"narteks.net","article_published_time":"2009-03-13T20:12:38+00:00","og_image":[{"width":300,"height":90,"url":"https:\/\/narteks.net\/wp-content\/uploads\/narteks.png","type":"image\/png"}],"author":"Tar\u0131k","twitter_card":"summary_large_image","twitter_creator":"@narteks","twitter_site":"@narteks","twitter_misc":{"Yazan:":"Tar\u0131k","Tahmini okuma s\u00fcresi":"3 dakika"},"schema":{"@context":"https:\/\/schema.org","@graph":[{"@type":"Article","@id":"https:\/\/narteks.net\/index.php\/2009\/03\/13\/sen-olasin-urgup\/#article","isPartOf":{"@id":"https:\/\/narteks.net\/index.php\/2009\/03\/13\/sen-olasin-urgup\/"},"author":{"name":"Tar\u0131k","@id":"https:\/\/narteks.net\/#\/schema\/person\/61f37d9834294b72d31d274e7ed79bca"},"headline":"\u015een Olas\u0131n \u00dcrg\u00fcp","datePublished":"2009-03-13T20:12:38+00:00","mainEntityOfPage":{"@id":"https:\/\/narteks.net\/index.php\/2009\/03\/13\/sen-olasin-urgup\/"},"wordCount":635,"commentCount":0,"publisher":{"@id":"https:\/\/narteks.net\/#organization"},"articleSection":["\u00d6yk\u00fcleriyle T\u00fcrk\u00fcler"],"inLanguage":"tr","potentialAction":[{"@type":"CommentAction","name":"Comment","target":["https:\/\/narteks.net\/index.php\/2009\/03\/13\/sen-olasin-urgup\/#respond"]}]},{"@type":"WebPage","@id":"https:\/\/narteks.net\/index.php\/2009\/03\/13\/sen-olasin-urgup\/","url":"https:\/\/narteks.net\/index.php\/2009\/03\/13\/sen-olasin-urgup\/","name":"\u015een Olas\u0131n \u00dcrg\u00fcp - narteks.net","isPartOf":{"@id":"https:\/\/narteks.net\/#website"},"datePublished":"2009-03-13T20:12:38+00:00","breadcrumb":{"@id":"https:\/\/narteks.net\/index.php\/2009\/03\/13\/sen-olasin-urgup\/#breadcrumb"},"inLanguage":"tr","potentialAction":[{"@type":"ReadAction","target":["https:\/\/narteks.net\/index.php\/2009\/03\/13\/sen-olasin-urgup\/"]}]},{"@type":"BreadcrumbList","@id":"https:\/\/narteks.net\/index.php\/2009\/03\/13\/sen-olasin-urgup\/#breadcrumb","itemListElement":[{"@type":"ListItem","position":1,"name":"Anasayfa","item":"https:\/\/narteks.net\/"},{"@type":"ListItem","position":2,"name":"\u015een Olas\u0131n \u00dcrg\u00fcp"}]},{"@type":"WebSite","@id":"https:\/\/narteks.net\/#website","url":"https:\/\/narteks.net\/","name":"narteks.net","description":"K\u00fclt\u00fcr Sanat Edebiyat Felsefe","publisher":{"@id":"https:\/\/narteks.net\/#organization"},"alternateName":"K\u00fclt\u00fcr Sanat Edebiyat Felsefe","potentialAction":[{"@type":"SearchAction","target":{"@type":"EntryPoint","urlTemplate":"https:\/\/narteks.net\/?s={search_term_string}"},"query-input":{"@type":"PropertyValueSpecification","valueRequired":true,"valueName":"search_term_string"}}],"inLanguage":"tr"},{"@type":"Organization","@id":"https:\/\/narteks.net\/#organization","name":"narteks.net","url":"https:\/\/narteks.net\/","logo":{"@type":"ImageObject","inLanguage":"tr","@id":"https:\/\/narteks.net\/#\/schema\/logo\/image\/","url":"https:\/\/narteks.net\/wp-content\/uploads\/narteks.png","contentUrl":"https:\/\/narteks.net\/wp-content\/uploads\/narteks.png","width":300,"height":90,"caption":"narteks.net"},"image":{"@id":"https:\/\/narteks.net\/#\/schema\/logo\/image\/"},"sameAs":["https:\/\/x.com\/narteks","https:\/\/instagram.com\/narteksnet"]},{"@type":"Person","@id":"https:\/\/narteks.net\/#\/schema\/person\/61f37d9834294b72d31d274e7ed79bca","name":"Tar\u0131k","image":{"@type":"ImageObject","inLanguage":"tr","@id":"https:\/\/narteks.net\/#\/schema\/person\/image\/","url":"https:\/\/secure.gravatar.com\/avatar\/50865afb55632c4ae467e0af0930f6510aa2297d8014be502a55b14f3b7550cf?s=96&d=mm&r=g","contentUrl":"https:\/\/secure.gravatar.com\/avatar\/50865afb55632c4ae467e0af0930f6510aa2297d8014be502a55b14f3b7550cf?s=96&d=mm&r=g","caption":"Tar\u0131k"},"sameAs":["http:\/\/narteks.net"],"url":"https:\/\/narteks.net\/index.php\/author\/narbak\/"}]}},"_links":{"self":[{"href":"https:\/\/narteks.net\/index.php\/wp-json\/wp\/v2\/posts\/454","targetHints":{"allow":["GET"]}}],"collection":[{"href":"https:\/\/narteks.net\/index.php\/wp-json\/wp\/v2\/posts"}],"about":[{"href":"https:\/\/narteks.net\/index.php\/wp-json\/wp\/v2\/types\/post"}],"author":[{"embeddable":true,"href":"https:\/\/narteks.net\/index.php\/wp-json\/wp\/v2\/users\/1"}],"replies":[{"embeddable":true,"href":"https:\/\/narteks.net\/index.php\/wp-json\/wp\/v2\/comments?post=454"}],"version-history":[{"count":0,"href":"https:\/\/narteks.net\/index.php\/wp-json\/wp\/v2\/posts\/454\/revisions"}],"wp:attachment":[{"href":"https:\/\/narteks.net\/index.php\/wp-json\/wp\/v2\/media?parent=454"}],"wp:term":[{"taxonomy":"category","embeddable":true,"href":"https:\/\/narteks.net\/index.php\/wp-json\/wp\/v2\/categories?post=454"},{"taxonomy":"post_tag","embeddable":true,"href":"https:\/\/narteks.net\/index.php\/wp-json\/wp\/v2\/tags?post=454"}],"curies":[{"name":"wp","href":"https:\/\/api.w.org\/{rel}","templated":true}]}}