{"id":4541,"date":"2010-04-30T12:08:25","date_gmt":"2010-04-30T09:08:25","guid":{"rendered":"http:\/\/localhost\/wordpress\/2010\/04\/30\/bilirmisin-nicin\/"},"modified":"2010-04-30T12:08:25","modified_gmt":"2010-04-30T09:08:25","slug":"bilirmisin-nicin","status":"publish","type":"post","link":"https:\/\/narteks.net\/index.php\/2010\/04\/30\/bilirmisin-nicin\/","title":{"rendered":"B\u0130L\u0130RM\u0130S\u0130N N\u0130\u00c7\u0130N"},"content":{"rendered":"<p>\u00a0<\/p>\n<p>Bug\u00fcn surur-u sadetten i\u015fte mehcurum,<br \/>S\u00fcr\u00fcklenir, gam i\u00e7inde bu \u00f6mr-\u00fc makhurum<\/p>\n<p>S\u00fcr\u00fcklenir dururum ah, s\u00fcr\u00fcklenir dururum,<br \/>Bu hal-i zar\u0131ma bakt\u0131k\u00e7a e\u015fk-i r\u00eez olurum.<\/p>\n<p>Bilir misin bu hayat\u0131 ni\u00e7in s\u00fcr\u00fckl\u00fcyorum?<br \/>B\u0131rakmamak i\u00e7in \u00f6ks\u00fcz seni, yetim yavrum.<\/p>\n<p>S\u00fcr\u00fcklenirim bu sefil \u00f6mr\u00fcm\u00fc meraretle,<br \/>Yaz\u0131k ki bir nefes alamam huzu-ru rahatle,<\/p>\n<p>Uzun, uzun seneler hep ge\u00e7er sefaletle,<br \/>Ge\u00e7erken her saatim b\u00f6yle bin feI\u00e2ketle:<\/p>\n<p>Bilir misin bu hayat\u0131 ni\u00e7in s\u00fcr\u00fckl\u00fcyorum?<br \/>B\u0131rakmamak i\u00e7in \u00f6ks\u00fcz seni, yetim yavrum,<\/p>\n<p>S\u00fcr\u00fcklenir, dururum, a\u011flar\u0131m, peri\u015fan\u0131m,<br \/>Demir mi, ta\u015f m\u0131 neden halk olunmu\u015f insan\u0131m?<\/p>\n<p>Cihana geldi\u011fime bin kere pi\u015fman\u0131m,<br \/>Azab i\u00e7inde ge\u00e7er her dakikam her an\u0131m,<\/p>\n<p>Bilir misin bu hayat\u0131 ni\u00e7in s\u00fcr\u00fckl\u00fcyorum?<br \/>B\u0131rakmamak i\u00e7in \u00f6ks\u00fcz seni, yetim yavrum.<\/p>\n<p>Seni saadet i\u00e7inde ya\u015fatmak isterken,<br \/>Bahar-\u0131 a\u015fk\u0131m\u0131z\u0131 hep seninle s\u00fcslerken,<\/p>\n<p>Baban veda-\u0131 cihan etti b\u00f6yle pek erken,<br \/>\u00d6m\u00fcr ne istedi bilmem bu gaml\u0131 maderden?<\/p>\n<p>Bu gaml\u0131, semli hayattan acep ne bekliyorum?<br \/>Senin i\u00e7in bu sefil \u00f6mr\u00fcm\u00fc s\u00fcr\u00fckl\u00fcyorum.<\/p>\n<p>\u00d6l\u00fcrsem \u00f6ks\u00fcz olursun, dudaklar\u0131n g\u00fclmez,<br \/>Bug\u00fcn seni tan\u0131yanlar o g\u00fcnde hi\u00e7 bilmez,<\/p>\n<p>\u015eiri\u015fk-i matemini kimse l\u00fctfedip silmez.<br \/>Teess\u00fcr\u00fcn o\u011flum, g\u00f6zya\u015f\u0131n da eksilmez,<\/p>\n<p>Bilir misin bu hayat\u0131 ni\u00e7in s\u00fcr\u00fcnd\u00fcr\u00fcyorum?<br \/>B\u0131rakmamak i\u00e7in \u00f6ks\u00fcz seni, yetim yavru.<\/p>\n<p>G\u00fcler mi kahr-\u0131 sefaletle bak, g\u00fcler mi lebim<br \/>Ge\u00e7er mi y\u0131lda bir olsun sururla ruzu \u015feb?<\/p>\n<p>Seni getirmeye d\u00fcnyaya \u00e7\u00fcnk\u00fc ben sebebim,<br \/>Bilir misin nedir Haktan senin i\u00e7in talebim?<\/p>\n<p>Evet bilir misin her an acep ne istiyorum:<br \/>H\u00fcda b\u0131rakamas\u0131n \u00f6ks\u00fcz seni yetn\u0131m yavrum.<\/p>\n<p>A\u011f\u0131r y\u00fck haline geldi, ta\u015f\u0131nmaz oldu hayat,<br \/>Felek cefa eder her an ben eyledik\u00e7e sebat<\/p>\n<p>Bu hale sabrederim ba\u015fka yok tarik-i Necat,<br \/>S\u00fcr\u00fcklenir, dururum hep senin i\u00e7in heyhat!<\/p>\n<p>Bilir misisin bu hayat\u0131 ni\u00e7in s\u00fcr\u00fckl\u00fcyorum,<br \/>B\u0131rakmamak i\u00e7in \u00f6ks\u00fcz seni, yetim yavrum.<br \/>Elemlerimle sak\u0131n olma mustarip mele\u011fim,<br \/>\u00dcz\u00fclme, solma, harab olma sevgili \u00e7i\u00e7e\u011fim,<\/p>\n<p>Benim gam\u0131m bana k\u00e2fi de\u011fil mi g\u00f6zbebe\u011fim?<br \/>Seni g\u00f6r\u00fcnce m\u00fckedder, dayanm\u0131yor y\u00fcre\u011fim<\/p>\n<p>Bilir misin bu hayat\u0131 ni\u00e7in s\u00fcr\u00fckl\u00fcyorum,<br \/>B\u0131rakmamak i\u00e7in \u00f6ks\u00fcz seni, yetim yavrum.<\/p>\n<p>De\u011fil mi vas\u0131l acep, sem\u2019i Hakka feryad\u0131m?<br \/>Ki, b\u00f6yle fakr-u zaruret i\u00e7inde berbad\u0131m,<\/p>\n<p>Benimle sen g\u00fcl\u00fcyorsun, seninle ben \u015fad\u0131m,<br \/>\u00d6l\u00fcrsem \u00f6ks\u00fcz olursun zavall\u0131 evlad\u0131m!<\/p>\n<p>Bilir misin bu hayat\u0131 ni\u00e7in s\u00fcr\u00fckl\u00fcyorum?<br \/>B\u0131rakmamak i\u00e7in \u00f6ks\u00fcz seni, yetim yavrum.<\/p>\n<p>\u00d6l\u00fcrsem \u00f6ks\u00fcz olursun, kal\u0131rs\u0131n a\u00e7, \u00f6ryan,<br \/>Ge\u00e7er senin de her an\u0131n gar\u00eek\u2019u ahi figan<\/p>\n<p>Senin de kar\u015f\u0131na \u00e7\u0131kmaz vefal\u0131 bir insan,<br \/>Bu son fel\u00e2keti g\u00f6stermesin sana Yezdan,<\/p>\n<p>Bilir misin nedir haktan senin i\u00e7in dile\u011fini,<br \/>H\u00fcd\u00e2 b\u0131rakmam \u00f6ks\u00fcz seni, yetim mele\u011fim!<\/p>\n<p>Ya\u015far Nezihe B\u00dcK\u00dcLMEZ<\/p>\n","protected":false},"excerpt":{"rendered":"<p>\u00a0 Bug\u00fcn surur-u sadetten i\u015fte mehcurum,S\u00fcr\u00fcklenir, gam i\u00e7inde bu \u00f6mr-\u00fc makhurum S\u00fcr\u00fcklenir dururum ah, s\u00fcr\u00fcklenir dururum,Bu hal-i zar\u0131ma bakt\u0131k\u00e7a e\u015fk-i r\u00eez olurum. Bilir misin bu hayat\u0131 ni\u00e7in s\u00fcr\u00fckl\u00fcyorum?B\u0131rakmamak i\u00e7in \u00f6ks\u00fcz seni, yetim yavrum. S\u00fcr\u00fcklenirim bu sefil \u00f6mr\u00fcm\u00fc meraretle,Yaz\u0131k ki bir nefes alamam huzu-ru rahatle, Uzun, uzun seneler hep ge\u00e7er sefaletle,Ge\u00e7erken her saatim b\u00f6yle bin feI\u00e2ketle: [&hellip;]<\/p>\n","protected":false},"author":1,"featured_media":0,"comment_status":"open","ping_status":"open","sticky":false,"template":"","format":"standard","meta":{"footnotes":""},"categories":[146],"tags":[],"class_list":{"0":"post-4541","1":"post","2":"type-post","3":"status-publish","4":"format-standard","6":"category-yasar-nezihe-hanim"},"yoast_head":"<!-- This site is optimized with the Yoast SEO Premium plugin v24.9 (Yoast SEO v24.9) - https:\/\/yoast.com\/wordpress\/plugins\/seo\/ -->\n<title>B\u0130L\u0130RM\u0130S\u0130N N\u0130\u00c7\u0130N - narteks.net<\/title>\n<meta name=\"robots\" content=\"index, follow, max-snippet:-1, max-image-preview:large, max-video-preview:-1\" \/>\n<link rel=\"canonical\" href=\"https:\/\/narteks.net\/index.php\/2010\/04\/30\/bilirmisin-nicin\/\" \/>\n<meta property=\"og:locale\" content=\"tr_TR\" \/>\n<meta property=\"og:type\" content=\"article\" \/>\n<meta property=\"og:title\" content=\"B\u0130L\u0130RM\u0130S\u0130N N\u0130\u00c7\u0130N\" \/>\n<meta property=\"og:description\" content=\"\u00a0 Bug\u00fcn surur-u sadetten i\u015fte mehcurum,S\u00fcr\u00fcklenir, gam i\u00e7inde bu \u00f6mr-\u00fc makhurum S\u00fcr\u00fcklenir dururum ah, s\u00fcr\u00fcklenir dururum,Bu hal-i zar\u0131ma bakt\u0131k\u00e7a e\u015fk-i r\u00eez olurum. Bilir misin bu hayat\u0131 ni\u00e7in s\u00fcr\u00fckl\u00fcyorum?B\u0131rakmamak i\u00e7in \u00f6ks\u00fcz seni, yetim yavrum. S\u00fcr\u00fcklenirim bu sefil \u00f6mr\u00fcm\u00fc meraretle,Yaz\u0131k ki bir nefes alamam huzu-ru rahatle, Uzun, uzun seneler hep ge\u00e7er sefaletle,Ge\u00e7erken her saatim b\u00f6yle bin feI\u00e2ketle: [&hellip;]\" \/>\n<meta property=\"og:url\" content=\"https:\/\/narteks.net\/index.php\/2010\/04\/30\/bilirmisin-nicin\/\" \/>\n<meta property=\"og:site_name\" content=\"narteks.net\" \/>\n<meta property=\"article:published_time\" content=\"2010-04-30T09:08:25+00:00\" \/>\n<meta property=\"og:image\" content=\"https:\/\/narteks.net\/wp-content\/uploads\/narteks.png\" \/>\n\t<meta property=\"og:image:width\" content=\"300\" \/>\n\t<meta property=\"og:image:height\" content=\"90\" \/>\n\t<meta property=\"og:image:type\" content=\"image\/png\" \/>\n<meta name=\"author\" content=\"Tar\u0131k\" \/>\n<meta name=\"twitter:card\" content=\"summary_large_image\" \/>\n<meta name=\"twitter:creator\" content=\"@narteks\" \/>\n<meta name=\"twitter:site\" content=\"@narteks\" \/>\n<meta name=\"twitter:label1\" content=\"Yazan:\" \/>\n\t<meta name=\"twitter:data1\" content=\"Tar\u0131k\" \/>\n\t<meta name=\"twitter:label2\" content=\"Tahmini okuma s\u00fcresi\" \/>\n\t<meta name=\"twitter:data2\" content=\"3 dakika\" \/>\n<script type=\"application\/ld+json\" class=\"yoast-schema-graph\">{\"@context\":\"https:\/\/schema.org\",\"@graph\":[{\"@type\":\"Article\",\"@id\":\"https:\/\/narteks.net\/index.php\/2010\/04\/30\/bilirmisin-nicin\/#article\",\"isPartOf\":{\"@id\":\"https:\/\/narteks.net\/index.php\/2010\/04\/30\/bilirmisin-nicin\/\"},\"author\":{\"name\":\"Tar\u0131k\",\"@id\":\"https:\/\/narteks.net\/#\/schema\/person\/61f37d9834294b72d31d274e7ed79bca\"},\"headline\":\"B\u0130L\u0130RM\u0130S\u0130N N\u0130\u00c7\u0130N\",\"datePublished\":\"2010-04-30T09:08:25+00:00\",\"mainEntityOfPage\":{\"@id\":\"https:\/\/narteks.net\/index.php\/2010\/04\/30\/bilirmisin-nicin\/\"},\"wordCount\":561,\"commentCount\":0,\"publisher\":{\"@id\":\"https:\/\/narteks.net\/#organization\"},\"articleSection\":[\"Ya\u015far NEZ\u0130HE Han\u0131m\"],\"inLanguage\":\"tr\",\"potentialAction\":[{\"@type\":\"CommentAction\",\"name\":\"Comment\",\"target\":[\"https:\/\/narteks.net\/index.php\/2010\/04\/30\/bilirmisin-nicin\/#respond\"]}]},{\"@type\":\"WebPage\",\"@id\":\"https:\/\/narteks.net\/index.php\/2010\/04\/30\/bilirmisin-nicin\/\",\"url\":\"https:\/\/narteks.net\/index.php\/2010\/04\/30\/bilirmisin-nicin\/\",\"name\":\"B\u0130L\u0130RM\u0130S\u0130N N\u0130\u00c7\u0130N - narteks.net\",\"isPartOf\":{\"@id\":\"https:\/\/narteks.net\/#website\"},\"datePublished\":\"2010-04-30T09:08:25+00:00\",\"breadcrumb\":{\"@id\":\"https:\/\/narteks.net\/index.php\/2010\/04\/30\/bilirmisin-nicin\/#breadcrumb\"},\"inLanguage\":\"tr\",\"potentialAction\":[{\"@type\":\"ReadAction\",\"target\":[\"https:\/\/narteks.net\/index.php\/2010\/04\/30\/bilirmisin-nicin\/\"]}]},{\"@type\":\"BreadcrumbList\",\"@id\":\"https:\/\/narteks.net\/index.php\/2010\/04\/30\/bilirmisin-nicin\/#breadcrumb\",\"itemListElement\":[{\"@type\":\"ListItem\",\"position\":1,\"name\":\"Anasayfa\",\"item\":\"https:\/\/narteks.net\/\"},{\"@type\":\"ListItem\",\"position\":2,\"name\":\"B\u0130L\u0130RM\u0130S\u0130N N\u0130\u00c7\u0130N\"}]},{\"@type\":\"WebSite\",\"@id\":\"https:\/\/narteks.net\/#website\",\"url\":\"https:\/\/narteks.net\/\",\"name\":\"narteks.net\",\"description\":\"K\u00fclt\u00fcr Sanat Edebiyat Felsefe\",\"publisher\":{\"@id\":\"https:\/\/narteks.net\/#organization\"},\"alternateName\":\"K\u00fclt\u00fcr Sanat Edebiyat Felsefe\",\"potentialAction\":[{\"@type\":\"SearchAction\",\"target\":{\"@type\":\"EntryPoint\",\"urlTemplate\":\"https:\/\/narteks.net\/?s={search_term_string}\"},\"query-input\":{\"@type\":\"PropertyValueSpecification\",\"valueRequired\":true,\"valueName\":\"search_term_string\"}}],\"inLanguage\":\"tr\"},{\"@type\":\"Organization\",\"@id\":\"https:\/\/narteks.net\/#organization\",\"name\":\"narteks.net\",\"url\":\"https:\/\/narteks.net\/\",\"logo\":{\"@type\":\"ImageObject\",\"inLanguage\":\"tr\",\"@id\":\"https:\/\/narteks.net\/#\/schema\/logo\/image\/\",\"url\":\"https:\/\/narteks.net\/wp-content\/uploads\/narteks.png\",\"contentUrl\":\"https:\/\/narteks.net\/wp-content\/uploads\/narteks.png\",\"width\":300,\"height\":90,\"caption\":\"narteks.net\"},\"image\":{\"@id\":\"https:\/\/narteks.net\/#\/schema\/logo\/image\/\"},\"sameAs\":[\"https:\/\/x.com\/narteks\",\"https:\/\/instagram.com\/narteksnet\"]},{\"@type\":\"Person\",\"@id\":\"https:\/\/narteks.net\/#\/schema\/person\/61f37d9834294b72d31d274e7ed79bca\",\"name\":\"Tar\u0131k\",\"image\":{\"@type\":\"ImageObject\",\"inLanguage\":\"tr\",\"@id\":\"https:\/\/narteks.net\/#\/schema\/person\/image\/\",\"url\":\"https:\/\/secure.gravatar.com\/avatar\/50865afb55632c4ae467e0af0930f6510aa2297d8014be502a55b14f3b7550cf?s=96&d=mm&r=g\",\"contentUrl\":\"https:\/\/secure.gravatar.com\/avatar\/50865afb55632c4ae467e0af0930f6510aa2297d8014be502a55b14f3b7550cf?s=96&d=mm&r=g\",\"caption\":\"Tar\u0131k\"},\"sameAs\":[\"http:\/\/narteks.net\"],\"url\":\"https:\/\/narteks.net\/index.php\/author\/narbak\/\"}]}<\/script>\n<!-- \/ Yoast SEO Premium plugin. -->","yoast_head_json":{"title":"B\u0130L\u0130RM\u0130S\u0130N N\u0130\u00c7\u0130N - narteks.net","robots":{"index":"index","follow":"follow","max-snippet":"max-snippet:-1","max-image-preview":"max-image-preview:large","max-video-preview":"max-video-preview:-1"},"canonical":"https:\/\/narteks.net\/index.php\/2010\/04\/30\/bilirmisin-nicin\/","og_locale":"tr_TR","og_type":"article","og_title":"B\u0130L\u0130RM\u0130S\u0130N N\u0130\u00c7\u0130N","og_description":"\u00a0 Bug\u00fcn surur-u sadetten i\u015fte mehcurum,S\u00fcr\u00fcklenir, gam i\u00e7inde bu \u00f6mr-\u00fc makhurum S\u00fcr\u00fcklenir dururum ah, s\u00fcr\u00fcklenir dururum,Bu hal-i zar\u0131ma bakt\u0131k\u00e7a e\u015fk-i r\u00eez olurum. Bilir misin bu hayat\u0131 ni\u00e7in s\u00fcr\u00fckl\u00fcyorum?B\u0131rakmamak i\u00e7in \u00f6ks\u00fcz seni, yetim yavrum. S\u00fcr\u00fcklenirim bu sefil \u00f6mr\u00fcm\u00fc meraretle,Yaz\u0131k ki bir nefes alamam huzu-ru rahatle, Uzun, uzun seneler hep ge\u00e7er sefaletle,Ge\u00e7erken her saatim b\u00f6yle bin feI\u00e2ketle: [&hellip;]","og_url":"https:\/\/narteks.net\/index.php\/2010\/04\/30\/bilirmisin-nicin\/","og_site_name":"narteks.net","article_published_time":"2010-04-30T09:08:25+00:00","og_image":[{"width":300,"height":90,"url":"https:\/\/narteks.net\/wp-content\/uploads\/narteks.png","type":"image\/png"}],"author":"Tar\u0131k","twitter_card":"summary_large_image","twitter_creator":"@narteks","twitter_site":"@narteks","twitter_misc":{"Yazan:":"Tar\u0131k","Tahmini okuma s\u00fcresi":"3 dakika"},"schema":{"@context":"https:\/\/schema.org","@graph":[{"@type":"Article","@id":"https:\/\/narteks.net\/index.php\/2010\/04\/30\/bilirmisin-nicin\/#article","isPartOf":{"@id":"https:\/\/narteks.net\/index.php\/2010\/04\/30\/bilirmisin-nicin\/"},"author":{"name":"Tar\u0131k","@id":"https:\/\/narteks.net\/#\/schema\/person\/61f37d9834294b72d31d274e7ed79bca"},"headline":"B\u0130L\u0130RM\u0130S\u0130N N\u0130\u00c7\u0130N","datePublished":"2010-04-30T09:08:25+00:00","mainEntityOfPage":{"@id":"https:\/\/narteks.net\/index.php\/2010\/04\/30\/bilirmisin-nicin\/"},"wordCount":561,"commentCount":0,"publisher":{"@id":"https:\/\/narteks.net\/#organization"},"articleSection":["Ya\u015far NEZ\u0130HE Han\u0131m"],"inLanguage":"tr","potentialAction":[{"@type":"CommentAction","name":"Comment","target":["https:\/\/narteks.net\/index.php\/2010\/04\/30\/bilirmisin-nicin\/#respond"]}]},{"@type":"WebPage","@id":"https:\/\/narteks.net\/index.php\/2010\/04\/30\/bilirmisin-nicin\/","url":"https:\/\/narteks.net\/index.php\/2010\/04\/30\/bilirmisin-nicin\/","name":"B\u0130L\u0130RM\u0130S\u0130N N\u0130\u00c7\u0130N - narteks.net","isPartOf":{"@id":"https:\/\/narteks.net\/#website"},"datePublished":"2010-04-30T09:08:25+00:00","breadcrumb":{"@id":"https:\/\/narteks.net\/index.php\/2010\/04\/30\/bilirmisin-nicin\/#breadcrumb"},"inLanguage":"tr","potentialAction":[{"@type":"ReadAction","target":["https:\/\/narteks.net\/index.php\/2010\/04\/30\/bilirmisin-nicin\/"]}]},{"@type":"BreadcrumbList","@id":"https:\/\/narteks.net\/index.php\/2010\/04\/30\/bilirmisin-nicin\/#breadcrumb","itemListElement":[{"@type":"ListItem","position":1,"name":"Anasayfa","item":"https:\/\/narteks.net\/"},{"@type":"ListItem","position":2,"name":"B\u0130L\u0130RM\u0130S\u0130N N\u0130\u00c7\u0130N"}]},{"@type":"WebSite","@id":"https:\/\/narteks.net\/#website","url":"https:\/\/narteks.net\/","name":"narteks.net","description":"K\u00fclt\u00fcr Sanat Edebiyat Felsefe","publisher":{"@id":"https:\/\/narteks.net\/#organization"},"alternateName":"K\u00fclt\u00fcr Sanat Edebiyat Felsefe","potentialAction":[{"@type":"SearchAction","target":{"@type":"EntryPoint","urlTemplate":"https:\/\/narteks.net\/?s={search_term_string}"},"query-input":{"@type":"PropertyValueSpecification","valueRequired":true,"valueName":"search_term_string"}}],"inLanguage":"tr"},{"@type":"Organization","@id":"https:\/\/narteks.net\/#organization","name":"narteks.net","url":"https:\/\/narteks.net\/","logo":{"@type":"ImageObject","inLanguage":"tr","@id":"https:\/\/narteks.net\/#\/schema\/logo\/image\/","url":"https:\/\/narteks.net\/wp-content\/uploads\/narteks.png","contentUrl":"https:\/\/narteks.net\/wp-content\/uploads\/narteks.png","width":300,"height":90,"caption":"narteks.net"},"image":{"@id":"https:\/\/narteks.net\/#\/schema\/logo\/image\/"},"sameAs":["https:\/\/x.com\/narteks","https:\/\/instagram.com\/narteksnet"]},{"@type":"Person","@id":"https:\/\/narteks.net\/#\/schema\/person\/61f37d9834294b72d31d274e7ed79bca","name":"Tar\u0131k","image":{"@type":"ImageObject","inLanguage":"tr","@id":"https:\/\/narteks.net\/#\/schema\/person\/image\/","url":"https:\/\/secure.gravatar.com\/avatar\/50865afb55632c4ae467e0af0930f6510aa2297d8014be502a55b14f3b7550cf?s=96&d=mm&r=g","contentUrl":"https:\/\/secure.gravatar.com\/avatar\/50865afb55632c4ae467e0af0930f6510aa2297d8014be502a55b14f3b7550cf?s=96&d=mm&r=g","caption":"Tar\u0131k"},"sameAs":["http:\/\/narteks.net"],"url":"https:\/\/narteks.net\/index.php\/author\/narbak\/"}]}},"_links":{"self":[{"href":"https:\/\/narteks.net\/index.php\/wp-json\/wp\/v2\/posts\/4541","targetHints":{"allow":["GET"]}}],"collection":[{"href":"https:\/\/narteks.net\/index.php\/wp-json\/wp\/v2\/posts"}],"about":[{"href":"https:\/\/narteks.net\/index.php\/wp-json\/wp\/v2\/types\/post"}],"author":[{"embeddable":true,"href":"https:\/\/narteks.net\/index.php\/wp-json\/wp\/v2\/users\/1"}],"replies":[{"embeddable":true,"href":"https:\/\/narteks.net\/index.php\/wp-json\/wp\/v2\/comments?post=4541"}],"version-history":[{"count":0,"href":"https:\/\/narteks.net\/index.php\/wp-json\/wp\/v2\/posts\/4541\/revisions"}],"wp:attachment":[{"href":"https:\/\/narteks.net\/index.php\/wp-json\/wp\/v2\/media?parent=4541"}],"wp:term":[{"taxonomy":"category","embeddable":true,"href":"https:\/\/narteks.net\/index.php\/wp-json\/wp\/v2\/categories?post=4541"},{"taxonomy":"post_tag","embeddable":true,"href":"https:\/\/narteks.net\/index.php\/wp-json\/wp\/v2\/tags?post=4541"}],"curies":[{"name":"wp","href":"https:\/\/api.w.org\/{rel}","templated":true}]}}