{"id":4546,"date":"2010-04-30T12:12:29","date_gmt":"2010-04-30T09:12:29","guid":{"rendered":"http:\/\/localhost\/wordpress\/2010\/04\/30\/da-ul-vatan\/"},"modified":"2010-04-30T12:12:29","modified_gmt":"2010-04-30T09:12:29","slug":"da-ul-vatan","status":"publish","type":"post","link":"https:\/\/narteks.net\/index.php\/2010\/04\/30\/da-ul-vatan\/","title":{"rendered":"DA-\u00dcL VATAN"},"content":{"rendered":"<p>\u00a0<\/p>\n<p>Gurbette vatan y\u00e2d\u0131 beni a\u011flat\u0131r her dem,<br \/>\u015ead\u2019m; ne i\u00e7in a\u011fl\u0131yorum, ben dahi bilmem?<\/p>\n<p>Birg\u00fcn vatana -k\u0131smet olur \u2014 avdet edersem<br \/>\u0130\u015fte o zaman kaib-i hazinim olur<\/p>\n<p>Yarab! Vatan\u0131n bir k\u00f6\u015fesinde \u00f6lebilsem,<br \/>\u00d6lsem orada, makberi maderde g\u00f6m\u00fclsem,<\/p>\n<p>Senden ki c\u00fcday\u0131m vatan\u0131m, hayli zamand\u0131r<br \/>Gurbette de y\u00e2d\u0131nla ge\u00e7er leyl\u00fc nahar\u0131m<\/p>\n<p>Hem\u015firelerim, maderim h\u00e2kinde nihand\u0131r.<br \/>Nolurdu o yerlerde kaz\u0131lsayd\u0131 mezar\u0131m<\/p>\n<p>Ey h\u00e2k-i mukaddes beni agu\u015funa al sen!<br \/>Olsun bana bir servici\u011fin sayesi medfen.<\/p>\n<p>Yarab! Vatan\u0131mda bize ver bir dilim ekmek,<br \/>Gezdirme bu gurbetleri bir nan izin art\u0131k<\/p>\n<p>\u00d6ld\u00fcrd\u00fc beni, gurbetin \u00e2l\u00e2m\u0131n\u0131 \u00e7ekmek,<br \/>\u00c7ektirme bu mihnetleri heran i\u00e7in art\u0131k.<\/p>\n<p>Zevcim g\u00fcne\u015f alt\u0131nda, bay\u0131rlarda m\u0131 yans\u0131n<br \/>Ahen y\u00fcrek olsun ki bu \u00e2l\u00e2ma dayans\u0131m.<\/p>\n<p>\u015eeb, r\u00fbz \u00e7al\u0131\u015f\u0131r k\u00fb\u015fe-i gurbette p\u00fcr \u00e2l\u00e2m,<br \/>Bi\u00e7are o te\u2019min\u2019i mai\u015fet emelile;<\/p>\n<p>Hep b\u00f6yle \u00e7al\u0131\u015fmakla g\u00fczer eyleyen eyyam,<br \/>Anide d\u00fc\u015ferse onu kald\u0131rmaz elile.<\/p>\n<p>Hayfa! yine destinde kalem yazma\u011fa meyy\u00e2l<br \/>Bir ailenin rahat\u0131n\u0131 etmek i\u00e7in ikm\u00e2l<\/p>\n<p>Re\u015fk aver a\u011fyar olacak halde iken ben,<br \/>Gelmez yine bir lahza nezdime \u015fadi;<\/p>\n<p>Feryat ediyor, a\u011fl\u0131yorum, olm\u0131yorum \u015fen,<br \/>Arzuyu vatand\u0131r olan hep h\u00fczn\u00fcme badi,<\/p>\n<p>K\u0131ymetlisin ey h\u00e2k\u2019i mukaddes! Bana benden,<br \/>Hayfa ki kader i\u015fte ay\u0131rd\u0131 beni senden,<\/p>\n<p>Arzuyu vatan, zihnimi etmekte peri\u015fan,<br \/>Arzuyu vatan, kalbimi etmekte p\u00fcr ef\u011fan,<\/p>\n<p>Arzuyu vatanla d\u00f6k\u00fcyor didelerim kan,<br \/>Arzuyu vatand\u0131r olan hep badi\u2019\u00ee ahz\u00e2n.<\/p>\n<p>Hayfa ki gurbetzede na\u00e7ar\u2019u garibim,<br \/>Y\u00e2d\u0131nla senin a\u011flamad\u0131r \u015fimdi nasibim!<\/p>\n<p>G\u00f6zya\u015flar\u0131m\u0131 gizleyen ey mavi denizler!<br \/>Ey gamlar\u0131ma medfen olan makberi mader.<\/p>\n<p>K\u0131ymetli, muazzez vatan\u0131m! dil seni \u00f6zIer,<br \/>Al, al bizi a\u011fu\u015funa zevcimle beraber.<\/p>\n<p>Al, al bizi a\u011fu\u015funa bitsin bu me\u015fakkat,<br \/>Birg\u00fcn Vedad\u2019m\u0131 da sana elbet hizmet eder!<\/p>\n<p>Ya\u015far Nezihe B\u00dcK\u00dcLMEZ<\/p>\n<p>Kara\u00e7ova &#8211; 1328<\/p>\n","protected":false},"excerpt":{"rendered":"<p>\u00a0 Gurbette vatan y\u00e2d\u0131 beni a\u011flat\u0131r her dem,\u015ead\u2019m; ne i\u00e7in a\u011fl\u0131yorum, ben dahi bilmem? Birg\u00fcn vatana -k\u0131smet olur \u2014 avdet edersem\u0130\u015fte o zaman kaib-i hazinim olur Yarab! Vatan\u0131n bir k\u00f6\u015fesinde \u00f6lebilsem,\u00d6lsem orada, makberi maderde g\u00f6m\u00fclsem, Senden ki c\u00fcday\u0131m vatan\u0131m, hayli zamand\u0131rGurbette de y\u00e2d\u0131nla ge\u00e7er leyl\u00fc nahar\u0131m Hem\u015firelerim, maderim h\u00e2kinde nihand\u0131r.Nolurdu o yerlerde kaz\u0131lsayd\u0131 mezar\u0131m Ey [&hellip;]<\/p>\n","protected":false},"author":1,"featured_media":0,"comment_status":"open","ping_status":"open","sticky":false,"template":"","format":"standard","meta":{"footnotes":""},"categories":[146],"tags":[],"class_list":{"0":"post-4546","1":"post","2":"type-post","3":"status-publish","4":"format-standard","6":"category-yasar-nezihe-hanim"},"yoast_head":"<!-- This site is optimized with the Yoast SEO Premium plugin v24.9 (Yoast SEO v24.9) - https:\/\/yoast.com\/wordpress\/plugins\/seo\/ -->\n<title>DA-\u00dcL VATAN - narteks.net<\/title>\n<meta name=\"robots\" content=\"index, follow, max-snippet:-1, max-image-preview:large, max-video-preview:-1\" \/>\n<link rel=\"canonical\" href=\"https:\/\/narteks.net\/index.php\/2010\/04\/30\/da-ul-vatan\/\" \/>\n<meta property=\"og:locale\" content=\"tr_TR\" \/>\n<meta property=\"og:type\" content=\"article\" \/>\n<meta property=\"og:title\" content=\"DA-\u00dcL VATAN\" \/>\n<meta property=\"og:description\" content=\"\u00a0 Gurbette vatan y\u00e2d\u0131 beni a\u011flat\u0131r her dem,\u015ead\u2019m; ne i\u00e7in a\u011fl\u0131yorum, ben dahi bilmem? Birg\u00fcn vatana -k\u0131smet olur \u2014 avdet edersem\u0130\u015fte o zaman kaib-i hazinim olur Yarab! Vatan\u0131n bir k\u00f6\u015fesinde \u00f6lebilsem,\u00d6lsem orada, makberi maderde g\u00f6m\u00fclsem, Senden ki c\u00fcday\u0131m vatan\u0131m, hayli zamand\u0131rGurbette de y\u00e2d\u0131nla ge\u00e7er leyl\u00fc nahar\u0131m Hem\u015firelerim, maderim h\u00e2kinde nihand\u0131r.Nolurdu o yerlerde kaz\u0131lsayd\u0131 mezar\u0131m Ey [&hellip;]\" \/>\n<meta property=\"og:url\" content=\"https:\/\/narteks.net\/index.php\/2010\/04\/30\/da-ul-vatan\/\" \/>\n<meta property=\"og:site_name\" content=\"narteks.net\" \/>\n<meta property=\"article:published_time\" content=\"2010-04-30T09:12:29+00:00\" \/>\n<meta property=\"og:image\" content=\"https:\/\/narteks.net\/wp-content\/uploads\/narteks.png\" \/>\n\t<meta property=\"og:image:width\" content=\"300\" \/>\n\t<meta property=\"og:image:height\" content=\"90\" \/>\n\t<meta property=\"og:image:type\" content=\"image\/png\" \/>\n<meta name=\"author\" content=\"Tar\u0131k\" \/>\n<meta name=\"twitter:card\" content=\"summary_large_image\" \/>\n<meta name=\"twitter:creator\" content=\"@narteks\" \/>\n<meta name=\"twitter:site\" content=\"@narteks\" \/>\n<meta name=\"twitter:label1\" content=\"Yazan:\" \/>\n\t<meta name=\"twitter:data1\" content=\"Tar\u0131k\" \/>\n\t<meta name=\"twitter:label2\" content=\"Tahmini okuma s\u00fcresi\" \/>\n\t<meta name=\"twitter:data2\" content=\"2 dakika\" \/>\n<script type=\"application\/ld+json\" class=\"yoast-schema-graph\">{\"@context\":\"https:\/\/schema.org\",\"@graph\":[{\"@type\":\"Article\",\"@id\":\"https:\/\/narteks.net\/index.php\/2010\/04\/30\/da-ul-vatan\/#article\",\"isPartOf\":{\"@id\":\"https:\/\/narteks.net\/index.php\/2010\/04\/30\/da-ul-vatan\/\"},\"author\":{\"name\":\"Tar\u0131k\",\"@id\":\"https:\/\/narteks.net\/#\/schema\/person\/61f37d9834294b72d31d274e7ed79bca\"},\"headline\":\"DA-\u00dcL VATAN\",\"datePublished\":\"2010-04-30T09:12:29+00:00\",\"mainEntityOfPage\":{\"@id\":\"https:\/\/narteks.net\/index.php\/2010\/04\/30\/da-ul-vatan\/\"},\"wordCount\":359,\"commentCount\":0,\"publisher\":{\"@id\":\"https:\/\/narteks.net\/#organization\"},\"articleSection\":[\"Ya\u015far NEZ\u0130HE Han\u0131m\"],\"inLanguage\":\"tr\",\"potentialAction\":[{\"@type\":\"CommentAction\",\"name\":\"Comment\",\"target\":[\"https:\/\/narteks.net\/index.php\/2010\/04\/30\/da-ul-vatan\/#respond\"]}]},{\"@type\":\"WebPage\",\"@id\":\"https:\/\/narteks.net\/index.php\/2010\/04\/30\/da-ul-vatan\/\",\"url\":\"https:\/\/narteks.net\/index.php\/2010\/04\/30\/da-ul-vatan\/\",\"name\":\"DA-\u00dcL VATAN - narteks.net\",\"isPartOf\":{\"@id\":\"https:\/\/narteks.net\/#website\"},\"datePublished\":\"2010-04-30T09:12:29+00:00\",\"breadcrumb\":{\"@id\":\"https:\/\/narteks.net\/index.php\/2010\/04\/30\/da-ul-vatan\/#breadcrumb\"},\"inLanguage\":\"tr\",\"potentialAction\":[{\"@type\":\"ReadAction\",\"target\":[\"https:\/\/narteks.net\/index.php\/2010\/04\/30\/da-ul-vatan\/\"]}]},{\"@type\":\"BreadcrumbList\",\"@id\":\"https:\/\/narteks.net\/index.php\/2010\/04\/30\/da-ul-vatan\/#breadcrumb\",\"itemListElement\":[{\"@type\":\"ListItem\",\"position\":1,\"name\":\"Anasayfa\",\"item\":\"https:\/\/narteks.net\/\"},{\"@type\":\"ListItem\",\"position\":2,\"name\":\"DA-\u00dcL VATAN\"}]},{\"@type\":\"WebSite\",\"@id\":\"https:\/\/narteks.net\/#website\",\"url\":\"https:\/\/narteks.net\/\",\"name\":\"narteks.net\",\"description\":\"K\u00fclt\u00fcr Sanat Edebiyat Felsefe\",\"publisher\":{\"@id\":\"https:\/\/narteks.net\/#organization\"},\"alternateName\":\"K\u00fclt\u00fcr Sanat Edebiyat Felsefe\",\"potentialAction\":[{\"@type\":\"SearchAction\",\"target\":{\"@type\":\"EntryPoint\",\"urlTemplate\":\"https:\/\/narteks.net\/?s={search_term_string}\"},\"query-input\":{\"@type\":\"PropertyValueSpecification\",\"valueRequired\":true,\"valueName\":\"search_term_string\"}}],\"inLanguage\":\"tr\"},{\"@type\":\"Organization\",\"@id\":\"https:\/\/narteks.net\/#organization\",\"name\":\"narteks.net\",\"url\":\"https:\/\/narteks.net\/\",\"logo\":{\"@type\":\"ImageObject\",\"inLanguage\":\"tr\",\"@id\":\"https:\/\/narteks.net\/#\/schema\/logo\/image\/\",\"url\":\"https:\/\/narteks.net\/wp-content\/uploads\/narteks.png\",\"contentUrl\":\"https:\/\/narteks.net\/wp-content\/uploads\/narteks.png\",\"width\":300,\"height\":90,\"caption\":\"narteks.net\"},\"image\":{\"@id\":\"https:\/\/narteks.net\/#\/schema\/logo\/image\/\"},\"sameAs\":[\"https:\/\/x.com\/narteks\",\"https:\/\/instagram.com\/narteksnet\"]},{\"@type\":\"Person\",\"@id\":\"https:\/\/narteks.net\/#\/schema\/person\/61f37d9834294b72d31d274e7ed79bca\",\"name\":\"Tar\u0131k\",\"image\":{\"@type\":\"ImageObject\",\"inLanguage\":\"tr\",\"@id\":\"https:\/\/narteks.net\/#\/schema\/person\/image\/\",\"url\":\"https:\/\/secure.gravatar.com\/avatar\/50865afb55632c4ae467e0af0930f6510aa2297d8014be502a55b14f3b7550cf?s=96&d=mm&r=g\",\"contentUrl\":\"https:\/\/secure.gravatar.com\/avatar\/50865afb55632c4ae467e0af0930f6510aa2297d8014be502a55b14f3b7550cf?s=96&d=mm&r=g\",\"caption\":\"Tar\u0131k\"},\"sameAs\":[\"http:\/\/narteks.net\"],\"url\":\"https:\/\/narteks.net\/index.php\/author\/narbak\/\"}]}<\/script>\n<!-- \/ Yoast SEO Premium plugin. -->","yoast_head_json":{"title":"DA-\u00dcL VATAN - narteks.net","robots":{"index":"index","follow":"follow","max-snippet":"max-snippet:-1","max-image-preview":"max-image-preview:large","max-video-preview":"max-video-preview:-1"},"canonical":"https:\/\/narteks.net\/index.php\/2010\/04\/30\/da-ul-vatan\/","og_locale":"tr_TR","og_type":"article","og_title":"DA-\u00dcL VATAN","og_description":"\u00a0 Gurbette vatan y\u00e2d\u0131 beni a\u011flat\u0131r her dem,\u015ead\u2019m; ne i\u00e7in a\u011fl\u0131yorum, ben dahi bilmem? Birg\u00fcn vatana -k\u0131smet olur \u2014 avdet edersem\u0130\u015fte o zaman kaib-i hazinim olur Yarab! Vatan\u0131n bir k\u00f6\u015fesinde \u00f6lebilsem,\u00d6lsem orada, makberi maderde g\u00f6m\u00fclsem, Senden ki c\u00fcday\u0131m vatan\u0131m, hayli zamand\u0131rGurbette de y\u00e2d\u0131nla ge\u00e7er leyl\u00fc nahar\u0131m Hem\u015firelerim, maderim h\u00e2kinde nihand\u0131r.Nolurdu o yerlerde kaz\u0131lsayd\u0131 mezar\u0131m Ey [&hellip;]","og_url":"https:\/\/narteks.net\/index.php\/2010\/04\/30\/da-ul-vatan\/","og_site_name":"narteks.net","article_published_time":"2010-04-30T09:12:29+00:00","og_image":[{"width":300,"height":90,"url":"https:\/\/narteks.net\/wp-content\/uploads\/narteks.png","type":"image\/png"}],"author":"Tar\u0131k","twitter_card":"summary_large_image","twitter_creator":"@narteks","twitter_site":"@narteks","twitter_misc":{"Yazan:":"Tar\u0131k","Tahmini okuma s\u00fcresi":"2 dakika"},"schema":{"@context":"https:\/\/schema.org","@graph":[{"@type":"Article","@id":"https:\/\/narteks.net\/index.php\/2010\/04\/30\/da-ul-vatan\/#article","isPartOf":{"@id":"https:\/\/narteks.net\/index.php\/2010\/04\/30\/da-ul-vatan\/"},"author":{"name":"Tar\u0131k","@id":"https:\/\/narteks.net\/#\/schema\/person\/61f37d9834294b72d31d274e7ed79bca"},"headline":"DA-\u00dcL VATAN","datePublished":"2010-04-30T09:12:29+00:00","mainEntityOfPage":{"@id":"https:\/\/narteks.net\/index.php\/2010\/04\/30\/da-ul-vatan\/"},"wordCount":359,"commentCount":0,"publisher":{"@id":"https:\/\/narteks.net\/#organization"},"articleSection":["Ya\u015far NEZ\u0130HE Han\u0131m"],"inLanguage":"tr","potentialAction":[{"@type":"CommentAction","name":"Comment","target":["https:\/\/narteks.net\/index.php\/2010\/04\/30\/da-ul-vatan\/#respond"]}]},{"@type":"WebPage","@id":"https:\/\/narteks.net\/index.php\/2010\/04\/30\/da-ul-vatan\/","url":"https:\/\/narteks.net\/index.php\/2010\/04\/30\/da-ul-vatan\/","name":"DA-\u00dcL VATAN - narteks.net","isPartOf":{"@id":"https:\/\/narteks.net\/#website"},"datePublished":"2010-04-30T09:12:29+00:00","breadcrumb":{"@id":"https:\/\/narteks.net\/index.php\/2010\/04\/30\/da-ul-vatan\/#breadcrumb"},"inLanguage":"tr","potentialAction":[{"@type":"ReadAction","target":["https:\/\/narteks.net\/index.php\/2010\/04\/30\/da-ul-vatan\/"]}]},{"@type":"BreadcrumbList","@id":"https:\/\/narteks.net\/index.php\/2010\/04\/30\/da-ul-vatan\/#breadcrumb","itemListElement":[{"@type":"ListItem","position":1,"name":"Anasayfa","item":"https:\/\/narteks.net\/"},{"@type":"ListItem","position":2,"name":"DA-\u00dcL VATAN"}]},{"@type":"WebSite","@id":"https:\/\/narteks.net\/#website","url":"https:\/\/narteks.net\/","name":"narteks.net","description":"K\u00fclt\u00fcr Sanat Edebiyat Felsefe","publisher":{"@id":"https:\/\/narteks.net\/#organization"},"alternateName":"K\u00fclt\u00fcr Sanat Edebiyat Felsefe","potentialAction":[{"@type":"SearchAction","target":{"@type":"EntryPoint","urlTemplate":"https:\/\/narteks.net\/?s={search_term_string}"},"query-input":{"@type":"PropertyValueSpecification","valueRequired":true,"valueName":"search_term_string"}}],"inLanguage":"tr"},{"@type":"Organization","@id":"https:\/\/narteks.net\/#organization","name":"narteks.net","url":"https:\/\/narteks.net\/","logo":{"@type":"ImageObject","inLanguage":"tr","@id":"https:\/\/narteks.net\/#\/schema\/logo\/image\/","url":"https:\/\/narteks.net\/wp-content\/uploads\/narteks.png","contentUrl":"https:\/\/narteks.net\/wp-content\/uploads\/narteks.png","width":300,"height":90,"caption":"narteks.net"},"image":{"@id":"https:\/\/narteks.net\/#\/schema\/logo\/image\/"},"sameAs":["https:\/\/x.com\/narteks","https:\/\/instagram.com\/narteksnet"]},{"@type":"Person","@id":"https:\/\/narteks.net\/#\/schema\/person\/61f37d9834294b72d31d274e7ed79bca","name":"Tar\u0131k","image":{"@type":"ImageObject","inLanguage":"tr","@id":"https:\/\/narteks.net\/#\/schema\/person\/image\/","url":"https:\/\/secure.gravatar.com\/avatar\/50865afb55632c4ae467e0af0930f6510aa2297d8014be502a55b14f3b7550cf?s=96&d=mm&r=g","contentUrl":"https:\/\/secure.gravatar.com\/avatar\/50865afb55632c4ae467e0af0930f6510aa2297d8014be502a55b14f3b7550cf?s=96&d=mm&r=g","caption":"Tar\u0131k"},"sameAs":["http:\/\/narteks.net"],"url":"https:\/\/narteks.net\/index.php\/author\/narbak\/"}]}},"_links":{"self":[{"href":"https:\/\/narteks.net\/index.php\/wp-json\/wp\/v2\/posts\/4546","targetHints":{"allow":["GET"]}}],"collection":[{"href":"https:\/\/narteks.net\/index.php\/wp-json\/wp\/v2\/posts"}],"about":[{"href":"https:\/\/narteks.net\/index.php\/wp-json\/wp\/v2\/types\/post"}],"author":[{"embeddable":true,"href":"https:\/\/narteks.net\/index.php\/wp-json\/wp\/v2\/users\/1"}],"replies":[{"embeddable":true,"href":"https:\/\/narteks.net\/index.php\/wp-json\/wp\/v2\/comments?post=4546"}],"version-history":[{"count":0,"href":"https:\/\/narteks.net\/index.php\/wp-json\/wp\/v2\/posts\/4546\/revisions"}],"wp:attachment":[{"href":"https:\/\/narteks.net\/index.php\/wp-json\/wp\/v2\/media?parent=4546"}],"wp:term":[{"taxonomy":"category","embeddable":true,"href":"https:\/\/narteks.net\/index.php\/wp-json\/wp\/v2\/categories?post=4546"},{"taxonomy":"post_tag","embeddable":true,"href":"https:\/\/narteks.net\/index.php\/wp-json\/wp\/v2\/tags?post=4546"}],"curies":[{"name":"wp","href":"https:\/\/api.w.org\/{rel}","templated":true}]}}