{"id":4550,"date":"2010-04-30T12:16:00","date_gmt":"2010-04-30T09:16:00","guid":{"rendered":"http:\/\/localhost\/wordpress\/2010\/04\/30\/dusundum\/"},"modified":"2010-04-30T12:16:00","modified_gmt":"2010-04-30T09:16:00","slug":"dusundum","status":"publish","type":"post","link":"https:\/\/narteks.net\/index.php\/2010\/04\/30\/dusundum\/","title":{"rendered":"D\u00dc\u015e\u00dcND\u00dcM"},"content":{"rendered":"<p>\u00a0<\/p>\n<p>Bakt\u0131m kamerin nuruna, dild\u00e2r\u0131 d\u00fc\u015f\u00fcnd\u00fcm<br \/>And\u0131m o ge\u00e7en demleri hep yar\u0131 d\u00fc\u015f\u00fcnd\u00fcm,<\/p>\n<p>Bakt\u0131m, kimi sevdimse cuda eyledi benden,<br \/>Bir kendimi, bir \u015fad olan a\u011fyar\u0131 d\u00fc\u015f\u00fcd\u00fcm<\/p>\n<p>Ald\u0131m ele ruzname-i hicran\u0131m\u0131 a\u00e7t\u0131m,<br \/>Bir bir okudum dide\u2019i giryan\u0131m\u0131 a\u00e7tm,<\/p>\n<p>Mahfuz duran evrak\u2019\u00ee peri\u015fan\u0131m\u0131 a\u00e7t\u0131m,<br \/>Y\u00e2rin bana ilk verdi\u011fi ezhar\u0131 d\u00fc\u015f\u00fcnd\u00fcm!<\/p>\n<p>Tahfif\u2019i mel\u00e2l etmek i\u00e7in mazileri and\u0131,<br \/>Sevdimse kimi ate\u015fi hicran\u0131n\u0131 yand\u0131m<\/p>\n<p>Dehrin nas\u0131l \u00e2l\u00e2m\u0131na bilmem ki dayand\u0131m?<br \/>Hayrette kal\u0131p \u00f6mr-\u00fc cefak\u00e2r\u0131 d\u00fc\u015f\u00fcnd\u00fcm.<\/p>\n<p>Kurtulman\u0131n imk\u00e2n\u0131 yok \u00e2l\u00e2m\u2019\u0131 fenadan,<br \/>Tahlis edecek kimse beni yokmu bel\u00e2dan?<\/p>\n<p>B\u0131kt\u0131m bu ezadan, bu cefadan, bu b\u00fck\u00e2dan,<br \/>Kalbimdeki bitmez gam\u0131 ikdar\u0131 d\u00fc\u015f\u00fcnd\u00fcm!<\/p>\n<p>Bedbahtlar i\u00e7inde, acaba var m\u0131 menendim?<br \/>\u00c7ok gamlere, hicranlara d\u00fc\u015ft\u00fcm, zedeIendim,<\/p>\n<p>Sa\u011f\u0131r m\u0131 felek duymuyor \u00e2v\u00e2\u2019\u0131 b\u00fclendim,<br \/>Ciltler dolusu yazd\u0131\u011f\u0131m e\u015f\u2019ar\u0131 d\u00fc\u015f\u00fcnd\u00fcm.<br \/>Mazi ne de s\u00fcr\u2019atle g\u00fczer eyledi gitti,<br \/>Cefas\u0131, felek zalimin can\u0131ma yetti.<\/p>\n<p>E\u011flence mi, feryad\u2019u, figan girye gam etti,<br \/>\u00abKader\u00bb denilen zalim\u2019\u00fc gaddar\u0131 d\u00fc\u015f\u00fcnd\u00fcm!<\/p>\n<p>Ben \u015fimdi fel\u00e2ketzedeyim, zaru zebunum,<br \/>Mecnunu da hayran edecek hal\u2019i canunum<\/p>\n<p>Arz eyleyemem kimselere raz\u2019\u0131 derunum,<br \/>P\u00fcr yare olan kalbi elemdar\u0131 d\u00fc\u015f\u00fcnd\u00fcm.<\/p>\n<p>Etmez beni memnun ne g\u00fcller, ne de g\u00fcl\u015fen,<br \/>B\u00fclb\u00fcl sesini zannederim nale\u2019i \u015f\u00fcyun,<\/p>\n<p>D\u00fcnyada ne g\u00f6rsem olamam zerre kadar \u015fen<br \/>Eksilmeyen \u00e2l\u00e2m, dil\u2019\u00fc zar\u0131 d\u00fc\u015f\u00fcnd\u00fcm.<\/p>\n<p>Payan\u0131 yok hicranlara, mihnetlere d\u00fc\u015ft\u00fcm.<br \/>Bin t\u00fcrl\u00fc elemlere me\u015fakkatlere d\u00fc\u015ft\u00fcm,<\/p>\n<p>Nemci emelim s\u00f6nd\u00fc de zulmetlere d\u00fc\u015ft\u00fcm,<br \/>H\u00e2k i\u00e7re solan yar\u0131 vefak\u00e2r\u0131 d\u00fc\u015f\u00fcnd\u00fcm.<\/p>\n<p>Subholdu, ziyas\u0131 kamerin bakt\u0131m azald\u0131,<br \/>Kar\u015f\u0131mda seman\u0131n fersiz g\u00f6z\u00fc kald\u0131,<\/p>\n<p>\u00c7e\u015fmin bu sefer me\u015fr\u0131k\u2019\u0131n al rengine dald\u0131<br \/>Bin h\u00fczne d\u00fc\u015f\u00fcp mihr ziyadar\u0131 d\u00fc\u015f\u00fcnd\u00fcm!<\/p>\n<p>Mahzun y\u00fcz\u00fcm ok\u015fard\u0131 saba nermin elile,<br \/>Sanki dil\u2019i suzan\u0131m\u0131 teskin emelile,<br \/>Mest etti beni ne\u015fvelerin en g\u00fczelile,<br \/>Kar\u015f\u0131mda \u00f6ten tair b\u00eed\u00e2r\u2019\u0131 d\u00fc\u015f\u00fcnd\u00fcm!<\/p>\n<p>Ettik\u00e7e g\u00fczel \u015feyleri hayretle tema\u015fa,<br \/>Gelmi\u015fti yine yad\u0131ma ol dilber-i r\u00e2n\u00e2<\/p>\n<p>\u00c2l\u00e2m\u2019\u0131 tehass\u00fcrle bunald\u0131k\u00e7a bunald\u0131m,<br \/>\u00abSevda\u00bb denilen afet\u2019i hunhar\u0131 d\u00fc\u015f\u00fcnd\u00fcm,<\/p>\n<p>Ya\u015far Nezihe B\u00dcK\u00dcLMEZ<\/p>\n","protected":false},"excerpt":{"rendered":"<p>\u00a0 Bakt\u0131m kamerin nuruna, dild\u00e2r\u0131 d\u00fc\u015f\u00fcnd\u00fcmAnd\u0131m o ge\u00e7en demleri hep yar\u0131 d\u00fc\u015f\u00fcnd\u00fcm, Bakt\u0131m, kimi sevdimse cuda eyledi benden,Bir kendimi, bir \u015fad olan a\u011fyar\u0131 d\u00fc\u015f\u00fcd\u00fcm Ald\u0131m ele ruzname-i hicran\u0131m\u0131 a\u00e7t\u0131m,Bir bir okudum dide\u2019i giryan\u0131m\u0131 a\u00e7tm, Mahfuz duran evrak\u2019\u00ee peri\u015fan\u0131m\u0131 a\u00e7t\u0131m,Y\u00e2rin bana ilk verdi\u011fi ezhar\u0131 d\u00fc\u015f\u00fcnd\u00fcm! Tahfif\u2019i mel\u00e2l etmek i\u00e7in mazileri and\u0131,Sevdimse kimi ate\u015fi hicran\u0131n\u0131 yand\u0131m Dehrin [&hellip;]<\/p>\n","protected":false},"author":1,"featured_media":0,"comment_status":"open","ping_status":"open","sticky":false,"template":"","format":"standard","meta":{"footnotes":""},"categories":[146],"tags":[],"class_list":{"0":"post-4550","1":"post","2":"type-post","3":"status-publish","4":"format-standard","6":"category-yasar-nezihe-hanim"},"yoast_head":"<!-- This site is optimized with the Yoast SEO Premium plugin v24.9 (Yoast SEO v24.9) - https:\/\/yoast.com\/wordpress\/plugins\/seo\/ -->\n<title>D\u00dc\u015e\u00dcND\u00dcM - narteks.net<\/title>\n<meta name=\"robots\" content=\"index, follow, max-snippet:-1, max-image-preview:large, max-video-preview:-1\" \/>\n<link rel=\"canonical\" href=\"https:\/\/narteks.net\/index.php\/2010\/04\/30\/dusundum\/\" \/>\n<meta property=\"og:locale\" content=\"tr_TR\" \/>\n<meta property=\"og:type\" content=\"article\" \/>\n<meta property=\"og:title\" content=\"D\u00dc\u015e\u00dcND\u00dcM\" \/>\n<meta property=\"og:description\" content=\"\u00a0 Bakt\u0131m kamerin nuruna, dild\u00e2r\u0131 d\u00fc\u015f\u00fcnd\u00fcmAnd\u0131m o ge\u00e7en demleri hep yar\u0131 d\u00fc\u015f\u00fcnd\u00fcm, Bakt\u0131m, kimi sevdimse cuda eyledi benden,Bir kendimi, bir \u015fad olan a\u011fyar\u0131 d\u00fc\u015f\u00fcd\u00fcm Ald\u0131m ele ruzname-i hicran\u0131m\u0131 a\u00e7t\u0131m,Bir bir okudum dide\u2019i giryan\u0131m\u0131 a\u00e7tm, Mahfuz duran evrak\u2019\u00ee peri\u015fan\u0131m\u0131 a\u00e7t\u0131m,Y\u00e2rin bana ilk verdi\u011fi ezhar\u0131 d\u00fc\u015f\u00fcnd\u00fcm! Tahfif\u2019i mel\u00e2l etmek i\u00e7in mazileri and\u0131,Sevdimse kimi ate\u015fi hicran\u0131n\u0131 yand\u0131m Dehrin [&hellip;]\" \/>\n<meta property=\"og:url\" content=\"https:\/\/narteks.net\/index.php\/2010\/04\/30\/dusundum\/\" \/>\n<meta property=\"og:site_name\" content=\"narteks.net\" \/>\n<meta property=\"article:published_time\" content=\"2010-04-30T09:16:00+00:00\" \/>\n<meta property=\"og:image\" content=\"https:\/\/narteks.net\/wp-content\/uploads\/narteks.png\" \/>\n\t<meta property=\"og:image:width\" content=\"300\" \/>\n\t<meta property=\"og:image:height\" content=\"90\" \/>\n\t<meta property=\"og:image:type\" content=\"image\/png\" \/>\n<meta name=\"author\" content=\"Tar\u0131k\" \/>\n<meta name=\"twitter:card\" content=\"summary_large_image\" \/>\n<meta name=\"twitter:creator\" content=\"@narteks\" \/>\n<meta name=\"twitter:site\" content=\"@narteks\" \/>\n<meta name=\"twitter:label1\" content=\"Yazan:\" \/>\n\t<meta name=\"twitter:data1\" content=\"Tar\u0131k\" \/>\n\t<meta name=\"twitter:label2\" content=\"Tahmini okuma s\u00fcresi\" \/>\n\t<meta name=\"twitter:data2\" content=\"2 dakika\" \/>\n<script type=\"application\/ld+json\" class=\"yoast-schema-graph\">{\"@context\":\"https:\/\/schema.org\",\"@graph\":[{\"@type\":\"Article\",\"@id\":\"https:\/\/narteks.net\/index.php\/2010\/04\/30\/dusundum\/#article\",\"isPartOf\":{\"@id\":\"https:\/\/narteks.net\/index.php\/2010\/04\/30\/dusundum\/\"},\"author\":{\"name\":\"Tar\u0131k\",\"@id\":\"https:\/\/narteks.net\/#\/schema\/person\/61f37d9834294b72d31d274e7ed79bca\"},\"headline\":\"D\u00dc\u015e\u00dcND\u00dcM\",\"datePublished\":\"2010-04-30T09:16:00+00:00\",\"mainEntityOfPage\":{\"@id\":\"https:\/\/narteks.net\/index.php\/2010\/04\/30\/dusundum\/\"},\"wordCount\":415,\"commentCount\":0,\"publisher\":{\"@id\":\"https:\/\/narteks.net\/#organization\"},\"articleSection\":[\"Ya\u015far NEZ\u0130HE Han\u0131m\"],\"inLanguage\":\"tr\",\"potentialAction\":[{\"@type\":\"CommentAction\",\"name\":\"Comment\",\"target\":[\"https:\/\/narteks.net\/index.php\/2010\/04\/30\/dusundum\/#respond\"]}]},{\"@type\":\"WebPage\",\"@id\":\"https:\/\/narteks.net\/index.php\/2010\/04\/30\/dusundum\/\",\"url\":\"https:\/\/narteks.net\/index.php\/2010\/04\/30\/dusundum\/\",\"name\":\"D\u00dc\u015e\u00dcND\u00dcM - narteks.net\",\"isPartOf\":{\"@id\":\"https:\/\/narteks.net\/#website\"},\"datePublished\":\"2010-04-30T09:16:00+00:00\",\"breadcrumb\":{\"@id\":\"https:\/\/narteks.net\/index.php\/2010\/04\/30\/dusundum\/#breadcrumb\"},\"inLanguage\":\"tr\",\"potentialAction\":[{\"@type\":\"ReadAction\",\"target\":[\"https:\/\/narteks.net\/index.php\/2010\/04\/30\/dusundum\/\"]}]},{\"@type\":\"BreadcrumbList\",\"@id\":\"https:\/\/narteks.net\/index.php\/2010\/04\/30\/dusundum\/#breadcrumb\",\"itemListElement\":[{\"@type\":\"ListItem\",\"position\":1,\"name\":\"Anasayfa\",\"item\":\"https:\/\/narteks.net\/\"},{\"@type\":\"ListItem\",\"position\":2,\"name\":\"D\u00dc\u015e\u00dcND\u00dcM\"}]},{\"@type\":\"WebSite\",\"@id\":\"https:\/\/narteks.net\/#website\",\"url\":\"https:\/\/narteks.net\/\",\"name\":\"narteks.net\",\"description\":\"K\u00fclt\u00fcr Sanat Edebiyat Felsefe\",\"publisher\":{\"@id\":\"https:\/\/narteks.net\/#organization\"},\"alternateName\":\"K\u00fclt\u00fcr Sanat Edebiyat Felsefe\",\"potentialAction\":[{\"@type\":\"SearchAction\",\"target\":{\"@type\":\"EntryPoint\",\"urlTemplate\":\"https:\/\/narteks.net\/?s={search_term_string}\"},\"query-input\":{\"@type\":\"PropertyValueSpecification\",\"valueRequired\":true,\"valueName\":\"search_term_string\"}}],\"inLanguage\":\"tr\"},{\"@type\":\"Organization\",\"@id\":\"https:\/\/narteks.net\/#organization\",\"name\":\"narteks.net\",\"url\":\"https:\/\/narteks.net\/\",\"logo\":{\"@type\":\"ImageObject\",\"inLanguage\":\"tr\",\"@id\":\"https:\/\/narteks.net\/#\/schema\/logo\/image\/\",\"url\":\"https:\/\/narteks.net\/wp-content\/uploads\/narteks.png\",\"contentUrl\":\"https:\/\/narteks.net\/wp-content\/uploads\/narteks.png\",\"width\":300,\"height\":90,\"caption\":\"narteks.net\"},\"image\":{\"@id\":\"https:\/\/narteks.net\/#\/schema\/logo\/image\/\"},\"sameAs\":[\"https:\/\/x.com\/narteks\",\"https:\/\/instagram.com\/narteksnet\"]},{\"@type\":\"Person\",\"@id\":\"https:\/\/narteks.net\/#\/schema\/person\/61f37d9834294b72d31d274e7ed79bca\",\"name\":\"Tar\u0131k\",\"image\":{\"@type\":\"ImageObject\",\"inLanguage\":\"tr\",\"@id\":\"https:\/\/narteks.net\/#\/schema\/person\/image\/\",\"url\":\"https:\/\/secure.gravatar.com\/avatar\/50865afb55632c4ae467e0af0930f6510aa2297d8014be502a55b14f3b7550cf?s=96&d=mm&r=g\",\"contentUrl\":\"https:\/\/secure.gravatar.com\/avatar\/50865afb55632c4ae467e0af0930f6510aa2297d8014be502a55b14f3b7550cf?s=96&d=mm&r=g\",\"caption\":\"Tar\u0131k\"},\"sameAs\":[\"http:\/\/narteks.net\"],\"url\":\"https:\/\/narteks.net\/index.php\/author\/narbak\/\"}]}<\/script>\n<!-- \/ Yoast SEO Premium plugin. -->","yoast_head_json":{"title":"D\u00dc\u015e\u00dcND\u00dcM - narteks.net","robots":{"index":"index","follow":"follow","max-snippet":"max-snippet:-1","max-image-preview":"max-image-preview:large","max-video-preview":"max-video-preview:-1"},"canonical":"https:\/\/narteks.net\/index.php\/2010\/04\/30\/dusundum\/","og_locale":"tr_TR","og_type":"article","og_title":"D\u00dc\u015e\u00dcND\u00dcM","og_description":"\u00a0 Bakt\u0131m kamerin nuruna, dild\u00e2r\u0131 d\u00fc\u015f\u00fcnd\u00fcmAnd\u0131m o ge\u00e7en demleri hep yar\u0131 d\u00fc\u015f\u00fcnd\u00fcm, Bakt\u0131m, kimi sevdimse cuda eyledi benden,Bir kendimi, bir \u015fad olan a\u011fyar\u0131 d\u00fc\u015f\u00fcd\u00fcm Ald\u0131m ele ruzname-i hicran\u0131m\u0131 a\u00e7t\u0131m,Bir bir okudum dide\u2019i giryan\u0131m\u0131 a\u00e7tm, Mahfuz duran evrak\u2019\u00ee peri\u015fan\u0131m\u0131 a\u00e7t\u0131m,Y\u00e2rin bana ilk verdi\u011fi ezhar\u0131 d\u00fc\u015f\u00fcnd\u00fcm! Tahfif\u2019i mel\u00e2l etmek i\u00e7in mazileri and\u0131,Sevdimse kimi ate\u015fi hicran\u0131n\u0131 yand\u0131m Dehrin [&hellip;]","og_url":"https:\/\/narteks.net\/index.php\/2010\/04\/30\/dusundum\/","og_site_name":"narteks.net","article_published_time":"2010-04-30T09:16:00+00:00","og_image":[{"width":300,"height":90,"url":"https:\/\/narteks.net\/wp-content\/uploads\/narteks.png","type":"image\/png"}],"author":"Tar\u0131k","twitter_card":"summary_large_image","twitter_creator":"@narteks","twitter_site":"@narteks","twitter_misc":{"Yazan:":"Tar\u0131k","Tahmini okuma s\u00fcresi":"2 dakika"},"schema":{"@context":"https:\/\/schema.org","@graph":[{"@type":"Article","@id":"https:\/\/narteks.net\/index.php\/2010\/04\/30\/dusundum\/#article","isPartOf":{"@id":"https:\/\/narteks.net\/index.php\/2010\/04\/30\/dusundum\/"},"author":{"name":"Tar\u0131k","@id":"https:\/\/narteks.net\/#\/schema\/person\/61f37d9834294b72d31d274e7ed79bca"},"headline":"D\u00dc\u015e\u00dcND\u00dcM","datePublished":"2010-04-30T09:16:00+00:00","mainEntityOfPage":{"@id":"https:\/\/narteks.net\/index.php\/2010\/04\/30\/dusundum\/"},"wordCount":415,"commentCount":0,"publisher":{"@id":"https:\/\/narteks.net\/#organization"},"articleSection":["Ya\u015far NEZ\u0130HE Han\u0131m"],"inLanguage":"tr","potentialAction":[{"@type":"CommentAction","name":"Comment","target":["https:\/\/narteks.net\/index.php\/2010\/04\/30\/dusundum\/#respond"]}]},{"@type":"WebPage","@id":"https:\/\/narteks.net\/index.php\/2010\/04\/30\/dusundum\/","url":"https:\/\/narteks.net\/index.php\/2010\/04\/30\/dusundum\/","name":"D\u00dc\u015e\u00dcND\u00dcM - narteks.net","isPartOf":{"@id":"https:\/\/narteks.net\/#website"},"datePublished":"2010-04-30T09:16:00+00:00","breadcrumb":{"@id":"https:\/\/narteks.net\/index.php\/2010\/04\/30\/dusundum\/#breadcrumb"},"inLanguage":"tr","potentialAction":[{"@type":"ReadAction","target":["https:\/\/narteks.net\/index.php\/2010\/04\/30\/dusundum\/"]}]},{"@type":"BreadcrumbList","@id":"https:\/\/narteks.net\/index.php\/2010\/04\/30\/dusundum\/#breadcrumb","itemListElement":[{"@type":"ListItem","position":1,"name":"Anasayfa","item":"https:\/\/narteks.net\/"},{"@type":"ListItem","position":2,"name":"D\u00dc\u015e\u00dcND\u00dcM"}]},{"@type":"WebSite","@id":"https:\/\/narteks.net\/#website","url":"https:\/\/narteks.net\/","name":"narteks.net","description":"K\u00fclt\u00fcr Sanat Edebiyat Felsefe","publisher":{"@id":"https:\/\/narteks.net\/#organization"},"alternateName":"K\u00fclt\u00fcr Sanat Edebiyat Felsefe","potentialAction":[{"@type":"SearchAction","target":{"@type":"EntryPoint","urlTemplate":"https:\/\/narteks.net\/?s={search_term_string}"},"query-input":{"@type":"PropertyValueSpecification","valueRequired":true,"valueName":"search_term_string"}}],"inLanguage":"tr"},{"@type":"Organization","@id":"https:\/\/narteks.net\/#organization","name":"narteks.net","url":"https:\/\/narteks.net\/","logo":{"@type":"ImageObject","inLanguage":"tr","@id":"https:\/\/narteks.net\/#\/schema\/logo\/image\/","url":"https:\/\/narteks.net\/wp-content\/uploads\/narteks.png","contentUrl":"https:\/\/narteks.net\/wp-content\/uploads\/narteks.png","width":300,"height":90,"caption":"narteks.net"},"image":{"@id":"https:\/\/narteks.net\/#\/schema\/logo\/image\/"},"sameAs":["https:\/\/x.com\/narteks","https:\/\/instagram.com\/narteksnet"]},{"@type":"Person","@id":"https:\/\/narteks.net\/#\/schema\/person\/61f37d9834294b72d31d274e7ed79bca","name":"Tar\u0131k","image":{"@type":"ImageObject","inLanguage":"tr","@id":"https:\/\/narteks.net\/#\/schema\/person\/image\/","url":"https:\/\/secure.gravatar.com\/avatar\/50865afb55632c4ae467e0af0930f6510aa2297d8014be502a55b14f3b7550cf?s=96&d=mm&r=g","contentUrl":"https:\/\/secure.gravatar.com\/avatar\/50865afb55632c4ae467e0af0930f6510aa2297d8014be502a55b14f3b7550cf?s=96&d=mm&r=g","caption":"Tar\u0131k"},"sameAs":["http:\/\/narteks.net"],"url":"https:\/\/narteks.net\/index.php\/author\/narbak\/"}]}},"_links":{"self":[{"href":"https:\/\/narteks.net\/index.php\/wp-json\/wp\/v2\/posts\/4550","targetHints":{"allow":["GET"]}}],"collection":[{"href":"https:\/\/narteks.net\/index.php\/wp-json\/wp\/v2\/posts"}],"about":[{"href":"https:\/\/narteks.net\/index.php\/wp-json\/wp\/v2\/types\/post"}],"author":[{"embeddable":true,"href":"https:\/\/narteks.net\/index.php\/wp-json\/wp\/v2\/users\/1"}],"replies":[{"embeddable":true,"href":"https:\/\/narteks.net\/index.php\/wp-json\/wp\/v2\/comments?post=4550"}],"version-history":[{"count":0,"href":"https:\/\/narteks.net\/index.php\/wp-json\/wp\/v2\/posts\/4550\/revisions"}],"wp:attachment":[{"href":"https:\/\/narteks.net\/index.php\/wp-json\/wp\/v2\/media?parent=4550"}],"wp:term":[{"taxonomy":"category","embeddable":true,"href":"https:\/\/narteks.net\/index.php\/wp-json\/wp\/v2\/categories?post=4550"},{"taxonomy":"post_tag","embeddable":true,"href":"https:\/\/narteks.net\/index.php\/wp-json\/wp\/v2\/tags?post=4550"}],"curies":[{"name":"wp","href":"https:\/\/api.w.org\/{rel}","templated":true}]}}