{"id":4558,"date":"2010-05-02T14:40:27","date_gmt":"2010-05-02T11:40:27","guid":{"rendered":"http:\/\/localhost\/wordpress\/2010\/05\/02\/78-safagi\/"},"modified":"2010-05-02T14:40:27","modified_gmt":"2010-05-02T11:40:27","slug":"78-safagi","status":"publish","type":"post","link":"https:\/\/narteks.net\/index.php\/2010\/05\/02\/78-safagi\/","title":{"rendered":"78 \u015eAFA\u011eI"},"content":{"rendered":"<p>I<br \/>Kaybetsek de bazen mevzilerimizi<br \/>S\u00f6zlerimizin izinden buluruz<br \/>Birbirimizi<\/p>\n<p>II.<br \/>Bir hayalet dola\u015facak<br \/>78 hayaleti<br \/>Pencereden kap\u0131dan<br \/>F\u0131rlayacak \u00f6fke<\/p>\n<p>II.<br \/>Gece \u015fafa\u011fa d\u00f6n\u00fcyordu ki<br \/>\u015eafaktan \u00f6nce bast\u0131lar g\u00fcn\u00fc<br \/>Tanklar\u0131 ve toplar\u0131yla<br \/>Bir ad\u0131m yol alm\u0131\u015ft\u0131k ki<br \/>Sald\u0131rd\u0131lar b\u00fct\u00fcn hatlar\u0131yla<\/p>\n<p>IV.<br \/>Di\u015fe di\u015f bir kavgaya haz\u0131rd\u0131 bizimkiler<br \/>Haz\u0131rd\u0131 c\u00fcmle da\u011flar<br \/>Fabrikalar okullar<br \/>Bu \u00fclke ba\u015ftan ba\u015fa haz\u0131rd\u0131<br \/>Usta bir asker<br \/>G\u00f6ky\u00fcz\u00fcnde kartal kadar haz\u0131rd\u0131.<\/p>\n<p>V.<br \/>Haz\u0131rd\u0131 bizimkiler<br \/>Ve karanl\u0131klar i\u00e7inde<br \/>Birer i\u015faret fi\u015fe\u011fiydiler<br \/>Dald\u0131lar 12 eyl\u00fcl karanl\u0131\u011f\u0131n\u0131n i\u00e7ine<br \/>Boyunlar\u0131 k\u0131r\u0131lan ku\u011fular gibi yenildiler<br \/>K\u0131r\u0131lan yemye\u015fil dallar gibi yenildiler<br \/>\u00d6lenlerimiz \u00f6ld\u00fc<br \/>Kalan sa\u011flar geri d\u00f6nmediler<br \/>Y\u0131k\u0131ld\u0131 Mamak<br \/>Diyarbak\u0131r Metris Erzincan<br \/>Y\u0131k\u0131ld\u0131 i\u015fkenceden direni\u015ften<br \/>Yan\u0131l\u0131p da bir g\u00fcn<br \/>\u015eik\u00e2yet etmediler<br \/>\u00d6yle al\u00e7ak g\u00f6n\u00fcll\u00fc<br \/>\u00d6yle devrimcidirler<\/p>\n<p>VI.<br \/>Onlar bir bu \u00fclkeyi<br \/>Bir de bu \u00fclkenin halk\u0131n\u0131 sevdiler<br \/>Boyunlar\u0131nda d\u00fc\u011f\u00fcm izleri<br \/>S\u0131rtlar\u0131nda kur\u015fun izleri laf de\u011fildir<br \/>Al\u0131nlar\u0131nda akl\u0131k<br \/>Tarihteki ferahl\u0131k laf de\u011fildir<\/p>\n<p>VII.<br \/>D\u00fc\u015ft\u00fc\u011f\u00fcm\u00fcz yerden kolay kalkar\u0131z<br \/>\u00c7\u00fcnk\u00fc topra\u011fa sa\u011flam basar\u0131z<\/p>\n<p>VIII.<br \/>Geri alacaklar<br \/>\u00c7al\u0131nan \u00f6m\u00fcrlerini<br \/>Topraktan \u015fehitlerini geri alacaklar<br \/>Bir 78 \u015fafa\u011f\u0131 olacak<br \/>K\u00fcllerinden do\u011facaklar<\/p>\n<p>IX.<br \/>Dara\u011fac\u0131nda bayrak gibi duran yolda\u015flar<br \/>Sevdi\u011fine mektubu kalan yolda\u015flar<br \/>Kaza\u011f\u0131n\u0131z\u0131 sand\u0131klardan al\u0131p gelece\u011fiz<br \/>Parkan\u0131z\u0131 \u00fcst\u00fcm\u00fcze giyip gelece\u011fiz<br \/>Hesab\u0131n\u0131z kalmayacak divana<\/p>\n<p>Sa\u00e7lar\u0131m\u0131z a\u011farsa da<br \/>D\u00fc\u015fse de omuzlar\u0131m\u0131z<br \/>Her \u015fafak vakti<br \/>Kur\u015fun topluyor g\u00f6zya\u015flar\u0131m\u0131z.<\/p>\n<p>X.<br \/>Avucumuzun i\u00e7indeydi yeni bir d\u00fcnya<br \/>Bu \u00fclkeyi ba\u015ftanba\u015fa kurabilirdik<br \/>G\u00f6ky\u00fcz\u00fcn\u00fc fethe \u00e7\u0131kt\u0131\u011f\u0131m\u0131z bu yolda<br \/>Dev gibi ordular\u0131 yenebilirdik<br \/>Yenildik<br \/>Ve ilk defa \u00e7ocuklar bize k\u00fcst\u00fc<br \/>Ve ilk defa d\u00fc\u015ft\u00fc<br \/>Sevgilimizin resmi cebimizden<\/p>\n<p>XI.<br \/>Ya\u015f\u0131m\u0131z kafa k\u00e2\u011f\u0131d\u0131nda de\u011fil<br \/>G\u00fcl\u00fc\u015f\u00fcm\u00fczdedir<br \/>Y\u00fcz\u00fcme iyi bak<br \/>Her \u00e7izgisi deli kanl\u0131d\u0131r<\/p>\n<p>XII.<br \/>Zulas\u0131 sa\u011flamd\u0131r onlar\u0131n<br \/>Ceplerinde hala<br \/>\u00c7ak\u0131l ta\u015f\u0131rlar<\/p>\n<p>XIII.<br \/>G\u00f6k mavi<br \/>Da\u011flar ye\u015fil<br \/>Deniz kara<br \/>Teslim olunmaz<br \/>Bu havalarda<\/p>\n<p>XIV.<br \/>Bi dur<br \/>Bi dur<br \/>Bi Dakka \u015f\u00f6yle ge\u00e7<br \/>Bize kar\u015f\u0131 b\u00fcy\u00fcme gen\u00e7<br \/>Bizimkisi ba\u015fka t\u00fcrl\u00fc bir \u00f6yk\u00fc<br \/>\u015eu kutsad\u0131\u011f\u0131n kalabal\u0131k<br \/>Bizim cesetlerimizin \u00fcst\u00fcnde y\u00fcr\u00fcd\u00fc<\/p>\n","protected":false},"excerpt":{"rendered":"<p>IKaybetsek de bazen mevzilerimiziS\u00f6zlerimizin izinden buluruzBirbirimizi II.Bir hayalet dola\u015facak78 hayaletiPencereden kap\u0131danF\u0131rlayacak \u00f6fke II.Gece \u015fafa\u011fa d\u00f6n\u00fcyordu ki\u015eafaktan \u00f6nce bast\u0131lar g\u00fcn\u00fcTanklar\u0131 ve toplar\u0131ylaBir ad\u0131m yol alm\u0131\u015ft\u0131k kiSald\u0131rd\u0131lar b\u00fct\u00fcn hatlar\u0131yla IV.Di\u015fe di\u015f bir kavgaya haz\u0131rd\u0131 bizimkilerHaz\u0131rd\u0131 c\u00fcmle da\u011flarFabrikalar okullarBu \u00fclke ba\u015ftan ba\u015fa haz\u0131rd\u0131Usta bir askerG\u00f6ky\u00fcz\u00fcnde kartal kadar haz\u0131rd\u0131. V.Haz\u0131rd\u0131 bizimkilerVe karanl\u0131klar i\u00e7indeBirer i\u015faret fi\u015fe\u011fiydilerDald\u0131lar 12 eyl\u00fcl karanl\u0131\u011f\u0131n\u0131n i\u00e7ineBoyunlar\u0131 [&hellip;]<\/p>\n","protected":false},"author":1,"featured_media":0,"comment_status":"open","ping_status":"open","sticky":false,"template":"","format":"standard","meta":{"footnotes":""},"categories":[147],"tags":[],"class_list":{"0":"post-4558","1":"post","2":"type-post","3":"status-publish","4":"format-standard","6":"category-orhan-turudu"},"yoast_head":"<!-- This site is optimized with the Yoast SEO Premium plugin v24.9 (Yoast SEO v24.9) - https:\/\/yoast.com\/wordpress\/plugins\/seo\/ -->\n<title>78 \u015eAFA\u011eI - narteks.net<\/title>\n<meta name=\"robots\" content=\"index, follow, max-snippet:-1, max-image-preview:large, max-video-preview:-1\" \/>\n<link rel=\"canonical\" href=\"https:\/\/narteks.net\/index.php\/2010\/05\/02\/78-safagi\/\" \/>\n<meta property=\"og:locale\" content=\"tr_TR\" \/>\n<meta property=\"og:type\" content=\"article\" \/>\n<meta property=\"og:title\" content=\"78 \u015eAFA\u011eI\" \/>\n<meta property=\"og:description\" content=\"IKaybetsek de bazen mevzilerimiziS\u00f6zlerimizin izinden buluruzBirbirimizi II.Bir hayalet dola\u015facak78 hayaletiPencereden kap\u0131danF\u0131rlayacak \u00f6fke II.Gece \u015fafa\u011fa d\u00f6n\u00fcyordu ki\u015eafaktan \u00f6nce bast\u0131lar g\u00fcn\u00fcTanklar\u0131 ve toplar\u0131ylaBir ad\u0131m yol alm\u0131\u015ft\u0131k kiSald\u0131rd\u0131lar b\u00fct\u00fcn hatlar\u0131yla IV.Di\u015fe di\u015f bir kavgaya haz\u0131rd\u0131 bizimkilerHaz\u0131rd\u0131 c\u00fcmle da\u011flarFabrikalar okullarBu \u00fclke ba\u015ftan ba\u015fa haz\u0131rd\u0131Usta bir askerG\u00f6ky\u00fcz\u00fcnde kartal kadar haz\u0131rd\u0131. V.Haz\u0131rd\u0131 bizimkilerVe karanl\u0131klar i\u00e7indeBirer i\u015faret fi\u015fe\u011fiydilerDald\u0131lar 12 eyl\u00fcl karanl\u0131\u011f\u0131n\u0131n i\u00e7ineBoyunlar\u0131 [&hellip;]\" \/>\n<meta property=\"og:url\" content=\"https:\/\/narteks.net\/index.php\/2010\/05\/02\/78-safagi\/\" \/>\n<meta property=\"og:site_name\" content=\"narteks.net\" \/>\n<meta property=\"article:published_time\" content=\"2010-05-02T11:40:27+00:00\" \/>\n<meta property=\"og:image\" content=\"https:\/\/narteks.net\/wp-content\/uploads\/narteks.png\" \/>\n\t<meta property=\"og:image:width\" content=\"300\" \/>\n\t<meta property=\"og:image:height\" content=\"90\" \/>\n\t<meta property=\"og:image:type\" content=\"image\/png\" \/>\n<meta name=\"author\" content=\"Tar\u0131k\" \/>\n<meta name=\"twitter:card\" content=\"summary_large_image\" \/>\n<meta name=\"twitter:creator\" content=\"@narteks\" \/>\n<meta name=\"twitter:site\" content=\"@narteks\" \/>\n<meta name=\"twitter:label1\" content=\"Yazan:\" \/>\n\t<meta name=\"twitter:data1\" content=\"Tar\u0131k\" \/>\n\t<meta name=\"twitter:label2\" content=\"Tahmini okuma s\u00fcresi\" \/>\n\t<meta name=\"twitter:data2\" content=\"2 dakika\" \/>\n<script type=\"application\/ld+json\" class=\"yoast-schema-graph\">{\"@context\":\"https:\/\/schema.org\",\"@graph\":[{\"@type\":\"Article\",\"@id\":\"https:\/\/narteks.net\/index.php\/2010\/05\/02\/78-safagi\/#article\",\"isPartOf\":{\"@id\":\"https:\/\/narteks.net\/index.php\/2010\/05\/02\/78-safagi\/\"},\"author\":{\"name\":\"Tar\u0131k\",\"@id\":\"https:\/\/narteks.net\/#\/schema\/person\/61f37d9834294b72d31d274e7ed79bca\"},\"headline\":\"78 \u015eAFA\u011eI\",\"datePublished\":\"2010-05-02T11:40:27+00:00\",\"mainEntityOfPage\":{\"@id\":\"https:\/\/narteks.net\/index.php\/2010\/05\/02\/78-safagi\/\"},\"wordCount\":386,\"commentCount\":0,\"publisher\":{\"@id\":\"https:\/\/narteks.net\/#organization\"},\"articleSection\":[\"Orhan T\u00dcR\u00dcD\u00dc\"],\"inLanguage\":\"tr\",\"potentialAction\":[{\"@type\":\"CommentAction\",\"name\":\"Comment\",\"target\":[\"https:\/\/narteks.net\/index.php\/2010\/05\/02\/78-safagi\/#respond\"]}]},{\"@type\":\"WebPage\",\"@id\":\"https:\/\/narteks.net\/index.php\/2010\/05\/02\/78-safagi\/\",\"url\":\"https:\/\/narteks.net\/index.php\/2010\/05\/02\/78-safagi\/\",\"name\":\"78 \u015eAFA\u011eI - narteks.net\",\"isPartOf\":{\"@id\":\"https:\/\/narteks.net\/#website\"},\"datePublished\":\"2010-05-02T11:40:27+00:00\",\"breadcrumb\":{\"@id\":\"https:\/\/narteks.net\/index.php\/2010\/05\/02\/78-safagi\/#breadcrumb\"},\"inLanguage\":\"tr\",\"potentialAction\":[{\"@type\":\"ReadAction\",\"target\":[\"https:\/\/narteks.net\/index.php\/2010\/05\/02\/78-safagi\/\"]}]},{\"@type\":\"BreadcrumbList\",\"@id\":\"https:\/\/narteks.net\/index.php\/2010\/05\/02\/78-safagi\/#breadcrumb\",\"itemListElement\":[{\"@type\":\"ListItem\",\"position\":1,\"name\":\"Anasayfa\",\"item\":\"https:\/\/narteks.net\/\"},{\"@type\":\"ListItem\",\"position\":2,\"name\":\"78 \u015eAFA\u011eI\"}]},{\"@type\":\"WebSite\",\"@id\":\"https:\/\/narteks.net\/#website\",\"url\":\"https:\/\/narteks.net\/\",\"name\":\"narteks.net\",\"description\":\"K\u00fclt\u00fcr Sanat Edebiyat Felsefe\",\"publisher\":{\"@id\":\"https:\/\/narteks.net\/#organization\"},\"alternateName\":\"K\u00fclt\u00fcr Sanat Edebiyat Felsefe\",\"potentialAction\":[{\"@type\":\"SearchAction\",\"target\":{\"@type\":\"EntryPoint\",\"urlTemplate\":\"https:\/\/narteks.net\/?s={search_term_string}\"},\"query-input\":{\"@type\":\"PropertyValueSpecification\",\"valueRequired\":true,\"valueName\":\"search_term_string\"}}],\"inLanguage\":\"tr\"},{\"@type\":\"Organization\",\"@id\":\"https:\/\/narteks.net\/#organization\",\"name\":\"narteks.net\",\"url\":\"https:\/\/narteks.net\/\",\"logo\":{\"@type\":\"ImageObject\",\"inLanguage\":\"tr\",\"@id\":\"https:\/\/narteks.net\/#\/schema\/logo\/image\/\",\"url\":\"https:\/\/narteks.net\/wp-content\/uploads\/narteks.png\",\"contentUrl\":\"https:\/\/narteks.net\/wp-content\/uploads\/narteks.png\",\"width\":300,\"height\":90,\"caption\":\"narteks.net\"},\"image\":{\"@id\":\"https:\/\/narteks.net\/#\/schema\/logo\/image\/\"},\"sameAs\":[\"https:\/\/x.com\/narteks\",\"https:\/\/instagram.com\/narteksnet\"]},{\"@type\":\"Person\",\"@id\":\"https:\/\/narteks.net\/#\/schema\/person\/61f37d9834294b72d31d274e7ed79bca\",\"name\":\"Tar\u0131k\",\"image\":{\"@type\":\"ImageObject\",\"inLanguage\":\"tr\",\"@id\":\"https:\/\/narteks.net\/#\/schema\/person\/image\/\",\"url\":\"https:\/\/secure.gravatar.com\/avatar\/50865afb55632c4ae467e0af0930f6510aa2297d8014be502a55b14f3b7550cf?s=96&d=mm&r=g\",\"contentUrl\":\"https:\/\/secure.gravatar.com\/avatar\/50865afb55632c4ae467e0af0930f6510aa2297d8014be502a55b14f3b7550cf?s=96&d=mm&r=g\",\"caption\":\"Tar\u0131k\"},\"sameAs\":[\"http:\/\/narteks.net\"],\"url\":\"https:\/\/narteks.net\/index.php\/author\/narbak\/\"}]}<\/script>\n<!-- \/ Yoast SEO Premium plugin. -->","yoast_head_json":{"title":"78 \u015eAFA\u011eI - narteks.net","robots":{"index":"index","follow":"follow","max-snippet":"max-snippet:-1","max-image-preview":"max-image-preview:large","max-video-preview":"max-video-preview:-1"},"canonical":"https:\/\/narteks.net\/index.php\/2010\/05\/02\/78-safagi\/","og_locale":"tr_TR","og_type":"article","og_title":"78 \u015eAFA\u011eI","og_description":"IKaybetsek de bazen mevzilerimiziS\u00f6zlerimizin izinden buluruzBirbirimizi II.Bir hayalet dola\u015facak78 hayaletiPencereden kap\u0131danF\u0131rlayacak \u00f6fke II.Gece \u015fafa\u011fa d\u00f6n\u00fcyordu ki\u015eafaktan \u00f6nce bast\u0131lar g\u00fcn\u00fcTanklar\u0131 ve toplar\u0131ylaBir ad\u0131m yol alm\u0131\u015ft\u0131k kiSald\u0131rd\u0131lar b\u00fct\u00fcn hatlar\u0131yla IV.Di\u015fe di\u015f bir kavgaya haz\u0131rd\u0131 bizimkilerHaz\u0131rd\u0131 c\u00fcmle da\u011flarFabrikalar okullarBu \u00fclke ba\u015ftan ba\u015fa haz\u0131rd\u0131Usta bir askerG\u00f6ky\u00fcz\u00fcnde kartal kadar haz\u0131rd\u0131. V.Haz\u0131rd\u0131 bizimkilerVe karanl\u0131klar i\u00e7indeBirer i\u015faret fi\u015fe\u011fiydilerDald\u0131lar 12 eyl\u00fcl karanl\u0131\u011f\u0131n\u0131n i\u00e7ineBoyunlar\u0131 [&hellip;]","og_url":"https:\/\/narteks.net\/index.php\/2010\/05\/02\/78-safagi\/","og_site_name":"narteks.net","article_published_time":"2010-05-02T11:40:27+00:00","og_image":[{"width":300,"height":90,"url":"https:\/\/narteks.net\/wp-content\/uploads\/narteks.png","type":"image\/png"}],"author":"Tar\u0131k","twitter_card":"summary_large_image","twitter_creator":"@narteks","twitter_site":"@narteks","twitter_misc":{"Yazan:":"Tar\u0131k","Tahmini okuma s\u00fcresi":"2 dakika"},"schema":{"@context":"https:\/\/schema.org","@graph":[{"@type":"Article","@id":"https:\/\/narteks.net\/index.php\/2010\/05\/02\/78-safagi\/#article","isPartOf":{"@id":"https:\/\/narteks.net\/index.php\/2010\/05\/02\/78-safagi\/"},"author":{"name":"Tar\u0131k","@id":"https:\/\/narteks.net\/#\/schema\/person\/61f37d9834294b72d31d274e7ed79bca"},"headline":"78 \u015eAFA\u011eI","datePublished":"2010-05-02T11:40:27+00:00","mainEntityOfPage":{"@id":"https:\/\/narteks.net\/index.php\/2010\/05\/02\/78-safagi\/"},"wordCount":386,"commentCount":0,"publisher":{"@id":"https:\/\/narteks.net\/#organization"},"articleSection":["Orhan T\u00dcR\u00dcD\u00dc"],"inLanguage":"tr","potentialAction":[{"@type":"CommentAction","name":"Comment","target":["https:\/\/narteks.net\/index.php\/2010\/05\/02\/78-safagi\/#respond"]}]},{"@type":"WebPage","@id":"https:\/\/narteks.net\/index.php\/2010\/05\/02\/78-safagi\/","url":"https:\/\/narteks.net\/index.php\/2010\/05\/02\/78-safagi\/","name":"78 \u015eAFA\u011eI - narteks.net","isPartOf":{"@id":"https:\/\/narteks.net\/#website"},"datePublished":"2010-05-02T11:40:27+00:00","breadcrumb":{"@id":"https:\/\/narteks.net\/index.php\/2010\/05\/02\/78-safagi\/#breadcrumb"},"inLanguage":"tr","potentialAction":[{"@type":"ReadAction","target":["https:\/\/narteks.net\/index.php\/2010\/05\/02\/78-safagi\/"]}]},{"@type":"BreadcrumbList","@id":"https:\/\/narteks.net\/index.php\/2010\/05\/02\/78-safagi\/#breadcrumb","itemListElement":[{"@type":"ListItem","position":1,"name":"Anasayfa","item":"https:\/\/narteks.net\/"},{"@type":"ListItem","position":2,"name":"78 \u015eAFA\u011eI"}]},{"@type":"WebSite","@id":"https:\/\/narteks.net\/#website","url":"https:\/\/narteks.net\/","name":"narteks.net","description":"K\u00fclt\u00fcr Sanat Edebiyat Felsefe","publisher":{"@id":"https:\/\/narteks.net\/#organization"},"alternateName":"K\u00fclt\u00fcr Sanat Edebiyat Felsefe","potentialAction":[{"@type":"SearchAction","target":{"@type":"EntryPoint","urlTemplate":"https:\/\/narteks.net\/?s={search_term_string}"},"query-input":{"@type":"PropertyValueSpecification","valueRequired":true,"valueName":"search_term_string"}}],"inLanguage":"tr"},{"@type":"Organization","@id":"https:\/\/narteks.net\/#organization","name":"narteks.net","url":"https:\/\/narteks.net\/","logo":{"@type":"ImageObject","inLanguage":"tr","@id":"https:\/\/narteks.net\/#\/schema\/logo\/image\/","url":"https:\/\/narteks.net\/wp-content\/uploads\/narteks.png","contentUrl":"https:\/\/narteks.net\/wp-content\/uploads\/narteks.png","width":300,"height":90,"caption":"narteks.net"},"image":{"@id":"https:\/\/narteks.net\/#\/schema\/logo\/image\/"},"sameAs":["https:\/\/x.com\/narteks","https:\/\/instagram.com\/narteksnet"]},{"@type":"Person","@id":"https:\/\/narteks.net\/#\/schema\/person\/61f37d9834294b72d31d274e7ed79bca","name":"Tar\u0131k","image":{"@type":"ImageObject","inLanguage":"tr","@id":"https:\/\/narteks.net\/#\/schema\/person\/image\/","url":"https:\/\/secure.gravatar.com\/avatar\/50865afb55632c4ae467e0af0930f6510aa2297d8014be502a55b14f3b7550cf?s=96&d=mm&r=g","contentUrl":"https:\/\/secure.gravatar.com\/avatar\/50865afb55632c4ae467e0af0930f6510aa2297d8014be502a55b14f3b7550cf?s=96&d=mm&r=g","caption":"Tar\u0131k"},"sameAs":["http:\/\/narteks.net"],"url":"https:\/\/narteks.net\/index.php\/author\/narbak\/"}]}},"_links":{"self":[{"href":"https:\/\/narteks.net\/index.php\/wp-json\/wp\/v2\/posts\/4558","targetHints":{"allow":["GET"]}}],"collection":[{"href":"https:\/\/narteks.net\/index.php\/wp-json\/wp\/v2\/posts"}],"about":[{"href":"https:\/\/narteks.net\/index.php\/wp-json\/wp\/v2\/types\/post"}],"author":[{"embeddable":true,"href":"https:\/\/narteks.net\/index.php\/wp-json\/wp\/v2\/users\/1"}],"replies":[{"embeddable":true,"href":"https:\/\/narteks.net\/index.php\/wp-json\/wp\/v2\/comments?post=4558"}],"version-history":[{"count":0,"href":"https:\/\/narteks.net\/index.php\/wp-json\/wp\/v2\/posts\/4558\/revisions"}],"wp:attachment":[{"href":"https:\/\/narteks.net\/index.php\/wp-json\/wp\/v2\/media?parent=4558"}],"wp:term":[{"taxonomy":"category","embeddable":true,"href":"https:\/\/narteks.net\/index.php\/wp-json\/wp\/v2\/categories?post=4558"},{"taxonomy":"post_tag","embeddable":true,"href":"https:\/\/narteks.net\/index.php\/wp-json\/wp\/v2\/tags?post=4558"}],"curies":[{"name":"wp","href":"https:\/\/api.w.org\/{rel}","templated":true}]}}