{"id":457,"date":"2009-03-13T23:14:44","date_gmt":"2009-03-13T20:14:44","guid":{"rendered":"http:\/\/localhost\/wordpress\/2009\/03\/13\/ugrunu-ugrunu-gelir-dereden-bedir\/"},"modified":"2009-03-13T23:14:44","modified_gmt":"2009-03-13T20:14:44","slug":"ugrunu-ugrunu-gelir-dereden-bedir","status":"publish","type":"post","link":"https:\/\/narteks.net\/index.php\/2009\/03\/13\/ugrunu-ugrunu-gelir-dereden-bedir\/","title":{"rendered":"\u00dc\u011frunu \u00dc\u011frunu Gelir Dereden (Bedir)"},"content":{"rendered":"<p style=\"text-align: justify;\"><span style=\"font-size: 14pt;\"><strong>\u00dc\u011frunu \u00dc\u011frunu Gelir Dereden (Bedir)<\/strong><\/span><\/p>\n<p>\u015eark\u0131\u015fla&#8217;da \u00e7ift\u00e7ilik yapan bir ailenin Bedriye isminde \u00e7ok g\u00fczel k\u0131zlar\u0131 vard\u0131r. Bedir derler k\u0131saca.Birde \u00d6mer vard\u0131r yanlar\u0131nda \u00e7al\u0131\u015fan. \u00d6mer g\u00fc\u00e7l\u00fc kuvvetli yak\u0131\u015f\u0131kl\u0131 bir delikanl\u0131d\u0131r. \u00d6mer&#8217;le Bedir ayn\u0131 ya\u015ftad\u0131rlar. \u00d6mer k\u00fc\u00e7\u00fck ya\u015fta ba\u015flam\u0131\u015ft\u0131r bu ailenin yan\u0131nda \u00e7al\u0131\u015fmaya. \u00c7ocukluklar\u0131 beraber ge\u00e7er. \u00d6mer&#8217;le Bedir b\u00fcy\u00fcd\u00fck\u00e7e o \u00e7ocuksu sevgileri a\u015fka d\u00f6n\u00fc\u015f\u00fcr. \u0130\u00e7ten i\u00e7e gizli duygularla severler birbirlerini. \u0130kisi de duygular\u0131n\u0131 a\u00e7\u0131\u011fa vurmazlar. \u00d6mer zaman zaman diyecek olur sevgisini. Bedir&#8217;in yay\u0131na var\u0131nca cesareti k\u0131r\u0131l\u0131r. S\u00f6yleyemez bir \u015fey yutkunur kal\u0131r. \u00d6mer bir \u015fey dese kar\u015f\u0131l\u0131k verecektir ama, \u00e7aresiz oda bir \u015fey s\u00f6yleyemez. G\u00fcnler aylar\u0131 y\u0131llar y\u0131llar\u0131 kovalar. \u015eark\u0131\u015fla&#8217;da hayvanlar\u0131 s\u00fcr\u00fcleri olanlar, her y\u0131l yaz aylar\u0131nda yaylaya \u00e7\u0131karlar. S\u00fcr\u00fclerini daha geni\u015f otlaklarda yaylarken,tertemiz havay\u0131 teneff\u00fcs edip buz gibi suyunu i\u00e7erek, tabiat&#8217;\u0131n b\u00fct\u00fcn g\u00fczelliklerinden doya doya faydalan\u0131rlar.<\/p>\n<p>Bedir&#8217;in ailesi de yaz aylar\u0131n\u0131 K\u0131zanand\u0131 denilen yaylada ge\u00e7irmektedirler. K\u0131zanand\u0131, tertemiz havas\u0131yla buz gibi sular\u0131yla tipik bir Anadolu yaylas\u0131d\u0131r. Fazla kalabal\u0131k olmad\u0131\u011f\u0131 i\u00e7inde,insanlar \u00e7ok iyi ili\u015fki i\u00e7erisindedirler. Ak\u015famlar\u0131 bir yerde toplan\u0131rlar masal anlat\u0131rlar, t\u00fcrk\u00fc s\u00f6ylerler, halay \u00e7ekerler. Yaz mevsiminin nas\u0131l ge\u00e7ti\u011fi anla\u015f\u0131lmaz bu topraklarda. Bir sonraki yaz mevsimi iple \u00e7ekilir. \u0130\u015fte bu yaylada kald\u0131klar\u0131 zamanlar\u0131n birinde! Daha fazla yaln\u0131z kalma imkan\u0131 bulurlar. Ve bir g\u00fcn, \u00d6mer Bedir&#8217;e duygular\u0131n\u0131 a\u00e7ar. Ne s\u00f6yleyece\u011fini tam anlatamaz ama; Bedir&#8217;de heyecandan anlayacak durumda de\u011fildir zaten. S\u00f6zlerden \u00e7ok bak\u0131\u015flar konu\u015fur sade. Kar\u015f\u0131l\u0131kl\u0131 olarak a\u015fklar\u0131n\u0131 ilan ederler. Sonra, gizli gizli bulu\u015fmaya ba\u015flarlar. S\u00f6zde gizlice bulu\u015furlar ama, g\u00f6ren g\u00f6r\u00fcr bilen bilir onlar\u0131n a\u015fklar\u0131n\u0131. Ve k\u0131sa zamanda herkes taraf\u0131ndan konu\u015fulur olur \u00d6mer ile Bedir&#8217;in a\u015fklar\u0131. Ama kimse yad\u0131rgamaz bunu. Herkes yak\u0131\u015ft\u0131r\u0131verir birbirlerine ve evlenmelerini isterler.\u00a0 \u00d6mer Allah&#8217;\u0131n emriyle istetecektir Bedir&#8217;i. D\u00fcn\u00fcrc\u00fcler belirlenir. Bedir ailesinden geleneklere uygun bir \u015fekilde istenir. K\u0131z\u0131n ailesinin karar\u0131 olumsuzdur. \u00d6zellikle Bedirin annesi G\u00fcrc\u00fc hatun, \u00d6mer&#8217;in fakirli\u011fini bahane ederek bu evlili\u011fe kar\u015f\u0131 \u00e7\u0131kar.Araya girenler ne kadar \u0131srar etselerde kara dedi\u011fine ak demez g\u00fcrc\u00fc hatun.A\u015f\u0131klar\u0131n evlenmesine mani olur.<\/p>\n<p>Bir s\u00fcre sonrada Bedir&#8217;i \u015eevki ad\u0131nda ya\u015fl\u0131 ve zengin birine verirler.D\u00fc\u011f\u00fcn g\u00fcn\u00fc \u00d6mer&#8217;le \u00e7ok yak\u0131n bir arkada\u015f\u0131 yaylaya \u00e7\u0131karlar. Ve gelin alay\u0131n\u0131 \u00e7ok \u00fczg\u00fcn bir \u015fekilde orada seyrederler.\u00d6mer \u00e7ok i\u00e7lenir ve a\u011flayarak t\u00fcrk\u00fc s\u00f6ylemeye ba\u015flar. Bedir&#8217;in ya\u015fl\u0131 kocas\u0131 evlendikten bir s\u00fcre sonra \u00f6l\u00fcr.<\/p>\n<p>\u00d6mer hen\u00fcz evlenmedi\u011fi i\u00e7in ahali tekrar araya girip,bunlar\u0131 evlendirmek isterler ama, Bedriye \u00d6mer&#8217;i \u00e7ok sevdi\u011fini fakat, evlenirse dedikodular\u0131n \u00e7\u0131kabilece\u011fini s\u00f6yleyerek, a\u015fk\u0131n\u0131 kalbine g\u00f6mer ve teklifi kabul etmez. \u0130ki kere kaybetti\u011fi a\u015fk\u0131 i\u00e7in \u00d6mer&#8217;in yakt\u0131\u011f\u0131 t\u00fcrk\u00fc dilden dile s\u00f6ylenir oldu.<\/p>\n<p>BED\u0130R<\/p>\n<p>U\u011frunu u\u011frunu gelir dereden<br \/>Benlerini sayamad\u0131m kareden<br \/>Sevdi\u011fimi bana yazs\u0131n yaradan<br \/>\u015een ol yaylam \u015fen ol Bedir geliyor.<\/p>\n<p>\u015eu dereden c\u0131v\u0131l c\u0131v\u0131l ku\u015f gelir<br \/>Arma\u011fanlar dolu gider bo\u015f gelir<br \/>Sevda bilmeyene hayal d\u00fc\u015f gelir<br \/>\u015een ol yaylam \u015fen ol Bedir geliyor.<\/p>\n<p>Bo\u011faz\u0131mda lira Aln\u0131mda alt\u0131n<br \/>Bedir&#8217;i vermiyor \u015fu G\u00fcrc\u00fc hatun<br \/>Param \u00e7ok de\u011fil alay\u0131m sat\u0131n<br \/>\u015een ol yaylam \u015fen ol Bedir geliyor.<\/p>\n<p>K\u0131r\u0131k bo\u011faz\u0131nda ard\u0131ndan yettim<br \/>K\u0131z yand\u0131\u011f\u0131n yere kadar bende gittim<br \/>Bedir&#8217;i yaylaya emanet ettim<br \/>\u015een ol yaylam \u015fen ol Bedir geliyor<\/p>\n<p>Not: kaynak belli de\u011fil<\/p>\n<p>Ay\u015feg\u00fcl G\u00f6ktepe (Radyo Program Yap\u0131mc\u0131s\u0131)<\/p>\n","protected":false},"excerpt":{"rendered":"<p>\u00dc\u011frunu \u00dc\u011frunu Gelir Dereden (Bedir) \u015eark\u0131\u015fla&#8217;da \u00e7ift\u00e7ilik yapan bir ailenin Bedriye isminde \u00e7ok g\u00fczel k\u0131zlar\u0131 vard\u0131r. Bedir derler k\u0131saca.Birde \u00d6mer vard\u0131r yanlar\u0131nda \u00e7al\u0131\u015fan. \u00d6mer g\u00fc\u00e7l\u00fc kuvvetli yak\u0131\u015f\u0131kl\u0131 bir delikanl\u0131d\u0131r. \u00d6mer&#8217;le Bedir ayn\u0131 ya\u015ftad\u0131rlar. \u00d6mer k\u00fc\u00e7\u00fck ya\u015fta ba\u015flam\u0131\u015ft\u0131r bu ailenin yan\u0131nda \u00e7al\u0131\u015fmaya. \u00c7ocukluklar\u0131 beraber ge\u00e7er. \u00d6mer&#8217;le Bedir b\u00fcy\u00fcd\u00fck\u00e7e o \u00e7ocuksu sevgileri a\u015fka d\u00f6n\u00fc\u015f\u00fcr. \u0130\u00e7ten i\u00e7e gizli [&hellip;]<\/p>\n","protected":false},"author":1,"featured_media":0,"comment_status":"open","ping_status":"open","sticky":false,"template":"","format":"standard","meta":{"footnotes":""},"categories":[55],"tags":[],"class_list":{"0":"post-457","1":"post","2":"type-post","3":"status-publish","4":"format-standard","6":"category-oykuleriyle-turkuler"},"yoast_head":"<!-- This site is optimized with the Yoast SEO Premium plugin v24.9 (Yoast SEO v24.9) - https:\/\/yoast.com\/wordpress\/plugins\/seo\/ -->\n<title>\u00dc\u011frunu \u00dc\u011frunu Gelir Dereden (Bedir) - narteks.net<\/title>\n<meta name=\"robots\" content=\"index, follow, max-snippet:-1, max-image-preview:large, max-video-preview:-1\" \/>\n<link rel=\"canonical\" href=\"https:\/\/narteks.net\/index.php\/2009\/03\/13\/ugrunu-ugrunu-gelir-dereden-bedir\/\" \/>\n<meta property=\"og:locale\" content=\"tr_TR\" \/>\n<meta property=\"og:type\" content=\"article\" \/>\n<meta property=\"og:title\" content=\"\u00dc\u011frunu \u00dc\u011frunu Gelir Dereden (Bedir)\" \/>\n<meta property=\"og:description\" content=\"\u00dc\u011frunu \u00dc\u011frunu Gelir Dereden (Bedir) \u015eark\u0131\u015fla&#8217;da \u00e7ift\u00e7ilik yapan bir ailenin Bedriye isminde \u00e7ok g\u00fczel k\u0131zlar\u0131 vard\u0131r. Bedir derler k\u0131saca.Birde \u00d6mer vard\u0131r yanlar\u0131nda \u00e7al\u0131\u015fan. \u00d6mer g\u00fc\u00e7l\u00fc kuvvetli yak\u0131\u015f\u0131kl\u0131 bir delikanl\u0131d\u0131r. \u00d6mer&#8217;le Bedir ayn\u0131 ya\u015ftad\u0131rlar. \u00d6mer k\u00fc\u00e7\u00fck ya\u015fta ba\u015flam\u0131\u015ft\u0131r bu ailenin yan\u0131nda \u00e7al\u0131\u015fmaya. \u00c7ocukluklar\u0131 beraber ge\u00e7er. \u00d6mer&#8217;le Bedir b\u00fcy\u00fcd\u00fck\u00e7e o \u00e7ocuksu sevgileri a\u015fka d\u00f6n\u00fc\u015f\u00fcr. \u0130\u00e7ten i\u00e7e gizli [&hellip;]\" \/>\n<meta property=\"og:url\" content=\"https:\/\/narteks.net\/index.php\/2009\/03\/13\/ugrunu-ugrunu-gelir-dereden-bedir\/\" \/>\n<meta property=\"og:site_name\" content=\"narteks.net\" \/>\n<meta property=\"article:published_time\" content=\"2009-03-13T20:14:44+00:00\" \/>\n<meta property=\"og:image\" content=\"https:\/\/narteks.net\/wp-content\/uploads\/narteks.png\" \/>\n\t<meta property=\"og:image:width\" content=\"300\" \/>\n\t<meta property=\"og:image:height\" content=\"90\" \/>\n\t<meta property=\"og:image:type\" content=\"image\/png\" \/>\n<meta name=\"author\" content=\"Tar\u0131k\" \/>\n<meta name=\"twitter:card\" content=\"summary_large_image\" \/>\n<meta name=\"twitter:creator\" content=\"@narteks\" \/>\n<meta name=\"twitter:site\" content=\"@narteks\" \/>\n<meta name=\"twitter:label1\" content=\"Yazan:\" \/>\n\t<meta name=\"twitter:data1\" content=\"Tar\u0131k\" \/>\n\t<meta name=\"twitter:label2\" content=\"Tahmini okuma s\u00fcresi\" \/>\n\t<meta name=\"twitter:data2\" content=\"3 dakika\" \/>\n<script type=\"application\/ld+json\" class=\"yoast-schema-graph\">{\"@context\":\"https:\/\/schema.org\",\"@graph\":[{\"@type\":\"Article\",\"@id\":\"https:\/\/narteks.net\/index.php\/2009\/03\/13\/ugrunu-ugrunu-gelir-dereden-bedir\/#article\",\"isPartOf\":{\"@id\":\"https:\/\/narteks.net\/index.php\/2009\/03\/13\/ugrunu-ugrunu-gelir-dereden-bedir\/\"},\"author\":{\"name\":\"Tar\u0131k\",\"@id\":\"https:\/\/narteks.net\/#\/schema\/person\/61f37d9834294b72d31d274e7ed79bca\"},\"headline\":\"\u00dc\u011frunu \u00dc\u011frunu Gelir Dereden (Bedir)\",\"datePublished\":\"2009-03-13T20:14:44+00:00\",\"mainEntityOfPage\":{\"@id\":\"https:\/\/narteks.net\/index.php\/2009\/03\/13\/ugrunu-ugrunu-gelir-dereden-bedir\/\"},\"wordCount\":666,\"commentCount\":0,\"publisher\":{\"@id\":\"https:\/\/narteks.net\/#organization\"},\"articleSection\":[\"\u00d6yk\u00fcleriyle T\u00fcrk\u00fcler\"],\"inLanguage\":\"tr\",\"potentialAction\":[{\"@type\":\"CommentAction\",\"name\":\"Comment\",\"target\":[\"https:\/\/narteks.net\/index.php\/2009\/03\/13\/ugrunu-ugrunu-gelir-dereden-bedir\/#respond\"]}]},{\"@type\":\"WebPage\",\"@id\":\"https:\/\/narteks.net\/index.php\/2009\/03\/13\/ugrunu-ugrunu-gelir-dereden-bedir\/\",\"url\":\"https:\/\/narteks.net\/index.php\/2009\/03\/13\/ugrunu-ugrunu-gelir-dereden-bedir\/\",\"name\":\"\u00dc\u011frunu \u00dc\u011frunu Gelir Dereden (Bedir) - narteks.net\",\"isPartOf\":{\"@id\":\"https:\/\/narteks.net\/#website\"},\"datePublished\":\"2009-03-13T20:14:44+00:00\",\"breadcrumb\":{\"@id\":\"https:\/\/narteks.net\/index.php\/2009\/03\/13\/ugrunu-ugrunu-gelir-dereden-bedir\/#breadcrumb\"},\"inLanguage\":\"tr\",\"potentialAction\":[{\"@type\":\"ReadAction\",\"target\":[\"https:\/\/narteks.net\/index.php\/2009\/03\/13\/ugrunu-ugrunu-gelir-dereden-bedir\/\"]}]},{\"@type\":\"BreadcrumbList\",\"@id\":\"https:\/\/narteks.net\/index.php\/2009\/03\/13\/ugrunu-ugrunu-gelir-dereden-bedir\/#breadcrumb\",\"itemListElement\":[{\"@type\":\"ListItem\",\"position\":1,\"name\":\"Anasayfa\",\"item\":\"https:\/\/narteks.net\/\"},{\"@type\":\"ListItem\",\"position\":2,\"name\":\"\u00dc\u011frunu \u00dc\u011frunu Gelir Dereden (Bedir)\"}]},{\"@type\":\"WebSite\",\"@id\":\"https:\/\/narteks.net\/#website\",\"url\":\"https:\/\/narteks.net\/\",\"name\":\"narteks.net\",\"description\":\"K\u00fclt\u00fcr Sanat Edebiyat Felsefe\",\"publisher\":{\"@id\":\"https:\/\/narteks.net\/#organization\"},\"alternateName\":\"K\u00fclt\u00fcr Sanat Edebiyat Felsefe\",\"potentialAction\":[{\"@type\":\"SearchAction\",\"target\":{\"@type\":\"EntryPoint\",\"urlTemplate\":\"https:\/\/narteks.net\/?s={search_term_string}\"},\"query-input\":{\"@type\":\"PropertyValueSpecification\",\"valueRequired\":true,\"valueName\":\"search_term_string\"}}],\"inLanguage\":\"tr\"},{\"@type\":\"Organization\",\"@id\":\"https:\/\/narteks.net\/#organization\",\"name\":\"narteks.net\",\"url\":\"https:\/\/narteks.net\/\",\"logo\":{\"@type\":\"ImageObject\",\"inLanguage\":\"tr\",\"@id\":\"https:\/\/narteks.net\/#\/schema\/logo\/image\/\",\"url\":\"https:\/\/narteks.net\/wp-content\/uploads\/narteks.png\",\"contentUrl\":\"https:\/\/narteks.net\/wp-content\/uploads\/narteks.png\",\"width\":300,\"height\":90,\"caption\":\"narteks.net\"},\"image\":{\"@id\":\"https:\/\/narteks.net\/#\/schema\/logo\/image\/\"},\"sameAs\":[\"https:\/\/x.com\/narteks\",\"https:\/\/instagram.com\/narteksnet\"]},{\"@type\":\"Person\",\"@id\":\"https:\/\/narteks.net\/#\/schema\/person\/61f37d9834294b72d31d274e7ed79bca\",\"name\":\"Tar\u0131k\",\"image\":{\"@type\":\"ImageObject\",\"inLanguage\":\"tr\",\"@id\":\"https:\/\/narteks.net\/#\/schema\/person\/image\/\",\"url\":\"https:\/\/secure.gravatar.com\/avatar\/50865afb55632c4ae467e0af0930f6510aa2297d8014be502a55b14f3b7550cf?s=96&d=mm&r=g\",\"contentUrl\":\"https:\/\/secure.gravatar.com\/avatar\/50865afb55632c4ae467e0af0930f6510aa2297d8014be502a55b14f3b7550cf?s=96&d=mm&r=g\",\"caption\":\"Tar\u0131k\"},\"sameAs\":[\"http:\/\/narteks.net\"],\"url\":\"https:\/\/narteks.net\/index.php\/author\/narbak\/\"}]}<\/script>\n<!-- \/ Yoast SEO Premium plugin. -->","yoast_head_json":{"title":"\u00dc\u011frunu \u00dc\u011frunu Gelir Dereden (Bedir) - narteks.net","robots":{"index":"index","follow":"follow","max-snippet":"max-snippet:-1","max-image-preview":"max-image-preview:large","max-video-preview":"max-video-preview:-1"},"canonical":"https:\/\/narteks.net\/index.php\/2009\/03\/13\/ugrunu-ugrunu-gelir-dereden-bedir\/","og_locale":"tr_TR","og_type":"article","og_title":"\u00dc\u011frunu \u00dc\u011frunu Gelir Dereden (Bedir)","og_description":"\u00dc\u011frunu \u00dc\u011frunu Gelir Dereden (Bedir) \u015eark\u0131\u015fla&#8217;da \u00e7ift\u00e7ilik yapan bir ailenin Bedriye isminde \u00e7ok g\u00fczel k\u0131zlar\u0131 vard\u0131r. Bedir derler k\u0131saca.Birde \u00d6mer vard\u0131r yanlar\u0131nda \u00e7al\u0131\u015fan. \u00d6mer g\u00fc\u00e7l\u00fc kuvvetli yak\u0131\u015f\u0131kl\u0131 bir delikanl\u0131d\u0131r. \u00d6mer&#8217;le Bedir ayn\u0131 ya\u015ftad\u0131rlar. \u00d6mer k\u00fc\u00e7\u00fck ya\u015fta ba\u015flam\u0131\u015ft\u0131r bu ailenin yan\u0131nda \u00e7al\u0131\u015fmaya. \u00c7ocukluklar\u0131 beraber ge\u00e7er. \u00d6mer&#8217;le Bedir b\u00fcy\u00fcd\u00fck\u00e7e o \u00e7ocuksu sevgileri a\u015fka d\u00f6n\u00fc\u015f\u00fcr. \u0130\u00e7ten i\u00e7e gizli [&hellip;]","og_url":"https:\/\/narteks.net\/index.php\/2009\/03\/13\/ugrunu-ugrunu-gelir-dereden-bedir\/","og_site_name":"narteks.net","article_published_time":"2009-03-13T20:14:44+00:00","og_image":[{"width":300,"height":90,"url":"https:\/\/narteks.net\/wp-content\/uploads\/narteks.png","type":"image\/png"}],"author":"Tar\u0131k","twitter_card":"summary_large_image","twitter_creator":"@narteks","twitter_site":"@narteks","twitter_misc":{"Yazan:":"Tar\u0131k","Tahmini okuma s\u00fcresi":"3 dakika"},"schema":{"@context":"https:\/\/schema.org","@graph":[{"@type":"Article","@id":"https:\/\/narteks.net\/index.php\/2009\/03\/13\/ugrunu-ugrunu-gelir-dereden-bedir\/#article","isPartOf":{"@id":"https:\/\/narteks.net\/index.php\/2009\/03\/13\/ugrunu-ugrunu-gelir-dereden-bedir\/"},"author":{"name":"Tar\u0131k","@id":"https:\/\/narteks.net\/#\/schema\/person\/61f37d9834294b72d31d274e7ed79bca"},"headline":"\u00dc\u011frunu \u00dc\u011frunu Gelir Dereden (Bedir)","datePublished":"2009-03-13T20:14:44+00:00","mainEntityOfPage":{"@id":"https:\/\/narteks.net\/index.php\/2009\/03\/13\/ugrunu-ugrunu-gelir-dereden-bedir\/"},"wordCount":666,"commentCount":0,"publisher":{"@id":"https:\/\/narteks.net\/#organization"},"articleSection":["\u00d6yk\u00fcleriyle T\u00fcrk\u00fcler"],"inLanguage":"tr","potentialAction":[{"@type":"CommentAction","name":"Comment","target":["https:\/\/narteks.net\/index.php\/2009\/03\/13\/ugrunu-ugrunu-gelir-dereden-bedir\/#respond"]}]},{"@type":"WebPage","@id":"https:\/\/narteks.net\/index.php\/2009\/03\/13\/ugrunu-ugrunu-gelir-dereden-bedir\/","url":"https:\/\/narteks.net\/index.php\/2009\/03\/13\/ugrunu-ugrunu-gelir-dereden-bedir\/","name":"\u00dc\u011frunu \u00dc\u011frunu Gelir Dereden (Bedir) - narteks.net","isPartOf":{"@id":"https:\/\/narteks.net\/#website"},"datePublished":"2009-03-13T20:14:44+00:00","breadcrumb":{"@id":"https:\/\/narteks.net\/index.php\/2009\/03\/13\/ugrunu-ugrunu-gelir-dereden-bedir\/#breadcrumb"},"inLanguage":"tr","potentialAction":[{"@type":"ReadAction","target":["https:\/\/narteks.net\/index.php\/2009\/03\/13\/ugrunu-ugrunu-gelir-dereden-bedir\/"]}]},{"@type":"BreadcrumbList","@id":"https:\/\/narteks.net\/index.php\/2009\/03\/13\/ugrunu-ugrunu-gelir-dereden-bedir\/#breadcrumb","itemListElement":[{"@type":"ListItem","position":1,"name":"Anasayfa","item":"https:\/\/narteks.net\/"},{"@type":"ListItem","position":2,"name":"\u00dc\u011frunu \u00dc\u011frunu Gelir Dereden (Bedir)"}]},{"@type":"WebSite","@id":"https:\/\/narteks.net\/#website","url":"https:\/\/narteks.net\/","name":"narteks.net","description":"K\u00fclt\u00fcr Sanat Edebiyat Felsefe","publisher":{"@id":"https:\/\/narteks.net\/#organization"},"alternateName":"K\u00fclt\u00fcr Sanat Edebiyat Felsefe","potentialAction":[{"@type":"SearchAction","target":{"@type":"EntryPoint","urlTemplate":"https:\/\/narteks.net\/?s={search_term_string}"},"query-input":{"@type":"PropertyValueSpecification","valueRequired":true,"valueName":"search_term_string"}}],"inLanguage":"tr"},{"@type":"Organization","@id":"https:\/\/narteks.net\/#organization","name":"narteks.net","url":"https:\/\/narteks.net\/","logo":{"@type":"ImageObject","inLanguage":"tr","@id":"https:\/\/narteks.net\/#\/schema\/logo\/image\/","url":"https:\/\/narteks.net\/wp-content\/uploads\/narteks.png","contentUrl":"https:\/\/narteks.net\/wp-content\/uploads\/narteks.png","width":300,"height":90,"caption":"narteks.net"},"image":{"@id":"https:\/\/narteks.net\/#\/schema\/logo\/image\/"},"sameAs":["https:\/\/x.com\/narteks","https:\/\/instagram.com\/narteksnet"]},{"@type":"Person","@id":"https:\/\/narteks.net\/#\/schema\/person\/61f37d9834294b72d31d274e7ed79bca","name":"Tar\u0131k","image":{"@type":"ImageObject","inLanguage":"tr","@id":"https:\/\/narteks.net\/#\/schema\/person\/image\/","url":"https:\/\/secure.gravatar.com\/avatar\/50865afb55632c4ae467e0af0930f6510aa2297d8014be502a55b14f3b7550cf?s=96&d=mm&r=g","contentUrl":"https:\/\/secure.gravatar.com\/avatar\/50865afb55632c4ae467e0af0930f6510aa2297d8014be502a55b14f3b7550cf?s=96&d=mm&r=g","caption":"Tar\u0131k"},"sameAs":["http:\/\/narteks.net"],"url":"https:\/\/narteks.net\/index.php\/author\/narbak\/"}]}},"_links":{"self":[{"href":"https:\/\/narteks.net\/index.php\/wp-json\/wp\/v2\/posts\/457","targetHints":{"allow":["GET"]}}],"collection":[{"href":"https:\/\/narteks.net\/index.php\/wp-json\/wp\/v2\/posts"}],"about":[{"href":"https:\/\/narteks.net\/index.php\/wp-json\/wp\/v2\/types\/post"}],"author":[{"embeddable":true,"href":"https:\/\/narteks.net\/index.php\/wp-json\/wp\/v2\/users\/1"}],"replies":[{"embeddable":true,"href":"https:\/\/narteks.net\/index.php\/wp-json\/wp\/v2\/comments?post=457"}],"version-history":[{"count":0,"href":"https:\/\/narteks.net\/index.php\/wp-json\/wp\/v2\/posts\/457\/revisions"}],"wp:attachment":[{"href":"https:\/\/narteks.net\/index.php\/wp-json\/wp\/v2\/media?parent=457"}],"wp:term":[{"taxonomy":"category","embeddable":true,"href":"https:\/\/narteks.net\/index.php\/wp-json\/wp\/v2\/categories?post=457"},{"taxonomy":"post_tag","embeddable":true,"href":"https:\/\/narteks.net\/index.php\/wp-json\/wp\/v2\/tags?post=457"}],"curies":[{"name":"wp","href":"https:\/\/api.w.org\/{rel}","templated":true}]}}