{"id":4570,"date":"2010-05-02T14:57:44","date_gmt":"2010-05-02T11:57:44","guid":{"rendered":"http:\/\/localhost\/wordpress\/2010\/05\/02\/arpa-sekeri\/"},"modified":"2010-05-02T14:57:44","modified_gmt":"2010-05-02T11:57:44","slug":"arpa-sekeri","status":"publish","type":"post","link":"https:\/\/narteks.net\/index.php\/2010\/05\/02\/arpa-sekeri\/","title":{"rendered":"ARPA \u015eEKER\u0130"},"content":{"rendered":"<p>Nerde kald\u0131 bu ya\u011fmurlar<br \/>R\u00fczg\u00e2rdan eser yok<br \/>G\u00fcne\u015f tam tepemde<br \/>Yapraklar k\u0131m\u0131ldam\u0131yor a\u011fa\u00e7larda<br \/>Ter revan i\u00e7inde y\u00fcr\u00fcyorum sana<br \/>Bu sigara \u00f6ld\u00fcrecek beni<br \/>Bu \u0130stanbul s\u0131ca\u011f\u0131<br \/>Bu saatlerde de i\u00e7ilmez ki<br \/>\u00c7a\u011f\u0131rd\u0131n geliyorum i\u015fte<br \/>Sen bana g\u00fczel \u015feyler s\u00f6ylemeyeceksin<br \/>O kafeye hi\u00e7 gitmezdin<br \/>Yaprak u\u00e7lar\u0131ndan d\u00fc\u015fen damlalar\u0131n \u015fa\u015fk\u0131nl\u0131\u011f\u0131<br \/>Su i\u00e7meye gelen ceylan\u0131n tedirginli\u011fi var i\u00e7erimde<br \/>Sen bana g\u00fczel \u015feyler s\u00f6ylemeyeceksin<br \/>Ellerimde afi\u015f, arkamda polis var gibi geliyorum<br \/>Bu kadar da s\u0131k\u0131nt\u0131 olmaz ki<br \/>Bir \u015fey var anlamad\u0131\u011f\u0131m anlamaya korktu\u011fum<br \/>Sen sesini b\u00f6yle karartmazd\u0131n<br \/>Telefonda hi\u00e7 b\u00f6yle konu\u015fmazd\u0131n<\/p>\n<p>Ben mezarl\u0131klardan ge\u00e7erken t\u00fcrk\u00fc s\u00f6ylemezdim<br \/>T\u00fcrk\u00fc bilmezdim<br \/>\u015eimdi s\u00f6yl\u00fcyorum o t\u00fcrk\u00fcleri<br \/>Mezarl\u0131klardan ge\u00e7iyormu\u015fum gibi<br \/>Sesimi duymuyorum<br \/>\u0130yi \u015feyler getiriyorum akl\u0131ma<br \/>\u00d6p\u00fcyorum resmini, \u00f6p\u00fcyorum seni olmuyor<br \/>Korkum gitmiyor<br \/>Y\u00fcz\u00fcm\u00fcn g\u00fclmesi laz\u0131m<br \/>G\u00fclm\u00fcyor<\/p>\n<p>Sen bana g\u00fczel \u015feyler s\u00f6ylemeyeceksin<br \/>G\u00f6r\u00fcr g\u00f6rmez anlad\u0131m g\u00f6zlerindeki kararl\u0131l\u0131\u011f\u0131<br \/>Y\u00fcz hatlar\u0131ndan belli konu\u015facaklar\u0131n<br \/>Oturu\u015fun hemen kalkacak gibi<br \/>B\u00fct\u00fcn v\u00fccuduna ezberletmi\u015fsin akl\u0131ndakileri<\/p>\n<p>G\u00f6zler hileyi sever<br \/>Ellerde<br \/>Hile i\u00e7inde hilesizsin \u015fimdi<br \/>Pusu mermileri gibi geliyor sesin<br \/>Kararl\u0131 ve kesin<br \/>\u201cB\u0130TT\u0130\u201d<\/p>\n<p>S\u0131cak betonlara buz gibi \u00e7arp\u0131yor<br \/>\u201cdost kalabiliriz\u201d s\u00f6zlerin<br \/>\u201cg\u00f6r\u00fc\u015f\u00fcr\u00fcz\u201d \u201cg\u00f6r\u00fclm\u00fc\u015ft\u00fcr\u201d gibidir<br \/>B\u00fct\u00fcn dillerde<br \/>Ve b\u00fct\u00fcn dillerde yalan c\u00fcmledir<br \/>Sen bana g\u00fczel \u015feyler s\u00f6ylemedin<br \/>Sana g\u00fczel \u015feyler s\u00f6ylendi\u011fi i\u00e7in<\/p>\n<p>Gerek yok \u00fc\u00e7 kuru\u015fluk z\u00fc\u011f\u00fcrt tesellisine<br \/>Ben zaten pe\u015fin pe\u015fin \u00f6demi\u015fim<br \/>Hesaptan bana kalan\u0131<br \/>Ellerimle indirmi\u015fim cam\u0131 \u00e7er\u00e7eveyi<br \/>Bu s\u0131cak sokaklarda<br \/>Bu benim hakk\u0131m her zaman y\u00fcr\u00fcyebilirim<br \/>Hi\u00e7 bitmesin yeter bana arpa \u015fekerim<\/p>\n","protected":false},"excerpt":{"rendered":"<p>Nerde kald\u0131 bu ya\u011fmurlarR\u00fczg\u00e2rdan eser yokG\u00fcne\u015f tam tepemdeYapraklar k\u0131m\u0131ldam\u0131yor a\u011fa\u00e7lardaTer revan i\u00e7inde y\u00fcr\u00fcyorum sanaBu sigara \u00f6ld\u00fcrecek beniBu \u0130stanbul s\u0131ca\u011f\u0131Bu saatlerde de i\u00e7ilmez ki\u00c7a\u011f\u0131rd\u0131n geliyorum i\u015fteSen bana g\u00fczel \u015feyler s\u00f6ylemeyeceksinO kafeye hi\u00e7 gitmezdinYaprak u\u00e7lar\u0131ndan d\u00fc\u015fen damlalar\u0131n \u015fa\u015fk\u0131nl\u0131\u011f\u0131Su i\u00e7meye gelen ceylan\u0131n tedirginli\u011fi var i\u00e7erimdeSen bana g\u00fczel \u015feyler s\u00f6ylemeyeceksinEllerimde afi\u015f, arkamda polis var gibi geliyorumBu kadar da s\u0131k\u0131nt\u0131 [&hellip;]<\/p>\n","protected":false},"author":1,"featured_media":0,"comment_status":"open","ping_status":"open","sticky":false,"template":"","format":"standard","meta":{"footnotes":""},"categories":[147],"tags":[],"class_list":{"0":"post-4570","1":"post","2":"type-post","3":"status-publish","4":"format-standard","6":"category-orhan-turudu"},"yoast_head":"<!-- This site is optimized with the Yoast SEO Premium plugin v24.9 (Yoast SEO v24.9) - https:\/\/yoast.com\/wordpress\/plugins\/seo\/ -->\n<title>ARPA \u015eEKER\u0130 - narteks.net<\/title>\n<meta name=\"robots\" content=\"index, follow, max-snippet:-1, max-image-preview:large, max-video-preview:-1\" \/>\n<link rel=\"canonical\" href=\"https:\/\/narteks.net\/index.php\/2010\/05\/02\/arpa-sekeri\/\" \/>\n<meta property=\"og:locale\" content=\"tr_TR\" \/>\n<meta property=\"og:type\" content=\"article\" \/>\n<meta property=\"og:title\" content=\"ARPA \u015eEKER\u0130\" \/>\n<meta property=\"og:description\" content=\"Nerde kald\u0131 bu ya\u011fmurlarR\u00fczg\u00e2rdan eser yokG\u00fcne\u015f tam tepemdeYapraklar k\u0131m\u0131ldam\u0131yor a\u011fa\u00e7lardaTer revan i\u00e7inde y\u00fcr\u00fcyorum sanaBu sigara \u00f6ld\u00fcrecek beniBu \u0130stanbul s\u0131ca\u011f\u0131Bu saatlerde de i\u00e7ilmez ki\u00c7a\u011f\u0131rd\u0131n geliyorum i\u015fteSen bana g\u00fczel \u015feyler s\u00f6ylemeyeceksinO kafeye hi\u00e7 gitmezdinYaprak u\u00e7lar\u0131ndan d\u00fc\u015fen damlalar\u0131n \u015fa\u015fk\u0131nl\u0131\u011f\u0131Su i\u00e7meye gelen ceylan\u0131n tedirginli\u011fi var i\u00e7erimdeSen bana g\u00fczel \u015feyler s\u00f6ylemeyeceksinEllerimde afi\u015f, arkamda polis var gibi geliyorumBu kadar da s\u0131k\u0131nt\u0131 [&hellip;]\" \/>\n<meta property=\"og:url\" content=\"https:\/\/narteks.net\/index.php\/2010\/05\/02\/arpa-sekeri\/\" \/>\n<meta property=\"og:site_name\" content=\"narteks.net\" \/>\n<meta property=\"article:published_time\" content=\"2010-05-02T11:57:44+00:00\" \/>\n<meta property=\"og:image\" content=\"https:\/\/narteks.net\/wp-content\/uploads\/narteks.png\" \/>\n\t<meta property=\"og:image:width\" content=\"300\" \/>\n\t<meta property=\"og:image:height\" content=\"90\" \/>\n\t<meta property=\"og:image:type\" content=\"image\/png\" \/>\n<meta name=\"author\" content=\"Tar\u0131k\" \/>\n<meta name=\"twitter:card\" content=\"summary_large_image\" \/>\n<meta name=\"twitter:creator\" content=\"@narteks\" \/>\n<meta name=\"twitter:site\" content=\"@narteks\" \/>\n<meta name=\"twitter:label1\" content=\"Yazan:\" \/>\n\t<meta name=\"twitter:data1\" content=\"Tar\u0131k\" \/>\n\t<meta name=\"twitter:label2\" content=\"Tahmini okuma s\u00fcresi\" \/>\n\t<meta name=\"twitter:data2\" content=\"1 dakika\" \/>\n<script type=\"application\/ld+json\" class=\"yoast-schema-graph\">{\"@context\":\"https:\/\/schema.org\",\"@graph\":[{\"@type\":\"Article\",\"@id\":\"https:\/\/narteks.net\/index.php\/2010\/05\/02\/arpa-sekeri\/#article\",\"isPartOf\":{\"@id\":\"https:\/\/narteks.net\/index.php\/2010\/05\/02\/arpa-sekeri\/\"},\"author\":{\"name\":\"Tar\u0131k\",\"@id\":\"https:\/\/narteks.net\/#\/schema\/person\/61f37d9834294b72d31d274e7ed79bca\"},\"headline\":\"ARPA \u015eEKER\u0130\",\"datePublished\":\"2010-05-02T11:57:44+00:00\",\"mainEntityOfPage\":{\"@id\":\"https:\/\/narteks.net\/index.php\/2010\/05\/02\/arpa-sekeri\/\"},\"wordCount\":297,\"commentCount\":0,\"publisher\":{\"@id\":\"https:\/\/narteks.net\/#organization\"},\"articleSection\":[\"Orhan T\u00dcR\u00dcD\u00dc\"],\"inLanguage\":\"tr\",\"potentialAction\":[{\"@type\":\"CommentAction\",\"name\":\"Comment\",\"target\":[\"https:\/\/narteks.net\/index.php\/2010\/05\/02\/arpa-sekeri\/#respond\"]}]},{\"@type\":\"WebPage\",\"@id\":\"https:\/\/narteks.net\/index.php\/2010\/05\/02\/arpa-sekeri\/\",\"url\":\"https:\/\/narteks.net\/index.php\/2010\/05\/02\/arpa-sekeri\/\",\"name\":\"ARPA \u015eEKER\u0130 - narteks.net\",\"isPartOf\":{\"@id\":\"https:\/\/narteks.net\/#website\"},\"datePublished\":\"2010-05-02T11:57:44+00:00\",\"breadcrumb\":{\"@id\":\"https:\/\/narteks.net\/index.php\/2010\/05\/02\/arpa-sekeri\/#breadcrumb\"},\"inLanguage\":\"tr\",\"potentialAction\":[{\"@type\":\"ReadAction\",\"target\":[\"https:\/\/narteks.net\/index.php\/2010\/05\/02\/arpa-sekeri\/\"]}]},{\"@type\":\"BreadcrumbList\",\"@id\":\"https:\/\/narteks.net\/index.php\/2010\/05\/02\/arpa-sekeri\/#breadcrumb\",\"itemListElement\":[{\"@type\":\"ListItem\",\"position\":1,\"name\":\"Anasayfa\",\"item\":\"https:\/\/narteks.net\/\"},{\"@type\":\"ListItem\",\"position\":2,\"name\":\"ARPA \u015eEKER\u0130\"}]},{\"@type\":\"WebSite\",\"@id\":\"https:\/\/narteks.net\/#website\",\"url\":\"https:\/\/narteks.net\/\",\"name\":\"narteks.net\",\"description\":\"K\u00fclt\u00fcr Sanat Edebiyat Felsefe\",\"publisher\":{\"@id\":\"https:\/\/narteks.net\/#organization\"},\"alternateName\":\"K\u00fclt\u00fcr Sanat Edebiyat Felsefe\",\"potentialAction\":[{\"@type\":\"SearchAction\",\"target\":{\"@type\":\"EntryPoint\",\"urlTemplate\":\"https:\/\/narteks.net\/?s={search_term_string}\"},\"query-input\":{\"@type\":\"PropertyValueSpecification\",\"valueRequired\":true,\"valueName\":\"search_term_string\"}}],\"inLanguage\":\"tr\"},{\"@type\":\"Organization\",\"@id\":\"https:\/\/narteks.net\/#organization\",\"name\":\"narteks.net\",\"url\":\"https:\/\/narteks.net\/\",\"logo\":{\"@type\":\"ImageObject\",\"inLanguage\":\"tr\",\"@id\":\"https:\/\/narteks.net\/#\/schema\/logo\/image\/\",\"url\":\"https:\/\/narteks.net\/wp-content\/uploads\/narteks.png\",\"contentUrl\":\"https:\/\/narteks.net\/wp-content\/uploads\/narteks.png\",\"width\":300,\"height\":90,\"caption\":\"narteks.net\"},\"image\":{\"@id\":\"https:\/\/narteks.net\/#\/schema\/logo\/image\/\"},\"sameAs\":[\"https:\/\/x.com\/narteks\",\"https:\/\/instagram.com\/narteksnet\"]},{\"@type\":\"Person\",\"@id\":\"https:\/\/narteks.net\/#\/schema\/person\/61f37d9834294b72d31d274e7ed79bca\",\"name\":\"Tar\u0131k\",\"image\":{\"@type\":\"ImageObject\",\"inLanguage\":\"tr\",\"@id\":\"https:\/\/narteks.net\/#\/schema\/person\/image\/\",\"url\":\"https:\/\/secure.gravatar.com\/avatar\/50865afb55632c4ae467e0af0930f6510aa2297d8014be502a55b14f3b7550cf?s=96&d=mm&r=g\",\"contentUrl\":\"https:\/\/secure.gravatar.com\/avatar\/50865afb55632c4ae467e0af0930f6510aa2297d8014be502a55b14f3b7550cf?s=96&d=mm&r=g\",\"caption\":\"Tar\u0131k\"},\"sameAs\":[\"http:\/\/narteks.net\"],\"url\":\"https:\/\/narteks.net\/index.php\/author\/narbak\/\"}]}<\/script>\n<!-- \/ Yoast SEO Premium plugin. -->","yoast_head_json":{"title":"ARPA \u015eEKER\u0130 - narteks.net","robots":{"index":"index","follow":"follow","max-snippet":"max-snippet:-1","max-image-preview":"max-image-preview:large","max-video-preview":"max-video-preview:-1"},"canonical":"https:\/\/narteks.net\/index.php\/2010\/05\/02\/arpa-sekeri\/","og_locale":"tr_TR","og_type":"article","og_title":"ARPA \u015eEKER\u0130","og_description":"Nerde kald\u0131 bu ya\u011fmurlarR\u00fczg\u00e2rdan eser yokG\u00fcne\u015f tam tepemdeYapraklar k\u0131m\u0131ldam\u0131yor a\u011fa\u00e7lardaTer revan i\u00e7inde y\u00fcr\u00fcyorum sanaBu sigara \u00f6ld\u00fcrecek beniBu \u0130stanbul s\u0131ca\u011f\u0131Bu saatlerde de i\u00e7ilmez ki\u00c7a\u011f\u0131rd\u0131n geliyorum i\u015fteSen bana g\u00fczel \u015feyler s\u00f6ylemeyeceksinO kafeye hi\u00e7 gitmezdinYaprak u\u00e7lar\u0131ndan d\u00fc\u015fen damlalar\u0131n \u015fa\u015fk\u0131nl\u0131\u011f\u0131Su i\u00e7meye gelen ceylan\u0131n tedirginli\u011fi var i\u00e7erimdeSen bana g\u00fczel \u015feyler s\u00f6ylemeyeceksinEllerimde afi\u015f, arkamda polis var gibi geliyorumBu kadar da s\u0131k\u0131nt\u0131 [&hellip;]","og_url":"https:\/\/narteks.net\/index.php\/2010\/05\/02\/arpa-sekeri\/","og_site_name":"narteks.net","article_published_time":"2010-05-02T11:57:44+00:00","og_image":[{"width":300,"height":90,"url":"https:\/\/narteks.net\/wp-content\/uploads\/narteks.png","type":"image\/png"}],"author":"Tar\u0131k","twitter_card":"summary_large_image","twitter_creator":"@narteks","twitter_site":"@narteks","twitter_misc":{"Yazan:":"Tar\u0131k","Tahmini okuma s\u00fcresi":"1 dakika"},"schema":{"@context":"https:\/\/schema.org","@graph":[{"@type":"Article","@id":"https:\/\/narteks.net\/index.php\/2010\/05\/02\/arpa-sekeri\/#article","isPartOf":{"@id":"https:\/\/narteks.net\/index.php\/2010\/05\/02\/arpa-sekeri\/"},"author":{"name":"Tar\u0131k","@id":"https:\/\/narteks.net\/#\/schema\/person\/61f37d9834294b72d31d274e7ed79bca"},"headline":"ARPA \u015eEKER\u0130","datePublished":"2010-05-02T11:57:44+00:00","mainEntityOfPage":{"@id":"https:\/\/narteks.net\/index.php\/2010\/05\/02\/arpa-sekeri\/"},"wordCount":297,"commentCount":0,"publisher":{"@id":"https:\/\/narteks.net\/#organization"},"articleSection":["Orhan T\u00dcR\u00dcD\u00dc"],"inLanguage":"tr","potentialAction":[{"@type":"CommentAction","name":"Comment","target":["https:\/\/narteks.net\/index.php\/2010\/05\/02\/arpa-sekeri\/#respond"]}]},{"@type":"WebPage","@id":"https:\/\/narteks.net\/index.php\/2010\/05\/02\/arpa-sekeri\/","url":"https:\/\/narteks.net\/index.php\/2010\/05\/02\/arpa-sekeri\/","name":"ARPA \u015eEKER\u0130 - narteks.net","isPartOf":{"@id":"https:\/\/narteks.net\/#website"},"datePublished":"2010-05-02T11:57:44+00:00","breadcrumb":{"@id":"https:\/\/narteks.net\/index.php\/2010\/05\/02\/arpa-sekeri\/#breadcrumb"},"inLanguage":"tr","potentialAction":[{"@type":"ReadAction","target":["https:\/\/narteks.net\/index.php\/2010\/05\/02\/arpa-sekeri\/"]}]},{"@type":"BreadcrumbList","@id":"https:\/\/narteks.net\/index.php\/2010\/05\/02\/arpa-sekeri\/#breadcrumb","itemListElement":[{"@type":"ListItem","position":1,"name":"Anasayfa","item":"https:\/\/narteks.net\/"},{"@type":"ListItem","position":2,"name":"ARPA \u015eEKER\u0130"}]},{"@type":"WebSite","@id":"https:\/\/narteks.net\/#website","url":"https:\/\/narteks.net\/","name":"narteks.net","description":"K\u00fclt\u00fcr Sanat Edebiyat Felsefe","publisher":{"@id":"https:\/\/narteks.net\/#organization"},"alternateName":"K\u00fclt\u00fcr Sanat Edebiyat Felsefe","potentialAction":[{"@type":"SearchAction","target":{"@type":"EntryPoint","urlTemplate":"https:\/\/narteks.net\/?s={search_term_string}"},"query-input":{"@type":"PropertyValueSpecification","valueRequired":true,"valueName":"search_term_string"}}],"inLanguage":"tr"},{"@type":"Organization","@id":"https:\/\/narteks.net\/#organization","name":"narteks.net","url":"https:\/\/narteks.net\/","logo":{"@type":"ImageObject","inLanguage":"tr","@id":"https:\/\/narteks.net\/#\/schema\/logo\/image\/","url":"https:\/\/narteks.net\/wp-content\/uploads\/narteks.png","contentUrl":"https:\/\/narteks.net\/wp-content\/uploads\/narteks.png","width":300,"height":90,"caption":"narteks.net"},"image":{"@id":"https:\/\/narteks.net\/#\/schema\/logo\/image\/"},"sameAs":["https:\/\/x.com\/narteks","https:\/\/instagram.com\/narteksnet"]},{"@type":"Person","@id":"https:\/\/narteks.net\/#\/schema\/person\/61f37d9834294b72d31d274e7ed79bca","name":"Tar\u0131k","image":{"@type":"ImageObject","inLanguage":"tr","@id":"https:\/\/narteks.net\/#\/schema\/person\/image\/","url":"https:\/\/secure.gravatar.com\/avatar\/50865afb55632c4ae467e0af0930f6510aa2297d8014be502a55b14f3b7550cf?s=96&d=mm&r=g","contentUrl":"https:\/\/secure.gravatar.com\/avatar\/50865afb55632c4ae467e0af0930f6510aa2297d8014be502a55b14f3b7550cf?s=96&d=mm&r=g","caption":"Tar\u0131k"},"sameAs":["http:\/\/narteks.net"],"url":"https:\/\/narteks.net\/index.php\/author\/narbak\/"}]}},"_links":{"self":[{"href":"https:\/\/narteks.net\/index.php\/wp-json\/wp\/v2\/posts\/4570","targetHints":{"allow":["GET"]}}],"collection":[{"href":"https:\/\/narteks.net\/index.php\/wp-json\/wp\/v2\/posts"}],"about":[{"href":"https:\/\/narteks.net\/index.php\/wp-json\/wp\/v2\/types\/post"}],"author":[{"embeddable":true,"href":"https:\/\/narteks.net\/index.php\/wp-json\/wp\/v2\/users\/1"}],"replies":[{"embeddable":true,"href":"https:\/\/narteks.net\/index.php\/wp-json\/wp\/v2\/comments?post=4570"}],"version-history":[{"count":0,"href":"https:\/\/narteks.net\/index.php\/wp-json\/wp\/v2\/posts\/4570\/revisions"}],"wp:attachment":[{"href":"https:\/\/narteks.net\/index.php\/wp-json\/wp\/v2\/media?parent=4570"}],"wp:term":[{"taxonomy":"category","embeddable":true,"href":"https:\/\/narteks.net\/index.php\/wp-json\/wp\/v2\/categories?post=4570"},{"taxonomy":"post_tag","embeddable":true,"href":"https:\/\/narteks.net\/index.php\/wp-json\/wp\/v2\/tags?post=4570"}],"curies":[{"name":"wp","href":"https:\/\/api.w.org\/{rel}","templated":true}]}}