{"id":458,"date":"2009-03-13T23:15:33","date_gmt":"2009-03-13T20:15:33","guid":{"rendered":"http:\/\/localhost\/wordpress\/2009\/03\/13\/yandim-hudey-turkusu-turkmen-gelini\/"},"modified":"2009-03-13T23:15:33","modified_gmt":"2009-03-13T20:15:33","slug":"yandim-hudey-turkusu-turkmen-gelini","status":"publish","type":"post","link":"https:\/\/narteks.net\/index.php\/2009\/03\/13\/yandim-hudey-turkusu-turkmen-gelini\/","title":{"rendered":"Yand\u0131m Hudey T\u00fcrk\u00fcs\u00fc (T\u00fcrkmen Gelini)"},"content":{"rendered":"<p style=\"text-align: justify;\"><span style=\"font-size: 14pt;\"><strong>Yand\u0131m Hudey T\u00fcrk\u00fcs\u00fc (T\u00fcrkmen Gelini)<\/strong><\/span><\/p>\n<p>Seferberlik y\u0131llar\u0131nda askere al\u0131nanlar, ya \u00e7ok uzun y\u0131lar sonra d\u00f6ner, yada hi\u00e7 d\u00f6nmezlermi\u015f. Hele bu gidilen yer Yemen ise, geri d\u00f6nme ihtimali hemen hemen hi\u00e7 olmazm\u0131\u015f.\u00c7\u00fcnk\u00fc gidenlerin \u00e7ok az\u0131 sa\u011f olarak geri d\u00f6n\u00fcyormu\u015f. Erzincan\u2019dan bir delikanl\u0131, uzun y\u0131llar sevdi\u011fi k\u0131zla nihayet evlenir.Gelinle bir hafta bile birlikte kalmadan,askere al\u0131narak yemene <br \/>g\u00f6nderilir. Bunun \u00fczerine hem gelin, hem de kendisi \u00e7ok \u00fcz\u00fcl\u00fcr, ama; \u00c7are yoktur, vatan hizmetine gidilecektir.<\/p>\n<p>Askere giden delikanl\u0131dan uzun bir zaman haber al\u0131namaz. Bunun \u00fczerine kendisinin \u00f6ld\u00fc\u011f\u00fcne kanaat getirilir. Bir s\u00fcre sonrada bu delikanl\u0131n\u0131n babas\u0131,o\u011flunun han\u0131m\u0131n\u0131, yani gelinini kendisiyle evlenmeye ikna eder ve geliniyle evlenir.<br \/>Aradan birka\u00e7 sene ge\u00e7er. Delikanl\u0131 bin bir t\u00fcrl\u00fc me\u015fakkat!ten sonra askerli\u011fini bitirerek Erzincan&#8217;a d\u00f6ner, k\u00f6y\u00fcne gider. Evine var\u0131r ki, han\u0131m\u0131 ev dam\u0131nda hamur yo\u011furuyor. Han\u0131m\u0131 kendisini g\u00f6r\u00fcnce \u015fa\u015fk\u0131nl\u0131k ge\u00e7irir ve a\u011flamaya ba\u015flar. Delikanl\u0131 han\u0131m\u0131na, sevinece\u011fi yerde neden a\u011flad\u0131\u011f\u0131n\u0131 sorar. Han\u0131m\u0131 iki g\u00f6z\u00fc iki \u00e7e\u015fme,durumu oldu\u011fu gibi delikanl\u0131ya anlat\u0131r. Delikanl\u0131 bu durum kar\u015f\u0131s\u0131nda, beyninden vurulmu\u015fa d\u00f6ner. Delikanl\u0131n\u0131n ba\u015f\u0131na gelenlere k\u00f6y halk\u0131 da \u00e7ok \u00fcz\u00fcl\u00fcr. Bu ac\u0131kl\u0131 durumu;Delikanl\u0131n\u0131n a\u011fz\u0131ndan, a\u015fa\u011f\u0131daki t\u00fcrk\u00fc ile dile getirirler.<\/p>\n<p>Ev dam\u0131na girdim aney,yand\u0131m hudey diley diley<br \/>Elleri hamur.<br \/>G\u00f6z\u00fcnden ak\u0131yor bir sulu ya\u011fmur oy<br \/>Baba nerden ald\u0131n aney yand\u0131m hudey diley diley<br \/>Sen bu gelini<\/p>\n<p>Odas\u0131na girdim kahve b\u00fc\u015f\u00fcr\u00fcr oy<br \/>K\u0131nal\u0131 parmaklar aney yand\u0131m hudey diley diley<br \/>Fincan d\u00fc\u015f\u00fcr\u00fcr<br \/>Seni g\u00f6ren a\u015f\u0131k akl\u0131n \u015fa\u015furur oy<br \/>Baba nerden ald\u0131n aney, yand\u0131m hudey diley diley<br \/>Sen bu gelini<\/p>\n<p>Odas\u0131na girdim namaz\u2019a durmu\u015f oy<br \/>Ka\u015flar\u0131 g\u00f6zleri aney, yand\u0131m hudey diley diley<br \/>Kendine uymu\u015f<br \/>Seni g\u00f6ren a\u015f\u0131k akl\u0131n \u015fa\u015furmu\u015f oy<br \/>Baba nerden ald\u0131n aney, yand\u0131m hudey diley diley<br \/>Sen bu gelini<\/p>\n<p>Keten k\u00f6ynek giymi\u015f yakas\u0131 naz\u00fck oy<br \/>Koluna yapturdum aney, yand\u0131m hudey diley diley<br \/>Altun bilez\u00fck<br \/>\u00d6pmeye k\u0131yamam sevmeye yazuk oy<br \/>Baba nerden ald\u0131n aney, yand\u0131m hudey diley diley<br \/>Sen bu gelini<\/p>\n<p>Bacas\u0131ndan \u00e7\u0131km\u0131\u015f ayvan\u0131n dal\u2019\u0131 oy<br \/>Y\u00fcz\u00fcne de vurmu\u015f aney,yand\u0131m hudey diley diley<br \/>Yazman\u0131n al\u0131<br \/>\u0130\u015fte g\u00f6r\u00fcn\u00fcyor d\u00fcnyan\u0131n hal\u0131 oy<br \/>Baba nerden ald\u0131n aney, yand\u0131m hudey diley diley<br \/>Sen bu gelini<br \/>Elleri k\u0131nal\u0131 aney, Yand\u0131m hudey dily diley<br \/>Taze gelini<\/p>\n<p>Ay\u015feg\u00fcl G\u00f6ktepe (Radyo Program Yap\u0131mc\u0131s\u0131)<\/p>\n","protected":false},"excerpt":{"rendered":"<p>Yand\u0131m Hudey T\u00fcrk\u00fcs\u00fc (T\u00fcrkmen Gelini) Seferberlik y\u0131llar\u0131nda askere al\u0131nanlar, ya \u00e7ok uzun y\u0131lar sonra d\u00f6ner, yada hi\u00e7 d\u00f6nmezlermi\u015f. Hele bu gidilen yer Yemen ise, geri d\u00f6nme ihtimali hemen hemen hi\u00e7 olmazm\u0131\u015f.\u00c7\u00fcnk\u00fc gidenlerin \u00e7ok az\u0131 sa\u011f olarak geri d\u00f6n\u00fcyormu\u015f. Erzincan\u2019dan bir delikanl\u0131, uzun y\u0131llar sevdi\u011fi k\u0131zla nihayet evlenir.Gelinle bir hafta bile birlikte kalmadan,askere al\u0131narak yemene g\u00f6nderilir. [&hellip;]<\/p>\n","protected":false},"author":1,"featured_media":0,"comment_status":"open","ping_status":"open","sticky":false,"template":"","format":"standard","meta":{"footnotes":""},"categories":[55],"tags":[],"class_list":{"0":"post-458","1":"post","2":"type-post","3":"status-publish","4":"format-standard","6":"category-oykuleriyle-turkuler"},"yoast_head":"<!-- This site is optimized with the Yoast SEO Premium plugin v24.9 (Yoast SEO v24.9) - https:\/\/yoast.com\/wordpress\/plugins\/seo\/ -->\n<title>Yand\u0131m Hudey T\u00fcrk\u00fcs\u00fc (T\u00fcrkmen Gelini) - narteks.net<\/title>\n<meta name=\"robots\" content=\"index, follow, max-snippet:-1, max-image-preview:large, max-video-preview:-1\" \/>\n<link rel=\"canonical\" href=\"https:\/\/narteks.net\/index.php\/2009\/03\/13\/yandim-hudey-turkusu-turkmen-gelini\/\" \/>\n<meta property=\"og:locale\" content=\"tr_TR\" \/>\n<meta property=\"og:type\" content=\"article\" \/>\n<meta property=\"og:title\" content=\"Yand\u0131m Hudey T\u00fcrk\u00fcs\u00fc (T\u00fcrkmen Gelini)\" \/>\n<meta property=\"og:description\" content=\"Yand\u0131m Hudey T\u00fcrk\u00fcs\u00fc (T\u00fcrkmen Gelini) Seferberlik y\u0131llar\u0131nda askere al\u0131nanlar, ya \u00e7ok uzun y\u0131lar sonra d\u00f6ner, yada hi\u00e7 d\u00f6nmezlermi\u015f. Hele bu gidilen yer Yemen ise, geri d\u00f6nme ihtimali hemen hemen hi\u00e7 olmazm\u0131\u015f.\u00c7\u00fcnk\u00fc gidenlerin \u00e7ok az\u0131 sa\u011f olarak geri d\u00f6n\u00fcyormu\u015f. Erzincan\u2019dan bir delikanl\u0131, uzun y\u0131llar sevdi\u011fi k\u0131zla nihayet evlenir.Gelinle bir hafta bile birlikte kalmadan,askere al\u0131narak yemene g\u00f6nderilir. [&hellip;]\" \/>\n<meta property=\"og:url\" content=\"https:\/\/narteks.net\/index.php\/2009\/03\/13\/yandim-hudey-turkusu-turkmen-gelini\/\" \/>\n<meta property=\"og:site_name\" content=\"narteks.net\" \/>\n<meta property=\"article:published_time\" content=\"2009-03-13T20:15:33+00:00\" \/>\n<meta property=\"og:image\" content=\"https:\/\/narteks.net\/wp-content\/uploads\/narteks.png\" \/>\n\t<meta property=\"og:image:width\" content=\"300\" \/>\n\t<meta property=\"og:image:height\" content=\"90\" \/>\n\t<meta property=\"og:image:type\" content=\"image\/png\" \/>\n<meta name=\"author\" content=\"Tar\u0131k\" \/>\n<meta name=\"twitter:card\" content=\"summary_large_image\" \/>\n<meta name=\"twitter:creator\" content=\"@narteks\" \/>\n<meta name=\"twitter:site\" content=\"@narteks\" \/>\n<meta name=\"twitter:label1\" content=\"Yazan:\" \/>\n\t<meta name=\"twitter:data1\" content=\"Tar\u0131k\" \/>\n\t<meta name=\"twitter:label2\" content=\"Tahmini okuma s\u00fcresi\" \/>\n\t<meta name=\"twitter:data2\" content=\"2 dakika\" \/>\n<script type=\"application\/ld+json\" class=\"yoast-schema-graph\">{\"@context\":\"https:\/\/schema.org\",\"@graph\":[{\"@type\":\"Article\",\"@id\":\"https:\/\/narteks.net\/index.php\/2009\/03\/13\/yandim-hudey-turkusu-turkmen-gelini\/#article\",\"isPartOf\":{\"@id\":\"https:\/\/narteks.net\/index.php\/2009\/03\/13\/yandim-hudey-turkusu-turkmen-gelini\/\"},\"author\":{\"name\":\"Tar\u0131k\",\"@id\":\"https:\/\/narteks.net\/#\/schema\/person\/61f37d9834294b72d31d274e7ed79bca\"},\"headline\":\"Yand\u0131m Hudey T\u00fcrk\u00fcs\u00fc (T\u00fcrkmen Gelini)\",\"datePublished\":\"2009-03-13T20:15:33+00:00\",\"mainEntityOfPage\":{\"@id\":\"https:\/\/narteks.net\/index.php\/2009\/03\/13\/yandim-hudey-turkusu-turkmen-gelini\/\"},\"wordCount\":469,\"commentCount\":0,\"publisher\":{\"@id\":\"https:\/\/narteks.net\/#organization\"},\"articleSection\":[\"\u00d6yk\u00fcleriyle T\u00fcrk\u00fcler\"],\"inLanguage\":\"tr\",\"potentialAction\":[{\"@type\":\"CommentAction\",\"name\":\"Comment\",\"target\":[\"https:\/\/narteks.net\/index.php\/2009\/03\/13\/yandim-hudey-turkusu-turkmen-gelini\/#respond\"]}]},{\"@type\":\"WebPage\",\"@id\":\"https:\/\/narteks.net\/index.php\/2009\/03\/13\/yandim-hudey-turkusu-turkmen-gelini\/\",\"url\":\"https:\/\/narteks.net\/index.php\/2009\/03\/13\/yandim-hudey-turkusu-turkmen-gelini\/\",\"name\":\"Yand\u0131m Hudey T\u00fcrk\u00fcs\u00fc (T\u00fcrkmen Gelini) - narteks.net\",\"isPartOf\":{\"@id\":\"https:\/\/narteks.net\/#website\"},\"datePublished\":\"2009-03-13T20:15:33+00:00\",\"breadcrumb\":{\"@id\":\"https:\/\/narteks.net\/index.php\/2009\/03\/13\/yandim-hudey-turkusu-turkmen-gelini\/#breadcrumb\"},\"inLanguage\":\"tr\",\"potentialAction\":[{\"@type\":\"ReadAction\",\"target\":[\"https:\/\/narteks.net\/index.php\/2009\/03\/13\/yandim-hudey-turkusu-turkmen-gelini\/\"]}]},{\"@type\":\"BreadcrumbList\",\"@id\":\"https:\/\/narteks.net\/index.php\/2009\/03\/13\/yandim-hudey-turkusu-turkmen-gelini\/#breadcrumb\",\"itemListElement\":[{\"@type\":\"ListItem\",\"position\":1,\"name\":\"Anasayfa\",\"item\":\"https:\/\/narteks.net\/\"},{\"@type\":\"ListItem\",\"position\":2,\"name\":\"Yand\u0131m Hudey T\u00fcrk\u00fcs\u00fc (T\u00fcrkmen Gelini)\"}]},{\"@type\":\"WebSite\",\"@id\":\"https:\/\/narteks.net\/#website\",\"url\":\"https:\/\/narteks.net\/\",\"name\":\"narteks.net\",\"description\":\"K\u00fclt\u00fcr Sanat Edebiyat Felsefe\",\"publisher\":{\"@id\":\"https:\/\/narteks.net\/#organization\"},\"alternateName\":\"K\u00fclt\u00fcr Sanat Edebiyat Felsefe\",\"potentialAction\":[{\"@type\":\"SearchAction\",\"target\":{\"@type\":\"EntryPoint\",\"urlTemplate\":\"https:\/\/narteks.net\/?s={search_term_string}\"},\"query-input\":{\"@type\":\"PropertyValueSpecification\",\"valueRequired\":true,\"valueName\":\"search_term_string\"}}],\"inLanguage\":\"tr\"},{\"@type\":\"Organization\",\"@id\":\"https:\/\/narteks.net\/#organization\",\"name\":\"narteks.net\",\"url\":\"https:\/\/narteks.net\/\",\"logo\":{\"@type\":\"ImageObject\",\"inLanguage\":\"tr\",\"@id\":\"https:\/\/narteks.net\/#\/schema\/logo\/image\/\",\"url\":\"https:\/\/narteks.net\/wp-content\/uploads\/narteks.png\",\"contentUrl\":\"https:\/\/narteks.net\/wp-content\/uploads\/narteks.png\",\"width\":300,\"height\":90,\"caption\":\"narteks.net\"},\"image\":{\"@id\":\"https:\/\/narteks.net\/#\/schema\/logo\/image\/\"},\"sameAs\":[\"https:\/\/x.com\/narteks\",\"https:\/\/instagram.com\/narteksnet\"]},{\"@type\":\"Person\",\"@id\":\"https:\/\/narteks.net\/#\/schema\/person\/61f37d9834294b72d31d274e7ed79bca\",\"name\":\"Tar\u0131k\",\"image\":{\"@type\":\"ImageObject\",\"inLanguage\":\"tr\",\"@id\":\"https:\/\/narteks.net\/#\/schema\/person\/image\/\",\"url\":\"https:\/\/secure.gravatar.com\/avatar\/50865afb55632c4ae467e0af0930f6510aa2297d8014be502a55b14f3b7550cf?s=96&d=mm&r=g\",\"contentUrl\":\"https:\/\/secure.gravatar.com\/avatar\/50865afb55632c4ae467e0af0930f6510aa2297d8014be502a55b14f3b7550cf?s=96&d=mm&r=g\",\"caption\":\"Tar\u0131k\"},\"sameAs\":[\"http:\/\/narteks.net\"],\"url\":\"https:\/\/narteks.net\/index.php\/author\/narbak\/\"}]}<\/script>\n<!-- \/ Yoast SEO Premium plugin. -->","yoast_head_json":{"title":"Yand\u0131m Hudey T\u00fcrk\u00fcs\u00fc (T\u00fcrkmen Gelini) - narteks.net","robots":{"index":"index","follow":"follow","max-snippet":"max-snippet:-1","max-image-preview":"max-image-preview:large","max-video-preview":"max-video-preview:-1"},"canonical":"https:\/\/narteks.net\/index.php\/2009\/03\/13\/yandim-hudey-turkusu-turkmen-gelini\/","og_locale":"tr_TR","og_type":"article","og_title":"Yand\u0131m Hudey T\u00fcrk\u00fcs\u00fc (T\u00fcrkmen Gelini)","og_description":"Yand\u0131m Hudey T\u00fcrk\u00fcs\u00fc (T\u00fcrkmen Gelini) Seferberlik y\u0131llar\u0131nda askere al\u0131nanlar, ya \u00e7ok uzun y\u0131lar sonra d\u00f6ner, yada hi\u00e7 d\u00f6nmezlermi\u015f. Hele bu gidilen yer Yemen ise, geri d\u00f6nme ihtimali hemen hemen hi\u00e7 olmazm\u0131\u015f.\u00c7\u00fcnk\u00fc gidenlerin \u00e7ok az\u0131 sa\u011f olarak geri d\u00f6n\u00fcyormu\u015f. Erzincan\u2019dan bir delikanl\u0131, uzun y\u0131llar sevdi\u011fi k\u0131zla nihayet evlenir.Gelinle bir hafta bile birlikte kalmadan,askere al\u0131narak yemene g\u00f6nderilir. [&hellip;]","og_url":"https:\/\/narteks.net\/index.php\/2009\/03\/13\/yandim-hudey-turkusu-turkmen-gelini\/","og_site_name":"narteks.net","article_published_time":"2009-03-13T20:15:33+00:00","og_image":[{"width":300,"height":90,"url":"https:\/\/narteks.net\/wp-content\/uploads\/narteks.png","type":"image\/png"}],"author":"Tar\u0131k","twitter_card":"summary_large_image","twitter_creator":"@narteks","twitter_site":"@narteks","twitter_misc":{"Yazan:":"Tar\u0131k","Tahmini okuma s\u00fcresi":"2 dakika"},"schema":{"@context":"https:\/\/schema.org","@graph":[{"@type":"Article","@id":"https:\/\/narteks.net\/index.php\/2009\/03\/13\/yandim-hudey-turkusu-turkmen-gelini\/#article","isPartOf":{"@id":"https:\/\/narteks.net\/index.php\/2009\/03\/13\/yandim-hudey-turkusu-turkmen-gelini\/"},"author":{"name":"Tar\u0131k","@id":"https:\/\/narteks.net\/#\/schema\/person\/61f37d9834294b72d31d274e7ed79bca"},"headline":"Yand\u0131m Hudey T\u00fcrk\u00fcs\u00fc (T\u00fcrkmen Gelini)","datePublished":"2009-03-13T20:15:33+00:00","mainEntityOfPage":{"@id":"https:\/\/narteks.net\/index.php\/2009\/03\/13\/yandim-hudey-turkusu-turkmen-gelini\/"},"wordCount":469,"commentCount":0,"publisher":{"@id":"https:\/\/narteks.net\/#organization"},"articleSection":["\u00d6yk\u00fcleriyle T\u00fcrk\u00fcler"],"inLanguage":"tr","potentialAction":[{"@type":"CommentAction","name":"Comment","target":["https:\/\/narteks.net\/index.php\/2009\/03\/13\/yandim-hudey-turkusu-turkmen-gelini\/#respond"]}]},{"@type":"WebPage","@id":"https:\/\/narteks.net\/index.php\/2009\/03\/13\/yandim-hudey-turkusu-turkmen-gelini\/","url":"https:\/\/narteks.net\/index.php\/2009\/03\/13\/yandim-hudey-turkusu-turkmen-gelini\/","name":"Yand\u0131m Hudey T\u00fcrk\u00fcs\u00fc (T\u00fcrkmen Gelini) - narteks.net","isPartOf":{"@id":"https:\/\/narteks.net\/#website"},"datePublished":"2009-03-13T20:15:33+00:00","breadcrumb":{"@id":"https:\/\/narteks.net\/index.php\/2009\/03\/13\/yandim-hudey-turkusu-turkmen-gelini\/#breadcrumb"},"inLanguage":"tr","potentialAction":[{"@type":"ReadAction","target":["https:\/\/narteks.net\/index.php\/2009\/03\/13\/yandim-hudey-turkusu-turkmen-gelini\/"]}]},{"@type":"BreadcrumbList","@id":"https:\/\/narteks.net\/index.php\/2009\/03\/13\/yandim-hudey-turkusu-turkmen-gelini\/#breadcrumb","itemListElement":[{"@type":"ListItem","position":1,"name":"Anasayfa","item":"https:\/\/narteks.net\/"},{"@type":"ListItem","position":2,"name":"Yand\u0131m Hudey T\u00fcrk\u00fcs\u00fc (T\u00fcrkmen Gelini)"}]},{"@type":"WebSite","@id":"https:\/\/narteks.net\/#website","url":"https:\/\/narteks.net\/","name":"narteks.net","description":"K\u00fclt\u00fcr Sanat Edebiyat Felsefe","publisher":{"@id":"https:\/\/narteks.net\/#organization"},"alternateName":"K\u00fclt\u00fcr Sanat Edebiyat Felsefe","potentialAction":[{"@type":"SearchAction","target":{"@type":"EntryPoint","urlTemplate":"https:\/\/narteks.net\/?s={search_term_string}"},"query-input":{"@type":"PropertyValueSpecification","valueRequired":true,"valueName":"search_term_string"}}],"inLanguage":"tr"},{"@type":"Organization","@id":"https:\/\/narteks.net\/#organization","name":"narteks.net","url":"https:\/\/narteks.net\/","logo":{"@type":"ImageObject","inLanguage":"tr","@id":"https:\/\/narteks.net\/#\/schema\/logo\/image\/","url":"https:\/\/narteks.net\/wp-content\/uploads\/narteks.png","contentUrl":"https:\/\/narteks.net\/wp-content\/uploads\/narteks.png","width":300,"height":90,"caption":"narteks.net"},"image":{"@id":"https:\/\/narteks.net\/#\/schema\/logo\/image\/"},"sameAs":["https:\/\/x.com\/narteks","https:\/\/instagram.com\/narteksnet"]},{"@type":"Person","@id":"https:\/\/narteks.net\/#\/schema\/person\/61f37d9834294b72d31d274e7ed79bca","name":"Tar\u0131k","image":{"@type":"ImageObject","inLanguage":"tr","@id":"https:\/\/narteks.net\/#\/schema\/person\/image\/","url":"https:\/\/secure.gravatar.com\/avatar\/50865afb55632c4ae467e0af0930f6510aa2297d8014be502a55b14f3b7550cf?s=96&d=mm&r=g","contentUrl":"https:\/\/secure.gravatar.com\/avatar\/50865afb55632c4ae467e0af0930f6510aa2297d8014be502a55b14f3b7550cf?s=96&d=mm&r=g","caption":"Tar\u0131k"},"sameAs":["http:\/\/narteks.net"],"url":"https:\/\/narteks.net\/index.php\/author\/narbak\/"}]}},"_links":{"self":[{"href":"https:\/\/narteks.net\/index.php\/wp-json\/wp\/v2\/posts\/458","targetHints":{"allow":["GET"]}}],"collection":[{"href":"https:\/\/narteks.net\/index.php\/wp-json\/wp\/v2\/posts"}],"about":[{"href":"https:\/\/narteks.net\/index.php\/wp-json\/wp\/v2\/types\/post"}],"author":[{"embeddable":true,"href":"https:\/\/narteks.net\/index.php\/wp-json\/wp\/v2\/users\/1"}],"replies":[{"embeddable":true,"href":"https:\/\/narteks.net\/index.php\/wp-json\/wp\/v2\/comments?post=458"}],"version-history":[{"count":0,"href":"https:\/\/narteks.net\/index.php\/wp-json\/wp\/v2\/posts\/458\/revisions"}],"wp:attachment":[{"href":"https:\/\/narteks.net\/index.php\/wp-json\/wp\/v2\/media?parent=458"}],"wp:term":[{"taxonomy":"category","embeddable":true,"href":"https:\/\/narteks.net\/index.php\/wp-json\/wp\/v2\/categories?post=458"},{"taxonomy":"post_tag","embeddable":true,"href":"https:\/\/narteks.net\/index.php\/wp-json\/wp\/v2\/tags?post=458"}],"curies":[{"name":"wp","href":"https:\/\/api.w.org\/{rel}","templated":true}]}}