{"id":4580,"date":"2010-05-03T15:25:30","date_gmt":"2010-05-03T12:25:30","guid":{"rendered":"http:\/\/localhost\/wordpress\/2010\/05\/03\/acilim-komedi-serisi-taksim-acilimi-ve-akp\/"},"modified":"2010-05-03T15:25:30","modified_gmt":"2010-05-03T12:25:30","slug":"acilim-komedi-serisi-taksim-acilimi-ve-akp","status":"publish","type":"post","link":"https:\/\/narteks.net\/index.php\/2010\/05\/03\/acilim-komedi-serisi-taksim-acilimi-ve-akp\/","title":{"rendered":"A\u00e7\u0131l\u0131m komedi serisi | Taksim a\u00e7\u0131l\u0131m\u0131 ve Akp"},"content":{"rendered":"<p style=\"text-align: justify;\"><img loading=\"lazy\" decoding=\"async\" src=\"http:\/\/mizah.sezgiler.com\/wp-content\/uploads\/demokratik-acilim.jpg\" border=\"0\" width=\"155\" height=\"205\" style=\"float: left;\" \/>1977&#8217;de\u00a0 34 ki\u015finin ya\u015fam\u0131n\u0131 yitirdi\u011fi Kanl\u0131 1 May\u0131s olarak tarihe ge\u00e7en ,i\u015f\u00e7i s\u0131n\u0131f\u0131 ve devrimciler taraf\u0131ndan 1 may\u0131s alan\u0131 olarak kabul g\u00f6ren Taksim Meydan\u0131n\u0131n \u00f6zg\u00fcrle\u015ftirilmesi \u00e7ok \u00f6nemliydi.77 sonras\u0131,Taksim meydan\u0131n\u0131n miting alan\u0131 olarak yasaklanmas\u0131yla\u00a0 1 may\u0131s\u00a0 ,bir bayram olarak de\u011fil,bir kavga g\u00fcn\u00fc olarak tarihimizde yerini ald\u0131.Peki ne oldu da devlet taraf\u0131ndan 2010\u00a0 1 may\u0131s kutlamalar\u0131 i\u00e7in Taksim&#8217;e vize verildi.?<\/p>\n<p>Akp h\u00fck\u00fcmetinin ,son d\u00f6nemler kamuoyuna sundu\u011fu demokratik a\u00e7\u0131l\u0131mlar kervan\u0131na birde &#8220;Taksim meydan\u0131 a\u00e7\u0131l\u0131m\u0131n\u0131&#8221; eklendi.Omurgas\u0131z siyaset anlay\u0131\u015f\u0131n\u0131 kendince ustaca yapan bu teorisyenlerin,d\u00fcnyada geli\u015fen finans krizi ve koku\u015fmu\u015f kapitalizmin sorguland\u0131\u011f\u0131 bir d\u00f6nemi iyi tahlil ettikleri, att\u0131klar\u0131 her ad\u0131mdan belli.S\u0131n\u0131f\u0131n ve \u00f6nc\u00fclerinin kararl\u0131 duru\u015funun bu yasa\u011f\u0131n kalkmas\u0131nda elbette bir rol\u00fc vard\u0131r ancak Ba\u015fbakan R.T.Erdo\u011fan\u0131n dedi\u011fi gibi \u015fimdiye kadar neden kalkmad\u0131 bu yasak.Bug\u00fcn\u00fcn \u00f6nemi nedir?<\/p>\n<p style=\"text-align: justify;\">Akp i\u00e7 ve d\u0131\u015f teorisyenlerinin demokratik a\u00e7\u0131l\u0131m \u015femsiyesi, d\u00fcnyada emperyalizm ve kapitalizme kar\u015f\u0131 geli\u015fen\u00a0 t\u00fcm siyasi olumsuzluklardan, temsil ettikleri sermayeyi en az hasarla kurtarma \u00fczerine kuruludur.<br \/>A\u00e7\u0131l\u0131m ad\u0131n\u0131 verdikleri kavramlara bakacak olursak ;<br \/>Bir taraftan k\u00fcrt halk\u0131n\u0131n \u00fczerine bomba ya\u011fd\u0131r\u0131rken,siyaseten tan\u0131mazken, s\u00fcrd\u00fc\u011f\u00fc iddia edilen &#8220;K\u00fcrt a\u00e7\u0131l\u0131m\u0131&#8221; ( Operasyonlar ve a\u00e7\u0131l\u0131m birlikte devam ediyor )<br \/>Alevi yurtta\u015flar\u0131n kendi k\u00fclt\u00fcr\u00fcn\u00fc kendi kaynaklar\u0131ndan \u00f6\u011frenememe sorunu ve zorunlu dini asimilasyon\u00a0 derslerinden muaf tutulmamas\u0131 devam ederken &#8221; Alevi a\u00e7\u0131l\u0131m\u0131 &#8220;<br \/>\u00c7ingenelerin durumu daha da vahimken &#8221; \u00c7ingene a\u00e7\u0131l\u0131m\u0131 &#8220;<br \/>Bir tak\u0131m medya kavram\u0131n\u0131 olu\u015fturarak &#8221; Bas\u0131n a\u00e7\u0131l\u0131m\u0131&#8221;<br \/>Her f\u0131rsatta a\u015fa\u011f\u0131lad\u0131\u011f\u0131 &#8220;Ayak tak\u0131m\u0131&#8221; olarak g\u00f6rd\u00fc\u011f\u00fc , Ankara&#8217;da Tekel i\u015f\u00e7ilerinin direni\u015fini k\u0131rmak i\u00e7in yapt\u0131rd\u0131\u011f\u0131 sald\u0131r\u0131lar\u0131 ve i\u015f\u00e7i d\u00fc\u015fmanl\u0131\u011f\u0131 ortadayken &#8221; Taksim a\u00e7\u0131l\u0131m\u0131&#8221;<\/p>\n<p>Bunlar\u0131 duyunca insan\u0131n &#8220;a\u00e7t\u0131rma kutuyu s\u00f6yletme k\u00f6t\u00fcy\u00fc&#8221; diyesi geliyor.Ama \u015faka gibide olsa hala g\u00fcndem de bunlar&#8230;<\/p>\n<p>Akp teorisyenlerinin a\u00e7\u0131l\u0131m olarak sundu\u011fu her\u015feyin arkas\u0131nda sadece tek bir ger\u00e7ek yat\u0131yor.Bu, \u00f6nc\u00fcs\u00fcyle, kitleler aras\u0131ndaki ba\u011f\u0131 koparma \u00e7abas\u0131d\u0131r.Dikkat edilirse ilerici ne kadar kurum ve kitle \u00f6rg\u00fct\u00fc\u00a0 varsa kavga halindedir. Ama Akp buna da kendince bir \u00e7\u00f6z\u00fcm bulmu\u015ftur.Ergenekon ad\u0131nda \u00f6teden beri devlet i\u00e7inde \u00e7\u00f6reklenmi\u015f bir \u00e7eteye kar\u015f\u0131 m\u00fccadele ad\u0131nda &#8220;temiz devlet&#8221; operasyonlar\u0131&#8230;Bu sayede devlet i\u00e7inde yap\u0131lacak her t\u00fcr m\u00fcdahaleyi kamuoyunda\u00a0 me\u015fru g\u00f6sterme olana\u011f\u0131 buldu\u011funu d\u00fc\u015f\u00fcnm\u00fc\u015ft\u00fcr. Sapla saman\u0131n birbirine kar\u0131\u015ft\u0131\u011f\u0131 bu m\u00fcdahalelerin i\u015f\u00e7i ve emek\u00e7ilere en ufak faydas\u0131 yoktur.Ki de\u011fi\u015fik isimlerlerle s\u00fcrd\u00fcrd\u00fckleri bu operasyonlar ba\u015far\u0131yla sonu\u00e7land\u0131\u011f\u0131nda ileride zararlar\u0131 da g\u00f6r\u00fclecektir&#8230;<\/p>\n<p style=\"text-align: justify;\">Akp ,kendini mutlakla\u015ft\u0131rma \u00e7abas\u0131na \u00f6yle bir kap\u0131lm\u0131\u015ft\u0131r ki,devlet ile halk aras\u0131ndaki ba\u011f&#8217;\u0131n en g\u00fcvensiz oldu\u011fu bir d\u00f6nem ya\u015fan\u0131yor.Geni\u015f halk kesimlerinin devlet kurumlar\u0131na olan g\u00fcveni \u00f6nemli \u00f6l\u00e7\u00fcde de\u011fi\u015fmi\u015ftir.B\u00f6ylesi bir durumda iktidar sava\u015f\u0131 daha anlaml\u0131 bir hal alm\u0131\u015ft\u0131r.Kurumlar bu bo\u015flukta kendini savunmaya ge\u00e7mi\u015f,hatta sald\u0131r\u0131 pozisyonu alm\u0131\u015ft\u0131r.Bu durum T\u00fcrkiye nin yak\u0131n gelece\u011finde s\u0131cak geli\u015fmelerin ya\u015fanaca\u011f\u0131n\u0131n da i\u015faretidir.<\/p>\n<p style=\"text-align: justify;\">Soru \u015fudur; Akp bu g\u00fcc\u00fc ger\u00e7ekten kendine oy veren halktan m\u0131 al\u0131yor? <br \/>Hay\u0131r, alm\u0131yor. Ama \u00f6yle g\u00f6r\u00fcn\u00fcyor ki buna da ihtiyac\u0131 vard\u0131r&#8230;A\u00e7\u0131l\u0131m komedilerinin \u00f6z\u00fcde bundan ibarettir&#8230;<\/p>\n<p>Akp nin derdi Halka y\u00f6n verecek ,onu ileriye ta\u015f\u0131yabilecek ve hatta bunda ihtimal bile ta\u015f\u0131yan t\u00fcm \u00f6nc\u00fc kurulu\u015flarlad\u0131r.Genel kitleye olumlu mesajlar verirken,\u00f6nc\u00fc ki\u015fi veya kurumlar\u0131 y\u0131pratma \u00e7abas\u0131ndad\u0131r.Ve bunu &#8220;\u015fark kurnazl\u0131\u011f\u0131&#8221; ustal\u0131\u011f\u0131nda yapmaktad\u0131r.Yeri geldi\u011finde milliyet\u00e7i bir s\u00f6ylem,yeri geldi\u011finde yobaz bir s\u00f6ylem ve hatta yeri geldi\u011finde s\u0131k\u0131 bir kom\u00fcnist s\u00f6ylem kullanabilmektedir. ( Omurgas\u0131zl\u0131\u011f\u0131n bu kadar\u0131 yani)<\/p>\n<p style=\"text-align: justify;\">Akp politikalar\u0131n\u0131n sonu\u00e7lar\u0131n\u0131 anlaman\u0131n asl\u0131nda en iyi yolu herkesin cebini yoklamas\u0131d\u0131r.<\/p>\n<p style=\"text-align: justify;\">Temiz caddeleri,dev al\u0131\u015fveri\u015f ma\u011fazalar\u0131,holding plazalar\u0131n\u0131n oldu\u011fu \u015fehirlerde ya\u015f\u0131yoruz kimimiz.Ama bu \u015fehir, kime yada kimlere ait? dedikleri gibi &#8220;M\u00fcreffeh bir T\u00fcrkiye&#8221; yada &#8220;milli servet&#8221; mi bunlar?<\/p>\n<p style=\"text-align: justify;\">Sokakta yatan bir \u00e7ocu\u011fun kirli ellerine bile tahamm\u00fcl edemeyen bu dev camekanlar kimin? Bu sorular\u0131 soranlara &#8220;servet d\u00fc\u015fman\u0131&#8221; diyenler de kim?<\/p>\n<p>Bize ait olmayan \u015feylerle a\u00e7\u0131kl\u0131yor Akp T\u00fcrkiye&#8217; yi&#8230;T\u00fcrkiye b\u00fcy\u00fcyormu\u015f&#8230;.<\/p>\n<p>Peki kimin T\u00fcrkiye&#8217;si?<\/p>\n","protected":false},"excerpt":{"rendered":"<p>1977&#8217;de\u00a0 34 ki\u015finin ya\u015fam\u0131n\u0131 yitirdi\u011fi Kanl\u0131 1 May\u0131s olarak tarihe ge\u00e7en ,i\u015f\u00e7i s\u0131n\u0131f\u0131 ve devrimciler taraf\u0131ndan 1 may\u0131s alan\u0131 olarak kabul g\u00f6ren Taksim Meydan\u0131n\u0131n \u00f6zg\u00fcrle\u015ftirilmesi \u00e7ok \u00f6nemliydi.77 sonras\u0131,Taksim meydan\u0131n\u0131n miting alan\u0131 olarak yasaklanmas\u0131yla\u00a0 1 may\u0131s\u00a0 ,bir bayram olarak de\u011fil,bir kavga g\u00fcn\u00fc olarak tarihimizde yerini ald\u0131.Peki ne oldu da devlet taraf\u0131ndan 2010\u00a0 1 may\u0131s kutlamalar\u0131 i\u00e7in [&hellip;]<\/p>\n","protected":false},"author":1,"featured_media":0,"comment_status":"open","ping_status":"open","sticky":false,"template":"","format":"standard","meta":{"footnotes":""},"categories":[98],"tags":[],"class_list":{"0":"post-4580","1":"post","2":"type-post","3":"status-publish","4":"format-standard","6":"category-turkiye"},"yoast_head":"<!-- This site is optimized with the Yoast SEO Premium plugin v24.9 (Yoast SEO v24.9) - https:\/\/yoast.com\/wordpress\/plugins\/seo\/ -->\n<title>A\u00e7\u0131l\u0131m komedi serisi | Taksim a\u00e7\u0131l\u0131m\u0131 ve Akp - narteks.net<\/title>\n<meta name=\"robots\" content=\"index, follow, max-snippet:-1, max-image-preview:large, max-video-preview:-1\" \/>\n<link rel=\"canonical\" href=\"https:\/\/narteks.net\/index.php\/2010\/05\/03\/acilim-komedi-serisi-taksim-acilimi-ve-akp\/\" \/>\n<meta property=\"og:locale\" content=\"tr_TR\" \/>\n<meta property=\"og:type\" content=\"article\" \/>\n<meta property=\"og:title\" content=\"A\u00e7\u0131l\u0131m komedi serisi | Taksim a\u00e7\u0131l\u0131m\u0131 ve Akp\" \/>\n<meta property=\"og:description\" content=\"1977&#8217;de\u00a0 34 ki\u015finin ya\u015fam\u0131n\u0131 yitirdi\u011fi Kanl\u0131 1 May\u0131s olarak tarihe ge\u00e7en ,i\u015f\u00e7i s\u0131n\u0131f\u0131 ve devrimciler taraf\u0131ndan 1 may\u0131s alan\u0131 olarak kabul g\u00f6ren Taksim Meydan\u0131n\u0131n \u00f6zg\u00fcrle\u015ftirilmesi \u00e7ok \u00f6nemliydi.77 sonras\u0131,Taksim meydan\u0131n\u0131n miting alan\u0131 olarak yasaklanmas\u0131yla\u00a0 1 may\u0131s\u00a0 ,bir bayram olarak de\u011fil,bir kavga g\u00fcn\u00fc olarak tarihimizde yerini ald\u0131.Peki ne oldu da devlet taraf\u0131ndan 2010\u00a0 1 may\u0131s kutlamalar\u0131 i\u00e7in [&hellip;]\" \/>\n<meta property=\"og:url\" content=\"https:\/\/narteks.net\/index.php\/2010\/05\/03\/acilim-komedi-serisi-taksim-acilimi-ve-akp\/\" \/>\n<meta property=\"og:site_name\" content=\"narteks.net\" \/>\n<meta property=\"article:published_time\" content=\"2010-05-03T12:25:30+00:00\" \/>\n<meta property=\"og:image\" content=\"http:\/\/mizah.sezgiler.com\/wp-content\/uploads\/demokratik-acilim.jpg\" \/>\n<meta name=\"author\" content=\"Tar\u0131k\" \/>\n<meta name=\"twitter:card\" content=\"summary_large_image\" \/>\n<meta name=\"twitter:creator\" content=\"@narteks\" \/>\n<meta name=\"twitter:site\" content=\"@narteks\" \/>\n<meta name=\"twitter:label1\" content=\"Yazan:\" \/>\n\t<meta name=\"twitter:data1\" content=\"Tar\u0131k\" \/>\n\t<meta name=\"twitter:label2\" content=\"Tahmini okuma s\u00fcresi\" \/>\n\t<meta name=\"twitter:data2\" content=\"4 dakika\" \/>\n<script type=\"application\/ld+json\" class=\"yoast-schema-graph\">{\"@context\":\"https:\/\/schema.org\",\"@graph\":[{\"@type\":\"Article\",\"@id\":\"https:\/\/narteks.net\/index.php\/2010\/05\/03\/acilim-komedi-serisi-taksim-acilimi-ve-akp\/#article\",\"isPartOf\":{\"@id\":\"https:\/\/narteks.net\/index.php\/2010\/05\/03\/acilim-komedi-serisi-taksim-acilimi-ve-akp\/\"},\"author\":{\"name\":\"Tar\u0131k\",\"@id\":\"https:\/\/narteks.net\/#\/schema\/person\/61f37d9834294b72d31d274e7ed79bca\"},\"headline\":\"A\u00e7\u0131l\u0131m komedi serisi | Taksim a\u00e7\u0131l\u0131m\u0131 ve Akp\",\"datePublished\":\"2010-05-03T12:25:30+00:00\",\"mainEntityOfPage\":{\"@id\":\"https:\/\/narteks.net\/index.php\/2010\/05\/03\/acilim-komedi-serisi-taksim-acilimi-ve-akp\/\"},\"wordCount\":827,\"commentCount\":0,\"publisher\":{\"@id\":\"https:\/\/narteks.net\/#organization\"},\"image\":{\"@id\":\"https:\/\/narteks.net\/index.php\/2010\/05\/03\/acilim-komedi-serisi-taksim-acilimi-ve-akp\/#primaryimage\"},\"thumbnailUrl\":\"http:\/\/mizah.sezgiler.com\/wp-content\/uploads\/demokratik-acilim.jpg\",\"articleSection\":[\"T\u00fcrkiye\"],\"inLanguage\":\"tr\",\"potentialAction\":[{\"@type\":\"CommentAction\",\"name\":\"Comment\",\"target\":[\"https:\/\/narteks.net\/index.php\/2010\/05\/03\/acilim-komedi-serisi-taksim-acilimi-ve-akp\/#respond\"]}]},{\"@type\":\"WebPage\",\"@id\":\"https:\/\/narteks.net\/index.php\/2010\/05\/03\/acilim-komedi-serisi-taksim-acilimi-ve-akp\/\",\"url\":\"https:\/\/narteks.net\/index.php\/2010\/05\/03\/acilim-komedi-serisi-taksim-acilimi-ve-akp\/\",\"name\":\"A\u00e7\u0131l\u0131m komedi serisi | Taksim a\u00e7\u0131l\u0131m\u0131 ve Akp - narteks.net\",\"isPartOf\":{\"@id\":\"https:\/\/narteks.net\/#website\"},\"primaryImageOfPage\":{\"@id\":\"https:\/\/narteks.net\/index.php\/2010\/05\/03\/acilim-komedi-serisi-taksim-acilimi-ve-akp\/#primaryimage\"},\"image\":{\"@id\":\"https:\/\/narteks.net\/index.php\/2010\/05\/03\/acilim-komedi-serisi-taksim-acilimi-ve-akp\/#primaryimage\"},\"thumbnailUrl\":\"http:\/\/mizah.sezgiler.com\/wp-content\/uploads\/demokratik-acilim.jpg\",\"datePublished\":\"2010-05-03T12:25:30+00:00\",\"breadcrumb\":{\"@id\":\"https:\/\/narteks.net\/index.php\/2010\/05\/03\/acilim-komedi-serisi-taksim-acilimi-ve-akp\/#breadcrumb\"},\"inLanguage\":\"tr\",\"potentialAction\":[{\"@type\":\"ReadAction\",\"target\":[\"https:\/\/narteks.net\/index.php\/2010\/05\/03\/acilim-komedi-serisi-taksim-acilimi-ve-akp\/\"]}]},{\"@type\":\"ImageObject\",\"inLanguage\":\"tr\",\"@id\":\"https:\/\/narteks.net\/index.php\/2010\/05\/03\/acilim-komedi-serisi-taksim-acilimi-ve-akp\/#primaryimage\",\"url\":\"http:\/\/mizah.sezgiler.com\/wp-content\/uploads\/demokratik-acilim.jpg\",\"contentUrl\":\"http:\/\/mizah.sezgiler.com\/wp-content\/uploads\/demokratik-acilim.jpg\"},{\"@type\":\"BreadcrumbList\",\"@id\":\"https:\/\/narteks.net\/index.php\/2010\/05\/03\/acilim-komedi-serisi-taksim-acilimi-ve-akp\/#breadcrumb\",\"itemListElement\":[{\"@type\":\"ListItem\",\"position\":1,\"name\":\"Anasayfa\",\"item\":\"https:\/\/narteks.net\/\"},{\"@type\":\"ListItem\",\"position\":2,\"name\":\"A\u00e7\u0131l\u0131m komedi serisi | Taksim a\u00e7\u0131l\u0131m\u0131 ve Akp\"}]},{\"@type\":\"WebSite\",\"@id\":\"https:\/\/narteks.net\/#website\",\"url\":\"https:\/\/narteks.net\/\",\"name\":\"narteks.net\",\"description\":\"K\u00fclt\u00fcr Sanat Edebiyat Felsefe\",\"publisher\":{\"@id\":\"https:\/\/narteks.net\/#organization\"},\"alternateName\":\"K\u00fclt\u00fcr Sanat Edebiyat Felsefe\",\"potentialAction\":[{\"@type\":\"SearchAction\",\"target\":{\"@type\":\"EntryPoint\",\"urlTemplate\":\"https:\/\/narteks.net\/?s={search_term_string}\"},\"query-input\":{\"@type\":\"PropertyValueSpecification\",\"valueRequired\":true,\"valueName\":\"search_term_string\"}}],\"inLanguage\":\"tr\"},{\"@type\":\"Organization\",\"@id\":\"https:\/\/narteks.net\/#organization\",\"name\":\"narteks.net\",\"url\":\"https:\/\/narteks.net\/\",\"logo\":{\"@type\":\"ImageObject\",\"inLanguage\":\"tr\",\"@id\":\"https:\/\/narteks.net\/#\/schema\/logo\/image\/\",\"url\":\"https:\/\/narteks.net\/wp-content\/uploads\/narteks.png\",\"contentUrl\":\"https:\/\/narteks.net\/wp-content\/uploads\/narteks.png\",\"width\":300,\"height\":90,\"caption\":\"narteks.net\"},\"image\":{\"@id\":\"https:\/\/narteks.net\/#\/schema\/logo\/image\/\"},\"sameAs\":[\"https:\/\/x.com\/narteks\",\"https:\/\/instagram.com\/narteksnet\"]},{\"@type\":\"Person\",\"@id\":\"https:\/\/narteks.net\/#\/schema\/person\/61f37d9834294b72d31d274e7ed79bca\",\"name\":\"Tar\u0131k\",\"image\":{\"@type\":\"ImageObject\",\"inLanguage\":\"tr\",\"@id\":\"https:\/\/narteks.net\/#\/schema\/person\/image\/\",\"url\":\"https:\/\/secure.gravatar.com\/avatar\/50865afb55632c4ae467e0af0930f6510aa2297d8014be502a55b14f3b7550cf?s=96&d=mm&r=g\",\"contentUrl\":\"https:\/\/secure.gravatar.com\/avatar\/50865afb55632c4ae467e0af0930f6510aa2297d8014be502a55b14f3b7550cf?s=96&d=mm&r=g\",\"caption\":\"Tar\u0131k\"},\"sameAs\":[\"http:\/\/narteks.net\"],\"url\":\"https:\/\/narteks.net\/index.php\/author\/narbak\/\"}]}<\/script>\n<!-- \/ Yoast SEO Premium plugin. -->","yoast_head_json":{"title":"A\u00e7\u0131l\u0131m komedi serisi | Taksim a\u00e7\u0131l\u0131m\u0131 ve Akp - narteks.net","robots":{"index":"index","follow":"follow","max-snippet":"max-snippet:-1","max-image-preview":"max-image-preview:large","max-video-preview":"max-video-preview:-1"},"canonical":"https:\/\/narteks.net\/index.php\/2010\/05\/03\/acilim-komedi-serisi-taksim-acilimi-ve-akp\/","og_locale":"tr_TR","og_type":"article","og_title":"A\u00e7\u0131l\u0131m komedi serisi | Taksim a\u00e7\u0131l\u0131m\u0131 ve Akp","og_description":"1977&#8217;de\u00a0 34 ki\u015finin ya\u015fam\u0131n\u0131 yitirdi\u011fi Kanl\u0131 1 May\u0131s olarak tarihe ge\u00e7en ,i\u015f\u00e7i s\u0131n\u0131f\u0131 ve devrimciler taraf\u0131ndan 1 may\u0131s alan\u0131 olarak kabul g\u00f6ren Taksim Meydan\u0131n\u0131n \u00f6zg\u00fcrle\u015ftirilmesi \u00e7ok \u00f6nemliydi.77 sonras\u0131,Taksim meydan\u0131n\u0131n miting alan\u0131 olarak yasaklanmas\u0131yla\u00a0 1 may\u0131s\u00a0 ,bir bayram olarak de\u011fil,bir kavga g\u00fcn\u00fc olarak tarihimizde yerini ald\u0131.Peki ne oldu da devlet taraf\u0131ndan 2010\u00a0 1 may\u0131s kutlamalar\u0131 i\u00e7in [&hellip;]","og_url":"https:\/\/narteks.net\/index.php\/2010\/05\/03\/acilim-komedi-serisi-taksim-acilimi-ve-akp\/","og_site_name":"narteks.net","article_published_time":"2010-05-03T12:25:30+00:00","og_image":[{"url":"http:\/\/mizah.sezgiler.com\/wp-content\/uploads\/demokratik-acilim.jpg","type":"","width":"","height":""}],"author":"Tar\u0131k","twitter_card":"summary_large_image","twitter_creator":"@narteks","twitter_site":"@narteks","twitter_misc":{"Yazan:":"Tar\u0131k","Tahmini okuma s\u00fcresi":"4 dakika"},"schema":{"@context":"https:\/\/schema.org","@graph":[{"@type":"Article","@id":"https:\/\/narteks.net\/index.php\/2010\/05\/03\/acilim-komedi-serisi-taksim-acilimi-ve-akp\/#article","isPartOf":{"@id":"https:\/\/narteks.net\/index.php\/2010\/05\/03\/acilim-komedi-serisi-taksim-acilimi-ve-akp\/"},"author":{"name":"Tar\u0131k","@id":"https:\/\/narteks.net\/#\/schema\/person\/61f37d9834294b72d31d274e7ed79bca"},"headline":"A\u00e7\u0131l\u0131m komedi serisi | Taksim a\u00e7\u0131l\u0131m\u0131 ve Akp","datePublished":"2010-05-03T12:25:30+00:00","mainEntityOfPage":{"@id":"https:\/\/narteks.net\/index.php\/2010\/05\/03\/acilim-komedi-serisi-taksim-acilimi-ve-akp\/"},"wordCount":827,"commentCount":0,"publisher":{"@id":"https:\/\/narteks.net\/#organization"},"image":{"@id":"https:\/\/narteks.net\/index.php\/2010\/05\/03\/acilim-komedi-serisi-taksim-acilimi-ve-akp\/#primaryimage"},"thumbnailUrl":"http:\/\/mizah.sezgiler.com\/wp-content\/uploads\/demokratik-acilim.jpg","articleSection":["T\u00fcrkiye"],"inLanguage":"tr","potentialAction":[{"@type":"CommentAction","name":"Comment","target":["https:\/\/narteks.net\/index.php\/2010\/05\/03\/acilim-komedi-serisi-taksim-acilimi-ve-akp\/#respond"]}]},{"@type":"WebPage","@id":"https:\/\/narteks.net\/index.php\/2010\/05\/03\/acilim-komedi-serisi-taksim-acilimi-ve-akp\/","url":"https:\/\/narteks.net\/index.php\/2010\/05\/03\/acilim-komedi-serisi-taksim-acilimi-ve-akp\/","name":"A\u00e7\u0131l\u0131m komedi serisi | Taksim a\u00e7\u0131l\u0131m\u0131 ve Akp - narteks.net","isPartOf":{"@id":"https:\/\/narteks.net\/#website"},"primaryImageOfPage":{"@id":"https:\/\/narteks.net\/index.php\/2010\/05\/03\/acilim-komedi-serisi-taksim-acilimi-ve-akp\/#primaryimage"},"image":{"@id":"https:\/\/narteks.net\/index.php\/2010\/05\/03\/acilim-komedi-serisi-taksim-acilimi-ve-akp\/#primaryimage"},"thumbnailUrl":"http:\/\/mizah.sezgiler.com\/wp-content\/uploads\/demokratik-acilim.jpg","datePublished":"2010-05-03T12:25:30+00:00","breadcrumb":{"@id":"https:\/\/narteks.net\/index.php\/2010\/05\/03\/acilim-komedi-serisi-taksim-acilimi-ve-akp\/#breadcrumb"},"inLanguage":"tr","potentialAction":[{"@type":"ReadAction","target":["https:\/\/narteks.net\/index.php\/2010\/05\/03\/acilim-komedi-serisi-taksim-acilimi-ve-akp\/"]}]},{"@type":"ImageObject","inLanguage":"tr","@id":"https:\/\/narteks.net\/index.php\/2010\/05\/03\/acilim-komedi-serisi-taksim-acilimi-ve-akp\/#primaryimage","url":"http:\/\/mizah.sezgiler.com\/wp-content\/uploads\/demokratik-acilim.jpg","contentUrl":"http:\/\/mizah.sezgiler.com\/wp-content\/uploads\/demokratik-acilim.jpg"},{"@type":"BreadcrumbList","@id":"https:\/\/narteks.net\/index.php\/2010\/05\/03\/acilim-komedi-serisi-taksim-acilimi-ve-akp\/#breadcrumb","itemListElement":[{"@type":"ListItem","position":1,"name":"Anasayfa","item":"https:\/\/narteks.net\/"},{"@type":"ListItem","position":2,"name":"A\u00e7\u0131l\u0131m komedi serisi | Taksim a\u00e7\u0131l\u0131m\u0131 ve Akp"}]},{"@type":"WebSite","@id":"https:\/\/narteks.net\/#website","url":"https:\/\/narteks.net\/","name":"narteks.net","description":"K\u00fclt\u00fcr Sanat Edebiyat Felsefe","publisher":{"@id":"https:\/\/narteks.net\/#organization"},"alternateName":"K\u00fclt\u00fcr Sanat Edebiyat Felsefe","potentialAction":[{"@type":"SearchAction","target":{"@type":"EntryPoint","urlTemplate":"https:\/\/narteks.net\/?s={search_term_string}"},"query-input":{"@type":"PropertyValueSpecification","valueRequired":true,"valueName":"search_term_string"}}],"inLanguage":"tr"},{"@type":"Organization","@id":"https:\/\/narteks.net\/#organization","name":"narteks.net","url":"https:\/\/narteks.net\/","logo":{"@type":"ImageObject","inLanguage":"tr","@id":"https:\/\/narteks.net\/#\/schema\/logo\/image\/","url":"https:\/\/narteks.net\/wp-content\/uploads\/narteks.png","contentUrl":"https:\/\/narteks.net\/wp-content\/uploads\/narteks.png","width":300,"height":90,"caption":"narteks.net"},"image":{"@id":"https:\/\/narteks.net\/#\/schema\/logo\/image\/"},"sameAs":["https:\/\/x.com\/narteks","https:\/\/instagram.com\/narteksnet"]},{"@type":"Person","@id":"https:\/\/narteks.net\/#\/schema\/person\/61f37d9834294b72d31d274e7ed79bca","name":"Tar\u0131k","image":{"@type":"ImageObject","inLanguage":"tr","@id":"https:\/\/narteks.net\/#\/schema\/person\/image\/","url":"https:\/\/secure.gravatar.com\/avatar\/50865afb55632c4ae467e0af0930f6510aa2297d8014be502a55b14f3b7550cf?s=96&d=mm&r=g","contentUrl":"https:\/\/secure.gravatar.com\/avatar\/50865afb55632c4ae467e0af0930f6510aa2297d8014be502a55b14f3b7550cf?s=96&d=mm&r=g","caption":"Tar\u0131k"},"sameAs":["http:\/\/narteks.net"],"url":"https:\/\/narteks.net\/index.php\/author\/narbak\/"}]}},"_links":{"self":[{"href":"https:\/\/narteks.net\/index.php\/wp-json\/wp\/v2\/posts\/4580","targetHints":{"allow":["GET"]}}],"collection":[{"href":"https:\/\/narteks.net\/index.php\/wp-json\/wp\/v2\/posts"}],"about":[{"href":"https:\/\/narteks.net\/index.php\/wp-json\/wp\/v2\/types\/post"}],"author":[{"embeddable":true,"href":"https:\/\/narteks.net\/index.php\/wp-json\/wp\/v2\/users\/1"}],"replies":[{"embeddable":true,"href":"https:\/\/narteks.net\/index.php\/wp-json\/wp\/v2\/comments?post=4580"}],"version-history":[{"count":0,"href":"https:\/\/narteks.net\/index.php\/wp-json\/wp\/v2\/posts\/4580\/revisions"}],"wp:attachment":[{"href":"https:\/\/narteks.net\/index.php\/wp-json\/wp\/v2\/media?parent=4580"}],"wp:term":[{"taxonomy":"category","embeddable":true,"href":"https:\/\/narteks.net\/index.php\/wp-json\/wp\/v2\/categories?post=4580"},{"taxonomy":"post_tag","embeddable":true,"href":"https:\/\/narteks.net\/index.php\/wp-json\/wp\/v2\/tags?post=4580"}],"curies":[{"name":"wp","href":"https:\/\/api.w.org\/{rel}","templated":true}]}}