{"id":4581,"date":"2010-05-04T08:39:10","date_gmt":"2010-05-04T05:39:10","guid":{"rendered":"http:\/\/localhost\/wordpress\/2010\/05\/04\/kapitalizmin-tarihi-soykirimlarla-bezelidir-ilkay-meric\/"},"modified":"2010-05-04T08:39:10","modified_gmt":"2010-05-04T05:39:10","slug":"kapitalizmin-tarihi-soykirimlarla-bezelidir-ilkay-meric","status":"publish","type":"post","link":"https:\/\/narteks.net\/index.php\/2010\/05\/04\/kapitalizmin-tarihi-soykirimlarla-bezelidir-ilkay-meric\/","title":{"rendered":"Kapitalizmin Tarihi Soyk\u0131r\u0131mlarla Bezelidir | \u0130lkay Meri\u00e7"},"content":{"rendered":"<div class=\"content clear-block\">\n<div class=\"content\">\n<p class=\"anametin\" style=\"text-align: justify;\"><span><img loading=\"lazy\" decoding=\"async\" src=\"http:\/\/www.resimlere.com\/data\/media\/257\/ed-62.jpg\" border=\"0\" width=\"155\" height=\"205\" style=\"float: left; border: 0;\" \/><\/span><\/p>\n<\/div>\n<\/div>\n<p style=\"text-align: justify;\">Ge\u00e7ti\u011fimiz haftalarda ABD\u2019deki bir Yahudi \u00f6rg\u00fct\u00fcn\u00fcn (\u0130nk\u00e2ra Kar\u015f\u0131 M\u00fccadele Birli\u011fi &#8211; ADL) daha \u00f6nceki tutumunu de\u011fi\u015ftirerek Ermeni soyk\u0131r\u0131m\u0131n\u0131 tan\u0131d\u0131\u011f\u0131n\u0131 a\u00e7\u0131klamas\u0131, ABD Kongresinde Ermeni soyk\u0131r\u0131m\u0131 yasa tasar\u0131s\u0131n\u0131n ge\u00e7irilmeye haz\u0131rland\u0131\u011f\u0131 \u015fu g\u00fcnlerde zaten teyakkuz halinde olan T\u00fcrkiyeli ink\u00e2rc\u0131lar\u0131 bir kez daha infiale s\u00fcr\u00fckledi. T\u00fcrk h\u00fck\u00fcmetinin \u0130srail\u2019i araya sokarak ADL\u2019ye bas\u0131n\u00e7 bindirilmesini sa\u011flama giri\u015fimleri, gazete k\u00f6\u015fecilerinin k\u00f6p\u00fcrmeleri ve Hala\u00e7o\u011flu gibilerin \u201cbilimsel\u201d ulumalar\u0131, asl\u0131nda Ermeni k\u0131r\u0131m\u0131n\u0131 \u201cs\u00f6zde\u201dle\u015ftirmeye y\u00f6nelik bildik ortaoyununun yeniden sahneye konulmas\u0131ndan ba\u015fka bir \u015fey de\u011fildi. Sonu\u00e7ta bu giri\u015fim bir netice vermedi ve ADL\u2019nin tutumu de\u011fi\u015fmedi.<\/p>\n<p style=\"text-align: justify;\">Meselenin T\u00fcrk cephesinde durum buyken, ADL\u2019nin \u201cahl\u00e2ki bir tutum\u201d olarak nitelendirdi\u011fi s\u00f6z konusu a\u00e7\u0131klamalar\u0131n\u0131, bir grup duyarl\u0131 Yahudinin Ermeni halk\u0131n\u0131n \u00e7ekti\u011fi tarihsel ac\u0131lar\u0131 y\u00fcrekten payla\u015f\u0131p Ermeni soyk\u0131r\u0131m\u0131n\u0131 kabul etmesi olarak de\u011ferlendirmek de safl\u0131k olur. Emperyalist sava\u015f\u0131n yeni cephelerinin a\u00e7\u0131lmas\u0131n\u0131n yak\u0131c\u0131 bir \u015fekilde g\u00fcndemde oldu\u011fu ve bu konudaki pazarl\u0131klar\u0131n h\u0131zland\u0131r\u0131larak y\u00fcr\u00fct\u00fcld\u00fc\u011f\u00fc bir s\u00fcre\u00e7te, ABD ve \u0130srail devletleriyle fazlas\u0131yla i\u00e7li d\u0131\u015fl\u0131 bir \u00f6rg\u00fct\u00fcn, sava\u015f pazarl\u0131klar\u0131n\u0131n do\u011frudan taraflar\u0131ndan biri konumundaki T\u00fcrkiye\u2019yi irrite edici b\u00f6ylesi bir konuyu g\u00fcndeme ta\u015f\u0131mas\u0131 ku\u015fkusuz tesad\u00fcf olarak alg\u0131lanamaz. Dolay\u0131s\u0131yla, ABD\u2019nin \u0130ran\u2019a sald\u0131rma planlar\u0131n\u0131n yeniden alevlendirildi\u011fi bir d\u00f6nemde, \u0130ran\u2019la b\u00fcy\u00fck do\u011fal gaz anla\u015fmalar\u0131 imzalayan, K\u00fcrtlere kar\u015f\u0131 ortak harek\u00e2tlar d\u00fczenleyen ve olas\u0131 bir \u0130ran sava\u015f\u0131na \u015fimdilik mesafeli duran T\u00fcrkiye\u2019ye y\u00f6nelik bu giri\u015fimi, ADL arac\u0131l\u0131\u011f\u0131yla verilen bir t\u00fcr g\u00f6zda\u011f\u0131 olarak alg\u0131lamak yanl\u0131\u015f olmayacakt\u0131r.<\/p>\n<p style=\"text-align: justify;\">Ancak burada bir \u00e7arp\u0131tmaya da meydan vermemek gerekiyor. Kapitalist-emperyalist olu\u015fumlar\u0131n insanl\u0131\u011f\u0131n ac\u0131lar\u0131n\u0131 s\u00f6m\u00fcrerek burjuva politikan\u0131n aleti olarak kullanmalar\u0131, hakikati hakikat olmaktan \u00e7\u0131karm\u0131yor. Kapitalist g\u00fc\u00e7lerin bu t\u00fcr konular\u0131 kendi \u00e7\u0131karlar\u0131n\u0131n oyunca\u011f\u0131 haline getirmeleri ne kadar ger\u00e7ekse, Ermeni k\u0131r\u0131m\u0131 da o kadar somut bir tarihsel ger\u00e7ek olarak kar\u015f\u0131m\u0131zdad\u0131r. Nitekim 1915-17 y\u0131llar\u0131 aras\u0131nda d\u00f6nemin \u0130ttihat ve Terakki kadrolar\u0131 taraf\u0131ndan planl\u0131 bir \u015fekilde \u00f6rg\u00fctlenen Ermeni k\u0131r\u0131m\u0131n\u0131n varl\u0131\u011f\u0131, gerek o d\u00f6nemin gerekse Cumhuriyet d\u00f6neminin \u00e7ok say\u0131da resmi belgesince de tart\u0131\u015fmaya yer b\u0131rakmayacak netlikte do\u011frulanmaktad\u0131r. Zorunlu g\u00f6\u00e7e (tehcir) t\u00e2bi tutulmalar\u0131, bu g\u00f6\u00e7 s\u0131ras\u0131nda a\u00e7 konularak, zorlu hava ko\u015fullar\u0131nda korumas\u0131z k\u0131l\u0131narak en insanl\u0131k d\u0131\u015f\u0131 uygulamalara maruz b\u0131rak\u0131lmalar\u0131 ve organize edilen \u00e7eteler ve bizzat jandarma taraf\u0131ndan katledilmeleri sonucunda en az 800 bin Ermeninin ya\u015fam\u0131n\u0131 yitirdi\u011fi tahmin edilmektedir. Dolay\u0131s\u0131yla, \u015fovenist cephenin \u201cemperyalist oyunlar\u201d arg\u00fcman\u0131na ba\u015fvurarak Ermeni k\u0131r\u0131m\u0131n\u0131 yokmu\u015f gibi g\u00f6sterme \u00e7abalar\u0131n\u0131n hi\u00e7bir inand\u0131r\u0131c\u0131l\u0131\u011f\u0131 yoktur. (bkz: Deniz Moral\u0131, \u201cErmeni Sorunu: Ger\u00e7ekler Direngendir\u201d, Marksist Tutum, May\u0131s 2005)<\/p>\n<p>Ermeni k\u0131r\u0131m\u0131, esas\u0131nda, \u0130ttihat ve Terakkiciler \u00f6nde olmak \u00fczere Osmanl\u0131 devlet kadrolar\u0131 aras\u0131nda T\u00fcrk\u00e7\u00fcl\u00fck ideolojisinin g\u00fc\u00e7lenmeye ba\u015flad\u0131\u011f\u0131 ve buna bir s\u00fcre sonra \u201cdevleti kurtarma\u201d misyonunun da eklendi\u011fi bir d\u00f6nemde ger\u00e7ekle\u015fmi\u015ftir. \u0130ttihat ve Terakki kadrolar\u0131n\u0131n Anadolu\u2019yu d\u00fc\u015fman bellenen gayri M\u00fcslim unsurlardan temizleme ve M\u00fcsl\u00fcmanl\u0131k ve T\u00fcrkl\u00fck temelinde bir birlik sa\u011flama fikri, ilerleyen s\u00fcre\u00e7te Osmanl\u0131 y\u00f6netici elitinin egemen anlay\u0131\u015f\u0131 haline gelmi\u015ftir. Eklemek gerekir ki, bu anlay\u0131\u015f, TC\u2019nin kurulu\u015fu s\u00fcrecinde ve sonraki d\u00f6nemde de devlet kurucu kadrolar aras\u0131nda etkisini s\u00fcrd\u00fcrm\u00fc\u015ft\u00fcr Nitekim Rum ve Ermeni unsurlar\u0131n el konulan mallar\u0131, arazileri, servetleri 50\u2019li y\u0131llara kadar uzanan s\u00fcre\u00e7te pek \u00e7ok M\u00fcsl\u00fcman-T\u00fcrk toprak sahibini ve t\u00fcccar\u0131 daha da zengin k\u0131lm\u0131\u015f ve yeni olu\u015fmaya ba\u015flayan T\u00fcrk burjuvazisinin ihtiya\u00e7 duydu\u011fu sermaye birikiminin sa\u011flanmas\u0131nda \u00f6nemli bir rol oynam\u0131\u015ft\u0131r.<\/p>\n<p>Ancak Ermeni k\u0131r\u0131m\u0131, egemen s\u0131n\u0131flar\u0131n kendi \u00e7\u0131karlar\u0131 do\u011frultusunda giri\u015ftikleri katliamlar\u0131n ne ilk ne de son \u00f6rne\u011fidir. Tarihe bakt\u0131\u011f\u0131m\u0131zda, bizzat kapitalizmin, insanl\u0131\u011f\u0131n tan\u0131k oldu\u011fu en b\u00fcy\u00fck soyk\u0131r\u0131mlar ve katliamlar \u00fczerinden y\u00fckselerek do\u011fmu\u015f bir s\u00f6m\u00fcr\u00fc sistemi oldu\u011funu g\u00f6r\u00fcr\u00fcz. Zira, kanla yo\u011frulan ve t\u00fcm d\u00fcnyay\u0131 ku\u015fatan bu \u201cyeni d\u00fczenin\u201d i\u015faret fi\u015fe\u011fi, \u201cYeni D\u00fcnyan\u0131n\u201d yerlilerine uygulanan s\u0131n\u0131rs\u0131z bir vah\u015fetle ate\u015flenmi\u015ftir. Ve bu vah\u015fet, kapitalizmin kanl\u0131 soyk\u0131r\u0131mlar zincirinin sadece ba\u015flang\u0131\u00e7 halkas\u0131 olmu\u015ftur.<\/p>\n<p>Sonralar\u0131 \u201cH\u00fcrriyet Abidesi\u201d dediler ona!<\/p>\n<p>Bilindi\u011fi gibi Amerika\u2019n\u0131n beyaz adam taraf\u0131ndan istila edilmesi, yerli halk\u0131n k\u00f6lele\u015ftirilip madenlere g\u00f6m\u00fclmesi ve bu k\u0131tadan \u00e7\u0131kar\u0131lan alt\u0131n ve g\u00fcm\u00fc\u015f\u00fcn Avrupa\u2019ya ta\u015f\u0131nmas\u0131, Avrupa\u2019da sermaye birikimine ve dolay\u0131s\u0131yla kapitalizmin geli\u015fmesine \u00e7ok \u00f6nemli bir itki sa\u011flam\u0131\u015ft\u0131. Ancak bu, milyonlarca Amerikan yerlisinin o g\u00fcne dek hi\u00e7 kar\u015f\u0131la\u015fmad\u0131klar\u0131 t\u00fcfeklerle, k\u0131l\u0131\u00e7larla ya da mikroplarla katledilmesi ve k\u00f6lele\u015ftirilmesi pahas\u0131na sa\u011flanan bir geli\u015fmeydi.<\/p>\n<p>Amerikan yerlilerinin u\u011frad\u0131klar\u0131 k\u0131y\u0131m, tarihin g\u00f6rd\u00fc\u011f\u00fc ilk ve en b\u00fcy\u00fck soyk\u0131r\u0131md\u0131. Kristof Kolomb\u2019un k\u0131taya ayak basmas\u0131yla ba\u015flayan ve 1886\u2019da son K\u0131z\u0131lderili reisinin ABD taraf\u0131ndan teslim al\u0131nmas\u0131yla nihai noktas\u0131na ula\u015fan bu katliamda, milyonlarca Amerikan yerlisi vah\u015fi bir bi\u00e7imde yok edildi. \u00d6rne\u011fin, bug\u00fcn \u00fczerinde Dominik Cumhuriyeti\u2019nin ve Haiti\u2019nin bulundu\u011fu ve Kolomb \u00f6nderli\u011findeki \u0130spanyollar adaya ayak basmadan \u00f6nce on binlerce insan\u0131n ya\u015fad\u0131\u011f\u0131 Hispaniola Adas\u0131nda, istilan\u0131n \u00fczerinden 25 y\u0131l ge\u00e7tikten sonra sadece 200 yerli kalm\u0131\u015f ve bir s\u00fcre sonra bunlar da t\u00fcm\u00fcyle yok edilmi\u015fti. \u0130stil\u00e2 edilen di\u011fer k\u0131ta topraklar\u0131nda da benzer bir durum ge\u00e7erliydi. Ne var ki bu katliam\u0131 ger\u00e7ekle\u015ftirenler tarih kitaplar\u0131nda \u201cyeni bir k\u0131tay\u0131 ke\u015ffeden kahramanlar\u201d olarak kutsan\u0131rken, Amerikan yerlileri ayn\u0131 kitaplara \u201cvah\u015filer\u201d olarak ge\u00e7eceklerdi.<\/p>\n<p>Ya\u011fmac\u0131lar ve k\u00f6le tacirleri taraf\u0131ndan korkun\u00e7 bir soyk\u0131r\u0131ma maruz b\u0131rak\u0131lan Amerikan yerlilerinin beyaz adamdan \u00e7ektikleri bunlarla s\u0131n\u0131rl\u0131 kalmad\u0131. 19. y\u00fczy\u0131la gelindi\u011finde, bu kez benzer bir soyk\u0131r\u0131m Kuzey Amerika\u2019da ya\u015fanacakt\u0131. Beyaz adam\u0131n 19. y\u00fczy\u0131l\u0131n ikinci yar\u0131s\u0131nda doruk noktas\u0131na ula\u015fan ve 1890\u2019a kadar devam eden katliamlar e\u015fli\u011finde gasp etti\u011fi yerli topraklar\u0131 \u00fczerinde bu kez \u201c\u00f6zg\u00fcrl\u00fckler \u00fclkesi\u201d ABD y\u00fckselecekti.<\/p>\n<p>Beyaz adam, yaratt\u0131\u011f\u0131 vah\u015feti gizlemek i\u00e7in y\u0131llar boyunca her t\u00fcrl\u00fc yalana ba\u015fvurdu. Bu yalanlar sayesinde, Amerika, beyaz adam\u0131n \u201cke\u015ffetmesinden\u201d \u00f6nce pek fazla insan\u0131n ya\u015famad\u0131\u011f\u0131 bakir bir k\u0131ta olarak yer etti \u201cuygar\u201d Bat\u0131 insan\u0131n\u0131n zihninde. Sinema ise bu yalan makinesinin en g\u00fc\u00e7l\u00fc arac\u0131 olarak kullan\u0131ld\u0131. D\u00fcnyan\u0131n her k\u00f6\u015fesine pazarlanan Hollywood filmleri arac\u0131l\u0131\u011f\u0131yla ger\u00e7eklik t\u00fcm\u00fcyle ters y\u00fcz edildi ve beyazlar \u201cvah\u015fi K\u0131z\u0131lderililer\u201d taraf\u0131ndan katledilen, kafa derileri y\u00fcz\u00fclen \u201czavall\u0131lar\u201d olarak g\u00f6sterildiler.<\/p>\n<p>Siu kabilesinden Mahpiya Luta (K\u0131z\u0131l Bulut), 1882\u2019de, atalar\u0131n\u0131n maruz b\u0131rak\u0131ld\u0131\u011f\u0131 soyk\u0131r\u0131ma dair \u015funlar\u0131 s\u00f6yl\u00fcyordu:<\/p>\n<p>\u201cAmerika\u2019n\u0131n geni\u015f vadilerinde mutluluk i\u00e7inde ya\u015fayan asil bir \u0131rk vard\u0131&#8230; G\u00fcler y\u00fczl\u00fc, sevecen ve misafirperverdiler&#8230; D\u00f6rt y\u00fcz y\u0131l \u00f6nce, d\u00fcnyan\u0131n \u00f6b\u00fcr ucundan gelen \u00absoluk benizlileri\u00bb de \u00abkarde\u015f\u00bb deyip basm\u0131\u015flard\u0131 ba\u011f\u0131rlar\u0131na&#8230; Ama, sevgiye kar\u015f\u0131 d\u00fc\u015fmanl\u0131k, yard\u0131ma kar\u015f\u0131 nank\u00f6rl\u00fck, mertli\u011fe kar\u015f\u0131 al\u00e7akl\u0131k g\u00f6rd\u00fcler&#8230; \u00d6z yurtlar\u0131nda \u00abparya\u00bb edildiler, ezildiler, \u00f6ld\u00fcr\u00fcld\u00fcler; \u00abmedeniyet\u00bb ve \u00abTanr\u0131\u00bb ad\u0131na&#8230; Sefil ruhlar\u0131n b\u00f6l\u00fck-p\u00f6r\u00e7\u00fck zul\u00fcmleri g\u00fcn oldu devletle\u015fip balyoz gibi indi ba\u015flar\u0131na&#8230; Art\u0131k g\u00fclm\u00fcyorlard\u0131, g\u00fclemiyorlard\u0131&#8230; Mezar ta\u015f\u0131 dikilmi\u015fti s\u00f6nd\u00fcr\u00fclen ocaklar\u0131na&#8230; Sonralar\u0131 \u00abH\u00fcrriyet Abidesi\u00bb dediler ona: Kan emerek semiren vampir devlet, \u00ab\u00f6zg\u00fcrl\u00fck, bar\u0131\u015f ve demokrasi\u00bb vaatleriyle s\u00fcrd\u00fcrd\u00fc s\u00f6m\u00fcr\u00fcs\u00fcn\u00fc. Ve s\u00fcrd\u00fcr\u00fcyor&#8230;\u201d<\/p>\n<p>S\u00f6nd\u00fcr\u00fclen ocaklar \u00fczerinde in\u015fa edilen ve sonralar\u0131 \u201ch\u00fcrriyet abidesi\u201d olarak kutsanan ABD\u2019de, k\u0131tan\u0131n ger\u00e7ek sahipleri olan yerlilere 1924\u2019e kadar vatanda\u015fl\u0131k hakk\u0131 tan\u0131nmad\u0131. 1953\u2019e kadarsa kendilerine g\u00f6sterilen s\u0131n\u0131rl\u0131 alanlarda, bir t\u00fcr toplama kamp\u0131 olan rezervasyonlarda ya\u015famaya mahk\u00fbm edildiler. Ve bug\u00fcn n\u00fcfusu 300 milyonu ge\u00e7en ABD\u2019de yerlilerin say\u0131s\u0131 sadece 250 binken, \u201c\u00f6zg\u00fcrl\u00fck ve demokrasi\u201d ad\u0131na t\u00fcm d\u00fcnyay\u0131 kana boyamaya ve kan emerek semirmeye devam eden bu vampir devlet, k\u0131tada ger\u00e7ekle\u015ftirilen katliam\u0131 soyk\u0131r\u0131m olarak adland\u0131rmay\u0131 reddetmeyi s\u00fcrd\u00fcr\u00fcyor.<\/p>\n<p>Yahudi soyk\u0131r\u0131m\u0131 ve Siyonist burjuvazi<\/p>\n<p>Kapitalizmin soyk\u0131r\u0131mlarla bezeli tarihine kaz\u0131nan en b\u00fcy\u00fck soyk\u0131r\u0131mlardan biri de, Nazilerin ba\u015fta Yahudiler olmak \u00fczere, \u00c7ingeneler, Slavlar, kom\u00fcnistler, sosyalistler, homoseks\u00fceller, sakatlar gibi \u201car\u00ee\u201d Alman kan\u0131n\u0131 bozduklar\u0131n\u0131 d\u00fc\u015f\u00fcnd\u00fckleri t\u00fcm unsurlara kar\u015f\u0131 uygulad\u0131klar\u0131 katliamd\u0131r. Alman sermayesini daha g\u00fc\u00e7l\u00fc k\u0131lmak ve emperyalist hegemonya yar\u0131\u015f\u0131nda bayra\u011f\u0131 ele ge\u00e7irmek u\u011fruna ger\u00e7ekle\u015ftirilen bu soyk\u0131r\u0131m, ayn\u0131 zamanda 20. y\u00fczy\u0131l\u0131n g\u00f6rd\u00fc\u011f\u00fc en b\u00fcy\u00fck soyk\u0131r\u0131m olarak tarihe ge\u00e7mi\u015ftir. Bu soyk\u0131r\u0131mda, toplama kamplar\u0131nda gaz verilerek, kur\u015funa dizilerek, en insanl\u0131k d\u0131\u015f\u0131 i\u015fkencelere t\u00e2bi tutularak, her t\u00fcrl\u00fc deneyde kobay olarak kullan\u0131larak katledilen insanlar\u0131n toplam say\u0131s\u0131 11 milyon civar\u0131ndayd\u0131. Bunlar\u0131n yar\u0131dan fazlas\u0131n\u0131 ise, \u00e7ocuk, ya\u015fl\u0131, kad\u0131n, erkek denmeksizin, salt Yahudi olduklar\u0131 i\u00e7in soyk\u0131r\u0131ma t\u00e2bi tutulanlar olu\u015fturuyordu. Bu korkun\u00e7 soyk\u0131r\u0131m kar\u015f\u0131s\u0131nda Yahudi burjuvazisinin tak\u0131nd\u0131\u011f\u0131 \u0131rk\u00e7\u0131 tutum ise deh\u015fet vericiydi:<\/p>\n<p>\u201cNazilerin uygulad\u0131\u011f\u0131 soyk\u0131r\u0131m nedeniyle milyonlarca Yahudinin \u00f6ld\u00fc\u011f\u00fc esnada, Siyonist \u00f6rg\u00fctler, ABD ve Bat\u0131 Avrupa\u2019da g\u00f6\u00e7men yasalar\u0131n\u0131n zul\u00fcmden ka\u00e7an Yahudilerin giri\u015fini kolayla\u015ft\u0131racak \u015fekilde de\u011fi\u015ftirilmesine \u015fiddetle kar\u015f\u0131 \u00e7\u0131k\u0131yorlard\u0131. Bu \u00fclkelerin parlamentolar\u0131ndaki Yahudiler yasalar aleyhinde oy kullan\u0131yorlard\u0131. Ama\u00e7, \u0130srail\u2019e g\u00f6\u00e7\u00fc h\u0131zland\u0131rmak ve Siyonizmin g\u00fc\u00e7 kazanmas\u0131n\u0131 sa\u011flamakt\u0131. Yine ayn\u0131 \u00f6rg\u00fctler, soyk\u0131r\u0131m\u0131n uyguland\u0131\u011f\u0131 \u00fclkelerdeki fa\u015fist y\u00f6netimlerle anla\u015f\u0131p, az say\u0131da se\u00e7kin Yahudinin \u00fclke d\u0131\u015f\u0131na \u00e7\u0131kar\u0131lmas\u0131 kar\u015f\u0131l\u0131\u011f\u0131nda y\u00fcz binlerce insan\u0131n gaz odalar\u0131na g\u00f6nderilmesine sessiz kal\u0131yordu. Ya\u015fl\u0131lar ve hastalar\u0131n \u0130srail\u2019e gitmeleri istenmiyor, sa\u011fl\u0131kl\u0131 ve gen\u00e7 Yahudilerle \u0130srail\u2019de g\u00fc\u00e7l\u00fc bir \u0131rk yarat\u0131lmas\u0131 planlan\u0131yordu. Bu do\u011frultuda, Hitler\u2019in ar\u00ee \u0131rk projesine g\u0131ptayla bak\u0131l\u0131yordu.\u201d (Zeynep G\u00fcne\u015f, Filistin Sorununa Marksist Yakla\u015f\u0131m, www.marksist.com)<\/p>\n<p>\u0130srail\u2019in ilk devlet ba\u015fkan\u0131 olan Ben Gurion, soyk\u0131r\u0131m\u0131n arifesi olan 1938\u2019de, \u201cbilsem ki Almanya\u2019daki b\u00fct\u00fcn \u00e7ocuklar\u0131 kurtarmak i\u00e7in ya hepsini \u0130ngiltere\u2019ye nakletmek ya da yar\u0131s\u0131n\u0131 Eretz \u0130srail\u2019e g\u00f6t\u00fcrmek gerek, ikinci \u015f\u0131kk\u0131 se\u00e7erim\u201d diyordu. Gelece\u011fin ba\u015fbakanlar\u0131ndan \u0130zak \u015eamir ise, 1941\u2019de, Nazilere, Filistin\u2019de kurulacak bir Yahudi devletini tan\u0131malar\u0131 ko\u015fuluyla \u201csava\u015fta Almanya\u2019n\u0131n yan\u0131nda aktif olarak yer almay\u0131\u201d teklif ediyordu.<\/p>\n<p>Sonu\u00e7ta Nazilerin uygulad\u0131klar\u0131 soyk\u0131r\u0131m, milyonlarca Yahudinin yok olmas\u0131na, bir avu\u00e7 Yahudi para babas\u0131n\u0131n ise inan\u0131lmaz servetler edinmelerine ve Siyonist bir devlete kavu\u015fmalar\u0131na yol a\u00e7t\u0131. Bug\u00fcn Filistinliler \u00fczerinde ter\u00f6r estiren ve b\u00f6lge halklar\u0131 a\u00e7\u0131s\u0131ndan en b\u00fcy\u00fck tehditlerden birini olu\u015fturan Siyonist \u0130srail devletinin, varl\u0131\u011f\u0131n\u0131 me\u015frula\u015ft\u0131r\u0131c\u0131 bir olgu olarak sar\u0131ld\u0131\u011f\u0131 bu tarihsel soyk\u0131r\u0131m\u0131n bir e\u015fi daha bulunmad\u0131\u011f\u0131n\u0131 kan\u0131tlamak i\u00e7in u\u011fra\u015f vermesi bo\u015funa de\u011fildir. Nitekim, Yahudi burjuvazisinin \u201csayg\u0131n\u201d \u00fcyelerinden Jak Kamhi\u2019nin ge\u00e7ti\u011fimiz g\u00fcnlerdeki a\u00e7\u0131klamalar\u0131 bu a\u00e7\u0131dan ibret vericidir. ADL\u2019nin tutumunun tart\u0131\u015f\u0131lmaya devam edildi\u011fi g\u00fcnlerde, tam kadro d\u00fczenlenmi\u015f bir t\u00f6renle cumhurba\u015fkan\u0131 Sezer\u2019in elinden \u201cDevlet \u00dcst\u00fcn Hizmet Madalyas\u0131\u201d alan Jak Kamhi, t\u00f6renin ard\u0131ndan gazetecilere bir deme\u00e7 vermi\u015fti. Deme\u00e7te, ADL ba\u015fkan\u0131 Abraham Foxman\u2019a bir mektup g\u00f6nderdi\u011fini dile getirerek \u015funlar\u0131 s\u00f6yl\u00fcyordu Kamhi:<\/p>\n<p>\u201cBen Foxman\u2019a bir mektup yazarak yap\u0131lanlardan dolay\u0131 ele\u015ftirilerimi yollad\u0131m. Mektupta resmen kafalar\u0131na vuruyorum. \u00abNas\u0131l\u00bb diyorum onlara, nas\u0131l siz \u0130kinci D\u00fcnya Sava\u015f\u0131nda olanlar i\u00e7in kullan\u0131lan \u00absoyk\u0131r\u0131m\u00bb tan\u0131m\u0131n\u0131, Birinci D\u00fcnya Sava\u015f\u0131nda \u00e7\u0131kan ayaklanma sonucu \u00f6len Ermeniler i\u00e7in kullanabilirsiniz. \u00c7\u00fcnk\u00fc birini kabul etmek, di\u011ferini yok ediyor. Almanya\u2019daki bir Musevi ne ayakland\u0131, ne toprak istedi, ne de kimseleri yaralad\u0131. Yaln\u0131zca, k\u00f6kenlerinden dolay\u0131, \u00abgenlerinden\u00bb dolay\u0131 yok edildiler. T\u00fcrkiye\u2019de ise \u00f6yle bir \u015fey olmad\u0131, bunlar ayaklan\u0131p toprak istediler. Sava\u015ft\u0131lar, insan \u00f6ld\u00fcrd\u00fcler. Elbette ki bunun kar\u015f\u0131l\u0131\u011f\u0131nda da diren\u00e7 g\u00f6rd\u00fcler. Ama buna \u00absoyk\u0131r\u0131m\u00bb denemez. \u2026 Bir kere b\u00fct\u00fcn Musevi diasporas\u0131 size kar\u015f\u0131. Bizim gibi d\u00fcnyada tek ve benzeri olmayan bir dram\u0131 suland\u0131r\u0131yor ve yok ediyorsunuz. \u2026 Mektubumun \u00f6z\u00fc budur. \u0130srail\u2019in de bu i\u015fe kar\u0131\u015fmas\u0131 bundan dolay\u0131d\u0131r. Kendine has olan o me\u015fhur soyk\u0131r\u0131m\u0131n bir benzeri olmad\u0131\u011f\u0131n\u0131 kan\u0131tlamak i\u00e7in u\u011fra\u015f\u0131yorlar. Sadece bizim g\u00fczel g\u00f6zlerimiz i\u00e7in de\u011fil.\u201d<\/p>\n<p>Her c\u00fcmlesinde Ermenilerin katledilmesine hakl\u0131 gerek\u00e7eler \u00fcreten ve Yahudi soyk\u0131r\u0131m\u0131n\u0131 tarihte e\u015fi g\u00f6r\u00fclmemi\u015f bir k\u0131y\u0131m olarak yans\u0131tan bu ifadeler, ayn\u0131 zamanda, soyk\u0131r\u0131m gibi en korkun\u00e7 insanl\u0131k su\u00e7lar\u0131 kar\u015f\u0131s\u0131nda bile sermayenin nas\u0131l da ikiy\u00fczl\u00fc bir tutum tak\u0131nd\u0131\u011f\u0131n\u0131n \u00e7arp\u0131c\u0131 bir \u00f6rne\u011fini olu\u015fturmaktad\u0131r. Ne var ki Kamhi\u2019nin dedi\u011fi bir \u015fey \u00e7ok do\u011frudur. D\u00fcnyan\u0131n neresinde olursa olsun, burjuvazi denen s\u00f6m\u00fcr\u00fcc\u00fc s\u0131n\u0131f, insanl\u0131k dramlar\u0131 kar\u015f\u0131s\u0131nda ma\u011fdurlar\u0131n \u201cg\u00fczel g\u00f6zleri i\u00e7in\u201d de\u011fil, kendi \u00e7\u0131karlar\u0131n\u0131 g\u00f6zeterek tutum almaktad\u0131r.<\/p>\n<p>\u00c7ok gerilere gitmeye gerek yok, t\u00fcm bir 20. y\u00fczy\u0131l tarihi bunun \u00f6rnekleriyle doludur. Sava\u015flarda, ezilen halklar\u0131n ba\u011f\u0131ms\u0131zl\u0131k m\u00fccadeleleri esnas\u0131nda ya da bizzat kar\u015f\u0131-devrimlerde, sermayenin \u00e7\u0131karlar\u0131 do\u011frultusunda milyonlarca insan katledilmi\u015f ve farkl\u0131 uluslar\u0131n burjuvazileri de buna yine kendi \u00e7\u0131karlar\u0131 do\u011frultusunda g\u00f6z yummu\u015flard\u0131r. Bu a\u00e7\u0131dan, 1990\u2019l\u0131 y\u0131llarda Balkanlar\u2019da ya\u015fanan ve 300 bin insan\u0131n yok edilmesiyle sonu\u00e7lanan katliamlara kar\u015f\u0131 tak\u0131n\u0131lan tutumlar, burjuva devletlerin insanl\u0131k dramlar\u0131 kar\u015f\u0131s\u0131nda g\u00f6sterdikleri tepkilerin tipik \u00f6rneklerinden birini te\u015fkil etmektedir. Emperyalist g\u00fc\u00e7ler, soyk\u0131r\u0131m d\u00fczeyine ula\u015fan bu katliamlara \u00f6nce g\u00f6z yummu\u015f ve olgunla\u015fmas\u0131n\u0131 beklemi\u015f, ard\u0131ndan da \u201cbar\u0131\u015f g\u00fcc\u00fc\u201d ad\u0131 alt\u0131nda hem sava\u015fa m\u00fcdahil olmu\u015f hem de kendi \u00e7\u0131karlar\u0131 do\u011frultusunda bir payla\u015f\u0131m ger\u00e7ekle\u015ftirmi\u015flerdir. Yine 90\u2019l\u0131 y\u0131llarda Ruanda\u2019da 100 g\u00fcn i\u00e7erisinde 800 bin Tutsi soyk\u0131r\u0131ma t\u00e2bi tutulurken, emperyalist g\u00fc\u00e7ler bu katliam\u0131 yaratan ortam\u0131 bizzat k\u0131\u015fk\u0131rtm\u0131\u015f, katliam\u0131 ger\u00e7ekle\u015ftiren Hutular\u0131 silahland\u0131r\u0131p e\u011fitmi\u015f ve silah sat\u0131\u015flar\u0131ndan gelen paralar e\u015fli\u011finde katliam\u0131 izlemeye koyulmu\u015flard\u0131r. Katliam ba\u015flad\u0131\u011f\u0131nda BM \u201cbar\u0131\u015f g\u00fcc\u00fc\u201d ABD\u2019nin bast\u0131rmas\u0131yla geri \u00e7ekilmi\u015f, ABD ve Fransa BM g\u00fcndemine getirilen tasar\u0131lardaki \u201csoyk\u0131r\u0131m\u201d s\u00f6zc\u00fc\u011f\u00fcn\u00fc gerek\u00e7e g\u00f6stererek bunlar\u0131 veto etmi\u015f ve her t\u00fcrl\u00fc m\u00fcdahaleye kar\u015f\u0131 \u00e7\u0131km\u0131\u015flard\u0131r.<\/p>\n<p>\u015eimdi de Darfur<\/p>\n<p>ABD\u2019nin b\u00fct\u00fcn\u00fcyle kendi \u00e7\u0131karlar\u0131 ekseninde tam tersi tutum tak\u0131nd\u0131\u011f\u0131 ve bu tutumu \u201cinsani yakla\u015f\u0131m\u201d ambalaj\u0131na bulayarak pazarlad\u0131\u011f\u0131 \u00f6rneklerden biriyse Darfur\u2019dur. Timsahlar\u0131n avlar\u0131n\u0131 yerken g\u00f6zya\u015f\u0131 d\u00f6kt\u00fckleri s\u00f6ylenir. ABD de uzunca bir s\u00fcredir Darfur i\u00e7in timsah g\u00f6zya\u015flar\u0131 d\u00f6kmektedir. Bu emperyalist devlet, Sudan\u2019a yapt\u0131r\u0131m uygulanmas\u0131 ve Darfur\u2019a BM \u201cbar\u0131\u015f g\u00fcc\u00fc\u201d g\u00f6nderilmesi yolunda inan\u0131lmaz \u00e7aba harcam\u0131\u015ft\u0131r. Seferber edilen \u00fcnl\u00fc sanat\u00e7\u0131lar, Evanjeliklerin ve Yahudi \u00f6rg\u00fctlerinin organize etti\u011fi b\u00fcy\u00fck mitingler, y\u00fcrek par\u00e7alay\u0131c\u0131 medya kampanyalar\u0131 vs. sayesinde, ABD, Avrupa\u2019n\u0131n da deste\u011fiyle, sonunda BM\u2019den istedi\u011fi karar\u0131 \u00e7\u0131karmay\u0131 ba\u015farm\u0131\u015ft\u0131r. BM\u2019nin ve Afrika Birli\u011fi\u2019nin ortakla\u015fa olu\u015fturmalar\u0131na karar verilen 26 bin ki\u015filik \u201cbar\u0131\u015f g\u00fcc\u00fc\u201d s\u00f6zde b\u00f6lgedeki bar\u0131\u015f\u0131n korunmas\u0131n\u0131 temin edecektir. Ancak ger\u00e7ek niyetin bar\u0131\u015f\u0131n korunmas\u0131yla uzaktan yak\u0131ndan ilgisi olmad\u0131\u011f\u0131 a\u00e7\u0131kt\u0131r.<\/p>\n<p>Amerika, BM \u00f6nderli\u011finde giri\u015filecek bu emperyalist m\u00fcdahalenin bahanesi olarak, Sudan h\u00fck\u00fcmetinin Darfur\u2019da ger\u00e7ekle\u015ftirdi\u011fi katliam\u0131 \u00f6ne s\u00fcr\u00fcyor. Hat\u0131rlatmak gerekirse, Sudan h\u00fck\u00fcmetinin ayr\u0131mc\u0131 politikalar\u0131na ve h\u00fck\u00fcm s\u00fcren a\u00e7l\u0131\u011fa kar\u015f\u0131 2003 y\u0131l\u0131nda Darfur\u2019da silahl\u0131 ayaklanma ba\u015flam\u0131\u015f ve Sudan hava kuvvetlerinin ve h\u00fck\u00fcmet yanl\u0131s\u0131 milislerin d\u00fczenledikleri sald\u0131r\u0131lar sonucunda, bu b\u00f6lgede 200 binden fazla insan katledilmi\u015fti. Halen \u00e7o\u011fu m\u00fclteci kamplar\u0131nda ya\u015famak zorunda olan 2 milyondan fazla insan ise evlerini terk edip ba\u015fka b\u00f6lgelere ve \u00c7ad ba\u015fta olmak \u00fczere kom\u015fu \u00fclkelere ka\u00e7mak zorunda kalm\u0131\u015flard\u0131. ABD\u2019nin \u201csoyk\u0131r\u0131m\u201d olarak nitelendirdi\u011fi, BM\u2019nin ise baz\u0131 \u00fclkelerin vetolar\u0131 nedeniyle bu tan\u0131mlamay\u0131 kullanmaktan ka\u00e7\u0131nd\u0131\u011f\u0131 s\u00f6z konusu katliam ve dram kar\u015f\u0131s\u0131nda, ABD\u2019nin tepkisi nedense Ruanda\u2019dan t\u00fcm\u00fcyle farkl\u0131 olmu\u015ftu. ABD, tarihinde ilk kez olarak, herhangi bir b\u00f6lgede \u00e7at\u0131\u015fmalar ya\u015fan\u0131rken onu \u201csoyk\u0131r\u0131m\u201d olarak niteleme acelecili\u011fini g\u00f6steriyordu. Peki neden? Darfur\u2019daki Afrikal\u0131lar\u0131n \u201cg\u00fczel g\u00f6zleri\u201d i\u00e7in mi? Elbette hay\u0131r. Nitekim Sudan\u2019\u0131n \u00f6zelliklerine bakt\u0131\u011f\u0131m\u0131zda, ABD \u00f6nc\u00fcl\u00fc\u011f\u00fcndeki emperyalist g\u00fc\u00e7lerin, \u201cg\u00fczel g\u00f6zlere yard\u0131m\u201ddan \u00f6te birtak\u0131m ama\u00e7lar ta\u015f\u0131d\u0131klar\u0131 kolayca anla\u015f\u0131labiliyor.<\/p>\n<p>B\u00fcy\u00fck Ortado\u011fu Plan\u0131n\u0131n ad\u0131m ad\u0131m uygulamaya sokuldu\u011fu bir s\u00fcre\u00e7te co\u011frafi pozisyonu itibar\u0131yla \u00f6nemli bir yere sahip olan, y\u00fcz\u00f6l\u00e7\u00fcm\u00fc bak\u0131m\u0131ndan Afrika\u2019n\u0131n en b\u00fcy\u00fck \u00fclkesi olan ve ayn\u0131 zamanda k\u0131tan\u0131n \u00fc\u00e7\u00fcnc\u00fc b\u00fcy\u00fck petrol \u00fcreticisi konumunda bulunan Sudan, do\u011fal gaz, uranyum ve bak\u0131r yataklar\u0131 bak\u0131m\u0131ndan da olduk\u00e7a zengin bir \u00fclke. Bat\u0131da yer alan Darfur ise, i\u00e7inde k\u0131vrand\u0131\u011f\u0131 yoksullu\u011fa z\u0131t bir bi\u00e7imde, \u00fclkenin petrol rezervleri bak\u0131m\u0131ndan en zengin b\u00f6lgelerinden birisi. Ne var ki, ABD\u2019yi son derece rahats\u0131z eden bir \u015fekilde, Sudan\u2019\u0131n \u00c7in\u2019le olduk\u00e7a yak\u0131n ekonomik ili\u015fkileri mevcut ve hepsinden \u00f6nemlisi, bu \u00fclkenin petrol \u00fcretiminin y\u00fczde 80\u2019i \u00c7in\u2019in denetiminde bulunuyor. B\u00fct\u00fcn bu fakt\u00f6rler bir araya geldi\u011finde, ABD a\u00e7\u0131s\u0131ndan, durum, bir an evvel m\u00fcdahaleyi gerektiren bir aciliyet ta\u015f\u0131yor elbette.<\/p>\n<p>\u015euras\u0131 \u00e7ok a\u00e7\u0131k ki, B\u00fcy\u00fck Ortado\u011fu Plan\u0131n\u0131n temel amac\u0131, Sudan\u2019\u0131n da dahil oldu\u011fu geni\u015f b\u00f6lgede ABD n\u00fcfuzunun tesis edilmesi ve petrol ba\u015fta olmak \u00fczere enerji kaynaklar\u0131 \u00fczerinde tam denetimin sa\u011flanmas\u0131d\u0131r. 2001 tarihli bir raporunda General Wesley Clark, Pentagon\u2019daki bir askeri yetkilinin, kendisine, \u201c\u015fimdi Irak\u2019\u0131n pe\u015findeyiz, ama daha fazlas\u0131 var\u201d dedi\u011fini belirtiyor ve konu\u015fman\u0131n devam\u0131nda bu yetkilinin \u015funlar\u0131 s\u00f6yledi\u011fini ifade ediyordu: \u201cBu be\u015f y\u0131ll\u0131k bir kampanya plan\u0131n\u0131n par\u00e7as\u0131 olarak tart\u0131\u015f\u0131l\u0131yor, toplam yedi \u00fclke var, ba\u015fta Irak ve ard\u0131ndan Suriye, L\u00fcbnan, Libya, \u0130ran, Somali ve Sudan.\u201d<\/p>\n<p>Bush\u2019un 2006 Ekiminde Darfur\u2019a y\u00f6nelik bir karar\u0131 imzalarken s\u00f6yledi\u011fi s\u00f6zlerse, ABD\u2019nin Darfur\u2019a y\u00f6nelik \u00e7\u0131rp\u0131nmalar\u0131n\u0131n temelinde petrol\u00fcn yatt\u0131\u011f\u0131n\u0131n en a\u00e7\u0131k kan\u0131tlar\u0131ndan birini te\u015fkil ediyordu: \u201cSudan h\u00fck\u00fcmetinin Sudan petrol ve petrokimya sanayii \u00fczerindeki yayg\u0131n rol\u00fc, ABD\u2019nin ulusal g\u00fcvenli\u011fini ve d\u0131\u015f politika \u00e7\u0131karlar\u0131n\u0131 tehdit ediyor.\u201d Baklay\u0131 a\u011fz\u0131ndan ka\u00e7\u0131ran Bush, b\u00f6ylece, \u201cDarfur\u2019da soyk\u0131r\u0131m\u201d \u00e7\u0131\u011fl\u0131klar\u0131n\u0131n ger\u00e7ekte hangi amaca hizmet etmek \u00fczere y\u00fckseltildi\u011fini de itiraf etmi\u015f oluyordu.<\/p>\n<p>T\u00fcm bunlar, y\u00fcz binlerce insan\u0131n yok edilmesine varan katliamlar\u0131n, ancak emperyalistlerin ilgili b\u00f6lgelerdeki \u00e7\u0131karlar\u0131 bunu gerektiriyorsa \u201csoyk\u0131r\u0131m\u201d olarak adland\u0131r\u0131ld\u0131\u011f\u0131n\u0131 yeterince kan\u0131tlamaktad\u0131r. Bizler, \u00fcretimin k\u00e2r i\u00e7in yap\u0131ld\u0131\u011f\u0131 ve \u201cinsani de\u011ferler\u201d ba\u015fta gelmek \u00fczere her \u015feyin metala\u015ft\u0131r\u0131ld\u0131\u011f\u0131 kapitalist bir d\u00fcnyada ya\u015f\u0131yoruz. Kapitalizmin t\u00fcm tarihi, burjuvazinin kendi \u00e7\u0131karlar\u0131 i\u00e7in vah\u015fetin hi\u00e7bir t\u00fcr\u00fcnden ka\u00e7\u0131nmad\u0131\u011f\u0131n\u0131n, bu u\u011furda on milyonlarca insan\u0131 feda edecek kadar g\u00f6z\u00fc d\u00f6nm\u00fc\u015f bir s\u0131n\u0131f oldu\u011funun inan\u0131lmaz \u00f6rnekleriyle doludur. Ve b\u00f6ylesi bir d\u00fcnyada, soyk\u0131r\u0131mlar\u0131n hesab\u0131n\u0131 soracak, katliamlara son verecek ve bar\u0131\u015f\u0131 temin edip koruyacak tek s\u0131n\u0131f, ancak ve ancak devrimci i\u015f\u00e7i s\u0131n\u0131f\u0131 olabilir. Emperyalistlerin \u201cbar\u0131\u015f g\u00fcc\u00fc\u201d yalanlar\u0131 kimseyi aldatmamal\u0131d\u0131r. \u00c7\u0131kard\u0131klar\u0131 sava\u015flarda milyonlarca insan\u0131 yok edenler, katliamlar\u0131n en vah\u015filerini ger\u00e7ekle\u015ftirenler, soyk\u0131r\u0131mlar\u0131 para kayna\u011f\u0131 olarak g\u00f6renler, halklar\u0131 birbirlerine d\u00fc\u015fman edenler bar\u0131\u015f\u0131 temin edebilir ya da onu koruyabilir mi? Asla! Emperyalistlerin bar\u0131\u015f g\u00fcc\u00fc ad\u0131 alt\u0131nda g\u00f6nderdikleri, sava\u015f g\u00fc\u00e7leridir. Ya\u015fanan insanl\u0131k dramlar\u0131 kar\u015f\u0131s\u0131nda y\u00fcre\u011fi s\u0131zlayan hi\u00e7bir i\u015f\u00e7i ve emek\u00e7i, bu kan emicilerden ger\u00e7ek insani yard\u0131m yapmalar\u0131n\u0131 bekleyip bo\u015f hayallere kap\u0131lmamal\u0131d\u0131r. \u0130\u015f\u00e7i s\u0131n\u0131f\u0131 \u00f6rg\u00fctl\u00fc bir g\u00fc\u00e7 olarak ben buraday\u0131m diyemedik\u00e7e, kimse soyk\u0131r\u0131mlar\u0131n, katliamlar\u0131n, a\u00e7l\u0131\u011f\u0131n, yoksullu\u011fun sona ermesini ve d\u00fcnyaya bar\u0131\u015f\u0131n ve e\u015fitli\u011fin gelmesini beklememelidir. Ancak o, kendi \u00e7\u0131karlar\u0131 i\u00e7in halklar\u0131 katleden ve birbirine k\u0131rd\u0131ran kapitalistleri yery\u00fcz\u00fcnden silme ve d\u00fcnyaya bar\u0131\u015f getirme potansiyeline sahiptir.<\/p>\n<p>(Kaynak: Marksist Tutum dergisi, no:31, Ekim 2007)<\/p>\n<p>\u00a0<\/p>\n","protected":false},"excerpt":{"rendered":"<p>Ge\u00e7ti\u011fimiz haftalarda ABD\u2019deki bir Yahudi \u00f6rg\u00fct\u00fcn\u00fcn (\u0130nk\u00e2ra Kar\u015f\u0131 M\u00fccadele Birli\u011fi &#8211; ADL) daha \u00f6nceki tutumunu de\u011fi\u015ftirerek Ermeni soyk\u0131r\u0131m\u0131n\u0131 tan\u0131d\u0131\u011f\u0131n\u0131 a\u00e7\u0131klamas\u0131, ABD Kongresinde Ermeni soyk\u0131r\u0131m\u0131 yasa tasar\u0131s\u0131n\u0131n ge\u00e7irilmeye haz\u0131rland\u0131\u011f\u0131 \u015fu g\u00fcnlerde zaten teyakkuz halinde olan T\u00fcrkiyeli ink\u00e2rc\u0131lar\u0131 bir kez daha infiale s\u00fcr\u00fckledi. T\u00fcrk h\u00fck\u00fcmetinin \u0130srail\u2019i araya sokarak ADL\u2019ye bas\u0131n\u00e7 bindirilmesini sa\u011flama giri\u015fimleri, gazete k\u00f6\u015fecilerinin k\u00f6p\u00fcrmeleri ve [&hellip;]<\/p>\n","protected":false},"author":1,"featured_media":0,"comment_status":"open","ping_status":"open","sticky":false,"template":"","format":"standard","meta":{"footnotes":""},"categories":[156],"tags":[],"class_list":{"0":"post-4581","1":"post","2":"type-post","3":"status-publish","4":"format-standard","6":"category-genel-tarih"},"yoast_head":"<!-- This site is optimized with the Yoast SEO Premium plugin v24.9 (Yoast SEO v24.9) - https:\/\/yoast.com\/wordpress\/plugins\/seo\/ -->\n<title>Kapitalizmin Tarihi Soyk\u0131r\u0131mlarla Bezelidir | \u0130lkay Meri\u00e7 - narteks.net<\/title>\n<meta name=\"robots\" content=\"index, follow, max-snippet:-1, max-image-preview:large, max-video-preview:-1\" \/>\n<link rel=\"canonical\" href=\"https:\/\/narteks.net\/index.php\/2010\/05\/04\/kapitalizmin-tarihi-soykirimlarla-bezelidir-ilkay-meric\/\" \/>\n<meta property=\"og:locale\" content=\"tr_TR\" \/>\n<meta property=\"og:type\" content=\"article\" \/>\n<meta property=\"og:title\" content=\"Kapitalizmin Tarihi Soyk\u0131r\u0131mlarla Bezelidir | \u0130lkay Meri\u00e7\" \/>\n<meta property=\"og:description\" content=\"Ge\u00e7ti\u011fimiz haftalarda ABD\u2019deki bir Yahudi \u00f6rg\u00fct\u00fcn\u00fcn (\u0130nk\u00e2ra Kar\u015f\u0131 M\u00fccadele Birli\u011fi &#8211; ADL) daha \u00f6nceki tutumunu de\u011fi\u015ftirerek Ermeni soyk\u0131r\u0131m\u0131n\u0131 tan\u0131d\u0131\u011f\u0131n\u0131 a\u00e7\u0131klamas\u0131, ABD Kongresinde Ermeni soyk\u0131r\u0131m\u0131 yasa tasar\u0131s\u0131n\u0131n ge\u00e7irilmeye haz\u0131rland\u0131\u011f\u0131 \u015fu g\u00fcnlerde zaten teyakkuz halinde olan T\u00fcrkiyeli ink\u00e2rc\u0131lar\u0131 bir kez daha infiale s\u00fcr\u00fckledi. T\u00fcrk h\u00fck\u00fcmetinin \u0130srail\u2019i araya sokarak ADL\u2019ye bas\u0131n\u00e7 bindirilmesini sa\u011flama giri\u015fimleri, gazete k\u00f6\u015fecilerinin k\u00f6p\u00fcrmeleri ve [&hellip;]\" \/>\n<meta property=\"og:url\" content=\"https:\/\/narteks.net\/index.php\/2010\/05\/04\/kapitalizmin-tarihi-soykirimlarla-bezelidir-ilkay-meric\/\" \/>\n<meta property=\"og:site_name\" content=\"narteks.net\" \/>\n<meta property=\"article:published_time\" content=\"2010-05-04T05:39:10+00:00\" \/>\n<meta property=\"og:image\" content=\"http:\/\/www.resimlere.com\/data\/media\/257\/ed-62.jpg\" \/>\n<meta name=\"author\" content=\"Tar\u0131k\" \/>\n<meta name=\"twitter:card\" content=\"summary_large_image\" \/>\n<meta name=\"twitter:creator\" content=\"@narteks\" \/>\n<meta name=\"twitter:site\" content=\"@narteks\" \/>\n<meta name=\"twitter:label1\" content=\"Yazan:\" \/>\n\t<meta name=\"twitter:data1\" content=\"Tar\u0131k\" \/>\n\t<meta name=\"twitter:label2\" content=\"Tahmini okuma s\u00fcresi\" \/>\n\t<meta name=\"twitter:data2\" content=\"19 dakika\" \/>\n<script type=\"application\/ld+json\" class=\"yoast-schema-graph\">{\"@context\":\"https:\/\/schema.org\",\"@graph\":[{\"@type\":\"Article\",\"@id\":\"https:\/\/narteks.net\/index.php\/2010\/05\/04\/kapitalizmin-tarihi-soykirimlarla-bezelidir-ilkay-meric\/#article\",\"isPartOf\":{\"@id\":\"https:\/\/narteks.net\/index.php\/2010\/05\/04\/kapitalizmin-tarihi-soykirimlarla-bezelidir-ilkay-meric\/\"},\"author\":{\"name\":\"Tar\u0131k\",\"@id\":\"https:\/\/narteks.net\/#\/schema\/person\/61f37d9834294b72d31d274e7ed79bca\"},\"headline\":\"Kapitalizmin Tarihi Soyk\u0131r\u0131mlarla Bezelidir | \u0130lkay Meri\u00e7\",\"datePublished\":\"2010-05-04T05:39:10+00:00\",\"mainEntityOfPage\":{\"@id\":\"https:\/\/narteks.net\/index.php\/2010\/05\/04\/kapitalizmin-tarihi-soykirimlarla-bezelidir-ilkay-meric\/\"},\"wordCount\":3829,\"commentCount\":0,\"publisher\":{\"@id\":\"https:\/\/narteks.net\/#organization\"},\"image\":{\"@id\":\"https:\/\/narteks.net\/index.php\/2010\/05\/04\/kapitalizmin-tarihi-soykirimlarla-bezelidir-ilkay-meric\/#primaryimage\"},\"thumbnailUrl\":\"http:\/\/www.resimlere.com\/data\/media\/257\/ed-62.jpg\",\"articleSection\":[\"Genel Tarih\"],\"inLanguage\":\"tr\",\"potentialAction\":[{\"@type\":\"CommentAction\",\"name\":\"Comment\",\"target\":[\"https:\/\/narteks.net\/index.php\/2010\/05\/04\/kapitalizmin-tarihi-soykirimlarla-bezelidir-ilkay-meric\/#respond\"]}]},{\"@type\":\"WebPage\",\"@id\":\"https:\/\/narteks.net\/index.php\/2010\/05\/04\/kapitalizmin-tarihi-soykirimlarla-bezelidir-ilkay-meric\/\",\"url\":\"https:\/\/narteks.net\/index.php\/2010\/05\/04\/kapitalizmin-tarihi-soykirimlarla-bezelidir-ilkay-meric\/\",\"name\":\"Kapitalizmin Tarihi Soyk\u0131r\u0131mlarla Bezelidir | \u0130lkay Meri\u00e7 - narteks.net\",\"isPartOf\":{\"@id\":\"https:\/\/narteks.net\/#website\"},\"primaryImageOfPage\":{\"@id\":\"https:\/\/narteks.net\/index.php\/2010\/05\/04\/kapitalizmin-tarihi-soykirimlarla-bezelidir-ilkay-meric\/#primaryimage\"},\"image\":{\"@id\":\"https:\/\/narteks.net\/index.php\/2010\/05\/04\/kapitalizmin-tarihi-soykirimlarla-bezelidir-ilkay-meric\/#primaryimage\"},\"thumbnailUrl\":\"http:\/\/www.resimlere.com\/data\/media\/257\/ed-62.jpg\",\"datePublished\":\"2010-05-04T05:39:10+00:00\",\"breadcrumb\":{\"@id\":\"https:\/\/narteks.net\/index.php\/2010\/05\/04\/kapitalizmin-tarihi-soykirimlarla-bezelidir-ilkay-meric\/#breadcrumb\"},\"inLanguage\":\"tr\",\"potentialAction\":[{\"@type\":\"ReadAction\",\"target\":[\"https:\/\/narteks.net\/index.php\/2010\/05\/04\/kapitalizmin-tarihi-soykirimlarla-bezelidir-ilkay-meric\/\"]}]},{\"@type\":\"ImageObject\",\"inLanguage\":\"tr\",\"@id\":\"https:\/\/narteks.net\/index.php\/2010\/05\/04\/kapitalizmin-tarihi-soykirimlarla-bezelidir-ilkay-meric\/#primaryimage\",\"url\":\"http:\/\/www.resimlere.com\/data\/media\/257\/ed-62.jpg\",\"contentUrl\":\"http:\/\/www.resimlere.com\/data\/media\/257\/ed-62.jpg\"},{\"@type\":\"BreadcrumbList\",\"@id\":\"https:\/\/narteks.net\/index.php\/2010\/05\/04\/kapitalizmin-tarihi-soykirimlarla-bezelidir-ilkay-meric\/#breadcrumb\",\"itemListElement\":[{\"@type\":\"ListItem\",\"position\":1,\"name\":\"Anasayfa\",\"item\":\"https:\/\/narteks.net\/\"},{\"@type\":\"ListItem\",\"position\":2,\"name\":\"Kapitalizmin Tarihi Soyk\u0131r\u0131mlarla Bezelidir | \u0130lkay Meri\u00e7\"}]},{\"@type\":\"WebSite\",\"@id\":\"https:\/\/narteks.net\/#website\",\"url\":\"https:\/\/narteks.net\/\",\"name\":\"narteks.net\",\"description\":\"K\u00fclt\u00fcr Sanat Edebiyat Felsefe\",\"publisher\":{\"@id\":\"https:\/\/narteks.net\/#organization\"},\"alternateName\":\"K\u00fclt\u00fcr Sanat Edebiyat Felsefe\",\"potentialAction\":[{\"@type\":\"SearchAction\",\"target\":{\"@type\":\"EntryPoint\",\"urlTemplate\":\"https:\/\/narteks.net\/?s={search_term_string}\"},\"query-input\":{\"@type\":\"PropertyValueSpecification\",\"valueRequired\":true,\"valueName\":\"search_term_string\"}}],\"inLanguage\":\"tr\"},{\"@type\":\"Organization\",\"@id\":\"https:\/\/narteks.net\/#organization\",\"name\":\"narteks.net\",\"url\":\"https:\/\/narteks.net\/\",\"logo\":{\"@type\":\"ImageObject\",\"inLanguage\":\"tr\",\"@id\":\"https:\/\/narteks.net\/#\/schema\/logo\/image\/\",\"url\":\"https:\/\/narteks.net\/wp-content\/uploads\/narteks.png\",\"contentUrl\":\"https:\/\/narteks.net\/wp-content\/uploads\/narteks.png\",\"width\":300,\"height\":90,\"caption\":\"narteks.net\"},\"image\":{\"@id\":\"https:\/\/narteks.net\/#\/schema\/logo\/image\/\"},\"sameAs\":[\"https:\/\/x.com\/narteks\",\"https:\/\/instagram.com\/narteksnet\"]},{\"@type\":\"Person\",\"@id\":\"https:\/\/narteks.net\/#\/schema\/person\/61f37d9834294b72d31d274e7ed79bca\",\"name\":\"Tar\u0131k\",\"image\":{\"@type\":\"ImageObject\",\"inLanguage\":\"tr\",\"@id\":\"https:\/\/narteks.net\/#\/schema\/person\/image\/\",\"url\":\"https:\/\/secure.gravatar.com\/avatar\/50865afb55632c4ae467e0af0930f6510aa2297d8014be502a55b14f3b7550cf?s=96&d=mm&r=g\",\"contentUrl\":\"https:\/\/secure.gravatar.com\/avatar\/50865afb55632c4ae467e0af0930f6510aa2297d8014be502a55b14f3b7550cf?s=96&d=mm&r=g\",\"caption\":\"Tar\u0131k\"},\"sameAs\":[\"http:\/\/narteks.net\"],\"url\":\"https:\/\/narteks.net\/index.php\/author\/narbak\/\"}]}<\/script>\n<!-- \/ Yoast SEO Premium plugin. -->","yoast_head_json":{"title":"Kapitalizmin Tarihi Soyk\u0131r\u0131mlarla Bezelidir | \u0130lkay Meri\u00e7 - narteks.net","robots":{"index":"index","follow":"follow","max-snippet":"max-snippet:-1","max-image-preview":"max-image-preview:large","max-video-preview":"max-video-preview:-1"},"canonical":"https:\/\/narteks.net\/index.php\/2010\/05\/04\/kapitalizmin-tarihi-soykirimlarla-bezelidir-ilkay-meric\/","og_locale":"tr_TR","og_type":"article","og_title":"Kapitalizmin Tarihi Soyk\u0131r\u0131mlarla Bezelidir | \u0130lkay Meri\u00e7","og_description":"Ge\u00e7ti\u011fimiz haftalarda ABD\u2019deki bir Yahudi \u00f6rg\u00fct\u00fcn\u00fcn (\u0130nk\u00e2ra Kar\u015f\u0131 M\u00fccadele Birli\u011fi &#8211; ADL) daha \u00f6nceki tutumunu de\u011fi\u015ftirerek Ermeni soyk\u0131r\u0131m\u0131n\u0131 tan\u0131d\u0131\u011f\u0131n\u0131 a\u00e7\u0131klamas\u0131, ABD Kongresinde Ermeni soyk\u0131r\u0131m\u0131 yasa tasar\u0131s\u0131n\u0131n ge\u00e7irilmeye haz\u0131rland\u0131\u011f\u0131 \u015fu g\u00fcnlerde zaten teyakkuz halinde olan T\u00fcrkiyeli ink\u00e2rc\u0131lar\u0131 bir kez daha infiale s\u00fcr\u00fckledi. T\u00fcrk h\u00fck\u00fcmetinin \u0130srail\u2019i araya sokarak ADL\u2019ye bas\u0131n\u00e7 bindirilmesini sa\u011flama giri\u015fimleri, gazete k\u00f6\u015fecilerinin k\u00f6p\u00fcrmeleri ve [&hellip;]","og_url":"https:\/\/narteks.net\/index.php\/2010\/05\/04\/kapitalizmin-tarihi-soykirimlarla-bezelidir-ilkay-meric\/","og_site_name":"narteks.net","article_published_time":"2010-05-04T05:39:10+00:00","og_image":[{"url":"http:\/\/www.resimlere.com\/data\/media\/257\/ed-62.jpg","type":"","width":"","height":""}],"author":"Tar\u0131k","twitter_card":"summary_large_image","twitter_creator":"@narteks","twitter_site":"@narteks","twitter_misc":{"Yazan:":"Tar\u0131k","Tahmini okuma s\u00fcresi":"19 dakika"},"schema":{"@context":"https:\/\/schema.org","@graph":[{"@type":"Article","@id":"https:\/\/narteks.net\/index.php\/2010\/05\/04\/kapitalizmin-tarihi-soykirimlarla-bezelidir-ilkay-meric\/#article","isPartOf":{"@id":"https:\/\/narteks.net\/index.php\/2010\/05\/04\/kapitalizmin-tarihi-soykirimlarla-bezelidir-ilkay-meric\/"},"author":{"name":"Tar\u0131k","@id":"https:\/\/narteks.net\/#\/schema\/person\/61f37d9834294b72d31d274e7ed79bca"},"headline":"Kapitalizmin Tarihi Soyk\u0131r\u0131mlarla Bezelidir | \u0130lkay Meri\u00e7","datePublished":"2010-05-04T05:39:10+00:00","mainEntityOfPage":{"@id":"https:\/\/narteks.net\/index.php\/2010\/05\/04\/kapitalizmin-tarihi-soykirimlarla-bezelidir-ilkay-meric\/"},"wordCount":3829,"commentCount":0,"publisher":{"@id":"https:\/\/narteks.net\/#organization"},"image":{"@id":"https:\/\/narteks.net\/index.php\/2010\/05\/04\/kapitalizmin-tarihi-soykirimlarla-bezelidir-ilkay-meric\/#primaryimage"},"thumbnailUrl":"http:\/\/www.resimlere.com\/data\/media\/257\/ed-62.jpg","articleSection":["Genel Tarih"],"inLanguage":"tr","potentialAction":[{"@type":"CommentAction","name":"Comment","target":["https:\/\/narteks.net\/index.php\/2010\/05\/04\/kapitalizmin-tarihi-soykirimlarla-bezelidir-ilkay-meric\/#respond"]}]},{"@type":"WebPage","@id":"https:\/\/narteks.net\/index.php\/2010\/05\/04\/kapitalizmin-tarihi-soykirimlarla-bezelidir-ilkay-meric\/","url":"https:\/\/narteks.net\/index.php\/2010\/05\/04\/kapitalizmin-tarihi-soykirimlarla-bezelidir-ilkay-meric\/","name":"Kapitalizmin Tarihi Soyk\u0131r\u0131mlarla Bezelidir | \u0130lkay Meri\u00e7 - narteks.net","isPartOf":{"@id":"https:\/\/narteks.net\/#website"},"primaryImageOfPage":{"@id":"https:\/\/narteks.net\/index.php\/2010\/05\/04\/kapitalizmin-tarihi-soykirimlarla-bezelidir-ilkay-meric\/#primaryimage"},"image":{"@id":"https:\/\/narteks.net\/index.php\/2010\/05\/04\/kapitalizmin-tarihi-soykirimlarla-bezelidir-ilkay-meric\/#primaryimage"},"thumbnailUrl":"http:\/\/www.resimlere.com\/data\/media\/257\/ed-62.jpg","datePublished":"2010-05-04T05:39:10+00:00","breadcrumb":{"@id":"https:\/\/narteks.net\/index.php\/2010\/05\/04\/kapitalizmin-tarihi-soykirimlarla-bezelidir-ilkay-meric\/#breadcrumb"},"inLanguage":"tr","potentialAction":[{"@type":"ReadAction","target":["https:\/\/narteks.net\/index.php\/2010\/05\/04\/kapitalizmin-tarihi-soykirimlarla-bezelidir-ilkay-meric\/"]}]},{"@type":"ImageObject","inLanguage":"tr","@id":"https:\/\/narteks.net\/index.php\/2010\/05\/04\/kapitalizmin-tarihi-soykirimlarla-bezelidir-ilkay-meric\/#primaryimage","url":"http:\/\/www.resimlere.com\/data\/media\/257\/ed-62.jpg","contentUrl":"http:\/\/www.resimlere.com\/data\/media\/257\/ed-62.jpg"},{"@type":"BreadcrumbList","@id":"https:\/\/narteks.net\/index.php\/2010\/05\/04\/kapitalizmin-tarihi-soykirimlarla-bezelidir-ilkay-meric\/#breadcrumb","itemListElement":[{"@type":"ListItem","position":1,"name":"Anasayfa","item":"https:\/\/narteks.net\/"},{"@type":"ListItem","position":2,"name":"Kapitalizmin Tarihi Soyk\u0131r\u0131mlarla Bezelidir | \u0130lkay Meri\u00e7"}]},{"@type":"WebSite","@id":"https:\/\/narteks.net\/#website","url":"https:\/\/narteks.net\/","name":"narteks.net","description":"K\u00fclt\u00fcr Sanat Edebiyat Felsefe","publisher":{"@id":"https:\/\/narteks.net\/#organization"},"alternateName":"K\u00fclt\u00fcr Sanat Edebiyat Felsefe","potentialAction":[{"@type":"SearchAction","target":{"@type":"EntryPoint","urlTemplate":"https:\/\/narteks.net\/?s={search_term_string}"},"query-input":{"@type":"PropertyValueSpecification","valueRequired":true,"valueName":"search_term_string"}}],"inLanguage":"tr"},{"@type":"Organization","@id":"https:\/\/narteks.net\/#organization","name":"narteks.net","url":"https:\/\/narteks.net\/","logo":{"@type":"ImageObject","inLanguage":"tr","@id":"https:\/\/narteks.net\/#\/schema\/logo\/image\/","url":"https:\/\/narteks.net\/wp-content\/uploads\/narteks.png","contentUrl":"https:\/\/narteks.net\/wp-content\/uploads\/narteks.png","width":300,"height":90,"caption":"narteks.net"},"image":{"@id":"https:\/\/narteks.net\/#\/schema\/logo\/image\/"},"sameAs":["https:\/\/x.com\/narteks","https:\/\/instagram.com\/narteksnet"]},{"@type":"Person","@id":"https:\/\/narteks.net\/#\/schema\/person\/61f37d9834294b72d31d274e7ed79bca","name":"Tar\u0131k","image":{"@type":"ImageObject","inLanguage":"tr","@id":"https:\/\/narteks.net\/#\/schema\/person\/image\/","url":"https:\/\/secure.gravatar.com\/avatar\/50865afb55632c4ae467e0af0930f6510aa2297d8014be502a55b14f3b7550cf?s=96&d=mm&r=g","contentUrl":"https:\/\/secure.gravatar.com\/avatar\/50865afb55632c4ae467e0af0930f6510aa2297d8014be502a55b14f3b7550cf?s=96&d=mm&r=g","caption":"Tar\u0131k"},"sameAs":["http:\/\/narteks.net"],"url":"https:\/\/narteks.net\/index.php\/author\/narbak\/"}]}},"_links":{"self":[{"href":"https:\/\/narteks.net\/index.php\/wp-json\/wp\/v2\/posts\/4581","targetHints":{"allow":["GET"]}}],"collection":[{"href":"https:\/\/narteks.net\/index.php\/wp-json\/wp\/v2\/posts"}],"about":[{"href":"https:\/\/narteks.net\/index.php\/wp-json\/wp\/v2\/types\/post"}],"author":[{"embeddable":true,"href":"https:\/\/narteks.net\/index.php\/wp-json\/wp\/v2\/users\/1"}],"replies":[{"embeddable":true,"href":"https:\/\/narteks.net\/index.php\/wp-json\/wp\/v2\/comments?post=4581"}],"version-history":[{"count":0,"href":"https:\/\/narteks.net\/index.php\/wp-json\/wp\/v2\/posts\/4581\/revisions"}],"wp:attachment":[{"href":"https:\/\/narteks.net\/index.php\/wp-json\/wp\/v2\/media?parent=4581"}],"wp:term":[{"taxonomy":"category","embeddable":true,"href":"https:\/\/narteks.net\/index.php\/wp-json\/wp\/v2\/categories?post=4581"},{"taxonomy":"post_tag","embeddable":true,"href":"https:\/\/narteks.net\/index.php\/wp-json\/wp\/v2\/tags?post=4581"}],"curies":[{"name":"wp","href":"https:\/\/api.w.org\/{rel}","templated":true}]}}