{"id":4582,"date":"2010-05-04T10:40:33","date_gmt":"2010-05-04T07:40:33","guid":{"rendered":"http:\/\/localhost\/wordpress\/2010\/05\/04\/herkes-birbirinden-bir-sey-anliyor-ama-dogru-mu-anliyor-drerdal-atabek\/"},"modified":"2010-05-04T10:40:33","modified_gmt":"2010-05-04T07:40:33","slug":"herkes-birbirinden-bir-sey-anliyor-ama-dogru-mu-anliyor-drerdal-atabek","status":"publish","type":"post","link":"https:\/\/narteks.net\/index.php\/2010\/05\/04\/herkes-birbirinden-bir-sey-anliyor-ama-dogru-mu-anliyor-drerdal-atabek\/","title":{"rendered":"Herkes birbirinden bir \u015fey anl\u0131yor. Ama do\u011fru mu anl\u0131yor? Dr.Erdal Atabek"},"content":{"rendered":"<p style=\"text-align: justify;\"><img loading=\"lazy\" decoding=\"async\" src=\"http:\/\/www.dzll.com\/CMSU\/erdalatabek\/img_konu\/erdalatabek_4_lores.jpg\" border=\"0\" alt=\"erdalatabek\" width=\"155\" height=\"205\" style=\"float: left; border: 0;\" \/>-Beni anlamad\u0131. Ona neler anlatmak istemi\u015ftim. Anlamad\u0131. Bilseniz nas\u0131l k\u0131r\u0131ld\u0131m. Anla\u015f\u0131lmamak \u00e7ok ac\u0131 geldi bana. Neden bilmem, anlayacak sanm\u0131\u015ft\u0131m. Size s\u00f6yleyebilirim, anlad\u0131\u011f\u0131n\u0131 da sanm\u0131\u015ft\u0131m. Hep beni anl\u0131yor diye bakm\u0131\u015ft\u0131m. Bo\u015funaym\u0131\u015f, anlamam\u0131\u015f. Ba\u015f\u0131ndan beri anlamam\u0131\u015f hem de. \u00c7ok yaz\u0131k. \u015eimdi kendimi \u00f6yle bo\u015f hissediyorum ki. \u00d6yle bo\u015f. Ne diyece\u011fimi bilmiyorum. <\/p>\n<p>-Beni kimse anlam\u0131yor. Ne annem, ne babam, ne de arkada\u015flar\u0131m. Kimse anlam\u0131yor. Ben de art\u0131k onlara anlatma \u00e7abas\u0131na girmiyorum. Kimsenin beni anlamad\u0131\u011f\u0131n\u0131 biliyorum. Art\u0131k beni anlayacak birinin \u00e7\u0131kaca\u011f\u0131ndan umudum da yok. \u0130nan\u0131n yok. Ama birinin beni anlamas\u0131 gerek. D\u00fcnyada beni anlayacak bir ki\u015finin bile olmamas\u0131 ne ac\u0131. Kitaplara kapan\u0131yorum, m\u00fczik dinliyorum. Onlar beni anl\u0131yor mu bilmiyorum ama hi\u00e7 de\u011filse ben onlar\u0131 anlamaya \u00e7al\u0131\u015f\u0131yorum. Bu da bir \u015feydir.<\/p>\n<p style=\"text-align: justify;\">-Beni hi\u00e7 anlamam\u0131\u015f. D\u00fc\u015f\u00fcnebiliyor musunuz, beni hi\u00e7 anlamam\u0131\u015f. Y\u0131llar sonra anlad\u0131m bunu. Anlad\u0131m ve y\u0131k\u0131ld\u0131m. Neredeyse on be\u015f y\u0131l oluyor. Fl\u00f6rt etmi\u015fiz, arkada\u015f olmu\u015fuz, evlenmi\u015fiz, \u00e7ocuklar\u0131m\u0131z olmu\u015f. Ve sonunda beni anlamad\u0131\u011f\u0131n\u0131 anl\u0131yorum. Beni y\u0131kan da, bug\u00fcn beni anlamamas\u0131 de\u011fil, ba\u015f\u0131ndan beri anlamam\u0131\u015f olmas\u0131. Ba\u015f\u0131ndan beri beni anlamam\u0131\u015f.<\/p>\n<p>Diyeceksiniz ki, nas\u0131l olur, bug\u00fcne kadar sizi anlamad\u0131\u011f\u0131n\u0131 anlamad\u0131n\u0131z. \u0130nan\u0131n, anlamam\u0131\u015f\u0131m, as\u0131l kendi aptall\u0131\u011f\u0131ma k\u0131z\u0131yorum. \u0130nan\u0131n, insanlara g\u00fcvenim kalmad\u0131. D\u00fcnyada hi\u00e7bir \u015feye g\u00fcvenemeyecek mi insan? Anla\u015f\u0131lmamak. \u00c7ok \u00f6nemli mi? Evet, \u00e7ok \u00f6nemli. Belki de b\u00fct\u00fcn hayat\u0131m\u0131z\u0131 anla\u015f\u0131lmak, i\u00e7in ya\u015f\u0131yoruz. Bu denli \u00f6nemli. \u0130nsan\u0131n anla\u015f\u0131lmas\u0131. Burada g\u00fc\u00e7 olan, sizi ba\u015fka birinin anlamas\u0131n\u0131n gerekli olu\u015fu. Anla\u015f\u0131lmak i\u00e7in bizden ba\u015fka birisi gerekli. \u0130\u015fte o birisi \u00e7ok \u00f6nemli. Belki de hayat\u0131m\u0131z\u0131n en \u00f6nemli birisi. <\/p>\n<p>Anla\u015f\u0131lman\u0131n \u00f6nemli yan\u0131 do\u011fru anla\u015f\u0131lmak. Yoksa, herkes birbirinden bir \u015fey anl\u0131yor. Ama do\u011fru mu anl\u0131yor&#8217;? Belki de as\u0131l sorun bu. Do\u011fru anlamak, san\u0131ld\u0131\u011f\u0131ndan daha incelikli, \u00e7ok daha duyarl\u0131 bir i\u015f. \u0130nsan\u0131n yaln\u0131z d\u0131\u015f\u0131n\u0131 de\u011fil, i\u00e7ini de g\u00f6rebilmek. Yaln\u0131z g\u00f6r\u00fcneni de\u011fil g\u00f6r\u00fcnmeyeni de sezebilmek. Yaln\u0131z bug\u00fcn\u00fc de\u011fil, d\u00fcn\u00fc de, yar\u0131n\u0131 da kavrayabilmek. As\u0131l g\u00fc\u00e7l\u00fck burada. \u0130ncelik isteyen, duyarl\u0131l\u0131k isteyen, sezgi isteyen, sevgi isteyen, sayg\u0131 isteyen insanca bir bak\u0131\u015f\u0131n az bulunurlu\u011fu burada. Bir insan\u0131 do\u011fru anlayabilmek? Y\u0131llar boyu hep bunu d\u00fc\u015f\u00fcnm\u00fc\u015ft\u00fcm. Yan\u0131mdaki insan\u0131 do\u011fru anl\u0131yor muydum? Yan\u0131mdaki insan\u0131 anl\u0131yor muydum? Ku\u015fkum mu vard\u0131? Evet, hep ku\u015fkum vard\u0131. Yan\u0131mdaki insandan de\u011fil, kendimden ku\u015fku duyuyordum. \u0130nsan\u0131 anlama yetilerim yeterli miydi? \u0130nsan\u0131 anlama dikkatim yeterli miydi? \u0130nsan\u0131 anlama iste\u011fim yeterli miydi? Ben, bir insan\u0131 anlamak i\u00e7in yeterli miydim? Kendimden hep ku\u015fku duydum. Kendi yeterlili\u011fimden ku\u015fku duydum. Bundan ku\u015fku duymayan insanlardan da hep ku\u015fku duydum. <\/p>\n<p>Ben onu biliyorum, diyenlerden. Ben onu tan\u0131yorum diyenlerden. Hep ku\u015fku duydum. Bir insan\u0131 tan\u0131mak \u00f6yle kolay m\u0131yd\u0131? O insan s\u00fcrekli de\u011fi\u015fen insan de\u011fil miydi? Bir insan\u0131 tan\u0131yabilirdiniz ama o insan on y\u0131l \u00f6nceki insan olabilir miydi, \u00fc\u00e7 ay \u00f6nceki insan m\u0131yd\u0131, d\u00fcnk\u00fc insan m\u0131yd\u0131? Bunu d\u00fc\u015f\u00fcn\u00fcr m\u00fcyd\u00fcn\u00fcz? Hay\u0131r. Bunu d\u00fc\u015f\u00fcnmezdiniz. Bir insana bir kez bakard\u0131n\u0131z, sonra o insan\u0131n hep \u00f6yle oldu\u011funu d\u00fc\u015f\u00fcn\u00fcrd\u00fcn\u00fcz. Oysa yanl\u0131\u015ft\u0131 bu, o insan ayn\u0131 insan de\u011fildi, olamazd\u0131. Bunu d\u00fc\u015f\u00fcnmezdiniz. Sonra da \u015fa\u015f\u0131r\u0131rd\u0131n\u0131z. \u00c7ok \u015fa\u015f\u0131r\u0131rd\u0131n\u0131z. O b\u00f6yle yapmazd\u0131. Ben onu iyi tan\u0131r\u0131m, o b\u00f6yle de\u011fildir. Hayret, bu yan\u0131n\u0131 hi\u00e7 bilmiyordum. Ya insan\u0131n kendini tan\u0131mas\u0131? Belki de i\u015fin en g\u00fc\u00e7 olan\u0131. KEND\u0130N\u0130 TANIMAK. <\/p>\n<p>Kendinizi merak ettiniz mi?, Ben kimim? Ben nas\u0131l biriyim? Ben nas\u0131l bir kad\u0131n\u0131m? Ben nas\u0131l bir erke\u011fim? diye d\u00fc\u015f\u00fcnd\u00fcn\u00fcz m\u00fc? Siz kendinizi merak etmedinizse, siz kendinizi do\u011fru d\u00fcr\u00fcst tan\u0131mad\u0131n\u0131zsa, nas\u0131l olur da ba\u015fkas\u0131n\u0131n sizi anlamas\u0131n\u0131 beklersiniz? Siz kendinizi anl\u0131yor musunuz? Siz kendinize anlay\u0131\u015fl\u0131 davran\u0131yor musunuz? Yoksa s\u00fcrekli kendinizi yarg\u0131l\u0131yor musunuz? Kendinizi hor mu g\u00f6r\u00fcyorsunuz? Kendinizi de\u011fersiz mi buluyorsunuz, i\u015fe yaramaz biriyim, mi diyorsunuz? Dikkat edin, kendimizi hep ba\u015fkas\u0131n\u0131n g\u00f6z\u00fcyle g\u00f6rmeye al\u0131\u015fm\u0131\u015f\u0131zd\u0131r. Hep Ba\u015fkalar\u0131 bizi nas\u0131l bulur? diye d\u00fc\u015f\u00fcnm\u00fc\u015f\u00fczd\u00fcr. Ba\u015fkalar\u0131. Hep ba\u015fkalar\u0131. Arkada\u015f, sevgili, e\u015f, kom\u015fular, \u00e7evre, toplum. Hep ba\u015fkalar\u0131. Onlar i\u00e7in giyinmi\u015fiz, onlar i\u00e7in soyunmu\u015fuz, onlar i\u00e7in konu\u015fmu\u015fuz, onlar i\u00e7in susmu\u015fuz. Hep ba\u015fkalar\u0131. Ba\u015fkalar\u0131n\u0131n g\u00f6z\u00fcndeki insan olmu\u015fuz. Ya kendimiz? Biz kimiz ve kendimiz i\u00e7in ne yapm\u0131\u015f\u0131z? Belki de ka\u00e7t\u0131\u011f\u0131m\u0131z sorun budur. Son kitab\u0131mla ilgili konu\u015fmalarda s\u0131k s\u0131k ayn\u0131 soruyu duydum: <\/p>\n<p>-Nas\u0131l oluyor da erkek oldu\u011funuz halde kad\u0131nlar\u0131n duygular\u0131n\u0131 bu denli iyi anlayabiliyorsunuz? Soruyu \u015fu yan\u0131tla kar\u015f\u0131l\u0131yordum: <\/p>\n<p>-Erkekler kad\u0131nlar\u0131 anlayamaz m\u0131? Yan\u0131t genellikle \u015f\u00f6yle oluyordu: <br \/>-Ben anlayan\u0131n\u0131 hi\u00e7 g\u00f6rmedim. Kad\u0131nlar, kad\u0131nlar\u0131n duygular\u0131n\u0131, d\u00fc\u015f\u00fcncelerini, davran\u0131\u015flar\u0131n\u0131, sorunlar\u0131n\u0131 bir erke\u011fin anlayabilece\u011fini g\u00f6rmemi\u015flerdi, d\u00fc\u015f\u00fcnemiyorlard\u0131. Toplumumuzda kad\u0131n-erkek ileti\u015fimi bu kadar m\u0131 kopmu\u015ftu? Erkekler, kad\u0131nlar\u0131 bir t\u00fcrl\u00fc do\u011fru anlayam\u0131yor muydu? B\u00f6yleyse, neden b\u00f6yle oluyordu? Toplumumuzda insan mutlulu\u011funun \u00f6n\u00fcndeki \u00f6nemli engellerden biri de bu muydu? Erkekler kad\u0131nlar\u0131 anlayam\u0131yordu. Peki, kad\u0131nlar erkekleri anl\u0131yor muydu? <\/p>\n<p>Belki de temelde yatan sorun \u0130NSAN \u0130NSANI ANLIYOR MUYDU? Yoksa biz, \u0130NSAN&#8217;\u0131n \u00f6n\u00fcnde duran y\u00fck\u00fcml\u00fcl\u00fckleri g\u00f6rmekten insan\u0131 g\u00f6remiyor muyduk? Acaba g\u00fcnl\u00fck hayat bizi \u00f6ylesine bo\u011fuyor da, bu karmakar\u0131\u015f\u0131k dokuda yan\u0131m\u0131zdaki \u0130NSAN&#8217;\u0131 kaybediyor muyduk? -Bir g\u00fcn olsun eline bir \u00e7i\u00e7ek al\u0131p getirmedi. -Bir g\u00fcn de bana i\u015finde yoruluyor musun diye sormad\u0131. -Har\u00e7l\u0131\u011f\u0131n yetiyor mu diye bir kere olsun merak etmedi. Gen\u00e7ler, orta ya\u015fl\u0131lar, ya\u015fl\u0131lar, kad\u0131nlar, erkekler bunca hayhuyun i\u00e7inde bir kere olsun, bir g\u00fcn olsun, kendinden ba\u015fkas\u0131n\u0131 d\u00fc\u015f\u00fcnd\u00fcler mi, kendinden ba\u015fkas\u0131n\u0131 merak ettiler mi, kendinden ba\u015fkas\u0131n\u0131n ne isteyebilece\u011fini duyumsad\u0131lar m\u0131? Kendimize de sormayal\u0131m m\u0131? D\u00fc\u015f\u00fcnd\u00fck m\u00fc, merak ettik mi, duyumsad\u0131k m\u0131? Yoksa her \u015fey elektrik faturalar\u0131 m\u0131, de\u011fi\u015ftiremedi\u011fimiz tak\u0131mlar m\u0131, alamad\u0131\u011f\u0131m\u0131z elektrik s\u00fcp\u00fcrgesi mi? Kendimize de sormayal\u0131m m\u0131? Gelin \u00f6nce kendimize soral\u0131m. Sonra da yan\u0131m\u0131zdaki insana s\u00f6yleyelim. Onunla konu\u015fal\u0131m. Ona anlatal\u0131m. Konu\u015fmaktan, anlatmaktan korkmayal\u0131m. Beni anlamal\u0131s\u0131n, diyelim. Bunu s\u00f6ylemek bizi k\u00fc\u00e7\u00fcltmez. K\u00fc\u00e7\u00fclt\u00fcr, o anlas\u0131n diye d\u00fc\u015f\u00fcnmeyelim. Gelin bunu yapal\u0131m. <\/p>\n<p>\u0130nsan, insanca davran\u0131rken sadece b\u00fcy\u00fcr.<\/p>\n<p>\u00a0<\/p>\n","protected":false},"excerpt":{"rendered":"<p>-Beni anlamad\u0131. Ona neler anlatmak istemi\u015ftim. Anlamad\u0131. Bilseniz nas\u0131l k\u0131r\u0131ld\u0131m. Anla\u015f\u0131lmamak \u00e7ok ac\u0131 geldi bana. Neden bilmem, anlayacak sanm\u0131\u015ft\u0131m. Size s\u00f6yleyebilirim, anlad\u0131\u011f\u0131n\u0131 da sanm\u0131\u015ft\u0131m. Hep beni anl\u0131yor diye bakm\u0131\u015ft\u0131m. Bo\u015funaym\u0131\u015f, anlamam\u0131\u015f. Ba\u015f\u0131ndan beri anlamam\u0131\u015f hem de. \u00c7ok yaz\u0131k. \u015eimdi kendimi \u00f6yle bo\u015f hissediyorum ki. \u00d6yle bo\u015f. Ne diyece\u011fimi bilmiyorum. -Beni kimse anlam\u0131yor. Ne annem, ne [&hellip;]<\/p>\n","protected":false},"author":1,"featured_media":0,"comment_status":"open","ping_status":"open","sticky":false,"template":"","format":"standard","meta":{"footnotes":""},"categories":[52],"tags":[],"class_list":{"0":"post-4582","1":"post","2":"type-post","3":"status-publish","4":"format-standard","6":"category-psikoloji"},"yoast_head":"<!-- This site is optimized with the Yoast SEO Premium plugin v24.9 (Yoast SEO v24.9) - https:\/\/yoast.com\/wordpress\/plugins\/seo\/ -->\n<title>Herkes birbirinden bir \u015fey anl\u0131yor. Ama do\u011fru mu anl\u0131yor? Dr.Erdal Atabek - narteks.net<\/title>\n<meta name=\"robots\" content=\"index, follow, max-snippet:-1, max-image-preview:large, max-video-preview:-1\" \/>\n<link rel=\"canonical\" href=\"https:\/\/narteks.net\/index.php\/2010\/05\/04\/herkes-birbirinden-bir-sey-anliyor-ama-dogru-mu-anliyor-drerdal-atabek\/\" \/>\n<meta property=\"og:locale\" content=\"tr_TR\" \/>\n<meta property=\"og:type\" content=\"article\" \/>\n<meta property=\"og:title\" content=\"Herkes birbirinden bir \u015fey anl\u0131yor. Ama do\u011fru mu anl\u0131yor? Dr.Erdal Atabek\" \/>\n<meta property=\"og:description\" content=\"-Beni anlamad\u0131. Ona neler anlatmak istemi\u015ftim. Anlamad\u0131. Bilseniz nas\u0131l k\u0131r\u0131ld\u0131m. Anla\u015f\u0131lmamak \u00e7ok ac\u0131 geldi bana. Neden bilmem, anlayacak sanm\u0131\u015ft\u0131m. Size s\u00f6yleyebilirim, anlad\u0131\u011f\u0131n\u0131 da sanm\u0131\u015ft\u0131m. Hep beni anl\u0131yor diye bakm\u0131\u015ft\u0131m. Bo\u015funaym\u0131\u015f, anlamam\u0131\u015f. Ba\u015f\u0131ndan beri anlamam\u0131\u015f hem de. \u00c7ok yaz\u0131k. \u015eimdi kendimi \u00f6yle bo\u015f hissediyorum ki. \u00d6yle bo\u015f. Ne diyece\u011fimi bilmiyorum. -Beni kimse anlam\u0131yor. Ne annem, ne [&hellip;]\" \/>\n<meta property=\"og:url\" content=\"https:\/\/narteks.net\/index.php\/2010\/05\/04\/herkes-birbirinden-bir-sey-anliyor-ama-dogru-mu-anliyor-drerdal-atabek\/\" \/>\n<meta property=\"og:site_name\" content=\"narteks.net\" \/>\n<meta property=\"article:published_time\" content=\"2010-05-04T07:40:33+00:00\" \/>\n<meta property=\"og:image\" content=\"http:\/\/www.dzll.com\/CMSU\/erdalatabek\/img_konu\/erdalatabek_4_lores.jpg\" \/>\n<meta name=\"author\" content=\"Tar\u0131k\" \/>\n<meta name=\"twitter:card\" content=\"summary_large_image\" \/>\n<meta name=\"twitter:creator\" content=\"@narteks\" \/>\n<meta name=\"twitter:site\" content=\"@narteks\" \/>\n<meta name=\"twitter:label1\" content=\"Yazan:\" \/>\n\t<meta name=\"twitter:data1\" content=\"Tar\u0131k\" \/>\n\t<meta name=\"twitter:label2\" content=\"Tahmini okuma s\u00fcresi\" \/>\n\t<meta name=\"twitter:data2\" content=\"6 dakika\" \/>\n<script type=\"application\/ld+json\" class=\"yoast-schema-graph\">{\"@context\":\"https:\/\/schema.org\",\"@graph\":[{\"@type\":\"Article\",\"@id\":\"https:\/\/narteks.net\/index.php\/2010\/05\/04\/herkes-birbirinden-bir-sey-anliyor-ama-dogru-mu-anliyor-drerdal-atabek\/#article\",\"isPartOf\":{\"@id\":\"https:\/\/narteks.net\/index.php\/2010\/05\/04\/herkes-birbirinden-bir-sey-anliyor-ama-dogru-mu-anliyor-drerdal-atabek\/\"},\"author\":{\"name\":\"Tar\u0131k\",\"@id\":\"https:\/\/narteks.net\/#\/schema\/person\/61f37d9834294b72d31d274e7ed79bca\"},\"headline\":\"Herkes birbirinden bir \u015fey anl\u0131yor. Ama do\u011fru mu anl\u0131yor? Dr.Erdal Atabek\",\"datePublished\":\"2010-05-04T07:40:33+00:00\",\"mainEntityOfPage\":{\"@id\":\"https:\/\/narteks.net\/index.php\/2010\/05\/04\/herkes-birbirinden-bir-sey-anliyor-ama-dogru-mu-anliyor-drerdal-atabek\/\"},\"wordCount\":1235,\"commentCount\":0,\"publisher\":{\"@id\":\"https:\/\/narteks.net\/#organization\"},\"image\":{\"@id\":\"https:\/\/narteks.net\/index.php\/2010\/05\/04\/herkes-birbirinden-bir-sey-anliyor-ama-dogru-mu-anliyor-drerdal-atabek\/#primaryimage\"},\"thumbnailUrl\":\"http:\/\/www.dzll.com\/CMSU\/erdalatabek\/img_konu\/erdalatabek_4_lores.jpg\",\"articleSection\":[\"Psikoloji\"],\"inLanguage\":\"tr\",\"potentialAction\":[{\"@type\":\"CommentAction\",\"name\":\"Comment\",\"target\":[\"https:\/\/narteks.net\/index.php\/2010\/05\/04\/herkes-birbirinden-bir-sey-anliyor-ama-dogru-mu-anliyor-drerdal-atabek\/#respond\"]}]},{\"@type\":\"WebPage\",\"@id\":\"https:\/\/narteks.net\/index.php\/2010\/05\/04\/herkes-birbirinden-bir-sey-anliyor-ama-dogru-mu-anliyor-drerdal-atabek\/\",\"url\":\"https:\/\/narteks.net\/index.php\/2010\/05\/04\/herkes-birbirinden-bir-sey-anliyor-ama-dogru-mu-anliyor-drerdal-atabek\/\",\"name\":\"Herkes birbirinden bir \u015fey anl\u0131yor. Ama do\u011fru mu anl\u0131yor? Dr.Erdal Atabek - narteks.net\",\"isPartOf\":{\"@id\":\"https:\/\/narteks.net\/#website\"},\"primaryImageOfPage\":{\"@id\":\"https:\/\/narteks.net\/index.php\/2010\/05\/04\/herkes-birbirinden-bir-sey-anliyor-ama-dogru-mu-anliyor-drerdal-atabek\/#primaryimage\"},\"image\":{\"@id\":\"https:\/\/narteks.net\/index.php\/2010\/05\/04\/herkes-birbirinden-bir-sey-anliyor-ama-dogru-mu-anliyor-drerdal-atabek\/#primaryimage\"},\"thumbnailUrl\":\"http:\/\/www.dzll.com\/CMSU\/erdalatabek\/img_konu\/erdalatabek_4_lores.jpg\",\"datePublished\":\"2010-05-04T07:40:33+00:00\",\"breadcrumb\":{\"@id\":\"https:\/\/narteks.net\/index.php\/2010\/05\/04\/herkes-birbirinden-bir-sey-anliyor-ama-dogru-mu-anliyor-drerdal-atabek\/#breadcrumb\"},\"inLanguage\":\"tr\",\"potentialAction\":[{\"@type\":\"ReadAction\",\"target\":[\"https:\/\/narteks.net\/index.php\/2010\/05\/04\/herkes-birbirinden-bir-sey-anliyor-ama-dogru-mu-anliyor-drerdal-atabek\/\"]}]},{\"@type\":\"ImageObject\",\"inLanguage\":\"tr\",\"@id\":\"https:\/\/narteks.net\/index.php\/2010\/05\/04\/herkes-birbirinden-bir-sey-anliyor-ama-dogru-mu-anliyor-drerdal-atabek\/#primaryimage\",\"url\":\"http:\/\/www.dzll.com\/CMSU\/erdalatabek\/img_konu\/erdalatabek_4_lores.jpg\",\"contentUrl\":\"http:\/\/www.dzll.com\/CMSU\/erdalatabek\/img_konu\/erdalatabek_4_lores.jpg\"},{\"@type\":\"BreadcrumbList\",\"@id\":\"https:\/\/narteks.net\/index.php\/2010\/05\/04\/herkes-birbirinden-bir-sey-anliyor-ama-dogru-mu-anliyor-drerdal-atabek\/#breadcrumb\",\"itemListElement\":[{\"@type\":\"ListItem\",\"position\":1,\"name\":\"Anasayfa\",\"item\":\"https:\/\/narteks.net\/\"},{\"@type\":\"ListItem\",\"position\":2,\"name\":\"Herkes birbirinden bir \u015fey anl\u0131yor. Ama do\u011fru mu anl\u0131yor? Dr.Erdal Atabek\"}]},{\"@type\":\"WebSite\",\"@id\":\"https:\/\/narteks.net\/#website\",\"url\":\"https:\/\/narteks.net\/\",\"name\":\"narteks.net\",\"description\":\"K\u00fclt\u00fcr Sanat Edebiyat Felsefe\",\"publisher\":{\"@id\":\"https:\/\/narteks.net\/#organization\"},\"alternateName\":\"K\u00fclt\u00fcr Sanat Edebiyat Felsefe\",\"potentialAction\":[{\"@type\":\"SearchAction\",\"target\":{\"@type\":\"EntryPoint\",\"urlTemplate\":\"https:\/\/narteks.net\/?s={search_term_string}\"},\"query-input\":{\"@type\":\"PropertyValueSpecification\",\"valueRequired\":true,\"valueName\":\"search_term_string\"}}],\"inLanguage\":\"tr\"},{\"@type\":\"Organization\",\"@id\":\"https:\/\/narteks.net\/#organization\",\"name\":\"narteks.net\",\"url\":\"https:\/\/narteks.net\/\",\"logo\":{\"@type\":\"ImageObject\",\"inLanguage\":\"tr\",\"@id\":\"https:\/\/narteks.net\/#\/schema\/logo\/image\/\",\"url\":\"https:\/\/narteks.net\/wp-content\/uploads\/narteks.png\",\"contentUrl\":\"https:\/\/narteks.net\/wp-content\/uploads\/narteks.png\",\"width\":300,\"height\":90,\"caption\":\"narteks.net\"},\"image\":{\"@id\":\"https:\/\/narteks.net\/#\/schema\/logo\/image\/\"},\"sameAs\":[\"https:\/\/x.com\/narteks\",\"https:\/\/instagram.com\/narteksnet\"]},{\"@type\":\"Person\",\"@id\":\"https:\/\/narteks.net\/#\/schema\/person\/61f37d9834294b72d31d274e7ed79bca\",\"name\":\"Tar\u0131k\",\"image\":{\"@type\":\"ImageObject\",\"inLanguage\":\"tr\",\"@id\":\"https:\/\/narteks.net\/#\/schema\/person\/image\/\",\"url\":\"https:\/\/secure.gravatar.com\/avatar\/50865afb55632c4ae467e0af0930f6510aa2297d8014be502a55b14f3b7550cf?s=96&d=mm&r=g\",\"contentUrl\":\"https:\/\/secure.gravatar.com\/avatar\/50865afb55632c4ae467e0af0930f6510aa2297d8014be502a55b14f3b7550cf?s=96&d=mm&r=g\",\"caption\":\"Tar\u0131k\"},\"sameAs\":[\"http:\/\/narteks.net\"],\"url\":\"https:\/\/narteks.net\/index.php\/author\/narbak\/\"}]}<\/script>\n<!-- \/ Yoast SEO Premium plugin. -->","yoast_head_json":{"title":"Herkes birbirinden bir \u015fey anl\u0131yor. Ama do\u011fru mu anl\u0131yor? Dr.Erdal Atabek - narteks.net","robots":{"index":"index","follow":"follow","max-snippet":"max-snippet:-1","max-image-preview":"max-image-preview:large","max-video-preview":"max-video-preview:-1"},"canonical":"https:\/\/narteks.net\/index.php\/2010\/05\/04\/herkes-birbirinden-bir-sey-anliyor-ama-dogru-mu-anliyor-drerdal-atabek\/","og_locale":"tr_TR","og_type":"article","og_title":"Herkes birbirinden bir \u015fey anl\u0131yor. Ama do\u011fru mu anl\u0131yor? Dr.Erdal Atabek","og_description":"-Beni anlamad\u0131. Ona neler anlatmak istemi\u015ftim. Anlamad\u0131. Bilseniz nas\u0131l k\u0131r\u0131ld\u0131m. Anla\u015f\u0131lmamak \u00e7ok ac\u0131 geldi bana. Neden bilmem, anlayacak sanm\u0131\u015ft\u0131m. Size s\u00f6yleyebilirim, anlad\u0131\u011f\u0131n\u0131 da sanm\u0131\u015ft\u0131m. Hep beni anl\u0131yor diye bakm\u0131\u015ft\u0131m. Bo\u015funaym\u0131\u015f, anlamam\u0131\u015f. Ba\u015f\u0131ndan beri anlamam\u0131\u015f hem de. \u00c7ok yaz\u0131k. \u015eimdi kendimi \u00f6yle bo\u015f hissediyorum ki. \u00d6yle bo\u015f. Ne diyece\u011fimi bilmiyorum. -Beni kimse anlam\u0131yor. Ne annem, ne [&hellip;]","og_url":"https:\/\/narteks.net\/index.php\/2010\/05\/04\/herkes-birbirinden-bir-sey-anliyor-ama-dogru-mu-anliyor-drerdal-atabek\/","og_site_name":"narteks.net","article_published_time":"2010-05-04T07:40:33+00:00","og_image":[{"url":"http:\/\/www.dzll.com\/CMSU\/erdalatabek\/img_konu\/erdalatabek_4_lores.jpg","type":"","width":"","height":""}],"author":"Tar\u0131k","twitter_card":"summary_large_image","twitter_creator":"@narteks","twitter_site":"@narteks","twitter_misc":{"Yazan:":"Tar\u0131k","Tahmini okuma s\u00fcresi":"6 dakika"},"schema":{"@context":"https:\/\/schema.org","@graph":[{"@type":"Article","@id":"https:\/\/narteks.net\/index.php\/2010\/05\/04\/herkes-birbirinden-bir-sey-anliyor-ama-dogru-mu-anliyor-drerdal-atabek\/#article","isPartOf":{"@id":"https:\/\/narteks.net\/index.php\/2010\/05\/04\/herkes-birbirinden-bir-sey-anliyor-ama-dogru-mu-anliyor-drerdal-atabek\/"},"author":{"name":"Tar\u0131k","@id":"https:\/\/narteks.net\/#\/schema\/person\/61f37d9834294b72d31d274e7ed79bca"},"headline":"Herkes birbirinden bir \u015fey anl\u0131yor. Ama do\u011fru mu anl\u0131yor? Dr.Erdal Atabek","datePublished":"2010-05-04T07:40:33+00:00","mainEntityOfPage":{"@id":"https:\/\/narteks.net\/index.php\/2010\/05\/04\/herkes-birbirinden-bir-sey-anliyor-ama-dogru-mu-anliyor-drerdal-atabek\/"},"wordCount":1235,"commentCount":0,"publisher":{"@id":"https:\/\/narteks.net\/#organization"},"image":{"@id":"https:\/\/narteks.net\/index.php\/2010\/05\/04\/herkes-birbirinden-bir-sey-anliyor-ama-dogru-mu-anliyor-drerdal-atabek\/#primaryimage"},"thumbnailUrl":"http:\/\/www.dzll.com\/CMSU\/erdalatabek\/img_konu\/erdalatabek_4_lores.jpg","articleSection":["Psikoloji"],"inLanguage":"tr","potentialAction":[{"@type":"CommentAction","name":"Comment","target":["https:\/\/narteks.net\/index.php\/2010\/05\/04\/herkes-birbirinden-bir-sey-anliyor-ama-dogru-mu-anliyor-drerdal-atabek\/#respond"]}]},{"@type":"WebPage","@id":"https:\/\/narteks.net\/index.php\/2010\/05\/04\/herkes-birbirinden-bir-sey-anliyor-ama-dogru-mu-anliyor-drerdal-atabek\/","url":"https:\/\/narteks.net\/index.php\/2010\/05\/04\/herkes-birbirinden-bir-sey-anliyor-ama-dogru-mu-anliyor-drerdal-atabek\/","name":"Herkes birbirinden bir \u015fey anl\u0131yor. Ama do\u011fru mu anl\u0131yor? Dr.Erdal Atabek - narteks.net","isPartOf":{"@id":"https:\/\/narteks.net\/#website"},"primaryImageOfPage":{"@id":"https:\/\/narteks.net\/index.php\/2010\/05\/04\/herkes-birbirinden-bir-sey-anliyor-ama-dogru-mu-anliyor-drerdal-atabek\/#primaryimage"},"image":{"@id":"https:\/\/narteks.net\/index.php\/2010\/05\/04\/herkes-birbirinden-bir-sey-anliyor-ama-dogru-mu-anliyor-drerdal-atabek\/#primaryimage"},"thumbnailUrl":"http:\/\/www.dzll.com\/CMSU\/erdalatabek\/img_konu\/erdalatabek_4_lores.jpg","datePublished":"2010-05-04T07:40:33+00:00","breadcrumb":{"@id":"https:\/\/narteks.net\/index.php\/2010\/05\/04\/herkes-birbirinden-bir-sey-anliyor-ama-dogru-mu-anliyor-drerdal-atabek\/#breadcrumb"},"inLanguage":"tr","potentialAction":[{"@type":"ReadAction","target":["https:\/\/narteks.net\/index.php\/2010\/05\/04\/herkes-birbirinden-bir-sey-anliyor-ama-dogru-mu-anliyor-drerdal-atabek\/"]}]},{"@type":"ImageObject","inLanguage":"tr","@id":"https:\/\/narteks.net\/index.php\/2010\/05\/04\/herkes-birbirinden-bir-sey-anliyor-ama-dogru-mu-anliyor-drerdal-atabek\/#primaryimage","url":"http:\/\/www.dzll.com\/CMSU\/erdalatabek\/img_konu\/erdalatabek_4_lores.jpg","contentUrl":"http:\/\/www.dzll.com\/CMSU\/erdalatabek\/img_konu\/erdalatabek_4_lores.jpg"},{"@type":"BreadcrumbList","@id":"https:\/\/narteks.net\/index.php\/2010\/05\/04\/herkes-birbirinden-bir-sey-anliyor-ama-dogru-mu-anliyor-drerdal-atabek\/#breadcrumb","itemListElement":[{"@type":"ListItem","position":1,"name":"Anasayfa","item":"https:\/\/narteks.net\/"},{"@type":"ListItem","position":2,"name":"Herkes birbirinden bir \u015fey anl\u0131yor. Ama do\u011fru mu anl\u0131yor? Dr.Erdal Atabek"}]},{"@type":"WebSite","@id":"https:\/\/narteks.net\/#website","url":"https:\/\/narteks.net\/","name":"narteks.net","description":"K\u00fclt\u00fcr Sanat Edebiyat Felsefe","publisher":{"@id":"https:\/\/narteks.net\/#organization"},"alternateName":"K\u00fclt\u00fcr Sanat Edebiyat Felsefe","potentialAction":[{"@type":"SearchAction","target":{"@type":"EntryPoint","urlTemplate":"https:\/\/narteks.net\/?s={search_term_string}"},"query-input":{"@type":"PropertyValueSpecification","valueRequired":true,"valueName":"search_term_string"}}],"inLanguage":"tr"},{"@type":"Organization","@id":"https:\/\/narteks.net\/#organization","name":"narteks.net","url":"https:\/\/narteks.net\/","logo":{"@type":"ImageObject","inLanguage":"tr","@id":"https:\/\/narteks.net\/#\/schema\/logo\/image\/","url":"https:\/\/narteks.net\/wp-content\/uploads\/narteks.png","contentUrl":"https:\/\/narteks.net\/wp-content\/uploads\/narteks.png","width":300,"height":90,"caption":"narteks.net"},"image":{"@id":"https:\/\/narteks.net\/#\/schema\/logo\/image\/"},"sameAs":["https:\/\/x.com\/narteks","https:\/\/instagram.com\/narteksnet"]},{"@type":"Person","@id":"https:\/\/narteks.net\/#\/schema\/person\/61f37d9834294b72d31d274e7ed79bca","name":"Tar\u0131k","image":{"@type":"ImageObject","inLanguage":"tr","@id":"https:\/\/narteks.net\/#\/schema\/person\/image\/","url":"https:\/\/secure.gravatar.com\/avatar\/50865afb55632c4ae467e0af0930f6510aa2297d8014be502a55b14f3b7550cf?s=96&d=mm&r=g","contentUrl":"https:\/\/secure.gravatar.com\/avatar\/50865afb55632c4ae467e0af0930f6510aa2297d8014be502a55b14f3b7550cf?s=96&d=mm&r=g","caption":"Tar\u0131k"},"sameAs":["http:\/\/narteks.net"],"url":"https:\/\/narteks.net\/index.php\/author\/narbak\/"}]}},"_links":{"self":[{"href":"https:\/\/narteks.net\/index.php\/wp-json\/wp\/v2\/posts\/4582","targetHints":{"allow":["GET"]}}],"collection":[{"href":"https:\/\/narteks.net\/index.php\/wp-json\/wp\/v2\/posts"}],"about":[{"href":"https:\/\/narteks.net\/index.php\/wp-json\/wp\/v2\/types\/post"}],"author":[{"embeddable":true,"href":"https:\/\/narteks.net\/index.php\/wp-json\/wp\/v2\/users\/1"}],"replies":[{"embeddable":true,"href":"https:\/\/narteks.net\/index.php\/wp-json\/wp\/v2\/comments?post=4582"}],"version-history":[{"count":0,"href":"https:\/\/narteks.net\/index.php\/wp-json\/wp\/v2\/posts\/4582\/revisions"}],"wp:attachment":[{"href":"https:\/\/narteks.net\/index.php\/wp-json\/wp\/v2\/media?parent=4582"}],"wp:term":[{"taxonomy":"category","embeddable":true,"href":"https:\/\/narteks.net\/index.php\/wp-json\/wp\/v2\/categories?post=4582"},{"taxonomy":"post_tag","embeddable":true,"href":"https:\/\/narteks.net\/index.php\/wp-json\/wp\/v2\/tags?post=4582"}],"curies":[{"name":"wp","href":"https:\/\/api.w.org\/{rel}","templated":true}]}}