{"id":4584,"date":"2010-05-04T21:45:50","date_gmt":"2010-05-04T18:45:50","guid":{"rendered":"http:\/\/localhost\/wordpress\/2010\/05\/04\/cerb-icinde-dile-gelen-insan-erkan-kucuk\/"},"modified":"2010-05-04T21:45:50","modified_gmt":"2010-05-04T18:45:50","slug":"cerb-icinde-dile-gelen-insan-erkan-kucuk","status":"publish","type":"post","link":"https:\/\/narteks.net\/index.php\/2010\/05\/04\/cerb-icinde-dile-gelen-insan-erkan-kucuk\/","title":{"rendered":"Cerb i\u00e7inde dile gelen insan | Erkan K\u00fc\u00e7\u00fck"},"content":{"rendered":"<p style=\"text-align: justify;\">Kurucular\u0131n\u0131n (Mirza Metin, Berfin Zenderlio\u011flu) \u201cTeatra Jiyana N\u00fb\u201d ve \u201cSeyr-\u00ee Mesel\u201d gibi k\u00fcrt tiyatrosunun \u00f6nemli gruplar\u0131nda uzun zaman \u00e7al\u0131\u015f\u0131\u011f\u0131 DestAr Tiyatro 2008 y\u0131l\u0131 Ekim ay\u0131nda yola koyuldu. Geli\u015fim, olu\u015fum d\u00f6nemindeki k\u00fcrt tiyatrosuna b\u00f6ylece yeni bir soluk daha kat\u0131lm\u0131\u015f oldu. DestAr Tiyatro bug\u00fcne kadar Qe\u015fmeren Apoleti (Apoletli Soytar\u0131lar) , Kevir, Re\u015fe \u015eeve ( karabasan) gibi oyunlar\u0131 sahneledi. Son olarak bizim de burada de\u011finece\u011fimiz Cerb (deney) ile izleyici kar\u015f\u0131s\u0131na ge\u00e7tiler.<\/p>\n<p> Destar Tiyatro\u2019nun Cerb (deney) adl\u0131 oyunu s\u00f6zel dilden yal\u0131t\u0131lm\u0131\u015f yaln\u0131z kendi bedeniyle birbirleriyle ili\u015fki kuran bir grup insan\u0131n ya\u015fant\u0131s\u0131n\u0131 sunar. Bir yere kapat\u0131lan, g\u00f6zetim alt\u0131ndaki bu ki\u015filer \u00f6nce normal insani boyutlarda bir ileti\u015fim i\u00e7indeyken zamanla d\u00fc\u015fmanla\u015fmaya, birbirlerini bask\u0131 alt\u0131nda tutmaya, ezmeye ba\u015flarlar. Ko\u015fullar\u0131n\u0131n yaratt\u0131\u011f\u0131 bask\u0131 ve zorlama i\u00e7lerinde var olan rekabet duygusunun, iktidar kurma isteminin ve \u015fiddetin uyanmas\u0131na neden olur.Bir kurgu olan \u201cinsan olma\u201d hali ge\u00e7erlili\u011fini yitirir. Uygun durum ve zeminde bedenin i\u00e7ine hapsedilmi\u015f hayvan g\u00fcn \u0131\u015f\u0131\u011f\u0131na \u00e7\u0131kar. Bu noktadan sonra eylemin y\u00f6n\u00fc vah\u015fete do\u011fru ilerler. Akl\u0131n devre d\u0131\u015f\u0131 kal\u0131\u015f\u0131n\u0131n do\u011fal bir sonucu olur bu.<\/p>\n<p> Cerb\u2019in i\u00e7indekileri alana ta\u015f\u0131yan, mekana hapseden kendi g\u00f6lgeleridir. G\u00f6lgeleri hep onlar\u0131 izler. Oyundaki bu olgu temel bir \u00f6neme sahip. Jung\u2019un g\u00f6lge kavram\u0131 \u00e7er\u00e7evesinde bakt\u0131\u011f\u0131m\u0131zda oyunun alt metni daha g\u00f6r\u00fcn\u00fcrl\u00fck kazan\u0131r. Jung g\u00f6lgeyi insan\u0131n karanl\u0131k y\u00fcz\u00fc olarak g\u00f6r\u00fcr. \u0130nsan\u0131n ki\u015fisel bilin\u00e7d\u0131\u015f\u0131 alan\u0131ndaki di\u011fer y\u00fcz\u00fcd\u00fcr. G\u00f6lge y\u0131k\u0131c\u0131d\u0131r. \u201cBir in\u015fa olarak insan\u201d\u0131n d\u0131\u015f\u0131nda ya\u015fam s\u00fcrer. G\u00f6lge i\u00e7imizdeki \u015feytand\u0131r. Toplumsal alanda insanl\u0131k d\u0131\u015f\u0131 olarak etiketlendirilmi\u015f t\u00fcm vah\u015fi, sadist\u00e7e duygulard\u0131r. \u0130nsan, g\u00f6lgesini normal ko\u015fullarda bast\u0131r\u0131r. Ba\u015fka t\u00fcrl\u00fc topluluk olarak ya\u015famas\u0131 m\u00fcmk\u00fcn olamaz. Ancak Cerb\u2019te oldu\u011fu gibi ya\u015fam ko\u015fullar\u0131 de\u011fi\u015ftirildi\u011finde insan olu\u015f kimli\u011fi bir yana itilir ve \u00f6teki y\u00fcz a\u00e7\u0131\u011fa \u00e7\u0131kmakta gecikmez. Oyunun bu anlat\u0131s\u0131 insan kavram\u0131n\u0131n da sorgulanmas\u0131d\u0131r. \u0130nsan\u0131n t\u00fcm o h\u00fcmanist tan\u0131mlamalar\u0131n\u0131n yan\u0131nda birde karanl\u0131k yan\u0131n\u0131n oldu\u011fu ifade edilir.<\/p>\n<p> Ba\u015fka bir a\u00e7\u0131dan bak\u0131ld\u0131\u011f\u0131nda Cerb i\u00e7inde birbirlerine \u015fiddet uygulayan ki\u015filer, ayn\u0131 ac\u0131mas\u0131z oyunun i\u00e7ine s\u00fcr\u00fcklenmi\u015f birbirinden ya\u015fay\u0131\u015flar\u0131 itibariyle farklar\u0131 olmayan, ma\u011fdurlukta e\u015fit insanlard\u0131r. Nas\u0131l ki ayn\u0131 topraklarda benzer sorunlar i\u00e7inde ac\u0131 \u00e7eken insanlar\u0131n onlara bu s\u0131k\u0131nt\u0131lar\u0131 ya\u015fatan egemenler yerine kendi karde\u015fine yumruk sallamas\u0131, ona di\u015f bilemesi gibi, Cerb i\u00e7indeki bu insanlarda hakikate kar\u015f\u0131 k\u00f6rl\u00fckleri y\u00fcz\u00fcnden kendinden farkl\u0131 olmayan\u0131 d\u00fc\u015fman\u0131 olarak g\u00f6r\u00fcr.<\/p>\n<p> Cerb felsefi ve politik temelleriyle bize i\u00e7inde ya\u015fad\u0131\u011f\u0131m\u0131z insan\u0131 ba\u015fka bir pencereden sunuyor. S\u00f6z ile kurulmu\u015f t\u00fcm o modern insan\u0131n karanl\u0131k y\u00f6n\u00fcne, dilin d\u0131\u015f\u0131na \u00e7\u0131karak, \u0131\u015f\u0131k tutmaya \u00e7al\u0131\u015f\u0131yor.<\/p>\n","protected":false},"excerpt":{"rendered":"<p>Kurucular\u0131n\u0131n (Mirza Metin, Berfin Zenderlio\u011flu) \u201cTeatra Jiyana N\u00fb\u201d ve \u201cSeyr-\u00ee Mesel\u201d gibi k\u00fcrt tiyatrosunun \u00f6nemli gruplar\u0131nda uzun zaman \u00e7al\u0131\u015f\u0131\u011f\u0131 DestAr Tiyatro 2008 y\u0131l\u0131 Ekim ay\u0131nda yola koyuldu. Geli\u015fim, olu\u015fum d\u00f6nemindeki k\u00fcrt tiyatrosuna b\u00f6ylece yeni bir soluk daha kat\u0131lm\u0131\u015f oldu. DestAr Tiyatro bug\u00fcne kadar Qe\u015fmeren Apoleti (Apoletli Soytar\u0131lar) , Kevir, Re\u015fe \u015eeve ( karabasan) gibi oyunlar\u0131 [&hellip;]<\/p>\n","protected":false},"author":1,"featured_media":0,"comment_status":"open","ping_status":"open","sticky":false,"template":"","format":"standard","meta":{"footnotes":""},"categories":[140],"tags":[],"class_list":{"0":"post-4584","1":"post","2":"type-post","3":"status-publish","4":"format-standard","6":"category-erkan-kucuk-makale"},"yoast_head":"<!-- This site is optimized with the Yoast SEO Premium plugin v24.9 (Yoast SEO v24.9) - https:\/\/yoast.com\/wordpress\/plugins\/seo\/ -->\n<title>Cerb i\u00e7inde dile gelen insan | Erkan K\u00fc\u00e7\u00fck - narteks.net<\/title>\n<meta name=\"robots\" content=\"index, follow, max-snippet:-1, max-image-preview:large, max-video-preview:-1\" \/>\n<link rel=\"canonical\" href=\"https:\/\/narteks.net\/index.php\/2010\/05\/04\/cerb-icinde-dile-gelen-insan-erkan-kucuk\/\" \/>\n<meta property=\"og:locale\" content=\"tr_TR\" \/>\n<meta property=\"og:type\" content=\"article\" \/>\n<meta property=\"og:title\" content=\"Cerb i\u00e7inde dile gelen insan | Erkan K\u00fc\u00e7\u00fck\" \/>\n<meta property=\"og:description\" content=\"Kurucular\u0131n\u0131n (Mirza Metin, Berfin Zenderlio\u011flu) \u201cTeatra Jiyana N\u00fb\u201d ve \u201cSeyr-\u00ee Mesel\u201d gibi k\u00fcrt tiyatrosunun \u00f6nemli gruplar\u0131nda uzun zaman \u00e7al\u0131\u015f\u0131\u011f\u0131 DestAr Tiyatro 2008 y\u0131l\u0131 Ekim ay\u0131nda yola koyuldu. Geli\u015fim, olu\u015fum d\u00f6nemindeki k\u00fcrt tiyatrosuna b\u00f6ylece yeni bir soluk daha kat\u0131lm\u0131\u015f oldu. DestAr Tiyatro bug\u00fcne kadar Qe\u015fmeren Apoleti (Apoletli Soytar\u0131lar) , Kevir, Re\u015fe \u015eeve ( karabasan) gibi oyunlar\u0131 [&hellip;]\" \/>\n<meta property=\"og:url\" content=\"https:\/\/narteks.net\/index.php\/2010\/05\/04\/cerb-icinde-dile-gelen-insan-erkan-kucuk\/\" \/>\n<meta property=\"og:site_name\" content=\"narteks.net\" \/>\n<meta property=\"article:published_time\" content=\"2010-05-04T18:45:50+00:00\" \/>\n<meta property=\"og:image\" content=\"https:\/\/narteks.net\/wp-content\/uploads\/narteks.png\" \/>\n\t<meta property=\"og:image:width\" content=\"300\" \/>\n\t<meta property=\"og:image:height\" content=\"90\" \/>\n\t<meta property=\"og:image:type\" content=\"image\/png\" \/>\n<meta name=\"author\" content=\"Tar\u0131k\" \/>\n<meta name=\"twitter:card\" content=\"summary_large_image\" \/>\n<meta name=\"twitter:creator\" content=\"@narteks\" \/>\n<meta name=\"twitter:site\" content=\"@narteks\" \/>\n<meta name=\"twitter:label1\" content=\"Yazan:\" \/>\n\t<meta name=\"twitter:data1\" content=\"Tar\u0131k\" \/>\n\t<meta name=\"twitter:label2\" content=\"Tahmini okuma s\u00fcresi\" \/>\n\t<meta name=\"twitter:data2\" content=\"3 dakika\" \/>\n<script type=\"application\/ld+json\" class=\"yoast-schema-graph\">{\"@context\":\"https:\/\/schema.org\",\"@graph\":[{\"@type\":\"Article\",\"@id\":\"https:\/\/narteks.net\/index.php\/2010\/05\/04\/cerb-icinde-dile-gelen-insan-erkan-kucuk\/#article\",\"isPartOf\":{\"@id\":\"https:\/\/narteks.net\/index.php\/2010\/05\/04\/cerb-icinde-dile-gelen-insan-erkan-kucuk\/\"},\"author\":{\"name\":\"Tar\u0131k\",\"@id\":\"https:\/\/narteks.net\/#\/schema\/person\/61f37d9834294b72d31d274e7ed79bca\"},\"headline\":\"Cerb i\u00e7inde dile gelen insan | Erkan K\u00fc\u00e7\u00fck\",\"datePublished\":\"2010-05-04T18:45:50+00:00\",\"mainEntityOfPage\":{\"@id\":\"https:\/\/narteks.net\/index.php\/2010\/05\/04\/cerb-icinde-dile-gelen-insan-erkan-kucuk\/\"},\"wordCount\":559,\"commentCount\":0,\"publisher\":{\"@id\":\"https:\/\/narteks.net\/#organization\"},\"articleSection\":[\"Erkan K\u00fc\u00e7\u00fck (Makale)\"],\"inLanguage\":\"tr\",\"potentialAction\":[{\"@type\":\"CommentAction\",\"name\":\"Comment\",\"target\":[\"https:\/\/narteks.net\/index.php\/2010\/05\/04\/cerb-icinde-dile-gelen-insan-erkan-kucuk\/#respond\"]}]},{\"@type\":\"WebPage\",\"@id\":\"https:\/\/narteks.net\/index.php\/2010\/05\/04\/cerb-icinde-dile-gelen-insan-erkan-kucuk\/\",\"url\":\"https:\/\/narteks.net\/index.php\/2010\/05\/04\/cerb-icinde-dile-gelen-insan-erkan-kucuk\/\",\"name\":\"Cerb i\u00e7inde dile gelen insan | Erkan K\u00fc\u00e7\u00fck - narteks.net\",\"isPartOf\":{\"@id\":\"https:\/\/narteks.net\/#website\"},\"datePublished\":\"2010-05-04T18:45:50+00:00\",\"breadcrumb\":{\"@id\":\"https:\/\/narteks.net\/index.php\/2010\/05\/04\/cerb-icinde-dile-gelen-insan-erkan-kucuk\/#breadcrumb\"},\"inLanguage\":\"tr\",\"potentialAction\":[{\"@type\":\"ReadAction\",\"target\":[\"https:\/\/narteks.net\/index.php\/2010\/05\/04\/cerb-icinde-dile-gelen-insan-erkan-kucuk\/\"]}]},{\"@type\":\"BreadcrumbList\",\"@id\":\"https:\/\/narteks.net\/index.php\/2010\/05\/04\/cerb-icinde-dile-gelen-insan-erkan-kucuk\/#breadcrumb\",\"itemListElement\":[{\"@type\":\"ListItem\",\"position\":1,\"name\":\"Anasayfa\",\"item\":\"https:\/\/narteks.net\/\"},{\"@type\":\"ListItem\",\"position\":2,\"name\":\"Cerb i\u00e7inde dile gelen insan | Erkan K\u00fc\u00e7\u00fck\"}]},{\"@type\":\"WebSite\",\"@id\":\"https:\/\/narteks.net\/#website\",\"url\":\"https:\/\/narteks.net\/\",\"name\":\"narteks.net\",\"description\":\"K\u00fclt\u00fcr Sanat Edebiyat Felsefe\",\"publisher\":{\"@id\":\"https:\/\/narteks.net\/#organization\"},\"alternateName\":\"K\u00fclt\u00fcr Sanat Edebiyat Felsefe\",\"potentialAction\":[{\"@type\":\"SearchAction\",\"target\":{\"@type\":\"EntryPoint\",\"urlTemplate\":\"https:\/\/narteks.net\/?s={search_term_string}\"},\"query-input\":{\"@type\":\"PropertyValueSpecification\",\"valueRequired\":true,\"valueName\":\"search_term_string\"}}],\"inLanguage\":\"tr\"},{\"@type\":\"Organization\",\"@id\":\"https:\/\/narteks.net\/#organization\",\"name\":\"narteks.net\",\"url\":\"https:\/\/narteks.net\/\",\"logo\":{\"@type\":\"ImageObject\",\"inLanguage\":\"tr\",\"@id\":\"https:\/\/narteks.net\/#\/schema\/logo\/image\/\",\"url\":\"https:\/\/narteks.net\/wp-content\/uploads\/narteks.png\",\"contentUrl\":\"https:\/\/narteks.net\/wp-content\/uploads\/narteks.png\",\"width\":300,\"height\":90,\"caption\":\"narteks.net\"},\"image\":{\"@id\":\"https:\/\/narteks.net\/#\/schema\/logo\/image\/\"},\"sameAs\":[\"https:\/\/x.com\/narteks\",\"https:\/\/instagram.com\/narteksnet\"]},{\"@type\":\"Person\",\"@id\":\"https:\/\/narteks.net\/#\/schema\/person\/61f37d9834294b72d31d274e7ed79bca\",\"name\":\"Tar\u0131k\",\"image\":{\"@type\":\"ImageObject\",\"inLanguage\":\"tr\",\"@id\":\"https:\/\/narteks.net\/#\/schema\/person\/image\/\",\"url\":\"https:\/\/secure.gravatar.com\/avatar\/50865afb55632c4ae467e0af0930f6510aa2297d8014be502a55b14f3b7550cf?s=96&d=mm&r=g\",\"contentUrl\":\"https:\/\/secure.gravatar.com\/avatar\/50865afb55632c4ae467e0af0930f6510aa2297d8014be502a55b14f3b7550cf?s=96&d=mm&r=g\",\"caption\":\"Tar\u0131k\"},\"sameAs\":[\"http:\/\/narteks.net\"],\"url\":\"https:\/\/narteks.net\/index.php\/author\/narbak\/\"}]}<\/script>\n<!-- \/ Yoast SEO Premium plugin. -->","yoast_head_json":{"title":"Cerb i\u00e7inde dile gelen insan | Erkan K\u00fc\u00e7\u00fck - narteks.net","robots":{"index":"index","follow":"follow","max-snippet":"max-snippet:-1","max-image-preview":"max-image-preview:large","max-video-preview":"max-video-preview:-1"},"canonical":"https:\/\/narteks.net\/index.php\/2010\/05\/04\/cerb-icinde-dile-gelen-insan-erkan-kucuk\/","og_locale":"tr_TR","og_type":"article","og_title":"Cerb i\u00e7inde dile gelen insan | Erkan K\u00fc\u00e7\u00fck","og_description":"Kurucular\u0131n\u0131n (Mirza Metin, Berfin Zenderlio\u011flu) \u201cTeatra Jiyana N\u00fb\u201d ve \u201cSeyr-\u00ee Mesel\u201d gibi k\u00fcrt tiyatrosunun \u00f6nemli gruplar\u0131nda uzun zaman \u00e7al\u0131\u015f\u0131\u011f\u0131 DestAr Tiyatro 2008 y\u0131l\u0131 Ekim ay\u0131nda yola koyuldu. Geli\u015fim, olu\u015fum d\u00f6nemindeki k\u00fcrt tiyatrosuna b\u00f6ylece yeni bir soluk daha kat\u0131lm\u0131\u015f oldu. DestAr Tiyatro bug\u00fcne kadar Qe\u015fmeren Apoleti (Apoletli Soytar\u0131lar) , Kevir, Re\u015fe \u015eeve ( karabasan) gibi oyunlar\u0131 [&hellip;]","og_url":"https:\/\/narteks.net\/index.php\/2010\/05\/04\/cerb-icinde-dile-gelen-insan-erkan-kucuk\/","og_site_name":"narteks.net","article_published_time":"2010-05-04T18:45:50+00:00","og_image":[{"width":300,"height":90,"url":"https:\/\/narteks.net\/wp-content\/uploads\/narteks.png","type":"image\/png"}],"author":"Tar\u0131k","twitter_card":"summary_large_image","twitter_creator":"@narteks","twitter_site":"@narteks","twitter_misc":{"Yazan:":"Tar\u0131k","Tahmini okuma s\u00fcresi":"3 dakika"},"schema":{"@context":"https:\/\/schema.org","@graph":[{"@type":"Article","@id":"https:\/\/narteks.net\/index.php\/2010\/05\/04\/cerb-icinde-dile-gelen-insan-erkan-kucuk\/#article","isPartOf":{"@id":"https:\/\/narteks.net\/index.php\/2010\/05\/04\/cerb-icinde-dile-gelen-insan-erkan-kucuk\/"},"author":{"name":"Tar\u0131k","@id":"https:\/\/narteks.net\/#\/schema\/person\/61f37d9834294b72d31d274e7ed79bca"},"headline":"Cerb i\u00e7inde dile gelen insan | Erkan K\u00fc\u00e7\u00fck","datePublished":"2010-05-04T18:45:50+00:00","mainEntityOfPage":{"@id":"https:\/\/narteks.net\/index.php\/2010\/05\/04\/cerb-icinde-dile-gelen-insan-erkan-kucuk\/"},"wordCount":559,"commentCount":0,"publisher":{"@id":"https:\/\/narteks.net\/#organization"},"articleSection":["Erkan K\u00fc\u00e7\u00fck (Makale)"],"inLanguage":"tr","potentialAction":[{"@type":"CommentAction","name":"Comment","target":["https:\/\/narteks.net\/index.php\/2010\/05\/04\/cerb-icinde-dile-gelen-insan-erkan-kucuk\/#respond"]}]},{"@type":"WebPage","@id":"https:\/\/narteks.net\/index.php\/2010\/05\/04\/cerb-icinde-dile-gelen-insan-erkan-kucuk\/","url":"https:\/\/narteks.net\/index.php\/2010\/05\/04\/cerb-icinde-dile-gelen-insan-erkan-kucuk\/","name":"Cerb i\u00e7inde dile gelen insan | Erkan K\u00fc\u00e7\u00fck - narteks.net","isPartOf":{"@id":"https:\/\/narteks.net\/#website"},"datePublished":"2010-05-04T18:45:50+00:00","breadcrumb":{"@id":"https:\/\/narteks.net\/index.php\/2010\/05\/04\/cerb-icinde-dile-gelen-insan-erkan-kucuk\/#breadcrumb"},"inLanguage":"tr","potentialAction":[{"@type":"ReadAction","target":["https:\/\/narteks.net\/index.php\/2010\/05\/04\/cerb-icinde-dile-gelen-insan-erkan-kucuk\/"]}]},{"@type":"BreadcrumbList","@id":"https:\/\/narteks.net\/index.php\/2010\/05\/04\/cerb-icinde-dile-gelen-insan-erkan-kucuk\/#breadcrumb","itemListElement":[{"@type":"ListItem","position":1,"name":"Anasayfa","item":"https:\/\/narteks.net\/"},{"@type":"ListItem","position":2,"name":"Cerb i\u00e7inde dile gelen insan | Erkan K\u00fc\u00e7\u00fck"}]},{"@type":"WebSite","@id":"https:\/\/narteks.net\/#website","url":"https:\/\/narteks.net\/","name":"narteks.net","description":"K\u00fclt\u00fcr Sanat Edebiyat Felsefe","publisher":{"@id":"https:\/\/narteks.net\/#organization"},"alternateName":"K\u00fclt\u00fcr Sanat Edebiyat Felsefe","potentialAction":[{"@type":"SearchAction","target":{"@type":"EntryPoint","urlTemplate":"https:\/\/narteks.net\/?s={search_term_string}"},"query-input":{"@type":"PropertyValueSpecification","valueRequired":true,"valueName":"search_term_string"}}],"inLanguage":"tr"},{"@type":"Organization","@id":"https:\/\/narteks.net\/#organization","name":"narteks.net","url":"https:\/\/narteks.net\/","logo":{"@type":"ImageObject","inLanguage":"tr","@id":"https:\/\/narteks.net\/#\/schema\/logo\/image\/","url":"https:\/\/narteks.net\/wp-content\/uploads\/narteks.png","contentUrl":"https:\/\/narteks.net\/wp-content\/uploads\/narteks.png","width":300,"height":90,"caption":"narteks.net"},"image":{"@id":"https:\/\/narteks.net\/#\/schema\/logo\/image\/"},"sameAs":["https:\/\/x.com\/narteks","https:\/\/instagram.com\/narteksnet"]},{"@type":"Person","@id":"https:\/\/narteks.net\/#\/schema\/person\/61f37d9834294b72d31d274e7ed79bca","name":"Tar\u0131k","image":{"@type":"ImageObject","inLanguage":"tr","@id":"https:\/\/narteks.net\/#\/schema\/person\/image\/","url":"https:\/\/secure.gravatar.com\/avatar\/50865afb55632c4ae467e0af0930f6510aa2297d8014be502a55b14f3b7550cf?s=96&d=mm&r=g","contentUrl":"https:\/\/secure.gravatar.com\/avatar\/50865afb55632c4ae467e0af0930f6510aa2297d8014be502a55b14f3b7550cf?s=96&d=mm&r=g","caption":"Tar\u0131k"},"sameAs":["http:\/\/narteks.net"],"url":"https:\/\/narteks.net\/index.php\/author\/narbak\/"}]}},"_links":{"self":[{"href":"https:\/\/narteks.net\/index.php\/wp-json\/wp\/v2\/posts\/4584","targetHints":{"allow":["GET"]}}],"collection":[{"href":"https:\/\/narteks.net\/index.php\/wp-json\/wp\/v2\/posts"}],"about":[{"href":"https:\/\/narteks.net\/index.php\/wp-json\/wp\/v2\/types\/post"}],"author":[{"embeddable":true,"href":"https:\/\/narteks.net\/index.php\/wp-json\/wp\/v2\/users\/1"}],"replies":[{"embeddable":true,"href":"https:\/\/narteks.net\/index.php\/wp-json\/wp\/v2\/comments?post=4584"}],"version-history":[{"count":0,"href":"https:\/\/narteks.net\/index.php\/wp-json\/wp\/v2\/posts\/4584\/revisions"}],"wp:attachment":[{"href":"https:\/\/narteks.net\/index.php\/wp-json\/wp\/v2\/media?parent=4584"}],"wp:term":[{"taxonomy":"category","embeddable":true,"href":"https:\/\/narteks.net\/index.php\/wp-json\/wp\/v2\/categories?post=4584"},{"taxonomy":"post_tag","embeddable":true,"href":"https:\/\/narteks.net\/index.php\/wp-json\/wp\/v2\/tags?post=4584"}],"curies":[{"name":"wp","href":"https:\/\/api.w.org\/{rel}","templated":true}]}}