{"id":4585,"date":"2010-05-05T11:05:59","date_gmt":"2010-05-05T08:05:59","guid":{"rendered":"http:\/\/localhost\/wordpress\/2010\/05\/05\/bugunlerden-geriye-bir-yarina-gidenler-kalir-bir-de-yarinlar-icin-direnenler-uc-fidan\/"},"modified":"2010-05-05T11:05:59","modified_gmt":"2010-05-05T08:05:59","slug":"bugunlerden-geriye-bir-yarina-gidenler-kalir-bir-de-yarinlar-icin-direnenler-uc-fidan","status":"publish","type":"post","link":"https:\/\/narteks.net\/index.php\/2010\/05\/05\/bugunlerden-geriye-bir-yarina-gidenler-kalir-bir-de-yarinlar-icin-direnenler-uc-fidan\/","title":{"rendered":"Bug\u00fcnlerden geriye; bir yar\u0131na gidenler kal\u0131r, bir de yar\u0131nlar i\u00e7in direnenler | \u00dc\u00e7 Fidan"},"content":{"rendered":"<p style=\"text-align: justify;\"><strong><img loading=\"lazy\" decoding=\"async\" src=\"http:\/\/bitlisnews.net\/images_up\/deniz-gezmis.jpg\" border=\"0\" width=\"155\" height=\"205\" style=\"float: left; border: 0;\" \/>DEN\u0130Z GEZM\u0130\u015e<\/strong><\/p>\n<p>Deniz Gezmi\u015f, 1947&#8217;nin \u015eubat ay\u0131n\u0131n sonunda Ankara&#8217;n\u0131n Aya\u015f il\u00e7esinde do\u011fdu. Babas\u0131 Erzurum, Il\u0131ca n\u00fcfusuna kay\u0131tl\u0131 ilk\u00f6\u011fretim m\u00fcfetti\u015fi Cemil Gezmi\u015f, annesi ise Erzurum&#8217;un Tortum il\u00e7esinden ilkokul \u00f6\u011fretmeni Mukaddes Gezmi\u015f&#8217;tir. Ailenin \u00fc\u00e7 erkek \u00e7ocu\u011fundan ikincisidir.<\/p>\n<p>Gezmi\u015f, ilk ve orta\u00f6\u011frenimini Sivas&#8217;ta, liseyi \u0130stanbul&#8217;da okudu. Hen\u00fcz lise \u00f6\u011frencisiyken sol d\u00fc\u015f\u00fcnceyle tan\u0131\u015ft\u0131 ve kendini d\u00f6nemin eylemleri i\u00e7inde buldu.<\/p>\n<p style=\"text-align: justify;\">1965&#8217;ten sonra, T\u00fcrkiye&#8217;de geli\u015fen gen\u00e7lik hareketinin en \u00f6nemli \u00f6nderlerinden ve T\u00fcrkiye Halk Kurtulu\u015f Ordusu (THKO)&#8217;nun kurucu ve y\u00f6neticilerinden Deniz Gezmi\u015f, 1965&#8217;de T\u00fcrkiye \u0130\u015f\u00e7i Partisi (T\u0130P)&#8217;nin \u00dcsk\u00fcdar il\u00e7e ba\u015fkanl\u0131\u011f\u0131na \u00fcye oldu. \u0130lk kez 31 A\u011fustos 1966&#8217;da Ankara&#8217;dan \u0130stanbul&#8217;a y\u00fcr\u00fcyen \u00c7orum Belediyesi temizlik i\u015f\u00e7ilerinin Taksim An\u0131t\u0131&#8217;na \u00e7elenk koymalar\u0131 s\u0131ras\u0131nda i\u015f\u00e7ileri destekleyen ve T\u00fcrk-\u0130\u015f y\u00f6neticilerini protesto eden g\u00f6steri s\u0131ras\u0131nda g\u00f6zalt\u0131na al\u0131nd\u0131. 7 Kas\u0131m\u00a0 1966&#8217;da \u0130stanbul \u00dcniversitesi Hukuk Fak\u00fcltesine girdi. Ard\u0131ndan 19 Ocak 1967&#8217;de T\u00fcrkiye Milli Talebe Federasyonu (TMTF) binas\u0131n\u0131n yedd-i emine verilmesi s\u0131ras\u0131nda \u00e7\u0131kan olaylarda yakaland\u0131 ve bir g\u00fcn sonra iki arkada\u015f\u0131yla \u00e7\u0131kar\u0131ld\u0131\u011f\u0131 mahkeme taraf\u0131ndan serbest b\u0131rak\u0131ld\u0131.<\/p>\n<p style=\"text-align: justify;\">22 Kas\u0131m 1967&#8217;de \u00f6\u011frenci \u00f6rg\u00fctlerinin d\u00fczenledi\u011fi K\u0131br\u0131s Mitingi s\u0131ras\u0131nda A\u015f\u0131k \u0130hsani ile birlikte ABD bayra\u011f\u0131n\u0131 yakt\u0131klar\u0131 gerek\u00e7esi ile g\u00f6zalt\u0131na al\u0131n\u0131p daha sonra serbest b\u0131rak\u0131lan Deniz Gezmi\u015f, Hukuk Fak\u00fcltesi&#8217;nde birlikte okudu\u011fu arkada\u015flar\u0131yla birlikte 30 Ocak 1968&#8217;de Devrimci Hukuk\u00e7ular \u00d6rg\u00fct\u00fcn\u00fc kurdu. 7 Mart 1968&#8217;de \u0130\u00dc Fen Fak\u00fcltesi konferans salonunda d\u00fczenlenen AIESEC genel kurul toplant\u0131s\u0131nda konu\u015fma yapan Devlet Bakan\u0131 Seyfi \u00d6zt\u00fcrk&#8217;\u00fc protesto etti\u011fi i\u00e7in tutukland\u0131. 2 May\u0131s&#8217;a kadar tutuklu kalan Gezmi\u015f, 30 May\u0131s&#8217;ta 6. Filo&#8217;yu protesto etti\u011fi i\u00e7in yarg\u0131land\u0131 ve beraat etti. \u00d6\u011frenci eylemleri i\u00e7inde etkinli\u011fi giderek artan Deniz Gezmi\u015f, 12 Haziran 1968&#8217;de \u0130stanbul \u00dcniversitesi&#8217;nin i\u015fgal edilmesinde \u00f6nderlik etti. \u0130\u015fgal Konseyi ad\u0131na \u0130\u00dc Senatosu ile Baltaliman\u0131&#8217;nda yap\u0131lan g\u00f6r\u00fc\u015fmelere kat\u0131lan \u00f6\u011frenci heyetinin i\u00e7inde yer ald\u0131; \u00f6\u011frenci haklar\u0131n\u0131n elde edilip i\u015fgalin sona erdirilmesinde etkili oldu. \u0130\u015fgalden k\u0131sa bir s\u00fcre sonra \u0130stanbul&#8217;a gelen 6. Filo&#8217;yu protesto eylemlerinde yer alan Gezmi\u015f, 30 Temmuz&#8217;da bu eylemlerden dolay\u0131 tutukland\u0131 ve 20 Eyl\u00fcl&#8217;de serbest b\u0131rak\u0131ld\u0131. B\u00fct\u00fcn bu olaylardan sonra \u00f6\u011frenci hareketinin efsanevi lideri haline geldi.<\/p>\n<p>T\u0130P i\u00e7inde yo\u011funla\u015farak, ayr\u0131l\u0131klara ve tart\u0131\u015fmalara yol a\u00e7an ideolojik sorunlarda Milli Demokratik Devrim (MDD) g\u00f6r\u00fc\u015f\u00fcn\u00fc benimseyen Deniz Gezmi\u015f, bu g\u00f6r\u00fc\u015f\u00fcn \u00f6zellikle devrimci \u00f6\u011frenciler aras\u0131nda yay\u0131lmas\u0131nda etkili oldu. Ekim 1968&#8217;de eylemlerde birlikte oldu\u011fu Cihan Alptekin, Mustafa \u0130lker G\u00fcrkan, Mustafa L\u00fctfi K\u0131y\u0131c\u0131, Devran Seymen, Cevat Erci\u015fli, M. Mehdi Be\u015fp\u0131nar, Selahattin Okur, Saim Kurul ve \u00d6mer Erim S\u00fcerkan&#8217;la birlikte Devrimci \u00d6\u011frenci Birli\u011fi (D\u00d6B)&#8217;ni kurdu. 1 Kas\u0131m\u00a0 1968&#8217;de TMGT (T\u00fcrkiye Milli Gen\u00e7lik Te\u015fkilat\u0131) , A\u00dcTB, ODT\u00dc\u00d6B ve D\u00d6B&#8217;\u00fcn ba\u015flatt\u0131\u011f\u0131 Samsun&#8217;dan Ankara&#8217;ya Mustafa Kemal Y\u00fcr\u00fcy\u00fc\u015f\u00fc&#8217;n\u00fc d\u00fczenledi.<\/p>\n<p>Ard\u0131ndan 28 Kas\u0131m 1968&#8217;de ABD b\u00fcy\u00fckel\u00e7isi Kommer&#8217;in geli\u015fi s\u0131ras\u0131nda Ye\u015filk\u00f6y Havaalan\u0131&#8217;nda d\u00fczenlenen protesto g\u00f6sterileri nedeniyle tutukland\u0131 ve bir s\u00fcre sonra serbest b\u0131rak\u0131ld\u0131.<\/p>\n<p>\u0130stanbul \u00dcniversitesi&#8217;nde sa\u011fc\u0131 g\u00fc\u00e7lerin 16 Mart 1969&#8217;da giri\u015fmi\u015f oldu\u011fu hareketlere \u00f6\u011frenci kitlesiyle birlikte kar\u015f\u0131 koyan Gezmi\u015f, bu eylemi gerek\u00e7e g\u00f6sterilerek 19 Mart&#8217;ta yeniden tutuklanarak 3 Nisan&#8217;a kadar hapis yatt\u0131. Ard\u0131ndan 31 May\u0131s 1969&#8217;da \u0130\u00dc Hukuk Fak\u00fcltesi \u00f6\u011frencilerinin, reform tasar\u0131s\u0131n\u0131n ger\u00e7ekle\u015fmemesini protesto i\u00e7in giri\u015ftikleri i\u015fgale \u00f6nderlik etti. \u00dcniversitenin kapat\u0131l\u0131p, polise teslim edilmesi nedeniyle \u00e7\u0131kan \u00e7at\u0131\u015fmalarda yaraland\u0131. Hakk\u0131nda g\u0131yabi tutuklama karar\u0131 olmas\u0131na ra\u011fmen hastaneden ka\u00e7an Gezmi\u015f, Haziran&#8217;\u0131n sonunda Filistin&#8217;e gitti. Filistin&#8217;e gitmeden \u00f6nce 23 Haziran 1969&#8217;da TMGT&#8217;nin toplad\u0131\u011f\u0131 1. Devrimci Milliyet\u00e7i Gen\u00e7lik Kurultay\u0131&#8217;na kendisi gibi haklar\u0131nda tutuklama karar\u0131 olan FKF Genel Ba\u015fkan\u0131 Yusuf K\u00fcpeli ile birlikte bir m\u00fccadele program\u0131 g\u00f6nderdi. Eyl\u00fcl&#8217;e kadar Filistin&#8217;de gerilla kamplar\u0131nda kalan Deniz Gezmi\u015f,1 Eyl\u00fcl 1969&#8217;da, 10 Haziran&#8217;da &#8220;\u00fcniversiteyi i\u015fgal&#8221; etti\u011fi gerek\u00e7esiyle Hukuk Fak\u00fcltesi&#8217;nden ihra\u00e7 edildi. Hakk\u0131nda tutuklama karar\u0131n\u0131n oldu\u011fu bu d\u00f6nemde gazetecilere gizlendi\u011fi yerden deme\u00e7ler verdi. 23 Eyl\u00fcl 1969&#8217;da Hukuk Fak\u00fcltesi&#8217;nde oldu\u011fu s\u0131rada haber verilen polislerin de fak\u00fclteye gelmesi \u00fczerine teslim olan Gezmi\u015f, 25 Kas\u0131m&#8217;da serbest b\u0131rak\u0131ld\u0131. Ancak Y\u0131ld\u0131z Devlet ve M\u00fchendislik Akademisi&#8217;nde Battal Meheto\u011flu&#8217;nun sa\u011fc\u0131lar taraf\u0131ndan \u00f6ld\u00fcr\u00fclmesinden sonra okulda yap\u0131lan aramada, ele ge\u00e7irilen d\u00fcrb\u00fcnl\u00fc bir t\u00fcfe\u011fin Gezmi\u015f&#8217;e ait oldu\u011fu \u00f6ne s\u00fcr\u00fclerek hakk\u0131nda yeniden tutuklama karar\u0131 al\u0131nd\u0131. 20 Aral\u0131k 1969&#8217;da yakalanan Gezmi\u015f, kendisiyle birlikte tutuklanan Cihan Alptekin&#8217;le birlikte 18 Eyl\u00fcl 1970&#8217;e kadar tutuklu kald\u0131. Bundan sonra \u00f6\u011frenci eylemlerinden uzakla\u015farak, m\u00fccadelesini de\u011fi\u015fik alanlarda s\u00fcrd\u00fcrd\u00fc. Sinan Cemgil ve H\u00fcseyin \u0130nan&#8217;la birlikte THKO&#8217;yu kurdu. 11 Ocak 1971&#8217;de THKO ad\u0131na Ankara \u0130\u015f Bankas\u0131 Emek \u015eubesi&#8217;nin soygununu ger\u00e7ekle\u015ftirenler aras\u0131nda yerald\u0131. 4 Mart 1971&#8217;de d\u00f6rt ABD&#8217;li erin Balgat&#8217;taki Tuslog Tesisleri&#8217;nden ka\u00e7\u0131r\u0131lmas\u0131 eyleminde de bulundu. Ka\u00e7\u0131r\u0131lan erler daha sonra serbest b\u0131rak\u0131ld\u0131lar.<\/p>\n<p>12 Mart darbesinin ilk g\u00fcnlerinden sonra Yusuf Aslan ile birlikte Sivas&#8217;a gitmekteyken motosikletleri bozuldu. Bir ihbar sonucu polislerin gelmesi \u00fczerine \u00e7\u0131kan \u00e7at\u0131\u015fmada Aslan ile birbirlerini kaybettiler. Aslan o esnada, Gezmi\u015f ise 16 Mart 1971 sal\u0131 g\u00fcn\u00fc Sivas&#8217;\u0131n Gemerek il\u00e7esinde etraf\u0131 sar\u0131larak yakaland\u0131 ve Kayseri&#8217;ye getirildi.[kaynak belirtilmeli] Buradan Ankara&#8217;ya zaman\u0131n \u0130\u00e7i\u015fleri Bakan\u0131 Haldun Mente\u015feo\u011flu&#8217;nun makam\u0131na g\u00f6t\u00fcr\u00fcld\u00fc.[kaynak belirtilmeli] Gezmi\u015f&#8217;in anlat\u0131m\u0131na g\u00f6re olay \u015f\u00f6yle ger\u00e7ekle\u015fti: \u00c7ok keyifliydi. Ayaktayd\u0131. Odas\u0131, sabah\u0131n sekizinde gazetecilerle dolu.<\/p>\n<p>Ben hep ba\u015f\u0131m\u0131 dik tutmaya, canl\u0131, dipdiri g\u00f6r\u00fcnmeye \u00e7al\u0131\u015f\u0131yorum. Nas\u0131l bitkinim oysa, ayaklar\u0131m\u0131 zor s\u00fcr\u00fcyorum. Ayakta duracak g\u00fcc\u00fcm kalmam\u0131\u015f. Ama belli etmiyorum.<\/p>\n<p>\u201cGe\u00e7mi\u015f olsun,\u201d dedi g\u00fclerek \u0130\u00e7i\u015fleri Bakan\u0131.<\/p>\n<p>Surat\u0131na bakt\u0131m pis pis. Hi\u00e7 bir kar\u015f\u0131l\u0131k vermedim.<\/p>\n<p>Gazetecilere d\u00f6nd\u00fc:<\/p>\n<p>\u201c\u015eu pejm\u00fcrde k\u0131l\u0131kl\u0131 adam, Halk Kurtulu\u015f Ordusu\u2019nun kahraman\u0131ym\u0131\u015f.\u201d<\/p>\n<p>\u201cBe\u011fenemedin mi? Tabii kahraman\u0131y\u0131m, T\u00fcrkiye Halk Kurtulu\u015f Ordusu\u2019nun sava\u015f\u00e7\u0131s\u0131y\u0131m.\u201d<\/p>\n<p>\u201cNereye gidiyordun?\u201d<\/p>\n<p>\u201cDevrime.\u201d<\/p>\n<p>Haritay\u0131 g\u00f6steriyor duvarda, Sivas\u2019\u0131 g\u00f6steriyor:<\/p>\n<p>\u201cBuradan m\u0131 gidilir devrime?\u201d<\/p>\n<p>\u201cSenin kafan almaz b\u00f6yle \u015feyleri.\u201d<\/p>\n<p>\u201cT\u00fcrkiye\u2019de bir tek ordu vard\u0131r, o da T\u00fcrkiye Cumhuriyeti\u2019nin ordusudur.\u201d<\/p>\n<p>\u201cOnun i\u00e7in Demirel ve senin gibiler hemen istifay\u0131 bast\u0131n\u0131z.\u201d<\/p>\n<p>Sinirlendi.<\/p>\n<p>\u00dczerine bir ad\u0131m att\u0131m.<\/p>\n<p>Geriledi. \u015ea\u015f\u0131rd\u0131. Deh\u015fetli bir panik havas\u0131 i\u00e7inde, elini sallayarak ve kekeleyerek:<\/p>\n<p>\u201cG\u00f6-g\u00f6-g\u00f6t\u00fcr\u00fcn bunu\u201d dedi.<\/p>\n<p>S\u00fcr\u00fckleyerek \u00e7\u0131kard\u0131lar beni odadan.<\/p>\n<p>\u201cG\u00f6sterece\u011fiz sana da, senin gibilere de, Amerikan\u0131n g\u00fcvenilir k\u00f6pekleri!\u201d diye ba\u011f\u0131rd\u0131m kap\u0131dan \u00e7\u0131kar\u0131l\u0131rken.<\/p>\n<p>Gazetecilerin y\u00fcz\u00fcnde b\u00fcy\u00fck bir \u015fa\u015fk\u0131nl\u0131k vard\u0131. Mahkemesi 16 Temmuz 1971 g\u00fcn\u00fc Alt\u0131nda\u011f Veteriner Okulu binas\u0131&#8217;nda Tu\u011fgeneral Ali Elverdi ba\u015fkanl\u0131\u011f\u0131nda Baki Tu\u011f savc\u0131l\u0131\u011f\u0131nda Ankara S\u0131k\u0131y\u00f6netim Komutanl\u0131\u011f\u0131 1 no&#8217;lu Mahkemesi&#8217;nde ba\u015flad\u0131 ve 9 Ekim 1971 g\u00fcn\u00fc bitti. Deniz ve arkada\u015flar\u0131 16 Temmuz 1971&#8217;de ba\u015flayan THKO-1 Davas\u0131&#8217;nda TCK&#8217;nin 146.maddesini ihlal etti\u011fi gerek\u00e7esiyle, 9 Ekim 1971&#8217;de 146\/1 idam cezas\u0131na \u00e7arpt\u0131r\u0131ld\u0131.<\/p>\n<p>\u0130dam cezalar\u0131 o zamanlar senato taraf\u0131ndan onaylanmak zorundayd\u0131. \u0130smet \u0130n\u00f6n\u00fc &#8220;siyasi su\u00e7lar idamla cezaland\u0131r\u0131lmamal\u0131d\u0131r&#8221; diyerek B\u00fclent Ecevit ile birlikte red oyu kullan\u0131r. AP genel ba\u015fkan\u0131 S\u00fcleyman Demirel ise infazdan yana oy kullan\u0131r. Olaydan 15 y\u0131l sonra, S\u00fcleyman Demirel bir gazeteciye verdi\u011fi deme\u00e7te idamlar i\u00e7in:so\u011fuk sava\u015f\u0131n talihsiz olaylar\u0131ndan biri yorumu yapar.Mahkumlar\u0131n \u00f6z\u00fcr dilemesi istenir. Hi\u00e7 biri yapt\u0131klar\u0131ndan \u00f6z\u00fcr dilemez. Cumhurba\u015fkan\u0131 Cevdet Sunay ise idamlar\u0131 Onaylar.<\/p>\n<p>\u0130dam edilmeden \u00f6nce Alman Der Spiegel dergisinde \u00e7\u0131kan son yaz\u0131s\u0131nda &#8220;Ya\u015fas\u0131n Marksizm-Leninizmin y\u00fcce ideolojisi! Ya\u015fas\u0131n T\u00fcrk ve K\u00fcrt halklar\u0131n\u0131n karde\u015fli\u011fi! Kahrolsun Emperyalizm!&#8221; dedi\u011fi belirtildi. <\/p>\n<p>Yusuf Aslan ve H\u00fcseyin \u0130nan ile birlikte 6 May\u0131s 1972 tarihinde, gece 1:00-3:00 aras\u0131, Ankara Merkez Kapal\u0131 Cezaevi&#8217;nde as\u0131larak idam edildi.Deniz Gezmi\u015f ve arkada\u015flar\u0131n\u0131n 1969&#8217;da \u00f6ld\u00fcr\u00fclen Taylan \u00d6zg\u00fcr&#8217;\u00fcn yan\u0131na g\u00f6m\u00fclme iste\u011fi, yerine getirilmez. ve apartopar g\u00f6m\u00fcl\u00fcr. \u0130dam\u0131ndan sonra bayrakla\u015farak devrim m\u00fccadelesinin \u00e7ok \u00f6nemli bir sembol\u00fc oldu; bir \u00e7ok sol \u00f6rg\u00fct ba\u015fka konularda fikir ayr\u0131l\u0131klar\u0131 olmas\u0131na ra\u011fmen mutab\u0131k kald\u0131klar\u0131 nadir konulardan birisi Deniz Gezmi\u015f&#8217;in devrim \u00f6nderli\u011fidir.<\/p>\n<p>\u00a0<\/p>\n<p style=\"text-align: justify;\">******************<\/p>\n<p><strong><img loading=\"lazy\" decoding=\"async\" src=\"http:\/\/denizgezmis.turksolu.org\/resimler\/deniz\/renkli-huseyin-inan-2.jpg\" border=\"0\" width=\"155\" height=\"205\" style=\"float: left;\" \/>H\u00dcSEY\u0130N \u0130NAN<\/strong><\/p>\n<p>H\u00fcseyin \u0130nan 1949&#8217;da Kayseri\/Sar\u0131z il\u00e7esine ba\u011fl\u0131 Bozh\u00fcy\u00fck K\u00fcrt k\u00f6y\u00fcnde do\u011fdu. H\u00fcseyin \u0130nan Sinemilli K\u00fcrt a\u015firetine mensup bir K\u00fcrtt\u00fcr. \u0130lk ve ortaokulu P\u0131narba\u015f\u0131\u2019nda, liseyi Kayseri&#8217;de okudu. 1966&#8217;da ODT\u00dc \u0130dari Bilimler B\u00f6l\u00fcm\u00fc&#8217;ne kay\u0131t oldu. Sosyalist Fikir Kulub\u00fc (SFK) ve bu derne\u011fin ba\u011fl\u0131 oldu\u011fu Dev-Gen\u00e7&#8217;e \u00fcye oldu. Ayn\u0131 d\u00f6nemde, T\u0130P&#8217;e de \u00fcye oldu. Gerek \u0130stanbul ve Ankara, gerek \u0130zmir ve di\u011fer illerdeki anti-emperyalist eylemlere aktif rol ald\u0131; ABD 6.Filo&#8217;suna y\u00f6nelik eylemin d\u00fczenleyicilerinden oldu. Toprak i\u015fgalleri gibi k\u0131rsal y\u00f6relerdeki etkinliklerde yer ald\u0131. 1966-1967 \u00f6\u011fretim y\u0131l\u0131nda, ger\u00e7eklesen ODT\u00dc Haz\u0131rl\u0131k boykotunun \u00f6rg\u00fctlenmesine \u00f6nderlik etti.<\/p>\n<p>H\u00fcseyin \u0130nan, 1968&#8217;de, T\u0130P ve daha sonra MDD i\u00e7indeki ayr\u0131l\u0131klarda, giderek belirginle\u015fen gizli ve dar \u00f6rg\u00fct fikri do\u011frultusunda \u00e7ekirdek bir grup olu\u015fturup, kir gerillas\u0131 yoluyla anti-emperyalist m\u00fccadele verme d\u00fc\u015f\u00fcncesini geli\u015ftirmeye \u00e7al\u0131\u015ft\u0131. MDD fikrinden hi\u00e7bir zaman taviz vermemi\u015f olsa da, fikri m\u00fccadeleden silahl\u0131 m\u00fccadele yoluna do\u011fru sapt\u0131.<\/p>\n<p>Ankara&#8217;da, \u00f6zellikle ODT\u00dc \u00f6\u011frencisi olan ve \u00f6nderli\u011fini Sinan Cemgil ile birlikte H\u00fcseyin \u0130nan&#8217;\u0131n yapt\u0131\u011f\u0131 grup, T\u00fcrk sosyalizm tarihinin ilk silahl\u0131 \u00f6rg\u00fct\u00fc olan THKO&#8217;nun \u00e7ekirdek kadrosunu olu\u015fturdu. Ayn\u0131 y\u0131l \u0130dari Bilimler Fak\u00fcltesi&#8217;nden \u00e7\u0131kart\u0131lan H\u00fcseyin \u0130nan, sonras\u0131nda Sinan Cemgil, Deniz Gezmi\u015f ve Yusuf Aslan&#8217;la birlikte payla\u015faca\u011f\u0131, ODT\u00dc Birinci Yurt&#8217;ta 201-202 numaral\u0131 odada kalmaya devam etti. 14 Ekim 1969&#8217;da, THKO&#8217;nun bu n\u00fcvesini olu\u015fturan grup ile birlikte Suriye \u00fczerinden \u00dcrd\u00fcn&#8217;e, Filistin Kurtulu\u015f \u00d6rg\u00fct\u00fc (FK\u00d6)&#8217;n\u00fcn askeri kanad\u0131 olan El Fetih&#8217;in gerilla e\u011fitim kamplar\u0131na gitti. Burada ald\u0131klar\u0131 e\u011fitimin ard\u0131ndan bir s\u00fcre \u0130srail&#8217;e kar\u015f\u0131 yap\u0131lan kimi eylem ve karakol bask\u0131nlar\u0131nda g\u00f6rev ald\u0131.<\/p>\n<p>\u015eubat 1970&#8217;de T\u00fcrkiye&#8217;ye geri d\u00f6nd\u00fc\u011f\u00fcnde, Diyarbak\u0131r-Gaziantep yolunda bir otob\u00fcste yakaland\u0131. Diyarbak\u0131r\u2019da devam eden yarg\u0131lama sonunda, Ekim 1970&#8217;de tahliye oldu.<\/p>\n<p>El-Fetih kamplar\u0131nda yapt\u0131klar\u0131 yirmi g\u00fcnl\u00fck bir e\u011fitimden sonra H\u00fcseyin ve 15 arkada\u015f\u0131, 1 \u015eubat\u00a0 1970 Pazar g\u00fcn\u00fc, Suriye s\u0131n\u0131r\u0131ndan gizlice T\u00fcrkiye&#8217;ye girer. Grubun bir k\u0131sm\u0131 Diyarbak\u0131r&#8217;a gelir. \u0130nan, Alpaslan \u00d6zdo\u011fan ve Mustafa Yal\u00e7\u0131ner&#8217;le birlikte, yanlar\u0131nda getirdikleri silahlar\u0131 Diyarbak\u0131r surlar\u0131na g\u00f6mer. Daha sonra Diyarbak\u0131r T\u0131p Fak\u00fcltesi \u00f6n\u00fcnde bulu\u015fmak i\u00e7in anla\u015f\u0131l\u0131r. Fakat T\u0131p Fak\u00fcltesi \u00f6n\u00fcne geldiklerinde fak\u00fcltenin polis taraf\u0131ndan bas\u0131lm\u0131\u015f oldu\u011funu g\u00f6ren H\u00fcseyin, Alp ve Yal\u00e7\u0131ner, Adana&#8217;ya gitmek i\u00e7in Diyarbak\u0131r d\u0131\u015f\u0131ndan bir benzin istasyonunda otob\u00fcse biner. H\u00fcseyin ile Alp, yan yana koltuklara, Yal\u00e7\u0131ner tek ba\u015f\u0131na oturur.<\/p>\n<p>Otob\u00fcs, Gaziantep yak\u0131nlar\u0131nda bir yerde jandarmalar taraf\u0131ndan durdurularak aran\u0131r. H\u00fcseyin ile Alp, yan yana koltuklarda oturdu\u011fu i\u00e7in g\u00f6zalt\u0131na al\u0131n\u0131r. Yal\u00e7\u0131ner, \u015fans eseri kurtulur ve Adana&#8217;ya gelir. Yal\u00e7\u0131ner, daha sonra Ankara&#8217;ya gider. M\u00fcfit \u00d6zde\u015f, Teoman Ermete ve Atilla Keskin ise Malatya&#8217;da tren gar\u0131nda yakalan\u0131r. Sonu\u00e7ta, yakalananlardan H\u00fcseyin \u0130nan, Atilla Keskin, Teoman Ermete, M\u00fcfit \u00d6zde\u015f, Ercan En\u00e7, Alpaslan \u00d6z\u00fcdo\u011fru, Hamit Yakup, Ahmet Tuncer S\u00fcmer, Kadir Manga, Ali Tenk, Bahtiyar Emanet tutuklan\u0131r ve Diyarbak\u0131r Tutukevi&#8217;ne konur. Filistin&#8217;den d\u00f6nenlerden Mustafa Yal\u00e7\u0131ner, Ahmet Erdo\u011fan ve diger 3 ki\u015fi, yakalanamaz. Fakat yakalananlar\u0131n Emniyet&#8217;te verdi\u011fi ifade nedeniyle Mustafa Yal\u00e7\u0131ner ile Ahmet Erdo\u011fan, g\u0131yabi tevkif karar\u0131 ile aranmaya ba\u015flan\u0131r.<\/p>\n<p>Kendilerine isnat edilen su\u00e7 Filistin&#8217;de ald\u0131klar\u0131 gerilla e\u011fitimi ile alakal\u0131d\u0131r. Mahkeme&#8217;nin D\u0131\u015fi\u015fleri Bakanl\u0131\u011f\u0131&#8217;ndan talep etti\u011fi, konu ile ilgili bilirki\u015fi raporunda, Bakanl\u0131\u011f\u0131n, El-Fetih \u00f6rg\u00fct\u00fc hakk\u0131nda sosyalist bir \u00f6rg\u00fct olarak de\u011fil, &#8220;Milliyet\u00e7i bir Arap \u00f6rg\u00fct\u00fc&#8221; olarak g\u00f6r\u00fc\u015f bildirmesi sayesinde ayn\u0131 y\u0131l\u0131n Ekim ay\u0131nda serbest b\u0131rak\u0131l\u0131rlar.<\/p>\n<p>H\u00fcseyin \u0130nan serbest kalmas\u0131n\u0131 takiben yeniden Ankara&#8217;ya d\u00f6nd\u00fc\u011f\u00fcnde kafas\u0131ndaki k\u0131r gerillas\u0131 fikri iyice berrakla\u015f\u0131r. Benzeri d\u00fc\u015f\u00fcnceler ta\u015f\u0131yan ve ayn\u0131 eylem \u00e7izgisini benimseyen, ba\u015flar\u0131nda Deniz Gezmi\u015f\u2019in yer ald\u0131\u011f\u0131 \u0130stanbul grubuyla bir araya gelerek THKO&#8217;yu kurma karar\u0131 al\u0131rlar. Bu karar \u00fczerine Deniz Gezmi\u015f, son kez ayr\u0131ld\u0131\u011f\u0131 \u0130stanbul&#8217;dan, Ankara&#8217;ya gelir.<\/p>\n<p>Deniz Gezmi\u015f, Sinan Cemgil ve Cihan Alptekin&#8217;in de kurulu\u015funda yer ald\u0131\u011f\u0131 THKO&#8217;nun \u00f6nc\u00fc teorisyeni olur. Bu, di\u011ferleri taraf\u0131ndan lider olarak kabul edilmesini beraberinde getirir. Sadece teorisyenlikle s\u0131n\u0131rl\u0131 kalmaz ve THKO&#8217;nun t\u00fcm silahl\u0131 eylemlerinin bizzat i\u00e7erisinde yer al\u0131r. 29 Aral\u0131k 1970&#8217;de,4 Dev-Gen\u00e7 \u00fcyelerinden \u0130lker Mansuro\u011flu&#8217;nun \u00f6ld\u00fcr\u00fclmesi \u00fczerine, THKO&#8217;nun \u00f6rg\u00fct olarak ilk kez ismini kulland\u0131\u011f\u0131 Kavakl\u0131dere Polis Karakolu&#8217;nun kur\u015funlanmas\u0131, 1 Ocak 1971&#8217;de T\u00fcrkiye \u0130\u015f Bankas\u0131 Emek \u015eubesi soygunu, Amerikan askeri tesislerinin bas\u0131larak \u00f6nce bir, daha sonra d\u00f6rt Amerikal\u0131 askerin ka\u00e7\u0131r\u0131lmas\u0131 eylemlerinde bulunur.<\/p>\n<p>23 Mart 1971&#8217;de Kayseri&#8217;nin P\u0131narba\u015f\u0131 il\u00e7esinde d\u00fc\u015ft\u00fckleri pusuda THKO&#8217;lu bir di\u011fer militan, Mehmet Nakipo\u011flu&#8217;yla beraber yakalan\u0131r.<\/p>\n<p>Deniz Gezmi\u015f ve Yusuf Aslan&#8217;la Ankara 1. No\u2019lu S\u0131k\u0131y\u00f6netim Askeri Mahkemesi taraf\u0131ndan 9 Kas\u0131m 1971&#8217;de idam&#8217;a mahkum olur. \u0130damlarin \u00f6nlenmesi i\u00e7in gerek Meclis&#8217;te, gerek kamuoyunda ve gerekse \u00f6rg\u00fct arkada\u015flar\u0131 taraf\u0131ndan \u00e7e\u015fitli giri\u015fimlerde bulunulmas\u0131na ra\u011fmen Yusuf Aslan ve Deniz Gezmi\u015f&#8217;le birlikte 6 May\u0131s 1972&#8217;de idam edildi.<\/p>\n<p>Mezar\u0131, Ankara\/Kar\u015f\u0131yaka Mezarl\u0131\u011f\u0131n\u0131n L\/17 parselinde bulunmaktad\u0131r.<\/p>\n<p style=\"text-align: justify;\">**********************<\/p>\n<p><strong><img loading=\"lazy\" decoding=\"async\" src=\"http:\/\/www.itusozluk.com\/img.php\/4cafcb70580ddca2dace2365f609f6a09043\/yusuf+aslan\" border=\"0\" width=\"155\" height=\"205\" style=\"float: left;\" \/>YUSUF ASLAN<\/strong><\/p>\n<p>Yusuf Aslan, 1947 y\u0131l\u0131nda Yozgat\u2019ta d\u00fcnyaya geldi. \u0130lk ve orta \u00f6\u011frenimini burada tamamlad\u0131ktan sonra Ortado\u011fu Teknik \u00dcniversitesi\u2019ne girdi. ODT\u00dc Sosyalist Fikir Kl\u00fcb\u00fc ve Dev-Gen\u00e7 ile birlikte \u00e7al\u0131\u015fmalarda yer ald\u0131. H\u00fcseyin \u0130nan\u2019n\u0131n \u00f6nderlik etti\u011fi haz\u0131rl\u0131k okulu boykotunda ve m\u00fchendislik fak\u00fcltesi boykotlar\u0131nda yer ald\u0131. <\/p>\n<p>68 ku\u015fa\u011f\u0131n\u0131n sembol eylemlerinden biri olan, d\u00f6nemin Amerikan B\u00fcy\u00fckel\u00e7isi Robert Commer\u2019in arabas\u0131n\u0131n ODT\u00dc\u2019de yak\u0131lmas\u0131 eylemi y\u00fcz\u00fcnden CIA ajan\u0131 oldu\u011fu iddias\u0131 ile yarg\u0131land\u0131.<\/p>\n<p>\u00dcyesi oldu\u011fu grup ve partilerden olan bir grup ile birlikte Filistin Kurtulu\u015f \u00d6rg\u00fct\u00fc\u2019nde \u0130srail\u2019e kar\u015f\u0131 m\u00fccadele verdi\u011fi s\u0131rada helikopter ve u\u00e7ak da dahil olmak \u00fczere hert\u00fcrl\u00fc motorlu ta\u015f\u0131t\u0131 kullanmay\u0131 \u00f6\u011frendi.<\/p>\n<p>Yusuf Aslan, Deniz Gezmi\u015f ile birlikte Nurhak\u2019taki gerilla m\u00fccadelesine kat\u0131lmaya gitti\u011fi s\u0131rada, Sivas\u2019\u0131n Sar\u0131k\u0131\u015fla il\u00e7esinde yakaland\u0131. Ankara 1 No\u2019lu S\u0131k\u0131y\u00f6netim Mahkemesi\u2019nde yarg\u0131lanmas\u0131n\u0131n ard\u0131ndan idama mahkum oldu ve 6 May\u0131s 1972 tarihinde H\u00fcseyin \u0130nan ve Deniz Gezmi\u015f ile birlikte idam edildi.<\/p>\n<p>Yusuf Aslan\u2019\u0131n hakk\u0131nda verilen idam karar\u0131n\u0131 \u00f6\u011frendikten sonra ailesine yazd\u0131\u011f\u0131 mektup;<\/p>\n<p>&#8221; Bu mektubu ald\u0131\u011f\u0131n zaman ben ebediyen bu d\u00fcnyadan g\u00f6\u00e7 etmi\u015f olaca\u011f\u0131m. Ne kadar sars\u0131laca\u011f\u0131n\u0131 tahmin ediyorum. Bir bu\u00e7uk seneden beri, benim y\u00fcz\u00fcmden nas\u0131l \u00fcz\u00fcnt\u00fc i\u00e7inde oldu\u011funuz malum. Bu son olay\u0131 da metanetle kar\u015f\u0131laman\u0131z\u0131 sadece dileyebiliyorum. Babac\u0131\u011f\u0131m, bu olayda da annemin ve Y\u00fccel&#8217;in, senin tesellilerine ve desteklerine ihtiya\u00e7lar\u0131 \u00e7ok. Bunun i\u00e7in ne kadar metin olursan hem senin sa\u011fl\u0131\u011f\u0131n i\u00e7in hem de onlar i\u00e7in o kadar iyi olur. Elbette ki y\u0131llarca emek verip yeti\u015ftirdi\u011fin bir o\u011flun bir g\u00fcnde \u00f6ld\u00fcr\u00fclmesi, kolay g\u00f6\u011f\u00fcslenecek bir olay de\u011fildir. Fakat siz benim ne i\u00e7in, kimlere kar\u015f\u0131 m\u00fccadele verdi\u011fimi biliyorsunuz. Ben bu a\u00e7\u0131dan rahat ve vicdan huzuru i\u00e7inde gidiyorum. Sizlerin de bu bak\u0131mdan rahat ve huzur i\u00e7inde oldu\u011funuzu ve olaca\u011f\u0131n\u0131z\u0131 biliyorum. Babac\u0131\u011f\u0131m, annemi ve Y\u00fccel&#8217;in, senin desteklerine muhta\u00e7 olduklar\u0131n\u0131 s\u00f6ylemi\u015ftim. Onlar\u0131 rahat ettirmek i\u00e7in b\u00fct\u00fcn g\u00fcc\u00fcn\u00fc kullanaca\u011f\u0131ndan zaten eminim. Babac\u0131\u011f\u0131m, burada \u015funu ilave edeyim ki Y\u00fccel&#8217;in hastal\u0131\u011f\u0131ndan kendimi sorumlu hissediyorum. Y\u00fccel i\u00e7in her \u015feyinizi ortaya koyaca\u011f\u0131n\u0131z konusunda da ku\u015fkum yok. Ablamlar i\u00e7in s\u00f6yleyece\u011fim, fazla \u00fcz\u00fclmesinler, olay\u0131n sars\u0131nt\u0131lar\u0131 ge\u00e7tikten sonra normal hayatlar\u0131n\u0131 devam ettirsinler. Mehtap&#8217;a ne diyeyim. Benim i\u00e7in her zaman bol bol \u00f6p\u00fcn. Babac\u0131\u011f\u0131m, cezaevinde kalan arkada\u015flar\u0131 ara s\u0131ra yoklarsan, hallerini hat\u0131rlar\u0131n\u0131 sorarsan \u00e7ok memnun olurum. Her birisi o\u011flun say\u0131l\u0131r. D\u0131\u015far\u0131da bizler i\u00e7in u\u011fra\u015fan dostlar\u0131m ve dostlar\u0131n\u0131 hi\u00e7bir zaman unutmayaca\u011f\u0131n\u0131 biliyorum.<\/p>\n<p>Mektubum burada biterken sizi, annemi, y\u00fccel&#8217;i, ablam\u0131, aziz abiyi, hasretle kucaklar\u0131m babac\u0131\u011f\u0131m. Sa\u011fl\u0131cakla kal\u0131n.&#8221;<\/p>\n","protected":false},"excerpt":{"rendered":"<p>DEN\u0130Z GEZM\u0130\u015e Deniz Gezmi\u015f, 1947&#8217;nin \u015eubat ay\u0131n\u0131n sonunda Ankara&#8217;n\u0131n Aya\u015f il\u00e7esinde do\u011fdu. Babas\u0131 Erzurum, Il\u0131ca n\u00fcfusuna kay\u0131tl\u0131 ilk\u00f6\u011fretim m\u00fcfetti\u015fi Cemil Gezmi\u015f, annesi ise Erzurum&#8217;un Tortum il\u00e7esinden ilkokul \u00f6\u011fretmeni Mukaddes Gezmi\u015f&#8217;tir. Ailenin \u00fc\u00e7 erkek \u00e7ocu\u011fundan ikincisidir. Gezmi\u015f, ilk ve orta\u00f6\u011frenimini Sivas&#8217;ta, liseyi \u0130stanbul&#8217;da okudu. Hen\u00fcz lise \u00f6\u011frencisiyken sol d\u00fc\u015f\u00fcnceyle tan\u0131\u015ft\u0131 ve kendini d\u00f6nemin eylemleri i\u00e7inde buldu. [&hellip;]<\/p>\n","protected":false},"author":1,"featured_media":0,"comment_status":"open","ping_status":"open","sticky":false,"template":"","format":"standard","meta":{"footnotes":""},"categories":[156],"tags":[],"class_list":["post-4585","post","type-post","status-publish","format-standard","category-genel-tarih"],"yoast_head":"<!-- This site is optimized with the Yoast SEO Premium plugin v24.9 (Yoast SEO v24.9) - https:\/\/yoast.com\/wordpress\/plugins\/seo\/ -->\n<title>Bug\u00fcnlerden geriye; bir yar\u0131na gidenler kal\u0131r, bir de yar\u0131nlar i\u00e7in direnenler | \u00dc\u00e7 Fidan - narteks.net<\/title>\n<meta name=\"robots\" content=\"index, follow, max-snippet:-1, max-image-preview:large, max-video-preview:-1\" \/>\n<link rel=\"canonical\" href=\"https:\/\/narteks.net\/index.php\/2010\/05\/05\/bugunlerden-geriye-bir-yarina-gidenler-kalir-bir-de-yarinlar-icin-direnenler-uc-fidan\/\" \/>\n<meta property=\"og:locale\" content=\"tr_TR\" \/>\n<meta property=\"og:type\" content=\"article\" \/>\n<meta property=\"og:title\" content=\"Bug\u00fcnlerden geriye; bir yar\u0131na gidenler kal\u0131r, bir de yar\u0131nlar i\u00e7in direnenler | \u00dc\u00e7 Fidan\" \/>\n<meta property=\"og:description\" content=\"DEN\u0130Z GEZM\u0130\u015e Deniz Gezmi\u015f, 1947&#8217;nin \u015eubat ay\u0131n\u0131n sonunda Ankara&#8217;n\u0131n Aya\u015f il\u00e7esinde do\u011fdu. Babas\u0131 Erzurum, Il\u0131ca n\u00fcfusuna kay\u0131tl\u0131 ilk\u00f6\u011fretim m\u00fcfetti\u015fi Cemil Gezmi\u015f, annesi ise Erzurum&#8217;un Tortum il\u00e7esinden ilkokul \u00f6\u011fretmeni Mukaddes Gezmi\u015f&#8217;tir. Ailenin \u00fc\u00e7 erkek \u00e7ocu\u011fundan ikincisidir. Gezmi\u015f, ilk ve orta\u00f6\u011frenimini Sivas&#8217;ta, liseyi \u0130stanbul&#8217;da okudu. Hen\u00fcz lise \u00f6\u011frencisiyken sol d\u00fc\u015f\u00fcnceyle tan\u0131\u015ft\u0131 ve kendini d\u00f6nemin eylemleri i\u00e7inde buldu. [&hellip;]\" \/>\n<meta property=\"og:url\" content=\"https:\/\/narteks.net\/index.php\/2010\/05\/05\/bugunlerden-geriye-bir-yarina-gidenler-kalir-bir-de-yarinlar-icin-direnenler-uc-fidan\/\" \/>\n<meta property=\"og:site_name\" content=\"narteks.net\" \/>\n<meta property=\"article:published_time\" content=\"2010-05-05T08:05:59+00:00\" \/>\n<meta property=\"og:image\" content=\"http:\/\/bitlisnews.net\/images_up\/deniz-gezmis.jpg\" \/>\n<meta name=\"author\" content=\"Tar\u0131k\" \/>\n<meta name=\"twitter:card\" content=\"summary_large_image\" \/>\n<meta name=\"twitter:creator\" content=\"@narteks\" \/>\n<meta name=\"twitter:site\" content=\"@narteks\" \/>\n<meta name=\"twitter:label1\" content=\"Yazan:\" \/>\n\t<meta name=\"twitter:data1\" content=\"Tar\u0131k\" \/>\n\t<meta name=\"twitter:label2\" content=\"Tahmini okuma s\u00fcresi\" \/>\n\t<meta name=\"twitter:data2\" content=\"15 dakika\" \/>\n<script type=\"application\/ld+json\" class=\"yoast-schema-graph\">{\"@context\":\"https:\/\/schema.org\",\"@graph\":[{\"@type\":\"Article\",\"@id\":\"https:\/\/narteks.net\/index.php\/2010\/05\/05\/bugunlerden-geriye-bir-yarina-gidenler-kalir-bir-de-yarinlar-icin-direnenler-uc-fidan\/#article\",\"isPartOf\":{\"@id\":\"https:\/\/narteks.net\/index.php\/2010\/05\/05\/bugunlerden-geriye-bir-yarina-gidenler-kalir-bir-de-yarinlar-icin-direnenler-uc-fidan\/\"},\"author\":{\"name\":\"Tar\u0131k\",\"@id\":\"https:\/\/narteks.net\/#\/schema\/person\/61f37d9834294b72d31d274e7ed79bca\"},\"headline\":\"Bug\u00fcnlerden geriye; bir yar\u0131na gidenler kal\u0131r, bir de yar\u0131nlar i\u00e7in direnenler | \u00dc\u00e7 Fidan\",\"datePublished\":\"2010-05-05T08:05:59+00:00\",\"mainEntityOfPage\":{\"@id\":\"https:\/\/narteks.net\/index.php\/2010\/05\/05\/bugunlerden-geriye-bir-yarina-gidenler-kalir-bir-de-yarinlar-icin-direnenler-uc-fidan\/\"},\"wordCount\":2935,\"commentCount\":0,\"publisher\":{\"@id\":\"https:\/\/narteks.net\/#organization\"},\"image\":{\"@id\":\"https:\/\/narteks.net\/index.php\/2010\/05\/05\/bugunlerden-geriye-bir-yarina-gidenler-kalir-bir-de-yarinlar-icin-direnenler-uc-fidan\/#primaryimage\"},\"thumbnailUrl\":\"http:\/\/bitlisnews.net\/images_up\/deniz-gezmis.jpg\",\"articleSection\":[\"Genel Tarih\"],\"inLanguage\":\"tr\",\"potentialAction\":[{\"@type\":\"CommentAction\",\"name\":\"Comment\",\"target\":[\"https:\/\/narteks.net\/index.php\/2010\/05\/05\/bugunlerden-geriye-bir-yarina-gidenler-kalir-bir-de-yarinlar-icin-direnenler-uc-fidan\/#respond\"]}]},{\"@type\":\"WebPage\",\"@id\":\"https:\/\/narteks.net\/index.php\/2010\/05\/05\/bugunlerden-geriye-bir-yarina-gidenler-kalir-bir-de-yarinlar-icin-direnenler-uc-fidan\/\",\"url\":\"https:\/\/narteks.net\/index.php\/2010\/05\/05\/bugunlerden-geriye-bir-yarina-gidenler-kalir-bir-de-yarinlar-icin-direnenler-uc-fidan\/\",\"name\":\"Bug\u00fcnlerden geriye; bir yar\u0131na gidenler kal\u0131r, bir de yar\u0131nlar i\u00e7in direnenler | \u00dc\u00e7 Fidan - narteks.net\",\"isPartOf\":{\"@id\":\"https:\/\/narteks.net\/#website\"},\"primaryImageOfPage\":{\"@id\":\"https:\/\/narteks.net\/index.php\/2010\/05\/05\/bugunlerden-geriye-bir-yarina-gidenler-kalir-bir-de-yarinlar-icin-direnenler-uc-fidan\/#primaryimage\"},\"image\":{\"@id\":\"https:\/\/narteks.net\/index.php\/2010\/05\/05\/bugunlerden-geriye-bir-yarina-gidenler-kalir-bir-de-yarinlar-icin-direnenler-uc-fidan\/#primaryimage\"},\"thumbnailUrl\":\"http:\/\/bitlisnews.net\/images_up\/deniz-gezmis.jpg\",\"datePublished\":\"2010-05-05T08:05:59+00:00\",\"breadcrumb\":{\"@id\":\"https:\/\/narteks.net\/index.php\/2010\/05\/05\/bugunlerden-geriye-bir-yarina-gidenler-kalir-bir-de-yarinlar-icin-direnenler-uc-fidan\/#breadcrumb\"},\"inLanguage\":\"tr\",\"potentialAction\":[{\"@type\":\"ReadAction\",\"target\":[\"https:\/\/narteks.net\/index.php\/2010\/05\/05\/bugunlerden-geriye-bir-yarina-gidenler-kalir-bir-de-yarinlar-icin-direnenler-uc-fidan\/\"]}]},{\"@type\":\"ImageObject\",\"inLanguage\":\"tr\",\"@id\":\"https:\/\/narteks.net\/index.php\/2010\/05\/05\/bugunlerden-geriye-bir-yarina-gidenler-kalir-bir-de-yarinlar-icin-direnenler-uc-fidan\/#primaryimage\",\"url\":\"http:\/\/bitlisnews.net\/images_up\/deniz-gezmis.jpg\",\"contentUrl\":\"http:\/\/bitlisnews.net\/images_up\/deniz-gezmis.jpg\"},{\"@type\":\"BreadcrumbList\",\"@id\":\"https:\/\/narteks.net\/index.php\/2010\/05\/05\/bugunlerden-geriye-bir-yarina-gidenler-kalir-bir-de-yarinlar-icin-direnenler-uc-fidan\/#breadcrumb\",\"itemListElement\":[{\"@type\":\"ListItem\",\"position\":1,\"name\":\"Anasayfa\",\"item\":\"https:\/\/narteks.net\/\"},{\"@type\":\"ListItem\",\"position\":2,\"name\":\"Bug\u00fcnlerden geriye; bir yar\u0131na gidenler kal\u0131r, bir de yar\u0131nlar i\u00e7in direnenler | \u00dc\u00e7 Fidan\"}]},{\"@type\":\"WebSite\",\"@id\":\"https:\/\/narteks.net\/#website\",\"url\":\"https:\/\/narteks.net\/\",\"name\":\"narteks.net\",\"description\":\"K\u00fclt\u00fcr Sanat Edebiyat Felsefe\",\"publisher\":{\"@id\":\"https:\/\/narteks.net\/#organization\"},\"alternateName\":\"K\u00fclt\u00fcr Sanat Edebiyat Felsefe\",\"potentialAction\":[{\"@type\":\"SearchAction\",\"target\":{\"@type\":\"EntryPoint\",\"urlTemplate\":\"https:\/\/narteks.net\/?s={search_term_string}\"},\"query-input\":{\"@type\":\"PropertyValueSpecification\",\"valueRequired\":true,\"valueName\":\"search_term_string\"}}],\"inLanguage\":\"tr\"},{\"@type\":\"Organization\",\"@id\":\"https:\/\/narteks.net\/#organization\",\"name\":\"narteks.net\",\"url\":\"https:\/\/narteks.net\/\",\"logo\":{\"@type\":\"ImageObject\",\"inLanguage\":\"tr\",\"@id\":\"https:\/\/narteks.net\/#\/schema\/logo\/image\/\",\"url\":\"https:\/\/narteks.net\/wp-content\/uploads\/narteks.png\",\"contentUrl\":\"https:\/\/narteks.net\/wp-content\/uploads\/narteks.png\",\"width\":300,\"height\":90,\"caption\":\"narteks.net\"},\"image\":{\"@id\":\"https:\/\/narteks.net\/#\/schema\/logo\/image\/\"},\"sameAs\":[\"https:\/\/x.com\/narteks\",\"https:\/\/instagram.com\/narteksnet\"]},{\"@type\":\"Person\",\"@id\":\"https:\/\/narteks.net\/#\/schema\/person\/61f37d9834294b72d31d274e7ed79bca\",\"name\":\"Tar\u0131k\",\"image\":{\"@type\":\"ImageObject\",\"inLanguage\":\"tr\",\"@id\":\"https:\/\/narteks.net\/#\/schema\/person\/image\/\",\"url\":\"https:\/\/secure.gravatar.com\/avatar\/50865afb55632c4ae467e0af0930f6510aa2297d8014be502a55b14f3b7550cf?s=96&d=mm&r=g\",\"contentUrl\":\"https:\/\/secure.gravatar.com\/avatar\/50865afb55632c4ae467e0af0930f6510aa2297d8014be502a55b14f3b7550cf?s=96&d=mm&r=g\",\"caption\":\"Tar\u0131k\"},\"sameAs\":[\"http:\/\/narteks.net\"],\"url\":\"https:\/\/narteks.net\/index.php\/author\/narbak\/\"}]}<\/script>\n<!-- \/ Yoast SEO Premium plugin. -->","yoast_head_json":{"title":"Bug\u00fcnlerden geriye; bir yar\u0131na gidenler kal\u0131r, bir de yar\u0131nlar i\u00e7in direnenler | \u00dc\u00e7 Fidan - narteks.net","robots":{"index":"index","follow":"follow","max-snippet":"max-snippet:-1","max-image-preview":"max-image-preview:large","max-video-preview":"max-video-preview:-1"},"canonical":"https:\/\/narteks.net\/index.php\/2010\/05\/05\/bugunlerden-geriye-bir-yarina-gidenler-kalir-bir-de-yarinlar-icin-direnenler-uc-fidan\/","og_locale":"tr_TR","og_type":"article","og_title":"Bug\u00fcnlerden geriye; bir yar\u0131na gidenler kal\u0131r, bir de yar\u0131nlar i\u00e7in direnenler | \u00dc\u00e7 Fidan","og_description":"DEN\u0130Z GEZM\u0130\u015e Deniz Gezmi\u015f, 1947&#8217;nin \u015eubat ay\u0131n\u0131n sonunda Ankara&#8217;n\u0131n Aya\u015f il\u00e7esinde do\u011fdu. Babas\u0131 Erzurum, Il\u0131ca n\u00fcfusuna kay\u0131tl\u0131 ilk\u00f6\u011fretim m\u00fcfetti\u015fi Cemil Gezmi\u015f, annesi ise Erzurum&#8217;un Tortum il\u00e7esinden ilkokul \u00f6\u011fretmeni Mukaddes Gezmi\u015f&#8217;tir. Ailenin \u00fc\u00e7 erkek \u00e7ocu\u011fundan ikincisidir. Gezmi\u015f, ilk ve orta\u00f6\u011frenimini Sivas&#8217;ta, liseyi \u0130stanbul&#8217;da okudu. Hen\u00fcz lise \u00f6\u011frencisiyken sol d\u00fc\u015f\u00fcnceyle tan\u0131\u015ft\u0131 ve kendini d\u00f6nemin eylemleri i\u00e7inde buldu. [&hellip;]","og_url":"https:\/\/narteks.net\/index.php\/2010\/05\/05\/bugunlerden-geriye-bir-yarina-gidenler-kalir-bir-de-yarinlar-icin-direnenler-uc-fidan\/","og_site_name":"narteks.net","article_published_time":"2010-05-05T08:05:59+00:00","og_image":[{"url":"http:\/\/bitlisnews.net\/images_up\/deniz-gezmis.jpg","type":"","width":"","height":""}],"author":"Tar\u0131k","twitter_card":"summary_large_image","twitter_creator":"@narteks","twitter_site":"@narteks","twitter_misc":{"Yazan:":"Tar\u0131k","Tahmini okuma s\u00fcresi":"15 dakika"},"schema":{"@context":"https:\/\/schema.org","@graph":[{"@type":"Article","@id":"https:\/\/narteks.net\/index.php\/2010\/05\/05\/bugunlerden-geriye-bir-yarina-gidenler-kalir-bir-de-yarinlar-icin-direnenler-uc-fidan\/#article","isPartOf":{"@id":"https:\/\/narteks.net\/index.php\/2010\/05\/05\/bugunlerden-geriye-bir-yarina-gidenler-kalir-bir-de-yarinlar-icin-direnenler-uc-fidan\/"},"author":{"name":"Tar\u0131k","@id":"https:\/\/narteks.net\/#\/schema\/person\/61f37d9834294b72d31d274e7ed79bca"},"headline":"Bug\u00fcnlerden geriye; bir yar\u0131na gidenler kal\u0131r, bir de yar\u0131nlar i\u00e7in direnenler | \u00dc\u00e7 Fidan","datePublished":"2010-05-05T08:05:59+00:00","mainEntityOfPage":{"@id":"https:\/\/narteks.net\/index.php\/2010\/05\/05\/bugunlerden-geriye-bir-yarina-gidenler-kalir-bir-de-yarinlar-icin-direnenler-uc-fidan\/"},"wordCount":2935,"commentCount":0,"publisher":{"@id":"https:\/\/narteks.net\/#organization"},"image":{"@id":"https:\/\/narteks.net\/index.php\/2010\/05\/05\/bugunlerden-geriye-bir-yarina-gidenler-kalir-bir-de-yarinlar-icin-direnenler-uc-fidan\/#primaryimage"},"thumbnailUrl":"http:\/\/bitlisnews.net\/images_up\/deniz-gezmis.jpg","articleSection":["Genel Tarih"],"inLanguage":"tr","potentialAction":[{"@type":"CommentAction","name":"Comment","target":["https:\/\/narteks.net\/index.php\/2010\/05\/05\/bugunlerden-geriye-bir-yarina-gidenler-kalir-bir-de-yarinlar-icin-direnenler-uc-fidan\/#respond"]}]},{"@type":"WebPage","@id":"https:\/\/narteks.net\/index.php\/2010\/05\/05\/bugunlerden-geriye-bir-yarina-gidenler-kalir-bir-de-yarinlar-icin-direnenler-uc-fidan\/","url":"https:\/\/narteks.net\/index.php\/2010\/05\/05\/bugunlerden-geriye-bir-yarina-gidenler-kalir-bir-de-yarinlar-icin-direnenler-uc-fidan\/","name":"Bug\u00fcnlerden geriye; bir yar\u0131na gidenler kal\u0131r, bir de yar\u0131nlar i\u00e7in direnenler | \u00dc\u00e7 Fidan - narteks.net","isPartOf":{"@id":"https:\/\/narteks.net\/#website"},"primaryImageOfPage":{"@id":"https:\/\/narteks.net\/index.php\/2010\/05\/05\/bugunlerden-geriye-bir-yarina-gidenler-kalir-bir-de-yarinlar-icin-direnenler-uc-fidan\/#primaryimage"},"image":{"@id":"https:\/\/narteks.net\/index.php\/2010\/05\/05\/bugunlerden-geriye-bir-yarina-gidenler-kalir-bir-de-yarinlar-icin-direnenler-uc-fidan\/#primaryimage"},"thumbnailUrl":"http:\/\/bitlisnews.net\/images_up\/deniz-gezmis.jpg","datePublished":"2010-05-05T08:05:59+00:00","breadcrumb":{"@id":"https:\/\/narteks.net\/index.php\/2010\/05\/05\/bugunlerden-geriye-bir-yarina-gidenler-kalir-bir-de-yarinlar-icin-direnenler-uc-fidan\/#breadcrumb"},"inLanguage":"tr","potentialAction":[{"@type":"ReadAction","target":["https:\/\/narteks.net\/index.php\/2010\/05\/05\/bugunlerden-geriye-bir-yarina-gidenler-kalir-bir-de-yarinlar-icin-direnenler-uc-fidan\/"]}]},{"@type":"ImageObject","inLanguage":"tr","@id":"https:\/\/narteks.net\/index.php\/2010\/05\/05\/bugunlerden-geriye-bir-yarina-gidenler-kalir-bir-de-yarinlar-icin-direnenler-uc-fidan\/#primaryimage","url":"http:\/\/bitlisnews.net\/images_up\/deniz-gezmis.jpg","contentUrl":"http:\/\/bitlisnews.net\/images_up\/deniz-gezmis.jpg"},{"@type":"BreadcrumbList","@id":"https:\/\/narteks.net\/index.php\/2010\/05\/05\/bugunlerden-geriye-bir-yarina-gidenler-kalir-bir-de-yarinlar-icin-direnenler-uc-fidan\/#breadcrumb","itemListElement":[{"@type":"ListItem","position":1,"name":"Anasayfa","item":"https:\/\/narteks.net\/"},{"@type":"ListItem","position":2,"name":"Bug\u00fcnlerden geriye; bir yar\u0131na gidenler kal\u0131r, bir de yar\u0131nlar i\u00e7in direnenler | \u00dc\u00e7 Fidan"}]},{"@type":"WebSite","@id":"https:\/\/narteks.net\/#website","url":"https:\/\/narteks.net\/","name":"narteks.net","description":"K\u00fclt\u00fcr Sanat Edebiyat Felsefe","publisher":{"@id":"https:\/\/narteks.net\/#organization"},"alternateName":"K\u00fclt\u00fcr Sanat Edebiyat Felsefe","potentialAction":[{"@type":"SearchAction","target":{"@type":"EntryPoint","urlTemplate":"https:\/\/narteks.net\/?s={search_term_string}"},"query-input":{"@type":"PropertyValueSpecification","valueRequired":true,"valueName":"search_term_string"}}],"inLanguage":"tr"},{"@type":"Organization","@id":"https:\/\/narteks.net\/#organization","name":"narteks.net","url":"https:\/\/narteks.net\/","logo":{"@type":"ImageObject","inLanguage":"tr","@id":"https:\/\/narteks.net\/#\/schema\/logo\/image\/","url":"https:\/\/narteks.net\/wp-content\/uploads\/narteks.png","contentUrl":"https:\/\/narteks.net\/wp-content\/uploads\/narteks.png","width":300,"height":90,"caption":"narteks.net"},"image":{"@id":"https:\/\/narteks.net\/#\/schema\/logo\/image\/"},"sameAs":["https:\/\/x.com\/narteks","https:\/\/instagram.com\/narteksnet"]},{"@type":"Person","@id":"https:\/\/narteks.net\/#\/schema\/person\/61f37d9834294b72d31d274e7ed79bca","name":"Tar\u0131k","image":{"@type":"ImageObject","inLanguage":"tr","@id":"https:\/\/narteks.net\/#\/schema\/person\/image\/","url":"https:\/\/secure.gravatar.com\/avatar\/50865afb55632c4ae467e0af0930f6510aa2297d8014be502a55b14f3b7550cf?s=96&d=mm&r=g","contentUrl":"https:\/\/secure.gravatar.com\/avatar\/50865afb55632c4ae467e0af0930f6510aa2297d8014be502a55b14f3b7550cf?s=96&d=mm&r=g","caption":"Tar\u0131k"},"sameAs":["http:\/\/narteks.net"],"url":"https:\/\/narteks.net\/index.php\/author\/narbak\/"}]}},"_links":{"self":[{"href":"https:\/\/narteks.net\/index.php\/wp-json\/wp\/v2\/posts\/4585","targetHints":{"allow":["GET"]}}],"collection":[{"href":"https:\/\/narteks.net\/index.php\/wp-json\/wp\/v2\/posts"}],"about":[{"href":"https:\/\/narteks.net\/index.php\/wp-json\/wp\/v2\/types\/post"}],"author":[{"embeddable":true,"href":"https:\/\/narteks.net\/index.php\/wp-json\/wp\/v2\/users\/1"}],"replies":[{"embeddable":true,"href":"https:\/\/narteks.net\/index.php\/wp-json\/wp\/v2\/comments?post=4585"}],"version-history":[{"count":0,"href":"https:\/\/narteks.net\/index.php\/wp-json\/wp\/v2\/posts\/4585\/revisions"}],"wp:attachment":[{"href":"https:\/\/narteks.net\/index.php\/wp-json\/wp\/v2\/media?parent=4585"}],"wp:term":[{"taxonomy":"category","embeddable":true,"href":"https:\/\/narteks.net\/index.php\/wp-json\/wp\/v2\/categories?post=4585"},{"taxonomy":"post_tag","embeddable":true,"href":"https:\/\/narteks.net\/index.php\/wp-json\/wp\/v2\/tags?post=4585"}],"curies":[{"name":"wp","href":"https:\/\/api.w.org\/{rel}","templated":true}]}}