{"id":459,"date":"2009-03-13T23:16:32","date_gmt":"2009-03-13T20:16:32","guid":{"rendered":"http:\/\/localhost\/wordpress\/2009\/03\/13\/yarim-istanbul-u-mesken-mi-tuttun\/"},"modified":"2009-03-13T23:16:32","modified_gmt":"2009-03-13T20:16:32","slug":"yarim-istanbul-u-mesken-mi-tuttun","status":"publish","type":"post","link":"https:\/\/narteks.net\/index.php\/2009\/03\/13\/yarim-istanbul-u-mesken-mi-tuttun\/","title":{"rendered":"Yarim \u0130stanbul&#8217;u Mesken Mi Tuttun?"},"content":{"rendered":"<p style=\"text-align: justify;\"><span style=\"font-size: 14pt;\"><strong>Yarim \u0130stanbul&#8217;u Mesken Mi Tuttun? <\/strong><\/span><\/p>\n<p>G\u00fcz g\u00fcne\u015fi sar\u0131 sar\u0131 devriliyordu o ikindi \u00fczeri de uzaklardaki mor da\u011flar\u0131n ard\u0131na. Elinde su testisi, k\u00f6y\u00fcn \u00e7e\u015fme ba\u015f\u0131nda, s\u0131raya girmi\u015fti. Yedi y\u0131l \u00f6nce be\u015f alt\u0131 ya\u015f\u0131ndaki k\u0131zlar \u015fimdi varm\u0131\u015flard\u0131 on iki , on \u00fc\u00e7lerine. D\u00fc\u011f\u00fcn davullar\u0131 ayn\u0131 g\u00fcn birlikte d\u00f6\u011f\u00fclen Hat\u00e7a&#8217;yla Zalha&#8217;n\u0131n \u00fc\u00e7\u00fcnc\u00fc \u00e7ocuklar\u0131 ko\u015fup oynuyorlard\u0131.<\/p>\n<p>Derin bir i\u00e7 ge\u00e7irdi.<\/p>\n<p>Bir \u00e7ocu\u011fu olsayd\u0131 b\u00e2ri. O\u011flan de\u011fil, k\u0131z\u0131. O zaman olsayd\u0131 \u015fimdiye yedi ya\u015f\u0131nda. \u00c7e\u015fmeden su getirmese bile, evde a\u015fa mu\u015fa el atar, ortal\u0131\u011f\u0131 toplar, anas\u0131na can yolda\u015f\u0131 olurdu. Ama \u0130stanbul gurbetinde yedi y\u0131ld\u0131r eylenen eri, istemezdi k\u0131z evl\u00e2t. Erkek olmal\u0131yd\u0131 \u00e7ocu\u011fu. Erkek olmal\u0131 babas\u0131 gibi bilekli, kocaman kocaman elli, ayakl\u0131, ka\u015f\u0131 g\u00f6z\u00fc kudretten s\u00fcrmeli. On ya\u015f\u0131na varmadan, \u00e7ifte \u00e7ubu\u011fa el atmal\u0131yd\u0131. Yedi y\u0131ld\u0131r \u0130stanbul gurbetinde eyle\u015fen b\u00f6yle isterdi o\u011flunu. Babas\u0131n\u0131n soyunu s\u00fcrd\u00fcrmeli, k\u00f6y \u00e7ocuklar\u0131yla dere k\u0131y\u0131s\u0131nda g\u00fcle\u015f tutup, kendi akranlar\u0131n\u0131 yere kabak gibi vurmal\u0131yd\u0131:<br \/>Gene derin bir i\u00e7 ge\u00e7irdi.<\/p>\n<p>Yedi y\u0131l, yedi koca y\u0131ld\u0131r \u0130stanbul dedikleri g\u00fczeli bol, seyran\u0131 renkli \u0130stanbul&#8217;da ne bekliyor da gelmek bilmiyordu? Sak\u0131n orda g\u00fcl y\u00fczl\u00fc, bal dudakl\u0131, kara ka\u015f kara g\u00f6zl\u00fc bir g\u00fcvercin g\u00f6\u011fs\u00fc topukluya&#8230; A\u011fl\u0131yas\u0131 geldi birden. D\u00fc\u015f\u00fcnmek istemiyordu bunu. O pen\u00e7eli, o tuttu\u011funu koparan, o boylu poslu erke\u011finin bir \u0130stanbul k\u0131z\u0131na tutulup ondan dolay\u0131 s\u0131las\u0131n\u0131 unuttu\u011funu \u00f6\u011frense \u00f6ld\u00fcr\u00fcrd\u00fc kendini. &#8220;Vallaha \u00f6ld\u00fcr\u00fcr\u00fcm!&#8221; dedi i\u00e7inden sert sert. &#8220;G\u00fcnah\u0131, vebali varsa ona. Kaba sakal hoca tevat\u00fcr g\u00fcnah dediydi vaazda. Hele b\u00f6yle bir \u015fey olsun&#8230;.&#8221;<\/p>\n<p>Yan\u0131nda bir karalt\u0131. Kendine gelerek g\u00f6zlerinin ya\u015fard\u0131\u011f\u0131na dikkat etti, sildi elinin tersiyle g\u00f6zlerini.<\/p>\n<p>Resullarin Emine anayd\u0131 gelen:<\/p>\n<p>&#8211; Ne o k\u0131nal\u0131 kekli\u011fim benim? dedi. \u00d6ks\u00fcz\u00fcm, yavrum. Ne a\u011fl\u0131yon? Tel\u00e2\u015fland\u0131:<br \/>&#8211; Yoook, a\u011flam\u0131yorum nene&#8230;<\/p>\n<p>G\u00fcn g\u00f6rm\u00fc\u015f, umur s\u00fcrm\u00fc\u015f k\u0131r\u0131\u015f k\u0131r\u0131\u015f nene inanmad\u0131:<br \/>&#8211; A\u011fl\u0131yon k\u0131nal\u0131 kekli\u011fim, s\u00fcrmelim a\u011fl\u0131yon. Ben bilmem mi ne diye a\u011flad\u0131\u011f\u0131n\u0131? Vefas\u0131z\u0131n dikti\u011fi fidanlar meyveye geldi. Onunla gurbete gidenler yedinci sefer d\u00f6n\u00fcyorlar s\u0131laya. O nerde? Hani? <\/p>\n<p>&#8220;K\u0131nal\u0131 keklik&#8221; gene derinden bir \u00e7ekti. G\u00fcne\u015fin yar\u0131 yar\u0131ya derildi\u011fi mor da\u011flara bakt\u0131. G\u00f6zlerinden yuvarlananlara dur diyemiyordu gayri. Vars\u0131n aks\u0131nlard\u0131 Nene&#8217;nin dedi\u011fi gibi, \u00f6ks\u00fcze bu d\u00fcnyada g\u00fclmek yoktu. Keten yelekli, burma b\u0131y\u0131kl\u0131s\u0131 \u0130stanbul gurbetinde belki de bembeyaz bir istanbul k\u0131z\u0131yla unutmu\u015ftu s\u0131las\u0131n\u0131. Dili de varm\u0131yordu ama, unutmasa ne diye yedi y\u0131ld\u0131r d\u00f6n\u00fcp gelmesin? D\u00f6n\u00fcp gelmedi diyelim, insan iki sat\u0131r bir \u015feyler de mi yazamazd\u0131? \u0130lk gitti\u011fi aylar nas\u0131l yaz\u0131yordu? Demek unutmu\u015ftu? Unutmu\u015ftu demek ha? H\u0131\u00e7k\u0131rd\u0131. Gen\u00e7, ya\u015fl\u0131 kad\u0131nlar, ellerinin k\u0131nas\u0131yla \u00e7i\u00e7e\u011fi burnunda k\u0131zlar topland\u0131lar ba\u015f\u0131na. Sormad\u0131lar hi\u00e7bir \u015fey. Biliyorlard\u0131. Sorup da ne diye y\u00fcre\u011fini b\u00fcst\u00fcb\u00fcn kald\u0131rs\u0131nlar? Biri:<br \/>&#8211; Sus bac\u0131m, dedi. Sus! Bir ba\u015fkas\u0131: <br \/>&#8211; G\u00f6zlerinden d\u00f6kt\u00fc\u011f\u00fcne yaz\u0131k! <\/p>\n<p>Sa\u011fdan soldan herkes bir \u015fey s\u00f6yl\u00fcyordu: <br \/>&#8211; El o\u011flu de\u011fil mi? En iyisinin k\u00f6k\u00fcne kibrit! <br \/>-Vallaha Amasyan\u0131n barda\u011f\u0131, biri olmazsa biri daha bence.. <br \/>&#8211; En do\u011frusu bu ama&#8230;. <br \/>&#8211; Dinlemiyor ki! <br \/>&#8211; Bu gen\u00e7lik, bu t\u00e2zelik&#8230; <br \/>&#8211; Yedi y\u0131l, yedi y\u0131l anam. Dile kolay. \u0130nsan eksik ete\u011fini yedi y\u0131l s\u0131las\u0131nda unutur mu? <\/p>\n<p>S\u0131k\u0131ld\u0131, bunald\u0131. A\u011flam\u0131yordu art\u0131k. Zaman zaman bu: M\u00e2dem erke\u011fi \u0130stanbul gurbetinde yedi y\u0131ld\u0131r unutmu\u015ftu onu, o da vars\u0131n istiday\u0131 bo\u015fans\u0131n bir g\u00fczel, vars\u0131nd\u0131 bir ba\u015fkas\u0131na. Elini sallasa ellisi, ba\u015f\u0131n\u0131 sallasa&#8230; <\/p>\n<p>Duramad\u0131 kar\u0131lar\u0131n aras\u0131nda. On\u00fc\u00e7\u00fcnde bulup yitirdi\u011fi, yirmisine vard\u0131\u011f\u0131 halde bir t\u00fcrl\u00fc geri d\u00f6nemiyeni i\u00e7inden bir s\u0131z\u0131 bir ge\u00e7ti. Testisini koydu \u00e7e\u015fmenin iplik gibi akan suyunun alt\u0131na. Testi dola dursun, gittiyse keyfinden mi gitmi\u015fti. \u0130stanbul&#8217;a? G\u00f6z\u00fc k\u00f6r olas\u0131ca yokluk. D\u00fc\u015fman\u0131na avu\u00e7 a\u00e7t\u0131ran yokluk y\u00fcz\u00fcnden, birka\u00e7 para kazan\u0131p \u00f6k\u00fcz\u00fc ikile\u015ftirmek, birka\u00e7 d\u00f6n\u00fcm tarla daha al\u0131p babadan kalan bir ka\u00e7 d\u00f6n\u00fcm\u00fcne eklemek i\u00e7in. O gece, o gece i\u015fte, nas\u0131l yat\u0131rm\u0131\u015ft\u0131 koluna! Nas\u0131l ok\u015fam\u0131\u015ft\u0131 sa\u00e7lar\u0131n\u0131, neler demi\u015fti? \u0130stanbul gurbetine gidecek, \u00e7ok de\u011fil yaz\u0131 orda ge\u00e7irip, g\u00fcze, olmazsa k\u0131\u015fa koynunda desteyle para, d\u00f6necek. O zamana kadar bir de o\u011flu olmu\u015f olursa, eh gayri, keyfine son olm\u0131yacakt\u0131!. <\/p>\n<p>Ba\u015f\u0131ndaki beyat \u00f6rt\u00fcy\u00fc \u00e7enesinin alt\u0131nda \u00e7\u00f6z\u00fcp yeniden ba\u011flad\u0131. <br \/>Yedi y\u0131l, yedi koca y\u0131l! <br \/>Kocas\u0131n\u0131n iste\u011fince bir o\u011flu olayd\u0131 b\u00e2ri..<\/p>\n<p>Testisinin dolup ta\u015fmakta oldu\u011funun fark\u0131na bile varmad\u0131: Bir o\u011flu olsa o zamandan bu zamana, alt\u0131 ya\u015f\u0131nda m\u0131 olurdu? B\u00f6sb\u00f6y\u00fck, palazlanm\u0131\u015f delikanl\u0131. Akranlar\u0131yla dere kenar\u0131nda g\u00fcle\u015f mi tutard\u0131? Babas\u0131 gibi pen\u00e7eli olur da akranlar\u0131n\u0131 yere kapak gibi mi vururdu? Ekimde tarlaya birlikte mi giderler, hasat vakti d\u00fcveni birlikte mi s\u00fcrerlerdi? Babas\u0131n\u0131n kokusunu mu ta\u015f\u0131rd\u0131? <br \/>&#8211; K\u0131nal\u0131 keklik kald\u0131n gene. Bak testin doldu, ta\u015f\u0131yor! <\/p>\n<p>Kendine geldi. \u0130nsano\u011flunun akl\u0131na \u015fa\u015ft\u0131. G\u00f6zleri testisindeydi g\u00fcya. Testisinde oldu\u011fu halde, g\u00f6rememi\u015fti doldu\u011funu. <\/p>\n<p>\u00c7ekti l\u00fclenin alt\u0131ndan. G\u00fcld\u00fc ac\u0131 ac\u0131. <\/p>\n<p>Tuttu evinin yolunu. Tuttu ya, \u015fimdi de akl\u0131ndan k\u00f6y\u00fcn ya\u015fl\u0131lar\u0131, gen\u00e7leri kayna\u015fma\u011fa ba\u015flam\u0131\u015ft\u0131. Her kafadan bir ses: <br \/>&#8211; Deli anam deli bu! <br \/>&#8211; Do\u011fru bac\u0131m, deli.. <br \/>&#8211; Beni yedi y\u0131ld\u0131r s\u0131lamda unutacak da.. <br \/>&#8211; Ben de h\u00e2l\u00e2 yolunu bekliyece\u011fim onu ha? <\/p>\n<p>Sonra kafa kafaya, f\u0131s\u0131l f\u0131s\u0131l bir konu\u015fma. Ah bu konu\u015fma, ah bu konu\u015fmalar&#8230; Evden i\u00e7eri girerken, Dursunlar\u0131n Hac\u0131&#8217;y\u0131 h\u00e2t\u0131rlad\u0131 elinde olm\u0131yarak. \u0130nce, kapkara ka\u015flar\u0131 y\u0131k\u0131ld\u0131 sinirli sinirli. Testiyi b\u0131rakt\u0131 kap\u0131n\u0131n yan\u0131na, ge\u00e7ti pencerenin \u00f6n\u00fcnde dayand\u0131 duvara sa\u011f omzuyla. Odada kimse yoktu, tek ba\u015f\u0131nayd\u0131 ya, deminki kar\u0131lar, k\u0131zlar, orta ya\u015fl\u0131lar\u0131n hayalleri doldurmu\u015ftu oday\u0131. Alev sa\u00e7an bak\u0131\u015flar\u0131yla sanki topuna hayk\u0131rd\u0131: <br \/>&#8211; Dursunlar\u0131n Hac\u0131, Kara Hac\u0131 ba\u015f\u0131n\u0131zda par\u00e7alans\u0131n. At\u0131n yerine e\u015fe\u011fi ba\u011flam\u0131yaca\u011f\u0131m i\u015fte, ba\u011flam\u0131yaca\u011f\u0131m! <\/p>\n<p>Kara Hac\u0131 da neydi ki s\u0131rma b\u0131y\u0131kl\u0131 Ali&#8217;sinin yan\u0131nda? De\u011fil yedi y\u0131l, on y\u0131l d\u00f6nmese s\u0131las\u0131na, onu gene unutamazd\u0131 i\u015fte! <\/p>\n<p>G\u00fcz g\u00fcne\u015fi \u00e7oktaan devrilip gitmi\u015fti mor da\u011flar\u0131n ard\u0131na. Gece iniyordu k\u00f6ye a\u011f\u0131r a\u011f\u0131r. Lo\u015f oda fark\u0131na var\u0131lmaks\u0131z\u0131n karar\u0131yor, derinle\u015fiyordu. Derken bu yandaki kapkara da\u011flar\u0131n ard\u0131ndan bak\u0131r k\u0131z\u0131l\u0131 kocaman bir ay\u0131n tekeri g\u00f6z\u00fckt\u00fc. Sonra a\u011f\u0131r a\u011f\u0131r y\u00fckseldi g\u00f6klere, ufald\u0131, bak\u0131r k\u0131z\u0131l\u0131n\u0131 yitirdi, p\u0131r\u0131l p\u0131r\u0131l yanma\u011fa, saz \u00f6rt\u00fcl\u00fc dumanlar\u0131yla kerpi\u00e7 evleri s\u00fcsleme\u011fe ba\u015flad\u0131. <\/p>\n<p>Can\u0131 ne yemek istiyordu, ne de su. <\/p>\n<p>Gel desen gelmez miydim? \u015eu g\u00fczellerin doldurdu\u011fu elmastan kadehleri ben dolduramaz m\u0131yd\u0131m? <\/p>\n<p>Ali bak\u0131yordu, sadece bak\u0131yordu. <\/p>\n<p>Oysa hem a\u011fl\u0131yor, hem s\u00f6yl\u00fcyordu:<br \/>&#8211; Ketenden yele\u011fini bile ben dikmedim miydi? Benim gibi bir \u00f6ks\u00fcze d\u00fcnyay\u0131 haram etme\u011fe nas\u0131l k\u0131yd\u0131n? Yi\u011fitli\u011fine yak\u0131\u015f\u0131r m\u0131yd\u0131 gurbette beklemek dayanacak \u00f6z\u00fcm\u00fcn t\u00fckendi\u011fini anlamadm m\u0131? <\/p>\n<p>Ali susuyor, boyuna susuyordu. Ta\u015ftan ses \u00e7\u0131k\u0131yor, Ali&#8217;den \u00e7\u0131k\u0131n\u0131yordu. S\u00f6zlerinin ard\u0131n\u0131 getirdi a\u011fl\u0131ya a\u011fl\u0131ya: <br \/>&#8211; \u0130nsafs\u0131z yedi y\u0131l oldu sen gideli, dikti\u011fin fidanlar meyvaya geldi tekmil. Birlikte gittiklerinizin t\u00fcm\u00fc yedi\u015fer sefer geldiler s\u0131lalar\u0131na. Buralar\u0131n g\u00fczelleri \u00e7oktur ama sana yaramaz. Durmad\u0131n s\u00f6z\u00fcnde Ali&#8217;m. S\u00f6z\u00fcnde durmayana erkek demezler biliyor musun? Kavlimizde gidip de d\u00f6nmemek varm\u0131yd\u0131 vefas\u0131z? <\/p>\n<p>Fakat Ali hi\u00e7 ses vermeden bakm\u0131\u015f bakm\u0131\u015f, sonra \u00e7ekip giderken duman olmu\u015ftu \u00e2deta. Ba\u011f\u0131rm\u0131\u015ft\u0131 ard\u0131ndan, ba\u011f\u0131rm\u0131\u015f, ba\u011f\u0131rm\u0131\u015f&#8230; Fakat Ali&#8230; <\/p>\n<p>Uyand\u0131. G\u00fcne\u015f bir m\u0131zrak boyu y\u00fckselmi\u015fti Kalkt\u0131 yasland\u0131\u011f\u0131 yerden: <br \/>&#8211; Hay\u0131rd\u0131r in\u015fallah, dedi. <\/p>\n<p>Kalkt\u0131 usulcak, gitti kap\u0131ya, \u00f6rtt\u00fc, kal\u0131n tahta s\u00fcrg\u00fcs\u00fcn\u00fc itti. Ne olur ne olmazd\u0131. Kara, kuru Hac\u0131 k\u00f6t\u00fc dadanm\u0131\u015ft\u0131 \u00e7\u00fcnk\u00fc. K\u00f6y bakkal\u0131nda kafay\u0131 \u00e7ekip elinde saz, d\u00fc\u015f\u00fcyordu tek g\u00f6zden ibaret evininin yak\u0131nlar\u0131na. Daha bir g\u00fcnden bir g\u00fcne ne kap\u0131s\u0131na dayan\u0131p b\u00f6yle b\u00f6yle demi\u015f, ne de \u00e7e\u015fmeye giderken, yahut da tarlan\u0131n yolunu tek ba\u015f\u0131na tuttu\u011funda yolunu kesmi\u015fti. Kesmemi\u015f, l\u00e2f da atmam\u0131\u015ft\u0131 ama, k\u00f6y\u00fcn cad\u0131 kar\u0131lar\u0131 pek yak\u0131\u015ft\u0131rm\u0131\u015flar onu Kara Hac\u0131&#8217;ya! Yedi y\u0131ld\u0131r \u0130stanbul&#8217;u mesken tutan vefas\u0131z\u0131n\u0131 d\u00fc\u015f\u00fcne d\u00fc\u015f\u00fcne uykuya var\u0131verdi. D\u00fcnya \u00e7oktan silinmi\u015f, ay devrini tamamlay\u0131p elini ete\u011fini \u00e7ekmi\u015fti d\u00fcnyan\u0131n g\u00f6klerinden. <\/p>\n<p>Devrile kald\u0131\u011f\u0131 yerde m\u0131\u015f\u0131l m\u0131\u015f\u0131l uyuyordu. <br \/>Uykusunda d\u00fc\u015f. <br \/>D\u00fc\u015f\u00fcnde \u0130stanbul gurbeti. Ta\u015f\u0131 topra\u011f\u0131 alt\u0131ndand\u0131 \u0130stanbul gurbetinin. Ali&#8217;sini arama\u011fa gitmi\u015fti d\u00fc\u015f\u00fcnde. Bulmu\u015ftu da. G\u00fczellerin aras\u0131ndayd\u0131. Bir k\u0131y\u0131dan bak\u0131yordu. G\u00fczellerden biri dizine ba\u015f\u0131n\u0131 koyup uzanm\u0131\u015ft\u0131 boylu boyunca. Bir ba\u015fkas\u0131 g\u00fcm\u00fc\u015f bir kupayla \u015farap veriyor, daha bir ba\u015fkas\u0131 da duda\u011f\u0131ndan \u00f6pme\u011fe uzat\u0131yordu dudaklar\u0131n\u0131. <\/p>\n<p>O zaman, o zaman i\u015fte, gizlendi\u011fi k\u0131y\u0131dan \u00e7\u0131k\u0131vermi\u015fti. Ali \u015fa\u015f\u0131rm\u0131\u015f, b\u0131rak\u0131p g\u00fczellerini, ko\u015fmu\u015ftu yan\u0131na. A\u00e7m\u0131\u015ft\u0131 a\u011fz\u0131n\u0131 Ali&#8217;sine, yummu\u015ftu g\u00f6z\u00fcn\u00fc: <\/p>\n<p>&#8211; \u0130stanbul&#8217;u mesken mi tuttun? Bu g\u00fczelleri g\u00f6rd\u00fcn beni unuttun mu? S\u0131las\u0131na gelme\u011fe yemin mi ettin yoksa? <\/p>\n<p>Yarim \u0130stanbul&#8217;u mesken mi tuttun aman<br \/>G\u00f6rd\u00fcn g\u00fczelleri ben unuttun aman<br \/>Beni evinize k\u00f6le mi tuttun aman <\/p>\n<p>Gayri dayanacak \u00f6z\u00fcm kalmad\u0131 aman<br \/>Mektuba yazacak s\u00f6z\u00fcm kalmad\u0131 aman <\/p>\n<p>Yarim sen gideli yedi yil oldu aman<br \/>Diktigin fidanlar meyveye d\u00f6nd\u00fc aman<br \/>Seninle gidenler silaci oldu aman <\/p>\n<p>Gayri dayanacak \u00f6z\u00fcm kalmad\u0131 aman<br \/>Mektuba yazacak s\u00f6z\u00fcm kalmad\u0131 aman <\/p>\n","protected":false},"excerpt":{"rendered":"<p>Yarim \u0130stanbul&#8217;u Mesken Mi Tuttun? G\u00fcz g\u00fcne\u015fi sar\u0131 sar\u0131 devriliyordu o ikindi \u00fczeri de uzaklardaki mor da\u011flar\u0131n ard\u0131na. Elinde su testisi, k\u00f6y\u00fcn \u00e7e\u015fme ba\u015f\u0131nda, s\u0131raya girmi\u015fti. Yedi y\u0131l \u00f6nce be\u015f alt\u0131 ya\u015f\u0131ndaki k\u0131zlar \u015fimdi varm\u0131\u015flard\u0131 on iki , on \u00fc\u00e7lerine. D\u00fc\u011f\u00fcn davullar\u0131 ayn\u0131 g\u00fcn birlikte d\u00f6\u011f\u00fclen Hat\u00e7a&#8217;yla Zalha&#8217;n\u0131n \u00fc\u00e7\u00fcnc\u00fc \u00e7ocuklar\u0131 ko\u015fup oynuyorlard\u0131. Derin bir i\u00e7 [&hellip;]<\/p>\n","protected":false},"author":1,"featured_media":0,"comment_status":"open","ping_status":"open","sticky":false,"template":"","format":"standard","meta":{"footnotes":""},"categories":[55],"tags":[],"class_list":{"0":"post-459","1":"post","2":"type-post","3":"status-publish","4":"format-standard","6":"category-oykuleriyle-turkuler"},"yoast_head":"<!-- This site is optimized with the Yoast SEO Premium plugin v24.9 (Yoast SEO v24.9) - https:\/\/yoast.com\/wordpress\/plugins\/seo\/ -->\n<title>Yarim \u0130stanbul&#039;u Mesken Mi Tuttun? - narteks.net<\/title>\n<meta name=\"robots\" content=\"index, follow, max-snippet:-1, max-image-preview:large, max-video-preview:-1\" \/>\n<link rel=\"canonical\" href=\"https:\/\/narteks.net\/index.php\/2009\/03\/13\/yarim-istanbul-u-mesken-mi-tuttun\/\" \/>\n<meta property=\"og:locale\" content=\"tr_TR\" \/>\n<meta property=\"og:type\" content=\"article\" \/>\n<meta property=\"og:title\" content=\"Yarim \u0130stanbul&#039;u Mesken Mi Tuttun?\" \/>\n<meta property=\"og:description\" content=\"Yarim \u0130stanbul&#8217;u Mesken Mi Tuttun? G\u00fcz g\u00fcne\u015fi sar\u0131 sar\u0131 devriliyordu o ikindi \u00fczeri de uzaklardaki mor da\u011flar\u0131n ard\u0131na. Elinde su testisi, k\u00f6y\u00fcn \u00e7e\u015fme ba\u015f\u0131nda, s\u0131raya girmi\u015fti. Yedi y\u0131l \u00f6nce be\u015f alt\u0131 ya\u015f\u0131ndaki k\u0131zlar \u015fimdi varm\u0131\u015flard\u0131 on iki , on \u00fc\u00e7lerine. D\u00fc\u011f\u00fcn davullar\u0131 ayn\u0131 g\u00fcn birlikte d\u00f6\u011f\u00fclen Hat\u00e7a&#8217;yla Zalha&#8217;n\u0131n \u00fc\u00e7\u00fcnc\u00fc \u00e7ocuklar\u0131 ko\u015fup oynuyorlard\u0131. Derin bir i\u00e7 [&hellip;]\" \/>\n<meta property=\"og:url\" content=\"https:\/\/narteks.net\/index.php\/2009\/03\/13\/yarim-istanbul-u-mesken-mi-tuttun\/\" \/>\n<meta property=\"og:site_name\" content=\"narteks.net\" \/>\n<meta property=\"article:published_time\" content=\"2009-03-13T20:16:32+00:00\" \/>\n<meta property=\"og:image\" content=\"https:\/\/narteks.net\/wp-content\/uploads\/narteks.png\" \/>\n\t<meta property=\"og:image:width\" content=\"300\" \/>\n\t<meta property=\"og:image:height\" content=\"90\" \/>\n\t<meta property=\"og:image:type\" content=\"image\/png\" \/>\n<meta name=\"author\" content=\"Tar\u0131k\" \/>\n<meta name=\"twitter:card\" content=\"summary_large_image\" \/>\n<meta name=\"twitter:creator\" content=\"@narteks\" \/>\n<meta name=\"twitter:site\" content=\"@narteks\" \/>\n<meta name=\"twitter:label1\" content=\"Yazan:\" \/>\n\t<meta name=\"twitter:data1\" content=\"Tar\u0131k\" \/>\n\t<meta name=\"twitter:label2\" content=\"Tahmini okuma s\u00fcresi\" \/>\n\t<meta name=\"twitter:data2\" content=\"9 dakika\" \/>\n<script type=\"application\/ld+json\" class=\"yoast-schema-graph\">{\"@context\":\"https:\/\/schema.org\",\"@graph\":[{\"@type\":\"Article\",\"@id\":\"https:\/\/narteks.net\/index.php\/2009\/03\/13\/yarim-istanbul-u-mesken-mi-tuttun\/#article\",\"isPartOf\":{\"@id\":\"https:\/\/narteks.net\/index.php\/2009\/03\/13\/yarim-istanbul-u-mesken-mi-tuttun\/\"},\"author\":{\"name\":\"Tar\u0131k\",\"@id\":\"https:\/\/narteks.net\/#\/schema\/person\/61f37d9834294b72d31d274e7ed79bca\"},\"headline\":\"Yarim \u0130stanbul&#8217;u Mesken Mi Tuttun?\",\"datePublished\":\"2009-03-13T20:16:32+00:00\",\"mainEntityOfPage\":{\"@id\":\"https:\/\/narteks.net\/index.php\/2009\/03\/13\/yarim-istanbul-u-mesken-mi-tuttun\/\"},\"wordCount\":1841,\"commentCount\":0,\"publisher\":{\"@id\":\"https:\/\/narteks.net\/#organization\"},\"articleSection\":[\"\u00d6yk\u00fcleriyle T\u00fcrk\u00fcler\"],\"inLanguage\":\"tr\",\"potentialAction\":[{\"@type\":\"CommentAction\",\"name\":\"Comment\",\"target\":[\"https:\/\/narteks.net\/index.php\/2009\/03\/13\/yarim-istanbul-u-mesken-mi-tuttun\/#respond\"]}]},{\"@type\":\"WebPage\",\"@id\":\"https:\/\/narteks.net\/index.php\/2009\/03\/13\/yarim-istanbul-u-mesken-mi-tuttun\/\",\"url\":\"https:\/\/narteks.net\/index.php\/2009\/03\/13\/yarim-istanbul-u-mesken-mi-tuttun\/\",\"name\":\"Yarim \u0130stanbul'u Mesken Mi Tuttun? - narteks.net\",\"isPartOf\":{\"@id\":\"https:\/\/narteks.net\/#website\"},\"datePublished\":\"2009-03-13T20:16:32+00:00\",\"breadcrumb\":{\"@id\":\"https:\/\/narteks.net\/index.php\/2009\/03\/13\/yarim-istanbul-u-mesken-mi-tuttun\/#breadcrumb\"},\"inLanguage\":\"tr\",\"potentialAction\":[{\"@type\":\"ReadAction\",\"target\":[\"https:\/\/narteks.net\/index.php\/2009\/03\/13\/yarim-istanbul-u-mesken-mi-tuttun\/\"]}]},{\"@type\":\"BreadcrumbList\",\"@id\":\"https:\/\/narteks.net\/index.php\/2009\/03\/13\/yarim-istanbul-u-mesken-mi-tuttun\/#breadcrumb\",\"itemListElement\":[{\"@type\":\"ListItem\",\"position\":1,\"name\":\"Anasayfa\",\"item\":\"https:\/\/narteks.net\/\"},{\"@type\":\"ListItem\",\"position\":2,\"name\":\"Yarim \u0130stanbul&#8217;u Mesken Mi Tuttun?\"}]},{\"@type\":\"WebSite\",\"@id\":\"https:\/\/narteks.net\/#website\",\"url\":\"https:\/\/narteks.net\/\",\"name\":\"narteks.net\",\"description\":\"K\u00fclt\u00fcr Sanat Edebiyat Felsefe\",\"publisher\":{\"@id\":\"https:\/\/narteks.net\/#organization\"},\"alternateName\":\"K\u00fclt\u00fcr Sanat Edebiyat Felsefe\",\"potentialAction\":[{\"@type\":\"SearchAction\",\"target\":{\"@type\":\"EntryPoint\",\"urlTemplate\":\"https:\/\/narteks.net\/?s={search_term_string}\"},\"query-input\":{\"@type\":\"PropertyValueSpecification\",\"valueRequired\":true,\"valueName\":\"search_term_string\"}}],\"inLanguage\":\"tr\"},{\"@type\":\"Organization\",\"@id\":\"https:\/\/narteks.net\/#organization\",\"name\":\"narteks.net\",\"url\":\"https:\/\/narteks.net\/\",\"logo\":{\"@type\":\"ImageObject\",\"inLanguage\":\"tr\",\"@id\":\"https:\/\/narteks.net\/#\/schema\/logo\/image\/\",\"url\":\"https:\/\/narteks.net\/wp-content\/uploads\/narteks.png\",\"contentUrl\":\"https:\/\/narteks.net\/wp-content\/uploads\/narteks.png\",\"width\":300,\"height\":90,\"caption\":\"narteks.net\"},\"image\":{\"@id\":\"https:\/\/narteks.net\/#\/schema\/logo\/image\/\"},\"sameAs\":[\"https:\/\/x.com\/narteks\",\"https:\/\/instagram.com\/narteksnet\"]},{\"@type\":\"Person\",\"@id\":\"https:\/\/narteks.net\/#\/schema\/person\/61f37d9834294b72d31d274e7ed79bca\",\"name\":\"Tar\u0131k\",\"image\":{\"@type\":\"ImageObject\",\"inLanguage\":\"tr\",\"@id\":\"https:\/\/narteks.net\/#\/schema\/person\/image\/\",\"url\":\"https:\/\/secure.gravatar.com\/avatar\/50865afb55632c4ae467e0af0930f6510aa2297d8014be502a55b14f3b7550cf?s=96&d=mm&r=g\",\"contentUrl\":\"https:\/\/secure.gravatar.com\/avatar\/50865afb55632c4ae467e0af0930f6510aa2297d8014be502a55b14f3b7550cf?s=96&d=mm&r=g\",\"caption\":\"Tar\u0131k\"},\"sameAs\":[\"http:\/\/narteks.net\"],\"url\":\"https:\/\/narteks.net\/index.php\/author\/narbak\/\"}]}<\/script>\n<!-- \/ Yoast SEO Premium plugin. -->","yoast_head_json":{"title":"Yarim \u0130stanbul'u Mesken Mi Tuttun? - narteks.net","robots":{"index":"index","follow":"follow","max-snippet":"max-snippet:-1","max-image-preview":"max-image-preview:large","max-video-preview":"max-video-preview:-1"},"canonical":"https:\/\/narteks.net\/index.php\/2009\/03\/13\/yarim-istanbul-u-mesken-mi-tuttun\/","og_locale":"tr_TR","og_type":"article","og_title":"Yarim \u0130stanbul'u Mesken Mi Tuttun?","og_description":"Yarim \u0130stanbul&#8217;u Mesken Mi Tuttun? G\u00fcz g\u00fcne\u015fi sar\u0131 sar\u0131 devriliyordu o ikindi \u00fczeri de uzaklardaki mor da\u011flar\u0131n ard\u0131na. Elinde su testisi, k\u00f6y\u00fcn \u00e7e\u015fme ba\u015f\u0131nda, s\u0131raya girmi\u015fti. Yedi y\u0131l \u00f6nce be\u015f alt\u0131 ya\u015f\u0131ndaki k\u0131zlar \u015fimdi varm\u0131\u015flard\u0131 on iki , on \u00fc\u00e7lerine. D\u00fc\u011f\u00fcn davullar\u0131 ayn\u0131 g\u00fcn birlikte d\u00f6\u011f\u00fclen Hat\u00e7a&#8217;yla Zalha&#8217;n\u0131n \u00fc\u00e7\u00fcnc\u00fc \u00e7ocuklar\u0131 ko\u015fup oynuyorlard\u0131. Derin bir i\u00e7 [&hellip;]","og_url":"https:\/\/narteks.net\/index.php\/2009\/03\/13\/yarim-istanbul-u-mesken-mi-tuttun\/","og_site_name":"narteks.net","article_published_time":"2009-03-13T20:16:32+00:00","og_image":[{"width":300,"height":90,"url":"https:\/\/narteks.net\/wp-content\/uploads\/narteks.png","type":"image\/png"}],"author":"Tar\u0131k","twitter_card":"summary_large_image","twitter_creator":"@narteks","twitter_site":"@narteks","twitter_misc":{"Yazan:":"Tar\u0131k","Tahmini okuma s\u00fcresi":"9 dakika"},"schema":{"@context":"https:\/\/schema.org","@graph":[{"@type":"Article","@id":"https:\/\/narteks.net\/index.php\/2009\/03\/13\/yarim-istanbul-u-mesken-mi-tuttun\/#article","isPartOf":{"@id":"https:\/\/narteks.net\/index.php\/2009\/03\/13\/yarim-istanbul-u-mesken-mi-tuttun\/"},"author":{"name":"Tar\u0131k","@id":"https:\/\/narteks.net\/#\/schema\/person\/61f37d9834294b72d31d274e7ed79bca"},"headline":"Yarim \u0130stanbul&#8217;u Mesken Mi Tuttun?","datePublished":"2009-03-13T20:16:32+00:00","mainEntityOfPage":{"@id":"https:\/\/narteks.net\/index.php\/2009\/03\/13\/yarim-istanbul-u-mesken-mi-tuttun\/"},"wordCount":1841,"commentCount":0,"publisher":{"@id":"https:\/\/narteks.net\/#organization"},"articleSection":["\u00d6yk\u00fcleriyle T\u00fcrk\u00fcler"],"inLanguage":"tr","potentialAction":[{"@type":"CommentAction","name":"Comment","target":["https:\/\/narteks.net\/index.php\/2009\/03\/13\/yarim-istanbul-u-mesken-mi-tuttun\/#respond"]}]},{"@type":"WebPage","@id":"https:\/\/narteks.net\/index.php\/2009\/03\/13\/yarim-istanbul-u-mesken-mi-tuttun\/","url":"https:\/\/narteks.net\/index.php\/2009\/03\/13\/yarim-istanbul-u-mesken-mi-tuttun\/","name":"Yarim \u0130stanbul'u Mesken Mi Tuttun? - narteks.net","isPartOf":{"@id":"https:\/\/narteks.net\/#website"},"datePublished":"2009-03-13T20:16:32+00:00","breadcrumb":{"@id":"https:\/\/narteks.net\/index.php\/2009\/03\/13\/yarim-istanbul-u-mesken-mi-tuttun\/#breadcrumb"},"inLanguage":"tr","potentialAction":[{"@type":"ReadAction","target":["https:\/\/narteks.net\/index.php\/2009\/03\/13\/yarim-istanbul-u-mesken-mi-tuttun\/"]}]},{"@type":"BreadcrumbList","@id":"https:\/\/narteks.net\/index.php\/2009\/03\/13\/yarim-istanbul-u-mesken-mi-tuttun\/#breadcrumb","itemListElement":[{"@type":"ListItem","position":1,"name":"Anasayfa","item":"https:\/\/narteks.net\/"},{"@type":"ListItem","position":2,"name":"Yarim \u0130stanbul&#8217;u Mesken Mi Tuttun?"}]},{"@type":"WebSite","@id":"https:\/\/narteks.net\/#website","url":"https:\/\/narteks.net\/","name":"narteks.net","description":"K\u00fclt\u00fcr Sanat Edebiyat Felsefe","publisher":{"@id":"https:\/\/narteks.net\/#organization"},"alternateName":"K\u00fclt\u00fcr Sanat Edebiyat Felsefe","potentialAction":[{"@type":"SearchAction","target":{"@type":"EntryPoint","urlTemplate":"https:\/\/narteks.net\/?s={search_term_string}"},"query-input":{"@type":"PropertyValueSpecification","valueRequired":true,"valueName":"search_term_string"}}],"inLanguage":"tr"},{"@type":"Organization","@id":"https:\/\/narteks.net\/#organization","name":"narteks.net","url":"https:\/\/narteks.net\/","logo":{"@type":"ImageObject","inLanguage":"tr","@id":"https:\/\/narteks.net\/#\/schema\/logo\/image\/","url":"https:\/\/narteks.net\/wp-content\/uploads\/narteks.png","contentUrl":"https:\/\/narteks.net\/wp-content\/uploads\/narteks.png","width":300,"height":90,"caption":"narteks.net"},"image":{"@id":"https:\/\/narteks.net\/#\/schema\/logo\/image\/"},"sameAs":["https:\/\/x.com\/narteks","https:\/\/instagram.com\/narteksnet"]},{"@type":"Person","@id":"https:\/\/narteks.net\/#\/schema\/person\/61f37d9834294b72d31d274e7ed79bca","name":"Tar\u0131k","image":{"@type":"ImageObject","inLanguage":"tr","@id":"https:\/\/narteks.net\/#\/schema\/person\/image\/","url":"https:\/\/secure.gravatar.com\/avatar\/50865afb55632c4ae467e0af0930f6510aa2297d8014be502a55b14f3b7550cf?s=96&d=mm&r=g","contentUrl":"https:\/\/secure.gravatar.com\/avatar\/50865afb55632c4ae467e0af0930f6510aa2297d8014be502a55b14f3b7550cf?s=96&d=mm&r=g","caption":"Tar\u0131k"},"sameAs":["http:\/\/narteks.net"],"url":"https:\/\/narteks.net\/index.php\/author\/narbak\/"}]}},"_links":{"self":[{"href":"https:\/\/narteks.net\/index.php\/wp-json\/wp\/v2\/posts\/459","targetHints":{"allow":["GET"]}}],"collection":[{"href":"https:\/\/narteks.net\/index.php\/wp-json\/wp\/v2\/posts"}],"about":[{"href":"https:\/\/narteks.net\/index.php\/wp-json\/wp\/v2\/types\/post"}],"author":[{"embeddable":true,"href":"https:\/\/narteks.net\/index.php\/wp-json\/wp\/v2\/users\/1"}],"replies":[{"embeddable":true,"href":"https:\/\/narteks.net\/index.php\/wp-json\/wp\/v2\/comments?post=459"}],"version-history":[{"count":0,"href":"https:\/\/narteks.net\/index.php\/wp-json\/wp\/v2\/posts\/459\/revisions"}],"wp:attachment":[{"href":"https:\/\/narteks.net\/index.php\/wp-json\/wp\/v2\/media?parent=459"}],"wp:term":[{"taxonomy":"category","embeddable":true,"href":"https:\/\/narteks.net\/index.php\/wp-json\/wp\/v2\/categories?post=459"},{"taxonomy":"post_tag","embeddable":true,"href":"https:\/\/narteks.net\/index.php\/wp-json\/wp\/v2\/tags?post=459"}],"curies":[{"name":"wp","href":"https:\/\/api.w.org\/{rel}","templated":true}]}}