{"id":4594,"date":"2010-05-17T11:27:39","date_gmt":"2010-05-17T08:27:39","guid":{"rendered":"http:\/\/localhost\/wordpress\/2010\/05\/17\/aydin-erol-gerilla-kampinda-devrimci-bir-balet-murat-gultekin\/"},"modified":"2010-05-17T11:27:39","modified_gmt":"2010-05-17T08:27:39","slug":"aydin-erol-gerilla-kampinda-devrimci-bir-balet-murat-gultekin","status":"publish","type":"post","link":"https:\/\/narteks.net\/index.php\/2010\/05\/17\/aydin-erol-gerilla-kampinda-devrimci-bir-balet-murat-gultekin\/","title":{"rendered":"Ayd\u0131n Erol ; Gerilla Kamp\u0131nda Devrimci Bir Balet | Murat G\u00fcltekin"},"content":{"rendered":"<p style=\"text-align: justify;\"><img loading=\"lazy\" decoding=\"async\" src=\"http:\/\/bianet.org\/resim\/olcekle\/5732\/300\/230\" border=\"0\" width=\"155\" height=\"205\" style=\"float: left;\" \/>21 y\u0131l \u00f6nce bu g\u00fcnlerde gazetelerde, dergilerde \u00e7\u0131kan ilanlar devrimci sanat\u00e7\u0131, balet Ayd\u0131n Erol\u2019un hayat\u0131n\u0131 kaybetti\u011fini haber veriyordu. Sevgi, \u00f6zlem dolu i\u00e7ten s\u00f6zc\u00fckler, onun i\u00e7in yaz\u0131lm\u0131\u015f \u015fiirlerle bezeli ilanlar aylarca yay\u0131nland\u0131. Onu tan\u0131mayanlar, \u00f6l\u00fcm ilanlar\u0131ndan \u0131\u015f\u0131lt\u0131l\u0131 g\u00f6zler, sevecen bak\u0131\u015flarla kendilerine bakan Ayd\u0131n Erol\u2019un nas\u0131l olup da bu kadar sevildi\u011fini anlamaya \u00e7al\u0131\u015f\u0131yor; onun kim oldu\u011funu merak ediyorlard\u0131.<\/p>\n<p style=\"text-align: justify;\"><strong>\u00c7ekirdekten devrimci<\/strong><\/p>\n<p>1956 y\u0131l\u0131nda Erzurum\u2019da bir ilkokul \u00f6\u011fretmenin sekizinci \u00e7ocu\u011fu d\u00fcnyaya gelir. Ad\u0131n\u0131 \u201ckaranl\u0131\u011fa ve gericili\u011fe kar\u015f\u0131\u201d Ayd\u0131n koyar babas\u0131. Devrimcilerle b\u00fcy\u00fcr. Deniz Gezmi\u015f\u2019in ikinci ku\u015faktan kuzeni, 27 May\u0131s gen\u00e7lik hareketi liderlerinden T\u0131p Fak\u00fcltesi \u00d6\u011frenci Derne\u011fi Ba\u015fkan\u0131 Memduh Eren\u2019in ye\u011fenidir.<\/p>\n<p style=\"text-align: justify;\">\u00c7ekirdekten devrimci, sanata, \u00f6zellikle de baleye tutkuyla ba\u011fl\u0131d\u0131r. \u0130lkokulu bitirir; Devlet Konservatuvar\u0131 Bale B\u00f6l\u00fcm\u00fc\u2019ne birincilikle girer. Bale ile devrimcili\u011fin el ele y\u00fcr\u00fcd\u00fc\u011f\u00fc bir hayat ba\u015flar. O y\u0131llarda konservatuar \u00f6\u011frencisi olan Ayd\u0131n\u2019\u0131n devrimci a\u011fabeylerinden -1 May\u0131s Mar\u015f\u0131\u2019n\u0131 T\u00fcrkiye emek\u00e7ilerine ve devrimcilere arma\u011fan eden- Sarper \u00d6zsan, \u015f\u00f6yle anlat\u0131r onu:<\/p>\n<p> \u201c.. ilk tan\u0131d\u0131\u011f\u0131mda 11 ya\u015f\u0131ndayd\u0131. 1967 Aral\u0131k\u2019\u0131nda Ankara Devlet Konservatuvar\u0131nda 14 g\u00fcn s\u00fcren bir yemek boykotu yapm\u0131\u015ft\u0131k. \u2026 I\u015fte bu s\u00fcre\u00e7 i\u00e7inde Ayd\u0131n, k\u00fc\u00e7\u00fck ya\u015f\u0131na ra\u011fmen bizim ve boykotumuzun bir par\u00e7as\u0131 oldu. Ona bir\u00e7ok abla ve a\u011fabeylerinden daha \u00e7ok g\u00fcveniyorduk. K\u0131v\u0131rc\u0131k sa\u00e7lar\u0131, g\u00fclen g\u00f6zleri, ayd\u0131nl\u0131k y\u00fcz\u00fc, sayg\u0131l\u0131 ve sevgili tutumuyla hepimizin ger\u00e7ek bir karde\u015fi olmu\u015ftu.\u201d<\/p>\n<p>Ayd\u0131n\u2019\u0131n \u201cfaaliyet alan\u0131\u201d Devlet Konservatuvar\u0131 ile s\u0131n\u0131rl\u0131 de\u011fildir. O y\u0131llarda Cebeci\u2019deki anti-fa\u015fist m\u00fccadelenin oda\u011f\u0131 olan Ankara T\u0131p Fak\u00fcltesi\u2019nin kantininde, bah\u00e7esindeki ye\u015fil \u00e7im sahada siyah bo\u011fazl\u0131 kazakl\u0131, ta i\u00e7inden g\u00fclen g\u00f6zleriyle, att\u0131\u011f\u0131 parendelerle co\u015fkulu hareketleri, konu\u015fmalar\u0131yla \u00e7ok k\u0131sa bir s\u00fcrede devrimci a\u011fabey ve ablalar\u0131n\u0131n kalbini ve dostlu\u011funu kazan\u0131r. O \u00e7ocukluktan yeni \u00e7\u0131km\u0131\u015f delikanl\u0131, afacan ortaokul \u00e7ocu\u011fu, t\u00fcm toplant\u0131lara, y\u00fcr\u00fcy\u00fc\u015flere ve hatta o g\u00fcn\u00fcn co\u015fkulu eylemlerine kat\u0131l\u0131r, delikanl\u0131 ya\u015fam\u0131n\u0131 devrimci m\u00fccadelenin i\u00e7ine katar.<\/p>\n<p style=\"text-align: justify;\"><strong>\u2018Sizi mutlaka ka\u00e7\u0131raca\u011f\u0131z&#8221;<\/strong><\/p>\n<p style=\"text-align: justify;\">12 Mart gelip \u00e7atar. Ayd\u0131n ve ailesi 12 Mart k\u0131y\u0131m\u0131ndan nasibini al\u0131r. Kuzeni Deniz idam edilir. Devrimci a\u011fabey ve ablalar toplan\u0131p cezaevlerine doldurulur. Ayd\u0131n, g\u00f6r\u00fc\u015f g\u00fcnlerinde har\u00e7l\u0131\u011f\u0131ndan art\u0131r\u0131p ald\u0131\u011f\u0131 k\u00fc\u00e7\u00fck hediyeler ve ya\u015fl\u0131 g\u00f6zlerle g\u00f6r\u00fc\u015f g\u00fcnlerine gider \u201cmerak etmeyin sizi hapishaneden mutlaka ka\u00e7\u0131raca\u011f\u0131z\u201d diyerek cesaret ve umut verir mahpus devrimcilere.<\/p>\n<p>12 Mart d\u00f6neminin kanl\u0131 ve karanl\u0131k g\u00fcnlerinde Mahir \u00c7ayan ve arkada\u015flar\u0131n\u0131n K\u0131z\u0131ldere\u2019de, Deniz Gezmi\u015f ve arkada\u015flar\u0131n\u0131n dara\u011fac\u0131nda noktalanan hayatlar\u0131 ve m\u00fccadeleleri yeni yeti\u015fen gen\u00e7li\u011fin heyecan\u0131na ve direni\u015f\u00e7ili\u011fine sembol olmu\u015ftur. 68\u2019in \u00f6nderlerine sahip \u00e7\u0131karak yeni bir antifa\u015fist antiemperyalist gen\u00e7lik hareketi i\u00e7in yola \u00e7\u0131kan , Devrimci Gen\u00e7lik\u2019e b\u00fcy\u00fck bir heyecan ve co\u015fkuyla kat\u0131l\u0131r.<\/p>\n<p style=\"text-align: justify;\"><strong>Devrimci balet<\/strong><\/p>\n<p>1975\u2019de Ankara Devlet Konservatuvar\u0131 Bale B\u00f6l\u00fcm\u00fc\u2019n\u00fc bitirir; Devlet Opera ve Balesi\u2019nde \u00e7al\u0131\u015fmaya ba\u015flar. Geli\u015fmesine b\u00fcy\u00fck emek verdi\u011fi Devrimci Gen\u00e7lik\u2019in b\u00fcy\u00fcy\u00fcp Devrimci Yol olu\u015funu emek\u00e7i bayram\u0131yla birlikte 1977 1 May\u0131s\u2019\u0131nda arkada\u015flar\u0131yla co\u015fkuyla kutlamak \u00fczere Taksim Meydan\u0131\u2019ndad\u0131r. Bayram kana bulan\u0131r. 1 May\u0131s katliam\u0131, b\u00fct\u00fcn \u00fclkeye yay\u0131lacak fa\u015fist sald\u0131r\u0131 ve katliamlar\u0131n habercisidir.<\/p>\n<p>Anti-fa\u015fist m\u00fccadelenin y\u00fck\u00fcn\u00fc Devrimci Yol\u2019da y\u00fcr\u00fcyen arkada\u015flar\u0131 ile birlikte \u00fcstlenen Ayd\u0131n i\u00e7in iyi bir balet olmak iyi bir devrimci olman\u0131n par\u00e7as\u0131d\u0131r. \u201cEstetikle b\u00fct\u00fcnle\u015femeyen devrimci i\u00e7eriklerin s\u00f6ylemlerin kuru ve itici oldu\u011funu\u201d d\u00fc\u015f\u00fcnmektedir. \u00c7e\u015fitli opera ve bale temsillerinde rol alan Ayd\u0131n\u2019dan \u201cen yetenekli baletlerimizden\u201d diye s\u00f6zedilmektedir. Sanat\u0131nda ilerlemek i\u00e7in 1978\u2019de Royal Ballet\u2019den kazand\u0131\u011f\u0131 \u00fc\u00e7 ayl\u0131k burs ile \u0130ngiltere\u2019ye gider. Kraliyet balesinde e\u011fitim g\u00f6r\u00fcr. \u0130ngiltere g\u00fcnlerinin en g\u00fczel yan\u0131 Sovyet balet Nureyev ile kurdu\u011fu dostluktur.<\/p>\n<p>\u0130ngiltere d\u00f6n\u00fc\u015f\u00fc baleye ve devrimcili\u011fe d\u00f6rt elle sar\u0131l\u0131r. Devrimciler aras\u0131nda ya\u015fanan politik tart\u0131\u015fmalar\u0131n zaman zaman sertle\u015fti\u011fi g\u00fcnlerde hangi siyasi gruptan olursa olsun b\u00fct\u00fcn devrimcilerin sevdi\u011fi, sayd\u0131\u011f\u0131 biri olarak birle\u015ftirici bir rol oynar. Ayd\u0131n\u2019\u0131 konservatuardaki \u00e7ocukluk g\u00fcnlerinden tan\u0131yan \u00d6zsan \u015f\u00f6yle anlat\u0131r 70\u2019lerin ikinci yar\u0131s\u0131ndaki s\u0131cak m\u00fccadele ortam\u0131nda Ayd\u0131n\u2019\u0131:<\/p>\n<p> \u201cSonra b\u00fcy\u00fcd\u00fc geli\u015fti, kaya gibi sa\u011flam bir delikanl\u0131yd\u0131 art\u0131k insan\u0131n g\u00f6zlerinin i\u00e7ine bak\u0131p ve elinizi sa\u011flam bir \u015fekilde kavray\u0131p kuvvetle s\u0131kt\u0131 m\u0131yd\u0131, g\u00fcven duygusu kaplard\u0131 i\u00e7inizi. Bu ki\u015fiden zarar gelmez, insan\u0131n dostu olursa b\u00f6yle olsun derdiniz i\u00e7inizden.. Eskisi kadar s\u0131k olmamakla birlikte konservatuvardan sonra da ili\u015fkimiz s\u00fcrd\u00fc. Ayr\u0131 siyasal g\u00f6r\u00fc\u015fe sahip oldu\u011fumuzu sezinliyordum. O benim g\u00f6r\u00fc\u015flerimi biliyordu ama kendi g\u00f6r\u00fc\u015flerini a\u00e7m\u0131yordu. Ben de sormuyordum. Hangi g\u00f6r\u00fc\u015ften olursa olsun o benim i\u00e7in sevgili Ayd\u0131n\u2019d\u0131. Ayn\u0131 d\u00fc\u015f\u00fcnceyi o da benim i\u00e7in besliyor olmal\u0131yd\u0131 ki 12 Eyl\u00fcl \u00f6ncesinin o ho\u015fg\u00f6r\u00fcs\u00fcz, d\u00fc\u015fmanl\u0131\u011fa varan fraksiyon \u00e7at\u0131\u015fmalar\u0131 s\u0131ras\u0131nda bile bana olan sayg\u0131s\u0131n\u0131 sevgisini bozmad\u0131.\u201d<br \/><strong><br \/>12 Eyl\u00fcl<\/strong><\/p>\n<p style=\"text-align: justify;\">12 Eyl\u00fcl\u2019de tutuklan\u0131r; \u0130stanbul Devrimci Yol Davas\u0131\u2019ndan yarg\u0131lan\u0131rken, 12 Eyl\u00fcl\u2019e kar\u015f\u0131 direni\u015fi \u00f6rg\u00fctlemek \u00fczere 1982 y\u0131l\u0131nda yurtd\u0131\u015f\u0131na \u00e7\u0131kar. K\u0131sa bir s\u00fcre Paris\u2019te kald\u0131ktan sonra\u00a0 Hamburg\u2019a ge\u00e7er. Y\u00fcre\u011finde ve kafas\u0131nda T\u00fcrkiye\u2019deki arkada\u015flar\u0131 vard\u0131r. S\u0131cac\u0131k sevecen g\u00fcl\u00fc\u015f\u00fcnde ifadesini bulan birle\u015ftiricili\u011fini eri\u015febildi\u011fi kadar her yere ta\u015f\u0131maya \u00e7al\u0131\u015f\u0131r; hangi siyasi gruptan olursa olsun hi\u00e7bir ayr\u0131m g\u00f6zetmeden her devrimciye yard\u0131m elini uzat\u0131r t\u00fcm olanaklar\u0131n\u0131 herkesle payla\u015f\u0131r.<\/p>\n<p>Sevecen, g\u00fcle\u00e7 y\u00fczl\u00fc T\u00fcrkiyeli devrimci bir efsane kahraman\u0131na \u00f6zg\u00fc yetenekleriyle g\u00fcncel siyaset sorunlar\u0131n\u0131n \u00fcstesinden gelirken sanat\u0131n her dal\u0131n\u0131n \u00f6zellikle de bale gibi \u201celit\u201d bir sanat\u0131n incelikleriyle donanm\u0131\u015ft\u0131r. Y\u00fczy\u0131llar boyunca Avrupa d\u00fc\u015f\u00fcncesinde\/sanat\u0131nda (Ayd\u0131n\u2019\u0131n bran\u015f\u0131 olan balede) -hatta Avrupal\u0131 devrimcilerde de- hakim olan \u201c\u00d6fkeli T\u00fcrk\u201d, \u201cCelalli T\u00fcrk\u201d, \u201cKorkun\u00e7 T\u00fcrk\u201d imgesini parampar\u00e7a eder. T\u0131pk\u0131 \u201cle Turc Genereux\u201d (\u201cG\u00f6nl\u00fc Y\u00fcce T\u00fcrk\u201d) balesindeki gibi insana dair b\u00fct\u00fcn erdemlerle donanm\u0131\u015f bir T\u00fcrk olarak Avrupal\u0131 dostlar edinir. \u00c7e\u015fitli siyasetlerden aranan ki\u015filerin yurtd\u0131\u015f\u0131na \u00e7\u0131k\u0131\u015flar\u0131n\u0131 bu dostlar\u0131n\u0131n da yard\u0131m\u0131yla sa\u011flar.<\/p>\n<p style=\"text-align: justify;\"><strong>Gerilla kamp\u0131nda bir balet<\/strong><\/p>\n<p>Ayd\u0131n Erol, yaln\u0131z Avrupal\u0131 devrimciler i\u00e7in de\u011fil T\u00fcrkiyeli, Ortado\u011fulu devrimciler i\u00e7in de \u015fa\u015f\u0131rt\u0131c\u0131, tuhaf biridir. Onu, devrimcilerin Ortado\u011fu\u2019da Fa\u015fizme Kar\u015f\u0131 Birle\u015fik Direni\u015f Cephesi\u2019ni olu\u015fturduklar\u0131 g\u00fcnlerde L\u00fcbnan\u2019daki Filistin Kamplar\u0131\u2019nda gece n\u00f6betlerini tutarken Filistinlilerin \u015fa\u015fk\u0131n bak\u0131\u015flar\u0131 alt\u0131nda bale hareketleri yaparken g\u00f6ren devrimci arkada\u015flar\u0131 kar\u0131nlar\u0131n\u0131 tutatak g\u00fclm\u00fc\u015flerdir.<\/p>\n<p>12 Eyl\u00fcl fa\u015fizmine kar\u015f\u0131 direni\u015fin \u00f6rg\u00fctlenmesinde Yavuz kod ad\u0131n\u0131 alan Ayd\u0131n Erol, yurtd\u0131\u015f\u0131 \u00f6rg\u00fctlenmesinin daha bilin\u00e7li \u015fekilde dayan\u0131\u015fma, destek, lojistik ve e\u011fitim \u00fcss\u00fc haline getirilmesi, ili\u015fkilerin k\u0131sa s\u00fcre yurtd\u0131\u015f\u0131ndan koordine edilerek, koordinasyonun yurti\u00e7ine ta\u015f\u0131nmas\u0131 gibi \u00f6nemli g\u00f6revler \u00fcstlenir.<\/p>\n<p>K\u0131rdaki arkada\u015flar\u0131na lojistik destek i\u00e7in yurtd\u0131\u015f\u0131ndaki b\u00fct\u00fcn imkanlar\u0131 harekete ge\u00e7irmek i\u00e7in Ya\u015fathak Arslan, Mahmut Memduh Uyan gibi arkada\u015flar\u0131yla insan\u00fcst\u00fc bir gayret sarfeder ama ne yaz\u0131k ki \u00e7abalar\u0131, arkada\u015flar\u0131n\u0131n bir k\u0131sm\u0131n\u0131n \u00f6ld\u00fcr\u00fclmesine, bir k\u0131sm\u0131n\u0131n geli\u015fig\u00fczel bir \u015fekilde \u015fehirlere gelip yakalanmas\u0131na engel olmaya yetmez.<br \/>Buras\u0131 \u00f6zg\u00fcrl\u00fc\u011f\u00fcn sesi radyosu<\/p>\n<p>Arkada\u015f, yolda\u015f \u00f6l\u00fcmleriyle umutsuzlu\u011fun, karamsarl\u0131\u011f\u0131n karabasan gibi \u00e7\u00f6kt\u00fc\u011f\u00fc g\u00fcnlerde Yavuz, Cunta\u2019ya \u015faka\/nanik yaparak arkada\u015flar\u0131n\u0131n y\u00fcz\u00fcn\u00fc g\u00fcld\u00fcr\u00fcr\u00fcr. Ya\u015fathak Arslan anlat\u0131yor:<\/p>\n<p> \u201c1982 sonlar\u0131 veya 1983 ba\u015flar\u0131nda, \u0130stanbul\u2019da harika bir olay ger\u00e7ekle\u015fti. Tabii ki sevgili Ayd\u0131n Erol\u2019un (Yavuz\u2019un) yetene\u011fi ve b\u00fcy\u00fck \u00f6zverisi sayesinde. O tarihlerde ak\u015fam haberlerini izlemek i\u00e7in ekran ba\u015f\u0131na ge\u00e7en \u0130stanbullular, Kenan Evren\u2019in konu\u015fmaya ba\u015flamas\u0131ndan k\u0131sa bir s\u00fcre sonra sesinin kesili\u015fine tan\u0131k oldular. Televizyondan duru ve g\u00fcr bir ses y\u00fckseldi: &#8216;Buras\u0131 \u00f6zg\u00fcrl\u00fc\u011f\u00fcn sesi radyosu. Size Devrimci Yol sava\u015f\u00e7\u0131lar\u0131 sesleniyor.&#8217; Bu yay\u0131n sonra ba\u015fka illerde de yap\u0131ld\u0131. Birka\u00e7 y\u0131l sonra, \u0130stanbul\u2019da rastlad\u0131\u011f\u0131m iki akrabam, bana o sesi i\u015fitince ola\u011fan\u00fcst\u00fc bir heyecan duyduklar\u0131n\u0131, insanlar\u0131n biribirlerini telefonla kutlad\u0131\u011f\u0131n\u0131 anlatt\u0131.\u201d<\/p>\n<p><strong>\u2018Elinizden geleni yap\u0131n&#8221;<\/strong><\/p>\n<p style=\"text-align: justify;\">Yavuz\u2019un lojistik deste\u011fine kendisine \u00f6zg\u00fc incelikler, muziplikler e\u015flik etmektedir. 1985 y\u0131lba\u015f\u0131 \u00f6ncesi\u00a0 arkada\u015flar\u0131na g\u00f6nderdi\u011fi \u201cpaket\u201dten \u201corijinal\u201d bir i\u00e7ki \u00e7\u0131km\u0131\u015ft\u0131r. Mahmut Memduh Uyan, Ya\u015fathak Arslan, e\u015fleri ve arkada\u015flar\u0131 \u0130stanbul Haseki\u2019de bir evde Yavuz\u2019un hediyesiyle ve 1985\u2019e dair umutlar\u0131yla sarho\u015f olmu\u015flard\u0131r y\u0131lba\u015f\u0131 gecesi\u2026 Ancak 1985\u2019e kara haberlerle girilir: 6 \u015eubat\u2019ta Mahmut yakalan\u0131r. Ya\u015fathak Arslan \u015eehzadeba\u015f\u0131 Postahanesi\u2019den arad\u0131\u011f\u0131 Yavuz\u2019a o g\u00fcnlerde \u0130stanbul\u2019a ak\u0131n eden \u0130ranl\u0131lar\u0131n g\u00fcr\u00fclt\u00fc pat\u0131rt\u0131lar\u0131 aras\u0131nda sesini duyurmak i\u00e7in ba\u011f\u0131ra \u00e7a\u011f\u0131ra \u201cMahmut yakaland\u0131 elinizden geleni yap\u0131n\u201d der ve ahizeyi kapat\u0131r.<\/p>\n<p>Yavuz ve arkada\u015flar\u0131 \u201celllerinden geleni\u201d yaparlar. Cezaevleri, i\u015fkence, politik tutsaklar ile ilgili yo\u011fun bir kampanya ba\u015flat\u0131rlar. Yavuz i\u00e7in g\u00f6revin b\u00fcy\u00fc\u011f\u00fc k\u00fc\u00e7\u00fc\u011f\u00fc yoktur. T\u00fcrkei \u0130nfo\u2019nun (T\u00fcrkiye Enformasyon B\u00fcrosu) \u201cT\u00fcrkiye\u2019deki Politik Tutuklulara \u00d6zg\u00fcrl\u00fck Kampanyas\u0131\u201dn\u0131n bildiri ve afi\u015flerini haz\u0131rlamaktan, G\u00f6\u00e7men Dergisi\u2019nin bask\u0131 \u00f6ncesi haz\u0131rl\u0131klar\u0131na kadar her\u015fey onun eline bakmaktad\u0131r. Fotograf\u00e7\u0131l\u0131ktan grafik d\u00fczenlemeye kadar \u00f6\u011frenmi\u015ftir yay\u0131nc\u0131l\u0131\u011f\u0131. Y\u00fczlerce devrimciyi \u015fu grup, bu siyaset demeden cuntan\u0131n gazab\u0131ndan kurtarmak i\u00e7in haz\u0131rlad\u0131\u011f\u0131 sahte belgeler, pasaportlar bu i\u015fleri \u00f6\u011frenmesi i\u00e7in iyi bir pratik olmu\u015ftur.<\/p>\n<p style=\"text-align: justify;\"><strong>S\u00fcrg\u00fcnde sanat gecesi<\/strong><\/p>\n<p style=\"text-align: justify;\">\u201cT\u00fcrkiye\u2019nin en yetenekli baletlerinden\u201d Ayd\u0131n\u2019\u0131n sanat\u0131nda yo\u011funla\u015f\u0131p aktif siyasetten uzakla\u015fmas\u0131 gerekti\u011fini d\u00fc\u015f\u00fcnen sanat \u00e7evrelerinden arkada\u015flar\u0131na cevab\u0131 \u201cben devrimcili\u011fi \u00e7ok seviyorum devrimci m\u00fccadelenin i\u00e7inde aktif olarak yoksam ya\u015fayamam\u201d olur. Sanat\u0131, baleyi de bir kenara b\u0131rakm\u0131\u015f de\u011fildir. Bisikletiyle Hamburg sokaklar\u0131nda T\u00fcrkei Info\u2019dan, G\u00f6\u00e7men Dergisi\u2019ne, Devrimci \u0130\u015f\u00e7i\u2019den, Alman Demokratik Kurulu\u015flar\u0131na ko\u015fturup durmaktan diz kapaklar\u0131nda meydana gelen a\u011fr\u0131lara ra\u011fmen bale yapar; baleyi d\u00fc\u015f\u00fcn\u00fcr. Devrimci i\u00e7erikli bale eserleri ortaya koymak \u00fczere \u00e7al\u0131\u015f\u0131r. Khachaturian Spartacus Balesi onun i\u00e7in ufuka\u00e7\u0131c\u0131 olur. Naz\u0131m Hikmet\u2019in \u015fiirlerini klasik baleye uyarlama tasar\u0131m\u0131n\u0131 y\u00fcksek sesle d\u00fc\u015f\u00fcnmeye ba\u015flad\u0131\u011f\u0131nda yak\u0131n arkada\u015flar\u0131ndan bile dudak b\u00fckmeler, bilgi\u00e7 bilgi\u00e7 ba\u015f sallamalar sezinler ama Almanlardan kurulu ( S\u00fcrg\u00fcn olarak ya\u015fad\u0131\u011f\u0131 \u00fclkede \u00e7e\u015fitli halklardan gelen g\u00f6\u00e7menlerle evsahibi halk\u0131n k\u00fclt\u00fcr\u00fcn\u00fcn etkile\u015ferek birarada ya\u015fama k\u00fclt\u00fcr\u00fcn\u00fcn geli\u015ftirilmesinde g\u00f6\u00e7men sanat\u00e7\u0131lara g\u00f6revler d\u00fc\u015ft\u00fc\u011f\u00fcn\u00fc d\u00fc\u015f\u00fcnerek) \u201cYakamoz\u201d ad\u0131n\u0131 verdi\u011fi dans grubunun \u00e7al\u0131\u015fmalar\u0131 ilerledik\u00e7e \u00f6nceleri dudak b\u00fckenlerin i\u015fin g\u00fczelli\u011fi kar\u015f\u0131s\u0131ndaki co\u015fkular\u0131n\u0131 g\u00f6rerek heyecanlan\u0131r. Sahneyecekleri g\u00f6steri bir anlamda meydan okumad\u0131r dosta d\u00fc\u015fmana..<\/p>\n<p>18 Kas\u0131m 1987 ak\u015fam\u0131 Hamburg Kampnagel\u2019de sergilenecek S\u00fcrg\u00fcnde Sanat Gecesi i\u00e7in haz\u0131rl\u0131klar bitme noktas\u0131na gelmi\u015fken kafas\u0131nda yeni bir soru vard\u0131r: \u201cG\u00f6\u00e7menlik ko\u015fullar\u0131nda ya\u015fanan bir a\u015fk ili\u015fkisini konu alan bir m\u00fczikal yap\u0131lamaz m\u0131?\u201d Tasarlad\u0131\u011f\u0131 kadro i\u00e7in d\u00fc\u015f\u00fcnd\u00fc\u011f\u00fc oyuncularla g\u00f6r\u00fc\u015fmelere ba\u015flar.<\/p>\n<p style=\"text-align: justify;\"><strong>Yavuz \u00f6l\u00fcm<\/strong><\/p>\n<p>24 Ekim 1987 g\u00fcn\u00fc her zamanki gibi bisikletiyle ordan oraya ko\u015fturmakla ge\u00e7er. Ak\u015fam saatlerinde \u00e7ocukluk ve mahalle arkada\u015f\u0131 Taner Ak\u00e7am\u2019\u0131n do\u011fum g\u00fcn\u00fc kutlamas\u0131 i\u00e7in Emek Lokantas\u0131\u2019n\u0131n yolunu tutar. Gecenin ilerleyen saatlerinde bildiri da\u011f\u0131tmak \u00fczere lokantaya gelen bir grupla Ayd\u0131n ve arkada\u015flar\u0131 aras\u0131nda s\u00f6zl\u00fc sata\u015fmalardan sonra kavga \u00e7\u0131kar; birileri silaha sar\u0131l\u0131r ve ate\u015f s\u0131ras\u0131nda Ayd\u0131n Erol vurulur. T\u00fcm devrimci gruplar taraf\u0131ndan sevilip say\u0131lan ve cuntaya kar\u015f\u0131 birlik ve m\u00fccadeleye \u00f6nc\u00fcl\u00fck eden Ayd\u0131n Erol gibi bir devrimci, bir devrimcinin kaza kur\u015funuyla hayat\u0131n\u0131 kaybeder.<\/p>\n<p>Avrupa\u2019n\u0131n \u00e7e\u015fitli \u00fclkelerinden gelen binlerce s\u00fcrg\u00fcn 1 Kas\u0131m 1987 Pazar g\u00fcn\u00fc Hamburg\u2019ta Yavuz\u2019u memleketine u\u011furlamak \u00fczere toplan\u0131r. Yavuz, 4 Kas\u0131m\u2019da memleketindedir. Karanl\u0131k bir Ankara g\u00fcn\u00fcnde y\u00fczlerce arkada\u015f\u0131na a\u011fabeyi Aras Erol \u015f\u00f6yle seslenir:<\/p>\n<p> \u201cAyd\u0131n, d\u00fcr\u00fcst ve namuslu bir baban\u0131n haram lokma yemeden b\u00fcy\u00fcyen bir \u00e7ocu\u011fuydu. Tahsilini yapt\u0131, sanat alan\u0131nda ba\u015far\u0131l\u0131 oldu. Yapt\u0131\u011f\u0131 bir kareografiyi g\u00f6remeden \u00f6ld\u00fc. \u0130nand\u0131klar\u0131 u\u011fruna hi\u00e7 sapmadan d\u00fcr\u00fcst ve yi\u011fit\u00e7e sava\u015ft\u0131 an\u0131s\u0131 ve m\u00fccadelsi onu sevenlerin y\u00fcre\u011finde ya\u015fayacakt\u0131r.\u201d<\/p>\n<p>Arkada\u015flar\u0131 yumruklar\u0131n\u0131 kald\u0131rarak sayg\u0131 duru\u015funda bulunmak isterler ancak polis ba\u015fka cenazeler oldu\u011funu ileri s\u00fcrerek kollar\u0131n\u0131 indirmelerini ister. Yavuz\u2019u bir devrimciye yak\u0131\u015f\u0131r \u015fekilde u\u011furlamakta kararl\u0131 olan arkada\u015flar\u0131na polis sald\u0131r\u0131r. Bir cenazeye sald\u0131rma al\u00e7akl\u0131\u011f\u0131n\u0131 g\u00f6r\u00fcnt\u00fclemek isteyen gazeteciler d\u00f6v\u00fclerek g\u00f6zalt\u0131na al\u0131n\u0131r. Fotograf makinelerine el konulur.<\/p>\n<p>Ayd\u0131n Erol, \u0131\u015f\u0131k patlamalar\u0131yla dolu bir fonda s\u00fcrd\u00fcrd\u00fc\u011f\u00fc dans\u0131n\u0131 bundan yirmi bir y\u0131l \u00f6nce bitirdi. \u015eimdi baz\u0131lar\u0131na yirmi bin y\u0131l \u00f6ncesi gibi gelen o g\u00fcnlerde, Ayd\u0131n Erol, sevgi ve yolda\u015fl\u0131k dolu solu\u011fuyla bamba\u015fka bir d\u00fcnya i\u00e7in ter d\u00f6k\u00fcyordu. Onun \u00fczerine d\u00fc\u015fen kanl\u0131 perde, yoksul sokaklar, sahipsiz \u00e7ocuklar, yiten umutlar ve gittik\u00e7e kabaran d\u00fc\u015fmanl\u0131k dalgalar\u0131 olarak h\u00e2l\u00e2 o u\u011fursuz sahnede duruyor.<\/p>\n<p>Onu hat\u0131rlad\u0131\u011f\u0131m\u0131z g\u00fcnlerde, Ayd\u0131n Erol\u2019un yorgun ama sevecen g\u00fcl\u00fc\u015f\u00fcyle bizi izledi\u011fini d\u00fc\u015f\u00fcn\u00fcp yalanc\u0131 bir avuntuya sar\u0131nmak istiyorsak da, o zamans\u0131z ve haks\u0131z vurulmu\u015f her ku\u011fu gibi sessizli\u011fin i\u00e7inde dans ediyor.<\/p>\n<p>Ve galiba bizler o dansa teklifsizce kat\u0131ld\u0131\u011f\u0131m\u0131z g\u00fcn, hayata dair en temiz, en masum ve en d\u00fcr\u00fcst ad\u0131m\u0131m\u0131z\u0131 ataca\u011f\u0131z\u2026(MG\/E\u00dc)<\/p>\n","protected":false},"excerpt":{"rendered":"<p>21 y\u0131l \u00f6nce bu g\u00fcnlerde gazetelerde, dergilerde \u00e7\u0131kan ilanlar devrimci sanat\u00e7\u0131, balet Ayd\u0131n Erol\u2019un hayat\u0131n\u0131 kaybetti\u011fini haber veriyordu. Sevgi, \u00f6zlem dolu i\u00e7ten s\u00f6zc\u00fckler, onun i\u00e7in yaz\u0131lm\u0131\u015f \u015fiirlerle bezeli ilanlar aylarca yay\u0131nland\u0131. Onu tan\u0131mayanlar, \u00f6l\u00fcm ilanlar\u0131ndan \u0131\u015f\u0131lt\u0131l\u0131 g\u00f6zler, sevecen bak\u0131\u015flarla kendilerine bakan Ayd\u0131n Erol\u2019un nas\u0131l olup da bu kadar sevildi\u011fini anlamaya \u00e7al\u0131\u015f\u0131yor; onun kim oldu\u011funu merak [&hellip;]<\/p>\n","protected":false},"author":1,"featured_media":0,"comment_status":"open","ping_status":"open","sticky":false,"template":"","format":"standard","meta":{"footnotes":""},"categories":[152],"tags":[],"class_list":{"0":"post-4594","1":"post","2":"type-post","3":"status-publish","4":"format-standard","6":"category-bale-dans"},"yoast_head":"<!-- This site is optimized with the Yoast SEO Premium plugin v24.9 (Yoast SEO v24.9) - https:\/\/yoast.com\/wordpress\/plugins\/seo\/ -->\n<title>Ayd\u0131n Erol ; Gerilla Kamp\u0131nda Devrimci Bir Balet | Murat G\u00fcltekin - narteks.net<\/title>\n<meta name=\"robots\" content=\"index, follow, max-snippet:-1, max-image-preview:large, max-video-preview:-1\" \/>\n<link rel=\"canonical\" href=\"https:\/\/narteks.net\/index.php\/2010\/05\/17\/aydin-erol-gerilla-kampinda-devrimci-bir-balet-murat-gultekin\/\" \/>\n<meta property=\"og:locale\" content=\"tr_TR\" \/>\n<meta property=\"og:type\" content=\"article\" \/>\n<meta property=\"og:title\" content=\"Ayd\u0131n Erol ; Gerilla Kamp\u0131nda Devrimci Bir Balet | Murat G\u00fcltekin\" \/>\n<meta property=\"og:description\" content=\"21 y\u0131l \u00f6nce bu g\u00fcnlerde gazetelerde, dergilerde \u00e7\u0131kan ilanlar devrimci sanat\u00e7\u0131, balet Ayd\u0131n Erol\u2019un hayat\u0131n\u0131 kaybetti\u011fini haber veriyordu. Sevgi, \u00f6zlem dolu i\u00e7ten s\u00f6zc\u00fckler, onun i\u00e7in yaz\u0131lm\u0131\u015f \u015fiirlerle bezeli ilanlar aylarca yay\u0131nland\u0131. Onu tan\u0131mayanlar, \u00f6l\u00fcm ilanlar\u0131ndan \u0131\u015f\u0131lt\u0131l\u0131 g\u00f6zler, sevecen bak\u0131\u015flarla kendilerine bakan Ayd\u0131n Erol\u2019un nas\u0131l olup da bu kadar sevildi\u011fini anlamaya \u00e7al\u0131\u015f\u0131yor; onun kim oldu\u011funu merak [&hellip;]\" \/>\n<meta property=\"og:url\" content=\"https:\/\/narteks.net\/index.php\/2010\/05\/17\/aydin-erol-gerilla-kampinda-devrimci-bir-balet-murat-gultekin\/\" \/>\n<meta property=\"og:site_name\" content=\"narteks.net\" \/>\n<meta property=\"article:published_time\" content=\"2010-05-17T08:27:39+00:00\" \/>\n<meta property=\"og:image\" content=\"http:\/\/bianet.org\/resim\/olcekle\/5732\/300\/230\" \/>\n<meta name=\"author\" content=\"Tar\u0131k\" \/>\n<meta name=\"twitter:card\" content=\"summary_large_image\" \/>\n<meta name=\"twitter:creator\" content=\"@narteks\" \/>\n<meta name=\"twitter:site\" content=\"@narteks\" \/>\n<meta name=\"twitter:label1\" content=\"Yazan:\" \/>\n\t<meta name=\"twitter:data1\" content=\"Tar\u0131k\" \/>\n\t<meta name=\"twitter:label2\" content=\"Tahmini okuma s\u00fcresi\" \/>\n\t<meta name=\"twitter:data2\" content=\"13 dakika\" \/>\n<script type=\"application\/ld+json\" class=\"yoast-schema-graph\">{\"@context\":\"https:\/\/schema.org\",\"@graph\":[{\"@type\":\"Article\",\"@id\":\"https:\/\/narteks.net\/index.php\/2010\/05\/17\/aydin-erol-gerilla-kampinda-devrimci-bir-balet-murat-gultekin\/#article\",\"isPartOf\":{\"@id\":\"https:\/\/narteks.net\/index.php\/2010\/05\/17\/aydin-erol-gerilla-kampinda-devrimci-bir-balet-murat-gultekin\/\"},\"author\":{\"name\":\"Tar\u0131k\",\"@id\":\"https:\/\/narteks.net\/#\/schema\/person\/61f37d9834294b72d31d274e7ed79bca\"},\"headline\":\"Ayd\u0131n Erol ; Gerilla Kamp\u0131nda Devrimci Bir Balet | Murat G\u00fcltekin\",\"datePublished\":\"2010-05-17T08:27:39+00:00\",\"mainEntityOfPage\":{\"@id\":\"https:\/\/narteks.net\/index.php\/2010\/05\/17\/aydin-erol-gerilla-kampinda-devrimci-bir-balet-murat-gultekin\/\"},\"wordCount\":2568,\"commentCount\":0,\"publisher\":{\"@id\":\"https:\/\/narteks.net\/#organization\"},\"image\":{\"@id\":\"https:\/\/narteks.net\/index.php\/2010\/05\/17\/aydin-erol-gerilla-kampinda-devrimci-bir-balet-murat-gultekin\/#primaryimage\"},\"thumbnailUrl\":\"http:\/\/bianet.org\/resim\/olcekle\/5732\/300\/230\",\"articleSection\":[\"Bale \/ Dans\"],\"inLanguage\":\"tr\",\"potentialAction\":[{\"@type\":\"CommentAction\",\"name\":\"Comment\",\"target\":[\"https:\/\/narteks.net\/index.php\/2010\/05\/17\/aydin-erol-gerilla-kampinda-devrimci-bir-balet-murat-gultekin\/#respond\"]}]},{\"@type\":\"WebPage\",\"@id\":\"https:\/\/narteks.net\/index.php\/2010\/05\/17\/aydin-erol-gerilla-kampinda-devrimci-bir-balet-murat-gultekin\/\",\"url\":\"https:\/\/narteks.net\/index.php\/2010\/05\/17\/aydin-erol-gerilla-kampinda-devrimci-bir-balet-murat-gultekin\/\",\"name\":\"Ayd\u0131n Erol ; Gerilla Kamp\u0131nda Devrimci Bir Balet | Murat G\u00fcltekin - narteks.net\",\"isPartOf\":{\"@id\":\"https:\/\/narteks.net\/#website\"},\"primaryImageOfPage\":{\"@id\":\"https:\/\/narteks.net\/index.php\/2010\/05\/17\/aydin-erol-gerilla-kampinda-devrimci-bir-balet-murat-gultekin\/#primaryimage\"},\"image\":{\"@id\":\"https:\/\/narteks.net\/index.php\/2010\/05\/17\/aydin-erol-gerilla-kampinda-devrimci-bir-balet-murat-gultekin\/#primaryimage\"},\"thumbnailUrl\":\"http:\/\/bianet.org\/resim\/olcekle\/5732\/300\/230\",\"datePublished\":\"2010-05-17T08:27:39+00:00\",\"breadcrumb\":{\"@id\":\"https:\/\/narteks.net\/index.php\/2010\/05\/17\/aydin-erol-gerilla-kampinda-devrimci-bir-balet-murat-gultekin\/#breadcrumb\"},\"inLanguage\":\"tr\",\"potentialAction\":[{\"@type\":\"ReadAction\",\"target\":[\"https:\/\/narteks.net\/index.php\/2010\/05\/17\/aydin-erol-gerilla-kampinda-devrimci-bir-balet-murat-gultekin\/\"]}]},{\"@type\":\"ImageObject\",\"inLanguage\":\"tr\",\"@id\":\"https:\/\/narteks.net\/index.php\/2010\/05\/17\/aydin-erol-gerilla-kampinda-devrimci-bir-balet-murat-gultekin\/#primaryimage\",\"url\":\"http:\/\/bianet.org\/resim\/olcekle\/5732\/300\/230\",\"contentUrl\":\"http:\/\/bianet.org\/resim\/olcekle\/5732\/300\/230\"},{\"@type\":\"BreadcrumbList\",\"@id\":\"https:\/\/narteks.net\/index.php\/2010\/05\/17\/aydin-erol-gerilla-kampinda-devrimci-bir-balet-murat-gultekin\/#breadcrumb\",\"itemListElement\":[{\"@type\":\"ListItem\",\"position\":1,\"name\":\"Anasayfa\",\"item\":\"https:\/\/narteks.net\/\"},{\"@type\":\"ListItem\",\"position\":2,\"name\":\"Ayd\u0131n Erol ; Gerilla Kamp\u0131nda Devrimci Bir Balet | Murat G\u00fcltekin\"}]},{\"@type\":\"WebSite\",\"@id\":\"https:\/\/narteks.net\/#website\",\"url\":\"https:\/\/narteks.net\/\",\"name\":\"narteks.net\",\"description\":\"K\u00fclt\u00fcr Sanat Edebiyat Felsefe\",\"publisher\":{\"@id\":\"https:\/\/narteks.net\/#organization\"},\"alternateName\":\"K\u00fclt\u00fcr Sanat Edebiyat Felsefe\",\"potentialAction\":[{\"@type\":\"SearchAction\",\"target\":{\"@type\":\"EntryPoint\",\"urlTemplate\":\"https:\/\/narteks.net\/?s={search_term_string}\"},\"query-input\":{\"@type\":\"PropertyValueSpecification\",\"valueRequired\":true,\"valueName\":\"search_term_string\"}}],\"inLanguage\":\"tr\"},{\"@type\":\"Organization\",\"@id\":\"https:\/\/narteks.net\/#organization\",\"name\":\"narteks.net\",\"url\":\"https:\/\/narteks.net\/\",\"logo\":{\"@type\":\"ImageObject\",\"inLanguage\":\"tr\",\"@id\":\"https:\/\/narteks.net\/#\/schema\/logo\/image\/\",\"url\":\"https:\/\/narteks.net\/wp-content\/uploads\/narteks.png\",\"contentUrl\":\"https:\/\/narteks.net\/wp-content\/uploads\/narteks.png\",\"width\":300,\"height\":90,\"caption\":\"narteks.net\"},\"image\":{\"@id\":\"https:\/\/narteks.net\/#\/schema\/logo\/image\/\"},\"sameAs\":[\"https:\/\/x.com\/narteks\",\"https:\/\/instagram.com\/narteksnet\"]},{\"@type\":\"Person\",\"@id\":\"https:\/\/narteks.net\/#\/schema\/person\/61f37d9834294b72d31d274e7ed79bca\",\"name\":\"Tar\u0131k\",\"image\":{\"@type\":\"ImageObject\",\"inLanguage\":\"tr\",\"@id\":\"https:\/\/narteks.net\/#\/schema\/person\/image\/\",\"url\":\"https:\/\/secure.gravatar.com\/avatar\/50865afb55632c4ae467e0af0930f6510aa2297d8014be502a55b14f3b7550cf?s=96&d=mm&r=g\",\"contentUrl\":\"https:\/\/secure.gravatar.com\/avatar\/50865afb55632c4ae467e0af0930f6510aa2297d8014be502a55b14f3b7550cf?s=96&d=mm&r=g\",\"caption\":\"Tar\u0131k\"},\"sameAs\":[\"http:\/\/narteks.net\"],\"url\":\"https:\/\/narteks.net\/index.php\/author\/narbak\/\"}]}<\/script>\n<!-- \/ Yoast SEO Premium plugin. -->","yoast_head_json":{"title":"Ayd\u0131n Erol ; Gerilla Kamp\u0131nda Devrimci Bir Balet | Murat G\u00fcltekin - narteks.net","robots":{"index":"index","follow":"follow","max-snippet":"max-snippet:-1","max-image-preview":"max-image-preview:large","max-video-preview":"max-video-preview:-1"},"canonical":"https:\/\/narteks.net\/index.php\/2010\/05\/17\/aydin-erol-gerilla-kampinda-devrimci-bir-balet-murat-gultekin\/","og_locale":"tr_TR","og_type":"article","og_title":"Ayd\u0131n Erol ; Gerilla Kamp\u0131nda Devrimci Bir Balet | Murat G\u00fcltekin","og_description":"21 y\u0131l \u00f6nce bu g\u00fcnlerde gazetelerde, dergilerde \u00e7\u0131kan ilanlar devrimci sanat\u00e7\u0131, balet Ayd\u0131n Erol\u2019un hayat\u0131n\u0131 kaybetti\u011fini haber veriyordu. Sevgi, \u00f6zlem dolu i\u00e7ten s\u00f6zc\u00fckler, onun i\u00e7in yaz\u0131lm\u0131\u015f \u015fiirlerle bezeli ilanlar aylarca yay\u0131nland\u0131. Onu tan\u0131mayanlar, \u00f6l\u00fcm ilanlar\u0131ndan \u0131\u015f\u0131lt\u0131l\u0131 g\u00f6zler, sevecen bak\u0131\u015flarla kendilerine bakan Ayd\u0131n Erol\u2019un nas\u0131l olup da bu kadar sevildi\u011fini anlamaya \u00e7al\u0131\u015f\u0131yor; onun kim oldu\u011funu merak [&hellip;]","og_url":"https:\/\/narteks.net\/index.php\/2010\/05\/17\/aydin-erol-gerilla-kampinda-devrimci-bir-balet-murat-gultekin\/","og_site_name":"narteks.net","article_published_time":"2010-05-17T08:27:39+00:00","og_image":[{"url":"http:\/\/bianet.org\/resim\/olcekle\/5732\/300\/230","type":"","width":"","height":""}],"author":"Tar\u0131k","twitter_card":"summary_large_image","twitter_creator":"@narteks","twitter_site":"@narteks","twitter_misc":{"Yazan:":"Tar\u0131k","Tahmini okuma s\u00fcresi":"13 dakika"},"schema":{"@context":"https:\/\/schema.org","@graph":[{"@type":"Article","@id":"https:\/\/narteks.net\/index.php\/2010\/05\/17\/aydin-erol-gerilla-kampinda-devrimci-bir-balet-murat-gultekin\/#article","isPartOf":{"@id":"https:\/\/narteks.net\/index.php\/2010\/05\/17\/aydin-erol-gerilla-kampinda-devrimci-bir-balet-murat-gultekin\/"},"author":{"name":"Tar\u0131k","@id":"https:\/\/narteks.net\/#\/schema\/person\/61f37d9834294b72d31d274e7ed79bca"},"headline":"Ayd\u0131n Erol ; Gerilla Kamp\u0131nda Devrimci Bir Balet | Murat G\u00fcltekin","datePublished":"2010-05-17T08:27:39+00:00","mainEntityOfPage":{"@id":"https:\/\/narteks.net\/index.php\/2010\/05\/17\/aydin-erol-gerilla-kampinda-devrimci-bir-balet-murat-gultekin\/"},"wordCount":2568,"commentCount":0,"publisher":{"@id":"https:\/\/narteks.net\/#organization"},"image":{"@id":"https:\/\/narteks.net\/index.php\/2010\/05\/17\/aydin-erol-gerilla-kampinda-devrimci-bir-balet-murat-gultekin\/#primaryimage"},"thumbnailUrl":"http:\/\/bianet.org\/resim\/olcekle\/5732\/300\/230","articleSection":["Bale \/ Dans"],"inLanguage":"tr","potentialAction":[{"@type":"CommentAction","name":"Comment","target":["https:\/\/narteks.net\/index.php\/2010\/05\/17\/aydin-erol-gerilla-kampinda-devrimci-bir-balet-murat-gultekin\/#respond"]}]},{"@type":"WebPage","@id":"https:\/\/narteks.net\/index.php\/2010\/05\/17\/aydin-erol-gerilla-kampinda-devrimci-bir-balet-murat-gultekin\/","url":"https:\/\/narteks.net\/index.php\/2010\/05\/17\/aydin-erol-gerilla-kampinda-devrimci-bir-balet-murat-gultekin\/","name":"Ayd\u0131n Erol ; Gerilla Kamp\u0131nda Devrimci Bir Balet | Murat G\u00fcltekin - narteks.net","isPartOf":{"@id":"https:\/\/narteks.net\/#website"},"primaryImageOfPage":{"@id":"https:\/\/narteks.net\/index.php\/2010\/05\/17\/aydin-erol-gerilla-kampinda-devrimci-bir-balet-murat-gultekin\/#primaryimage"},"image":{"@id":"https:\/\/narteks.net\/index.php\/2010\/05\/17\/aydin-erol-gerilla-kampinda-devrimci-bir-balet-murat-gultekin\/#primaryimage"},"thumbnailUrl":"http:\/\/bianet.org\/resim\/olcekle\/5732\/300\/230","datePublished":"2010-05-17T08:27:39+00:00","breadcrumb":{"@id":"https:\/\/narteks.net\/index.php\/2010\/05\/17\/aydin-erol-gerilla-kampinda-devrimci-bir-balet-murat-gultekin\/#breadcrumb"},"inLanguage":"tr","potentialAction":[{"@type":"ReadAction","target":["https:\/\/narteks.net\/index.php\/2010\/05\/17\/aydin-erol-gerilla-kampinda-devrimci-bir-balet-murat-gultekin\/"]}]},{"@type":"ImageObject","inLanguage":"tr","@id":"https:\/\/narteks.net\/index.php\/2010\/05\/17\/aydin-erol-gerilla-kampinda-devrimci-bir-balet-murat-gultekin\/#primaryimage","url":"http:\/\/bianet.org\/resim\/olcekle\/5732\/300\/230","contentUrl":"http:\/\/bianet.org\/resim\/olcekle\/5732\/300\/230"},{"@type":"BreadcrumbList","@id":"https:\/\/narteks.net\/index.php\/2010\/05\/17\/aydin-erol-gerilla-kampinda-devrimci-bir-balet-murat-gultekin\/#breadcrumb","itemListElement":[{"@type":"ListItem","position":1,"name":"Anasayfa","item":"https:\/\/narteks.net\/"},{"@type":"ListItem","position":2,"name":"Ayd\u0131n Erol ; Gerilla Kamp\u0131nda Devrimci Bir Balet | Murat G\u00fcltekin"}]},{"@type":"WebSite","@id":"https:\/\/narteks.net\/#website","url":"https:\/\/narteks.net\/","name":"narteks.net","description":"K\u00fclt\u00fcr Sanat Edebiyat Felsefe","publisher":{"@id":"https:\/\/narteks.net\/#organization"},"alternateName":"K\u00fclt\u00fcr Sanat Edebiyat Felsefe","potentialAction":[{"@type":"SearchAction","target":{"@type":"EntryPoint","urlTemplate":"https:\/\/narteks.net\/?s={search_term_string}"},"query-input":{"@type":"PropertyValueSpecification","valueRequired":true,"valueName":"search_term_string"}}],"inLanguage":"tr"},{"@type":"Organization","@id":"https:\/\/narteks.net\/#organization","name":"narteks.net","url":"https:\/\/narteks.net\/","logo":{"@type":"ImageObject","inLanguage":"tr","@id":"https:\/\/narteks.net\/#\/schema\/logo\/image\/","url":"https:\/\/narteks.net\/wp-content\/uploads\/narteks.png","contentUrl":"https:\/\/narteks.net\/wp-content\/uploads\/narteks.png","width":300,"height":90,"caption":"narteks.net"},"image":{"@id":"https:\/\/narteks.net\/#\/schema\/logo\/image\/"},"sameAs":["https:\/\/x.com\/narteks","https:\/\/instagram.com\/narteksnet"]},{"@type":"Person","@id":"https:\/\/narteks.net\/#\/schema\/person\/61f37d9834294b72d31d274e7ed79bca","name":"Tar\u0131k","image":{"@type":"ImageObject","inLanguage":"tr","@id":"https:\/\/narteks.net\/#\/schema\/person\/image\/","url":"https:\/\/secure.gravatar.com\/avatar\/50865afb55632c4ae467e0af0930f6510aa2297d8014be502a55b14f3b7550cf?s=96&d=mm&r=g","contentUrl":"https:\/\/secure.gravatar.com\/avatar\/50865afb55632c4ae467e0af0930f6510aa2297d8014be502a55b14f3b7550cf?s=96&d=mm&r=g","caption":"Tar\u0131k"},"sameAs":["http:\/\/narteks.net"],"url":"https:\/\/narteks.net\/index.php\/author\/narbak\/"}]}},"_links":{"self":[{"href":"https:\/\/narteks.net\/index.php\/wp-json\/wp\/v2\/posts\/4594","targetHints":{"allow":["GET"]}}],"collection":[{"href":"https:\/\/narteks.net\/index.php\/wp-json\/wp\/v2\/posts"}],"about":[{"href":"https:\/\/narteks.net\/index.php\/wp-json\/wp\/v2\/types\/post"}],"author":[{"embeddable":true,"href":"https:\/\/narteks.net\/index.php\/wp-json\/wp\/v2\/users\/1"}],"replies":[{"embeddable":true,"href":"https:\/\/narteks.net\/index.php\/wp-json\/wp\/v2\/comments?post=4594"}],"version-history":[{"count":0,"href":"https:\/\/narteks.net\/index.php\/wp-json\/wp\/v2\/posts\/4594\/revisions"}],"wp:attachment":[{"href":"https:\/\/narteks.net\/index.php\/wp-json\/wp\/v2\/media?parent=4594"}],"wp:term":[{"taxonomy":"category","embeddable":true,"href":"https:\/\/narteks.net\/index.php\/wp-json\/wp\/v2\/categories?post=4594"},{"taxonomy":"post_tag","embeddable":true,"href":"https:\/\/narteks.net\/index.php\/wp-json\/wp\/v2\/tags?post=4594"}],"curies":[{"name":"wp","href":"https:\/\/api.w.org\/{rel}","templated":true}]}}