{"id":4597,"date":"2010-05-25T09:40:55","date_gmt":"2010-05-25T06:40:55","guid":{"rendered":"http:\/\/localhost\/wordpress\/2010\/05\/25\/sanmayin-ki-gidene-aglar-kadin-gidenin-giderken-koparttigi-yerdir-onu-aglatan-aziz-nesin\/"},"modified":"2010-05-25T09:40:55","modified_gmt":"2010-05-25T06:40:55","slug":"sanmayin-ki-gidene-aglar-kadin-gidenin-giderken-koparttigi-yerdir-onu-aglatan-aziz-nesin","status":"publish","type":"post","link":"https:\/\/narteks.net\/index.php\/2010\/05\/25\/sanmayin-ki-gidene-aglar-kadin-gidenin-giderken-koparttigi-yerdir-onu-aglatan-aziz-nesin\/","title":{"rendered":"Sanmay\u0131n ki gidene a\u011flar kad\u0131n! Gidenin giderken kopartt\u0131\u011f\u0131 yerdir onu a\u011flatan | Aziz Nesin"},"content":{"rendered":"<p style=\"text-align: justify;\"><img decoding=\"async\" src=\"images\/stories\/aziz_nesin.jpg\" border=\"0\" style=\"float: left;\" \/>Bir kad\u0131n\u0131 a\u011flatmak \u00e7ok zor de\u011fildir asl\u0131nda. Kad\u0131nlar her \u015feye a\u011flayabilir; bir filme, bir \u015fark\u0131ya, bir yaz\u0131ya&#8230; En az erkekler kadar yani! Ama bir kad\u0131n\u0131 y\u00fcrekten a\u011flatmak zordur. E\u011fer bir kad\u0131n y\u00fcrekten a\u011fl\u0131yorsa, a\u011flatan onun y\u00fcre\u011fine ula\u015fm\u0131\u015f demektir.<\/p>\n<p>Ama o y\u00fcre\u011fin de\u011ferini bilememi\u015f olacak ki a\u011flatan, g\u00f6z\u00fcn\u00fc bile k\u0131rpmadan teker teker bat\u0131r\u0131r i\u011fnelerini y\u00fcre\u011fe! &#8211;<br \/>\u0130\u015fte o zaman koca bir yumruk gelir oturur bo\u011faz\u0131na kad\u0131n\u0131n. Yutkunamaz, nefes alamaz; \u00e7\u00fcnk\u00fc o koca yumruk can\u0131n\u0131 \u00e7ok ac\u0131t\u0131r. G\u00f6zleri bu\u011fulan\u0131r kad\u0131n\u0131n sonra.<\/p>\n<p>A\u011flamayaca\u011f\u0131m, der i\u00e7inden. Ama engel olamaz i\u015fte.<\/p>\n<p style=\"text-align: justify;\">\u00c7\u00fcnk\u00fc y\u00fcre\u011fine ula\u015fm\u0131\u015ft\u0131r birileri ve i\u011fneler saplamaktad\u0131r.. Bu ac\u0131ya ne kadar kar\u015f\u0131 koyabilir ki bir kad\u0131n. \u0130nce ince s\u00fcz\u00fcl\u00fcr ya\u015flar g\u00f6z\u00fcnden; \u00f6nce birka\u00e7 damla, sonra bir ya\u011fmur seli&#8230; Ve kad\u0131n a\u011flar; hem de \u00e7ok!<\/p>\n<p>Sanmay\u0131n ki gidene a\u011flar kad\u0131n! Gidenin giderken kopartt\u0131\u011f\u0131 yerdir onu a\u011flatan, orada b\u0131rakt\u0131\u011f\u0131 yarad\u0131r. O yaran\u0131n hi\u00e7 kapanmayaca\u011f\u0131n\u0131, kapansa bile izinin kalaca\u011f\u0131n\u0131 bilir kad\u0131n; o y\u00fczden a\u011flar. Ama bilir misiniz, a\u011flamak kad\u0131nlar\u0131 olgunla\u015ft\u0131r\u0131r. Her damla, daha \u00e7ok kad\u0131n yapar kad\u0131nlar\u0131. Her damla bir derstir \u00e7\u00fcnk\u00fc.<\/p>\n<p>Bazen kad\u0131nlar a\u011flad\u0131\u011f\u0131nda \u00e7o\u011fu insan, a\u011flama niye a\u011fl\u0131yorsun ki, de\u011fmez onun i\u00e7in derler. Bilmediklerindendir b\u00f6yle demeleri. \u00c7\u00fcnk\u00fc y\u00fcrekleri ac\u0131yan kad\u0131nlar a\u011flamazlarsa, \u00f6l\u00fcrler. \u0130\u00e7lerindeki zehirdir onlar\u0131 \u00f6ld\u00fcren! A\u011flayarak o zehirden kurtulur kad\u0131nlar, o irini temizlerler<br \/>yaralar\u0131ndaki! \u00c7\u00fcnk\u00fc bilirler, o irin temizlenmezse iltihaba d\u00f6n\u00fc\u015f\u00fcr yaralar\u0131.<\/p>\n<p>D\u00f6n\u00fc\u015fmemesi laz\u0131md\u0131r oysa. O y\u00fczden de bolca a\u011flarlar.<br \/>Zaman ge\u00e7er sonra. Kad\u0131nlar kendilerine sar\u0131lmay\u0131 \u00f6\u011frenirler. Umar\u0131m \u00f6\u011frenirler, yoksa ruhlar sapk\u0131n yollara \u00e7arpar kendini. Sapan ruhlar\u0131n do\u011fru yolu bulmas\u0131 da yeni ac\u0131lar demektir. Bunu bilir kad\u0131nlar, o y\u00fczden eninde sonunda \u00f6\u011frenirler kendilerine sar\u0131lmay\u0131&#8230;<\/p>\n<p>\u00c7ok a\u011flayan kad\u0131nlar, bir \u00e7ok \u015feyden vazge\u00e7en kad\u0131nlard\u0131r asl\u0131nda. Her damla olgunla\u015ft\u0131r\u0131r kad\u0131nlar\u0131 evet ama olgunla\u015ft\u0131k\u00e7a o saf\u00e7a inand\u0131klar\u0131 a\u015fk ger\u00e7e\u011fi onlar\u0131n g\u00f6z\u00fcnde k\u00fc\u00e7\u00fcl\u00fcr. K\u00fc\u00e7\u00fcld\u00fck\u00e7e de\u011ferini yitirir ve i\u015fte o zaman kendilerine sar\u0131l\u0131p, yeni bir kad\u0131n yarat\u0131rlar kendilerinden.<br \/>G\u00fc\u00e7l\u00fc, yenilmez, ma\u011frur ve a\u015fka inanmayan&#8230;<\/p>\n<p>\u0130nsanlar soruyorlar \u00e7o\u011fu zaman neden bu kadar \u00e7ok bekar kad\u0131n var diye; hepsi kariyer derdinde olan. \u00c7\u00fcnk\u00fc inan\u00e7lar\u0131n\u0131 yitirdi o kad\u0131nlar.<br \/>Zaman\u0131nda y\u00fcreklerine o kadar \u00e7ok i\u011fne sapland\u0131 ki, o kadar \u00e7ok a\u011flad\u0131lar ki! Art\u0131k kendilerinden ba\u015fka bir do\u011fru olmad\u0131\u011f\u0131na inan\u0131yorlar, o y\u00fczden kendilerine sar\u0131l\u0131yorlar.<\/p>\n<p>\u00c7\u00fcnk\u00fc biliyorlar ki<br \/>sar\u0131ld\u0131klar\u0131 adamlar onlar\u0131 hak etmedi; hem de hi\u00e7bir zaman! Hep bir \u00e7\u0131karlar\u0131 oldu sar\u0131ld\u0131klar\u0131 adamlar\u0131n.<br \/>E.. o zaman niye sar\u0131ls\u0131nlar ki!<\/p>\n<p>Niye sar\u0131lal\u0131m ki!<br \/>Etraf\u0131n\u0131zda y\u00fcrekten a\u011flayan bir kad\u0131n varsa bilin ki olgunla\u015f\u0131yordur.<\/p>\n<p>Bilin ki, ger\u00e7ekleri kabul etmeye ba\u015flam\u0131\u015ft\u0131r.<\/p>\n<p>Bilin ki, art\u0131k a\u015fk\u0131n olmad\u0131\u011f\u0131na inanm\u0131\u015ft\u0131r.<\/p>\n<p>Bilin ki, sar\u0131lacak tek bir do\u011frusu kalm\u0131\u015ft\u0131r.<\/p>\n<p>O da kim, ne diye sormay\u0131n art\u0131k. \u00c7ok a\u011flayan kad\u0131nlar, eninde sonunda kendilerine sar\u0131l\u0131rlar \u00e7\u00fcnk\u00fc!<\/p>\n<p>\u00a0<\/p>\n","protected":false},"excerpt":{"rendered":"<p>Bir kad\u0131n\u0131 a\u011flatmak \u00e7ok zor de\u011fildir asl\u0131nda. Kad\u0131nlar her \u015feye a\u011flayabilir; bir filme, bir \u015fark\u0131ya, bir yaz\u0131ya&#8230; En az erkekler kadar yani! Ama bir kad\u0131n\u0131 y\u00fcrekten a\u011flatmak zordur. E\u011fer bir kad\u0131n y\u00fcrekten a\u011fl\u0131yorsa, a\u011flatan onun y\u00fcre\u011fine ula\u015fm\u0131\u015f demektir. Ama o y\u00fcre\u011fin de\u011ferini bilememi\u015f olacak ki a\u011flatan, g\u00f6z\u00fcn\u00fc bile k\u0131rpmadan teker teker bat\u0131r\u0131r i\u011fnelerini y\u00fcre\u011fe! &#8211;\u0130\u015fte [&hellip;]<\/p>\n","protected":false},"author":1,"featured_media":0,"comment_status":"open","ping_status":"open","sticky":false,"template":"","format":"standard","meta":{"footnotes":""},"categories":[114],"tags":[],"class_list":{"0":"post-4597","1":"post","2":"type-post","3":"status-publish","4":"format-standard","6":"category-turkiye-den-oykuler"},"yoast_head":"<!-- This site is optimized with the Yoast SEO Premium plugin v24.9 (Yoast SEO v24.9) - https:\/\/yoast.com\/wordpress\/plugins\/seo\/ -->\n<title>Sanmay\u0131n ki gidene a\u011flar kad\u0131n! Gidenin giderken kopartt\u0131\u011f\u0131 yerdir onu a\u011flatan | Aziz Nesin - narteks.net<\/title>\n<meta name=\"robots\" content=\"index, follow, max-snippet:-1, max-image-preview:large, max-video-preview:-1\" \/>\n<link rel=\"canonical\" href=\"https:\/\/narteks.net\/index.php\/2010\/05\/25\/sanmayin-ki-gidene-aglar-kadin-gidenin-giderken-koparttigi-yerdir-onu-aglatan-aziz-nesin\/\" \/>\n<meta property=\"og:locale\" content=\"tr_TR\" \/>\n<meta property=\"og:type\" content=\"article\" \/>\n<meta property=\"og:title\" content=\"Sanmay\u0131n ki gidene a\u011flar kad\u0131n! Gidenin giderken kopartt\u0131\u011f\u0131 yerdir onu a\u011flatan | Aziz Nesin\" \/>\n<meta property=\"og:description\" content=\"Bir kad\u0131n\u0131 a\u011flatmak \u00e7ok zor de\u011fildir asl\u0131nda. Kad\u0131nlar her \u015feye a\u011flayabilir; bir filme, bir \u015fark\u0131ya, bir yaz\u0131ya&#8230; En az erkekler kadar yani! Ama bir kad\u0131n\u0131 y\u00fcrekten a\u011flatmak zordur. E\u011fer bir kad\u0131n y\u00fcrekten a\u011fl\u0131yorsa, a\u011flatan onun y\u00fcre\u011fine ula\u015fm\u0131\u015f demektir. Ama o y\u00fcre\u011fin de\u011ferini bilememi\u015f olacak ki a\u011flatan, g\u00f6z\u00fcn\u00fc bile k\u0131rpmadan teker teker bat\u0131r\u0131r i\u011fnelerini y\u00fcre\u011fe! &#8211;\u0130\u015fte [&hellip;]\" \/>\n<meta property=\"og:url\" content=\"https:\/\/narteks.net\/index.php\/2010\/05\/25\/sanmayin-ki-gidene-aglar-kadin-gidenin-giderken-koparttigi-yerdir-onu-aglatan-aziz-nesin\/\" \/>\n<meta property=\"og:site_name\" content=\"narteks.net\" \/>\n<meta property=\"article:published_time\" content=\"2010-05-25T06:40:55+00:00\" \/>\n<meta property=\"og:image\" content=\"https:\/\/narteks.net\/wp-content\/uploads\/narteks.png\" \/>\n\t<meta property=\"og:image:width\" content=\"300\" \/>\n\t<meta property=\"og:image:height\" content=\"90\" \/>\n\t<meta property=\"og:image:type\" content=\"image\/png\" \/>\n<meta name=\"author\" content=\"Tar\u0131k\" \/>\n<meta name=\"twitter:card\" content=\"summary_large_image\" \/>\n<meta name=\"twitter:creator\" content=\"@narteks\" \/>\n<meta name=\"twitter:site\" content=\"@narteks\" \/>\n<meta name=\"twitter:label1\" content=\"Yazan:\" \/>\n\t<meta name=\"twitter:data1\" content=\"Tar\u0131k\" \/>\n\t<meta name=\"twitter:label2\" content=\"Tahmini okuma s\u00fcresi\" \/>\n\t<meta name=\"twitter:data2\" content=\"3 dakika\" \/>\n<script type=\"application\/ld+json\" class=\"yoast-schema-graph\">{\"@context\":\"https:\/\/schema.org\",\"@graph\":[{\"@type\":\"Article\",\"@id\":\"https:\/\/narteks.net\/index.php\/2010\/05\/25\/sanmayin-ki-gidene-aglar-kadin-gidenin-giderken-koparttigi-yerdir-onu-aglatan-aziz-nesin\/#article\",\"isPartOf\":{\"@id\":\"https:\/\/narteks.net\/index.php\/2010\/05\/25\/sanmayin-ki-gidene-aglar-kadin-gidenin-giderken-koparttigi-yerdir-onu-aglatan-aziz-nesin\/\"},\"author\":{\"name\":\"Tar\u0131k\",\"@id\":\"https:\/\/narteks.net\/#\/schema\/person\/61f37d9834294b72d31d274e7ed79bca\"},\"headline\":\"Sanmay\u0131n ki gidene a\u011flar kad\u0131n! Gidenin giderken kopartt\u0131\u011f\u0131 yerdir onu a\u011flatan | Aziz Nesin\",\"datePublished\":\"2010-05-25T06:40:55+00:00\",\"mainEntityOfPage\":{\"@id\":\"https:\/\/narteks.net\/index.php\/2010\/05\/25\/sanmayin-ki-gidene-aglar-kadin-gidenin-giderken-koparttigi-yerdir-onu-aglatan-aziz-nesin\/\"},\"wordCount\":636,\"commentCount\":0,\"publisher\":{\"@id\":\"https:\/\/narteks.net\/#organization\"},\"articleSection\":[\"T\u00fcrkiye'den \u00d6yk\u00fcler\"],\"inLanguage\":\"tr\",\"potentialAction\":[{\"@type\":\"CommentAction\",\"name\":\"Comment\",\"target\":[\"https:\/\/narteks.net\/index.php\/2010\/05\/25\/sanmayin-ki-gidene-aglar-kadin-gidenin-giderken-koparttigi-yerdir-onu-aglatan-aziz-nesin\/#respond\"]}]},{\"@type\":\"WebPage\",\"@id\":\"https:\/\/narteks.net\/index.php\/2010\/05\/25\/sanmayin-ki-gidene-aglar-kadin-gidenin-giderken-koparttigi-yerdir-onu-aglatan-aziz-nesin\/\",\"url\":\"https:\/\/narteks.net\/index.php\/2010\/05\/25\/sanmayin-ki-gidene-aglar-kadin-gidenin-giderken-koparttigi-yerdir-onu-aglatan-aziz-nesin\/\",\"name\":\"Sanmay\u0131n ki gidene a\u011flar kad\u0131n! Gidenin giderken kopartt\u0131\u011f\u0131 yerdir onu a\u011flatan | Aziz Nesin - narteks.net\",\"isPartOf\":{\"@id\":\"https:\/\/narteks.net\/#website\"},\"datePublished\":\"2010-05-25T06:40:55+00:00\",\"breadcrumb\":{\"@id\":\"https:\/\/narteks.net\/index.php\/2010\/05\/25\/sanmayin-ki-gidene-aglar-kadin-gidenin-giderken-koparttigi-yerdir-onu-aglatan-aziz-nesin\/#breadcrumb\"},\"inLanguage\":\"tr\",\"potentialAction\":[{\"@type\":\"ReadAction\",\"target\":[\"https:\/\/narteks.net\/index.php\/2010\/05\/25\/sanmayin-ki-gidene-aglar-kadin-gidenin-giderken-koparttigi-yerdir-onu-aglatan-aziz-nesin\/\"]}]},{\"@type\":\"BreadcrumbList\",\"@id\":\"https:\/\/narteks.net\/index.php\/2010\/05\/25\/sanmayin-ki-gidene-aglar-kadin-gidenin-giderken-koparttigi-yerdir-onu-aglatan-aziz-nesin\/#breadcrumb\",\"itemListElement\":[{\"@type\":\"ListItem\",\"position\":1,\"name\":\"Anasayfa\",\"item\":\"https:\/\/narteks.net\/\"},{\"@type\":\"ListItem\",\"position\":2,\"name\":\"Sanmay\u0131n ki gidene a\u011flar kad\u0131n! Gidenin giderken kopartt\u0131\u011f\u0131 yerdir onu a\u011flatan | Aziz Nesin\"}]},{\"@type\":\"WebSite\",\"@id\":\"https:\/\/narteks.net\/#website\",\"url\":\"https:\/\/narteks.net\/\",\"name\":\"narteks.net\",\"description\":\"K\u00fclt\u00fcr Sanat Edebiyat Felsefe\",\"publisher\":{\"@id\":\"https:\/\/narteks.net\/#organization\"},\"alternateName\":\"K\u00fclt\u00fcr Sanat Edebiyat Felsefe\",\"potentialAction\":[{\"@type\":\"SearchAction\",\"target\":{\"@type\":\"EntryPoint\",\"urlTemplate\":\"https:\/\/narteks.net\/?s={search_term_string}\"},\"query-input\":{\"@type\":\"PropertyValueSpecification\",\"valueRequired\":true,\"valueName\":\"search_term_string\"}}],\"inLanguage\":\"tr\"},{\"@type\":\"Organization\",\"@id\":\"https:\/\/narteks.net\/#organization\",\"name\":\"narteks.net\",\"url\":\"https:\/\/narteks.net\/\",\"logo\":{\"@type\":\"ImageObject\",\"inLanguage\":\"tr\",\"@id\":\"https:\/\/narteks.net\/#\/schema\/logo\/image\/\",\"url\":\"https:\/\/narteks.net\/wp-content\/uploads\/narteks.png\",\"contentUrl\":\"https:\/\/narteks.net\/wp-content\/uploads\/narteks.png\",\"width\":300,\"height\":90,\"caption\":\"narteks.net\"},\"image\":{\"@id\":\"https:\/\/narteks.net\/#\/schema\/logo\/image\/\"},\"sameAs\":[\"https:\/\/x.com\/narteks\",\"https:\/\/instagram.com\/narteksnet\"]},{\"@type\":\"Person\",\"@id\":\"https:\/\/narteks.net\/#\/schema\/person\/61f37d9834294b72d31d274e7ed79bca\",\"name\":\"Tar\u0131k\",\"image\":{\"@type\":\"ImageObject\",\"inLanguage\":\"tr\",\"@id\":\"https:\/\/narteks.net\/#\/schema\/person\/image\/\",\"url\":\"https:\/\/secure.gravatar.com\/avatar\/50865afb55632c4ae467e0af0930f6510aa2297d8014be502a55b14f3b7550cf?s=96&d=mm&r=g\",\"contentUrl\":\"https:\/\/secure.gravatar.com\/avatar\/50865afb55632c4ae467e0af0930f6510aa2297d8014be502a55b14f3b7550cf?s=96&d=mm&r=g\",\"caption\":\"Tar\u0131k\"},\"sameAs\":[\"http:\/\/narteks.net\"],\"url\":\"https:\/\/narteks.net\/index.php\/author\/narbak\/\"}]}<\/script>\n<!-- \/ Yoast SEO Premium plugin. -->","yoast_head_json":{"title":"Sanmay\u0131n ki gidene a\u011flar kad\u0131n! Gidenin giderken kopartt\u0131\u011f\u0131 yerdir onu a\u011flatan | Aziz Nesin - narteks.net","robots":{"index":"index","follow":"follow","max-snippet":"max-snippet:-1","max-image-preview":"max-image-preview:large","max-video-preview":"max-video-preview:-1"},"canonical":"https:\/\/narteks.net\/index.php\/2010\/05\/25\/sanmayin-ki-gidene-aglar-kadin-gidenin-giderken-koparttigi-yerdir-onu-aglatan-aziz-nesin\/","og_locale":"tr_TR","og_type":"article","og_title":"Sanmay\u0131n ki gidene a\u011flar kad\u0131n! Gidenin giderken kopartt\u0131\u011f\u0131 yerdir onu a\u011flatan | Aziz Nesin","og_description":"Bir kad\u0131n\u0131 a\u011flatmak \u00e7ok zor de\u011fildir asl\u0131nda. Kad\u0131nlar her \u015feye a\u011flayabilir; bir filme, bir \u015fark\u0131ya, bir yaz\u0131ya&#8230; En az erkekler kadar yani! Ama bir kad\u0131n\u0131 y\u00fcrekten a\u011flatmak zordur. E\u011fer bir kad\u0131n y\u00fcrekten a\u011fl\u0131yorsa, a\u011flatan onun y\u00fcre\u011fine ula\u015fm\u0131\u015f demektir. Ama o y\u00fcre\u011fin de\u011ferini bilememi\u015f olacak ki a\u011flatan, g\u00f6z\u00fcn\u00fc bile k\u0131rpmadan teker teker bat\u0131r\u0131r i\u011fnelerini y\u00fcre\u011fe! &#8211;\u0130\u015fte [&hellip;]","og_url":"https:\/\/narteks.net\/index.php\/2010\/05\/25\/sanmayin-ki-gidene-aglar-kadin-gidenin-giderken-koparttigi-yerdir-onu-aglatan-aziz-nesin\/","og_site_name":"narteks.net","article_published_time":"2010-05-25T06:40:55+00:00","og_image":[{"width":300,"height":90,"url":"https:\/\/narteks.net\/wp-content\/uploads\/narteks.png","type":"image\/png"}],"author":"Tar\u0131k","twitter_card":"summary_large_image","twitter_creator":"@narteks","twitter_site":"@narteks","twitter_misc":{"Yazan:":"Tar\u0131k","Tahmini okuma s\u00fcresi":"3 dakika"},"schema":{"@context":"https:\/\/schema.org","@graph":[{"@type":"Article","@id":"https:\/\/narteks.net\/index.php\/2010\/05\/25\/sanmayin-ki-gidene-aglar-kadin-gidenin-giderken-koparttigi-yerdir-onu-aglatan-aziz-nesin\/#article","isPartOf":{"@id":"https:\/\/narteks.net\/index.php\/2010\/05\/25\/sanmayin-ki-gidene-aglar-kadin-gidenin-giderken-koparttigi-yerdir-onu-aglatan-aziz-nesin\/"},"author":{"name":"Tar\u0131k","@id":"https:\/\/narteks.net\/#\/schema\/person\/61f37d9834294b72d31d274e7ed79bca"},"headline":"Sanmay\u0131n ki gidene a\u011flar kad\u0131n! Gidenin giderken kopartt\u0131\u011f\u0131 yerdir onu a\u011flatan | Aziz Nesin","datePublished":"2010-05-25T06:40:55+00:00","mainEntityOfPage":{"@id":"https:\/\/narteks.net\/index.php\/2010\/05\/25\/sanmayin-ki-gidene-aglar-kadin-gidenin-giderken-koparttigi-yerdir-onu-aglatan-aziz-nesin\/"},"wordCount":636,"commentCount":0,"publisher":{"@id":"https:\/\/narteks.net\/#organization"},"articleSection":["T\u00fcrkiye'den \u00d6yk\u00fcler"],"inLanguage":"tr","potentialAction":[{"@type":"CommentAction","name":"Comment","target":["https:\/\/narteks.net\/index.php\/2010\/05\/25\/sanmayin-ki-gidene-aglar-kadin-gidenin-giderken-koparttigi-yerdir-onu-aglatan-aziz-nesin\/#respond"]}]},{"@type":"WebPage","@id":"https:\/\/narteks.net\/index.php\/2010\/05\/25\/sanmayin-ki-gidene-aglar-kadin-gidenin-giderken-koparttigi-yerdir-onu-aglatan-aziz-nesin\/","url":"https:\/\/narteks.net\/index.php\/2010\/05\/25\/sanmayin-ki-gidene-aglar-kadin-gidenin-giderken-koparttigi-yerdir-onu-aglatan-aziz-nesin\/","name":"Sanmay\u0131n ki gidene a\u011flar kad\u0131n! Gidenin giderken kopartt\u0131\u011f\u0131 yerdir onu a\u011flatan | Aziz Nesin - narteks.net","isPartOf":{"@id":"https:\/\/narteks.net\/#website"},"datePublished":"2010-05-25T06:40:55+00:00","breadcrumb":{"@id":"https:\/\/narteks.net\/index.php\/2010\/05\/25\/sanmayin-ki-gidene-aglar-kadin-gidenin-giderken-koparttigi-yerdir-onu-aglatan-aziz-nesin\/#breadcrumb"},"inLanguage":"tr","potentialAction":[{"@type":"ReadAction","target":["https:\/\/narteks.net\/index.php\/2010\/05\/25\/sanmayin-ki-gidene-aglar-kadin-gidenin-giderken-koparttigi-yerdir-onu-aglatan-aziz-nesin\/"]}]},{"@type":"BreadcrumbList","@id":"https:\/\/narteks.net\/index.php\/2010\/05\/25\/sanmayin-ki-gidene-aglar-kadin-gidenin-giderken-koparttigi-yerdir-onu-aglatan-aziz-nesin\/#breadcrumb","itemListElement":[{"@type":"ListItem","position":1,"name":"Anasayfa","item":"https:\/\/narteks.net\/"},{"@type":"ListItem","position":2,"name":"Sanmay\u0131n ki gidene a\u011flar kad\u0131n! Gidenin giderken kopartt\u0131\u011f\u0131 yerdir onu a\u011flatan | Aziz Nesin"}]},{"@type":"WebSite","@id":"https:\/\/narteks.net\/#website","url":"https:\/\/narteks.net\/","name":"narteks.net","description":"K\u00fclt\u00fcr Sanat Edebiyat Felsefe","publisher":{"@id":"https:\/\/narteks.net\/#organization"},"alternateName":"K\u00fclt\u00fcr Sanat Edebiyat Felsefe","potentialAction":[{"@type":"SearchAction","target":{"@type":"EntryPoint","urlTemplate":"https:\/\/narteks.net\/?s={search_term_string}"},"query-input":{"@type":"PropertyValueSpecification","valueRequired":true,"valueName":"search_term_string"}}],"inLanguage":"tr"},{"@type":"Organization","@id":"https:\/\/narteks.net\/#organization","name":"narteks.net","url":"https:\/\/narteks.net\/","logo":{"@type":"ImageObject","inLanguage":"tr","@id":"https:\/\/narteks.net\/#\/schema\/logo\/image\/","url":"https:\/\/narteks.net\/wp-content\/uploads\/narteks.png","contentUrl":"https:\/\/narteks.net\/wp-content\/uploads\/narteks.png","width":300,"height":90,"caption":"narteks.net"},"image":{"@id":"https:\/\/narteks.net\/#\/schema\/logo\/image\/"},"sameAs":["https:\/\/x.com\/narteks","https:\/\/instagram.com\/narteksnet"]},{"@type":"Person","@id":"https:\/\/narteks.net\/#\/schema\/person\/61f37d9834294b72d31d274e7ed79bca","name":"Tar\u0131k","image":{"@type":"ImageObject","inLanguage":"tr","@id":"https:\/\/narteks.net\/#\/schema\/person\/image\/","url":"https:\/\/secure.gravatar.com\/avatar\/50865afb55632c4ae467e0af0930f6510aa2297d8014be502a55b14f3b7550cf?s=96&d=mm&r=g","contentUrl":"https:\/\/secure.gravatar.com\/avatar\/50865afb55632c4ae467e0af0930f6510aa2297d8014be502a55b14f3b7550cf?s=96&d=mm&r=g","caption":"Tar\u0131k"},"sameAs":["http:\/\/narteks.net"],"url":"https:\/\/narteks.net\/index.php\/author\/narbak\/"}]}},"_links":{"self":[{"href":"https:\/\/narteks.net\/index.php\/wp-json\/wp\/v2\/posts\/4597","targetHints":{"allow":["GET"]}}],"collection":[{"href":"https:\/\/narteks.net\/index.php\/wp-json\/wp\/v2\/posts"}],"about":[{"href":"https:\/\/narteks.net\/index.php\/wp-json\/wp\/v2\/types\/post"}],"author":[{"embeddable":true,"href":"https:\/\/narteks.net\/index.php\/wp-json\/wp\/v2\/users\/1"}],"replies":[{"embeddable":true,"href":"https:\/\/narteks.net\/index.php\/wp-json\/wp\/v2\/comments?post=4597"}],"version-history":[{"count":0,"href":"https:\/\/narteks.net\/index.php\/wp-json\/wp\/v2\/posts\/4597\/revisions"}],"wp:attachment":[{"href":"https:\/\/narteks.net\/index.php\/wp-json\/wp\/v2\/media?parent=4597"}],"wp:term":[{"taxonomy":"category","embeddable":true,"href":"https:\/\/narteks.net\/index.php\/wp-json\/wp\/v2\/categories?post=4597"},{"taxonomy":"post_tag","embeddable":true,"href":"https:\/\/narteks.net\/index.php\/wp-json\/wp\/v2\/tags?post=4597"}],"curies":[{"name":"wp","href":"https:\/\/api.w.org\/{rel}","templated":true}]}}