{"id":4598,"date":"2010-05-25T09:50:32","date_gmt":"2010-05-25T06:50:32","guid":{"rendered":"http:\/\/localhost\/wordpress\/2010\/05\/25\/25yilinda-25-sanatcinin-25-ezginin-gunlugu-sarkisini-iceren-bir-album-ceyrek-ezginin-gunlugu\/"},"modified":"2010-05-25T09:50:32","modified_gmt":"2010-05-25T06:50:32","slug":"25yilinda-25-sanatcinin-25-ezginin-gunlugu-sarkisini-iceren-bir-album-ceyrek-ezginin-gunlugu","status":"publish","type":"post","link":"https:\/\/narteks.net\/index.php\/2010\/05\/25\/25yilinda-25-sanatcinin-25-ezginin-gunlugu-sarkisini-iceren-bir-album-ceyrek-ezginin-gunlugu\/","title":{"rendered":"25.y\u0131l\u0131nda, 25 sanat\u00e7\u0131n\u0131n, 25 Ezginin G\u00fcnl\u00fc\u011f\u00fc \u015fark\u0131s\u0131n\u0131 i\u00e7eren bir alb\u00fcm | \u00c7eyrek &#8211; Ezginin G\u00fcnl\u00fc\u011f\u00fc"},"content":{"rendered":"<p style=\"text-align: justify;\"><img loading=\"lazy\" decoding=\"async\" src=\"images\/stories\/ezginin_gnl_eyrek.jpg\" border=\"0\" width=\"155\" height=\"205\" style=\"float: left;\" \/>Ezginin G\u00fcnl\u00fc\u011f\u00fc`n\u00fcn 25. y\u0131l\u0131nda, 25 sanat\u00e7\u0131n\u0131n seslendirdi\u011fi 25 Ezginin G\u00fcnl\u00fc\u011f\u00fc \u015fark\u0131s\u0131n\u0131 i\u00e7eren bir alb\u00fcm \u00c7eyrek..<\/p>\n<p>Ezginin G\u00fcnl\u00fc\u011f\u00fc T\u00fcrkiye`de ger\u00e7ekle\u015fen d\u00f6n\u00fc\u015f\u00fcmlere 25 y\u0131ld\u0131r tan\u0131kl\u0131k ediyor.<\/p>\n<p>Toplumsal sorunlara kay\u0131ts\u0131z kalmadan, \u00e7a\u011fda\u015f bir anlay\u0131\u015fla, kendi m\u00fczikal ve felsefi bak\u0131\u015f a\u00e7\u0131s\u0131yla\u2026<\/p>\n<p>25 y\u0131ld\u0131r \u015fark\u0131lar\u0131yla bir hikaye anlat\u0131yor Ezginin G\u00fcnl\u00fc\u011f\u00fc.<\/p>\n<p>Kentlerde ya\u015fayan s\u0131radan insanlar\u0131n hikayesi\u2026 \u00c7ocuklar\u0131n, ku\u015flar\u0131n, kedilerin, vapurlar\u0131n, k\u00f6pr\u00fclerin, bal\u0131k\u00e7\u0131lar\u0131n ve \u0130stanbul`un hikayesi\u2026<\/p>\n<p>Sava\u015f\u0131n ve bar\u0131\u015f\u0131n hikayesi, g\u00f6\u00e7\u00fcn ve yaln\u0131zl\u0131\u011f\u0131n hikayesi\u2026<\/p>\n<p>A\u015fk\u0131n, mutlulu\u011fun ve \u00f6l\u00fcm\u00fcn, yalan\u0131n ve ger\u00e7e\u011fin\u2026 Hayat\u0131n hikayesi\u2026<\/p>\n<p>2007, Ezginin G\u00fcnl\u00fc\u011f\u00fc`n\u00fcn 25. y\u0131l\u0131\u2026<\/p>\n<p style=\"text-align: justify;\">25 y\u0131lda 15 alb\u00fcm, onlarca \u015fark\u0131\u2026<\/p>\n<p>Yaln\u0131zca kendi \u015fark\u0131 s\u00f6zleriyle de\u011fil, benimsedikleri \u015fairlerin, A. Kadir`in, Beh\u00e7et Aysan`\u0131n, Naz\u0131m Hikmet`in, Mevlana`n\u0131n, \u00d6mer Hayyam`\u0131n, W. Shakespeare`in, K. Kavafis`in, Can Y\u00fccel`in, Orhan Veli`nin ve daha pek \u00e7o\u011funun dizeleriyle, gen\u00e7 dinleyicinin d\u00fc\u015f\u00fcnce d\u00fcnyas\u0131n\u0131 zenginle\u015ftirmeye y\u00f6nelik \u00e7eyrek as\u0131rl\u0131k bir \u00e7aba\u2026<\/p>\n<p>`\u00c7eyrek` ad\u0131n\u0131 ta\u015f\u0131yan alb\u00fcmdeki \u015fark\u0131lar\u0131 a\u015fa\u011f\u0131daki sanat\u00e7\u0131 ve gruplar yorumluyor.<\/p>\n<p>A\u015fk\u0131n Nur Yengi, Ay\u015fe T\u00fct\u00fcnc\u00fc, Bar\u0131\u015f Akarsu, B\u00fclent Orta\u00e7gil, Bulutsuzluk \u00d6zlemi, Candan Er\u00e7etin, Feridun D\u00fcza\u011fa\u00e7, Feyza Erenmemi\u015f, Fuat Saka, G\u00f6ksel, Grup G\u00fcndo\u011farken, G\u00fcrol A\u011f\u0131rba\u015f, Haluk Levent, H\u00fcsn\u00fc \u015eenlendirici, Levent Y\u00fcksel, Mirkelam, Modern Folk \u00dc\u00e7l\u00fcs\u00fc, Sebahat Akkiraz, Sezen Aksu, Sunay Ak\u0131n, Vasiliki, Vokaliz, Ya\u015far, Yavuz Bing\u00f6l ve Y\u00fcksek Sadakat\u2026<\/p>\n<p>Her \u015fark\u0131s\u0131 ayr\u0131 bir studyoda kaydedilen \u00c7eyrek alb\u00fcm\u00fcn\u00fcn kapak grafik tasar\u0131m\u0131 \u00c7a\u011fda\u015f Kahriman\u2019a ait.<\/p>\n<p>CD 1<\/p>\n<p>Sezen Aksu \/ 1980 S\u00f6z: H\u00fcsn\u00fc Arkan M\u00fczik: Nadir G\u00f6kt\u00fcrk<br \/>B\u00fclent Orta\u00e7gil \/ Teninle Konu\u015fmak S\u00f6z &amp; M\u00fczik: Nadir G\u00f6kt\u00fcrk<br \/>Candan Er\u00e7etin \/ Gelmiyorsun \u015eiir: M. G\u00fcnd\u00fcz G\u00f6kt\u00fcrk M\u00fczik: Nadir G\u00f6kt\u00fcrk<br \/>Feridun D\u00fcza\u011fa\u00e7 \/ Mutlu Olmak Varken \u015eiir: A. Kadir M\u00fczik: Nadir G\u00f6kt\u00fcrk<br \/>Yavuz Bing\u00f6l \/ K\u00fc\u00e7\u00fc\u011f\u00fcm S\u00f6z &amp; M\u00fczik: H\u00fcsn\u00fc Arkan<br \/>Bar\u0131\u015f Akarsu \/ Leyla S\u00f6z: H\u00fcsn\u00fc Arkan M\u00fczik: Nadir G\u00f6kt\u00fcrk<br \/>Vokaliz \/ Sardunya S\u00f6z &amp; M\u00fczik: H\u00fcsn\u00fc Arkan<br \/>A\u015fk\u0131n Nur Yengi \/ A\u015fk Bitti S\u00f6z &amp; M\u00fczik: Nadir G\u00f6kt\u00fcrk<br \/>H\u00fcsn\u00fc \u015eenlendirici \/ Signomi S\u00f6z &amp; M\u00fczik: H\u00fcsn\u00fc Arkan<br \/>Haluk Levent \/ Sabah T\u00fcrk\u00fcs\u00fc \u015eiir: A. Kadir M\u00fczik: Nadir G\u00f6kt\u00fcrk<br \/>Levent Y\u00fcksel \/ Selluka S\u00f6z &amp; M\u00fczik: Nadir G\u00f6kt\u00fcrk<br \/>Sabahat Akkiraz \/ Gemi S\u00f6z &amp; M\u00fczik: H\u00fcsn\u00fc Arkan<br \/>G\u00fcrol A\u011f\u0131rba\u015f \/ Yaprak S\u00f6z: Oktay F\u0131rat M\u00fczik: Nadir G\u00f6kt\u00fcrk<br \/>Sunay Ak\u0131n \/ Seni D\u00fc\u015f\u00fcnmek S\u00f6z: Naz\u0131m Hikmet M\u00fczik: Nadir G\u00f6kt\u00fcrk<\/p>\n<p>CD 2<\/p>\n<p>Ya\u015far \/ Ebruli S\u00f6z: H\u00fcsn\u00fc Arkan M\u00fczik: Nadir G\u00f6kt\u00fcrk<br \/>G\u00f6ksel \/ Kedim S\u00f6z &amp; M\u00fczik: Nadir G\u00f6kt\u00fcrk<br \/>Y\u00fcksek Sadakat \/ Ayr\u0131l\u0131\u015f S\u00f6z: Orhan Veli M\u00fczik: Nadir G\u00f6kt\u00fcrk<br \/>G\u00fcndo\u011farken \/ Eksik Bir \u015eey S\u00f6z &amp; M\u00fczik: Nadir G\u00f6kt\u00fcrk<br \/>Modern Folk \u00dc\u00e7l\u00fcs\u00fc \/ D\u00fc\u015fler Soka\u011f\u0131 S\u00f6z: H\u00fcsn\u00fc Arkan M\u00fczik: Nadir G\u00f6kt\u00fcrk<br \/>Feyza Erenmemi\u015f \/ K\u00fc\u00e7\u00fck Han\u0131m\u0131n \u015eark\u0131s\u0131 S\u00f6z &amp; M\u00fczik: H\u00fcsn\u00fc Arkan<br \/>Mirkelam \/ \u0130stanbul S\u00f6z &amp; M\u00fczik: Nadir G\u00f6kt\u00fcrk<br \/>Bulutsuzluk \u00d6zlemi \/ H\u00fck\u00fcms\u00fczd\u00fcr S\u00f6z &amp; M\u00fczik: H\u00fcsn\u00fc Arkan<br \/>Vasiliki \/ K\u00fcl Vakti S\u00f6z &amp; M\u00fczik: H\u00fcsn\u00fc Arkan<br \/>Fuat Saka \/ Hi\u015ft S\u00f6z: H\u00fcsn\u00fc Arkan M\u00fczik: Nadir G\u00f6kt\u00fcrk<br \/>Ay\u015fe T\u00fct\u00fcnc\u00fc \/ Mutlu Son S\u00f6z &amp; M\u00fczik: Nadir G\u00f6kt\u00fcrk<\/p>\n<p>\u00a0<\/p>\n<p>\u00a0<\/p>\n<p>\n<object width=\"400\" height=\"315\" data=\"http:\/\/www.humyo.com\/E\/10044311-281475361298597\/10044311-281475361299455\/10044311-281475361301103\/10044311-281475361302061\/10044311-281475361303303\/10044311-281475361304271\/10044311-281475361305719\/10044311-281475361306855\/10044311-281475361308173\/10044311-281475361309575\/10044311-281475361311607\/10044311-281475361313299\/10044311-281475361314783\/10044311-281475361316087\/10044311-281475361316795\/10044311-281475361317561\/10044311-281475361318229\/10044311-281475361319371\/10044311-281475361321061\/10044311-281475361322029\/10044311-281475361323283\/10044311-281475361325079\/10044311-281475361325929\/10044311-281475361326593\/10044311-281475361327613?a=8loIh7XSKaQ,s12SA14BlDs,IxjmgqOT1bY,jLz7zoNLM2E,c4UBsuIJWZk,6G_MWWtSP10,pCxj3o62GkM,LVQuoJ230Qs,Ow1VVqi-1nI,Zwotm8_uDVU,_lu532gTzcc,xhyNaExW_78,heJ4f8KvhN0,jeinz2WCj4I,IX9z3SdptyM,tcVdFYata6E,UIq0V0Dwm0w,MzG09etEdk4,n7jy3KewY5U,ILe6iIo2Fg8,qo0zYRJFxuU,8KvH1Czd5Bs,fFebHidCpJU,0_29v6hanKU,1foawd9_Uts\" type=\"application\/x-shockwave-flash\"><param name=\"flashvars\" value=\"autostart=true&amp;imagestart=true&amp;displayheight=236\" \/><param name=\"src\" value=\"http:\/\/www.humyo.com\/E\/10044311-281475361298597\/10044311-281475361299455\/10044311-281475361301103\/10044311-281475361302061\/10044311-281475361303303\/10044311-281475361304271\/10044311-281475361305719\/10044311-281475361306855\/10044311-281475361308173\/10044311-281475361309575\/10044311-281475361311607\/10044311-281475361313299\/10044311-281475361314783\/10044311-281475361316087\/10044311-281475361316795\/10044311-281475361317561\/10044311-281475361318229\/10044311-281475361319371\/10044311-281475361321061\/10044311-281475361322029\/10044311-281475361323283\/10044311-281475361325079\/10044311-281475361325929\/10044311-281475361326593\/10044311-281475361327613?a=8loIh7XSKaQ,s12SA14BlDs,IxjmgqOT1bY,jLz7zoNLM2E,c4UBsuIJWZk,6G_MWWtSP10,pCxj3o62GkM,LVQuoJ230Qs,Ow1VVqi-1nI,Zwotm8_uDVU,_lu532gTzcc,xhyNaExW_78,heJ4f8KvhN0,jeinz2WCj4I,IX9z3SdptyM,tcVdFYata6E,UIq0V0Dwm0w,MzG09etEdk4,n7jy3KewY5U,ILe6iIo2Fg8,qo0zYRJFxuU,8KvH1Czd5Bs,fFebHidCpJU,0_29v6hanKU,1foawd9_Uts\" \/><\/object><\/p>\n","protected":false},"excerpt":{"rendered":"<p>Ezginin G\u00fcnl\u00fc\u011f\u00fc`n\u00fcn 25. y\u0131l\u0131nda, 25 sanat\u00e7\u0131n\u0131n seslendirdi\u011fi 25 Ezginin G\u00fcnl\u00fc\u011f\u00fc \u015fark\u0131s\u0131n\u0131 i\u00e7eren bir alb\u00fcm \u00c7eyrek.. Ezginin G\u00fcnl\u00fc\u011f\u00fc T\u00fcrkiye`de ger\u00e7ekle\u015fen d\u00f6n\u00fc\u015f\u00fcmlere 25 y\u0131ld\u0131r tan\u0131kl\u0131k ediyor. Toplumsal sorunlara kay\u0131ts\u0131z kalmadan, \u00e7a\u011fda\u015f bir anlay\u0131\u015fla, kendi m\u00fczikal ve felsefi bak\u0131\u015f a\u00e7\u0131s\u0131yla\u2026 25 y\u0131ld\u0131r \u015fark\u0131lar\u0131yla bir hikaye anlat\u0131yor Ezginin G\u00fcnl\u00fc\u011f\u00fc. Kentlerde ya\u015fayan s\u0131radan insanlar\u0131n hikayesi\u2026 \u00c7ocuklar\u0131n, ku\u015flar\u0131n, kedilerin, vapurlar\u0131n, k\u00f6pr\u00fclerin, [&hellip;]<\/p>\n","protected":false},"author":1,"featured_media":0,"comment_status":"open","ping_status":"open","sticky":false,"template":"","format":"standard","meta":{"footnotes":""},"categories":[127],"tags":[],"class_list":{"0":"post-4598","1":"post","2":"type-post","3":"status-publish","4":"format-standard","6":"category-muzik-gruplari"},"yoast_head":"<!-- This site is optimized with the Yoast SEO Premium plugin v24.9 (Yoast SEO v24.9) - https:\/\/yoast.com\/wordpress\/plugins\/seo\/ -->\n<title>25.y\u0131l\u0131nda, 25 sanat\u00e7\u0131n\u0131n, 25 Ezginin G\u00fcnl\u00fc\u011f\u00fc \u015fark\u0131s\u0131n\u0131 i\u00e7eren bir alb\u00fcm | \u00c7eyrek - Ezginin G\u00fcnl\u00fc\u011f\u00fc - narteks.net<\/title>\n<meta name=\"robots\" content=\"index, follow, max-snippet:-1, max-image-preview:large, max-video-preview:-1\" \/>\n<link rel=\"canonical\" href=\"https:\/\/narteks.net\/index.php\/2010\/05\/25\/25yilinda-25-sanatcinin-25-ezginin-gunlugu-sarkisini-iceren-bir-album-ceyrek-ezginin-gunlugu\/\" \/>\n<meta property=\"og:locale\" content=\"tr_TR\" \/>\n<meta property=\"og:type\" content=\"article\" \/>\n<meta property=\"og:title\" content=\"25.y\u0131l\u0131nda, 25 sanat\u00e7\u0131n\u0131n, 25 Ezginin G\u00fcnl\u00fc\u011f\u00fc \u015fark\u0131s\u0131n\u0131 i\u00e7eren bir alb\u00fcm | \u00c7eyrek - Ezginin G\u00fcnl\u00fc\u011f\u00fc\" \/>\n<meta property=\"og:description\" content=\"Ezginin G\u00fcnl\u00fc\u011f\u00fc`n\u00fcn 25. y\u0131l\u0131nda, 25 sanat\u00e7\u0131n\u0131n seslendirdi\u011fi 25 Ezginin G\u00fcnl\u00fc\u011f\u00fc \u015fark\u0131s\u0131n\u0131 i\u00e7eren bir alb\u00fcm \u00c7eyrek.. Ezginin G\u00fcnl\u00fc\u011f\u00fc T\u00fcrkiye`de ger\u00e7ekle\u015fen d\u00f6n\u00fc\u015f\u00fcmlere 25 y\u0131ld\u0131r tan\u0131kl\u0131k ediyor. Toplumsal sorunlara kay\u0131ts\u0131z kalmadan, \u00e7a\u011fda\u015f bir anlay\u0131\u015fla, kendi m\u00fczikal ve felsefi bak\u0131\u015f a\u00e7\u0131s\u0131yla\u2026 25 y\u0131ld\u0131r \u015fark\u0131lar\u0131yla bir hikaye anlat\u0131yor Ezginin G\u00fcnl\u00fc\u011f\u00fc. Kentlerde ya\u015fayan s\u0131radan insanlar\u0131n hikayesi\u2026 \u00c7ocuklar\u0131n, ku\u015flar\u0131n, kedilerin, vapurlar\u0131n, k\u00f6pr\u00fclerin, [&hellip;]\" \/>\n<meta property=\"og:url\" content=\"https:\/\/narteks.net\/index.php\/2010\/05\/25\/25yilinda-25-sanatcinin-25-ezginin-gunlugu-sarkisini-iceren-bir-album-ceyrek-ezginin-gunlugu\/\" \/>\n<meta property=\"og:site_name\" content=\"narteks.net\" \/>\n<meta property=\"article:published_time\" content=\"2010-05-25T06:50:32+00:00\" \/>\n<meta property=\"og:image\" content=\"https:\/\/narteks.net\/wp-content\/uploads\/narteks.png\" \/>\n\t<meta property=\"og:image:width\" content=\"300\" \/>\n\t<meta property=\"og:image:height\" content=\"90\" \/>\n\t<meta property=\"og:image:type\" content=\"image\/png\" \/>\n<meta name=\"author\" content=\"Tar\u0131k\" \/>\n<meta name=\"twitter:card\" content=\"summary_large_image\" \/>\n<meta name=\"twitter:creator\" content=\"@narteks\" \/>\n<meta name=\"twitter:site\" content=\"@narteks\" \/>\n<meta name=\"twitter:label1\" content=\"Yazan:\" \/>\n\t<meta name=\"twitter:data1\" content=\"Tar\u0131k\" \/>\n\t<meta name=\"twitter:label2\" content=\"Tahmini okuma s\u00fcresi\" \/>\n\t<meta name=\"twitter:data2\" content=\"3 dakika\" \/>\n<script type=\"application\/ld+json\" class=\"yoast-schema-graph\">{\"@context\":\"https:\/\/schema.org\",\"@graph\":[{\"@type\":\"Article\",\"@id\":\"https:\/\/narteks.net\/index.php\/2010\/05\/25\/25yilinda-25-sanatcinin-25-ezginin-gunlugu-sarkisini-iceren-bir-album-ceyrek-ezginin-gunlugu\/#article\",\"isPartOf\":{\"@id\":\"https:\/\/narteks.net\/index.php\/2010\/05\/25\/25yilinda-25-sanatcinin-25-ezginin-gunlugu-sarkisini-iceren-bir-album-ceyrek-ezginin-gunlugu\/\"},\"author\":{\"name\":\"Tar\u0131k\",\"@id\":\"https:\/\/narteks.net\/#\/schema\/person\/61f37d9834294b72d31d274e7ed79bca\"},\"headline\":\"25.y\u0131l\u0131nda, 25 sanat\u00e7\u0131n\u0131n, 25 Ezginin G\u00fcnl\u00fc\u011f\u00fc \u015fark\u0131s\u0131n\u0131 i\u00e7eren bir alb\u00fcm | \u00c7eyrek &#8211; Ezginin G\u00fcnl\u00fc\u011f\u00fc\",\"datePublished\":\"2010-05-25T06:50:32+00:00\",\"mainEntityOfPage\":{\"@id\":\"https:\/\/narteks.net\/index.php\/2010\/05\/25\/25yilinda-25-sanatcinin-25-ezginin-gunlugu-sarkisini-iceren-bir-album-ceyrek-ezginin-gunlugu\/\"},\"wordCount\":680,\"commentCount\":0,\"publisher\":{\"@id\":\"https:\/\/narteks.net\/#organization\"},\"articleSection\":[\"M\u00fczik Gruplar\u0131\"],\"inLanguage\":\"tr\",\"potentialAction\":[{\"@type\":\"CommentAction\",\"name\":\"Comment\",\"target\":[\"https:\/\/narteks.net\/index.php\/2010\/05\/25\/25yilinda-25-sanatcinin-25-ezginin-gunlugu-sarkisini-iceren-bir-album-ceyrek-ezginin-gunlugu\/#respond\"]}]},{\"@type\":\"WebPage\",\"@id\":\"https:\/\/narteks.net\/index.php\/2010\/05\/25\/25yilinda-25-sanatcinin-25-ezginin-gunlugu-sarkisini-iceren-bir-album-ceyrek-ezginin-gunlugu\/\",\"url\":\"https:\/\/narteks.net\/index.php\/2010\/05\/25\/25yilinda-25-sanatcinin-25-ezginin-gunlugu-sarkisini-iceren-bir-album-ceyrek-ezginin-gunlugu\/\",\"name\":\"25.y\u0131l\u0131nda, 25 sanat\u00e7\u0131n\u0131n, 25 Ezginin G\u00fcnl\u00fc\u011f\u00fc \u015fark\u0131s\u0131n\u0131 i\u00e7eren bir alb\u00fcm | \u00c7eyrek - Ezginin G\u00fcnl\u00fc\u011f\u00fc - narteks.net\",\"isPartOf\":{\"@id\":\"https:\/\/narteks.net\/#website\"},\"datePublished\":\"2010-05-25T06:50:32+00:00\",\"breadcrumb\":{\"@id\":\"https:\/\/narteks.net\/index.php\/2010\/05\/25\/25yilinda-25-sanatcinin-25-ezginin-gunlugu-sarkisini-iceren-bir-album-ceyrek-ezginin-gunlugu\/#breadcrumb\"},\"inLanguage\":\"tr\",\"potentialAction\":[{\"@type\":\"ReadAction\",\"target\":[\"https:\/\/narteks.net\/index.php\/2010\/05\/25\/25yilinda-25-sanatcinin-25-ezginin-gunlugu-sarkisini-iceren-bir-album-ceyrek-ezginin-gunlugu\/\"]}]},{\"@type\":\"BreadcrumbList\",\"@id\":\"https:\/\/narteks.net\/index.php\/2010\/05\/25\/25yilinda-25-sanatcinin-25-ezginin-gunlugu-sarkisini-iceren-bir-album-ceyrek-ezginin-gunlugu\/#breadcrumb\",\"itemListElement\":[{\"@type\":\"ListItem\",\"position\":1,\"name\":\"Anasayfa\",\"item\":\"https:\/\/narteks.net\/\"},{\"@type\":\"ListItem\",\"position\":2,\"name\":\"25.y\u0131l\u0131nda, 25 sanat\u00e7\u0131n\u0131n, 25 Ezginin G\u00fcnl\u00fc\u011f\u00fc \u015fark\u0131s\u0131n\u0131 i\u00e7eren bir alb\u00fcm | \u00c7eyrek &#8211; Ezginin G\u00fcnl\u00fc\u011f\u00fc\"}]},{\"@type\":\"WebSite\",\"@id\":\"https:\/\/narteks.net\/#website\",\"url\":\"https:\/\/narteks.net\/\",\"name\":\"narteks.net\",\"description\":\"K\u00fclt\u00fcr Sanat Edebiyat Felsefe\",\"publisher\":{\"@id\":\"https:\/\/narteks.net\/#organization\"},\"alternateName\":\"K\u00fclt\u00fcr Sanat Edebiyat Felsefe\",\"potentialAction\":[{\"@type\":\"SearchAction\",\"target\":{\"@type\":\"EntryPoint\",\"urlTemplate\":\"https:\/\/narteks.net\/?s={search_term_string}\"},\"query-input\":{\"@type\":\"PropertyValueSpecification\",\"valueRequired\":true,\"valueName\":\"search_term_string\"}}],\"inLanguage\":\"tr\"},{\"@type\":\"Organization\",\"@id\":\"https:\/\/narteks.net\/#organization\",\"name\":\"narteks.net\",\"url\":\"https:\/\/narteks.net\/\",\"logo\":{\"@type\":\"ImageObject\",\"inLanguage\":\"tr\",\"@id\":\"https:\/\/narteks.net\/#\/schema\/logo\/image\/\",\"url\":\"https:\/\/narteks.net\/wp-content\/uploads\/narteks.png\",\"contentUrl\":\"https:\/\/narteks.net\/wp-content\/uploads\/narteks.png\",\"width\":300,\"height\":90,\"caption\":\"narteks.net\"},\"image\":{\"@id\":\"https:\/\/narteks.net\/#\/schema\/logo\/image\/\"},\"sameAs\":[\"https:\/\/x.com\/narteks\",\"https:\/\/instagram.com\/narteksnet\"]},{\"@type\":\"Person\",\"@id\":\"https:\/\/narteks.net\/#\/schema\/person\/61f37d9834294b72d31d274e7ed79bca\",\"name\":\"Tar\u0131k\",\"image\":{\"@type\":\"ImageObject\",\"inLanguage\":\"tr\",\"@id\":\"https:\/\/narteks.net\/#\/schema\/person\/image\/\",\"url\":\"https:\/\/secure.gravatar.com\/avatar\/50865afb55632c4ae467e0af0930f6510aa2297d8014be502a55b14f3b7550cf?s=96&d=mm&r=g\",\"contentUrl\":\"https:\/\/secure.gravatar.com\/avatar\/50865afb55632c4ae467e0af0930f6510aa2297d8014be502a55b14f3b7550cf?s=96&d=mm&r=g\",\"caption\":\"Tar\u0131k\"},\"sameAs\":[\"http:\/\/narteks.net\"],\"url\":\"https:\/\/narteks.net\/index.php\/author\/narbak\/\"}]}<\/script>\n<!-- \/ Yoast SEO Premium plugin. -->","yoast_head_json":{"title":"25.y\u0131l\u0131nda, 25 sanat\u00e7\u0131n\u0131n, 25 Ezginin G\u00fcnl\u00fc\u011f\u00fc \u015fark\u0131s\u0131n\u0131 i\u00e7eren bir alb\u00fcm | \u00c7eyrek - Ezginin G\u00fcnl\u00fc\u011f\u00fc - narteks.net","robots":{"index":"index","follow":"follow","max-snippet":"max-snippet:-1","max-image-preview":"max-image-preview:large","max-video-preview":"max-video-preview:-1"},"canonical":"https:\/\/narteks.net\/index.php\/2010\/05\/25\/25yilinda-25-sanatcinin-25-ezginin-gunlugu-sarkisini-iceren-bir-album-ceyrek-ezginin-gunlugu\/","og_locale":"tr_TR","og_type":"article","og_title":"25.y\u0131l\u0131nda, 25 sanat\u00e7\u0131n\u0131n, 25 Ezginin G\u00fcnl\u00fc\u011f\u00fc \u015fark\u0131s\u0131n\u0131 i\u00e7eren bir alb\u00fcm | \u00c7eyrek - Ezginin G\u00fcnl\u00fc\u011f\u00fc","og_description":"Ezginin G\u00fcnl\u00fc\u011f\u00fc`n\u00fcn 25. y\u0131l\u0131nda, 25 sanat\u00e7\u0131n\u0131n seslendirdi\u011fi 25 Ezginin G\u00fcnl\u00fc\u011f\u00fc \u015fark\u0131s\u0131n\u0131 i\u00e7eren bir alb\u00fcm \u00c7eyrek.. Ezginin G\u00fcnl\u00fc\u011f\u00fc T\u00fcrkiye`de ger\u00e7ekle\u015fen d\u00f6n\u00fc\u015f\u00fcmlere 25 y\u0131ld\u0131r tan\u0131kl\u0131k ediyor. Toplumsal sorunlara kay\u0131ts\u0131z kalmadan, \u00e7a\u011fda\u015f bir anlay\u0131\u015fla, kendi m\u00fczikal ve felsefi bak\u0131\u015f a\u00e7\u0131s\u0131yla\u2026 25 y\u0131ld\u0131r \u015fark\u0131lar\u0131yla bir hikaye anlat\u0131yor Ezginin G\u00fcnl\u00fc\u011f\u00fc. Kentlerde ya\u015fayan s\u0131radan insanlar\u0131n hikayesi\u2026 \u00c7ocuklar\u0131n, ku\u015flar\u0131n, kedilerin, vapurlar\u0131n, k\u00f6pr\u00fclerin, [&hellip;]","og_url":"https:\/\/narteks.net\/index.php\/2010\/05\/25\/25yilinda-25-sanatcinin-25-ezginin-gunlugu-sarkisini-iceren-bir-album-ceyrek-ezginin-gunlugu\/","og_site_name":"narteks.net","article_published_time":"2010-05-25T06:50:32+00:00","og_image":[{"width":300,"height":90,"url":"https:\/\/narteks.net\/wp-content\/uploads\/narteks.png","type":"image\/png"}],"author":"Tar\u0131k","twitter_card":"summary_large_image","twitter_creator":"@narteks","twitter_site":"@narteks","twitter_misc":{"Yazan:":"Tar\u0131k","Tahmini okuma s\u00fcresi":"3 dakika"},"schema":{"@context":"https:\/\/schema.org","@graph":[{"@type":"Article","@id":"https:\/\/narteks.net\/index.php\/2010\/05\/25\/25yilinda-25-sanatcinin-25-ezginin-gunlugu-sarkisini-iceren-bir-album-ceyrek-ezginin-gunlugu\/#article","isPartOf":{"@id":"https:\/\/narteks.net\/index.php\/2010\/05\/25\/25yilinda-25-sanatcinin-25-ezginin-gunlugu-sarkisini-iceren-bir-album-ceyrek-ezginin-gunlugu\/"},"author":{"name":"Tar\u0131k","@id":"https:\/\/narteks.net\/#\/schema\/person\/61f37d9834294b72d31d274e7ed79bca"},"headline":"25.y\u0131l\u0131nda, 25 sanat\u00e7\u0131n\u0131n, 25 Ezginin G\u00fcnl\u00fc\u011f\u00fc \u015fark\u0131s\u0131n\u0131 i\u00e7eren bir alb\u00fcm | \u00c7eyrek &#8211; Ezginin G\u00fcnl\u00fc\u011f\u00fc","datePublished":"2010-05-25T06:50:32+00:00","mainEntityOfPage":{"@id":"https:\/\/narteks.net\/index.php\/2010\/05\/25\/25yilinda-25-sanatcinin-25-ezginin-gunlugu-sarkisini-iceren-bir-album-ceyrek-ezginin-gunlugu\/"},"wordCount":680,"commentCount":0,"publisher":{"@id":"https:\/\/narteks.net\/#organization"},"articleSection":["M\u00fczik Gruplar\u0131"],"inLanguage":"tr","potentialAction":[{"@type":"CommentAction","name":"Comment","target":["https:\/\/narteks.net\/index.php\/2010\/05\/25\/25yilinda-25-sanatcinin-25-ezginin-gunlugu-sarkisini-iceren-bir-album-ceyrek-ezginin-gunlugu\/#respond"]}]},{"@type":"WebPage","@id":"https:\/\/narteks.net\/index.php\/2010\/05\/25\/25yilinda-25-sanatcinin-25-ezginin-gunlugu-sarkisini-iceren-bir-album-ceyrek-ezginin-gunlugu\/","url":"https:\/\/narteks.net\/index.php\/2010\/05\/25\/25yilinda-25-sanatcinin-25-ezginin-gunlugu-sarkisini-iceren-bir-album-ceyrek-ezginin-gunlugu\/","name":"25.y\u0131l\u0131nda, 25 sanat\u00e7\u0131n\u0131n, 25 Ezginin G\u00fcnl\u00fc\u011f\u00fc \u015fark\u0131s\u0131n\u0131 i\u00e7eren bir alb\u00fcm | \u00c7eyrek - Ezginin G\u00fcnl\u00fc\u011f\u00fc - narteks.net","isPartOf":{"@id":"https:\/\/narteks.net\/#website"},"datePublished":"2010-05-25T06:50:32+00:00","breadcrumb":{"@id":"https:\/\/narteks.net\/index.php\/2010\/05\/25\/25yilinda-25-sanatcinin-25-ezginin-gunlugu-sarkisini-iceren-bir-album-ceyrek-ezginin-gunlugu\/#breadcrumb"},"inLanguage":"tr","potentialAction":[{"@type":"ReadAction","target":["https:\/\/narteks.net\/index.php\/2010\/05\/25\/25yilinda-25-sanatcinin-25-ezginin-gunlugu-sarkisini-iceren-bir-album-ceyrek-ezginin-gunlugu\/"]}]},{"@type":"BreadcrumbList","@id":"https:\/\/narteks.net\/index.php\/2010\/05\/25\/25yilinda-25-sanatcinin-25-ezginin-gunlugu-sarkisini-iceren-bir-album-ceyrek-ezginin-gunlugu\/#breadcrumb","itemListElement":[{"@type":"ListItem","position":1,"name":"Anasayfa","item":"https:\/\/narteks.net\/"},{"@type":"ListItem","position":2,"name":"25.y\u0131l\u0131nda, 25 sanat\u00e7\u0131n\u0131n, 25 Ezginin G\u00fcnl\u00fc\u011f\u00fc \u015fark\u0131s\u0131n\u0131 i\u00e7eren bir alb\u00fcm | \u00c7eyrek &#8211; Ezginin G\u00fcnl\u00fc\u011f\u00fc"}]},{"@type":"WebSite","@id":"https:\/\/narteks.net\/#website","url":"https:\/\/narteks.net\/","name":"narteks.net","description":"K\u00fclt\u00fcr Sanat Edebiyat Felsefe","publisher":{"@id":"https:\/\/narteks.net\/#organization"},"alternateName":"K\u00fclt\u00fcr Sanat Edebiyat Felsefe","potentialAction":[{"@type":"SearchAction","target":{"@type":"EntryPoint","urlTemplate":"https:\/\/narteks.net\/?s={search_term_string}"},"query-input":{"@type":"PropertyValueSpecification","valueRequired":true,"valueName":"search_term_string"}}],"inLanguage":"tr"},{"@type":"Organization","@id":"https:\/\/narteks.net\/#organization","name":"narteks.net","url":"https:\/\/narteks.net\/","logo":{"@type":"ImageObject","inLanguage":"tr","@id":"https:\/\/narteks.net\/#\/schema\/logo\/image\/","url":"https:\/\/narteks.net\/wp-content\/uploads\/narteks.png","contentUrl":"https:\/\/narteks.net\/wp-content\/uploads\/narteks.png","width":300,"height":90,"caption":"narteks.net"},"image":{"@id":"https:\/\/narteks.net\/#\/schema\/logo\/image\/"},"sameAs":["https:\/\/x.com\/narteks","https:\/\/instagram.com\/narteksnet"]},{"@type":"Person","@id":"https:\/\/narteks.net\/#\/schema\/person\/61f37d9834294b72d31d274e7ed79bca","name":"Tar\u0131k","image":{"@type":"ImageObject","inLanguage":"tr","@id":"https:\/\/narteks.net\/#\/schema\/person\/image\/","url":"https:\/\/secure.gravatar.com\/avatar\/50865afb55632c4ae467e0af0930f6510aa2297d8014be502a55b14f3b7550cf?s=96&d=mm&r=g","contentUrl":"https:\/\/secure.gravatar.com\/avatar\/50865afb55632c4ae467e0af0930f6510aa2297d8014be502a55b14f3b7550cf?s=96&d=mm&r=g","caption":"Tar\u0131k"},"sameAs":["http:\/\/narteks.net"],"url":"https:\/\/narteks.net\/index.php\/author\/narbak\/"}]}},"_links":{"self":[{"href":"https:\/\/narteks.net\/index.php\/wp-json\/wp\/v2\/posts\/4598","targetHints":{"allow":["GET"]}}],"collection":[{"href":"https:\/\/narteks.net\/index.php\/wp-json\/wp\/v2\/posts"}],"about":[{"href":"https:\/\/narteks.net\/index.php\/wp-json\/wp\/v2\/types\/post"}],"author":[{"embeddable":true,"href":"https:\/\/narteks.net\/index.php\/wp-json\/wp\/v2\/users\/1"}],"replies":[{"embeddable":true,"href":"https:\/\/narteks.net\/index.php\/wp-json\/wp\/v2\/comments?post=4598"}],"version-history":[{"count":0,"href":"https:\/\/narteks.net\/index.php\/wp-json\/wp\/v2\/posts\/4598\/revisions"}],"wp:attachment":[{"href":"https:\/\/narteks.net\/index.php\/wp-json\/wp\/v2\/media?parent=4598"}],"wp:term":[{"taxonomy":"category","embeddable":true,"href":"https:\/\/narteks.net\/index.php\/wp-json\/wp\/v2\/categories?post=4598"},{"taxonomy":"post_tag","embeddable":true,"href":"https:\/\/narteks.net\/index.php\/wp-json\/wp\/v2\/tags?post=4598"}],"curies":[{"name":"wp","href":"https:\/\/api.w.org\/{rel}","templated":true}]}}