{"id":4600,"date":"2010-05-26T09:35:32","date_gmt":"2010-05-26T06:35:32","guid":{"rendered":"http:\/\/localhost\/wordpress\/2010\/05\/26\/once-yaralar-aciyor-derinlerde-sonra-merhemini-suruyor-ustune-lena-chamamyan-ve-sarkilari\/"},"modified":"2010-05-26T09:35:32","modified_gmt":"2010-05-26T06:35:32","slug":"once-yaralar-aciyor-derinlerde-sonra-merhemini-suruyor-ustune-lena-chamamyan-ve-sarkilari","status":"publish","type":"post","link":"https:\/\/narteks.net\/index.php\/2010\/05\/26\/once-yaralar-aciyor-derinlerde-sonra-merhemini-suruyor-ustune-lena-chamamyan-ve-sarkilari\/","title":{"rendered":"\u00d6nce yaralar a\u00e7\u0131yor derinlerde sonra merhemini s\u00fcr\u00fcyor \u00fcst\u00fcne | Lena Chamamyan ve \u015fark\u0131lar\u0131"},"content":{"rendered":"<p style=\"text-align: justify;\"><img loading=\"lazy\" decoding=\"async\" src=\"images\/stories\/lena_chamamyan.jpg\" border=\"0\" width=\"155\" height=\"205\" style=\"float: left;\" \/>Lena Chamamyan (Arap\u00e7a: \u0644\u064a\u0646\u0627 \u0634\u0645\u0627\u0645\u064a\u0627\u0646) Ermeni k\u00f6kenli Suriyeli bir \u015fark\u0131c\u0131 olan Chamamyan \u015eam&#8217;da do\u011fdu. \u0130lk konserini 5 ya\u015f\u0131nda verdi.<\/p>\n<p>2002&#8217;de i\u015fletme lisans\u0131 ald\u0131ktan sonra Halep Konservatuar\u0131&#8217;nda Klasik Do\u011fu M\u00fczi\u011fi \u00fczerine e\u011fitim ald\u0131. Ayn\u0131 zamanda caz ve Ermeni M\u00fczi\u011fi \u00fczerinde de \u00e7al\u0131\u015ft\u0131. 2006&#8217;da \u00e7\u0131kard\u0131\u011f\u0131 ilk alb\u00fcm\u00fc olan Hal Asmar Ellon&#8217;da oryantal m\u00fczik ve caz elementlerini kar\u0131\u015ft\u0131ran sanat\u00e7\u0131, yine \u015eam do\u011fumlu olan trompet\u00e7i Basel Rajoub ile birlikte \u00e7al\u0131\u015ft\u0131.<\/p>\n<p>2006 y\u0131l\u0131nda Chamamyan ve Rajoub \u00dcrd\u00fcn&#8217;de Radio Monte Carlo m\u00fczik \u00f6d\u00fcl\u00fcn\u00fc kazand\u0131.<\/p>\n<p style=\"text-align: justify;\">May\u0131s 2007&#8217;de Chamamyan Shamat adl\u0131 ikinci alb\u00fcm\u00fcn\u00fc \u00e7\u0131kard\u0131.<\/p>\n<p><!--more--><\/p>\n<p>\u00a0<\/p>\n<p><strong>Alb\u00fcmleri<\/strong><\/p>\n<p> 1. Hal Asmar Ellon (2006)<br \/> 2. Shamat (2007)<\/p>\n<p>\u00a0<\/p>\n<p>\n<object width=\"400\" height=\"315\"><param name=\"movie\" value=\"http:\/\/www.humyo.com\/E\/10044311-281475361546507\/10044311-281475361548065\/10044311-281475361549867\/10044311-281475361551993\/10044311-281475361553653\/10044311-281475361557021\/10044311-281475361558499\/10044311-281475361560109\/10044311-281475361561349\/10044311-281475361564283\/10044311-281475361568355\/10044311-281475361571139\/10044311-281475361573299\/10044311-281475361576875?a=yruQ-AB6s9E,tOJHUu1QSiU,OQ27vZ06LAo,YW1gOHGJeJc,0Rd_2scDxOk,gHEb_Zurhp4,B2OO-s-fP9I,qbazUgqSvII,8_NVM1uKYP4,BvSbd8PYKfY,iFEt2Dvnlas,k1aElvU_ZjA,HzCH1YpY-ic,IoXae5IbdD8\" \/><param name=\"flashvars\" value=\"autostart=true&amp;imagestart=true&amp;displayheight=236\" \/><embed type=\"application\/x-shockwave-flash\" width=\"400\" height=\"315\" src=\"http:\/\/www.humyo.com\/E\/10044311-281475361546507\/10044311-281475361548065\/10044311-281475361549867\/10044311-281475361551993\/10044311-281475361553653\/10044311-281475361557021\/10044311-281475361558499\/10044311-281475361560109\/10044311-281475361561349\/10044311-281475361564283\/10044311-281475361568355\/10044311-281475361571139\/10044311-281475361573299\/10044311-281475361576875?a=yruQ-AB6s9E,tOJHUu1QSiU,OQ27vZ06LAo,YW1gOHGJeJc,0Rd_2scDxOk,gHEb_Zurhp4,B2OO-s-fP9I,qbazUgqSvII,8_NVM1uKYP4,BvSbd8PYKfY,iFEt2Dvnlas,k1aElvU_ZjA,HzCH1YpY-ic,IoXae5IbdD8\" flashvars=\"autostart=true&amp;imagestart=true&amp;displayheight=236\"><\/embed><\/object><\/p>\n","protected":false},"excerpt":{"rendered":"<p>Lena Chamamyan (Arap\u00e7a: \u0644\u064a\u0646\u0627 \u0634\u0645\u0627\u0645\u064a\u0627\u0646) Ermeni k\u00f6kenli Suriyeli bir \u015fark\u0131c\u0131 olan Chamamyan \u015eam&#8217;da do\u011fdu. \u0130lk konserini 5 ya\u015f\u0131nda verdi. 2002&#8217;de i\u015fletme lisans\u0131 ald\u0131ktan sonra Halep Konservatuar\u0131&#8217;nda Klasik Do\u011fu M\u00fczi\u011fi \u00fczerine e\u011fitim ald\u0131. Ayn\u0131 zamanda caz ve Ermeni M\u00fczi\u011fi \u00fczerinde de \u00e7al\u0131\u015ft\u0131. 2006&#8217;da \u00e7\u0131kard\u0131\u011f\u0131 ilk alb\u00fcm\u00fc olan Hal Asmar Ellon&#8217;da oryantal m\u00fczik ve caz elementlerini kar\u0131\u015ft\u0131ran [&hellip;]<\/p>\n","protected":false},"author":1,"featured_media":0,"comment_status":"open","ping_status":"open","sticky":false,"template":"","format":"standard","meta":{"footnotes":""},"categories":[125],"tags":[],"class_list":{"0":"post-4600","1":"post","2":"type-post","3":"status-publish","4":"format-standard","6":"category-dunya-dan-muzik"},"yoast_head":"<!-- This site is optimized with the Yoast SEO Premium plugin v24.9 (Yoast SEO v24.9) - https:\/\/yoast.com\/wordpress\/plugins\/seo\/ -->\n<title>\u00d6nce yaralar a\u00e7\u0131yor derinlerde sonra merhemini s\u00fcr\u00fcyor \u00fcst\u00fcne | Lena Chamamyan ve \u015fark\u0131lar\u0131 - narteks.net<\/title>\n<meta name=\"robots\" content=\"index, follow, max-snippet:-1, max-image-preview:large, max-video-preview:-1\" \/>\n<link rel=\"canonical\" href=\"https:\/\/narteks.net\/index.php\/2010\/05\/26\/once-yaralar-aciyor-derinlerde-sonra-merhemini-suruyor-ustune-lena-chamamyan-ve-sarkilari\/\" \/>\n<meta property=\"og:locale\" content=\"tr_TR\" \/>\n<meta property=\"og:type\" content=\"article\" \/>\n<meta property=\"og:title\" content=\"\u00d6nce yaralar a\u00e7\u0131yor derinlerde sonra merhemini s\u00fcr\u00fcyor \u00fcst\u00fcne | Lena Chamamyan ve \u015fark\u0131lar\u0131\" \/>\n<meta property=\"og:description\" content=\"Lena Chamamyan (Arap\u00e7a: \u0644\u064a\u0646\u0627 \u0634\u0645\u0627\u0645\u064a\u0627\u0646) Ermeni k\u00f6kenli Suriyeli bir \u015fark\u0131c\u0131 olan Chamamyan \u015eam&#8217;da do\u011fdu. \u0130lk konserini 5 ya\u015f\u0131nda verdi. 2002&#8217;de i\u015fletme lisans\u0131 ald\u0131ktan sonra Halep Konservatuar\u0131&#8217;nda Klasik Do\u011fu M\u00fczi\u011fi \u00fczerine e\u011fitim ald\u0131. Ayn\u0131 zamanda caz ve Ermeni M\u00fczi\u011fi \u00fczerinde de \u00e7al\u0131\u015ft\u0131. 2006&#8217;da \u00e7\u0131kard\u0131\u011f\u0131 ilk alb\u00fcm\u00fc olan Hal Asmar Ellon&#8217;da oryantal m\u00fczik ve caz elementlerini kar\u0131\u015ft\u0131ran [&hellip;]\" \/>\n<meta property=\"og:url\" content=\"https:\/\/narteks.net\/index.php\/2010\/05\/26\/once-yaralar-aciyor-derinlerde-sonra-merhemini-suruyor-ustune-lena-chamamyan-ve-sarkilari\/\" \/>\n<meta property=\"og:site_name\" content=\"narteks.net\" \/>\n<meta property=\"article:published_time\" content=\"2010-05-26T06:35:32+00:00\" \/>\n<meta property=\"og:image\" content=\"https:\/\/narteks.net\/wp-content\/uploads\/narteks.png\" \/>\n\t<meta property=\"og:image:width\" content=\"300\" \/>\n\t<meta property=\"og:image:height\" content=\"90\" \/>\n\t<meta property=\"og:image:type\" content=\"image\/png\" \/>\n<meta name=\"author\" content=\"Tar\u0131k\" \/>\n<meta name=\"twitter:card\" content=\"summary_large_image\" \/>\n<meta name=\"twitter:creator\" content=\"@narteks\" \/>\n<meta name=\"twitter:site\" content=\"@narteks\" \/>\n<meta name=\"twitter:label1\" content=\"Yazan:\" \/>\n\t<meta name=\"twitter:data1\" content=\"Tar\u0131k\" \/>\n\t<meta name=\"twitter:label2\" content=\"Tahmini okuma s\u00fcresi\" \/>\n\t<meta name=\"twitter:data2\" content=\"1 dakika\" \/>\n<script type=\"application\/ld+json\" class=\"yoast-schema-graph\">{\"@context\":\"https:\/\/schema.org\",\"@graph\":[{\"@type\":\"Article\",\"@id\":\"https:\/\/narteks.net\/index.php\/2010\/05\/26\/once-yaralar-aciyor-derinlerde-sonra-merhemini-suruyor-ustune-lena-chamamyan-ve-sarkilari\/#article\",\"isPartOf\":{\"@id\":\"https:\/\/narteks.net\/index.php\/2010\/05\/26\/once-yaralar-aciyor-derinlerde-sonra-merhemini-suruyor-ustune-lena-chamamyan-ve-sarkilari\/\"},\"author\":{\"name\":\"Tar\u0131k\",\"@id\":\"https:\/\/narteks.net\/#\/schema\/person\/61f37d9834294b72d31d274e7ed79bca\"},\"headline\":\"\u00d6nce yaralar a\u00e7\u0131yor derinlerde sonra merhemini s\u00fcr\u00fcyor \u00fcst\u00fcne | Lena Chamamyan ve \u015fark\u0131lar\u0131\",\"datePublished\":\"2010-05-26T06:35:32+00:00\",\"mainEntityOfPage\":{\"@id\":\"https:\/\/narteks.net\/index.php\/2010\/05\/26\/once-yaralar-aciyor-derinlerde-sonra-merhemini-suruyor-ustune-lena-chamamyan-ve-sarkilari\/\"},\"wordCount\":136,\"commentCount\":0,\"publisher\":{\"@id\":\"https:\/\/narteks.net\/#organization\"},\"articleSection\":[\"D\u00fcnya'dan M\u00fczik\"],\"inLanguage\":\"tr\",\"potentialAction\":[{\"@type\":\"CommentAction\",\"name\":\"Comment\",\"target\":[\"https:\/\/narteks.net\/index.php\/2010\/05\/26\/once-yaralar-aciyor-derinlerde-sonra-merhemini-suruyor-ustune-lena-chamamyan-ve-sarkilari\/#respond\"]}]},{\"@type\":\"WebPage\",\"@id\":\"https:\/\/narteks.net\/index.php\/2010\/05\/26\/once-yaralar-aciyor-derinlerde-sonra-merhemini-suruyor-ustune-lena-chamamyan-ve-sarkilari\/\",\"url\":\"https:\/\/narteks.net\/index.php\/2010\/05\/26\/once-yaralar-aciyor-derinlerde-sonra-merhemini-suruyor-ustune-lena-chamamyan-ve-sarkilari\/\",\"name\":\"\u00d6nce yaralar a\u00e7\u0131yor derinlerde sonra merhemini s\u00fcr\u00fcyor \u00fcst\u00fcne | Lena Chamamyan ve \u015fark\u0131lar\u0131 - narteks.net\",\"isPartOf\":{\"@id\":\"https:\/\/narteks.net\/#website\"},\"datePublished\":\"2010-05-26T06:35:32+00:00\",\"breadcrumb\":{\"@id\":\"https:\/\/narteks.net\/index.php\/2010\/05\/26\/once-yaralar-aciyor-derinlerde-sonra-merhemini-suruyor-ustune-lena-chamamyan-ve-sarkilari\/#breadcrumb\"},\"inLanguage\":\"tr\",\"potentialAction\":[{\"@type\":\"ReadAction\",\"target\":[\"https:\/\/narteks.net\/index.php\/2010\/05\/26\/once-yaralar-aciyor-derinlerde-sonra-merhemini-suruyor-ustune-lena-chamamyan-ve-sarkilari\/\"]}]},{\"@type\":\"BreadcrumbList\",\"@id\":\"https:\/\/narteks.net\/index.php\/2010\/05\/26\/once-yaralar-aciyor-derinlerde-sonra-merhemini-suruyor-ustune-lena-chamamyan-ve-sarkilari\/#breadcrumb\",\"itemListElement\":[{\"@type\":\"ListItem\",\"position\":1,\"name\":\"Anasayfa\",\"item\":\"https:\/\/narteks.net\/\"},{\"@type\":\"ListItem\",\"position\":2,\"name\":\"\u00d6nce yaralar a\u00e7\u0131yor derinlerde sonra merhemini s\u00fcr\u00fcyor \u00fcst\u00fcne | Lena Chamamyan ve \u015fark\u0131lar\u0131\"}]},{\"@type\":\"WebSite\",\"@id\":\"https:\/\/narteks.net\/#website\",\"url\":\"https:\/\/narteks.net\/\",\"name\":\"narteks.net\",\"description\":\"K\u00fclt\u00fcr Sanat Edebiyat Felsefe\",\"publisher\":{\"@id\":\"https:\/\/narteks.net\/#organization\"},\"alternateName\":\"K\u00fclt\u00fcr Sanat Edebiyat Felsefe\",\"potentialAction\":[{\"@type\":\"SearchAction\",\"target\":{\"@type\":\"EntryPoint\",\"urlTemplate\":\"https:\/\/narteks.net\/?s={search_term_string}\"},\"query-input\":{\"@type\":\"PropertyValueSpecification\",\"valueRequired\":true,\"valueName\":\"search_term_string\"}}],\"inLanguage\":\"tr\"},{\"@type\":\"Organization\",\"@id\":\"https:\/\/narteks.net\/#organization\",\"name\":\"narteks.net\",\"url\":\"https:\/\/narteks.net\/\",\"logo\":{\"@type\":\"ImageObject\",\"inLanguage\":\"tr\",\"@id\":\"https:\/\/narteks.net\/#\/schema\/logo\/image\/\",\"url\":\"https:\/\/narteks.net\/wp-content\/uploads\/narteks.png\",\"contentUrl\":\"https:\/\/narteks.net\/wp-content\/uploads\/narteks.png\",\"width\":300,\"height\":90,\"caption\":\"narteks.net\"},\"image\":{\"@id\":\"https:\/\/narteks.net\/#\/schema\/logo\/image\/\"},\"sameAs\":[\"https:\/\/x.com\/narteks\",\"https:\/\/instagram.com\/narteksnet\"]},{\"@type\":\"Person\",\"@id\":\"https:\/\/narteks.net\/#\/schema\/person\/61f37d9834294b72d31d274e7ed79bca\",\"name\":\"Tar\u0131k\",\"image\":{\"@type\":\"ImageObject\",\"inLanguage\":\"tr\",\"@id\":\"https:\/\/narteks.net\/#\/schema\/person\/image\/\",\"url\":\"https:\/\/secure.gravatar.com\/avatar\/50865afb55632c4ae467e0af0930f6510aa2297d8014be502a55b14f3b7550cf?s=96&d=mm&r=g\",\"contentUrl\":\"https:\/\/secure.gravatar.com\/avatar\/50865afb55632c4ae467e0af0930f6510aa2297d8014be502a55b14f3b7550cf?s=96&d=mm&r=g\",\"caption\":\"Tar\u0131k\"},\"sameAs\":[\"http:\/\/narteks.net\"],\"url\":\"https:\/\/narteks.net\/index.php\/author\/narbak\/\"}]}<\/script>\n<!-- \/ Yoast SEO Premium plugin. -->","yoast_head_json":{"title":"\u00d6nce yaralar a\u00e7\u0131yor derinlerde sonra merhemini s\u00fcr\u00fcyor \u00fcst\u00fcne | Lena Chamamyan ve \u015fark\u0131lar\u0131 - narteks.net","robots":{"index":"index","follow":"follow","max-snippet":"max-snippet:-1","max-image-preview":"max-image-preview:large","max-video-preview":"max-video-preview:-1"},"canonical":"https:\/\/narteks.net\/index.php\/2010\/05\/26\/once-yaralar-aciyor-derinlerde-sonra-merhemini-suruyor-ustune-lena-chamamyan-ve-sarkilari\/","og_locale":"tr_TR","og_type":"article","og_title":"\u00d6nce yaralar a\u00e7\u0131yor derinlerde sonra merhemini s\u00fcr\u00fcyor \u00fcst\u00fcne | Lena Chamamyan ve \u015fark\u0131lar\u0131","og_description":"Lena Chamamyan (Arap\u00e7a: \u0644\u064a\u0646\u0627 \u0634\u0645\u0627\u0645\u064a\u0627\u0646) Ermeni k\u00f6kenli Suriyeli bir \u015fark\u0131c\u0131 olan Chamamyan \u015eam&#8217;da do\u011fdu. \u0130lk konserini 5 ya\u015f\u0131nda verdi. 2002&#8217;de i\u015fletme lisans\u0131 ald\u0131ktan sonra Halep Konservatuar\u0131&#8217;nda Klasik Do\u011fu M\u00fczi\u011fi \u00fczerine e\u011fitim ald\u0131. Ayn\u0131 zamanda caz ve Ermeni M\u00fczi\u011fi \u00fczerinde de \u00e7al\u0131\u015ft\u0131. 2006&#8217;da \u00e7\u0131kard\u0131\u011f\u0131 ilk alb\u00fcm\u00fc olan Hal Asmar Ellon&#8217;da oryantal m\u00fczik ve caz elementlerini kar\u0131\u015ft\u0131ran [&hellip;]","og_url":"https:\/\/narteks.net\/index.php\/2010\/05\/26\/once-yaralar-aciyor-derinlerde-sonra-merhemini-suruyor-ustune-lena-chamamyan-ve-sarkilari\/","og_site_name":"narteks.net","article_published_time":"2010-05-26T06:35:32+00:00","og_image":[{"width":300,"height":90,"url":"https:\/\/narteks.net\/wp-content\/uploads\/narteks.png","type":"image\/png"}],"author":"Tar\u0131k","twitter_card":"summary_large_image","twitter_creator":"@narteks","twitter_site":"@narteks","twitter_misc":{"Yazan:":"Tar\u0131k","Tahmini okuma s\u00fcresi":"1 dakika"},"schema":{"@context":"https:\/\/schema.org","@graph":[{"@type":"Article","@id":"https:\/\/narteks.net\/index.php\/2010\/05\/26\/once-yaralar-aciyor-derinlerde-sonra-merhemini-suruyor-ustune-lena-chamamyan-ve-sarkilari\/#article","isPartOf":{"@id":"https:\/\/narteks.net\/index.php\/2010\/05\/26\/once-yaralar-aciyor-derinlerde-sonra-merhemini-suruyor-ustune-lena-chamamyan-ve-sarkilari\/"},"author":{"name":"Tar\u0131k","@id":"https:\/\/narteks.net\/#\/schema\/person\/61f37d9834294b72d31d274e7ed79bca"},"headline":"\u00d6nce yaralar a\u00e7\u0131yor derinlerde sonra merhemini s\u00fcr\u00fcyor \u00fcst\u00fcne | Lena Chamamyan ve \u015fark\u0131lar\u0131","datePublished":"2010-05-26T06:35:32+00:00","mainEntityOfPage":{"@id":"https:\/\/narteks.net\/index.php\/2010\/05\/26\/once-yaralar-aciyor-derinlerde-sonra-merhemini-suruyor-ustune-lena-chamamyan-ve-sarkilari\/"},"wordCount":136,"commentCount":0,"publisher":{"@id":"https:\/\/narteks.net\/#organization"},"articleSection":["D\u00fcnya'dan M\u00fczik"],"inLanguage":"tr","potentialAction":[{"@type":"CommentAction","name":"Comment","target":["https:\/\/narteks.net\/index.php\/2010\/05\/26\/once-yaralar-aciyor-derinlerde-sonra-merhemini-suruyor-ustune-lena-chamamyan-ve-sarkilari\/#respond"]}]},{"@type":"WebPage","@id":"https:\/\/narteks.net\/index.php\/2010\/05\/26\/once-yaralar-aciyor-derinlerde-sonra-merhemini-suruyor-ustune-lena-chamamyan-ve-sarkilari\/","url":"https:\/\/narteks.net\/index.php\/2010\/05\/26\/once-yaralar-aciyor-derinlerde-sonra-merhemini-suruyor-ustune-lena-chamamyan-ve-sarkilari\/","name":"\u00d6nce yaralar a\u00e7\u0131yor derinlerde sonra merhemini s\u00fcr\u00fcyor \u00fcst\u00fcne | Lena Chamamyan ve \u015fark\u0131lar\u0131 - narteks.net","isPartOf":{"@id":"https:\/\/narteks.net\/#website"},"datePublished":"2010-05-26T06:35:32+00:00","breadcrumb":{"@id":"https:\/\/narteks.net\/index.php\/2010\/05\/26\/once-yaralar-aciyor-derinlerde-sonra-merhemini-suruyor-ustune-lena-chamamyan-ve-sarkilari\/#breadcrumb"},"inLanguage":"tr","potentialAction":[{"@type":"ReadAction","target":["https:\/\/narteks.net\/index.php\/2010\/05\/26\/once-yaralar-aciyor-derinlerde-sonra-merhemini-suruyor-ustune-lena-chamamyan-ve-sarkilari\/"]}]},{"@type":"BreadcrumbList","@id":"https:\/\/narteks.net\/index.php\/2010\/05\/26\/once-yaralar-aciyor-derinlerde-sonra-merhemini-suruyor-ustune-lena-chamamyan-ve-sarkilari\/#breadcrumb","itemListElement":[{"@type":"ListItem","position":1,"name":"Anasayfa","item":"https:\/\/narteks.net\/"},{"@type":"ListItem","position":2,"name":"\u00d6nce yaralar a\u00e7\u0131yor derinlerde sonra merhemini s\u00fcr\u00fcyor \u00fcst\u00fcne | Lena Chamamyan ve \u015fark\u0131lar\u0131"}]},{"@type":"WebSite","@id":"https:\/\/narteks.net\/#website","url":"https:\/\/narteks.net\/","name":"narteks.net","description":"K\u00fclt\u00fcr Sanat Edebiyat Felsefe","publisher":{"@id":"https:\/\/narteks.net\/#organization"},"alternateName":"K\u00fclt\u00fcr Sanat Edebiyat Felsefe","potentialAction":[{"@type":"SearchAction","target":{"@type":"EntryPoint","urlTemplate":"https:\/\/narteks.net\/?s={search_term_string}"},"query-input":{"@type":"PropertyValueSpecification","valueRequired":true,"valueName":"search_term_string"}}],"inLanguage":"tr"},{"@type":"Organization","@id":"https:\/\/narteks.net\/#organization","name":"narteks.net","url":"https:\/\/narteks.net\/","logo":{"@type":"ImageObject","inLanguage":"tr","@id":"https:\/\/narteks.net\/#\/schema\/logo\/image\/","url":"https:\/\/narteks.net\/wp-content\/uploads\/narteks.png","contentUrl":"https:\/\/narteks.net\/wp-content\/uploads\/narteks.png","width":300,"height":90,"caption":"narteks.net"},"image":{"@id":"https:\/\/narteks.net\/#\/schema\/logo\/image\/"},"sameAs":["https:\/\/x.com\/narteks","https:\/\/instagram.com\/narteksnet"]},{"@type":"Person","@id":"https:\/\/narteks.net\/#\/schema\/person\/61f37d9834294b72d31d274e7ed79bca","name":"Tar\u0131k","image":{"@type":"ImageObject","inLanguage":"tr","@id":"https:\/\/narteks.net\/#\/schema\/person\/image\/","url":"https:\/\/secure.gravatar.com\/avatar\/50865afb55632c4ae467e0af0930f6510aa2297d8014be502a55b14f3b7550cf?s=96&d=mm&r=g","contentUrl":"https:\/\/secure.gravatar.com\/avatar\/50865afb55632c4ae467e0af0930f6510aa2297d8014be502a55b14f3b7550cf?s=96&d=mm&r=g","caption":"Tar\u0131k"},"sameAs":["http:\/\/narteks.net"],"url":"https:\/\/narteks.net\/index.php\/author\/narbak\/"}]}},"_links":{"self":[{"href":"https:\/\/narteks.net\/index.php\/wp-json\/wp\/v2\/posts\/4600","targetHints":{"allow":["GET"]}}],"collection":[{"href":"https:\/\/narteks.net\/index.php\/wp-json\/wp\/v2\/posts"}],"about":[{"href":"https:\/\/narteks.net\/index.php\/wp-json\/wp\/v2\/types\/post"}],"author":[{"embeddable":true,"href":"https:\/\/narteks.net\/index.php\/wp-json\/wp\/v2\/users\/1"}],"replies":[{"embeddable":true,"href":"https:\/\/narteks.net\/index.php\/wp-json\/wp\/v2\/comments?post=4600"}],"version-history":[{"count":0,"href":"https:\/\/narteks.net\/index.php\/wp-json\/wp\/v2\/posts\/4600\/revisions"}],"wp:attachment":[{"href":"https:\/\/narteks.net\/index.php\/wp-json\/wp\/v2\/media?parent=4600"}],"wp:term":[{"taxonomy":"category","embeddable":true,"href":"https:\/\/narteks.net\/index.php\/wp-json\/wp\/v2\/categories?post=4600"},{"taxonomy":"post_tag","embeddable":true,"href":"https:\/\/narteks.net\/index.php\/wp-json\/wp\/v2\/tags?post=4600"}],"curies":[{"name":"wp","href":"https:\/\/api.w.org\/{rel}","templated":true}]}}