{"id":4603,"date":"2010-05-28T09:37:34","date_gmt":"2010-05-28T06:37:34","guid":{"rendered":"http:\/\/localhost\/wordpress\/2010\/05\/28\/sosyalizm-ve-kadinlarin-ozgurluk-mucadeleleri-tarihinin-kiyiya-itilmis-kadini-flora-tristan\/"},"modified":"2010-05-28T09:37:34","modified_gmt":"2010-05-28T06:37:34","slug":"sosyalizm-ve-kadinlarin-ozgurluk-mucadeleleri-tarihinin-kiyiya-itilmis-kadini-flora-tristan","status":"publish","type":"post","link":"https:\/\/narteks.net\/index.php\/2010\/05\/28\/sosyalizm-ve-kadinlarin-ozgurluk-mucadeleleri-tarihinin-kiyiya-itilmis-kadini-flora-tristan\/","title":{"rendered":"Sosyalizm ve kad\u0131nlar\u0131n \u00f6zg\u00fcrl\u00fck m\u00fccadeleleri tarihinin &#8216;k\u0131y\u0131ya itilmi\u015f&#8217; kad\u0131n\u0131 | Flora Tristan"},"content":{"rendered":"<p style=\"text-align: justify;\"><img loading=\"lazy\" decoding=\"async\" src=\"http:\/\/3.bp.blogspot.com\/_G4Q3TDXpGEI\/S7DCAWM7oVI\/AAAAAAAAHP4\/pFq1VIRk14A\/s1600\/flora.jpg\" border=\"0\" width=\"155\" height=\"205\" style=\"float: left;\" \/>Flora Tristan, haketti\u011fi ilgiyi \u00f6l\u00fcm\u00fcnden ancak birbu\u00e7uk y\u00fczy\u0131l sonra g\u00f6rmeye ba\u015flayan, sosyalizm ve kad\u0131nlar\u0131n \u00f6zg\u00fcrl\u00fck m\u00fccadeleleri tarihinin &#8220;k\u0131y\u0131ya itilmi\u015f&#8221;, unutulan, unutturulan bir &#8220;\u00f6nc\u00fc&#8221;s\u00fcd\u00fcr. Hem sosyalizmin, hem de feminizmin \u00f6nc\u00fclerinden olan Flora Tristan&#8217;\u0131n en \u00f6zg\u00fcn d\u00fc\u015f\u00fcncelerinden birisi, ezilen proleterya ve ezilen kad\u0131nlar\u0131n kurtulu\u015flar\u0131n\u0131n, ancak kendileri taraf\u0131ndan ve birlikte, her birine ayn\u0131 derecede \u00f6nem veren m\u00fccadelelerle sa\u011flanabilece\u011fidir.<\/p>\n<p style=\"text-align: justify;\">Flora Tristan 17 ya\u015f\u0131ndayken bir evlilik yapar ve 2 \u00e7ocuk d\u00fcnyaya  getirir. E\u015fi Chazal, sarho\u015f despot ve bor\u00e7lar\u0131n\u0131 kar\u0131s\u0131n\u0131 fuhu\u015fa iterek  kapatmak isteyen bir kumarbazd\u0131r. Flora Tristan, 1825&#8242; te evini terk  ederek annesinin evine ka\u00e7ar. O zaman bir kad\u0131n\u0131n kocas\u0131ndan ayr\u0131lmas\u0131  olanaks\u0131z oldu\u011fundan, ger\u00e7ek aile durumunun \u00f6\u011frenilmesinden s\u00fcrekli  korkarak, \u00e7e\u015fitli i\u015flerde \u00e7al\u0131\u015ft\u0131.S\u00fcrekli i\u015f ve yer de\u011fi\u015ftirerek  kocas\u0131n\u0131n takibinden kurtuluyordu. <\/p>\n<p> Flora Tristan bir \u00e7ok kez bo\u015f yere ayr\u0131lma talebinde bulundu\u011fu halde,  1836&#8242; da mahkeme karar\u0131 ile iki \u00e7ocu\u011fu da babas\u0131na verildi.Ancak k\u0131sa  bir s\u00fcre sonra e\u015fi Chazal&#8217; \u0131n k\u0131z\u0131na cinsel tacizi \u00f6\u011frenip, ensest  denemesi dolay\u0131s\u0131yla \u015fikayet etmesinden sonrad\u0131r ki \u00e7ocuklar annesinin  yan\u0131na verildi.Chazal hapis cezas\u0131na \u00e7arpt\u0131r\u0131ld\u0131; fakat delil  yetersizli\u011finden serbest b\u0131rak\u0131ld\u0131.Ancak kendisine kar\u015f\u0131 \u00f6ld\u00fcrme  giri\u015fiminden sonra, Chazal 20 y\u0131l hapis cezas\u0131na \u00e7arpt\u0131r\u0131ld\u0131.Flora  Tristan \u00f6l\u00fcmden kurtuldu; ama kur\u015fun kalbe \u00e7ok yak\u0131n bir yere  saplanm\u0131\u015ft\u0131.Ve bedeninden \u00e7\u0131kar\u0131lamad\u0131. <\/p>\n<p> Flora Tristan, Frans\u0131z Devrimi&#8217;nin bir \u00e7ok ba\u015far\u0131s\u0131n\u0131,  Bourbonen-Monar\u015fisi&#8217; nin restorasyon ile geri ald\u0131\u011f\u0131 bir \u00e7a\u011fda  ya\u015f\u0131yordu.Ger\u00e7i &#8220;Yurtta\u015flar Yasas\u0131&#8221; (Code civil) e\u015fitlik ilkesi ve s\u0131n\u0131f  ayr\u0131cal\u0131klar\u0131n\u0131n kald\u0131r\u0131lmas\u0131 ile \u00f6\u011f\u00fcn\u00fcyordu; fakat bu durum kad\u0131nlar  i\u00e7in ge\u00e7erli de\u011fildi.Erkeklerin haklar\u0131 g\u00fc\u00e7lendirilmi\u015f, buna uygun  olarak kad\u0131nlar\u0131nki olduk\u00e7a k\u0131s\u0131tlanm\u0131\u015ft\u0131.Yasaya g\u00f6re koca her bak\u0131mdan  kar\u0131s\u0131ndan sorumluydu; kad\u0131n da ona itaat bor\u00e7luydu.Bu s\u0131rada Fransa&#8217;n\u0131n  end\u00fcstrile\u015fmesi, el i\u015f\u00e7ili\u011fi ile mekanikle\u015fme aras\u0131nda bir yerdeydi;  yava\u015f yava\u015f bir i\u015f\u00e7i s\u0131n\u0131f\u0131 olu\u015fmaktayd\u0131.Temmuz -Monar\u015fisi(1830-1848),  liberal bir ekonomi g\u00f6r\u00fc\u015f\u00fc ile hareket ediyor, sosyal sefaleti  hafifletmek i\u00e7in hemen hi\u00e7bir \u00f6nleme ba\u015fvurmuyordu.\u0130ngiltere&#8217; de,  i\u015f\u00e7ilerin, sendikalar ve yard\u0131mla\u015fma birliklerinin bildirileri ve  grevlerle taleplerini vurgulayan bir i\u015f\u00e7i hareketi geli\u015firken; Fransa&#8217;  da sadece ele\u015ftirel toplumsal analizler ve sosyalist teoriler ileri  s\u00fcr\u00fcl\u00fcyordu. <\/p>\n<p> Flora Tristan on ay i\u00e7inde Peru&#8217; da ba\u015f\u0131ndan ge\u00e7enleri anlatt\u0131\u011f\u0131; toplum  ele\u015ftirisi, felsefi d\u00fc\u015f\u00fcncesi, r\u00f6portaj ve hayat \u00f6yk\u00fcs\u00fcn\u00fcn bulundu\u011fu  &#8220;Bir Paryan\u0131n Yolculuklar\u0131 1833-1834&#8221; adl\u0131 yaz\u0131s\u0131 yay\u0131mland\u0131\u011f\u0131 zaman  bas\u0131n bunun ayr\u0131lma ba\u015fvurusunda oldu\u011fu gibi iyi bir kabulden \u00e7ok,  s\u00f6ylenmemesi gereken gizlilikler olarak yorumlad\u0131.Ama bu kitap, geni\u015f  bir okur kitlesinin dikkatini \u00e7ekti ve Flora Tristan ad\u0131 bilinen bir  yazar oldu.Bu kitapla birlikte, &#8220;Necessite de Faire un bom accueil aux  femmes etrangeres&#8221; (Yabanc\u0131 \u00dclke Kad\u0131nlar\u0131na \u0130yi Bir Kabul G\u00f6stermenin  Gereklili\u011fi) adl\u0131 bro\u015f\u00fcrde \u00e7\u0131km\u0131\u015ft\u0131 ki burada o, yaln\u0131z ya\u015fayan yabanc\u0131  kad\u0131nlar\u0131n, taciz ve tehditlerden korunmas\u0131 i\u00e7in gerekli olan baz\u0131  \u00f6nlemlerden s\u00f6z ediyordu.Buradaki pratik \u00f6neriler, yazar\u0131n kad\u0131nlar\u0131n  e\u015fit haklar\u0131 i\u00e7in gerekli g\u00f6rd\u00fc\u011f\u00fc \u00f6rg\u00fctlenmi\u015f sava\u015f\u0131m\u0131n ilk  belirtileridir. <\/p>\n<p> 1839 Mart\u0131nda \u0130ngiltere&#8217; ye gitti ve A\u011fustos ay\u0131na kadar orada  kald\u0131.Fabrikalar, gecekondu semtleri ve meyhanelerde r\u00f6portajlar  yapt\u0131.Anna Wheer&#8217; le tan\u0131\u015fmas\u0131, ona hapishanelerin, ak\u0131l hastanelerinin  kap\u0131lar\u0131n\u0131 a\u00e7t\u0131.\u0130ngiltere hakk\u0131nda yazd\u0131\u011f\u0131 kitapta, (Londra&#8217; da  Gezintiler) varl\u0131kl\u0131 aristokratlar\u0131, fabrika sahiplerini betimler;  bunlarla i\u015f\u00e7i mahallelerindeki sefalet aras\u0131ndaki korkun\u00e7 \u00e7eli\u015fkiyi  vurgulayarak g\u00f6sterir. Flora Tristan kitab\u0131nda \u0130ngiliz \u00fccretli i\u015f\u00e7ilerin  hayat\u0131n\u0131, ya\u015fam ko\u015fullar\u0131n\u0131, kad\u0131nlar\u0131 ve \u00e7ocuklar\u0131  anlat\u0131yor.Proleterlerin \u00e7ocuklar\u0131n\u0131n sefaleti, b\u00fcy\u00fcklerinkini a\u015f\u0131yor.  \u00c7ocuklar \u00e7ok kez alt\u0131 ya\u015f\u0131ndan sonra fabrikalarda, g\u00fcnde on iki, on d\u00f6rt  saat \u00e7al\u0131\u015ft\u0131r\u0131l\u0131yorlar.Evsiz ve a\u00e7lar\u0131n say\u0131s\u0131 \u00e7ok, sosyal yard\u0131m\u0131n yok  denecek kadar az olmas\u0131 y\u00fcz\u00fcnden, gen\u00e7 k\u0131zlar\u0131n ya\u015fama \u015fans\u0131 ancak  fuhu\u015f sayesinde olanakl\u0131 olabiliyor. <\/p>\n<p> Flora Tristan&#8217;\u0131n yaz\u0131lar\u0131 ve kitaplar\u0131na y\u00f6nelik tepkiler Fransa&#8217; da da  \u0130ngiltere&#8217; de oldu\u011fu gibi, burjuva yay\u0131n d\u00fcnyas\u0131, Tristan&#8217; \u0131n silahl\u0131  eyleme dayanan devrim a\u00e7\u0131klamalar\u0131 kar\u015f\u0131s\u0131nda suskun bir tavra  b\u00fcr\u00fcn\u00fcr.Buna kar\u015f\u0131l\u0131k demokratik muhalefet gazeteleri, \u00f6zellikle  sosyalist e\u011filimli olanlar, bayram yapt\u0131lar.Frans\u0131z toplumu i\u00e7inde yap\u0131t  b\u00fcy\u00fck ba\u015far\u0131 kazand\u0131.1840&#8217;daki iki bask\u0131y\u0131, 1842&#8217;de iki bask\u0131 daha  izledi. <\/p>\n<p> 1842 Aral\u0131\u011f\u0131nda i\u015f\u00e7i s\u0131n\u0131f\u0131n\u0131n kurtulu\u015fu i\u00e7in d\u00fc\u015f\u00fcnd\u00fcklerini yazmaya  ba\u015flad\u0131.&#8221;\u0130\u015f\u00e7i erkekler ve kad\u0131nlar,\u2026 art\u0131k s\u00f6ylenecek ve yaz\u0131lacak bir  \u015fey kalmad\u0131.\u00c7\u00fcnk\u00fc sizin sefaletinizi herkes biliyor:Charta&#8217;da yaz\u0131l\u0131  haklar i\u00e7in g\u00fc\u00e7 kullanmak.Art\u0131k eylem zaman\u0131 geldi&#8221;Flora Tristan&#8217;\u0131n  \u0130\u015f\u00e7ilerin Birli\u011fi savunusunun en \u00f6nemli \u00f6\u011fesi, i\u015f\u00e7ilerle kad\u0131n sorununun  birbirine ba\u011flanmas\u0131d\u0131r.Kad\u0131nlar\u0131 fuhu\u015fa, a\u00e7l\u0131\u011fa, cehalete iten sebebi  kapitalizme ba\u011flar ve erkek hakim bir mant\u0131\u011f\u0131 s\u0131k\u00e7a vurgular. <\/p>\n<p> Flora Tristan \u00f6l\u00fcm\u00fcne kadar yaz\u0131lar\u0131yla, konu\u015fmalar\u0131yla i\u015f\u00e7iler ve  kad\u0131nlar aras\u0131nda yapt\u0131\u011f\u0131 \u00f6rg\u00fctlenme \u00e7al\u0131\u015fmalar\u0131yla her zaman olumsuz  tepkileri daha \u00e7ok ald\u0131.Flora Tristan, tarihi kesin olmamakla birlikte,  Eyl\u00fcl 1844&#8242; de Bordeoux&#8217;ya geldi ve orada beyin kanamas\u0131  ge\u00e7irdi.Dostlar\u0131n\u0131n \u00e7abas\u0131na kar\u015f\u0131n, iyile\u015femedi ve 14 Kas\u0131m 1844&#8242; de  \u00f6ld\u00fc.Tristan&#8217; \u0131n \u00f6l\u00fcm\u00fcnden sonra bir \u00e7ok kitab\u0131 yay\u0131nland\u0131.Bir \u00e7ok  yazar, siyaset bilimci kitaplar\u0131nda onunla ilgili b\u00f6l\u00fcm  ay\u0131rd\u0131.F.Tristan&#8217; \u0131n d\u00fc\u015f\u00fcncelerinin tarih felsefesindeki yeri hakk\u0131nda,  literat\u00fcrde bir birlik yoktur.Friedrich Engels&#8217;in onu ele\u015ftirmenlere  kar\u015f\u0131 savunmu\u015f olmas\u0131na kar\u015f\u0131n, yine de Marx Engels&#8217;in yap\u0131tlar\u0131n\u0131n  yazar adlar\u0131 dizgesinde, &#8220;k\u00fc\u00e7\u00fck burjuva \u00fctopist sosyalizmin Frans\u0131z  yazar\u0131&#8221; olarak nitelendirilir.Bunun yan\u0131nda, Marco, Flora Tristan&#8217;\u0131n,  onu &#8220;bilimsel sosyalizme&#8221; ba\u011flayan d\u00fc\u015f\u00fcncelerini i\u015faret eder. <\/p>\n<p> Fakat, Flora Tristan&#8217;\u0131n toplumsal ili\u015fkilerle, arkas\u0131nda kendi  deneyimleri yatan, do\u011frudan ve yo\u011fun hesapla\u015fmalar yapm\u0131\u015f olmas\u0131; onun  \u00e7a\u011f\u0131nda onun kadar a\u00e7\u0131kl\u0131kla ba\u015fka bir d\u00fc\u015f\u00fcn\u00fcr\u00fcn bunu yapmam\u0131\u015f olmas\u0131;  \u00f6zellikle vurgulanmas\u0131 gereken \u00f6nemli bir noktad\u0131r.<\/p>\n<p style=\"text-align: justify;\"><strong>Onur Y\u0131lmaz<\/strong><\/p>\n","protected":false},"excerpt":{"rendered":"<p>Flora Tristan, haketti\u011fi ilgiyi \u00f6l\u00fcm\u00fcnden ancak birbu\u00e7uk y\u00fczy\u0131l sonra g\u00f6rmeye ba\u015flayan, sosyalizm ve kad\u0131nlar\u0131n \u00f6zg\u00fcrl\u00fck m\u00fccadeleleri tarihinin &#8220;k\u0131y\u0131ya itilmi\u015f&#8221;, unutulan, unutturulan bir &#8220;\u00f6nc\u00fc&#8221;s\u00fcd\u00fcr. Hem sosyalizmin, hem de feminizmin \u00f6nc\u00fclerinden olan Flora Tristan&#8217;\u0131n en \u00f6zg\u00fcn d\u00fc\u015f\u00fcncelerinden birisi, ezilen proleterya ve ezilen kad\u0131nlar\u0131n kurtulu\u015flar\u0131n\u0131n, ancak kendileri taraf\u0131ndan ve birlikte, her birine ayn\u0131 derecede \u00f6nem veren m\u00fccadelelerle sa\u011flanabilece\u011fidir. [&hellip;]<\/p>\n","protected":false},"author":1,"featured_media":0,"comment_status":"open","ping_status":"open","sticky":false,"template":"","format":"standard","meta":{"footnotes":""},"categories":[176],"tags":[],"class_list":{"0":"post-4603","1":"post","2":"type-post","3":"status-publish","4":"format-standard","6":"category-kadin-a-dair"},"yoast_head":"<!-- This site is optimized with the Yoast SEO Premium plugin v24.9 (Yoast SEO v24.9) - https:\/\/yoast.com\/wordpress\/plugins\/seo\/ -->\n<title>Sosyalizm ve kad\u0131nlar\u0131n \u00f6zg\u00fcrl\u00fck m\u00fccadeleleri tarihinin &#039;k\u0131y\u0131ya itilmi\u015f&#039; kad\u0131n\u0131 | Flora Tristan - narteks.net<\/title>\n<meta name=\"robots\" content=\"index, follow, max-snippet:-1, max-image-preview:large, max-video-preview:-1\" \/>\n<link rel=\"canonical\" href=\"https:\/\/narteks.net\/index.php\/2010\/05\/28\/sosyalizm-ve-kadinlarin-ozgurluk-mucadeleleri-tarihinin-kiyiya-itilmis-kadini-flora-tristan\/\" \/>\n<meta property=\"og:locale\" content=\"tr_TR\" \/>\n<meta property=\"og:type\" content=\"article\" \/>\n<meta property=\"og:title\" content=\"Sosyalizm ve kad\u0131nlar\u0131n \u00f6zg\u00fcrl\u00fck m\u00fccadeleleri tarihinin &#039;k\u0131y\u0131ya itilmi\u015f&#039; kad\u0131n\u0131 | Flora Tristan\" \/>\n<meta property=\"og:description\" content=\"Flora Tristan, haketti\u011fi ilgiyi \u00f6l\u00fcm\u00fcnden ancak birbu\u00e7uk y\u00fczy\u0131l sonra g\u00f6rmeye ba\u015flayan, sosyalizm ve kad\u0131nlar\u0131n \u00f6zg\u00fcrl\u00fck m\u00fccadeleleri tarihinin &#8220;k\u0131y\u0131ya itilmi\u015f&#8221;, unutulan, unutturulan bir &#8220;\u00f6nc\u00fc&#8221;s\u00fcd\u00fcr. Hem sosyalizmin, hem de feminizmin \u00f6nc\u00fclerinden olan Flora Tristan&#8217;\u0131n en \u00f6zg\u00fcn d\u00fc\u015f\u00fcncelerinden birisi, ezilen proleterya ve ezilen kad\u0131nlar\u0131n kurtulu\u015flar\u0131n\u0131n, ancak kendileri taraf\u0131ndan ve birlikte, her birine ayn\u0131 derecede \u00f6nem veren m\u00fccadelelerle sa\u011flanabilece\u011fidir. [&hellip;]\" \/>\n<meta property=\"og:url\" content=\"https:\/\/narteks.net\/index.php\/2010\/05\/28\/sosyalizm-ve-kadinlarin-ozgurluk-mucadeleleri-tarihinin-kiyiya-itilmis-kadini-flora-tristan\/\" \/>\n<meta property=\"og:site_name\" content=\"narteks.net\" \/>\n<meta property=\"article:published_time\" content=\"2010-05-28T06:37:34+00:00\" \/>\n<meta property=\"og:image\" content=\"http:\/\/3.bp.blogspot.com\/_G4Q3TDXpGEI\/S7DCAWM7oVI\/AAAAAAAAHP4\/pFq1VIRk14A\/s1600\/flora.jpg\" \/>\n<meta name=\"author\" content=\"Tar\u0131k\" \/>\n<meta name=\"twitter:card\" content=\"summary_large_image\" \/>\n<meta name=\"twitter:creator\" content=\"@narteks\" \/>\n<meta name=\"twitter:site\" content=\"@narteks\" \/>\n<meta name=\"twitter:label1\" content=\"Yazan:\" \/>\n\t<meta name=\"twitter:data1\" content=\"Tar\u0131k\" \/>\n\t<meta name=\"twitter:label2\" content=\"Tahmini okuma s\u00fcresi\" \/>\n\t<meta name=\"twitter:data2\" content=\"6 dakika\" \/>\n<script type=\"application\/ld+json\" class=\"yoast-schema-graph\">{\"@context\":\"https:\/\/schema.org\",\"@graph\":[{\"@type\":\"Article\",\"@id\":\"https:\/\/narteks.net\/index.php\/2010\/05\/28\/sosyalizm-ve-kadinlarin-ozgurluk-mucadeleleri-tarihinin-kiyiya-itilmis-kadini-flora-tristan\/#article\",\"isPartOf\":{\"@id\":\"https:\/\/narteks.net\/index.php\/2010\/05\/28\/sosyalizm-ve-kadinlarin-ozgurluk-mucadeleleri-tarihinin-kiyiya-itilmis-kadini-flora-tristan\/\"},\"author\":{\"name\":\"Tar\u0131k\",\"@id\":\"https:\/\/narteks.net\/#\/schema\/person\/61f37d9834294b72d31d274e7ed79bca\"},\"headline\":\"Sosyalizm ve kad\u0131nlar\u0131n \u00f6zg\u00fcrl\u00fck m\u00fccadeleleri tarihinin &#8216;k\u0131y\u0131ya itilmi\u015f&#8217; kad\u0131n\u0131 | Flora Tristan\",\"datePublished\":\"2010-05-28T06:37:34+00:00\",\"mainEntityOfPage\":{\"@id\":\"https:\/\/narteks.net\/index.php\/2010\/05\/28\/sosyalizm-ve-kadinlarin-ozgurluk-mucadeleleri-tarihinin-kiyiya-itilmis-kadini-flora-tristan\/\"},\"wordCount\":1156,\"commentCount\":0,\"publisher\":{\"@id\":\"https:\/\/narteks.net\/#organization\"},\"image\":{\"@id\":\"https:\/\/narteks.net\/index.php\/2010\/05\/28\/sosyalizm-ve-kadinlarin-ozgurluk-mucadeleleri-tarihinin-kiyiya-itilmis-kadini-flora-tristan\/#primaryimage\"},\"thumbnailUrl\":\"http:\/\/3.bp.blogspot.com\/_G4Q3TDXpGEI\/S7DCAWM7oVI\/AAAAAAAAHP4\/pFq1VIRk14A\/s1600\/flora.jpg\",\"articleSection\":[\"Kad\u0131na Dair\"],\"inLanguage\":\"tr\",\"potentialAction\":[{\"@type\":\"CommentAction\",\"name\":\"Comment\",\"target\":[\"https:\/\/narteks.net\/index.php\/2010\/05\/28\/sosyalizm-ve-kadinlarin-ozgurluk-mucadeleleri-tarihinin-kiyiya-itilmis-kadini-flora-tristan\/#respond\"]}]},{\"@type\":\"WebPage\",\"@id\":\"https:\/\/narteks.net\/index.php\/2010\/05\/28\/sosyalizm-ve-kadinlarin-ozgurluk-mucadeleleri-tarihinin-kiyiya-itilmis-kadini-flora-tristan\/\",\"url\":\"https:\/\/narteks.net\/index.php\/2010\/05\/28\/sosyalizm-ve-kadinlarin-ozgurluk-mucadeleleri-tarihinin-kiyiya-itilmis-kadini-flora-tristan\/\",\"name\":\"Sosyalizm ve kad\u0131nlar\u0131n \u00f6zg\u00fcrl\u00fck m\u00fccadeleleri tarihinin 'k\u0131y\u0131ya itilmi\u015f' kad\u0131n\u0131 | Flora Tristan - narteks.net\",\"isPartOf\":{\"@id\":\"https:\/\/narteks.net\/#website\"},\"primaryImageOfPage\":{\"@id\":\"https:\/\/narteks.net\/index.php\/2010\/05\/28\/sosyalizm-ve-kadinlarin-ozgurluk-mucadeleleri-tarihinin-kiyiya-itilmis-kadini-flora-tristan\/#primaryimage\"},\"image\":{\"@id\":\"https:\/\/narteks.net\/index.php\/2010\/05\/28\/sosyalizm-ve-kadinlarin-ozgurluk-mucadeleleri-tarihinin-kiyiya-itilmis-kadini-flora-tristan\/#primaryimage\"},\"thumbnailUrl\":\"http:\/\/3.bp.blogspot.com\/_G4Q3TDXpGEI\/S7DCAWM7oVI\/AAAAAAAAHP4\/pFq1VIRk14A\/s1600\/flora.jpg\",\"datePublished\":\"2010-05-28T06:37:34+00:00\",\"breadcrumb\":{\"@id\":\"https:\/\/narteks.net\/index.php\/2010\/05\/28\/sosyalizm-ve-kadinlarin-ozgurluk-mucadeleleri-tarihinin-kiyiya-itilmis-kadini-flora-tristan\/#breadcrumb\"},\"inLanguage\":\"tr\",\"potentialAction\":[{\"@type\":\"ReadAction\",\"target\":[\"https:\/\/narteks.net\/index.php\/2010\/05\/28\/sosyalizm-ve-kadinlarin-ozgurluk-mucadeleleri-tarihinin-kiyiya-itilmis-kadini-flora-tristan\/\"]}]},{\"@type\":\"ImageObject\",\"inLanguage\":\"tr\",\"@id\":\"https:\/\/narteks.net\/index.php\/2010\/05\/28\/sosyalizm-ve-kadinlarin-ozgurluk-mucadeleleri-tarihinin-kiyiya-itilmis-kadini-flora-tristan\/#primaryimage\",\"url\":\"http:\/\/3.bp.blogspot.com\/_G4Q3TDXpGEI\/S7DCAWM7oVI\/AAAAAAAAHP4\/pFq1VIRk14A\/s1600\/flora.jpg\",\"contentUrl\":\"http:\/\/3.bp.blogspot.com\/_G4Q3TDXpGEI\/S7DCAWM7oVI\/AAAAAAAAHP4\/pFq1VIRk14A\/s1600\/flora.jpg\"},{\"@type\":\"BreadcrumbList\",\"@id\":\"https:\/\/narteks.net\/index.php\/2010\/05\/28\/sosyalizm-ve-kadinlarin-ozgurluk-mucadeleleri-tarihinin-kiyiya-itilmis-kadini-flora-tristan\/#breadcrumb\",\"itemListElement\":[{\"@type\":\"ListItem\",\"position\":1,\"name\":\"Anasayfa\",\"item\":\"https:\/\/narteks.net\/\"},{\"@type\":\"ListItem\",\"position\":2,\"name\":\"Sosyalizm ve kad\u0131nlar\u0131n \u00f6zg\u00fcrl\u00fck m\u00fccadeleleri tarihinin &#8216;k\u0131y\u0131ya itilmi\u015f&#8217; kad\u0131n\u0131 | Flora Tristan\"}]},{\"@type\":\"WebSite\",\"@id\":\"https:\/\/narteks.net\/#website\",\"url\":\"https:\/\/narteks.net\/\",\"name\":\"narteks.net\",\"description\":\"K\u00fclt\u00fcr Sanat Edebiyat Felsefe\",\"publisher\":{\"@id\":\"https:\/\/narteks.net\/#organization\"},\"alternateName\":\"K\u00fclt\u00fcr Sanat Edebiyat Felsefe\",\"potentialAction\":[{\"@type\":\"SearchAction\",\"target\":{\"@type\":\"EntryPoint\",\"urlTemplate\":\"https:\/\/narteks.net\/?s={search_term_string}\"},\"query-input\":{\"@type\":\"PropertyValueSpecification\",\"valueRequired\":true,\"valueName\":\"search_term_string\"}}],\"inLanguage\":\"tr\"},{\"@type\":\"Organization\",\"@id\":\"https:\/\/narteks.net\/#organization\",\"name\":\"narteks.net\",\"url\":\"https:\/\/narteks.net\/\",\"logo\":{\"@type\":\"ImageObject\",\"inLanguage\":\"tr\",\"@id\":\"https:\/\/narteks.net\/#\/schema\/logo\/image\/\",\"url\":\"https:\/\/narteks.net\/wp-content\/uploads\/narteks.png\",\"contentUrl\":\"https:\/\/narteks.net\/wp-content\/uploads\/narteks.png\",\"width\":300,\"height\":90,\"caption\":\"narteks.net\"},\"image\":{\"@id\":\"https:\/\/narteks.net\/#\/schema\/logo\/image\/\"},\"sameAs\":[\"https:\/\/x.com\/narteks\",\"https:\/\/instagram.com\/narteksnet\"]},{\"@type\":\"Person\",\"@id\":\"https:\/\/narteks.net\/#\/schema\/person\/61f37d9834294b72d31d274e7ed79bca\",\"name\":\"Tar\u0131k\",\"image\":{\"@type\":\"ImageObject\",\"inLanguage\":\"tr\",\"@id\":\"https:\/\/narteks.net\/#\/schema\/person\/image\/\",\"url\":\"https:\/\/secure.gravatar.com\/avatar\/50865afb55632c4ae467e0af0930f6510aa2297d8014be502a55b14f3b7550cf?s=96&d=mm&r=g\",\"contentUrl\":\"https:\/\/secure.gravatar.com\/avatar\/50865afb55632c4ae467e0af0930f6510aa2297d8014be502a55b14f3b7550cf?s=96&d=mm&r=g\",\"caption\":\"Tar\u0131k\"},\"sameAs\":[\"http:\/\/narteks.net\"],\"url\":\"https:\/\/narteks.net\/index.php\/author\/narbak\/\"}]}<\/script>\n<!-- \/ Yoast SEO Premium plugin. -->","yoast_head_json":{"title":"Sosyalizm ve kad\u0131nlar\u0131n \u00f6zg\u00fcrl\u00fck m\u00fccadeleleri tarihinin 'k\u0131y\u0131ya itilmi\u015f' kad\u0131n\u0131 | Flora Tristan - narteks.net","robots":{"index":"index","follow":"follow","max-snippet":"max-snippet:-1","max-image-preview":"max-image-preview:large","max-video-preview":"max-video-preview:-1"},"canonical":"https:\/\/narteks.net\/index.php\/2010\/05\/28\/sosyalizm-ve-kadinlarin-ozgurluk-mucadeleleri-tarihinin-kiyiya-itilmis-kadini-flora-tristan\/","og_locale":"tr_TR","og_type":"article","og_title":"Sosyalizm ve kad\u0131nlar\u0131n \u00f6zg\u00fcrl\u00fck m\u00fccadeleleri tarihinin 'k\u0131y\u0131ya itilmi\u015f' kad\u0131n\u0131 | Flora Tristan","og_description":"Flora Tristan, haketti\u011fi ilgiyi \u00f6l\u00fcm\u00fcnden ancak birbu\u00e7uk y\u00fczy\u0131l sonra g\u00f6rmeye ba\u015flayan, sosyalizm ve kad\u0131nlar\u0131n \u00f6zg\u00fcrl\u00fck m\u00fccadeleleri tarihinin &#8220;k\u0131y\u0131ya itilmi\u015f&#8221;, unutulan, unutturulan bir &#8220;\u00f6nc\u00fc&#8221;s\u00fcd\u00fcr. Hem sosyalizmin, hem de feminizmin \u00f6nc\u00fclerinden olan Flora Tristan&#8217;\u0131n en \u00f6zg\u00fcn d\u00fc\u015f\u00fcncelerinden birisi, ezilen proleterya ve ezilen kad\u0131nlar\u0131n kurtulu\u015flar\u0131n\u0131n, ancak kendileri taraf\u0131ndan ve birlikte, her birine ayn\u0131 derecede \u00f6nem veren m\u00fccadelelerle sa\u011flanabilece\u011fidir. [&hellip;]","og_url":"https:\/\/narteks.net\/index.php\/2010\/05\/28\/sosyalizm-ve-kadinlarin-ozgurluk-mucadeleleri-tarihinin-kiyiya-itilmis-kadini-flora-tristan\/","og_site_name":"narteks.net","article_published_time":"2010-05-28T06:37:34+00:00","og_image":[{"url":"http:\/\/3.bp.blogspot.com\/_G4Q3TDXpGEI\/S7DCAWM7oVI\/AAAAAAAAHP4\/pFq1VIRk14A\/s1600\/flora.jpg","type":"","width":"","height":""}],"author":"Tar\u0131k","twitter_card":"summary_large_image","twitter_creator":"@narteks","twitter_site":"@narteks","twitter_misc":{"Yazan:":"Tar\u0131k","Tahmini okuma s\u00fcresi":"6 dakika"},"schema":{"@context":"https:\/\/schema.org","@graph":[{"@type":"Article","@id":"https:\/\/narteks.net\/index.php\/2010\/05\/28\/sosyalizm-ve-kadinlarin-ozgurluk-mucadeleleri-tarihinin-kiyiya-itilmis-kadini-flora-tristan\/#article","isPartOf":{"@id":"https:\/\/narteks.net\/index.php\/2010\/05\/28\/sosyalizm-ve-kadinlarin-ozgurluk-mucadeleleri-tarihinin-kiyiya-itilmis-kadini-flora-tristan\/"},"author":{"name":"Tar\u0131k","@id":"https:\/\/narteks.net\/#\/schema\/person\/61f37d9834294b72d31d274e7ed79bca"},"headline":"Sosyalizm ve kad\u0131nlar\u0131n \u00f6zg\u00fcrl\u00fck m\u00fccadeleleri tarihinin &#8216;k\u0131y\u0131ya itilmi\u015f&#8217; kad\u0131n\u0131 | Flora Tristan","datePublished":"2010-05-28T06:37:34+00:00","mainEntityOfPage":{"@id":"https:\/\/narteks.net\/index.php\/2010\/05\/28\/sosyalizm-ve-kadinlarin-ozgurluk-mucadeleleri-tarihinin-kiyiya-itilmis-kadini-flora-tristan\/"},"wordCount":1156,"commentCount":0,"publisher":{"@id":"https:\/\/narteks.net\/#organization"},"image":{"@id":"https:\/\/narteks.net\/index.php\/2010\/05\/28\/sosyalizm-ve-kadinlarin-ozgurluk-mucadeleleri-tarihinin-kiyiya-itilmis-kadini-flora-tristan\/#primaryimage"},"thumbnailUrl":"http:\/\/3.bp.blogspot.com\/_G4Q3TDXpGEI\/S7DCAWM7oVI\/AAAAAAAAHP4\/pFq1VIRk14A\/s1600\/flora.jpg","articleSection":["Kad\u0131na Dair"],"inLanguage":"tr","potentialAction":[{"@type":"CommentAction","name":"Comment","target":["https:\/\/narteks.net\/index.php\/2010\/05\/28\/sosyalizm-ve-kadinlarin-ozgurluk-mucadeleleri-tarihinin-kiyiya-itilmis-kadini-flora-tristan\/#respond"]}]},{"@type":"WebPage","@id":"https:\/\/narteks.net\/index.php\/2010\/05\/28\/sosyalizm-ve-kadinlarin-ozgurluk-mucadeleleri-tarihinin-kiyiya-itilmis-kadini-flora-tristan\/","url":"https:\/\/narteks.net\/index.php\/2010\/05\/28\/sosyalizm-ve-kadinlarin-ozgurluk-mucadeleleri-tarihinin-kiyiya-itilmis-kadini-flora-tristan\/","name":"Sosyalizm ve kad\u0131nlar\u0131n \u00f6zg\u00fcrl\u00fck m\u00fccadeleleri tarihinin 'k\u0131y\u0131ya itilmi\u015f' kad\u0131n\u0131 | Flora Tristan - narteks.net","isPartOf":{"@id":"https:\/\/narteks.net\/#website"},"primaryImageOfPage":{"@id":"https:\/\/narteks.net\/index.php\/2010\/05\/28\/sosyalizm-ve-kadinlarin-ozgurluk-mucadeleleri-tarihinin-kiyiya-itilmis-kadini-flora-tristan\/#primaryimage"},"image":{"@id":"https:\/\/narteks.net\/index.php\/2010\/05\/28\/sosyalizm-ve-kadinlarin-ozgurluk-mucadeleleri-tarihinin-kiyiya-itilmis-kadini-flora-tristan\/#primaryimage"},"thumbnailUrl":"http:\/\/3.bp.blogspot.com\/_G4Q3TDXpGEI\/S7DCAWM7oVI\/AAAAAAAAHP4\/pFq1VIRk14A\/s1600\/flora.jpg","datePublished":"2010-05-28T06:37:34+00:00","breadcrumb":{"@id":"https:\/\/narteks.net\/index.php\/2010\/05\/28\/sosyalizm-ve-kadinlarin-ozgurluk-mucadeleleri-tarihinin-kiyiya-itilmis-kadini-flora-tristan\/#breadcrumb"},"inLanguage":"tr","potentialAction":[{"@type":"ReadAction","target":["https:\/\/narteks.net\/index.php\/2010\/05\/28\/sosyalizm-ve-kadinlarin-ozgurluk-mucadeleleri-tarihinin-kiyiya-itilmis-kadini-flora-tristan\/"]}]},{"@type":"ImageObject","inLanguage":"tr","@id":"https:\/\/narteks.net\/index.php\/2010\/05\/28\/sosyalizm-ve-kadinlarin-ozgurluk-mucadeleleri-tarihinin-kiyiya-itilmis-kadini-flora-tristan\/#primaryimage","url":"http:\/\/3.bp.blogspot.com\/_G4Q3TDXpGEI\/S7DCAWM7oVI\/AAAAAAAAHP4\/pFq1VIRk14A\/s1600\/flora.jpg","contentUrl":"http:\/\/3.bp.blogspot.com\/_G4Q3TDXpGEI\/S7DCAWM7oVI\/AAAAAAAAHP4\/pFq1VIRk14A\/s1600\/flora.jpg"},{"@type":"BreadcrumbList","@id":"https:\/\/narteks.net\/index.php\/2010\/05\/28\/sosyalizm-ve-kadinlarin-ozgurluk-mucadeleleri-tarihinin-kiyiya-itilmis-kadini-flora-tristan\/#breadcrumb","itemListElement":[{"@type":"ListItem","position":1,"name":"Anasayfa","item":"https:\/\/narteks.net\/"},{"@type":"ListItem","position":2,"name":"Sosyalizm ve kad\u0131nlar\u0131n \u00f6zg\u00fcrl\u00fck m\u00fccadeleleri tarihinin &#8216;k\u0131y\u0131ya itilmi\u015f&#8217; kad\u0131n\u0131 | Flora Tristan"}]},{"@type":"WebSite","@id":"https:\/\/narteks.net\/#website","url":"https:\/\/narteks.net\/","name":"narteks.net","description":"K\u00fclt\u00fcr Sanat Edebiyat Felsefe","publisher":{"@id":"https:\/\/narteks.net\/#organization"},"alternateName":"K\u00fclt\u00fcr Sanat Edebiyat Felsefe","potentialAction":[{"@type":"SearchAction","target":{"@type":"EntryPoint","urlTemplate":"https:\/\/narteks.net\/?s={search_term_string}"},"query-input":{"@type":"PropertyValueSpecification","valueRequired":true,"valueName":"search_term_string"}}],"inLanguage":"tr"},{"@type":"Organization","@id":"https:\/\/narteks.net\/#organization","name":"narteks.net","url":"https:\/\/narteks.net\/","logo":{"@type":"ImageObject","inLanguage":"tr","@id":"https:\/\/narteks.net\/#\/schema\/logo\/image\/","url":"https:\/\/narteks.net\/wp-content\/uploads\/narteks.png","contentUrl":"https:\/\/narteks.net\/wp-content\/uploads\/narteks.png","width":300,"height":90,"caption":"narteks.net"},"image":{"@id":"https:\/\/narteks.net\/#\/schema\/logo\/image\/"},"sameAs":["https:\/\/x.com\/narteks","https:\/\/instagram.com\/narteksnet"]},{"@type":"Person","@id":"https:\/\/narteks.net\/#\/schema\/person\/61f37d9834294b72d31d274e7ed79bca","name":"Tar\u0131k","image":{"@type":"ImageObject","inLanguage":"tr","@id":"https:\/\/narteks.net\/#\/schema\/person\/image\/","url":"https:\/\/secure.gravatar.com\/avatar\/50865afb55632c4ae467e0af0930f6510aa2297d8014be502a55b14f3b7550cf?s=96&d=mm&r=g","contentUrl":"https:\/\/secure.gravatar.com\/avatar\/50865afb55632c4ae467e0af0930f6510aa2297d8014be502a55b14f3b7550cf?s=96&d=mm&r=g","caption":"Tar\u0131k"},"sameAs":["http:\/\/narteks.net"],"url":"https:\/\/narteks.net\/index.php\/author\/narbak\/"}]}},"_links":{"self":[{"href":"https:\/\/narteks.net\/index.php\/wp-json\/wp\/v2\/posts\/4603","targetHints":{"allow":["GET"]}}],"collection":[{"href":"https:\/\/narteks.net\/index.php\/wp-json\/wp\/v2\/posts"}],"about":[{"href":"https:\/\/narteks.net\/index.php\/wp-json\/wp\/v2\/types\/post"}],"author":[{"embeddable":true,"href":"https:\/\/narteks.net\/index.php\/wp-json\/wp\/v2\/users\/1"}],"replies":[{"embeddable":true,"href":"https:\/\/narteks.net\/index.php\/wp-json\/wp\/v2\/comments?post=4603"}],"version-history":[{"count":0,"href":"https:\/\/narteks.net\/index.php\/wp-json\/wp\/v2\/posts\/4603\/revisions"}],"wp:attachment":[{"href":"https:\/\/narteks.net\/index.php\/wp-json\/wp\/v2\/media?parent=4603"}],"wp:term":[{"taxonomy":"category","embeddable":true,"href":"https:\/\/narteks.net\/index.php\/wp-json\/wp\/v2\/categories?post=4603"},{"taxonomy":"post_tag","embeddable":true,"href":"https:\/\/narteks.net\/index.php\/wp-json\/wp\/v2\/tags?post=4603"}],"curies":[{"name":"wp","href":"https:\/\/api.w.org\/{rel}","templated":true}]}}