{"id":4604,"date":"2010-05-29T09:53:55","date_gmt":"2010-05-29T06:53:55","guid":{"rendered":"http:\/\/localhost\/wordpress\/2010\/05\/29\/yunan-mitolojisinde-kadin-kacirma-aliskanligi-afsar-timucin\/"},"modified":"2010-05-29T09:53:55","modified_gmt":"2010-05-29T06:53:55","slug":"yunan-mitolojisinde-kadin-kacirma-aliskanligi-afsar-timucin","status":"publish","type":"post","link":"https:\/\/narteks.net\/index.php\/2010\/05\/29\/yunan-mitolojisinde-kadin-kacirma-aliskanligi-afsar-timucin\/","title":{"rendered":"Yunan mitolojisinde kad\u0131n ka\u00e7\u0131rma al\u0131\u015fkanl\u0131\u011f\u0131 | Af\u015far Timu\u00e7in"},"content":{"rendered":"<p style=\"text-align: justify;\"><img loading=\"lazy\" decoding=\"async\" src=\"http:\/\/3.bp.blogspot.com\/_0xTabJVYJJw\/S2HgLYqeHhI\/AAAAAAAAABw\/RPX-93LWJhs\/s320\/timucin01.jpg\" border=\"0\" width=\"155\" height=\"205\" style=\"float: left; border: 0;\" \/>Bu kad\u0131n ka\u00e7\u0131rma temas\u0131 rasgele konulmu\u015f de\u011fildir. Herodotos o d\u00f6nemde kad\u0131n ka\u00e7\u0131rma al\u0131\u015fkanl\u0131\u011f\u0131n\u0131n Fenikelilerce ba\u015flat\u0131ld\u0131\u011f\u0131n\u0131 pers kaynaklar\u0131na dayanarak yazar. Fenikeliler K\u0131z\u0131l Deniz\u2019de Herodotos\u2019un \u201cdenizimiz\u201d dedi\u011fi Akdeniz\u2019e \u00e7\u0131k\u0131nca deniz ta\u015f\u0131mac\u0131l\u0131\u011f\u0131na iyiden iyiye a\u011f\u0131rl\u0131k verirler, m\u0131s\u0131r ve asur mallar\u0131n\u0131 yunan k\u0131y\u0131lar\u0131na getirirler. Bu geli\u015fmelerden birinde \u00f6nemli bir olay ya\u015fan\u0131r. Fenikeliler o d\u00f6nemin en g\u00fc\u00e7l\u00fc sitesi olan Argos\u2019da mallar\u0131n\u0131 be\u015f alt\u0131 g\u00fcnde sat\u0131p hemen hemen bitirdiklerinde Argos kral\u0131 \u0130nakhos&#8217;un k\u0131z\u0131 \u0130o arkada\u015flar\u0131yla k\u0131y\u0131ya gelir, geminin yan\u0131nda al\u0131\u015fveri\u015fe ba\u015flar, o s\u0131rada Fenikeliler k\u0131zlar\u0131n \u00fcst\u00fcne at\u0131l\u0131rlar, \u0130o ve birka\u00e7 k\u0131z yakalan\u0131r, \u00f6b\u00fcrleri ka\u00e7arlar. Fenikeliler yakaland\u0131klar\u0131n\u0131 gemiye at\u0131p M\u0131s\u0131r\u2019a g\u00f6t\u00fcr\u00fcrler. Daha sonra Yunanl\u0131lar da Fenike\u2019ye giderler, Tir\u2019de kral\u0131n k\u0131z\u0131n\u0131 ka\u00e7\u0131r\u0131rlar, b\u00f6ylece iki toplum \u00f6de\u015fmi\u015f olur. Ancak Yunanl\u0131lar bununla yetinmezler, Kolkhis kral\u0131 bir kahraman\u0131 Yunanistan\u2019a g\u00f6nderir, k\u0131z\u0131n\u0131n verilmesini ister.<\/p>\n<p style=\"text-align: justify;\">Yunanl\u0131lar bu iste\u011fi olumlu kar\u015f\u0131lamazlar, gelene \u0130o\u2019nun ka\u00e7\u0131r\u0131l\u0131\u015f\u0131n\u0131 anlat\u0131rlar. Daha sonraki ku\u015faktan biri, Truva kral\u0131 Priamos\u2019un o\u011flu Paris olanlar\u0131 \u00f6\u011frendi\u011finde Yunanistan\u2019dan bir kad\u0131n ka\u00e7\u0131rmak ister, Helene\u2019yi ka\u00e7\u0131r\u0131r. Yunanl\u0131lar Helene\u2019nin geri verilmesini isteyince kar\u015f\u0131 taraf Medeia\u2019y\u0131 an\u0131msat\u0131r. Herodotos b\u00fct\u00fcn bu bilgileri Perslerden ald\u0131\u011f\u0131n\u0131 s\u0131k s\u0131k bildirir ve bu olaylar\u0131 \u015f\u00f6yle yorumlar: bir kad\u0131n\u0131 ka\u00e7\u0131rmak haks\u0131zl\u0131kt\u0131r ama bunun intikam\u0131n\u0131 almaya kalkmak \u00e7\u0131lg\u0131nl\u0131kt\u0131r, ayr\u0131ca kad\u0131n istemedik\u00e7e erkek onu ka\u00e7\u0131ramaz. Yunanl\u0131lar ka\u00e7\u0131r\u0131lan bir kad\u0131n i\u00e7in b\u00fcy\u00fck bir sefer d\u00fczenleyerek Asya\u2019ya ge\u00e7mi\u015fler, Priamos\u2019un egemenli\u011fine son vermi\u015flerdir. Persler bunun \u00fczerine Yunanl\u0131lara d\u00fc\u015fman olmu\u015flard\u0131r. Herodotos Truva sava\u015f\u0131n\u0131n geli\u015fimini de efsaneye dayanarak anlat\u0131r.<\/p>\n<p style=\"text-align: justify;\">Zeus\u2019un o\u011flu Paris\u2019i hakem tutarlar. Paris Aphrodite\u2019yi se\u00e7er, \u00e7\u00fcnk\u00fc Aphrodite ona d\u00fcnyan\u0131n en g\u00fczel kad\u0131n\u0131 Helene\u2019yi s\u00f6zvermi\u015ftir. Paris, Menelaos\u2019un kar\u0131s\u0131 Helene\u2019yi ka\u00e7\u0131r\u0131r ve Truva\u2019ya karde\u015fi Agamemnon komutas\u0131nda bir ordu g\u00f6nderir. Mykenai kral\u0131 Agamemnon\u2019un Truva ku\u015fatmas\u0131 on y\u0131l s\u00fcrer ve \u00e7ok zorlu ge\u00e7er. Priamos\u2019un o\u011flu Hektor bu sava\u015fta \u00f6ld\u00fcr\u00fcl\u00fcr. Topu\u011fundan yaralanan Akhilleus da sava\u015fta ya\u015fam\u0131n\u0131 yitirir (Akhilleus yaln\u0131zca topu\u011fundan yaralanabilir: yaralanma tehlikesine kar\u015f\u0131 annesi onu bebekken topu\u011fundan tutup Styks \u0131rma\u011f\u0131na bat\u0131rm\u0131\u015ft\u0131r.) Sava\u015f Odysseus\u2019un bir hilesiyle, i\u00e7inde asker bulunan tahta at\u0131n Truva\u2019ya sokulmas\u0131yla kazan\u0131lm\u0131\u015ft\u0131r. \u0130o\u2019nun ka\u00e7\u0131r\u0131l\u0131\u015f\u0131na gelince Herodotos\u2019a g\u00f6re, o konuda Fenikeliler Persler gibi d\u00fc\u015f\u00fcnmezler: \u0130o geminin patronuyla Argos\u2019ta i\u015fi pi\u015firmi\u015ftir, gebe kald\u0131\u011f\u0131n\u0131 anlay\u0131nca ailesinden utanm\u0131\u015f ve kendi iste\u011fiyle gemiye binmi\u015ftir.<\/p>\n<p>D\u00dc\u015e\u00dcNCE TAR\u0130H\u0130<br \/>Af\u015far Timu\u00e7in<br \/>Bulut Yay\u0131nlar\u0131<br \/>3. Bas\u0131m, 2000<\/p>\n<p>Sf. 155-179<\/p>\n","protected":false},"excerpt":{"rendered":"<p>Bu kad\u0131n ka\u00e7\u0131rma temas\u0131 rasgele konulmu\u015f de\u011fildir. Herodotos o d\u00f6nemde kad\u0131n ka\u00e7\u0131rma al\u0131\u015fkanl\u0131\u011f\u0131n\u0131n Fenikelilerce ba\u015flat\u0131ld\u0131\u011f\u0131n\u0131 pers kaynaklar\u0131na dayanarak yazar. Fenikeliler K\u0131z\u0131l Deniz\u2019de Herodotos\u2019un \u201cdenizimiz\u201d dedi\u011fi Akdeniz\u2019e \u00e7\u0131k\u0131nca deniz ta\u015f\u0131mac\u0131l\u0131\u011f\u0131na iyiden iyiye a\u011f\u0131rl\u0131k verirler, m\u0131s\u0131r ve asur mallar\u0131n\u0131 yunan k\u0131y\u0131lar\u0131na getirirler. Bu geli\u015fmelerden birinde \u00f6nemli bir olay ya\u015fan\u0131r. Fenikeliler o d\u00f6nemin en g\u00fc\u00e7l\u00fc sitesi olan Argos\u2019da [&hellip;]<\/p>\n","protected":false},"author":1,"featured_media":0,"comment_status":"open","ping_status":"open","sticky":false,"template":"","format":"standard","meta":{"footnotes":""},"categories":[139],"tags":[],"class_list":{"0":"post-4604","1":"post","2":"type-post","3":"status-publish","4":"format-standard","6":"category-mitoloji"},"yoast_head":"<!-- This site is optimized with the Yoast SEO Premium plugin v24.9 (Yoast SEO v24.9) - https:\/\/yoast.com\/wordpress\/plugins\/seo\/ -->\n<title>Yunan mitolojisinde kad\u0131n ka\u00e7\u0131rma al\u0131\u015fkanl\u0131\u011f\u0131 | Af\u015far Timu\u00e7in - narteks.net<\/title>\n<meta name=\"robots\" content=\"index, follow, max-snippet:-1, max-image-preview:large, max-video-preview:-1\" \/>\n<link rel=\"canonical\" href=\"https:\/\/narteks.net\/index.php\/2010\/05\/29\/yunan-mitolojisinde-kadin-kacirma-aliskanligi-afsar-timucin\/\" \/>\n<meta property=\"og:locale\" content=\"tr_TR\" \/>\n<meta property=\"og:type\" content=\"article\" \/>\n<meta property=\"og:title\" content=\"Yunan mitolojisinde kad\u0131n ka\u00e7\u0131rma al\u0131\u015fkanl\u0131\u011f\u0131 | Af\u015far Timu\u00e7in\" \/>\n<meta property=\"og:description\" content=\"Bu kad\u0131n ka\u00e7\u0131rma temas\u0131 rasgele konulmu\u015f de\u011fildir. Herodotos o d\u00f6nemde kad\u0131n ka\u00e7\u0131rma al\u0131\u015fkanl\u0131\u011f\u0131n\u0131n Fenikelilerce ba\u015flat\u0131ld\u0131\u011f\u0131n\u0131 pers kaynaklar\u0131na dayanarak yazar. Fenikeliler K\u0131z\u0131l Deniz\u2019de Herodotos\u2019un \u201cdenizimiz\u201d dedi\u011fi Akdeniz\u2019e \u00e7\u0131k\u0131nca deniz ta\u015f\u0131mac\u0131l\u0131\u011f\u0131na iyiden iyiye a\u011f\u0131rl\u0131k verirler, m\u0131s\u0131r ve asur mallar\u0131n\u0131 yunan k\u0131y\u0131lar\u0131na getirirler. Bu geli\u015fmelerden birinde \u00f6nemli bir olay ya\u015fan\u0131r. Fenikeliler o d\u00f6nemin en g\u00fc\u00e7l\u00fc sitesi olan Argos\u2019da [&hellip;]\" \/>\n<meta property=\"og:url\" content=\"https:\/\/narteks.net\/index.php\/2010\/05\/29\/yunan-mitolojisinde-kadin-kacirma-aliskanligi-afsar-timucin\/\" \/>\n<meta property=\"og:site_name\" content=\"narteks.net\" \/>\n<meta property=\"article:published_time\" content=\"2010-05-29T06:53:55+00:00\" \/>\n<meta property=\"og:image\" content=\"http:\/\/3.bp.blogspot.com\/_0xTabJVYJJw\/S2HgLYqeHhI\/AAAAAAAAABw\/RPX-93LWJhs\/s320\/timucin01.jpg\" \/>\n<meta name=\"author\" content=\"Tar\u0131k\" \/>\n<meta name=\"twitter:card\" content=\"summary_large_image\" \/>\n<meta name=\"twitter:creator\" content=\"@narteks\" \/>\n<meta name=\"twitter:site\" content=\"@narteks\" \/>\n<meta name=\"twitter:label1\" content=\"Yazan:\" \/>\n\t<meta name=\"twitter:data1\" content=\"Tar\u0131k\" \/>\n\t<meta name=\"twitter:label2\" content=\"Tahmini okuma s\u00fcresi\" \/>\n\t<meta name=\"twitter:data2\" content=\"3 dakika\" \/>\n<script type=\"application\/ld+json\" class=\"yoast-schema-graph\">{\"@context\":\"https:\/\/schema.org\",\"@graph\":[{\"@type\":\"Article\",\"@id\":\"https:\/\/narteks.net\/index.php\/2010\/05\/29\/yunan-mitolojisinde-kadin-kacirma-aliskanligi-afsar-timucin\/#article\",\"isPartOf\":{\"@id\":\"https:\/\/narteks.net\/index.php\/2010\/05\/29\/yunan-mitolojisinde-kadin-kacirma-aliskanligi-afsar-timucin\/\"},\"author\":{\"name\":\"Tar\u0131k\",\"@id\":\"https:\/\/narteks.net\/#\/schema\/person\/61f37d9834294b72d31d274e7ed79bca\"},\"headline\":\"Yunan mitolojisinde kad\u0131n ka\u00e7\u0131rma al\u0131\u015fkanl\u0131\u011f\u0131 | Af\u015far Timu\u00e7in\",\"datePublished\":\"2010-05-29T06:53:55+00:00\",\"mainEntityOfPage\":{\"@id\":\"https:\/\/narteks.net\/index.php\/2010\/05\/29\/yunan-mitolojisinde-kadin-kacirma-aliskanligi-afsar-timucin\/\"},\"wordCount\":565,\"commentCount\":0,\"publisher\":{\"@id\":\"https:\/\/narteks.net\/#organization\"},\"image\":{\"@id\":\"https:\/\/narteks.net\/index.php\/2010\/05\/29\/yunan-mitolojisinde-kadin-kacirma-aliskanligi-afsar-timucin\/#primaryimage\"},\"thumbnailUrl\":\"http:\/\/3.bp.blogspot.com\/_0xTabJVYJJw\/S2HgLYqeHhI\/AAAAAAAAABw\/RPX-93LWJhs\/s320\/timucin01.jpg\",\"articleSection\":[\"Mitoloji\"],\"inLanguage\":\"tr\",\"potentialAction\":[{\"@type\":\"CommentAction\",\"name\":\"Comment\",\"target\":[\"https:\/\/narteks.net\/index.php\/2010\/05\/29\/yunan-mitolojisinde-kadin-kacirma-aliskanligi-afsar-timucin\/#respond\"]}]},{\"@type\":\"WebPage\",\"@id\":\"https:\/\/narteks.net\/index.php\/2010\/05\/29\/yunan-mitolojisinde-kadin-kacirma-aliskanligi-afsar-timucin\/\",\"url\":\"https:\/\/narteks.net\/index.php\/2010\/05\/29\/yunan-mitolojisinde-kadin-kacirma-aliskanligi-afsar-timucin\/\",\"name\":\"Yunan mitolojisinde kad\u0131n ka\u00e7\u0131rma al\u0131\u015fkanl\u0131\u011f\u0131 | Af\u015far Timu\u00e7in - narteks.net\",\"isPartOf\":{\"@id\":\"https:\/\/narteks.net\/#website\"},\"primaryImageOfPage\":{\"@id\":\"https:\/\/narteks.net\/index.php\/2010\/05\/29\/yunan-mitolojisinde-kadin-kacirma-aliskanligi-afsar-timucin\/#primaryimage\"},\"image\":{\"@id\":\"https:\/\/narteks.net\/index.php\/2010\/05\/29\/yunan-mitolojisinde-kadin-kacirma-aliskanligi-afsar-timucin\/#primaryimage\"},\"thumbnailUrl\":\"http:\/\/3.bp.blogspot.com\/_0xTabJVYJJw\/S2HgLYqeHhI\/AAAAAAAAABw\/RPX-93LWJhs\/s320\/timucin01.jpg\",\"datePublished\":\"2010-05-29T06:53:55+00:00\",\"breadcrumb\":{\"@id\":\"https:\/\/narteks.net\/index.php\/2010\/05\/29\/yunan-mitolojisinde-kadin-kacirma-aliskanligi-afsar-timucin\/#breadcrumb\"},\"inLanguage\":\"tr\",\"potentialAction\":[{\"@type\":\"ReadAction\",\"target\":[\"https:\/\/narteks.net\/index.php\/2010\/05\/29\/yunan-mitolojisinde-kadin-kacirma-aliskanligi-afsar-timucin\/\"]}]},{\"@type\":\"ImageObject\",\"inLanguage\":\"tr\",\"@id\":\"https:\/\/narteks.net\/index.php\/2010\/05\/29\/yunan-mitolojisinde-kadin-kacirma-aliskanligi-afsar-timucin\/#primaryimage\",\"url\":\"http:\/\/3.bp.blogspot.com\/_0xTabJVYJJw\/S2HgLYqeHhI\/AAAAAAAAABw\/RPX-93LWJhs\/s320\/timucin01.jpg\",\"contentUrl\":\"http:\/\/3.bp.blogspot.com\/_0xTabJVYJJw\/S2HgLYqeHhI\/AAAAAAAAABw\/RPX-93LWJhs\/s320\/timucin01.jpg\"},{\"@type\":\"BreadcrumbList\",\"@id\":\"https:\/\/narteks.net\/index.php\/2010\/05\/29\/yunan-mitolojisinde-kadin-kacirma-aliskanligi-afsar-timucin\/#breadcrumb\",\"itemListElement\":[{\"@type\":\"ListItem\",\"position\":1,\"name\":\"Anasayfa\",\"item\":\"https:\/\/narteks.net\/\"},{\"@type\":\"ListItem\",\"position\":2,\"name\":\"Yunan mitolojisinde kad\u0131n ka\u00e7\u0131rma al\u0131\u015fkanl\u0131\u011f\u0131 | Af\u015far Timu\u00e7in\"}]},{\"@type\":\"WebSite\",\"@id\":\"https:\/\/narteks.net\/#website\",\"url\":\"https:\/\/narteks.net\/\",\"name\":\"narteks.net\",\"description\":\"K\u00fclt\u00fcr Sanat Edebiyat Felsefe\",\"publisher\":{\"@id\":\"https:\/\/narteks.net\/#organization\"},\"alternateName\":\"K\u00fclt\u00fcr Sanat Edebiyat Felsefe\",\"potentialAction\":[{\"@type\":\"SearchAction\",\"target\":{\"@type\":\"EntryPoint\",\"urlTemplate\":\"https:\/\/narteks.net\/?s={search_term_string}\"},\"query-input\":{\"@type\":\"PropertyValueSpecification\",\"valueRequired\":true,\"valueName\":\"search_term_string\"}}],\"inLanguage\":\"tr\"},{\"@type\":\"Organization\",\"@id\":\"https:\/\/narteks.net\/#organization\",\"name\":\"narteks.net\",\"url\":\"https:\/\/narteks.net\/\",\"logo\":{\"@type\":\"ImageObject\",\"inLanguage\":\"tr\",\"@id\":\"https:\/\/narteks.net\/#\/schema\/logo\/image\/\",\"url\":\"https:\/\/narteks.net\/wp-content\/uploads\/narteks.png\",\"contentUrl\":\"https:\/\/narteks.net\/wp-content\/uploads\/narteks.png\",\"width\":300,\"height\":90,\"caption\":\"narteks.net\"},\"image\":{\"@id\":\"https:\/\/narteks.net\/#\/schema\/logo\/image\/\"},\"sameAs\":[\"https:\/\/x.com\/narteks\",\"https:\/\/instagram.com\/narteksnet\"]},{\"@type\":\"Person\",\"@id\":\"https:\/\/narteks.net\/#\/schema\/person\/61f37d9834294b72d31d274e7ed79bca\",\"name\":\"Tar\u0131k\",\"image\":{\"@type\":\"ImageObject\",\"inLanguage\":\"tr\",\"@id\":\"https:\/\/narteks.net\/#\/schema\/person\/image\/\",\"url\":\"https:\/\/secure.gravatar.com\/avatar\/50865afb55632c4ae467e0af0930f6510aa2297d8014be502a55b14f3b7550cf?s=96&d=mm&r=g\",\"contentUrl\":\"https:\/\/secure.gravatar.com\/avatar\/50865afb55632c4ae467e0af0930f6510aa2297d8014be502a55b14f3b7550cf?s=96&d=mm&r=g\",\"caption\":\"Tar\u0131k\"},\"sameAs\":[\"http:\/\/narteks.net\"],\"url\":\"https:\/\/narteks.net\/index.php\/author\/narbak\/\"}]}<\/script>\n<!-- \/ Yoast SEO Premium plugin. -->","yoast_head_json":{"title":"Yunan mitolojisinde kad\u0131n ka\u00e7\u0131rma al\u0131\u015fkanl\u0131\u011f\u0131 | Af\u015far Timu\u00e7in - narteks.net","robots":{"index":"index","follow":"follow","max-snippet":"max-snippet:-1","max-image-preview":"max-image-preview:large","max-video-preview":"max-video-preview:-1"},"canonical":"https:\/\/narteks.net\/index.php\/2010\/05\/29\/yunan-mitolojisinde-kadin-kacirma-aliskanligi-afsar-timucin\/","og_locale":"tr_TR","og_type":"article","og_title":"Yunan mitolojisinde kad\u0131n ka\u00e7\u0131rma al\u0131\u015fkanl\u0131\u011f\u0131 | Af\u015far Timu\u00e7in","og_description":"Bu kad\u0131n ka\u00e7\u0131rma temas\u0131 rasgele konulmu\u015f de\u011fildir. Herodotos o d\u00f6nemde kad\u0131n ka\u00e7\u0131rma al\u0131\u015fkanl\u0131\u011f\u0131n\u0131n Fenikelilerce ba\u015flat\u0131ld\u0131\u011f\u0131n\u0131 pers kaynaklar\u0131na dayanarak yazar. Fenikeliler K\u0131z\u0131l Deniz\u2019de Herodotos\u2019un \u201cdenizimiz\u201d dedi\u011fi Akdeniz\u2019e \u00e7\u0131k\u0131nca deniz ta\u015f\u0131mac\u0131l\u0131\u011f\u0131na iyiden iyiye a\u011f\u0131rl\u0131k verirler, m\u0131s\u0131r ve asur mallar\u0131n\u0131 yunan k\u0131y\u0131lar\u0131na getirirler. Bu geli\u015fmelerden birinde \u00f6nemli bir olay ya\u015fan\u0131r. Fenikeliler o d\u00f6nemin en g\u00fc\u00e7l\u00fc sitesi olan Argos\u2019da [&hellip;]","og_url":"https:\/\/narteks.net\/index.php\/2010\/05\/29\/yunan-mitolojisinde-kadin-kacirma-aliskanligi-afsar-timucin\/","og_site_name":"narteks.net","article_published_time":"2010-05-29T06:53:55+00:00","og_image":[{"url":"http:\/\/3.bp.blogspot.com\/_0xTabJVYJJw\/S2HgLYqeHhI\/AAAAAAAAABw\/RPX-93LWJhs\/s320\/timucin01.jpg","type":"","width":"","height":""}],"author":"Tar\u0131k","twitter_card":"summary_large_image","twitter_creator":"@narteks","twitter_site":"@narteks","twitter_misc":{"Yazan:":"Tar\u0131k","Tahmini okuma s\u00fcresi":"3 dakika"},"schema":{"@context":"https:\/\/schema.org","@graph":[{"@type":"Article","@id":"https:\/\/narteks.net\/index.php\/2010\/05\/29\/yunan-mitolojisinde-kadin-kacirma-aliskanligi-afsar-timucin\/#article","isPartOf":{"@id":"https:\/\/narteks.net\/index.php\/2010\/05\/29\/yunan-mitolojisinde-kadin-kacirma-aliskanligi-afsar-timucin\/"},"author":{"name":"Tar\u0131k","@id":"https:\/\/narteks.net\/#\/schema\/person\/61f37d9834294b72d31d274e7ed79bca"},"headline":"Yunan mitolojisinde kad\u0131n ka\u00e7\u0131rma al\u0131\u015fkanl\u0131\u011f\u0131 | Af\u015far Timu\u00e7in","datePublished":"2010-05-29T06:53:55+00:00","mainEntityOfPage":{"@id":"https:\/\/narteks.net\/index.php\/2010\/05\/29\/yunan-mitolojisinde-kadin-kacirma-aliskanligi-afsar-timucin\/"},"wordCount":565,"commentCount":0,"publisher":{"@id":"https:\/\/narteks.net\/#organization"},"image":{"@id":"https:\/\/narteks.net\/index.php\/2010\/05\/29\/yunan-mitolojisinde-kadin-kacirma-aliskanligi-afsar-timucin\/#primaryimage"},"thumbnailUrl":"http:\/\/3.bp.blogspot.com\/_0xTabJVYJJw\/S2HgLYqeHhI\/AAAAAAAAABw\/RPX-93LWJhs\/s320\/timucin01.jpg","articleSection":["Mitoloji"],"inLanguage":"tr","potentialAction":[{"@type":"CommentAction","name":"Comment","target":["https:\/\/narteks.net\/index.php\/2010\/05\/29\/yunan-mitolojisinde-kadin-kacirma-aliskanligi-afsar-timucin\/#respond"]}]},{"@type":"WebPage","@id":"https:\/\/narteks.net\/index.php\/2010\/05\/29\/yunan-mitolojisinde-kadin-kacirma-aliskanligi-afsar-timucin\/","url":"https:\/\/narteks.net\/index.php\/2010\/05\/29\/yunan-mitolojisinde-kadin-kacirma-aliskanligi-afsar-timucin\/","name":"Yunan mitolojisinde kad\u0131n ka\u00e7\u0131rma al\u0131\u015fkanl\u0131\u011f\u0131 | Af\u015far Timu\u00e7in - narteks.net","isPartOf":{"@id":"https:\/\/narteks.net\/#website"},"primaryImageOfPage":{"@id":"https:\/\/narteks.net\/index.php\/2010\/05\/29\/yunan-mitolojisinde-kadin-kacirma-aliskanligi-afsar-timucin\/#primaryimage"},"image":{"@id":"https:\/\/narteks.net\/index.php\/2010\/05\/29\/yunan-mitolojisinde-kadin-kacirma-aliskanligi-afsar-timucin\/#primaryimage"},"thumbnailUrl":"http:\/\/3.bp.blogspot.com\/_0xTabJVYJJw\/S2HgLYqeHhI\/AAAAAAAAABw\/RPX-93LWJhs\/s320\/timucin01.jpg","datePublished":"2010-05-29T06:53:55+00:00","breadcrumb":{"@id":"https:\/\/narteks.net\/index.php\/2010\/05\/29\/yunan-mitolojisinde-kadin-kacirma-aliskanligi-afsar-timucin\/#breadcrumb"},"inLanguage":"tr","potentialAction":[{"@type":"ReadAction","target":["https:\/\/narteks.net\/index.php\/2010\/05\/29\/yunan-mitolojisinde-kadin-kacirma-aliskanligi-afsar-timucin\/"]}]},{"@type":"ImageObject","inLanguage":"tr","@id":"https:\/\/narteks.net\/index.php\/2010\/05\/29\/yunan-mitolojisinde-kadin-kacirma-aliskanligi-afsar-timucin\/#primaryimage","url":"http:\/\/3.bp.blogspot.com\/_0xTabJVYJJw\/S2HgLYqeHhI\/AAAAAAAAABw\/RPX-93LWJhs\/s320\/timucin01.jpg","contentUrl":"http:\/\/3.bp.blogspot.com\/_0xTabJVYJJw\/S2HgLYqeHhI\/AAAAAAAAABw\/RPX-93LWJhs\/s320\/timucin01.jpg"},{"@type":"BreadcrumbList","@id":"https:\/\/narteks.net\/index.php\/2010\/05\/29\/yunan-mitolojisinde-kadin-kacirma-aliskanligi-afsar-timucin\/#breadcrumb","itemListElement":[{"@type":"ListItem","position":1,"name":"Anasayfa","item":"https:\/\/narteks.net\/"},{"@type":"ListItem","position":2,"name":"Yunan mitolojisinde kad\u0131n ka\u00e7\u0131rma al\u0131\u015fkanl\u0131\u011f\u0131 | Af\u015far Timu\u00e7in"}]},{"@type":"WebSite","@id":"https:\/\/narteks.net\/#website","url":"https:\/\/narteks.net\/","name":"narteks.net","description":"K\u00fclt\u00fcr Sanat Edebiyat Felsefe","publisher":{"@id":"https:\/\/narteks.net\/#organization"},"alternateName":"K\u00fclt\u00fcr Sanat Edebiyat Felsefe","potentialAction":[{"@type":"SearchAction","target":{"@type":"EntryPoint","urlTemplate":"https:\/\/narteks.net\/?s={search_term_string}"},"query-input":{"@type":"PropertyValueSpecification","valueRequired":true,"valueName":"search_term_string"}}],"inLanguage":"tr"},{"@type":"Organization","@id":"https:\/\/narteks.net\/#organization","name":"narteks.net","url":"https:\/\/narteks.net\/","logo":{"@type":"ImageObject","inLanguage":"tr","@id":"https:\/\/narteks.net\/#\/schema\/logo\/image\/","url":"https:\/\/narteks.net\/wp-content\/uploads\/narteks.png","contentUrl":"https:\/\/narteks.net\/wp-content\/uploads\/narteks.png","width":300,"height":90,"caption":"narteks.net"},"image":{"@id":"https:\/\/narteks.net\/#\/schema\/logo\/image\/"},"sameAs":["https:\/\/x.com\/narteks","https:\/\/instagram.com\/narteksnet"]},{"@type":"Person","@id":"https:\/\/narteks.net\/#\/schema\/person\/61f37d9834294b72d31d274e7ed79bca","name":"Tar\u0131k","image":{"@type":"ImageObject","inLanguage":"tr","@id":"https:\/\/narteks.net\/#\/schema\/person\/image\/","url":"https:\/\/secure.gravatar.com\/avatar\/50865afb55632c4ae467e0af0930f6510aa2297d8014be502a55b14f3b7550cf?s=96&d=mm&r=g","contentUrl":"https:\/\/secure.gravatar.com\/avatar\/50865afb55632c4ae467e0af0930f6510aa2297d8014be502a55b14f3b7550cf?s=96&d=mm&r=g","caption":"Tar\u0131k"},"sameAs":["http:\/\/narteks.net"],"url":"https:\/\/narteks.net\/index.php\/author\/narbak\/"}]}},"_links":{"self":[{"href":"https:\/\/narteks.net\/index.php\/wp-json\/wp\/v2\/posts\/4604","targetHints":{"allow":["GET"]}}],"collection":[{"href":"https:\/\/narteks.net\/index.php\/wp-json\/wp\/v2\/posts"}],"about":[{"href":"https:\/\/narteks.net\/index.php\/wp-json\/wp\/v2\/types\/post"}],"author":[{"embeddable":true,"href":"https:\/\/narteks.net\/index.php\/wp-json\/wp\/v2\/users\/1"}],"replies":[{"embeddable":true,"href":"https:\/\/narteks.net\/index.php\/wp-json\/wp\/v2\/comments?post=4604"}],"version-history":[{"count":0,"href":"https:\/\/narteks.net\/index.php\/wp-json\/wp\/v2\/posts\/4604\/revisions"}],"wp:attachment":[{"href":"https:\/\/narteks.net\/index.php\/wp-json\/wp\/v2\/media?parent=4604"}],"wp:term":[{"taxonomy":"category","embeddable":true,"href":"https:\/\/narteks.net\/index.php\/wp-json\/wp\/v2\/categories?post=4604"},{"taxonomy":"post_tag","embeddable":true,"href":"https:\/\/narteks.net\/index.php\/wp-json\/wp\/v2\/tags?post=4604"}],"curies":[{"name":"wp","href":"https:\/\/api.w.org\/{rel}","templated":true}]}}