{"id":4605,"date":"2010-05-29T10:09:55","date_gmt":"2010-05-29T07:09:55","guid":{"rendered":"http:\/\/localhost\/wordpress\/2010\/05\/29\/narsisizm-sozcugunun-koken-aldigi-narkissosun-mitolojik-oykusu\/"},"modified":"2010-05-29T10:09:55","modified_gmt":"2010-05-29T07:09:55","slug":"narsisizm-sozcugunun-koken-aldigi-narkissosun-mitolojik-oykusu","status":"publish","type":"post","link":"https:\/\/narteks.net\/index.php\/2010\/05\/29\/narsisizm-sozcugunun-koken-aldigi-narkissosun-mitolojik-oykusu\/","title":{"rendered":"Narsisizm s\u00f6zc\u00fc\u011f\u00fcn\u00fcn k\u00f6ken ald\u0131\u011f\u0131 narkissos&#8217;un mitolojik \u00f6yk\u00fcs\u00fc"},"content":{"rendered":"<p style=\"text-align: justify;\"><img loading=\"lazy\" decoding=\"async\" src=\"http:\/\/www.narsisizm.com\/images\/narsizm.jpg\" border=\"0\" width=\"155\" height=\"205\" style=\"float: left;\" \/>Mitolojiye g\u00f6re, d\u00fcnya \u00fczerinde bir\u00e7ok tanr\u0131 bulunmaktayd\u0131. Bunlar \u00e7e\u015fitli do\u011fa olaylar\u0131ndan ya da canl\u0131-cans\u0131z varl\u0131klar\u0131n kontrol\u00fcnden, davran\u0131\u015flar\u0131ndan sorumluydular. \u0130nan\u0131\u015fa g\u00f6re bu tanr\u0131lar insan \u015feklindeydi ve insanlarla ili\u015fki i\u00e7ine de girerlerdi.<\/p>\n<p style=\"text-align: justify;\">Size narsisizm s\u00f6zc\u00fc\u011f\u00fcn\u00fcn k\u00f6ken ald\u0131\u011f\u0131 narkissos&#8217;un mitolojik \u00f6yk\u00fcs\u00fcn\u00fc aktaraca\u011f\u0131z. Kendine a\u015f\u0131k olanlara ald\u0131rmay\u0131p, onlar\u0131 kar\u015f\u0131l\u0131ks\u0131z b\u0131rakan ve \u00e7ok g\u00fczel bir peri k\u0131z\u0131 olan Ekho, bir g\u00fcn avlanan bir avc\u0131 g\u00f6r\u00fcr. Narkissos ad\u0131ndaki bu avc\u0131 \u00e7ok yak\u0131\u015f\u0131kl\u0131d\u0131r. Ekho bu gen\u00e7 avc\u0131ya ilk g\u00f6r\u00fc\u015fte a\u015f\u0131k olur. Ancak Narkissos bu sevgiye kar\u015f\u0131l\u0131k vermeyerek, peri k\u0131z\u0131n\u0131n yan\u0131ndan uzakla\u015f\u0131r. Ekho bu durum kar\u015f\u0131s\u0131nda g\u00fcnden g\u00fcne eriyerek, kara sevda ile i\u00e7ine kapanarak \u00f6l\u00fcr . B\u00fct\u00fcn v\u00fccudundan arta kalan kemikleri kayalara, sesi ise bu kayalarda &#8216;eko&#8217; dedi\u011fimiz yank\u0131lara d\u00f6n\u00fc\u015f\u00fcr.Olimpos da\u011f\u0131nda oturan tanr\u0131lar bu duruma \u00e7ok k\u0131zarlar ve Narkissosu cezaland\u0131rmaya karar verirler. Gene g\u00fcnlerden bir g\u00fcn av izindeki Narkissos susam\u0131\u015f ve bitkin bir \u015fekilde bir nehir kenar\u0131na gelir. Buradan su i\u00e7mek i\u00e7in e\u011fildi\u011finde, sudan yans\u0131yan kendi y\u00fcz\u00fc ve v\u00fccudunun g\u00fczelli\u011fini g\u00f6r\u00fcr. O da daha \u00f6nce fark edemedi\u011fi bu g\u00fczellik kar\u015f\u0131s\u0131nda adeta b\u00fcy\u00fclenir. Yerinden kalkamaz, kendine a\u015f\u0131k olmu\u015ftur. O ana dek kimseyi sevmedi\u011fi kadar, sevmi\u015ftir kendi g\u00f6r\u00fcnt\u00fcs\u00fcn\u00fc . O \u015fekilde orada ne su i\u00e7ebilir, ne de yemek yiyebilir, ayni Ekho gibi Narkissos ta g\u00fcnden g\u00fcne erimeye ba\u015flar ve orada sadece kendini seyrederek \u00f6mr\u00fcn\u00fc t\u00fcketir. \u00d6ld\u00fckten sonra da v\u00fccudu nergis \u00e7i\u00e7eklerine d\u00f6n\u00fc\u015f\u00fcr.<\/p>\n<p>Yunan mitolojisinde Narkissos ad\u0131yla s\u00f6z\u00fc edilen, ad\u0131n\u0131 narsizme, narkoza, bir \u00e7i\u00e7ek familyas\u0131na (nergisgiller) ve bir \u00e7i\u00e7e\u011fe vermi\u015f olan Narsis (ya da Narkissos), Klasik Mitoloji&#8217;deki bir kahraman olup, \u00f6yk\u00fcs\u00fcn\u00fcn kayna\u011f\u0131 eski Yunanistan\u2019daki Eleusis misterleri\u00a0 inisiyasyonudur.<\/p>\n<p>Narsis\u2019in \u00f6yk\u00fcs\u00fc k\u0131saca \u015f\u00f6yle anlat\u0131l\u0131r: Narsis, \u0131rmak ilah\u0131 Kephissos ile ar\u0131nd\u0131r\u0131c\u0131 sular\u0131n bek\u00e7i perisi Liriope\u2019nin o\u011flu olarak do\u011far. Bir kahin, ebeveynine Narsis\u2019in d\u00fcnyada, kendi y\u00fcz\u00fcn\u00fc g\u00f6rmedi\u011fi s\u00fcrece ya\u015fayaca\u011f\u0131n\u0131 bildirir. Narsis bir g\u00fcn bir su birikintisine d\u00f6k\u00fclen bir kayna\u011f\u0131n yan\u0131na gelir ve su birikintisine do\u011fru e\u011filerek oradaki sudan i\u00e7meye ba\u015flar. Do\u011fal olarak, bu s\u0131rada, birikintide yans\u0131yan y\u00fcz\u00fcn\u00fc g\u00f6r\u00fcr. Kendi y\u00fcz\u00fcn\u00fc g\u00f6r\u00fcnce \u00f6nce \u015fa\u015fk\u0131nl\u0131\u011fa d\u00fc\u015fer, sonra kendini hayranl\u0131kla seyre dalar ve kendisine \u00e2\u015f\u0131k olur. Bu seyirden kendisini bir t\u00fcrl\u00fc alamayan Narsis gitgide hissizle\u015fir, d\u00fcnya ya\u015fam\u0131na g\u00f6zlerini yumar ve bulundu\u011fu yere k\u00f6k salarak a\u00e7\u0131lm\u0131\u015f bir \u00e7i\u00e7e\u011fe d\u00f6n\u00fc\u015f\u00fcr. Bu \u00e7i\u00e7ek, g\u00fcne\u015f gibi, sar\u0131 g\u00f6bekli, beyaz yaprakl\u0131, \u00e7evresine g\u00fczel kokular yayan bir \u00e7i\u00e7ektir. \u00d6l\u00fcm\u00fcnden sonra Styx nehrinin sular\u0131na kat\u0131l\u0131r.<\/p>\n<p>Narsis\u2019in \u00f6yk\u00fcs\u00fcndeki sembolizm \u015f\u00f6yle a\u00e7\u0131klan\u0131r:<\/p>\n<p> * Narsis\u2019in suda kendisini g\u00f6rmesi ve kendisine \u00e2\u015f\u0131k olmas\u0131, inisiyenin \u00f6nceden d\u0131\u015far\u0131da arad\u0131\u011f\u0131 en b\u00fcy\u00fck s\u0131rr\u0131n, hakimiyet asas\u0131n\u0131n, bilgelik anahtar\u0131n\u0131n kendi i\u00e7inde oldu\u011funu farketmesini, i\u00e7indeki \u201cspirit\u00fcel tesir\u201d kanal\u0131n\u0131 ke\u015ffetmesini simgeler.<br \/> * Narsis\u2019in gitgide hissizle\u015fmesi ve d\u00fcnya ya\u015fam\u0131na g\u00f6zlerini kapamas\u0131nda, d\u00fcnyasal isteklerden t\u00fcm\u00fcyle uzakla\u015fmas\u0131, ba\u015fka insanlar\u0131n \u00f6nem verdi\u011fi d\u00fcnyasal, maddi de\u011ferlerin kendisi i\u00e7in art\u0131k hi\u00e7bir \u015fey ifade etmemesi simgelenir.<br \/> * \u00c7i\u00e7ek ve \u00e7i\u00e7e\u011fin a\u00e7\u0131lmas\u0131 varl\u0131\u011f\u0131n \u201cspirit\u00fcel tesir\u201di kendi ba\u015f\u0131na (inisiyat\u00f6r\u00fc olmadan) \u00e7ekip aktarabilecek duruma gelmesini simgeler. (\u00c7i\u00e7ek t\u00fcm ezoterik ekollerde ayn\u0131 anlamda kullan\u0131lm\u0131\u015ft\u0131r; nergisin yerini kimi ezoterik ekollerde g\u00fcl, kimilerinde lotus alm\u0131\u015ft\u0131r.) Ald\u0131\u011f\u0131n\u0131 \u00e7evresine yaymas\u0131, rengi ve bi\u00e7imi k\u00fc\u00e7\u00fck bir g\u00fcne\u015fi and\u0131ran nergis \u00e7i\u00e7e\u011fiyle ifade edilmi\u015ftir.<br \/> * Ald\u0131\u011f\u0131 spirit\u00fcel tesir, burada, tesirin t\u00fcm tradisyonlarda en \u00e7ok kullan\u0131lan sembol\u00fc olan, i\u00e7ti\u011fi su ile simgelenmi\u015ftir.<br \/> * \u00d6len \u00e7i\u00e7e\u011fin \u0131rma\u011fa kat\u0131lmas\u0131nda ise, spirit\u00fcel tesirin kayna\u011f\u0131 ile \u00f6zde\u015f olma, spirit\u00fcel tesir zincirinin bir halkas\u0131 olma simgelenir.<\/p>\n","protected":false},"excerpt":{"rendered":"<p>Mitolojiye g\u00f6re, d\u00fcnya \u00fczerinde bir\u00e7ok tanr\u0131 bulunmaktayd\u0131. Bunlar \u00e7e\u015fitli do\u011fa olaylar\u0131ndan ya da canl\u0131-cans\u0131z varl\u0131klar\u0131n kontrol\u00fcnden, davran\u0131\u015flar\u0131ndan sorumluydular. \u0130nan\u0131\u015fa g\u00f6re bu tanr\u0131lar insan \u015feklindeydi ve insanlarla ili\u015fki i\u00e7ine de girerlerdi. Size narsisizm s\u00f6zc\u00fc\u011f\u00fcn\u00fcn k\u00f6ken ald\u0131\u011f\u0131 narkissos&#8217;un mitolojik \u00f6yk\u00fcs\u00fcn\u00fc aktaraca\u011f\u0131z. Kendine a\u015f\u0131k olanlara ald\u0131rmay\u0131p, onlar\u0131 kar\u015f\u0131l\u0131ks\u0131z b\u0131rakan ve \u00e7ok g\u00fczel bir peri k\u0131z\u0131 olan Ekho, bir [&hellip;]<\/p>\n","protected":false},"author":1,"featured_media":0,"comment_status":"open","ping_status":"open","sticky":false,"template":"","format":"standard","meta":{"footnotes":""},"categories":[139],"tags":[],"class_list":{"0":"post-4605","1":"post","2":"type-post","3":"status-publish","4":"format-standard","6":"category-mitoloji"},"yoast_head":"<!-- This site is optimized with the Yoast SEO Premium plugin v24.9 (Yoast SEO v24.9) - https:\/\/yoast.com\/wordpress\/plugins\/seo\/ -->\n<title>Narsisizm s\u00f6zc\u00fc\u011f\u00fcn\u00fcn k\u00f6ken ald\u0131\u011f\u0131 narkissos&#039;un mitolojik \u00f6yk\u00fcs\u00fc - narteks.net<\/title>\n<meta name=\"robots\" content=\"index, follow, max-snippet:-1, max-image-preview:large, max-video-preview:-1\" \/>\n<link rel=\"canonical\" href=\"https:\/\/narteks.net\/index.php\/2010\/05\/29\/narsisizm-sozcugunun-koken-aldigi-narkissosun-mitolojik-oykusu\/\" \/>\n<meta property=\"og:locale\" content=\"tr_TR\" \/>\n<meta property=\"og:type\" content=\"article\" \/>\n<meta property=\"og:title\" content=\"Narsisizm s\u00f6zc\u00fc\u011f\u00fcn\u00fcn k\u00f6ken ald\u0131\u011f\u0131 narkissos&#039;un mitolojik \u00f6yk\u00fcs\u00fc\" \/>\n<meta property=\"og:description\" content=\"Mitolojiye g\u00f6re, d\u00fcnya \u00fczerinde bir\u00e7ok tanr\u0131 bulunmaktayd\u0131. Bunlar \u00e7e\u015fitli do\u011fa olaylar\u0131ndan ya da canl\u0131-cans\u0131z varl\u0131klar\u0131n kontrol\u00fcnden, davran\u0131\u015flar\u0131ndan sorumluydular. \u0130nan\u0131\u015fa g\u00f6re bu tanr\u0131lar insan \u015feklindeydi ve insanlarla ili\u015fki i\u00e7ine de girerlerdi. Size narsisizm s\u00f6zc\u00fc\u011f\u00fcn\u00fcn k\u00f6ken ald\u0131\u011f\u0131 narkissos&#8217;un mitolojik \u00f6yk\u00fcs\u00fcn\u00fc aktaraca\u011f\u0131z. Kendine a\u015f\u0131k olanlara ald\u0131rmay\u0131p, onlar\u0131 kar\u015f\u0131l\u0131ks\u0131z b\u0131rakan ve \u00e7ok g\u00fczel bir peri k\u0131z\u0131 olan Ekho, bir [&hellip;]\" \/>\n<meta property=\"og:url\" content=\"https:\/\/narteks.net\/index.php\/2010\/05\/29\/narsisizm-sozcugunun-koken-aldigi-narkissosun-mitolojik-oykusu\/\" \/>\n<meta property=\"og:site_name\" content=\"narteks.net\" \/>\n<meta property=\"article:published_time\" content=\"2010-05-29T07:09:55+00:00\" \/>\n<meta property=\"og:image\" content=\"http:\/\/www.narsisizm.com\/images\/narsizm.jpg\" \/>\n<meta name=\"author\" content=\"Tar\u0131k\" \/>\n<meta name=\"twitter:card\" content=\"summary_large_image\" \/>\n<meta name=\"twitter:creator\" content=\"@narteks\" \/>\n<meta name=\"twitter:site\" content=\"@narteks\" \/>\n<meta name=\"twitter:label1\" content=\"Yazan:\" \/>\n\t<meta name=\"twitter:data1\" content=\"Tar\u0131k\" \/>\n\t<meta name=\"twitter:label2\" content=\"Tahmini okuma s\u00fcresi\" \/>\n\t<meta name=\"twitter:data2\" content=\"4 dakika\" \/>\n<script type=\"application\/ld+json\" class=\"yoast-schema-graph\">{\"@context\":\"https:\/\/schema.org\",\"@graph\":[{\"@type\":\"Article\",\"@id\":\"https:\/\/narteks.net\/index.php\/2010\/05\/29\/narsisizm-sozcugunun-koken-aldigi-narkissosun-mitolojik-oykusu\/#article\",\"isPartOf\":{\"@id\":\"https:\/\/narteks.net\/index.php\/2010\/05\/29\/narsisizm-sozcugunun-koken-aldigi-narkissosun-mitolojik-oykusu\/\"},\"author\":{\"name\":\"Tar\u0131k\",\"@id\":\"https:\/\/narteks.net\/#\/schema\/person\/61f37d9834294b72d31d274e7ed79bca\"},\"headline\":\"Narsisizm s\u00f6zc\u00fc\u011f\u00fcn\u00fcn k\u00f6ken ald\u0131\u011f\u0131 narkissos&#8217;un mitolojik \u00f6yk\u00fcs\u00fc\",\"datePublished\":\"2010-05-29T07:09:55+00:00\",\"mainEntityOfPage\":{\"@id\":\"https:\/\/narteks.net\/index.php\/2010\/05\/29\/narsisizm-sozcugunun-koken-aldigi-narkissosun-mitolojik-oykusu\/\"},\"wordCount\":782,\"commentCount\":0,\"publisher\":{\"@id\":\"https:\/\/narteks.net\/#organization\"},\"image\":{\"@id\":\"https:\/\/narteks.net\/index.php\/2010\/05\/29\/narsisizm-sozcugunun-koken-aldigi-narkissosun-mitolojik-oykusu\/#primaryimage\"},\"thumbnailUrl\":\"http:\/\/www.narsisizm.com\/images\/narsizm.jpg\",\"articleSection\":[\"Mitoloji\"],\"inLanguage\":\"tr\",\"potentialAction\":[{\"@type\":\"CommentAction\",\"name\":\"Comment\",\"target\":[\"https:\/\/narteks.net\/index.php\/2010\/05\/29\/narsisizm-sozcugunun-koken-aldigi-narkissosun-mitolojik-oykusu\/#respond\"]}]},{\"@type\":\"WebPage\",\"@id\":\"https:\/\/narteks.net\/index.php\/2010\/05\/29\/narsisizm-sozcugunun-koken-aldigi-narkissosun-mitolojik-oykusu\/\",\"url\":\"https:\/\/narteks.net\/index.php\/2010\/05\/29\/narsisizm-sozcugunun-koken-aldigi-narkissosun-mitolojik-oykusu\/\",\"name\":\"Narsisizm s\u00f6zc\u00fc\u011f\u00fcn\u00fcn k\u00f6ken ald\u0131\u011f\u0131 narkissos'un mitolojik \u00f6yk\u00fcs\u00fc - narteks.net\",\"isPartOf\":{\"@id\":\"https:\/\/narteks.net\/#website\"},\"primaryImageOfPage\":{\"@id\":\"https:\/\/narteks.net\/index.php\/2010\/05\/29\/narsisizm-sozcugunun-koken-aldigi-narkissosun-mitolojik-oykusu\/#primaryimage\"},\"image\":{\"@id\":\"https:\/\/narteks.net\/index.php\/2010\/05\/29\/narsisizm-sozcugunun-koken-aldigi-narkissosun-mitolojik-oykusu\/#primaryimage\"},\"thumbnailUrl\":\"http:\/\/www.narsisizm.com\/images\/narsizm.jpg\",\"datePublished\":\"2010-05-29T07:09:55+00:00\",\"breadcrumb\":{\"@id\":\"https:\/\/narteks.net\/index.php\/2010\/05\/29\/narsisizm-sozcugunun-koken-aldigi-narkissosun-mitolojik-oykusu\/#breadcrumb\"},\"inLanguage\":\"tr\",\"potentialAction\":[{\"@type\":\"ReadAction\",\"target\":[\"https:\/\/narteks.net\/index.php\/2010\/05\/29\/narsisizm-sozcugunun-koken-aldigi-narkissosun-mitolojik-oykusu\/\"]}]},{\"@type\":\"ImageObject\",\"inLanguage\":\"tr\",\"@id\":\"https:\/\/narteks.net\/index.php\/2010\/05\/29\/narsisizm-sozcugunun-koken-aldigi-narkissosun-mitolojik-oykusu\/#primaryimage\",\"url\":\"http:\/\/www.narsisizm.com\/images\/narsizm.jpg\",\"contentUrl\":\"http:\/\/www.narsisizm.com\/images\/narsizm.jpg\"},{\"@type\":\"BreadcrumbList\",\"@id\":\"https:\/\/narteks.net\/index.php\/2010\/05\/29\/narsisizm-sozcugunun-koken-aldigi-narkissosun-mitolojik-oykusu\/#breadcrumb\",\"itemListElement\":[{\"@type\":\"ListItem\",\"position\":1,\"name\":\"Anasayfa\",\"item\":\"https:\/\/narteks.net\/\"},{\"@type\":\"ListItem\",\"position\":2,\"name\":\"Narsisizm s\u00f6zc\u00fc\u011f\u00fcn\u00fcn k\u00f6ken ald\u0131\u011f\u0131 narkissos&#8217;un mitolojik \u00f6yk\u00fcs\u00fc\"}]},{\"@type\":\"WebSite\",\"@id\":\"https:\/\/narteks.net\/#website\",\"url\":\"https:\/\/narteks.net\/\",\"name\":\"narteks.net\",\"description\":\"K\u00fclt\u00fcr Sanat Edebiyat Felsefe\",\"publisher\":{\"@id\":\"https:\/\/narteks.net\/#organization\"},\"alternateName\":\"K\u00fclt\u00fcr Sanat Edebiyat Felsefe\",\"potentialAction\":[{\"@type\":\"SearchAction\",\"target\":{\"@type\":\"EntryPoint\",\"urlTemplate\":\"https:\/\/narteks.net\/?s={search_term_string}\"},\"query-input\":{\"@type\":\"PropertyValueSpecification\",\"valueRequired\":true,\"valueName\":\"search_term_string\"}}],\"inLanguage\":\"tr\"},{\"@type\":\"Organization\",\"@id\":\"https:\/\/narteks.net\/#organization\",\"name\":\"narteks.net\",\"url\":\"https:\/\/narteks.net\/\",\"logo\":{\"@type\":\"ImageObject\",\"inLanguage\":\"tr\",\"@id\":\"https:\/\/narteks.net\/#\/schema\/logo\/image\/\",\"url\":\"https:\/\/narteks.net\/wp-content\/uploads\/narteks.png\",\"contentUrl\":\"https:\/\/narteks.net\/wp-content\/uploads\/narteks.png\",\"width\":300,\"height\":90,\"caption\":\"narteks.net\"},\"image\":{\"@id\":\"https:\/\/narteks.net\/#\/schema\/logo\/image\/\"},\"sameAs\":[\"https:\/\/x.com\/narteks\",\"https:\/\/instagram.com\/narteksnet\"]},{\"@type\":\"Person\",\"@id\":\"https:\/\/narteks.net\/#\/schema\/person\/61f37d9834294b72d31d274e7ed79bca\",\"name\":\"Tar\u0131k\",\"image\":{\"@type\":\"ImageObject\",\"inLanguage\":\"tr\",\"@id\":\"https:\/\/narteks.net\/#\/schema\/person\/image\/\",\"url\":\"https:\/\/secure.gravatar.com\/avatar\/50865afb55632c4ae467e0af0930f6510aa2297d8014be502a55b14f3b7550cf?s=96&d=mm&r=g\",\"contentUrl\":\"https:\/\/secure.gravatar.com\/avatar\/50865afb55632c4ae467e0af0930f6510aa2297d8014be502a55b14f3b7550cf?s=96&d=mm&r=g\",\"caption\":\"Tar\u0131k\"},\"sameAs\":[\"http:\/\/narteks.net\"],\"url\":\"https:\/\/narteks.net\/index.php\/author\/narbak\/\"}]}<\/script>\n<!-- \/ Yoast SEO Premium plugin. -->","yoast_head_json":{"title":"Narsisizm s\u00f6zc\u00fc\u011f\u00fcn\u00fcn k\u00f6ken ald\u0131\u011f\u0131 narkissos'un mitolojik \u00f6yk\u00fcs\u00fc - narteks.net","robots":{"index":"index","follow":"follow","max-snippet":"max-snippet:-1","max-image-preview":"max-image-preview:large","max-video-preview":"max-video-preview:-1"},"canonical":"https:\/\/narteks.net\/index.php\/2010\/05\/29\/narsisizm-sozcugunun-koken-aldigi-narkissosun-mitolojik-oykusu\/","og_locale":"tr_TR","og_type":"article","og_title":"Narsisizm s\u00f6zc\u00fc\u011f\u00fcn\u00fcn k\u00f6ken ald\u0131\u011f\u0131 narkissos'un mitolojik \u00f6yk\u00fcs\u00fc","og_description":"Mitolojiye g\u00f6re, d\u00fcnya \u00fczerinde bir\u00e7ok tanr\u0131 bulunmaktayd\u0131. Bunlar \u00e7e\u015fitli do\u011fa olaylar\u0131ndan ya da canl\u0131-cans\u0131z varl\u0131klar\u0131n kontrol\u00fcnden, davran\u0131\u015flar\u0131ndan sorumluydular. \u0130nan\u0131\u015fa g\u00f6re bu tanr\u0131lar insan \u015feklindeydi ve insanlarla ili\u015fki i\u00e7ine de girerlerdi. Size narsisizm s\u00f6zc\u00fc\u011f\u00fcn\u00fcn k\u00f6ken ald\u0131\u011f\u0131 narkissos&#8217;un mitolojik \u00f6yk\u00fcs\u00fcn\u00fc aktaraca\u011f\u0131z. Kendine a\u015f\u0131k olanlara ald\u0131rmay\u0131p, onlar\u0131 kar\u015f\u0131l\u0131ks\u0131z b\u0131rakan ve \u00e7ok g\u00fczel bir peri k\u0131z\u0131 olan Ekho, bir [&hellip;]","og_url":"https:\/\/narteks.net\/index.php\/2010\/05\/29\/narsisizm-sozcugunun-koken-aldigi-narkissosun-mitolojik-oykusu\/","og_site_name":"narteks.net","article_published_time":"2010-05-29T07:09:55+00:00","og_image":[{"url":"http:\/\/www.narsisizm.com\/images\/narsizm.jpg","type":"","width":"","height":""}],"author":"Tar\u0131k","twitter_card":"summary_large_image","twitter_creator":"@narteks","twitter_site":"@narteks","twitter_misc":{"Yazan:":"Tar\u0131k","Tahmini okuma s\u00fcresi":"4 dakika"},"schema":{"@context":"https:\/\/schema.org","@graph":[{"@type":"Article","@id":"https:\/\/narteks.net\/index.php\/2010\/05\/29\/narsisizm-sozcugunun-koken-aldigi-narkissosun-mitolojik-oykusu\/#article","isPartOf":{"@id":"https:\/\/narteks.net\/index.php\/2010\/05\/29\/narsisizm-sozcugunun-koken-aldigi-narkissosun-mitolojik-oykusu\/"},"author":{"name":"Tar\u0131k","@id":"https:\/\/narteks.net\/#\/schema\/person\/61f37d9834294b72d31d274e7ed79bca"},"headline":"Narsisizm s\u00f6zc\u00fc\u011f\u00fcn\u00fcn k\u00f6ken ald\u0131\u011f\u0131 narkissos&#8217;un mitolojik \u00f6yk\u00fcs\u00fc","datePublished":"2010-05-29T07:09:55+00:00","mainEntityOfPage":{"@id":"https:\/\/narteks.net\/index.php\/2010\/05\/29\/narsisizm-sozcugunun-koken-aldigi-narkissosun-mitolojik-oykusu\/"},"wordCount":782,"commentCount":0,"publisher":{"@id":"https:\/\/narteks.net\/#organization"},"image":{"@id":"https:\/\/narteks.net\/index.php\/2010\/05\/29\/narsisizm-sozcugunun-koken-aldigi-narkissosun-mitolojik-oykusu\/#primaryimage"},"thumbnailUrl":"http:\/\/www.narsisizm.com\/images\/narsizm.jpg","articleSection":["Mitoloji"],"inLanguage":"tr","potentialAction":[{"@type":"CommentAction","name":"Comment","target":["https:\/\/narteks.net\/index.php\/2010\/05\/29\/narsisizm-sozcugunun-koken-aldigi-narkissosun-mitolojik-oykusu\/#respond"]}]},{"@type":"WebPage","@id":"https:\/\/narteks.net\/index.php\/2010\/05\/29\/narsisizm-sozcugunun-koken-aldigi-narkissosun-mitolojik-oykusu\/","url":"https:\/\/narteks.net\/index.php\/2010\/05\/29\/narsisizm-sozcugunun-koken-aldigi-narkissosun-mitolojik-oykusu\/","name":"Narsisizm s\u00f6zc\u00fc\u011f\u00fcn\u00fcn k\u00f6ken ald\u0131\u011f\u0131 narkissos'un mitolojik \u00f6yk\u00fcs\u00fc - narteks.net","isPartOf":{"@id":"https:\/\/narteks.net\/#website"},"primaryImageOfPage":{"@id":"https:\/\/narteks.net\/index.php\/2010\/05\/29\/narsisizm-sozcugunun-koken-aldigi-narkissosun-mitolojik-oykusu\/#primaryimage"},"image":{"@id":"https:\/\/narteks.net\/index.php\/2010\/05\/29\/narsisizm-sozcugunun-koken-aldigi-narkissosun-mitolojik-oykusu\/#primaryimage"},"thumbnailUrl":"http:\/\/www.narsisizm.com\/images\/narsizm.jpg","datePublished":"2010-05-29T07:09:55+00:00","breadcrumb":{"@id":"https:\/\/narteks.net\/index.php\/2010\/05\/29\/narsisizm-sozcugunun-koken-aldigi-narkissosun-mitolojik-oykusu\/#breadcrumb"},"inLanguage":"tr","potentialAction":[{"@type":"ReadAction","target":["https:\/\/narteks.net\/index.php\/2010\/05\/29\/narsisizm-sozcugunun-koken-aldigi-narkissosun-mitolojik-oykusu\/"]}]},{"@type":"ImageObject","inLanguage":"tr","@id":"https:\/\/narteks.net\/index.php\/2010\/05\/29\/narsisizm-sozcugunun-koken-aldigi-narkissosun-mitolojik-oykusu\/#primaryimage","url":"http:\/\/www.narsisizm.com\/images\/narsizm.jpg","contentUrl":"http:\/\/www.narsisizm.com\/images\/narsizm.jpg"},{"@type":"BreadcrumbList","@id":"https:\/\/narteks.net\/index.php\/2010\/05\/29\/narsisizm-sozcugunun-koken-aldigi-narkissosun-mitolojik-oykusu\/#breadcrumb","itemListElement":[{"@type":"ListItem","position":1,"name":"Anasayfa","item":"https:\/\/narteks.net\/"},{"@type":"ListItem","position":2,"name":"Narsisizm s\u00f6zc\u00fc\u011f\u00fcn\u00fcn k\u00f6ken ald\u0131\u011f\u0131 narkissos&#8217;un mitolojik \u00f6yk\u00fcs\u00fc"}]},{"@type":"WebSite","@id":"https:\/\/narteks.net\/#website","url":"https:\/\/narteks.net\/","name":"narteks.net","description":"K\u00fclt\u00fcr Sanat Edebiyat Felsefe","publisher":{"@id":"https:\/\/narteks.net\/#organization"},"alternateName":"K\u00fclt\u00fcr Sanat Edebiyat Felsefe","potentialAction":[{"@type":"SearchAction","target":{"@type":"EntryPoint","urlTemplate":"https:\/\/narteks.net\/?s={search_term_string}"},"query-input":{"@type":"PropertyValueSpecification","valueRequired":true,"valueName":"search_term_string"}}],"inLanguage":"tr"},{"@type":"Organization","@id":"https:\/\/narteks.net\/#organization","name":"narteks.net","url":"https:\/\/narteks.net\/","logo":{"@type":"ImageObject","inLanguage":"tr","@id":"https:\/\/narteks.net\/#\/schema\/logo\/image\/","url":"https:\/\/narteks.net\/wp-content\/uploads\/narteks.png","contentUrl":"https:\/\/narteks.net\/wp-content\/uploads\/narteks.png","width":300,"height":90,"caption":"narteks.net"},"image":{"@id":"https:\/\/narteks.net\/#\/schema\/logo\/image\/"},"sameAs":["https:\/\/x.com\/narteks","https:\/\/instagram.com\/narteksnet"]},{"@type":"Person","@id":"https:\/\/narteks.net\/#\/schema\/person\/61f37d9834294b72d31d274e7ed79bca","name":"Tar\u0131k","image":{"@type":"ImageObject","inLanguage":"tr","@id":"https:\/\/narteks.net\/#\/schema\/person\/image\/","url":"https:\/\/secure.gravatar.com\/avatar\/50865afb55632c4ae467e0af0930f6510aa2297d8014be502a55b14f3b7550cf?s=96&d=mm&r=g","contentUrl":"https:\/\/secure.gravatar.com\/avatar\/50865afb55632c4ae467e0af0930f6510aa2297d8014be502a55b14f3b7550cf?s=96&d=mm&r=g","caption":"Tar\u0131k"},"sameAs":["http:\/\/narteks.net"],"url":"https:\/\/narteks.net\/index.php\/author\/narbak\/"}]}},"_links":{"self":[{"href":"https:\/\/narteks.net\/index.php\/wp-json\/wp\/v2\/posts\/4605","targetHints":{"allow":["GET"]}}],"collection":[{"href":"https:\/\/narteks.net\/index.php\/wp-json\/wp\/v2\/posts"}],"about":[{"href":"https:\/\/narteks.net\/index.php\/wp-json\/wp\/v2\/types\/post"}],"author":[{"embeddable":true,"href":"https:\/\/narteks.net\/index.php\/wp-json\/wp\/v2\/users\/1"}],"replies":[{"embeddable":true,"href":"https:\/\/narteks.net\/index.php\/wp-json\/wp\/v2\/comments?post=4605"}],"version-history":[{"count":0,"href":"https:\/\/narteks.net\/index.php\/wp-json\/wp\/v2\/posts\/4605\/revisions"}],"wp:attachment":[{"href":"https:\/\/narteks.net\/index.php\/wp-json\/wp\/v2\/media?parent=4605"}],"wp:term":[{"taxonomy":"category","embeddable":true,"href":"https:\/\/narteks.net\/index.php\/wp-json\/wp\/v2\/categories?post=4605"},{"taxonomy":"post_tag","embeddable":true,"href":"https:\/\/narteks.net\/index.php\/wp-json\/wp\/v2\/tags?post=4605"}],"curies":[{"name":"wp","href":"https:\/\/api.w.org\/{rel}","templated":true}]}}