{"id":4610,"date":"2010-06-05T12:36:45","date_gmt":"2010-06-05T09:36:45","guid":{"rendered":"http:\/\/localhost\/wordpress\/2010\/06\/05\/kader-mi-ozgur-irade-mi-her-canli-piyasayi-tadacaktir-efe-peker\/"},"modified":"2010-06-05T12:36:45","modified_gmt":"2010-06-05T09:36:45","slug":"kader-mi-ozgur-irade-mi-her-canli-piyasayi-tadacaktir-efe-peker","status":"publish","type":"post","link":"https:\/\/narteks.net\/index.php\/2010\/06\/05\/kader-mi-ozgur-irade-mi-her-canli-piyasayi-tadacaktir-efe-peker\/","title":{"rendered":"Kader mi , \u00f6zg\u00fcr irade mi ? | Her canl\u0131 piyasay\u0131 tadacakt\u0131r &#8211; Efe Peker"},"content":{"rendered":"<p style=\"text-align: justify;\"><img loading=\"lazy\" decoding=\"async\" src=\"http:\/\/senyorumla.files.wordpress.com\/2008\/01\/madenci.jpg\" border=\"0\" width=\"155\" height=\"205\" style=\"float: left;\" \/><strong>Maden i\u015f\u00e7ilerinin \u00f6l\u00fcm\u00fcne verdikleri tepkide, ba\u015fbakan ve partisinin yaln\u0131zca koyu mukadderat\u00e7\u0131l\u0131klar\u0131 de\u011fil, kapitalist piyasan\u0131n dar s\u0131n\u0131rlar\u0131na hapsettikleri birey anlay\u0131\u015flar\u0131n\u0131n da n\u00fcveleri bulunabilir<\/strong><\/p>\n<p style=\"text-align: justify;\">\u201cBu mesle\u011fin kaderinde maalesef var. Bu mesle\u011fe giren karde\u015flerim de i\u00e7erisinde bu t\u00fcr \u015feylerin olaca\u011f\u0131n\u0131 bilerek giriyorlar.\u201d Zonguldak\u2019taki 30 maden i\u015f\u00e7isinin \u00f6l\u00fcm\u00fcyle ilgili olarak yap\u0131lan bu \u201cfaili me\u015fhur\u201d a\u00e7\u0131klaman\u0131n hi\u00e7 tart\u0131\u015f\u0131lmayan y\u00f6n\u00fc, en az \u201ckadercilik\u201d kadar \u201c\u00f6zg\u00fcr irade\u201d vurgusunu da i\u00e7inde bar\u0131nd\u0131r\u0131yor olu\u015fu de\u011fil mi? Buna g\u00f6re, bir yandan \u201ckadere iman\u0131n yoksa o ayr\u0131 mesele\u201d denerek kaza elimizde olmayan g\u00fc\u00e7lere ba\u011flan\u0131rken, \u00f6te yandan i\u015f\u00e7ilerin h\u00fcr bireyler olarak b\u00f6yle bir \u00e7al\u0131\u015fma ortam\u0131n\u0131 \u201cse\u00e7ti\u011fi\u201d ifade ediliyor. Normalde birbirine z\u0131t olan kader-\u00f6zg\u00fcr irade ikilisinin Erdo\u011fan\u2019\u0131n s\u00f6zl\u00fc\u011f\u00fcnde birbirini tamamlar nitelikte kullan\u0131labilmesinin s\u0131rr\u0131, kendisinin muhafazak\u00e2r kadercilik ile kapitalizmin birey anlay\u0131\u015f\u0131n\u0131 ayn\u0131 potada eritmesinde gizli. Di\u011fer bir deyi\u015fle, maden i\u015f\u00e7ilerinin \u00f6l\u00fcm\u00fcne verdikleri tepkide, ba\u015fbakan ve partisinin yaln\u0131zca koyu mukadderat\u00e7\u0131l\u0131klar\u0131 de\u011fil, kapitalist piyasan\u0131n dar s\u0131n\u0131rlar\u0131na hapsettikleri birey anlay\u0131\u015flar\u0131n\u0131n da n\u00fcveleri bulunabilir.<\/p>\n<p style=\"text-align: justify;\">Bu anlay\u0131\u015fa g\u00f6re, kapitalist piyasan\u0131n bireylerin \u00f6zg\u00fcrce se\u00e7im yapabildikleri bir f\u0131rsatlar diyar\u0131 oldu\u011fu varsay\u0131l\u0131r. Bireyler mal, hizmet ve emeklerini piyasan\u0131n sonsuz olanaklar\u0131 i\u00e7inde, kar\u015f\u0131l\u0131kl\u0131 anla\u015fmaya dayanarak de\u011fi\u015f toku\u015f etmekte (ya da etmemekte) serbesttirler. Herkes yasalar \u00f6n\u00fcnde e\u015fit oldu\u011fundan, kimse siyasi tahakk\u00fcm ile g\u00f6n\u00fcll\u00fc olmad\u0131\u011f\u0131 bir i\u015fte \u00e7al\u0131\u015fmaya ya da bir ba\u015fka piyasa etkinli\u011fine dahil olmaya zorlanamaz. \u0130\u015fte Erdo\u011fan\u2019\u0131n maden i\u015f\u00e7ileriyle ilgili olarak, \u201cbir \u00e7o\u011funun babas\u0131, a\u011fabeyi bu meslekten emekli olmu\u015f ama kendisi de yine bu meslekte \u00e7al\u0131\u015f\u0131yor\u201d demesi tam da bu kapitalist piyasan\u0131n resmetti\u011fi, se\u00e7imini \u00f6zg\u00fcrce yapan birey basmakal\u0131b\u0131na s\u0131rt\u0131n\u0131 day\u0131yor. K\u0131sacas\u0131, kimse kimseyi zorla \u00e7al\u0131\u015ft\u0131rmad\u0131\u011f\u0131na ve i\u015f\u00e7iler bu mesle\u011fin tehlikesini \u00f6nceden bildi\u011fine g\u00f6re, \u201calan memnun satan memnun\u201d diyebiliyor Erdo\u011fan, \u201csize ne oluyor?\u201d<br \/><strong><br \/>Piyasan\u0131n kaderi<\/strong><br \/>Burada unutulan, hayatta kalabilmek i\u00e7in gerekli t\u00fcm maddi \u00fcretimin ve ya\u015fam kaynaklar\u0131n\u0131n yaln\u0131zca kapitalist piyasa arac\u0131l\u0131\u011f\u0131yla tedarik edilebildi\u011fi bir toplumda, milyonlarca yoksul i\u00e7in a\u00e7l\u0131ktan \u00f6lmek ile berbat ko\u015fullarda \u00e7al\u0131\u015fma \u201cf\u0131rsat\u0131\u201d aras\u0131nda yap\u0131lan \u201cse\u00e7imin\u201d, ger\u00e7ekten de bir se\u00e7im olmad\u0131\u011f\u0131. Marksist akademisyen Ellen Meiksins Wood\u2019un belleklere kaz\u0131nan ifadesiyle s\u00f6yleyelim: \u201cKapitalist piyasan\u0131n belirleyici ve bask\u0131n \u00f6zelli\u011fi f\u0131rsat ya da se\u00e7im de\u011fil, tahakk\u00fcmd\u00fcr\u201d (Kapitalizmin K\u00f6keni, 2003). Yasalar \u00f6n\u00fcnde bi\u00e7imsel e\u015fitlik varoldu\u011fu i\u00e7in, bu tahakk\u00fcm do\u011frudan siyasi kanallardan beslenmek yerine a\u011f\u0131rl\u0131kl\u0131 olarak iktisadi s\u00fcre\u00e7lerin kendisinden gelir. Kapitalist piyasan\u0131n devaml\u0131 rek\u00e2beti, azami k\u00e2r getirisini ve emek verimlili\u011fini (ve dolay\u0131s\u0131yla s\u00f6m\u00fcr\u00fcs\u00fcn\u00fc) art\u0131rmay\u0131 emreden iktisadi kanunlar\u0131na bir kez iman edildi mi, i\u015fte o zaman \u201cpiyasan\u0131n kaderi\u201d Demokles\u2019in k\u0131l\u0131c\u0131 gibi boynumuzun \u00fczerinde sallanmaya ba\u015flar.<br \/>\u00d6yleyse Erdo\u011fan hakl\u0131 de\u011fil mi? A\u00e7l\u0131ktan \u00f6lmemek i\u00e7in yerin y\u00fczlerce metre alt\u0131na girmek, \u00f6zel sekt\u00f6r k\u00e2r etsin diye masrafl\u0131 \u00f6nlemler kald\u0131r\u0131ld\u0131\u011f\u0131 i\u00e7in her g\u00fcn \u00e7\u00f6k\u00fcnt\u00fc, patlama ve zehirlenme tehlikesiyle kar\u015f\u0131 kar\u015f\u0131ya kalmak, k\u0131sacas\u0131 yaln\u0131zca hayatta kalabilmek i\u00e7in her saniye \u00f6lmeyi g\u00f6ze almak ger\u00e7ekten de kaderdir: Kapitalist piyasan\u0131n yazd\u0131\u011f\u0131 kader! Bu nedenle Erdo\u011fan hi\u00e7 \u00e7ekinmeden 30 insan\u0131n \u00f6l\u00fcm\u00fc i\u00e7in \u201cbu meselenin nas\u0131l abart\u0131ld\u0131\u011f\u0131n\u0131 g\u00f6rd\u00fck\u201d ifadesini kullanabildi. Zira eme\u011fin herhangi bir metaya d\u00f6n\u00fc\u015ft\u00fcr\u00fcl\u00fcp s\u00f6m\u00fcr\u00fclmesi, kendisinin biat etti\u011fi sermaye mant\u0131\u011f\u0131n\u0131n \u201cf\u0131trat\u0131nda\u201d var! Ayn\u0131 mant\u0131\u011f\u0131 Bursa\u2019da 19 i\u015f\u00e7iye mezar olan madeni i\u015fleten ta\u015feron firman\u0131n avukat\u0131 Yal\u00e7\u0131n Doruk\u2019un s\u00f6zlerinde de bulmak m\u00fcmk\u00fcn. Doruk, \u00f6len i\u015f\u00e7ilerin ailelerinin de haz\u0131r bulundu\u011fu birka\u00e7 hafta \u00f6nceki duru\u015fmada \u015fu ak\u0131l almaz a\u00e7\u0131klamay\u0131 yapt\u0131: \u201c\u00dclkemizde 3,5 milyon i\u015fsizin bulundu\u011fu g\u00f6z\u00f6n\u00fcne al\u0131nd\u0131\u011f\u0131nda ayl\u0131k 700 lira ile i\u015f imk\u00e2n\u0131 sunulmas\u0131, sigorta primleri ve vergilerinin \u00f6deniyor olmas\u0131 i\u015f\u00e7iler i\u00e7in bir nimettir.\u201d \u0130nsan \u00f6l\u00fcr de piyasan\u0131n bu f\u0131rsat\u0131n\u0131 ka\u00e7\u0131rmaz, de\u011fil mi?<br \/><strong><br \/>\u00d6l\u00fcm\u00fcne ta\u015feron<\/strong><br \/>Ancak t\u0131pk\u0131 sevdi\u011finin kusurlar\u0131n\u0131 g\u00f6remeyen biri gibi, AKP\u2019nin genlerine i\u015flemi\u015f bu sermaye a\u015fk\u0131 da piyasan\u0131n yaratt\u0131\u011f\u0131 toplumsal y\u0131k\u0131mlar\u0131 g\u00f6rmesini engelliyor. Halbuki son y\u0131llarda y\u00fckselen do\u011falgaz fiyatlar\u0131 dolay\u0131s\u0131yla sermayenin k\u00f6m\u00fcr madencili\u011fine a\u011f\u0131rl\u0131k vermesi ve dolay\u0131s\u0131yla da bu sekt\u00f6r\u00fcn h\u0131zla ve par\u00e7alar halinde \u00f6zel sekt\u00f6r\u00fcn himayesi alt\u0131na girmesiyle, TTK resmi raporuna g\u00f6re Madencilik Yasas\u0131\u2019n\u0131n \u00e7\u0131kar\u0131ld\u0131\u011f\u0131 tarih olan 2005\u2019ten itibaren kazalar\u0131n art\u0131\u015fa ge\u00e7mesi aras\u0131ndaki ili\u015fkiyi kavramak zor de\u011fil. Ge\u00e7en Pazar g\u00fcnk\u00fc Radikal \u0130ki\u2019deki yaz\u0131s\u0131nda Ahmet \u0130nsel, bu piyasala\u015fma s\u00fcrecinin nas\u0131l sosyal haklar\u0131n ihlaline, kamu denetimsizli\u011fine, g\u00fcvenlik zafiyetlerine, kurals\u0131zl\u0131\u011fa, esnekle\u015ftirmeye, madencilik risk haritalar\u0131n\u0131n hi\u00e7e say\u0131lmas\u0131na ve dolay\u0131s\u0131yla \u00f6l\u00fcmler ve g\u00fcndeme bile gelmeyen sakatl\u0131klara yol a\u00e7t\u0131\u011f\u0131n\u0131 ortaya koymu\u015ftu. Buna ra\u011fmen, tam da \u0130nsel\u2019in yaz\u0131s\u0131ndan bir g\u00fcn \u00f6nce TBMM Maden Ara\u015ft\u0131rma Komisyonu\u2019nun yay\u0131mlad\u0131\u011f\u0131 taslak rapor, t\u00fcm su\u00e7u do\u011frudan TTK\u2019ya at\u0131p ta\u015feronla\u015ft\u0131rma hakk\u0131nda tek bir s\u00f6z bile s\u00f6yleme l\u00fctfunda bulunmad\u0131! Haftalard\u0131r hem Erdo\u011fan\u2019\u0131n hem de \u00c7al\u0131\u015fma ve Sosyal G\u00fcvenlik Bakan\u0131 \u00d6mer Din\u00e7er\u2019in t\u0131pk\u0131 avukat Doruk gibi cansiperane bi\u00e7imde ta\u015feronluk sistemini savunmalar\u0131, bu ba\u011flamda hi\u00e7 de \u015fa\u015f\u0131rt\u0131c\u0131 de\u011fil: Ne yaps\u0131nlar, onlar\u0131n da \u201ckaderlerinde\u201d sermaye sevdas\u0131 varm\u0131\u015f!<br \/>Sonu\u00e7 olarak, Erdo\u011fan\u2019\u0131n sand\u0131\u011f\u0131n\u0131n aksine, kapitalist piyasan\u0131n tahakk\u00fcm\u00fc ve s\u00f6m\u00fcr\u00fcs\u00fc alt\u0131ndaki bireylerin ger\u00e7ek anlamda \u00f6zg\u00fcrl\u00fc\u011f\u00fcnden, se\u00e7imlerinden s\u00f6z etmek m\u00fcmk\u00fcn de\u011fil. Marx\u2019\u0131n Kapital\u2019deki \u00fcnl\u00fc ifadesini hat\u0131rlarsak, piyasadaki i\u015f\u00e7inin \u201c\u00f6zg\u00fcr bir birey olmad\u0131\u011f\u0131, emek-g\u00fcc\u00fcn\u00fc satmak i\u00e7in \u00f6zg\u00fcr oldu\u011fu s\u00fcrenin asl\u0131nda emek-g\u00fcc\u00fcn\u00fc satmaya zorland\u0131\u011f\u0131 s\u00fcre oldu\u011fu anla\u015f\u0131l\u0131r ve ger\u00e7ekten de, vampir, s\u00f6m\u00fcr\u00fclecek tek bir adalesi, siniri, bir damla kan\u0131 oldu\u011fu s\u00fcrece onu elinden b\u0131rakmayacakt\u0131r\u201d. AKP ise Marx\u2019\u0131n bu tasvirini bir ad\u0131m ileriye g\u00f6t\u00fcrerek \u00f6l\u00fcm sonras\u0131na ta\u015f\u0131d\u0131: 30 maden i\u015f\u00e7isinin ailelerine \u201ctoplu bir cenaze t\u00f6reni olmayacak, herkes cenazesini kendi defnetsin\u201d dendi ve olas\u0131 bir protesto korkusuyla Enerji Bakan\u0131 Taner Y\u0131ld\u0131z gazetecilerden Zonguldak\u2019a gitmemesini istedi. Demek ki sa\u011fl\u0131\u011f\u0131nda \u00f6rg\u00fctlenme ve insanca ya\u015fama hakk\u0131ndan mahrum b\u0131rak\u0131lan i\u015f\u00e7ilerin \u00f6l\u00fcmlerinde bile birarada olmas\u0131 istenmiyordu. Ancak AKP\u2019nin dirisinden oldu\u011fu kadar \u00f6l\u00fcs\u00fcnden de korktu\u011fu i\u015f\u00e7iler, yerin y\u00fczlerce metre alt\u0131nda son nefeslerine kadar beraber olduklar\u0131 gibi, bundan sonraki kapitalizm kar\u015f\u0131t\u0131 m\u00fccadelede de hep beraber olacaklar. Zira, yerin alt\u0131ndaki arkada\u015flar\u0131 i\u00e7in endi\u015felenen i\u015f\u00e7ilerin akl\u0131mdan bir t\u00fcrl\u00fc \u00e7\u0131karamad\u0131\u011f\u0131m simsiyah, kederli suratlar\u0131ndan bir damla utan\u00e7 duymay\u0131p k\u00f6m\u00fcr da\u011f\u0131tmaya devam edeceklere kar\u015f\u0131 verilecek tek yan\u0131t, \u00f6rg\u00fctl\u00fc i\u015f\u00e7i m\u00fccadelesidir.<\/p>\n<p>EFE PEKER: Simon Fraser \u00dcni., Sosyoloji, Doktora<\/p>\n<p>\u00a0<\/p>\n","protected":false},"excerpt":{"rendered":"<p>Maden i\u015f\u00e7ilerinin \u00f6l\u00fcm\u00fcne verdikleri tepkide, ba\u015fbakan ve partisinin yaln\u0131zca koyu mukadderat\u00e7\u0131l\u0131klar\u0131 de\u011fil, kapitalist piyasan\u0131n dar s\u0131n\u0131rlar\u0131na hapsettikleri birey anlay\u0131\u015flar\u0131n\u0131n da n\u00fcveleri bulunabilir \u201cBu mesle\u011fin kaderinde maalesef var. Bu mesle\u011fe giren karde\u015flerim de i\u00e7erisinde bu t\u00fcr \u015feylerin olaca\u011f\u0131n\u0131 bilerek giriyorlar.\u201d Zonguldak\u2019taki 30 maden i\u015f\u00e7isinin \u00f6l\u00fcm\u00fcyle ilgili olarak yap\u0131lan bu \u201cfaili me\u015fhur\u201d a\u00e7\u0131klaman\u0131n hi\u00e7 tart\u0131\u015f\u0131lmayan y\u00f6n\u00fc, en [&hellip;]<\/p>\n","protected":false},"author":1,"featured_media":0,"comment_status":"open","ping_status":"open","sticky":false,"template":"","format":"standard","meta":{"footnotes":""},"categories":[98],"tags":[],"class_list":{"0":"post-4610","1":"post","2":"type-post","3":"status-publish","4":"format-standard","6":"category-turkiye"},"yoast_head":"<!-- This site is optimized with the Yoast SEO Premium plugin v24.9 (Yoast SEO v24.9) - https:\/\/yoast.com\/wordpress\/plugins\/seo\/ -->\n<title>Kader mi , \u00f6zg\u00fcr irade mi ? | Her canl\u0131 piyasay\u0131 tadacakt\u0131r - Efe Peker - narteks.net<\/title>\n<meta name=\"robots\" content=\"index, follow, max-snippet:-1, max-image-preview:large, max-video-preview:-1\" \/>\n<link rel=\"canonical\" href=\"https:\/\/narteks.net\/index.php\/2010\/06\/05\/kader-mi-ozgur-irade-mi-her-canli-piyasayi-tadacaktir-efe-peker\/\" \/>\n<meta property=\"og:locale\" content=\"tr_TR\" \/>\n<meta property=\"og:type\" content=\"article\" \/>\n<meta property=\"og:title\" content=\"Kader mi , \u00f6zg\u00fcr irade mi ? | Her canl\u0131 piyasay\u0131 tadacakt\u0131r - Efe Peker\" \/>\n<meta property=\"og:description\" content=\"Maden i\u015f\u00e7ilerinin \u00f6l\u00fcm\u00fcne verdikleri tepkide, ba\u015fbakan ve partisinin yaln\u0131zca koyu mukadderat\u00e7\u0131l\u0131klar\u0131 de\u011fil, kapitalist piyasan\u0131n dar s\u0131n\u0131rlar\u0131na hapsettikleri birey anlay\u0131\u015flar\u0131n\u0131n da n\u00fcveleri bulunabilir \u201cBu mesle\u011fin kaderinde maalesef var. Bu mesle\u011fe giren karde\u015flerim de i\u00e7erisinde bu t\u00fcr \u015feylerin olaca\u011f\u0131n\u0131 bilerek giriyorlar.\u201d Zonguldak\u2019taki 30 maden i\u015f\u00e7isinin \u00f6l\u00fcm\u00fcyle ilgili olarak yap\u0131lan bu \u201cfaili me\u015fhur\u201d a\u00e7\u0131klaman\u0131n hi\u00e7 tart\u0131\u015f\u0131lmayan y\u00f6n\u00fc, en [&hellip;]\" \/>\n<meta property=\"og:url\" content=\"https:\/\/narteks.net\/index.php\/2010\/06\/05\/kader-mi-ozgur-irade-mi-her-canli-piyasayi-tadacaktir-efe-peker\/\" \/>\n<meta property=\"og:site_name\" content=\"narteks.net\" \/>\n<meta property=\"article:published_time\" content=\"2010-06-05T09:36:45+00:00\" \/>\n<meta property=\"og:image\" content=\"http:\/\/senyorumla.files.wordpress.com\/2008\/01\/madenci.jpg\" \/>\n<meta name=\"author\" content=\"Tar\u0131k\" \/>\n<meta name=\"twitter:card\" content=\"summary_large_image\" \/>\n<meta name=\"twitter:creator\" content=\"@narteks\" \/>\n<meta name=\"twitter:site\" content=\"@narteks\" \/>\n<meta name=\"twitter:label1\" content=\"Yazan:\" \/>\n\t<meta name=\"twitter:data1\" content=\"Tar\u0131k\" \/>\n\t<meta name=\"twitter:label2\" content=\"Tahmini okuma s\u00fcresi\" \/>\n\t<meta name=\"twitter:data2\" content=\"7 dakika\" \/>\n<script type=\"application\/ld+json\" class=\"yoast-schema-graph\">{\"@context\":\"https:\/\/schema.org\",\"@graph\":[{\"@type\":\"Article\",\"@id\":\"https:\/\/narteks.net\/index.php\/2010\/06\/05\/kader-mi-ozgur-irade-mi-her-canli-piyasayi-tadacaktir-efe-peker\/#article\",\"isPartOf\":{\"@id\":\"https:\/\/narteks.net\/index.php\/2010\/06\/05\/kader-mi-ozgur-irade-mi-her-canli-piyasayi-tadacaktir-efe-peker\/\"},\"author\":{\"name\":\"Tar\u0131k\",\"@id\":\"https:\/\/narteks.net\/#\/schema\/person\/61f37d9834294b72d31d274e7ed79bca\"},\"headline\":\"Kader mi , \u00f6zg\u00fcr irade mi ? | Her canl\u0131 piyasay\u0131 tadacakt\u0131r &#8211; Efe Peker\",\"datePublished\":\"2010-06-05T09:36:45+00:00\",\"mainEntityOfPage\":{\"@id\":\"https:\/\/narteks.net\/index.php\/2010\/06\/05\/kader-mi-ozgur-irade-mi-her-canli-piyasayi-tadacaktir-efe-peker\/\"},\"wordCount\":1346,\"commentCount\":0,\"publisher\":{\"@id\":\"https:\/\/narteks.net\/#organization\"},\"image\":{\"@id\":\"https:\/\/narteks.net\/index.php\/2010\/06\/05\/kader-mi-ozgur-irade-mi-her-canli-piyasayi-tadacaktir-efe-peker\/#primaryimage\"},\"thumbnailUrl\":\"http:\/\/senyorumla.files.wordpress.com\/2008\/01\/madenci.jpg\",\"articleSection\":[\"T\u00fcrkiye\"],\"inLanguage\":\"tr\",\"potentialAction\":[{\"@type\":\"CommentAction\",\"name\":\"Comment\",\"target\":[\"https:\/\/narteks.net\/index.php\/2010\/06\/05\/kader-mi-ozgur-irade-mi-her-canli-piyasayi-tadacaktir-efe-peker\/#respond\"]}]},{\"@type\":\"WebPage\",\"@id\":\"https:\/\/narteks.net\/index.php\/2010\/06\/05\/kader-mi-ozgur-irade-mi-her-canli-piyasayi-tadacaktir-efe-peker\/\",\"url\":\"https:\/\/narteks.net\/index.php\/2010\/06\/05\/kader-mi-ozgur-irade-mi-her-canli-piyasayi-tadacaktir-efe-peker\/\",\"name\":\"Kader mi , \u00f6zg\u00fcr irade mi ? | Her canl\u0131 piyasay\u0131 tadacakt\u0131r - Efe Peker - narteks.net\",\"isPartOf\":{\"@id\":\"https:\/\/narteks.net\/#website\"},\"primaryImageOfPage\":{\"@id\":\"https:\/\/narteks.net\/index.php\/2010\/06\/05\/kader-mi-ozgur-irade-mi-her-canli-piyasayi-tadacaktir-efe-peker\/#primaryimage\"},\"image\":{\"@id\":\"https:\/\/narteks.net\/index.php\/2010\/06\/05\/kader-mi-ozgur-irade-mi-her-canli-piyasayi-tadacaktir-efe-peker\/#primaryimage\"},\"thumbnailUrl\":\"http:\/\/senyorumla.files.wordpress.com\/2008\/01\/madenci.jpg\",\"datePublished\":\"2010-06-05T09:36:45+00:00\",\"breadcrumb\":{\"@id\":\"https:\/\/narteks.net\/index.php\/2010\/06\/05\/kader-mi-ozgur-irade-mi-her-canli-piyasayi-tadacaktir-efe-peker\/#breadcrumb\"},\"inLanguage\":\"tr\",\"potentialAction\":[{\"@type\":\"ReadAction\",\"target\":[\"https:\/\/narteks.net\/index.php\/2010\/06\/05\/kader-mi-ozgur-irade-mi-her-canli-piyasayi-tadacaktir-efe-peker\/\"]}]},{\"@type\":\"ImageObject\",\"inLanguage\":\"tr\",\"@id\":\"https:\/\/narteks.net\/index.php\/2010\/06\/05\/kader-mi-ozgur-irade-mi-her-canli-piyasayi-tadacaktir-efe-peker\/#primaryimage\",\"url\":\"http:\/\/senyorumla.files.wordpress.com\/2008\/01\/madenci.jpg\",\"contentUrl\":\"http:\/\/senyorumla.files.wordpress.com\/2008\/01\/madenci.jpg\"},{\"@type\":\"BreadcrumbList\",\"@id\":\"https:\/\/narteks.net\/index.php\/2010\/06\/05\/kader-mi-ozgur-irade-mi-her-canli-piyasayi-tadacaktir-efe-peker\/#breadcrumb\",\"itemListElement\":[{\"@type\":\"ListItem\",\"position\":1,\"name\":\"Anasayfa\",\"item\":\"https:\/\/narteks.net\/\"},{\"@type\":\"ListItem\",\"position\":2,\"name\":\"Kader mi , \u00f6zg\u00fcr irade mi ? | Her canl\u0131 piyasay\u0131 tadacakt\u0131r &#8211; Efe Peker\"}]},{\"@type\":\"WebSite\",\"@id\":\"https:\/\/narteks.net\/#website\",\"url\":\"https:\/\/narteks.net\/\",\"name\":\"narteks.net\",\"description\":\"K\u00fclt\u00fcr Sanat Edebiyat Felsefe\",\"publisher\":{\"@id\":\"https:\/\/narteks.net\/#organization\"},\"alternateName\":\"K\u00fclt\u00fcr Sanat Edebiyat Felsefe\",\"potentialAction\":[{\"@type\":\"SearchAction\",\"target\":{\"@type\":\"EntryPoint\",\"urlTemplate\":\"https:\/\/narteks.net\/?s={search_term_string}\"},\"query-input\":{\"@type\":\"PropertyValueSpecification\",\"valueRequired\":true,\"valueName\":\"search_term_string\"}}],\"inLanguage\":\"tr\"},{\"@type\":\"Organization\",\"@id\":\"https:\/\/narteks.net\/#organization\",\"name\":\"narteks.net\",\"url\":\"https:\/\/narteks.net\/\",\"logo\":{\"@type\":\"ImageObject\",\"inLanguage\":\"tr\",\"@id\":\"https:\/\/narteks.net\/#\/schema\/logo\/image\/\",\"url\":\"https:\/\/narteks.net\/wp-content\/uploads\/narteks.png\",\"contentUrl\":\"https:\/\/narteks.net\/wp-content\/uploads\/narteks.png\",\"width\":300,\"height\":90,\"caption\":\"narteks.net\"},\"image\":{\"@id\":\"https:\/\/narteks.net\/#\/schema\/logo\/image\/\"},\"sameAs\":[\"https:\/\/x.com\/narteks\",\"https:\/\/instagram.com\/narteksnet\"]},{\"@type\":\"Person\",\"@id\":\"https:\/\/narteks.net\/#\/schema\/person\/61f37d9834294b72d31d274e7ed79bca\",\"name\":\"Tar\u0131k\",\"image\":{\"@type\":\"ImageObject\",\"inLanguage\":\"tr\",\"@id\":\"https:\/\/narteks.net\/#\/schema\/person\/image\/\",\"url\":\"https:\/\/secure.gravatar.com\/avatar\/50865afb55632c4ae467e0af0930f6510aa2297d8014be502a55b14f3b7550cf?s=96&d=mm&r=g\",\"contentUrl\":\"https:\/\/secure.gravatar.com\/avatar\/50865afb55632c4ae467e0af0930f6510aa2297d8014be502a55b14f3b7550cf?s=96&d=mm&r=g\",\"caption\":\"Tar\u0131k\"},\"sameAs\":[\"http:\/\/narteks.net\"],\"url\":\"https:\/\/narteks.net\/index.php\/author\/narbak\/\"}]}<\/script>\n<!-- \/ Yoast SEO Premium plugin. -->","yoast_head_json":{"title":"Kader mi , \u00f6zg\u00fcr irade mi ? | Her canl\u0131 piyasay\u0131 tadacakt\u0131r - Efe Peker - narteks.net","robots":{"index":"index","follow":"follow","max-snippet":"max-snippet:-1","max-image-preview":"max-image-preview:large","max-video-preview":"max-video-preview:-1"},"canonical":"https:\/\/narteks.net\/index.php\/2010\/06\/05\/kader-mi-ozgur-irade-mi-her-canli-piyasayi-tadacaktir-efe-peker\/","og_locale":"tr_TR","og_type":"article","og_title":"Kader mi , \u00f6zg\u00fcr irade mi ? | Her canl\u0131 piyasay\u0131 tadacakt\u0131r - Efe Peker","og_description":"Maden i\u015f\u00e7ilerinin \u00f6l\u00fcm\u00fcne verdikleri tepkide, ba\u015fbakan ve partisinin yaln\u0131zca koyu mukadderat\u00e7\u0131l\u0131klar\u0131 de\u011fil, kapitalist piyasan\u0131n dar s\u0131n\u0131rlar\u0131na hapsettikleri birey anlay\u0131\u015flar\u0131n\u0131n da n\u00fcveleri bulunabilir \u201cBu mesle\u011fin kaderinde maalesef var. Bu mesle\u011fe giren karde\u015flerim de i\u00e7erisinde bu t\u00fcr \u015feylerin olaca\u011f\u0131n\u0131 bilerek giriyorlar.\u201d Zonguldak\u2019taki 30 maden i\u015f\u00e7isinin \u00f6l\u00fcm\u00fcyle ilgili olarak yap\u0131lan bu \u201cfaili me\u015fhur\u201d a\u00e7\u0131klaman\u0131n hi\u00e7 tart\u0131\u015f\u0131lmayan y\u00f6n\u00fc, en [&hellip;]","og_url":"https:\/\/narteks.net\/index.php\/2010\/06\/05\/kader-mi-ozgur-irade-mi-her-canli-piyasayi-tadacaktir-efe-peker\/","og_site_name":"narteks.net","article_published_time":"2010-06-05T09:36:45+00:00","og_image":[{"url":"http:\/\/senyorumla.files.wordpress.com\/2008\/01\/madenci.jpg","type":"","width":"","height":""}],"author":"Tar\u0131k","twitter_card":"summary_large_image","twitter_creator":"@narteks","twitter_site":"@narteks","twitter_misc":{"Yazan:":"Tar\u0131k","Tahmini okuma s\u00fcresi":"7 dakika"},"schema":{"@context":"https:\/\/schema.org","@graph":[{"@type":"Article","@id":"https:\/\/narteks.net\/index.php\/2010\/06\/05\/kader-mi-ozgur-irade-mi-her-canli-piyasayi-tadacaktir-efe-peker\/#article","isPartOf":{"@id":"https:\/\/narteks.net\/index.php\/2010\/06\/05\/kader-mi-ozgur-irade-mi-her-canli-piyasayi-tadacaktir-efe-peker\/"},"author":{"name":"Tar\u0131k","@id":"https:\/\/narteks.net\/#\/schema\/person\/61f37d9834294b72d31d274e7ed79bca"},"headline":"Kader mi , \u00f6zg\u00fcr irade mi ? | Her canl\u0131 piyasay\u0131 tadacakt\u0131r &#8211; Efe Peker","datePublished":"2010-06-05T09:36:45+00:00","mainEntityOfPage":{"@id":"https:\/\/narteks.net\/index.php\/2010\/06\/05\/kader-mi-ozgur-irade-mi-her-canli-piyasayi-tadacaktir-efe-peker\/"},"wordCount":1346,"commentCount":0,"publisher":{"@id":"https:\/\/narteks.net\/#organization"},"image":{"@id":"https:\/\/narteks.net\/index.php\/2010\/06\/05\/kader-mi-ozgur-irade-mi-her-canli-piyasayi-tadacaktir-efe-peker\/#primaryimage"},"thumbnailUrl":"http:\/\/senyorumla.files.wordpress.com\/2008\/01\/madenci.jpg","articleSection":["T\u00fcrkiye"],"inLanguage":"tr","potentialAction":[{"@type":"CommentAction","name":"Comment","target":["https:\/\/narteks.net\/index.php\/2010\/06\/05\/kader-mi-ozgur-irade-mi-her-canli-piyasayi-tadacaktir-efe-peker\/#respond"]}]},{"@type":"WebPage","@id":"https:\/\/narteks.net\/index.php\/2010\/06\/05\/kader-mi-ozgur-irade-mi-her-canli-piyasayi-tadacaktir-efe-peker\/","url":"https:\/\/narteks.net\/index.php\/2010\/06\/05\/kader-mi-ozgur-irade-mi-her-canli-piyasayi-tadacaktir-efe-peker\/","name":"Kader mi , \u00f6zg\u00fcr irade mi ? | Her canl\u0131 piyasay\u0131 tadacakt\u0131r - Efe Peker - narteks.net","isPartOf":{"@id":"https:\/\/narteks.net\/#website"},"primaryImageOfPage":{"@id":"https:\/\/narteks.net\/index.php\/2010\/06\/05\/kader-mi-ozgur-irade-mi-her-canli-piyasayi-tadacaktir-efe-peker\/#primaryimage"},"image":{"@id":"https:\/\/narteks.net\/index.php\/2010\/06\/05\/kader-mi-ozgur-irade-mi-her-canli-piyasayi-tadacaktir-efe-peker\/#primaryimage"},"thumbnailUrl":"http:\/\/senyorumla.files.wordpress.com\/2008\/01\/madenci.jpg","datePublished":"2010-06-05T09:36:45+00:00","breadcrumb":{"@id":"https:\/\/narteks.net\/index.php\/2010\/06\/05\/kader-mi-ozgur-irade-mi-her-canli-piyasayi-tadacaktir-efe-peker\/#breadcrumb"},"inLanguage":"tr","potentialAction":[{"@type":"ReadAction","target":["https:\/\/narteks.net\/index.php\/2010\/06\/05\/kader-mi-ozgur-irade-mi-her-canli-piyasayi-tadacaktir-efe-peker\/"]}]},{"@type":"ImageObject","inLanguage":"tr","@id":"https:\/\/narteks.net\/index.php\/2010\/06\/05\/kader-mi-ozgur-irade-mi-her-canli-piyasayi-tadacaktir-efe-peker\/#primaryimage","url":"http:\/\/senyorumla.files.wordpress.com\/2008\/01\/madenci.jpg","contentUrl":"http:\/\/senyorumla.files.wordpress.com\/2008\/01\/madenci.jpg"},{"@type":"BreadcrumbList","@id":"https:\/\/narteks.net\/index.php\/2010\/06\/05\/kader-mi-ozgur-irade-mi-her-canli-piyasayi-tadacaktir-efe-peker\/#breadcrumb","itemListElement":[{"@type":"ListItem","position":1,"name":"Anasayfa","item":"https:\/\/narteks.net\/"},{"@type":"ListItem","position":2,"name":"Kader mi , \u00f6zg\u00fcr irade mi ? | Her canl\u0131 piyasay\u0131 tadacakt\u0131r &#8211; Efe Peker"}]},{"@type":"WebSite","@id":"https:\/\/narteks.net\/#website","url":"https:\/\/narteks.net\/","name":"narteks.net","description":"K\u00fclt\u00fcr Sanat Edebiyat Felsefe","publisher":{"@id":"https:\/\/narteks.net\/#organization"},"alternateName":"K\u00fclt\u00fcr Sanat Edebiyat Felsefe","potentialAction":[{"@type":"SearchAction","target":{"@type":"EntryPoint","urlTemplate":"https:\/\/narteks.net\/?s={search_term_string}"},"query-input":{"@type":"PropertyValueSpecification","valueRequired":true,"valueName":"search_term_string"}}],"inLanguage":"tr"},{"@type":"Organization","@id":"https:\/\/narteks.net\/#organization","name":"narteks.net","url":"https:\/\/narteks.net\/","logo":{"@type":"ImageObject","inLanguage":"tr","@id":"https:\/\/narteks.net\/#\/schema\/logo\/image\/","url":"https:\/\/narteks.net\/wp-content\/uploads\/narteks.png","contentUrl":"https:\/\/narteks.net\/wp-content\/uploads\/narteks.png","width":300,"height":90,"caption":"narteks.net"},"image":{"@id":"https:\/\/narteks.net\/#\/schema\/logo\/image\/"},"sameAs":["https:\/\/x.com\/narteks","https:\/\/instagram.com\/narteksnet"]},{"@type":"Person","@id":"https:\/\/narteks.net\/#\/schema\/person\/61f37d9834294b72d31d274e7ed79bca","name":"Tar\u0131k","image":{"@type":"ImageObject","inLanguage":"tr","@id":"https:\/\/narteks.net\/#\/schema\/person\/image\/","url":"https:\/\/secure.gravatar.com\/avatar\/50865afb55632c4ae467e0af0930f6510aa2297d8014be502a55b14f3b7550cf?s=96&d=mm&r=g","contentUrl":"https:\/\/secure.gravatar.com\/avatar\/50865afb55632c4ae467e0af0930f6510aa2297d8014be502a55b14f3b7550cf?s=96&d=mm&r=g","caption":"Tar\u0131k"},"sameAs":["http:\/\/narteks.net"],"url":"https:\/\/narteks.net\/index.php\/author\/narbak\/"}]}},"_links":{"self":[{"href":"https:\/\/narteks.net\/index.php\/wp-json\/wp\/v2\/posts\/4610","targetHints":{"allow":["GET"]}}],"collection":[{"href":"https:\/\/narteks.net\/index.php\/wp-json\/wp\/v2\/posts"}],"about":[{"href":"https:\/\/narteks.net\/index.php\/wp-json\/wp\/v2\/types\/post"}],"author":[{"embeddable":true,"href":"https:\/\/narteks.net\/index.php\/wp-json\/wp\/v2\/users\/1"}],"replies":[{"embeddable":true,"href":"https:\/\/narteks.net\/index.php\/wp-json\/wp\/v2\/comments?post=4610"}],"version-history":[{"count":0,"href":"https:\/\/narteks.net\/index.php\/wp-json\/wp\/v2\/posts\/4610\/revisions"}],"wp:attachment":[{"href":"https:\/\/narteks.net\/index.php\/wp-json\/wp\/v2\/media?parent=4610"}],"wp:term":[{"taxonomy":"category","embeddable":true,"href":"https:\/\/narteks.net\/index.php\/wp-json\/wp\/v2\/categories?post=4610"},{"taxonomy":"post_tag","embeddable":true,"href":"https:\/\/narteks.net\/index.php\/wp-json\/wp\/v2\/tags?post=4610"}],"curies":[{"name":"wp","href":"https:\/\/api.w.org\/{rel}","templated":true}]}}