{"id":4611,"date":"2010-06-07T10:04:32","date_gmt":"2010-06-07T07:04:32","guid":{"rendered":"http:\/\/localhost\/wordpress\/2010\/06\/07\/burjuva-iktisadinin-iflasini-ustaca-ortaya-koyan-buyuk-rus-arastirmacisi-ve-elestirmeni-n-cernisevski\/"},"modified":"2010-06-07T10:04:32","modified_gmt":"2010-06-07T07:04:32","slug":"burjuva-iktisadinin-iflasini-ustaca-ortaya-koyan-buyuk-rus-arastirmacisi-ve-elestirmeni-n-cernisevski","status":"publish","type":"post","link":"https:\/\/narteks.net\/index.php\/2010\/06\/07\/burjuva-iktisadinin-iflasini-ustaca-ortaya-koyan-buyuk-rus-arastirmacisi-ve-elestirmeni-n-cernisevski\/","title":{"rendered":"Burjuva iktisad\u0131n\u0131n iflas\u0131n\u0131 ustaca ortaya koyan b\u00fcy\u00fck Rus ara\u015ft\u0131rmac\u0131s\u0131 ve ele\u015ftirmeni | N. \u00c7erni\u015fevski"},"content":{"rendered":"<p style=\"text-align: justify;\"><img loading=\"lazy\" decoding=\"async\" src=\"http:\/\/www.atilim.org\/haberler\/2009\/10\/17\/resimler\/Yeni_insan__Nasil_Yapmali_ve_cernisevski_20091017_090302.jpg\" border=\"0\" width=\"155\" height=\"205\" style=\"float: left; border: 0;\" \/>Karl  Marx, \u00c7erni\u015fevski&#8217;yi, <em>&#8220;burjuva iktisad\u0131n\u0131n iflas\u0131n\u0131 ustaca ortaya  koyan b\u00fcy\u00fck Rus ara\u015ft\u0131rmac\u0131s\u0131 ve ele\u015ftirmeni&#8221;<\/em> olarak tan\u0131mlar.  Ancak \u00c7erni\u015fevski bir marksist de\u011fildi, daha do\u011frusu marksist yaz\u0131ndan  habersizdi.<\/p>\n<p style=\"text-align: justify;\">1828 y\u0131l\u0131nda Saratov&#8217;da do\u011fdu. Bir rahip ailesinden olan \u00c7erni\u015fevski, ilk e\u011fitimini Saratov papaz okulunda g\u00f6rd\u00fc. 1846 y\u0131l\u0131nda St. Petersburg \u00dcniversitesi&#8217;ne girdi. \u00dcniversite y\u0131llar\u0131nda, Avrupa&#8217;daki 1848 devrimlerinden sonra g\u00fc\u00e7lenen Rus muhalif hareketi \u00c7erni\u015fevski&#8217;yi kendisine \u00e7ekti. \u00dcniversite y\u0131llar\u0131 (1846-1850) \u00c7erni\u015fevski&#8217;nin ki\u015fisel geli\u015fiminde \u00f6nemli bir d\u00f6nemi olu\u015fturdu. \u00d6zellikle devrimci-materyalist d\u00fcnya g\u00f6r\u00fc\u015f\u00fcn\u00fc bu d\u00f6nemde kazanm\u0131\u015f, toplumsal politik d\u00fc\u015f\u00fcncelerini bu y\u0131llarda \u015fekillendirmi\u015ftir. \u00dcniversiteyi bitirdikten sonra k\u0131sa bir s\u00fcre, do\u011fup b\u00fcy\u00fcd\u00fc\u011f\u00fc kentte, bir okulda, \u00f6\u011fretmenlik yapt\u0131. 1854 y\u0131l\u0131nda &#8220;\u00c7a\u011fda\u015f&#8221; dergisiyle ili\u015fkiye girdi. Bu dergide \u00f6nce yazarl\u0131k, sonra da y\u00f6netmenlik yapt\u0131. \u00c7erni\u015fevski ve Nekrasev&#8217;in y\u00f6nlendirdi\u011fi \u00c7a\u011fda\u015f dergisi yaz\u0131lar\u0131yla devrimci-demokrat d\u00fc\u015f\u00fcncenin etkin oldu\u011fu d\u00f6nemin toplumsal-politik m\u00fccadelesinin merkezinde yerini ald\u0131. Dergi devrimci g\u00fc\u00e7lerin b\u00fcy\u00fck b\u00f6l\u00fcm\u00fcn\u00fc \u00e7evresinde toplam\u0131\u015ft\u0131.<\/p>\n<p style=\"text-align: justify;\">\u00c7erni\u015fevski 1855 y\u0131l\u0131nda yay\u0131nlad\u0131\u011f\u0131 &#8220;Sanat ve Ger\u00e7eklik Aras\u0131ndaki Estetik Ba\u011f\u0131nt\u0131lar\u0131&#8221; adl\u0131 yap\u0131t\u0131nda, idealist estetik anlay\u0131\u015f\u0131n\u0131 derin bir \u015fekilde ele\u015ftirdi ve ger\u00e7ek\u00e7i sanat\u0131n temel ilkelerini ortaya koydu. \u00c7a\u011fda\u015f dergisi s\u00fcreciyle d\u00fc\u015f\u00fcncelerini geli\u015ftiren ve sa\u011flamla\u015ft\u0131ran \u00c7erni\u015fevski, art\u0131k di\u011fer devrimci pratiklere daha \u00e7ok e\u011filmeye ba\u015flam\u0131\u015ft\u0131. 1861 &#8216;de yazd\u0131\u011f\u0131 &#8220;K\u00f6yl\u00fclerin Efendili\u011fi&#8221; adl\u0131 bir bildiriyle k\u00f6yl\u00fcleri \u00c7arl\u0131\u011fa kar\u015f\u0131 ayaklanmaya \u00e7a\u011f\u0131rd\u0131. Bu y\u0131llarda bir\u00e7ok makalesi \u00c7arl\u0131k taraf\u0131ndan yasakland\u0131. 1859&#8217;da Herzen ile birlikte Rusya&#8217;daki devrimci g\u00fc\u00e7lere bir eylem plan\u0131 haz\u0131rlamak amac\u0131yla Londra&#8217;ya gitti. Toprak sahiplerinin ve liberallerin, kendilerine uzla\u015fmaz ele\u015ftiriler y\u00f6nelten \u00c7erni\u015fevski&#8217;ye kar\u015f\u0131 nefretleri g\u00fcnden g\u00fcne b\u00fcy\u00fcyordu. \u00c7arl\u0131k h\u00fck\u00fcmetinin \u00c7erni\u015fevski&#8217;nin \u00e7al\u0131\u015fmalar\u0131n\u0131 durdurmak i\u00e7in kesin karar vermesi \u00fczerine, 1862&#8217;de yakalanarak Petropavlovsk Kalesi&#8217;ne kapat\u0131ld\u0131. &#8220;Nas\u0131l Yapmal\u0131?&#8221; roman\u0131n\u0131 da bu zindanda d\u00f6rt ay gibi k\u0131sa bir s\u00fcrede yazd\u0131. 1864&#8217;te, \u00c7erni\u015fevski&#8217;nin halk\u0131n \u00f6n\u00fcnde pi\u015fmanl\u0131k belirtmesi i\u00e7in, Mitninskiy Alan\u0131&#8217;nda \u00c7ar taraf\u0131ndan b\u00fcy\u00fck bir t\u00f6ren d\u00fczenlendi. \u00c7erni\u015fevski, otokrasinin bekledi\u011finin aksine d\u00fc\u015f\u00fcncelerini savundu, pi\u015fmanl\u0131k belirtmeyi reddetti. Bunun \u00fczerine \u00c7arl\u0131k onu vatanda\u015fl\u0131ktan \u00e7\u0131kart\u0131p, Sibirya&#8217;da 20 y\u0131l k\u00fcrek cezas\u0131na mahkum etti. Burada zorlu ya\u015fam ko\u015fullar\u0131na kar\u015f\u0131n \u00e7al\u0131\u015fmalar\u0131n\u0131 s\u00fcrd\u00fcrd\u00fc. Tutsakken, devrimci m\u00fccadeleyi yeniden canland\u0131rmak amac\u0131yla &#8220;Ba\u015flang\u0131\u00e7&#8221; (Prolog) adl\u0131 roman\u0131n\u0131 yazd\u0131. Bu romandan sonra &#8216;yazmas\u0131 yasakland\u0131&#8217;. Bu yasa\u011fa ra\u011fmen takma adlarla yaz\u0131 yaz\u0131p bunlar\u0131 devrimci \u00e7evrelere ula\u015ft\u0131rmaya \u00e7al\u0131\u015ft\u0131. Zindandan \u00e7\u0131kt\u0131ktan sonra 1889&#8217;da do\u011fdu\u011fu kent Saratov&#8217;a yerle\u015fti. \u00c7ok ge\u00e7meden orada beyin kanamas\u0131ndan ya\u015fam\u0131n\u0131 yitirdi.<\/p>\n<p>D\u00fc\u015f\u00fcnceleri<\/p>\n<p>*Ekonomi-politik anlay\u0131\u015f\u0131n\u0131n temelinde; Rusya&#8217;da bir k\u00f6yl\u00fc devrimiyle (temel ve \u00f6nc\u00fc g\u00fc\u00e7 olarak k\u00f6yl\u00fcleri g\u00f6r\u00fcyordu) ve eski k\u00f6yl\u00fc ortakl\u0131klar\u0131na (mir) dayanarak sosyalizme ge\u00e7ilmesi vard\u0131. Fakat &#8220;Nas\u0131l Yapmal\u0131?&#8221; roman\u0131nda fabrika sahibiyle i\u015f\u00e7iyi ayn\u0131 \u015fah\u0131sta birle\u015ftirmesi ve art\u0131-de\u011fer kuram\u0131ndan s\u00f6z etmesi de onun ileri g\u00f6r\u00fc\u015fl\u00fcl\u00fc\u011f\u00fcn\u00fcn g\u00f6stergesidir.<\/p>\n<p>* D\u00fcnya g\u00f6r\u00fc\u015f\u00fc, Herzen ve Belinski&#8217;nin fikirleri ve Alman felsefesinin, \u00f6zellikle de Feuerbach&#8217;\u0131n, etkisi alt\u0131ndayd\u0131. Fakat Hegel&#8217;in diyalekti\u011fini kavray\u0131\u015f bak\u0131m\u0131ndan Feuerbach&#8217;tan ilerdeydi.<\/p>\n<p>*Baz\u0131 g\u00f6r\u00fc\u015fleri ger\u00e7eklikle ba\u011fda\u015fmay\u0131p fazlas\u0131yla \u00fctopik olsa da \u00c7erni\u015fevski 1860&#8217;larda, Rusya&#8217;daki devrimci-demokratik hareketin \u00f6nderiydi. Lenin&#8217;in deyimiyle, &#8220;K\u00f6yl\u00fc devrimi fikrini, eski otoritenin y\u0131k\u0131lmas\u0131 i\u00e7in y\u0131\u011f\u0131nsal m\u00fccadele y\u00fcr\u00fctme fikrini&#8221; \u0131srarla izleyen Rus sosyal demokratlar\u0131n \u00f6nc\u00fclerinden biriydi. Yine Lenin&#8217;in belirtti\u011fi gibi Rusya&#8217;daki b\u00fct\u00fcn bir devrimci ku\u015fak, \u00c7erni\u015fevski&#8217;nin s\u0131n\u0131f ruhunu uyand\u0131ran ve uyan\u0131k tutan yaz\u0131lar\u0131yla yeti\u015fmi\u015ftir.<\/p>\n<p>\u00c7erni\u015fevski&#8217;den se\u00e7me s\u00f6zler:<\/p>\n<p>*E\u011fer devrim sanata ruh verebilirse, sanat da devrimin dili olabilir. *Y\u00fcce, soylu ve ahlakl\u0131 olan\u0131n de\u011ferini ve t\u00fcm b\u00fcy\u00fckl\u00fc\u011f\u00fcn\u00fc anlayanlar, ona ate\u015fli bir tutkuyla ba\u011flananlar, g\u00fclmeceye yatk\u0131n yarad\u0131l\u0131\u015fl\u0131 ki\u015filerdir.<\/p>\n<p>*Tarih yolu, Nevskiy Caddesi&#8217;nin (Moskova&#8217;daki en b\u00fcy\u00fck cadde) yaya kald\u0131r\u0131m\u0131 de\u011fildir. Tarihin yolu durmaks\u0131z\u0131n kimi tozlu kimi \u00e7amurlu alanlardan a\u015far, batakl\u0131klardan, yarlardan ve u\u00e7urumlardan ge\u00e7er. Toza bo\u011fulmaktan ve ayakkab\u0131lar\u0131n\u0131 kirletmekten korkan ki\u015fi her t\u00fcrl\u00fc sosyal faaliyetten sak\u0131ns\u0131n.<\/p>\n<p>*G\u00fczel bir y\u00fcz \u00e7izmekle, g\u00fczel bir y\u00fcz yaratmak aras\u0131nda fark vard\u0131r.<\/p>\n<p>*Teorik a\u00e7\u0131dan liberalizm, mutlu bir rastlant\u0131 sonucu maddesel ihtiya\u00e7lardan s\u0131yr\u0131lm\u0131\u015f bir kimse i\u00e7in \u00e7ekici g\u00f6z\u00fckebilir: Son derece tatl\u0131 \u015feydir \u00f6zg\u00fcrl\u00fck. Ama liberalizm, alabildi\u011fine dar ve salt \u015fekilsel bir tarzda tasarlamakta \u00f6zg\u00fcrl\u00fc\u011f\u00fc. Onun g\u00f6z\u00fcnde \u00f6zg\u00fcrl\u00fck, soyut bir hakka ka\u011f\u0131t \u00fczerinde kalan bir yetkiye, hukuksal yasaklama yoklu\u011funa indirgenmi\u015f oluyor. Anlamak istemiyor ki, hukuksal yasaks\u0131zl\u0131k ve izin, bir insan i\u00e7in ancak bu insan bu izni kullanabilmek i\u00e7in gerekli maddesel ara\u00e7lara sahipse bir de\u011fer ta\u015f\u0131r.<\/p>\n<p>Nas\u0131l Yapmal\u0131 ? Roman\u0131 \u00dczerine<\/p>\n<p>Roman \u00e7\u0131kt\u0131ktan sonra Rusya&#8217;da b\u00fcy\u00fck yank\u0131 uyand\u0131rd\u0131. Gerek edebi niteli\u011fi, gerekse i\u00e7eri\u011fi bir\u00e7ok \u00e7evrede tart\u0131\u015f\u0131lmaya ba\u015fland\u0131. Roman\u0131n\u0131n ana temas\u0131n\u0131n kad\u0131n sorunu oldu\u011fu a\u015fk-evlilik ili\u015fkilerinin roman\u0131n ba\u015fl\u0131ca konular\u0131n\u0131 olu\u015fturdu\u011fu s\u0131k\u00e7a \u00f6ne s\u00fcr\u00fcld\u00fc. Yazar\u0131n\u0131n hayat\u0131n\u0131 tan\u0131d\u0131ktan sonra, art\u0131k roman\u0131n anlatmaya \u00e7al\u0131\u015ft\u0131\u011f\u0131 \u015feyi \u00e7ok iyi anlayabiliriz. Roman\u0131n konusu, yeni insanlard\u0131r. &#8220;Onlar da kim?&#8221; diyeceksiniz? Eski insanlar\u0131 anlat\u0131rsak yenilerini daha iyi anlar\u0131z. Bu &#8216;eskiler&#8217; \u00fclkeyi y\u00f6netmekte olan egemenler, beyler, pa\u015falar, toprak sahipleri k\u0131saca soylular ve yeni yeni geli\u015fmeye ba\u015flayan burjuvazidir. Yeni insanlar ise romanda d\u00f6rt karakterde kar\u015f\u0131m\u0131za \u00e7\u0131kmaktad\u0131r. Bunlar Vera, Lopuhov, Kirsanov ve en \u00f6nemlisi Rahmetov&#8217;dur. Rahmetov&#8217;un \u00f6nemli olmas\u0131n\u0131n sebebi, yazar\u0131n konunun gidi\u015fat\u0131na g\u00f6re. hi\u00e7 gerekli olmamas\u0131na ra\u011fmen, bu karakteri romana sokmu\u015f olmas\u0131d\u0131r. As\u0131l ama\u00e7 bu yeni insanlar dedi\u011fimiz toplulu\u011fun en sivrilenini, en kesin ilkelisini (Rahmetov \u0130lkeleri: <br \/>1-A\u011fz\u0131ma i\u00e7ki koymuyorum. <br \/>2-Kad\u0131nlara el s\u00fcrm\u00fcyorum. <br \/>3-Giyimime \u00f6zen g\u00f6stermiyorum <br \/>4-Yatarken alt\u0131mda kesinlikle \u015filte olmaz, yere bir ke\u00e7e serer \u00fczerine yatar\u0131m) yani \u00f6nderini, \u00c7erni\u015fevski&#8217;nin bize tan\u0131tmak istemesidir. Bu yeni insanlar\u0131n karakterleri birbirinden \u00e7ok farkl\u0131 olmas\u0131na ra\u011fmen, \u00f6zde hepsi ayn\u0131 insanlard\u0131r. Bu insanlar\u0131n ortak \u00f6zellikleri al\u00e7ak g\u00f6n\u00fcll\u00fc olmalar\u0131, bilin\u00e7lerinin berrak olmas\u0131, sa\u011flam iradeli-\u00f6l\u00e7\u00fcl\u00fc olmalar\u0131 ve kendilerini kar\u015f\u0131lar\u0131ndakinin yerine koyabilme anlay\u0131\u015f\u0131na sahip olmalar\u0131d\u0131r. Romanda yeni insanlar anlat\u0131ld\u0131\u011f\u0131 gibi eski d\u00fczenin insanlar\u0131 ve onlar\u0131n yeni insanlarla ili\u015fkileri de anlat\u0131lmaktad\u0131r. Romanda ge\u00e7en bu tip ili\u015fkilerin en \u00f6nemlilerinden biri Lopuhov&#8217;la Vera&#8217;n\u0131n annesi Mariya Alekseyevna&#8217;n\u0131n ili\u015fkisidir. Lopuhov, burada, \u00e7ok do\u011fru bir taktikle, ya\u015fl\u0131 ve g\u00f6r\u00fc\u015fleri kronikle\u015fmi\u015f Mariya Alekseyevna&#8217;y\u0131 de\u011fi\u015ftirmeye u\u011fra\u015fm\u0131yor; m\u00fcmk\u00fcn oldu\u011fu kadar onunla ortakla\u015fmaya \u00e7al\u0131\u015f\u0131yordu. Bu yapt\u0131\u011f\u0131 usta manevrayla Vera&#8217;y\u0131 kazan\u0131yordu.<\/p>\n<p>Romanda oda sistemiyle, kad\u0131n-erkek ili\u015fkilerine yeni bir boyut getiren \u00c7erni\u015fevski; &#8220;mant\u0131kl\u0131 egoizm&#8221; g\u00f6r\u00fc\u015f\u00fcyle (insano\u011flu, do\u011fas\u0131 gere\u011fi iyi bir yarat\u0131kt\u0131r, bilimin ve mant\u0131\u011f\u0131n yard\u0131m\u0131yla ayd\u0131nlat\u0131l\u0131rsa kendi \u00e7\u0131kar\u0131n\u0131n mant\u0131kl\u0131 davranmakta oldu\u011funu g\u00f6recek; b\u00f6ylece kendi \u00e7\u0131kar\u0131n\u0131n pe\u015finden ko\u015farken bile mant\u0131kl\u0131 bir m\u00fckemmel \u00fctopik toplum kuracakt\u0131) mekanik maddecilik ve sosyalist d\u00fc\u015f\u00fcnceyi birle\u015ftirmeye u\u011fra\u015f\u0131yordu. Ayn\u0131 zamanda diki\u015f at\u00f6lyesindeki sistem ve zaman ge\u00e7tik\u00e7e insanlar\u0131n daha iyi olaca\u011f\u0131 g\u00f6r\u00fc\u015f\u00fc \u00c7erni\u015fevski&#8217;nin modernist ve ilerlemeci bir bak\u0131\u015f a\u00e7\u0131s\u0131 oldu\u011funu g\u00f6steriyordu.<\/p>\n<p>Roman\u0131n dili ve edebi niteli\u011fi konusunda hi\u00e7bir iddia ta\u015f\u0131mad\u0131\u011f\u0131n\u0131 s\u00f6yleyen \u00c7erni\u015fevski bu g\u00f6r\u00fc\u015f\u00fcyle roman\u0131n bir propaganda roman\u0131 oldu\u011funu bize g\u00f6steriyor.<\/p>\n<p>\u00c7erni\u015fevski anlat\u0131c\u0131 olarak romanda olaylara, ki\u015filere mesafeli ve tarafs\u0131z yakla\u015fm\u0131yor. Yazar\u0131n yarg\u0131lar\u0131n\u0131, kitap boyunca yan\u0131m\u0131zda hissediyoruz. Sanki bizimle beraber okuyor ve bizimle beraber m\u0131r\u0131ldan\u0131yor. Y\u00f6ntemin iki amac\u0131 var: 1-Didaktik unsurlara g\u00fc\u00e7 kazand\u0131rmak 2-Metnin sat\u0131r aralar\u0131na gizlenmek-tense a\u00e7\u0131k\u00e7a ortaya \u00e7\u0131k\u0131p, okuyucuyla olan mesafeyi azalt\u0131p, samimiyet kurmak.<\/p>\n<p>Romanda ge\u00e7en r\u00fcyalarda tarihsel s\u0131raya g\u00f6re gidersek; \u00f6nce karanl\u0131ktan \u0131\u015f\u0131\u011fa \u00e7\u0131k\u0131\u015f yan! \u00f6zg\u00fcrl\u00fck, sonra ayd\u0131nlanma ve daha sonra da yeni insanlar\u0131n olu\u015fturdu\u011fu toplumun eski k\u00f6y ortakl\u0131klar\u0131na benzer bir yerde nas\u0131l ya\u015fad\u0131\u011f\u0131 konu ediliyor.<\/p>\n<p>&#8220;Nas\u0131l Yapmal\u0131?&#8221; roman\u0131 \u00f6nce Rusya&#8217;da, daha sonra di\u011fer \u00fclkelerde bir\u00e7ok devrimci ve demokrat ku\u015fa\u011f\u0131n yeti\u015fmesinde yetkinle\u015fmesinde ve d\u00fc\u015f\u00fcnsel \u00fcretime katk\u0131 sunmas\u0131nda \u00e7ok \u00f6nemli bir rol oynam\u0131\u015ft\u0131r. T\u00fcketim toplumunun en a\u015f\u0131r\u0131 noktalara vard\u0131\u011f\u0131; \u00f6l\u00e7\u00fcs\u00fczl\u00fc\u011f\u00fcn, iradesizli\u011fin \u00f6zg\u00fcrl\u00fck olarak anlat\u0131lmaya \u00e7al\u0131\u015f\u0131ld\u0131\u011f\u0131 bir d\u00f6nemde &#8220;Nas\u0131l Yapmal\u0131?&#8221;, yeni insanlar\u0131n ve yeni insan olmay\u0131 hedefleyenlerin oksijen \u00e7ad\u0131r\u0131d\u0131r.<\/p>\n","protected":false},"excerpt":{"rendered":"<p>Karl Marx, \u00c7erni\u015fevski&#8217;yi, &#8220;burjuva iktisad\u0131n\u0131n iflas\u0131n\u0131 ustaca ortaya koyan b\u00fcy\u00fck Rus ara\u015ft\u0131rmac\u0131s\u0131 ve ele\u015ftirmeni&#8221; olarak tan\u0131mlar. Ancak \u00c7erni\u015fevski bir marksist de\u011fildi, daha do\u011frusu marksist yaz\u0131ndan habersizdi. 1828 y\u0131l\u0131nda Saratov&#8217;da do\u011fdu. Bir rahip ailesinden olan \u00c7erni\u015fevski, ilk e\u011fitimini Saratov papaz okulunda g\u00f6rd\u00fc. 1846 y\u0131l\u0131nda St. Petersburg \u00dcniversitesi&#8217;ne girdi. \u00dcniversite y\u0131llar\u0131nda, Avrupa&#8217;daki 1848 devrimlerinden sonra g\u00fc\u00e7lenen Rus [&hellip;]<\/p>\n","protected":false},"author":1,"featured_media":0,"comment_status":"open","ping_status":"open","sticky":false,"template":"","format":"standard","meta":{"footnotes":""},"categories":[134],"tags":[],"class_list":{"0":"post-4611","1":"post","2":"type-post","3":"status-publish","4":"format-standard","6":"category-kuram"},"yoast_head":"<!-- This site is optimized with the Yoast SEO Premium plugin v24.9 (Yoast SEO v24.9) - https:\/\/yoast.com\/wordpress\/plugins\/seo\/ -->\n<title>Burjuva iktisad\u0131n\u0131n iflas\u0131n\u0131 ustaca ortaya koyan b\u00fcy\u00fck Rus ara\u015ft\u0131rmac\u0131s\u0131 ve ele\u015ftirmeni | N. \u00c7erni\u015fevski - narteks.net<\/title>\n<meta name=\"robots\" content=\"index, follow, max-snippet:-1, max-image-preview:large, max-video-preview:-1\" \/>\n<link rel=\"canonical\" href=\"https:\/\/narteks.net\/index.php\/2010\/06\/07\/burjuva-iktisadinin-iflasini-ustaca-ortaya-koyan-buyuk-rus-arastirmacisi-ve-elestirmeni-n-cernisevski\/\" \/>\n<meta property=\"og:locale\" content=\"tr_TR\" \/>\n<meta property=\"og:type\" content=\"article\" \/>\n<meta property=\"og:title\" content=\"Burjuva iktisad\u0131n\u0131n iflas\u0131n\u0131 ustaca ortaya koyan b\u00fcy\u00fck Rus ara\u015ft\u0131rmac\u0131s\u0131 ve ele\u015ftirmeni | N. \u00c7erni\u015fevski\" \/>\n<meta property=\"og:description\" content=\"Karl Marx, \u00c7erni\u015fevski&#8217;yi, &#8220;burjuva iktisad\u0131n\u0131n iflas\u0131n\u0131 ustaca ortaya koyan b\u00fcy\u00fck Rus ara\u015ft\u0131rmac\u0131s\u0131 ve ele\u015ftirmeni&#8221; olarak tan\u0131mlar. Ancak \u00c7erni\u015fevski bir marksist de\u011fildi, daha do\u011frusu marksist yaz\u0131ndan habersizdi. 1828 y\u0131l\u0131nda Saratov&#8217;da do\u011fdu. Bir rahip ailesinden olan \u00c7erni\u015fevski, ilk e\u011fitimini Saratov papaz okulunda g\u00f6rd\u00fc. 1846 y\u0131l\u0131nda St. Petersburg \u00dcniversitesi&#8217;ne girdi. \u00dcniversite y\u0131llar\u0131nda, Avrupa&#8217;daki 1848 devrimlerinden sonra g\u00fc\u00e7lenen Rus [&hellip;]\" \/>\n<meta property=\"og:url\" content=\"https:\/\/narteks.net\/index.php\/2010\/06\/07\/burjuva-iktisadinin-iflasini-ustaca-ortaya-koyan-buyuk-rus-arastirmacisi-ve-elestirmeni-n-cernisevski\/\" \/>\n<meta property=\"og:site_name\" content=\"narteks.net\" \/>\n<meta property=\"article:published_time\" content=\"2010-06-07T07:04:32+00:00\" \/>\n<meta property=\"og:image\" content=\"http:\/\/www.atilim.org\/haberler\/2009\/10\/17\/resimler\/Yeni_insan__Nasil_Yapmali_ve_cernisevski_20091017_090302.jpg\" \/>\n<meta name=\"author\" content=\"Tar\u0131k\" \/>\n<meta name=\"twitter:card\" content=\"summary_large_image\" \/>\n<meta name=\"twitter:creator\" content=\"@narteks\" \/>\n<meta name=\"twitter:site\" content=\"@narteks\" \/>\n<meta name=\"twitter:label1\" content=\"Yazan:\" \/>\n\t<meta name=\"twitter:data1\" content=\"Tar\u0131k\" \/>\n\t<meta name=\"twitter:label2\" content=\"Tahmini okuma s\u00fcresi\" \/>\n\t<meta name=\"twitter:data2\" content=\"8 dakika\" \/>\n<script type=\"application\/ld+json\" class=\"yoast-schema-graph\">{\"@context\":\"https:\/\/schema.org\",\"@graph\":[{\"@type\":\"Article\",\"@id\":\"https:\/\/narteks.net\/index.php\/2010\/06\/07\/burjuva-iktisadinin-iflasini-ustaca-ortaya-koyan-buyuk-rus-arastirmacisi-ve-elestirmeni-n-cernisevski\/#article\",\"isPartOf\":{\"@id\":\"https:\/\/narteks.net\/index.php\/2010\/06\/07\/burjuva-iktisadinin-iflasini-ustaca-ortaya-koyan-buyuk-rus-arastirmacisi-ve-elestirmeni-n-cernisevski\/\"},\"author\":{\"name\":\"Tar\u0131k\",\"@id\":\"https:\/\/narteks.net\/#\/schema\/person\/61f37d9834294b72d31d274e7ed79bca\"},\"headline\":\"Burjuva iktisad\u0131n\u0131n iflas\u0131n\u0131 ustaca ortaya koyan b\u00fcy\u00fck Rus ara\u015ft\u0131rmac\u0131s\u0131 ve ele\u015ftirmeni | N. \u00c7erni\u015fevski\",\"datePublished\":\"2010-06-07T07:04:32+00:00\",\"mainEntityOfPage\":{\"@id\":\"https:\/\/narteks.net\/index.php\/2010\/06\/07\/burjuva-iktisadinin-iflasini-ustaca-ortaya-koyan-buyuk-rus-arastirmacisi-ve-elestirmeni-n-cernisevski\/\"},\"wordCount\":1637,\"commentCount\":0,\"publisher\":{\"@id\":\"https:\/\/narteks.net\/#organization\"},\"image\":{\"@id\":\"https:\/\/narteks.net\/index.php\/2010\/06\/07\/burjuva-iktisadinin-iflasini-ustaca-ortaya-koyan-buyuk-rus-arastirmacisi-ve-elestirmeni-n-cernisevski\/#primaryimage\"},\"thumbnailUrl\":\"http:\/\/www.atilim.org\/haberler\/2009\/10\/17\/resimler\/Yeni_insan__Nasil_Yapmali_ve_cernisevski_20091017_090302.jpg\",\"articleSection\":[\"Kuram\"],\"inLanguage\":\"tr\",\"potentialAction\":[{\"@type\":\"CommentAction\",\"name\":\"Comment\",\"target\":[\"https:\/\/narteks.net\/index.php\/2010\/06\/07\/burjuva-iktisadinin-iflasini-ustaca-ortaya-koyan-buyuk-rus-arastirmacisi-ve-elestirmeni-n-cernisevski\/#respond\"]}]},{\"@type\":\"WebPage\",\"@id\":\"https:\/\/narteks.net\/index.php\/2010\/06\/07\/burjuva-iktisadinin-iflasini-ustaca-ortaya-koyan-buyuk-rus-arastirmacisi-ve-elestirmeni-n-cernisevski\/\",\"url\":\"https:\/\/narteks.net\/index.php\/2010\/06\/07\/burjuva-iktisadinin-iflasini-ustaca-ortaya-koyan-buyuk-rus-arastirmacisi-ve-elestirmeni-n-cernisevski\/\",\"name\":\"Burjuva iktisad\u0131n\u0131n iflas\u0131n\u0131 ustaca ortaya koyan b\u00fcy\u00fck Rus ara\u015ft\u0131rmac\u0131s\u0131 ve ele\u015ftirmeni | N. \u00c7erni\u015fevski - narteks.net\",\"isPartOf\":{\"@id\":\"https:\/\/narteks.net\/#website\"},\"primaryImageOfPage\":{\"@id\":\"https:\/\/narteks.net\/index.php\/2010\/06\/07\/burjuva-iktisadinin-iflasini-ustaca-ortaya-koyan-buyuk-rus-arastirmacisi-ve-elestirmeni-n-cernisevski\/#primaryimage\"},\"image\":{\"@id\":\"https:\/\/narteks.net\/index.php\/2010\/06\/07\/burjuva-iktisadinin-iflasini-ustaca-ortaya-koyan-buyuk-rus-arastirmacisi-ve-elestirmeni-n-cernisevski\/#primaryimage\"},\"thumbnailUrl\":\"http:\/\/www.atilim.org\/haberler\/2009\/10\/17\/resimler\/Yeni_insan__Nasil_Yapmali_ve_cernisevski_20091017_090302.jpg\",\"datePublished\":\"2010-06-07T07:04:32+00:00\",\"breadcrumb\":{\"@id\":\"https:\/\/narteks.net\/index.php\/2010\/06\/07\/burjuva-iktisadinin-iflasini-ustaca-ortaya-koyan-buyuk-rus-arastirmacisi-ve-elestirmeni-n-cernisevski\/#breadcrumb\"},\"inLanguage\":\"tr\",\"potentialAction\":[{\"@type\":\"ReadAction\",\"target\":[\"https:\/\/narteks.net\/index.php\/2010\/06\/07\/burjuva-iktisadinin-iflasini-ustaca-ortaya-koyan-buyuk-rus-arastirmacisi-ve-elestirmeni-n-cernisevski\/\"]}]},{\"@type\":\"ImageObject\",\"inLanguage\":\"tr\",\"@id\":\"https:\/\/narteks.net\/index.php\/2010\/06\/07\/burjuva-iktisadinin-iflasini-ustaca-ortaya-koyan-buyuk-rus-arastirmacisi-ve-elestirmeni-n-cernisevski\/#primaryimage\",\"url\":\"http:\/\/www.atilim.org\/haberler\/2009\/10\/17\/resimler\/Yeni_insan__Nasil_Yapmali_ve_cernisevski_20091017_090302.jpg\",\"contentUrl\":\"http:\/\/www.atilim.org\/haberler\/2009\/10\/17\/resimler\/Yeni_insan__Nasil_Yapmali_ve_cernisevski_20091017_090302.jpg\"},{\"@type\":\"BreadcrumbList\",\"@id\":\"https:\/\/narteks.net\/index.php\/2010\/06\/07\/burjuva-iktisadinin-iflasini-ustaca-ortaya-koyan-buyuk-rus-arastirmacisi-ve-elestirmeni-n-cernisevski\/#breadcrumb\",\"itemListElement\":[{\"@type\":\"ListItem\",\"position\":1,\"name\":\"Anasayfa\",\"item\":\"https:\/\/narteks.net\/\"},{\"@type\":\"ListItem\",\"position\":2,\"name\":\"Burjuva iktisad\u0131n\u0131n iflas\u0131n\u0131 ustaca ortaya koyan b\u00fcy\u00fck Rus ara\u015ft\u0131rmac\u0131s\u0131 ve ele\u015ftirmeni | N. \u00c7erni\u015fevski\"}]},{\"@type\":\"WebSite\",\"@id\":\"https:\/\/narteks.net\/#website\",\"url\":\"https:\/\/narteks.net\/\",\"name\":\"narteks.net\",\"description\":\"K\u00fclt\u00fcr Sanat Edebiyat Felsefe\",\"publisher\":{\"@id\":\"https:\/\/narteks.net\/#organization\"},\"alternateName\":\"K\u00fclt\u00fcr Sanat Edebiyat Felsefe\",\"potentialAction\":[{\"@type\":\"SearchAction\",\"target\":{\"@type\":\"EntryPoint\",\"urlTemplate\":\"https:\/\/narteks.net\/?s={search_term_string}\"},\"query-input\":{\"@type\":\"PropertyValueSpecification\",\"valueRequired\":true,\"valueName\":\"search_term_string\"}}],\"inLanguage\":\"tr\"},{\"@type\":\"Organization\",\"@id\":\"https:\/\/narteks.net\/#organization\",\"name\":\"narteks.net\",\"url\":\"https:\/\/narteks.net\/\",\"logo\":{\"@type\":\"ImageObject\",\"inLanguage\":\"tr\",\"@id\":\"https:\/\/narteks.net\/#\/schema\/logo\/image\/\",\"url\":\"https:\/\/narteks.net\/wp-content\/uploads\/narteks.png\",\"contentUrl\":\"https:\/\/narteks.net\/wp-content\/uploads\/narteks.png\",\"width\":300,\"height\":90,\"caption\":\"narteks.net\"},\"image\":{\"@id\":\"https:\/\/narteks.net\/#\/schema\/logo\/image\/\"},\"sameAs\":[\"https:\/\/x.com\/narteks\",\"https:\/\/instagram.com\/narteksnet\"]},{\"@type\":\"Person\",\"@id\":\"https:\/\/narteks.net\/#\/schema\/person\/61f37d9834294b72d31d274e7ed79bca\",\"name\":\"Tar\u0131k\",\"image\":{\"@type\":\"ImageObject\",\"inLanguage\":\"tr\",\"@id\":\"https:\/\/narteks.net\/#\/schema\/person\/image\/\",\"url\":\"https:\/\/secure.gravatar.com\/avatar\/50865afb55632c4ae467e0af0930f6510aa2297d8014be502a55b14f3b7550cf?s=96&d=mm&r=g\",\"contentUrl\":\"https:\/\/secure.gravatar.com\/avatar\/50865afb55632c4ae467e0af0930f6510aa2297d8014be502a55b14f3b7550cf?s=96&d=mm&r=g\",\"caption\":\"Tar\u0131k\"},\"sameAs\":[\"http:\/\/narteks.net\"],\"url\":\"https:\/\/narteks.net\/index.php\/author\/narbak\/\"}]}<\/script>\n<!-- \/ Yoast SEO Premium plugin. -->","yoast_head_json":{"title":"Burjuva iktisad\u0131n\u0131n iflas\u0131n\u0131 ustaca ortaya koyan b\u00fcy\u00fck Rus ara\u015ft\u0131rmac\u0131s\u0131 ve ele\u015ftirmeni | N. \u00c7erni\u015fevski - narteks.net","robots":{"index":"index","follow":"follow","max-snippet":"max-snippet:-1","max-image-preview":"max-image-preview:large","max-video-preview":"max-video-preview:-1"},"canonical":"https:\/\/narteks.net\/index.php\/2010\/06\/07\/burjuva-iktisadinin-iflasini-ustaca-ortaya-koyan-buyuk-rus-arastirmacisi-ve-elestirmeni-n-cernisevski\/","og_locale":"tr_TR","og_type":"article","og_title":"Burjuva iktisad\u0131n\u0131n iflas\u0131n\u0131 ustaca ortaya koyan b\u00fcy\u00fck Rus ara\u015ft\u0131rmac\u0131s\u0131 ve ele\u015ftirmeni | N. \u00c7erni\u015fevski","og_description":"Karl Marx, \u00c7erni\u015fevski&#8217;yi, &#8220;burjuva iktisad\u0131n\u0131n iflas\u0131n\u0131 ustaca ortaya koyan b\u00fcy\u00fck Rus ara\u015ft\u0131rmac\u0131s\u0131 ve ele\u015ftirmeni&#8221; olarak tan\u0131mlar. Ancak \u00c7erni\u015fevski bir marksist de\u011fildi, daha do\u011frusu marksist yaz\u0131ndan habersizdi. 1828 y\u0131l\u0131nda Saratov&#8217;da do\u011fdu. Bir rahip ailesinden olan \u00c7erni\u015fevski, ilk e\u011fitimini Saratov papaz okulunda g\u00f6rd\u00fc. 1846 y\u0131l\u0131nda St. Petersburg \u00dcniversitesi&#8217;ne girdi. \u00dcniversite y\u0131llar\u0131nda, Avrupa&#8217;daki 1848 devrimlerinden sonra g\u00fc\u00e7lenen Rus [&hellip;]","og_url":"https:\/\/narteks.net\/index.php\/2010\/06\/07\/burjuva-iktisadinin-iflasini-ustaca-ortaya-koyan-buyuk-rus-arastirmacisi-ve-elestirmeni-n-cernisevski\/","og_site_name":"narteks.net","article_published_time":"2010-06-07T07:04:32+00:00","og_image":[{"url":"http:\/\/www.atilim.org\/haberler\/2009\/10\/17\/resimler\/Yeni_insan__Nasil_Yapmali_ve_cernisevski_20091017_090302.jpg","type":"","width":"","height":""}],"author":"Tar\u0131k","twitter_card":"summary_large_image","twitter_creator":"@narteks","twitter_site":"@narteks","twitter_misc":{"Yazan:":"Tar\u0131k","Tahmini okuma s\u00fcresi":"8 dakika"},"schema":{"@context":"https:\/\/schema.org","@graph":[{"@type":"Article","@id":"https:\/\/narteks.net\/index.php\/2010\/06\/07\/burjuva-iktisadinin-iflasini-ustaca-ortaya-koyan-buyuk-rus-arastirmacisi-ve-elestirmeni-n-cernisevski\/#article","isPartOf":{"@id":"https:\/\/narteks.net\/index.php\/2010\/06\/07\/burjuva-iktisadinin-iflasini-ustaca-ortaya-koyan-buyuk-rus-arastirmacisi-ve-elestirmeni-n-cernisevski\/"},"author":{"name":"Tar\u0131k","@id":"https:\/\/narteks.net\/#\/schema\/person\/61f37d9834294b72d31d274e7ed79bca"},"headline":"Burjuva iktisad\u0131n\u0131n iflas\u0131n\u0131 ustaca ortaya koyan b\u00fcy\u00fck Rus ara\u015ft\u0131rmac\u0131s\u0131 ve ele\u015ftirmeni | N. \u00c7erni\u015fevski","datePublished":"2010-06-07T07:04:32+00:00","mainEntityOfPage":{"@id":"https:\/\/narteks.net\/index.php\/2010\/06\/07\/burjuva-iktisadinin-iflasini-ustaca-ortaya-koyan-buyuk-rus-arastirmacisi-ve-elestirmeni-n-cernisevski\/"},"wordCount":1637,"commentCount":0,"publisher":{"@id":"https:\/\/narteks.net\/#organization"},"image":{"@id":"https:\/\/narteks.net\/index.php\/2010\/06\/07\/burjuva-iktisadinin-iflasini-ustaca-ortaya-koyan-buyuk-rus-arastirmacisi-ve-elestirmeni-n-cernisevski\/#primaryimage"},"thumbnailUrl":"http:\/\/www.atilim.org\/haberler\/2009\/10\/17\/resimler\/Yeni_insan__Nasil_Yapmali_ve_cernisevski_20091017_090302.jpg","articleSection":["Kuram"],"inLanguage":"tr","potentialAction":[{"@type":"CommentAction","name":"Comment","target":["https:\/\/narteks.net\/index.php\/2010\/06\/07\/burjuva-iktisadinin-iflasini-ustaca-ortaya-koyan-buyuk-rus-arastirmacisi-ve-elestirmeni-n-cernisevski\/#respond"]}]},{"@type":"WebPage","@id":"https:\/\/narteks.net\/index.php\/2010\/06\/07\/burjuva-iktisadinin-iflasini-ustaca-ortaya-koyan-buyuk-rus-arastirmacisi-ve-elestirmeni-n-cernisevski\/","url":"https:\/\/narteks.net\/index.php\/2010\/06\/07\/burjuva-iktisadinin-iflasini-ustaca-ortaya-koyan-buyuk-rus-arastirmacisi-ve-elestirmeni-n-cernisevski\/","name":"Burjuva iktisad\u0131n\u0131n iflas\u0131n\u0131 ustaca ortaya koyan b\u00fcy\u00fck Rus ara\u015ft\u0131rmac\u0131s\u0131 ve ele\u015ftirmeni | N. \u00c7erni\u015fevski - narteks.net","isPartOf":{"@id":"https:\/\/narteks.net\/#website"},"primaryImageOfPage":{"@id":"https:\/\/narteks.net\/index.php\/2010\/06\/07\/burjuva-iktisadinin-iflasini-ustaca-ortaya-koyan-buyuk-rus-arastirmacisi-ve-elestirmeni-n-cernisevski\/#primaryimage"},"image":{"@id":"https:\/\/narteks.net\/index.php\/2010\/06\/07\/burjuva-iktisadinin-iflasini-ustaca-ortaya-koyan-buyuk-rus-arastirmacisi-ve-elestirmeni-n-cernisevski\/#primaryimage"},"thumbnailUrl":"http:\/\/www.atilim.org\/haberler\/2009\/10\/17\/resimler\/Yeni_insan__Nasil_Yapmali_ve_cernisevski_20091017_090302.jpg","datePublished":"2010-06-07T07:04:32+00:00","breadcrumb":{"@id":"https:\/\/narteks.net\/index.php\/2010\/06\/07\/burjuva-iktisadinin-iflasini-ustaca-ortaya-koyan-buyuk-rus-arastirmacisi-ve-elestirmeni-n-cernisevski\/#breadcrumb"},"inLanguage":"tr","potentialAction":[{"@type":"ReadAction","target":["https:\/\/narteks.net\/index.php\/2010\/06\/07\/burjuva-iktisadinin-iflasini-ustaca-ortaya-koyan-buyuk-rus-arastirmacisi-ve-elestirmeni-n-cernisevski\/"]}]},{"@type":"ImageObject","inLanguage":"tr","@id":"https:\/\/narteks.net\/index.php\/2010\/06\/07\/burjuva-iktisadinin-iflasini-ustaca-ortaya-koyan-buyuk-rus-arastirmacisi-ve-elestirmeni-n-cernisevski\/#primaryimage","url":"http:\/\/www.atilim.org\/haberler\/2009\/10\/17\/resimler\/Yeni_insan__Nasil_Yapmali_ve_cernisevski_20091017_090302.jpg","contentUrl":"http:\/\/www.atilim.org\/haberler\/2009\/10\/17\/resimler\/Yeni_insan__Nasil_Yapmali_ve_cernisevski_20091017_090302.jpg"},{"@type":"BreadcrumbList","@id":"https:\/\/narteks.net\/index.php\/2010\/06\/07\/burjuva-iktisadinin-iflasini-ustaca-ortaya-koyan-buyuk-rus-arastirmacisi-ve-elestirmeni-n-cernisevski\/#breadcrumb","itemListElement":[{"@type":"ListItem","position":1,"name":"Anasayfa","item":"https:\/\/narteks.net\/"},{"@type":"ListItem","position":2,"name":"Burjuva iktisad\u0131n\u0131n iflas\u0131n\u0131 ustaca ortaya koyan b\u00fcy\u00fck Rus ara\u015ft\u0131rmac\u0131s\u0131 ve ele\u015ftirmeni | N. \u00c7erni\u015fevski"}]},{"@type":"WebSite","@id":"https:\/\/narteks.net\/#website","url":"https:\/\/narteks.net\/","name":"narteks.net","description":"K\u00fclt\u00fcr Sanat Edebiyat Felsefe","publisher":{"@id":"https:\/\/narteks.net\/#organization"},"alternateName":"K\u00fclt\u00fcr Sanat Edebiyat Felsefe","potentialAction":[{"@type":"SearchAction","target":{"@type":"EntryPoint","urlTemplate":"https:\/\/narteks.net\/?s={search_term_string}"},"query-input":{"@type":"PropertyValueSpecification","valueRequired":true,"valueName":"search_term_string"}}],"inLanguage":"tr"},{"@type":"Organization","@id":"https:\/\/narteks.net\/#organization","name":"narteks.net","url":"https:\/\/narteks.net\/","logo":{"@type":"ImageObject","inLanguage":"tr","@id":"https:\/\/narteks.net\/#\/schema\/logo\/image\/","url":"https:\/\/narteks.net\/wp-content\/uploads\/narteks.png","contentUrl":"https:\/\/narteks.net\/wp-content\/uploads\/narteks.png","width":300,"height":90,"caption":"narteks.net"},"image":{"@id":"https:\/\/narteks.net\/#\/schema\/logo\/image\/"},"sameAs":["https:\/\/x.com\/narteks","https:\/\/instagram.com\/narteksnet"]},{"@type":"Person","@id":"https:\/\/narteks.net\/#\/schema\/person\/61f37d9834294b72d31d274e7ed79bca","name":"Tar\u0131k","image":{"@type":"ImageObject","inLanguage":"tr","@id":"https:\/\/narteks.net\/#\/schema\/person\/image\/","url":"https:\/\/secure.gravatar.com\/avatar\/50865afb55632c4ae467e0af0930f6510aa2297d8014be502a55b14f3b7550cf?s=96&d=mm&r=g","contentUrl":"https:\/\/secure.gravatar.com\/avatar\/50865afb55632c4ae467e0af0930f6510aa2297d8014be502a55b14f3b7550cf?s=96&d=mm&r=g","caption":"Tar\u0131k"},"sameAs":["http:\/\/narteks.net"],"url":"https:\/\/narteks.net\/index.php\/author\/narbak\/"}]}},"_links":{"self":[{"href":"https:\/\/narteks.net\/index.php\/wp-json\/wp\/v2\/posts\/4611","targetHints":{"allow":["GET"]}}],"collection":[{"href":"https:\/\/narteks.net\/index.php\/wp-json\/wp\/v2\/posts"}],"about":[{"href":"https:\/\/narteks.net\/index.php\/wp-json\/wp\/v2\/types\/post"}],"author":[{"embeddable":true,"href":"https:\/\/narteks.net\/index.php\/wp-json\/wp\/v2\/users\/1"}],"replies":[{"embeddable":true,"href":"https:\/\/narteks.net\/index.php\/wp-json\/wp\/v2\/comments?post=4611"}],"version-history":[{"count":0,"href":"https:\/\/narteks.net\/index.php\/wp-json\/wp\/v2\/posts\/4611\/revisions"}],"wp:attachment":[{"href":"https:\/\/narteks.net\/index.php\/wp-json\/wp\/v2\/media?parent=4611"}],"wp:term":[{"taxonomy":"category","embeddable":true,"href":"https:\/\/narteks.net\/index.php\/wp-json\/wp\/v2\/categories?post=4611"},{"taxonomy":"post_tag","embeddable":true,"href":"https:\/\/narteks.net\/index.php\/wp-json\/wp\/v2\/tags?post=4611"}],"curies":[{"name":"wp","href":"https:\/\/api.w.org\/{rel}","templated":true}]}}