{"id":4613,"date":"2010-06-09T10:07:40","date_gmt":"2010-06-09T07:07:40","guid":{"rendered":"http:\/\/localhost\/wordpress\/2010\/06\/09\/15-haziran-1915-idam-edilen-ermeni-sosyalistler-ragip-zarakolu\/"},"modified":"2010-06-09T10:07:40","modified_gmt":"2010-06-09T07:07:40","slug":"15-haziran-1915-idam-edilen-ermeni-sosyalistler-ragip-zarakolu","status":"publish","type":"post","link":"https:\/\/narteks.net\/index.php\/2010\/06\/09\/15-haziran-1915-idam-edilen-ermeni-sosyalistler-ragip-zarakolu\/","title":{"rendered":"15 Haziran 1915 | \u0130dam Edilen Ermeni Sosyalistler &#8211; Rag\u0131p Zarakolu"},"content":{"rendered":"<p style=\"text-align: justify;\"><img loading=\"lazy\" decoding=\"async\" src=\"http:\/\/img28.xooimage.com\/files\/a\/6\/2\/asilan-sosyalister-sesonline-ff8f25.jpg\" border=\"0\" width=\"454\" height=\"304\" \/><\/p>\n<p style=\"text-align: justify;\">Yaz\u0131ya oturdu\u011fumda takvime bak\u0131yorum: 15 Haziran.<\/p>\n<p>\u00d6zg\u00fcr \u00dcniversiteden Ara\u015ft\u0131rmac\u0131 Ali Sait \u00c7etino\u011flu&#8217;nun 15 Haziran&#8217;da Beyaz\u0131t Meydan\u0131nda as\u0131lan Paramaz ve di\u011fer 19 Ermeni sosyalistini an\u0131msatan k\u0131sa bir iletisi* ula\u015fm\u0131\u015f adresime.<\/p>\n<p>Ve elbette i\u00e7inde ya\u015fad\u0131\u011f\u0131m 15-16 Haziran olay\u0131.<br \/>\u0130ki tarihin \u00fcst \u00fcste gelmesi ilgin\u00e7&#8230;<br \/>1915 y\u0131l\u0131nda Ermeni sosyalistleri idam ediliyor.<br \/>Ondan tam 55 y\u0131l sonra \u0130stanbul proletaryas\u0131 ayaklan\u0131yor.<br \/>Kent 2 g\u00fcn fiilen i\u015f\u00e7ilerin eline ge\u00e7iyor.<br \/>Kendili\u011finden, ger\u00e7ek bir i\u015f\u00e7i ba\u015fkald\u0131r\u0131s\u0131&#8230;<br \/>Potansiyel bir \u0130stanbul Kom\u00fcn\u00fc, biraz daha devam etme olana\u011f\u0131 olsa&#8230;<\/p>\n<p style=\"text-align: justify;\">15-16 Haziran&#8217;\u0131 bir ba\u015fka yaz\u0131ya b\u0131rak\u0131p, bizim Paramaz&#8217;a d\u00f6nelim.<\/p>\n<p>Kod ad\u0131 Paramaz olan Matteos Sarkisyan, bir Ermeni fedaisi, \u00f6zg\u00fcrl\u00fck sava\u015f\u00e7\u0131s\u0131 ve siyasal aktivist. 1863 y\u0131l\u0131nda Me\u011fri kentinde do\u011fdu. E\u00e7miadzin&#8217;de e\u011fitim g\u00f6rd\u00fc. Nah\u00e7evan&#8217;da \u00f6\u011fretmenlik yaparken, Stefan Sabah-G\u00fclyan ile tan\u0131\u015ft\u0131 [1915 y\u0131l\u0131nda o da Divan-\u0131 Harp taraf\u0131ndan g\u0131yab\u0131nda idama mahkum edilecekti] ve Ermeni Sosyal Demokrat Partisine [H\u0131n\u00e7ak] girdi. 1903 y\u0131l\u0131nda Rus \u00c7arl\u0131\u011f\u0131n\u0131n Kafkasya Genel Valisi Golitsin&#8217;e kar\u015f\u0131 bir suikast \u00f6rg\u00fctledi. 1905-06 y\u0131llar\u0131 aras\u0131nda Azeri-Ermeni k\u0131y\u0131mlar\u0131 s\u0131ras\u0131nda iki halk\u0131n bir arada ya\u015famas\u0131 i\u00e7in \u00e7aba harcad\u0131.<\/p>\n<p>1908 Devriminden sonra, yeni do\u011fmakta olan T\u00fcrk Sosyalist hareketi gibi H\u0131n\u00e7aklar da, Ermeni Devrimci Federasyonu&#8217;nun tersine, \u0130ttihat Terakki diktas\u0131na kar\u015f\u0131 tav\u0131r ald\u0131lar ve muhalefet ile ortak davrand\u0131lar.<\/p>\n<p>1913 Bab\u0131ali Bask\u0131n\u0131 denen h\u00fck\u00fcmet darbesinden sonra, Osmanl\u0131 muhalefeti \u0130ttihat Terakki Partisi diktat\u00f6rl\u00fc\u011f\u00fcne kar\u015f\u0131 direni\u015f karar\u0131 ald\u0131. Bu muhalefetin \u00f6nc\u00fclerinden biri de Paris&#8217;e s\u00fcrg\u00fcne giden K\u00fcrt \u015eerif Pa\u015fa idi. Ordu i\u00e7inde de, Halaskar Zabitan grubu daha 1912&#8217;de verilen s\u00f6zlerin tutulmamas\u0131 \u00fczerine parlak veren Arnavut isyan\u0131ndan sonra da\u011fa \u00e7\u0131km\u0131\u015ft\u0131.<\/p>\n<p>Liberal ve otonomcu muhalefetin \u00f6nc\u00fcs\u00fc Prens Sabahattin&#8217;de Paris&#8217;e s\u00fcrg\u00fcne giderken, \u0130ttihat\u00e7\u0131 cunta, muhalif ayd\u0131nlara y\u00f6nelik bir tevkifat ba\u015flatt\u0131. Bunlar aras\u0131nda daha sonra TKP&#8217;yi kuracak olan Mustafa Suphi de vard\u0131. Mustafa Suphi Sinop Cezaevinden Rusya&#8217;ya ka\u00e7may\u0131 ba\u015faracakt\u0131.<\/p>\n<p>Di\u011fer Osmanl\u0131 muhalefetiyle ba\u011flant\u0131l\u0131 olan H\u0131n\u00e7aklar&#8217;\u0131n 1913 y\u0131l\u0131nda Romanya&#8217;da toplanan kongresinde, \u0130ttihat Terakki cuntas\u0131n\u0131n ve 1909 Adana k\u0131y\u0131m\u0131 faillerinin &#8220;cezaland\u0131r\u0131lmas\u0131&#8221; do\u011frultusunda karar al\u0131nd\u0131.<\/p>\n<p>Bir muhbir bu plan\u0131 cuntaya duyurdu. K\u00fcrt \u015eerif Pa\u015fa&#8217;n\u0131n Paris&#8217;ten yapt\u0131\u011f\u0131 a\u00e7\u0131klamalar da \u0130TF y\u00f6neticilerini tela\u015fa sevk etti.<\/p>\n<p>Daha sava\u015f patlamadan Paramaz ve arkada\u015flar\u0131 g\u00f6zalt\u0131na al\u0131nd\u0131lar. \u0130lk ba\u015fta hi\u00e7 kimse idam beklemiyordu. \u00c7\u00fcnk\u00fc eylem zaten \u00f6nceden \u00f6\u011frenildi\u011fi i\u00e7in, tasar\u0131m evresinde kalm\u0131\u015ft\u0131.24 Nisan&#8217;da ayd\u0131nlara y\u00f6nelik toplu tutuklamadan bir s\u00fcre sonra idama mahkum Paramaz ve arkada\u015flar\u0131 hakk\u0131ndaki h\u00fck\u00fcm 15 Haziran&#8217;da infaz edildi. Zaten soyk\u0131r\u0131ma d\u00f6n\u00fc\u015fen zorunlu g\u00f6\u00e7 de o s\u0131ralarda ba\u015flat\u0131lm\u0131\u015ft\u0131.<\/p>\n<p>E\u011fer eylem ba\u015far\u0131l\u0131 olsayd\u0131, belki de cunta Osmanl\u0131 devletini milyonlarca sivil ve askerin \u00f6ld\u00fc\u011f\u00fc 1. D\u00fcnya Sava\u015f\u0131 maceras\u0131na s\u00fcr\u00fcklemeye f\u0131rsat bulamayacaklard\u0131.<\/p>\n<p>\u0130stanbul&#8217;un g\u00f6be\u011finde kurulan idam sehpalar\u0131, herkesi deh\u015fete d\u00fc\u015f\u00fcrd\u00fc\u011f\u00fc gibi, uzun s\u00fcre en k\u00fc\u00e7\u00fck muhalefet potansiyeline olanak tan\u0131mad\u0131.<\/p>\n<p>\u0130dam edilenler \u0130stanbul surlar\u0131 d\u0131\u015f\u0131nda bir yere g\u00f6m\u00fcld\u00fcler.<\/p>\n<p>Bir anlat\u0131ya g\u00f6re, daha sonra topluca g\u00f6m\u00fcld\u00fckleri yerden al\u0131n\u0131p, 1908 Devrim \u015eehitleri An\u0131t\u0131&#8217;n\u0131n oraya sessiz ve gizlice defnedildiler.<\/p>\n<p>\u0130dam edilenlerin listesi \u015f\u00f6yle:<\/p>\n<p>Paramaz (Matteos Sarkisyan) &#8211; \u0532\u0561\u0580\u0561\u0574\u0561\u0566<br \/>Dr. Benne (Bedros Torosyan) &#8211; \u054f\u0584\u0569. \u054a\u0567\u0576\u0576\u0567 (\u054a\u0565\u057f\u0578\u057d \u0539\u0578\u0580\u0578\u057d\u0565\u0561\u0576), Harputlu)<br \/>Aram A\u00e7\u0131kba\u015fyan &#8211; \u0531\u0580\u0561\u0574 \u0531\u0579\u0568\u0563\u057a\u0561\u0577\u0565\u0561\u0576 &#8211; (Krikor Garabedyan, Arapkirli)<br \/>Ke\u011fam Vanikyan &#8211; \u0533\u0565\u0572\u0561\u0574 \u054e\u0561\u0576\u056b\u056f\u0565\u0561\u0576, (Vanl\u0131), gen\u00e7lik dergisi &#8220;Gaidz&#8221; in edit\u00f6rlerinden<br \/>Murat Zakaryan &#8211; \u0544\u0578\u0582\u0580\u0561\u057f \u0536\u0561\u0584\u0561\u0580\u0565\u0561\u0576, (Mu\u015flu)<br \/>Yervant Topuzyan &#8211; \u0535\u0580\u0578\u0582\u0561\u0576\u0564 \u0539\u0585\u0583\u0578\u0582\u0566\u0565\u0561\u0576<br \/>Hagop Basmac\u0131yan &#8211; \u0545\u0561\u056f\u0578\u0562 \u054a\u0561\u057d\u0574\u0561\u0573\u0565\u0561\u0576<br \/>Smpat Kelekyan &#8211; \u054d\u0568\u0574\u0562\u0561\u057f \u0533\u0568\u056c\u0568\u0573\u0565\u0561\u0576<br \/>Rupen Garabedyan &#8211; \u054c\u0578\u0582\u0562\u0567\u0576 \u053f\u0561\u0580\u0561\u057a\u0565\u057f\u0565\u0561\u0576<br \/>Armenag Hampartsumyan &#8211; \u0531\u0580\u0574\u0565\u0576\u0561\u056f \u0540\u0561\u0574\u0562\u0561\u0580\u0571\u0578\u0582\u0574\u0565\u0561\u0576<br \/>Abraham Muradyan &#8211; \u0531\u0562\u0580\u0561\u0570\u0561\u0574 \u0544\u0578\u0582\u0580\u0561\u057f\u0565\u0561\u0576<br \/>Hrand Yegavyan &#8211; \u0540\u0580\u0561\u0576\u0564 \u0535\u056f\u0561\u0582\u0565\u0561\u0576<br \/>Karnig Boyac\u0131yan &#8211; \u0533\u0561\u057c\u0576\u056b\u056f \u054a\u0585\u0575\u0561\u0573\u0565\u0561\u0576<br \/>Hovhannes D. \u011eazaryan &#8211; \u0545\u0578\u057e\u0570\u0561\u0576\u0576\u0567\u057d \u054f. \u0542\u0561\u0566\u0561\u0580\u0565\u0561\u0576<br \/>Mgrdi\u00e7 Yeretsyan &#8211; \u0544\u056f\u0580\u057f\u056b\u0579 \u0535\u0580\u0567\u0581\u0565\u0561\u0576<br \/>Yeremya Manukyan &#8211; \u0535\u0580\u0565\u0574\u056b\u0561 \u0544\u0561\u0576\u0578\u0582\u056f\u0565\u0561\u0576<br \/>Tovmas Tovmasyan &#8211; \u0539\u0578\u057e\u0574\u0561\u057d \u0539\u0578\u057e\u0574\u0561\u057d\u0565\u0561\u0576<br \/>Karekin Bo\u011fosyan &#8211; \u0533\u0561\u0580\u0565\u0563\u056b\u0576 \u054a\u0585\u0572\u0578\u057d\u0565\u0561\u0576<br \/>Minas Ke\u015fi\u015fyan &#8211; \u0544\u056b\u0576\u0561\u057d \u0554\u0567\u0577\u056b\u0577\u0565\u0561\u0576<br \/>Bo\u011fos Bo\u011fosyan &#8211; \u054a\u0578\u0572\u0578\u057d \u054a\u0578\u0572\u0578\u057d\u0565\u0561\u0576<\/p>\n<p>\u0130simler yay\u0131nc\u0131 Teotig&#8217;in (Teotoros Lap\u00e7inciyan): \u0533\u0578\u0572\u0563\u0578\u0569\u0561 \u0570\u0561\u0575 \u0570\u0578\u0563\u0565\u0582\u0578\u0580\u0561\u056f\u0561\u0576\u0578\u0582\u0569\u0565\u0561\u0576 [Ermeni Dinadamlar\u0131n\u0131n Golgotha&#8217;s\u0131 ] adl\u0131 kitab\u0131ndan al\u0131nm\u0131\u015ft\u0131r, H. Mateossian, \u0130stanbul 1921. s.15.<\/p>\n<p>An\u0131lar\u0131 \u00f6n\u00fcnde sayg\u0131yla e\u011filiyoruz.<\/p>\n","protected":false},"excerpt":{"rendered":"<p>Yaz\u0131ya oturdu\u011fumda takvime bak\u0131yorum: 15 Haziran. \u00d6zg\u00fcr \u00dcniversiteden Ara\u015ft\u0131rmac\u0131 Ali Sait \u00c7etino\u011flu&#8217;nun 15 Haziran&#8217;da Beyaz\u0131t Meydan\u0131nda as\u0131lan Paramaz ve di\u011fer 19 Ermeni sosyalistini an\u0131msatan k\u0131sa bir iletisi* ula\u015fm\u0131\u015f adresime. Ve elbette i\u00e7inde ya\u015fad\u0131\u011f\u0131m 15-16 Haziran olay\u0131.\u0130ki tarihin \u00fcst \u00fcste gelmesi ilgin\u00e7&#8230;1915 y\u0131l\u0131nda Ermeni sosyalistleri idam ediliyor.Ondan tam 55 y\u0131l sonra \u0130stanbul proletaryas\u0131 ayaklan\u0131yor.Kent 2 g\u00fcn [&hellip;]<\/p>\n","protected":false},"author":1,"featured_media":0,"comment_status":"open","ping_status":"open","sticky":false,"template":"","format":"standard","meta":{"footnotes":""},"categories":[156],"tags":[],"class_list":{"0":"post-4613","1":"post","2":"type-post","3":"status-publish","4":"format-standard","6":"category-genel-tarih"},"yoast_head":"<!-- This site is optimized with the Yoast SEO Premium plugin v24.9 (Yoast SEO v24.9) - https:\/\/yoast.com\/wordpress\/plugins\/seo\/ -->\n<title>15 Haziran 1915 | \u0130dam Edilen Ermeni Sosyalistler - Rag\u0131p Zarakolu - narteks.net<\/title>\n<meta name=\"robots\" content=\"index, follow, max-snippet:-1, max-image-preview:large, max-video-preview:-1\" \/>\n<link rel=\"canonical\" href=\"https:\/\/narteks.net\/index.php\/2010\/06\/09\/15-haziran-1915-idam-edilen-ermeni-sosyalistler-ragip-zarakolu\/\" \/>\n<meta property=\"og:locale\" content=\"tr_TR\" \/>\n<meta property=\"og:type\" content=\"article\" \/>\n<meta property=\"og:title\" content=\"15 Haziran 1915 | \u0130dam Edilen Ermeni Sosyalistler - Rag\u0131p Zarakolu\" \/>\n<meta property=\"og:description\" content=\"Yaz\u0131ya oturdu\u011fumda takvime bak\u0131yorum: 15 Haziran. \u00d6zg\u00fcr \u00dcniversiteden Ara\u015ft\u0131rmac\u0131 Ali Sait \u00c7etino\u011flu&#8217;nun 15 Haziran&#8217;da Beyaz\u0131t Meydan\u0131nda as\u0131lan Paramaz ve di\u011fer 19 Ermeni sosyalistini an\u0131msatan k\u0131sa bir iletisi* ula\u015fm\u0131\u015f adresime. Ve elbette i\u00e7inde ya\u015fad\u0131\u011f\u0131m 15-16 Haziran olay\u0131.\u0130ki tarihin \u00fcst \u00fcste gelmesi ilgin\u00e7&#8230;1915 y\u0131l\u0131nda Ermeni sosyalistleri idam ediliyor.Ondan tam 55 y\u0131l sonra \u0130stanbul proletaryas\u0131 ayaklan\u0131yor.Kent 2 g\u00fcn [&hellip;]\" \/>\n<meta property=\"og:url\" content=\"https:\/\/narteks.net\/index.php\/2010\/06\/09\/15-haziran-1915-idam-edilen-ermeni-sosyalistler-ragip-zarakolu\/\" \/>\n<meta property=\"og:site_name\" content=\"narteks.net\" \/>\n<meta property=\"article:published_time\" content=\"2010-06-09T07:07:40+00:00\" \/>\n<meta property=\"og:image\" content=\"http:\/\/img28.xooimage.com\/files\/a\/6\/2\/asilan-sosyalister-sesonline-ff8f25.jpg\" \/>\n<meta name=\"author\" content=\"Tar\u0131k\" \/>\n<meta name=\"twitter:card\" content=\"summary_large_image\" \/>\n<meta name=\"twitter:creator\" content=\"@narteks\" \/>\n<meta name=\"twitter:site\" content=\"@narteks\" \/>\n<meta name=\"twitter:label1\" content=\"Yazan:\" \/>\n\t<meta name=\"twitter:data1\" content=\"Tar\u0131k\" \/>\n\t<meta name=\"twitter:label2\" content=\"Tahmini okuma s\u00fcresi\" \/>\n\t<meta name=\"twitter:data2\" content=\"4 dakika\" \/>\n<script type=\"application\/ld+json\" class=\"yoast-schema-graph\">{\"@context\":\"https:\/\/schema.org\",\"@graph\":[{\"@type\":\"Article\",\"@id\":\"https:\/\/narteks.net\/index.php\/2010\/06\/09\/15-haziran-1915-idam-edilen-ermeni-sosyalistler-ragip-zarakolu\/#article\",\"isPartOf\":{\"@id\":\"https:\/\/narteks.net\/index.php\/2010\/06\/09\/15-haziran-1915-idam-edilen-ermeni-sosyalistler-ragip-zarakolu\/\"},\"author\":{\"name\":\"Tar\u0131k\",\"@id\":\"https:\/\/narteks.net\/#\/schema\/person\/61f37d9834294b72d31d274e7ed79bca\"},\"headline\":\"15 Haziran 1915 | \u0130dam Edilen Ermeni Sosyalistler &#8211; Rag\u0131p Zarakolu\",\"datePublished\":\"2010-06-09T07:07:40+00:00\",\"mainEntityOfPage\":{\"@id\":\"https:\/\/narteks.net\/index.php\/2010\/06\/09\/15-haziran-1915-idam-edilen-ermeni-sosyalistler-ragip-zarakolu\/\"},\"wordCount\":722,\"commentCount\":0,\"publisher\":{\"@id\":\"https:\/\/narteks.net\/#organization\"},\"image\":{\"@id\":\"https:\/\/narteks.net\/index.php\/2010\/06\/09\/15-haziran-1915-idam-edilen-ermeni-sosyalistler-ragip-zarakolu\/#primaryimage\"},\"thumbnailUrl\":\"http:\/\/img28.xooimage.com\/files\/a\/6\/2\/asilan-sosyalister-sesonline-ff8f25.jpg\",\"articleSection\":[\"Genel Tarih\"],\"inLanguage\":\"tr\",\"potentialAction\":[{\"@type\":\"CommentAction\",\"name\":\"Comment\",\"target\":[\"https:\/\/narteks.net\/index.php\/2010\/06\/09\/15-haziran-1915-idam-edilen-ermeni-sosyalistler-ragip-zarakolu\/#respond\"]}]},{\"@type\":\"WebPage\",\"@id\":\"https:\/\/narteks.net\/index.php\/2010\/06\/09\/15-haziran-1915-idam-edilen-ermeni-sosyalistler-ragip-zarakolu\/\",\"url\":\"https:\/\/narteks.net\/index.php\/2010\/06\/09\/15-haziran-1915-idam-edilen-ermeni-sosyalistler-ragip-zarakolu\/\",\"name\":\"15 Haziran 1915 | \u0130dam Edilen Ermeni Sosyalistler - Rag\u0131p Zarakolu - narteks.net\",\"isPartOf\":{\"@id\":\"https:\/\/narteks.net\/#website\"},\"primaryImageOfPage\":{\"@id\":\"https:\/\/narteks.net\/index.php\/2010\/06\/09\/15-haziran-1915-idam-edilen-ermeni-sosyalistler-ragip-zarakolu\/#primaryimage\"},\"image\":{\"@id\":\"https:\/\/narteks.net\/index.php\/2010\/06\/09\/15-haziran-1915-idam-edilen-ermeni-sosyalistler-ragip-zarakolu\/#primaryimage\"},\"thumbnailUrl\":\"http:\/\/img28.xooimage.com\/files\/a\/6\/2\/asilan-sosyalister-sesonline-ff8f25.jpg\",\"datePublished\":\"2010-06-09T07:07:40+00:00\",\"breadcrumb\":{\"@id\":\"https:\/\/narteks.net\/index.php\/2010\/06\/09\/15-haziran-1915-idam-edilen-ermeni-sosyalistler-ragip-zarakolu\/#breadcrumb\"},\"inLanguage\":\"tr\",\"potentialAction\":[{\"@type\":\"ReadAction\",\"target\":[\"https:\/\/narteks.net\/index.php\/2010\/06\/09\/15-haziran-1915-idam-edilen-ermeni-sosyalistler-ragip-zarakolu\/\"]}]},{\"@type\":\"ImageObject\",\"inLanguage\":\"tr\",\"@id\":\"https:\/\/narteks.net\/index.php\/2010\/06\/09\/15-haziran-1915-idam-edilen-ermeni-sosyalistler-ragip-zarakolu\/#primaryimage\",\"url\":\"http:\/\/img28.xooimage.com\/files\/a\/6\/2\/asilan-sosyalister-sesonline-ff8f25.jpg\",\"contentUrl\":\"http:\/\/img28.xooimage.com\/files\/a\/6\/2\/asilan-sosyalister-sesonline-ff8f25.jpg\"},{\"@type\":\"BreadcrumbList\",\"@id\":\"https:\/\/narteks.net\/index.php\/2010\/06\/09\/15-haziran-1915-idam-edilen-ermeni-sosyalistler-ragip-zarakolu\/#breadcrumb\",\"itemListElement\":[{\"@type\":\"ListItem\",\"position\":1,\"name\":\"Anasayfa\",\"item\":\"https:\/\/narteks.net\/\"},{\"@type\":\"ListItem\",\"position\":2,\"name\":\"15 Haziran 1915 | \u0130dam Edilen Ermeni Sosyalistler &#8211; Rag\u0131p Zarakolu\"}]},{\"@type\":\"WebSite\",\"@id\":\"https:\/\/narteks.net\/#website\",\"url\":\"https:\/\/narteks.net\/\",\"name\":\"narteks.net\",\"description\":\"K\u00fclt\u00fcr Sanat Edebiyat Felsefe\",\"publisher\":{\"@id\":\"https:\/\/narteks.net\/#organization\"},\"alternateName\":\"K\u00fclt\u00fcr Sanat Edebiyat Felsefe\",\"potentialAction\":[{\"@type\":\"SearchAction\",\"target\":{\"@type\":\"EntryPoint\",\"urlTemplate\":\"https:\/\/narteks.net\/?s={search_term_string}\"},\"query-input\":{\"@type\":\"PropertyValueSpecification\",\"valueRequired\":true,\"valueName\":\"search_term_string\"}}],\"inLanguage\":\"tr\"},{\"@type\":\"Organization\",\"@id\":\"https:\/\/narteks.net\/#organization\",\"name\":\"narteks.net\",\"url\":\"https:\/\/narteks.net\/\",\"logo\":{\"@type\":\"ImageObject\",\"inLanguage\":\"tr\",\"@id\":\"https:\/\/narteks.net\/#\/schema\/logo\/image\/\",\"url\":\"https:\/\/narteks.net\/wp-content\/uploads\/narteks.png\",\"contentUrl\":\"https:\/\/narteks.net\/wp-content\/uploads\/narteks.png\",\"width\":300,\"height\":90,\"caption\":\"narteks.net\"},\"image\":{\"@id\":\"https:\/\/narteks.net\/#\/schema\/logo\/image\/\"},\"sameAs\":[\"https:\/\/x.com\/narteks\",\"https:\/\/instagram.com\/narteksnet\"]},{\"@type\":\"Person\",\"@id\":\"https:\/\/narteks.net\/#\/schema\/person\/61f37d9834294b72d31d274e7ed79bca\",\"name\":\"Tar\u0131k\",\"image\":{\"@type\":\"ImageObject\",\"inLanguage\":\"tr\",\"@id\":\"https:\/\/narteks.net\/#\/schema\/person\/image\/\",\"url\":\"https:\/\/secure.gravatar.com\/avatar\/50865afb55632c4ae467e0af0930f6510aa2297d8014be502a55b14f3b7550cf?s=96&d=mm&r=g\",\"contentUrl\":\"https:\/\/secure.gravatar.com\/avatar\/50865afb55632c4ae467e0af0930f6510aa2297d8014be502a55b14f3b7550cf?s=96&d=mm&r=g\",\"caption\":\"Tar\u0131k\"},\"sameAs\":[\"http:\/\/narteks.net\"],\"url\":\"https:\/\/narteks.net\/index.php\/author\/narbak\/\"}]}<\/script>\n<!-- \/ Yoast SEO Premium plugin. -->","yoast_head_json":{"title":"15 Haziran 1915 | \u0130dam Edilen Ermeni Sosyalistler - Rag\u0131p Zarakolu - narteks.net","robots":{"index":"index","follow":"follow","max-snippet":"max-snippet:-1","max-image-preview":"max-image-preview:large","max-video-preview":"max-video-preview:-1"},"canonical":"https:\/\/narteks.net\/index.php\/2010\/06\/09\/15-haziran-1915-idam-edilen-ermeni-sosyalistler-ragip-zarakolu\/","og_locale":"tr_TR","og_type":"article","og_title":"15 Haziran 1915 | \u0130dam Edilen Ermeni Sosyalistler - Rag\u0131p Zarakolu","og_description":"Yaz\u0131ya oturdu\u011fumda takvime bak\u0131yorum: 15 Haziran. \u00d6zg\u00fcr \u00dcniversiteden Ara\u015ft\u0131rmac\u0131 Ali Sait \u00c7etino\u011flu&#8217;nun 15 Haziran&#8217;da Beyaz\u0131t Meydan\u0131nda as\u0131lan Paramaz ve di\u011fer 19 Ermeni sosyalistini an\u0131msatan k\u0131sa bir iletisi* ula\u015fm\u0131\u015f adresime. Ve elbette i\u00e7inde ya\u015fad\u0131\u011f\u0131m 15-16 Haziran olay\u0131.\u0130ki tarihin \u00fcst \u00fcste gelmesi ilgin\u00e7&#8230;1915 y\u0131l\u0131nda Ermeni sosyalistleri idam ediliyor.Ondan tam 55 y\u0131l sonra \u0130stanbul proletaryas\u0131 ayaklan\u0131yor.Kent 2 g\u00fcn [&hellip;]","og_url":"https:\/\/narteks.net\/index.php\/2010\/06\/09\/15-haziran-1915-idam-edilen-ermeni-sosyalistler-ragip-zarakolu\/","og_site_name":"narteks.net","article_published_time":"2010-06-09T07:07:40+00:00","og_image":[{"url":"http:\/\/img28.xooimage.com\/files\/a\/6\/2\/asilan-sosyalister-sesonline-ff8f25.jpg","type":"","width":"","height":""}],"author":"Tar\u0131k","twitter_card":"summary_large_image","twitter_creator":"@narteks","twitter_site":"@narteks","twitter_misc":{"Yazan:":"Tar\u0131k","Tahmini okuma s\u00fcresi":"4 dakika"},"schema":{"@context":"https:\/\/schema.org","@graph":[{"@type":"Article","@id":"https:\/\/narteks.net\/index.php\/2010\/06\/09\/15-haziran-1915-idam-edilen-ermeni-sosyalistler-ragip-zarakolu\/#article","isPartOf":{"@id":"https:\/\/narteks.net\/index.php\/2010\/06\/09\/15-haziran-1915-idam-edilen-ermeni-sosyalistler-ragip-zarakolu\/"},"author":{"name":"Tar\u0131k","@id":"https:\/\/narteks.net\/#\/schema\/person\/61f37d9834294b72d31d274e7ed79bca"},"headline":"15 Haziran 1915 | \u0130dam Edilen Ermeni Sosyalistler &#8211; Rag\u0131p Zarakolu","datePublished":"2010-06-09T07:07:40+00:00","mainEntityOfPage":{"@id":"https:\/\/narteks.net\/index.php\/2010\/06\/09\/15-haziran-1915-idam-edilen-ermeni-sosyalistler-ragip-zarakolu\/"},"wordCount":722,"commentCount":0,"publisher":{"@id":"https:\/\/narteks.net\/#organization"},"image":{"@id":"https:\/\/narteks.net\/index.php\/2010\/06\/09\/15-haziran-1915-idam-edilen-ermeni-sosyalistler-ragip-zarakolu\/#primaryimage"},"thumbnailUrl":"http:\/\/img28.xooimage.com\/files\/a\/6\/2\/asilan-sosyalister-sesonline-ff8f25.jpg","articleSection":["Genel Tarih"],"inLanguage":"tr","potentialAction":[{"@type":"CommentAction","name":"Comment","target":["https:\/\/narteks.net\/index.php\/2010\/06\/09\/15-haziran-1915-idam-edilen-ermeni-sosyalistler-ragip-zarakolu\/#respond"]}]},{"@type":"WebPage","@id":"https:\/\/narteks.net\/index.php\/2010\/06\/09\/15-haziran-1915-idam-edilen-ermeni-sosyalistler-ragip-zarakolu\/","url":"https:\/\/narteks.net\/index.php\/2010\/06\/09\/15-haziran-1915-idam-edilen-ermeni-sosyalistler-ragip-zarakolu\/","name":"15 Haziran 1915 | \u0130dam Edilen Ermeni Sosyalistler - Rag\u0131p Zarakolu - narteks.net","isPartOf":{"@id":"https:\/\/narteks.net\/#website"},"primaryImageOfPage":{"@id":"https:\/\/narteks.net\/index.php\/2010\/06\/09\/15-haziran-1915-idam-edilen-ermeni-sosyalistler-ragip-zarakolu\/#primaryimage"},"image":{"@id":"https:\/\/narteks.net\/index.php\/2010\/06\/09\/15-haziran-1915-idam-edilen-ermeni-sosyalistler-ragip-zarakolu\/#primaryimage"},"thumbnailUrl":"http:\/\/img28.xooimage.com\/files\/a\/6\/2\/asilan-sosyalister-sesonline-ff8f25.jpg","datePublished":"2010-06-09T07:07:40+00:00","breadcrumb":{"@id":"https:\/\/narteks.net\/index.php\/2010\/06\/09\/15-haziran-1915-idam-edilen-ermeni-sosyalistler-ragip-zarakolu\/#breadcrumb"},"inLanguage":"tr","potentialAction":[{"@type":"ReadAction","target":["https:\/\/narteks.net\/index.php\/2010\/06\/09\/15-haziran-1915-idam-edilen-ermeni-sosyalistler-ragip-zarakolu\/"]}]},{"@type":"ImageObject","inLanguage":"tr","@id":"https:\/\/narteks.net\/index.php\/2010\/06\/09\/15-haziran-1915-idam-edilen-ermeni-sosyalistler-ragip-zarakolu\/#primaryimage","url":"http:\/\/img28.xooimage.com\/files\/a\/6\/2\/asilan-sosyalister-sesonline-ff8f25.jpg","contentUrl":"http:\/\/img28.xooimage.com\/files\/a\/6\/2\/asilan-sosyalister-sesonline-ff8f25.jpg"},{"@type":"BreadcrumbList","@id":"https:\/\/narteks.net\/index.php\/2010\/06\/09\/15-haziran-1915-idam-edilen-ermeni-sosyalistler-ragip-zarakolu\/#breadcrumb","itemListElement":[{"@type":"ListItem","position":1,"name":"Anasayfa","item":"https:\/\/narteks.net\/"},{"@type":"ListItem","position":2,"name":"15 Haziran 1915 | \u0130dam Edilen Ermeni Sosyalistler &#8211; Rag\u0131p Zarakolu"}]},{"@type":"WebSite","@id":"https:\/\/narteks.net\/#website","url":"https:\/\/narteks.net\/","name":"narteks.net","description":"K\u00fclt\u00fcr Sanat Edebiyat Felsefe","publisher":{"@id":"https:\/\/narteks.net\/#organization"},"alternateName":"K\u00fclt\u00fcr Sanat Edebiyat Felsefe","potentialAction":[{"@type":"SearchAction","target":{"@type":"EntryPoint","urlTemplate":"https:\/\/narteks.net\/?s={search_term_string}"},"query-input":{"@type":"PropertyValueSpecification","valueRequired":true,"valueName":"search_term_string"}}],"inLanguage":"tr"},{"@type":"Organization","@id":"https:\/\/narteks.net\/#organization","name":"narteks.net","url":"https:\/\/narteks.net\/","logo":{"@type":"ImageObject","inLanguage":"tr","@id":"https:\/\/narteks.net\/#\/schema\/logo\/image\/","url":"https:\/\/narteks.net\/wp-content\/uploads\/narteks.png","contentUrl":"https:\/\/narteks.net\/wp-content\/uploads\/narteks.png","width":300,"height":90,"caption":"narteks.net"},"image":{"@id":"https:\/\/narteks.net\/#\/schema\/logo\/image\/"},"sameAs":["https:\/\/x.com\/narteks","https:\/\/instagram.com\/narteksnet"]},{"@type":"Person","@id":"https:\/\/narteks.net\/#\/schema\/person\/61f37d9834294b72d31d274e7ed79bca","name":"Tar\u0131k","image":{"@type":"ImageObject","inLanguage":"tr","@id":"https:\/\/narteks.net\/#\/schema\/person\/image\/","url":"https:\/\/secure.gravatar.com\/avatar\/50865afb55632c4ae467e0af0930f6510aa2297d8014be502a55b14f3b7550cf?s=96&d=mm&r=g","contentUrl":"https:\/\/secure.gravatar.com\/avatar\/50865afb55632c4ae467e0af0930f6510aa2297d8014be502a55b14f3b7550cf?s=96&d=mm&r=g","caption":"Tar\u0131k"},"sameAs":["http:\/\/narteks.net"],"url":"https:\/\/narteks.net\/index.php\/author\/narbak\/"}]}},"_links":{"self":[{"href":"https:\/\/narteks.net\/index.php\/wp-json\/wp\/v2\/posts\/4613","targetHints":{"allow":["GET"]}}],"collection":[{"href":"https:\/\/narteks.net\/index.php\/wp-json\/wp\/v2\/posts"}],"about":[{"href":"https:\/\/narteks.net\/index.php\/wp-json\/wp\/v2\/types\/post"}],"author":[{"embeddable":true,"href":"https:\/\/narteks.net\/index.php\/wp-json\/wp\/v2\/users\/1"}],"replies":[{"embeddable":true,"href":"https:\/\/narteks.net\/index.php\/wp-json\/wp\/v2\/comments?post=4613"}],"version-history":[{"count":0,"href":"https:\/\/narteks.net\/index.php\/wp-json\/wp\/v2\/posts\/4613\/revisions"}],"wp:attachment":[{"href":"https:\/\/narteks.net\/index.php\/wp-json\/wp\/v2\/media?parent=4613"}],"wp:term":[{"taxonomy":"category","embeddable":true,"href":"https:\/\/narteks.net\/index.php\/wp-json\/wp\/v2\/categories?post=4613"},{"taxonomy":"post_tag","embeddable":true,"href":"https:\/\/narteks.net\/index.php\/wp-json\/wp\/v2\/tags?post=4613"}],"curies":[{"name":"wp","href":"https:\/\/api.w.org\/{rel}","templated":true}]}}