{"id":4614,"date":"2010-06-09T10:37:41","date_gmt":"2010-06-09T07:37:41","guid":{"rendered":"http:\/\/localhost\/wordpress\/2010\/06\/09\/turkiye-tarihindeki-ilk-ve-en-buyuk-isci-ayaklanmasi-15-16-haziran-olaylari\/"},"modified":"2010-06-09T10:37:41","modified_gmt":"2010-06-09T07:37:41","slug":"turkiye-tarihindeki-ilk-ve-en-buyuk-isci-ayaklanmasi-15-16-haziran-olaylari","status":"publish","type":"post","link":"https:\/\/narteks.net\/index.php\/2010\/06\/09\/turkiye-tarihindeki-ilk-ve-en-buyuk-isci-ayaklanmasi-15-16-haziran-olaylari\/","title":{"rendered":"T\u00fcrkiye tarihindeki ilk ve en b\u00fcy\u00fck  i\u015f\u00e7i ayaklanmas\u0131 | 15 &#8211; 16 Haziran Olaylar\u0131"},"content":{"rendered":"<p><img loading=\"lazy\" decoding=\"async\" src=\"http:\/\/img75.imageshack.us\/img75\/9599\/haziran2uw2.jpg\" border=\"0\" width=\"600\" height=\"316\" \/><\/p>\n<p style=\"text-align: justify;\">15-16 Haziran 1970&#8217;te ba\u015flayan ve yay\u0131lan, T\u00fcrkiye tarihindeki en b\u00fcy\u00fck i\u015f\u00e7i eylemlerinden biri.T\u00fcrkiye tarihindeki ilk i\u015f\u00e7i ayaklanmas\u0131 olmas\u0131 \u00f6zelli\u011fini ta\u015f\u0131maktad\u0131r.<\/p>\n<p style=\"text-align: justify;\">1970&#8217;te, \u00e7al\u0131\u015fma ya\u015fam\u0131n\u0131 ve temel sendikalar mevzuat\u0131n\u0131 d\u00fczenleyen 274 say\u0131l\u0131 \u0130\u015f Yasas\u0131 ile 275 say\u0131l\u0131 Sendikalar Yasas\u0131&#8217;nda de\u011fi\u015fiklik yapan tasar\u0131, Adalet Partisi ve Cumhuriyet Halk Partisi&#8217;nin i\u015fbirli\u011fiyle \u00f6nce TBMM ard\u0131ndan Senato&#8217;dan ge\u00e7irildi.Yap\u0131lan de\u011fi\u015fiklik, i\u015f\u00e7ilerin sendika se\u00e7me \u00f6zg\u00fcrl\u00fc\u011f\u00fcn\u00fc \u00f6nemli \u00f6l\u00e7\u00fcde k\u0131s\u0131tlamakta, sendika de\u011fi\u015ftirmeyi g\u00fc\u00e7le\u015ftirmekteydi.Yasa tasla\u011f\u0131 11 Haziran 1970&#8217;te cumhurba\u015fkan\u0131 Cevdet Sunay&#8217;\u0131n onaylamas\u0131yla y\u00fcr\u00fcrl\u00fc\u011fe girdi.1963&#8217;te yasala\u015fan sendika, toplu i\u015f s\u00f6zle\u015fmesi ve grev hakk\u0131 yaslar\u0131n\u0131 d\u00f6nemin h\u00fck\u00fcmeti taraf\u0131ndan de\u011fi\u015fiklikler yap\u0131lmas\u0131 i\u00e7in 13 Haziran 1970&#8217;de Meclise sunuldu. Tasar\u0131da i\u015f\u00e7ilerin istedikleri sendikaya serbest\u00e7e \u00fcye olmalar\u0131n\u0131 ve be\u011fenmedikleri sendikalardan ayr\u0131lmalar\u0131n\u0131 g\u00fc\u00e7le\u015ftiren toplu s\u00f6zle\u015fme ve grev haklar\u0131n\u0131 k\u0131s\u0131tlayan h\u00fck\u00fcmler i\u00e7ermekteydi. T\u00fcrkiye genelinde faaliyet g\u00f6sterebilmesi i\u00e7in i\u015fkolunda sigortal\u0131 \u00e7al\u0131\u015fan i\u015f\u00e7ilerin \u00fc\u00e7te birini \u00f6rg\u00fctlenmesi baraj\u0131 getiriliyordu ve konfederasyon faaliyeti g\u00f6sterebilmesi i\u00e7in sigortal\u0131 i\u015f\u00e7ilerin \u00fc\u00e7te biri kadar \u00fcyeye sahip olmas\u0131 isteniyordu. Bu oran\u0131n D\u0130SK&#8217;in sahip oldu\u011fu \u00fcye say\u0131n\u0131n \u00fcst\u00fcnde oldu\u011fu tespit edilerek konuldu\u011fu iddia edildi.Kanunla\u015fan tasar\u0131 esas olarak T\u00fcrk-\u0130\u015f&#8217;ten D\u0130SK&#8217;e i\u015f\u00e7i ak\u0131\u015f\u0131n\u0131 \u00f6nlemeyi ama\u00e7lamaktayd\u0131.D\u0130SK ve ba\u011fl\u0131 sendikalar yeni yasaya tepki g\u00f6sterdiler.T\u00fcrkiye \u0130\u015f\u00e7i Partisi ise s\u00f6zkonusu yasa de\u011fi\u015fikliklerini Anayasa Mahkemesi&#8217;ne g\u00f6t\u00fcrece\u011fini a\u00e7\u0131klad\u0131 ve iptal davas\u0131 a\u00e7t\u0131.<\/p>\n<p>D\u0130SK&#8217;li sendikac\u0131lar\u0131n ve y\u00f6neticilerin tepkileri, 15 Haziran 1970 sabah\u0131, \u0130stanbul&#8217;un belli ba\u015fl\u0131 merkezlerine do\u011fru y\u00fcr\u00fcy\u00fc\u015fe ge\u00e7meleriyle yeni bir evreye girdi.Son bir bu\u00e7uk y\u0131ld\u0131r baz\u0131 b\u00fcy\u00fck fabrikalarda \u00e7e\u015fitli i\u015f\u00e7i hareketleri ve direni\u015fleri s\u00fcrmekte oldu\u011fundan bir\u00e7ok fabrikada ve i\u015f\u00e7i semtinde gerginlik artm\u0131\u015ft\u0131.Kentin Anadolu yakas\u0131nda ba\u015flayan y\u00fcr\u00fcy\u00fc\u015f Kartal \u0130l\u00e7esi&#8217;nden y\u00fcr\u00fcy\u00fc\u015fe kat\u0131lan i\u015f\u00e7ilerle Ankara Asfalt\u0131 (E-5 karayolu) boyunca ilerlerken, kendilerine ba\u015fka fabrikalardan da kat\u0131lanlar oldu.Avrupa Yakas\u0131&#8217;nda ise 15 Haziran 1970&#8217;te, Bak\u0131rk\u00f6y &#8211; Topkap\u0131 &#8211; Sa\u011fmalc\u0131lar g\u00fczergah\u0131nda y\u00fcr\u00fcy\u00fc\u015f yap\u0131ld\u0131. G\u00f6ztepe dolaylar\u0131nda, Otosan Fabrikas\u0131 i\u015f\u00e7ileri ile DMO i\u015f\u00e7ileri de onlara kat\u0131ld\u0131 ve y\u00fcr\u00fcy\u00fc\u015f saat 17:00&#8217;ye kadar s\u00fcrd\u00fc.Bir ba\u015fka y\u00fcr\u00fcy\u00fc\u015f kolu da Beykoz ve Pa\u015fabah\u00e7e&#8217;den \u00dcsk\u00fcdar&#8217;a do\u011fru olu\u015ftu.<\/p>\n<p>16 Haziran&#8217;da ise Gebze&#8217;den ba\u015flayan i\u015f\u00e7i y\u00fcr\u00fcy\u00fc\u015f\u00fc, Kartal&#8217;dan kat\u0131lan i\u015f\u00e7ilerle birle\u015ferek Ba\u011fdat Caddesi \u00fczerinden Kad\u0131k\u00f6y \u0130skele Meydan\u0131&#8217;na kadar ula\u015ft\u0131.16 Haziran&#8217;da da, kentin Topkap\u0131 d\u0131\u015f\u0131ndaki kesimlerinden gelen kollar birle\u015fip, Aksaray \u00fczerinen \u00f6nce Sultanahmet&#8217;e, oradan Ca\u011falo\u011flu ve vilayetten (valilik) ge\u00e7ip Emin\u00f6n\u00fc&#8217;ne geldiler.Valilik Hali\u00e7 \u00fczerine yer alan o zamanki iki k\u00f6pr\u00fcy\u00fc de a\u00e7t\u0131rarak, eylemcilerin Beyo\u011flu taraf\u0131na ge\u00e7mesini engelledi.Levent ve Beyo\u011flu&#8217;nda da k\u00fc\u00e7\u00fck y\u00fcr\u00fcy\u00fc\u015f kollar\u0131 olu\u015fmu\u015ftu. G\u00f6sterilere pek\u00e7ok fabrikadan 75,000 dolaylar\u0131nda i\u015f\u00e7i kat\u0131ld\u0131.G\u00f6sterilen tepki esas olarak D\u0130SK \u00fcyesi i\u015f\u00e7ilerden geldi\u011fi halde, y\u00fcr\u00fcy\u00fc\u015flere \u00e7ok say\u0131da T\u00fcrk-\u0130\u015f i\u015f\u00e7isi de toplu halde kat\u0131ld\u0131.Olaylar\u0131n birinci g\u00fcn\u00fc ak\u015fam\u0131 Bakanlar Kurulu 60 g\u00fcnl\u00fck bir s\u0131k\u0131y\u00f6netim ilan etti.D\u0130SK ve ba\u011fl\u0131 sendikalar\u0131n y\u00f6neticilerinin pek \u00e7o\u011fu s\u0131k\u0131y\u00f6netim mahkemelerince tutukland\u0131lar ve yarg\u0131land\u0131lar.16 Haziran&#8217;da Ankara, Adana, Bursa ve \u0130zmir&#8217;de de k\u00fc\u00e7\u00fck \u00e7apl\u0131 olaylar ya\u015fand\u0131.<\/p>\n<p>16 Haziran&#8217;da Kocaeli ve \u0130stanbul&#8217;da s\u0131k\u0131y\u00f6netim ilan edildi. 12 Mart\u00a0 ve 12 Eyl\u00fcl Askeri Darbelerinde Kemal T\u00fcrkler ve di\u011fer D\u0130SK y\u00f6neticileri halk\u0131 k\u0131\u015fk\u0131rtmak ve b\u00f6l\u00fcc\u00fcl\u00fck propangandas\u0131 yapmaktan yarg\u0131land\u0131lar; davalardan beraat ettiler. Olaylar\u0131n ard\u0131ndan CHP Genel Sekreteri B\u00fclent Ecevit, Genel Ba\u015fkan \u0130smet \u0130n\u00f6n\u00fc ile birlikte partisi ad\u0131na, T\u0130P&#8217;den ayr\u0131 olarak Anayasa Mahkemesi&#8217;ne ba\u015fvurdu.Anayasa Mahkemesi, yasa de\u011fi\u015fikli\u011fi konusunda a\u00e7\u0131lm\u0131\u015f olan davalar\u0131 daha sonra karar ba\u011flayarak, s\u00f6z konusu yasa de\u011fi\u015fikliklerini iptal etti.Yasa da &#8220;Anayasaya ayk\u0131r\u0131 oldu\u011fu&#8221; i\u00e7in Anayasa mahkemesi taraf\u0131ndan iptal edildi.<\/p>\n<p> 16 Haziran g\u00fcn\u00fc \u00f6lenler<\/p>\n<p> * Ya\u015far Y\u0131ld\u0131r\u0131m, Mutlu Ak\u00fc Fabrikas\u0131 i\u015f\u00e7isi<br \/> * Mustafa Bayram Vinleks i\u015f\u00e7isi<br \/> * Mehmet G\u0131dak, Cevizli Tekel Fabrikas\u0131 i\u015f\u00e7isi<br \/> * Do\u011fukan Dere, esnaf<br \/> * ismi belirlenmeyen bir polis memuru<\/p>\n<p>Eylemle ba\u011flant\u0131l\u0131 direni\u015flerde \u00f6lenler<\/p>\n<p> * H\u00fcseyin \u00c7apkan, eylemlerden sonra direni\u015f ba\u015flatan G\u0131slaved i\u015f\u00e7ilerinden Lastik-\u0130\u015f sendikas\u0131 \u00fcyesi i\u015f\u00e7i.<br \/> * Necmettin Giritlio\u011flu, Alia\u011fa rafinerisi in\u015faat\u0131nda \u00e7al\u0131\u015fan ve greve giden Yap\u0131-\u0130\u015f Sendikas\u0131 Genel Ba\u015fkan\u0131.<\/p>\n","protected":false},"excerpt":{"rendered":"<p>15-16 Haziran 1970&#8217;te ba\u015flayan ve yay\u0131lan, T\u00fcrkiye tarihindeki en b\u00fcy\u00fck i\u015f\u00e7i eylemlerinden biri.T\u00fcrkiye tarihindeki ilk i\u015f\u00e7i ayaklanmas\u0131 olmas\u0131 \u00f6zelli\u011fini ta\u015f\u0131maktad\u0131r. 1970&#8217;te, \u00e7al\u0131\u015fma ya\u015fam\u0131n\u0131 ve temel sendikalar mevzuat\u0131n\u0131 d\u00fczenleyen 274 say\u0131l\u0131 \u0130\u015f Yasas\u0131 ile 275 say\u0131l\u0131 Sendikalar Yasas\u0131&#8217;nda de\u011fi\u015fiklik yapan tasar\u0131, Adalet Partisi ve Cumhuriyet Halk Partisi&#8217;nin i\u015fbirli\u011fiyle \u00f6nce TBMM ard\u0131ndan Senato&#8217;dan ge\u00e7irildi.Yap\u0131lan de\u011fi\u015fiklik, i\u015f\u00e7ilerin sendika [&hellip;]<\/p>\n","protected":false},"author":1,"featured_media":0,"comment_status":"open","ping_status":"open","sticky":false,"template":"","format":"standard","meta":{"footnotes":""},"categories":[156],"tags":[],"class_list":{"0":"post-4614","1":"post","2":"type-post","3":"status-publish","4":"format-standard","6":"category-genel-tarih"},"yoast_head":"<!-- This site is optimized with the Yoast SEO Premium plugin v24.9 (Yoast SEO v24.9) - https:\/\/yoast.com\/wordpress\/plugins\/seo\/ -->\n<title>T\u00fcrkiye tarihindeki ilk ve en b\u00fcy\u00fck i\u015f\u00e7i ayaklanmas\u0131 | 15 - 16 Haziran Olaylar\u0131 - narteks.net<\/title>\n<meta name=\"robots\" content=\"index, follow, max-snippet:-1, max-image-preview:large, max-video-preview:-1\" \/>\n<link rel=\"canonical\" href=\"https:\/\/narteks.net\/index.php\/2010\/06\/09\/turkiye-tarihindeki-ilk-ve-en-buyuk-isci-ayaklanmasi-15-16-haziran-olaylari\/\" \/>\n<meta property=\"og:locale\" content=\"tr_TR\" \/>\n<meta property=\"og:type\" content=\"article\" \/>\n<meta property=\"og:title\" content=\"T\u00fcrkiye tarihindeki ilk ve en b\u00fcy\u00fck i\u015f\u00e7i ayaklanmas\u0131 | 15 - 16 Haziran Olaylar\u0131\" \/>\n<meta property=\"og:description\" content=\"15-16 Haziran 1970&#8217;te ba\u015flayan ve yay\u0131lan, T\u00fcrkiye tarihindeki en b\u00fcy\u00fck i\u015f\u00e7i eylemlerinden biri.T\u00fcrkiye tarihindeki ilk i\u015f\u00e7i ayaklanmas\u0131 olmas\u0131 \u00f6zelli\u011fini ta\u015f\u0131maktad\u0131r. 1970&#8217;te, \u00e7al\u0131\u015fma ya\u015fam\u0131n\u0131 ve temel sendikalar mevzuat\u0131n\u0131 d\u00fczenleyen 274 say\u0131l\u0131 \u0130\u015f Yasas\u0131 ile 275 say\u0131l\u0131 Sendikalar Yasas\u0131&#8217;nda de\u011fi\u015fiklik yapan tasar\u0131, Adalet Partisi ve Cumhuriyet Halk Partisi&#8217;nin i\u015fbirli\u011fiyle \u00f6nce TBMM ard\u0131ndan Senato&#8217;dan ge\u00e7irildi.Yap\u0131lan de\u011fi\u015fiklik, i\u015f\u00e7ilerin sendika [&hellip;]\" \/>\n<meta property=\"og:url\" content=\"https:\/\/narteks.net\/index.php\/2010\/06\/09\/turkiye-tarihindeki-ilk-ve-en-buyuk-isci-ayaklanmasi-15-16-haziran-olaylari\/\" \/>\n<meta property=\"og:site_name\" content=\"narteks.net\" \/>\n<meta property=\"article:published_time\" content=\"2010-06-09T07:37:41+00:00\" \/>\n<meta property=\"og:image\" content=\"http:\/\/img75.imageshack.us\/img75\/9599\/haziran2uw2.jpg\" \/>\n<meta name=\"author\" content=\"Tar\u0131k\" \/>\n<meta name=\"twitter:card\" content=\"summary_large_image\" \/>\n<meta name=\"twitter:creator\" content=\"@narteks\" \/>\n<meta name=\"twitter:site\" content=\"@narteks\" \/>\n<meta name=\"twitter:label1\" content=\"Yazan:\" \/>\n\t<meta name=\"twitter:data1\" content=\"Tar\u0131k\" \/>\n\t<meta name=\"twitter:label2\" content=\"Tahmini okuma s\u00fcresi\" \/>\n\t<meta name=\"twitter:data2\" content=\"4 dakika\" \/>\n<script type=\"application\/ld+json\" class=\"yoast-schema-graph\">{\"@context\":\"https:\/\/schema.org\",\"@graph\":[{\"@type\":\"Article\",\"@id\":\"https:\/\/narteks.net\/index.php\/2010\/06\/09\/turkiye-tarihindeki-ilk-ve-en-buyuk-isci-ayaklanmasi-15-16-haziran-olaylari\/#article\",\"isPartOf\":{\"@id\":\"https:\/\/narteks.net\/index.php\/2010\/06\/09\/turkiye-tarihindeki-ilk-ve-en-buyuk-isci-ayaklanmasi-15-16-haziran-olaylari\/\"},\"author\":{\"name\":\"Tar\u0131k\",\"@id\":\"https:\/\/narteks.net\/#\/schema\/person\/61f37d9834294b72d31d274e7ed79bca\"},\"headline\":\"T\u00fcrkiye tarihindeki ilk ve en b\u00fcy\u00fck i\u015f\u00e7i ayaklanmas\u0131 | 15 &#8211; 16 Haziran Olaylar\u0131\",\"datePublished\":\"2010-06-09T07:37:41+00:00\",\"mainEntityOfPage\":{\"@id\":\"https:\/\/narteks.net\/index.php\/2010\/06\/09\/turkiye-tarihindeki-ilk-ve-en-buyuk-isci-ayaklanmasi-15-16-haziran-olaylari\/\"},\"wordCount\":861,\"commentCount\":0,\"publisher\":{\"@id\":\"https:\/\/narteks.net\/#organization\"},\"image\":{\"@id\":\"https:\/\/narteks.net\/index.php\/2010\/06\/09\/turkiye-tarihindeki-ilk-ve-en-buyuk-isci-ayaklanmasi-15-16-haziran-olaylari\/#primaryimage\"},\"thumbnailUrl\":\"http:\/\/img75.imageshack.us\/img75\/9599\/haziran2uw2.jpg\",\"articleSection\":[\"Genel Tarih\"],\"inLanguage\":\"tr\",\"potentialAction\":[{\"@type\":\"CommentAction\",\"name\":\"Comment\",\"target\":[\"https:\/\/narteks.net\/index.php\/2010\/06\/09\/turkiye-tarihindeki-ilk-ve-en-buyuk-isci-ayaklanmasi-15-16-haziran-olaylari\/#respond\"]}]},{\"@type\":\"WebPage\",\"@id\":\"https:\/\/narteks.net\/index.php\/2010\/06\/09\/turkiye-tarihindeki-ilk-ve-en-buyuk-isci-ayaklanmasi-15-16-haziran-olaylari\/\",\"url\":\"https:\/\/narteks.net\/index.php\/2010\/06\/09\/turkiye-tarihindeki-ilk-ve-en-buyuk-isci-ayaklanmasi-15-16-haziran-olaylari\/\",\"name\":\"T\u00fcrkiye tarihindeki ilk ve en b\u00fcy\u00fck i\u015f\u00e7i ayaklanmas\u0131 | 15 - 16 Haziran Olaylar\u0131 - narteks.net\",\"isPartOf\":{\"@id\":\"https:\/\/narteks.net\/#website\"},\"primaryImageOfPage\":{\"@id\":\"https:\/\/narteks.net\/index.php\/2010\/06\/09\/turkiye-tarihindeki-ilk-ve-en-buyuk-isci-ayaklanmasi-15-16-haziran-olaylari\/#primaryimage\"},\"image\":{\"@id\":\"https:\/\/narteks.net\/index.php\/2010\/06\/09\/turkiye-tarihindeki-ilk-ve-en-buyuk-isci-ayaklanmasi-15-16-haziran-olaylari\/#primaryimage\"},\"thumbnailUrl\":\"http:\/\/img75.imageshack.us\/img75\/9599\/haziran2uw2.jpg\",\"datePublished\":\"2010-06-09T07:37:41+00:00\",\"breadcrumb\":{\"@id\":\"https:\/\/narteks.net\/index.php\/2010\/06\/09\/turkiye-tarihindeki-ilk-ve-en-buyuk-isci-ayaklanmasi-15-16-haziran-olaylari\/#breadcrumb\"},\"inLanguage\":\"tr\",\"potentialAction\":[{\"@type\":\"ReadAction\",\"target\":[\"https:\/\/narteks.net\/index.php\/2010\/06\/09\/turkiye-tarihindeki-ilk-ve-en-buyuk-isci-ayaklanmasi-15-16-haziran-olaylari\/\"]}]},{\"@type\":\"ImageObject\",\"inLanguage\":\"tr\",\"@id\":\"https:\/\/narteks.net\/index.php\/2010\/06\/09\/turkiye-tarihindeki-ilk-ve-en-buyuk-isci-ayaklanmasi-15-16-haziran-olaylari\/#primaryimage\",\"url\":\"http:\/\/img75.imageshack.us\/img75\/9599\/haziran2uw2.jpg\",\"contentUrl\":\"http:\/\/img75.imageshack.us\/img75\/9599\/haziran2uw2.jpg\"},{\"@type\":\"BreadcrumbList\",\"@id\":\"https:\/\/narteks.net\/index.php\/2010\/06\/09\/turkiye-tarihindeki-ilk-ve-en-buyuk-isci-ayaklanmasi-15-16-haziran-olaylari\/#breadcrumb\",\"itemListElement\":[{\"@type\":\"ListItem\",\"position\":1,\"name\":\"Anasayfa\",\"item\":\"https:\/\/narteks.net\/\"},{\"@type\":\"ListItem\",\"position\":2,\"name\":\"T\u00fcrkiye tarihindeki ilk ve en b\u00fcy\u00fck i\u015f\u00e7i ayaklanmas\u0131 | 15 &#8211; 16 Haziran Olaylar\u0131\"}]},{\"@type\":\"WebSite\",\"@id\":\"https:\/\/narteks.net\/#website\",\"url\":\"https:\/\/narteks.net\/\",\"name\":\"narteks.net\",\"description\":\"K\u00fclt\u00fcr Sanat Edebiyat Felsefe\",\"publisher\":{\"@id\":\"https:\/\/narteks.net\/#organization\"},\"alternateName\":\"K\u00fclt\u00fcr Sanat Edebiyat Felsefe\",\"potentialAction\":[{\"@type\":\"SearchAction\",\"target\":{\"@type\":\"EntryPoint\",\"urlTemplate\":\"https:\/\/narteks.net\/?s={search_term_string}\"},\"query-input\":{\"@type\":\"PropertyValueSpecification\",\"valueRequired\":true,\"valueName\":\"search_term_string\"}}],\"inLanguage\":\"tr\"},{\"@type\":\"Organization\",\"@id\":\"https:\/\/narteks.net\/#organization\",\"name\":\"narteks.net\",\"url\":\"https:\/\/narteks.net\/\",\"logo\":{\"@type\":\"ImageObject\",\"inLanguage\":\"tr\",\"@id\":\"https:\/\/narteks.net\/#\/schema\/logo\/image\/\",\"url\":\"https:\/\/narteks.net\/wp-content\/uploads\/narteks.png\",\"contentUrl\":\"https:\/\/narteks.net\/wp-content\/uploads\/narteks.png\",\"width\":300,\"height\":90,\"caption\":\"narteks.net\"},\"image\":{\"@id\":\"https:\/\/narteks.net\/#\/schema\/logo\/image\/\"},\"sameAs\":[\"https:\/\/x.com\/narteks\",\"https:\/\/instagram.com\/narteksnet\"]},{\"@type\":\"Person\",\"@id\":\"https:\/\/narteks.net\/#\/schema\/person\/61f37d9834294b72d31d274e7ed79bca\",\"name\":\"Tar\u0131k\",\"image\":{\"@type\":\"ImageObject\",\"inLanguage\":\"tr\",\"@id\":\"https:\/\/narteks.net\/#\/schema\/person\/image\/\",\"url\":\"https:\/\/secure.gravatar.com\/avatar\/50865afb55632c4ae467e0af0930f6510aa2297d8014be502a55b14f3b7550cf?s=96&d=mm&r=g\",\"contentUrl\":\"https:\/\/secure.gravatar.com\/avatar\/50865afb55632c4ae467e0af0930f6510aa2297d8014be502a55b14f3b7550cf?s=96&d=mm&r=g\",\"caption\":\"Tar\u0131k\"},\"sameAs\":[\"http:\/\/narteks.net\"],\"url\":\"https:\/\/narteks.net\/index.php\/author\/narbak\/\"}]}<\/script>\n<!-- \/ Yoast SEO Premium plugin. -->","yoast_head_json":{"title":"T\u00fcrkiye tarihindeki ilk ve en b\u00fcy\u00fck i\u015f\u00e7i ayaklanmas\u0131 | 15 - 16 Haziran Olaylar\u0131 - narteks.net","robots":{"index":"index","follow":"follow","max-snippet":"max-snippet:-1","max-image-preview":"max-image-preview:large","max-video-preview":"max-video-preview:-1"},"canonical":"https:\/\/narteks.net\/index.php\/2010\/06\/09\/turkiye-tarihindeki-ilk-ve-en-buyuk-isci-ayaklanmasi-15-16-haziran-olaylari\/","og_locale":"tr_TR","og_type":"article","og_title":"T\u00fcrkiye tarihindeki ilk ve en b\u00fcy\u00fck i\u015f\u00e7i ayaklanmas\u0131 | 15 - 16 Haziran Olaylar\u0131","og_description":"15-16 Haziran 1970&#8217;te ba\u015flayan ve yay\u0131lan, T\u00fcrkiye tarihindeki en b\u00fcy\u00fck i\u015f\u00e7i eylemlerinden biri.T\u00fcrkiye tarihindeki ilk i\u015f\u00e7i ayaklanmas\u0131 olmas\u0131 \u00f6zelli\u011fini ta\u015f\u0131maktad\u0131r. 1970&#8217;te, \u00e7al\u0131\u015fma ya\u015fam\u0131n\u0131 ve temel sendikalar mevzuat\u0131n\u0131 d\u00fczenleyen 274 say\u0131l\u0131 \u0130\u015f Yasas\u0131 ile 275 say\u0131l\u0131 Sendikalar Yasas\u0131&#8217;nda de\u011fi\u015fiklik yapan tasar\u0131, Adalet Partisi ve Cumhuriyet Halk Partisi&#8217;nin i\u015fbirli\u011fiyle \u00f6nce TBMM ard\u0131ndan Senato&#8217;dan ge\u00e7irildi.Yap\u0131lan de\u011fi\u015fiklik, i\u015f\u00e7ilerin sendika [&hellip;]","og_url":"https:\/\/narteks.net\/index.php\/2010\/06\/09\/turkiye-tarihindeki-ilk-ve-en-buyuk-isci-ayaklanmasi-15-16-haziran-olaylari\/","og_site_name":"narteks.net","article_published_time":"2010-06-09T07:37:41+00:00","og_image":[{"url":"http:\/\/img75.imageshack.us\/img75\/9599\/haziran2uw2.jpg","type":"","width":"","height":""}],"author":"Tar\u0131k","twitter_card":"summary_large_image","twitter_creator":"@narteks","twitter_site":"@narteks","twitter_misc":{"Yazan:":"Tar\u0131k","Tahmini okuma s\u00fcresi":"4 dakika"},"schema":{"@context":"https:\/\/schema.org","@graph":[{"@type":"Article","@id":"https:\/\/narteks.net\/index.php\/2010\/06\/09\/turkiye-tarihindeki-ilk-ve-en-buyuk-isci-ayaklanmasi-15-16-haziran-olaylari\/#article","isPartOf":{"@id":"https:\/\/narteks.net\/index.php\/2010\/06\/09\/turkiye-tarihindeki-ilk-ve-en-buyuk-isci-ayaklanmasi-15-16-haziran-olaylari\/"},"author":{"name":"Tar\u0131k","@id":"https:\/\/narteks.net\/#\/schema\/person\/61f37d9834294b72d31d274e7ed79bca"},"headline":"T\u00fcrkiye tarihindeki ilk ve en b\u00fcy\u00fck i\u015f\u00e7i ayaklanmas\u0131 | 15 &#8211; 16 Haziran Olaylar\u0131","datePublished":"2010-06-09T07:37:41+00:00","mainEntityOfPage":{"@id":"https:\/\/narteks.net\/index.php\/2010\/06\/09\/turkiye-tarihindeki-ilk-ve-en-buyuk-isci-ayaklanmasi-15-16-haziran-olaylari\/"},"wordCount":861,"commentCount":0,"publisher":{"@id":"https:\/\/narteks.net\/#organization"},"image":{"@id":"https:\/\/narteks.net\/index.php\/2010\/06\/09\/turkiye-tarihindeki-ilk-ve-en-buyuk-isci-ayaklanmasi-15-16-haziran-olaylari\/#primaryimage"},"thumbnailUrl":"http:\/\/img75.imageshack.us\/img75\/9599\/haziran2uw2.jpg","articleSection":["Genel Tarih"],"inLanguage":"tr","potentialAction":[{"@type":"CommentAction","name":"Comment","target":["https:\/\/narteks.net\/index.php\/2010\/06\/09\/turkiye-tarihindeki-ilk-ve-en-buyuk-isci-ayaklanmasi-15-16-haziran-olaylari\/#respond"]}]},{"@type":"WebPage","@id":"https:\/\/narteks.net\/index.php\/2010\/06\/09\/turkiye-tarihindeki-ilk-ve-en-buyuk-isci-ayaklanmasi-15-16-haziran-olaylari\/","url":"https:\/\/narteks.net\/index.php\/2010\/06\/09\/turkiye-tarihindeki-ilk-ve-en-buyuk-isci-ayaklanmasi-15-16-haziran-olaylari\/","name":"T\u00fcrkiye tarihindeki ilk ve en b\u00fcy\u00fck i\u015f\u00e7i ayaklanmas\u0131 | 15 - 16 Haziran Olaylar\u0131 - narteks.net","isPartOf":{"@id":"https:\/\/narteks.net\/#website"},"primaryImageOfPage":{"@id":"https:\/\/narteks.net\/index.php\/2010\/06\/09\/turkiye-tarihindeki-ilk-ve-en-buyuk-isci-ayaklanmasi-15-16-haziran-olaylari\/#primaryimage"},"image":{"@id":"https:\/\/narteks.net\/index.php\/2010\/06\/09\/turkiye-tarihindeki-ilk-ve-en-buyuk-isci-ayaklanmasi-15-16-haziran-olaylari\/#primaryimage"},"thumbnailUrl":"http:\/\/img75.imageshack.us\/img75\/9599\/haziran2uw2.jpg","datePublished":"2010-06-09T07:37:41+00:00","breadcrumb":{"@id":"https:\/\/narteks.net\/index.php\/2010\/06\/09\/turkiye-tarihindeki-ilk-ve-en-buyuk-isci-ayaklanmasi-15-16-haziran-olaylari\/#breadcrumb"},"inLanguage":"tr","potentialAction":[{"@type":"ReadAction","target":["https:\/\/narteks.net\/index.php\/2010\/06\/09\/turkiye-tarihindeki-ilk-ve-en-buyuk-isci-ayaklanmasi-15-16-haziran-olaylari\/"]}]},{"@type":"ImageObject","inLanguage":"tr","@id":"https:\/\/narteks.net\/index.php\/2010\/06\/09\/turkiye-tarihindeki-ilk-ve-en-buyuk-isci-ayaklanmasi-15-16-haziran-olaylari\/#primaryimage","url":"http:\/\/img75.imageshack.us\/img75\/9599\/haziran2uw2.jpg","contentUrl":"http:\/\/img75.imageshack.us\/img75\/9599\/haziran2uw2.jpg"},{"@type":"BreadcrumbList","@id":"https:\/\/narteks.net\/index.php\/2010\/06\/09\/turkiye-tarihindeki-ilk-ve-en-buyuk-isci-ayaklanmasi-15-16-haziran-olaylari\/#breadcrumb","itemListElement":[{"@type":"ListItem","position":1,"name":"Anasayfa","item":"https:\/\/narteks.net\/"},{"@type":"ListItem","position":2,"name":"T\u00fcrkiye tarihindeki ilk ve en b\u00fcy\u00fck i\u015f\u00e7i ayaklanmas\u0131 | 15 &#8211; 16 Haziran Olaylar\u0131"}]},{"@type":"WebSite","@id":"https:\/\/narteks.net\/#website","url":"https:\/\/narteks.net\/","name":"narteks.net","description":"K\u00fclt\u00fcr Sanat Edebiyat Felsefe","publisher":{"@id":"https:\/\/narteks.net\/#organization"},"alternateName":"K\u00fclt\u00fcr Sanat Edebiyat Felsefe","potentialAction":[{"@type":"SearchAction","target":{"@type":"EntryPoint","urlTemplate":"https:\/\/narteks.net\/?s={search_term_string}"},"query-input":{"@type":"PropertyValueSpecification","valueRequired":true,"valueName":"search_term_string"}}],"inLanguage":"tr"},{"@type":"Organization","@id":"https:\/\/narteks.net\/#organization","name":"narteks.net","url":"https:\/\/narteks.net\/","logo":{"@type":"ImageObject","inLanguage":"tr","@id":"https:\/\/narteks.net\/#\/schema\/logo\/image\/","url":"https:\/\/narteks.net\/wp-content\/uploads\/narteks.png","contentUrl":"https:\/\/narteks.net\/wp-content\/uploads\/narteks.png","width":300,"height":90,"caption":"narteks.net"},"image":{"@id":"https:\/\/narteks.net\/#\/schema\/logo\/image\/"},"sameAs":["https:\/\/x.com\/narteks","https:\/\/instagram.com\/narteksnet"]},{"@type":"Person","@id":"https:\/\/narteks.net\/#\/schema\/person\/61f37d9834294b72d31d274e7ed79bca","name":"Tar\u0131k","image":{"@type":"ImageObject","inLanguage":"tr","@id":"https:\/\/narteks.net\/#\/schema\/person\/image\/","url":"https:\/\/secure.gravatar.com\/avatar\/50865afb55632c4ae467e0af0930f6510aa2297d8014be502a55b14f3b7550cf?s=96&d=mm&r=g","contentUrl":"https:\/\/secure.gravatar.com\/avatar\/50865afb55632c4ae467e0af0930f6510aa2297d8014be502a55b14f3b7550cf?s=96&d=mm&r=g","caption":"Tar\u0131k"},"sameAs":["http:\/\/narteks.net"],"url":"https:\/\/narteks.net\/index.php\/author\/narbak\/"}]}},"_links":{"self":[{"href":"https:\/\/narteks.net\/index.php\/wp-json\/wp\/v2\/posts\/4614","targetHints":{"allow":["GET"]}}],"collection":[{"href":"https:\/\/narteks.net\/index.php\/wp-json\/wp\/v2\/posts"}],"about":[{"href":"https:\/\/narteks.net\/index.php\/wp-json\/wp\/v2\/types\/post"}],"author":[{"embeddable":true,"href":"https:\/\/narteks.net\/index.php\/wp-json\/wp\/v2\/users\/1"}],"replies":[{"embeddable":true,"href":"https:\/\/narteks.net\/index.php\/wp-json\/wp\/v2\/comments?post=4614"}],"version-history":[{"count":0,"href":"https:\/\/narteks.net\/index.php\/wp-json\/wp\/v2\/posts\/4614\/revisions"}],"wp:attachment":[{"href":"https:\/\/narteks.net\/index.php\/wp-json\/wp\/v2\/media?parent=4614"}],"wp:term":[{"taxonomy":"category","embeddable":true,"href":"https:\/\/narteks.net\/index.php\/wp-json\/wp\/v2\/categories?post=4614"},{"taxonomy":"post_tag","embeddable":true,"href":"https:\/\/narteks.net\/index.php\/wp-json\/wp\/v2\/tags?post=4614"}],"curies":[{"name":"wp","href":"https:\/\/api.w.org\/{rel}","templated":true}]}}