{"id":4617,"date":"2010-06-10T18:08:32","date_gmt":"2010-06-10T15:08:32","guid":{"rendered":"http:\/\/localhost\/wordpress\/2010\/06\/10\/candan-ercetin-ve-sarkilari-narteksnet-te\/"},"modified":"2010-06-10T18:08:32","modified_gmt":"2010-06-10T15:08:32","slug":"candan-ercetin-ve-sarkilari-narteksnet-te","status":"publish","type":"post","link":"https:\/\/narteks.net\/index.php\/2010\/06\/10\/candan-ercetin-ve-sarkilari-narteksnet-te\/","title":{"rendered":"Candan Er\u00e7etin ve \u015fark\u0131lar\u0131 narteks.net &#8216;te"},"content":{"rendered":"<p style=\"text-align: justify;\"><img loading=\"lazy\" decoding=\"async\" src=\"http:\/\/www.biyografist.com\/resimler\/candan-ercetin-resimleri\/candan-ercetin-resim-002.jpg\" border=\"0\" width=\"155\" height=\"205\" style=\"float: left;\" \/>10 \u015eubat 1963&#8217;de , Pri\u015ftina&#8217;l\u0131 anne ve\u00a0 \u00dcsk\u00fcp&#8217;l\u00fc bir baba, Arnavut g\u00f6\u00e7meni bir ailenin k\u0131z\u0131 olarak K\u0131rklareli&#8217;de d\u00fcnyaya geldi. \u0130lkokulu K\u0131rklareli&#8217;nde bitirdi. Er\u00e7etin, 11 ya\u015f\u0131nda \u0130stanbul&#8217;da burs s\u0131nav\u0131na kat\u0131ld\u0131 ve Galatasaray Lisesi&#8217;ni kazand\u0131. 11 ya\u015f\u0131nda ailesinden ayr\u0131ld\u0131. 1978&#8217;de \u0130stanbul Belediyesi \u015ean Okulu&#8217;na gitti ve \u015fan dersleri ald\u0131. 1986&#8217;da Norve\u00e7, Oslo&#8217;da d\u00fczenlenen Eurovision \u015eark\u0131 Yar\u0131\u015fmas\u0131&#8217;n da T\u00fcrkiye&#8217;yi &#8220;Klips ve Onlar&#8221; grubu b\u00fcnyesinde &#8220;Halley&#8221; \u015fark\u0131s\u0131n\u0131 seslendirerek temsil etti ve grup T\u00fcrkiye&#8217;nin o zamana kadar ki en iyi derecesini elde etti.Uzun y\u0131llar Galatasaray Lisesi&#8217;nde m\u00fczik \u00f6\u011fretmenli\u011fi g\u00f6revini s\u00fcrd\u00fcr\u00fcren Er\u00e7etin,2009 y\u0131l\u0131ndan beri Galatasaray \u00dcniversitesi&#8217;nde ders vermektedir.<\/p>\n<p style=\"text-align: justify;\">Candan Er\u00e7etin&#8217;in ilk alb\u00fcm\u00fc Haz\u0131r\u0131m, 1995 A\u011fustos&#8217;unda yay\u0131nlanm\u0131\u015ft\u0131r. 12 \u015fark\u0131dan olu\u015fan alb\u00fcmde G\u00f6khan K\u0131rdar \u00e7o\u011funlukta olmak \u00fczere, Sezen Aksu, Yusuf B\u00fct\u00fcnley, Ahmet ve Balkan halk ezgileri gibi \u00fcnl\u00fc sanat\u00e7\u0131lar\u0131n besteledi\u011fi \u015fark\u0131lar yer almaktad\u0131r. \u0130kinci versiyonuda bas\u0131lan alb\u00fcm\u00fcn ilk versiyonunda Sevdim Sevilmedim ve Umrumda De\u011fil (Mix) bulunmamaktad\u0131r.1996 y\u0131l\u0131nda yay\u0131nlanan di\u011fer bir alb\u00fcm olan Sevdim Sevilmedim, Candan Er\u00e7etin&#8217;in ilk remix EP olup toplamda ikinci alb\u00fcm\u00fcd\u00fcr. 6 \u015fark\u0131dan olu\u015fan alb\u00fcmde ilk alb\u00fcmde de yer alan Umrumda De\u011fil ve Sevdim Sevilmedim \u015fark\u0131lar\u0131na yap\u0131lm\u0131\u015f remix EP&#8217;ler yer almaktad\u0131r. Candan Er\u00e7etin bu alb\u00fcmle birlikte \u00e7\u0131kard\u0131\u011f\u0131 t\u00fcm alb\u00fcmlerde remix alb\u00fcm \u00e7\u0131karmaya ba\u015flam\u0131\u015ft\u0131r.<\/p>\n<p>17 Haziran 1997&#8217;de \u00c7apk\u0131n alb\u00fcm\u00fc sanat\u00e7\u0131n\u0131n ikinci st\u00fcdyo alb\u00fcm\u00fc olup toplamda 3. alb\u00fcm\u00fcd\u00fcr.Alb\u00fcmde 12 \u015fark\u0131 yer al\u0131p, alb\u00fcm\u00fcn olu\u015fmas\u0131nda sanat\u00e7\u0131 \u00e7o\u011funlukla Mete \u00d6zgencil\u00a0 ile \u00e7al\u0131\u015fm\u0131\u015ft\u0131r. Alb\u00fcmde 10. \u015fark\u0131 olarak bulunan Yalan \u015fark\u0131s\u0131 b\u00fcy\u00fck bir ilgi g\u00f6rm\u00fc\u015f ve yo\u011fun bir dinleyici kitlesi taraf\u0131ndan dinlenmi\u015ftir. Alb\u00fcmde yer alan Yalan ve Onlar Yanl\u0131\u015f Biliyor \u015fark\u0131lar\u0131yla \u00f6d\u00fcller alan sanat\u00e7\u0131ya, Her A\u015fk Bitermi\u015f adl\u0131 par\u00e7aya \u00e7ekti\u011fi video klipden yurtd\u0131\u015f\u0131nda en iyi klip \u00f6d\u00fcl\u00fc verilmi\u015ftir.<\/p>\n<p>1998 A\u011fustos&#8217;unda yay\u0131nlanan ve Candan Er\u00e7etin&#8217;in 2. remix EP alb\u00fcm\u00fc olan Oyalama Art\u0131k alb\u00fcm\u00fc 7 \u015fark\u0131dan olu\u015fup Oyalama Art\u0131k, A\u015fk\u0131 Ne Sand\u0131n, Kaybettik Biz, Onlar Yanl\u0131\u015f Biliyor \u015fark\u0131lar\u0131 yeniden d\u00fczenlenmi\u015f remix yap\u0131lm\u0131\u015f ve Oyalama Art\u0131k \u015fark\u0131s\u0131na klip \u00e7ekilmi\u015ftir.<\/p>\n<p>5 Ocak 2000 tarihinde yay\u0131nlanan Elbette alb\u00fcm\u00fc Candan Er\u00e7etin&#8217;in \u00fc\u00e7\u00fcnc\u00fc, toplamda 5. alb\u00fcm\u00fcd\u00fcr. Sanat\u00e7\u0131n\u0131n di\u011fer alb\u00fcmlerinde oldu\u011fu gibi bu alb\u00fcm\u00fcnde de bir\u00e7ok \u015fark\u0131da son kez Mete \u00d6zgencil imzas\u0131 vard\u0131r. S\u00f6z ve m\u00fczi\u011finin sanat\u00e7\u0131ya ait alb\u00fcmde bulunan Elbette \u015fark\u0131s\u0131 dinleyici kitlesinden olduk\u00e7a be\u011feni toplam\u0131\u015ft\u0131r. Ayr\u0131ca klip \u00e7ekilmedi\u011fi halde o y\u0131l\u0131n en fazla dinlenen alb\u00fcmlerinden olmu\u015ftur.<\/p>\n<p>Candan Er\u00e7etin&#8217;in 3. Remix alb\u00fcm\u00fc olan Unut Sevme 2001 y\u0131l\u0131n\u0131n ba\u015f\u0131nda yay\u0131nlanm\u0131\u015ft\u0131r. Unut Sevme adl\u0131 \u015fark\u0131ya \u00e7ekilen versiyonlar\u0131n yan\u0131nda 3 farkl\u0131 versiyona da yer verilmi\u015ftir.<\/p>\n<p>20 May\u0131s 2002&#8217;de yay\u0131nlanan Neden sanat\u00e7\u0131n\u0131n d\u00f6rd\u00fcnc\u00fc, toplamda 7. alb\u00fcm\u00fcd\u00fcr. Alb\u00fcmde yer alan \u00e7o\u011fu \u015fark\u0131da Candan Er\u00e7etin&#8217;in s\u00f6z ve m\u00fczikleri bulunmakla birlikte D\u00fcnya Hali, Neden, Hay\u0131rs\u0131z ve Par\u00e7aland\u0131m \u015fark\u0131lar\u0131n\u0131 s\u00f6zleri sanat\u00e7\u0131 taraf\u0131ndan yaz\u0131lm\u0131\u015ft\u0131r.<\/p>\n<p>Neden alb\u00fcm\u00fcnde yer alan \u015fark\u0131lar\u0131n remixlerinden olu\u015fan 2003 y\u0131l\u0131nda Remix ad\u0131 ile yay\u0131nlanan alb\u00fcmd\u00fcr. Ayr\u0131ca bu alb\u00fcmde di\u011ferlerinden farkl\u0131 olarak T\u00fcrkiye, Bosna Hersek ve Avusturya\u00a0 ortak yap\u0131m\u0131, y\u00f6netmenli\u011fini Pjer Zalica&#8217;in yapt\u0131\u011f\u0131 Gor\u0131 Vatra filminden &#8220;Yaz\u0131k oldu&#8221; \u015fark\u0131s\u0131da yer alm\u0131\u015ft\u0131r.<\/p>\n<p>21 Haziran 2004&#8217;te yay\u0131nlanan ve sanat\u00e7\u0131n\u0131n 6. solo, toplamda 10. alb\u00fcm\u00fc olan Melek alb\u00fcm\u00fcd\u00fcr. Alb\u00fcm 14 par\u00e7adan olu\u015fmaktad\u0131r ve sanat\u00e7\u0131n\u0131n Ceza ile yapt\u0131\u011f\u0131 bir de d\u00fcet bulunmaktad\u0131r. Alb\u00fcm i\u00e7in Melek \u015fark\u0131s\u0131na \u00e7ekilen klip izleyici ve dinleyici kitlesince be\u011feni toplam\u0131\u015ft\u0131r. Alb\u00fcmde bir\u00e7ok besteci ve s\u00f6z yazar\u0131n\u0131n katk\u0131lar\u0131 yan\u0131 s\u0131ra bestesi ve baz\u0131 m\u00fczikleri Candan Er\u00e7etin&#8217;e ait Melek, Me\u011fer, Can\u0131 Sa\u011folsun, Sitem, Bu Sabah ve Sensizlik \u015fark\u0131lar\u0131 da bulunmaktad\u0131r.<\/p>\n<p>16 Temmuz 2005 tarihinde yay\u0131nlanan Candan Er\u00e7etin remix alb\u00fcm\u00fcd\u00fcr. Alb\u00fcmde 10 \u015fark\u0131 bulunup, sanat\u00e7\u0131 bu alb\u00fcm\u00fcnde 2004 tarihinde yay\u0131nlad\u0131\u011f\u0131 Melek alb\u00fcm\u00fcnde yer alan \u015fark\u0131lar\u0131n remixlerine yer vermi\u015ftir.Les Choristes (Koro) filminin m\u00fcziklerinden olan Vois Sur Ton Chemin (Sevdim Anlad\u0131m) \u015fark\u0131s\u0131n\u0131n T\u00fcrk\u00e7e&#8217;si sanat\u00e7\u0131 taraf\u0131ndan s\u00f6ylenmi\u015f ve ayn\u0131 alb\u00fcmde yer alm\u0131\u015ft\u0131r. Ku\u015ftepe \u00c7ocuk Korosu da sanat\u00e7\u0131ya e\u015flik etmi\u015ftir.<\/p>\n<p>Aman Doktor, Candan Er\u00e7etin&#8217;in T\u00fcrk-Yunan k\u00fclt\u00fcrlerine ait \u015fark\u0131lar\u0131n ayn\u0131 k\u00fclt\u00fcrel ezgilerle s\u00f6yledi\u011fi 9 Aral\u0131k 2005 tarihinde yay\u0131nlanan yedinci st\u00fcdyo alb\u00fcm\u00fcd\u00fcr. \u015eark\u0131lar\u0131 yar\u0131 T\u00fcrk\u00e7e\u00a0 ve yar\u0131 Yunanca\u00a0 olarak yorumlam\u0131\u015ft\u0131r. Ayr\u0131ca \u015fark\u0131lar\u0131n yay\u0131nland\u0131\u011f\u0131 alb\u00fcmde \u015fark\u0131lar\u0131n resimli hikayelerine de yer verilmi\u015ftir.<\/p>\n<p>27 \u015eubat 2009 tarihinde g\u00f6sterime giren G\u00f6lgesizler filmi i\u00e7in Candan Er\u00e7etinin yapt\u0131\u011f\u0131 film m\u00fczi\u011fi teklidir. \u015eark\u0131n\u0131n ad\u0131 Ben Kimim olup 27 Kas\u0131m 2008 tarihinde sadece internetten \u00fccretsiz indirmek ko\u015fuluyla \u00fccretsiz olarak yay\u0131nlanm\u0131\u015ft\u0131r. Ayr\u0131ca \u015fark\u0131 i\u00e7in filmden k\u0131sa al\u0131nt\u0131lar yap\u0131lm\u0131\u015f video klip de bulunmaktad\u0131r. Tv&#8217;de ilk kez 16 Ocak 2009 tarihinde Beyaz Show&#8217;da yay\u0131nlanm\u0131\u015ft\u0131r. Ayr\u0131ca \u015fark\u0131n\u0131n ge\u00e7ti\u011fi filmin yap\u0131mc\u0131s\u0131 Candan Er\u00e7etin olup, film m\u00fczi\u011fi de sanat\u00e7\u0131ya aittir.<\/p>\n<p>\u00a0<\/p>\n<p><embed type=\"application\/x-shockwave-flash\" width=\"400\" height=\"300\" src=\"http:\/\/www.humyo.com\/E\/10422871-281475396221203\/10422871-281475396221659\/10422871-281475396222085\/10422871-281475396240241\/10422871-281475396230013\/10422871-281475396222537\/10422871-281475396230479\/10422871-281475396230881\/10422871-281475396222763\/10422871-281475396231127\/10422871-281475396231571\/10422871-281475396223275\/10422871-281475396231781?a=hJAHWAc90fE%2Cent4GNWzoqc%2C-u7GZHqhrbU%2CtdoOOy5TuaY%2CruCjTVIEwaA%2C3olWHM0Jv-E%2CV72s-147lCQ%2CHe4o5quFN5w%2CYm7Nlm5YDdE%2CCLBfeDMAun0%2CkV7hJxpN6LQ%2CjXvVuekQtus%2CMxIOhFoYqe8%2CZsNKv7D0JoQ%2Cogf7iIArQvQ%2CYIyMdYKCqlg%2CXl0M7Eeui40%2CHubgwVUx4fg%2Chwx4mmaZNZI%2CJOgr9DmYAvU%2CM9NA4shz4Uw%2CJNkdy4c82DQ%2C9TBfvR9JquM%2CtG8dyQdG3zU%2Cpmry2uOmofE%2C82bTN_DTlJU%2CMvhjVUPLFBM%2CmUbsBqGmWII%2CvV6nMjY5WXE%2Ci0O4bn0_xWI%2CliJ56jJFGzY%2CwRj2zYXSfbc%2CiYtLZXPA76w%2CoiisvTzR_xc%2C_Q2U5SPgqYM%2CU4YVj5ERLNw%2Cl_mJeB577tg%2Ct4IneWkyzdE%2CHkhfQQ65Ujw%2CLsVZOsJ-Qm8%2Cb_Sf9XSkKtw%2Ct4_IXbps0DY%2CKk4DsrBpFtU%2CdWPklNRDNgc%2CoIFfgfuaZjA%2CJ8FB1r9R1U4%2CkVRSojCTI9M%2CUQQNKxOiGLA%2CDylYCsRV_os\" flashvars=\"autostart=true&amp;usefullscreen=true&amp;\" allowfullscreen=\"true\"><\/embed><\/p>\n","protected":false},"excerpt":{"rendered":"<p>10 \u015eubat 1963&#8217;de , Pri\u015ftina&#8217;l\u0131 anne ve\u00a0 \u00dcsk\u00fcp&#8217;l\u00fc bir baba, Arnavut g\u00f6\u00e7meni bir ailenin k\u0131z\u0131 olarak K\u0131rklareli&#8217;de d\u00fcnyaya geldi. \u0130lkokulu K\u0131rklareli&#8217;nde bitirdi. Er\u00e7etin, 11 ya\u015f\u0131nda \u0130stanbul&#8217;da burs s\u0131nav\u0131na kat\u0131ld\u0131 ve Galatasaray Lisesi&#8217;ni kazand\u0131. 11 ya\u015f\u0131nda ailesinden ayr\u0131ld\u0131. 1978&#8217;de \u0130stanbul Belediyesi \u015ean Okulu&#8217;na gitti ve \u015fan dersleri ald\u0131. 1986&#8217;da Norve\u00e7, Oslo&#8217;da d\u00fczenlenen Eurovision \u015eark\u0131 Yar\u0131\u015fmas\u0131&#8217;n da [&hellip;]<\/p>\n","protected":false},"author":1,"featured_media":0,"comment_status":"open","ping_status":"open","sticky":false,"template":"","format":"standard","meta":{"footnotes":""},"categories":[100],"tags":[],"class_list":{"0":"post-4617","1":"post","2":"type-post","3":"status-publish","4":"format-standard","6":"category-muzisyenler"},"yoast_head":"<!-- This site is optimized with the Yoast SEO Premium plugin v24.9 (Yoast SEO v24.9) - https:\/\/yoast.com\/wordpress\/plugins\/seo\/ -->\n<title>Candan Er\u00e7etin ve \u015fark\u0131lar\u0131 narteks.net &#039;te - narteks.net<\/title>\n<meta name=\"robots\" content=\"index, follow, max-snippet:-1, max-image-preview:large, max-video-preview:-1\" \/>\n<link rel=\"canonical\" href=\"https:\/\/narteks.net\/index.php\/2010\/06\/10\/candan-ercetin-ve-sarkilari-narteksnet-te\/\" \/>\n<meta property=\"og:locale\" content=\"tr_TR\" \/>\n<meta property=\"og:type\" content=\"article\" \/>\n<meta property=\"og:title\" content=\"Candan Er\u00e7etin ve \u015fark\u0131lar\u0131 narteks.net &#039;te\" \/>\n<meta property=\"og:description\" content=\"10 \u015eubat 1963&#8217;de , Pri\u015ftina&#8217;l\u0131 anne ve\u00a0 \u00dcsk\u00fcp&#8217;l\u00fc bir baba, Arnavut g\u00f6\u00e7meni bir ailenin k\u0131z\u0131 olarak K\u0131rklareli&#8217;de d\u00fcnyaya geldi. \u0130lkokulu K\u0131rklareli&#8217;nde bitirdi. Er\u00e7etin, 11 ya\u015f\u0131nda \u0130stanbul&#8217;da burs s\u0131nav\u0131na kat\u0131ld\u0131 ve Galatasaray Lisesi&#8217;ni kazand\u0131. 11 ya\u015f\u0131nda ailesinden ayr\u0131ld\u0131. 1978&#8217;de \u0130stanbul Belediyesi \u015ean Okulu&#8217;na gitti ve \u015fan dersleri ald\u0131. 1986&#8217;da Norve\u00e7, Oslo&#8217;da d\u00fczenlenen Eurovision \u015eark\u0131 Yar\u0131\u015fmas\u0131&#8217;n da [&hellip;]\" \/>\n<meta property=\"og:url\" content=\"https:\/\/narteks.net\/index.php\/2010\/06\/10\/candan-ercetin-ve-sarkilari-narteksnet-te\/\" \/>\n<meta property=\"og:site_name\" content=\"narteks.net\" \/>\n<meta property=\"article:published_time\" content=\"2010-06-10T15:08:32+00:00\" \/>\n<meta property=\"og:image\" content=\"http:\/\/www.biyografist.com\/resimler\/candan-ercetin-resimleri\/candan-ercetin-resim-002.jpg\" \/>\n<meta name=\"author\" content=\"Tar\u0131k\" \/>\n<meta name=\"twitter:card\" content=\"summary_large_image\" \/>\n<meta name=\"twitter:creator\" content=\"@narteks\" \/>\n<meta name=\"twitter:site\" content=\"@narteks\" \/>\n<meta name=\"twitter:label1\" content=\"Yazan:\" \/>\n\t<meta name=\"twitter:data1\" content=\"Tar\u0131k\" \/>\n\t<meta name=\"twitter:label2\" content=\"Tahmini okuma s\u00fcresi\" \/>\n\t<meta name=\"twitter:data2\" content=\"5 dakika\" \/>\n<script type=\"application\/ld+json\" class=\"yoast-schema-graph\">{\"@context\":\"https:\/\/schema.org\",\"@graph\":[{\"@type\":\"Article\",\"@id\":\"https:\/\/narteks.net\/index.php\/2010\/06\/10\/candan-ercetin-ve-sarkilari-narteksnet-te\/#article\",\"isPartOf\":{\"@id\":\"https:\/\/narteks.net\/index.php\/2010\/06\/10\/candan-ercetin-ve-sarkilari-narteksnet-te\/\"},\"author\":{\"name\":\"Tar\u0131k\",\"@id\":\"https:\/\/narteks.net\/#\/schema\/person\/61f37d9834294b72d31d274e7ed79bca\"},\"headline\":\"Candan Er\u00e7etin ve \u015fark\u0131lar\u0131 narteks.net &#8216;te\",\"datePublished\":\"2010-06-10T15:08:32+00:00\",\"mainEntityOfPage\":{\"@id\":\"https:\/\/narteks.net\/index.php\/2010\/06\/10\/candan-ercetin-ve-sarkilari-narteksnet-te\/\"},\"wordCount\":1006,\"commentCount\":0,\"publisher\":{\"@id\":\"https:\/\/narteks.net\/#organization\"},\"image\":{\"@id\":\"https:\/\/narteks.net\/index.php\/2010\/06\/10\/candan-ercetin-ve-sarkilari-narteksnet-te\/#primaryimage\"},\"thumbnailUrl\":\"http:\/\/www.biyografist.com\/resimler\/candan-ercetin-resimleri\/candan-ercetin-resim-002.jpg\",\"articleSection\":[\"M\u00fczisyenler\"],\"inLanguage\":\"tr\",\"potentialAction\":[{\"@type\":\"CommentAction\",\"name\":\"Comment\",\"target\":[\"https:\/\/narteks.net\/index.php\/2010\/06\/10\/candan-ercetin-ve-sarkilari-narteksnet-te\/#respond\"]}]},{\"@type\":\"WebPage\",\"@id\":\"https:\/\/narteks.net\/index.php\/2010\/06\/10\/candan-ercetin-ve-sarkilari-narteksnet-te\/\",\"url\":\"https:\/\/narteks.net\/index.php\/2010\/06\/10\/candan-ercetin-ve-sarkilari-narteksnet-te\/\",\"name\":\"Candan Er\u00e7etin ve \u015fark\u0131lar\u0131 narteks.net 'te - narteks.net\",\"isPartOf\":{\"@id\":\"https:\/\/narteks.net\/#website\"},\"primaryImageOfPage\":{\"@id\":\"https:\/\/narteks.net\/index.php\/2010\/06\/10\/candan-ercetin-ve-sarkilari-narteksnet-te\/#primaryimage\"},\"image\":{\"@id\":\"https:\/\/narteks.net\/index.php\/2010\/06\/10\/candan-ercetin-ve-sarkilari-narteksnet-te\/#primaryimage\"},\"thumbnailUrl\":\"http:\/\/www.biyografist.com\/resimler\/candan-ercetin-resimleri\/candan-ercetin-resim-002.jpg\",\"datePublished\":\"2010-06-10T15:08:32+00:00\",\"breadcrumb\":{\"@id\":\"https:\/\/narteks.net\/index.php\/2010\/06\/10\/candan-ercetin-ve-sarkilari-narteksnet-te\/#breadcrumb\"},\"inLanguage\":\"tr\",\"potentialAction\":[{\"@type\":\"ReadAction\",\"target\":[\"https:\/\/narteks.net\/index.php\/2010\/06\/10\/candan-ercetin-ve-sarkilari-narteksnet-te\/\"]}]},{\"@type\":\"ImageObject\",\"inLanguage\":\"tr\",\"@id\":\"https:\/\/narteks.net\/index.php\/2010\/06\/10\/candan-ercetin-ve-sarkilari-narteksnet-te\/#primaryimage\",\"url\":\"http:\/\/www.biyografist.com\/resimler\/candan-ercetin-resimleri\/candan-ercetin-resim-002.jpg\",\"contentUrl\":\"http:\/\/www.biyografist.com\/resimler\/candan-ercetin-resimleri\/candan-ercetin-resim-002.jpg\"},{\"@type\":\"BreadcrumbList\",\"@id\":\"https:\/\/narteks.net\/index.php\/2010\/06\/10\/candan-ercetin-ve-sarkilari-narteksnet-te\/#breadcrumb\",\"itemListElement\":[{\"@type\":\"ListItem\",\"position\":1,\"name\":\"Anasayfa\",\"item\":\"https:\/\/narteks.net\/\"},{\"@type\":\"ListItem\",\"position\":2,\"name\":\"Candan Er\u00e7etin ve \u015fark\u0131lar\u0131 narteks.net &#8216;te\"}]},{\"@type\":\"WebSite\",\"@id\":\"https:\/\/narteks.net\/#website\",\"url\":\"https:\/\/narteks.net\/\",\"name\":\"narteks.net\",\"description\":\"K\u00fclt\u00fcr Sanat Edebiyat Felsefe\",\"publisher\":{\"@id\":\"https:\/\/narteks.net\/#organization\"},\"alternateName\":\"K\u00fclt\u00fcr Sanat Edebiyat Felsefe\",\"potentialAction\":[{\"@type\":\"SearchAction\",\"target\":{\"@type\":\"EntryPoint\",\"urlTemplate\":\"https:\/\/narteks.net\/?s={search_term_string}\"},\"query-input\":{\"@type\":\"PropertyValueSpecification\",\"valueRequired\":true,\"valueName\":\"search_term_string\"}}],\"inLanguage\":\"tr\"},{\"@type\":\"Organization\",\"@id\":\"https:\/\/narteks.net\/#organization\",\"name\":\"narteks.net\",\"url\":\"https:\/\/narteks.net\/\",\"logo\":{\"@type\":\"ImageObject\",\"inLanguage\":\"tr\",\"@id\":\"https:\/\/narteks.net\/#\/schema\/logo\/image\/\",\"url\":\"https:\/\/narteks.net\/wp-content\/uploads\/narteks.png\",\"contentUrl\":\"https:\/\/narteks.net\/wp-content\/uploads\/narteks.png\",\"width\":300,\"height\":90,\"caption\":\"narteks.net\"},\"image\":{\"@id\":\"https:\/\/narteks.net\/#\/schema\/logo\/image\/\"},\"sameAs\":[\"https:\/\/x.com\/narteks\",\"https:\/\/instagram.com\/narteksnet\"]},{\"@type\":\"Person\",\"@id\":\"https:\/\/narteks.net\/#\/schema\/person\/61f37d9834294b72d31d274e7ed79bca\",\"name\":\"Tar\u0131k\",\"image\":{\"@type\":\"ImageObject\",\"inLanguage\":\"tr\",\"@id\":\"https:\/\/narteks.net\/#\/schema\/person\/image\/\",\"url\":\"https:\/\/secure.gravatar.com\/avatar\/50865afb55632c4ae467e0af0930f6510aa2297d8014be502a55b14f3b7550cf?s=96&d=mm&r=g\",\"contentUrl\":\"https:\/\/secure.gravatar.com\/avatar\/50865afb55632c4ae467e0af0930f6510aa2297d8014be502a55b14f3b7550cf?s=96&d=mm&r=g\",\"caption\":\"Tar\u0131k\"},\"sameAs\":[\"http:\/\/narteks.net\"],\"url\":\"https:\/\/narteks.net\/index.php\/author\/narbak\/\"}]}<\/script>\n<!-- \/ Yoast SEO Premium plugin. -->","yoast_head_json":{"title":"Candan Er\u00e7etin ve \u015fark\u0131lar\u0131 narteks.net 'te - narteks.net","robots":{"index":"index","follow":"follow","max-snippet":"max-snippet:-1","max-image-preview":"max-image-preview:large","max-video-preview":"max-video-preview:-1"},"canonical":"https:\/\/narteks.net\/index.php\/2010\/06\/10\/candan-ercetin-ve-sarkilari-narteksnet-te\/","og_locale":"tr_TR","og_type":"article","og_title":"Candan Er\u00e7etin ve \u015fark\u0131lar\u0131 narteks.net 'te","og_description":"10 \u015eubat 1963&#8217;de , Pri\u015ftina&#8217;l\u0131 anne ve\u00a0 \u00dcsk\u00fcp&#8217;l\u00fc bir baba, Arnavut g\u00f6\u00e7meni bir ailenin k\u0131z\u0131 olarak K\u0131rklareli&#8217;de d\u00fcnyaya geldi. \u0130lkokulu K\u0131rklareli&#8217;nde bitirdi. Er\u00e7etin, 11 ya\u015f\u0131nda \u0130stanbul&#8217;da burs s\u0131nav\u0131na kat\u0131ld\u0131 ve Galatasaray Lisesi&#8217;ni kazand\u0131. 11 ya\u015f\u0131nda ailesinden ayr\u0131ld\u0131. 1978&#8217;de \u0130stanbul Belediyesi \u015ean Okulu&#8217;na gitti ve \u015fan dersleri ald\u0131. 1986&#8217;da Norve\u00e7, Oslo&#8217;da d\u00fczenlenen Eurovision \u015eark\u0131 Yar\u0131\u015fmas\u0131&#8217;n da [&hellip;]","og_url":"https:\/\/narteks.net\/index.php\/2010\/06\/10\/candan-ercetin-ve-sarkilari-narteksnet-te\/","og_site_name":"narteks.net","article_published_time":"2010-06-10T15:08:32+00:00","og_image":[{"url":"http:\/\/www.biyografist.com\/resimler\/candan-ercetin-resimleri\/candan-ercetin-resim-002.jpg","type":"","width":"","height":""}],"author":"Tar\u0131k","twitter_card":"summary_large_image","twitter_creator":"@narteks","twitter_site":"@narteks","twitter_misc":{"Yazan:":"Tar\u0131k","Tahmini okuma s\u00fcresi":"5 dakika"},"schema":{"@context":"https:\/\/schema.org","@graph":[{"@type":"Article","@id":"https:\/\/narteks.net\/index.php\/2010\/06\/10\/candan-ercetin-ve-sarkilari-narteksnet-te\/#article","isPartOf":{"@id":"https:\/\/narteks.net\/index.php\/2010\/06\/10\/candan-ercetin-ve-sarkilari-narteksnet-te\/"},"author":{"name":"Tar\u0131k","@id":"https:\/\/narteks.net\/#\/schema\/person\/61f37d9834294b72d31d274e7ed79bca"},"headline":"Candan Er\u00e7etin ve \u015fark\u0131lar\u0131 narteks.net &#8216;te","datePublished":"2010-06-10T15:08:32+00:00","mainEntityOfPage":{"@id":"https:\/\/narteks.net\/index.php\/2010\/06\/10\/candan-ercetin-ve-sarkilari-narteksnet-te\/"},"wordCount":1006,"commentCount":0,"publisher":{"@id":"https:\/\/narteks.net\/#organization"},"image":{"@id":"https:\/\/narteks.net\/index.php\/2010\/06\/10\/candan-ercetin-ve-sarkilari-narteksnet-te\/#primaryimage"},"thumbnailUrl":"http:\/\/www.biyografist.com\/resimler\/candan-ercetin-resimleri\/candan-ercetin-resim-002.jpg","articleSection":["M\u00fczisyenler"],"inLanguage":"tr","potentialAction":[{"@type":"CommentAction","name":"Comment","target":["https:\/\/narteks.net\/index.php\/2010\/06\/10\/candan-ercetin-ve-sarkilari-narteksnet-te\/#respond"]}]},{"@type":"WebPage","@id":"https:\/\/narteks.net\/index.php\/2010\/06\/10\/candan-ercetin-ve-sarkilari-narteksnet-te\/","url":"https:\/\/narteks.net\/index.php\/2010\/06\/10\/candan-ercetin-ve-sarkilari-narteksnet-te\/","name":"Candan Er\u00e7etin ve \u015fark\u0131lar\u0131 narteks.net 'te - narteks.net","isPartOf":{"@id":"https:\/\/narteks.net\/#website"},"primaryImageOfPage":{"@id":"https:\/\/narteks.net\/index.php\/2010\/06\/10\/candan-ercetin-ve-sarkilari-narteksnet-te\/#primaryimage"},"image":{"@id":"https:\/\/narteks.net\/index.php\/2010\/06\/10\/candan-ercetin-ve-sarkilari-narteksnet-te\/#primaryimage"},"thumbnailUrl":"http:\/\/www.biyografist.com\/resimler\/candan-ercetin-resimleri\/candan-ercetin-resim-002.jpg","datePublished":"2010-06-10T15:08:32+00:00","breadcrumb":{"@id":"https:\/\/narteks.net\/index.php\/2010\/06\/10\/candan-ercetin-ve-sarkilari-narteksnet-te\/#breadcrumb"},"inLanguage":"tr","potentialAction":[{"@type":"ReadAction","target":["https:\/\/narteks.net\/index.php\/2010\/06\/10\/candan-ercetin-ve-sarkilari-narteksnet-te\/"]}]},{"@type":"ImageObject","inLanguage":"tr","@id":"https:\/\/narteks.net\/index.php\/2010\/06\/10\/candan-ercetin-ve-sarkilari-narteksnet-te\/#primaryimage","url":"http:\/\/www.biyografist.com\/resimler\/candan-ercetin-resimleri\/candan-ercetin-resim-002.jpg","contentUrl":"http:\/\/www.biyografist.com\/resimler\/candan-ercetin-resimleri\/candan-ercetin-resim-002.jpg"},{"@type":"BreadcrumbList","@id":"https:\/\/narteks.net\/index.php\/2010\/06\/10\/candan-ercetin-ve-sarkilari-narteksnet-te\/#breadcrumb","itemListElement":[{"@type":"ListItem","position":1,"name":"Anasayfa","item":"https:\/\/narteks.net\/"},{"@type":"ListItem","position":2,"name":"Candan Er\u00e7etin ve \u015fark\u0131lar\u0131 narteks.net &#8216;te"}]},{"@type":"WebSite","@id":"https:\/\/narteks.net\/#website","url":"https:\/\/narteks.net\/","name":"narteks.net","description":"K\u00fclt\u00fcr Sanat Edebiyat Felsefe","publisher":{"@id":"https:\/\/narteks.net\/#organization"},"alternateName":"K\u00fclt\u00fcr Sanat Edebiyat Felsefe","potentialAction":[{"@type":"SearchAction","target":{"@type":"EntryPoint","urlTemplate":"https:\/\/narteks.net\/?s={search_term_string}"},"query-input":{"@type":"PropertyValueSpecification","valueRequired":true,"valueName":"search_term_string"}}],"inLanguage":"tr"},{"@type":"Organization","@id":"https:\/\/narteks.net\/#organization","name":"narteks.net","url":"https:\/\/narteks.net\/","logo":{"@type":"ImageObject","inLanguage":"tr","@id":"https:\/\/narteks.net\/#\/schema\/logo\/image\/","url":"https:\/\/narteks.net\/wp-content\/uploads\/narteks.png","contentUrl":"https:\/\/narteks.net\/wp-content\/uploads\/narteks.png","width":300,"height":90,"caption":"narteks.net"},"image":{"@id":"https:\/\/narteks.net\/#\/schema\/logo\/image\/"},"sameAs":["https:\/\/x.com\/narteks","https:\/\/instagram.com\/narteksnet"]},{"@type":"Person","@id":"https:\/\/narteks.net\/#\/schema\/person\/61f37d9834294b72d31d274e7ed79bca","name":"Tar\u0131k","image":{"@type":"ImageObject","inLanguage":"tr","@id":"https:\/\/narteks.net\/#\/schema\/person\/image\/","url":"https:\/\/secure.gravatar.com\/avatar\/50865afb55632c4ae467e0af0930f6510aa2297d8014be502a55b14f3b7550cf?s=96&d=mm&r=g","contentUrl":"https:\/\/secure.gravatar.com\/avatar\/50865afb55632c4ae467e0af0930f6510aa2297d8014be502a55b14f3b7550cf?s=96&d=mm&r=g","caption":"Tar\u0131k"},"sameAs":["http:\/\/narteks.net"],"url":"https:\/\/narteks.net\/index.php\/author\/narbak\/"}]}},"_links":{"self":[{"href":"https:\/\/narteks.net\/index.php\/wp-json\/wp\/v2\/posts\/4617","targetHints":{"allow":["GET"]}}],"collection":[{"href":"https:\/\/narteks.net\/index.php\/wp-json\/wp\/v2\/posts"}],"about":[{"href":"https:\/\/narteks.net\/index.php\/wp-json\/wp\/v2\/types\/post"}],"author":[{"embeddable":true,"href":"https:\/\/narteks.net\/index.php\/wp-json\/wp\/v2\/users\/1"}],"replies":[{"embeddable":true,"href":"https:\/\/narteks.net\/index.php\/wp-json\/wp\/v2\/comments?post=4617"}],"version-history":[{"count":0,"href":"https:\/\/narteks.net\/index.php\/wp-json\/wp\/v2\/posts\/4617\/revisions"}],"wp:attachment":[{"href":"https:\/\/narteks.net\/index.php\/wp-json\/wp\/v2\/media?parent=4617"}],"wp:term":[{"taxonomy":"category","embeddable":true,"href":"https:\/\/narteks.net\/index.php\/wp-json\/wp\/v2\/categories?post=4617"},{"taxonomy":"post_tag","embeddable":true,"href":"https:\/\/narteks.net\/index.php\/wp-json\/wp\/v2\/tags?post=4617"}],"curies":[{"name":"wp","href":"https:\/\/api.w.org\/{rel}","templated":true}]}}