{"id":462,"date":"2009-03-13T23:19:19","date_gmt":"2009-03-13T20:19:19","guid":{"rendered":"http:\/\/localhost\/wordpress\/2009\/03\/13\/yuksek-yuksek-tepelere-ev-kurmasinlar\/"},"modified":"2009-03-13T23:19:19","modified_gmt":"2009-03-13T20:19:19","slug":"yuksek-yuksek-tepelere-ev-kurmasinlar","status":"publish","type":"post","link":"https:\/\/narteks.net\/index.php\/2009\/03\/13\/yuksek-yuksek-tepelere-ev-kurmasinlar\/","title":{"rendered":"Y\u00fcksek Y\u00fcksek Tepelere Ev Kurmas\u0131nlar"},"content":{"rendered":"<p style=\"text-align: justify;\"><span style=\"font-size: 14pt;\"><strong>Y\u00fcksek Y\u00fcksek Tepelere Ev Kurmas\u0131nlar <\/strong><\/span><\/p>\n<p>Bu \u00f6yk\u00fc Malkara k\u00f6ylerinden al\u0131nm\u0131\u015f olup belli bir ki\u015finin dilinden yaz\u0131ya ge\u00e7irilmi\u015f de\u011fildir. \u00c7evrede herkes taraf\u0131ndan bilinen bir \u00f6yk\u00fcd\u00fcr. S\u00f6ylentiye g\u00f6re, \u00e7ok eskiden k\u00f6y\u00fcn birinde Zeynep isimli \u00e7ok g\u00fczel bir k\u0131z vard\u0131r. Onalt\u0131ya yeni bast\u0131\u011f\u0131nda Zeynep&#8217;i k\u00f6ylerindeki bir d\u00fc\u011f\u00fcnde a\u015f\u0131r\u0131 (yabanc\u0131) k\u00f6ylerden gelen Ali isimli bir gen\u00e7 g\u00f6r\u00fcr. Ali Zeynep&#8217;i \u00e7ok be\u011fenir ve k\u00f6y\u00fcne d\u00f6nd\u00fc\u011f\u00fcnde k\u0131z\u0131n babas\u0131na hemen g\u00f6r\u00fcc\u00fc g\u00f6nderir. Zeynep&#8217;i Ali&#8217;ye verirler. K\u0131sa bir zaman sonra d\u00fc\u011f\u00fcnleri olur. Ali, Zeynep&#8217;i al\u0131p a\u015f\u0131r\u0131 k\u00f6y\u00fcne g\u00f6t\u00fcr\u00fcr. <\/p>\n<p>Zeynep&#8217;in gelin gitti\u011fi k\u00f6y ile kendi k\u00f6y\u00fc aras\u0131 \u00fc\u00e7 g\u00fcn \u00fc\u00e7 gece \u00e7eker. Bu kadar uzak oldu\u011fundan dolay\u0131 Zeynep, anas\u0131n\u0131 babas\u0131n\u0131 ve karde\u015flerini tam yedi y\u0131l g\u00f6remez. Bu \u00f6zlem Zeynep&#8217;in y\u00fcre\u011finde her g\u00fcn biraz daha b\u00fcy\u00fcyerek dayan\u0131lmaz bir hal al\u0131r. K\u00f6y\u00fcn b\u00fcy\u00fck bir tepesinde bulunan evinin bah\u00e7esine \u00e7\u0131karak kendi k\u00f6y\u00fcne do\u011fru d\u00f6n\u00fcp i\u00e7in i\u00e7in kendi yakt\u0131\u011f\u0131 t\u00fcrk\u00fcy\u00fc m\u0131r\u0131ldan\u0131r ve g\u00f6zleri uzaklarda s\u0131la \u00f6zlemini gidermeye \u00e7al\u0131\u015f\u0131rm\u0131\u015f. <\/p>\n<p>Oysa kocas\u0131, Zeynep&#8217;in bu \u00f6zlemine pek ald\u0131r\u0131\u015f etmez. Kald\u0131 ki eski sevgisi de pek kalmad\u0131\u011f\u0131ndan kendini fazlaca horlamaya, eziyet etmeye ba\u015flar. Sonunda bu \u00f6zlem ve kocas\u0131n\u0131n horlamas\u0131 Zeynep&#8217;i yataklara d\u00fc\u015f\u00fcr\u00fcr. <\/p>\n<p>G\u00fcn ge\u00e7tik\u00e7e hastal\u0131\u011f\u0131 artan Zeynep&#8217;in d\u00fczelmesi i\u00e7in, k\u00f6yden gelip gidenler de anas\u0131n\u0131n babas\u0131n\u0131n \u00e7a\u011fr\u0131lmas\u0131n\u0131 sal\u0131k verirler. Ba\u015fka \u00e7are kalmad\u0131\u011f\u0131n\u0131 anlayan Zeynep&#8217;in kocas\u0131 da anas\u0131na babas\u0131na haber vermeye gider. Alt\u0131 g\u00fcn alt\u0131 gecelik bir yolculuktan sonra bir ak\u015fam \u00fcst\u00fc Zeynep&#8217;in anas\u0131 babas\u0131 k\u00f6ye gelirler, Zeynep&#8217;i yatakta bulurlar. Peri\u015fan bir halde Zeynep hala t\u00fcrk\u00fcs\u00fcn\u00fc m\u0131r\u0131ldanmaktad\u0131r. Ayn\u0131 t\u00fcrk\u00fcy\u00fc anas\u0131na babas\u0131na da s\u00f6ylemeye ba\u015flar. \u00c7evresindeki b\u00fct\u00fcn k\u00f6y kad\u0131nlar\u0131 duygulan\u0131p g\u00f6z ya\u015f\u0131 d\u00f6kerler. Annesi fenal\u0131klar ge\u00e7irir ve bay\u0131l\u0131r. <\/p>\n<p>Zeynep hasretini giderir, giderir ama art\u0131k \u00e7ok ge\u00e7 kal\u0131nm\u0131\u015ft\u0131r. Bir daha onmaz, sonu \u00f6l\u00fcmle biter. Herkes Zeynep i\u00e7in g\u00f6z ya\u015f\u0131 d\u00f6ker. \u0130\u015fte o g\u00fcn bu g\u00fcnd\u00fcr bu t\u00fcrk\u00fc ayr\u0131l\u0131\u011f\u0131n t\u00fcrk\u00fcs\u00fc olarak s\u00f6ylenip durur. <\/p>\n<p>Y\u00fcksek y\u00fcksek tepelere ev kurmas\u0131nlar<br \/>A\u015fr\u0131 a\u015fr\u0131 memlekete k\u0131z vermesinler<br \/>Annesinin bir tanesini hor g\u00f6rmesinler<\/p>\n<p>U\u00e7an da ku\u015flara malum olsun ben annemi \u00f6zledim<br \/>Hem annemi hem babam\u0131 hem k\u00f6y\u00fcm\u00fc \u00f6zledim<\/p>\n<p>Babam\u0131n bir at\u0131 olsa binse de gelse<br \/>Annemin yelkeni olsa u\u00e7sa da gelse<br \/>Karde\u015flerim yollar\u0131 bilse de gelse<\/p>\n<p>U\u00e7an da ku\u015flara malum olsun ben annemi \u00f6zledim<br \/>Hem annemi hem babam\u0131 hem k\u00f6y\u00fcm\u00fc \u00f6zledim <\/p>\n<p>Kaynak:<br \/>Salih Turhan , Kubilay D\u00f6kmeta\u015f , Levent \u00c7elik <br \/>Notalar\u0131yla T\u00fcrk\u00fclerimiz ve Hikayeleri<br \/>Ankara, 1996<\/p>\n","protected":false},"excerpt":{"rendered":"<p>Y\u00fcksek Y\u00fcksek Tepelere Ev Kurmas\u0131nlar Bu \u00f6yk\u00fc Malkara k\u00f6ylerinden al\u0131nm\u0131\u015f olup belli bir ki\u015finin dilinden yaz\u0131ya ge\u00e7irilmi\u015f de\u011fildir. \u00c7evrede herkes taraf\u0131ndan bilinen bir \u00f6yk\u00fcd\u00fcr. S\u00f6ylentiye g\u00f6re, \u00e7ok eskiden k\u00f6y\u00fcn birinde Zeynep isimli \u00e7ok g\u00fczel bir k\u0131z vard\u0131r. Onalt\u0131ya yeni bast\u0131\u011f\u0131nda Zeynep&#8217;i k\u00f6ylerindeki bir d\u00fc\u011f\u00fcnde a\u015f\u0131r\u0131 (yabanc\u0131) k\u00f6ylerden gelen Ali isimli bir gen\u00e7 g\u00f6r\u00fcr. Ali Zeynep&#8217;i [&hellip;]<\/p>\n","protected":false},"author":1,"featured_media":0,"comment_status":"open","ping_status":"open","sticky":false,"template":"","format":"standard","meta":{"footnotes":""},"categories":[55],"tags":[],"class_list":{"0":"post-462","1":"post","2":"type-post","3":"status-publish","4":"format-standard","6":"category-oykuleriyle-turkuler"},"yoast_head":"<!-- This site is optimized with the Yoast SEO Premium plugin v24.9 (Yoast SEO v24.9) - https:\/\/yoast.com\/wordpress\/plugins\/seo\/ -->\n<title>Y\u00fcksek Y\u00fcksek Tepelere Ev Kurmas\u0131nlar - narteks.net<\/title>\n<meta name=\"robots\" content=\"index, follow, max-snippet:-1, max-image-preview:large, max-video-preview:-1\" \/>\n<link rel=\"canonical\" href=\"https:\/\/narteks.net\/index.php\/2009\/03\/13\/yuksek-yuksek-tepelere-ev-kurmasinlar\/\" \/>\n<meta property=\"og:locale\" content=\"tr_TR\" \/>\n<meta property=\"og:type\" content=\"article\" \/>\n<meta property=\"og:title\" content=\"Y\u00fcksek Y\u00fcksek Tepelere Ev Kurmas\u0131nlar\" \/>\n<meta property=\"og:description\" content=\"Y\u00fcksek Y\u00fcksek Tepelere Ev Kurmas\u0131nlar Bu \u00f6yk\u00fc Malkara k\u00f6ylerinden al\u0131nm\u0131\u015f olup belli bir ki\u015finin dilinden yaz\u0131ya ge\u00e7irilmi\u015f de\u011fildir. \u00c7evrede herkes taraf\u0131ndan bilinen bir \u00f6yk\u00fcd\u00fcr. S\u00f6ylentiye g\u00f6re, \u00e7ok eskiden k\u00f6y\u00fcn birinde Zeynep isimli \u00e7ok g\u00fczel bir k\u0131z vard\u0131r. Onalt\u0131ya yeni bast\u0131\u011f\u0131nda Zeynep&#8217;i k\u00f6ylerindeki bir d\u00fc\u011f\u00fcnde a\u015f\u0131r\u0131 (yabanc\u0131) k\u00f6ylerden gelen Ali isimli bir gen\u00e7 g\u00f6r\u00fcr. Ali Zeynep&#8217;i [&hellip;]\" \/>\n<meta property=\"og:url\" content=\"https:\/\/narteks.net\/index.php\/2009\/03\/13\/yuksek-yuksek-tepelere-ev-kurmasinlar\/\" \/>\n<meta property=\"og:site_name\" content=\"narteks.net\" \/>\n<meta property=\"article:published_time\" content=\"2009-03-13T20:19:19+00:00\" \/>\n<meta property=\"og:image\" content=\"https:\/\/narteks.net\/wp-content\/uploads\/narteks.png\" \/>\n\t<meta property=\"og:image:width\" content=\"300\" \/>\n\t<meta property=\"og:image:height\" content=\"90\" \/>\n\t<meta property=\"og:image:type\" content=\"image\/png\" \/>\n<meta name=\"author\" content=\"Tar\u0131k\" \/>\n<meta name=\"twitter:card\" content=\"summary_large_image\" \/>\n<meta name=\"twitter:creator\" content=\"@narteks\" \/>\n<meta name=\"twitter:site\" content=\"@narteks\" \/>\n<meta name=\"twitter:label1\" content=\"Yazan:\" \/>\n\t<meta name=\"twitter:data1\" content=\"Tar\u0131k\" \/>\n\t<meta name=\"twitter:label2\" content=\"Tahmini okuma s\u00fcresi\" \/>\n\t<meta name=\"twitter:data2\" content=\"3 dakika\" \/>\n<script type=\"application\/ld+json\" class=\"yoast-schema-graph\">{\"@context\":\"https:\/\/schema.org\",\"@graph\":[{\"@type\":\"Article\",\"@id\":\"https:\/\/narteks.net\/index.php\/2009\/03\/13\/yuksek-yuksek-tepelere-ev-kurmasinlar\/#article\",\"isPartOf\":{\"@id\":\"https:\/\/narteks.net\/index.php\/2009\/03\/13\/yuksek-yuksek-tepelere-ev-kurmasinlar\/\"},\"author\":{\"name\":\"Tar\u0131k\",\"@id\":\"https:\/\/narteks.net\/#\/schema\/person\/61f37d9834294b72d31d274e7ed79bca\"},\"headline\":\"Y\u00fcksek Y\u00fcksek Tepelere Ev Kurmas\u0131nlar\",\"datePublished\":\"2009-03-13T20:19:19+00:00\",\"mainEntityOfPage\":{\"@id\":\"https:\/\/narteks.net\/index.php\/2009\/03\/13\/yuksek-yuksek-tepelere-ev-kurmasinlar\/\"},\"wordCount\":530,\"commentCount\":0,\"publisher\":{\"@id\":\"https:\/\/narteks.net\/#organization\"},\"articleSection\":[\"\u00d6yk\u00fcleriyle T\u00fcrk\u00fcler\"],\"inLanguage\":\"tr\",\"potentialAction\":[{\"@type\":\"CommentAction\",\"name\":\"Comment\",\"target\":[\"https:\/\/narteks.net\/index.php\/2009\/03\/13\/yuksek-yuksek-tepelere-ev-kurmasinlar\/#respond\"]}]},{\"@type\":\"WebPage\",\"@id\":\"https:\/\/narteks.net\/index.php\/2009\/03\/13\/yuksek-yuksek-tepelere-ev-kurmasinlar\/\",\"url\":\"https:\/\/narteks.net\/index.php\/2009\/03\/13\/yuksek-yuksek-tepelere-ev-kurmasinlar\/\",\"name\":\"Y\u00fcksek Y\u00fcksek Tepelere Ev Kurmas\u0131nlar - narteks.net\",\"isPartOf\":{\"@id\":\"https:\/\/narteks.net\/#website\"},\"datePublished\":\"2009-03-13T20:19:19+00:00\",\"breadcrumb\":{\"@id\":\"https:\/\/narteks.net\/index.php\/2009\/03\/13\/yuksek-yuksek-tepelere-ev-kurmasinlar\/#breadcrumb\"},\"inLanguage\":\"tr\",\"potentialAction\":[{\"@type\":\"ReadAction\",\"target\":[\"https:\/\/narteks.net\/index.php\/2009\/03\/13\/yuksek-yuksek-tepelere-ev-kurmasinlar\/\"]}]},{\"@type\":\"BreadcrumbList\",\"@id\":\"https:\/\/narteks.net\/index.php\/2009\/03\/13\/yuksek-yuksek-tepelere-ev-kurmasinlar\/#breadcrumb\",\"itemListElement\":[{\"@type\":\"ListItem\",\"position\":1,\"name\":\"Anasayfa\",\"item\":\"https:\/\/narteks.net\/\"},{\"@type\":\"ListItem\",\"position\":2,\"name\":\"Y\u00fcksek Y\u00fcksek Tepelere Ev Kurmas\u0131nlar\"}]},{\"@type\":\"WebSite\",\"@id\":\"https:\/\/narteks.net\/#website\",\"url\":\"https:\/\/narteks.net\/\",\"name\":\"narteks.net\",\"description\":\"K\u00fclt\u00fcr Sanat Edebiyat Felsefe\",\"publisher\":{\"@id\":\"https:\/\/narteks.net\/#organization\"},\"alternateName\":\"K\u00fclt\u00fcr Sanat Edebiyat Felsefe\",\"potentialAction\":[{\"@type\":\"SearchAction\",\"target\":{\"@type\":\"EntryPoint\",\"urlTemplate\":\"https:\/\/narteks.net\/?s={search_term_string}\"},\"query-input\":{\"@type\":\"PropertyValueSpecification\",\"valueRequired\":true,\"valueName\":\"search_term_string\"}}],\"inLanguage\":\"tr\"},{\"@type\":\"Organization\",\"@id\":\"https:\/\/narteks.net\/#organization\",\"name\":\"narteks.net\",\"url\":\"https:\/\/narteks.net\/\",\"logo\":{\"@type\":\"ImageObject\",\"inLanguage\":\"tr\",\"@id\":\"https:\/\/narteks.net\/#\/schema\/logo\/image\/\",\"url\":\"https:\/\/narteks.net\/wp-content\/uploads\/narteks.png\",\"contentUrl\":\"https:\/\/narteks.net\/wp-content\/uploads\/narteks.png\",\"width\":300,\"height\":90,\"caption\":\"narteks.net\"},\"image\":{\"@id\":\"https:\/\/narteks.net\/#\/schema\/logo\/image\/\"},\"sameAs\":[\"https:\/\/x.com\/narteks\",\"https:\/\/instagram.com\/narteksnet\"]},{\"@type\":\"Person\",\"@id\":\"https:\/\/narteks.net\/#\/schema\/person\/61f37d9834294b72d31d274e7ed79bca\",\"name\":\"Tar\u0131k\",\"image\":{\"@type\":\"ImageObject\",\"inLanguage\":\"tr\",\"@id\":\"https:\/\/narteks.net\/#\/schema\/person\/image\/\",\"url\":\"https:\/\/secure.gravatar.com\/avatar\/50865afb55632c4ae467e0af0930f6510aa2297d8014be502a55b14f3b7550cf?s=96&d=mm&r=g\",\"contentUrl\":\"https:\/\/secure.gravatar.com\/avatar\/50865afb55632c4ae467e0af0930f6510aa2297d8014be502a55b14f3b7550cf?s=96&d=mm&r=g\",\"caption\":\"Tar\u0131k\"},\"sameAs\":[\"http:\/\/narteks.net\"],\"url\":\"https:\/\/narteks.net\/index.php\/author\/narbak\/\"}]}<\/script>\n<!-- \/ Yoast SEO Premium plugin. -->","yoast_head_json":{"title":"Y\u00fcksek Y\u00fcksek Tepelere Ev Kurmas\u0131nlar - narteks.net","robots":{"index":"index","follow":"follow","max-snippet":"max-snippet:-1","max-image-preview":"max-image-preview:large","max-video-preview":"max-video-preview:-1"},"canonical":"https:\/\/narteks.net\/index.php\/2009\/03\/13\/yuksek-yuksek-tepelere-ev-kurmasinlar\/","og_locale":"tr_TR","og_type":"article","og_title":"Y\u00fcksek Y\u00fcksek Tepelere Ev Kurmas\u0131nlar","og_description":"Y\u00fcksek Y\u00fcksek Tepelere Ev Kurmas\u0131nlar Bu \u00f6yk\u00fc Malkara k\u00f6ylerinden al\u0131nm\u0131\u015f olup belli bir ki\u015finin dilinden yaz\u0131ya ge\u00e7irilmi\u015f de\u011fildir. \u00c7evrede herkes taraf\u0131ndan bilinen bir \u00f6yk\u00fcd\u00fcr. S\u00f6ylentiye g\u00f6re, \u00e7ok eskiden k\u00f6y\u00fcn birinde Zeynep isimli \u00e7ok g\u00fczel bir k\u0131z vard\u0131r. Onalt\u0131ya yeni bast\u0131\u011f\u0131nda Zeynep&#8217;i k\u00f6ylerindeki bir d\u00fc\u011f\u00fcnde a\u015f\u0131r\u0131 (yabanc\u0131) k\u00f6ylerden gelen Ali isimli bir gen\u00e7 g\u00f6r\u00fcr. Ali Zeynep&#8217;i [&hellip;]","og_url":"https:\/\/narteks.net\/index.php\/2009\/03\/13\/yuksek-yuksek-tepelere-ev-kurmasinlar\/","og_site_name":"narteks.net","article_published_time":"2009-03-13T20:19:19+00:00","og_image":[{"width":300,"height":90,"url":"https:\/\/narteks.net\/wp-content\/uploads\/narteks.png","type":"image\/png"}],"author":"Tar\u0131k","twitter_card":"summary_large_image","twitter_creator":"@narteks","twitter_site":"@narteks","twitter_misc":{"Yazan:":"Tar\u0131k","Tahmini okuma s\u00fcresi":"3 dakika"},"schema":{"@context":"https:\/\/schema.org","@graph":[{"@type":"Article","@id":"https:\/\/narteks.net\/index.php\/2009\/03\/13\/yuksek-yuksek-tepelere-ev-kurmasinlar\/#article","isPartOf":{"@id":"https:\/\/narteks.net\/index.php\/2009\/03\/13\/yuksek-yuksek-tepelere-ev-kurmasinlar\/"},"author":{"name":"Tar\u0131k","@id":"https:\/\/narteks.net\/#\/schema\/person\/61f37d9834294b72d31d274e7ed79bca"},"headline":"Y\u00fcksek Y\u00fcksek Tepelere Ev Kurmas\u0131nlar","datePublished":"2009-03-13T20:19:19+00:00","mainEntityOfPage":{"@id":"https:\/\/narteks.net\/index.php\/2009\/03\/13\/yuksek-yuksek-tepelere-ev-kurmasinlar\/"},"wordCount":530,"commentCount":0,"publisher":{"@id":"https:\/\/narteks.net\/#organization"},"articleSection":["\u00d6yk\u00fcleriyle T\u00fcrk\u00fcler"],"inLanguage":"tr","potentialAction":[{"@type":"CommentAction","name":"Comment","target":["https:\/\/narteks.net\/index.php\/2009\/03\/13\/yuksek-yuksek-tepelere-ev-kurmasinlar\/#respond"]}]},{"@type":"WebPage","@id":"https:\/\/narteks.net\/index.php\/2009\/03\/13\/yuksek-yuksek-tepelere-ev-kurmasinlar\/","url":"https:\/\/narteks.net\/index.php\/2009\/03\/13\/yuksek-yuksek-tepelere-ev-kurmasinlar\/","name":"Y\u00fcksek Y\u00fcksek Tepelere Ev Kurmas\u0131nlar - narteks.net","isPartOf":{"@id":"https:\/\/narteks.net\/#website"},"datePublished":"2009-03-13T20:19:19+00:00","breadcrumb":{"@id":"https:\/\/narteks.net\/index.php\/2009\/03\/13\/yuksek-yuksek-tepelere-ev-kurmasinlar\/#breadcrumb"},"inLanguage":"tr","potentialAction":[{"@type":"ReadAction","target":["https:\/\/narteks.net\/index.php\/2009\/03\/13\/yuksek-yuksek-tepelere-ev-kurmasinlar\/"]}]},{"@type":"BreadcrumbList","@id":"https:\/\/narteks.net\/index.php\/2009\/03\/13\/yuksek-yuksek-tepelere-ev-kurmasinlar\/#breadcrumb","itemListElement":[{"@type":"ListItem","position":1,"name":"Anasayfa","item":"https:\/\/narteks.net\/"},{"@type":"ListItem","position":2,"name":"Y\u00fcksek Y\u00fcksek Tepelere Ev Kurmas\u0131nlar"}]},{"@type":"WebSite","@id":"https:\/\/narteks.net\/#website","url":"https:\/\/narteks.net\/","name":"narteks.net","description":"K\u00fclt\u00fcr Sanat Edebiyat Felsefe","publisher":{"@id":"https:\/\/narteks.net\/#organization"},"alternateName":"K\u00fclt\u00fcr Sanat Edebiyat Felsefe","potentialAction":[{"@type":"SearchAction","target":{"@type":"EntryPoint","urlTemplate":"https:\/\/narteks.net\/?s={search_term_string}"},"query-input":{"@type":"PropertyValueSpecification","valueRequired":true,"valueName":"search_term_string"}}],"inLanguage":"tr"},{"@type":"Organization","@id":"https:\/\/narteks.net\/#organization","name":"narteks.net","url":"https:\/\/narteks.net\/","logo":{"@type":"ImageObject","inLanguage":"tr","@id":"https:\/\/narteks.net\/#\/schema\/logo\/image\/","url":"https:\/\/narteks.net\/wp-content\/uploads\/narteks.png","contentUrl":"https:\/\/narteks.net\/wp-content\/uploads\/narteks.png","width":300,"height":90,"caption":"narteks.net"},"image":{"@id":"https:\/\/narteks.net\/#\/schema\/logo\/image\/"},"sameAs":["https:\/\/x.com\/narteks","https:\/\/instagram.com\/narteksnet"]},{"@type":"Person","@id":"https:\/\/narteks.net\/#\/schema\/person\/61f37d9834294b72d31d274e7ed79bca","name":"Tar\u0131k","image":{"@type":"ImageObject","inLanguage":"tr","@id":"https:\/\/narteks.net\/#\/schema\/person\/image\/","url":"https:\/\/secure.gravatar.com\/avatar\/50865afb55632c4ae467e0af0930f6510aa2297d8014be502a55b14f3b7550cf?s=96&d=mm&r=g","contentUrl":"https:\/\/secure.gravatar.com\/avatar\/50865afb55632c4ae467e0af0930f6510aa2297d8014be502a55b14f3b7550cf?s=96&d=mm&r=g","caption":"Tar\u0131k"},"sameAs":["http:\/\/narteks.net"],"url":"https:\/\/narteks.net\/index.php\/author\/narbak\/"}]}},"_links":{"self":[{"href":"https:\/\/narteks.net\/index.php\/wp-json\/wp\/v2\/posts\/462","targetHints":{"allow":["GET"]}}],"collection":[{"href":"https:\/\/narteks.net\/index.php\/wp-json\/wp\/v2\/posts"}],"about":[{"href":"https:\/\/narteks.net\/index.php\/wp-json\/wp\/v2\/types\/post"}],"author":[{"embeddable":true,"href":"https:\/\/narteks.net\/index.php\/wp-json\/wp\/v2\/users\/1"}],"replies":[{"embeddable":true,"href":"https:\/\/narteks.net\/index.php\/wp-json\/wp\/v2\/comments?post=462"}],"version-history":[{"count":0,"href":"https:\/\/narteks.net\/index.php\/wp-json\/wp\/v2\/posts\/462\/revisions"}],"wp:attachment":[{"href":"https:\/\/narteks.net\/index.php\/wp-json\/wp\/v2\/media?parent=462"}],"wp:term":[{"taxonomy":"category","embeddable":true,"href":"https:\/\/narteks.net\/index.php\/wp-json\/wp\/v2\/categories?post=462"},{"taxonomy":"post_tag","embeddable":true,"href":"https:\/\/narteks.net\/index.php\/wp-json\/wp\/v2\/tags?post=462"}],"curies":[{"name":"wp","href":"https:\/\/api.w.org\/{rel}","templated":true}]}}