{"id":4631,"date":"2010-06-25T19:04:28","date_gmt":"2010-06-25T16:04:28","guid":{"rendered":"http:\/\/localhost\/wordpress\/2010\/06\/25\/kollektif-halk-muzigi-albumu-q-turkuler-yalan-soylemezq-narteksnet-sayfalarinda\/"},"modified":"2010-06-25T19:04:28","modified_gmt":"2010-06-25T16:04:28","slug":"kollektif-halk-muzigi-albumu-q-turkuler-yalan-soylemezq-narteksnet-sayfalarinda","status":"publish","type":"post","link":"https:\/\/narteks.net\/index.php\/2010\/06\/25\/kollektif-halk-muzigi-albumu-q-turkuler-yalan-soylemezq-narteksnet-sayfalarinda\/","title":{"rendered":"Kollektif halk m\u00fczi\u011fi alb\u00fcm\u00fc &#8221; T\u00fcrk\u00fcler Yalan S\u00f6ylemez&#8221; narteks.net sayfalar\u0131nda"},"content":{"rendered":"<p><img loading=\"lazy\" decoding=\"async\" src=\"images\/stories\/tyalansoylemez.jpg\" border=\"0\" width=\"155\" height=\"205\" \/><\/p>\n<p>01 Efendim Tabibim \/ Arif Sa\u011f<br \/>02 Zahit \/ Koro<br \/>03 Arzuhal Eyledim \/ Emre Salt\u0131k<br \/>04 Ak\u0131l ile Vijdan \/ Talip \u015eahin<br \/>05 Ahdi Aman \/ \u0130hsan G\u00fcvercin<br \/>06 Ali&#8217;nin A\u015fk\u0131na D\u00fc\u015ft\u00fck \/ Emek\u00e7i<br \/>07 Demmi, Demmi \/ Hasret G\u00fcltekin<br \/>08 Akt\u0131m Munzur \u00c7ay\u0131 Gibi \/ Mehmet Ko\u00e7<br \/>09 \u0130\u015f\u00e7ilerin Hepsi Vard\u0131 \/ Emek\u00e7i<br \/>10 Arguvan Havas\u0131 (U.H.) \/ \u0130hsan G\u00fcvercin<br \/>11 Elimizde Telli Kuran \/ Talip \u015eahin<br \/>12 Nar \u00c7ocuk \/ Hasret G\u00fcltekin<br \/>13 Y\u00fccelerden Seyreyledim \/ Arif Sa\u011f<br \/>14 Kur\u015fun Neyler T\u00fcrk\u00fcye \/ Mehmet Ko\u00e7<br \/>15 Bir Gider Bin Geliriz \/ Emre Salt\u0131k<\/p>\n<p><!--more--><\/p>\n<p>\u00a0<\/p>\n<p>\u00a0<\/p>\n<p><embed type=\"application\/x-shockwave-flash\" width=\"400\" height=\"300\" src=\"http:\/\/www.humyo.com\/E\/10422871-281475406839545\/10422871-281475406839831\/10422871-281475406840129\/10422871-281475406840651\/10422871-281475406841049\/10422871-281475406841815\/10422871-281475406842155\/10422871-281475406842343\/10422871-281475406842595\/10422871-281475406843223\/10422871-281475406843883\/10422871-281475406844289\/10422871-281475406844543\/10422871-281475406844837\/10422871-281475406845245\/10422871-281475406845613?a=h9RO71E0aG8%2C7wxwvmVO65Y%2C1pfJr_JRRig%2CDXmkBS-LK7o%2CyFb8UXsL-48%2CfcJ_dtd89K0%2CuN-oMwaZvNI%2CyzQtxYan_kY%2C9_IEKs-DKEU%2C4_D6wiA1P10%2ChpjNuVn_Y1U%2CjseJ0bN85sU%2CrWeA3uvBDxk%2CDPIRjhFeZ2Q%2Ck1qNv46kHbo%2Cfz6d3NL6440\" flashvars=\"autostart=true&amp;\"><\/embed><\/p>\n","protected":false},"excerpt":{"rendered":"<p>01 Efendim Tabibim \/ Arif Sa\u011f02 Zahit \/ Koro03 Arzuhal Eyledim \/ Emre Salt\u0131k04 Ak\u0131l ile Vijdan \/ Talip \u015eahin05 Ahdi Aman \/ \u0130hsan G\u00fcvercin06 Ali&#8217;nin A\u015fk\u0131na D\u00fc\u015ft\u00fck \/ Emek\u00e7i07 Demmi, Demmi \/ Hasret G\u00fcltekin08 Akt\u0131m Munzur \u00c7ay\u0131 Gibi \/ Mehmet Ko\u00e709 \u0130\u015f\u00e7ilerin Hepsi Vard\u0131 \/ Emek\u00e7i10 Arguvan Havas\u0131 (U.H.) \/ \u0130hsan G\u00fcvercin11 Elimizde Telli [&hellip;]<\/p>\n","protected":false},"author":1,"featured_media":0,"comment_status":"open","ping_status":"open","sticky":false,"template":"","format":"standard","meta":{"footnotes":""},"categories":[127],"tags":[],"class_list":{"0":"post-4631","1":"post","2":"type-post","3":"status-publish","4":"format-standard","6":"category-muzik-gruplari"},"yoast_head":"<!-- This site is optimized with the Yoast SEO Premium plugin v24.9 (Yoast SEO v24.9) - https:\/\/yoast.com\/wordpress\/plugins\/seo\/ -->\n<title>Kollektif halk m\u00fczi\u011fi alb\u00fcm\u00fc &quot; T\u00fcrk\u00fcler Yalan S\u00f6ylemez&quot; narteks.net sayfalar\u0131nda - narteks.net<\/title>\n<meta name=\"robots\" content=\"index, follow, max-snippet:-1, max-image-preview:large, max-video-preview:-1\" \/>\n<link rel=\"canonical\" href=\"https:\/\/narteks.net\/index.php\/2010\/06\/25\/kollektif-halk-muzigi-albumu-q-turkuler-yalan-soylemezq-narteksnet-sayfalarinda\/\" \/>\n<meta property=\"og:locale\" content=\"tr_TR\" \/>\n<meta property=\"og:type\" content=\"article\" \/>\n<meta property=\"og:title\" content=\"Kollektif halk m\u00fczi\u011fi alb\u00fcm\u00fc &quot; T\u00fcrk\u00fcler Yalan S\u00f6ylemez&quot; narteks.net sayfalar\u0131nda\" \/>\n<meta property=\"og:description\" content=\"01 Efendim Tabibim \/ Arif Sa\u011f02 Zahit \/ Koro03 Arzuhal Eyledim \/ Emre Salt\u0131k04 Ak\u0131l ile Vijdan \/ Talip \u015eahin05 Ahdi Aman \/ \u0130hsan G\u00fcvercin06 Ali&#8217;nin A\u015fk\u0131na D\u00fc\u015ft\u00fck \/ Emek\u00e7i07 Demmi, Demmi \/ Hasret G\u00fcltekin08 Akt\u0131m Munzur \u00c7ay\u0131 Gibi \/ Mehmet Ko\u00e709 \u0130\u015f\u00e7ilerin Hepsi Vard\u0131 \/ Emek\u00e7i10 Arguvan Havas\u0131 (U.H.) \/ \u0130hsan G\u00fcvercin11 Elimizde Telli [&hellip;]\" \/>\n<meta property=\"og:url\" content=\"https:\/\/narteks.net\/index.php\/2010\/06\/25\/kollektif-halk-muzigi-albumu-q-turkuler-yalan-soylemezq-narteksnet-sayfalarinda\/\" \/>\n<meta property=\"og:site_name\" content=\"narteks.net\" \/>\n<meta property=\"article:published_time\" content=\"2010-06-25T16:04:28+00:00\" \/>\n<meta property=\"og:image\" content=\"https:\/\/narteks.net\/wp-content\/uploads\/narteks.png\" \/>\n\t<meta property=\"og:image:width\" content=\"300\" \/>\n\t<meta property=\"og:image:height\" content=\"90\" \/>\n\t<meta property=\"og:image:type\" content=\"image\/png\" \/>\n<meta name=\"author\" content=\"Tar\u0131k\" \/>\n<meta name=\"twitter:card\" content=\"summary_large_image\" \/>\n<meta name=\"twitter:creator\" content=\"@narteks\" \/>\n<meta name=\"twitter:site\" content=\"@narteks\" \/>\n<meta name=\"twitter:label1\" content=\"Yazan:\" \/>\n\t<meta name=\"twitter:data1\" content=\"Tar\u0131k\" \/>\n<script type=\"application\/ld+json\" class=\"yoast-schema-graph\">{\"@context\":\"https:\/\/schema.org\",\"@graph\":[{\"@type\":\"Article\",\"@id\":\"https:\/\/narteks.net\/index.php\/2010\/06\/25\/kollektif-halk-muzigi-albumu-q-turkuler-yalan-soylemezq-narteksnet-sayfalarinda\/#article\",\"isPartOf\":{\"@id\":\"https:\/\/narteks.net\/index.php\/2010\/06\/25\/kollektif-halk-muzigi-albumu-q-turkuler-yalan-soylemezq-narteksnet-sayfalarinda\/\"},\"author\":{\"name\":\"Tar\u0131k\",\"@id\":\"https:\/\/narteks.net\/#\/schema\/person\/61f37d9834294b72d31d274e7ed79bca\"},\"headline\":\"Kollektif halk m\u00fczi\u011fi alb\u00fcm\u00fc &#8221; T\u00fcrk\u00fcler Yalan S\u00f6ylemez&#8221; narteks.net sayfalar\u0131nda\",\"datePublished\":\"2010-06-25T16:04:28+00:00\",\"mainEntityOfPage\":{\"@id\":\"https:\/\/narteks.net\/index.php\/2010\/06\/25\/kollektif-halk-muzigi-albumu-q-turkuler-yalan-soylemezq-narteksnet-sayfalarinda\/\"},\"wordCount\":102,\"commentCount\":0,\"publisher\":{\"@id\":\"https:\/\/narteks.net\/#organization\"},\"articleSection\":[\"M\u00fczik Gruplar\u0131\"],\"inLanguage\":\"tr\",\"potentialAction\":[{\"@type\":\"CommentAction\",\"name\":\"Comment\",\"target\":[\"https:\/\/narteks.net\/index.php\/2010\/06\/25\/kollektif-halk-muzigi-albumu-q-turkuler-yalan-soylemezq-narteksnet-sayfalarinda\/#respond\"]}]},{\"@type\":\"WebPage\",\"@id\":\"https:\/\/narteks.net\/index.php\/2010\/06\/25\/kollektif-halk-muzigi-albumu-q-turkuler-yalan-soylemezq-narteksnet-sayfalarinda\/\",\"url\":\"https:\/\/narteks.net\/index.php\/2010\/06\/25\/kollektif-halk-muzigi-albumu-q-turkuler-yalan-soylemezq-narteksnet-sayfalarinda\/\",\"name\":\"Kollektif halk m\u00fczi\u011fi alb\u00fcm\u00fc \\\" T\u00fcrk\u00fcler Yalan S\u00f6ylemez\\\" narteks.net sayfalar\u0131nda - narteks.net\",\"isPartOf\":{\"@id\":\"https:\/\/narteks.net\/#website\"},\"datePublished\":\"2010-06-25T16:04:28+00:00\",\"breadcrumb\":{\"@id\":\"https:\/\/narteks.net\/index.php\/2010\/06\/25\/kollektif-halk-muzigi-albumu-q-turkuler-yalan-soylemezq-narteksnet-sayfalarinda\/#breadcrumb\"},\"inLanguage\":\"tr\",\"potentialAction\":[{\"@type\":\"ReadAction\",\"target\":[\"https:\/\/narteks.net\/index.php\/2010\/06\/25\/kollektif-halk-muzigi-albumu-q-turkuler-yalan-soylemezq-narteksnet-sayfalarinda\/\"]}]},{\"@type\":\"BreadcrumbList\",\"@id\":\"https:\/\/narteks.net\/index.php\/2010\/06\/25\/kollektif-halk-muzigi-albumu-q-turkuler-yalan-soylemezq-narteksnet-sayfalarinda\/#breadcrumb\",\"itemListElement\":[{\"@type\":\"ListItem\",\"position\":1,\"name\":\"Anasayfa\",\"item\":\"https:\/\/narteks.net\/\"},{\"@type\":\"ListItem\",\"position\":2,\"name\":\"Kollektif halk m\u00fczi\u011fi alb\u00fcm\u00fc &#8221; T\u00fcrk\u00fcler Yalan S\u00f6ylemez&#8221; narteks.net sayfalar\u0131nda\"}]},{\"@type\":\"WebSite\",\"@id\":\"https:\/\/narteks.net\/#website\",\"url\":\"https:\/\/narteks.net\/\",\"name\":\"narteks.net\",\"description\":\"K\u00fclt\u00fcr Sanat Edebiyat Felsefe\",\"publisher\":{\"@id\":\"https:\/\/narteks.net\/#organization\"},\"alternateName\":\"K\u00fclt\u00fcr Sanat Edebiyat Felsefe\",\"potentialAction\":[{\"@type\":\"SearchAction\",\"target\":{\"@type\":\"EntryPoint\",\"urlTemplate\":\"https:\/\/narteks.net\/?s={search_term_string}\"},\"query-input\":{\"@type\":\"PropertyValueSpecification\",\"valueRequired\":true,\"valueName\":\"search_term_string\"}}],\"inLanguage\":\"tr\"},{\"@type\":\"Organization\",\"@id\":\"https:\/\/narteks.net\/#organization\",\"name\":\"narteks.net\",\"url\":\"https:\/\/narteks.net\/\",\"logo\":{\"@type\":\"ImageObject\",\"inLanguage\":\"tr\",\"@id\":\"https:\/\/narteks.net\/#\/schema\/logo\/image\/\",\"url\":\"https:\/\/narteks.net\/wp-content\/uploads\/narteks.png\",\"contentUrl\":\"https:\/\/narteks.net\/wp-content\/uploads\/narteks.png\",\"width\":300,\"height\":90,\"caption\":\"narteks.net\"},\"image\":{\"@id\":\"https:\/\/narteks.net\/#\/schema\/logo\/image\/\"},\"sameAs\":[\"https:\/\/x.com\/narteks\",\"https:\/\/instagram.com\/narteksnet\"]},{\"@type\":\"Person\",\"@id\":\"https:\/\/narteks.net\/#\/schema\/person\/61f37d9834294b72d31d274e7ed79bca\",\"name\":\"Tar\u0131k\",\"image\":{\"@type\":\"ImageObject\",\"inLanguage\":\"tr\",\"@id\":\"https:\/\/narteks.net\/#\/schema\/person\/image\/\",\"url\":\"https:\/\/secure.gravatar.com\/avatar\/50865afb55632c4ae467e0af0930f6510aa2297d8014be502a55b14f3b7550cf?s=96&d=mm&r=g\",\"contentUrl\":\"https:\/\/secure.gravatar.com\/avatar\/50865afb55632c4ae467e0af0930f6510aa2297d8014be502a55b14f3b7550cf?s=96&d=mm&r=g\",\"caption\":\"Tar\u0131k\"},\"sameAs\":[\"http:\/\/narteks.net\"],\"url\":\"https:\/\/narteks.net\/index.php\/author\/narbak\/\"}]}<\/script>\n<!-- \/ Yoast SEO Premium plugin. -->","yoast_head_json":{"title":"Kollektif halk m\u00fczi\u011fi alb\u00fcm\u00fc \" T\u00fcrk\u00fcler Yalan S\u00f6ylemez\" narteks.net sayfalar\u0131nda - narteks.net","robots":{"index":"index","follow":"follow","max-snippet":"max-snippet:-1","max-image-preview":"max-image-preview:large","max-video-preview":"max-video-preview:-1"},"canonical":"https:\/\/narteks.net\/index.php\/2010\/06\/25\/kollektif-halk-muzigi-albumu-q-turkuler-yalan-soylemezq-narteksnet-sayfalarinda\/","og_locale":"tr_TR","og_type":"article","og_title":"Kollektif halk m\u00fczi\u011fi alb\u00fcm\u00fc \" T\u00fcrk\u00fcler Yalan S\u00f6ylemez\" narteks.net sayfalar\u0131nda","og_description":"01 Efendim Tabibim \/ Arif Sa\u011f02 Zahit \/ Koro03 Arzuhal Eyledim \/ Emre Salt\u0131k04 Ak\u0131l ile Vijdan \/ Talip \u015eahin05 Ahdi Aman \/ \u0130hsan G\u00fcvercin06 Ali&#8217;nin A\u015fk\u0131na D\u00fc\u015ft\u00fck \/ Emek\u00e7i07 Demmi, Demmi \/ Hasret G\u00fcltekin08 Akt\u0131m Munzur \u00c7ay\u0131 Gibi \/ Mehmet Ko\u00e709 \u0130\u015f\u00e7ilerin Hepsi Vard\u0131 \/ Emek\u00e7i10 Arguvan Havas\u0131 (U.H.) \/ \u0130hsan G\u00fcvercin11 Elimizde Telli [&hellip;]","og_url":"https:\/\/narteks.net\/index.php\/2010\/06\/25\/kollektif-halk-muzigi-albumu-q-turkuler-yalan-soylemezq-narteksnet-sayfalarinda\/","og_site_name":"narteks.net","article_published_time":"2010-06-25T16:04:28+00:00","og_image":[{"width":300,"height":90,"url":"https:\/\/narteks.net\/wp-content\/uploads\/narteks.png","type":"image\/png"}],"author":"Tar\u0131k","twitter_card":"summary_large_image","twitter_creator":"@narteks","twitter_site":"@narteks","twitter_misc":{"Yazan:":"Tar\u0131k"},"schema":{"@context":"https:\/\/schema.org","@graph":[{"@type":"Article","@id":"https:\/\/narteks.net\/index.php\/2010\/06\/25\/kollektif-halk-muzigi-albumu-q-turkuler-yalan-soylemezq-narteksnet-sayfalarinda\/#article","isPartOf":{"@id":"https:\/\/narteks.net\/index.php\/2010\/06\/25\/kollektif-halk-muzigi-albumu-q-turkuler-yalan-soylemezq-narteksnet-sayfalarinda\/"},"author":{"name":"Tar\u0131k","@id":"https:\/\/narteks.net\/#\/schema\/person\/61f37d9834294b72d31d274e7ed79bca"},"headline":"Kollektif halk m\u00fczi\u011fi alb\u00fcm\u00fc &#8221; T\u00fcrk\u00fcler Yalan S\u00f6ylemez&#8221; narteks.net sayfalar\u0131nda","datePublished":"2010-06-25T16:04:28+00:00","mainEntityOfPage":{"@id":"https:\/\/narteks.net\/index.php\/2010\/06\/25\/kollektif-halk-muzigi-albumu-q-turkuler-yalan-soylemezq-narteksnet-sayfalarinda\/"},"wordCount":102,"commentCount":0,"publisher":{"@id":"https:\/\/narteks.net\/#organization"},"articleSection":["M\u00fczik Gruplar\u0131"],"inLanguage":"tr","potentialAction":[{"@type":"CommentAction","name":"Comment","target":["https:\/\/narteks.net\/index.php\/2010\/06\/25\/kollektif-halk-muzigi-albumu-q-turkuler-yalan-soylemezq-narteksnet-sayfalarinda\/#respond"]}]},{"@type":"WebPage","@id":"https:\/\/narteks.net\/index.php\/2010\/06\/25\/kollektif-halk-muzigi-albumu-q-turkuler-yalan-soylemezq-narteksnet-sayfalarinda\/","url":"https:\/\/narteks.net\/index.php\/2010\/06\/25\/kollektif-halk-muzigi-albumu-q-turkuler-yalan-soylemezq-narteksnet-sayfalarinda\/","name":"Kollektif halk m\u00fczi\u011fi alb\u00fcm\u00fc \" T\u00fcrk\u00fcler Yalan S\u00f6ylemez\" narteks.net sayfalar\u0131nda - narteks.net","isPartOf":{"@id":"https:\/\/narteks.net\/#website"},"datePublished":"2010-06-25T16:04:28+00:00","breadcrumb":{"@id":"https:\/\/narteks.net\/index.php\/2010\/06\/25\/kollektif-halk-muzigi-albumu-q-turkuler-yalan-soylemezq-narteksnet-sayfalarinda\/#breadcrumb"},"inLanguage":"tr","potentialAction":[{"@type":"ReadAction","target":["https:\/\/narteks.net\/index.php\/2010\/06\/25\/kollektif-halk-muzigi-albumu-q-turkuler-yalan-soylemezq-narteksnet-sayfalarinda\/"]}]},{"@type":"BreadcrumbList","@id":"https:\/\/narteks.net\/index.php\/2010\/06\/25\/kollektif-halk-muzigi-albumu-q-turkuler-yalan-soylemezq-narteksnet-sayfalarinda\/#breadcrumb","itemListElement":[{"@type":"ListItem","position":1,"name":"Anasayfa","item":"https:\/\/narteks.net\/"},{"@type":"ListItem","position":2,"name":"Kollektif halk m\u00fczi\u011fi alb\u00fcm\u00fc &#8221; T\u00fcrk\u00fcler Yalan S\u00f6ylemez&#8221; narteks.net sayfalar\u0131nda"}]},{"@type":"WebSite","@id":"https:\/\/narteks.net\/#website","url":"https:\/\/narteks.net\/","name":"narteks.net","description":"K\u00fclt\u00fcr Sanat Edebiyat Felsefe","publisher":{"@id":"https:\/\/narteks.net\/#organization"},"alternateName":"K\u00fclt\u00fcr Sanat Edebiyat Felsefe","potentialAction":[{"@type":"SearchAction","target":{"@type":"EntryPoint","urlTemplate":"https:\/\/narteks.net\/?s={search_term_string}"},"query-input":{"@type":"PropertyValueSpecification","valueRequired":true,"valueName":"search_term_string"}}],"inLanguage":"tr"},{"@type":"Organization","@id":"https:\/\/narteks.net\/#organization","name":"narteks.net","url":"https:\/\/narteks.net\/","logo":{"@type":"ImageObject","inLanguage":"tr","@id":"https:\/\/narteks.net\/#\/schema\/logo\/image\/","url":"https:\/\/narteks.net\/wp-content\/uploads\/narteks.png","contentUrl":"https:\/\/narteks.net\/wp-content\/uploads\/narteks.png","width":300,"height":90,"caption":"narteks.net"},"image":{"@id":"https:\/\/narteks.net\/#\/schema\/logo\/image\/"},"sameAs":["https:\/\/x.com\/narteks","https:\/\/instagram.com\/narteksnet"]},{"@type":"Person","@id":"https:\/\/narteks.net\/#\/schema\/person\/61f37d9834294b72d31d274e7ed79bca","name":"Tar\u0131k","image":{"@type":"ImageObject","inLanguage":"tr","@id":"https:\/\/narteks.net\/#\/schema\/person\/image\/","url":"https:\/\/secure.gravatar.com\/avatar\/50865afb55632c4ae467e0af0930f6510aa2297d8014be502a55b14f3b7550cf?s=96&d=mm&r=g","contentUrl":"https:\/\/secure.gravatar.com\/avatar\/50865afb55632c4ae467e0af0930f6510aa2297d8014be502a55b14f3b7550cf?s=96&d=mm&r=g","caption":"Tar\u0131k"},"sameAs":["http:\/\/narteks.net"],"url":"https:\/\/narteks.net\/index.php\/author\/narbak\/"}]}},"_links":{"self":[{"href":"https:\/\/narteks.net\/index.php\/wp-json\/wp\/v2\/posts\/4631","targetHints":{"allow":["GET"]}}],"collection":[{"href":"https:\/\/narteks.net\/index.php\/wp-json\/wp\/v2\/posts"}],"about":[{"href":"https:\/\/narteks.net\/index.php\/wp-json\/wp\/v2\/types\/post"}],"author":[{"embeddable":true,"href":"https:\/\/narteks.net\/index.php\/wp-json\/wp\/v2\/users\/1"}],"replies":[{"embeddable":true,"href":"https:\/\/narteks.net\/index.php\/wp-json\/wp\/v2\/comments?post=4631"}],"version-history":[{"count":0,"href":"https:\/\/narteks.net\/index.php\/wp-json\/wp\/v2\/posts\/4631\/revisions"}],"wp:attachment":[{"href":"https:\/\/narteks.net\/index.php\/wp-json\/wp\/v2\/media?parent=4631"}],"wp:term":[{"taxonomy":"category","embeddable":true,"href":"https:\/\/narteks.net\/index.php\/wp-json\/wp\/v2\/categories?post=4631"},{"taxonomy":"post_tag","embeddable":true,"href":"https:\/\/narteks.net\/index.php\/wp-json\/wp\/v2\/tags?post=4631"}],"curies":[{"name":"wp","href":"https:\/\/api.w.org\/{rel}","templated":true}]}}