{"id":4635,"date":"2010-07-03T09:53:13","date_gmt":"2010-07-03T06:53:13","guid":{"rendered":"http:\/\/localhost\/wordpress\/2010\/07\/03\/oldurduklerimden-kestigim-kulaklarimi-kaybettim-ben-ulus-baker\/"},"modified":"2010-07-03T09:53:13","modified_gmt":"2010-07-03T06:53:13","slug":"oldurduklerimden-kestigim-kulaklarimi-kaybettim-ben-ulus-baker","status":"publish","type":"post","link":"https:\/\/narteks.net\/index.php\/2010\/07\/03\/oldurduklerimden-kestigim-kulaklarimi-kaybettim-ben-ulus-baker\/","title":{"rendered":"\u00d6ld\u00fcrd\u00fcklerimden kesti\u011fim kulaklar\u0131m\u0131 kaybettim ben | Ulus Baker"},"content":{"rendered":"<p style=\"text-align: justify;\"><img loading=\"lazy\" decoding=\"async\" src=\"http:\/\/dusuncekahvesi.files.wordpress.com\/2009\/01\/savas_resimleri2.jpg\" border=\"0\" width=\"155\" height=\"205\" style=\"float: left;\" \/>Kim demi\u015f on\u00fc\u00e7 ond\u00f6rt ya\u015flar\u0131n sava\u015f kald\u0131ramayaca\u011f\u0131n\u0131 g\u00fcn\u00fcm\u00fcz d\u00fcnyas\u0131nda? Ben de sava\u015f yaralar\u0131m\u0131 bu \u00f6yk\u00fcye ertelemi\u015fim&#8230; Ve o yaralar bende kalacak, \u00f6fkeyle parlataca\u011f\u0131m onlar\u0131 her\u015feyin y\u00fczeyinde, yap\u0131\u015fkan bir toz tabakas\u0131 gibi&#8230; Eve d\u00fc\u015fen patlamam\u0131\u015f bomba &#8211;kom\u00fcnistlerle devrik Makarios taraftarlar\u0131, fa\u015fistler onlar\u0131 sava\u015fmalar\u0131 ya da \u00f6lmeleri i\u00e7in zincirlerle havan toplar\u0131na ba\u011flam\u0131\u015fken, emniyet pimleri \u00e7ekilmemi\u015f mermiler ya\u011fd\u0131r\u0131yorlard\u0131 Lefko\u015fa&#8217;n\u0131n T\u00fcrk kesimine&#8230; Evet. Eve d\u00fc\u015fen, annemin tepesinden, b\u00fcy\u00fckannenin birka\u00e7 santimetre yan\u0131ndan ge\u00e7erek yakla\u015f\u0131k iki saat \u00f6nce beni yat\u0131rd\u0131klar\u0131 yata\u011f\u0131 bi\u00e7erek yere saplanan patlamam\u0131\u015f bir bomba, galiba g\u00fc\u00e7l\u00fc bir havan mermisi (d\u00fc\u015ferken sesleri giderek tizle\u015fir &#8211;cviiiiift gibisinden&#8230;) birka\u00e7 g\u00fcn sonra \u00e7\u0131kar\u0131l\u0131rken Girne kap\u0131s\u0131na kadar ko\u015farak oradan ka\u00e7an ben, h\u00e2l\u00e2 nefes nefese, o \u00f6yk\u00fcy\u00fc anlatacak g\u00fcc\u00fc kendimde bulmal\u0131y\u0131m&#8230; \u00d6yk\u00fc, o s\u0131ralar hastanede -bir hekim k\u0131l\u0131\u011f\u0131nda, bembeyaz ve kana bulanarak&#8211; kapana k\u0131s\u0131lm\u0131\u015f babam\u0131n miras\u0131d\u0131r ve ben, onu anlatmal\u0131y\u0131m&#8230; Emniyet kemerlerinizi ba\u011flay\u0131n l\u00fctfen&#8230;<\/p>\n<p style=\"text-align: justify;\">&#8220;Kulaklar\u0131m! Kulaklar\u0131m!&#8221; Diye ba\u011f\u0131rarak getirildi&#8230; Ondokuz yirmi ya\u015flar\u0131nda, do\u011fulu delikanl\u0131&#8230; Sa\u011f baca\u011f\u0131 kanlar i\u00e7inde, i\u011fren\u00e7, inan\u0131lmaz, parampar\u00e7a&#8230; Doktoru kan \u00e7eker \u00f6nce&#8230; Anestezisiz diktiler ve i\u011fne vurup susmas\u0131n\u0131 beklediler. Susmad\u0131: &#8220;Kulaklar\u0131m! Kulaklar\u0131m!&#8230;&#8221; Hayk\u0131r\u0131\u015flar\u0131n\u0131n hastane koridorlar\u0131nda i\u015fi hen\u00fcz bitirilmemi\u015f kurbanl\u0131k gibi, kimi sedyede, kimi battaniyeler \u00fcst\u00fcnde bekleyen kahramanlar\u0131n moralini bozmas\u0131 katlan\u0131lamaz bir durumdur. Sava\u015f\u0131n o gizli bi\u00e7ki-diki\u015f ahl\u00e2k\u0131n\u0131n \u015fu di\u011fer kahramanlar\u0131, ne\u015fterli ve her bak\u0131mdan alkoll\u00fc hekimler, defalarca kulaklar\u0131n\u0131 kontrol etmelerine kar\u015f\u0131n (yak\u0131na d\u00fc\u015fen, ya da yak\u0131ndan sal\u0131verilen bir top mermisi mi acaba?), darmada\u011f\u0131n baca\u011f\u0131 d\u0131\u015f\u0131nda &#8220;sapasa\u011flam&#8221; te\u015fhisi koymaktan ba\u015fka bir \u015fey yapam\u0131yorlar&#8230; Ses \u00e7\u0131nl\u0131yor hastanenin \u00fcst katlar\u0131na do\u011fru yank\u0131lanarak: &#8220;Kulaklar\u0131m! Kulaklar\u0131m!&#8230;&#8221;<\/p>\n<p>Ah! Art\u0131k psikiyatrik bir vak&#8217;a olsa gerek bu. Bir harb psikozu&#8230;<\/p>\n<p>Psikiyatristin muayenesi daha da zor ve s\u00fcr\u00fcncemelidir&#8230; Birka\u00e7 tokat, biraz telkin: &#8220;Nerelisin sen evl\u00e2d\u0131m?&#8221; Terc\u00fcme: Hangi cehennemden geldin? Hangi cehenneme gidiyorsun? &#8220;Ne diyorsun sen, bir \u015fey yok kulaklar\u0131nda&#8230; Sapasa\u011flam ikisi de&#8230;&#8221;<\/p>\n<p>Ah! Psikiyatrik bir vak&#8217;a bile de\u011fil bu&#8230; O\u011flan, basbaya\u011f\u0131&#8230; Yemi\u015f kafay\u0131&#8230;<\/p>\n<p>Ve yo\u011fun, zor, anla\u015f\u0131lmaz bir diyalog, hoyrat\u00e7a, kulaklar\u0131 tedavi edecektir: &#8220;Kulaklar\u0131m! Kulaklar\u0131m!&#8221; Hangi kulaklar? K\u00f6yde bekliyorlar&#8230; Komandoyum ben&#8230; G\u00f6\u011f\u00fcs g\u00f6\u011f\u00fcse&#8230; Ta\u015fl\u0131k araziye att\u0131lar beni para\u015f\u00fctle&#8230; \u00c7o\u011fu arkada\u015f\u0131n baca\u011f\u0131 k\u0131r\u0131ld\u0131&#8230; Bana bir \u015fey olmad\u0131&#8230; Kulaklar\u0131m\u0131 kaybettim ben&#8230; \u00d6ld\u00fcrd\u00fcklerimden kesti\u011fim&#8230; Bir sicime dizmi\u015ftim onlar\u0131&#8230; K\u00f6yden beklerler&#8230; Kulaks\u0131z nas\u0131l d\u00f6nerim ben?<\/p>\n<p>Bu sat\u0131rlar\u0131 yazarken bilgisayar ekran\u0131n\u0131n kar\u015f\u0131s\u0131nda g\u00f6zlerim yoruluyor, kara deliklere d\u00fc\u015f\u00fcyorum, eri\u015filmez bir s\u00fcratle&#8230; Bunlar\u0131 yazd\u0131\u011f\u0131m i\u00e7in sald\u0131ranlar da olur&#8230; Dilim yorulacak&#8230; Miras\u0131n\u0131 savunurum pederin&#8230; Ama ben, bir Temmuz g\u00fcn\u00fc, ond\u00f6rt ya\u015f\u0131ndayken, daha kesin olarak s\u00f6yleyeyim, 26 Temmuz 1974&#8217;\u00fcn ate\u015fkes kur\u015funlar\u0131n\u0131n v\u0131z\u0131ldamas\u0131n\u0131 durduramayan yo\u011fun, kat\u0131, renksiz, ceset kokulu bir ak\u015fam\u0131nda (ya\u011fmur ya\u011f\u0131yor muydu h\u00e2l\u00e2?) bu \u00f6yk\u00fcy\u00fc kendi kulaklar\u0131mla i\u015fittim&#8230;<\/p>\n<p>Kulaklar\u0131m! Kulaklar\u0131m!<\/p>\n","protected":false},"excerpt":{"rendered":"<p>Kim demi\u015f on\u00fc\u00e7 ond\u00f6rt ya\u015flar\u0131n sava\u015f kald\u0131ramayaca\u011f\u0131n\u0131 g\u00fcn\u00fcm\u00fcz d\u00fcnyas\u0131nda? Ben de sava\u015f yaralar\u0131m\u0131 bu \u00f6yk\u00fcye ertelemi\u015fim&#8230; Ve o yaralar bende kalacak, \u00f6fkeyle parlataca\u011f\u0131m onlar\u0131 her\u015feyin y\u00fczeyinde, yap\u0131\u015fkan bir toz tabakas\u0131 gibi&#8230; Eve d\u00fc\u015fen patlamam\u0131\u015f bomba &#8211;kom\u00fcnistlerle devrik Makarios taraftarlar\u0131, fa\u015fistler onlar\u0131 sava\u015fmalar\u0131 ya da \u00f6lmeleri i\u00e7in zincirlerle havan toplar\u0131na ba\u011flam\u0131\u015fken, emniyet pimleri \u00e7ekilmemi\u015f mermiler ya\u011fd\u0131r\u0131yorlard\u0131 [&hellip;]<\/p>\n","protected":false},"author":1,"featured_media":0,"comment_status":"open","ping_status":"open","sticky":false,"template":"","format":"standard","meta":{"footnotes":""},"categories":[114],"tags":[],"class_list":{"0":"post-4635","1":"post","2":"type-post","3":"status-publish","4":"format-standard","6":"category-turkiye-den-oykuler"},"yoast_head":"<!-- This site is optimized with the Yoast SEO Premium plugin v24.9 (Yoast SEO v24.9) - https:\/\/yoast.com\/wordpress\/plugins\/seo\/ -->\n<title>\u00d6ld\u00fcrd\u00fcklerimden kesti\u011fim kulaklar\u0131m\u0131 kaybettim ben | Ulus Baker - narteks.net<\/title>\n<meta name=\"robots\" content=\"index, follow, max-snippet:-1, max-image-preview:large, max-video-preview:-1\" \/>\n<link rel=\"canonical\" href=\"https:\/\/narteks.net\/index.php\/2010\/07\/03\/oldurduklerimden-kestigim-kulaklarimi-kaybettim-ben-ulus-baker\/\" \/>\n<meta property=\"og:locale\" content=\"tr_TR\" \/>\n<meta property=\"og:type\" content=\"article\" \/>\n<meta property=\"og:title\" content=\"\u00d6ld\u00fcrd\u00fcklerimden kesti\u011fim kulaklar\u0131m\u0131 kaybettim ben | Ulus Baker\" \/>\n<meta property=\"og:description\" content=\"Kim demi\u015f on\u00fc\u00e7 ond\u00f6rt ya\u015flar\u0131n sava\u015f kald\u0131ramayaca\u011f\u0131n\u0131 g\u00fcn\u00fcm\u00fcz d\u00fcnyas\u0131nda? Ben de sava\u015f yaralar\u0131m\u0131 bu \u00f6yk\u00fcye ertelemi\u015fim&#8230; Ve o yaralar bende kalacak, \u00f6fkeyle parlataca\u011f\u0131m onlar\u0131 her\u015feyin y\u00fczeyinde, yap\u0131\u015fkan bir toz tabakas\u0131 gibi&#8230; Eve d\u00fc\u015fen patlamam\u0131\u015f bomba &#8211;kom\u00fcnistlerle devrik Makarios taraftarlar\u0131, fa\u015fistler onlar\u0131 sava\u015fmalar\u0131 ya da \u00f6lmeleri i\u00e7in zincirlerle havan toplar\u0131na ba\u011flam\u0131\u015fken, emniyet pimleri \u00e7ekilmemi\u015f mermiler ya\u011fd\u0131r\u0131yorlard\u0131 [&hellip;]\" \/>\n<meta property=\"og:url\" content=\"https:\/\/narteks.net\/index.php\/2010\/07\/03\/oldurduklerimden-kestigim-kulaklarimi-kaybettim-ben-ulus-baker\/\" \/>\n<meta property=\"og:site_name\" content=\"narteks.net\" \/>\n<meta property=\"article:published_time\" content=\"2010-07-03T06:53:13+00:00\" \/>\n<meta property=\"og:image\" content=\"http:\/\/dusuncekahvesi.files.wordpress.com\/2009\/01\/savas_resimleri2.jpg\" \/>\n<meta name=\"author\" content=\"Tar\u0131k\" \/>\n<meta name=\"twitter:card\" content=\"summary_large_image\" \/>\n<meta name=\"twitter:creator\" content=\"@narteks\" \/>\n<meta name=\"twitter:site\" content=\"@narteks\" \/>\n<meta name=\"twitter:label1\" content=\"Yazan:\" \/>\n\t<meta name=\"twitter:data1\" content=\"Tar\u0131k\" \/>\n\t<meta name=\"twitter:label2\" content=\"Tahmini okuma s\u00fcresi\" \/>\n\t<meta name=\"twitter:data2\" content=\"3 dakika\" \/>\n<script type=\"application\/ld+json\" class=\"yoast-schema-graph\">{\"@context\":\"https:\/\/schema.org\",\"@graph\":[{\"@type\":\"Article\",\"@id\":\"https:\/\/narteks.net\/index.php\/2010\/07\/03\/oldurduklerimden-kestigim-kulaklarimi-kaybettim-ben-ulus-baker\/#article\",\"isPartOf\":{\"@id\":\"https:\/\/narteks.net\/index.php\/2010\/07\/03\/oldurduklerimden-kestigim-kulaklarimi-kaybettim-ben-ulus-baker\/\"},\"author\":{\"name\":\"Tar\u0131k\",\"@id\":\"https:\/\/narteks.net\/#\/schema\/person\/61f37d9834294b72d31d274e7ed79bca\"},\"headline\":\"\u00d6ld\u00fcrd\u00fcklerimden kesti\u011fim kulaklar\u0131m\u0131 kaybettim ben | Ulus Baker\",\"datePublished\":\"2010-07-03T06:53:13+00:00\",\"mainEntityOfPage\":{\"@id\":\"https:\/\/narteks.net\/index.php\/2010\/07\/03\/oldurduklerimden-kestigim-kulaklarimi-kaybettim-ben-ulus-baker\/\"},\"wordCount\":597,\"commentCount\":0,\"publisher\":{\"@id\":\"https:\/\/narteks.net\/#organization\"},\"image\":{\"@id\":\"https:\/\/narteks.net\/index.php\/2010\/07\/03\/oldurduklerimden-kestigim-kulaklarimi-kaybettim-ben-ulus-baker\/#primaryimage\"},\"thumbnailUrl\":\"http:\/\/dusuncekahvesi.files.wordpress.com\/2009\/01\/savas_resimleri2.jpg\",\"articleSection\":[\"T\u00fcrkiye'den \u00d6yk\u00fcler\"],\"inLanguage\":\"tr\",\"potentialAction\":[{\"@type\":\"CommentAction\",\"name\":\"Comment\",\"target\":[\"https:\/\/narteks.net\/index.php\/2010\/07\/03\/oldurduklerimden-kestigim-kulaklarimi-kaybettim-ben-ulus-baker\/#respond\"]}]},{\"@type\":\"WebPage\",\"@id\":\"https:\/\/narteks.net\/index.php\/2010\/07\/03\/oldurduklerimden-kestigim-kulaklarimi-kaybettim-ben-ulus-baker\/\",\"url\":\"https:\/\/narteks.net\/index.php\/2010\/07\/03\/oldurduklerimden-kestigim-kulaklarimi-kaybettim-ben-ulus-baker\/\",\"name\":\"\u00d6ld\u00fcrd\u00fcklerimden kesti\u011fim kulaklar\u0131m\u0131 kaybettim ben | Ulus Baker - narteks.net\",\"isPartOf\":{\"@id\":\"https:\/\/narteks.net\/#website\"},\"primaryImageOfPage\":{\"@id\":\"https:\/\/narteks.net\/index.php\/2010\/07\/03\/oldurduklerimden-kestigim-kulaklarimi-kaybettim-ben-ulus-baker\/#primaryimage\"},\"image\":{\"@id\":\"https:\/\/narteks.net\/index.php\/2010\/07\/03\/oldurduklerimden-kestigim-kulaklarimi-kaybettim-ben-ulus-baker\/#primaryimage\"},\"thumbnailUrl\":\"http:\/\/dusuncekahvesi.files.wordpress.com\/2009\/01\/savas_resimleri2.jpg\",\"datePublished\":\"2010-07-03T06:53:13+00:00\",\"breadcrumb\":{\"@id\":\"https:\/\/narteks.net\/index.php\/2010\/07\/03\/oldurduklerimden-kestigim-kulaklarimi-kaybettim-ben-ulus-baker\/#breadcrumb\"},\"inLanguage\":\"tr\",\"potentialAction\":[{\"@type\":\"ReadAction\",\"target\":[\"https:\/\/narteks.net\/index.php\/2010\/07\/03\/oldurduklerimden-kestigim-kulaklarimi-kaybettim-ben-ulus-baker\/\"]}]},{\"@type\":\"ImageObject\",\"inLanguage\":\"tr\",\"@id\":\"https:\/\/narteks.net\/index.php\/2010\/07\/03\/oldurduklerimden-kestigim-kulaklarimi-kaybettim-ben-ulus-baker\/#primaryimage\",\"url\":\"http:\/\/dusuncekahvesi.files.wordpress.com\/2009\/01\/savas_resimleri2.jpg\",\"contentUrl\":\"http:\/\/dusuncekahvesi.files.wordpress.com\/2009\/01\/savas_resimleri2.jpg\"},{\"@type\":\"BreadcrumbList\",\"@id\":\"https:\/\/narteks.net\/index.php\/2010\/07\/03\/oldurduklerimden-kestigim-kulaklarimi-kaybettim-ben-ulus-baker\/#breadcrumb\",\"itemListElement\":[{\"@type\":\"ListItem\",\"position\":1,\"name\":\"Anasayfa\",\"item\":\"https:\/\/narteks.net\/\"},{\"@type\":\"ListItem\",\"position\":2,\"name\":\"\u00d6ld\u00fcrd\u00fcklerimden kesti\u011fim kulaklar\u0131m\u0131 kaybettim ben | Ulus Baker\"}]},{\"@type\":\"WebSite\",\"@id\":\"https:\/\/narteks.net\/#website\",\"url\":\"https:\/\/narteks.net\/\",\"name\":\"narteks.net\",\"description\":\"K\u00fclt\u00fcr Sanat Edebiyat Felsefe\",\"publisher\":{\"@id\":\"https:\/\/narteks.net\/#organization\"},\"alternateName\":\"K\u00fclt\u00fcr Sanat Edebiyat Felsefe\",\"potentialAction\":[{\"@type\":\"SearchAction\",\"target\":{\"@type\":\"EntryPoint\",\"urlTemplate\":\"https:\/\/narteks.net\/?s={search_term_string}\"},\"query-input\":{\"@type\":\"PropertyValueSpecification\",\"valueRequired\":true,\"valueName\":\"search_term_string\"}}],\"inLanguage\":\"tr\"},{\"@type\":\"Organization\",\"@id\":\"https:\/\/narteks.net\/#organization\",\"name\":\"narteks.net\",\"url\":\"https:\/\/narteks.net\/\",\"logo\":{\"@type\":\"ImageObject\",\"inLanguage\":\"tr\",\"@id\":\"https:\/\/narteks.net\/#\/schema\/logo\/image\/\",\"url\":\"https:\/\/narteks.net\/wp-content\/uploads\/narteks.png\",\"contentUrl\":\"https:\/\/narteks.net\/wp-content\/uploads\/narteks.png\",\"width\":300,\"height\":90,\"caption\":\"narteks.net\"},\"image\":{\"@id\":\"https:\/\/narteks.net\/#\/schema\/logo\/image\/\"},\"sameAs\":[\"https:\/\/x.com\/narteks\",\"https:\/\/instagram.com\/narteksnet\"]},{\"@type\":\"Person\",\"@id\":\"https:\/\/narteks.net\/#\/schema\/person\/61f37d9834294b72d31d274e7ed79bca\",\"name\":\"Tar\u0131k\",\"image\":{\"@type\":\"ImageObject\",\"inLanguage\":\"tr\",\"@id\":\"https:\/\/narteks.net\/#\/schema\/person\/image\/\",\"url\":\"https:\/\/secure.gravatar.com\/avatar\/50865afb55632c4ae467e0af0930f6510aa2297d8014be502a55b14f3b7550cf?s=96&d=mm&r=g\",\"contentUrl\":\"https:\/\/secure.gravatar.com\/avatar\/50865afb55632c4ae467e0af0930f6510aa2297d8014be502a55b14f3b7550cf?s=96&d=mm&r=g\",\"caption\":\"Tar\u0131k\"},\"sameAs\":[\"http:\/\/narteks.net\"],\"url\":\"https:\/\/narteks.net\/index.php\/author\/narbak\/\"}]}<\/script>\n<!-- \/ Yoast SEO Premium plugin. -->","yoast_head_json":{"title":"\u00d6ld\u00fcrd\u00fcklerimden kesti\u011fim kulaklar\u0131m\u0131 kaybettim ben | Ulus Baker - narteks.net","robots":{"index":"index","follow":"follow","max-snippet":"max-snippet:-1","max-image-preview":"max-image-preview:large","max-video-preview":"max-video-preview:-1"},"canonical":"https:\/\/narteks.net\/index.php\/2010\/07\/03\/oldurduklerimden-kestigim-kulaklarimi-kaybettim-ben-ulus-baker\/","og_locale":"tr_TR","og_type":"article","og_title":"\u00d6ld\u00fcrd\u00fcklerimden kesti\u011fim kulaklar\u0131m\u0131 kaybettim ben | Ulus Baker","og_description":"Kim demi\u015f on\u00fc\u00e7 ond\u00f6rt ya\u015flar\u0131n sava\u015f kald\u0131ramayaca\u011f\u0131n\u0131 g\u00fcn\u00fcm\u00fcz d\u00fcnyas\u0131nda? Ben de sava\u015f yaralar\u0131m\u0131 bu \u00f6yk\u00fcye ertelemi\u015fim&#8230; Ve o yaralar bende kalacak, \u00f6fkeyle parlataca\u011f\u0131m onlar\u0131 her\u015feyin y\u00fczeyinde, yap\u0131\u015fkan bir toz tabakas\u0131 gibi&#8230; Eve d\u00fc\u015fen patlamam\u0131\u015f bomba &#8211;kom\u00fcnistlerle devrik Makarios taraftarlar\u0131, fa\u015fistler onlar\u0131 sava\u015fmalar\u0131 ya da \u00f6lmeleri i\u00e7in zincirlerle havan toplar\u0131na ba\u011flam\u0131\u015fken, emniyet pimleri \u00e7ekilmemi\u015f mermiler ya\u011fd\u0131r\u0131yorlard\u0131 [&hellip;]","og_url":"https:\/\/narteks.net\/index.php\/2010\/07\/03\/oldurduklerimden-kestigim-kulaklarimi-kaybettim-ben-ulus-baker\/","og_site_name":"narteks.net","article_published_time":"2010-07-03T06:53:13+00:00","og_image":[{"url":"http:\/\/dusuncekahvesi.files.wordpress.com\/2009\/01\/savas_resimleri2.jpg","type":"","width":"","height":""}],"author":"Tar\u0131k","twitter_card":"summary_large_image","twitter_creator":"@narteks","twitter_site":"@narteks","twitter_misc":{"Yazan:":"Tar\u0131k","Tahmini okuma s\u00fcresi":"3 dakika"},"schema":{"@context":"https:\/\/schema.org","@graph":[{"@type":"Article","@id":"https:\/\/narteks.net\/index.php\/2010\/07\/03\/oldurduklerimden-kestigim-kulaklarimi-kaybettim-ben-ulus-baker\/#article","isPartOf":{"@id":"https:\/\/narteks.net\/index.php\/2010\/07\/03\/oldurduklerimden-kestigim-kulaklarimi-kaybettim-ben-ulus-baker\/"},"author":{"name":"Tar\u0131k","@id":"https:\/\/narteks.net\/#\/schema\/person\/61f37d9834294b72d31d274e7ed79bca"},"headline":"\u00d6ld\u00fcrd\u00fcklerimden kesti\u011fim kulaklar\u0131m\u0131 kaybettim ben | Ulus Baker","datePublished":"2010-07-03T06:53:13+00:00","mainEntityOfPage":{"@id":"https:\/\/narteks.net\/index.php\/2010\/07\/03\/oldurduklerimden-kestigim-kulaklarimi-kaybettim-ben-ulus-baker\/"},"wordCount":597,"commentCount":0,"publisher":{"@id":"https:\/\/narteks.net\/#organization"},"image":{"@id":"https:\/\/narteks.net\/index.php\/2010\/07\/03\/oldurduklerimden-kestigim-kulaklarimi-kaybettim-ben-ulus-baker\/#primaryimage"},"thumbnailUrl":"http:\/\/dusuncekahvesi.files.wordpress.com\/2009\/01\/savas_resimleri2.jpg","articleSection":["T\u00fcrkiye'den \u00d6yk\u00fcler"],"inLanguage":"tr","potentialAction":[{"@type":"CommentAction","name":"Comment","target":["https:\/\/narteks.net\/index.php\/2010\/07\/03\/oldurduklerimden-kestigim-kulaklarimi-kaybettim-ben-ulus-baker\/#respond"]}]},{"@type":"WebPage","@id":"https:\/\/narteks.net\/index.php\/2010\/07\/03\/oldurduklerimden-kestigim-kulaklarimi-kaybettim-ben-ulus-baker\/","url":"https:\/\/narteks.net\/index.php\/2010\/07\/03\/oldurduklerimden-kestigim-kulaklarimi-kaybettim-ben-ulus-baker\/","name":"\u00d6ld\u00fcrd\u00fcklerimden kesti\u011fim kulaklar\u0131m\u0131 kaybettim ben | Ulus Baker - narteks.net","isPartOf":{"@id":"https:\/\/narteks.net\/#website"},"primaryImageOfPage":{"@id":"https:\/\/narteks.net\/index.php\/2010\/07\/03\/oldurduklerimden-kestigim-kulaklarimi-kaybettim-ben-ulus-baker\/#primaryimage"},"image":{"@id":"https:\/\/narteks.net\/index.php\/2010\/07\/03\/oldurduklerimden-kestigim-kulaklarimi-kaybettim-ben-ulus-baker\/#primaryimage"},"thumbnailUrl":"http:\/\/dusuncekahvesi.files.wordpress.com\/2009\/01\/savas_resimleri2.jpg","datePublished":"2010-07-03T06:53:13+00:00","breadcrumb":{"@id":"https:\/\/narteks.net\/index.php\/2010\/07\/03\/oldurduklerimden-kestigim-kulaklarimi-kaybettim-ben-ulus-baker\/#breadcrumb"},"inLanguage":"tr","potentialAction":[{"@type":"ReadAction","target":["https:\/\/narteks.net\/index.php\/2010\/07\/03\/oldurduklerimden-kestigim-kulaklarimi-kaybettim-ben-ulus-baker\/"]}]},{"@type":"ImageObject","inLanguage":"tr","@id":"https:\/\/narteks.net\/index.php\/2010\/07\/03\/oldurduklerimden-kestigim-kulaklarimi-kaybettim-ben-ulus-baker\/#primaryimage","url":"http:\/\/dusuncekahvesi.files.wordpress.com\/2009\/01\/savas_resimleri2.jpg","contentUrl":"http:\/\/dusuncekahvesi.files.wordpress.com\/2009\/01\/savas_resimleri2.jpg"},{"@type":"BreadcrumbList","@id":"https:\/\/narteks.net\/index.php\/2010\/07\/03\/oldurduklerimden-kestigim-kulaklarimi-kaybettim-ben-ulus-baker\/#breadcrumb","itemListElement":[{"@type":"ListItem","position":1,"name":"Anasayfa","item":"https:\/\/narteks.net\/"},{"@type":"ListItem","position":2,"name":"\u00d6ld\u00fcrd\u00fcklerimden kesti\u011fim kulaklar\u0131m\u0131 kaybettim ben | Ulus Baker"}]},{"@type":"WebSite","@id":"https:\/\/narteks.net\/#website","url":"https:\/\/narteks.net\/","name":"narteks.net","description":"K\u00fclt\u00fcr Sanat Edebiyat Felsefe","publisher":{"@id":"https:\/\/narteks.net\/#organization"},"alternateName":"K\u00fclt\u00fcr Sanat Edebiyat Felsefe","potentialAction":[{"@type":"SearchAction","target":{"@type":"EntryPoint","urlTemplate":"https:\/\/narteks.net\/?s={search_term_string}"},"query-input":{"@type":"PropertyValueSpecification","valueRequired":true,"valueName":"search_term_string"}}],"inLanguage":"tr"},{"@type":"Organization","@id":"https:\/\/narteks.net\/#organization","name":"narteks.net","url":"https:\/\/narteks.net\/","logo":{"@type":"ImageObject","inLanguage":"tr","@id":"https:\/\/narteks.net\/#\/schema\/logo\/image\/","url":"https:\/\/narteks.net\/wp-content\/uploads\/narteks.png","contentUrl":"https:\/\/narteks.net\/wp-content\/uploads\/narteks.png","width":300,"height":90,"caption":"narteks.net"},"image":{"@id":"https:\/\/narteks.net\/#\/schema\/logo\/image\/"},"sameAs":["https:\/\/x.com\/narteks","https:\/\/instagram.com\/narteksnet"]},{"@type":"Person","@id":"https:\/\/narteks.net\/#\/schema\/person\/61f37d9834294b72d31d274e7ed79bca","name":"Tar\u0131k","image":{"@type":"ImageObject","inLanguage":"tr","@id":"https:\/\/narteks.net\/#\/schema\/person\/image\/","url":"https:\/\/secure.gravatar.com\/avatar\/50865afb55632c4ae467e0af0930f6510aa2297d8014be502a55b14f3b7550cf?s=96&d=mm&r=g","contentUrl":"https:\/\/secure.gravatar.com\/avatar\/50865afb55632c4ae467e0af0930f6510aa2297d8014be502a55b14f3b7550cf?s=96&d=mm&r=g","caption":"Tar\u0131k"},"sameAs":["http:\/\/narteks.net"],"url":"https:\/\/narteks.net\/index.php\/author\/narbak\/"}]}},"_links":{"self":[{"href":"https:\/\/narteks.net\/index.php\/wp-json\/wp\/v2\/posts\/4635","targetHints":{"allow":["GET"]}}],"collection":[{"href":"https:\/\/narteks.net\/index.php\/wp-json\/wp\/v2\/posts"}],"about":[{"href":"https:\/\/narteks.net\/index.php\/wp-json\/wp\/v2\/types\/post"}],"author":[{"embeddable":true,"href":"https:\/\/narteks.net\/index.php\/wp-json\/wp\/v2\/users\/1"}],"replies":[{"embeddable":true,"href":"https:\/\/narteks.net\/index.php\/wp-json\/wp\/v2\/comments?post=4635"}],"version-history":[{"count":0,"href":"https:\/\/narteks.net\/index.php\/wp-json\/wp\/v2\/posts\/4635\/revisions"}],"wp:attachment":[{"href":"https:\/\/narteks.net\/index.php\/wp-json\/wp\/v2\/media?parent=4635"}],"wp:term":[{"taxonomy":"category","embeddable":true,"href":"https:\/\/narteks.net\/index.php\/wp-json\/wp\/v2\/categories?post=4635"},{"taxonomy":"post_tag","embeddable":true,"href":"https:\/\/narteks.net\/index.php\/wp-json\/wp\/v2\/tags?post=4635"}],"curies":[{"name":"wp","href":"https:\/\/api.w.org\/{rel}","templated":true}]}}