{"id":4636,"date":"2010-07-03T10:13:18","date_gmt":"2010-07-03T07:13:18","guid":{"rendered":"http:\/\/localhost\/wordpress\/2010\/07\/03\/goz-halil-cibran\/"},"modified":"2010-07-03T10:13:18","modified_gmt":"2010-07-03T07:13:18","slug":"goz-halil-cibran","status":"publish","type":"post","link":"https:\/\/narteks.net\/index.php\/2010\/07\/03\/goz-halil-cibran\/","title":{"rendered":"G\u00f6z | Halil Cibran"},"content":{"rendered":"<p><img decoding=\"async\" src=\"images\/stories\/halilcibran.jpg\" border=\"0\" \/><\/p>\n<p>\u00a0<\/p>\n<p style=\"text-align: justify;\">Bir g\u00fcn g\u00f6z dedi ki \u201cBu vadilerin \u00f6tesinde mavi sisle \u00f6rt\u00fcl\u00fc bir da\u011f g\u00f6r\u00fcyorum. Ne g\u00fczel de\u011fil mi?\u201d<\/p>\n<p>Kulak dinledi ve bir s\u00fcre dinledikten sonra dedi ki \u201cFakat da\u011f nerede? Onu i\u015fitmiyorum.\u201d<br \/>Sonra El konu\u015fup dedi ki \u201cOna dokunup hissetmek i\u00e7in bo\u015f yere u\u011fra\u015f\u0131p duruyorum ama da\u011f\u0131 bulam\u0131yorum.\u201d<br \/>Ve Burun dedi ki \u201cDa\u011f yok, kokusunu alm\u0131yorum.\u201d<br \/>Sonra G\u00f6z ba\u015fka tarafa d\u00f6nd\u00fc ve di\u011ferleri aralar\u0131nda G\u00f6z\u2019\u00fcn garip hayali hakk\u0131nda konu\u015fmaya ba\u015flad\u0131lar.<\/p>\n<p style=\"text-align: justify;\">Ve dediler ki, \u201cG\u00f6z\u2019\u00fcn bir sorunu olmal\u0131.\u201d<\/p>\n<p><em>Halil Cibran<\/em><\/p>\n","protected":false},"excerpt":{"rendered":"<p>\u00a0 Bir g\u00fcn g\u00f6z dedi ki \u201cBu vadilerin \u00f6tesinde mavi sisle \u00f6rt\u00fcl\u00fc bir da\u011f g\u00f6r\u00fcyorum. Ne g\u00fczel de\u011fil mi?\u201d Kulak dinledi ve bir s\u00fcre dinledikten sonra dedi ki \u201cFakat da\u011f nerede? Onu i\u015fitmiyorum.\u201dSonra El konu\u015fup dedi ki \u201cOna dokunup hissetmek i\u00e7in bo\u015f yere u\u011fra\u015f\u0131p duruyorum ama da\u011f\u0131 bulam\u0131yorum.\u201dVe Burun dedi ki \u201cDa\u011f yok, kokusunu alm\u0131yorum.\u201dSonra [&hellip;]<\/p>\n","protected":false},"author":1,"featured_media":0,"comment_status":"open","ping_status":"open","sticky":false,"template":"","format":"standard","meta":{"footnotes":""},"categories":[115],"tags":[],"class_list":{"0":"post-4636","1":"post","2":"type-post","3":"status-publish","4":"format-standard","6":"category-ceviri-oykuler"},"yoast_head":"<!-- This site is optimized with the Yoast SEO Premium plugin v24.9 (Yoast SEO v24.9) - https:\/\/yoast.com\/wordpress\/plugins\/seo\/ -->\n<title>G\u00f6z | Halil Cibran - narteks.net<\/title>\n<meta name=\"robots\" content=\"index, follow, max-snippet:-1, max-image-preview:large, max-video-preview:-1\" \/>\n<link rel=\"canonical\" href=\"https:\/\/narteks.net\/index.php\/2010\/07\/03\/goz-halil-cibran\/\" \/>\n<meta property=\"og:locale\" content=\"tr_TR\" \/>\n<meta property=\"og:type\" content=\"article\" \/>\n<meta property=\"og:title\" content=\"G\u00f6z | Halil Cibran\" \/>\n<meta property=\"og:description\" content=\"\u00a0 Bir g\u00fcn g\u00f6z dedi ki \u201cBu vadilerin \u00f6tesinde mavi sisle \u00f6rt\u00fcl\u00fc bir da\u011f g\u00f6r\u00fcyorum. Ne g\u00fczel de\u011fil mi?\u201d Kulak dinledi ve bir s\u00fcre dinledikten sonra dedi ki \u201cFakat da\u011f nerede? Onu i\u015fitmiyorum.\u201dSonra El konu\u015fup dedi ki \u201cOna dokunup hissetmek i\u00e7in bo\u015f yere u\u011fra\u015f\u0131p duruyorum ama da\u011f\u0131 bulam\u0131yorum.\u201dVe Burun dedi ki \u201cDa\u011f yok, kokusunu alm\u0131yorum.\u201dSonra [&hellip;]\" \/>\n<meta property=\"og:url\" content=\"https:\/\/narteks.net\/index.php\/2010\/07\/03\/goz-halil-cibran\/\" \/>\n<meta property=\"og:site_name\" content=\"narteks.net\" \/>\n<meta property=\"article:published_time\" content=\"2010-07-03T07:13:18+00:00\" \/>\n<meta property=\"og:image\" content=\"https:\/\/narteks.net\/wp-content\/uploads\/narteks.png\" \/>\n\t<meta property=\"og:image:width\" content=\"300\" \/>\n\t<meta property=\"og:image:height\" content=\"90\" \/>\n\t<meta property=\"og:image:type\" content=\"image\/png\" \/>\n<meta name=\"author\" content=\"Tar\u0131k\" \/>\n<meta name=\"twitter:card\" content=\"summary_large_image\" \/>\n<meta name=\"twitter:creator\" content=\"@narteks\" \/>\n<meta name=\"twitter:site\" content=\"@narteks\" \/>\n<meta name=\"twitter:label1\" content=\"Yazan:\" \/>\n\t<meta name=\"twitter:data1\" content=\"Tar\u0131k\" \/>\n\t<meta name=\"twitter:label2\" content=\"Tahmini okuma s\u00fcresi\" \/>\n\t<meta name=\"twitter:data2\" content=\"1 dakika\" \/>\n<script type=\"application\/ld+json\" class=\"yoast-schema-graph\">{\"@context\":\"https:\/\/schema.org\",\"@graph\":[{\"@type\":\"Article\",\"@id\":\"https:\/\/narteks.net\/index.php\/2010\/07\/03\/goz-halil-cibran\/#article\",\"isPartOf\":{\"@id\":\"https:\/\/narteks.net\/index.php\/2010\/07\/03\/goz-halil-cibran\/\"},\"author\":{\"name\":\"Tar\u0131k\",\"@id\":\"https:\/\/narteks.net\/#\/schema\/person\/61f37d9834294b72d31d274e7ed79bca\"},\"headline\":\"G\u00f6z | Halil Cibran\",\"datePublished\":\"2010-07-03T07:13:18+00:00\",\"mainEntityOfPage\":{\"@id\":\"https:\/\/narteks.net\/index.php\/2010\/07\/03\/goz-halil-cibran\/\"},\"wordCount\":111,\"commentCount\":0,\"publisher\":{\"@id\":\"https:\/\/narteks.net\/#organization\"},\"articleSection\":[\"\u00c7eviri \u00d6yk\u00fcler\"],\"inLanguage\":\"tr\",\"potentialAction\":[{\"@type\":\"CommentAction\",\"name\":\"Comment\",\"target\":[\"https:\/\/narteks.net\/index.php\/2010\/07\/03\/goz-halil-cibran\/#respond\"]}]},{\"@type\":\"WebPage\",\"@id\":\"https:\/\/narteks.net\/index.php\/2010\/07\/03\/goz-halil-cibran\/\",\"url\":\"https:\/\/narteks.net\/index.php\/2010\/07\/03\/goz-halil-cibran\/\",\"name\":\"G\u00f6z | Halil Cibran - narteks.net\",\"isPartOf\":{\"@id\":\"https:\/\/narteks.net\/#website\"},\"datePublished\":\"2010-07-03T07:13:18+00:00\",\"breadcrumb\":{\"@id\":\"https:\/\/narteks.net\/index.php\/2010\/07\/03\/goz-halil-cibran\/#breadcrumb\"},\"inLanguage\":\"tr\",\"potentialAction\":[{\"@type\":\"ReadAction\",\"target\":[\"https:\/\/narteks.net\/index.php\/2010\/07\/03\/goz-halil-cibran\/\"]}]},{\"@type\":\"BreadcrumbList\",\"@id\":\"https:\/\/narteks.net\/index.php\/2010\/07\/03\/goz-halil-cibran\/#breadcrumb\",\"itemListElement\":[{\"@type\":\"ListItem\",\"position\":1,\"name\":\"Anasayfa\",\"item\":\"https:\/\/narteks.net\/\"},{\"@type\":\"ListItem\",\"position\":2,\"name\":\"G\u00f6z | Halil Cibran\"}]},{\"@type\":\"WebSite\",\"@id\":\"https:\/\/narteks.net\/#website\",\"url\":\"https:\/\/narteks.net\/\",\"name\":\"narteks.net\",\"description\":\"K\u00fclt\u00fcr Sanat Edebiyat Felsefe\",\"publisher\":{\"@id\":\"https:\/\/narteks.net\/#organization\"},\"alternateName\":\"K\u00fclt\u00fcr Sanat Edebiyat Felsefe\",\"potentialAction\":[{\"@type\":\"SearchAction\",\"target\":{\"@type\":\"EntryPoint\",\"urlTemplate\":\"https:\/\/narteks.net\/?s={search_term_string}\"},\"query-input\":{\"@type\":\"PropertyValueSpecification\",\"valueRequired\":true,\"valueName\":\"search_term_string\"}}],\"inLanguage\":\"tr\"},{\"@type\":\"Organization\",\"@id\":\"https:\/\/narteks.net\/#organization\",\"name\":\"narteks.net\",\"url\":\"https:\/\/narteks.net\/\",\"logo\":{\"@type\":\"ImageObject\",\"inLanguage\":\"tr\",\"@id\":\"https:\/\/narteks.net\/#\/schema\/logo\/image\/\",\"url\":\"https:\/\/narteks.net\/wp-content\/uploads\/narteks.png\",\"contentUrl\":\"https:\/\/narteks.net\/wp-content\/uploads\/narteks.png\",\"width\":300,\"height\":90,\"caption\":\"narteks.net\"},\"image\":{\"@id\":\"https:\/\/narteks.net\/#\/schema\/logo\/image\/\"},\"sameAs\":[\"https:\/\/x.com\/narteks\",\"https:\/\/instagram.com\/narteksnet\"]},{\"@type\":\"Person\",\"@id\":\"https:\/\/narteks.net\/#\/schema\/person\/61f37d9834294b72d31d274e7ed79bca\",\"name\":\"Tar\u0131k\",\"image\":{\"@type\":\"ImageObject\",\"inLanguage\":\"tr\",\"@id\":\"https:\/\/narteks.net\/#\/schema\/person\/image\/\",\"url\":\"https:\/\/secure.gravatar.com\/avatar\/50865afb55632c4ae467e0af0930f6510aa2297d8014be502a55b14f3b7550cf?s=96&d=mm&r=g\",\"contentUrl\":\"https:\/\/secure.gravatar.com\/avatar\/50865afb55632c4ae467e0af0930f6510aa2297d8014be502a55b14f3b7550cf?s=96&d=mm&r=g\",\"caption\":\"Tar\u0131k\"},\"sameAs\":[\"http:\/\/narteks.net\"],\"url\":\"https:\/\/narteks.net\/index.php\/author\/narbak\/\"}]}<\/script>\n<!-- \/ Yoast SEO Premium plugin. -->","yoast_head_json":{"title":"G\u00f6z | Halil Cibran - narteks.net","robots":{"index":"index","follow":"follow","max-snippet":"max-snippet:-1","max-image-preview":"max-image-preview:large","max-video-preview":"max-video-preview:-1"},"canonical":"https:\/\/narteks.net\/index.php\/2010\/07\/03\/goz-halil-cibran\/","og_locale":"tr_TR","og_type":"article","og_title":"G\u00f6z | Halil Cibran","og_description":"\u00a0 Bir g\u00fcn g\u00f6z dedi ki \u201cBu vadilerin \u00f6tesinde mavi sisle \u00f6rt\u00fcl\u00fc bir da\u011f g\u00f6r\u00fcyorum. Ne g\u00fczel de\u011fil mi?\u201d Kulak dinledi ve bir s\u00fcre dinledikten sonra dedi ki \u201cFakat da\u011f nerede? Onu i\u015fitmiyorum.\u201dSonra El konu\u015fup dedi ki \u201cOna dokunup hissetmek i\u00e7in bo\u015f yere u\u011fra\u015f\u0131p duruyorum ama da\u011f\u0131 bulam\u0131yorum.\u201dVe Burun dedi ki \u201cDa\u011f yok, kokusunu alm\u0131yorum.\u201dSonra [&hellip;]","og_url":"https:\/\/narteks.net\/index.php\/2010\/07\/03\/goz-halil-cibran\/","og_site_name":"narteks.net","article_published_time":"2010-07-03T07:13:18+00:00","og_image":[{"width":300,"height":90,"url":"https:\/\/narteks.net\/wp-content\/uploads\/narteks.png","type":"image\/png"}],"author":"Tar\u0131k","twitter_card":"summary_large_image","twitter_creator":"@narteks","twitter_site":"@narteks","twitter_misc":{"Yazan:":"Tar\u0131k","Tahmini okuma s\u00fcresi":"1 dakika"},"schema":{"@context":"https:\/\/schema.org","@graph":[{"@type":"Article","@id":"https:\/\/narteks.net\/index.php\/2010\/07\/03\/goz-halil-cibran\/#article","isPartOf":{"@id":"https:\/\/narteks.net\/index.php\/2010\/07\/03\/goz-halil-cibran\/"},"author":{"name":"Tar\u0131k","@id":"https:\/\/narteks.net\/#\/schema\/person\/61f37d9834294b72d31d274e7ed79bca"},"headline":"G\u00f6z | Halil Cibran","datePublished":"2010-07-03T07:13:18+00:00","mainEntityOfPage":{"@id":"https:\/\/narteks.net\/index.php\/2010\/07\/03\/goz-halil-cibran\/"},"wordCount":111,"commentCount":0,"publisher":{"@id":"https:\/\/narteks.net\/#organization"},"articleSection":["\u00c7eviri \u00d6yk\u00fcler"],"inLanguage":"tr","potentialAction":[{"@type":"CommentAction","name":"Comment","target":["https:\/\/narteks.net\/index.php\/2010\/07\/03\/goz-halil-cibran\/#respond"]}]},{"@type":"WebPage","@id":"https:\/\/narteks.net\/index.php\/2010\/07\/03\/goz-halil-cibran\/","url":"https:\/\/narteks.net\/index.php\/2010\/07\/03\/goz-halil-cibran\/","name":"G\u00f6z | Halil Cibran - narteks.net","isPartOf":{"@id":"https:\/\/narteks.net\/#website"},"datePublished":"2010-07-03T07:13:18+00:00","breadcrumb":{"@id":"https:\/\/narteks.net\/index.php\/2010\/07\/03\/goz-halil-cibran\/#breadcrumb"},"inLanguage":"tr","potentialAction":[{"@type":"ReadAction","target":["https:\/\/narteks.net\/index.php\/2010\/07\/03\/goz-halil-cibran\/"]}]},{"@type":"BreadcrumbList","@id":"https:\/\/narteks.net\/index.php\/2010\/07\/03\/goz-halil-cibran\/#breadcrumb","itemListElement":[{"@type":"ListItem","position":1,"name":"Anasayfa","item":"https:\/\/narteks.net\/"},{"@type":"ListItem","position":2,"name":"G\u00f6z | Halil Cibran"}]},{"@type":"WebSite","@id":"https:\/\/narteks.net\/#website","url":"https:\/\/narteks.net\/","name":"narteks.net","description":"K\u00fclt\u00fcr Sanat Edebiyat Felsefe","publisher":{"@id":"https:\/\/narteks.net\/#organization"},"alternateName":"K\u00fclt\u00fcr Sanat Edebiyat Felsefe","potentialAction":[{"@type":"SearchAction","target":{"@type":"EntryPoint","urlTemplate":"https:\/\/narteks.net\/?s={search_term_string}"},"query-input":{"@type":"PropertyValueSpecification","valueRequired":true,"valueName":"search_term_string"}}],"inLanguage":"tr"},{"@type":"Organization","@id":"https:\/\/narteks.net\/#organization","name":"narteks.net","url":"https:\/\/narteks.net\/","logo":{"@type":"ImageObject","inLanguage":"tr","@id":"https:\/\/narteks.net\/#\/schema\/logo\/image\/","url":"https:\/\/narteks.net\/wp-content\/uploads\/narteks.png","contentUrl":"https:\/\/narteks.net\/wp-content\/uploads\/narteks.png","width":300,"height":90,"caption":"narteks.net"},"image":{"@id":"https:\/\/narteks.net\/#\/schema\/logo\/image\/"},"sameAs":["https:\/\/x.com\/narteks","https:\/\/instagram.com\/narteksnet"]},{"@type":"Person","@id":"https:\/\/narteks.net\/#\/schema\/person\/61f37d9834294b72d31d274e7ed79bca","name":"Tar\u0131k","image":{"@type":"ImageObject","inLanguage":"tr","@id":"https:\/\/narteks.net\/#\/schema\/person\/image\/","url":"https:\/\/secure.gravatar.com\/avatar\/50865afb55632c4ae467e0af0930f6510aa2297d8014be502a55b14f3b7550cf?s=96&d=mm&r=g","contentUrl":"https:\/\/secure.gravatar.com\/avatar\/50865afb55632c4ae467e0af0930f6510aa2297d8014be502a55b14f3b7550cf?s=96&d=mm&r=g","caption":"Tar\u0131k"},"sameAs":["http:\/\/narteks.net"],"url":"https:\/\/narteks.net\/index.php\/author\/narbak\/"}]}},"_links":{"self":[{"href":"https:\/\/narteks.net\/index.php\/wp-json\/wp\/v2\/posts\/4636","targetHints":{"allow":["GET"]}}],"collection":[{"href":"https:\/\/narteks.net\/index.php\/wp-json\/wp\/v2\/posts"}],"about":[{"href":"https:\/\/narteks.net\/index.php\/wp-json\/wp\/v2\/types\/post"}],"author":[{"embeddable":true,"href":"https:\/\/narteks.net\/index.php\/wp-json\/wp\/v2\/users\/1"}],"replies":[{"embeddable":true,"href":"https:\/\/narteks.net\/index.php\/wp-json\/wp\/v2\/comments?post=4636"}],"version-history":[{"count":0,"href":"https:\/\/narteks.net\/index.php\/wp-json\/wp\/v2\/posts\/4636\/revisions"}],"wp:attachment":[{"href":"https:\/\/narteks.net\/index.php\/wp-json\/wp\/v2\/media?parent=4636"}],"wp:term":[{"taxonomy":"category","embeddable":true,"href":"https:\/\/narteks.net\/index.php\/wp-json\/wp\/v2\/categories?post=4636"},{"taxonomy":"post_tag","embeddable":true,"href":"https:\/\/narteks.net\/index.php\/wp-json\/wp\/v2\/tags?post=4636"}],"curies":[{"name":"wp","href":"https:\/\/api.w.org\/{rel}","templated":true}]}}