{"id":4642,"date":"2010-07-10T10:11:25","date_gmt":"2010-07-10T07:11:25","guid":{"rendered":"http:\/\/localhost\/wordpress\/2010\/07\/10\/turkiye-genc-olulerinden-utanmiyor-devletin-siddet-tarihi-berat-guncikan\/"},"modified":"2010-07-10T10:11:25","modified_gmt":"2010-07-10T07:11:25","slug":"turkiye-genc-olulerinden-utanmiyor-devletin-siddet-tarihi-berat-guncikan","status":"publish","type":"post","link":"https:\/\/narteks.net\/index.php\/2010\/07\/10\/turkiye-genc-olulerinden-utanmiyor-devletin-siddet-tarihi-berat-guncikan\/","title":{"rendered":"T\u00fcrkiye gen\u00e7 \u00f6l\u00fclerinden utanm\u0131yor | Devletin \u015fiddet tarihi &#8211; Berat G\u00fcn\u00e7\u0131kan"},"content":{"rendered":"<p style=\"text-align: justify;\"><img loading=\"lazy\" decoding=\"async\" src=\"http:\/\/www.kitapokuyoruz.com\/kapak\/61033-Devletin-Siddet-Tarihi.jpg?KeepThis=true&amp;TB_iframe=true&amp;height=3342&amp;width=1302\" border=\"0\" width=\"155\" height=\"205\" style=\"float: left; border: 0;\" \/>&#8216;Devletin \u015eiddet Tarihi&#8217;nde, devletin katillerin \u00fczerine \u00f6rt\u00fcleri \u00f6rtme ba\u015far\u0131s\u0131n\u0131n alt\u0131n\u0131 \u00e7izen Berat G\u00fcn\u00e7\u0131kan: &#8216;Evdeki \u015fiddetin de, annenin \u00e7ocu\u011funu d\u00f6vmesinin de bir politikas\u0131 var. Biz bunu daha \u00e7ok &#8216;\u015fiddet k\u00fclt\u00fcr\u00fc&#8217; s\u00f6ylemiyle anlatmaya \u00e7al\u0131\u015f\u0131yoruz ama devletin siyasal ve ekonomik \u015fiddetini de\u015fifre etmeden, siyasi bir dil olu\u015fturmadan bu yap\u0131y\u0131 de\u011fi\u015ftirmek zor&#8217; Bir devlet politikas\u0131 olarak cinayet&#8230; Katiller, azmettiricileri belli ve ayn\u0131, ak\u0131betleri de \u00f6yle; arkas\u0131 sa\u011flam ve s\u0131vazlanm\u0131\u015f, anl\u0131 \u015fanl\u0131 bir ya\u015fam. Ya kurbanlar? G\u00f6zleri ka\u015f\u0131kla oyularak, kafalar\u0131 kopar\u0131larak, bedenlerinde dayan\u0131lmaz yaralar a\u00e7\u0131larak, kur\u015funlarla ele\u011fe \u00e7evrilerek, pencerelerden at\u0131larak, telle bo\u011fularak, arabalar\u0131 bombalanarak katledilmi\u015f, oysa \u201csilgiye hi\u00e7 gerek duyulmam\u0131\u015f\u201d bir hayat\u0131 ya\u015fam\u0131\u015f ayd\u0131n insanlar. T\u00fcrkiye\u2019yi ayd\u0131nl\u0131\u011fa ta\u015f\u0131mak d\u0131\u015f\u0131nda bir menfaat ta\u015f\u0131mam\u0131\u015f insanlar. Bize, halk denen umursamaz, unutkanlar s\u00fcr\u00fcs\u00fcne \u00e2\u015f\u0131k insanlar&#8230;<\/p>\n<p style=\"text-align: justify;\">\u201cE\u011fer her insan tarihin bir sayfas\u0131na aitse, o sayfada hi\u00e7 bo\u015fluk b\u0131rakmamal\u0131 ve her \u015feyi ta ba\u015f\u0131ndan anlatmal\u0131\u201d diyor Berat G\u00fcn\u00e7\u0131kan Devletin \u015eiddet Tarihi\u2019nin bir yerinde. Tarihi ba\u015ftan yazmal\u0131 evet, ama bu defa, resmi kay\u0131tlara b\u00f6l\u00fcc\u00fc birer rakam olarak ge\u00e7mi\u015f \u00f6l\u00fclerin ger\u00e7ek hik\u00e2yeleriyle. \u00c7\u00fcnk\u00fc, \u201cHayat hi\u00e7 kimseyi, hi\u00e7bir \u015feyi durdu\u011fu yerde b\u0131rakm\u0131yor, \u00f6l\u00fcler d\u0131\u015f\u0131nda. Bir tek T\u00fcrkiye hep yeni kaz\u0131lm\u0131\u015f toprak kokuyor, gen\u00e7 \u00f6l\u00fclerden d\u00fcn de bug\u00fcn de utanm\u0131yor.\u201d<\/p>\n<p style=\"text-align: justify;\">Gazeteci Berat G\u00fcn\u00e7\u0131kan yirmi be\u015f y\u0131la yay\u0131lan s\u00f6yle\u015filerini toplad\u0131\u011f\u0131 Devletin \u015eiddet Tarihi\u2019nde, devletin muhalifler kadar b\u00fct\u00fcn bir toplumu sindirme, bunun i\u00e7in de bir d\u00fc\u015fman yaratma \u00e7abas\u0131n\u0131n, katillerin \u00fczerine en g\u00fczelinden \u00f6rt\u00fcleri \u00f6rtme ba\u015far\u0131s\u0131n\u0131n alt\u0131n\u0131 \u00e7iziyor. Kitab\u0131n en \u00e7arp\u0131c\u0131 taraf\u0131 \u015fiddet ya\u015fanan s\u00fcre\u00e7ler ve ziyan edilmi\u015f hayatlar m\u0131, yak\u0131nlar\u0131n\u0131 kaybetmi\u015f insanlar\u0131n kin g\u00fctmeyen, \u00f6\u00e7 istemeyen naif ya\u015fam bi\u00e7imleriyle \u201c\u00f6ld\u00fcr\u00fclmeye\u201d bir sevme miras\u0131n\u0131 sahiplenerek kar\u015f\u0131l\u0131k vermeleri mi!<br \/>Berat G\u00fcn\u00e7\u0131kan\u2019\u0131n tarihe ve toplumsal belle\u011fe bir kay\u0131t d\u00fc\u015ft\u00fc\u011f\u00fc kitab\u0131, T\u00fcrkiye\u2019de solun ve devletin sola uygulad\u0131\u011f\u0131 \u015fiddetin tarihini bir kez daha g\u00f6zler \u00f6n\u00fcne seriyor. Can yan\u0131\u015f\u0131, ac\u0131, burukluk vaat ediyor. Ayd\u0131nl\u0131\u011fa ya da kurtulu\u015fa dair bir umut var m\u0131 sorusunun yan\u0131t\u0131 beni a\u015f\u0131yor. Ama&#8230; \u00d6l\u00fcler sustu\u011fu g\u00fcn katiller kazanmaz m\u0131 diye d\u00fc\u015f\u00fcn\u00fcyorum kitab\u0131 kapat\u0131rken. Katillerin utanmas\u0131 yok, yoktur. Vicdan\u0131 da utanc\u0131 da ta\u015f\u0131yacak, ya\u015fayacak olanlar bizleriz, bug\u00fcn hayatta olanlar. Gelecekle y\u00fczle\u015fmek istemiyorsan\u0131z a\u00e7may\u0131n kapa\u011f\u0131n\u0131 Devletin \u015eiddet Tarihi\u2019nin. Kitab\u0131n kapa\u011f\u0131n\u0131 a\u00e7san\u0131z da a\u00e7masan\u0131z da, \u00fczerinize kan bula\u015fm\u0131\u015f oldu\u011funu bilin ama. <\/p>\n<p><strong>Nas\u0131l gidiyor hayat? Mutlu mesut ve sakin mi, yoksa..<\/strong><br \/>Hepimizin hayat\u0131 gibi gidiyor. Sava\u015fla, \u015fiddetle sarmalanm\u0131\u015f bir \u00fclkede, g\u00f6z menzilimize bu kadar \u00e7ok yoksul, i\u015fsiz, evsiz girerken, \u00f6l\u00fcm haberleri \u00fcst \u00fcste y\u0131\u011f\u0131l\u0131rken ne kadar mesut ve sakin olunabiliyorsa ben de o kadar mutlu, mesut ve sakinim. Asl\u0131na bakarsan\u0131z mutluluk, s\u00fckunet bizim ku\u015fa\u011f\u0131n kavramlar\u0131 de\u011fil, \u00f6nceki ku\u015fak da pek kullanamam\u0131\u015ft\u0131, sonrakiler de. Bar\u0131\u015f sa\u011flanmadan kullanamayaca\u011f\u0131m\u0131z da ortada. <\/p>\n<p><strong>Sizin hik\u00e2yenizle ve ki\u015fisel tarihinizde devletin \u015fiddetiyle kar\u015f\u0131la\u015ft\u0131\u011f\u0131n\u0131z d\u00f6nemle ba\u015flayal\u0131m m\u0131&#8230; Bir d\u00f6n\u00fcm noktan\u0131z olmal\u0131, sizi bug\u00fcn yapt\u0131\u011f\u0131n\u0131z gazetecili\u011fe iten&#8230;<\/strong><br \/>Bir d\u00f6n\u00fcm noktas\u0131ndan \u00e7ok, k\u00fc\u00e7\u00fck, k\u0131sa insan hik\u00e2yelerinin, elbette kendi tarihimin de, beni hem mesle\u011fe hem de meslekte esas ald\u0131\u011f\u0131m konulara y\u00f6nlendirdi\u011fini d\u00fc\u015f\u00fcn\u00fcyorum. San\u0131r\u0131m e\u015fitsizli\u011fe ve adaletsizli\u011fe dair \u00e7ocuklu\u011fun sezgisel, ilkgen\u00e7li\u011fin \u00f6fkeli fark\u0131ndal\u0131\u011f\u0131n\u0131n da etkisi var bunda. Bug\u00fcnden bakt\u0131\u011f\u0131mda e\u011fitimden ba\u015flayarak devletin \u015fiddetine ili\u015fkin \u00e7ok \u00f6rnek s\u0131ralayabilirim, ama ilk k\u0131r\u0131lma noktalar\u0131nda daha \u00e7ok \u015fa\u015fk\u0131nl\u0131k var. Soka\u011f\u0131n en zengininin bu s\u0131fat\u0131 evindeki buzdolab\u0131yla elde etti\u011fi bir d\u00f6nemden s\u00f6z ediyorum. 70\u2019li y\u0131llarda \u00f6\u011frenci olmak da devletin \u015fiddetiyle bizi kar\u015f\u0131 kar\u015f\u0131ya getirdi, arkada\u015flar\u0131m\u0131z \u00f6ld\u00fcr\u00fcld\u00fc, i\u015fkenceden ge\u00e7irildi. 12 Eyl\u00fcl ise malum, hepimizin hayat\u0131n\u0131n ak\u0131\u015f\u0131n\u0131, tarihini de\u011fi\u015ftirdi. \u00d6zetle, ba\u015fka t\u00fcrl\u00fc gazetecilik yapmak m\u00fcmk\u00fcn de\u011fildi.<\/p>\n<p><strong>Yapt\u0131\u011f\u0131n\u0131z ilk s\u00f6yle\u015fide, devletin \u015fiddetine, ayk\u0131r\u0131 sesleri susturmas\u0131 y\u00f6nelme fikri var m\u0131yd\u0131 akl\u0131n\u0131zda?<\/strong><br \/>Vard\u0131 elbette, 12 Eyl\u00fcl\u2019\u00fcn hemen ard\u0131ndan gazetecili\u011fe ba\u015flad\u0131m. Darbecilerin uygulad\u0131\u011f\u0131 \u015fiddeti, bu \u015fiddetin alt\u0131nda yatan ekonomik y\u00f6nlendirmeyi bir \u015fekilde aktarmak gerekiyordu. 12 Eyl\u00fcl\u2019den \u00f6nce kahrolsun kapitalizm diye ba\u011f\u0131r\u0131rken, asl\u0131nda kapitalizmin ne oldu\u011funu, insan\u0131 nas\u0131l i\u011fdi\u015f etti\u011fini bilmedi\u011fimizi g\u00f6steren bir zaman dilimiydi de bu. \u015eiddetle birlikte bunu da \u00f6\u011frendik. Komik ama meslekteki ilk i\u015fim, \u0130srail\u2019in 1982\u2019deki \u015eatilla bask\u0131n\u0131yla, Filistinlilerin s\u00fcrg\u00fcn\u00fcne ili\u015fkin bir k\u00f6\u015fe yaz\u0131s\u0131yd\u0131. Alayl\u0131 olarak muhabirli\u011fi s\u00fcre\u00e7 i\u00e7inde \u00f6\u011frendim. 1980\u2019lerin son y\u0131llar\u0131n\u0131 Cumhuriyet\u2019in Adana b\u00fcrosunda ge\u00e7irdim. 12 Eyl\u00fcl\u2019den sonra tutuklanan binlerce ki\u015fi cezaevlerindeydi h\u00e2l\u00e2 ve bask\u0131lar s\u00fcr\u00fcyor, a\u00e7l\u0131k grevleriyle bu bask\u0131lar k\u0131r\u0131lmaya \u00e7al\u0131\u015f\u0131l\u0131yordu. Mahk\u00fbmlar zincirlenerek mahkemeye, hastaneye g\u00f6t\u00fcr\u00fcl\u00fcyordu. Ayr\u0131ca G\u00fcneydo\u011fu\u2019daki bask\u0131 ve i\u015fkence kay\u0131plarla, k\u00f6yl\u00fclere d\u0131\u015fk\u0131 yedirilmesiyle t\u0131rmand\u0131r\u0131l\u0131yordu. Bu s\u00fcreci, sava\u015f ortam\u0131n\u0131 soluyarak ge\u00e7irdik. R\u00f6portajlar\u0131m\u0131n, haberlerimin konular\u0131 da elbette bunlard\u0131. 1990\u2019da \u0130stanbul\u2019a geldi\u011fimde, sava\u015f\u0131n hi\u00e7 hissedilmedi\u011fini, konu\u015fulmad\u0131\u011f\u0131n\u0131 g\u00f6r\u00fcnce \u00e7ok \u015fa\u015f\u0131rm\u0131\u015ft\u0131m. 90\u2019l\u0131 y\u0131llar\u0131n ba\u015f\u0131nda \u015fiddet, kay\u0131plar, faili me\u00e7huller \u00f6yle artt\u0131 ki art\u0131k hi\u00e7 kimse sava\u015ftan ve \u015fiddetten muaf de\u011fildi. <\/p>\n<p><strong>Devam etmeden, devlet \u015fiddetinin tarifini de yapal\u0131m m\u0131?<\/strong><br \/>Devletin asli i\u015fi sistemi korumak. Bug\u00fcn i\u00e7in bu, kapitalizmi korumak, yani sermayenin istedi\u011fi \u2018istikrarl\u0131\u2019 bir ortam yaratmak. Toplumu sindirmek i\u00e7in kulland\u0131\u011f\u0131 arg\u00fcman ise i\u00e7te ve d\u0131\u015ftaki \u2018d\u00fc\u015fman\u2019lar, K\u00fcrtler, Ermeniler, sendikalar, e\u015fcinseller, ta\u015f atan \u00e7ocuklar, kendilerine bi\u00e7ilmi\u015f s\u0131n\u0131rlar\u0131 a\u015fan kad\u0131nlar. \u2018Toplumun huzuru, vatan\u0131n ve milletin b\u00f6l\u00fcnmezli\u011fi\u2019 ad\u0131na toplumdan ald\u0131\u011f\u0131 destekle de, \u2018d\u00fc\u015fmanlar\u0131n\u0131\u2019 yok etmek i\u00e7in, bazen yasalar\u0131 kullanarak bazen yasad\u0131\u015f\u0131 y\u00f6ntemler uyguluyor. Bu fiziki ve cinsel i\u015fkence oluyor, tutuklamak oluyor, faili me\u00e7hul cinayetlere zemin haz\u0131rlamak, hatta siyasi ve ekonomik kriz yaratmak oluyor&#8230; Yani uluslararas\u0131nda da s\u0131nanm\u0131\u015f b\u00fct\u00fcn y\u00f6ntemlere ba\u015fvuruluyor. <\/p>\n<p><strong>Bu kitab\u0131n bug\u00fcn yay\u0131mlanmas\u0131n\u0131n, bu g\u00fcndemde yay\u0131mlanmas\u0131n\u0131n bir anlam\u0131 olmal\u0131, de\u011fil mi?<\/strong><br \/>Anlam\u0131 \u015fu: Unuttu\u011fumuz ve sessiz kald\u0131\u011f\u0131m\u0131z s\u00fcrece bu \u015fiddete su\u00e7 ortakl\u0131\u011f\u0131 ediyoruz. Bu \u00fclkenin tarihinde \u015fiddet hi\u00e7 eksik olmad\u0131, suikastler, katliamlar, faili me\u00e7hul cinayetler hep ya\u015fand\u0131 ama hep unutuldu, unutturulmaya \u00e7al\u0131\u015f\u0131ld\u0131. Bu da yeni bask\u0131lar\u0131n, \u015fiddetin \u00f6n\u00fcn\u00fc a\u00e7t\u0131. Hesapla\u015fma, y\u00fczle\u015fme iste\u011fi daha do\u011fmadan bo\u011fuldu. \u00c7o\u011funluk g\u00fcndelik hayat\u0131n h\u0131z\u0131na ve hazz\u0131na kap\u0131l\u0131p \u2018g\u00fcll\u00fck g\u00fcl\u00fcstanl\u0131k\u2019 hatta k\u00fcresel g\u00fc\u00e7lerden biri olmaya aday bir \u00fclkede ya\u015fad\u0131\u011f\u0131m\u0131za inan\u0131yor ancak o \u015fiddeti bire bir ya\u015fayanlar ya da tan\u0131k olanlar i\u00e7in zaman\u0131n a\u00e7\u0131l\u0131m\u0131 b\u00f6yle de\u011fil. Onlar\u0131n yaralar\u0131 h\u00e2l\u00e2 a\u00e7\u0131kta ve bir hesapla\u015fma ya\u015fanmadan hep kanayacak. Toplumun onlara bir borcu oldu\u011funu d\u00fc\u015f\u00fcn\u00fcyorum, devletin ve toplumun onlara \u2018neden?\u2019 sorusunun yan\u0131t\u0131n\u0131 vermesi gerekiyor. Kitab\u0131n bir anlam\u0131 da i\u015fte bu. <\/p>\n<p><strong>Zehra Kosova\u2019n\u0131n i\u015fkence ertesi \u00e7\u0131kt\u0131\u011f\u0131 mahkemede \u201cBana yap\u0131lan bu kanunsuz hareketin sahiplerini protesto ediyorum\u201d deyi\u015fi&#8230; Ayn\u0131 \u015fekilde, Bah\u00e7elievler\u2019de katledilen yedi gen\u00e7ten birinin annesinin, katliamdan iki g\u00fcn \u00f6nce e\u015fine, \u201cO\u011flumuzun ba\u015f\u0131na bir \u015fey gelirse, gider Ecevit\u2019i Demirel\u2019i tartaklar\u0131z\u201d deyi\u015fi&#8230; Kesif bir \u00e7aresizlik hissettim ben. Ya siz?<\/strong><br \/>\u00c7aresizlikten \u00e7ok \u00f6fke ve bir hak aray\u0131\u015f\u0131 bilgisi oldu\u011funu d\u00fc\u015f\u00fcn\u00fcyorum. Sonras\u0131nda ya\u015fanan bir \u00e7aresizlik var tabii, katillerin yakalanmamas\u0131, yakalananlar\u0131n sal\u0131verilmesi ya da devlet korumas\u0131 alt\u0131nda ba\u015fka cinayetlerde kullan\u0131lmas\u0131, hak arayanlar\u0131n \u015fiddetle susturulmas\u0131, toplumun korkuyla geri \u00e7ekilmesi, b\u00f6yle bir \u00e7aresizli\u011fi yaratt\u0131. <\/p>\n<p><strong>T\u00fcrkiye g\u00fcn\u00fcn birinde darbeyi ve darbe yapanlar\u0131 yarg\u0131layabilecek mi? Bu yarg\u0131lama konusunda, darbenin ard\u0131ndan gelen ku\u015fa\u011f\u0131n da bir sorumlulu\u011fu yok mu?<\/strong><br \/>Yarg\u0131layacakt\u0131r elbette ama toplumun vicdan\u0131 birka\u00e7 generali yarg\u0131lamak ve cezaland\u0131rmakla aklanamaz. Katliamlar\u0131n, cinayetlerin, faili me\u00e7hullerin, yani 12 Eyl\u00fcl \u00f6ncesi ve sonras\u0131 b\u00fct\u00fcn cinayetlerin sorumlular\u0131n\u0131n ortaya \u00e7\u0131kar\u0131l\u0131p yarg\u0131lanmas\u0131 gerekiyor. Burada b\u00fct\u00fcn sorumlulu\u011fu darbeden sonraki ku\u015fa\u011fa y\u00fcklemek haks\u0131zl\u0131k olur, nas\u0131l bir sindirme politikas\u0131yla korku toplumu yarat\u0131ld\u0131\u011f\u0131n\u0131, bu arada ge\u00e7mi\u015fin yok say\u0131ld\u0131\u011f\u0131n\u0131 hepimiz biliyoruz. Bu y\u00fczden sorumlulu\u011fumuz s\u00fcrekli hat\u0131rlatmak ve hesap sorma, y\u00fczle\u015fme iste\u011finden vazge\u00e7memek, diye d\u00fc\u015f\u00fcn\u00fcyorum.<\/p>\n<p><strong>Peki&#8230; Neye yarad\u0131 onca beraat, af ve aklanma!<\/strong><br \/>Aff\u0131n, aklanman\u0131n, beraat\u0131n \u00e7e\u015fitli y\u00fczleri var. Savc\u0131 Do\u011fan \u00d6z cinayetinde oldu\u011fu gibi, itiraf\u0131na ra\u011fmen sal\u0131verilen katiller oldu, Abdullah \u00c7atl\u0131 gibi bir katliam sorumlusu \u00f6l\u00fcm\u00fcnden sonra d\u00f6nemin Ba\u015fbakan\u0131 Tansu \u00c7iller taraf\u0131ndan \u2018kahraman\u2019 ilan edildi. Ayn\u0131 s\u00fcre\u00e7te, on yedi ya\u015f\u0131ndaki Erdal Eren as\u0131ld\u0131. \u00d6nemli olan hukukun kimin ad\u0131na \u00e7al\u0131\u015ft\u0131\u011f\u0131, kimi g\u00f6zetti\u011fi. Cezaevlerinin doldurulmas\u0131 \u00e7\u00f6z\u00fcm de\u011fil ki, binlerce insan sadece siyasi g\u00f6r\u00fc\u015flerinden ve bunlar\u0131 dillendirmekten dolay\u0131 cezaevindeyken, affa ya da beraata kar\u015f\u0131 \u00e7\u0131kmak, sorunu sal\u0131verilenlerde aramak bana do\u011fru gelmiyor. <\/p>\n<p><strong>T\u00fcrl\u00fc uyaranlar y\u00fcz\u00fcnden s\u0131kl\u0131kla unutuyoruz. Asl\u0131nda \u015fiddet sadece sonucunda fiziksel ac\u0131 olan bir olay\u0131 kapsam\u0131yor. Kitapta buna en g\u00fczel \u00f6rnek, \u0130ki Adam, \u0130ki Baba: \u00d6l\u00fcme \u0130nat Bar\u0131\u015f. \u201cDokuz karde\u015fin ayn\u0131 defterle kalemi payla\u015fmas\u0131 bir \u015fiddetti, onun o defterle kalemin paras\u0131n\u0131 kazanmak i\u00e7in g\u00fcnde on iki saat \u00e7al\u0131\u015fmas\u0131 da&#8230; O\u011flunu okutamamas\u0131 \u015fiddetti&#8230; \u2018Aman \u015f\u0131mar\u0131r\u2019 diye kucaklar\u0131na almayacaklard\u0131 \u00e7ocuklar\u0131n\u0131, g\u00f6zlerindeki \u015fefkati g\u00f6lgeleyeceklerdi. Bu da \u015fiddetti.\u201d \u015eiddetin farkl\u0131 tezah\u00fcrleri oldu\u011funu ama her t\u00fcr\u00fcn\u00fcn bir politika sonucu oldu\u011funu s\u00f6ylebiliriz herhalde!<\/strong><br \/>Elbette, evdeki \u015fiddetin de, annenin \u00e7ocu\u011funu d\u00f6vmesinin bile bir politikas\u0131 var. Biz bunu daha \u00e7ok \u2018\u015fiddet k\u00fclt\u00fcr\u00fc\u2019 s\u00f6ylemiyle anlamaya ve anlatmaya \u00e7al\u0131\u015f\u0131yoruz ama \u015fiddetin kayna\u011f\u0131n\u0131, yani devletin siyasal ve ekonomik \u015fiddetini de\u015fifre etmeden, kar\u015f\u0131l\u0131k olarak da siyasi bir dil olu\u015fturmadan bu yap\u0131y\u0131 de\u011fi\u015ftirmek zor. <\/p>\n<p><strong>Kitaptan ve elbette ki hayattan \u00e7\u0131kan sonu\u00e7 basit: Devlet G\u00fc\u00e7l\u00fcd\u00fcr! Devlete g\u00fcc\u00fc verenin biz oldu\u011funu d\u00fc\u015f\u00fcn\u00fcrsek ac\u0131-komik bir durum bu&#8230; Peki devlet g\u00fcc\u00fcn\u00fc \u015fiddetle in\u015faa etmek zorunda m\u0131? Teban\u0131n (!) ba\u015fka t\u00fcrl\u00fc ba\u011fl\u0131l\u0131k g\u00f6stermesi s\u00f6z konusu de\u011fil mi?<\/strong><br \/>Teban\u0131n devlete kar\u015f\u0131 s\u00fcrekli teyakkuz halinde olmas\u0131 gerekiyor, \u00f6zelle\u015ftirmelerden tutun da e\u011fitim politikas\u0131na, ders kitaplar\u0131na kadar her uygulamas\u0131nda faydan\u0131n kimin yarar\u0131na oldu\u011funun sorusunu diri tutmak gerekiyor. \u00d6zelle\u015ftirmeden yararlanan kim, sava\u015ftan kim yarar sa\u011fl\u0131yor, \u0130srail\u2019e ba\u015f kald\u0131r\u0131rken neyin \u00e7\u0131kar\u0131 g\u00f6zetiliyor, s\u00fcrekli bu sorular\u0131 sormal\u0131y\u0131z. Gazze\u2019deki \u00e7ocuklar i\u00e7in a\u011flayan ba\u015fbakan\u0131n i\u00e7i, ta\u015f atan \u00e7ocuklar\u0131 onlarca y\u0131l hapse atmay\u0131 nas\u0131l kald\u0131r\u0131yor? Devlet g\u00fc\u00e7l\u00fc olmak zorunda m\u0131, hay\u0131r, sadece anayasal tan\u0131m i\u00e7indeki \u2018devlet\u2019 olmas\u0131 bile bug\u00fcnk\u00fc sorunlar\u0131n bir k\u0131sm\u0131n\u0131 \u00e7\u00f6zmeye yeter&#8230; <\/p>\n<p><strong>Bu s\u00f6yle\u015filerle zaman zaman hi\u00e7 konu\u015fmam\u0131\u015f insanlar\u0131 konu\u015fturarak muhalefetin de bir haritas\u0131n\u0131 \u00e7\u0131kar\u0131yor, bunu T\u0130P\u2019ten polise ta\u015f atan \u00e7ocu\u011fa kadar geni\u015f bir zaman dilimine yay\u0131yorsunuz. Bunu yaparken hangi zorluklarla kar\u015f\u0131la\u015ft\u0131n\u0131z?<\/strong><br \/>\u015eunu, yani \u2018bu haberi sans\u00fcrleyebilirler\u2019 d\u00fc\u015f\u00fcncesini zorluk olarak tan\u0131mlayacaksak, evet b\u00f6yle bir s\u0131k\u0131nt\u0131 hep oldu. Sans\u00fcrlenen, son anda \u00e7\u0131kar\u0131lan, ya da bir y\u0131la yak\u0131n bekletilen haber ve r\u00f6portajlar\u0131m da oldu. \u015eunu da s\u00f6ylemeliyim, benim gazetecilik anlay\u0131\u015f\u0131m bug\u00fcn i\u00e7in ge\u00e7erli bir anlay\u0131\u015f de\u011fil, \u00e7\u00fcnk\u00fc medyan\u0131n art\u0131k siyasi misyonu kadar ekonomik misyonu da var. \u0130ktidarla ili\u015fkiler art\u0131k haberin \u00f6n\u00fcne ge\u00e7ti ve hi\u00e7bir gazete ya da televizyon kanal\u0131 bundan muaf de\u011fil. <\/p>\n<p><strong>Meslekte yirmi be\u015f y\u0131l nas\u0131l ge\u00e7mi\u015f, nas\u0131l bir muhasebe yap\u0131yorsunuz?<\/strong><br \/>Bu kitab\u0131 haz\u0131rlarken, \u015fu duyguyu ya\u015fad\u0131m: Yirmi be\u015f y\u0131l hi\u00e7 de bo\u015fa ge\u00e7memi\u015f! Bu benim i\u00e7in c\u0131l\u0131z bir telafi, belki terbiyesizlik de, \u00e7\u00fcnk\u00fc hi\u00e7bir zaman o ac\u0131y\u0131, kayb\u0131 ya\u015fayanlarla bire bir hissetti\u011fimi iddia edemem. \u00c7\u00fcnk\u00fc ben her seferinde kendi evime, i\u015fime, hazlar\u0131ma d\u00f6nd\u00fcm. Her birinde biraz daha eksilerek belki, ama kendimi b\u00fct\u00fcnleme \u015fans\u0131na hep sahiptim. Bu y\u00fczden b\u00f6yle muhasebeden karl\u0131 \u00e7\u0131kmam m\u00fcmk\u00fcn de\u011fil.<\/p>\n<p><strong>Medyan\u0131n i\u00e7inden biri olarak baz\u0131 eylemleri me\u015frula\u015ft\u0131rmak yerine, tarihimize daha \u00e7ok ve daha d\u00fcr\u00fcst not d\u00fc\u015f\u00fclmesi y\u00f6n\u00fcnde umudunuz var m\u0131?<\/strong><br \/>Olmaz m\u0131? D\u00fcr\u00fcst gazetecilik yapmaya \u00e7al\u0131\u015fan, d\u00fcr\u00fcstl\u00fckten \u00f6te mesle\u011fin eti\u011fine sahip \u00e7\u0131kmaya \u00e7al\u0131\u015fan o kadar \u00e7ok insan var ki&#8230; Onlar\u0131n haberleri, yaz\u0131lar\u0131 bug\u00fcn\u00fcn \u2018y\u0131ld\u0131z\u2019 gazeteci anlay\u0131\u015f\u0131na uymad\u0131\u011f\u0131 i\u00e7in g\u00f6lgedeler ve bunun bir tercih oldu\u011funun da fark\u0131ndalar.<\/p>\n<p style=\"text-align: justify;\">(S\u00f6yle\u015fi)ASLI TOHUMCU<\/p>\n<p style=\"text-align: justify;\">DEVLET\u0130N \u015e\u0130DDET TAR\u0130H\u0130<br \/>Cumhuriyet\u2019in Kurulu\u015fundan<br \/>AKP \u0130ktidar\u0131na<br \/>Berat G\u00fcn\u00e7\u0131kan<br \/>Agora Kitapl\u0131\u011f\u0131<br \/>2010, 560 sayfa<\/p>\n","protected":false},"excerpt":{"rendered":"<p>&#8216;Devletin \u015eiddet Tarihi&#8217;nde, devletin katillerin \u00fczerine \u00f6rt\u00fcleri \u00f6rtme ba\u015far\u0131s\u0131n\u0131n alt\u0131n\u0131 \u00e7izen Berat G\u00fcn\u00e7\u0131kan: &#8216;Evdeki \u015fiddetin de, annenin \u00e7ocu\u011funu d\u00f6vmesinin de bir politikas\u0131 var. Biz bunu daha \u00e7ok &#8216;\u015fiddet k\u00fclt\u00fcr\u00fc&#8217; s\u00f6ylemiyle anlatmaya \u00e7al\u0131\u015f\u0131yoruz ama devletin siyasal ve ekonomik \u015fiddetini de\u015fifre etmeden, siyasi bir dil olu\u015fturmadan bu yap\u0131y\u0131 de\u011fi\u015ftirmek zor&#8217; Bir devlet politikas\u0131 olarak cinayet&#8230; Katiller, azmettiricileri [&hellip;]<\/p>\n","protected":false},"author":1,"featured_media":0,"comment_status":"open","ping_status":"open","sticky":false,"template":"","format":"standard","meta":{"footnotes":""},"categories":[60],"tags":[],"class_list":{"0":"post-4642","1":"post","2":"type-post","3":"status-publish","4":"format-standard","6":"category-kitap-tanitim"},"yoast_head":"<!-- This site is optimized with the Yoast SEO Premium plugin v24.9 (Yoast SEO v24.9) - https:\/\/yoast.com\/wordpress\/plugins\/seo\/ -->\n<title>T\u00fcrkiye gen\u00e7 \u00f6l\u00fclerinden utanm\u0131yor | Devletin \u015fiddet tarihi - Berat G\u00fcn\u00e7\u0131kan - narteks.net<\/title>\n<meta name=\"robots\" content=\"index, follow, max-snippet:-1, max-image-preview:large, max-video-preview:-1\" \/>\n<link rel=\"canonical\" href=\"https:\/\/narteks.net\/index.php\/2010\/07\/10\/turkiye-genc-olulerinden-utanmiyor-devletin-siddet-tarihi-berat-guncikan\/\" \/>\n<meta property=\"og:locale\" content=\"tr_TR\" \/>\n<meta property=\"og:type\" content=\"article\" \/>\n<meta property=\"og:title\" content=\"T\u00fcrkiye gen\u00e7 \u00f6l\u00fclerinden utanm\u0131yor | Devletin \u015fiddet tarihi - Berat G\u00fcn\u00e7\u0131kan\" \/>\n<meta property=\"og:description\" content=\"&#8216;Devletin \u015eiddet Tarihi&#8217;nde, devletin katillerin \u00fczerine \u00f6rt\u00fcleri \u00f6rtme ba\u015far\u0131s\u0131n\u0131n alt\u0131n\u0131 \u00e7izen Berat G\u00fcn\u00e7\u0131kan: &#8216;Evdeki \u015fiddetin de, annenin \u00e7ocu\u011funu d\u00f6vmesinin de bir politikas\u0131 var. Biz bunu daha \u00e7ok &#8216;\u015fiddet k\u00fclt\u00fcr\u00fc&#8217; s\u00f6ylemiyle anlatmaya \u00e7al\u0131\u015f\u0131yoruz ama devletin siyasal ve ekonomik \u015fiddetini de\u015fifre etmeden, siyasi bir dil olu\u015fturmadan bu yap\u0131y\u0131 de\u011fi\u015ftirmek zor&#8217; Bir devlet politikas\u0131 olarak cinayet&#8230; Katiller, azmettiricileri [&hellip;]\" \/>\n<meta property=\"og:url\" content=\"https:\/\/narteks.net\/index.php\/2010\/07\/10\/turkiye-genc-olulerinden-utanmiyor-devletin-siddet-tarihi-berat-guncikan\/\" \/>\n<meta property=\"og:site_name\" content=\"narteks.net\" \/>\n<meta property=\"article:published_time\" content=\"2010-07-10T07:11:25+00:00\" \/>\n<meta property=\"og:image\" content=\"http:\/\/www.kitapokuyoruz.com\/kapak\/61033-Devletin-Siddet-Tarihi.jpg?KeepThis=true&amp;TB_iframe=true&amp;height=3342&amp;width=1302\" \/>\n<meta name=\"author\" content=\"Tar\u0131k\" \/>\n<meta name=\"twitter:card\" content=\"summary_large_image\" \/>\n<meta name=\"twitter:creator\" content=\"@narteks\" \/>\n<meta name=\"twitter:site\" content=\"@narteks\" \/>\n<meta name=\"twitter:label1\" content=\"Yazan:\" \/>\n\t<meta name=\"twitter:data1\" content=\"Tar\u0131k\" \/>\n\t<meta name=\"twitter:label2\" content=\"Tahmini okuma s\u00fcresi\" \/>\n\t<meta name=\"twitter:data2\" content=\"12 dakika\" \/>\n<script type=\"application\/ld+json\" class=\"yoast-schema-graph\">{\"@context\":\"https:\/\/schema.org\",\"@graph\":[{\"@type\":\"Article\",\"@id\":\"https:\/\/narteks.net\/index.php\/2010\/07\/10\/turkiye-genc-olulerinden-utanmiyor-devletin-siddet-tarihi-berat-guncikan\/#article\",\"isPartOf\":{\"@id\":\"https:\/\/narteks.net\/index.php\/2010\/07\/10\/turkiye-genc-olulerinden-utanmiyor-devletin-siddet-tarihi-berat-guncikan\/\"},\"author\":{\"name\":\"Tar\u0131k\",\"@id\":\"https:\/\/narteks.net\/#\/schema\/person\/61f37d9834294b72d31d274e7ed79bca\"},\"headline\":\"T\u00fcrkiye gen\u00e7 \u00f6l\u00fclerinden utanm\u0131yor | Devletin \u015fiddet tarihi &#8211; Berat G\u00fcn\u00e7\u0131kan\",\"datePublished\":\"2010-07-10T07:11:25+00:00\",\"mainEntityOfPage\":{\"@id\":\"https:\/\/narteks.net\/index.php\/2010\/07\/10\/turkiye-genc-olulerinden-utanmiyor-devletin-siddet-tarihi-berat-guncikan\/\"},\"wordCount\":2405,\"commentCount\":0,\"publisher\":{\"@id\":\"https:\/\/narteks.net\/#organization\"},\"image\":{\"@id\":\"https:\/\/narteks.net\/index.php\/2010\/07\/10\/turkiye-genc-olulerinden-utanmiyor-devletin-siddet-tarihi-berat-guncikan\/#primaryimage\"},\"thumbnailUrl\":\"http:\/\/www.kitapokuyoruz.com\/kapak\/61033-Devletin-Siddet-Tarihi.jpg?KeepThis=true&amp;TB_iframe=true&amp;height=3342&amp;width=1302\",\"articleSection\":[\"Kitap Tan\u0131t\u0131m\"],\"inLanguage\":\"tr\",\"potentialAction\":[{\"@type\":\"CommentAction\",\"name\":\"Comment\",\"target\":[\"https:\/\/narteks.net\/index.php\/2010\/07\/10\/turkiye-genc-olulerinden-utanmiyor-devletin-siddet-tarihi-berat-guncikan\/#respond\"]}]},{\"@type\":\"WebPage\",\"@id\":\"https:\/\/narteks.net\/index.php\/2010\/07\/10\/turkiye-genc-olulerinden-utanmiyor-devletin-siddet-tarihi-berat-guncikan\/\",\"url\":\"https:\/\/narteks.net\/index.php\/2010\/07\/10\/turkiye-genc-olulerinden-utanmiyor-devletin-siddet-tarihi-berat-guncikan\/\",\"name\":\"T\u00fcrkiye gen\u00e7 \u00f6l\u00fclerinden utanm\u0131yor | Devletin \u015fiddet tarihi - Berat G\u00fcn\u00e7\u0131kan - narteks.net\",\"isPartOf\":{\"@id\":\"https:\/\/narteks.net\/#website\"},\"primaryImageOfPage\":{\"@id\":\"https:\/\/narteks.net\/index.php\/2010\/07\/10\/turkiye-genc-olulerinden-utanmiyor-devletin-siddet-tarihi-berat-guncikan\/#primaryimage\"},\"image\":{\"@id\":\"https:\/\/narteks.net\/index.php\/2010\/07\/10\/turkiye-genc-olulerinden-utanmiyor-devletin-siddet-tarihi-berat-guncikan\/#primaryimage\"},\"thumbnailUrl\":\"http:\/\/www.kitapokuyoruz.com\/kapak\/61033-Devletin-Siddet-Tarihi.jpg?KeepThis=true&amp;TB_iframe=true&amp;height=3342&amp;width=1302\",\"datePublished\":\"2010-07-10T07:11:25+00:00\",\"breadcrumb\":{\"@id\":\"https:\/\/narteks.net\/index.php\/2010\/07\/10\/turkiye-genc-olulerinden-utanmiyor-devletin-siddet-tarihi-berat-guncikan\/#breadcrumb\"},\"inLanguage\":\"tr\",\"potentialAction\":[{\"@type\":\"ReadAction\",\"target\":[\"https:\/\/narteks.net\/index.php\/2010\/07\/10\/turkiye-genc-olulerinden-utanmiyor-devletin-siddet-tarihi-berat-guncikan\/\"]}]},{\"@type\":\"ImageObject\",\"inLanguage\":\"tr\",\"@id\":\"https:\/\/narteks.net\/index.php\/2010\/07\/10\/turkiye-genc-olulerinden-utanmiyor-devletin-siddet-tarihi-berat-guncikan\/#primaryimage\",\"url\":\"http:\/\/www.kitapokuyoruz.com\/kapak\/61033-Devletin-Siddet-Tarihi.jpg?KeepThis=true&amp;TB_iframe=true&amp;height=3342&amp;width=1302\",\"contentUrl\":\"http:\/\/www.kitapokuyoruz.com\/kapak\/61033-Devletin-Siddet-Tarihi.jpg?KeepThis=true&amp;TB_iframe=true&amp;height=3342&amp;width=1302\"},{\"@type\":\"BreadcrumbList\",\"@id\":\"https:\/\/narteks.net\/index.php\/2010\/07\/10\/turkiye-genc-olulerinden-utanmiyor-devletin-siddet-tarihi-berat-guncikan\/#breadcrumb\",\"itemListElement\":[{\"@type\":\"ListItem\",\"position\":1,\"name\":\"Anasayfa\",\"item\":\"https:\/\/narteks.net\/\"},{\"@type\":\"ListItem\",\"position\":2,\"name\":\"T\u00fcrkiye gen\u00e7 \u00f6l\u00fclerinden utanm\u0131yor | Devletin \u015fiddet tarihi &#8211; Berat G\u00fcn\u00e7\u0131kan\"}]},{\"@type\":\"WebSite\",\"@id\":\"https:\/\/narteks.net\/#website\",\"url\":\"https:\/\/narteks.net\/\",\"name\":\"narteks.net\",\"description\":\"K\u00fclt\u00fcr Sanat Edebiyat Felsefe\",\"publisher\":{\"@id\":\"https:\/\/narteks.net\/#organization\"},\"alternateName\":\"K\u00fclt\u00fcr Sanat Edebiyat Felsefe\",\"potentialAction\":[{\"@type\":\"SearchAction\",\"target\":{\"@type\":\"EntryPoint\",\"urlTemplate\":\"https:\/\/narteks.net\/?s={search_term_string}\"},\"query-input\":{\"@type\":\"PropertyValueSpecification\",\"valueRequired\":true,\"valueName\":\"search_term_string\"}}],\"inLanguage\":\"tr\"},{\"@type\":\"Organization\",\"@id\":\"https:\/\/narteks.net\/#organization\",\"name\":\"narteks.net\",\"url\":\"https:\/\/narteks.net\/\",\"logo\":{\"@type\":\"ImageObject\",\"inLanguage\":\"tr\",\"@id\":\"https:\/\/narteks.net\/#\/schema\/logo\/image\/\",\"url\":\"https:\/\/narteks.net\/wp-content\/uploads\/narteks.png\",\"contentUrl\":\"https:\/\/narteks.net\/wp-content\/uploads\/narteks.png\",\"width\":300,\"height\":90,\"caption\":\"narteks.net\"},\"image\":{\"@id\":\"https:\/\/narteks.net\/#\/schema\/logo\/image\/\"},\"sameAs\":[\"https:\/\/x.com\/narteks\",\"https:\/\/instagram.com\/narteksnet\"]},{\"@type\":\"Person\",\"@id\":\"https:\/\/narteks.net\/#\/schema\/person\/61f37d9834294b72d31d274e7ed79bca\",\"name\":\"Tar\u0131k\",\"image\":{\"@type\":\"ImageObject\",\"inLanguage\":\"tr\",\"@id\":\"https:\/\/narteks.net\/#\/schema\/person\/image\/\",\"url\":\"https:\/\/secure.gravatar.com\/avatar\/50865afb55632c4ae467e0af0930f6510aa2297d8014be502a55b14f3b7550cf?s=96&d=mm&r=g\",\"contentUrl\":\"https:\/\/secure.gravatar.com\/avatar\/50865afb55632c4ae467e0af0930f6510aa2297d8014be502a55b14f3b7550cf?s=96&d=mm&r=g\",\"caption\":\"Tar\u0131k\"},\"sameAs\":[\"http:\/\/narteks.net\"],\"url\":\"https:\/\/narteks.net\/index.php\/author\/narbak\/\"}]}<\/script>\n<!-- \/ Yoast SEO Premium plugin. -->","yoast_head_json":{"title":"T\u00fcrkiye gen\u00e7 \u00f6l\u00fclerinden utanm\u0131yor | Devletin \u015fiddet tarihi - Berat G\u00fcn\u00e7\u0131kan - narteks.net","robots":{"index":"index","follow":"follow","max-snippet":"max-snippet:-1","max-image-preview":"max-image-preview:large","max-video-preview":"max-video-preview:-1"},"canonical":"https:\/\/narteks.net\/index.php\/2010\/07\/10\/turkiye-genc-olulerinden-utanmiyor-devletin-siddet-tarihi-berat-guncikan\/","og_locale":"tr_TR","og_type":"article","og_title":"T\u00fcrkiye gen\u00e7 \u00f6l\u00fclerinden utanm\u0131yor | Devletin \u015fiddet tarihi - Berat G\u00fcn\u00e7\u0131kan","og_description":"&#8216;Devletin \u015eiddet Tarihi&#8217;nde, devletin katillerin \u00fczerine \u00f6rt\u00fcleri \u00f6rtme ba\u015far\u0131s\u0131n\u0131n alt\u0131n\u0131 \u00e7izen Berat G\u00fcn\u00e7\u0131kan: &#8216;Evdeki \u015fiddetin de, annenin \u00e7ocu\u011funu d\u00f6vmesinin de bir politikas\u0131 var. Biz bunu daha \u00e7ok &#8216;\u015fiddet k\u00fclt\u00fcr\u00fc&#8217; s\u00f6ylemiyle anlatmaya \u00e7al\u0131\u015f\u0131yoruz ama devletin siyasal ve ekonomik \u015fiddetini de\u015fifre etmeden, siyasi bir dil olu\u015fturmadan bu yap\u0131y\u0131 de\u011fi\u015ftirmek zor&#8217; Bir devlet politikas\u0131 olarak cinayet&#8230; Katiller, azmettiricileri [&hellip;]","og_url":"https:\/\/narteks.net\/index.php\/2010\/07\/10\/turkiye-genc-olulerinden-utanmiyor-devletin-siddet-tarihi-berat-guncikan\/","og_site_name":"narteks.net","article_published_time":"2010-07-10T07:11:25+00:00","og_image":[{"url":"http:\/\/www.kitapokuyoruz.com\/kapak\/61033-Devletin-Siddet-Tarihi.jpg?KeepThis=true&amp;TB_iframe=true&amp;height=3342&amp;width=1302","type":"","width":"","height":""}],"author":"Tar\u0131k","twitter_card":"summary_large_image","twitter_creator":"@narteks","twitter_site":"@narteks","twitter_misc":{"Yazan:":"Tar\u0131k","Tahmini okuma s\u00fcresi":"12 dakika"},"schema":{"@context":"https:\/\/schema.org","@graph":[{"@type":"Article","@id":"https:\/\/narteks.net\/index.php\/2010\/07\/10\/turkiye-genc-olulerinden-utanmiyor-devletin-siddet-tarihi-berat-guncikan\/#article","isPartOf":{"@id":"https:\/\/narteks.net\/index.php\/2010\/07\/10\/turkiye-genc-olulerinden-utanmiyor-devletin-siddet-tarihi-berat-guncikan\/"},"author":{"name":"Tar\u0131k","@id":"https:\/\/narteks.net\/#\/schema\/person\/61f37d9834294b72d31d274e7ed79bca"},"headline":"T\u00fcrkiye gen\u00e7 \u00f6l\u00fclerinden utanm\u0131yor | Devletin \u015fiddet tarihi &#8211; Berat G\u00fcn\u00e7\u0131kan","datePublished":"2010-07-10T07:11:25+00:00","mainEntityOfPage":{"@id":"https:\/\/narteks.net\/index.php\/2010\/07\/10\/turkiye-genc-olulerinden-utanmiyor-devletin-siddet-tarihi-berat-guncikan\/"},"wordCount":2405,"commentCount":0,"publisher":{"@id":"https:\/\/narteks.net\/#organization"},"image":{"@id":"https:\/\/narteks.net\/index.php\/2010\/07\/10\/turkiye-genc-olulerinden-utanmiyor-devletin-siddet-tarihi-berat-guncikan\/#primaryimage"},"thumbnailUrl":"http:\/\/www.kitapokuyoruz.com\/kapak\/61033-Devletin-Siddet-Tarihi.jpg?KeepThis=true&amp;TB_iframe=true&amp;height=3342&amp;width=1302","articleSection":["Kitap Tan\u0131t\u0131m"],"inLanguage":"tr","potentialAction":[{"@type":"CommentAction","name":"Comment","target":["https:\/\/narteks.net\/index.php\/2010\/07\/10\/turkiye-genc-olulerinden-utanmiyor-devletin-siddet-tarihi-berat-guncikan\/#respond"]}]},{"@type":"WebPage","@id":"https:\/\/narteks.net\/index.php\/2010\/07\/10\/turkiye-genc-olulerinden-utanmiyor-devletin-siddet-tarihi-berat-guncikan\/","url":"https:\/\/narteks.net\/index.php\/2010\/07\/10\/turkiye-genc-olulerinden-utanmiyor-devletin-siddet-tarihi-berat-guncikan\/","name":"T\u00fcrkiye gen\u00e7 \u00f6l\u00fclerinden utanm\u0131yor | Devletin \u015fiddet tarihi - Berat G\u00fcn\u00e7\u0131kan - narteks.net","isPartOf":{"@id":"https:\/\/narteks.net\/#website"},"primaryImageOfPage":{"@id":"https:\/\/narteks.net\/index.php\/2010\/07\/10\/turkiye-genc-olulerinden-utanmiyor-devletin-siddet-tarihi-berat-guncikan\/#primaryimage"},"image":{"@id":"https:\/\/narteks.net\/index.php\/2010\/07\/10\/turkiye-genc-olulerinden-utanmiyor-devletin-siddet-tarihi-berat-guncikan\/#primaryimage"},"thumbnailUrl":"http:\/\/www.kitapokuyoruz.com\/kapak\/61033-Devletin-Siddet-Tarihi.jpg?KeepThis=true&amp;TB_iframe=true&amp;height=3342&amp;width=1302","datePublished":"2010-07-10T07:11:25+00:00","breadcrumb":{"@id":"https:\/\/narteks.net\/index.php\/2010\/07\/10\/turkiye-genc-olulerinden-utanmiyor-devletin-siddet-tarihi-berat-guncikan\/#breadcrumb"},"inLanguage":"tr","potentialAction":[{"@type":"ReadAction","target":["https:\/\/narteks.net\/index.php\/2010\/07\/10\/turkiye-genc-olulerinden-utanmiyor-devletin-siddet-tarihi-berat-guncikan\/"]}]},{"@type":"ImageObject","inLanguage":"tr","@id":"https:\/\/narteks.net\/index.php\/2010\/07\/10\/turkiye-genc-olulerinden-utanmiyor-devletin-siddet-tarihi-berat-guncikan\/#primaryimage","url":"http:\/\/www.kitapokuyoruz.com\/kapak\/61033-Devletin-Siddet-Tarihi.jpg?KeepThis=true&amp;TB_iframe=true&amp;height=3342&amp;width=1302","contentUrl":"http:\/\/www.kitapokuyoruz.com\/kapak\/61033-Devletin-Siddet-Tarihi.jpg?KeepThis=true&amp;TB_iframe=true&amp;height=3342&amp;width=1302"},{"@type":"BreadcrumbList","@id":"https:\/\/narteks.net\/index.php\/2010\/07\/10\/turkiye-genc-olulerinden-utanmiyor-devletin-siddet-tarihi-berat-guncikan\/#breadcrumb","itemListElement":[{"@type":"ListItem","position":1,"name":"Anasayfa","item":"https:\/\/narteks.net\/"},{"@type":"ListItem","position":2,"name":"T\u00fcrkiye gen\u00e7 \u00f6l\u00fclerinden utanm\u0131yor | Devletin \u015fiddet tarihi &#8211; Berat G\u00fcn\u00e7\u0131kan"}]},{"@type":"WebSite","@id":"https:\/\/narteks.net\/#website","url":"https:\/\/narteks.net\/","name":"narteks.net","description":"K\u00fclt\u00fcr Sanat Edebiyat Felsefe","publisher":{"@id":"https:\/\/narteks.net\/#organization"},"alternateName":"K\u00fclt\u00fcr Sanat Edebiyat Felsefe","potentialAction":[{"@type":"SearchAction","target":{"@type":"EntryPoint","urlTemplate":"https:\/\/narteks.net\/?s={search_term_string}"},"query-input":{"@type":"PropertyValueSpecification","valueRequired":true,"valueName":"search_term_string"}}],"inLanguage":"tr"},{"@type":"Organization","@id":"https:\/\/narteks.net\/#organization","name":"narteks.net","url":"https:\/\/narteks.net\/","logo":{"@type":"ImageObject","inLanguage":"tr","@id":"https:\/\/narteks.net\/#\/schema\/logo\/image\/","url":"https:\/\/narteks.net\/wp-content\/uploads\/narteks.png","contentUrl":"https:\/\/narteks.net\/wp-content\/uploads\/narteks.png","width":300,"height":90,"caption":"narteks.net"},"image":{"@id":"https:\/\/narteks.net\/#\/schema\/logo\/image\/"},"sameAs":["https:\/\/x.com\/narteks","https:\/\/instagram.com\/narteksnet"]},{"@type":"Person","@id":"https:\/\/narteks.net\/#\/schema\/person\/61f37d9834294b72d31d274e7ed79bca","name":"Tar\u0131k","image":{"@type":"ImageObject","inLanguage":"tr","@id":"https:\/\/narteks.net\/#\/schema\/person\/image\/","url":"https:\/\/secure.gravatar.com\/avatar\/50865afb55632c4ae467e0af0930f6510aa2297d8014be502a55b14f3b7550cf?s=96&d=mm&r=g","contentUrl":"https:\/\/secure.gravatar.com\/avatar\/50865afb55632c4ae467e0af0930f6510aa2297d8014be502a55b14f3b7550cf?s=96&d=mm&r=g","caption":"Tar\u0131k"},"sameAs":["http:\/\/narteks.net"],"url":"https:\/\/narteks.net\/index.php\/author\/narbak\/"}]}},"_links":{"self":[{"href":"https:\/\/narteks.net\/index.php\/wp-json\/wp\/v2\/posts\/4642","targetHints":{"allow":["GET"]}}],"collection":[{"href":"https:\/\/narteks.net\/index.php\/wp-json\/wp\/v2\/posts"}],"about":[{"href":"https:\/\/narteks.net\/index.php\/wp-json\/wp\/v2\/types\/post"}],"author":[{"embeddable":true,"href":"https:\/\/narteks.net\/index.php\/wp-json\/wp\/v2\/users\/1"}],"replies":[{"embeddable":true,"href":"https:\/\/narteks.net\/index.php\/wp-json\/wp\/v2\/comments?post=4642"}],"version-history":[{"count":0,"href":"https:\/\/narteks.net\/index.php\/wp-json\/wp\/v2\/posts\/4642\/revisions"}],"wp:attachment":[{"href":"https:\/\/narteks.net\/index.php\/wp-json\/wp\/v2\/media?parent=4642"}],"wp:term":[{"taxonomy":"category","embeddable":true,"href":"https:\/\/narteks.net\/index.php\/wp-json\/wp\/v2\/categories?post=4642"},{"taxonomy":"post_tag","embeddable":true,"href":"https:\/\/narteks.net\/index.php\/wp-json\/wp\/v2\/tags?post=4642"}],"curies":[{"name":"wp","href":"https:\/\/api.w.org\/{rel}","templated":true}]}}